{"id":2968,"date":"2020-06-02T07:24:19","date_gmt":"2020-06-02T10:24:19","guid":{"rendered":"https:\/\/www.sabra.org.br\/site\/?p=2968"},"modified":"2020-06-02T07:24:19","modified_gmt":"2020-06-02T10:24:19","slug":"valores-para-criancas","status":"publish","type":"post","link":"https:\/\/www.sabra.org.br\/site\/valores-para-criancas\/","title":{"rendered":"Valores para crian\u00e7as"},"content":{"rendered":"<p>[vc_row][vc_column][vc_column_text]<\/p>\n<h2>Valores que devemos ensinar as nossas crian\u00e7as nos dias atuais<\/h2>\n<p>Todo ser humano lida com v\u00e1rias situa\u00e7\u00f5es ao longo da vida, e come\u00e7amos a entender o mundo na inf\u00e2ncia. Nesse sentido, as fam\u00edlias se tornam protagonistas e transmitem os valores que devemos ensinar as crian\u00e7as.<\/p>\n<p>\u00c9 importante lembrar que, desde pequenos, aprendemos com a repeti\u00e7\u00e3o e o tempo, de forma muito particular. Al\u00e9m disso, os pais s\u00e3o observados pelos filhos e acabam mostrando em a\u00e7\u00f5es e palavras, suas cren\u00e7as e princ\u00edpios.<\/p>\n<h2>1. Amor \u00e9 o primeiro dos valores que devemos ensinar as crian\u00e7as<\/h2>\n<p>A base fundamental para o desenvolvimento equilibrado e saud\u00e1vel de uma crian\u00e7a est\u00e1 certamente em uma cria\u00e7\u00e3o com amor. Essa palavra, t\u00e3o forte e ao mesmo tempo t\u00e3o subjetiva, pode ser expressa melhor em a\u00e7\u00f5es pr\u00e1ticas.<\/p>\n<p>Lembre-se de elogiar seu filho e incentivar suas atitudes positivas. Algu\u00e9m que \u00e9 amado consegue amar a si mesmo e, por esse motivo, tem autoestima. Diante disso, a crian\u00e7a consegue ser confi\u00e1vel e confiar em outros.<\/p>\n<h2>2. Ensine seu filho a ser honesto<\/h2>\n<p>No mundo em que vivemos, pessoas transparentes e claras em suas a\u00e7\u00f5es, falas e objetivos, tendem a cultivar relacionamentos duradouros. Sem d\u00favida, somos cercados desde a inf\u00e2ncia por coisas que n\u00e3o s\u00e3o o que aparentam ser.<\/p>\n<p>Por esse motivo, \u00e9 preciso entender que um dos valores que devemos ensinar as crian\u00e7as \u00e9 a honestidade. Tamb\u00e9m \u00e9 importante saber o momento adequado para nos manifestar e expressar nossos sentimentos.<\/p>\n<p>Ajude a crian\u00e7a a entender que falar a verdade e assumir os pr\u00f3prios erros \u00e9 algo fundamental. Uma vez que as mentiras podem, com frequ\u00eancia, gerar situa\u00e7\u00f5es de desconforto e instabilidade, seja paciente e aposte no di\u00e1logo.<\/p>\n<h2>3. Saiba que a empatia \u00e9 um dos principais valores que devemos ensinar as crian\u00e7as<\/h2>\n<p>Voc\u00ea j\u00e1 ouviu falar em empatia? Quando conseguimos nos colocar no lugar do outro, compreendendo suas dores e limita\u00e7\u00f5es, conseguimos ser emp\u00e1ticos. Al\u00e9m disso, \u00e9 algo que vemos pouco nos dias de hoje em nossa sociedade.<\/p>\n<p>Mostre ao seu filho diferentes culturas, l\u00ednguas e tipos de trabalhos existentes ao redor do globo. Quanto mais contato com o mundo, mais toler\u00e2ncia \u00e9 desenvolvida pela crian\u00e7a, que aprende assim a lidar com as diferen\u00e7as.<\/p>\n<h2>4. Crie algu\u00e9m que seja respons\u00e1vel<\/h2>\n<p>N\u00f3s adultos, sabemos que todas as decis\u00f5es que tomamos geram consequ\u00eancias. Por outro lado, em muitas situa\u00e7\u00f5es, escolher o caminho mais f\u00e1cil pode parecer mais confort\u00e1vel, em meio a tantos desafios.<\/p>\n<p>Como pai ou m\u00e3e, \u00e9 importante estabelecer quais s\u00e3o as regras e as comunicar de forma clara \u00e0 crian\u00e7a. Por isso, fazer o dever de casa, ajudar com as tarefas dom\u00e9sticas e cumprir compromissos s\u00e3o quest\u00f5es importantes.<\/p>\n<p>Observe com aten\u00e7\u00e3o as dificuldades do seu filho, para que possa ampar\u00e1-lo em momentos de inseguran\u00e7a. Assim, voc\u00ea o ensinar\u00e1 a ser respons\u00e1vel consigo e com os outros, um dos valores que devemos ensinar as crian\u00e7as.<\/p>\n<h2>5. Agir com bondade \u00e9 um dos not\u00e1veis valores que devemos ensinar as crian\u00e7as<\/h2>\n<p>Uma crian\u00e7a que consegue entender e agir com bondade se tornar\u00e1 um adulto de car\u00e1ter e integridade. Para que isso aconte\u00e7a, a fam\u00edlia deve cultivar la\u00e7os afetivos fortes e estabelecer v\u00ednculos com a comunidade que a cerca.<\/p>\n<p>Aliado a empatia e ao amor pr\u00f3prio, a crian\u00e7a poder\u00e1 sentir na pele a bondade daqueles que convivem com ela. A partir da\u00ed, seu filho come\u00e7ar\u00e1 a agir de forma mais positiva e am\u00e1vel com outras pessoas.<\/p>\n<p>Al\u00e9m dos listados aqui, existem outros valores que devemos ensinar as crian\u00e7as. Finalmente, eleja compet\u00eancias \u00e9ticas e morais importantes para voc\u00ea e sua fam\u00edlia, e transmita esses ensinamentos para seus filhos.<\/p>\n<p>FONTES:<\/p>\n<p>https:\/\/bebe.abril.com.br\/familia\/6-valores-importantes-para-ensinar-as-criancas-desde-cedo\/<br \/>\nhttps:\/\/br.guiainfantil.com\/blog\/educacao\/valores\/7-valores-basicos-que-devemos-ensinar-aos-nossos-filhos\/<br \/>\nhttps:\/\/pt.aleteia.org\/2018\/12\/03\/9-valores-que-devemos-ensinar-aos-nossos-filhos\/<\/p>\n<hr \/>\n<h2>FIA &#8211; IRPF 2020 &#8211;\u00a0DOE PARA A SABRA.<\/h2>\n<p>Voc\u00ea escolhe onde parte de seu imposto de renda ser\u00e1 aplicado. Junto com a SABRA, seus projetos e a\u00e7\u00f5es voc\u00ea vai ajudar a transformar vidas. Sem custos para voc\u00ea e n\u00e3o interfere em outras dedu\u00e7\u00f5es. Aproveite o tempo de quarentena do Covid-19 para fazer sua declara\u00e7\u00e3o IRPF 2020.<\/p>\n<h2>Veja como \u00e9 f\u00e1cil: s\u00e3o poucos passos!<\/h2>\n<p>1 \u2013 Ap\u00f3s preencher e conferir sua declara\u00e7\u00e3o no programa da Receita Federal e antes de remete-la, cliquar na aba \u201cDoa\u00e7\u00f5es Diretamente na Declara\u00e7\u00e3o\u201d e clicar em \u201cNovo\u201d <img fetchpriority=\"high\" decoding=\"async\" data-attachment-id=\"2440\" data-permalink=\"https:\/\/www.sabra.org.br\/site\/imposto-de-renda\/01-novo-2\/\" data-orig-file=\"https:\/\/www.sabra.org.br\/site\/wp-content\/uploads\/2020\/02\/01-Novo-1.jpg\" data-orig-size=\"1366,728\" data-comments-opened=\"1\" data-image-meta=\"{&quot;aperture&quot;:&quot;0&quot;,&quot;credit&quot;:&quot;&quot;,&quot;camera&quot;:&quot;&quot;,&quot;caption&quot;:&quot;&quot;,&quot;created_timestamp&quot;:&quot;0&quot;,&quot;copyright&quot;:&quot;&quot;,&quot;focal_length&quot;:&quot;0&quot;,&quot;iso&quot;:&quot;0&quot;,&quot;shutter_speed&quot;:&quot;0&quot;,&quot;title&quot;:&quot;&quot;,&quot;orientation&quot;:&quot;0&quot;}\" data-image-title=\"01-Novo\" data-image-description=\"&lt;p&gt;Sociedade Art\u00edstica Brasileira&lt;\/p&gt;\n\" data-image-caption=\"&lt;p&gt;FIA &amp;#8211; Fundo da Inf\u00e2ncia e Adolesc\u00eancia&lt;\/p&gt;\n\" data-large-file=\"https:\/\/www.sabra.org.br\/site\/wp-content\/uploads\/2020\/02\/01-Novo-1-1024x546.jpg\" class=\"alignnone wp-image-2440 size-full\" src=\"https:\/\/www.sabra.org.br\/site\/wp-content\/uploads\/2020\/02\/01-Novo-1.jpg\" alt=\"FIA - Fundo da Inf\u00e2ncia e Adolesc\u00eancia\" width=\"1366\" height=\"728\" srcset=\"https:\/\/www.sabra.org.br\/site\/wp-content\/uploads\/2020\/02\/01-Novo-1.jpg 1366w, https:\/\/www.sabra.org.br\/site\/wp-content\/uploads\/2020\/02\/01-Novo-1-300x160.jpg 300w, https:\/\/www.sabra.org.br\/site\/wp-content\/uploads\/2020\/02\/01-Novo-1-1024x546.jpg 1024w, https:\/\/www.sabra.org.br\/site\/wp-content\/uploads\/2020\/02\/01-Novo-1-768x409.jpg 768w\" sizes=\"(max-width: 1366px) 100vw, 1366px\" \/> 2 \u2013 Selecionar as op\u00e7\u00f5es: Municipal, Estado (MG \u2013 Minas Gerais) e Munic\u00edpio (Betim &#8211; 21.101.865\/0001-14); <img decoding=\"async\" data-attachment-id=\"2438\" data-permalink=\"https:\/\/www.sabra.org.br\/site\/imposto-de-renda\/02-municipio\/\" data-orig-file=\"https:\/\/www.sabra.org.br\/site\/wp-content\/uploads\/2020\/02\/02-munic\u00edpio.jpg\" data-orig-size=\"1366,728\" data-comments-opened=\"1\" data-image-meta=\"{&quot;aperture&quot;:&quot;0&quot;,&quot;credit&quot;:&quot;&quot;,&quot;camera&quot;:&quot;&quot;,&quot;caption&quot;:&quot;&quot;,&quot;created_timestamp&quot;:&quot;0&quot;,&quot;copyright&quot;:&quot;&quot;,&quot;focal_length&quot;:&quot;0&quot;,&quot;iso&quot;:&quot;0&quot;,&quot;shutter_speed&quot;:&quot;0&quot;,&quot;title&quot;:&quot;&quot;,&quot;orientation&quot;:&quot;0&quot;}\" data-image-title=\"02-munic\u00edpio\" data-image-description=\"&lt;p&gt;Sociedade Art\u00edstica Brasileira&lt;\/p&gt;\n\" data-image-caption=\"&lt;p&gt;FIA &amp;#8211; Fundo da Inf\u00e2ncia e Adolesc\u00eancia&lt;\/p&gt;\n\" data-large-file=\"https:\/\/www.sabra.org.br\/site\/wp-content\/uploads\/2020\/02\/02-munic\u00edpio-1024x546.jpg\" class=\"alignnone wp-image-2438 size-full\" src=\"https:\/\/www.sabra.org.br\/site\/wp-content\/uploads\/2020\/02\/02-munic\u00edpio.jpg\" alt=\"FIA - Fundo da Inf\u00e2ncia e Adolesc\u00eancia\" width=\"1366\" height=\"728\" srcset=\"https:\/\/www.sabra.org.br\/site\/wp-content\/uploads\/2020\/02\/02-munic\u00edpio.jpg 1366w, https:\/\/www.sabra.org.br\/site\/wp-content\/uploads\/2020\/02\/02-munic\u00edpio-300x160.jpg 300w, https:\/\/www.sabra.org.br\/site\/wp-content\/uploads\/2020\/02\/02-munic\u00edpio-1024x546.jpg 1024w, https:\/\/www.sabra.org.br\/site\/wp-content\/uploads\/2020\/02\/02-munic\u00edpio-768x409.jpg 768w\" sizes=\"(max-width: 1366px) 100vw, 1366px\" \/> 3 \u2013 Verificar o \u201cValor Dispon\u00edvel para Destina\u00e7\u00e3o\u201d e copiar o n\u00famero para o campo \u201cValor\u201d (valor da doa\u00e7\u00e3o); <img decoding=\"async\" data-attachment-id=\"2439\" data-permalink=\"https:\/\/www.sabra.org.br\/site\/imposto-de-renda\/03-valor-2\/\" data-orig-file=\"https:\/\/www.sabra.org.br\/site\/wp-content\/uploads\/2020\/02\/03-valor-1.jpg\" data-orig-size=\"1366,726\" data-comments-opened=\"1\" data-image-meta=\"{&quot;aperture&quot;:&quot;0&quot;,&quot;credit&quot;:&quot;&quot;,&quot;camera&quot;:&quot;&quot;,&quot;caption&quot;:&quot;&quot;,&quot;created_timestamp&quot;:&quot;0&quot;,&quot;copyright&quot;:&quot;&quot;,&quot;focal_length&quot;:&quot;0&quot;,&quot;iso&quot;:&quot;0&quot;,&quot;shutter_speed&quot;:&quot;0&quot;,&quot;title&quot;:&quot;&quot;,&quot;orientation&quot;:&quot;0&quot;}\" data-image-title=\"03-valor\" data-image-description=\"&lt;p&gt;Sociedade Art\u00edstica Brasileira&lt;\/p&gt;\n\" data-image-caption=\"&lt;p&gt;FIA &amp;#8211; Fundo da Inf\u00e2ncia e Adolesc\u00eancia&lt;\/p&gt;\n\" data-large-file=\"https:\/\/www.sabra.org.br\/site\/wp-content\/uploads\/2020\/02\/03-valor-1-1024x544.jpg\" class=\"alignnone wp-image-2439 size-full\" src=\"https:\/\/www.sabra.org.br\/site\/wp-content\/uploads\/2020\/02\/03-valor-1.jpg\" alt=\"FIA - Fundo da Inf\u00e2ncia e Adolesc\u00eancia\" width=\"1366\" height=\"726\" srcset=\"https:\/\/www.sabra.org.br\/site\/wp-content\/uploads\/2020\/02\/03-valor-1.jpg 1366w, https:\/\/www.sabra.org.br\/site\/wp-content\/uploads\/2020\/02\/03-valor-1-300x159.jpg 300w, https:\/\/www.sabra.org.br\/site\/wp-content\/uploads\/2020\/02\/03-valor-1-1024x544.jpg 1024w, https:\/\/www.sabra.org.br\/site\/wp-content\/uploads\/2020\/02\/03-valor-1-768x408.jpg 768w\" sizes=\"(max-width: 1366px) 100vw, 1366px\" \/> 4 \u2013 Ap\u00f3s clicar em \u201cOK\u201d \u00e9 preciso selecionar a aba \u201cDarf \u2013 Doa\u00e7\u00f5es Diretamente na Declara\u00e7\u00e3o \u2013 ECA\u201d, imprimir o documento e realizar o pagamento at\u00e9 a data de vencimento. 5 \u2013 Para finalizar, digitalizar o comprovante de pagamento do DARF e enviar para o Conselho da Crian\u00e7a e Adolescente de Betim (cmdcafiabetim@gmail.com) com c\u00f3pia para a SABRA (sabra@sabra.org.br). Na mensagem informar que a doa\u00e7\u00e3o dever\u00e1 ser destinada \u00e0 Sociedade Art\u00edstica Brasileira SABRA. 6 \u2013 Pronto! Voc\u00ea acabou de transformar vidas!<\/p>\n<h2>Se voc\u00ea gostou deste post:<\/h2>\n<p>&#8211; SIGA as nossas p\u00e1ginas nas redes sociais para acompanhar as nossas atualiza\u00e7\u00f5es: estamos no <a href=\"https:\/\/www.facebook.com\/sabrabrasil\" target=\"_blank\" rel=\"noopener noreferrer\">Facebook<\/a>, no <a href=\"https:\/\/www.instagram.com\/sabrabrasil\/\" target=\"_blank\" rel=\"noopener noreferrer\">Instagram<\/a>, no <a href=\"https:\/\/www.linkedin.com\/company\/25002088\" target=\"_blank\" rel=\"noopener noreferrer\">LinkedIn<\/a>, no <a href=\"https:\/\/twitter.com\/ContatoSabra\" target=\"_blank\" rel=\"noopener noreferrer\">Twitter<\/a> e no <a href=\"https:\/\/www.youtube.com\/channel\/UCJw-kbuEvzUNdeQf20Pa-eQ\" target=\"_blank\" rel=\"noopener noreferrer\">YouTube<\/a>!<\/p>\n<p>&#8211; CONHE\u00c7A o trabalho da Sociedade Art\u00edstica Brasileira (SABRA) e todas as iniciativas culturais e sociais que ela mant\u00e9m. <a href=\"https:\/\/www.sabra.org.br\/site\/acoes\/\" target=\"_blank\" rel=\"noopener noreferrer\">Acesse nosso site!<\/a><\/p>\n<p>&#8211; ENTRE EM CONTATO com a gente. E veja quais s\u00e3o as op\u00e7\u00f5es de ajuda na manuten\u00e7\u00e3o de nossas a\u00e7\u00f5es sociais e culturais. Basta acessar nossa p\u00e1gina <a href=\"https:\/\/www.sabra.org.br\/site\/doe-agora\/\" target=\"_blank\" rel=\"noopener noreferrer\">Doe Agora!<\/a><\/p>\n<p>&#8211; COMPARTILHE este texto nas suas redes sociais e ajude os seus amigos a tamb\u00e9m dominarem o assunto![\/vc_column_text][\/vc_column][\/vc_row]<\/p>\n","protected":false},"excerpt":{"rendered":"<p>Quer entender melhor quais s\u00e3o os principais valores que devemos ensinar as crian\u00e7as hoje em dia? Saiba mais sobre o assunto e leia dicas que podem ajudar voc\u00ea na pr\u00e1tica.<\/p>\n","protected":false},"author":39,"featured_media":2972,"comment_status":"closed","ping_status":"closed","sticky":false,"template":"","format":"standard","meta":{"jetpack_post_was_ever_published":false,"_jetpack_newsletter_access":"","_jetpack_dont_email_post_to_subs":false,"_jetpack_newsletter_tier_id":0,"_jetpack_memberships_contains_paywalled_content":false,"_jetpack_memberships_contains_paid_content":false,"footnotes":""},"categories":[1],"tags":[15,8,1846,1285,1047,2762,16,1286,11,9],"class_list":["post-2968","post","type-post","status-publish","format-standard","has-post-thumbnail","hentry","category-blog-sabra","tag-assistencia-social","tag-canto-coral","tag-escola-de-musica-de-nova-lima","tag-escola-de-musica-sabra","tag-fia","tag-irpf-2020","tag-musicalizacao-infantil","tag-orquestra-infanto-juvenil-de-betim","tag-orquestra-sinfonica-de-betim","tag-sociedade-artistica-brasileira"],"yoast_head":"<!-- This site is optimized with the Yoast SEO plugin v27.5 - https:\/\/yoast.com\/product\/yoast-seo-wordpress\/ -->\n<title>Valores para crian\u00e7as - SABRA - Sociedade Art\u00edstica Brasileira<\/title>\n<meta name=\"description\" content=\"Quer entender melhor quais s\u00e3o os principais valores que devemos ensinar as crian\u00e7as hoje em dia? Saiba mais sobre o assunto e leia dicas que podem ajudar voc\u00ea na pr\u00e1tica.\" \/>\n<meta name=\"robots\" content=\"index, follow, max-snippet:-1, max-image-preview:large, max-video-preview:-1\" \/>\n<link rel=\"canonical\" href=\"https:\/\/www.sabra.org.br\/site\/valores-para-criancas\/\" \/>\n<meta property=\"og:locale\" content=\"pt_BR\" \/>\n<meta property=\"og:type\" content=\"article\" \/>\n<meta property=\"og:title\" content=\"Valores para crian\u00e7as - SABRA - Sociedade Art\u00edstica Brasileira\" \/>\n<meta property=\"og:description\" content=\"Quer entender melhor quais s\u00e3o os principais valores que devemos ensinar as crian\u00e7as hoje em dia? Saiba mais sobre o assunto e leia dicas que podem ajudar voc\u00ea na pr\u00e1tica.\" \/>\n<meta property=\"og:url\" content=\"https:\/\/www.sabra.org.br\/site\/valores-para-criancas\/\" \/>\n<meta property=\"og:site_name\" content=\"SABRA - Sociedade Art\u00edstica Brasileira\" \/>\n<meta property=\"article:publisher\" content=\"https:\/\/www.facebook.com\/sabrabrasil\" \/>\n<meta property=\"article:published_time\" content=\"2020-06-02T10:24:19+00:00\" \/>\n<meta property=\"og:image\" content=\"https:\/\/i0.wp.com\/www.sabra.org.br\/site\/wp-content\/uploads\/2020\/06\/x-valores-que-devemos-ensinar-as-nossas-criancas-nos-dias-atuais-20200430180602.jpg.jpg?fit=800%2C534&ssl=1\" \/>\n\t<meta property=\"og:image:width\" content=\"800\" \/>\n\t<meta property=\"og:image:height\" content=\"534\" \/>\n\t<meta property=\"og:image:type\" content=\"image\/jpeg\" \/>\n<meta name=\"author\" content=\"M\u00e1rcio Miranda Pontes\" \/>\n<meta name=\"twitter:card\" content=\"summary_large_image\" \/>\n<meta name=\"twitter:creator\" content=\"@ContatoSabra\" \/>\n<meta name=\"twitter:site\" content=\"@ContatoSabra\" \/>\n<meta name=\"twitter:label1\" content=\"Escrito por\" \/>\n\t<meta name=\"twitter:data1\" content=\"M\u00e1rcio Miranda Pontes\" \/>\n\t<meta name=\"twitter:label2\" content=\"Est. tempo de leitura\" \/>\n\t<meta name=\"twitter:data2\" content=\"5 minutos\" \/>\n<script type=\"application\/ld+json\" class=\"yoast-schema-graph\">{\"@context\":\"https:\\\/\\\/schema.org\",\"@graph\":[{\"@type\":\"Article\",\"@id\":\"https:\\\/\\\/www.sabra.org.br\\\/site\\\/valores-para-criancas\\\/#article\",\"isPartOf\":{\"@id\":\"https:\\\/\\\/www.sabra.org.br\\\/site\\\/valores-para-criancas\\\/\"},\"author\":{\"name\":\"M\u00e1rcio Miranda Pontes\",\"@id\":\"https:\\\/\\\/www.sabra.org.br\\\/site\\\/#\\\/schema\\\/person\\\/7d1d222c3c8891d4c37c7b41bf6315c2\"},\"headline\":\"Valores para crian\u00e7as\",\"datePublished\":\"2020-06-02T10:24:19+00:00\",\"mainEntityOfPage\":{\"@id\":\"https:\\\/\\\/www.sabra.org.br\\\/site\\\/valores-para-criancas\\\/\"},\"wordCount\":1020,\"publisher\":{\"@id\":\"https:\\\/\\\/www.sabra.org.br\\\/site\\\/#organization\"},\"image\":{\"@id\":\"https:\\\/\\\/www.sabra.org.br\\\/site\\\/valores-para-criancas\\\/#primaryimage\"},\"thumbnailUrl\":\"https:\\\/\\\/www.sabra.org.br\\\/site\\\/wp-content\\\/uploads\\\/2020\\\/06\\\/x-valores-que-devemos-ensinar-as-nossas-criancas-nos-dias-atuais-20200430180602.jpg.jpg\",\"keywords\":[\"Assist\u00eancia social\",\"Canto Coral\",\"Escola de M\u00fasica de Nova Lima\",\"Escola de Musica SABRA\",\"FIA\",\"IRPF 2020\",\"Musicaliza\u00e7\u00e3o Infantil\",\"Orquestra Infanto Juvenil de Betim\",\"Orquestra Sinf\u00f4nica de Betim\",\"Sociedade Art\u00edstica Brasileira\"],\"articleSection\":[\"Blog SABRA\"],\"inLanguage\":\"pt-BR\"},{\"@type\":\"WebPage\",\"@id\":\"https:\\\/\\\/www.sabra.org.br\\\/site\\\/valores-para-criancas\\\/\",\"url\":\"https:\\\/\\\/www.sabra.org.br\\\/site\\\/valores-para-criancas\\\/\",\"name\":\"Valores para crian\u00e7as - SABRA - Sociedade Art\u00edstica Brasileira\",\"isPartOf\":{\"@id\":\"https:\\\/\\\/www.sabra.org.br\\\/site\\\/#website\"},\"primaryImageOfPage\":{\"@id\":\"https:\\\/\\\/www.sabra.org.br\\\/site\\\/valores-para-criancas\\\/#primaryimage\"},\"image\":{\"@id\":\"https:\\\/\\\/www.sabra.org.br\\\/site\\\/valores-para-criancas\\\/#primaryimage\"},\"thumbnailUrl\":\"https:\\\/\\\/www.sabra.org.br\\\/site\\\/wp-content\\\/uploads\\\/2020\\\/06\\\/x-valores-que-devemos-ensinar-as-nossas-criancas-nos-dias-atuais-20200430180602.jpg.jpg\",\"datePublished\":\"2020-06-02T10:24:19+00:00\",\"description\":\"Quer entender melhor quais s\u00e3o os principais valores que devemos ensinar as crian\u00e7as hoje em dia? Saiba mais sobre o assunto e leia dicas que podem ajudar voc\u00ea na pr\u00e1tica.\",\"breadcrumb\":{\"@id\":\"https:\\\/\\\/www.sabra.org.br\\\/site\\\/valores-para-criancas\\\/#breadcrumb\"},\"inLanguage\":\"pt-BR\",\"potentialAction\":[{\"@type\":\"ReadAction\",\"target\":[\"https:\\\/\\\/www.sabra.org.br\\\/site\\\/valores-para-criancas\\\/\"]}]},{\"@type\":\"ImageObject\",\"inLanguage\":\"pt-BR\",\"@id\":\"https:\\\/\\\/www.sabra.org.br\\\/site\\\/valores-para-criancas\\\/#primaryimage\",\"url\":\"https:\\\/\\\/www.sabra.org.br\\\/site\\\/wp-content\\\/uploads\\\/2020\\\/06\\\/x-valores-que-devemos-ensinar-as-nossas-criancas-nos-dias-atuais-20200430180602.jpg.jpg\",\"contentUrl\":\"https:\\\/\\\/www.sabra.org.br\\\/site\\\/wp-content\\\/uploads\\\/2020\\\/06\\\/x-valores-que-devemos-ensinar-as-nossas-criancas-nos-dias-atuais-20200430180602.jpg.jpg\",\"width\":800,\"height\":534,\"caption\":\"Sociedade Art\u00edstica Brasileira SABRA\"},{\"@type\":\"BreadcrumbList\",\"@id\":\"https:\\\/\\\/www.sabra.org.br\\\/site\\\/valores-para-criancas\\\/#breadcrumb\",\"itemListElement\":[{\"@type\":\"ListItem\",\"position\":1,\"name\":\"In\u00edcio\",\"item\":\"https:\\\/\\\/www.sabra.org.br\\\/site\\\/\"},{\"@type\":\"ListItem\",\"position\":2,\"name\":\"Valores para crian\u00e7as\"}]},{\"@type\":\"WebSite\",\"@id\":\"https:\\\/\\\/www.sabra.org.br\\\/site\\\/#website\",\"url\":\"https:\\\/\\\/www.sabra.org.br\\\/site\\\/\",\"name\":\"SABRA - Sociedade Art\u00edstica Brasileira\",\"description\":\"Escola de M\u00fasica, Orquestra Sinf\u00f4nica, Coral e Patrim\u00f4nio Cultural e Hist\u00f3rico\",\"publisher\":{\"@id\":\"https:\\\/\\\/www.sabra.org.br\\\/site\\\/#organization\"},\"potentialAction\":[{\"@type\":\"SearchAction\",\"target\":{\"@type\":\"EntryPoint\",\"urlTemplate\":\"https:\\\/\\\/www.sabra.org.br\\\/site\\\/?s={search_term_string}\"},\"query-input\":{\"@type\":\"PropertyValueSpecification\",\"valueRequired\":true,\"valueName\":\"search_term_string\"}}],\"inLanguage\":\"pt-BR\"},{\"@type\":\"Organization\",\"@id\":\"https:\\\/\\\/www.sabra.org.br\\\/site\\\/#organization\",\"name\":\"SOCIEDADE ART\u00cdSTICA BRASILEIRA SABRA\",\"alternateName\":\"SABRA\",\"url\":\"https:\\\/\\\/www.sabra.org.br\\\/site\\\/\",\"logo\":{\"@type\":\"ImageObject\",\"inLanguage\":\"pt-BR\",\"@id\":\"https:\\\/\\\/www.sabra.org.br\\\/site\\\/#\\\/schema\\\/logo\\\/image\\\/\",\"url\":\"https:\\\/\\\/www.sabra.org.br\\\/site\\\/wp-content\\\/uploads\\\/2019\\\/06\\\/cropped-Logo_SABRA-Copia-1.webp\",\"contentUrl\":\"https:\\\/\\\/www.sabra.org.br\\\/site\\\/wp-content\\\/uploads\\\/2019\\\/06\\\/cropped-Logo_SABRA-Copia-1.webp\",\"width\":400,\"height\":128,\"caption\":\"SOCIEDADE ART\u00cdSTICA BRASILEIRA SABRA\"},\"image\":{\"@id\":\"https:\\\/\\\/www.sabra.org.br\\\/site\\\/#\\\/schema\\\/logo\\\/image\\\/\"},\"sameAs\":[\"https:\\\/\\\/www.facebook.com\\\/sabrabrasil\",\"https:\\\/\\\/x.com\\\/ContatoSabra\",\"https:\\\/\\\/www.instagram.com\\\/sabrabrasil\\\/\",\"https:\\\/\\\/www.linkedin.com\\\/company\\\/25002088\\\/\",\"https:\\\/\\\/br.pinterest.com\\\/sociedadeartisticabrasileira\\\/\",\"https:\\\/\\\/www.youtube.com\\\/c\\\/sabrabrasil\"]},{\"@type\":\"Person\",\"@id\":\"https:\\\/\\\/www.sabra.org.br\\\/site\\\/#\\\/schema\\\/person\\\/7d1d222c3c8891d4c37c7b41bf6315c2\",\"name\":\"M\u00e1rcio Miranda Pontes\",\"image\":{\"@type\":\"ImageObject\",\"inLanguage\":\"pt-BR\",\"@id\":\"https:\\\/\\\/secure.gravatar.com\\\/avatar\\\/3b45f24496a7625a3a6c436688fbe20344faaeb2979658dc4a9921f984d7df9a?s=96&d=mm&r=g\",\"url\":\"https:\\\/\\\/secure.gravatar.com\\\/avatar\\\/3b45f24496a7625a3a6c436688fbe20344faaeb2979658dc4a9921f984d7df9a?s=96&d=mm&r=g\",\"contentUrl\":\"https:\\\/\\\/secure.gravatar.com\\\/avatar\\\/3b45f24496a7625a3a6c436688fbe20344faaeb2979658dc4a9921f984d7df9a?s=96&d=mm&r=g\",\"caption\":\"M\u00e1rcio Miranda Pontes\"},\"sameAs\":[\"http:\\\/\\\/www.sabra.org.br\"],\"url\":\"https:\\\/\\\/www.sabra.org.br\\\/site\\\/author\\\/marcio-miranda-pontes\\\/\"}]}<\/script>\n<!-- \/ Yoast SEO plugin. -->","yoast_head_json":{"title":"Valores para crian\u00e7as - SABRA - Sociedade Art\u00edstica Brasileira","description":"Quer entender melhor quais s\u00e3o os principais valores que devemos ensinar as crian\u00e7as hoje em dia? Saiba mais sobre o assunto e leia dicas que podem ajudar voc\u00ea na pr\u00e1tica.","robots":{"index":"index","follow":"follow","max-snippet":"max-snippet:-1","max-image-preview":"max-image-preview:large","max-video-preview":"max-video-preview:-1"},"canonical":"https:\/\/www.sabra.org.br\/site\/valores-para-criancas\/","og_locale":"pt_BR","og_type":"article","og_title":"Valores para crian\u00e7as - SABRA - Sociedade Art\u00edstica Brasileira","og_description":"Quer entender melhor quais s\u00e3o os principais valores que devemos ensinar as crian\u00e7as hoje em dia? Saiba mais sobre o assunto e leia dicas que podem ajudar voc\u00ea na pr\u00e1tica.","og_url":"https:\/\/www.sabra.org.br\/site\/valores-para-criancas\/","og_site_name":"SABRA - Sociedade Art\u00edstica Brasileira","article_publisher":"https:\/\/www.facebook.com\/sabrabrasil","article_published_time":"2020-06-02T10:24:19+00:00","og_image":[{"width":800,"height":534,"url":"https:\/\/i0.wp.com\/www.sabra.org.br\/site\/wp-content\/uploads\/2020\/06\/x-valores-que-devemos-ensinar-as-nossas-criancas-nos-dias-atuais-20200430180602.jpg.jpg?fit=800%2C534&ssl=1","type":"image\/jpeg"}],"author":"M\u00e1rcio Miranda Pontes","twitter_card":"summary_large_image","twitter_creator":"@ContatoSabra","twitter_site":"@ContatoSabra","twitter_misc":{"Escrito por":"M\u00e1rcio Miranda Pontes","Est. tempo de leitura":"5 minutos"},"schema":{"@context":"https:\/\/schema.org","@graph":[{"@type":"Article","@id":"https:\/\/www.sabra.org.br\/site\/valores-para-criancas\/#article","isPartOf":{"@id":"https:\/\/www.sabra.org.br\/site\/valores-para-criancas\/"},"author":{"name":"M\u00e1rcio Miranda Pontes","@id":"https:\/\/www.sabra.org.br\/site\/#\/schema\/person\/7d1d222c3c8891d4c37c7b41bf6315c2"},"headline":"Valores para crian\u00e7as","datePublished":"2020-06-02T10:24:19+00:00","mainEntityOfPage":{"@id":"https:\/\/www.sabra.org.br\/site\/valores-para-criancas\/"},"wordCount":1020,"publisher":{"@id":"https:\/\/www.sabra.org.br\/site\/#organization"},"image":{"@id":"https:\/\/www.sabra.org.br\/site\/valores-para-criancas\/#primaryimage"},"thumbnailUrl":"https:\/\/www.sabra.org.br\/site\/wp-content\/uploads\/2020\/06\/x-valores-que-devemos-ensinar-as-nossas-criancas-nos-dias-atuais-20200430180602.jpg.jpg","keywords":["Assist\u00eancia social","Canto Coral","Escola de M\u00fasica de Nova Lima","Escola de Musica SABRA","FIA","IRPF 2020","Musicaliza\u00e7\u00e3o Infantil","Orquestra Infanto Juvenil de Betim","Orquestra Sinf\u00f4nica de Betim","Sociedade Art\u00edstica Brasileira"],"articleSection":["Blog SABRA"],"inLanguage":"pt-BR"},{"@type":"WebPage","@id":"https:\/\/www.sabra.org.br\/site\/valores-para-criancas\/","url":"https:\/\/www.sabra.org.br\/site\/valores-para-criancas\/","name":"Valores para crian\u00e7as - SABRA - Sociedade Art\u00edstica Brasileira","isPartOf":{"@id":"https:\/\/www.sabra.org.br\/site\/#website"},"primaryImageOfPage":{"@id":"https:\/\/www.sabra.org.br\/site\/valores-para-criancas\/#primaryimage"},"image":{"@id":"https:\/\/www.sabra.org.br\/site\/valores-para-criancas\/#primaryimage"},"thumbnailUrl":"https:\/\/www.sabra.org.br\/site\/wp-content\/uploads\/2020\/06\/x-valores-que-devemos-ensinar-as-nossas-criancas-nos-dias-atuais-20200430180602.jpg.jpg","datePublished":"2020-06-02T10:24:19+00:00","description":"Quer entender melhor quais s\u00e3o os principais valores que devemos ensinar as crian\u00e7as hoje em dia? Saiba mais sobre o assunto e leia dicas que podem ajudar voc\u00ea na pr\u00e1tica.","breadcrumb":{"@id":"https:\/\/www.sabra.org.br\/site\/valores-para-criancas\/#breadcrumb"},"inLanguage":"pt-BR","potentialAction":[{"@type":"ReadAction","target":["https:\/\/www.sabra.org.br\/site\/valores-para-criancas\/"]}]},{"@type":"ImageObject","inLanguage":"pt-BR","@id":"https:\/\/www.sabra.org.br\/site\/valores-para-criancas\/#primaryimage","url":"https:\/\/www.sabra.org.br\/site\/wp-content\/uploads\/2020\/06\/x-valores-que-devemos-ensinar-as-nossas-criancas-nos-dias-atuais-20200430180602.jpg.jpg","contentUrl":"https:\/\/www.sabra.org.br\/site\/wp-content\/uploads\/2020\/06\/x-valores-que-devemos-ensinar-as-nossas-criancas-nos-dias-atuais-20200430180602.jpg.jpg","width":800,"height":534,"caption":"Sociedade Art\u00edstica Brasileira SABRA"},{"@type":"BreadcrumbList","@id":"https:\/\/www.sabra.org.br\/site\/valores-para-criancas\/#breadcrumb","itemListElement":[{"@type":"ListItem","position":1,"name":"In\u00edcio","item":"https:\/\/www.sabra.org.br\/site\/"},{"@type":"ListItem","position":2,"name":"Valores para crian\u00e7as"}]},{"@type":"WebSite","@id":"https:\/\/www.sabra.org.br\/site\/#website","url":"https:\/\/www.sabra.org.br\/site\/","name":"SABRA - Sociedade Art\u00edstica Brasileira","description":"Escola de M\u00fasica, Orquestra Sinf\u00f4nica, Coral e Patrim\u00f4nio Cultural e Hist\u00f3rico","publisher":{"@id":"https:\/\/www.sabra.org.br\/site\/#organization"},"potentialAction":[{"@type":"SearchAction","target":{"@type":"EntryPoint","urlTemplate":"https:\/\/www.sabra.org.br\/site\/?s={search_term_string}"},"query-input":{"@type":"PropertyValueSpecification","valueRequired":true,"valueName":"search_term_string"}}],"inLanguage":"pt-BR"},{"@type":"Organization","@id":"https:\/\/www.sabra.org.br\/site\/#organization","name":"SOCIEDADE ART\u00cdSTICA BRASILEIRA SABRA","alternateName":"SABRA","url":"https:\/\/www.sabra.org.br\/site\/","logo":{"@type":"ImageObject","inLanguage":"pt-BR","@id":"https:\/\/www.sabra.org.br\/site\/#\/schema\/logo\/image\/","url":"https:\/\/www.sabra.org.br\/site\/wp-content\/uploads\/2019\/06\/cropped-Logo_SABRA-Copia-1.webp","contentUrl":"https:\/\/www.sabra.org.br\/site\/wp-content\/uploads\/2019\/06\/cropped-Logo_SABRA-Copia-1.webp","width":400,"height":128,"caption":"SOCIEDADE ART\u00cdSTICA BRASILEIRA SABRA"},"image":{"@id":"https:\/\/www.sabra.org.br\/site\/#\/schema\/logo\/image\/"},"sameAs":["https:\/\/www.facebook.com\/sabrabrasil","https:\/\/x.com\/ContatoSabra","https:\/\/www.instagram.com\/sabrabrasil\/","https:\/\/www.linkedin.com\/company\/25002088\/","https:\/\/br.pinterest.com\/sociedadeartisticabrasileira\/","https:\/\/www.youtube.com\/c\/sabrabrasil"]},{"@type":"Person","@id":"https:\/\/www.sabra.org.br\/site\/#\/schema\/person\/7d1d222c3c8891d4c37c7b41bf6315c2","name":"M\u00e1rcio Miranda Pontes","image":{"@type":"ImageObject","inLanguage":"pt-BR","@id":"https:\/\/secure.gravatar.com\/avatar\/3b45f24496a7625a3a6c436688fbe20344faaeb2979658dc4a9921f984d7df9a?s=96&d=mm&r=g","url":"https:\/\/secure.gravatar.com\/avatar\/3b45f24496a7625a3a6c436688fbe20344faaeb2979658dc4a9921f984d7df9a?s=96&d=mm&r=g","contentUrl":"https:\/\/secure.gravatar.com\/avatar\/3b45f24496a7625a3a6c436688fbe20344faaeb2979658dc4a9921f984d7df9a?s=96&d=mm&r=g","caption":"M\u00e1rcio Miranda Pontes"},"sameAs":["http:\/\/www.sabra.org.br"],"url":"https:\/\/www.sabra.org.br\/site\/author\/marcio-miranda-pontes\/"}]}},"jetpack_featured_media_url":"https:\/\/www.sabra.org.br\/site\/wp-content\/uploads\/2020\/06\/x-valores-que-devemos-ensinar-as-nossas-criancas-nos-dias-atuais-20200430180602.jpg.jpg","jetpack_shortlink":"https:\/\/wp.me\/p95j2Z-LS","jetpack-related-posts":[{"id":1709,"url":"https:\/\/www.sabra.org.br\/site\/curso-gratuito-de-musicalizacao-infantil-2019\/","url_meta":{"origin":2968,"position":0},"title":"Curso Gratuito de Musicaliza\u00e7\u00e3o Infantil &#8211; 2019","author":"M\u00e1rcio Miranda Pontes","date":"21 de janeiro de 2019","format":false,"excerpt":"Entre os dias 25 e 28 de fevereiro, as inscri\u00e7\u00f5es estar\u00e3o abertas para o curso gratuito de musicaliza\u00e7\u00e3o infantil da SABRA. O p\u00fablico alvo s\u00e3o crian\u00e7as de oito a dez anos. Essa \u00e9 a porta de entrada para participar da Orquestra Infantil de Betim, fruto da parceria entre a Secretaria\u2026","rel":"","context":"Em &quot;Not\u00edcias&quot;","block_context":{"text":"Not\u00edcias","link":"https:\/\/www.sabra.org.br\/site\/category\/noticias\/"},"img":{"alt_text":"Musicaliza\u00e7\u00e3o Infantil Escola de M\u00fasica","src":"https:\/\/i0.wp.com\/www.sabra.org.br\/site\/wp-content\/uploads\/2019\/01\/Musicaliza%C3%A7%C3%A3o.jpg?resize=350%2C200&ssl=1","width":350,"height":200,"srcset":"https:\/\/i0.wp.com\/www.sabra.org.br\/site\/wp-content\/uploads\/2019\/01\/Musicaliza%C3%A7%C3%A3o.jpg?resize=350%2C200&ssl=1 1x, https:\/\/i0.wp.com\/www.sabra.org.br\/site\/wp-content\/uploads\/2019\/01\/Musicaliza%C3%A7%C3%A3o.jpg?resize=525%2C300&ssl=1 1.5x, https:\/\/i0.wp.com\/www.sabra.org.br\/site\/wp-content\/uploads\/2019\/01\/Musicaliza%C3%A7%C3%A3o.jpg?resize=700%2C400&ssl=1 2x"},"classes":[]},{"id":7217,"url":"https:\/\/www.sabra.org.br\/site\/concerto-ludico\/","url_meta":{"origin":2968,"position":1},"title":"Raz\u00f5es para ensinar m\u00fasica a crian\u00e7as atrav\u00e9s de concertos l\u00fadicos","author":"M\u00e1rcio Miranda Pontes","date":"29 de maio de 2023","format":false,"excerpt":"Voc\u00ea j\u00e1 ouviu falar sobre os benef\u00edcios que o ensino de m\u00fasica atrav\u00e9s de concertos l\u00fadicos pode trazer a crian\u00e7as das mais variadas idades? Hoje, vamos falar um pouco mais sobre o assunto. Confira!","rel":"","context":"Em &quot;Blog SABRA&quot;","block_context":{"text":"Blog SABRA","link":"https:\/\/www.sabra.org.br\/site\/category\/blog-sabra\/"},"img":{"alt_text":"sociais-crian\u00e7a-m\u00fasica-concerto-cultura-educa\u00e7\u00e3o-interesse-social-sabra","src":"https:\/\/i0.wp.com\/www.sabra.org.br\/site\/wp-content\/uploads\/2023\/05\/x-razoes-para-ensinar-musica-a-criancas-atraves-de-concertos-ludicos-20181030105249.jpg-jpg.webp?resize=350%2C200&ssl=1","width":350,"height":200,"srcset":"https:\/\/i0.wp.com\/www.sabra.org.br\/site\/wp-content\/uploads\/2023\/05\/x-razoes-para-ensinar-musica-a-criancas-atraves-de-concertos-ludicos-20181030105249.jpg-jpg.webp?resize=350%2C200&ssl=1 1x, https:\/\/i0.wp.com\/www.sabra.org.br\/site\/wp-content\/uploads\/2023\/05\/x-razoes-para-ensinar-musica-a-criancas-atraves-de-concertos-ludicos-20181030105249.jpg-jpg.webp?resize=525%2C300&ssl=1 1.5x, https:\/\/i0.wp.com\/www.sabra.org.br\/site\/wp-content\/uploads\/2023\/05\/x-razoes-para-ensinar-musica-a-criancas-atraves-de-concertos-ludicos-20181030105249.jpg-jpg.webp?resize=700%2C400&ssl=1 2x"},"classes":[]},{"id":7801,"url":"https:\/\/www.sabra.org.br\/site\/escola-de-musica\/","url_meta":{"origin":2968,"position":2},"title":"Ensinando notas e ritmos: o que esperar de uma escola de m\u00fasica para crian\u00e7as?","author":"M\u00e1rcio Miranda Pontes","date":"9 de agosto de 2023","format":false,"excerpt":"Descubra como uma escola de m\u00fasica pode ensinar notas e ritmos de forma envolvente para crian\u00e7as. Prepare seu filho para uma jornada musical divertida e repleta de aprendizado. Leia agora mesmo!","rel":"","context":"Em &quot;Blog SABRA&quot;","block_context":{"text":"Blog SABRA","link":"https:\/\/www.sabra.org.br\/site\/category\/blog-sabra\/"},"img":{"alt_text":"sabra-m\u00fasica-crian\u00e7as-musicais-escola-habilidades-musical-alunos-deve-sociais-desenvolvimento-diferentes-fia-doa\u00e7\u00e3o-imposto-renda","src":"https:\/\/i0.wp.com\/www.sabra.org.br\/site\/wp-content\/uploads\/2023\/08\/ensinando-notas-e-ritmos-o-que-esperar-de-uma-escola-de-musica-para-criancas-20230628095402.jpg-jpg.webp?resize=350%2C200&ssl=1","width":350,"height":200,"srcset":"https:\/\/i0.wp.com\/www.sabra.org.br\/site\/wp-content\/uploads\/2023\/08\/ensinando-notas-e-ritmos-o-que-esperar-de-uma-escola-de-musica-para-criancas-20230628095402.jpg-jpg.webp?resize=350%2C200&ssl=1 1x, https:\/\/i0.wp.com\/www.sabra.org.br\/site\/wp-content\/uploads\/2023\/08\/ensinando-notas-e-ritmos-o-que-esperar-de-uma-escola-de-musica-para-criancas-20230628095402.jpg-jpg.webp?resize=525%2C300&ssl=1 1.5x, https:\/\/i0.wp.com\/www.sabra.org.br\/site\/wp-content\/uploads\/2023\/08\/ensinando-notas-e-ritmos-o-que-esperar-de-uma-escola-de-musica-para-criancas-20230628095402.jpg-jpg.webp?resize=700%2C400&ssl=1 2x"},"classes":[]},{"id":3692,"url":"https:\/\/www.sabra.org.br\/site\/criancas\/","url_meta":{"origin":2968,"position":3},"title":"Entenda como a m\u00fasica melhora o desenvolvimento das crian\u00e7as","author":"M\u00e1rcio Miranda Pontes","date":"18 de fevereiro de 2021","format":false,"excerpt":"Escola de Musica SABRA, Orquestra Sinf\u00f4nica de Betim, Sociedade Art\u00edstica Brasileira, Musicaliza\u00e7\u00e3o Infantil, Assistencia Social, Canto Coral, Orquestra Infanto Juvenil de Betim, Nova Lima","rel":"","context":"Em &quot;Blog SABRA&quot;","block_context":{"text":"Blog SABRA","link":"https:\/\/www.sabra.org.br\/site\/category\/blog-sabra\/"},"img":{"alt_text":"crian\u00e7as","src":"https:\/\/i0.wp.com\/www.sabra.org.br\/site\/wp-content\/uploads\/2021\/02\/entenda-como-a-musica-melhora-o-desenvolvimento-das-criancas-20210203092956.jpg.jpg?resize=350%2C200&ssl=1","width":350,"height":200,"srcset":"https:\/\/i0.wp.com\/www.sabra.org.br\/site\/wp-content\/uploads\/2021\/02\/entenda-como-a-musica-melhora-o-desenvolvimento-das-criancas-20210203092956.jpg.jpg?resize=350%2C200&ssl=1 1x, https:\/\/i0.wp.com\/www.sabra.org.br\/site\/wp-content\/uploads\/2021\/02\/entenda-como-a-musica-melhora-o-desenvolvimento-das-criancas-20210203092956.jpg.jpg?resize=525%2C300&ssl=1 1.5x, https:\/\/i0.wp.com\/www.sabra.org.br\/site\/wp-content\/uploads\/2021\/02\/entenda-como-a-musica-melhora-o-desenvolvimento-das-criancas-20210203092956.jpg.jpg?resize=700%2C400&ssl=1 2x"},"classes":[]},{"id":1206,"url":"https:\/\/www.sabra.org.br\/site\/inscricoes-abertas-para-o-curso-gratuito-de-musicalizacao-infantil\/","url_meta":{"origin":2968,"position":4},"title":"Inscri\u00e7\u00f5es abertas para o curso gratuito de Musicaliza\u00e7\u00e3o Infantil","author":"M\u00e1rcio Miranda Pontes","date":"15 de mar\u00e7o de 2018","format":false,"excerpt":"Entre os dias 26 e 28 de mar\u00e7o, as inscri\u00e7\u00f5es est\u00e3o abertas para crian\u00e7as de sete a dez anos do curso gratuito de musicaliza\u00e7\u00e3o. Essa \u00e9 a porta de entrada para participar da Orquestra Infantil de Betim, fruto da parceria entre a Secretaria Municipal da Educa\u00e7\u00e3o (Semed), por meio da\u2026","rel":"","context":"Em &quot;Not\u00edcias&quot;","block_context":{"text":"Not\u00edcias","link":"https:\/\/www.sabra.org.br\/site\/category\/noticias\/"},"img":{"alt_text":"Violinos sonoridade musical","src":"https:\/\/i0.wp.com\/www.sabra.org.br\/site\/wp-content\/uploads\/2017\/11\/violin-1617787_960_720.jpg?resize=350%2C200&ssl=1","width":350,"height":200,"srcset":"https:\/\/i0.wp.com\/www.sabra.org.br\/site\/wp-content\/uploads\/2017\/11\/violin-1617787_960_720.jpg?resize=350%2C200&ssl=1 1x, https:\/\/i0.wp.com\/www.sabra.org.br\/site\/wp-content\/uploads\/2017\/11\/violin-1617787_960_720.jpg?resize=525%2C300&ssl=1 1.5x, https:\/\/i0.wp.com\/www.sabra.org.br\/site\/wp-content\/uploads\/2017\/11\/violin-1617787_960_720.jpg?resize=700%2C400&ssl=1 2x"},"classes":[]},{"id":13096,"url":"https:\/\/www.sabra.org.br\/site\/saiba-como-ensinar-musicas-para-criancas\/","url_meta":{"origin":2968,"position":5},"title":"Saiba como ensinar m\u00fasicas para crian\u00e7as","author":"","date":"22 de agosto de 2025","format":false,"excerpt":"Ensinar m\u00fasica para crian\u00e7as \u00e9 uma atividade que vai al\u00e9m de apenas apresentar notas e ritmos. Envolve criar um ambiente onde os pequenos possam explorar, experimentar e expressar-se atrav\u00e9s da m\u00fasica. A m\u00fasica tem o poder de influenciar positivamente o desenvolvimento cognitivo, emocional e social das crian\u00e7as, tornando-se uma ferramenta\u2026","rel":"","context":"Em &quot;Blog SABRA&quot;","block_context":{"text":"Blog SABRA","link":"https:\/\/www.sabra.org.br\/site\/category\/blog-sabra\/"},"img":{"alt_text":"","src":"","width":0,"height":0},"classes":[]}],"jetpack_likes_enabled":true,"jetpack_sharing_enabled":true,"_links":{"self":[{"href":"https:\/\/www.sabra.org.br\/site\/wp-json\/wp\/v2\/posts\/2968","targetHints":{"allow":["GET"]}}],"collection":[{"href":"https:\/\/www.sabra.org.br\/site\/wp-json\/wp\/v2\/posts"}],"about":[{"href":"https:\/\/www.sabra.org.br\/site\/wp-json\/wp\/v2\/types\/post"}],"author":[{"embeddable":true,"href":"https:\/\/www.sabra.org.br\/site\/wp-json\/wp\/v2\/users\/39"}],"replies":[{"embeddable":true,"href":"https:\/\/www.sabra.org.br\/site\/wp-json\/wp\/v2\/comments?post=2968"}],"version-history":[{"count":0,"href":"https:\/\/www.sabra.org.br\/site\/wp-json\/wp\/v2\/posts\/2968\/revisions"}],"wp:featuredmedia":[{"embeddable":true,"href":"https:\/\/www.sabra.org.br\/site\/wp-json\/wp\/v2\/media\/2972"}],"wp:attachment":[{"href":"https:\/\/www.sabra.org.br\/site\/wp-json\/wp\/v2\/media?parent=2968"}],"wp:term":[{"taxonomy":"category","embeddable":true,"href":"https:\/\/www.sabra.org.br\/site\/wp-json\/wp\/v2\/categories?post=2968"},{"taxonomy":"post_tag","embeddable":true,"href":"https:\/\/www.sabra.org.br\/site\/wp-json\/wp\/v2\/tags?post=2968"}],"curies":[{"name":"wp","href":"https:\/\/api.w.org\/{rel}","templated":true}]}}