{"id":3033,"date":"2020-07-06T09:41:50","date_gmt":"2020-07-06T12:41:50","guid":{"rendered":"https:\/\/www.sabra.org.br\/site\/?p=3033"},"modified":"2025-04-18T10:45:27","modified_gmt":"2025-04-18T13:45:27","slug":"destaques-na-musica-em-2020","status":"publish","type":"post","link":"https:\/\/www.sabra.org.br\/site\/destaques-na-musica-em-2020\/","title":{"rendered":"Destaques na M\u00fasica em 2020"},"content":{"rendered":"<p>[vc_row][vc_column][vc_column_text css=&#8221;&#8221;]<\/p>\n<h2>Nomes que est\u00e3o sendo destaque no mundo da m\u00fasica em 2020<\/h2>\n<p>Nos fones de ouvido ou nas caixas de som. Preparamos uma lista com 10 nomes que s\u00e3o destaques na m\u00fasica em 2020. Com informa\u00e7\u00f5es dos principais sites e aplicativos, vamos mostrar quem s\u00e3o eles e outros detalhes.<\/p>\n<p>Do Pop ao Rock, passando pelo Rap e at\u00e9 mesmo pelo Sertanejo. Os destaques do mundo da m\u00fasica em 2020, at\u00e9 aqui, atingem os f\u00e3s dos mais diversos g\u00eaneros e estilos.<\/p>\n<p>Em comum entre a maioria deles est\u00e1 o lan\u00e7amento de novos \u00e1lbuns e singles periodicamente, de forma que ningu\u00e9m os esquece. Al\u00e9m disso, todos tiveram suas turn\u00eas interrompidas pela pandemia do novo coronav\u00edrus. Dessa forma, a presen\u00e7a deles no mundo digital s\u00f3 aumentou at\u00e9 aqui.<\/p>\n<h2>Destaques para todos<\/h2>\n<p>Tem m\u00fasica para todos os gostos, inclusive por parte de artistas muito antigos. Por isso, vamos apresentar 10 artistas que v\u00eam sendo muito escutados e que certamente voc\u00ea tamb\u00e9m os escuta ou conhece. Se n\u00e3o todos, pelo menos alguns.<\/p>\n<p>A sele\u00e7\u00e3o foi feita com base nas listas dos sites de streaming musical, Deezer e Spotify, e dos sites de m\u00fasica, Letras.mus.br e Vagalume.<\/p>\n<p>1. Dua Lipa<\/p>\n<p>A cantora brit\u00e2nica ganhou o mundo, e n\u00e3o \u00e9 de hoje. Aos 24 anos, possui mais de 57 milh\u00f5es de ouvintes mensais no Spotify. O seu novo \u00e1lbum apresenta hits para l\u00e1 de dan\u00e7antes e animadores, justificando seu enorme sucesso.<\/p>\n<p>2. Ed Sheeran<\/p>\n<p>N\u00e3o \u00e9 de hoje que Ed Sheeran est\u00e1 no topo. O ruivo carism\u00e1tico j\u00e1 fez pontas no cinema tamb\u00e9m, mas seu sucesso mesmo est\u00e1 na m\u00fasica. Mais um brit\u00e2nico que n\u00e3o sai dos fones de todo mundo.<\/p>\n<p>3. Justin Bieber<\/p>\n<p>Dos brit\u00e2nicos, vamos para o pol\u00eamico canadense Justin Bieber. Com \u00e1lbum lan\u00e7ado em 2020, Justin figura nas principais paradas de sucesso internacionais.<\/p>\n<p>4. Selena Gomez<\/p>\n<p>A norte-americana \u00e9 atriz, modelo e, claro, cantora. N\u00e3o \u00e0 toa est\u00e1 na nossa lista. Coincidentemente, tamb\u00e9m lan\u00e7ou \u00e1lbum em 2020. Isso explica tamb\u00e9m por que nunca sai das paradas de sucesso.<\/p>\n<p>5. Eminem<\/p>\n<p>Saindo da m\u00fasica Pop, adentramos no Rap. Depois de um hiato grande sem um \u00e1lbum de in\u00e9ditas, o rapper apareceu com \u201cMusic To Be Murdered By\u201d em janeiro. Falando sobre viol\u00eancia com armas nos Estados Unidos, Eminem retomou seu posto entre os destaques do mundo da m\u00fasica.<\/p>\n<p>6. Lady Gaga<\/p>\n<p>A estrela do Pop lan\u00e7ou h\u00e1 poucos dias sua nova arte, o \u00e1lbum \u201cChromatica\u201d. E se j\u00e1 n\u00e3o sa\u00eda da lista dos artistas de destaque no mundo da m\u00fasica, parece que agora cravou seu lugar por um bom tempo.<\/p>\n<p>7. The Beatles<\/p>\n<p>O rock n\u00e3o morreu! E os Beatles parecem nunca ter fim. A banda de rock de Liverpool figura entre os destaques do mundo da m\u00fasica neste ano. Demonstrando que, mesmo com grande participa\u00e7\u00e3o de cantores Pop, os artistas do Rock ainda possuem representatividade.<\/p>\n<p>8. BTS<\/p>\n<p>Os sul-coreanos do BTS s\u00e3o um sucesso mundial! Lan\u00e7aram \u00e1lbum novo em 2020 e seguem sendo escutados por todos os f\u00e3s de K-Pop Brasil afora.<\/p>\n<p>9. The Weeknd<\/p>\n<p>O canadense The Weeknd mistura o R&amp;B, a m\u00fasica eletr\u00f4nica e influ\u00eancias indie em grandes hits. Em mar\u00e7o, lan\u00e7ou mais um \u00e1lbum e n\u00e3o deve sair das listas de sucesso por um bom tempo.<\/p>\n<p>10. Mar\u00edlia Mendon\u00e7a<\/p>\n<p>A rainha da sofr\u00eancia tamb\u00e9m est\u00e1 presente nos destaques mundiais. As suas lives durante a quarentena fizeram grande sucesso e seus singles rec\u00e9m-lan\u00e7ados n\u00e3o saem da cabe\u00e7a dos brasileiros com dor de cotovelo.<\/p>\n<blockquote class=\"wp-embedded-content\" data-secret=\"4mPXliKf7N\"><p><a href=\"https:\/\/www.sabra.org.br\/site\/filmes-livros\/\">Filmes baseados em livros que voc\u00ea n\u00e3o fazia ideia<\/a><\/p><\/blockquote>\n<p><iframe class=\"wp-embedded-content\" sandbox=\"allow-scripts\" security=\"restricted\" style=\"position: absolute; visibility: hidden;\" title=\"&#8220;Filmes baseados em livros que voc\u00ea n\u00e3o fazia ideia&#8221; &#8212; SABRA - Sociedade Art\u00edstica Brasileira\" src=\"https:\/\/www.sabra.org.br\/site\/filmes-livros\/embed\/#?secret=lXpqu2BdQF#?secret=4mPXliKf7N\" data-secret=\"4mPXliKf7N\" width=\"600\" height=\"338\" frameborder=\"0\" marginwidth=\"0\" marginheight=\"0\" scrolling=\"no\"><\/iframe><\/p>\n<hr \/>\n<h2>Se voc\u00ea gostou deste post:<\/h2>\n<p>&#8211; SIGA as nossas p\u00e1ginas nas redes sociais para acompanhar as nossas atualiza\u00e7\u00f5es: estamos no <a href=\"https:\/\/www.facebook.com\/sabrabrasil\" target=\"_blank\" rel=\"noopener noreferrer\">Facebook<\/a>, no <a href=\"https:\/\/www.instagram.com\/sabrabrasil\/\" target=\"_blank\" rel=\"noopener noreferrer\">Instagram<\/a>, no <a href=\"https:\/\/www.linkedin.com\/company\/25002088\" target=\"_blank\" rel=\"noopener noreferrer\">LinkedIn<\/a>, no <a href=\"https:\/\/twitter.com\/ContatoSabra\" target=\"_blank\" rel=\"noopener noreferrer\">Twitter<\/a> e no <a href=\"https:\/\/www.youtube.com\/channel\/UCJw-kbuEvzUNdeQf20Pa-eQ\" target=\"_blank\" rel=\"noopener noreferrer\">YouTube<\/a>!<\/p>\n<p>&#8211; CONHE\u00c7A o trabalho da Sociedade Art\u00edstica Brasileira (SABRA) e todas as iniciativas culturais e sociais que ela mant\u00e9m. <a href=\"https:\/\/www.sabra.org.br\/site\/acoes\/\" target=\"_blank\" rel=\"noopener noreferrer\">Acesse nosso site!<\/a><\/p>\n<p>&#8211; ENTRE EM CONTATO com a gente. E veja quais s\u00e3o as op\u00e7\u00f5es de ajuda na manuten\u00e7\u00e3o de nossas a\u00e7\u00f5es sociais e culturais. Basta acessar nossa p\u00e1gina <a href=\"https:\/\/www.sabra.org.br\/site\/doe-agora\/\" target=\"_blank\" rel=\"noopener noreferrer\">Doe Agora!<\/a><\/p>\n<p>&#8211; COMPARTILHE este texto nas suas redes sociais e ajude os seus amigos a tamb\u00e9m dominarem o assunto![\/vc_column_text][\/vc_column][\/vc_row]<\/p>\n","protected":false},"excerpt":{"rendered":"<p>A lista de destaques do mundo da m\u00fasica at\u00e9 aqui re\u00fanem artistas de diversos g\u00eaneros. Temos certeza de que algum deles voc\u00ea n\u00e3o tira do ouvido. Veja a lista que preparamos!<\/p>\n","protected":false},"author":39,"featured_media":3034,"comment_status":"closed","ping_status":"closed","sticky":false,"template":"","format":"standard","meta":{"jetpack_post_was_ever_published":false,"_jetpack_newsletter_access":"","_jetpack_dont_email_post_to_subs":false,"_jetpack_newsletter_tier_id":0,"_jetpack_memberships_contains_paywalled_content":false,"_jetpack_memberships_contains_paid_content":false,"footnotes":""},"categories":[1],"tags":[15,8,1846,1285,1047,2762,16,1286,11,9],"class_list":["post-3033","post","type-post","status-publish","format-standard","has-post-thumbnail","hentry","category-blog-sabra","tag-assistencia-social","tag-canto-coral","tag-escola-de-musica-de-nova-lima","tag-escola-de-musica-sabra","tag-fia","tag-irpf-2020","tag-musicalizacao-infantil","tag-orquestra-infanto-juvenil-de-betim","tag-orquestra-sinfonica-de-betim","tag-sociedade-artistica-brasileira"],"yoast_head":"<!-- This site is optimized with the Yoast SEO plugin v27.5 - https:\/\/yoast.com\/product\/yoast-seo-wordpress\/ -->\n<title>Destaques na M\u00fasica em 2020 - SABRA - Sociedade Art\u00edstica Brasileira<\/title>\n<meta name=\"description\" content=\"A lista de destaques do mundo da m\u00fasica at\u00e9 aqui re\u00fanem artistas de diversos g\u00eaneros. Temos certeza de que algum deles voc\u00ea n\u00e3o tira do ouvido.\" \/>\n<meta name=\"robots\" content=\"index, follow, max-snippet:-1, max-image-preview:large, max-video-preview:-1\" \/>\n<link rel=\"canonical\" href=\"https:\/\/www.sabra.org.br\/site\/destaques-na-musica-em-2020\/\" \/>\n<meta property=\"og:locale\" content=\"pt_BR\" \/>\n<meta property=\"og:type\" content=\"article\" \/>\n<meta property=\"og:title\" content=\"Destaques na M\u00fasica em 2020 - SABRA - Sociedade Art\u00edstica Brasileira\" \/>\n<meta property=\"og:description\" content=\"A lista de destaques do mundo da m\u00fasica at\u00e9 aqui re\u00fanem artistas de diversos g\u00eaneros. Temos certeza de que algum deles voc\u00ea n\u00e3o tira do ouvido.\" \/>\n<meta property=\"og:url\" content=\"https:\/\/www.sabra.org.br\/site\/destaques-na-musica-em-2020\/\" \/>\n<meta property=\"og:site_name\" content=\"SABRA - Sociedade Art\u00edstica Brasileira\" \/>\n<meta property=\"article:publisher\" content=\"https:\/\/www.facebook.com\/sabrabrasil\" \/>\n<meta property=\"article:published_time\" content=\"2020-07-06T12:41:50+00:00\" \/>\n<meta property=\"article:modified_time\" content=\"2025-04-18T13:45:27+00:00\" \/>\n<meta property=\"og:image\" content=\"https:\/\/www.sabra.org.br\/site\/wp-content\/uploads\/2020\/07\/x-nomes-que-estao-sendo-destaque-no-mundo-da-musica-em-20200602154116.jpg.jpg\" \/>\n\t<meta property=\"og:image:width\" content=\"800\" \/>\n\t<meta property=\"og:image:height\" content=\"533\" \/>\n\t<meta property=\"og:image:type\" content=\"image\/jpeg\" \/>\n<meta name=\"author\" content=\"M\u00e1rcio Miranda Pontes\" \/>\n<meta name=\"twitter:card\" content=\"summary_large_image\" \/>\n<meta name=\"twitter:creator\" content=\"@ContatoSabra\" \/>\n<meta name=\"twitter:site\" content=\"@ContatoSabra\" \/>\n<meta name=\"twitter:label1\" content=\"Escrito por\" \/>\n\t<meta name=\"twitter:data1\" content=\"M\u00e1rcio Miranda Pontes\" \/>\n\t<meta name=\"twitter:label2\" content=\"Est. tempo de leitura\" \/>\n\t<meta name=\"twitter:data2\" content=\"4 minutos\" \/>\n<script type=\"application\/ld+json\" class=\"yoast-schema-graph\">{\"@context\":\"https:\\\/\\\/schema.org\",\"@graph\":[{\"@type\":\"Article\",\"@id\":\"https:\\\/\\\/www.sabra.org.br\\\/site\\\/destaques-na-musica-em-2020\\\/#article\",\"isPartOf\":{\"@id\":\"https:\\\/\\\/www.sabra.org.br\\\/site\\\/destaques-na-musica-em-2020\\\/\"},\"author\":{\"name\":\"M\u00e1rcio Miranda Pontes\",\"@id\":\"https:\\\/\\\/www.sabra.org.br\\\/site\\\/#\\\/schema\\\/person\\\/7d1d222c3c8891d4c37c7b41bf6315c2\"},\"headline\":\"Destaques na M\u00fasica em 2020\",\"datePublished\":\"2020-07-06T12:41:50+00:00\",\"dateModified\":\"2025-04-18T13:45:27+00:00\",\"mainEntityOfPage\":{\"@id\":\"https:\\\/\\\/www.sabra.org.br\\\/site\\\/destaques-na-musica-em-2020\\\/\"},\"wordCount\":753,\"publisher\":{\"@id\":\"https:\\\/\\\/www.sabra.org.br\\\/site\\\/#organization\"},\"image\":{\"@id\":\"https:\\\/\\\/www.sabra.org.br\\\/site\\\/destaques-na-musica-em-2020\\\/#primaryimage\"},\"thumbnailUrl\":\"https:\\\/\\\/www.sabra.org.br\\\/site\\\/wp-content\\\/uploads\\\/2020\\\/07\\\/x-nomes-que-estao-sendo-destaque-no-mundo-da-musica-em-20200602154116.jpg.jpg\",\"keywords\":[\"Assist\u00eancia social\",\"Canto Coral\",\"Escola de M\u00fasica de Nova Lima\",\"Escola de Musica SABRA\",\"FIA\",\"IRPF 2020\",\"Musicaliza\u00e7\u00e3o Infantil\",\"Orquestra Infanto Juvenil de Betim\",\"Orquestra Sinf\u00f4nica de Betim\",\"Sociedade Art\u00edstica Brasileira\"],\"articleSection\":[\"Blog SABRA\"],\"inLanguage\":\"pt-BR\"},{\"@type\":\"WebPage\",\"@id\":\"https:\\\/\\\/www.sabra.org.br\\\/site\\\/destaques-na-musica-em-2020\\\/\",\"url\":\"https:\\\/\\\/www.sabra.org.br\\\/site\\\/destaques-na-musica-em-2020\\\/\",\"name\":\"Destaques na M\u00fasica em 2020 - SABRA - Sociedade Art\u00edstica Brasileira\",\"isPartOf\":{\"@id\":\"https:\\\/\\\/www.sabra.org.br\\\/site\\\/#website\"},\"primaryImageOfPage\":{\"@id\":\"https:\\\/\\\/www.sabra.org.br\\\/site\\\/destaques-na-musica-em-2020\\\/#primaryimage\"},\"image\":{\"@id\":\"https:\\\/\\\/www.sabra.org.br\\\/site\\\/destaques-na-musica-em-2020\\\/#primaryimage\"},\"thumbnailUrl\":\"https:\\\/\\\/www.sabra.org.br\\\/site\\\/wp-content\\\/uploads\\\/2020\\\/07\\\/x-nomes-que-estao-sendo-destaque-no-mundo-da-musica-em-20200602154116.jpg.jpg\",\"datePublished\":\"2020-07-06T12:41:50+00:00\",\"dateModified\":\"2025-04-18T13:45:27+00:00\",\"description\":\"A lista de destaques do mundo da m\u00fasica at\u00e9 aqui re\u00fanem artistas de diversos g\u00eaneros. Temos certeza de que algum deles voc\u00ea n\u00e3o tira do ouvido.\",\"breadcrumb\":{\"@id\":\"https:\\\/\\\/www.sabra.org.br\\\/site\\\/destaques-na-musica-em-2020\\\/#breadcrumb\"},\"inLanguage\":\"pt-BR\",\"potentialAction\":[{\"@type\":\"ReadAction\",\"target\":[\"https:\\\/\\\/www.sabra.org.br\\\/site\\\/destaques-na-musica-em-2020\\\/\"]}]},{\"@type\":\"ImageObject\",\"inLanguage\":\"pt-BR\",\"@id\":\"https:\\\/\\\/www.sabra.org.br\\\/site\\\/destaques-na-musica-em-2020\\\/#primaryimage\",\"url\":\"https:\\\/\\\/www.sabra.org.br\\\/site\\\/wp-content\\\/uploads\\\/2020\\\/07\\\/x-nomes-que-estao-sendo-destaque-no-mundo-da-musica-em-20200602154116.jpg.jpg\",\"contentUrl\":\"https:\\\/\\\/www.sabra.org.br\\\/site\\\/wp-content\\\/uploads\\\/2020\\\/07\\\/x-nomes-que-estao-sendo-destaque-no-mundo-da-musica-em-20200602154116.jpg.jpg\",\"width\":800,\"height\":533,\"caption\":\"Sociedade Art\u00edstica Brasileira SABRA\"},{\"@type\":\"BreadcrumbList\",\"@id\":\"https:\\\/\\\/www.sabra.org.br\\\/site\\\/destaques-na-musica-em-2020\\\/#breadcrumb\",\"itemListElement\":[{\"@type\":\"ListItem\",\"position\":1,\"name\":\"In\u00edcio\",\"item\":\"https:\\\/\\\/www.sabra.org.br\\\/site\\\/\"},{\"@type\":\"ListItem\",\"position\":2,\"name\":\"Destaques na M\u00fasica em 2020\"}]},{\"@type\":\"WebSite\",\"@id\":\"https:\\\/\\\/www.sabra.org.br\\\/site\\\/#website\",\"url\":\"https:\\\/\\\/www.sabra.org.br\\\/site\\\/\",\"name\":\"SABRA - Sociedade Art\u00edstica Brasileira\",\"description\":\"Escola de M\u00fasica, Orquestra Sinf\u00f4nica, Coral e Patrim\u00f4nio Cultural e Hist\u00f3rico\",\"publisher\":{\"@id\":\"https:\\\/\\\/www.sabra.org.br\\\/site\\\/#organization\"},\"potentialAction\":[{\"@type\":\"SearchAction\",\"target\":{\"@type\":\"EntryPoint\",\"urlTemplate\":\"https:\\\/\\\/www.sabra.org.br\\\/site\\\/?s={search_term_string}\"},\"query-input\":{\"@type\":\"PropertyValueSpecification\",\"valueRequired\":true,\"valueName\":\"search_term_string\"}}],\"inLanguage\":\"pt-BR\"},{\"@type\":\"Organization\",\"@id\":\"https:\\\/\\\/www.sabra.org.br\\\/site\\\/#organization\",\"name\":\"SOCIEDADE ART\u00cdSTICA BRASILEIRA SABRA\",\"alternateName\":\"SABRA\",\"url\":\"https:\\\/\\\/www.sabra.org.br\\\/site\\\/\",\"logo\":{\"@type\":\"ImageObject\",\"inLanguage\":\"pt-BR\",\"@id\":\"https:\\\/\\\/www.sabra.org.br\\\/site\\\/#\\\/schema\\\/logo\\\/image\\\/\",\"url\":\"https:\\\/\\\/www.sabra.org.br\\\/site\\\/wp-content\\\/uploads\\\/2019\\\/06\\\/cropped-Logo_SABRA-Copia-1.webp\",\"contentUrl\":\"https:\\\/\\\/www.sabra.org.br\\\/site\\\/wp-content\\\/uploads\\\/2019\\\/06\\\/cropped-Logo_SABRA-Copia-1.webp\",\"width\":400,\"height\":128,\"caption\":\"SOCIEDADE ART\u00cdSTICA BRASILEIRA SABRA\"},\"image\":{\"@id\":\"https:\\\/\\\/www.sabra.org.br\\\/site\\\/#\\\/schema\\\/logo\\\/image\\\/\"},\"sameAs\":[\"https:\\\/\\\/www.facebook.com\\\/sabrabrasil\",\"https:\\\/\\\/x.com\\\/ContatoSabra\",\"https:\\\/\\\/www.instagram.com\\\/sabrabrasil\\\/\",\"https:\\\/\\\/www.linkedin.com\\\/company\\\/25002088\\\/\",\"https:\\\/\\\/br.pinterest.com\\\/sociedadeartisticabrasileira\\\/\",\"https:\\\/\\\/www.youtube.com\\\/c\\\/sabrabrasil\"]},{\"@type\":\"Person\",\"@id\":\"https:\\\/\\\/www.sabra.org.br\\\/site\\\/#\\\/schema\\\/person\\\/7d1d222c3c8891d4c37c7b41bf6315c2\",\"name\":\"M\u00e1rcio Miranda Pontes\",\"image\":{\"@type\":\"ImageObject\",\"inLanguage\":\"pt-BR\",\"@id\":\"https:\\\/\\\/secure.gravatar.com\\\/avatar\\\/3b45f24496a7625a3a6c436688fbe20344faaeb2979658dc4a9921f984d7df9a?s=96&d=mm&r=g\",\"url\":\"https:\\\/\\\/secure.gravatar.com\\\/avatar\\\/3b45f24496a7625a3a6c436688fbe20344faaeb2979658dc4a9921f984d7df9a?s=96&d=mm&r=g\",\"contentUrl\":\"https:\\\/\\\/secure.gravatar.com\\\/avatar\\\/3b45f24496a7625a3a6c436688fbe20344faaeb2979658dc4a9921f984d7df9a?s=96&d=mm&r=g\",\"caption\":\"M\u00e1rcio Miranda Pontes\"},\"sameAs\":[\"http:\\\/\\\/www.sabra.org.br\"],\"url\":\"https:\\\/\\\/www.sabra.org.br\\\/site\\\/author\\\/marcio-miranda-pontes\\\/\"}]}<\/script>\n<!-- \/ Yoast SEO plugin. -->","yoast_head_json":{"title":"Destaques na M\u00fasica em 2020 - SABRA - Sociedade Art\u00edstica Brasileira","description":"A lista de destaques do mundo da m\u00fasica at\u00e9 aqui re\u00fanem artistas de diversos g\u00eaneros. Temos certeza de que algum deles voc\u00ea n\u00e3o tira do ouvido.","robots":{"index":"index","follow":"follow","max-snippet":"max-snippet:-1","max-image-preview":"max-image-preview:large","max-video-preview":"max-video-preview:-1"},"canonical":"https:\/\/www.sabra.org.br\/site\/destaques-na-musica-em-2020\/","og_locale":"pt_BR","og_type":"article","og_title":"Destaques na M\u00fasica em 2020 - SABRA - Sociedade Art\u00edstica Brasileira","og_description":"A lista de destaques do mundo da m\u00fasica at\u00e9 aqui re\u00fanem artistas de diversos g\u00eaneros. Temos certeza de que algum deles voc\u00ea n\u00e3o tira do ouvido.","og_url":"https:\/\/www.sabra.org.br\/site\/destaques-na-musica-em-2020\/","og_site_name":"SABRA - Sociedade Art\u00edstica Brasileira","article_publisher":"https:\/\/www.facebook.com\/sabrabrasil","article_published_time":"2020-07-06T12:41:50+00:00","article_modified_time":"2025-04-18T13:45:27+00:00","og_image":[{"width":800,"height":533,"url":"https:\/\/www.sabra.org.br\/site\/wp-content\/uploads\/2020\/07\/x-nomes-que-estao-sendo-destaque-no-mundo-da-musica-em-20200602154116.jpg.jpg","type":"image\/jpeg"}],"author":"M\u00e1rcio Miranda Pontes","twitter_card":"summary_large_image","twitter_creator":"@ContatoSabra","twitter_site":"@ContatoSabra","twitter_misc":{"Escrito por":"M\u00e1rcio Miranda Pontes","Est. tempo de leitura":"4 minutos"},"schema":{"@context":"https:\/\/schema.org","@graph":[{"@type":"Article","@id":"https:\/\/www.sabra.org.br\/site\/destaques-na-musica-em-2020\/#article","isPartOf":{"@id":"https:\/\/www.sabra.org.br\/site\/destaques-na-musica-em-2020\/"},"author":{"name":"M\u00e1rcio Miranda Pontes","@id":"https:\/\/www.sabra.org.br\/site\/#\/schema\/person\/7d1d222c3c8891d4c37c7b41bf6315c2"},"headline":"Destaques na M\u00fasica em 2020","datePublished":"2020-07-06T12:41:50+00:00","dateModified":"2025-04-18T13:45:27+00:00","mainEntityOfPage":{"@id":"https:\/\/www.sabra.org.br\/site\/destaques-na-musica-em-2020\/"},"wordCount":753,"publisher":{"@id":"https:\/\/www.sabra.org.br\/site\/#organization"},"image":{"@id":"https:\/\/www.sabra.org.br\/site\/destaques-na-musica-em-2020\/#primaryimage"},"thumbnailUrl":"https:\/\/www.sabra.org.br\/site\/wp-content\/uploads\/2020\/07\/x-nomes-que-estao-sendo-destaque-no-mundo-da-musica-em-20200602154116.jpg.jpg","keywords":["Assist\u00eancia social","Canto Coral","Escola de M\u00fasica de Nova Lima","Escola de Musica SABRA","FIA","IRPF 2020","Musicaliza\u00e7\u00e3o Infantil","Orquestra Infanto Juvenil de Betim","Orquestra Sinf\u00f4nica de Betim","Sociedade Art\u00edstica Brasileira"],"articleSection":["Blog SABRA"],"inLanguage":"pt-BR"},{"@type":"WebPage","@id":"https:\/\/www.sabra.org.br\/site\/destaques-na-musica-em-2020\/","url":"https:\/\/www.sabra.org.br\/site\/destaques-na-musica-em-2020\/","name":"Destaques na M\u00fasica em 2020 - SABRA - Sociedade Art\u00edstica Brasileira","isPartOf":{"@id":"https:\/\/www.sabra.org.br\/site\/#website"},"primaryImageOfPage":{"@id":"https:\/\/www.sabra.org.br\/site\/destaques-na-musica-em-2020\/#primaryimage"},"image":{"@id":"https:\/\/www.sabra.org.br\/site\/destaques-na-musica-em-2020\/#primaryimage"},"thumbnailUrl":"https:\/\/www.sabra.org.br\/site\/wp-content\/uploads\/2020\/07\/x-nomes-que-estao-sendo-destaque-no-mundo-da-musica-em-20200602154116.jpg.jpg","datePublished":"2020-07-06T12:41:50+00:00","dateModified":"2025-04-18T13:45:27+00:00","description":"A lista de destaques do mundo da m\u00fasica at\u00e9 aqui re\u00fanem artistas de diversos g\u00eaneros. Temos certeza de que algum deles voc\u00ea n\u00e3o tira do ouvido.","breadcrumb":{"@id":"https:\/\/www.sabra.org.br\/site\/destaques-na-musica-em-2020\/#breadcrumb"},"inLanguage":"pt-BR","potentialAction":[{"@type":"ReadAction","target":["https:\/\/www.sabra.org.br\/site\/destaques-na-musica-em-2020\/"]}]},{"@type":"ImageObject","inLanguage":"pt-BR","@id":"https:\/\/www.sabra.org.br\/site\/destaques-na-musica-em-2020\/#primaryimage","url":"https:\/\/www.sabra.org.br\/site\/wp-content\/uploads\/2020\/07\/x-nomes-que-estao-sendo-destaque-no-mundo-da-musica-em-20200602154116.jpg.jpg","contentUrl":"https:\/\/www.sabra.org.br\/site\/wp-content\/uploads\/2020\/07\/x-nomes-que-estao-sendo-destaque-no-mundo-da-musica-em-20200602154116.jpg.jpg","width":800,"height":533,"caption":"Sociedade Art\u00edstica Brasileira SABRA"},{"@type":"BreadcrumbList","@id":"https:\/\/www.sabra.org.br\/site\/destaques-na-musica-em-2020\/#breadcrumb","itemListElement":[{"@type":"ListItem","position":1,"name":"In\u00edcio","item":"https:\/\/www.sabra.org.br\/site\/"},{"@type":"ListItem","position":2,"name":"Destaques na M\u00fasica em 2020"}]},{"@type":"WebSite","@id":"https:\/\/www.sabra.org.br\/site\/#website","url":"https:\/\/www.sabra.org.br\/site\/","name":"SABRA - Sociedade Art\u00edstica Brasileira","description":"Escola de M\u00fasica, Orquestra Sinf\u00f4nica, Coral e Patrim\u00f4nio Cultural e Hist\u00f3rico","publisher":{"@id":"https:\/\/www.sabra.org.br\/site\/#organization"},"potentialAction":[{"@type":"SearchAction","target":{"@type":"EntryPoint","urlTemplate":"https:\/\/www.sabra.org.br\/site\/?s={search_term_string}"},"query-input":{"@type":"PropertyValueSpecification","valueRequired":true,"valueName":"search_term_string"}}],"inLanguage":"pt-BR"},{"@type":"Organization","@id":"https:\/\/www.sabra.org.br\/site\/#organization","name":"SOCIEDADE ART\u00cdSTICA BRASILEIRA SABRA","alternateName":"SABRA","url":"https:\/\/www.sabra.org.br\/site\/","logo":{"@type":"ImageObject","inLanguage":"pt-BR","@id":"https:\/\/www.sabra.org.br\/site\/#\/schema\/logo\/image\/","url":"https:\/\/www.sabra.org.br\/site\/wp-content\/uploads\/2019\/06\/cropped-Logo_SABRA-Copia-1.webp","contentUrl":"https:\/\/www.sabra.org.br\/site\/wp-content\/uploads\/2019\/06\/cropped-Logo_SABRA-Copia-1.webp","width":400,"height":128,"caption":"SOCIEDADE ART\u00cdSTICA BRASILEIRA SABRA"},"image":{"@id":"https:\/\/www.sabra.org.br\/site\/#\/schema\/logo\/image\/"},"sameAs":["https:\/\/www.facebook.com\/sabrabrasil","https:\/\/x.com\/ContatoSabra","https:\/\/www.instagram.com\/sabrabrasil\/","https:\/\/www.linkedin.com\/company\/25002088\/","https:\/\/br.pinterest.com\/sociedadeartisticabrasileira\/","https:\/\/www.youtube.com\/c\/sabrabrasil"]},{"@type":"Person","@id":"https:\/\/www.sabra.org.br\/site\/#\/schema\/person\/7d1d222c3c8891d4c37c7b41bf6315c2","name":"M\u00e1rcio Miranda Pontes","image":{"@type":"ImageObject","inLanguage":"pt-BR","@id":"https:\/\/secure.gravatar.com\/avatar\/3b45f24496a7625a3a6c436688fbe20344faaeb2979658dc4a9921f984d7df9a?s=96&d=mm&r=g","url":"https:\/\/secure.gravatar.com\/avatar\/3b45f24496a7625a3a6c436688fbe20344faaeb2979658dc4a9921f984d7df9a?s=96&d=mm&r=g","contentUrl":"https:\/\/secure.gravatar.com\/avatar\/3b45f24496a7625a3a6c436688fbe20344faaeb2979658dc4a9921f984d7df9a?s=96&d=mm&r=g","caption":"M\u00e1rcio Miranda Pontes"},"sameAs":["http:\/\/www.sabra.org.br"],"url":"https:\/\/www.sabra.org.br\/site\/author\/marcio-miranda-pontes\/"}]}},"jetpack_featured_media_url":"https:\/\/www.sabra.org.br\/site\/wp-content\/uploads\/2020\/07\/x-nomes-que-estao-sendo-destaque-no-mundo-da-musica-em-20200602154116.jpg.jpg","jetpack_shortlink":"https:\/\/wp.me\/p95j2Z-MV","jetpack-related-posts":[{"id":6799,"url":"https:\/\/www.sabra.org.br\/site\/musica-bras-exterior\/","url_meta":{"origin":3033,"position":0},"title":"Cantores brasileiros mais ouvidos no exterior","author":"M\u00e1rcio Miranda Pontes","date":"23 de mar\u00e7o de 2023","format":false,"excerpt":"A m\u00fasica \u00e9 capaz de contar a hist\u00f3ria e de marcar o per\u00edodo de um pa\u00eds. Acesse o conte\u00fado e saiba quais s\u00e3o os artistas mais escutados fora do Brasil.","rel":"","context":"Em &quot;Blog SABRA&quot;","block_context":{"text":"Blog SABRA","link":"https:\/\/www.sabra.org.br\/site\/category\/blog-sabra\/"},"img":{"alt_text":"m\u00fasica-artista-mundo-hist\u00f3ria-cantor-pa\u00eds","src":"https:\/\/i0.wp.com\/www.sabra.org.br\/site\/wp-content\/uploads\/2023\/03\/x-cantores-brasileiros-mais-ouvidos-no-exterior-20221024103355.jpg.jpg?resize=350%2C200&ssl=1","width":350,"height":200,"srcset":"https:\/\/i0.wp.com\/www.sabra.org.br\/site\/wp-content\/uploads\/2023\/03\/x-cantores-brasileiros-mais-ouvidos-no-exterior-20221024103355.jpg.jpg?resize=350%2C200&ssl=1 1x, https:\/\/i0.wp.com\/www.sabra.org.br\/site\/wp-content\/uploads\/2023\/03\/x-cantores-brasileiros-mais-ouvidos-no-exterior-20221024103355.jpg.jpg?resize=525%2C300&ssl=1 1.5x, https:\/\/i0.wp.com\/www.sabra.org.br\/site\/wp-content\/uploads\/2023\/03\/x-cantores-brasileiros-mais-ouvidos-no-exterior-20221024103355.jpg.jpg?resize=700%2C400&ssl=1 2x"},"classes":[]},{"id":4243,"url":"https:\/\/www.sabra.org.br\/site\/musica-brasileira-grandes-nomes\/","url_meta":{"origin":3033,"position":1},"title":"Grandes nomes da m\u00fasica brasileira que infelizmente nos deixaram em 2020","author":"M\u00e1rcio Miranda Pontes","date":"8 de outubro de 2021","format":false,"excerpt":"Grandes nomes da m\u00fasica brasileira que infelizmente nos deixaram em 2020 O mundo da m\u00fasica sofreu com grandes perdas no ano de 2020. Entre m\u00fasicos, compositores e instrumentistas, dezenas de nomes importantes se foram, deixando um espa\u00e7o aberto e contribui\u00e7\u00f5es grandiosas. Vamos conhecer alguns deles? Patroci\u0301nio m\u00e1ster: @institutounimedbh, viabilizado pelo\u2026","rel":"","context":"Em &quot;Blog SABRA&quot;","block_context":{"text":"Blog SABRA","link":"https:\/\/www.sabra.org.br\/site\/category\/blog-sabra\/"},"img":{"alt_text":"m\u00fasica-brasileira-grandes-nomes","src":"https:\/\/i0.wp.com\/www.sabra.org.br\/site\/wp-content\/uploads\/2021\/10\/grandes-nomes-da-musica-brasileira-que-infelizmente-nos-deixaram-em-20210125102928.jpg.jpg?resize=350%2C200&ssl=1","width":350,"height":200,"srcset":"https:\/\/i0.wp.com\/www.sabra.org.br\/site\/wp-content\/uploads\/2021\/10\/grandes-nomes-da-musica-brasileira-que-infelizmente-nos-deixaram-em-20210125102928.jpg.jpg?resize=350%2C200&ssl=1 1x, https:\/\/i0.wp.com\/www.sabra.org.br\/site\/wp-content\/uploads\/2021\/10\/grandes-nomes-da-musica-brasileira-que-infelizmente-nos-deixaram-em-20210125102928.jpg.jpg?resize=525%2C300&ssl=1 1.5x, https:\/\/i0.wp.com\/www.sabra.org.br\/site\/wp-content\/uploads\/2021\/10\/grandes-nomes-da-musica-brasileira-que-infelizmente-nos-deixaram-em-20210125102928.jpg.jpg?resize=700%2C400&ssl=1 2x"},"classes":[]},{"id":2808,"url":"https:\/\/www.sabra.org.br\/site\/musica-classica-evolucao\/","url_meta":{"origin":3033,"position":2},"title":"M\u00fasica cl\u00e1ssica","author":"M\u00e1rcio Miranda Pontes","date":"11 de abril de 2020","format":false,"excerpt":"A m\u00fasica cl\u00e1ssica, mais conhecida como m\u00fasica erudita, cresceu ao longo dos anos, datando sua origem no s\u00e9culo IX. Era utilizada em cerim\u00f4nias religiosas e para alegrar os nobres da \u00e9poca.","rel":"","context":"Em &quot;Blog SABRA&quot;","block_context":{"text":"Blog SABRA","link":"https:\/\/www.sabra.org.br\/site\/category\/blog-sabra\/"},"img":{"alt_text":"musica-classica-evolu\u00e7\u00e3o-erudita-s\u00e9culo-sabra","src":"https:\/\/i0.wp.com\/www.sabra.org.br\/site\/wp-content\/uploads\/2020\/04\/musica-classica-conheca-a-sua-origem-e-evolucao-ao-longo-dos-anos-20191202180617.jpg.jpg?resize=350%2C200&ssl=1","width":350,"height":200,"srcset":"https:\/\/i0.wp.com\/www.sabra.org.br\/site\/wp-content\/uploads\/2020\/04\/musica-classica-conheca-a-sua-origem-e-evolucao-ao-longo-dos-anos-20191202180617.jpg.jpg?resize=350%2C200&ssl=1 1x, https:\/\/i0.wp.com\/www.sabra.org.br\/site\/wp-content\/uploads\/2020\/04\/musica-classica-conheca-a-sua-origem-e-evolucao-ao-longo-dos-anos-20191202180617.jpg.jpg?resize=525%2C300&ssl=1 1.5x, https:\/\/i0.wp.com\/www.sabra.org.br\/site\/wp-content\/uploads\/2020\/04\/musica-classica-conheca-a-sua-origem-e-evolucao-ao-longo-dos-anos-20191202180617.jpg.jpg?resize=700%2C400&ssl=1 2x"},"classes":[]},{"id":6658,"url":"https:\/\/www.sabra.org.br\/site\/reuniao-sabra-semed-betim\/","url_meta":{"origin":3033,"position":3},"title":"Reuni\u00e3o SABRA SEMED-Betim","author":"M\u00e1rcio Miranda Pontes","date":"7 de fevereiro de 2023","format":false,"excerpt":"Orquestra Infantil e Orquestra Juvenil da Escola de Musica Sabra - Dia 12\/12\/2022 - Audi\u00e7\u00e3o de alunos no Teatro Municipal de Betim \u00a0 Foi realizada na manh\u00e3 de hoje, 07\/02\/23, uma reuni\u00e3o que contou com a participa\u00e7\u00e3o do presidente da Sabra, maestro M\u00e1rcio Miranda Pontes, e de uma equipe de\u2026","rel":"","context":"Em &quot;Blog SABRA&quot;","block_context":{"text":"Blog SABRA","link":"https:\/\/www.sabra.org.br\/site\/category\/blog-sabra\/"},"img":{"alt_text":"audi\u00e7\u00e3o de alunos Escola de M\u00fasica SABRA","src":"https:\/\/i0.wp.com\/www.sabra.org.br\/site\/wp-content\/uploads\/2023\/02\/audicao-scaled.jpg?resize=350%2C200&ssl=1","width":350,"height":200,"srcset":"https:\/\/i0.wp.com\/www.sabra.org.br\/site\/wp-content\/uploads\/2023\/02\/audicao-scaled.jpg?resize=350%2C200&ssl=1 1x, https:\/\/i0.wp.com\/www.sabra.org.br\/site\/wp-content\/uploads\/2023\/02\/audicao-scaled.jpg?resize=525%2C300&ssl=1 1.5x, https:\/\/i0.wp.com\/www.sabra.org.br\/site\/wp-content\/uploads\/2023\/02\/audicao-scaled.jpg?resize=700%2C400&ssl=1 2x, https:\/\/i0.wp.com\/www.sabra.org.br\/site\/wp-content\/uploads\/2023\/02\/audicao-scaled.jpg?resize=1050%2C600&ssl=1 3x, https:\/\/i0.wp.com\/www.sabra.org.br\/site\/wp-content\/uploads\/2023\/02\/audicao-scaled.jpg?resize=1400%2C800&ssl=1 4x"},"classes":[]},{"id":1462,"url":"https:\/\/www.sabra.org.br\/site\/orquestra-sinfonica-conheca-famosas\/","url_meta":{"origin":3033,"position":4},"title":"Orquestras Sinf\u00f4nicas &#8211; conhe\u00e7a as melhores","author":"M\u00e1rcio Miranda Pontes","date":"31 de agosto de 2018","format":false,"excerpt":"No mundo todo h\u00e1 Orquestras Sinf\u00f4nicas de alt\u00edssimo n\u00edvel de qualidade e excel\u00eancia na execu\u00e7\u00e3o de sons de diversas escolas musicais. Recentemente, o tradicional selo brit\u00e2nico, Gramophone, come\u00e7ou a montar um ranking para classificar as melhores Orquestras Sinf\u00f4nicas do mundo. Nos crit\u00e9rios do ranking mundial est\u00e1 a qualidade individual dos\u2026","rel":"","context":"Em &quot;Blog SABRA&quot;","block_context":{"text":"Blog SABRA","link":"https:\/\/www.sabra.org.br\/site\/category\/blog-sabra\/"},"img":{"alt_text":"Orquestra Sinf\u00f4nica","src":"https:\/\/i0.wp.com\/www.sabra.org.br\/site\/wp-content\/uploads\/2018\/08\/conheca-as-melhores-orquestras-sinfonicas-dos-mundo-20180702161300.jpg.jpg?resize=350%2C200&ssl=1","width":350,"height":200,"srcset":"https:\/\/i0.wp.com\/www.sabra.org.br\/site\/wp-content\/uploads\/2018\/08\/conheca-as-melhores-orquestras-sinfonicas-dos-mundo-20180702161300.jpg.jpg?resize=350%2C200&ssl=1 1x, https:\/\/i0.wp.com\/www.sabra.org.br\/site\/wp-content\/uploads\/2018\/08\/conheca-as-melhores-orquestras-sinfonicas-dos-mundo-20180702161300.jpg.jpg?resize=525%2C300&ssl=1 1.5x, https:\/\/i0.wp.com\/www.sabra.org.br\/site\/wp-content\/uploads\/2018\/08\/conheca-as-melhores-orquestras-sinfonicas-dos-mundo-20180702161300.jpg.jpg?resize=700%2C400&ssl=1 2x"},"classes":[]},{"id":7138,"url":"https:\/\/www.sabra.org.br\/site\/jovem-solista\/","url_meta":{"origin":3033,"position":5},"title":"Premio Jovem Solista da Orquestra Sinfonica de Betim","author":"M\u00e1rcio Miranda Pontes","date":"16 de maio de 2023","format":false,"excerpt":"Estimular a competi\u00e7\u00e3o musical \u00e9 uma excelente maneira de incentivar de forma saud\u00e1vel que os indiv\u00edduos disputem entre si sem que hajam desentendimentos ou algo do tipo. Conhe\u00e7a um pouco mais sobre o Premio Jovem Solista da Orquestra Sinfonica de Betim","rel":"","context":"Em &quot;Blog SABRA&quot;","block_context":{"text":"Blog SABRA","link":"https:\/\/www.sabra.org.br\/site\/category\/blog-sabra\/"},"img":{"alt_text":"m\u00fasica-orquestra-betim-sinf\u00f4nica-pr\u00eamio-solista-art\u00edtica-jovem-jovens-projetos-proporcionar-sabra","src":"https:\/\/i0.wp.com\/www.sabra.org.br\/site\/wp-content\/uploads\/2023\/05\/premio-jovem-solista-da-orquestra-sinfonica-de-betim-20171229162457.jpg-jpg.webp?resize=350%2C200&ssl=1","width":350,"height":200,"srcset":"https:\/\/i0.wp.com\/www.sabra.org.br\/site\/wp-content\/uploads\/2023\/05\/premio-jovem-solista-da-orquestra-sinfonica-de-betim-20171229162457.jpg-jpg.webp?resize=350%2C200&ssl=1 1x, https:\/\/i0.wp.com\/www.sabra.org.br\/site\/wp-content\/uploads\/2023\/05\/premio-jovem-solista-da-orquestra-sinfonica-de-betim-20171229162457.jpg-jpg.webp?resize=525%2C300&ssl=1 1.5x, https:\/\/i0.wp.com\/www.sabra.org.br\/site\/wp-content\/uploads\/2023\/05\/premio-jovem-solista-da-orquestra-sinfonica-de-betim-20171229162457.jpg-jpg.webp?resize=700%2C400&ssl=1 2x"},"classes":[]}],"jetpack_likes_enabled":true,"jetpack_sharing_enabled":true,"_links":{"self":[{"href":"https:\/\/www.sabra.org.br\/site\/wp-json\/wp\/v2\/posts\/3033","targetHints":{"allow":["GET"]}}],"collection":[{"href":"https:\/\/www.sabra.org.br\/site\/wp-json\/wp\/v2\/posts"}],"about":[{"href":"https:\/\/www.sabra.org.br\/site\/wp-json\/wp\/v2\/types\/post"}],"author":[{"embeddable":true,"href":"https:\/\/www.sabra.org.br\/site\/wp-json\/wp\/v2\/users\/39"}],"replies":[{"embeddable":true,"href":"https:\/\/www.sabra.org.br\/site\/wp-json\/wp\/v2\/comments?post=3033"}],"version-history":[{"count":0,"href":"https:\/\/www.sabra.org.br\/site\/wp-json\/wp\/v2\/posts\/3033\/revisions"}],"wp:featuredmedia":[{"embeddable":true,"href":"https:\/\/www.sabra.org.br\/site\/wp-json\/wp\/v2\/media\/3034"}],"wp:attachment":[{"href":"https:\/\/www.sabra.org.br\/site\/wp-json\/wp\/v2\/media?parent=3033"}],"wp:term":[{"taxonomy":"category","embeddable":true,"href":"https:\/\/www.sabra.org.br\/site\/wp-json\/wp\/v2\/categories?post=3033"},{"taxonomy":"post_tag","embeddable":true,"href":"https:\/\/www.sabra.org.br\/site\/wp-json\/wp\/v2\/tags?post=3033"}],"curies":[{"name":"wp","href":"https:\/\/api.w.org\/{rel}","templated":true}]}}