{"id":3037,"date":"2020-07-13T12:16:34","date_gmt":"2020-07-13T15:16:34","guid":{"rendered":"https:\/\/www.sabra.org.br\/site\/?p=3037"},"modified":"2020-07-13T12:16:34","modified_gmt":"2020-07-13T15:16:34","slug":"series-sobre-musica","status":"publish","type":"post","link":"https:\/\/www.sabra.org.br\/site\/series-sobre-musica\/","title":{"rendered":"S\u00e9ries sobre m\u00fasica"},"content":{"rendered":"<h2>S\u00e9ries sobre m\u00fasica para assistir durante a quarentena<\/h2>\n<p>O mundo est\u00e1 em quarentena. Um novo v\u00edrus se espalha rapidamente pelo planeta desde o in\u00edcio do ano, o que tem obrigado os pa\u00edses a adotarem medidas de isolamento social que t\u00eam como objetivo a diminui\u00e7\u00e3o da circula\u00e7\u00e3o do Sars-Cov-2, ou Coronav\u00edrus, como \u00e9 mais conhecido.<\/p>\n<p>Para quem est\u00e1 em casa, a solu\u00e7\u00e3o \u00e9 buscar atividades diversas que preencham o tempo e, acima de tudo, que ajudem a manter a cabe\u00e7a relaxada em meio a tantas not\u00edcias ruins. Se esse \u00e9 o seu caso e voc\u00ea n\u00e3o sabe mais como preencher o tempo ocioso, as dicas que reunimos neste artigo s\u00e3o especialmente para voc\u00ea.<\/p>\n<p>Confira a seguir 13 s\u00e9ries sobre m\u00fasica para assistir durante a quarentena e divirta-se!<\/p>\n<h2>1. Glee<\/h2>\n<p>Dispon\u00edvel na Netflix em seis temporadas, narra a hist\u00f3ria de estudantes do ensino m\u00e9dio que participam de um coral e t\u00eam na m\u00fasica algo em comum. A s\u00e9rie tamb\u00e9m aborda os conflitos adolescentes e as descobertas pessoais de cada personagem.<\/p>\n<h2>2. Nashville<\/h2>\n<p>A s\u00e9rie leva o nome da capital do country (EUA) e conta a hist\u00f3ria de cantores do g\u00eanero que tentam construir sua carreira musical. Tem seis temporadas e traz composi\u00e7\u00f5es autorais desse estilo musical t\u00e3o querido no mundo todo.<\/p>\n<h2>3. Star<\/h2>\n<p>Em tr\u00eas temporadas, a s\u00e9rie acompanha a hist\u00f3ria de tr\u00eas jovens cantoras talentosas em busca do sucesso. Tamb\u00e9m traz can\u00e7\u00f5es originais e \u00f3timas performances.<\/p>\n<h2>4. Empire<\/h2>\n<p>O foco desta s\u00e9rie \u00e9 o rap, g\u00eanero musical que tem ganhado cada vez mais espa\u00e7o no mundo todo (como veremos em outras dicas adiante). Em cinco temporadas, apresenta os bastidores de uma gravadora de Nova York e faz, inclusive, um encontro com personagens de Star.<\/p>\n<h2>5. Mozart in the Jungle<\/h2>\n<p>Se o que voc\u00ea quer \u00e9 m\u00fasica cl\u00e1ssica, esta s\u00e9rie de quatro temporadas \u00e9 perfeita para voc\u00ea. Inspirada no livro de mem\u00f3rias de Blair Tindall, mostra o dia a dia e os bastidores de uma orquestra nova-iorquina.<\/p>\n<h2>6. The Get Down<\/h2>\n<p>Dividida em duas partes e dispon\u00edvel na Netflix, a s\u00e9rie mostra jovens talentos do Bronx (Nova York) nos anos 1970. Aborda o surgimento da disco music e do hip-hop pelos olhos de jovens adolescentes.<\/p>\n<h2>7. Roadies<\/h2>\n<p>Em apenas uma temporada, mostra os bastidores de uma banda de rock e como \u00e9 o trabalho dos roadies, as pessoas que fazem uma turn\u00ea ser poss\u00edvel.<\/p>\n<h2>8. Vinyl<\/h2>\n<p>Tamb\u00e9m com uma temporada, a s\u00e9rie se passa durante a d\u00e9cada de 1970, quando ocorreu a revolu\u00e7\u00e3o da ind\u00fastria musical americana. Aborda especificamente a hist\u00f3ria de um empres\u00e1rio que tentar salvar sua gravadora.<\/p>\n<h2>9. Smash<\/h2>\n<p>A s\u00e9rie gira em torno de um grupo de artistas decididos a criar um musical da Broadway inspirado na atriz Marilyn Monroe. Em duas temporadas, tamb\u00e9m mostra a vida pessoal e as dificuldades de cada um deles.<\/p>\n<h2>10. Hip-Hop Evolution<\/h2>\n<p>S\u00e3o quatro temporadas que mostram os primeiros movimentos e a evolu\u00e7\u00e3o do g\u00eanero desde os anos 1970. Dispon\u00edvel na Netflix, a s\u00e9rie documental traz entrevistas de DJs, MCs e produtores.<\/p>\n<h2>11. Sinatra \u2013 All or nothing at all<\/h2>\n<p>Uma temporada \u00e9 o suficiente para mostrar a vida e o talento de um dos maiores cantores do mundo, com diversos depoimentos de amigos, colegas e familiares. Dispon\u00edvel na Netflix.<\/p>\n<h2>12. Camar\u00f3n Revolution<\/h2>\n<p>Na Netflix, voc\u00ea tamb\u00e9m pode ver esta s\u00e9rie que conta detalhes da vida extraordin\u00e1ria da grande lenda da m\u00fasica flamenca, Camar\u00f3n de la Isla.<\/p>\n<h2>13. Rapture<\/h2>\n<p>Para finalizar, outra dica de s\u00e9rie que aborda o hip hop. Nesta produ\u00e7\u00e3o tamb\u00e9m dispon\u00edvel na Netflix, voc\u00ea acompanha os depoimentos de diversos artistas revolucion\u00e1rios e entender\u00e1 como este g\u00eanero musical tem impactos na cultura mundial.<\/p>\n<hr \/>\n<h2>Se voc\u00ea gostou deste post:<\/h2>\n<p>&#8211; SIGA as nossas p\u00e1ginas nas redes sociais para acompanhar as nossas atualiza\u00e7\u00f5es: estamos no <a href=\"https:\/\/www.facebook.com\/sabrabrasil\" target=\"_blank\" rel=\"noopener noreferrer\">Facebook<\/a>, no <a href=\"https:\/\/www.instagram.com\/sabrabrasil\/\" target=\"_blank\" rel=\"noopener noreferrer\">Instagram<\/a>, no <a href=\"https:\/\/www.linkedin.com\/company\/25002088\" target=\"_blank\" rel=\"noopener noreferrer\">LinkedIn<\/a>, no <a href=\"https:\/\/twitter.com\/ContatoSabra\" target=\"_blank\" rel=\"noopener noreferrer\">Twitter<\/a> e no <a href=\"https:\/\/www.youtube.com\/channel\/UCJw-kbuEvzUNdeQf20Pa-eQ\" target=\"_blank\" rel=\"noopener noreferrer\">YouTube<\/a>!<\/p>\n<p>&#8211; CONHE\u00c7A o trabalho da Sociedade Art\u00edstica Brasileira (SABRA) e todas as iniciativas culturais e sociais que ela mant\u00e9m. <a href=\"https:\/\/www.sabra.org.br\/site\/acoes\/\" target=\"_blank\" rel=\"noopener noreferrer\">Acesse nosso site!<\/a><\/p>\n<p>&#8211; ENTRE EM CONTATO com a gente. E veja quais s\u00e3o as op\u00e7\u00f5es de ajuda na manuten\u00e7\u00e3o de nossas a\u00e7\u00f5es sociais e culturais. Basta acessar nossa p\u00e1gina <a href=\"https:\/\/www.sabra.org.br\/site\/doe-agora\/\" target=\"_blank\" rel=\"noopener noreferrer\">Doe Agora!<\/a><\/p>\n<p>&#8211; COMPARTILHE este texto nas suas redes sociais e ajude os seus amigos a tamb\u00e9m dominarem o assunto!<\/p>\n","protected":false},"excerpt":{"rendered":"<p>Se voc\u00ea est\u00e1 em casa, cumprindo o isolamento social, e n\u00e3o sabe mais como preencher o tempo ocioso, reunimos 13 s\u00e9ries sobre m\u00fasica para assistir durante a quarentena.<\/p>\n","protected":false},"author":39,"featured_media":3039,"comment_status":"closed","ping_status":"closed","sticky":false,"template":"","format":"standard","meta":{"jetpack_post_was_ever_published":false,"_jetpack_newsletter_access":"","_jetpack_dont_email_post_to_subs":false,"_jetpack_newsletter_tier_id":0,"_jetpack_memberships_contains_paywalled_content":false,"_jetpack_memberships_contains_paid_content":false,"footnotes":""},"categories":[1],"tags":[15,8,1846,1285,16,1286,11,9],"class_list":["post-3037","post","type-post","status-publish","format-standard","has-post-thumbnail","hentry","category-blog-sabra","tag-assistencia-social","tag-canto-coral","tag-escola-de-musica-de-nova-lima","tag-escola-de-musica-sabra","tag-musicalizacao-infantil","tag-orquestra-infanto-juvenil-de-betim","tag-orquestra-sinfonica-de-betim","tag-sociedade-artistica-brasileira"],"yoast_head":"<!-- This site is optimized with the Yoast SEO plugin v27.5 - https:\/\/yoast.com\/product\/yoast-seo-wordpress\/ -->\n<title>S\u00e9ries sobre m\u00fasica - SABRA - Sociedade Art\u00edstica Brasileira<\/title>\n<meta name=\"description\" content=\"Se voc\u00ea est\u00e1 em casa, cumprindo o isolamento social, e n\u00e3o sabe mais como preencher o tempo ocioso, reunimos 13 s\u00e9ries sobre m\u00fasica para assistir.\" \/>\n<meta name=\"robots\" content=\"index, follow, max-snippet:-1, max-image-preview:large, max-video-preview:-1\" \/>\n<link rel=\"canonical\" href=\"https:\/\/www.sabra.org.br\/site\/series-sobre-musica\/\" \/>\n<meta property=\"og:locale\" content=\"pt_BR\" \/>\n<meta property=\"og:type\" content=\"article\" \/>\n<meta property=\"og:title\" content=\"S\u00e9ries sobre m\u00fasica - SABRA - Sociedade Art\u00edstica Brasileira\" \/>\n<meta property=\"og:description\" content=\"Se voc\u00ea est\u00e1 em casa, cumprindo o isolamento social, e n\u00e3o sabe mais como preencher o tempo ocioso, reunimos 13 s\u00e9ries sobre m\u00fasica para assistir.\" \/>\n<meta property=\"og:url\" content=\"https:\/\/www.sabra.org.br\/site\/series-sobre-musica\/\" \/>\n<meta property=\"og:site_name\" content=\"SABRA - Sociedade Art\u00edstica Brasileira\" \/>\n<meta property=\"article:publisher\" content=\"https:\/\/www.facebook.com\/sabrabrasil\" \/>\n<meta property=\"article:published_time\" content=\"2020-07-13T15:16:34+00:00\" \/>\n<meta property=\"og:image\" content=\"https:\/\/i0.wp.com\/www.sabra.org.br\/site\/wp-content\/uploads\/2020\/07\/x-series-sobre-musica-para-assistir-durante-a-quarentena-20200709133439.jpg.jpg?fit=800%2C533&ssl=1\" \/>\n\t<meta property=\"og:image:width\" content=\"800\" \/>\n\t<meta property=\"og:image:height\" content=\"533\" \/>\n\t<meta property=\"og:image:type\" content=\"image\/jpeg\" \/>\n<meta name=\"author\" content=\"M\u00e1rcio Miranda Pontes\" \/>\n<meta name=\"twitter:card\" content=\"summary_large_image\" \/>\n<meta name=\"twitter:creator\" content=\"@ContatoSabra\" \/>\n<meta name=\"twitter:site\" content=\"@ContatoSabra\" \/>\n<meta name=\"twitter:label1\" content=\"Escrito por\" \/>\n\t<meta name=\"twitter:data1\" content=\"M\u00e1rcio Miranda Pontes\" \/>\n\t<meta name=\"twitter:label2\" content=\"Est. tempo de leitura\" \/>\n\t<meta name=\"twitter:data2\" content=\"4 minutos\" \/>\n<script type=\"application\/ld+json\" class=\"yoast-schema-graph\">{\"@context\":\"https:\\\/\\\/schema.org\",\"@graph\":[{\"@type\":\"Article\",\"@id\":\"https:\\\/\\\/www.sabra.org.br\\\/site\\\/series-sobre-musica\\\/#article\",\"isPartOf\":{\"@id\":\"https:\\\/\\\/www.sabra.org.br\\\/site\\\/series-sobre-musica\\\/\"},\"author\":{\"name\":\"M\u00e1rcio Miranda Pontes\",\"@id\":\"https:\\\/\\\/www.sabra.org.br\\\/site\\\/#\\\/schema\\\/person\\\/7d1d222c3c8891d4c37c7b41bf6315c2\"},\"headline\":\"S\u00e9ries sobre m\u00fasica\",\"datePublished\":\"2020-07-13T15:16:34+00:00\",\"mainEntityOfPage\":{\"@id\":\"https:\\\/\\\/www.sabra.org.br\\\/site\\\/series-sobre-musica\\\/\"},\"wordCount\":762,\"publisher\":{\"@id\":\"https:\\\/\\\/www.sabra.org.br\\\/site\\\/#organization\"},\"image\":{\"@id\":\"https:\\\/\\\/www.sabra.org.br\\\/site\\\/series-sobre-musica\\\/#primaryimage\"},\"thumbnailUrl\":\"https:\\\/\\\/www.sabra.org.br\\\/site\\\/wp-content\\\/uploads\\\/2020\\\/07\\\/x-series-sobre-musica-para-assistir-durante-a-quarentena-20200709133439.jpg.jpg\",\"keywords\":[\"Assist\u00eancia social\",\"Canto Coral\",\"Escola de M\u00fasica de Nova Lima\",\"Escola de Musica SABRA\",\"Musicaliza\u00e7\u00e3o Infantil\",\"Orquestra Infanto Juvenil de Betim\",\"Orquestra Sinf\u00f4nica de Betim\",\"Sociedade Art\u00edstica Brasileira\"],\"articleSection\":[\"Blog SABRA\"],\"inLanguage\":\"pt-BR\"},{\"@type\":\"WebPage\",\"@id\":\"https:\\\/\\\/www.sabra.org.br\\\/site\\\/series-sobre-musica\\\/\",\"url\":\"https:\\\/\\\/www.sabra.org.br\\\/site\\\/series-sobre-musica\\\/\",\"name\":\"S\u00e9ries sobre m\u00fasica - SABRA - Sociedade Art\u00edstica Brasileira\",\"isPartOf\":{\"@id\":\"https:\\\/\\\/www.sabra.org.br\\\/site\\\/#website\"},\"primaryImageOfPage\":{\"@id\":\"https:\\\/\\\/www.sabra.org.br\\\/site\\\/series-sobre-musica\\\/#primaryimage\"},\"image\":{\"@id\":\"https:\\\/\\\/www.sabra.org.br\\\/site\\\/series-sobre-musica\\\/#primaryimage\"},\"thumbnailUrl\":\"https:\\\/\\\/www.sabra.org.br\\\/site\\\/wp-content\\\/uploads\\\/2020\\\/07\\\/x-series-sobre-musica-para-assistir-durante-a-quarentena-20200709133439.jpg.jpg\",\"datePublished\":\"2020-07-13T15:16:34+00:00\",\"description\":\"Se voc\u00ea est\u00e1 em casa, cumprindo o isolamento social, e n\u00e3o sabe mais como preencher o tempo ocioso, reunimos 13 s\u00e9ries sobre m\u00fasica para assistir.\",\"breadcrumb\":{\"@id\":\"https:\\\/\\\/www.sabra.org.br\\\/site\\\/series-sobre-musica\\\/#breadcrumb\"},\"inLanguage\":\"pt-BR\",\"potentialAction\":[{\"@type\":\"ReadAction\",\"target\":[\"https:\\\/\\\/www.sabra.org.br\\\/site\\\/series-sobre-musica\\\/\"]}]},{\"@type\":\"ImageObject\",\"inLanguage\":\"pt-BR\",\"@id\":\"https:\\\/\\\/www.sabra.org.br\\\/site\\\/series-sobre-musica\\\/#primaryimage\",\"url\":\"https:\\\/\\\/www.sabra.org.br\\\/site\\\/wp-content\\\/uploads\\\/2020\\\/07\\\/x-series-sobre-musica-para-assistir-durante-a-quarentena-20200709133439.jpg.jpg\",\"contentUrl\":\"https:\\\/\\\/www.sabra.org.br\\\/site\\\/wp-content\\\/uploads\\\/2020\\\/07\\\/x-series-sobre-musica-para-assistir-durante-a-quarentena-20200709133439.jpg.jpg\",\"width\":800,\"height\":533,\"caption\":\"Sociedade Artistica Brasileira SABRA\"},{\"@type\":\"BreadcrumbList\",\"@id\":\"https:\\\/\\\/www.sabra.org.br\\\/site\\\/series-sobre-musica\\\/#breadcrumb\",\"itemListElement\":[{\"@type\":\"ListItem\",\"position\":1,\"name\":\"In\u00edcio\",\"item\":\"https:\\\/\\\/www.sabra.org.br\\\/site\\\/\"},{\"@type\":\"ListItem\",\"position\":2,\"name\":\"S\u00e9ries sobre m\u00fasica\"}]},{\"@type\":\"WebSite\",\"@id\":\"https:\\\/\\\/www.sabra.org.br\\\/site\\\/#website\",\"url\":\"https:\\\/\\\/www.sabra.org.br\\\/site\\\/\",\"name\":\"SABRA - Sociedade Art\u00edstica Brasileira\",\"description\":\"Escola de M\u00fasica, Orquestra Sinf\u00f4nica, Coral e Patrim\u00f4nio Cultural e Hist\u00f3rico\",\"publisher\":{\"@id\":\"https:\\\/\\\/www.sabra.org.br\\\/site\\\/#organization\"},\"potentialAction\":[{\"@type\":\"SearchAction\",\"target\":{\"@type\":\"EntryPoint\",\"urlTemplate\":\"https:\\\/\\\/www.sabra.org.br\\\/site\\\/?s={search_term_string}\"},\"query-input\":{\"@type\":\"PropertyValueSpecification\",\"valueRequired\":true,\"valueName\":\"search_term_string\"}}],\"inLanguage\":\"pt-BR\"},{\"@type\":\"Organization\",\"@id\":\"https:\\\/\\\/www.sabra.org.br\\\/site\\\/#organization\",\"name\":\"SOCIEDADE ART\u00cdSTICA BRASILEIRA SABRA\",\"alternateName\":\"SABRA\",\"url\":\"https:\\\/\\\/www.sabra.org.br\\\/site\\\/\",\"logo\":{\"@type\":\"ImageObject\",\"inLanguage\":\"pt-BR\",\"@id\":\"https:\\\/\\\/www.sabra.org.br\\\/site\\\/#\\\/schema\\\/logo\\\/image\\\/\",\"url\":\"https:\\\/\\\/www.sabra.org.br\\\/site\\\/wp-content\\\/uploads\\\/2019\\\/06\\\/cropped-Logo_SABRA-Copia-1.webp\",\"contentUrl\":\"https:\\\/\\\/www.sabra.org.br\\\/site\\\/wp-content\\\/uploads\\\/2019\\\/06\\\/cropped-Logo_SABRA-Copia-1.webp\",\"width\":400,\"height\":128,\"caption\":\"SOCIEDADE ART\u00cdSTICA BRASILEIRA SABRA\"},\"image\":{\"@id\":\"https:\\\/\\\/www.sabra.org.br\\\/site\\\/#\\\/schema\\\/logo\\\/image\\\/\"},\"sameAs\":[\"https:\\\/\\\/www.facebook.com\\\/sabrabrasil\",\"https:\\\/\\\/x.com\\\/ContatoSabra\",\"https:\\\/\\\/www.instagram.com\\\/sabrabrasil\\\/\",\"https:\\\/\\\/www.linkedin.com\\\/company\\\/25002088\\\/\",\"https:\\\/\\\/br.pinterest.com\\\/sociedadeartisticabrasileira\\\/\",\"https:\\\/\\\/www.youtube.com\\\/c\\\/sabrabrasil\"]},{\"@type\":\"Person\",\"@id\":\"https:\\\/\\\/www.sabra.org.br\\\/site\\\/#\\\/schema\\\/person\\\/7d1d222c3c8891d4c37c7b41bf6315c2\",\"name\":\"M\u00e1rcio Miranda Pontes\",\"image\":{\"@type\":\"ImageObject\",\"inLanguage\":\"pt-BR\",\"@id\":\"https:\\\/\\\/secure.gravatar.com\\\/avatar\\\/3b45f24496a7625a3a6c436688fbe20344faaeb2979658dc4a9921f984d7df9a?s=96&d=mm&r=g\",\"url\":\"https:\\\/\\\/secure.gravatar.com\\\/avatar\\\/3b45f24496a7625a3a6c436688fbe20344faaeb2979658dc4a9921f984d7df9a?s=96&d=mm&r=g\",\"contentUrl\":\"https:\\\/\\\/secure.gravatar.com\\\/avatar\\\/3b45f24496a7625a3a6c436688fbe20344faaeb2979658dc4a9921f984d7df9a?s=96&d=mm&r=g\",\"caption\":\"M\u00e1rcio Miranda Pontes\"},\"sameAs\":[\"http:\\\/\\\/www.sabra.org.br\"],\"url\":\"https:\\\/\\\/www.sabra.org.br\\\/site\\\/author\\\/marcio-miranda-pontes\\\/\"}]}<\/script>\n<!-- \/ Yoast SEO plugin. -->","yoast_head_json":{"title":"S\u00e9ries sobre m\u00fasica - SABRA - Sociedade Art\u00edstica Brasileira","description":"Se voc\u00ea est\u00e1 em casa, cumprindo o isolamento social, e n\u00e3o sabe mais como preencher o tempo ocioso, reunimos 13 s\u00e9ries sobre m\u00fasica para assistir.","robots":{"index":"index","follow":"follow","max-snippet":"max-snippet:-1","max-image-preview":"max-image-preview:large","max-video-preview":"max-video-preview:-1"},"canonical":"https:\/\/www.sabra.org.br\/site\/series-sobre-musica\/","og_locale":"pt_BR","og_type":"article","og_title":"S\u00e9ries sobre m\u00fasica - SABRA - Sociedade Art\u00edstica Brasileira","og_description":"Se voc\u00ea est\u00e1 em casa, cumprindo o isolamento social, e n\u00e3o sabe mais como preencher o tempo ocioso, reunimos 13 s\u00e9ries sobre m\u00fasica para assistir.","og_url":"https:\/\/www.sabra.org.br\/site\/series-sobre-musica\/","og_site_name":"SABRA - Sociedade Art\u00edstica Brasileira","article_publisher":"https:\/\/www.facebook.com\/sabrabrasil","article_published_time":"2020-07-13T15:16:34+00:00","og_image":[{"width":800,"height":533,"url":"https:\/\/i0.wp.com\/www.sabra.org.br\/site\/wp-content\/uploads\/2020\/07\/x-series-sobre-musica-para-assistir-durante-a-quarentena-20200709133439.jpg.jpg?fit=800%2C533&ssl=1","type":"image\/jpeg"}],"author":"M\u00e1rcio Miranda Pontes","twitter_card":"summary_large_image","twitter_creator":"@ContatoSabra","twitter_site":"@ContatoSabra","twitter_misc":{"Escrito por":"M\u00e1rcio Miranda Pontes","Est. tempo de leitura":"4 minutos"},"schema":{"@context":"https:\/\/schema.org","@graph":[{"@type":"Article","@id":"https:\/\/www.sabra.org.br\/site\/series-sobre-musica\/#article","isPartOf":{"@id":"https:\/\/www.sabra.org.br\/site\/series-sobre-musica\/"},"author":{"name":"M\u00e1rcio Miranda Pontes","@id":"https:\/\/www.sabra.org.br\/site\/#\/schema\/person\/7d1d222c3c8891d4c37c7b41bf6315c2"},"headline":"S\u00e9ries sobre m\u00fasica","datePublished":"2020-07-13T15:16:34+00:00","mainEntityOfPage":{"@id":"https:\/\/www.sabra.org.br\/site\/series-sobre-musica\/"},"wordCount":762,"publisher":{"@id":"https:\/\/www.sabra.org.br\/site\/#organization"},"image":{"@id":"https:\/\/www.sabra.org.br\/site\/series-sobre-musica\/#primaryimage"},"thumbnailUrl":"https:\/\/www.sabra.org.br\/site\/wp-content\/uploads\/2020\/07\/x-series-sobre-musica-para-assistir-durante-a-quarentena-20200709133439.jpg.jpg","keywords":["Assist\u00eancia social","Canto Coral","Escola de M\u00fasica de Nova Lima","Escola de Musica SABRA","Musicaliza\u00e7\u00e3o Infantil","Orquestra Infanto Juvenil de Betim","Orquestra Sinf\u00f4nica de Betim","Sociedade Art\u00edstica Brasileira"],"articleSection":["Blog SABRA"],"inLanguage":"pt-BR"},{"@type":"WebPage","@id":"https:\/\/www.sabra.org.br\/site\/series-sobre-musica\/","url":"https:\/\/www.sabra.org.br\/site\/series-sobre-musica\/","name":"S\u00e9ries sobre m\u00fasica - SABRA - Sociedade Art\u00edstica Brasileira","isPartOf":{"@id":"https:\/\/www.sabra.org.br\/site\/#website"},"primaryImageOfPage":{"@id":"https:\/\/www.sabra.org.br\/site\/series-sobre-musica\/#primaryimage"},"image":{"@id":"https:\/\/www.sabra.org.br\/site\/series-sobre-musica\/#primaryimage"},"thumbnailUrl":"https:\/\/www.sabra.org.br\/site\/wp-content\/uploads\/2020\/07\/x-series-sobre-musica-para-assistir-durante-a-quarentena-20200709133439.jpg.jpg","datePublished":"2020-07-13T15:16:34+00:00","description":"Se voc\u00ea est\u00e1 em casa, cumprindo o isolamento social, e n\u00e3o sabe mais como preencher o tempo ocioso, reunimos 13 s\u00e9ries sobre m\u00fasica para assistir.","breadcrumb":{"@id":"https:\/\/www.sabra.org.br\/site\/series-sobre-musica\/#breadcrumb"},"inLanguage":"pt-BR","potentialAction":[{"@type":"ReadAction","target":["https:\/\/www.sabra.org.br\/site\/series-sobre-musica\/"]}]},{"@type":"ImageObject","inLanguage":"pt-BR","@id":"https:\/\/www.sabra.org.br\/site\/series-sobre-musica\/#primaryimage","url":"https:\/\/www.sabra.org.br\/site\/wp-content\/uploads\/2020\/07\/x-series-sobre-musica-para-assistir-durante-a-quarentena-20200709133439.jpg.jpg","contentUrl":"https:\/\/www.sabra.org.br\/site\/wp-content\/uploads\/2020\/07\/x-series-sobre-musica-para-assistir-durante-a-quarentena-20200709133439.jpg.jpg","width":800,"height":533,"caption":"Sociedade Artistica Brasileira SABRA"},{"@type":"BreadcrumbList","@id":"https:\/\/www.sabra.org.br\/site\/series-sobre-musica\/#breadcrumb","itemListElement":[{"@type":"ListItem","position":1,"name":"In\u00edcio","item":"https:\/\/www.sabra.org.br\/site\/"},{"@type":"ListItem","position":2,"name":"S\u00e9ries sobre m\u00fasica"}]},{"@type":"WebSite","@id":"https:\/\/www.sabra.org.br\/site\/#website","url":"https:\/\/www.sabra.org.br\/site\/","name":"SABRA - Sociedade Art\u00edstica Brasileira","description":"Escola de M\u00fasica, Orquestra Sinf\u00f4nica, Coral e Patrim\u00f4nio Cultural e Hist\u00f3rico","publisher":{"@id":"https:\/\/www.sabra.org.br\/site\/#organization"},"potentialAction":[{"@type":"SearchAction","target":{"@type":"EntryPoint","urlTemplate":"https:\/\/www.sabra.org.br\/site\/?s={search_term_string}"},"query-input":{"@type":"PropertyValueSpecification","valueRequired":true,"valueName":"search_term_string"}}],"inLanguage":"pt-BR"},{"@type":"Organization","@id":"https:\/\/www.sabra.org.br\/site\/#organization","name":"SOCIEDADE ART\u00cdSTICA BRASILEIRA SABRA","alternateName":"SABRA","url":"https:\/\/www.sabra.org.br\/site\/","logo":{"@type":"ImageObject","inLanguage":"pt-BR","@id":"https:\/\/www.sabra.org.br\/site\/#\/schema\/logo\/image\/","url":"https:\/\/www.sabra.org.br\/site\/wp-content\/uploads\/2019\/06\/cropped-Logo_SABRA-Copia-1.webp","contentUrl":"https:\/\/www.sabra.org.br\/site\/wp-content\/uploads\/2019\/06\/cropped-Logo_SABRA-Copia-1.webp","width":400,"height":128,"caption":"SOCIEDADE ART\u00cdSTICA BRASILEIRA SABRA"},"image":{"@id":"https:\/\/www.sabra.org.br\/site\/#\/schema\/logo\/image\/"},"sameAs":["https:\/\/www.facebook.com\/sabrabrasil","https:\/\/x.com\/ContatoSabra","https:\/\/www.instagram.com\/sabrabrasil\/","https:\/\/www.linkedin.com\/company\/25002088\/","https:\/\/br.pinterest.com\/sociedadeartisticabrasileira\/","https:\/\/www.youtube.com\/c\/sabrabrasil"]},{"@type":"Person","@id":"https:\/\/www.sabra.org.br\/site\/#\/schema\/person\/7d1d222c3c8891d4c37c7b41bf6315c2","name":"M\u00e1rcio Miranda Pontes","image":{"@type":"ImageObject","inLanguage":"pt-BR","@id":"https:\/\/secure.gravatar.com\/avatar\/3b45f24496a7625a3a6c436688fbe20344faaeb2979658dc4a9921f984d7df9a?s=96&d=mm&r=g","url":"https:\/\/secure.gravatar.com\/avatar\/3b45f24496a7625a3a6c436688fbe20344faaeb2979658dc4a9921f984d7df9a?s=96&d=mm&r=g","contentUrl":"https:\/\/secure.gravatar.com\/avatar\/3b45f24496a7625a3a6c436688fbe20344faaeb2979658dc4a9921f984d7df9a?s=96&d=mm&r=g","caption":"M\u00e1rcio Miranda Pontes"},"sameAs":["http:\/\/www.sabra.org.br"],"url":"https:\/\/www.sabra.org.br\/site\/author\/marcio-miranda-pontes\/"}]}},"jetpack_featured_media_url":"https:\/\/www.sabra.org.br\/site\/wp-content\/uploads\/2020\/07\/x-series-sobre-musica-para-assistir-durante-a-quarentena-20200709133439.jpg.jpg","jetpack_shortlink":"https:\/\/wp.me\/p95j2Z-MZ","jetpack-related-posts":[{"id":2953,"url":"https:\/\/www.sabra.org.br\/site\/personalidade-e-musicas-favoritas\/","url_meta":{"origin":3037,"position":0},"title":"Personalidade e M\u00fasicas Favoritas","author":"M\u00e1rcio Miranda Pontes","date":"21 de maio de 2020","format":false,"excerpt":"[vc_row][vc_column][vc_column_text] Saiba como as suas m\u00fasicas favoritas dizem muito sobre a sua personalidade Quer conhecer algu\u00e9m? Ent\u00e3o, saiba o que tem na playlist dessa pessoa. N\u00e3o importa qual seja o estilo musical preferido: o gosto musical das pessoas diz muito sobre quem elas s\u00e3o e como demonstram sua personalidade. A\u2026","rel":"","context":"Em &quot;Blog SABRA&quot;","block_context":{"text":"Blog SABRA","link":"https:\/\/www.sabra.org.br\/site\/category\/blog-sabra\/"},"img":{"alt_text":"personalidade m\u00fasicas favoritas","src":"https:\/\/i0.wp.com\/www.sabra.org.br\/site\/wp-content\/uploads\/2020\/05\/saiba-como-as-suas-musicas-favoritas-dizem-muito-sobre-a-sua-personalidade-20200317174456.jpg.jpg?resize=350%2C200&ssl=1","width":350,"height":200,"srcset":"https:\/\/i0.wp.com\/www.sabra.org.br\/site\/wp-content\/uploads\/2020\/05\/saiba-como-as-suas-musicas-favoritas-dizem-muito-sobre-a-sua-personalidade-20200317174456.jpg.jpg?resize=350%2C200&ssl=1 1x, https:\/\/i0.wp.com\/www.sabra.org.br\/site\/wp-content\/uploads\/2020\/05\/saiba-como-as-suas-musicas-favoritas-dizem-muito-sobre-a-sua-personalidade-20200317174456.jpg.jpg?resize=525%2C300&ssl=1 1.5x, https:\/\/i0.wp.com\/www.sabra.org.br\/site\/wp-content\/uploads\/2020\/05\/saiba-como-as-suas-musicas-favoritas-dizem-muito-sobre-a-sua-personalidade-20200317174456.jpg.jpg?resize=700%2C400&ssl=1 2x"},"classes":[]},{"id":2924,"url":"https:\/\/www.sabra.org.br\/site\/isolamento-social-musica\/","url_meta":{"origin":3037,"position":1},"title":"M\u00fasica e isolamento social","author":"M\u00e1rcio Miranda Pontes","date":"8 de maio de 2020","format":false,"excerpt":"Entenda como a m\u00fasica pode ser uma \u00f3tima aliada para o entretenimento e ajudar no enfrentamento dessa fase de isolamento social, proporcionando diversos benef\u00edcios para a mente e o corpo.","rel":"","context":"Em &quot;Blog SABRA&quot;","block_context":{"text":"Blog SABRA","link":"https:\/\/www.sabra.org.br\/site\/category\/blog-sabra\/"},"img":{"alt_text":"isolamento-social-musica","src":"https:\/\/i0.wp.com\/www.sabra.org.br\/site\/wp-content\/uploads\/2020\/05\/a-musica-como-forma-de-distracao-durante-o-isolamento-social-20200504172804.jpg.jpg?resize=350%2C200&ssl=1","width":350,"height":200,"srcset":"https:\/\/i0.wp.com\/www.sabra.org.br\/site\/wp-content\/uploads\/2020\/05\/a-musica-como-forma-de-distracao-durante-o-isolamento-social-20200504172804.jpg.jpg?resize=350%2C200&ssl=1 1x, https:\/\/i0.wp.com\/www.sabra.org.br\/site\/wp-content\/uploads\/2020\/05\/a-musica-como-forma-de-distracao-durante-o-isolamento-social-20200504172804.jpg.jpg?resize=525%2C300&ssl=1 1.5x, https:\/\/i0.wp.com\/www.sabra.org.br\/site\/wp-content\/uploads\/2020\/05\/a-musica-como-forma-de-distracao-durante-o-isolamento-social-20200504172804.jpg.jpg?resize=700%2C400&ssl=1 2x"},"classes":[]},{"id":2477,"url":"https:\/\/www.sabra.org.br\/site\/material-didatico\/","url_meta":{"origin":3037,"position":2},"title":"Material Did\u00e1tico","author":"M\u00e1rcio Miranda Pontes","date":"6 de mar\u00e7o de 2020","format":false,"excerpt":"Escola de M\u00fasica SABRA Material did\u00e1tico Papel de M\u00fasica (9 pautas) Palestra \"M\u00fasica na Escola - Orquestra Sinf\u00f4nica\" \u00a0 \u00a0 Doe parte do seu Imposto de Renda 2020 para a Escola de M\u00fasica SABRA \u00a0 FIA - IRPF 2023 - DOE PARA A SABRA. Voc\u00ea escolhe onde parte de seu\u2026","rel":"","context":"Em &quot;Blog SABRA&quot;","block_context":{"text":"Blog SABRA","link":"https:\/\/www.sabra.org.br\/site\/category\/blog-sabra\/"},"img":{"alt_text":"FIA - Fundo da Inf\u00e2ncia e Adolesc\u00eancia","src":"https:\/\/i0.wp.com\/www.sabra.org.br\/site\/wp-content\/uploads\/2020\/02\/01-Novo-1.jpg?resize=350%2C200&ssl=1","width":350,"height":200,"srcset":"https:\/\/i0.wp.com\/www.sabra.org.br\/site\/wp-content\/uploads\/2020\/02\/01-Novo-1.jpg?resize=350%2C200&ssl=1 1x, https:\/\/i0.wp.com\/www.sabra.org.br\/site\/wp-content\/uploads\/2020\/02\/01-Novo-1.jpg?resize=525%2C300&ssl=1 1.5x, https:\/\/i0.wp.com\/www.sabra.org.br\/site\/wp-content\/uploads\/2020\/02\/01-Novo-1.jpg?resize=700%2C400&ssl=1 2x, https:\/\/i0.wp.com\/www.sabra.org.br\/site\/wp-content\/uploads\/2020\/02\/01-Novo-1.jpg?resize=1050%2C600&ssl=1 3x"},"classes":[]},{"id":2998,"url":"https:\/\/www.sabra.org.br\/site\/sabra-objetivos-da-organizacao\/","url_meta":{"origin":3037,"position":3},"title":"SABRA: Objetivos da Organiza\u00e7\u00e3o","author":"M\u00e1rcio Miranda Pontes","date":"11 de junho de 2020","format":false,"excerpt":"Voc\u00ea conhece o trabalho social promovido pela Sociedade Art\u00edstica Brasileira? Conhece seus objetivos? Neste post, voc\u00ea conhecer\u00e1 tudo isso, al\u00e9m dos projetos que levam Arte e Cultura para jovens e familiares.","rel":"","context":"Em &quot;Blog SABRA&quot;","block_context":{"text":"Blog SABRA","link":"https:\/\/www.sabra.org.br\/site\/category\/blog-sabra\/"},"img":{"alt_text":"SABRA-objetivos-organizacao","src":"https:\/\/i0.wp.com\/www.sabra.org.br\/site\/wp-content\/uploads\/2020\/06\/sociedade-artistica-brasileira-conheca-os-principais-objetivos-da-organizacao-20200602154116.jpg.jpg?resize=350%2C200&ssl=1","width":350,"height":200,"srcset":"https:\/\/i0.wp.com\/www.sabra.org.br\/site\/wp-content\/uploads\/2020\/06\/sociedade-artistica-brasileira-conheca-os-principais-objetivos-da-organizacao-20200602154116.jpg.jpg?resize=350%2C200&ssl=1 1x, https:\/\/i0.wp.com\/www.sabra.org.br\/site\/wp-content\/uploads\/2020\/06\/sociedade-artistica-brasileira-conheca-os-principais-objetivos-da-organizacao-20200602154116.jpg.jpg?resize=525%2C300&ssl=1 1.5x, https:\/\/i0.wp.com\/www.sabra.org.br\/site\/wp-content\/uploads\/2020\/06\/sociedade-artistica-brasileira-conheca-os-principais-objetivos-da-organizacao-20200602154116.jpg.jpg?resize=700%2C400&ssl=1 2x"},"classes":[]},{"id":2993,"url":"https:\/\/www.sabra.org.br\/site\/motivos-para-doar-para-a-sabra\/","url_meta":{"origin":3037,"position":4},"title":"Motivos para doar para a SABRA","author":"M\u00e1rcio Miranda Pontes","date":"10 de junho de 2020","format":false,"excerpt":"Fazer o bem para outras pessoas atrav\u00e9s de uma doa\u00e7\u00e3o para a SABRA tem as suas vantagens, voc\u00ea sabia? Veja neste conte\u00fado alguns motivos para voc\u00ea doar o quanto pode para essa institui\u00e7\u00e3o t\u00e3o importante!","rel":"","context":"Em &quot;Blog SABRA&quot;","block_context":{"text":"Blog SABRA","link":"https:\/\/www.sabra.org.br\/site\/category\/blog-sabra\/"},"img":{"alt_text":"doar-sabra","src":"https:\/\/i0.wp.com\/www.sabra.org.br\/site\/wp-content\/uploads\/2020\/06\/x-motivos-para-voce-fazer-uma-doacao-para-a-sabra-hoje-mesmo-20200602154116.jpg-2.jpg?resize=350%2C200&ssl=1","width":350,"height":200,"srcset":"https:\/\/i0.wp.com\/www.sabra.org.br\/site\/wp-content\/uploads\/2020\/06\/x-motivos-para-voce-fazer-uma-doacao-para-a-sabra-hoje-mesmo-20200602154116.jpg-2.jpg?resize=350%2C200&ssl=1 1x, https:\/\/i0.wp.com\/www.sabra.org.br\/site\/wp-content\/uploads\/2020\/06\/x-motivos-para-voce-fazer-uma-doacao-para-a-sabra-hoje-mesmo-20200602154116.jpg-2.jpg?resize=525%2C300&ssl=1 1.5x, https:\/\/i0.wp.com\/www.sabra.org.br\/site\/wp-content\/uploads\/2020\/06\/x-motivos-para-voce-fazer-uma-doacao-para-a-sabra-hoje-mesmo-20200602154116.jpg-2.jpg?resize=700%2C400&ssl=1 2x"},"classes":[]},{"id":2631,"url":"https:\/\/www.sabra.org.br\/site\/musica-digital\/","url_meta":{"origin":3037,"position":5},"title":"M\u00fasica Digital","author":"M\u00e1rcio Miranda Pontes","date":"27 de mar\u00e7o de 2020","format":false,"excerpt":"Entenda como a tecnologia e a m\u00fasica digital ampliaram o acesso de diversas pessoas \u00e0 m\u00fasica, ampliando seus horizontes culturais e proporcionando grandes benef\u00edcios sociais e humanos. Conhe\u00e7a nossos projetos de orquestras e escola de m\u00fasica.","rel":"","context":"Em &quot;Blog SABRA&quot;","block_context":{"text":"Blog SABRA","link":"https:\/\/www.sabra.org.br\/site\/category\/blog-sabra\/"},"img":{"alt_text":"musica-digital","src":"https:\/\/i0.wp.com\/www.sabra.org.br\/site\/wp-content\/uploads\/2020\/03\/uso-da-musica-digital-para-apresentar-o-mundo-musical-para-novas-pessoas-20200110125630.jpg.jpg?resize=350%2C200&ssl=1","width":350,"height":200,"srcset":"https:\/\/i0.wp.com\/www.sabra.org.br\/site\/wp-content\/uploads\/2020\/03\/uso-da-musica-digital-para-apresentar-o-mundo-musical-para-novas-pessoas-20200110125630.jpg.jpg?resize=350%2C200&ssl=1 1x, https:\/\/i0.wp.com\/www.sabra.org.br\/site\/wp-content\/uploads\/2020\/03\/uso-da-musica-digital-para-apresentar-o-mundo-musical-para-novas-pessoas-20200110125630.jpg.jpg?resize=525%2C300&ssl=1 1.5x, https:\/\/i0.wp.com\/www.sabra.org.br\/site\/wp-content\/uploads\/2020\/03\/uso-da-musica-digital-para-apresentar-o-mundo-musical-para-novas-pessoas-20200110125630.jpg.jpg?resize=700%2C400&ssl=1 2x"},"classes":[]}],"jetpack_likes_enabled":true,"jetpack_sharing_enabled":true,"_links":{"self":[{"href":"https:\/\/www.sabra.org.br\/site\/wp-json\/wp\/v2\/posts\/3037","targetHints":{"allow":["GET"]}}],"collection":[{"href":"https:\/\/www.sabra.org.br\/site\/wp-json\/wp\/v2\/posts"}],"about":[{"href":"https:\/\/www.sabra.org.br\/site\/wp-json\/wp\/v2\/types\/post"}],"author":[{"embeddable":true,"href":"https:\/\/www.sabra.org.br\/site\/wp-json\/wp\/v2\/users\/39"}],"replies":[{"embeddable":true,"href":"https:\/\/www.sabra.org.br\/site\/wp-json\/wp\/v2\/comments?post=3037"}],"version-history":[{"count":0,"href":"https:\/\/www.sabra.org.br\/site\/wp-json\/wp\/v2\/posts\/3037\/revisions"}],"wp:featuredmedia":[{"embeddable":true,"href":"https:\/\/www.sabra.org.br\/site\/wp-json\/wp\/v2\/media\/3039"}],"wp:attachment":[{"href":"https:\/\/www.sabra.org.br\/site\/wp-json\/wp\/v2\/media?parent=3037"}],"wp:term":[{"taxonomy":"category","embeddable":true,"href":"https:\/\/www.sabra.org.br\/site\/wp-json\/wp\/v2\/categories?post=3037"},{"taxonomy":"post_tag","embeddable":true,"href":"https:\/\/www.sabra.org.br\/site\/wp-json\/wp\/v2\/tags?post=3037"}],"curies":[{"name":"wp","href":"https:\/\/api.w.org\/{rel}","templated":true}]}}