{"id":3052,"date":"2020-08-03T16:50:28","date_gmt":"2020-08-03T19:50:28","guid":{"rendered":"https:\/\/www.sabra.org.br\/site\/?p=3052"},"modified":"2025-04-18T10:49:28","modified_gmt":"2025-04-18T13:49:28","slug":"cursos-online","status":"publish","type":"post","link":"https:\/\/www.sabra.org.br\/site\/cursos-online\/","title":{"rendered":"Cursos de Arte e Cultura"},"content":{"rendered":"<p>[vc_row][vc_column][vc_column_text css=&#8221;&#8221;]<\/p>\n<h2>Cursos online sobre arte e cultura para voc\u00ea fazer durante a pandemia<\/h2>\n<p>Com o isolamento social, pr\u00e1tica recomendada para conter a dissemina\u00e7\u00e3o do Coronav\u00edrus, muitas institui\u00e7\u00f5es liberaram cursos para que a quarentena seja muito produtiva. Conhe\u00e7a cursos online sobre arte e cultura para voc\u00ea fazer durante a pandemia.<\/p>\n<p>Os cursos online s\u00e3o ideais para quem deseja alavancar a carreira, comprovar t\u00edtulos, comprovar horas de atividades complementares na faculdade ou agregar conhecimento.<\/p>\n<p>O diferencial entre os cursos com abordagens em arte e cultura \u00e9 que, de modo geral, eles n\u00e3o precisam de conhecimentos pr\u00e9vios e podem ser feitos por pessoas de diferentes \u00e1reas. Isso porque a cultura e a arte s\u00e3o bens comuns. Por isso, \u00e9 muito importante que as crian\u00e7as sejam apresentadas ao mundo art\u00edstico-cultural desde cedo, pois os benef\u00edcios s\u00e3o imensur\u00e1veis.<\/p>\n<p>Conhe\u00e7a cursos para as mais variadas idades, disponibilizados por institui\u00e7\u00f5es confi\u00e1veis e em plataforma 100% online. Em alguns cursos ainda \u00e9 poss\u00edvel solicitar certificado v\u00e1lido em todo territ\u00f3rio nacional. Confira:<\/p>\n<h2>Inicia\u00e7\u00e3o Musical &#8211; Escola de M\u00fasica SABRA<\/h2>\n<p>A Escola de M\u00fasica SABRA est\u00e1 disponibilizando semanalmente videoaulas de m\u00fasica. S\u00e3o aulas curtas e com temas espec\u00edficos. O conte\u00fado pode ser acessado gratuitamente no Youtube. Dentre os principais t\u00f3picos destacamos: Musicaliza\u00e7\u00e3o Infantil, Aprecia\u00e7\u00e3o Musical e Inicia\u00e7\u00e3o \u00e0 pr\u00e1tica de Instrumentos Musicais. Para saber mais, clique <a href=\"https:\/\/www.youtube.com\/channel\/UCJw-kbuEvzUNdeQf20Pa-eQ\/playlists\" target=\"_blank\" rel=\"noopener noreferrer\">aqui<\/a>.<\/p>\n<h2>Hist\u00f3ria e Cultura afro-brasileira \u2013 WR Educacional<\/h2>\n<p>O curso \u00e9 uma abordagem a respeito da import\u00e2ncia das ra\u00edzes africanas no contexto sociocultural brasileiro. Al\u00e9m de discutir importantes aspectos da heran\u00e7a deixada pela miscigena\u00e7\u00e3o dos povos.<\/p>\n<p>O conte\u00fado do curso pode ser acessado gratuitamente. No entanto, \u00e9 cobrada uma taxa para emiss\u00e3o do certificado, que \u00e9 opcional. Para mais informa\u00e7\u00f5es e inscri\u00e7\u00e3o, Clique <a href=\"\/\/www.wreducacional.com.br\/curso-de-historia-da-cultura-afro-brasileira\u201d\">aqui<\/a>.<\/p>\n<h2>Introdu\u00e7\u00e3o \u00e0s Artes C\u00eanicas &#8211; WR Educacional<\/h2>\n<p>Como o nome sugere, o curso \u00e9 para quem deseja iniciar os estudos em artes c\u00eanicas. O objetivo \u00e9 a compreens\u00e3o dos principais conceitos, princ\u00edpios e t\u00e9cnicas teatrais.<\/p>\n<p>Lembramos que o curso oferece certificado, mas o conte\u00fado do curso \u00e9 totalmente digital e gratuito. Somente \u00e9 cobrada uma taxa para emiss\u00e3o e envio do certificado. Para se inscrever e saber mais sobre o curso, clique <a href=\"\/\/www.wreducacional.com.br\/curso-de-introducao-as-artes-cenicas\u201d\">aqui<\/a><\/p>\n<h2>Artes Pl\u00e1sticas &#8211; CRG<\/h2>\n<p>O curso tem uma abordagem voltada para o ensino de Artes Pl\u00e1sticas, mas o p\u00fablico-alvo \u00e9 bem diverso, pois possui uma linguagem bastante acess\u00edvel. O conte\u00fado completo do curso pode ser acessado gratuitamente.<\/p>\n<p>Ao final \u00e9 poss\u00edvel solicitar o certificado, que \u00e9 v\u00e1lido em todo territ\u00f3rio nacional, mas a emiss\u00e3o n\u00e3o \u00e9 obrigat\u00f3ria. Para saber mais detalhes e realizar a matr\u00edcula, clique <a href=\"\/\/www.cursosrapidosgratis.com.br\/cursos\/educacao\/artes-pl-sticas\u201d\">aqui<\/a>.<\/p>\n<h2>Curso de Teoria Musical \u2013 Educa<\/h2>\n<p>A m\u00fasica \u00e9 universal. Especialistas defendem a musicaliza\u00e7\u00e3o infantil j\u00e1 nos primeiros anos de vida. Para quem quer iniciar os estudos musicais, a plataforma Educa Cursos Online \u00e9 uma boa op\u00e7\u00e3o.<\/p>\n<p>No portal, h\u00e1 curso de b\u00e1sico de canto, contrabaixo, teclado e viol\u00e3o popular. H\u00e1 tamb\u00e9m o curso de Teoria Musical para iniciantes. O acesso ao curso \u00e9 totalmente gr\u00e1tis, mas h\u00e1 uma taxa para emiss\u00e3o de certificado. Saiba mais <a href=\"\/\/www.cursosonlineeduca.com.br\/item\/Curso-Teoria-Musical-{47}-60-horas.html\u201d\">aqui<\/a> .<\/p>\n<h2>Artes como cultura, concep\u00e7\u00f5es e Problematiza\u00e7\u00f5es- Unesp<\/h2>\n<p>A Universidade Estadual Paulista tamb\u00e9m est\u00e1 disponibilizando conte\u00fado educativo gr\u00e1tis. O acesso \u00e9 feito por meio da plataforma UNESP Aberta, mas n\u00e3o se trata de cursos e, portanto, n\u00e3o tem tutoria e nem \u00e9 poss\u00edvel solicitar certificado.<\/p>\n<p>O curso sobre as artes como cultura, concep\u00e7\u00f5es e problematiza\u00e7\u00f5es \u00e9 voltado para professores que desejam trazer a abordagem art\u00edstica para a sala de aula. \u00c9, portanto, um curso para aperfei\u00e7oamento profissional.<\/p>\n<p>Para saber mais sobre os cursos online oferecidos pela Unesp clique <a href=\"\/\/unespaberta.ead.unesp.br\/index.php\/conteudo\/item\/266-accp\u201d\">aqui<\/a>.<\/p>\n<blockquote class=\"wp-embedded-content\" data-secret=\"7RkNrLb6yP\"><p><a href=\"https:\/\/www.sabra.org.br\/site\/literatura-diversidade\/\">Preconceito liter\u00e1rio: ser leitor \u00e9 apenas ler os cl\u00e1ssicos?<\/a><\/p><\/blockquote>\n<p><iframe class=\"wp-embedded-content\" sandbox=\"allow-scripts\" security=\"restricted\" style=\"position: absolute; visibility: hidden;\" title=\"&#8220;Preconceito liter\u00e1rio: ser leitor \u00e9 apenas ler os cl\u00e1ssicos?&#8221; &#8212; SABRA - Sociedade Art\u00edstica Brasileira\" src=\"https:\/\/www.sabra.org.br\/site\/literatura-diversidade\/embed\/#?secret=BFtpMNESSX#?secret=7RkNrLb6yP\" data-secret=\"7RkNrLb6yP\" width=\"600\" height=\"338\" frameborder=\"0\" marginwidth=\"0\" marginheight=\"0\" scrolling=\"no\"><\/iframe><\/p>\n<hr \/>\n<h2>Se voc\u00ea gostou deste post:<\/h2>\n<p>&#8211; SIGA as nossas p\u00e1ginas nas redes sociais para acompanhar as nossas atualiza\u00e7\u00f5es: estamos no <a href=\"https:\/\/www.facebook.com\/sabrabrasil\" target=\"_blank\" rel=\"noopener noreferrer\">Facebook<\/a>, no <a href=\"https:\/\/www.instagram.com\/sabrabrasil\/\" target=\"_blank\" rel=\"noopener noreferrer\">Instagram<\/a>, no <a href=\"https:\/\/www.linkedin.com\/company\/25002088\" target=\"_blank\" rel=\"noopener noreferrer\">LinkedIn<\/a>, no <a href=\"https:\/\/twitter.com\/ContatoSabra\" target=\"_blank\" rel=\"noopener noreferrer\">Twitter<\/a> e no <a href=\"https:\/\/www.youtube.com\/channel\/UCJw-kbuEvzUNdeQf20Pa-eQ\" target=\"_blank\" rel=\"noopener noreferrer\">YouTube<\/a>!<\/p>\n<p>&#8211; CONHE\u00c7A o trabalho da Sociedade Art\u00edstica Brasileira (SABRA) e todas as iniciativas culturais e sociais que ela mant\u00e9m. <a href=\"https:\/\/www.sabra.org.br\/site\/acoes\/\" target=\"_blank\" rel=\"noopener noreferrer\">Acesse nosso site!<\/a><\/p>\n<p>&#8211; ENTRE EM CONTATO com a gente. E veja quais s\u00e3o as op\u00e7\u00f5es de ajuda na manuten\u00e7\u00e3o de nossas a\u00e7\u00f5es sociais e culturais. Basta acessar nossa p\u00e1gina <a href=\"https:\/\/www.sabra.org.br\/site\/doe-agora\/\" target=\"_blank\" rel=\"noopener noreferrer\">Doe Agora!<\/a><\/p>\n<p>&#8211; COMPARTILHE este texto nas suas redes sociais e ajude os seus amigos a tamb\u00e9m dominarem o assunto![\/vc_column_text][\/vc_column][\/vc_row]<\/p>\n","protected":false},"excerpt":{"rendered":"<p>Conhe\u00e7a cursos sobre cultura e artes online gr\u00e1tis para fazer durante o per\u00edodo de isolamento e aproveite as horas livres para adquirir conhecimento.<\/p>\n","protected":false},"author":39,"featured_media":3053,"comment_status":"closed","ping_status":"closed","sticky":false,"template":"","format":"standard","meta":{"jetpack_post_was_ever_published":false,"_jetpack_newsletter_access":"","_jetpack_dont_email_post_to_subs":false,"_jetpack_newsletter_tier_id":0,"_jetpack_memberships_contains_paywalled_content":false,"_jetpack_memberships_contains_paid_content":false,"footnotes":""},"categories":[1],"tags":[15,8,1846,1285,16,1286,11,9],"class_list":["post-3052","post","type-post","status-publish","format-standard","has-post-thumbnail","hentry","category-blog-sabra","tag-assistencia-social","tag-canto-coral","tag-escola-de-musica-de-nova-lima","tag-escola-de-musica-sabra","tag-musicalizacao-infantil","tag-orquestra-infanto-juvenil-de-betim","tag-orquestra-sinfonica-de-betim","tag-sociedade-artistica-brasileira"],"yoast_head":"<!-- This site is optimized with the Yoast SEO plugin v27.5 - https:\/\/yoast.com\/product\/yoast-seo-wordpress\/ -->\n<title>Cursos Online de Arte e Cultura para Todos - SABRA - Sociedade Art\u00edstica Brasileira<\/title>\n<meta name=\"description\" content=\"Descubra cursos online de arte e cultura para aproveitar a quarentena e enriquecer seu conhecimento durante o isolamento social.\" \/>\n<meta name=\"robots\" content=\"index, follow, max-snippet:-1, max-image-preview:large, max-video-preview:-1\" \/>\n<link rel=\"canonical\" href=\"https:\/\/www.sabra.org.br\/site\/cursos-online\/\" \/>\n<meta property=\"og:locale\" content=\"pt_BR\" \/>\n<meta property=\"og:type\" content=\"article\" \/>\n<meta property=\"og:title\" content=\"Cursos Online de Arte e Cultura para Todos - SABRA - Sociedade Art\u00edstica Brasileira\" \/>\n<meta property=\"og:description\" content=\"Descubra cursos online de arte e cultura para aproveitar a quarentena e enriquecer seu conhecimento durante o isolamento social.\" \/>\n<meta property=\"og:url\" content=\"https:\/\/www.sabra.org.br\/site\/cursos-online\/\" \/>\n<meta property=\"og:site_name\" content=\"SABRA - Sociedade Art\u00edstica Brasileira\" \/>\n<meta property=\"article:publisher\" content=\"https:\/\/www.facebook.com\/sabrabrasil\" \/>\n<meta property=\"article:published_time\" content=\"2020-08-03T19:50:28+00:00\" \/>\n<meta property=\"article:modified_time\" content=\"2025-04-18T13:49:28+00:00\" \/>\n<meta property=\"og:image\" content=\"https:\/\/www.sabra.org.br\/site\/wp-content\/uploads\/2020\/08\/x-cursos-online-sobre-arte-e-cultura-para-voce-fazer-durante-a-pandemia-20200709133439.jpg.jpg\" \/>\n\t<meta property=\"og:image:width\" content=\"800\" \/>\n\t<meta property=\"og:image:height\" content=\"534\" \/>\n\t<meta property=\"og:image:type\" content=\"image\/jpeg\" \/>\n<meta name=\"author\" content=\"M\u00e1rcio Miranda Pontes\" \/>\n<meta name=\"twitter:card\" content=\"summary_large_image\" \/>\n<meta name=\"twitter:creator\" content=\"@ContatoSabra\" \/>\n<meta name=\"twitter:site\" content=\"@ContatoSabra\" \/>\n<meta name=\"twitter:label1\" content=\"Escrito por\" \/>\n\t<meta name=\"twitter:data1\" content=\"M\u00e1rcio Miranda Pontes\" \/>\n\t<meta name=\"twitter:label2\" content=\"Est. tempo de leitura\" \/>\n\t<meta name=\"twitter:data2\" content=\"4 minutos\" \/>\n<script type=\"application\/ld+json\" class=\"yoast-schema-graph\">{\"@context\":\"https:\\\/\\\/schema.org\",\"@graph\":[{\"@type\":\"Article\",\"@id\":\"https:\\\/\\\/www.sabra.org.br\\\/site\\\/cursos-online\\\/#article\",\"isPartOf\":{\"@id\":\"https:\\\/\\\/www.sabra.org.br\\\/site\\\/cursos-online\\\/\"},\"author\":{\"name\":\"M\u00e1rcio Miranda Pontes\",\"@id\":\"https:\\\/\\\/www.sabra.org.br\\\/site\\\/#\\\/schema\\\/person\\\/7d1d222c3c8891d4c37c7b41bf6315c2\"},\"headline\":\"Cursos de Arte e Cultura\",\"datePublished\":\"2020-08-03T19:50:28+00:00\",\"dateModified\":\"2025-04-18T13:49:28+00:00\",\"mainEntityOfPage\":{\"@id\":\"https:\\\/\\\/www.sabra.org.br\\\/site\\\/cursos-online\\\/\"},\"wordCount\":779,\"publisher\":{\"@id\":\"https:\\\/\\\/www.sabra.org.br\\\/site\\\/#organization\"},\"image\":{\"@id\":\"https:\\\/\\\/www.sabra.org.br\\\/site\\\/cursos-online\\\/#primaryimage\"},\"thumbnailUrl\":\"https:\\\/\\\/www.sabra.org.br\\\/site\\\/wp-content\\\/uploads\\\/2020\\\/08\\\/x-cursos-online-sobre-arte-e-cultura-para-voce-fazer-durante-a-pandemia-20200709133439.jpg.jpg\",\"keywords\":[\"Assist\u00eancia social\",\"Canto Coral\",\"Escola de M\u00fasica de Nova Lima\",\"Escola de Musica SABRA\",\"Musicaliza\u00e7\u00e3o Infantil\",\"Orquestra Infanto Juvenil de Betim\",\"Orquestra Sinf\u00f4nica de Betim\",\"Sociedade Art\u00edstica Brasileira\"],\"articleSection\":[\"Blog SABRA\"],\"inLanguage\":\"pt-BR\"},{\"@type\":\"WebPage\",\"@id\":\"https:\\\/\\\/www.sabra.org.br\\\/site\\\/cursos-online\\\/\",\"url\":\"https:\\\/\\\/www.sabra.org.br\\\/site\\\/cursos-online\\\/\",\"name\":\"Cursos Online de Arte e Cultura para Todos - SABRA - Sociedade Art\u00edstica Brasileira\",\"isPartOf\":{\"@id\":\"https:\\\/\\\/www.sabra.org.br\\\/site\\\/#website\"},\"primaryImageOfPage\":{\"@id\":\"https:\\\/\\\/www.sabra.org.br\\\/site\\\/cursos-online\\\/#primaryimage\"},\"image\":{\"@id\":\"https:\\\/\\\/www.sabra.org.br\\\/site\\\/cursos-online\\\/#primaryimage\"},\"thumbnailUrl\":\"https:\\\/\\\/www.sabra.org.br\\\/site\\\/wp-content\\\/uploads\\\/2020\\\/08\\\/x-cursos-online-sobre-arte-e-cultura-para-voce-fazer-durante-a-pandemia-20200709133439.jpg.jpg\",\"datePublished\":\"2020-08-03T19:50:28+00:00\",\"dateModified\":\"2025-04-18T13:49:28+00:00\",\"description\":\"Descubra cursos online de arte e cultura para aproveitar a quarentena e enriquecer seu conhecimento durante o isolamento social.\",\"breadcrumb\":{\"@id\":\"https:\\\/\\\/www.sabra.org.br\\\/site\\\/cursos-online\\\/#breadcrumb\"},\"inLanguage\":\"pt-BR\",\"potentialAction\":[{\"@type\":\"ReadAction\",\"target\":[\"https:\\\/\\\/www.sabra.org.br\\\/site\\\/cursos-online\\\/\"]}]},{\"@type\":\"ImageObject\",\"inLanguage\":\"pt-BR\",\"@id\":\"https:\\\/\\\/www.sabra.org.br\\\/site\\\/cursos-online\\\/#primaryimage\",\"url\":\"https:\\\/\\\/www.sabra.org.br\\\/site\\\/wp-content\\\/uploads\\\/2020\\\/08\\\/x-cursos-online-sobre-arte-e-cultura-para-voce-fazer-durante-a-pandemia-20200709133439.jpg.jpg\",\"contentUrl\":\"https:\\\/\\\/www.sabra.org.br\\\/site\\\/wp-content\\\/uploads\\\/2020\\\/08\\\/x-cursos-online-sobre-arte-e-cultura-para-voce-fazer-durante-a-pandemia-20200709133439.jpg.jpg\",\"width\":800,\"height\":534,\"caption\":\"Sociedade Art\u00edstica Brasileira SABRA\"},{\"@type\":\"BreadcrumbList\",\"@id\":\"https:\\\/\\\/www.sabra.org.br\\\/site\\\/cursos-online\\\/#breadcrumb\",\"itemListElement\":[{\"@type\":\"ListItem\",\"position\":1,\"name\":\"In\u00edcio\",\"item\":\"https:\\\/\\\/www.sabra.org.br\\\/site\\\/\"},{\"@type\":\"ListItem\",\"position\":2,\"name\":\"Cursos de Arte e Cultura\"}]},{\"@type\":\"WebSite\",\"@id\":\"https:\\\/\\\/www.sabra.org.br\\\/site\\\/#website\",\"url\":\"https:\\\/\\\/www.sabra.org.br\\\/site\\\/\",\"name\":\"SABRA - Sociedade Art\u00edstica Brasileira\",\"description\":\"Escola de M\u00fasica, Orquestra Sinf\u00f4nica, Coral e Patrim\u00f4nio Cultural e Hist\u00f3rico\",\"publisher\":{\"@id\":\"https:\\\/\\\/www.sabra.org.br\\\/site\\\/#organization\"},\"potentialAction\":[{\"@type\":\"SearchAction\",\"target\":{\"@type\":\"EntryPoint\",\"urlTemplate\":\"https:\\\/\\\/www.sabra.org.br\\\/site\\\/?s={search_term_string}\"},\"query-input\":{\"@type\":\"PropertyValueSpecification\",\"valueRequired\":true,\"valueName\":\"search_term_string\"}}],\"inLanguage\":\"pt-BR\"},{\"@type\":\"Organization\",\"@id\":\"https:\\\/\\\/www.sabra.org.br\\\/site\\\/#organization\",\"name\":\"SOCIEDADE ART\u00cdSTICA BRASILEIRA SABRA\",\"alternateName\":\"SABRA\",\"url\":\"https:\\\/\\\/www.sabra.org.br\\\/site\\\/\",\"logo\":{\"@type\":\"ImageObject\",\"inLanguage\":\"pt-BR\",\"@id\":\"https:\\\/\\\/www.sabra.org.br\\\/site\\\/#\\\/schema\\\/logo\\\/image\\\/\",\"url\":\"https:\\\/\\\/www.sabra.org.br\\\/site\\\/wp-content\\\/uploads\\\/2019\\\/06\\\/cropped-Logo_SABRA-Copia-1.webp\",\"contentUrl\":\"https:\\\/\\\/www.sabra.org.br\\\/site\\\/wp-content\\\/uploads\\\/2019\\\/06\\\/cropped-Logo_SABRA-Copia-1.webp\",\"width\":400,\"height\":128,\"caption\":\"SOCIEDADE ART\u00cdSTICA BRASILEIRA SABRA\"},\"image\":{\"@id\":\"https:\\\/\\\/www.sabra.org.br\\\/site\\\/#\\\/schema\\\/logo\\\/image\\\/\"},\"sameAs\":[\"https:\\\/\\\/www.facebook.com\\\/sabrabrasil\",\"https:\\\/\\\/x.com\\\/ContatoSabra\",\"https:\\\/\\\/www.instagram.com\\\/sabrabrasil\\\/\",\"https:\\\/\\\/www.linkedin.com\\\/company\\\/25002088\\\/\",\"https:\\\/\\\/br.pinterest.com\\\/sociedadeartisticabrasileira\\\/\",\"https:\\\/\\\/www.youtube.com\\\/c\\\/sabrabrasil\"]},{\"@type\":\"Person\",\"@id\":\"https:\\\/\\\/www.sabra.org.br\\\/site\\\/#\\\/schema\\\/person\\\/7d1d222c3c8891d4c37c7b41bf6315c2\",\"name\":\"M\u00e1rcio Miranda Pontes\",\"image\":{\"@type\":\"ImageObject\",\"inLanguage\":\"pt-BR\",\"@id\":\"https:\\\/\\\/secure.gravatar.com\\\/avatar\\\/3b45f24496a7625a3a6c436688fbe20344faaeb2979658dc4a9921f984d7df9a?s=96&d=mm&r=g\",\"url\":\"https:\\\/\\\/secure.gravatar.com\\\/avatar\\\/3b45f24496a7625a3a6c436688fbe20344faaeb2979658dc4a9921f984d7df9a?s=96&d=mm&r=g\",\"contentUrl\":\"https:\\\/\\\/secure.gravatar.com\\\/avatar\\\/3b45f24496a7625a3a6c436688fbe20344faaeb2979658dc4a9921f984d7df9a?s=96&d=mm&r=g\",\"caption\":\"M\u00e1rcio Miranda Pontes\"},\"sameAs\":[\"http:\\\/\\\/www.sabra.org.br\"],\"url\":\"https:\\\/\\\/www.sabra.org.br\\\/site\\\/author\\\/marcio-miranda-pontes\\\/\"}]}<\/script>\n<!-- \/ Yoast SEO plugin. -->","yoast_head_json":{"title":"Cursos Online de Arte e Cultura para Todos - SABRA - Sociedade Art\u00edstica Brasileira","description":"Descubra cursos online de arte e cultura para aproveitar a quarentena e enriquecer seu conhecimento durante o isolamento social.","robots":{"index":"index","follow":"follow","max-snippet":"max-snippet:-1","max-image-preview":"max-image-preview:large","max-video-preview":"max-video-preview:-1"},"canonical":"https:\/\/www.sabra.org.br\/site\/cursos-online\/","og_locale":"pt_BR","og_type":"article","og_title":"Cursos Online de Arte e Cultura para Todos - SABRA - Sociedade Art\u00edstica Brasileira","og_description":"Descubra cursos online de arte e cultura para aproveitar a quarentena e enriquecer seu conhecimento durante o isolamento social.","og_url":"https:\/\/www.sabra.org.br\/site\/cursos-online\/","og_site_name":"SABRA - Sociedade Art\u00edstica Brasileira","article_publisher":"https:\/\/www.facebook.com\/sabrabrasil","article_published_time":"2020-08-03T19:50:28+00:00","article_modified_time":"2025-04-18T13:49:28+00:00","og_image":[{"width":800,"height":534,"url":"https:\/\/www.sabra.org.br\/site\/wp-content\/uploads\/2020\/08\/x-cursos-online-sobre-arte-e-cultura-para-voce-fazer-durante-a-pandemia-20200709133439.jpg.jpg","type":"image\/jpeg"}],"author":"M\u00e1rcio Miranda Pontes","twitter_card":"summary_large_image","twitter_creator":"@ContatoSabra","twitter_site":"@ContatoSabra","twitter_misc":{"Escrito por":"M\u00e1rcio Miranda Pontes","Est. tempo de leitura":"4 minutos"},"schema":{"@context":"https:\/\/schema.org","@graph":[{"@type":"Article","@id":"https:\/\/www.sabra.org.br\/site\/cursos-online\/#article","isPartOf":{"@id":"https:\/\/www.sabra.org.br\/site\/cursos-online\/"},"author":{"name":"M\u00e1rcio Miranda Pontes","@id":"https:\/\/www.sabra.org.br\/site\/#\/schema\/person\/7d1d222c3c8891d4c37c7b41bf6315c2"},"headline":"Cursos de Arte e Cultura","datePublished":"2020-08-03T19:50:28+00:00","dateModified":"2025-04-18T13:49:28+00:00","mainEntityOfPage":{"@id":"https:\/\/www.sabra.org.br\/site\/cursos-online\/"},"wordCount":779,"publisher":{"@id":"https:\/\/www.sabra.org.br\/site\/#organization"},"image":{"@id":"https:\/\/www.sabra.org.br\/site\/cursos-online\/#primaryimage"},"thumbnailUrl":"https:\/\/www.sabra.org.br\/site\/wp-content\/uploads\/2020\/08\/x-cursos-online-sobre-arte-e-cultura-para-voce-fazer-durante-a-pandemia-20200709133439.jpg.jpg","keywords":["Assist\u00eancia social","Canto Coral","Escola de M\u00fasica de Nova Lima","Escola de Musica SABRA","Musicaliza\u00e7\u00e3o Infantil","Orquestra Infanto Juvenil de Betim","Orquestra Sinf\u00f4nica de Betim","Sociedade Art\u00edstica Brasileira"],"articleSection":["Blog SABRA"],"inLanguage":"pt-BR"},{"@type":"WebPage","@id":"https:\/\/www.sabra.org.br\/site\/cursos-online\/","url":"https:\/\/www.sabra.org.br\/site\/cursos-online\/","name":"Cursos Online de Arte e Cultura para Todos - SABRA - Sociedade Art\u00edstica Brasileira","isPartOf":{"@id":"https:\/\/www.sabra.org.br\/site\/#website"},"primaryImageOfPage":{"@id":"https:\/\/www.sabra.org.br\/site\/cursos-online\/#primaryimage"},"image":{"@id":"https:\/\/www.sabra.org.br\/site\/cursos-online\/#primaryimage"},"thumbnailUrl":"https:\/\/www.sabra.org.br\/site\/wp-content\/uploads\/2020\/08\/x-cursos-online-sobre-arte-e-cultura-para-voce-fazer-durante-a-pandemia-20200709133439.jpg.jpg","datePublished":"2020-08-03T19:50:28+00:00","dateModified":"2025-04-18T13:49:28+00:00","description":"Descubra cursos online de arte e cultura para aproveitar a quarentena e enriquecer seu conhecimento durante o isolamento social.","breadcrumb":{"@id":"https:\/\/www.sabra.org.br\/site\/cursos-online\/#breadcrumb"},"inLanguage":"pt-BR","potentialAction":[{"@type":"ReadAction","target":["https:\/\/www.sabra.org.br\/site\/cursos-online\/"]}]},{"@type":"ImageObject","inLanguage":"pt-BR","@id":"https:\/\/www.sabra.org.br\/site\/cursos-online\/#primaryimage","url":"https:\/\/www.sabra.org.br\/site\/wp-content\/uploads\/2020\/08\/x-cursos-online-sobre-arte-e-cultura-para-voce-fazer-durante-a-pandemia-20200709133439.jpg.jpg","contentUrl":"https:\/\/www.sabra.org.br\/site\/wp-content\/uploads\/2020\/08\/x-cursos-online-sobre-arte-e-cultura-para-voce-fazer-durante-a-pandemia-20200709133439.jpg.jpg","width":800,"height":534,"caption":"Sociedade Art\u00edstica Brasileira SABRA"},{"@type":"BreadcrumbList","@id":"https:\/\/www.sabra.org.br\/site\/cursos-online\/#breadcrumb","itemListElement":[{"@type":"ListItem","position":1,"name":"In\u00edcio","item":"https:\/\/www.sabra.org.br\/site\/"},{"@type":"ListItem","position":2,"name":"Cursos de Arte e Cultura"}]},{"@type":"WebSite","@id":"https:\/\/www.sabra.org.br\/site\/#website","url":"https:\/\/www.sabra.org.br\/site\/","name":"SABRA - Sociedade Art\u00edstica Brasileira","description":"Escola de M\u00fasica, Orquestra Sinf\u00f4nica, Coral e Patrim\u00f4nio Cultural e Hist\u00f3rico","publisher":{"@id":"https:\/\/www.sabra.org.br\/site\/#organization"},"potentialAction":[{"@type":"SearchAction","target":{"@type":"EntryPoint","urlTemplate":"https:\/\/www.sabra.org.br\/site\/?s={search_term_string}"},"query-input":{"@type":"PropertyValueSpecification","valueRequired":true,"valueName":"search_term_string"}}],"inLanguage":"pt-BR"},{"@type":"Organization","@id":"https:\/\/www.sabra.org.br\/site\/#organization","name":"SOCIEDADE ART\u00cdSTICA BRASILEIRA SABRA","alternateName":"SABRA","url":"https:\/\/www.sabra.org.br\/site\/","logo":{"@type":"ImageObject","inLanguage":"pt-BR","@id":"https:\/\/www.sabra.org.br\/site\/#\/schema\/logo\/image\/","url":"https:\/\/www.sabra.org.br\/site\/wp-content\/uploads\/2019\/06\/cropped-Logo_SABRA-Copia-1.webp","contentUrl":"https:\/\/www.sabra.org.br\/site\/wp-content\/uploads\/2019\/06\/cropped-Logo_SABRA-Copia-1.webp","width":400,"height":128,"caption":"SOCIEDADE ART\u00cdSTICA BRASILEIRA SABRA"},"image":{"@id":"https:\/\/www.sabra.org.br\/site\/#\/schema\/logo\/image\/"},"sameAs":["https:\/\/www.facebook.com\/sabrabrasil","https:\/\/x.com\/ContatoSabra","https:\/\/www.instagram.com\/sabrabrasil\/","https:\/\/www.linkedin.com\/company\/25002088\/","https:\/\/br.pinterest.com\/sociedadeartisticabrasileira\/","https:\/\/www.youtube.com\/c\/sabrabrasil"]},{"@type":"Person","@id":"https:\/\/www.sabra.org.br\/site\/#\/schema\/person\/7d1d222c3c8891d4c37c7b41bf6315c2","name":"M\u00e1rcio Miranda Pontes","image":{"@type":"ImageObject","inLanguage":"pt-BR","@id":"https:\/\/secure.gravatar.com\/avatar\/3b45f24496a7625a3a6c436688fbe20344faaeb2979658dc4a9921f984d7df9a?s=96&d=mm&r=g","url":"https:\/\/secure.gravatar.com\/avatar\/3b45f24496a7625a3a6c436688fbe20344faaeb2979658dc4a9921f984d7df9a?s=96&d=mm&r=g","contentUrl":"https:\/\/secure.gravatar.com\/avatar\/3b45f24496a7625a3a6c436688fbe20344faaeb2979658dc4a9921f984d7df9a?s=96&d=mm&r=g","caption":"M\u00e1rcio Miranda Pontes"},"sameAs":["http:\/\/www.sabra.org.br"],"url":"https:\/\/www.sabra.org.br\/site\/author\/marcio-miranda-pontes\/"}]}},"jetpack_featured_media_url":"https:\/\/www.sabra.org.br\/site\/wp-content\/uploads\/2020\/08\/x-cursos-online-sobre-arte-e-cultura-para-voce-fazer-durante-a-pandemia-20200709133439.jpg.jpg","jetpack_shortlink":"https:\/\/wp.me\/p95j2Z-Ne","jetpack-related-posts":[{"id":4601,"url":"https:\/\/www.sabra.org.br\/site\/cursos-sabra-2022\/","url_meta":{"origin":3052,"position":0},"title":"Lan\u00e7ados editais para cursos gratuitos de m\u00fasica","author":"M\u00e1rcio Miranda Pontes","date":"3 de fevereiro de 2022","format":false,"excerpt":"A SABRA est\u00e1 com editais abertos para os cursos de Canto Coral e Orquestra Sinf\u00f4nica. As inscri\u00e7\u00f5es ocorrem ao longo do m\u00eas de fevereiro.","rel":"","context":"Em &quot;Not\u00edcias&quot;","block_context":{"text":"Not\u00edcias","link":"https:\/\/www.sabra.org.br\/site\/category\/noticias\/"},"img":{"alt_text":"orquestra-sinf\u00f4nica-equipe-grupo-cursos-sabra","src":"https:\/\/i0.wp.com\/www.sabra.org.br\/site\/wp-content\/uploads\/2021\/08\/o-que-a-orquestra-sinfonica-ensina-sobre-trabalho-em-equipe-20210803101037.jpg.jpg?resize=350%2C200&ssl=1","width":350,"height":200,"srcset":"https:\/\/i0.wp.com\/www.sabra.org.br\/site\/wp-content\/uploads\/2021\/08\/o-que-a-orquestra-sinfonica-ensina-sobre-trabalho-em-equipe-20210803101037.jpg.jpg?resize=350%2C200&ssl=1 1x, https:\/\/i0.wp.com\/www.sabra.org.br\/site\/wp-content\/uploads\/2021\/08\/o-que-a-orquestra-sinfonica-ensina-sobre-trabalho-em-equipe-20210803101037.jpg.jpg?resize=525%2C300&ssl=1 1.5x, https:\/\/i0.wp.com\/www.sabra.org.br\/site\/wp-content\/uploads\/2021\/08\/o-que-a-orquestra-sinfonica-ensina-sobre-trabalho-em-equipe-20210803101037.jpg.jpg?resize=700%2C400&ssl=1 2x"},"classes":[]},{"id":2948,"url":"https:\/\/www.sabra.org.br\/site\/arte-cultura-youtube\/","url_meta":{"origin":3052,"position":1},"title":"Arte e Cultura no Youtube","author":"M\u00e1rcio Miranda Pontes","date":"15 de maio de 2020","format":false,"excerpt":"Muito aprendizado sem sair de casa: confira a nossa sele\u00e7\u00e3o com os 6 melhores canais sobre artes e cultura para assistir com a fam\u00edlia e viajar pelo mundo do conhecimento.","rel":"","context":"Em &quot;Blog SABRA&quot;","block_context":{"text":"Blog SABRA","link":"https:\/\/www.sabra.org.br\/site\/category\/blog-sabra\/"},"img":{"alt_text":"youtube-arte-cultura","src":"https:\/\/i0.wp.com\/www.sabra.org.br\/site\/wp-content\/uploads\/2020\/05\/os-melhores-canais-no-youtube-sobre-arte-e-cultura-para-voce-acompanhar-20200317174456.jpg.jpg?resize=350%2C200&ssl=1","width":350,"height":200,"srcset":"https:\/\/i0.wp.com\/www.sabra.org.br\/site\/wp-content\/uploads\/2020\/05\/os-melhores-canais-no-youtube-sobre-arte-e-cultura-para-voce-acompanhar-20200317174456.jpg.jpg?resize=350%2C200&ssl=1 1x, https:\/\/i0.wp.com\/www.sabra.org.br\/site\/wp-content\/uploads\/2020\/05\/os-melhores-canais-no-youtube-sobre-arte-e-cultura-para-voce-acompanhar-20200317174456.jpg.jpg?resize=525%2C300&ssl=1 1.5x, https:\/\/i0.wp.com\/www.sabra.org.br\/site\/wp-content\/uploads\/2020\/05\/os-melhores-canais-no-youtube-sobre-arte-e-cultura-para-voce-acompanhar-20200317174456.jpg.jpg?resize=700%2C400&ssl=1 2x"},"classes":[]},{"id":6991,"url":"https:\/\/www.sabra.org.br\/site\/cursar-musica\/","url_meta":{"origin":3052,"position":2},"title":"Quais s\u00e3o as mat\u00e9rias de um curso de gradua\u00e7\u00e3o em m\u00fasica?","author":"M\u00e1rcio Miranda Pontes","date":"28 de abril de 2023","format":false,"excerpt":"O que ser\u00e1 que se estuda em um curso superior de M\u00fasica? Ser\u00e1 que as disciplinas s\u00e3o iguais em todas as faculdades? Saiba isso e muito mais no novo texto!","rel":"","context":"Em &quot;Blog SABRA&quot;","block_context":{"text":"Blog SABRA","link":"https:\/\/www.sabra.org.br\/site\/category\/blog-sabra\/"},"img":{"alt_text":"cursar-m\u00fasica-mat\u00e9rias-grade-musical-sociais-voltada","src":"https:\/\/i0.wp.com\/www.sabra.org.br\/site\/wp-content\/uploads\/2023\/04\/graduacao-em-musica.jpg?resize=350%2C200&ssl=1","width":350,"height":200,"srcset":"https:\/\/i0.wp.com\/www.sabra.org.br\/site\/wp-content\/uploads\/2023\/04\/graduacao-em-musica.jpg?resize=350%2C200&ssl=1 1x, https:\/\/i0.wp.com\/www.sabra.org.br\/site\/wp-content\/uploads\/2023\/04\/graduacao-em-musica.jpg?resize=525%2C300&ssl=1 1.5x, https:\/\/i0.wp.com\/www.sabra.org.br\/site\/wp-content\/uploads\/2023\/04\/graduacao-em-musica.jpg?resize=700%2C400&ssl=1 2x, https:\/\/i0.wp.com\/www.sabra.org.br\/site\/wp-content\/uploads\/2023\/04\/graduacao-em-musica.jpg?resize=1050%2C600&ssl=1 3x"},"classes":[]},{"id":11411,"url":"https:\/\/www.sabra.org.br\/site\/musicalizacao-coral-infantil-2025\/","url_meta":{"origin":3052,"position":3},"title":"SABRA cursos gratuitos de musicaliza\u00e7\u00e3o e coral infantil","author":"M\u00e1rcio Miranda Pontes","date":"13 de mar\u00e7o de 2025","format":false,"excerpt":"Participe do projeto 'M\u00fasica Inclusiva' e conhe\u00e7a os cursos de musicaliza\u00e7\u00e3o dispon\u00edveis para todas as idades.","rel":"","context":"Em &quot;Not\u00edcias&quot;","block_context":{"text":"Not\u00edcias","link":"https:\/\/www.sabra.org.br\/site\/category\/noticias\/"},"img":{"alt_text":"musicaliza\u00e7\u00e3o-coral-infantil-curso b\u00e1sico de m\u00fasica-curso intermedi\u00e1rio de m\u00fasica","src":"https:\/\/i0.wp.com\/www.sabra.org.br\/site\/wp-content\/uploads\/2025\/03\/Musicalizacao.jpg?resize=350%2C200&ssl=1","width":350,"height":200,"srcset":"https:\/\/i0.wp.com\/www.sabra.org.br\/site\/wp-content\/uploads\/2025\/03\/Musicalizacao.jpg?resize=350%2C200&ssl=1 1x, https:\/\/i0.wp.com\/www.sabra.org.br\/site\/wp-content\/uploads\/2025\/03\/Musicalizacao.jpg?resize=525%2C300&ssl=1 1.5x, https:\/\/i0.wp.com\/www.sabra.org.br\/site\/wp-content\/uploads\/2025\/03\/Musicalizacao.jpg?resize=700%2C400&ssl=1 2x, https:\/\/i0.wp.com\/www.sabra.org.br\/site\/wp-content\/uploads\/2025\/03\/Musicalizacao.jpg?resize=1050%2C600&ssl=1 3x, https:\/\/i0.wp.com\/www.sabra.org.br\/site\/wp-content\/uploads\/2025\/03\/Musicalizacao.jpg?resize=1400%2C800&ssl=1 4x"},"classes":[]},{"id":6770,"url":"https:\/\/www.sabra.org.br\/site\/musicalizacao2023\/","url_meta":{"origin":3052,"position":4},"title":"Musicaliza\u00e7\u00e3o e Coral Infantil","author":"M\u00e1rcio Miranda Pontes","date":"21 de mar\u00e7o de 2023","format":false,"excerpt":"A Sociedade Art\u00edstica Brasileira (SABRA) est\u00e1 selecionando estudantes para o Curso de Musicaliza\u00e7\u00e3o Infantil. S\u00e3o 620 vagas. Podem participar estudantes regularmente matriculados no 2\u00ba \u00a0ano do Ensino Fundamental I. As inscri\u00e7\u00f5es come\u00e7am no dia 21 e v\u00e3o at\u00e9 30 de mar\u00e7o.","rel":"","context":"Em &quot;Not\u00edcias&quot;","block_context":{"text":"Not\u00edcias","link":"https:\/\/www.sabra.org.br\/site\/category\/noticias\/"},"img":{"alt_text":"Musicaliza\u00e7\u00e3o-violino-viola-cordas-sabra","src":"https:\/\/i0.wp.com\/www.sabra.org.br\/site\/wp-content\/uploads\/2023\/03\/Musicalizacao-2.jpg?resize=350%2C200&ssl=1","width":350,"height":200,"srcset":"https:\/\/i0.wp.com\/www.sabra.org.br\/site\/wp-content\/uploads\/2023\/03\/Musicalizacao-2.jpg?resize=350%2C200&ssl=1 1x, https:\/\/i0.wp.com\/www.sabra.org.br\/site\/wp-content\/uploads\/2023\/03\/Musicalizacao-2.jpg?resize=525%2C300&ssl=1 1.5x, https:\/\/i0.wp.com\/www.sabra.org.br\/site\/wp-content\/uploads\/2023\/03\/Musicalizacao-2.jpg?resize=700%2C400&ssl=1 2x, https:\/\/i0.wp.com\/www.sabra.org.br\/site\/wp-content\/uploads\/2023\/03\/Musicalizacao-2.jpg?resize=1050%2C600&ssl=1 3x, https:\/\/i0.wp.com\/www.sabra.org.br\/site\/wp-content\/uploads\/2023\/03\/Musicalizacao-2.jpg?resize=1400%2C800&ssl=1 4x"},"classes":[]},{"id":6773,"url":"https:\/\/www.sabra.org.br\/site\/orquestra2023\/","url_meta":{"origin":3052,"position":5},"title":"Orquestra Sinf\u00f4nica de Betim 2023","author":"M\u00e1rcio Miranda Pontes","date":"21 de mar\u00e7o de 2023","format":false,"excerpt":"A Sociedade Art\u00edstica Brasileira (SABRA) est\u00e1 com vagas abertas para o curso de Orquestra Sinf\u00f4nica. S\u00e3o 55 vagas abertas, sendo 53 para instrumentistas e duas para assistente de produ\u00e7\u00e3o. Podem participar candidatos com 16 anos ou mais, que morem na Regi\u00e3o Metropolitana de Belo Horizonte. \u00c9 preciso comprovar conhecimento dos\u2026","rel":"","context":"Em &quot;Not\u00edcias&quot;","block_context":{"text":"Not\u00edcias","link":"https:\/\/www.sabra.org.br\/site\/category\/noticias\/"},"img":{"alt_text":"orquestra-sinf\u00f4nica-sabra-betim-escola-m\u00fasica","src":"https:\/\/i0.wp.com\/www.sabra.org.br\/site\/wp-content\/uploads\/2023\/03\/Orquestra-Sinfonica-1.jpg?resize=350%2C200&ssl=1","width":350,"height":200,"srcset":"https:\/\/i0.wp.com\/www.sabra.org.br\/site\/wp-content\/uploads\/2023\/03\/Orquestra-Sinfonica-1.jpg?resize=350%2C200&ssl=1 1x, https:\/\/i0.wp.com\/www.sabra.org.br\/site\/wp-content\/uploads\/2023\/03\/Orquestra-Sinfonica-1.jpg?resize=525%2C300&ssl=1 1.5x, https:\/\/i0.wp.com\/www.sabra.org.br\/site\/wp-content\/uploads\/2023\/03\/Orquestra-Sinfonica-1.jpg?resize=700%2C400&ssl=1 2x, https:\/\/i0.wp.com\/www.sabra.org.br\/site\/wp-content\/uploads\/2023\/03\/Orquestra-Sinfonica-1.jpg?resize=1050%2C600&ssl=1 3x, https:\/\/i0.wp.com\/www.sabra.org.br\/site\/wp-content\/uploads\/2023\/03\/Orquestra-Sinfonica-1.jpg?resize=1400%2C800&ssl=1 4x"},"classes":[]}],"jetpack_likes_enabled":true,"jetpack_sharing_enabled":true,"_links":{"self":[{"href":"https:\/\/www.sabra.org.br\/site\/wp-json\/wp\/v2\/posts\/3052","targetHints":{"allow":["GET"]}}],"collection":[{"href":"https:\/\/www.sabra.org.br\/site\/wp-json\/wp\/v2\/posts"}],"about":[{"href":"https:\/\/www.sabra.org.br\/site\/wp-json\/wp\/v2\/types\/post"}],"author":[{"embeddable":true,"href":"https:\/\/www.sabra.org.br\/site\/wp-json\/wp\/v2\/users\/39"}],"replies":[{"embeddable":true,"href":"https:\/\/www.sabra.org.br\/site\/wp-json\/wp\/v2\/comments?post=3052"}],"version-history":[{"count":0,"href":"https:\/\/www.sabra.org.br\/site\/wp-json\/wp\/v2\/posts\/3052\/revisions"}],"wp:featuredmedia":[{"embeddable":true,"href":"https:\/\/www.sabra.org.br\/site\/wp-json\/wp\/v2\/media\/3053"}],"wp:attachment":[{"href":"https:\/\/www.sabra.org.br\/site\/wp-json\/wp\/v2\/media?parent=3052"}],"wp:term":[{"taxonomy":"category","embeddable":true,"href":"https:\/\/www.sabra.org.br\/site\/wp-json\/wp\/v2\/categories?post=3052"},{"taxonomy":"post_tag","embeddable":true,"href":"https:\/\/www.sabra.org.br\/site\/wp-json\/wp\/v2\/tags?post=3052"}],"curies":[{"name":"wp","href":"https:\/\/api.w.org\/{rel}","templated":true}]}}