{"id":3058,"date":"2020-08-10T11:09:09","date_gmt":"2020-08-10T14:09:09","guid":{"rendered":"https:\/\/www.sabra.org.br\/site\/?p=3058"},"modified":"2020-08-10T11:21:44","modified_gmt":"2020-08-10T14:21:44","slug":"profissional-da-arte-e-isolamento-social","status":"publish","type":"post","link":"https:\/\/www.sabra.org.br\/site\/profissional-da-arte-e-isolamento-social\/","title":{"rendered":"Profissional da Arte e isolamento social"},"content":{"rendered":"<p>[vc_row][vc_column][vc_column_text]<\/p>\n<h2>Os impactos do isolamento para os profissionais da arte<\/h2>\n<p>Apesar de ter paralisado todos os setores do mercado, o impacto da Covid-19 entre profissionais da arte ainda \u00e9 imprevis\u00edvel de se mensurar.<\/p>\n<p>Apresentando n\u00edveis preocupantes de desemprego h\u00e1 alguns anos, o Brasil registra aumento da parcela da popula\u00e7\u00e3o sem ocupa\u00e7\u00e3o formal remunerada. N\u00fameros que atingem a todos, principalmente profissionais do setor art\u00edstico.<\/p>\n<p>Como a maioria das profiss\u00f5es da arte necessitam de aglomera\u00e7\u00f5es para serem praticadas, como por exemplo, shows, espet\u00e1culos de teatro, musicais etc., muitos artistas se veem rendidos ao surto do novo Coronav\u00edrus. A paralisa\u00e7\u00e3o impediu n\u00e3o s\u00f3 a execu\u00e7\u00e3o das atra\u00e7\u00f5es, como os planos futuros para a arte.<\/p>\n<p>Para diminuir parte do efeito negativo do isolamento social, alguns artistas tiveram que reinventar seus processos de produ\u00e7\u00e3o. Apesar da pandemia n\u00e3o ter afetado os mais famosos do cen\u00e1rio art\u00edstico brasileiro, artistas locais e independentes est\u00e3o vendo seus projetos serem aposentados e cancelados.<\/p>\n<h2>M\u00fasica<\/h2>\n<p>Profissionais da m\u00fasica, desde os mais reconhecidos nacionalmente at\u00e9 os que atingem menor p\u00fablico, est\u00e3o investindo em transmiss\u00e3o virtual de shows. As lives, ou seja, apresenta\u00e7\u00f5es virtuais feitas por meio de redes sociais, mesmo n\u00e3o sendo patrocinadas por grandes marcas, recebem incentivo financeiro de f\u00e3s e seguidores dos artistas.<\/p>\n<h2>Dan\u00e7a e Literatura<\/h2>\n<p>Alguns profissionais de dan\u00e7a utilizam suas habilidades para ensinar outras pessoas a arte da pr\u00e1tica, por meio de transmiss\u00f5es ao vivo por aplicativos ou v\u00eddeos gravados. J\u00e1 os escritores e escritoras do pa\u00eds e do mundo, optaram, em sua maioria, pela venda online de suas obras.<\/p>\n<h2>Impacto negativo do isolamento social para a classe art\u00edstica<\/h2>\n<p>Dentre todos os efeitos da pandemia, os principais impactos negativos do isolamento social para classe art\u00edstica s\u00e3o:<\/p>\n<p>1. Perda de visibilidade: boa parte da reputa\u00e7\u00e3o e fama de um artista \u00e9 constru\u00edda a partir da presen\u00e7a em eventos, atua\u00e7\u00e3o conjunta com outros profissionais e propagandas. Com o surto do novo Coronav\u00edrus, muitos artistas est\u00e3o perdendo visibilidade no cen\u00e1rio que atuam;<\/p>\n<p>2. Cancelamento de projetos: todos os projetos da classe art\u00edstica que necessitam de aglomera\u00e7\u00f5es e grandes concentra\u00e7\u00f5es de pessoas foram cancelados ou adiados pelas produtoras. O peso da decis\u00e3o para os artistas envolvidos \u00e9 imensur\u00e1vel;<\/p>\n<p>3. Falta de ensaios: reunir artistas para ensaiar espet\u00e1culos, shows ou outros tipos de apresenta\u00e7\u00f5es \u00e9 imposs\u00edvel, atualmente. Para seguir as recomenda\u00e7\u00f5es dos \u00f3rg\u00e3os de sa\u00fade, muitos est\u00e3o buscando treinar como podem, por meio de reuni\u00f5es virtuais e v\u00eddeo-chamadas.<\/p>\n<h2>Pr\u00e9-venda de apresenta\u00e7\u00f5es ou aulas presenciais<\/h2>\n<p>Muitos artistas e produtoras voltaram-se \u00e0 pr\u00e9-venda de ingressos para garantir capital e n\u00e3o declararem fal\u00eancia.<\/p>\n<p>Al\u00e9m disso, profissionais da arte est\u00e3o oferecendo aulas online, enquanto as escolas n\u00e3o retomam as atividades e pacotes de aulas presenciais, para quando os estabelecimentos voltarem a normalidade.<\/p>\n<h2>Lei de Emerg\u00eancia Cultural<\/h2>\n<p>Para auxiliar na situa\u00e7\u00e3o, foi confirmada a destina\u00e7\u00e3o de R$ 3,6 bilh\u00f5es de reais para o fundo de Emerg\u00eancia Cultural. A medida visa apoiar os profissionais do setor cultural durante a pandemia e isolamento social, destinando um aux\u00edlio de R$ 600 para os trabalhadores informais da \u00e1rea.<\/p>\n<p>O valor pretende abranger:<\/p>\n<p>&#8211; Produtores;<br \/>\n&#8211; T\u00e9cnicos;<br \/>\n&#8211; Artistas;<br \/>\n&#8211; Oficineiros;<br \/>\n&#8211; Professores de institutos de arte;<br \/>\n&#8211; Entre outros.<\/p>\n<hr \/>\n<h2>Se voc\u00ea gostou deste post:<\/h2>\n<p>&#8211; SIGA as nossas p\u00e1ginas nas redes sociais para acompanhar as nossas atualiza\u00e7\u00f5es: estamos no <a href=\"https:\/\/www.facebook.com\/sabrabrasil\" target=\"_blank\" rel=\"noopener noreferrer\">Facebook<\/a>, no <a href=\"https:\/\/www.instagram.com\/sabrabrasil\/\" target=\"_blank\" rel=\"noopener noreferrer\">Instagram<\/a>, no <a href=\"https:\/\/www.linkedin.com\/company\/25002088\" target=\"_blank\" rel=\"noopener noreferrer\">LinkedIn<\/a>, no <a href=\"https:\/\/twitter.com\/ContatoSabra\" target=\"_blank\" rel=\"noopener noreferrer\">Twitter<\/a> e no <a href=\"https:\/\/www.youtube.com\/channel\/UCJw-kbuEvzUNdeQf20Pa-eQ\" target=\"_blank\" rel=\"noopener noreferrer\">YouTube<\/a>!<\/p>\n<p>&#8211; CONHE\u00c7A o trabalho da Sociedade Art\u00edstica Brasileira (SABRA) e todas as iniciativas culturais e sociais que ela mant\u00e9m. <a href=\"https:\/\/www.sabra.org.br\/site\/acoes\/\" target=\"_blank\" rel=\"noopener noreferrer\">Acesse nosso site!<\/a><\/p>\n<p>&#8211; ENTRE EM CONTATO com a gente. E veja quais s\u00e3o as op\u00e7\u00f5es de ajuda na manuten\u00e7\u00e3o de nossas a\u00e7\u00f5es sociais e culturais. Basta acessar nossa p\u00e1gina <a href=\"https:\/\/www.sabra.org.br\/site\/doe-agora\/\" target=\"_blank\" rel=\"noopener noreferrer\">Doe Agora!<\/a><\/p>\n<p>&#8211; COMPARTILHE este texto nas suas redes sociais e ajude os seus amigos a tamb\u00e9m dominarem o assunto![\/vc_column_text][\/vc_column][\/vc_row]<\/p>\n","protected":false},"excerpt":{"rendered":"<p>Veja de que forma o isolamento social impacta os profissionais da arte: como a maioria est\u00e1 lidando com a pandemia e seus projetos futuros e quais s\u00e3o os profissionais mais afetados pela paralisa\u00e7\u00e3o.<\/p>\n","protected":false},"author":39,"featured_media":3060,"comment_status":"closed","ping_status":"closed","sticky":false,"template":"","format":"standard","meta":{"jetpack_post_was_ever_published":false,"_jetpack_newsletter_access":"","_jetpack_dont_email_post_to_subs":false,"_jetpack_newsletter_tier_id":0,"_jetpack_memberships_contains_paywalled_content":false,"_jetpack_memberships_contains_paid_content":false,"footnotes":""},"categories":[1],"tags":[15,8,1846,1285,16,1286,11,9],"class_list":["post-3058","post","type-post","status-publish","format-standard","has-post-thumbnail","hentry","category-blog-sabra","tag-assistencia-social","tag-canto-coral","tag-escola-de-musica-de-nova-lima","tag-escola-de-musica-sabra","tag-musicalizacao-infantil","tag-orquestra-infanto-juvenil-de-betim","tag-orquestra-sinfonica-de-betim","tag-sociedade-artistica-brasileira"],"yoast_head":"<!-- This site is optimized with the Yoast SEO plugin v27.5 - https:\/\/yoast.com\/product\/yoast-seo-wordpress\/ -->\n<title>Profissional da Arte e isolamento social - SABRA - Sociedade Art\u00edstica Brasileira<\/title>\n<meta name=\"description\" content=\"Veja de que forma o isolamento social impacta os profissionais da arte: como est\u00e3o lidando com a pandemia e seus projetos futuros.\" \/>\n<meta name=\"robots\" content=\"index, follow, max-snippet:-1, max-image-preview:large, max-video-preview:-1\" \/>\n<link rel=\"canonical\" href=\"https:\/\/www.sabra.org.br\/site\/profissional-da-arte-e-isolamento-social\/\" \/>\n<meta property=\"og:locale\" content=\"pt_BR\" \/>\n<meta property=\"og:type\" content=\"article\" \/>\n<meta property=\"og:title\" content=\"Profissional da Arte e isolamento social - SABRA - Sociedade Art\u00edstica Brasileira\" \/>\n<meta property=\"og:description\" content=\"Veja de que forma o isolamento social impacta os profissionais da arte: como est\u00e3o lidando com a pandemia e seus projetos futuros.\" \/>\n<meta property=\"og:url\" content=\"https:\/\/www.sabra.org.br\/site\/profissional-da-arte-e-isolamento-social\/\" \/>\n<meta property=\"og:site_name\" content=\"SABRA - Sociedade Art\u00edstica Brasileira\" \/>\n<meta property=\"article:publisher\" content=\"https:\/\/www.facebook.com\/sabrabrasil\" \/>\n<meta property=\"article:published_time\" content=\"2020-08-10T14:09:09+00:00\" \/>\n<meta property=\"article:modified_time\" content=\"2020-08-10T14:21:44+00:00\" \/>\n<meta property=\"og:image\" content=\"https:\/\/i0.wp.com\/www.sabra.org.br\/site\/wp-content\/uploads\/2020\/08\/os-impactos-do-isolamento-para-os-profissionais-da-arte-20200709133439.jpg.jpg?fit=800%2C533&ssl=1\" \/>\n\t<meta property=\"og:image:width\" content=\"800\" \/>\n\t<meta property=\"og:image:height\" content=\"533\" \/>\n\t<meta property=\"og:image:type\" content=\"image\/jpeg\" \/>\n<meta name=\"author\" content=\"M\u00e1rcio Miranda Pontes\" \/>\n<meta name=\"twitter:card\" content=\"summary_large_image\" \/>\n<meta name=\"twitter:creator\" content=\"@ContatoSabra\" \/>\n<meta name=\"twitter:site\" content=\"@ContatoSabra\" \/>\n<meta name=\"twitter:label1\" content=\"Escrito por\" \/>\n\t<meta name=\"twitter:data1\" content=\"M\u00e1rcio Miranda Pontes\" \/>\n\t<meta name=\"twitter:label2\" content=\"Est. tempo de leitura\" \/>\n\t<meta name=\"twitter:data2\" content=\"4 minutos\" \/>\n<script type=\"application\/ld+json\" class=\"yoast-schema-graph\">{\"@context\":\"https:\\\/\\\/schema.org\",\"@graph\":[{\"@type\":\"Article\",\"@id\":\"https:\\\/\\\/www.sabra.org.br\\\/site\\\/profissional-da-arte-e-isolamento-social\\\/#article\",\"isPartOf\":{\"@id\":\"https:\\\/\\\/www.sabra.org.br\\\/site\\\/profissional-da-arte-e-isolamento-social\\\/\"},\"author\":{\"name\":\"M\u00e1rcio Miranda Pontes\",\"@id\":\"https:\\\/\\\/www.sabra.org.br\\\/site\\\/#\\\/schema\\\/person\\\/7d1d222c3c8891d4c37c7b41bf6315c2\"},\"headline\":\"Profissional da Arte e isolamento social\",\"datePublished\":\"2020-08-10T14:09:09+00:00\",\"dateModified\":\"2020-08-10T14:21:44+00:00\",\"mainEntityOfPage\":{\"@id\":\"https:\\\/\\\/www.sabra.org.br\\\/site\\\/profissional-da-arte-e-isolamento-social\\\/\"},\"wordCount\":709,\"publisher\":{\"@id\":\"https:\\\/\\\/www.sabra.org.br\\\/site\\\/#organization\"},\"image\":{\"@id\":\"https:\\\/\\\/www.sabra.org.br\\\/site\\\/profissional-da-arte-e-isolamento-social\\\/#primaryimage\"},\"thumbnailUrl\":\"https:\\\/\\\/www.sabra.org.br\\\/site\\\/wp-content\\\/uploads\\\/2020\\\/08\\\/os-impactos-do-isolamento-para-os-profissionais-da-arte-20200709133439.jpg.jpg\",\"keywords\":[\"Assist\u00eancia social\",\"Canto Coral\",\"Escola de M\u00fasica de Nova Lima\",\"Escola de Musica SABRA\",\"Musicaliza\u00e7\u00e3o Infantil\",\"Orquestra Infanto Juvenil de Betim\",\"Orquestra Sinf\u00f4nica de Betim\",\"Sociedade Art\u00edstica Brasileira\"],\"articleSection\":[\"Blog SABRA\"],\"inLanguage\":\"pt-BR\"},{\"@type\":\"WebPage\",\"@id\":\"https:\\\/\\\/www.sabra.org.br\\\/site\\\/profissional-da-arte-e-isolamento-social\\\/\",\"url\":\"https:\\\/\\\/www.sabra.org.br\\\/site\\\/profissional-da-arte-e-isolamento-social\\\/\",\"name\":\"Profissional da Arte e isolamento social - SABRA - Sociedade Art\u00edstica Brasileira\",\"isPartOf\":{\"@id\":\"https:\\\/\\\/www.sabra.org.br\\\/site\\\/#website\"},\"primaryImageOfPage\":{\"@id\":\"https:\\\/\\\/www.sabra.org.br\\\/site\\\/profissional-da-arte-e-isolamento-social\\\/#primaryimage\"},\"image\":{\"@id\":\"https:\\\/\\\/www.sabra.org.br\\\/site\\\/profissional-da-arte-e-isolamento-social\\\/#primaryimage\"},\"thumbnailUrl\":\"https:\\\/\\\/www.sabra.org.br\\\/site\\\/wp-content\\\/uploads\\\/2020\\\/08\\\/os-impactos-do-isolamento-para-os-profissionais-da-arte-20200709133439.jpg.jpg\",\"datePublished\":\"2020-08-10T14:09:09+00:00\",\"dateModified\":\"2020-08-10T14:21:44+00:00\",\"description\":\"Veja de que forma o isolamento social impacta os profissionais da arte: como est\u00e3o lidando com a pandemia e seus projetos futuros.\",\"breadcrumb\":{\"@id\":\"https:\\\/\\\/www.sabra.org.br\\\/site\\\/profissional-da-arte-e-isolamento-social\\\/#breadcrumb\"},\"inLanguage\":\"pt-BR\",\"potentialAction\":[{\"@type\":\"ReadAction\",\"target\":[\"https:\\\/\\\/www.sabra.org.br\\\/site\\\/profissional-da-arte-e-isolamento-social\\\/\"]}]},{\"@type\":\"ImageObject\",\"inLanguage\":\"pt-BR\",\"@id\":\"https:\\\/\\\/www.sabra.org.br\\\/site\\\/profissional-da-arte-e-isolamento-social\\\/#primaryimage\",\"url\":\"https:\\\/\\\/www.sabra.org.br\\\/site\\\/wp-content\\\/uploads\\\/2020\\\/08\\\/os-impactos-do-isolamento-para-os-profissionais-da-arte-20200709133439.jpg.jpg\",\"contentUrl\":\"https:\\\/\\\/www.sabra.org.br\\\/site\\\/wp-content\\\/uploads\\\/2020\\\/08\\\/os-impactos-do-isolamento-para-os-profissionais-da-arte-20200709133439.jpg.jpg\",\"width\":800,\"height\":533,\"caption\":\"Sociedade Art\u00edstica Brasileira SABRA\"},{\"@type\":\"BreadcrumbList\",\"@id\":\"https:\\\/\\\/www.sabra.org.br\\\/site\\\/profissional-da-arte-e-isolamento-social\\\/#breadcrumb\",\"itemListElement\":[{\"@type\":\"ListItem\",\"position\":1,\"name\":\"In\u00edcio\",\"item\":\"https:\\\/\\\/www.sabra.org.br\\\/site\\\/\"},{\"@type\":\"ListItem\",\"position\":2,\"name\":\"Profissional da Arte e isolamento social\"}]},{\"@type\":\"WebSite\",\"@id\":\"https:\\\/\\\/www.sabra.org.br\\\/site\\\/#website\",\"url\":\"https:\\\/\\\/www.sabra.org.br\\\/site\\\/\",\"name\":\"SABRA - Sociedade Art\u00edstica Brasileira\",\"description\":\"Escola de M\u00fasica, Orquestra Sinf\u00f4nica, Coral e Patrim\u00f4nio Cultural e Hist\u00f3rico\",\"publisher\":{\"@id\":\"https:\\\/\\\/www.sabra.org.br\\\/site\\\/#organization\"},\"potentialAction\":[{\"@type\":\"SearchAction\",\"target\":{\"@type\":\"EntryPoint\",\"urlTemplate\":\"https:\\\/\\\/www.sabra.org.br\\\/site\\\/?s={search_term_string}\"},\"query-input\":{\"@type\":\"PropertyValueSpecification\",\"valueRequired\":true,\"valueName\":\"search_term_string\"}}],\"inLanguage\":\"pt-BR\"},{\"@type\":\"Organization\",\"@id\":\"https:\\\/\\\/www.sabra.org.br\\\/site\\\/#organization\",\"name\":\"SOCIEDADE ART\u00cdSTICA BRASILEIRA SABRA\",\"alternateName\":\"SABRA\",\"url\":\"https:\\\/\\\/www.sabra.org.br\\\/site\\\/\",\"logo\":{\"@type\":\"ImageObject\",\"inLanguage\":\"pt-BR\",\"@id\":\"https:\\\/\\\/www.sabra.org.br\\\/site\\\/#\\\/schema\\\/logo\\\/image\\\/\",\"url\":\"https:\\\/\\\/www.sabra.org.br\\\/site\\\/wp-content\\\/uploads\\\/2019\\\/06\\\/cropped-Logo_SABRA-Copia-1.webp\",\"contentUrl\":\"https:\\\/\\\/www.sabra.org.br\\\/site\\\/wp-content\\\/uploads\\\/2019\\\/06\\\/cropped-Logo_SABRA-Copia-1.webp\",\"width\":400,\"height\":128,\"caption\":\"SOCIEDADE ART\u00cdSTICA BRASILEIRA SABRA\"},\"image\":{\"@id\":\"https:\\\/\\\/www.sabra.org.br\\\/site\\\/#\\\/schema\\\/logo\\\/image\\\/\"},\"sameAs\":[\"https:\\\/\\\/www.facebook.com\\\/sabrabrasil\",\"https:\\\/\\\/x.com\\\/ContatoSabra\",\"https:\\\/\\\/www.instagram.com\\\/sabrabrasil\\\/\",\"https:\\\/\\\/www.linkedin.com\\\/company\\\/25002088\\\/\",\"https:\\\/\\\/br.pinterest.com\\\/sociedadeartisticabrasileira\\\/\",\"https:\\\/\\\/www.youtube.com\\\/c\\\/sabrabrasil\"]},{\"@type\":\"Person\",\"@id\":\"https:\\\/\\\/www.sabra.org.br\\\/site\\\/#\\\/schema\\\/person\\\/7d1d222c3c8891d4c37c7b41bf6315c2\",\"name\":\"M\u00e1rcio Miranda Pontes\",\"image\":{\"@type\":\"ImageObject\",\"inLanguage\":\"pt-BR\",\"@id\":\"https:\\\/\\\/secure.gravatar.com\\\/avatar\\\/3b45f24496a7625a3a6c436688fbe20344faaeb2979658dc4a9921f984d7df9a?s=96&d=mm&r=g\",\"url\":\"https:\\\/\\\/secure.gravatar.com\\\/avatar\\\/3b45f24496a7625a3a6c436688fbe20344faaeb2979658dc4a9921f984d7df9a?s=96&d=mm&r=g\",\"contentUrl\":\"https:\\\/\\\/secure.gravatar.com\\\/avatar\\\/3b45f24496a7625a3a6c436688fbe20344faaeb2979658dc4a9921f984d7df9a?s=96&d=mm&r=g\",\"caption\":\"M\u00e1rcio Miranda Pontes\"},\"sameAs\":[\"http:\\\/\\\/www.sabra.org.br\"],\"url\":\"https:\\\/\\\/www.sabra.org.br\\\/site\\\/author\\\/marcio-miranda-pontes\\\/\"}]}<\/script>\n<!-- \/ Yoast SEO plugin. -->","yoast_head_json":{"title":"Profissional da Arte e isolamento social - SABRA - Sociedade Art\u00edstica Brasileira","description":"Veja de que forma o isolamento social impacta os profissionais da arte: como est\u00e3o lidando com a pandemia e seus projetos futuros.","robots":{"index":"index","follow":"follow","max-snippet":"max-snippet:-1","max-image-preview":"max-image-preview:large","max-video-preview":"max-video-preview:-1"},"canonical":"https:\/\/www.sabra.org.br\/site\/profissional-da-arte-e-isolamento-social\/","og_locale":"pt_BR","og_type":"article","og_title":"Profissional da Arte e isolamento social - SABRA - Sociedade Art\u00edstica Brasileira","og_description":"Veja de que forma o isolamento social impacta os profissionais da arte: como est\u00e3o lidando com a pandemia e seus projetos futuros.","og_url":"https:\/\/www.sabra.org.br\/site\/profissional-da-arte-e-isolamento-social\/","og_site_name":"SABRA - Sociedade Art\u00edstica Brasileira","article_publisher":"https:\/\/www.facebook.com\/sabrabrasil","article_published_time":"2020-08-10T14:09:09+00:00","article_modified_time":"2020-08-10T14:21:44+00:00","og_image":[{"width":800,"height":533,"url":"https:\/\/i0.wp.com\/www.sabra.org.br\/site\/wp-content\/uploads\/2020\/08\/os-impactos-do-isolamento-para-os-profissionais-da-arte-20200709133439.jpg.jpg?fit=800%2C533&ssl=1","type":"image\/jpeg"}],"author":"M\u00e1rcio Miranda Pontes","twitter_card":"summary_large_image","twitter_creator":"@ContatoSabra","twitter_site":"@ContatoSabra","twitter_misc":{"Escrito por":"M\u00e1rcio Miranda Pontes","Est. tempo de leitura":"4 minutos"},"schema":{"@context":"https:\/\/schema.org","@graph":[{"@type":"Article","@id":"https:\/\/www.sabra.org.br\/site\/profissional-da-arte-e-isolamento-social\/#article","isPartOf":{"@id":"https:\/\/www.sabra.org.br\/site\/profissional-da-arte-e-isolamento-social\/"},"author":{"name":"M\u00e1rcio Miranda Pontes","@id":"https:\/\/www.sabra.org.br\/site\/#\/schema\/person\/7d1d222c3c8891d4c37c7b41bf6315c2"},"headline":"Profissional da Arte e isolamento social","datePublished":"2020-08-10T14:09:09+00:00","dateModified":"2020-08-10T14:21:44+00:00","mainEntityOfPage":{"@id":"https:\/\/www.sabra.org.br\/site\/profissional-da-arte-e-isolamento-social\/"},"wordCount":709,"publisher":{"@id":"https:\/\/www.sabra.org.br\/site\/#organization"},"image":{"@id":"https:\/\/www.sabra.org.br\/site\/profissional-da-arte-e-isolamento-social\/#primaryimage"},"thumbnailUrl":"https:\/\/www.sabra.org.br\/site\/wp-content\/uploads\/2020\/08\/os-impactos-do-isolamento-para-os-profissionais-da-arte-20200709133439.jpg.jpg","keywords":["Assist\u00eancia social","Canto Coral","Escola de M\u00fasica de Nova Lima","Escola de Musica SABRA","Musicaliza\u00e7\u00e3o Infantil","Orquestra Infanto Juvenil de Betim","Orquestra Sinf\u00f4nica de Betim","Sociedade Art\u00edstica Brasileira"],"articleSection":["Blog SABRA"],"inLanguage":"pt-BR"},{"@type":"WebPage","@id":"https:\/\/www.sabra.org.br\/site\/profissional-da-arte-e-isolamento-social\/","url":"https:\/\/www.sabra.org.br\/site\/profissional-da-arte-e-isolamento-social\/","name":"Profissional da Arte e isolamento social - SABRA - Sociedade Art\u00edstica Brasileira","isPartOf":{"@id":"https:\/\/www.sabra.org.br\/site\/#website"},"primaryImageOfPage":{"@id":"https:\/\/www.sabra.org.br\/site\/profissional-da-arte-e-isolamento-social\/#primaryimage"},"image":{"@id":"https:\/\/www.sabra.org.br\/site\/profissional-da-arte-e-isolamento-social\/#primaryimage"},"thumbnailUrl":"https:\/\/www.sabra.org.br\/site\/wp-content\/uploads\/2020\/08\/os-impactos-do-isolamento-para-os-profissionais-da-arte-20200709133439.jpg.jpg","datePublished":"2020-08-10T14:09:09+00:00","dateModified":"2020-08-10T14:21:44+00:00","description":"Veja de que forma o isolamento social impacta os profissionais da arte: como est\u00e3o lidando com a pandemia e seus projetos futuros.","breadcrumb":{"@id":"https:\/\/www.sabra.org.br\/site\/profissional-da-arte-e-isolamento-social\/#breadcrumb"},"inLanguage":"pt-BR","potentialAction":[{"@type":"ReadAction","target":["https:\/\/www.sabra.org.br\/site\/profissional-da-arte-e-isolamento-social\/"]}]},{"@type":"ImageObject","inLanguage":"pt-BR","@id":"https:\/\/www.sabra.org.br\/site\/profissional-da-arte-e-isolamento-social\/#primaryimage","url":"https:\/\/www.sabra.org.br\/site\/wp-content\/uploads\/2020\/08\/os-impactos-do-isolamento-para-os-profissionais-da-arte-20200709133439.jpg.jpg","contentUrl":"https:\/\/www.sabra.org.br\/site\/wp-content\/uploads\/2020\/08\/os-impactos-do-isolamento-para-os-profissionais-da-arte-20200709133439.jpg.jpg","width":800,"height":533,"caption":"Sociedade Art\u00edstica Brasileira SABRA"},{"@type":"BreadcrumbList","@id":"https:\/\/www.sabra.org.br\/site\/profissional-da-arte-e-isolamento-social\/#breadcrumb","itemListElement":[{"@type":"ListItem","position":1,"name":"In\u00edcio","item":"https:\/\/www.sabra.org.br\/site\/"},{"@type":"ListItem","position":2,"name":"Profissional da Arte e isolamento social"}]},{"@type":"WebSite","@id":"https:\/\/www.sabra.org.br\/site\/#website","url":"https:\/\/www.sabra.org.br\/site\/","name":"SABRA - Sociedade Art\u00edstica Brasileira","description":"Escola de M\u00fasica, Orquestra Sinf\u00f4nica, Coral e Patrim\u00f4nio Cultural e Hist\u00f3rico","publisher":{"@id":"https:\/\/www.sabra.org.br\/site\/#organization"},"potentialAction":[{"@type":"SearchAction","target":{"@type":"EntryPoint","urlTemplate":"https:\/\/www.sabra.org.br\/site\/?s={search_term_string}"},"query-input":{"@type":"PropertyValueSpecification","valueRequired":true,"valueName":"search_term_string"}}],"inLanguage":"pt-BR"},{"@type":"Organization","@id":"https:\/\/www.sabra.org.br\/site\/#organization","name":"SOCIEDADE ART\u00cdSTICA BRASILEIRA SABRA","alternateName":"SABRA","url":"https:\/\/www.sabra.org.br\/site\/","logo":{"@type":"ImageObject","inLanguage":"pt-BR","@id":"https:\/\/www.sabra.org.br\/site\/#\/schema\/logo\/image\/","url":"https:\/\/www.sabra.org.br\/site\/wp-content\/uploads\/2019\/06\/cropped-Logo_SABRA-Copia-1.webp","contentUrl":"https:\/\/www.sabra.org.br\/site\/wp-content\/uploads\/2019\/06\/cropped-Logo_SABRA-Copia-1.webp","width":400,"height":128,"caption":"SOCIEDADE ART\u00cdSTICA BRASILEIRA SABRA"},"image":{"@id":"https:\/\/www.sabra.org.br\/site\/#\/schema\/logo\/image\/"},"sameAs":["https:\/\/www.facebook.com\/sabrabrasil","https:\/\/x.com\/ContatoSabra","https:\/\/www.instagram.com\/sabrabrasil\/","https:\/\/www.linkedin.com\/company\/25002088\/","https:\/\/br.pinterest.com\/sociedadeartisticabrasileira\/","https:\/\/www.youtube.com\/c\/sabrabrasil"]},{"@type":"Person","@id":"https:\/\/www.sabra.org.br\/site\/#\/schema\/person\/7d1d222c3c8891d4c37c7b41bf6315c2","name":"M\u00e1rcio Miranda Pontes","image":{"@type":"ImageObject","inLanguage":"pt-BR","@id":"https:\/\/secure.gravatar.com\/avatar\/3b45f24496a7625a3a6c436688fbe20344faaeb2979658dc4a9921f984d7df9a?s=96&d=mm&r=g","url":"https:\/\/secure.gravatar.com\/avatar\/3b45f24496a7625a3a6c436688fbe20344faaeb2979658dc4a9921f984d7df9a?s=96&d=mm&r=g","contentUrl":"https:\/\/secure.gravatar.com\/avatar\/3b45f24496a7625a3a6c436688fbe20344faaeb2979658dc4a9921f984d7df9a?s=96&d=mm&r=g","caption":"M\u00e1rcio Miranda Pontes"},"sameAs":["http:\/\/www.sabra.org.br"],"url":"https:\/\/www.sabra.org.br\/site\/author\/marcio-miranda-pontes\/"}]}},"jetpack_featured_media_url":"https:\/\/www.sabra.org.br\/site\/wp-content\/uploads\/2020\/08\/os-impactos-do-isolamento-para-os-profissionais-da-arte-20200709133439.jpg.jpg","jetpack_shortlink":"https:\/\/wp.me\/p95j2Z-Nk","jetpack-related-posts":[{"id":7095,"url":"https:\/\/www.sabra.org.br\/site\/arte-na-escola\/","url_meta":{"origin":3058,"position":0},"title":"A import\u00e2ncia do ensino das artes na escola","author":"M\u00e1rcio Miranda Pontes","date":"9 de maio de 2023","format":false,"excerpt":"Assim como o ensino de matem\u00e1tica, f\u00edsica, portugu\u00eas, biologia e demais conte\u00fados, o ensino das artes na escola \u00e9 indispens\u00e1vel. Afinal, \u00e9 ele que desperta a sensibilidade e agu\u00e7a as reflex\u00f5es do estudante.","rel":"","context":"Em &quot;Blog SABRA&quot;","block_context":{"text":"Blog SABRA","link":"https:\/\/www.sabra.org.br\/site\/category\/blog-sabra\/"},"img":{"alt_text":"arte-humanidade-ensinar-escola","src":"https:\/\/i0.wp.com\/www.sabra.org.br\/site\/wp-content\/uploads\/2023\/05\/a-importancia-do-ensino-das-artes-na-escola-20171229162457.jpg-jpg.webp?resize=350%2C200&ssl=1","width":350,"height":200,"srcset":"https:\/\/i0.wp.com\/www.sabra.org.br\/site\/wp-content\/uploads\/2023\/05\/a-importancia-do-ensino-das-artes-na-escola-20171229162457.jpg-jpg.webp?resize=350%2C200&ssl=1 1x, https:\/\/i0.wp.com\/www.sabra.org.br\/site\/wp-content\/uploads\/2023\/05\/a-importancia-do-ensino-das-artes-na-escola-20171229162457.jpg-jpg.webp?resize=525%2C300&ssl=1 1.5x, https:\/\/i0.wp.com\/www.sabra.org.br\/site\/wp-content\/uploads\/2023\/05\/a-importancia-do-ensino-das-artes-na-escola-20171229162457.jpg-jpg.webp?resize=700%2C400&ssl=1 2x, https:\/\/i0.wp.com\/www.sabra.org.br\/site\/wp-content\/uploads\/2023\/05\/a-importancia-do-ensino-das-artes-na-escola-20171229162457.jpg-jpg.webp?resize=1050%2C600&ssl=1 3x, https:\/\/i0.wp.com\/www.sabra.org.br\/site\/wp-content\/uploads\/2023\/05\/a-importancia-do-ensino-das-artes-na-escola-20171229162457.jpg-jpg.webp?resize=1400%2C800&ssl=1 4x"},"classes":[]},{"id":7755,"url":"https:\/\/www.sabra.org.br\/site\/sabra-ajuda\/","url_meta":{"origin":3058,"position":1},"title":"Saiba como a Sociedade Art\u00edstica Brasileira pode ajudar voc\u00ea","author":"M\u00e1rcio Miranda Pontes","date":"2 de agosto de 2023","format":false,"excerpt":"Focada em promover inclus\u00e3o social e enriquecimento cultural atrav\u00e9s da m\u00fasica, a SABRA, Sociedade Art\u00edstica Brasileira utiliza a arte e a m\u00fasica para transformar a nossa sociedade. Leia o texto e saiba mais sobre o nosso trabalho.","rel":"","context":"Em &quot;Blog SABRA&quot;","block_context":{"text":"Blog SABRA","link":"https:\/\/www.sabra.org.br\/site\/category\/blog-sabra\/"},"img":{"alt_text":"sabra-m\u00fasica-culturais-sociais-social-trabalhamos-buscamos-jovens","src":"https:\/\/i0.wp.com\/www.sabra.org.br\/site\/wp-content\/uploads\/2023\/08\/saiba-como-a-sociedade-artistica-brasileira-pode-ajudar-vocejpg-20230504105610-1.jpg-1-jpg.webp?resize=350%2C200&ssl=1","width":350,"height":200,"srcset":"https:\/\/i0.wp.com\/www.sabra.org.br\/site\/wp-content\/uploads\/2023\/08\/saiba-como-a-sociedade-artistica-brasileira-pode-ajudar-vocejpg-20230504105610-1.jpg-1-jpg.webp?resize=350%2C200&ssl=1 1x, https:\/\/i0.wp.com\/www.sabra.org.br\/site\/wp-content\/uploads\/2023\/08\/saiba-como-a-sociedade-artistica-brasileira-pode-ajudar-vocejpg-20230504105610-1.jpg-1-jpg.webp?resize=525%2C300&ssl=1 1.5x, https:\/\/i0.wp.com\/www.sabra.org.br\/site\/wp-content\/uploads\/2023\/08\/saiba-como-a-sociedade-artistica-brasileira-pode-ajudar-vocejpg-20230504105610-1.jpg-1-jpg.webp?resize=700%2C400&ssl=1 2x"},"classes":[]},{"id":3755,"url":"https:\/\/www.sabra.org.br\/site\/trabalho\/","url_meta":{"origin":3058,"position":2},"title":"O mercado de trabalho para jovens no p\u00f3s-pandemia","author":"M\u00e1rcio Miranda Pontes","date":"14 de abril de 2021","format":false,"excerpt":"O mercado de trabalho mudou com a pandemia da Covid-19, por isso, os jovens precisam estar atentos a essas mudan\u00e7as, para que consigam alcan\u00e7ar seus objetivos profissionais. Leia mais sobre esse assunto clicando no link a seguir!","rel":"","context":"Em &quot;Blog SABRA&quot;","block_context":{"text":"Blog SABRA","link":"https:\/\/www.sabra.org.br\/site\/category\/blog-sabra\/"},"img":{"alt_text":"trabalho-mercado-pandemia","src":"https:\/\/i0.wp.com\/www.sabra.org.br\/site\/wp-content\/uploads\/2021\/04\/o-mercado-de-trabalho-para-jovens-no-pos-pandemia-20210311095559.jpg.jpg?resize=350%2C200&ssl=1","width":350,"height":200,"srcset":"https:\/\/i0.wp.com\/www.sabra.org.br\/site\/wp-content\/uploads\/2021\/04\/o-mercado-de-trabalho-para-jovens-no-pos-pandemia-20210311095559.jpg.jpg?resize=350%2C200&ssl=1 1x, https:\/\/i0.wp.com\/www.sabra.org.br\/site\/wp-content\/uploads\/2021\/04\/o-mercado-de-trabalho-para-jovens-no-pos-pandemia-20210311095559.jpg.jpg?resize=525%2C300&ssl=1 1.5x, https:\/\/i0.wp.com\/www.sabra.org.br\/site\/wp-content\/uploads\/2021\/04\/o-mercado-de-trabalho-para-jovens-no-pos-pandemia-20210311095559.jpg.jpg?resize=700%2C400&ssl=1 2x"},"classes":[]},{"id":7472,"url":"https:\/\/www.sabra.org.br\/site\/faculdade-de-musica\/","url_meta":{"origin":3058,"position":3},"title":"Estudar m\u00fasica na faculdade, vale a pena?","author":"M\u00e1rcio Miranda Pontes","date":"5 de julho de 2023","format":false,"excerpt":"Estudar m\u00fasica na faculdade: descubra se vale a pena investir em sua paix\u00e3o musical e abrir portas para uma carreira promissora no universo da arte sonora.","rel":"","context":"Em &quot;Blog SABRA&quot;","block_context":{"text":"Blog SABRA","link":"https:\/\/www.sabra.org.br\/site\/category\/blog-sabra\/"},"img":{"alt_text":"sabra-m\u00fasica-faculdade-estudar-musical-desenvolvimento-carreira-habilidades-profissionais-oportunidades-paix\u00e3o-trabalho","src":"https:\/\/i0.wp.com\/www.sabra.org.br\/site\/wp-content\/uploads\/2023\/07\/estudar-musica-na-faculdade-vale-a-penajpg-20230522113605.jpg-jpg.webp?resize=350%2C200&ssl=1","width":350,"height":200,"srcset":"https:\/\/i0.wp.com\/www.sabra.org.br\/site\/wp-content\/uploads\/2023\/07\/estudar-musica-na-faculdade-vale-a-penajpg-20230522113605.jpg-jpg.webp?resize=350%2C200&ssl=1 1x, https:\/\/i0.wp.com\/www.sabra.org.br\/site\/wp-content\/uploads\/2023\/07\/estudar-musica-na-faculdade-vale-a-penajpg-20230522113605.jpg-jpg.webp?resize=525%2C300&ssl=1 1.5x, https:\/\/i0.wp.com\/www.sabra.org.br\/site\/wp-content\/uploads\/2023\/07\/estudar-musica-na-faculdade-vale-a-penajpg-20230522113605.jpg-jpg.webp?resize=700%2C400&ssl=1 2x"},"classes":[]},{"id":2924,"url":"https:\/\/www.sabra.org.br\/site\/isolamento-social-musica\/","url_meta":{"origin":3058,"position":4},"title":"M\u00fasica e isolamento social","author":"M\u00e1rcio Miranda Pontes","date":"8 de maio de 2020","format":false,"excerpt":"Entenda como a m\u00fasica pode ser uma \u00f3tima aliada para o entretenimento e ajudar no enfrentamento dessa fase de isolamento social, proporcionando diversos benef\u00edcios para a mente e o corpo.","rel":"","context":"Em &quot;Blog SABRA&quot;","block_context":{"text":"Blog SABRA","link":"https:\/\/www.sabra.org.br\/site\/category\/blog-sabra\/"},"img":{"alt_text":"isolamento-social-musica","src":"https:\/\/i0.wp.com\/www.sabra.org.br\/site\/wp-content\/uploads\/2020\/05\/a-musica-como-forma-de-distracao-durante-o-isolamento-social-20200504172804.jpg.jpg?resize=350%2C200&ssl=1","width":350,"height":200,"srcset":"https:\/\/i0.wp.com\/www.sabra.org.br\/site\/wp-content\/uploads\/2020\/05\/a-musica-como-forma-de-distracao-durante-o-isolamento-social-20200504172804.jpg.jpg?resize=350%2C200&ssl=1 1x, https:\/\/i0.wp.com\/www.sabra.org.br\/site\/wp-content\/uploads\/2020\/05\/a-musica-como-forma-de-distracao-durante-o-isolamento-social-20200504172804.jpg.jpg?resize=525%2C300&ssl=1 1.5x, https:\/\/i0.wp.com\/www.sabra.org.br\/site\/wp-content\/uploads\/2020\/05\/a-musica-como-forma-de-distracao-durante-o-isolamento-social-20200504172804.jpg.jpg?resize=700%2C400&ssl=1 2x"},"classes":[]},{"id":7138,"url":"https:\/\/www.sabra.org.br\/site\/jovem-solista\/","url_meta":{"origin":3058,"position":5},"title":"Premio Jovem Solista da Orquestra Sinfonica de Betim","author":"M\u00e1rcio Miranda Pontes","date":"16 de maio de 2023","format":false,"excerpt":"Estimular a competi\u00e7\u00e3o musical \u00e9 uma excelente maneira de incentivar de forma saud\u00e1vel que os indiv\u00edduos disputem entre si sem que hajam desentendimentos ou algo do tipo. Conhe\u00e7a um pouco mais sobre o Premio Jovem Solista da Orquestra Sinfonica de Betim","rel":"","context":"Em &quot;Blog SABRA&quot;","block_context":{"text":"Blog SABRA","link":"https:\/\/www.sabra.org.br\/site\/category\/blog-sabra\/"},"img":{"alt_text":"m\u00fasica-orquestra-betim-sinf\u00f4nica-pr\u00eamio-solista-art\u00edtica-jovem-jovens-projetos-proporcionar-sabra","src":"https:\/\/i0.wp.com\/www.sabra.org.br\/site\/wp-content\/uploads\/2023\/05\/premio-jovem-solista-da-orquestra-sinfonica-de-betim-20171229162457.jpg-jpg.webp?resize=350%2C200&ssl=1","width":350,"height":200,"srcset":"https:\/\/i0.wp.com\/www.sabra.org.br\/site\/wp-content\/uploads\/2023\/05\/premio-jovem-solista-da-orquestra-sinfonica-de-betim-20171229162457.jpg-jpg.webp?resize=350%2C200&ssl=1 1x, https:\/\/i0.wp.com\/www.sabra.org.br\/site\/wp-content\/uploads\/2023\/05\/premio-jovem-solista-da-orquestra-sinfonica-de-betim-20171229162457.jpg-jpg.webp?resize=525%2C300&ssl=1 1.5x, https:\/\/i0.wp.com\/www.sabra.org.br\/site\/wp-content\/uploads\/2023\/05\/premio-jovem-solista-da-orquestra-sinfonica-de-betim-20171229162457.jpg-jpg.webp?resize=700%2C400&ssl=1 2x"},"classes":[]}],"jetpack_likes_enabled":true,"jetpack_sharing_enabled":true,"_links":{"self":[{"href":"https:\/\/www.sabra.org.br\/site\/wp-json\/wp\/v2\/posts\/3058","targetHints":{"allow":["GET"]}}],"collection":[{"href":"https:\/\/www.sabra.org.br\/site\/wp-json\/wp\/v2\/posts"}],"about":[{"href":"https:\/\/www.sabra.org.br\/site\/wp-json\/wp\/v2\/types\/post"}],"author":[{"embeddable":true,"href":"https:\/\/www.sabra.org.br\/site\/wp-json\/wp\/v2\/users\/39"}],"replies":[{"embeddable":true,"href":"https:\/\/www.sabra.org.br\/site\/wp-json\/wp\/v2\/comments?post=3058"}],"version-history":[{"count":0,"href":"https:\/\/www.sabra.org.br\/site\/wp-json\/wp\/v2\/posts\/3058\/revisions"}],"wp:featuredmedia":[{"embeddable":true,"href":"https:\/\/www.sabra.org.br\/site\/wp-json\/wp\/v2\/media\/3060"}],"wp:attachment":[{"href":"https:\/\/www.sabra.org.br\/site\/wp-json\/wp\/v2\/media?parent=3058"}],"wp:term":[{"taxonomy":"category","embeddable":true,"href":"https:\/\/www.sabra.org.br\/site\/wp-json\/wp\/v2\/categories?post=3058"},{"taxonomy":"post_tag","embeddable":true,"href":"https:\/\/www.sabra.org.br\/site\/wp-json\/wp\/v2\/tags?post=3058"}],"curies":[{"name":"wp","href":"https:\/\/api.w.org\/{rel}","templated":true}]}}