{"id":3147,"date":"2020-10-12T15:50:31","date_gmt":"2020-10-12T18:50:31","guid":{"rendered":"https:\/\/www.sabra.org.br\/site\/?p=3147"},"modified":"2025-04-18T10:51:43","modified_gmt":"2025-04-18T13:51:43","slug":"manifestacoes-artisticas","status":"publish","type":"post","link":"https:\/\/www.sabra.org.br\/site\/manifestacoes-artisticas\/","title":{"rendered":"Manifesta\u00e7\u00f5es art\u00edsticas"},"content":{"rendered":"<h2>Conhe\u00e7a as principais manifesta\u00e7\u00f5es art\u00edsticas que existem<\/h2>\n<p>Para uma boa parte das pessoas a arte \u00e9, de maneira simples, algo que lhes parece bonito e atrativo ao olhar, ao toque ou aos ouvidos. Mas, para outras tantas, a arte ultrapassa essa ideia e se torna um meio de demonstrar sentimentos, como a raiva, o amor, a tristeza e at\u00e9 mesmo o medo.<\/p>\n<p>Em seu processo de desenvolvimento, a arte pode surgir das mais diferentes formas, seja por meio de um poema, uma composi\u00e7\u00e3o, uma pintura ou at\u00e9 mesmo nos formatos de uma constru\u00e7\u00e3o. Tudo depende do modo como o artista prefere se expressar. Cada um desses modos, ali\u00e1s, representa uma manifesta\u00e7\u00e3o art\u00edstica diferente, com suas pr\u00f3prias particularidades.<\/p>\n<p>Vamos conhecer algumas delas hoje?<\/p>\n<h2>Qual a import\u00e2ncia das express\u00f5es art\u00edsticas?<\/h2>\n<p>De forma geral, al\u00e9m de comunicarem e refletirem emo\u00e7\u00f5es e perspectivas de seus criadores, as express\u00f5es art\u00edsticas s\u00e3o capazes de potencializar a criatividade e a sensibilidade dos espectadores, de quem est\u00e1 do outro lado da obra.<\/p>\n<p>Al\u00e9m disso, tais express\u00f5es podem ajudar no desenvolvimento de certas habilidades motoras e comportamentais, j\u00e1 que permitem que toda e qualquer pessoa seja capaz de colocar para fora seus pensamentos por meio de suas produ\u00e7\u00f5es.<\/p>\n<h2>Conhe\u00e7a algumas das principais manifesta\u00e7\u00f5es art\u00edsticas<\/h2>\n<h3>Express\u00f5es corporais<\/h3>\n<p>Certo, o termo pode soar um pouco mais para o lado da dan\u00e7a, mas, na verdade, express\u00f5es corporais tamb\u00e9m re\u00fanem manifesta\u00e7\u00f5es art\u00edsticas como o teatro e at\u00e9 mesmo o cinema. Todas as suas representa\u00e7\u00f5es podem ser chamadas de \u201cperformances\u201d, j\u00e1 que misturam movimentos de um ou mais corpos, sons e objetos, todos interligados.<\/p>\n<p>Geralmente, as express\u00f5es corporais s\u00e3o compostas de tr\u00eas elementos:<\/p>\n<ul>\n<li>A subst\u00e2ncia: ou seja, o assunto da obra, o que ela pretende comunicar;<\/li>\n<li>A forma: \u00e9 a maneira pela qual a subst\u00e2ncia ser\u00e1 repassada para o p\u00fablico (pe\u00e7as, declama\u00e7\u00e3o de poemas, entre outros);<\/li>\n<li>A t\u00e9cnica: s\u00e3o os ajustes entre os dois primeiros elementos, para que o artista consiga atingir seu objetivo principal, seja ele qual for.<\/li>\n<\/ul>\n<h3>M\u00fasica<\/h3>\n<p>A m\u00fasica \u00e9 uma express\u00e3o art\u00edstica caracterizada pela emiss\u00e3o de sons, o que proporciona melodias, harmonias e ritmos. Tais sons podem ser feitos das mais diferentes maneiras, como por meio de instrumentos musicais e da pr\u00f3pria voz humana.<\/p>\n<p>Al\u00e9m de atingir praticamente todos os p\u00fablicos, a m\u00fasica tamb\u00e9m \u00e9 extremamente popular pela sua capacidade de despertar os mais diversos sentimentos, podendo se tornar at\u00e9 mesmo o marco de um momento especial e \u00fanico na vida de seus ouvintes.<\/p>\n<h3>Literatura<\/h3>\n<p>Literatura deriva do termo em latim \u201clitterae\u201d, ou seja, os conhecimentos necess\u00e1rios para se ler e escrever bem. Logo, podemos dizer que essa \u00e9 uma express\u00e3o art\u00edstica ligada a comunica\u00e7\u00e3o. A ideia \u00e9 simples: o autor demonstra seus pensamentos, geralmente tendo uma finalidade espec\u00edfica em mente, seja ela a de chocar ou a de despertar o lado rom\u00e2ntico do leitor, por exemplo.<\/p>\n<p>Para que o objetivo da literatura seja cumprido, \u00e9 necess\u00e1ria a exist\u00eancia de alguns elementos, como:<\/p>\n<ul>\n<li>Receptor;<\/li>\n<li>Emissor;<\/li>\n<li>Contexto;<\/li>\n<li>Canal;<\/li>\n<li>Mensagem.<\/li>\n<\/ul>\n<h3>Escultura<\/h3>\n<p>As esculturas s\u00e3o uma das formas de expressar a arte por meio de trabalhos visuais. Elas podem ser definidas como algo tridimensional, j\u00e1 que possuem detalhes em relevo, ou seja, em tr\u00eas dimens\u00f5es diferentes.<\/p>\n<p>Sua composi\u00e7\u00e3o \u00e9 feita, normalmente, de duas maneiras: sendo formada aos poucos, como \u00e9 no caso da argila, cuja escultura surge ap\u00f3s o manuseio do material; ou sendo esculpida, como \u00e9 o caso de pedras e blocos de madeira, em que se retira parte do material at\u00e9 chegar ao resultado esperado.<\/p>\n<h2>Mas existem outras express\u00f5es art\u00edsticas?<\/h2>\n<p>Al\u00e9m da m\u00fasica, cinema, teatro, dan\u00e7a, literatura e escultura, citadas anteriormente, a lista de express\u00f5es art\u00edsticas tamb\u00e9m \u00e9 composta por:<\/p>\n<ul>\n<li>Pintura;<\/li>\n<li>Fotografia;<\/li>\n<li>Hist\u00f3rias em quadrinhos;<\/li>\n<li>Jogos eletr\u00f4nicos;<\/li>\n<li>Arte digital.<\/li>\n<\/ul>\n<blockquote class=\"wp-embedded-content\" data-secret=\"OwrfdKIYEm\"><p><a href=\"https:\/\/www.sabra.org.br\/site\/violao-acessorios\/\">Acess\u00f3rios essenciais para quem toca viol\u00e3o<\/a><\/p><\/blockquote>\n<p><iframe class=\"wp-embedded-content\" sandbox=\"allow-scripts\" security=\"restricted\" style=\"position: absolute; visibility: hidden;\" title=\"&#8220;Acess\u00f3rios essenciais para quem toca viol\u00e3o&#8221; &#8212; SABRA - Sociedade Art\u00edstica Brasileira\" src=\"https:\/\/www.sabra.org.br\/site\/violao-acessorios\/embed\/#?secret=jXEms8rURy#?secret=OwrfdKIYEm\" data-secret=\"OwrfdKIYEm\" width=\"600\" height=\"338\" frameborder=\"0\" marginwidth=\"0\" marginheight=\"0\" scrolling=\"no\"><\/iframe><\/p>\n<hr \/>\n<h2>Se voc\u00ea gostou deste post:<\/h2>\n<p>&#8211; SIGA as nossas p\u00e1ginas nas redes sociais para acompanhar as nossas atualiza\u00e7\u00f5es: estamos no <a href=\"https:\/\/www.facebook.com\/sabrabrasil\" target=\"_blank\" rel=\"noopener noreferrer\">Facebook<\/a>, no <a href=\"https:\/\/www.instagram.com\/sabrabrasil\/\" target=\"_blank\" rel=\"noopener noreferrer\">Instagram<\/a>, no <a href=\"https:\/\/www.linkedin.com\/company\/25002088\" target=\"_blank\" rel=\"noopener noreferrer\">LinkedIn<\/a>, no <a href=\"https:\/\/twitter.com\/ContatoSabra\" target=\"_blank\" rel=\"noopener noreferrer\">Twitter<\/a> e no <a href=\"https:\/\/www.youtube.com\/channel\/UCJw-kbuEvzUNdeQf20Pa-eQ\" target=\"_blank\" rel=\"noopener noreferrer\">YouTube<\/a>!<\/p>\n<p>&#8211; CONHE\u00c7A o trabalho da Sociedade Art\u00edstica Brasileira (SABRA) e todas as iniciativas culturais e sociais que ela mant\u00e9m. <a href=\"https:\/\/www.sabra.org.br\/site\/acoes\/\" target=\"_blank\" rel=\"noopener noreferrer\">Acesse nosso site!<\/a><\/p>\n<p>&#8211; ENTRE EM CONTATO com a gente. E veja quais s\u00e3o as op\u00e7\u00f5es de ajuda na manuten\u00e7\u00e3o de nossas a\u00e7\u00f5es sociais e culturais. Basta acessar nossa p\u00e1gina <a href=\"https:\/\/www.sabra.org.br\/site\/doe-agora\/\" target=\"_blank\" rel=\"noopener noreferrer\">Doe Agora!<\/a><\/p>\n<p>&#8211; COMPARTILHE este texto nas suas redes sociais e ajude os seus amigos a tamb\u00e9m dominarem o assunto!<\/p>\n","protected":false},"excerpt":{"rendered":"<p>As express\u00f5es art\u00edsticas s\u00e3o mais do que apenas uma maneira de colocar em categorias tudo o que enxergamos como arte. Na verdade, tais express\u00f5es s\u00e3o capazes de nos mostrar al\u00e9m do superficial, deixando claro o qu\u00e3o gigantesco pode ser esse universo. Voc\u00ea quer descobrir um pouco mais sobre o assunto? Ent\u00e3o acompanhe o nosso post a seguir.<\/p>\n","protected":false},"author":39,"featured_media":3149,"comment_status":"closed","ping_status":"closed","sticky":false,"template":"","format":"standard","meta":{"jetpack_post_was_ever_published":false,"_jetpack_newsletter_access":"","_jetpack_dont_email_post_to_subs":false,"_jetpack_newsletter_tier_id":0,"_jetpack_memberships_contains_paywalled_content":false,"_jetpack_memberships_contains_paid_content":false,"footnotes":""},"categories":[1],"tags":[15,8,1846,1285,16,1286,11,9],"class_list":["post-3147","post","type-post","status-publish","format-standard","has-post-thumbnail","hentry","category-blog-sabra","tag-assistencia-social","tag-canto-coral","tag-escola-de-musica-de-nova-lima","tag-escola-de-musica-sabra","tag-musicalizacao-infantil","tag-orquestra-infanto-juvenil-de-betim","tag-orquestra-sinfonica-de-betim","tag-sociedade-artistica-brasileira"],"yoast_head":"<!-- This site is optimized with the Yoast SEO plugin v27.5 - https:\/\/yoast.com\/product\/yoast-seo-wordpress\/ -->\n<title>Manifesta\u00e7\u00f5es art\u00edsticas - SABRA - Sociedade Art\u00edstica Brasileira<\/title>\n<meta name=\"description\" content=\"As express\u00f5es art\u00edsticas s\u00e3o mais do que apenas uma maneira de colocar em categorias tudo o que enxergamos como arte.\" \/>\n<meta name=\"robots\" content=\"index, follow, max-snippet:-1, max-image-preview:large, max-video-preview:-1\" \/>\n<link rel=\"canonical\" href=\"https:\/\/www.sabra.org.br\/site\/manifestacoes-artisticas\/\" \/>\n<meta property=\"og:locale\" content=\"pt_BR\" \/>\n<meta property=\"og:type\" content=\"article\" \/>\n<meta property=\"og:title\" content=\"Manifesta\u00e7\u00f5es art\u00edsticas - SABRA - Sociedade Art\u00edstica Brasileira\" \/>\n<meta property=\"og:description\" content=\"As express\u00f5es art\u00edsticas s\u00e3o mais do que apenas uma maneira de colocar em categorias tudo o que enxergamos como arte.\" \/>\n<meta property=\"og:url\" content=\"https:\/\/www.sabra.org.br\/site\/manifestacoes-artisticas\/\" \/>\n<meta property=\"og:site_name\" content=\"SABRA - Sociedade Art\u00edstica Brasileira\" \/>\n<meta property=\"article:publisher\" content=\"https:\/\/www.facebook.com\/sabrabrasil\" \/>\n<meta property=\"article:published_time\" content=\"2020-10-12T18:50:31+00:00\" \/>\n<meta property=\"article:modified_time\" content=\"2025-04-18T13:51:43+00:00\" \/>\n<meta property=\"og:image\" content=\"https:\/\/www.sabra.org.br\/site\/wp-content\/uploads\/2020\/10\/conheca-as-principais-manifestacoes-artisticas-que-existem-20201001161911.jpg.jpg\" \/>\n\t<meta property=\"og:image:width\" content=\"800\" \/>\n\t<meta property=\"og:image:height\" content=\"450\" \/>\n\t<meta property=\"og:image:type\" content=\"image\/jpeg\" \/>\n<meta name=\"author\" content=\"M\u00e1rcio Miranda Pontes\" \/>\n<meta name=\"twitter:card\" content=\"summary_large_image\" \/>\n<meta name=\"twitter:creator\" content=\"@ContatoSabra\" \/>\n<meta name=\"twitter:site\" content=\"@ContatoSabra\" \/>\n<meta name=\"twitter:label1\" content=\"Escrito por\" \/>\n\t<meta name=\"twitter:data1\" content=\"M\u00e1rcio Miranda Pontes\" \/>\n\t<meta name=\"twitter:label2\" content=\"Est. tempo de leitura\" \/>\n\t<meta name=\"twitter:data2\" content=\"5 minutos\" \/>\n<script type=\"application\/ld+json\" class=\"yoast-schema-graph\">{\"@context\":\"https:\\\/\\\/schema.org\",\"@graph\":[{\"@type\":\"Article\",\"@id\":\"https:\\\/\\\/www.sabra.org.br\\\/site\\\/manifestacoes-artisticas\\\/#article\",\"isPartOf\":{\"@id\":\"https:\\\/\\\/www.sabra.org.br\\\/site\\\/manifestacoes-artisticas\\\/\"},\"author\":{\"name\":\"M\u00e1rcio Miranda Pontes\",\"@id\":\"https:\\\/\\\/www.sabra.org.br\\\/site\\\/#\\\/schema\\\/person\\\/7d1d222c3c8891d4c37c7b41bf6315c2\"},\"headline\":\"Manifesta\u00e7\u00f5es art\u00edsticas\",\"datePublished\":\"2020-10-12T18:50:31+00:00\",\"dateModified\":\"2025-04-18T13:51:43+00:00\",\"mainEntityOfPage\":{\"@id\":\"https:\\\/\\\/www.sabra.org.br\\\/site\\\/manifestacoes-artisticas\\\/\"},\"wordCount\":792,\"publisher\":{\"@id\":\"https:\\\/\\\/www.sabra.org.br\\\/site\\\/#organization\"},\"image\":{\"@id\":\"https:\\\/\\\/www.sabra.org.br\\\/site\\\/manifestacoes-artisticas\\\/#primaryimage\"},\"thumbnailUrl\":\"https:\\\/\\\/www.sabra.org.br\\\/site\\\/wp-content\\\/uploads\\\/2020\\\/10\\\/conheca-as-principais-manifestacoes-artisticas-que-existem-20201001161911.jpg.jpg\",\"keywords\":[\"Assist\u00eancia social\",\"Canto Coral\",\"Escola de M\u00fasica de Nova Lima\",\"Escola de Musica SABRA\",\"Musicaliza\u00e7\u00e3o Infantil\",\"Orquestra Infanto Juvenil de Betim\",\"Orquestra Sinf\u00f4nica de Betim\",\"Sociedade Art\u00edstica Brasileira\"],\"articleSection\":[\"Blog SABRA\"],\"inLanguage\":\"pt-BR\"},{\"@type\":\"WebPage\",\"@id\":\"https:\\\/\\\/www.sabra.org.br\\\/site\\\/manifestacoes-artisticas\\\/\",\"url\":\"https:\\\/\\\/www.sabra.org.br\\\/site\\\/manifestacoes-artisticas\\\/\",\"name\":\"Manifesta\u00e7\u00f5es art\u00edsticas - SABRA - Sociedade Art\u00edstica Brasileira\",\"isPartOf\":{\"@id\":\"https:\\\/\\\/www.sabra.org.br\\\/site\\\/#website\"},\"primaryImageOfPage\":{\"@id\":\"https:\\\/\\\/www.sabra.org.br\\\/site\\\/manifestacoes-artisticas\\\/#primaryimage\"},\"image\":{\"@id\":\"https:\\\/\\\/www.sabra.org.br\\\/site\\\/manifestacoes-artisticas\\\/#primaryimage\"},\"thumbnailUrl\":\"https:\\\/\\\/www.sabra.org.br\\\/site\\\/wp-content\\\/uploads\\\/2020\\\/10\\\/conheca-as-principais-manifestacoes-artisticas-que-existem-20201001161911.jpg.jpg\",\"datePublished\":\"2020-10-12T18:50:31+00:00\",\"dateModified\":\"2025-04-18T13:51:43+00:00\",\"description\":\"As express\u00f5es art\u00edsticas s\u00e3o mais do que apenas uma maneira de colocar em categorias tudo o que enxergamos como arte.\",\"breadcrumb\":{\"@id\":\"https:\\\/\\\/www.sabra.org.br\\\/site\\\/manifestacoes-artisticas\\\/#breadcrumb\"},\"inLanguage\":\"pt-BR\",\"potentialAction\":[{\"@type\":\"ReadAction\",\"target\":[\"https:\\\/\\\/www.sabra.org.br\\\/site\\\/manifestacoes-artisticas\\\/\"]}]},{\"@type\":\"ImageObject\",\"inLanguage\":\"pt-BR\",\"@id\":\"https:\\\/\\\/www.sabra.org.br\\\/site\\\/manifestacoes-artisticas\\\/#primaryimage\",\"url\":\"https:\\\/\\\/www.sabra.org.br\\\/site\\\/wp-content\\\/uploads\\\/2020\\\/10\\\/conheca-as-principais-manifestacoes-artisticas-que-existem-20201001161911.jpg.jpg\",\"contentUrl\":\"https:\\\/\\\/www.sabra.org.br\\\/site\\\/wp-content\\\/uploads\\\/2020\\\/10\\\/conheca-as-principais-manifestacoes-artisticas-que-existem-20201001161911.jpg.jpg\",\"width\":800,\"height\":450,\"caption\":\"Sociedade Art\u00edstica Brasileira SABRA\"},{\"@type\":\"BreadcrumbList\",\"@id\":\"https:\\\/\\\/www.sabra.org.br\\\/site\\\/manifestacoes-artisticas\\\/#breadcrumb\",\"itemListElement\":[{\"@type\":\"ListItem\",\"position\":1,\"name\":\"In\u00edcio\",\"item\":\"https:\\\/\\\/www.sabra.org.br\\\/site\\\/\"},{\"@type\":\"ListItem\",\"position\":2,\"name\":\"Manifesta\u00e7\u00f5es art\u00edsticas\"}]},{\"@type\":\"WebSite\",\"@id\":\"https:\\\/\\\/www.sabra.org.br\\\/site\\\/#website\",\"url\":\"https:\\\/\\\/www.sabra.org.br\\\/site\\\/\",\"name\":\"SABRA - Sociedade Art\u00edstica Brasileira\",\"description\":\"Escola de M\u00fasica, Orquestra Sinf\u00f4nica, Coral e Patrim\u00f4nio Cultural e Hist\u00f3rico\",\"publisher\":{\"@id\":\"https:\\\/\\\/www.sabra.org.br\\\/site\\\/#organization\"},\"potentialAction\":[{\"@type\":\"SearchAction\",\"target\":{\"@type\":\"EntryPoint\",\"urlTemplate\":\"https:\\\/\\\/www.sabra.org.br\\\/site\\\/?s={search_term_string}\"},\"query-input\":{\"@type\":\"PropertyValueSpecification\",\"valueRequired\":true,\"valueName\":\"search_term_string\"}}],\"inLanguage\":\"pt-BR\"},{\"@type\":\"Organization\",\"@id\":\"https:\\\/\\\/www.sabra.org.br\\\/site\\\/#organization\",\"name\":\"SOCIEDADE ART\u00cdSTICA BRASILEIRA SABRA\",\"alternateName\":\"SABRA\",\"url\":\"https:\\\/\\\/www.sabra.org.br\\\/site\\\/\",\"logo\":{\"@type\":\"ImageObject\",\"inLanguage\":\"pt-BR\",\"@id\":\"https:\\\/\\\/www.sabra.org.br\\\/site\\\/#\\\/schema\\\/logo\\\/image\\\/\",\"url\":\"https:\\\/\\\/www.sabra.org.br\\\/site\\\/wp-content\\\/uploads\\\/2019\\\/06\\\/cropped-Logo_SABRA-Copia-1.webp\",\"contentUrl\":\"https:\\\/\\\/www.sabra.org.br\\\/site\\\/wp-content\\\/uploads\\\/2019\\\/06\\\/cropped-Logo_SABRA-Copia-1.webp\",\"width\":400,\"height\":128,\"caption\":\"SOCIEDADE ART\u00cdSTICA BRASILEIRA SABRA\"},\"image\":{\"@id\":\"https:\\\/\\\/www.sabra.org.br\\\/site\\\/#\\\/schema\\\/logo\\\/image\\\/\"},\"sameAs\":[\"https:\\\/\\\/www.facebook.com\\\/sabrabrasil\",\"https:\\\/\\\/x.com\\\/ContatoSabra\",\"https:\\\/\\\/www.instagram.com\\\/sabrabrasil\\\/\",\"https:\\\/\\\/www.linkedin.com\\\/company\\\/25002088\\\/\",\"https:\\\/\\\/br.pinterest.com\\\/sociedadeartisticabrasileira\\\/\",\"https:\\\/\\\/www.youtube.com\\\/c\\\/sabrabrasil\"]},{\"@type\":\"Person\",\"@id\":\"https:\\\/\\\/www.sabra.org.br\\\/site\\\/#\\\/schema\\\/person\\\/7d1d222c3c8891d4c37c7b41bf6315c2\",\"name\":\"M\u00e1rcio Miranda Pontes\",\"image\":{\"@type\":\"ImageObject\",\"inLanguage\":\"pt-BR\",\"@id\":\"https:\\\/\\\/secure.gravatar.com\\\/avatar\\\/3b45f24496a7625a3a6c436688fbe20344faaeb2979658dc4a9921f984d7df9a?s=96&d=mm&r=g\",\"url\":\"https:\\\/\\\/secure.gravatar.com\\\/avatar\\\/3b45f24496a7625a3a6c436688fbe20344faaeb2979658dc4a9921f984d7df9a?s=96&d=mm&r=g\",\"contentUrl\":\"https:\\\/\\\/secure.gravatar.com\\\/avatar\\\/3b45f24496a7625a3a6c436688fbe20344faaeb2979658dc4a9921f984d7df9a?s=96&d=mm&r=g\",\"caption\":\"M\u00e1rcio Miranda Pontes\"},\"sameAs\":[\"http:\\\/\\\/www.sabra.org.br\"],\"url\":\"https:\\\/\\\/www.sabra.org.br\\\/site\\\/author\\\/marcio-miranda-pontes\\\/\"}]}<\/script>\n<!-- \/ Yoast SEO plugin. -->","yoast_head_json":{"title":"Manifesta\u00e7\u00f5es art\u00edsticas - SABRA - Sociedade Art\u00edstica Brasileira","description":"As express\u00f5es art\u00edsticas s\u00e3o mais do que apenas uma maneira de colocar em categorias tudo o que enxergamos como arte.","robots":{"index":"index","follow":"follow","max-snippet":"max-snippet:-1","max-image-preview":"max-image-preview:large","max-video-preview":"max-video-preview:-1"},"canonical":"https:\/\/www.sabra.org.br\/site\/manifestacoes-artisticas\/","og_locale":"pt_BR","og_type":"article","og_title":"Manifesta\u00e7\u00f5es art\u00edsticas - SABRA - Sociedade Art\u00edstica Brasileira","og_description":"As express\u00f5es art\u00edsticas s\u00e3o mais do que apenas uma maneira de colocar em categorias tudo o que enxergamos como arte.","og_url":"https:\/\/www.sabra.org.br\/site\/manifestacoes-artisticas\/","og_site_name":"SABRA - Sociedade Art\u00edstica Brasileira","article_publisher":"https:\/\/www.facebook.com\/sabrabrasil","article_published_time":"2020-10-12T18:50:31+00:00","article_modified_time":"2025-04-18T13:51:43+00:00","og_image":[{"width":800,"height":450,"url":"https:\/\/www.sabra.org.br\/site\/wp-content\/uploads\/2020\/10\/conheca-as-principais-manifestacoes-artisticas-que-existem-20201001161911.jpg.jpg","type":"image\/jpeg"}],"author":"M\u00e1rcio Miranda Pontes","twitter_card":"summary_large_image","twitter_creator":"@ContatoSabra","twitter_site":"@ContatoSabra","twitter_misc":{"Escrito por":"M\u00e1rcio Miranda Pontes","Est. tempo de leitura":"5 minutos"},"schema":{"@context":"https:\/\/schema.org","@graph":[{"@type":"Article","@id":"https:\/\/www.sabra.org.br\/site\/manifestacoes-artisticas\/#article","isPartOf":{"@id":"https:\/\/www.sabra.org.br\/site\/manifestacoes-artisticas\/"},"author":{"name":"M\u00e1rcio Miranda Pontes","@id":"https:\/\/www.sabra.org.br\/site\/#\/schema\/person\/7d1d222c3c8891d4c37c7b41bf6315c2"},"headline":"Manifesta\u00e7\u00f5es art\u00edsticas","datePublished":"2020-10-12T18:50:31+00:00","dateModified":"2025-04-18T13:51:43+00:00","mainEntityOfPage":{"@id":"https:\/\/www.sabra.org.br\/site\/manifestacoes-artisticas\/"},"wordCount":792,"publisher":{"@id":"https:\/\/www.sabra.org.br\/site\/#organization"},"image":{"@id":"https:\/\/www.sabra.org.br\/site\/manifestacoes-artisticas\/#primaryimage"},"thumbnailUrl":"https:\/\/www.sabra.org.br\/site\/wp-content\/uploads\/2020\/10\/conheca-as-principais-manifestacoes-artisticas-que-existem-20201001161911.jpg.jpg","keywords":["Assist\u00eancia social","Canto Coral","Escola de M\u00fasica de Nova Lima","Escola de Musica SABRA","Musicaliza\u00e7\u00e3o Infantil","Orquestra Infanto Juvenil de Betim","Orquestra Sinf\u00f4nica de Betim","Sociedade Art\u00edstica Brasileira"],"articleSection":["Blog SABRA"],"inLanguage":"pt-BR"},{"@type":"WebPage","@id":"https:\/\/www.sabra.org.br\/site\/manifestacoes-artisticas\/","url":"https:\/\/www.sabra.org.br\/site\/manifestacoes-artisticas\/","name":"Manifesta\u00e7\u00f5es art\u00edsticas - SABRA - Sociedade Art\u00edstica Brasileira","isPartOf":{"@id":"https:\/\/www.sabra.org.br\/site\/#website"},"primaryImageOfPage":{"@id":"https:\/\/www.sabra.org.br\/site\/manifestacoes-artisticas\/#primaryimage"},"image":{"@id":"https:\/\/www.sabra.org.br\/site\/manifestacoes-artisticas\/#primaryimage"},"thumbnailUrl":"https:\/\/www.sabra.org.br\/site\/wp-content\/uploads\/2020\/10\/conheca-as-principais-manifestacoes-artisticas-que-existem-20201001161911.jpg.jpg","datePublished":"2020-10-12T18:50:31+00:00","dateModified":"2025-04-18T13:51:43+00:00","description":"As express\u00f5es art\u00edsticas s\u00e3o mais do que apenas uma maneira de colocar em categorias tudo o que enxergamos como arte.","breadcrumb":{"@id":"https:\/\/www.sabra.org.br\/site\/manifestacoes-artisticas\/#breadcrumb"},"inLanguage":"pt-BR","potentialAction":[{"@type":"ReadAction","target":["https:\/\/www.sabra.org.br\/site\/manifestacoes-artisticas\/"]}]},{"@type":"ImageObject","inLanguage":"pt-BR","@id":"https:\/\/www.sabra.org.br\/site\/manifestacoes-artisticas\/#primaryimage","url":"https:\/\/www.sabra.org.br\/site\/wp-content\/uploads\/2020\/10\/conheca-as-principais-manifestacoes-artisticas-que-existem-20201001161911.jpg.jpg","contentUrl":"https:\/\/www.sabra.org.br\/site\/wp-content\/uploads\/2020\/10\/conheca-as-principais-manifestacoes-artisticas-que-existem-20201001161911.jpg.jpg","width":800,"height":450,"caption":"Sociedade Art\u00edstica Brasileira SABRA"},{"@type":"BreadcrumbList","@id":"https:\/\/www.sabra.org.br\/site\/manifestacoes-artisticas\/#breadcrumb","itemListElement":[{"@type":"ListItem","position":1,"name":"In\u00edcio","item":"https:\/\/www.sabra.org.br\/site\/"},{"@type":"ListItem","position":2,"name":"Manifesta\u00e7\u00f5es art\u00edsticas"}]},{"@type":"WebSite","@id":"https:\/\/www.sabra.org.br\/site\/#website","url":"https:\/\/www.sabra.org.br\/site\/","name":"SABRA - Sociedade Art\u00edstica Brasileira","description":"Escola de M\u00fasica, Orquestra Sinf\u00f4nica, Coral e Patrim\u00f4nio Cultural e Hist\u00f3rico","publisher":{"@id":"https:\/\/www.sabra.org.br\/site\/#organization"},"potentialAction":[{"@type":"SearchAction","target":{"@type":"EntryPoint","urlTemplate":"https:\/\/www.sabra.org.br\/site\/?s={search_term_string}"},"query-input":{"@type":"PropertyValueSpecification","valueRequired":true,"valueName":"search_term_string"}}],"inLanguage":"pt-BR"},{"@type":"Organization","@id":"https:\/\/www.sabra.org.br\/site\/#organization","name":"SOCIEDADE ART\u00cdSTICA BRASILEIRA SABRA","alternateName":"SABRA","url":"https:\/\/www.sabra.org.br\/site\/","logo":{"@type":"ImageObject","inLanguage":"pt-BR","@id":"https:\/\/www.sabra.org.br\/site\/#\/schema\/logo\/image\/","url":"https:\/\/www.sabra.org.br\/site\/wp-content\/uploads\/2019\/06\/cropped-Logo_SABRA-Copia-1.webp","contentUrl":"https:\/\/www.sabra.org.br\/site\/wp-content\/uploads\/2019\/06\/cropped-Logo_SABRA-Copia-1.webp","width":400,"height":128,"caption":"SOCIEDADE ART\u00cdSTICA BRASILEIRA SABRA"},"image":{"@id":"https:\/\/www.sabra.org.br\/site\/#\/schema\/logo\/image\/"},"sameAs":["https:\/\/www.facebook.com\/sabrabrasil","https:\/\/x.com\/ContatoSabra","https:\/\/www.instagram.com\/sabrabrasil\/","https:\/\/www.linkedin.com\/company\/25002088\/","https:\/\/br.pinterest.com\/sociedadeartisticabrasileira\/","https:\/\/www.youtube.com\/c\/sabrabrasil"]},{"@type":"Person","@id":"https:\/\/www.sabra.org.br\/site\/#\/schema\/person\/7d1d222c3c8891d4c37c7b41bf6315c2","name":"M\u00e1rcio Miranda Pontes","image":{"@type":"ImageObject","inLanguage":"pt-BR","@id":"https:\/\/secure.gravatar.com\/avatar\/3b45f24496a7625a3a6c436688fbe20344faaeb2979658dc4a9921f984d7df9a?s=96&d=mm&r=g","url":"https:\/\/secure.gravatar.com\/avatar\/3b45f24496a7625a3a6c436688fbe20344faaeb2979658dc4a9921f984d7df9a?s=96&d=mm&r=g","contentUrl":"https:\/\/secure.gravatar.com\/avatar\/3b45f24496a7625a3a6c436688fbe20344faaeb2979658dc4a9921f984d7df9a?s=96&d=mm&r=g","caption":"M\u00e1rcio Miranda Pontes"},"sameAs":["http:\/\/www.sabra.org.br"],"url":"https:\/\/www.sabra.org.br\/site\/author\/marcio-miranda-pontes\/"}]}},"jetpack_featured_media_url":"https:\/\/www.sabra.org.br\/site\/wp-content\/uploads\/2020\/10\/conheca-as-principais-manifestacoes-artisticas-que-existem-20201001161911.jpg.jpg","jetpack_shortlink":"https:\/\/wp.me\/p95j2Z-OL","jetpack-related-posts":[{"id":2332,"url":"https:\/\/www.sabra.org.br\/site\/criancas-expressoes-artisticas\/","url_meta":{"origin":3147,"position":0},"title":"Crian\u00e7as e express\u00f5es art\u00edsticas","author":"M\u00e1rcio Miranda Pontes","date":"16 de setembro de 2019","format":false,"excerpt":"Segundo apontam as Diretrizes Curriculares Nacionais para a Educa\u00e7\u00e3o Infantil, o per\u00edodo mais indicada para que as crian\u00e7as aprendam sobre express\u00f5es art\u00edsticas \u00e9 dos 0 aos 5 anos de idade.","rel":"","context":"Em &quot;Blog SABRA&quot;","block_context":{"text":"Blog SABRA","link":"https:\/\/www.sabra.org.br\/site\/category\/blog-sabra\/"},"img":{"alt_text":"Crian\u00e7a e express\u00e3o art\u00edstica","src":"https:\/\/i0.wp.com\/www.sabra.org.br\/site\/wp-content\/uploads\/2019\/09\/qual-a-idade-mais-indicada-para-que-as-criancas-aprendam-sobre-expressoes-artisticas-20190531112303.jpg.jpg?resize=350%2C200&ssl=1","width":350,"height":200,"srcset":"https:\/\/i0.wp.com\/www.sabra.org.br\/site\/wp-content\/uploads\/2019\/09\/qual-a-idade-mais-indicada-para-que-as-criancas-aprendam-sobre-expressoes-artisticas-20190531112303.jpg.jpg?resize=350%2C200&ssl=1 1x, https:\/\/i0.wp.com\/www.sabra.org.br\/site\/wp-content\/uploads\/2019\/09\/qual-a-idade-mais-indicada-para-que-as-criancas-aprendam-sobre-expressoes-artisticas-20190531112303.jpg.jpg?resize=525%2C300&ssl=1 1.5x, https:\/\/i0.wp.com\/www.sabra.org.br\/site\/wp-content\/uploads\/2019\/09\/qual-a-idade-mais-indicada-para-que-as-criancas-aprendam-sobre-expressoes-artisticas-20190531112303.jpg.jpg?resize=700%2C400&ssl=1 2x"},"classes":[]},{"id":8698,"url":"https:\/\/www.sabra.org.br\/site\/arte-problemas-emocionais\/","url_meta":{"origin":3147,"position":1},"title":"Como a arte pode ajudar a aliviar problemas emocionais?","author":"M\u00e1rcio Miranda Pontes","date":"14 de dezembro de 2023","format":false,"excerpt":"Os problemas emocionais v\u00eam sendo a queixa mais comum das pessoas nos \u00faltimos tempos. Voc\u00ea tamb\u00e9m sofre com eles? Sabia que a arte pode ajudar a aliviar os sintomas? Confira mais sobre o assunto no texto a seguir.","rel":"","context":"Em &quot;Blog SABRA&quot;","block_context":{"text":"Blog SABRA","link":"https:\/\/www.sabra.org.br\/site\/category\/blog-sabra\/"},"img":{"alt_text":"sabra-m\u00fasica-sentimentos-arte-mente-art\u00edsticas-atividades-diversos-emocionais-meio-pessoa-problemas","src":"https:\/\/i0.wp.com\/www.sabra.org.br\/site\/wp-content\/uploads\/2023\/12\/como-a-arte-pode-ajudar-a-aliviar-problemas-emocionais-20181030105249.jpg-jpg.webp?resize=350%2C200&ssl=1","width":350,"height":200,"srcset":"https:\/\/i0.wp.com\/www.sabra.org.br\/site\/wp-content\/uploads\/2023\/12\/como-a-arte-pode-ajudar-a-aliviar-problemas-emocionais-20181030105249.jpg-jpg.webp?resize=350%2C200&ssl=1 1x, https:\/\/i0.wp.com\/www.sabra.org.br\/site\/wp-content\/uploads\/2023\/12\/como-a-arte-pode-ajudar-a-aliviar-problemas-emocionais-20181030105249.jpg-jpg.webp?resize=525%2C300&ssl=1 1.5x, https:\/\/i0.wp.com\/www.sabra.org.br\/site\/wp-content\/uploads\/2023\/12\/como-a-arte-pode-ajudar-a-aliviar-problemas-emocionais-20181030105249.jpg-jpg.webp?resize=700%2C400&ssl=1 2x"},"classes":[]},{"id":2147,"url":"https:\/\/www.sabra.org.br\/site\/arte-e-comunicacao\/","url_meta":{"origin":3147,"position":2},"title":"Arte e Comunica\u00e7\u00e3o","author":"M\u00e1rcio Miranda Pontes","date":"17 de junho de 2019","format":false,"excerpt":"habilidades de intera\u00e7\u00e3o social intera\u00e7\u00e3o social praticar a arte habilidades de intera\u00e7\u00e3o manifesta\u00e7\u00f5es art\u00edsticas","rel":"","context":"Em &quot;Blog SABRA&quot;","block_context":{"text":"Blog SABRA","link":"https:\/\/www.sabra.org.br\/site\/category\/blog-sabra\/"},"img":{"alt_text":"arte e comunica\u00e7\u00e3o","src":"https:\/\/i0.wp.com\/www.sabra.org.br\/site\/wp-content\/uploads\/2019\/06\/arte-e-comunicacao-entenda-como-os-dois-podem-se-relacionar-20190225143027.jpg.jpg?resize=350%2C200&ssl=1","width":350,"height":200,"srcset":"https:\/\/i0.wp.com\/www.sabra.org.br\/site\/wp-content\/uploads\/2019\/06\/arte-e-comunicacao-entenda-como-os-dois-podem-se-relacionar-20190225143027.jpg.jpg?resize=350%2C200&ssl=1 1x, https:\/\/i0.wp.com\/www.sabra.org.br\/site\/wp-content\/uploads\/2019\/06\/arte-e-comunicacao-entenda-como-os-dois-podem-se-relacionar-20190225143027.jpg.jpg?resize=525%2C300&ssl=1 1.5x, https:\/\/i0.wp.com\/www.sabra.org.br\/site\/wp-content\/uploads\/2019\/06\/arte-e-comunicacao-entenda-como-os-dois-podem-se-relacionar-20190225143027.jpg.jpg?resize=700%2C400&ssl=1 2x"},"classes":[]},{"id":9887,"url":"https:\/\/www.sabra.org.br\/site\/vida-artistica\/","url_meta":{"origin":3147,"position":3},"title":"A import\u00e2ncia das express\u00f5es art\u00edsticas na vida das crian\u00e7as e jovens","author":"M\u00e1rcio Miranda Pontes","date":"19 de julho de 2024","format":false,"excerpt":"Descubra a import\u00e2ncia de estimular o desenvolvimento da express\u00e3o art\u00edstica desde cedo na vida das crian\u00e7as e jovens.","rel":"","context":"Em &quot;Blog SABRA&quot;","block_context":{"text":"Blog SABRA","link":"https:\/\/www.sabra.org.br\/site\/category\/blog-sabra\/"},"img":{"alt_text":"sabra-m\u00fasica-art\u00edstica-vida-crian\u00e7as","src":"https:\/\/i0.wp.com\/www.sabra.org.br\/site\/wp-content\/uploads\/2024\/07\/a-importancia-das-expressoes-artisticas-na-vida-das-criancas-e-jovens-20190114103708.jpg-jpg.webp?resize=350%2C200&ssl=1","width":350,"height":200,"srcset":"https:\/\/i0.wp.com\/www.sabra.org.br\/site\/wp-content\/uploads\/2024\/07\/a-importancia-das-expressoes-artisticas-na-vida-das-criancas-e-jovens-20190114103708.jpg-jpg.webp?resize=350%2C200&ssl=1 1x, https:\/\/i0.wp.com\/www.sabra.org.br\/site\/wp-content\/uploads\/2024\/07\/a-importancia-das-expressoes-artisticas-na-vida-das-criancas-e-jovens-20190114103708.jpg-jpg.webp?resize=525%2C300&ssl=1 1.5x, https:\/\/i0.wp.com\/www.sabra.org.br\/site\/wp-content\/uploads\/2024\/07\/a-importancia-das-expressoes-artisticas-na-vida-das-criancas-e-jovens-20190114103708.jpg-jpg.webp?resize=700%2C400&ssl=1 2x"},"classes":[]},{"id":7095,"url":"https:\/\/www.sabra.org.br\/site\/arte-na-escola\/","url_meta":{"origin":3147,"position":4},"title":"A import\u00e2ncia do ensino das artes na escola","author":"M\u00e1rcio Miranda Pontes","date":"9 de maio de 2023","format":false,"excerpt":"Assim como o ensino de matem\u00e1tica, f\u00edsica, portugu\u00eas, biologia e demais conte\u00fados, o ensino das artes na escola \u00e9 indispens\u00e1vel. Afinal, \u00e9 ele que desperta a sensibilidade e agu\u00e7a as reflex\u00f5es do estudante.","rel":"","context":"Em &quot;Blog SABRA&quot;","block_context":{"text":"Blog SABRA","link":"https:\/\/www.sabra.org.br\/site\/category\/blog-sabra\/"},"img":{"alt_text":"arte-humanidade-ensinar-escola","src":"https:\/\/i0.wp.com\/www.sabra.org.br\/site\/wp-content\/uploads\/2023\/05\/a-importancia-do-ensino-das-artes-na-escola-20171229162457.jpg-jpg.webp?resize=350%2C200&ssl=1","width":350,"height":200,"srcset":"https:\/\/i0.wp.com\/www.sabra.org.br\/site\/wp-content\/uploads\/2023\/05\/a-importancia-do-ensino-das-artes-na-escola-20171229162457.jpg-jpg.webp?resize=350%2C200&ssl=1 1x, https:\/\/i0.wp.com\/www.sabra.org.br\/site\/wp-content\/uploads\/2023\/05\/a-importancia-do-ensino-das-artes-na-escola-20171229162457.jpg-jpg.webp?resize=525%2C300&ssl=1 1.5x, https:\/\/i0.wp.com\/www.sabra.org.br\/site\/wp-content\/uploads\/2023\/05\/a-importancia-do-ensino-das-artes-na-escola-20171229162457.jpg-jpg.webp?resize=700%2C400&ssl=1 2x, https:\/\/i0.wp.com\/www.sabra.org.br\/site\/wp-content\/uploads\/2023\/05\/a-importancia-do-ensino-das-artes-na-escola-20171229162457.jpg-jpg.webp?resize=1050%2C600&ssl=1 3x, https:\/\/i0.wp.com\/www.sabra.org.br\/site\/wp-content\/uploads\/2023\/05\/a-importancia-do-ensino-das-artes-na-escola-20171229162457.jpg-jpg.webp?resize=1400%2C800&ssl=1 4x"},"classes":[]},{"id":1367,"url":"https:\/\/www.sabra.org.br\/site\/arte-e-cultura-diferenca-e-ligacao\/","url_meta":{"origin":3147,"position":5},"title":"Arte e Cultura: Qual a diferen\u00e7a e qual a liga\u00e7\u00e3o?","author":"M\u00e1rcio Miranda Pontes","date":"8 de agosto de 2018","format":false,"excerpt":"Arte e Cultura: Qual a diferen\u00e7a e qual a liga\u00e7\u00e3o? A Arte e a Cultura est\u00e3o sempre presentes em nossos assuntos do dia a dia, mesmo que a gente n\u00e3o perceba realmente a sua presen\u00e7a. Entretanto, muita gente confunde esses dois conceitos: o que diz respeito \u00e0 arte e o\u2026","rel":"","context":"Em &quot;Blog SABRA&quot;","block_context":{"text":"Blog SABRA","link":"https:\/\/www.sabra.org.br\/site\/category\/blog-sabra\/"},"img":{"alt_text":"Arte e Cultura","src":"https:\/\/i0.wp.com\/www.sabra.org.br\/site\/wp-content\/uploads\/2018\/08\/arte-e-cultura-qual-a-diferenca-e-qual-a-ligacao-20180417140635.jpg.jpg?resize=350%2C200&ssl=1","width":350,"height":200,"srcset":"https:\/\/i0.wp.com\/www.sabra.org.br\/site\/wp-content\/uploads\/2018\/08\/arte-e-cultura-qual-a-diferenca-e-qual-a-ligacao-20180417140635.jpg.jpg?resize=350%2C200&ssl=1 1x, https:\/\/i0.wp.com\/www.sabra.org.br\/site\/wp-content\/uploads\/2018\/08\/arte-e-cultura-qual-a-diferenca-e-qual-a-ligacao-20180417140635.jpg.jpg?resize=525%2C300&ssl=1 1.5x, https:\/\/i0.wp.com\/www.sabra.org.br\/site\/wp-content\/uploads\/2018\/08\/arte-e-cultura-qual-a-diferenca-e-qual-a-ligacao-20180417140635.jpg.jpg?resize=700%2C400&ssl=1 2x"},"classes":[]}],"jetpack_likes_enabled":true,"jetpack_sharing_enabled":true,"_links":{"self":[{"href":"https:\/\/www.sabra.org.br\/site\/wp-json\/wp\/v2\/posts\/3147","targetHints":{"allow":["GET"]}}],"collection":[{"href":"https:\/\/www.sabra.org.br\/site\/wp-json\/wp\/v2\/posts"}],"about":[{"href":"https:\/\/www.sabra.org.br\/site\/wp-json\/wp\/v2\/types\/post"}],"author":[{"embeddable":true,"href":"https:\/\/www.sabra.org.br\/site\/wp-json\/wp\/v2\/users\/39"}],"replies":[{"embeddable":true,"href":"https:\/\/www.sabra.org.br\/site\/wp-json\/wp\/v2\/comments?post=3147"}],"version-history":[{"count":0,"href":"https:\/\/www.sabra.org.br\/site\/wp-json\/wp\/v2\/posts\/3147\/revisions"}],"wp:featuredmedia":[{"embeddable":true,"href":"https:\/\/www.sabra.org.br\/site\/wp-json\/wp\/v2\/media\/3149"}],"wp:attachment":[{"href":"https:\/\/www.sabra.org.br\/site\/wp-json\/wp\/v2\/media?parent=3147"}],"wp:term":[{"taxonomy":"category","embeddable":true,"href":"https:\/\/www.sabra.org.br\/site\/wp-json\/wp\/v2\/categories?post=3147"},{"taxonomy":"post_tag","embeddable":true,"href":"https:\/\/www.sabra.org.br\/site\/wp-json\/wp\/v2\/tags?post=3147"}],"curies":[{"name":"wp","href":"https:\/\/api.w.org\/{rel}","templated":true}]}}