{"id":3216,"date":"2020-10-31T20:53:56","date_gmt":"2020-10-31T23:53:56","guid":{"rendered":"https:\/\/www.sabra.org.br\/site\/?p=3216"},"modified":"2020-10-31T20:53:56","modified_gmt":"2020-10-31T23:53:56","slug":"musica-musicas-infantis","status":"publish","type":"post","link":"https:\/\/www.sabra.org.br\/site\/musica-musicas-infantis\/","title":{"rendered":"M\u00fasicas infantis"},"content":{"rendered":"<p>[vc_row][vc_column][vc_column_text]<\/p>\n<h2>M\u00fasicas infantis que bombaram em 2020<\/h2>\n<p>O ser humano por si s\u00f3 adora m\u00fasica. Independentemente da idade, todos concordam que praticamente tudo fica melhor com m\u00fasica. As crian\u00e7as, inclusive, s\u00e3o conhecidas por adorar se divertir ao som de uma boa m\u00fasica. Afinal, n\u00e3o raramente, presenciamos uma crian\u00e7a mexendo o corpo e cantarolando.<\/p>\n<p>Diferente do que muitas pessoas pensam, as m\u00fasicas infantis ainda se encontram em alta. Prova disso \u00e9 que ainda em 2020, muitas delas se destacaram. Com muitas fam\u00edlias em casa, distrair as crian\u00e7as e garantir uma atividade saud\u00e1vel \u00e9 fundamental.<\/p>\n<p>Por isso, as m\u00fasicas infantis se tornaram uma das principais alternativas para manter os pequenos interessados e distra\u00eddos com determinadas atividades. Entre essas m\u00fasicas, algumas se destacaram de grande forma. Confira!<\/p>\n<h2>1. Salada de Frutas \u2013 Clube da Anittinha<\/h2>\n<p>Mesmo que tenha sido lan\u00e7ada ainda no ano de 2019, Salada de Frutas ainda se mostrou muito popular nesse ano de 2020. Criada pela cantora Anitta como um projeto infantil, mostrou que \u00e9 poss\u00edvel modernizar as m\u00fasicas infantis e deix\u00e1-las mais divertidas.<\/p>\n<h2>2. Pintinho Amarelinho \u2013 Galinha Pintadinha<\/h2>\n<p>A vers\u00e3o de Pintinho Amarelinho, da Galinha Pintadinha, pareceu divertir muitas crian\u00e7as em 2020. Com um ritmo divertido, a Galinha Pintadinha ficou conhecida por regravar e criar diversas can\u00e7\u00f5es junto ao desenho.<\/p>\n<h2>3. Baby Shark \u2013 Pinkfong<\/h2>\n<p>Baby Shark virou febre at\u00e9 mesmo entre os adultos. Com um ritmo contagiante e a letra muito f\u00e1cil de decorar, a m\u00fasica fala sobre um filhote de tubar\u00e3o e toda sua fam\u00edlia, incluindo m\u00e3e, pai, av\u00f3 e av\u00f4.<\/p>\n<h2>4. A Roda do \u00d4nibus \u2013 Bob Zoom<\/h2>\n<p>Na can\u00e7\u00e3o \u201cA Roda do \u00d4nibus\u201d, \u00e9 poss\u00edvel acompanhar frases positivas, como \u201ceu te amo\u201d. Al\u00e9m disso, tamb\u00e9m conta sobre a rotina do \u00f4nibus realizando todo o seu trajeto pela cidade. A m\u00fasica \u00e9 uma \u00f3tima distra\u00e7\u00e3o para as crian\u00e7as.<\/p>\n<h2>5. Lua de Cristal \u2013 Xuxa<\/h2>\n<p>Xuxa \u00e9 conhecida como A Rainha dos Baixinhos. Por conta disso, suas m\u00fasicas nunca sa\u00edram de cena e s\u00e3o passadas de pais para filhos. Dessa maneira, Lua de Cristal ainda \u00e9 uma das m\u00fasicas mais populares e marcou presen\u00e7a no ano de 2020.<\/p>\n<h2>A m\u00fasica na inf\u00e2ncia<\/h2>\n<p>\u00c9 na inf\u00e2ncia que se aprende mais e melhor. Com a mente plenamente aberta pra receber informa\u00e7\u00f5es, a m\u00fasica funciona como um precursor no desenvolvimento das aptid\u00f5es lingu\u00edsticas. Al\u00e9m do mais, tamb\u00e9m auxilia no desenvolvimento de sua capacidade de expressar sentimentos.<\/p>\n<p>A m\u00fasica tamb\u00e9m tem um importante papel durante a fase em que a crian\u00e7a come\u00e7a a mostrar ind\u00edcios de desenvolvimento em sua coordena\u00e7\u00e3o motora.<\/p>\n<h2>Desenvolvimento emocional<\/h2>\n<p>Segundo o RCNEI de 1998, a m\u00fasica \u00e9 entendida como linguagem que tem a capacidade de comunicar sensa\u00e7\u00f5es e sentimentos atrav\u00e9s do som e do sil\u00eancio e que, inclusive, tamb\u00e9m est\u00e1 presente em todas as culturas.<\/p>\n<p>Dessa maneira, sabe-se o quanto \u00e9 positivo incentivar desde cedo o contato da crian\u00e7a com a m\u00fasica. De fato, n\u00e3o somente a m\u00fasica, mas a arte em si, tem \u00f3timos e not\u00e1veis benef\u00edcios, fazendo com que o sentimento aflore com mais facilidade, bem como a percep\u00e7\u00e3o e a sensibilidade. Assim, \u00e9 poss\u00edvel auxiliar no desenvolvimento art\u00edstico da crian\u00e7a e tamb\u00e9m da mesma como ser humano.<\/p>\n<blockquote class=\"wp-embedded-content\" data-secret=\"yR5IeyV1wP\"><p><a href=\"https:\/\/www.sabra.org.br\/site\/musica-arte-ou-entretenimento\/\">M\u00fasica: Arte ou entretenimento?<\/a><\/p><\/blockquote>\n<p><iframe class=\"wp-embedded-content\" sandbox=\"allow-scripts\" security=\"restricted\" style=\"position: absolute; clip: rect(1px, 1px, 1px, 1px);\" title=\"&#8220;M\u00fasica: Arte ou entretenimento?&#8221; &#8212; SABRA - Sociedade Art\u00edstica Brasileira\" src=\"https:\/\/www.sabra.org.br\/site\/musica-arte-ou-entretenimento\/embed\/#?secret=yR5IeyV1wP\" data-secret=\"yR5IeyV1wP\" width=\"600\" height=\"338\" frameborder=\"0\" marginwidth=\"0\" marginheight=\"0\" scrolling=\"no\"><\/iframe><\/p>\n<p>Gostou deste post? Compartilhe!<\/p>\n<hr \/>\n<h2>Se voc\u00ea gostou deste post:<\/h2>\n<p>&#8211; SIGA as nossas p\u00e1ginas nas redes sociais para acompanhar as nossas atualiza\u00e7\u00f5es: estamos no <a href=\"https:\/\/www.facebook.com\/sabrabrasil\" target=\"_blank\" rel=\"noopener noreferrer\">Facebook<\/a>, no <a href=\"https:\/\/www.instagram.com\/sabrabrasil\/\" target=\"_blank\" rel=\"noopener noreferrer\">Instagram<\/a>, no <a href=\"https:\/\/www.linkedin.com\/company\/25002088\" target=\"_blank\" rel=\"noopener noreferrer\">LinkedIn<\/a>, no <a href=\"https:\/\/twitter.com\/ContatoSabra\" target=\"_blank\" rel=\"noopener noreferrer\">Twitter<\/a> e no <a href=\"https:\/\/www.youtube.com\/channel\/UCJw-kbuEvzUNdeQf20Pa-eQ\" target=\"_blank\" rel=\"noopener noreferrer\">YouTube<\/a>!<\/p>\n<p>&#8211; CONHE\u00c7A o trabalho da Sociedade Art\u00edstica Brasileira (SABRA) e todas as iniciativas culturais e sociais que ela mant\u00e9m. <a href=\"https:\/\/www.sabra.org.br\/site\/acoes\/\" target=\"_blank\" rel=\"noopener noreferrer\">Acesse nosso site!<\/a><\/p>\n<p>&#8211; ENTRE EM CONTATO com a gente. E veja quais s\u00e3o as op\u00e7\u00f5es de ajuda na manuten\u00e7\u00e3o de nossas a\u00e7\u00f5es sociais e culturais. Basta acessar nossa p\u00e1gina <a href=\"https:\/\/www.sabra.org.br\/site\/doe-agora\/\" target=\"_blank\" rel=\"noopener noreferrer\">Doe Agora!<\/a><\/p>\n<p>&#8211; COMPARTILHE este texto nas suas redes sociais e ajude os seus amigos a tamb\u00e9m dominarem o assunto![\/vc_column_text][\/vc_column][\/vc_row]<\/p>\n","protected":false},"excerpt":{"rendered":"<p>As m\u00fasicas infantis possuem v\u00e1rios prop\u00f3sitos, desde a divers\u00e3o da crian\u00e7a, at\u00e9 o seu desenvolvimento emocional e cultural. Acompanhe neste post as m\u00fasicas que mais fizeram sucesso com a garotada em 2020.<\/p>\n","protected":false},"author":39,"featured_media":3217,"comment_status":"closed","ping_status":"closed","sticky":false,"template":"","format":"standard","meta":{"jetpack_post_was_ever_published":false,"_jetpack_newsletter_access":"","_jetpack_dont_email_post_to_subs":false,"_jetpack_newsletter_tier_id":0,"_jetpack_memberships_contains_paywalled_content":false,"_jetpack_memberships_contains_paid_content":false,"footnotes":""},"categories":[1],"tags":[15,8,1846,1285,16,1286,11,9],"class_list":["post-3216","post","type-post","status-publish","format-standard","has-post-thumbnail","hentry","category-blog-sabra","tag-assistencia-social","tag-canto-coral","tag-escola-de-musica-de-nova-lima","tag-escola-de-musica-sabra","tag-musicalizacao-infantil","tag-orquestra-infanto-juvenil-de-betim","tag-orquestra-sinfonica-de-betim","tag-sociedade-artistica-brasileira"],"yoast_head":"<!-- This site is optimized with the Yoast SEO plugin v27.5 - https:\/\/yoast.com\/product\/yoast-seo-wordpress\/ -->\n<title>M\u00fasicas infantis - SABRA - Sociedade Art\u00edstica Brasileira<\/title>\n<meta name=\"description\" content=\"As m\u00fasicas infantis possuem v\u00e1rios prop\u00f3sitos, desde a divers\u00e3o da crian\u00e7a, at\u00e9 o seu desenvolvimento emocional e cultural.\" \/>\n<meta name=\"robots\" content=\"index, follow, max-snippet:-1, max-image-preview:large, max-video-preview:-1\" \/>\n<link rel=\"canonical\" href=\"https:\/\/www.sabra.org.br\/site\/musica-musicas-infantis\/\" \/>\n<meta property=\"og:locale\" content=\"pt_BR\" \/>\n<meta property=\"og:type\" content=\"article\" \/>\n<meta property=\"og:title\" content=\"M\u00fasicas infantis - SABRA - Sociedade Art\u00edstica Brasileira\" \/>\n<meta property=\"og:description\" content=\"As m\u00fasicas infantis possuem v\u00e1rios prop\u00f3sitos, desde a divers\u00e3o da crian\u00e7a, at\u00e9 o seu desenvolvimento emocional e cultural.\" \/>\n<meta property=\"og:url\" content=\"https:\/\/www.sabra.org.br\/site\/musica-musicas-infantis\/\" \/>\n<meta property=\"og:site_name\" content=\"SABRA - Sociedade Art\u00edstica Brasileira\" \/>\n<meta property=\"article:publisher\" content=\"https:\/\/www.facebook.com\/sabrabrasil\" \/>\n<meta property=\"article:published_time\" content=\"2020-10-31T23:53:56+00:00\" \/>\n<meta property=\"og:image\" content=\"https:\/\/i0.wp.com\/www.sabra.org.br\/site\/wp-content\/uploads\/2020\/10\/x-musicas-infantis-que-bombaram-em-20201001161911.jpg.jpg?fit=800%2C534&ssl=1\" \/>\n\t<meta property=\"og:image:width\" content=\"800\" \/>\n\t<meta property=\"og:image:height\" content=\"534\" \/>\n\t<meta property=\"og:image:type\" content=\"image\/jpeg\" \/>\n<meta name=\"author\" content=\"M\u00e1rcio Miranda Pontes\" \/>\n<meta name=\"twitter:card\" content=\"summary_large_image\" \/>\n<meta name=\"twitter:creator\" content=\"@ContatoSabra\" \/>\n<meta name=\"twitter:site\" content=\"@ContatoSabra\" \/>\n<meta name=\"twitter:label1\" content=\"Escrito por\" \/>\n\t<meta name=\"twitter:data1\" content=\"M\u00e1rcio Miranda Pontes\" \/>\n\t<meta name=\"twitter:label2\" content=\"Est. tempo de leitura\" \/>\n\t<meta name=\"twitter:data2\" content=\"4 minutos\" \/>\n<script type=\"application\/ld+json\" class=\"yoast-schema-graph\">{\"@context\":\"https:\\\/\\\/schema.org\",\"@graph\":[{\"@type\":\"Article\",\"@id\":\"https:\\\/\\\/www.sabra.org.br\\\/site\\\/musica-musicas-infantis\\\/#article\",\"isPartOf\":{\"@id\":\"https:\\\/\\\/www.sabra.org.br\\\/site\\\/musica-musicas-infantis\\\/\"},\"author\":{\"name\":\"M\u00e1rcio Miranda Pontes\",\"@id\":\"https:\\\/\\\/www.sabra.org.br\\\/site\\\/#\\\/schema\\\/person\\\/7d1d222c3c8891d4c37c7b41bf6315c2\"},\"headline\":\"M\u00fasicas infantis\",\"datePublished\":\"2020-10-31T23:53:56+00:00\",\"mainEntityOfPage\":{\"@id\":\"https:\\\/\\\/www.sabra.org.br\\\/site\\\/musica-musicas-infantis\\\/\"},\"wordCount\":703,\"publisher\":{\"@id\":\"https:\\\/\\\/www.sabra.org.br\\\/site\\\/#organization\"},\"image\":{\"@id\":\"https:\\\/\\\/www.sabra.org.br\\\/site\\\/musica-musicas-infantis\\\/#primaryimage\"},\"thumbnailUrl\":\"https:\\\/\\\/www.sabra.org.br\\\/site\\\/wp-content\\\/uploads\\\/2020\\\/10\\\/x-musicas-infantis-que-bombaram-em-20201001161911.jpg.jpg\",\"keywords\":[\"Assist\u00eancia social\",\"Canto Coral\",\"Escola de M\u00fasica de Nova Lima\",\"Escola de Musica SABRA\",\"Musicaliza\u00e7\u00e3o Infantil\",\"Orquestra Infanto Juvenil de Betim\",\"Orquestra Sinf\u00f4nica de Betim\",\"Sociedade Art\u00edstica Brasileira\"],\"articleSection\":[\"Blog SABRA\"],\"inLanguage\":\"pt-BR\"},{\"@type\":\"WebPage\",\"@id\":\"https:\\\/\\\/www.sabra.org.br\\\/site\\\/musica-musicas-infantis\\\/\",\"url\":\"https:\\\/\\\/www.sabra.org.br\\\/site\\\/musica-musicas-infantis\\\/\",\"name\":\"M\u00fasicas infantis - SABRA - Sociedade Art\u00edstica Brasileira\",\"isPartOf\":{\"@id\":\"https:\\\/\\\/www.sabra.org.br\\\/site\\\/#website\"},\"primaryImageOfPage\":{\"@id\":\"https:\\\/\\\/www.sabra.org.br\\\/site\\\/musica-musicas-infantis\\\/#primaryimage\"},\"image\":{\"@id\":\"https:\\\/\\\/www.sabra.org.br\\\/site\\\/musica-musicas-infantis\\\/#primaryimage\"},\"thumbnailUrl\":\"https:\\\/\\\/www.sabra.org.br\\\/site\\\/wp-content\\\/uploads\\\/2020\\\/10\\\/x-musicas-infantis-que-bombaram-em-20201001161911.jpg.jpg\",\"datePublished\":\"2020-10-31T23:53:56+00:00\",\"description\":\"As m\u00fasicas infantis possuem v\u00e1rios prop\u00f3sitos, desde a divers\u00e3o da crian\u00e7a, at\u00e9 o seu desenvolvimento emocional e cultural.\",\"breadcrumb\":{\"@id\":\"https:\\\/\\\/www.sabra.org.br\\\/site\\\/musica-musicas-infantis\\\/#breadcrumb\"},\"inLanguage\":\"pt-BR\",\"potentialAction\":[{\"@type\":\"ReadAction\",\"target\":[\"https:\\\/\\\/www.sabra.org.br\\\/site\\\/musica-musicas-infantis\\\/\"]}]},{\"@type\":\"ImageObject\",\"inLanguage\":\"pt-BR\",\"@id\":\"https:\\\/\\\/www.sabra.org.br\\\/site\\\/musica-musicas-infantis\\\/#primaryimage\",\"url\":\"https:\\\/\\\/www.sabra.org.br\\\/site\\\/wp-content\\\/uploads\\\/2020\\\/10\\\/x-musicas-infantis-que-bombaram-em-20201001161911.jpg.jpg\",\"contentUrl\":\"https:\\\/\\\/www.sabra.org.br\\\/site\\\/wp-content\\\/uploads\\\/2020\\\/10\\\/x-musicas-infantis-que-bombaram-em-20201001161911.jpg.jpg\",\"width\":800,\"height\":534,\"caption\":\"Sociedade Art\u00edstica Brasileira SABRA\"},{\"@type\":\"BreadcrumbList\",\"@id\":\"https:\\\/\\\/www.sabra.org.br\\\/site\\\/musica-musicas-infantis\\\/#breadcrumb\",\"itemListElement\":[{\"@type\":\"ListItem\",\"position\":1,\"name\":\"In\u00edcio\",\"item\":\"https:\\\/\\\/www.sabra.org.br\\\/site\\\/\"},{\"@type\":\"ListItem\",\"position\":2,\"name\":\"M\u00fasicas infantis\"}]},{\"@type\":\"WebSite\",\"@id\":\"https:\\\/\\\/www.sabra.org.br\\\/site\\\/#website\",\"url\":\"https:\\\/\\\/www.sabra.org.br\\\/site\\\/\",\"name\":\"SABRA - Sociedade Art\u00edstica Brasileira\",\"description\":\"Escola de M\u00fasica, Orquestra Sinf\u00f4nica, Coral e Patrim\u00f4nio Cultural e Hist\u00f3rico\",\"publisher\":{\"@id\":\"https:\\\/\\\/www.sabra.org.br\\\/site\\\/#organization\"},\"potentialAction\":[{\"@type\":\"SearchAction\",\"target\":{\"@type\":\"EntryPoint\",\"urlTemplate\":\"https:\\\/\\\/www.sabra.org.br\\\/site\\\/?s={search_term_string}\"},\"query-input\":{\"@type\":\"PropertyValueSpecification\",\"valueRequired\":true,\"valueName\":\"search_term_string\"}}],\"inLanguage\":\"pt-BR\"},{\"@type\":\"Organization\",\"@id\":\"https:\\\/\\\/www.sabra.org.br\\\/site\\\/#organization\",\"name\":\"SOCIEDADE ART\u00cdSTICA BRASILEIRA SABRA\",\"alternateName\":\"SABRA\",\"url\":\"https:\\\/\\\/www.sabra.org.br\\\/site\\\/\",\"logo\":{\"@type\":\"ImageObject\",\"inLanguage\":\"pt-BR\",\"@id\":\"https:\\\/\\\/www.sabra.org.br\\\/site\\\/#\\\/schema\\\/logo\\\/image\\\/\",\"url\":\"https:\\\/\\\/www.sabra.org.br\\\/site\\\/wp-content\\\/uploads\\\/2019\\\/06\\\/cropped-Logo_SABRA-Copia-1.webp\",\"contentUrl\":\"https:\\\/\\\/www.sabra.org.br\\\/site\\\/wp-content\\\/uploads\\\/2019\\\/06\\\/cropped-Logo_SABRA-Copia-1.webp\",\"width\":400,\"height\":128,\"caption\":\"SOCIEDADE ART\u00cdSTICA BRASILEIRA SABRA\"},\"image\":{\"@id\":\"https:\\\/\\\/www.sabra.org.br\\\/site\\\/#\\\/schema\\\/logo\\\/image\\\/\"},\"sameAs\":[\"https:\\\/\\\/www.facebook.com\\\/sabrabrasil\",\"https:\\\/\\\/x.com\\\/ContatoSabra\",\"https:\\\/\\\/www.instagram.com\\\/sabrabrasil\\\/\",\"https:\\\/\\\/www.linkedin.com\\\/company\\\/25002088\\\/\",\"https:\\\/\\\/br.pinterest.com\\\/sociedadeartisticabrasileira\\\/\",\"https:\\\/\\\/www.youtube.com\\\/c\\\/sabrabrasil\"]},{\"@type\":\"Person\",\"@id\":\"https:\\\/\\\/www.sabra.org.br\\\/site\\\/#\\\/schema\\\/person\\\/7d1d222c3c8891d4c37c7b41bf6315c2\",\"name\":\"M\u00e1rcio Miranda Pontes\",\"image\":{\"@type\":\"ImageObject\",\"inLanguage\":\"pt-BR\",\"@id\":\"https:\\\/\\\/secure.gravatar.com\\\/avatar\\\/3b45f24496a7625a3a6c436688fbe20344faaeb2979658dc4a9921f984d7df9a?s=96&d=mm&r=g\",\"url\":\"https:\\\/\\\/secure.gravatar.com\\\/avatar\\\/3b45f24496a7625a3a6c436688fbe20344faaeb2979658dc4a9921f984d7df9a?s=96&d=mm&r=g\",\"contentUrl\":\"https:\\\/\\\/secure.gravatar.com\\\/avatar\\\/3b45f24496a7625a3a6c436688fbe20344faaeb2979658dc4a9921f984d7df9a?s=96&d=mm&r=g\",\"caption\":\"M\u00e1rcio Miranda Pontes\"},\"sameAs\":[\"http:\\\/\\\/www.sabra.org.br\"],\"url\":\"https:\\\/\\\/www.sabra.org.br\\\/site\\\/author\\\/marcio-miranda-pontes\\\/\"}]}<\/script>\n<!-- \/ Yoast SEO plugin. -->","yoast_head_json":{"title":"M\u00fasicas infantis - SABRA - Sociedade Art\u00edstica Brasileira","description":"As m\u00fasicas infantis possuem v\u00e1rios prop\u00f3sitos, desde a divers\u00e3o da crian\u00e7a, at\u00e9 o seu desenvolvimento emocional e cultural.","robots":{"index":"index","follow":"follow","max-snippet":"max-snippet:-1","max-image-preview":"max-image-preview:large","max-video-preview":"max-video-preview:-1"},"canonical":"https:\/\/www.sabra.org.br\/site\/musica-musicas-infantis\/","og_locale":"pt_BR","og_type":"article","og_title":"M\u00fasicas infantis - SABRA - Sociedade Art\u00edstica Brasileira","og_description":"As m\u00fasicas infantis possuem v\u00e1rios prop\u00f3sitos, desde a divers\u00e3o da crian\u00e7a, at\u00e9 o seu desenvolvimento emocional e cultural.","og_url":"https:\/\/www.sabra.org.br\/site\/musica-musicas-infantis\/","og_site_name":"SABRA - Sociedade Art\u00edstica Brasileira","article_publisher":"https:\/\/www.facebook.com\/sabrabrasil","article_published_time":"2020-10-31T23:53:56+00:00","og_image":[{"width":800,"height":534,"url":"https:\/\/i0.wp.com\/www.sabra.org.br\/site\/wp-content\/uploads\/2020\/10\/x-musicas-infantis-que-bombaram-em-20201001161911.jpg.jpg?fit=800%2C534&ssl=1","type":"image\/jpeg"}],"author":"M\u00e1rcio Miranda Pontes","twitter_card":"summary_large_image","twitter_creator":"@ContatoSabra","twitter_site":"@ContatoSabra","twitter_misc":{"Escrito por":"M\u00e1rcio Miranda Pontes","Est. tempo de leitura":"4 minutos"},"schema":{"@context":"https:\/\/schema.org","@graph":[{"@type":"Article","@id":"https:\/\/www.sabra.org.br\/site\/musica-musicas-infantis\/#article","isPartOf":{"@id":"https:\/\/www.sabra.org.br\/site\/musica-musicas-infantis\/"},"author":{"name":"M\u00e1rcio Miranda Pontes","@id":"https:\/\/www.sabra.org.br\/site\/#\/schema\/person\/7d1d222c3c8891d4c37c7b41bf6315c2"},"headline":"M\u00fasicas infantis","datePublished":"2020-10-31T23:53:56+00:00","mainEntityOfPage":{"@id":"https:\/\/www.sabra.org.br\/site\/musica-musicas-infantis\/"},"wordCount":703,"publisher":{"@id":"https:\/\/www.sabra.org.br\/site\/#organization"},"image":{"@id":"https:\/\/www.sabra.org.br\/site\/musica-musicas-infantis\/#primaryimage"},"thumbnailUrl":"https:\/\/www.sabra.org.br\/site\/wp-content\/uploads\/2020\/10\/x-musicas-infantis-que-bombaram-em-20201001161911.jpg.jpg","keywords":["Assist\u00eancia social","Canto Coral","Escola de M\u00fasica de Nova Lima","Escola de Musica SABRA","Musicaliza\u00e7\u00e3o Infantil","Orquestra Infanto Juvenil de Betim","Orquestra Sinf\u00f4nica de Betim","Sociedade Art\u00edstica Brasileira"],"articleSection":["Blog SABRA"],"inLanguage":"pt-BR"},{"@type":"WebPage","@id":"https:\/\/www.sabra.org.br\/site\/musica-musicas-infantis\/","url":"https:\/\/www.sabra.org.br\/site\/musica-musicas-infantis\/","name":"M\u00fasicas infantis - SABRA - Sociedade Art\u00edstica Brasileira","isPartOf":{"@id":"https:\/\/www.sabra.org.br\/site\/#website"},"primaryImageOfPage":{"@id":"https:\/\/www.sabra.org.br\/site\/musica-musicas-infantis\/#primaryimage"},"image":{"@id":"https:\/\/www.sabra.org.br\/site\/musica-musicas-infantis\/#primaryimage"},"thumbnailUrl":"https:\/\/www.sabra.org.br\/site\/wp-content\/uploads\/2020\/10\/x-musicas-infantis-que-bombaram-em-20201001161911.jpg.jpg","datePublished":"2020-10-31T23:53:56+00:00","description":"As m\u00fasicas infantis possuem v\u00e1rios prop\u00f3sitos, desde a divers\u00e3o da crian\u00e7a, at\u00e9 o seu desenvolvimento emocional e cultural.","breadcrumb":{"@id":"https:\/\/www.sabra.org.br\/site\/musica-musicas-infantis\/#breadcrumb"},"inLanguage":"pt-BR","potentialAction":[{"@type":"ReadAction","target":["https:\/\/www.sabra.org.br\/site\/musica-musicas-infantis\/"]}]},{"@type":"ImageObject","inLanguage":"pt-BR","@id":"https:\/\/www.sabra.org.br\/site\/musica-musicas-infantis\/#primaryimage","url":"https:\/\/www.sabra.org.br\/site\/wp-content\/uploads\/2020\/10\/x-musicas-infantis-que-bombaram-em-20201001161911.jpg.jpg","contentUrl":"https:\/\/www.sabra.org.br\/site\/wp-content\/uploads\/2020\/10\/x-musicas-infantis-que-bombaram-em-20201001161911.jpg.jpg","width":800,"height":534,"caption":"Sociedade Art\u00edstica Brasileira SABRA"},{"@type":"BreadcrumbList","@id":"https:\/\/www.sabra.org.br\/site\/musica-musicas-infantis\/#breadcrumb","itemListElement":[{"@type":"ListItem","position":1,"name":"In\u00edcio","item":"https:\/\/www.sabra.org.br\/site\/"},{"@type":"ListItem","position":2,"name":"M\u00fasicas infantis"}]},{"@type":"WebSite","@id":"https:\/\/www.sabra.org.br\/site\/#website","url":"https:\/\/www.sabra.org.br\/site\/","name":"SABRA - Sociedade Art\u00edstica Brasileira","description":"Escola de M\u00fasica, Orquestra Sinf\u00f4nica, Coral e Patrim\u00f4nio Cultural e Hist\u00f3rico","publisher":{"@id":"https:\/\/www.sabra.org.br\/site\/#organization"},"potentialAction":[{"@type":"SearchAction","target":{"@type":"EntryPoint","urlTemplate":"https:\/\/www.sabra.org.br\/site\/?s={search_term_string}"},"query-input":{"@type":"PropertyValueSpecification","valueRequired":true,"valueName":"search_term_string"}}],"inLanguage":"pt-BR"},{"@type":"Organization","@id":"https:\/\/www.sabra.org.br\/site\/#organization","name":"SOCIEDADE ART\u00cdSTICA BRASILEIRA SABRA","alternateName":"SABRA","url":"https:\/\/www.sabra.org.br\/site\/","logo":{"@type":"ImageObject","inLanguage":"pt-BR","@id":"https:\/\/www.sabra.org.br\/site\/#\/schema\/logo\/image\/","url":"https:\/\/www.sabra.org.br\/site\/wp-content\/uploads\/2019\/06\/cropped-Logo_SABRA-Copia-1.webp","contentUrl":"https:\/\/www.sabra.org.br\/site\/wp-content\/uploads\/2019\/06\/cropped-Logo_SABRA-Copia-1.webp","width":400,"height":128,"caption":"SOCIEDADE ART\u00cdSTICA BRASILEIRA SABRA"},"image":{"@id":"https:\/\/www.sabra.org.br\/site\/#\/schema\/logo\/image\/"},"sameAs":["https:\/\/www.facebook.com\/sabrabrasil","https:\/\/x.com\/ContatoSabra","https:\/\/www.instagram.com\/sabrabrasil\/","https:\/\/www.linkedin.com\/company\/25002088\/","https:\/\/br.pinterest.com\/sociedadeartisticabrasileira\/","https:\/\/www.youtube.com\/c\/sabrabrasil"]},{"@type":"Person","@id":"https:\/\/www.sabra.org.br\/site\/#\/schema\/person\/7d1d222c3c8891d4c37c7b41bf6315c2","name":"M\u00e1rcio Miranda Pontes","image":{"@type":"ImageObject","inLanguage":"pt-BR","@id":"https:\/\/secure.gravatar.com\/avatar\/3b45f24496a7625a3a6c436688fbe20344faaeb2979658dc4a9921f984d7df9a?s=96&d=mm&r=g","url":"https:\/\/secure.gravatar.com\/avatar\/3b45f24496a7625a3a6c436688fbe20344faaeb2979658dc4a9921f984d7df9a?s=96&d=mm&r=g","contentUrl":"https:\/\/secure.gravatar.com\/avatar\/3b45f24496a7625a3a6c436688fbe20344faaeb2979658dc4a9921f984d7df9a?s=96&d=mm&r=g","caption":"M\u00e1rcio Miranda Pontes"},"sameAs":["http:\/\/www.sabra.org.br"],"url":"https:\/\/www.sabra.org.br\/site\/author\/marcio-miranda-pontes\/"}]}},"jetpack_featured_media_url":"https:\/\/www.sabra.org.br\/site\/wp-content\/uploads\/2020\/10\/x-musicas-infantis-que-bombaram-em-20201001161911.jpg.jpg","jetpack_shortlink":"https:\/\/wp.me\/p95j2Z-PS","jetpack-related-posts":[{"id":6264,"url":"https:\/\/www.sabra.org.br\/site\/musicas-infantis\/","url_meta":{"origin":3216,"position":0},"title":"Dia das Crian\u00e7as: m\u00fasicas infantis brasileiras","author":"M\u00e1rcio Miranda Pontes","date":"19 de novembro de 2022","format":false,"excerpt":"O Dia das Crian\u00e7as est\u00e1 a\u00ed, e que tal conhecer mais sobre as m\u00fasicas infantis brasileiras que fazem tanto sucesso entre os pequenos? Mesmo lan\u00e7adas h\u00e1 muito tempo, essas can\u00e7\u00f5es ainda est\u00e3o bastante presente no nosso cotidiano com as crian\u00e7as.","rel":"","context":"Em &quot;Blog SABRA&quot;","block_context":{"text":"Blog SABRA","link":"https:\/\/www.sabra.org.br\/site\/category\/blog-sabra\/"},"img":{"alt_text":"m\u00fasica-brasileira-crian\u00e7a","src":"https:\/\/i0.wp.com\/www.sabra.org.br\/site\/wp-content\/uploads\/2022\/11\/dia-das-criancas-musicas-infantis-brasileiras-20221007143620.jpg.jpg?resize=350%2C200&ssl=1","width":350,"height":200,"srcset":"https:\/\/i0.wp.com\/www.sabra.org.br\/site\/wp-content\/uploads\/2022\/11\/dia-das-criancas-musicas-infantis-brasileiras-20221007143620.jpg.jpg?resize=350%2C200&ssl=1 1x, https:\/\/i0.wp.com\/www.sabra.org.br\/site\/wp-content\/uploads\/2022\/11\/dia-das-criancas-musicas-infantis-brasileiras-20221007143620.jpg.jpg?resize=525%2C300&ssl=1 1.5x, https:\/\/i0.wp.com\/www.sabra.org.br\/site\/wp-content\/uploads\/2022\/11\/dia-das-criancas-musicas-infantis-brasileiras-20221007143620.jpg.jpg?resize=700%2C400&ssl=1 2x"},"classes":[]},{"id":7805,"url":"https:\/\/www.sabra.org.br\/site\/experiencias-escolas-de-musica-infantis\/","url_meta":{"origin":3216,"position":1},"title":"Experi\u00eancias emocionantes em escolas de m\u00fasica infantis","author":"M\u00e1rcio Miranda Pontes","date":"10 de agosto de 2023","format":false,"excerpt":"Descubra a magia da m\u00fasica nas escolas de m\u00fasica infantis! Conhe\u00e7a as experi\u00eancias emocionantes que v\u00e3o despertar o amor pela m\u00fasica nas crian\u00e7as. N\u00e3o perca essa oportunidade de vivenciar momentos inesquec\u00edveis ao som da m\u00fasica!","rel":"","context":"Em &quot;Blog SABRA&quot;","block_context":{"text":"Blog SABRA","link":"https:\/\/www.sabra.org.br\/site\/category\/blog-sabra\/"},"img":{"alt_text":"sabra-m\u00fasica-crian\u00e7as-musicais-experi\u00eancias-emocionantes-escolas-explorar-infantis-instrumentos-desenvolvimento-diferentes-projetos","src":"https:\/\/i0.wp.com\/www.sabra.org.br\/site\/wp-content\/uploads\/2023\/08\/x-experiencias-emocionantes-em-escolas-de-musica-infantisjpg-20230628095402.jpg-jpg.webp?resize=350%2C200&ssl=1","width":350,"height":200,"srcset":"https:\/\/i0.wp.com\/www.sabra.org.br\/site\/wp-content\/uploads\/2023\/08\/x-experiencias-emocionantes-em-escolas-de-musica-infantisjpg-20230628095402.jpg-jpg.webp?resize=350%2C200&ssl=1 1x, https:\/\/i0.wp.com\/www.sabra.org.br\/site\/wp-content\/uploads\/2023\/08\/x-experiencias-emocionantes-em-escolas-de-musica-infantisjpg-20230628095402.jpg-jpg.webp?resize=525%2C300&ssl=1 1.5x, https:\/\/i0.wp.com\/www.sabra.org.br\/site\/wp-content\/uploads\/2023\/08\/x-experiencias-emocionantes-em-escolas-de-musica-infantisjpg-20230628095402.jpg-jpg.webp?resize=700%2C400&ssl=1 2x"},"classes":[]},{"id":6144,"url":"https:\/\/www.sabra.org.br\/site\/musicas-mais-conhecidas\/","url_meta":{"origin":3216,"position":2},"title":"M\u00fasicas mais populares de todos os tempos","author":"M\u00e1rcio Miranda Pontes","date":"27 de outubro de 2022","format":false,"excerpt":"Seja por fatores culturais, acontecimentos hist\u00f3ricos ou outras quest\u00f5es, algumas m\u00fasicas se tornam conhecidas e acabam por perdurarem por anos na vida das pessoas. Separamos para voc\u00ea, leitor, algumas m\u00fasicas brasileiras mais populares:","rel":"","context":"Em &quot;Blog SABRA&quot;","block_context":{"text":"Blog SABRA","link":"https:\/\/www.sabra.org.br\/site\/category\/blog-sabra\/"},"img":{"alt_text":"m\u00fasica-popular-brasileira","src":"https:\/\/i0.wp.com\/www.sabra.org.br\/site\/wp-content\/uploads\/2022\/10\/x-musicas-mais-populares-de-todos-os-temposjpg-20220908094423.jpg.jpg?resize=350%2C200&ssl=1","width":350,"height":200,"srcset":"https:\/\/i0.wp.com\/www.sabra.org.br\/site\/wp-content\/uploads\/2022\/10\/x-musicas-mais-populares-de-todos-os-temposjpg-20220908094423.jpg.jpg?resize=350%2C200&ssl=1 1x, https:\/\/i0.wp.com\/www.sabra.org.br\/site\/wp-content\/uploads\/2022\/10\/x-musicas-mais-populares-de-todos-os-temposjpg-20220908094423.jpg.jpg?resize=525%2C300&ssl=1 1.5x, https:\/\/i0.wp.com\/www.sabra.org.br\/site\/wp-content\/uploads\/2022\/10\/x-musicas-mais-populares-de-todos-os-temposjpg-20220908094423.jpg.jpg?resize=700%2C400&ssl=1 2x"},"classes":[]},{"id":13298,"url":"https:\/\/www.sabra.org.br\/site\/x-passos-para-incentivar-a-paixao-pela-musica-desde-cedo\/","url_meta":{"origin":3216,"position":3},"title":"X passos para incentivar a paix\u00e3o pela m\u00fasica desde cedo","author":"","date":"22 de agosto de 2025","format":false,"excerpt":"A m\u00fasica \u00e9 uma forma de express\u00e3o universal que pode trazer in\u00fameros benef\u00edcios para o desenvolvimento das crian\u00e7as. Ela estimula a criatividade, promove a socializa\u00e7\u00e3o e contribui para o crescimento emocional e cognitivo dos pequenos. Pensando nisso, a nossa empresa, a Sabra, tem como objetivo promover a inclus\u00e3o social e\u2026","rel":"","context":"Em &quot;Blog SABRA&quot;","block_context":{"text":"Blog SABRA","link":"https:\/\/www.sabra.org.br\/site\/category\/blog-sabra\/"},"img":{"alt_text":"","src":"","width":0,"height":0},"classes":[]},{"id":6460,"url":"https:\/\/www.sabra.org.br\/site\/natal-musica\/","url_meta":{"origin":3216,"position":4},"title":"M\u00fasicas para embalar o seu Natal","author":"M\u00e1rcio Miranda Pontes","date":"12 de dezembro de 2022","format":false,"excerpt":"O Natal \u00e9 uma \u00e9poca de celebra\u00e7\u00e3o e, por isso, vamos te mostrar seis m\u00fasicas que n\u00e3o podem faltar na sua playlist natalina para aproveitar com os amigos e entes queridos.","rel":"","context":"Em &quot;Blog SABRA&quot;","block_context":{"text":"Blog SABRA","link":"https:\/\/www.sabra.org.br\/site\/category\/blog-sabra\/"},"img":{"alt_text":"m\u00fasica-natal-\u00e1lbum-brasileira-cultura-natalino","src":"https:\/\/i0.wp.com\/www.sabra.org.br\/site\/wp-content\/uploads\/2022\/12\/x-musicas-para-embalar-o-seu-nataljpg-20221124141249.jpg.jpg?resize=350%2C200&ssl=1","width":350,"height":200,"srcset":"https:\/\/i0.wp.com\/www.sabra.org.br\/site\/wp-content\/uploads\/2022\/12\/x-musicas-para-embalar-o-seu-nataljpg-20221124141249.jpg.jpg?resize=350%2C200&ssl=1 1x, https:\/\/i0.wp.com\/www.sabra.org.br\/site\/wp-content\/uploads\/2022\/12\/x-musicas-para-embalar-o-seu-nataljpg-20221124141249.jpg.jpg?resize=525%2C300&ssl=1 1.5x, https:\/\/i0.wp.com\/www.sabra.org.br\/site\/wp-content\/uploads\/2022\/12\/x-musicas-para-embalar-o-seu-nataljpg-20221124141249.jpg.jpg?resize=700%2C400&ssl=1 2x"},"classes":[]},{"id":7845,"url":"https:\/\/www.sabra.org.br\/site\/talentos-infantis\/","url_meta":{"origin":3216,"position":5},"title":"Como descobrir talentos musicais ainda na inf\u00e2ncia?","author":"M\u00e1rcio Miranda Pontes","date":"21 de agosto de 2023","format":false,"excerpt":"Aprenda estrat\u00e9gias para identificar e incentivar o potencial musical das crian\u00e7as, proporcionando um ambiente acolhedor, exposi\u00e7\u00e3o a diferentes instrumentos e colabora\u00e7\u00e3o com profissionais da m\u00fasica. Leia o post e saiba mais.","rel":"","context":"Em &quot;Blog SABRA&quot;","block_context":{"text":"Blog SABRA","link":"https:\/\/www.sabra.org.br\/site\/category\/blog-sabra\/"},"img":{"alt_text":"sabra-m\u00fasica-musicais-crian\u00e7a-talentos-instrumentos-musical-oferecer","src":"https:\/\/i0.wp.com\/www.sabra.org.br\/site\/wp-content\/uploads\/2023\/08\/como-descobrir-talentos-musicais-ainda-na-infanciajpg-20230628095402.jpg-jpg.webp?resize=350%2C200&ssl=1","width":350,"height":200,"srcset":"https:\/\/i0.wp.com\/www.sabra.org.br\/site\/wp-content\/uploads\/2023\/08\/como-descobrir-talentos-musicais-ainda-na-infanciajpg-20230628095402.jpg-jpg.webp?resize=350%2C200&ssl=1 1x, https:\/\/i0.wp.com\/www.sabra.org.br\/site\/wp-content\/uploads\/2023\/08\/como-descobrir-talentos-musicais-ainda-na-infanciajpg-20230628095402.jpg-jpg.webp?resize=525%2C300&ssl=1 1.5x, https:\/\/i0.wp.com\/www.sabra.org.br\/site\/wp-content\/uploads\/2023\/08\/como-descobrir-talentos-musicais-ainda-na-infanciajpg-20230628095402.jpg-jpg.webp?resize=700%2C400&ssl=1 2x"},"classes":[]}],"jetpack_likes_enabled":true,"jetpack_sharing_enabled":true,"_links":{"self":[{"href":"https:\/\/www.sabra.org.br\/site\/wp-json\/wp\/v2\/posts\/3216","targetHints":{"allow":["GET"]}}],"collection":[{"href":"https:\/\/www.sabra.org.br\/site\/wp-json\/wp\/v2\/posts"}],"about":[{"href":"https:\/\/www.sabra.org.br\/site\/wp-json\/wp\/v2\/types\/post"}],"author":[{"embeddable":true,"href":"https:\/\/www.sabra.org.br\/site\/wp-json\/wp\/v2\/users\/39"}],"replies":[{"embeddable":true,"href":"https:\/\/www.sabra.org.br\/site\/wp-json\/wp\/v2\/comments?post=3216"}],"version-history":[{"count":0,"href":"https:\/\/www.sabra.org.br\/site\/wp-json\/wp\/v2\/posts\/3216\/revisions"}],"wp:featuredmedia":[{"embeddable":true,"href":"https:\/\/www.sabra.org.br\/site\/wp-json\/wp\/v2\/media\/3217"}],"wp:attachment":[{"href":"https:\/\/www.sabra.org.br\/site\/wp-json\/wp\/v2\/media?parent=3216"}],"wp:term":[{"taxonomy":"category","embeddable":true,"href":"https:\/\/www.sabra.org.br\/site\/wp-json\/wp\/v2\/categories?post=3216"},{"taxonomy":"post_tag","embeddable":true,"href":"https:\/\/www.sabra.org.br\/site\/wp-json\/wp\/v2\/tags?post=3216"}],"curies":[{"name":"wp","href":"https:\/\/api.w.org\/{rel}","templated":true}]}}