{"id":3658,"date":"2021-01-12T08:41:11","date_gmt":"2021-01-12T11:41:11","guid":{"rendered":"https:\/\/www.sabra.org.br\/site\/?p=3658"},"modified":"2021-01-12T08:41:11","modified_gmt":"2021-01-12T11:41:11","slug":"cavaquinho-ukulele","status":"publish","type":"post","link":"https:\/\/www.sabra.org.br\/site\/cavaquinho-ukulele\/","title":{"rendered":"Cavaquinho x Ukulele"},"content":{"rendered":"<p>[vc_row][vc_column][vc_column_text]<\/p>\n<h2>Cavaquinho x Ukulele: saiba quais s\u00e3o as diferen\u00e7as entre os dois instrumentos<\/h2>\n<p>O cavaquinho e o ukulele s\u00e3o bem parecidos e at\u00e9 podem ser usados nos mesmos estilos de m\u00fasica, como o chorinho, luau com os amigos e at\u00e9 em apresenta\u00e7\u00f5es de jazz. Mas existem diferen\u00e7as entre os dois e \u00e9 para te falar delas que estamos aqui.<\/p>\n<h2>Cavaquinho<\/h2>\n<p>\u00c9 um instrumento de cordas pin\u00e7adas, sendo um dos mais agudos de sua fam\u00edlia, que conta com o bandolim, banjo, viola brasileira e viol\u00e3o de seis e sete cordas.<\/p>\n<p>Vamos falar de sua estrutura, que \u00e9 bem semelhante \u00e0 dos seus parentes mais pr\u00f3ximos:<\/p>\n<p>&#8211; Corpo: \u00e9 a parte do instrumento respons\u00e1vel pela resson\u00e2ncia. \u00c9 composto pelas laterais, pelo fundo e pelo tampo e ainda possui um cavalete, que tem como fun\u00e7\u00e3o principal, receber as cordas e sua respectiva vibra\u00e7\u00e3o;<\/p>\n<p>&#8211; Bra\u00e7o: local onde se encontram os trastes e a extens\u00e3o das cordas, que j\u00e1 est\u00e3o esticadas, tamb\u00e9m \u00e9 onde se formam os acordes das m\u00fasicas;<\/p>\n<p>&#8211; Cabe\u00e7a: tamb\u00e9m conhecida como m\u00e3o, \u00e9 onde as cordas s\u00e3o presas, por meio de tarraxas individuais.<\/p>\n<p>Possui quatro cordas, normalmente feitas de a\u00e7o, e \u00e9 tocado com uma palheta, para dar agilidade \u00e0 pessoa que faz uso deste instrumento.<\/p>\n<p>Sua primeira vers\u00e3o ainda \u00e9 incerta, mas existem teorias que dizem que seu descendente direto veio do Pa\u00eds Basco, na Espanha.<\/p>\n<p>Ainda h\u00e1 quem diga que ele j\u00e1 era tocado nos tempos da Gr\u00e9cia antiga.<\/p>\n<p>Mas o cavaquinho, da maneira como conhecemos hoje, j\u00e1 era popular desde o s\u00e9culo XVIII, sendo natural do norte de Portugal, mais precisamente da cidade de Braga.<\/p>\n<p>Por ser pequeno e f\u00e1cil de transportar, os portugueses o levaram para os pa\u00edses que eram suas col\u00f4nias: Cabo Verde, Angola, Mo\u00e7ambique e, claro, o Brasil.<\/p>\n<h2>Ukulele<\/h2>\n<p>Sua estrutura \u00e9 a mesma do cavaquinho: corpo, bra\u00e7o e cabe\u00e7a. Mas, diferentemente do cavaquinho, tem um som mais suave.<\/p>\n<p>Existem quatro tipos principais de ukuleles, que variam tanto em tamanho, indo de 38 e chegando a 48 cent\u00edmetro, quanto em n\u00famero de trastes, variando entre 12 e 19.<\/p>\n<p>O de 38 cent\u00edmetros e 12 trastes \u00e9 conhecido como ukulele soprano, sendo esse o mais comum e tradicional de todos eles.<\/p>\n<p>Ele \u00e9 composto por quatro cordas e existem tr\u00eas tipos de materiais dispon\u00edveis para a sua fabrica\u00e7\u00e3o, sendo o de n\u00e1ilon o mais conhecido, mas tamb\u00e9m existe a op\u00e7\u00e3o de nylgut e fluorcarbono.<\/p>\n<p>Diferente do cavaquinho, sua origem se d\u00e1 no Hava\u00ed, l\u00e1 pelo s\u00e9culo XIX, ganhando maior destaque ap\u00f3s a Segunda Guerra Mundial, quando os norte-americanos come\u00e7aram a utiliz\u00e1-lo de diversas formas.<\/p>\n<p>Sua popularidade se deu, principalmente, por ser um instrumento f\u00e1cil de produzir e transportar, caracter\u00edsticas que conquistaram muitos f\u00e3s ao redor do mundo.<\/p>\n<h2>Semelhan\u00e7as e diferen\u00e7as<\/h2>\n<p>Ap\u00f3s contextualizar e descrever cada um, \u00e9 poss\u00edvel dizer que s\u00e3o instrumentos bem parecidos.<\/p>\n<p>Semelhan\u00e7as: estrutura, tamanho e quantidade de cordas.<\/p>\n<p>Diferen\u00e7as: origem e sonoridade.<\/p>\n<p>Percebeu as diferen\u00e7as entre os dois?<\/p>\n<p><a href=\"\/\/www.sabra.org.br\/site\/\u201d\">Acesse o nosso site<\/a> e veja mais curiosidades sobre o mundo da m\u00fasica.<\/p>\n<p>Se puder, <a href=\"\/\/www.sabra.org.br\/site\/doe-agora\/\u201d\">fa\u00e7a a sua doa\u00e7\u00e3o<\/a> para n\u00f3s, assim poderemos continuar levando a arte para as pessoas que mais precisam.<\/p>\n<hr \/>\n<h2>Se voc\u00ea gostou deste post:<\/h2>\n<p>&#8211; SIGA as nossas p\u00e1ginas nas redes sociais para acompanhar as nossas atualiza\u00e7\u00f5es: estamos no <a href=\"https:\/\/www.facebook.com\/sabrabrasil\" target=\"_blank\" rel=\"noopener\">Facebook<\/a>, no <a href=\"https:\/\/www.instagram.com\/sabrabrasil\/\" target=\"_blank\" rel=\"noopener\">Instagram<\/a>, no <a href=\"https:\/\/www.linkedin.com\/company\/25002088\" target=\"_blank\" rel=\"noopener\">LinkedIn<\/a>, no <a href=\"https:\/\/twitter.com\/ContatoSabra\" target=\"_blank\" rel=\"noopener\">Twitter<\/a> e no <a href=\"https:\/\/www.youtube.com\/channel\/UCJw-kbuEvzUNdeQf20Pa-eQ\" target=\"_blank\" rel=\"noopener\">YouTube<\/a>!<\/p>\n<p>&#8211; CONHE\u00c7A o trabalho da Sociedade Art\u00edstica Brasileira (SABRA) e todas as iniciativas culturais e sociais que ela mant\u00e9m. <a href=\"https:\/\/www.sabra.org.br\/site\/acoes\/\" target=\"_blank\" rel=\"noopener\">Acesse nosso site!<\/a><\/p>\n<p>&#8211; ENTRE EM CONTATO com a gente. E veja quais s\u00e3o as op\u00e7\u00f5es de ajuda na manuten\u00e7\u00e3o de nossas a\u00e7\u00f5es sociais e culturais. Basta acessar nossa p\u00e1gina <a href=\"https:\/\/www.sabra.org.br\/site\/doe-agora\/\" target=\"_blank\" rel=\"noopener\">Doe Agora!<\/a><\/p>\n<p>&#8211; COMPARTILHE este texto nas suas redes sociais e ajude os seus amigos a tamb\u00e9m dominarem o assunto![\/vc_column_text][\/vc_column][\/vc_row]<\/p>\n","protected":false},"excerpt":{"rendered":"<p>Cavaquinho x Ukulele: saiba quais s\u00e3o as diferen\u00e7as entre os dois instrumentos<\/p>\n<p>Ambos s\u00e3o instrumentos pequenos e f\u00e1ceis de transportar, mas ser\u00e1 que as coincid\u00eancias entre os dois param por ai? Aqui te contamos tudo o que voc\u00ea precisa saber sobre o cavaquinho e o ukulele.<\/p>\n","protected":false},"author":39,"featured_media":3659,"comment_status":"closed","ping_status":"closed","sticky":false,"template":"","format":"standard","meta":{"jetpack_post_was_ever_published":false,"_jetpack_newsletter_access":"","_jetpack_dont_email_post_to_subs":false,"_jetpack_newsletter_tier_id":0,"_jetpack_memberships_contains_paywalled_content":false,"_jetpack_memberships_contains_paid_content":false,"footnotes":""},"categories":[1],"tags":[15,8,1846,1285,16,1286,11,9],"class_list":["post-3658","post","type-post","status-publish","format-standard","has-post-thumbnail","hentry","category-blog-sabra","tag-assistencia-social","tag-canto-coral","tag-escola-de-musica-de-nova-lima","tag-escola-de-musica-sabra","tag-musicalizacao-infantil","tag-orquestra-infanto-juvenil-de-betim","tag-orquestra-sinfonica-de-betim","tag-sociedade-artistica-brasileira"],"yoast_head":"<!-- This site is optimized with the Yoast SEO plugin v27.5 - https:\/\/yoast.com\/product\/yoast-seo-wordpress\/ -->\n<title>Cavaquinho x Ukulele - SABRA - Sociedade Art\u00edstica Brasileira<\/title>\n<meta name=\"description\" content=\"Ambos s\u00e3o instrumentos pequenos e f\u00e1ceis de transportar. Aqui te contamos tudo o que voc\u00ea precisa saber sobre o cavaquinho e o ukulele.\" \/>\n<meta name=\"robots\" content=\"index, follow, max-snippet:-1, max-image-preview:large, max-video-preview:-1\" \/>\n<link rel=\"canonical\" href=\"https:\/\/www.sabra.org.br\/site\/cavaquinho-ukulele\/\" \/>\n<meta property=\"og:locale\" content=\"pt_BR\" \/>\n<meta property=\"og:type\" content=\"article\" \/>\n<meta property=\"og:title\" content=\"Cavaquinho x Ukulele - SABRA - Sociedade Art\u00edstica Brasileira\" \/>\n<meta property=\"og:description\" content=\"Ambos s\u00e3o instrumentos pequenos e f\u00e1ceis de transportar. Aqui te contamos tudo o que voc\u00ea precisa saber sobre o cavaquinho e o ukulele.\" \/>\n<meta property=\"og:url\" content=\"https:\/\/www.sabra.org.br\/site\/cavaquinho-ukulele\/\" \/>\n<meta property=\"og:site_name\" content=\"SABRA - Sociedade Art\u00edstica Brasileira\" \/>\n<meta property=\"article:publisher\" content=\"https:\/\/www.facebook.com\/sabrabrasil\" \/>\n<meta property=\"article:published_time\" content=\"2021-01-12T11:41:11+00:00\" \/>\n<meta property=\"og:image\" content=\"https:\/\/i0.wp.com\/www.sabra.org.br\/site\/wp-content\/uploads\/2021\/01\/cavaquinho-x-ukulele-saiba-quais-sao-as-diferencas-entre-os-dois-instrumentos-20210104131921.jpg.jpg?fit=800%2C479&ssl=1\" \/>\n\t<meta property=\"og:image:width\" content=\"800\" \/>\n\t<meta property=\"og:image:height\" content=\"479\" \/>\n\t<meta property=\"og:image:type\" content=\"image\/jpeg\" \/>\n<meta name=\"author\" content=\"M\u00e1rcio Miranda Pontes\" \/>\n<meta name=\"twitter:card\" content=\"summary_large_image\" \/>\n<meta name=\"twitter:creator\" content=\"@ContatoSabra\" \/>\n<meta name=\"twitter:site\" content=\"@ContatoSabra\" \/>\n<meta name=\"twitter:label1\" content=\"Escrito por\" \/>\n\t<meta name=\"twitter:data1\" content=\"M\u00e1rcio Miranda Pontes\" \/>\n\t<meta name=\"twitter:label2\" content=\"Est. tempo de leitura\" \/>\n\t<meta name=\"twitter:data2\" content=\"3 minutos\" \/>\n<script type=\"application\/ld+json\" class=\"yoast-schema-graph\">{\"@context\":\"https:\\\/\\\/schema.org\",\"@graph\":[{\"@type\":\"Article\",\"@id\":\"https:\\\/\\\/www.sabra.org.br\\\/site\\\/cavaquinho-ukulele\\\/#article\",\"isPartOf\":{\"@id\":\"https:\\\/\\\/www.sabra.org.br\\\/site\\\/cavaquinho-ukulele\\\/\"},\"author\":{\"name\":\"M\u00e1rcio Miranda Pontes\",\"@id\":\"https:\\\/\\\/www.sabra.org.br\\\/site\\\/#\\\/schema\\\/person\\\/7d1d222c3c8891d4c37c7b41bf6315c2\"},\"headline\":\"Cavaquinho x Ukulele\",\"datePublished\":\"2021-01-12T11:41:11+00:00\",\"mainEntityOfPage\":{\"@id\":\"https:\\\/\\\/www.sabra.org.br\\\/site\\\/cavaquinho-ukulele\\\/\"},\"wordCount\":686,\"publisher\":{\"@id\":\"https:\\\/\\\/www.sabra.org.br\\\/site\\\/#organization\"},\"image\":{\"@id\":\"https:\\\/\\\/www.sabra.org.br\\\/site\\\/cavaquinho-ukulele\\\/#primaryimage\"},\"thumbnailUrl\":\"https:\\\/\\\/www.sabra.org.br\\\/site\\\/wp-content\\\/uploads\\\/2021\\\/01\\\/cavaquinho-x-ukulele-saiba-quais-sao-as-diferencas-entre-os-dois-instrumentos-20210104131921.jpg.jpg\",\"keywords\":[\"Assist\u00eancia social\",\"Canto Coral\",\"Escola de M\u00fasica de Nova Lima\",\"Escola de Musica SABRA\",\"Musicaliza\u00e7\u00e3o Infantil\",\"Orquestra Infanto Juvenil de Betim\",\"Orquestra Sinf\u00f4nica de Betim\",\"Sociedade Art\u00edstica Brasileira\"],\"articleSection\":[\"Blog SABRA\"],\"inLanguage\":\"pt-BR\"},{\"@type\":\"WebPage\",\"@id\":\"https:\\\/\\\/www.sabra.org.br\\\/site\\\/cavaquinho-ukulele\\\/\",\"url\":\"https:\\\/\\\/www.sabra.org.br\\\/site\\\/cavaquinho-ukulele\\\/\",\"name\":\"Cavaquinho x Ukulele - SABRA - Sociedade Art\u00edstica Brasileira\",\"isPartOf\":{\"@id\":\"https:\\\/\\\/www.sabra.org.br\\\/site\\\/#website\"},\"primaryImageOfPage\":{\"@id\":\"https:\\\/\\\/www.sabra.org.br\\\/site\\\/cavaquinho-ukulele\\\/#primaryimage\"},\"image\":{\"@id\":\"https:\\\/\\\/www.sabra.org.br\\\/site\\\/cavaquinho-ukulele\\\/#primaryimage\"},\"thumbnailUrl\":\"https:\\\/\\\/www.sabra.org.br\\\/site\\\/wp-content\\\/uploads\\\/2021\\\/01\\\/cavaquinho-x-ukulele-saiba-quais-sao-as-diferencas-entre-os-dois-instrumentos-20210104131921.jpg.jpg\",\"datePublished\":\"2021-01-12T11:41:11+00:00\",\"description\":\"Ambos s\u00e3o instrumentos pequenos e f\u00e1ceis de transportar. Aqui te contamos tudo o que voc\u00ea precisa saber sobre o cavaquinho e o ukulele.\",\"breadcrumb\":{\"@id\":\"https:\\\/\\\/www.sabra.org.br\\\/site\\\/cavaquinho-ukulele\\\/#breadcrumb\"},\"inLanguage\":\"pt-BR\",\"potentialAction\":[{\"@type\":\"ReadAction\",\"target\":[\"https:\\\/\\\/www.sabra.org.br\\\/site\\\/cavaquinho-ukulele\\\/\"]}]},{\"@type\":\"ImageObject\",\"inLanguage\":\"pt-BR\",\"@id\":\"https:\\\/\\\/www.sabra.org.br\\\/site\\\/cavaquinho-ukulele\\\/#primaryimage\",\"url\":\"https:\\\/\\\/www.sabra.org.br\\\/site\\\/wp-content\\\/uploads\\\/2021\\\/01\\\/cavaquinho-x-ukulele-saiba-quais-sao-as-diferencas-entre-os-dois-instrumentos-20210104131921.jpg.jpg\",\"contentUrl\":\"https:\\\/\\\/www.sabra.org.br\\\/site\\\/wp-content\\\/uploads\\\/2021\\\/01\\\/cavaquinho-x-ukulele-saiba-quais-sao-as-diferencas-entre-os-dois-instrumentos-20210104131921.jpg.jpg\",\"width\":800,\"height\":479,\"caption\":\"Sociedade Art\u00edstica Brasileira SABRA\"},{\"@type\":\"BreadcrumbList\",\"@id\":\"https:\\\/\\\/www.sabra.org.br\\\/site\\\/cavaquinho-ukulele\\\/#breadcrumb\",\"itemListElement\":[{\"@type\":\"ListItem\",\"position\":1,\"name\":\"In\u00edcio\",\"item\":\"https:\\\/\\\/www.sabra.org.br\\\/site\\\/\"},{\"@type\":\"ListItem\",\"position\":2,\"name\":\"Cavaquinho x Ukulele\"}]},{\"@type\":\"WebSite\",\"@id\":\"https:\\\/\\\/www.sabra.org.br\\\/site\\\/#website\",\"url\":\"https:\\\/\\\/www.sabra.org.br\\\/site\\\/\",\"name\":\"SABRA - Sociedade Art\u00edstica Brasileira\",\"description\":\"Escola de M\u00fasica, Orquestra Sinf\u00f4nica, Coral e Patrim\u00f4nio Cultural e Hist\u00f3rico\",\"publisher\":{\"@id\":\"https:\\\/\\\/www.sabra.org.br\\\/site\\\/#organization\"},\"potentialAction\":[{\"@type\":\"SearchAction\",\"target\":{\"@type\":\"EntryPoint\",\"urlTemplate\":\"https:\\\/\\\/www.sabra.org.br\\\/site\\\/?s={search_term_string}\"},\"query-input\":{\"@type\":\"PropertyValueSpecification\",\"valueRequired\":true,\"valueName\":\"search_term_string\"}}],\"inLanguage\":\"pt-BR\"},{\"@type\":\"Organization\",\"@id\":\"https:\\\/\\\/www.sabra.org.br\\\/site\\\/#organization\",\"name\":\"SOCIEDADE ART\u00cdSTICA BRASILEIRA SABRA\",\"alternateName\":\"SABRA\",\"url\":\"https:\\\/\\\/www.sabra.org.br\\\/site\\\/\",\"logo\":{\"@type\":\"ImageObject\",\"inLanguage\":\"pt-BR\",\"@id\":\"https:\\\/\\\/www.sabra.org.br\\\/site\\\/#\\\/schema\\\/logo\\\/image\\\/\",\"url\":\"https:\\\/\\\/www.sabra.org.br\\\/site\\\/wp-content\\\/uploads\\\/2019\\\/06\\\/cropped-Logo_SABRA-Copia-1.webp\",\"contentUrl\":\"https:\\\/\\\/www.sabra.org.br\\\/site\\\/wp-content\\\/uploads\\\/2019\\\/06\\\/cropped-Logo_SABRA-Copia-1.webp\",\"width\":400,\"height\":128,\"caption\":\"SOCIEDADE ART\u00cdSTICA BRASILEIRA SABRA\"},\"image\":{\"@id\":\"https:\\\/\\\/www.sabra.org.br\\\/site\\\/#\\\/schema\\\/logo\\\/image\\\/\"},\"sameAs\":[\"https:\\\/\\\/www.facebook.com\\\/sabrabrasil\",\"https:\\\/\\\/x.com\\\/ContatoSabra\",\"https:\\\/\\\/www.instagram.com\\\/sabrabrasil\\\/\",\"https:\\\/\\\/www.linkedin.com\\\/company\\\/25002088\\\/\",\"https:\\\/\\\/br.pinterest.com\\\/sociedadeartisticabrasileira\\\/\",\"https:\\\/\\\/www.youtube.com\\\/c\\\/sabrabrasil\"]},{\"@type\":\"Person\",\"@id\":\"https:\\\/\\\/www.sabra.org.br\\\/site\\\/#\\\/schema\\\/person\\\/7d1d222c3c8891d4c37c7b41bf6315c2\",\"name\":\"M\u00e1rcio Miranda Pontes\",\"image\":{\"@type\":\"ImageObject\",\"inLanguage\":\"pt-BR\",\"@id\":\"https:\\\/\\\/secure.gravatar.com\\\/avatar\\\/3b45f24496a7625a3a6c436688fbe20344faaeb2979658dc4a9921f984d7df9a?s=96&d=mm&r=g\",\"url\":\"https:\\\/\\\/secure.gravatar.com\\\/avatar\\\/3b45f24496a7625a3a6c436688fbe20344faaeb2979658dc4a9921f984d7df9a?s=96&d=mm&r=g\",\"contentUrl\":\"https:\\\/\\\/secure.gravatar.com\\\/avatar\\\/3b45f24496a7625a3a6c436688fbe20344faaeb2979658dc4a9921f984d7df9a?s=96&d=mm&r=g\",\"caption\":\"M\u00e1rcio Miranda Pontes\"},\"sameAs\":[\"http:\\\/\\\/www.sabra.org.br\"],\"url\":\"https:\\\/\\\/www.sabra.org.br\\\/site\\\/author\\\/marcio-miranda-pontes\\\/\"}]}<\/script>\n<!-- \/ Yoast SEO plugin. -->","yoast_head_json":{"title":"Cavaquinho x Ukulele - SABRA - Sociedade Art\u00edstica Brasileira","description":"Ambos s\u00e3o instrumentos pequenos e f\u00e1ceis de transportar. Aqui te contamos tudo o que voc\u00ea precisa saber sobre o cavaquinho e o ukulele.","robots":{"index":"index","follow":"follow","max-snippet":"max-snippet:-1","max-image-preview":"max-image-preview:large","max-video-preview":"max-video-preview:-1"},"canonical":"https:\/\/www.sabra.org.br\/site\/cavaquinho-ukulele\/","og_locale":"pt_BR","og_type":"article","og_title":"Cavaquinho x Ukulele - SABRA - Sociedade Art\u00edstica Brasileira","og_description":"Ambos s\u00e3o instrumentos pequenos e f\u00e1ceis de transportar. Aqui te contamos tudo o que voc\u00ea precisa saber sobre o cavaquinho e o ukulele.","og_url":"https:\/\/www.sabra.org.br\/site\/cavaquinho-ukulele\/","og_site_name":"SABRA - Sociedade Art\u00edstica Brasileira","article_publisher":"https:\/\/www.facebook.com\/sabrabrasil","article_published_time":"2021-01-12T11:41:11+00:00","og_image":[{"width":800,"height":479,"url":"https:\/\/i0.wp.com\/www.sabra.org.br\/site\/wp-content\/uploads\/2021\/01\/cavaquinho-x-ukulele-saiba-quais-sao-as-diferencas-entre-os-dois-instrumentos-20210104131921.jpg.jpg?fit=800%2C479&ssl=1","type":"image\/jpeg"}],"author":"M\u00e1rcio Miranda Pontes","twitter_card":"summary_large_image","twitter_creator":"@ContatoSabra","twitter_site":"@ContatoSabra","twitter_misc":{"Escrito por":"M\u00e1rcio Miranda Pontes","Est. tempo de leitura":"3 minutos"},"schema":{"@context":"https:\/\/schema.org","@graph":[{"@type":"Article","@id":"https:\/\/www.sabra.org.br\/site\/cavaquinho-ukulele\/#article","isPartOf":{"@id":"https:\/\/www.sabra.org.br\/site\/cavaquinho-ukulele\/"},"author":{"name":"M\u00e1rcio Miranda Pontes","@id":"https:\/\/www.sabra.org.br\/site\/#\/schema\/person\/7d1d222c3c8891d4c37c7b41bf6315c2"},"headline":"Cavaquinho x Ukulele","datePublished":"2021-01-12T11:41:11+00:00","mainEntityOfPage":{"@id":"https:\/\/www.sabra.org.br\/site\/cavaquinho-ukulele\/"},"wordCount":686,"publisher":{"@id":"https:\/\/www.sabra.org.br\/site\/#organization"},"image":{"@id":"https:\/\/www.sabra.org.br\/site\/cavaquinho-ukulele\/#primaryimage"},"thumbnailUrl":"https:\/\/www.sabra.org.br\/site\/wp-content\/uploads\/2021\/01\/cavaquinho-x-ukulele-saiba-quais-sao-as-diferencas-entre-os-dois-instrumentos-20210104131921.jpg.jpg","keywords":["Assist\u00eancia social","Canto Coral","Escola de M\u00fasica de Nova Lima","Escola de Musica SABRA","Musicaliza\u00e7\u00e3o Infantil","Orquestra Infanto Juvenil de Betim","Orquestra Sinf\u00f4nica de Betim","Sociedade Art\u00edstica Brasileira"],"articleSection":["Blog SABRA"],"inLanguage":"pt-BR"},{"@type":"WebPage","@id":"https:\/\/www.sabra.org.br\/site\/cavaquinho-ukulele\/","url":"https:\/\/www.sabra.org.br\/site\/cavaquinho-ukulele\/","name":"Cavaquinho x Ukulele - SABRA - Sociedade Art\u00edstica Brasileira","isPartOf":{"@id":"https:\/\/www.sabra.org.br\/site\/#website"},"primaryImageOfPage":{"@id":"https:\/\/www.sabra.org.br\/site\/cavaquinho-ukulele\/#primaryimage"},"image":{"@id":"https:\/\/www.sabra.org.br\/site\/cavaquinho-ukulele\/#primaryimage"},"thumbnailUrl":"https:\/\/www.sabra.org.br\/site\/wp-content\/uploads\/2021\/01\/cavaquinho-x-ukulele-saiba-quais-sao-as-diferencas-entre-os-dois-instrumentos-20210104131921.jpg.jpg","datePublished":"2021-01-12T11:41:11+00:00","description":"Ambos s\u00e3o instrumentos pequenos e f\u00e1ceis de transportar. Aqui te contamos tudo o que voc\u00ea precisa saber sobre o cavaquinho e o ukulele.","breadcrumb":{"@id":"https:\/\/www.sabra.org.br\/site\/cavaquinho-ukulele\/#breadcrumb"},"inLanguage":"pt-BR","potentialAction":[{"@type":"ReadAction","target":["https:\/\/www.sabra.org.br\/site\/cavaquinho-ukulele\/"]}]},{"@type":"ImageObject","inLanguage":"pt-BR","@id":"https:\/\/www.sabra.org.br\/site\/cavaquinho-ukulele\/#primaryimage","url":"https:\/\/www.sabra.org.br\/site\/wp-content\/uploads\/2021\/01\/cavaquinho-x-ukulele-saiba-quais-sao-as-diferencas-entre-os-dois-instrumentos-20210104131921.jpg.jpg","contentUrl":"https:\/\/www.sabra.org.br\/site\/wp-content\/uploads\/2021\/01\/cavaquinho-x-ukulele-saiba-quais-sao-as-diferencas-entre-os-dois-instrumentos-20210104131921.jpg.jpg","width":800,"height":479,"caption":"Sociedade Art\u00edstica Brasileira SABRA"},{"@type":"BreadcrumbList","@id":"https:\/\/www.sabra.org.br\/site\/cavaquinho-ukulele\/#breadcrumb","itemListElement":[{"@type":"ListItem","position":1,"name":"In\u00edcio","item":"https:\/\/www.sabra.org.br\/site\/"},{"@type":"ListItem","position":2,"name":"Cavaquinho x Ukulele"}]},{"@type":"WebSite","@id":"https:\/\/www.sabra.org.br\/site\/#website","url":"https:\/\/www.sabra.org.br\/site\/","name":"SABRA - Sociedade Art\u00edstica Brasileira","description":"Escola de M\u00fasica, Orquestra Sinf\u00f4nica, Coral e Patrim\u00f4nio Cultural e Hist\u00f3rico","publisher":{"@id":"https:\/\/www.sabra.org.br\/site\/#organization"},"potentialAction":[{"@type":"SearchAction","target":{"@type":"EntryPoint","urlTemplate":"https:\/\/www.sabra.org.br\/site\/?s={search_term_string}"},"query-input":{"@type":"PropertyValueSpecification","valueRequired":true,"valueName":"search_term_string"}}],"inLanguage":"pt-BR"},{"@type":"Organization","@id":"https:\/\/www.sabra.org.br\/site\/#organization","name":"SOCIEDADE ART\u00cdSTICA BRASILEIRA SABRA","alternateName":"SABRA","url":"https:\/\/www.sabra.org.br\/site\/","logo":{"@type":"ImageObject","inLanguage":"pt-BR","@id":"https:\/\/www.sabra.org.br\/site\/#\/schema\/logo\/image\/","url":"https:\/\/www.sabra.org.br\/site\/wp-content\/uploads\/2019\/06\/cropped-Logo_SABRA-Copia-1.webp","contentUrl":"https:\/\/www.sabra.org.br\/site\/wp-content\/uploads\/2019\/06\/cropped-Logo_SABRA-Copia-1.webp","width":400,"height":128,"caption":"SOCIEDADE ART\u00cdSTICA BRASILEIRA SABRA"},"image":{"@id":"https:\/\/www.sabra.org.br\/site\/#\/schema\/logo\/image\/"},"sameAs":["https:\/\/www.facebook.com\/sabrabrasil","https:\/\/x.com\/ContatoSabra","https:\/\/www.instagram.com\/sabrabrasil\/","https:\/\/www.linkedin.com\/company\/25002088\/","https:\/\/br.pinterest.com\/sociedadeartisticabrasileira\/","https:\/\/www.youtube.com\/c\/sabrabrasil"]},{"@type":"Person","@id":"https:\/\/www.sabra.org.br\/site\/#\/schema\/person\/7d1d222c3c8891d4c37c7b41bf6315c2","name":"M\u00e1rcio Miranda Pontes","image":{"@type":"ImageObject","inLanguage":"pt-BR","@id":"https:\/\/secure.gravatar.com\/avatar\/3b45f24496a7625a3a6c436688fbe20344faaeb2979658dc4a9921f984d7df9a?s=96&d=mm&r=g","url":"https:\/\/secure.gravatar.com\/avatar\/3b45f24496a7625a3a6c436688fbe20344faaeb2979658dc4a9921f984d7df9a?s=96&d=mm&r=g","contentUrl":"https:\/\/secure.gravatar.com\/avatar\/3b45f24496a7625a3a6c436688fbe20344faaeb2979658dc4a9921f984d7df9a?s=96&d=mm&r=g","caption":"M\u00e1rcio Miranda Pontes"},"sameAs":["http:\/\/www.sabra.org.br"],"url":"https:\/\/www.sabra.org.br\/site\/author\/marcio-miranda-pontes\/"}]}},"jetpack_featured_media_url":"https:\/\/www.sabra.org.br\/site\/wp-content\/uploads\/2021\/01\/cavaquinho-x-ukulele-saiba-quais-sao-as-diferencas-entre-os-dois-instrumentos-20210104131921.jpg.jpg","jetpack_shortlink":"https:\/\/wp.me\/p95j2Z-X0","jetpack-related-posts":[{"id":3221,"url":"https:\/\/www.sabra.org.br\/site\/instrumentos-corda\/","url_meta":{"origin":3658,"position":0},"title":"Instrumentos de corda","author":"M\u00e1rcio Miranda Pontes","date":"1 de novembro de 2020","format":false,"excerpt":"Apesar de conhecermos e sabermos tocar viol\u00e3o, guitarra ou v\u00e1rios outros instrumentos de corda, \u00e9 sempre interesse saber onde tudo come\u00e7ou. Descubra a origem de muitos desses instrumentos t\u00e3o conhecidos no universo musical.","rel":"","context":"Em &quot;Blog SABRA&quot;","block_context":{"text":"Blog SABRA","link":"https:\/\/www.sabra.org.br\/site\/category\/blog-sabra\/"},"img":{"alt_text":"instrumentos-corda","src":"https:\/\/i0.wp.com\/www.sabra.org.br\/site\/wp-content\/uploads\/2020\/11\/conheca-a-origem-dos-principais-instrumentos-de-corda-20201001161911.jpg.jpg?resize=350%2C200&ssl=1","width":350,"height":200,"srcset":"https:\/\/i0.wp.com\/www.sabra.org.br\/site\/wp-content\/uploads\/2020\/11\/conheca-a-origem-dos-principais-instrumentos-de-corda-20201001161911.jpg.jpg?resize=350%2C200&ssl=1 1x, https:\/\/i0.wp.com\/www.sabra.org.br\/site\/wp-content\/uploads\/2020\/11\/conheca-a-origem-dos-principais-instrumentos-de-corda-20201001161911.jpg.jpg?resize=525%2C300&ssl=1 1.5x, https:\/\/i0.wp.com\/www.sabra.org.br\/site\/wp-content\/uploads\/2020\/11\/conheca-a-origem-dos-principais-instrumentos-de-corda-20201001161911.jpg.jpg?resize=700%2C400&ssl=1 2x"},"classes":[]},{"id":701,"url":"https:\/\/www.sabra.org.br\/site\/breve-historia-do-naipe-de-cordas\/","url_meta":{"origin":3658,"position":1},"title":"Breve hist\u00f3ria do naipe de cordas","author":"M\u00e1rcio Miranda Pontes","date":"5 de outubro de 2017","format":false,"excerpt":"Descubra a hist\u00f3ria dos instrumentos de cordas e seu papel fundamental na m\u00fasica cl\u00e1ssica ao longo dos mil\u00eanios.","rel":"","context":"Em &quot;Blog SABRA&quot;","block_context":{"text":"Blog SABRA","link":"https:\/\/www.sabra.org.br\/site\/category\/blog-sabra\/"},"img":{"alt_text":"Cordas-instrumentos-viola-emitir","src":"https:\/\/i0.wp.com\/www.sabra.org.br\/site\/wp-content\/uploads\/2017\/10\/breve-historia-do-naipe-de-cordas-20170920155615.jpg.jpg?resize=350%2C200&ssl=1","width":350,"height":200,"srcset":"https:\/\/i0.wp.com\/www.sabra.org.br\/site\/wp-content\/uploads\/2017\/10\/breve-historia-do-naipe-de-cordas-20170920155615.jpg.jpg?resize=350%2C200&ssl=1 1x, https:\/\/i0.wp.com\/www.sabra.org.br\/site\/wp-content\/uploads\/2017\/10\/breve-historia-do-naipe-de-cordas-20170920155615.jpg.jpg?resize=525%2C300&ssl=1 1.5x, https:\/\/i0.wp.com\/www.sabra.org.br\/site\/wp-content\/uploads\/2017\/10\/breve-historia-do-naipe-de-cordas-20170920155615.jpg.jpg?resize=700%2C400&ssl=1 2x"},"classes":[]},{"id":6162,"url":"https:\/\/www.sabra.org.br\/site\/cravo-orgao-piano\/","url_meta":{"origin":3658,"position":2},"title":"Diferen\u00e7a entre cravo, \u00f3rg\u00e3o e piano","author":"M\u00e1rcio Miranda Pontes","date":"31 de outubro de 2022","format":false,"excerpt":"Cada instrumento musical possui seus encantos e belezas, al\u00e9m de serem respons\u00e1veis pelos mais belos sons emitidos. No meio musical, h\u00e1 in\u00fameros modelos de equipamentos. E o que voc\u00ea vai conhecer agora s\u00e3o as principais diferen\u00e7as entre alguns deles.","rel":"","context":"Em &quot;Blog SABRA&quot;","block_context":{"text":"Blog SABRA","link":"https:\/\/www.sabra.org.br\/site\/category\/blog-sabra\/"},"img":{"alt_text":"cravo-\u00f3rg\u00e3o-orgao-piano-corda","src":"https:\/\/i0.wp.com\/www.sabra.org.br\/site\/wp-content\/uploads\/2022\/10\/diferenca-entre-cravo-orgao-e-pianojpg-20220908094423.jpg.jpg?resize=350%2C200&ssl=1","width":350,"height":200,"srcset":"https:\/\/i0.wp.com\/www.sabra.org.br\/site\/wp-content\/uploads\/2022\/10\/diferenca-entre-cravo-orgao-e-pianojpg-20220908094423.jpg.jpg?resize=350%2C200&ssl=1 1x, https:\/\/i0.wp.com\/www.sabra.org.br\/site\/wp-content\/uploads\/2022\/10\/diferenca-entre-cravo-orgao-e-pianojpg-20220908094423.jpg.jpg?resize=525%2C300&ssl=1 1.5x, https:\/\/i0.wp.com\/www.sabra.org.br\/site\/wp-content\/uploads\/2022\/10\/diferenca-entre-cravo-orgao-e-pianojpg-20220908094423.jpg.jpg?resize=700%2C400&ssl=1 2x"},"classes":[]},{"id":4642,"url":"https:\/\/www.sabra.org.br\/site\/instrumentos-musicais-2\/","url_meta":{"origin":3658,"position":3},"title":"Instrumentos Musicais brasileiros: conhe\u00e7a os principais","author":"M\u00e1rcio Miranda Pontes","date":"15 de fevereiro de 2022","format":false,"excerpt":"Alguns instrumentos musicais brasileiros marcam forte presen\u00e7a em diversos estilos comuns ao redor do Brasil, n\u00e3o \u00e9 mesmo? Hoje, voc\u00ea vai conhecer alguns desses instrumentos. Acompanhe esse artigo com bastante aten\u00e7\u00e3o!","rel":"","context":"Em &quot;Blog SABRA&quot;","block_context":{"text":"Blog SABRA","link":"https:\/\/www.sabra.org.br\/site\/category\/blog-sabra\/"},"img":{"alt_text":"Instrumentos-musicais-brasileiros-instrumento","src":"https:\/\/i0.wp.com\/www.sabra.org.br\/site\/wp-content\/uploads\/2022\/02\/instrumentos-musicais-brasileiros-conheca-os-principaisjpg-20220210110336.jpg.jpg?resize=350%2C200&ssl=1","width":350,"height":200,"srcset":"https:\/\/i0.wp.com\/www.sabra.org.br\/site\/wp-content\/uploads\/2022\/02\/instrumentos-musicais-brasileiros-conheca-os-principaisjpg-20220210110336.jpg.jpg?resize=350%2C200&ssl=1 1x, https:\/\/i0.wp.com\/www.sabra.org.br\/site\/wp-content\/uploads\/2022\/02\/instrumentos-musicais-brasileiros-conheca-os-principaisjpg-20220210110336.jpg.jpg?resize=525%2C300&ssl=1 1.5x, https:\/\/i0.wp.com\/www.sabra.org.br\/site\/wp-content\/uploads\/2022\/02\/instrumentos-musicais-brasileiros-conheca-os-principaisjpg-20220210110336.jpg.jpg?resize=700%2C400&ssl=1 2x"},"classes":[]},{"id":13423,"url":"https:\/\/www.sabra.org.br\/site\/viola-violao\/","url_meta":{"origin":3658,"position":4},"title":"Voc\u00ea sabe identificar viol\u00e3o de viola? Entenda a diferen\u00e7a entre os dois","author":"M\u00e1rcio Miranda Pontes","date":"8 de junho de 2025","format":false,"excerpt":"Explore o mundo do viol\u00e3o e da viola. Saiba como esses instrumentos se diferenciam em som, constru\u00e7\u00e3o e uso musical.","rel":"","context":"Em &quot;Blog SABRA&quot;","block_context":{"text":"Blog SABRA","link":"https:\/\/www.sabra.org.br\/site\/category\/blog-sabra\/"},"img":{"alt_text":"","src":"","width":0,"height":0},"classes":[]},{"id":6368,"url":"https:\/\/www.sabra.org.br\/site\/influencia-africana\/","url_meta":{"origin":3658,"position":5},"title":"A influ\u00eancia da cultura africana na m\u00fasica brasileira","author":"M\u00e1rcio Miranda Pontes","date":"7 de dezembro de 2022","format":false,"excerpt":"A cultura africana \u00e9 base para diversos estilos musicais e manifesta\u00e7\u00f5es culturais brasileiras. Uma das mais conhecidas \u00e9 o samba e o carnaval, mas voc\u00ea conhece outras? Descubra aqui onde mais encontramos essas influ\u00eancias.","rel":"","context":"Em &quot;Blog SABRA&quot;","block_context":{"text":"Blog SABRA","link":"https:\/\/www.sabra.org.br\/site\/category\/blog-sabra\/"},"img":{"alt_text":"m\u00fasica-instrumento-africana-cultura-ritmo-brasil-samba","src":"https:\/\/i0.wp.com\/www.sabra.org.br\/site\/wp-content\/uploads\/2022\/12\/a-influencia-da-cultura-africana-na-musica-brasileira-20221024103355.jpg.jpg?resize=350%2C200&ssl=1","width":350,"height":200,"srcset":"https:\/\/i0.wp.com\/www.sabra.org.br\/site\/wp-content\/uploads\/2022\/12\/a-influencia-da-cultura-africana-na-musica-brasileira-20221024103355.jpg.jpg?resize=350%2C200&ssl=1 1x, https:\/\/i0.wp.com\/www.sabra.org.br\/site\/wp-content\/uploads\/2022\/12\/a-influencia-da-cultura-africana-na-musica-brasileira-20221024103355.jpg.jpg?resize=525%2C300&ssl=1 1.5x, https:\/\/i0.wp.com\/www.sabra.org.br\/site\/wp-content\/uploads\/2022\/12\/a-influencia-da-cultura-africana-na-musica-brasileira-20221024103355.jpg.jpg?resize=700%2C400&ssl=1 2x"},"classes":[]}],"jetpack_likes_enabled":true,"jetpack_sharing_enabled":true,"_links":{"self":[{"href":"https:\/\/www.sabra.org.br\/site\/wp-json\/wp\/v2\/posts\/3658","targetHints":{"allow":["GET"]}}],"collection":[{"href":"https:\/\/www.sabra.org.br\/site\/wp-json\/wp\/v2\/posts"}],"about":[{"href":"https:\/\/www.sabra.org.br\/site\/wp-json\/wp\/v2\/types\/post"}],"author":[{"embeddable":true,"href":"https:\/\/www.sabra.org.br\/site\/wp-json\/wp\/v2\/users\/39"}],"replies":[{"embeddable":true,"href":"https:\/\/www.sabra.org.br\/site\/wp-json\/wp\/v2\/comments?post=3658"}],"version-history":[{"count":0,"href":"https:\/\/www.sabra.org.br\/site\/wp-json\/wp\/v2\/posts\/3658\/revisions"}],"wp:featuredmedia":[{"embeddable":true,"href":"https:\/\/www.sabra.org.br\/site\/wp-json\/wp\/v2\/media\/3659"}],"wp:attachment":[{"href":"https:\/\/www.sabra.org.br\/site\/wp-json\/wp\/v2\/media?parent=3658"}],"wp:term":[{"taxonomy":"category","embeddable":true,"href":"https:\/\/www.sabra.org.br\/site\/wp-json\/wp\/v2\/categories?post=3658"},{"taxonomy":"post_tag","embeddable":true,"href":"https:\/\/www.sabra.org.br\/site\/wp-json\/wp\/v2\/tags?post=3658"}],"curies":[{"name":"wp","href":"https:\/\/api.w.org\/{rel}","templated":true}]}}