{"id":3708,"date":"2021-02-26T21:20:10","date_gmt":"2021-02-27T00:20:10","guid":{"rendered":"https:\/\/www.sabra.org.br\/site\/?p=3708"},"modified":"2025-04-18T16:57:25","modified_gmt":"2025-04-18T19:57:25","slug":"aprovados-para-o-curso-orquestra-sinfonica-de-betim-2021","status":"publish","type":"post","link":"https:\/\/www.sabra.org.br\/site\/aprovados-para-o-curso-orquestra-sinfonica-de-betim-2021\/","title":{"rendered":"Aprovados para o Curso \u201cOrquestra Sinf\u00f4nica de Betim\u201d 2021"},"content":{"rendered":"<p>A SOCIEDADE ART\u00cdSTICA BRASILEIRA \u2013 SABRA, parabeniza todos os candidatos e candidatas participantes no processo seletivo para as vagas no curso da Orquestra Sinf\u00f4nica de Betim e publica, como previsto no Edital de Sele\u00e7\u00e3o, a lista dos aprovados para o ano de 2021.<\/p>\n<p>Os candidatos e candidatas aprovados dever\u00e3o enviar, at\u00e9 o dia 01\/03\/2021, um e-mail para secretaria@sabra.org.br confirmando a disponibilidade para participar de todas atividades previstas no edital.<\/p>\n<p>A seguir dever\u00e3o realizar os procedimentos de matr\u00edcula e solicita\u00e7\u00e3o de bolsa incentivo de forma eletr\u00f4nica, at\u00e9 dia 05\/03, sexta-feira.<\/p>\n<h2>Lista de aprovados para o Curso \u201cOrquestra Sinf\u00f4nica de Betim\u201d \u2013 2021<\/h2>\n<p>FLAUTA<br \/>\n1. Alef Caetano Silva<br \/>\n2. Marcos Vinicius Fernandes Nunes (flauta e flautim)<\/p>\n<p>OBO\u00c9<br \/>\n1. Rosana Guedes de Oliveira Carneiro<br \/>\n2. Giovanni Luis dos Santos Martins<\/p>\n<p>CLARINETE<br \/>\n1. Em\u00edlia Pinheiro Carneiro Barros<br \/>\n2. Kelvin Saldanha Keesen<\/p>\n<p>FAGOTE<br \/>\n1. Hudson Ditherman Francisco Rosa<br \/>\n2. Vago<\/p>\n<p>TROMPA<br \/>\n1. Brayan dos Anjos do Ros\u00e1rio<br \/>\n2. Mateus Felipe de Jesus Menaguale<br \/>\n3. Ana Carolina Reggiani Vieira<br \/>\n4. Vago<\/p>\n<p>TROMPETE<br \/>\n1. Renzo Albierre Da Costa<br \/>\n2. Lucas Henrique Fonseca Guimar\u00e3es<br \/>\n3. Gustavo Machado Oliveira<\/p>\n<p>TROMBONE<br \/>\n1. Igor De Lima Pereira<br \/>\n2. Henrique Dener Augusto Costa<\/p>\n<p>TROMBONE BAIXO<br \/>\n1. Vago<\/p>\n<p>PERCUSS\u00c3O<br \/>\n1. Victor Ant\u00f4nio do Nascimento<br \/>\n2. Val\u00e9ria Evallin da Costa Prata<br \/>\n3. Samuel Victor dos Santos Moura<\/p>\n<p>VIOLINO 1<br \/>\n1. Leandro Lino da Cunha (Spalla) \u2013 Jo\u00e3o Marcos Santos Dias (Concertino)<br \/>\n2. Ana Clara Dileta Almeida \u2013 Clayton Lucas da Silva<br \/>\n3. Daniel Louren\u00e7o Le\u00e3o \u2013 Daniel Laranjeira Silva<\/p>\n<p>VIOLINO 2<br \/>\n1. Tiago Luis Costa e Silva (Chefe de Naipe) \u2013 Lucas C\u00f4rtes Pereira dos Reis (Concertino)<br \/>\n2. Tatiana Maria dos Santos Martins \u2013 Joseph Guilherme de Medeiros<br \/>\n3. Sara Oliveira de Barros \u2013 Talita Cristiane Duarte Siqueira<\/p>\n<p>VIOLA<br \/>\n1. Felipe Neves Guedes da Silva (Chefe de Naipe) \u2013 Gabriel Teodoro de Andrade (Concertino)<br \/>\n2. R\u00f4mulo Salobrenha Garcia dos Santos \u2013 Lorena Fernandes de Souza<\/p>\n<p>VIOLONCELO<br \/>\n1. Talitha Debora Gomes Marinho (Chefe de Naipe) \u2013 Diego Campos Alves (Concertino)<br \/>\n2. Gabriel Fonseca Reis Tavares \u2013 Nicodemos Gabriel dos Santos<\/p>\n<p>CONTRABAIXO<br \/>\n1. Andr\u00e9 Dias Ferreira (Chefe de Naipe) \u2013 Tiago Ribeiro Pedro (Concertino)<\/p>\n<p>ASSISTENTE DE PRODU\u00c7\u00c3O<br \/>\n1. Israel dos Reis Costa Junior<br \/>\n2. Gabriel de Deus Silva<\/p>\n<p>Observa\u00e7\u00e3o: Devido ao grande n\u00famero de candidatas e candidatos e ao fato de a avalia\u00e7\u00e3o ter sido virtual a banca decidiu n\u00e3o relacionar excedentes e n\u00e3o aptos. No caso de surgimento de vaga ao longo do ano ser\u00e1 publicado um edital espec\u00edfico.<\/p>\n<blockquote class=\"wp-embedded-content\" data-secret=\"XslSE1Rjom\"><p><a href=\"https:\/\/www.sabra.org.br\/site\/textos-fundamentais\/\">Textos fundamentais<\/a><\/p><\/blockquote>\n<p><iframe class=\"wp-embedded-content\" sandbox=\"allow-scripts\" security=\"restricted\" style=\"position: absolute; visibility: hidden;\" title=\"&#8220;Textos fundamentais&#8221; &#8212; SABRA - Sociedade Art\u00edstica Brasileira\" src=\"https:\/\/www.sabra.org.br\/site\/textos-fundamentais\/embed\/#?secret=EkywXM1Dcl#?secret=XslSE1Rjom\" data-secret=\"XslSE1Rjom\" width=\"600\" height=\"338\" frameborder=\"0\" marginwidth=\"0\" marginheight=\"0\" scrolling=\"no\"><\/iframe><\/p>\n<hr \/>\n<h2>Se voc\u00ea gostou deste post:<\/h2>\n<p>&#8211; SIGA as nossas p\u00e1ginas nas redes sociais para acompanhar as nossas atualiza\u00e7\u00f5es: estamos no <a href=\"https:\/\/www.facebook.com\/sabrabrasil\" target=\"_blank\" rel=\"noopener\">Facebook<\/a>, no <a href=\"https:\/\/www.instagram.com\/sabrabrasil\/\" target=\"_blank\" rel=\"noopener\">Instagram<\/a>, no <a href=\"https:\/\/www.linkedin.com\/company\/25002088\" target=\"_blank\" rel=\"noopener\">LinkedIn<\/a>, no <a href=\"https:\/\/x.com\/ContatoSabra\" target=\"_blank\" rel=\"noopener\">X<\/a> e no <a href=\"https:\/\/www.youtube.com\/channel\/UCJw-kbuEvzUNdeQf20Pa-eQ\" target=\"_blank\" rel=\"noopener\">YouTube<\/a>!<\/p>\n<p>&#8211; CONHE\u00c7A o trabalho da Sociedade Art\u00edstica Brasileira (SABRA) e todas as iniciativas culturais e sociais que ela mant\u00e9m. <a href=\"https:\/\/www.sabra.org.br\/site\/acoes\/\" target=\"_blank\" rel=\"noopener\">Acesse nosso site!<\/a><\/p>\n<p>&#8211; ENTRE EM CONTATO com a gente. E veja quais s\u00e3o as op\u00e7\u00f5es de ajuda na manuten\u00e7\u00e3o de nossas a\u00e7\u00f5es sociais e culturais. Basta acessar nossa p\u00e1gina <a href=\"https:\/\/www.sabra.org.br\/site\/doe-agora\/\" target=\"_blank\" rel=\"noopener\">Doe Agora!<\/a><\/p>\n<p>&#8211; COMPARTILHE este texto nas suas redes sociais e ajude os seus amigos a tamb\u00e9m dominarem o assunto!<\/p>\n<p>\u2013   Os projetos da @sabrabrasil s\u00e3o realizados com o patroci\u0301nio m\u00e1ster: @institutounimedbh, viabilizado pelo incentivo de mais de 5,7 mil m\u00e9dicos cooperados e colaboradores via Lei de Incentivo \u00e0 Cultura &#8211; @culturagovbr<\/p>\n","protected":false},"excerpt":{"rendered":"<p>A SOCIEDADE ART\u00cdSTICA BRASILEIRA \u2013 SABRA, parabeniza todos os candidatos e candidatas participantes no processo seletivo para as vagas no curso da Orquestra Sinf\u00f4nica de&hellip;<\/p>\n","protected":false},"author":39,"featured_media":1307,"comment_status":"open","ping_status":"open","sticky":false,"template":"","format":"standard","meta":{"jetpack_post_was_ever_published":false,"_jetpack_newsletter_access":"","_jetpack_dont_email_post_to_subs":false,"_jetpack_newsletter_tier_id":0,"_jetpack_memberships_contains_paywalled_content":false,"_jetpack_memberships_contains_paid_content":false,"footnotes":""},"categories":[4],"tags":[15,8,1285,16,3519,1286,11,9],"class_list":["post-3708","post","type-post","status-publish","format-standard","has-post-thumbnail","hentry","category-noticias","tag-assistencia-social","tag-canto-coral","tag-escola-de-musica-sabra","tag-musicalizacao-infantil","tag-nova-lima-2","tag-orquestra-infanto-juvenil-de-betim","tag-orquestra-sinfonica-de-betim","tag-sociedade-artistica-brasileira"],"yoast_head":"<!-- This site is optimized with the Yoast SEO plugin v27.5 - https:\/\/yoast.com\/product\/yoast-seo-wordpress\/ -->\n<title>Aprovados para o Curso \u201cOrquestra Sinf\u00f4nica de Betim\u201d 2021 - SABRA - Sociedade Art\u00edstica Brasileira<\/title>\n<meta name=\"robots\" content=\"index, follow, max-snippet:-1, max-image-preview:large, max-video-preview:-1\" \/>\n<link rel=\"canonical\" href=\"https:\/\/www.sabra.org.br\/site\/aprovados-para-o-curso-orquestra-sinfonica-de-betim-2021\/\" \/>\n<meta property=\"og:locale\" content=\"pt_BR\" \/>\n<meta property=\"og:type\" content=\"article\" \/>\n<meta property=\"og:title\" content=\"Aprovados para o Curso \u201cOrquestra Sinf\u00f4nica de Betim\u201d 2021 - SABRA - Sociedade Art\u00edstica Brasileira\" \/>\n<meta property=\"og:description\" content=\"A SOCIEDADE ART\u00cdSTICA BRASILEIRA \u2013 SABRA, parabeniza todos os candidatos e candidatas participantes no processo seletivo para as vagas no curso da Orquestra Sinf\u00f4nica de&hellip;\" \/>\n<meta property=\"og:url\" content=\"https:\/\/www.sabra.org.br\/site\/aprovados-para-o-curso-orquestra-sinfonica-de-betim-2021\/\" \/>\n<meta property=\"og:site_name\" content=\"SABRA - Sociedade Art\u00edstica Brasileira\" \/>\n<meta property=\"article:publisher\" content=\"https:\/\/www.facebook.com\/sabrabrasil\" \/>\n<meta property=\"article:published_time\" content=\"2021-02-27T00:20:10+00:00\" \/>\n<meta property=\"article:modified_time\" content=\"2025-04-18T19:57:25+00:00\" \/>\n<meta property=\"og:image\" content=\"https:\/\/www.sabra.org.br\/site\/wp-content\/uploads\/2018\/06\/IMG_4567.jpg\" \/>\n\t<meta property=\"og:image:width\" content=\"750\" \/>\n\t<meta property=\"og:image:height\" content=\"472\" \/>\n\t<meta property=\"og:image:type\" content=\"image\/jpeg\" \/>\n<meta name=\"author\" content=\"M\u00e1rcio Miranda Pontes\" \/>\n<meta name=\"twitter:card\" content=\"summary_large_image\" \/>\n<meta name=\"twitter:creator\" content=\"@ContatoSabra\" \/>\n<meta name=\"twitter:site\" content=\"@ContatoSabra\" \/>\n<meta name=\"twitter:label1\" content=\"Escrito por\" \/>\n\t<meta name=\"twitter:data1\" content=\"M\u00e1rcio Miranda Pontes\" \/>\n\t<meta name=\"twitter:label2\" content=\"Est. tempo de leitura\" \/>\n\t<meta name=\"twitter:data2\" content=\"3 minutos\" \/>\n<script type=\"application\/ld+json\" class=\"yoast-schema-graph\">{\"@context\":\"https:\\\/\\\/schema.org\",\"@graph\":[{\"@type\":\"Article\",\"@id\":\"https:\\\/\\\/www.sabra.org.br\\\/site\\\/aprovados-para-o-curso-orquestra-sinfonica-de-betim-2021\\\/#article\",\"isPartOf\":{\"@id\":\"https:\\\/\\\/www.sabra.org.br\\\/site\\\/aprovados-para-o-curso-orquestra-sinfonica-de-betim-2021\\\/\"},\"author\":{\"name\":\"M\u00e1rcio Miranda Pontes\",\"@id\":\"https:\\\/\\\/www.sabra.org.br\\\/site\\\/#\\\/schema\\\/person\\\/7d1d222c3c8891d4c37c7b41bf6315c2\"},\"headline\":\"Aprovados para o Curso \u201cOrquestra Sinf\u00f4nica de Betim\u201d 2021\",\"datePublished\":\"2021-02-27T00:20:10+00:00\",\"dateModified\":\"2025-04-18T19:57:25+00:00\",\"mainEntityOfPage\":{\"@id\":\"https:\\\/\\\/www.sabra.org.br\\\/site\\\/aprovados-para-o-curso-orquestra-sinfonica-de-betim-2021\\\/\"},\"wordCount\":540,\"commentCount\":1,\"publisher\":{\"@id\":\"https:\\\/\\\/www.sabra.org.br\\\/site\\\/#organization\"},\"image\":{\"@id\":\"https:\\\/\\\/www.sabra.org.br\\\/site\\\/aprovados-para-o-curso-orquestra-sinfonica-de-betim-2021\\\/#primaryimage\"},\"thumbnailUrl\":\"https:\\\/\\\/www.sabra.org.br\\\/site\\\/wp-content\\\/uploads\\\/2018\\\/06\\\/IMG_4567.jpg\",\"keywords\":[\"Assist\u00eancia social\",\"Canto Coral\",\"Escola de Musica SABRA\",\"Musicaliza\u00e7\u00e3o Infantil\",\"nova lima\",\"Orquestra Infanto Juvenil de Betim\",\"Orquestra Sinf\u00f4nica de Betim\",\"Sociedade Art\u00edstica Brasileira\"],\"articleSection\":[\"Not\u00edcias\"],\"inLanguage\":\"pt-BR\",\"potentialAction\":[{\"@type\":\"CommentAction\",\"name\":\"Comment\",\"target\":[\"https:\\\/\\\/www.sabra.org.br\\\/site\\\/aprovados-para-o-curso-orquestra-sinfonica-de-betim-2021\\\/#respond\"]}]},{\"@type\":\"WebPage\",\"@id\":\"https:\\\/\\\/www.sabra.org.br\\\/site\\\/aprovados-para-o-curso-orquestra-sinfonica-de-betim-2021\\\/\",\"url\":\"https:\\\/\\\/www.sabra.org.br\\\/site\\\/aprovados-para-o-curso-orquestra-sinfonica-de-betim-2021\\\/\",\"name\":\"Aprovados para o Curso \u201cOrquestra Sinf\u00f4nica de Betim\u201d 2021 - SABRA - Sociedade Art\u00edstica Brasileira\",\"isPartOf\":{\"@id\":\"https:\\\/\\\/www.sabra.org.br\\\/site\\\/#website\"},\"primaryImageOfPage\":{\"@id\":\"https:\\\/\\\/www.sabra.org.br\\\/site\\\/aprovados-para-o-curso-orquestra-sinfonica-de-betim-2021\\\/#primaryimage\"},\"image\":{\"@id\":\"https:\\\/\\\/www.sabra.org.br\\\/site\\\/aprovados-para-o-curso-orquestra-sinfonica-de-betim-2021\\\/#primaryimage\"},\"thumbnailUrl\":\"https:\\\/\\\/www.sabra.org.br\\\/site\\\/wp-content\\\/uploads\\\/2018\\\/06\\\/IMG_4567.jpg\",\"datePublished\":\"2021-02-27T00:20:10+00:00\",\"dateModified\":\"2025-04-18T19:57:25+00:00\",\"breadcrumb\":{\"@id\":\"https:\\\/\\\/www.sabra.org.br\\\/site\\\/aprovados-para-o-curso-orquestra-sinfonica-de-betim-2021\\\/#breadcrumb\"},\"inLanguage\":\"pt-BR\",\"potentialAction\":[{\"@type\":\"ReadAction\",\"target\":[\"https:\\\/\\\/www.sabra.org.br\\\/site\\\/aprovados-para-o-curso-orquestra-sinfonica-de-betim-2021\\\/\"]}]},{\"@type\":\"ImageObject\",\"inLanguage\":\"pt-BR\",\"@id\":\"https:\\\/\\\/www.sabra.org.br\\\/site\\\/aprovados-para-o-curso-orquestra-sinfonica-de-betim-2021\\\/#primaryimage\",\"url\":\"https:\\\/\\\/www.sabra.org.br\\\/site\\\/wp-content\\\/uploads\\\/2018\\\/06\\\/IMG_4567.jpg\",\"contentUrl\":\"https:\\\/\\\/www.sabra.org.br\\\/site\\\/wp-content\\\/uploads\\\/2018\\\/06\\\/IMG_4567.jpg\",\"width\":750,\"height\":472,\"caption\":\"Orquestra Sinf\u00f4nica de Betim\"},{\"@type\":\"BreadcrumbList\",\"@id\":\"https:\\\/\\\/www.sabra.org.br\\\/site\\\/aprovados-para-o-curso-orquestra-sinfonica-de-betim-2021\\\/#breadcrumb\",\"itemListElement\":[{\"@type\":\"ListItem\",\"position\":1,\"name\":\"In\u00edcio\",\"item\":\"https:\\\/\\\/www.sabra.org.br\\\/site\\\/\"},{\"@type\":\"ListItem\",\"position\":2,\"name\":\"Aprovados para o Curso \u201cOrquestra Sinf\u00f4nica de Betim\u201d 2021\"}]},{\"@type\":\"WebSite\",\"@id\":\"https:\\\/\\\/www.sabra.org.br\\\/site\\\/#website\",\"url\":\"https:\\\/\\\/www.sabra.org.br\\\/site\\\/\",\"name\":\"SABRA - Sociedade Art\u00edstica Brasileira\",\"description\":\"Escola de M\u00fasica, Orquestra Sinf\u00f4nica, Coral e Patrim\u00f4nio Cultural e Hist\u00f3rico\",\"publisher\":{\"@id\":\"https:\\\/\\\/www.sabra.org.br\\\/site\\\/#organization\"},\"potentialAction\":[{\"@type\":\"SearchAction\",\"target\":{\"@type\":\"EntryPoint\",\"urlTemplate\":\"https:\\\/\\\/www.sabra.org.br\\\/site\\\/?s={search_term_string}\"},\"query-input\":{\"@type\":\"PropertyValueSpecification\",\"valueRequired\":true,\"valueName\":\"search_term_string\"}}],\"inLanguage\":\"pt-BR\"},{\"@type\":\"Organization\",\"@id\":\"https:\\\/\\\/www.sabra.org.br\\\/site\\\/#organization\",\"name\":\"SOCIEDADE ART\u00cdSTICA BRASILEIRA SABRA\",\"alternateName\":\"SABRA\",\"url\":\"https:\\\/\\\/www.sabra.org.br\\\/site\\\/\",\"logo\":{\"@type\":\"ImageObject\",\"inLanguage\":\"pt-BR\",\"@id\":\"https:\\\/\\\/www.sabra.org.br\\\/site\\\/#\\\/schema\\\/logo\\\/image\\\/\",\"url\":\"https:\\\/\\\/www.sabra.org.br\\\/site\\\/wp-content\\\/uploads\\\/2019\\\/06\\\/cropped-Logo_SABRA-Copia-1.webp\",\"contentUrl\":\"https:\\\/\\\/www.sabra.org.br\\\/site\\\/wp-content\\\/uploads\\\/2019\\\/06\\\/cropped-Logo_SABRA-Copia-1.webp\",\"width\":400,\"height\":128,\"caption\":\"SOCIEDADE ART\u00cdSTICA BRASILEIRA SABRA\"},\"image\":{\"@id\":\"https:\\\/\\\/www.sabra.org.br\\\/site\\\/#\\\/schema\\\/logo\\\/image\\\/\"},\"sameAs\":[\"https:\\\/\\\/www.facebook.com\\\/sabrabrasil\",\"https:\\\/\\\/x.com\\\/ContatoSabra\",\"https:\\\/\\\/www.instagram.com\\\/sabrabrasil\\\/\",\"https:\\\/\\\/www.linkedin.com\\\/company\\\/25002088\\\/\",\"https:\\\/\\\/br.pinterest.com\\\/sociedadeartisticabrasileira\\\/\",\"https:\\\/\\\/www.youtube.com\\\/c\\\/sabrabrasil\"]},{\"@type\":\"Person\",\"@id\":\"https:\\\/\\\/www.sabra.org.br\\\/site\\\/#\\\/schema\\\/person\\\/7d1d222c3c8891d4c37c7b41bf6315c2\",\"name\":\"M\u00e1rcio Miranda Pontes\",\"image\":{\"@type\":\"ImageObject\",\"inLanguage\":\"pt-BR\",\"@id\":\"https:\\\/\\\/secure.gravatar.com\\\/avatar\\\/3b45f24496a7625a3a6c436688fbe20344faaeb2979658dc4a9921f984d7df9a?s=96&d=mm&r=g\",\"url\":\"https:\\\/\\\/secure.gravatar.com\\\/avatar\\\/3b45f24496a7625a3a6c436688fbe20344faaeb2979658dc4a9921f984d7df9a?s=96&d=mm&r=g\",\"contentUrl\":\"https:\\\/\\\/secure.gravatar.com\\\/avatar\\\/3b45f24496a7625a3a6c436688fbe20344faaeb2979658dc4a9921f984d7df9a?s=96&d=mm&r=g\",\"caption\":\"M\u00e1rcio Miranda Pontes\"},\"sameAs\":[\"http:\\\/\\\/www.sabra.org.br\"],\"url\":\"https:\\\/\\\/www.sabra.org.br\\\/site\\\/author\\\/marcio-miranda-pontes\\\/\"}]}<\/script>\n<!-- \/ Yoast SEO plugin. -->","yoast_head_json":{"title":"Aprovados para o Curso \u201cOrquestra Sinf\u00f4nica de Betim\u201d 2021 - SABRA - Sociedade Art\u00edstica Brasileira","robots":{"index":"index","follow":"follow","max-snippet":"max-snippet:-1","max-image-preview":"max-image-preview:large","max-video-preview":"max-video-preview:-1"},"canonical":"https:\/\/www.sabra.org.br\/site\/aprovados-para-o-curso-orquestra-sinfonica-de-betim-2021\/","og_locale":"pt_BR","og_type":"article","og_title":"Aprovados para o Curso \u201cOrquestra Sinf\u00f4nica de Betim\u201d 2021 - SABRA - Sociedade Art\u00edstica Brasileira","og_description":"A SOCIEDADE ART\u00cdSTICA BRASILEIRA \u2013 SABRA, parabeniza todos os candidatos e candidatas participantes no processo seletivo para as vagas no curso da Orquestra Sinf\u00f4nica de&hellip;","og_url":"https:\/\/www.sabra.org.br\/site\/aprovados-para-o-curso-orquestra-sinfonica-de-betim-2021\/","og_site_name":"SABRA - Sociedade Art\u00edstica Brasileira","article_publisher":"https:\/\/www.facebook.com\/sabrabrasil","article_published_time":"2021-02-27T00:20:10+00:00","article_modified_time":"2025-04-18T19:57:25+00:00","og_image":[{"width":750,"height":472,"url":"https:\/\/www.sabra.org.br\/site\/wp-content\/uploads\/2018\/06\/IMG_4567.jpg","type":"image\/jpeg"}],"author":"M\u00e1rcio Miranda Pontes","twitter_card":"summary_large_image","twitter_creator":"@ContatoSabra","twitter_site":"@ContatoSabra","twitter_misc":{"Escrito por":"M\u00e1rcio Miranda Pontes","Est. tempo de leitura":"3 minutos"},"schema":{"@context":"https:\/\/schema.org","@graph":[{"@type":"Article","@id":"https:\/\/www.sabra.org.br\/site\/aprovados-para-o-curso-orquestra-sinfonica-de-betim-2021\/#article","isPartOf":{"@id":"https:\/\/www.sabra.org.br\/site\/aprovados-para-o-curso-orquestra-sinfonica-de-betim-2021\/"},"author":{"name":"M\u00e1rcio Miranda Pontes","@id":"https:\/\/www.sabra.org.br\/site\/#\/schema\/person\/7d1d222c3c8891d4c37c7b41bf6315c2"},"headline":"Aprovados para o Curso \u201cOrquestra Sinf\u00f4nica de Betim\u201d 2021","datePublished":"2021-02-27T00:20:10+00:00","dateModified":"2025-04-18T19:57:25+00:00","mainEntityOfPage":{"@id":"https:\/\/www.sabra.org.br\/site\/aprovados-para-o-curso-orquestra-sinfonica-de-betim-2021\/"},"wordCount":540,"commentCount":1,"publisher":{"@id":"https:\/\/www.sabra.org.br\/site\/#organization"},"image":{"@id":"https:\/\/www.sabra.org.br\/site\/aprovados-para-o-curso-orquestra-sinfonica-de-betim-2021\/#primaryimage"},"thumbnailUrl":"https:\/\/www.sabra.org.br\/site\/wp-content\/uploads\/2018\/06\/IMG_4567.jpg","keywords":["Assist\u00eancia social","Canto Coral","Escola de Musica SABRA","Musicaliza\u00e7\u00e3o Infantil","nova lima","Orquestra Infanto Juvenil de Betim","Orquestra Sinf\u00f4nica de Betim","Sociedade Art\u00edstica Brasileira"],"articleSection":["Not\u00edcias"],"inLanguage":"pt-BR","potentialAction":[{"@type":"CommentAction","name":"Comment","target":["https:\/\/www.sabra.org.br\/site\/aprovados-para-o-curso-orquestra-sinfonica-de-betim-2021\/#respond"]}]},{"@type":"WebPage","@id":"https:\/\/www.sabra.org.br\/site\/aprovados-para-o-curso-orquestra-sinfonica-de-betim-2021\/","url":"https:\/\/www.sabra.org.br\/site\/aprovados-para-o-curso-orquestra-sinfonica-de-betim-2021\/","name":"Aprovados para o Curso \u201cOrquestra Sinf\u00f4nica de Betim\u201d 2021 - SABRA - Sociedade Art\u00edstica Brasileira","isPartOf":{"@id":"https:\/\/www.sabra.org.br\/site\/#website"},"primaryImageOfPage":{"@id":"https:\/\/www.sabra.org.br\/site\/aprovados-para-o-curso-orquestra-sinfonica-de-betim-2021\/#primaryimage"},"image":{"@id":"https:\/\/www.sabra.org.br\/site\/aprovados-para-o-curso-orquestra-sinfonica-de-betim-2021\/#primaryimage"},"thumbnailUrl":"https:\/\/www.sabra.org.br\/site\/wp-content\/uploads\/2018\/06\/IMG_4567.jpg","datePublished":"2021-02-27T00:20:10+00:00","dateModified":"2025-04-18T19:57:25+00:00","breadcrumb":{"@id":"https:\/\/www.sabra.org.br\/site\/aprovados-para-o-curso-orquestra-sinfonica-de-betim-2021\/#breadcrumb"},"inLanguage":"pt-BR","potentialAction":[{"@type":"ReadAction","target":["https:\/\/www.sabra.org.br\/site\/aprovados-para-o-curso-orquestra-sinfonica-de-betim-2021\/"]}]},{"@type":"ImageObject","inLanguage":"pt-BR","@id":"https:\/\/www.sabra.org.br\/site\/aprovados-para-o-curso-orquestra-sinfonica-de-betim-2021\/#primaryimage","url":"https:\/\/www.sabra.org.br\/site\/wp-content\/uploads\/2018\/06\/IMG_4567.jpg","contentUrl":"https:\/\/www.sabra.org.br\/site\/wp-content\/uploads\/2018\/06\/IMG_4567.jpg","width":750,"height":472,"caption":"Orquestra Sinf\u00f4nica de Betim"},{"@type":"BreadcrumbList","@id":"https:\/\/www.sabra.org.br\/site\/aprovados-para-o-curso-orquestra-sinfonica-de-betim-2021\/#breadcrumb","itemListElement":[{"@type":"ListItem","position":1,"name":"In\u00edcio","item":"https:\/\/www.sabra.org.br\/site\/"},{"@type":"ListItem","position":2,"name":"Aprovados para o Curso \u201cOrquestra Sinf\u00f4nica de Betim\u201d 2021"}]},{"@type":"WebSite","@id":"https:\/\/www.sabra.org.br\/site\/#website","url":"https:\/\/www.sabra.org.br\/site\/","name":"SABRA - Sociedade Art\u00edstica Brasileira","description":"Escola de M\u00fasica, Orquestra Sinf\u00f4nica, Coral e Patrim\u00f4nio Cultural e Hist\u00f3rico","publisher":{"@id":"https:\/\/www.sabra.org.br\/site\/#organization"},"potentialAction":[{"@type":"SearchAction","target":{"@type":"EntryPoint","urlTemplate":"https:\/\/www.sabra.org.br\/site\/?s={search_term_string}"},"query-input":{"@type":"PropertyValueSpecification","valueRequired":true,"valueName":"search_term_string"}}],"inLanguage":"pt-BR"},{"@type":"Organization","@id":"https:\/\/www.sabra.org.br\/site\/#organization","name":"SOCIEDADE ART\u00cdSTICA BRASILEIRA SABRA","alternateName":"SABRA","url":"https:\/\/www.sabra.org.br\/site\/","logo":{"@type":"ImageObject","inLanguage":"pt-BR","@id":"https:\/\/www.sabra.org.br\/site\/#\/schema\/logo\/image\/","url":"https:\/\/www.sabra.org.br\/site\/wp-content\/uploads\/2019\/06\/cropped-Logo_SABRA-Copia-1.webp","contentUrl":"https:\/\/www.sabra.org.br\/site\/wp-content\/uploads\/2019\/06\/cropped-Logo_SABRA-Copia-1.webp","width":400,"height":128,"caption":"SOCIEDADE ART\u00cdSTICA BRASILEIRA SABRA"},"image":{"@id":"https:\/\/www.sabra.org.br\/site\/#\/schema\/logo\/image\/"},"sameAs":["https:\/\/www.facebook.com\/sabrabrasil","https:\/\/x.com\/ContatoSabra","https:\/\/www.instagram.com\/sabrabrasil\/","https:\/\/www.linkedin.com\/company\/25002088\/","https:\/\/br.pinterest.com\/sociedadeartisticabrasileira\/","https:\/\/www.youtube.com\/c\/sabrabrasil"]},{"@type":"Person","@id":"https:\/\/www.sabra.org.br\/site\/#\/schema\/person\/7d1d222c3c8891d4c37c7b41bf6315c2","name":"M\u00e1rcio Miranda Pontes","image":{"@type":"ImageObject","inLanguage":"pt-BR","@id":"https:\/\/secure.gravatar.com\/avatar\/3b45f24496a7625a3a6c436688fbe20344faaeb2979658dc4a9921f984d7df9a?s=96&d=mm&r=g","url":"https:\/\/secure.gravatar.com\/avatar\/3b45f24496a7625a3a6c436688fbe20344faaeb2979658dc4a9921f984d7df9a?s=96&d=mm&r=g","contentUrl":"https:\/\/secure.gravatar.com\/avatar\/3b45f24496a7625a3a6c436688fbe20344faaeb2979658dc4a9921f984d7df9a?s=96&d=mm&r=g","caption":"M\u00e1rcio Miranda Pontes"},"sameAs":["http:\/\/www.sabra.org.br"],"url":"https:\/\/www.sabra.org.br\/site\/author\/marcio-miranda-pontes\/"}]}},"jetpack_featured_media_url":"https:\/\/www.sabra.org.br\/site\/wp-content\/uploads\/2018\/06\/IMG_4567.jpg","jetpack_shortlink":"https:\/\/wp.me\/p95j2Z-XO","jetpack-related-posts":[{"id":4251,"url":"https:\/\/www.sabra.org.br\/site\/orquestra-4\/","url_meta":{"origin":3708,"position":0},"title":"Aprovados para vagas suplementares no Curso \u201cOrquestra Sinf\u00f4nica de Betim\u201d 2021","author":"M\u00e1rcio Miranda Pontes","date":"14 de outubro de 2021","format":false,"excerpt":"A SOCIEDADE ART\u00cdSTICA BRASILEIRA \u2013 SABRA, parabeniza todos os candidatos e candidatas participantes no processo seletivo para as vagas no curso da Orquestra Sinf\u00f4nica de Betim e publica, como previsto no Edital de Sele\u00e7\u00e3o 010\/2021, a lista dos aprovados para o ano de 2021. Os candidatos e candidatas aprovados dever\u00e3o\u2026","rel":"","context":"Em &quot;Not\u00edcias&quot;","block_context":{"text":"Not\u00edcias","link":"https:\/\/www.sabra.org.br\/site\/category\/noticias\/"},"img":{"alt_text":"orquestra-m\u00fasica-tipo","src":"https:\/\/i0.wp.com\/www.sabra.org.br\/site\/wp-content\/uploads\/2021\/05\/saiba-quais-sao-os-tipos-de-orquestra-existem-20210203092956.jpg.jpg?resize=350%2C200&ssl=1","width":350,"height":200,"srcset":"https:\/\/i0.wp.com\/www.sabra.org.br\/site\/wp-content\/uploads\/2021\/05\/saiba-quais-sao-os-tipos-de-orquestra-existem-20210203092956.jpg.jpg?resize=350%2C200&ssl=1 1x, https:\/\/i0.wp.com\/www.sabra.org.br\/site\/wp-content\/uploads\/2021\/05\/saiba-quais-sao-os-tipos-de-orquestra-existem-20210203092956.jpg.jpg?resize=525%2C300&ssl=1 1.5x, https:\/\/i0.wp.com\/www.sabra.org.br\/site\/wp-content\/uploads\/2021\/05\/saiba-quais-sao-os-tipos-de-orquestra-existem-20210203092956.jpg.jpg?resize=700%2C400&ssl=1 2x"},"classes":[]},{"id":4787,"url":"https:\/\/www.sabra.org.br\/site\/resultado-edital-010-2022-orquestra-sinfonica\/","url_meta":{"origin":3708,"position":1},"title":"Resultado Edital 010\/2022 &#8211; Orquestra Sinf\u00f4nica","author":"M\u00e1rcio Miranda Pontes","date":"2 de mar\u00e7o de 2022","format":false,"excerpt":"Confira o resultado do Edital 010\/2022 e veja a lista dos aprovados para o curso da Orquestra Sinf\u00f4nica de Betim.","rel":"","context":"Em &quot;Blog SABRA&quot;","block_context":{"text":"Blog SABRA","link":"https:\/\/www.sabra.org.br\/site\/category\/blog-sabra\/"},"img":{"alt_text":"sabra-m\u00fasica-sinestesia-experi\u00eancias-sensoriais-sentidos-sinest\u00e9sica-associados-cor-exploraremos-musical-percep\u00e7\u00f5es-resultado-edital","src":"https:\/\/i0.wp.com\/www.sabra.org.br\/site\/wp-content\/uploads\/2024\/04\/a-conexao-entre-a-musica-e-as-experiencias-sensoriais-na-sinestesia-20240229111914.jpg-jpg.webp?resize=350%2C200&ssl=1","width":350,"height":200,"srcset":"https:\/\/i0.wp.com\/www.sabra.org.br\/site\/wp-content\/uploads\/2024\/04\/a-conexao-entre-a-musica-e-as-experiencias-sensoriais-na-sinestesia-20240229111914.jpg-jpg.webp?resize=350%2C200&ssl=1 1x, https:\/\/i0.wp.com\/www.sabra.org.br\/site\/wp-content\/uploads\/2024\/04\/a-conexao-entre-a-musica-e-as-experiencias-sensoriais-na-sinestesia-20240229111914.jpg-jpg.webp?resize=525%2C300&ssl=1 1.5x, https:\/\/i0.wp.com\/www.sabra.org.br\/site\/wp-content\/uploads\/2024\/04\/a-conexao-entre-a-musica-e-as-experiencias-sensoriais-na-sinestesia-20240229111914.jpg-jpg.webp?resize=700%2C400&ssl=1 2x"},"classes":[]},{"id":4762,"url":"https:\/\/www.sabra.org.br\/site\/osbetim-2022\/","url_meta":{"origin":3708,"position":2},"title":"Lista de aprovados Orquestra 2022","author":"M\u00e1rcio Miranda Pontes","date":"23 de fevereiro de 2022","format":false,"excerpt":"Lista de aprovados para o Curso \u201cOrquestra Sinf\u00f4nica de Betim\u201d \u2013 2022 - Mais m\u00fasica para a comuinidade de Betim.","rel":"","context":"Em &quot;Blog SABRA&quot;","block_context":{"text":"Blog SABRA","link":"https:\/\/www.sabra.org.br\/site\/category\/blog-sabra\/"},"img":{"alt_text":"orquestra-sinf\u00f4nica-betim-economia-circular-empresa-produto-sustent\u00e1vel","src":"https:\/\/i0.wp.com\/www.sabra.org.br\/site\/wp-content\/uploads\/2021\/06\/economia-circular-o-impulso-do-consumo-e-producao-responsaveis-20210423165408.jpg.jpg?resize=350%2C200&ssl=1","width":350,"height":200,"srcset":"https:\/\/i0.wp.com\/www.sabra.org.br\/site\/wp-content\/uploads\/2021\/06\/economia-circular-o-impulso-do-consumo-e-producao-responsaveis-20210423165408.jpg.jpg?resize=350%2C200&ssl=1 1x, https:\/\/i0.wp.com\/www.sabra.org.br\/site\/wp-content\/uploads\/2021\/06\/economia-circular-o-impulso-do-consumo-e-producao-responsaveis-20210423165408.jpg.jpg?resize=525%2C300&ssl=1 1.5x, https:\/\/i0.wp.com\/www.sabra.org.br\/site\/wp-content\/uploads\/2021\/06\/economia-circular-o-impulso-do-consumo-e-producao-responsaveis-20210423165408.jpg.jpg?resize=700%2C400&ssl=1 2x"},"classes":[]},{"id":1796,"url":"https:\/\/www.sabra.org.br\/site\/lista-aprovados-para-o-curso-orquestra-sinfonica-de-betim-2019\/","url_meta":{"origin":3708,"position":3},"title":"Lista de aprovados Orquestra 2019","author":"M\u00e1rcio Miranda Pontes","date":"1 de mar\u00e7o de 2019","format":false,"excerpt":"sociedade art\u00edstica brasileira sabra chefe de naipe orquestra sinf\u00f4nica de betim Concertino Spalla","rel":"","context":"Em &quot;Not\u00edcias&quot;","block_context":{"text":"Not\u00edcias","link":"https:\/\/www.sabra.org.br\/site\/category\/noticias\/"},"img":{"alt_text":"Lista aprovados","src":"https:\/\/i0.wp.com\/www.sabra.org.br\/site\/wp-content\/uploads\/2019\/03\/music-1781580_960_720.png?resize=350%2C200&ssl=1","width":350,"height":200,"srcset":"https:\/\/i0.wp.com\/www.sabra.org.br\/site\/wp-content\/uploads\/2019\/03\/music-1781580_960_720.png?resize=350%2C200&ssl=1 1x, https:\/\/i0.wp.com\/www.sabra.org.br\/site\/wp-content\/uploads\/2019\/03\/music-1781580_960_720.png?resize=525%2C300&ssl=1 1.5x"},"classes":[]},{"id":3706,"url":"https:\/\/www.sabra.org.br\/site\/aprovados-coral-adulto-2021\/","url_meta":{"origin":3708,"position":4},"title":"Aprovados Coral Adulto 2021","author":"M\u00e1rcio Miranda Pontes","date":"26 de fevereiro de 2021","format":false,"excerpt":"[vc_row][vc_column][vc_column_text css=\"\"]A SOCIEDADE ART\u00cdSTICA BRASILEIRA \u2013 SABRA parabeniza todos os candidatos participantes no processo seletivo para as vagas no curso Coral Adulto e publica, como previsto no Edital de Sele\u00e7\u00e3o, a lista dos aprovados para o ano de 2021. Os candidatos aprovados dever\u00e3o enviar, at\u00e9 o dia 01\/03\/2021, um e-mail\u2026","rel":"","context":"Em &quot;Not\u00edcias&quot;","block_context":{"text":"Not\u00edcias","link":"https:\/\/www.sabra.org.br\/site\/category\/noticias\/"},"img":{"alt_text":"coral","src":"https:\/\/i0.wp.com\/www.sabra.org.br\/site\/wp-content\/uploads\/2021\/02\/Coral2.jpg?resize=350%2C200&ssl=1","width":350,"height":200,"srcset":"https:\/\/i0.wp.com\/www.sabra.org.br\/site\/wp-content\/uploads\/2021\/02\/Coral2.jpg?resize=350%2C200&ssl=1 1x, https:\/\/i0.wp.com\/www.sabra.org.br\/site\/wp-content\/uploads\/2021\/02\/Coral2.jpg?resize=525%2C300&ssl=1 1.5x"},"classes":[]},{"id":2480,"url":"https:\/\/www.sabra.org.br\/site\/coral-adulto\/","url_meta":{"origin":3708,"position":5},"title":"Aprovados Coral Adulto 2020","author":"M\u00e1rcio Miranda Pontes","date":"8 de mar\u00e7o de 2020","format":false,"excerpt":"A SOCIEDADE ART\u00cdSTICA BRASILEIRA \u2013 SABRA parabeniza todos os candidatos participantes no processo seletivo para as vagas no curso Coral Adulto e publica, como previsto no Edital de Sele\u00e7\u00e3o, a lista dos aprovados para o ano de 2020.","rel":"","context":"Em &quot;Not\u00edcias&quot;","block_context":{"text":"Not\u00edcias","link":"https:\/\/www.sabra.org.br\/site\/category\/noticias\/"},"img":{"alt_text":"","src":"https:\/\/i0.wp.com\/www.sabra.org.br\/site\/wp-content\/uploads\/2017\/03\/Coral-Unimed-BH.jpg?resize=350%2C200&ssl=1","width":350,"height":200},"classes":[]}],"jetpack_likes_enabled":true,"jetpack_sharing_enabled":true,"_links":{"self":[{"href":"https:\/\/www.sabra.org.br\/site\/wp-json\/wp\/v2\/posts\/3708","targetHints":{"allow":["GET"]}}],"collection":[{"href":"https:\/\/www.sabra.org.br\/site\/wp-json\/wp\/v2\/posts"}],"about":[{"href":"https:\/\/www.sabra.org.br\/site\/wp-json\/wp\/v2\/types\/post"}],"author":[{"embeddable":true,"href":"https:\/\/www.sabra.org.br\/site\/wp-json\/wp\/v2\/users\/39"}],"replies":[{"embeddable":true,"href":"https:\/\/www.sabra.org.br\/site\/wp-json\/wp\/v2\/comments?post=3708"}],"version-history":[{"count":0,"href":"https:\/\/www.sabra.org.br\/site\/wp-json\/wp\/v2\/posts\/3708\/revisions"}],"wp:featuredmedia":[{"embeddable":true,"href":"https:\/\/www.sabra.org.br\/site\/wp-json\/wp\/v2\/media\/1307"}],"wp:attachment":[{"href":"https:\/\/www.sabra.org.br\/site\/wp-json\/wp\/v2\/media?parent=3708"}],"wp:term":[{"taxonomy":"category","embeddable":true,"href":"https:\/\/www.sabra.org.br\/site\/wp-json\/wp\/v2\/categories?post=3708"},{"taxonomy":"post_tag","embeddable":true,"href":"https:\/\/www.sabra.org.br\/site\/wp-json\/wp\/v2\/tags?post=3708"}],"curies":[{"name":"wp","href":"https:\/\/api.w.org\/{rel}","templated":true}]}}