{"id":3732,"date":"2021-04-13T08:32:37","date_gmt":"2021-04-13T11:32:37","guid":{"rendered":"https:\/\/www.sabra.org.br\/site\/?p=3732"},"modified":"2025-04-19T15:17:37","modified_gmt":"2025-04-19T18:17:37","slug":"canto-coral","status":"publish","type":"post","link":"https:\/\/www.sabra.org.br\/site\/canto-coral\/","title":{"rendered":"A import\u00e2ncia do canto coral para o desenvolvimento da coletividade"},"content":{"rendered":"<p>[vc_row][vc_column][vc_column_text]Cantar em conjunto \u00e9 uma pr\u00e1tica social t\u00e3o antiga que supostamente surgiu junto com o ser humano assim que ele come\u00e7ou a se reunir em bandos. Na Gr\u00e9cia antiga o coral era associado ao teatro grego. Quem participa afirma que a pr\u00e1tica melhora o ouvido musical, a t\u00e9cnica vocal, al\u00e9m de enriquecer a cultura geral.<\/p>\n<p>Para a maioria das pessoas, o canto coral pode parecer simplesmente juntar pessoas para cantar, mas n\u00e3o \u00e9 exatamente assim. Nos encontros s\u00e3o desenvolvidos t\u00e9cnicas, repert\u00f3rios e estilos \u2013 e tudo isso acontecendo naturalmente.<\/p>\n<h2>Canto coral x Canto conjunto<\/h2>\n<p>Cantar em conjunto ou reunir os amigos para cantar n\u00e3o \u00e9 o mesmo que formar um coral. A composi\u00e7\u00e3o do coral \u00e9 diferente e exige algumas especificidades. Para come\u00e7ar, o objetivo do coral \u00e9 executar as vozes em harmonia, exigindo uma combina\u00e7\u00e3o de notas diferentes entre as vozes, fazendo acordes. \u00c9 isso que faz do coral uma experi\u00eancia inebriante ouvir a combina\u00e7\u00e3o das vozes experimentando ao mesmo tempo os efeitos sonoros que elas proporcionam.<\/p>\n<p>Cantar em coral causa um efeito sinest\u00e9sico, porque o pr\u00f3prio nome \u201ccoral\u201d lembra cores. \u00c9 como se a cada combina\u00e7\u00e3o harm\u00f4nica dos acordes executados pelas vozes pudesse refletir um efeito colorido sonoro. Os efeitos sinest\u00e9sicos s\u00e3o assim, mexem com mais de uma \u00e1rea: audi\u00e7\u00e3o, vis\u00e3o, olfato e paladar.<\/p>\n<h2>A import\u00e2ncia para a sociabilidade<\/h2>\n<p>A m\u00fasica \u00e9 uma necessidade e, de todas as artes, \u00e9 que possui maior capacidade de gerar o sentimento de irmandade entre os homens. O canto em coral ajuda muito os t\u00edmidos a socializarem e os integrantes a criarem la\u00e7os de amizade, considera\u00e7\u00e3o e respeito entre si.<\/p>\n<p>Cada um precisa exercer o seu papel em favorecimento da coletividade resultando na harmonia perfeita.<\/p>\n<p>Aquele que participa da atividade do canto em coral treina sua capacidade de prestar aten\u00e7\u00e3o e melhora a pr\u00f3pria audi\u00e7\u00e3o. S\u00f3 aquele que percebe o que est\u00e1 acontecendo a sua volta com aten\u00e7\u00e3o \u00e9 capaz de saber o tom, o tempo e o timbre certo da m\u00fasica.<\/p>\n<p>Toda essa din\u00e2mica da participa\u00e7\u00e3o em coral \u00e9 ben\u00e9fica para quem participa. Ele se v\u00ea engajado em um grupo, fazendo parte de algo significativo e belo. Al\u00e9m de aprender as t\u00e9cnicas relacionadas a arte do canto coral, estar\u00e1 desenvolvendo sua sociabilidade facilitando suas rela\u00e7\u00f5es dentro e fora dessa atividade.<\/p>\n<h2>Aprender m\u00fasica<\/h2>\n<p>O canto coral ensina a m\u00fasica, pois para cantar \u00e9 preciso aprender sobre ritmo, timbre e voz. Alguns coros ensinam partituras para serem acompanhadas ao longo da m\u00fasica. Na m\u00fasica ocidental podemos encontrar um coro misto com vozes de homens, mulheres e crian\u00e7as, as quais comp\u00f5em quatro naipes: Baixos, Tenores, Contraltos e Sopranos, podendo incluir algumas vozes intermedi\u00e1rias como: Bar\u00edtono e Mezzo-soprano mais frequentemente chamadas de 2\u00ba Tenor e 2\u00ba Soprano, respectivamente.<\/p>\n<p>Cantar com outras pessoas desenvolve a musicalidade, difere de estudar m\u00fasica a s\u00f3s. Algo surpreendente acontece sempre que um grupo canta em perfeito un\u00edssono. \u00c9 uma verdadeira emo\u00e7\u00e3o ver a harmonia sendo dividida entre as vozes. Sendo a capella ou com uma orquestra, ao reunir os apaixonados pela m\u00fasica algo especial sempre acontece.<\/p>\n<blockquote class=\"wp-embedded-content\" data-secret=\"nxa78DlK5z\"><p><a href=\"https:\/\/www.sabra.org.br\/site\/os-beneficios-do-coral-para-a-saude-mente-e-corpo\/\">Os benef\u00edcios do coral para a sa\u00fade &#8211; mente e corpo<\/a><\/p><\/blockquote>\n<p><iframe class=\"wp-embedded-content\" sandbox=\"allow-scripts\" security=\"restricted\" style=\"position: absolute; visibility: hidden;\" title=\"&#8220;Os benef\u00edcios do coral para a sa\u00fade &#8211; mente e corpo&#8221; &#8212; SABRA - Sociedade Art\u00edstica Brasileira\" src=\"https:\/\/www.sabra.org.br\/site\/os-beneficios-do-coral-para-a-saude-mente-e-corpo\/embed\/#?secret=InQLbfZVNJ#?secret=nxa78DlK5z\" data-secret=\"nxa78DlK5z\" width=\"600\" height=\"338\" frameborder=\"0\" marginwidth=\"0\" marginheight=\"0\" scrolling=\"no\"><\/iframe><\/p>\n<hr \/>\n<h2>Se voc\u00ea gostou deste post:<\/h2>\n<p>&#8211; SIGA as nossas p\u00e1ginas nas redes sociais para acompanhar as nossas atualiza\u00e7\u00f5es: estamos no <a href=\"https:\/\/www.facebook.com\/sabrabrasil\" target=\"_blank\" rel=\"noopener\">Facebook<\/a>, no <a href=\"https:\/\/www.instagram.com\/sabrabrasil\/\" target=\"_blank\" rel=\"noopener\">Instagram<\/a>, no <a href=\"https:\/\/www.linkedin.com\/company\/25002088\" target=\"_blank\" rel=\"noopener\">LinkedIn<\/a>, no <a href=\"https:\/\/twitter.com\/ContatoSabra\" target=\"_blank\" rel=\"noopener\">Twitter<\/a> e no <a href=\"https:\/\/www.youtube.com\/channel\/UCJw-kbuEvzUNdeQf20Pa-eQ\" target=\"_blank\" rel=\"noopener\">YouTube<\/a>!<\/p>\n<p>&#8211; CONHE\u00c7A o trabalho da Sociedade Art\u00edstica Brasileira (SABRA) e todas as iniciativas culturais e sociais que ela mant\u00e9m. <a href=\"https:\/\/www.sabra.org.br\/site\/acoes\/\" target=\"_blank\" rel=\"noopener\">Acesse nosso site!<\/a><\/p>\n<p>&#8211; ENTRE EM CONTATO com a gente. E veja quais s\u00e3o as op\u00e7\u00f5es de ajuda na manuten\u00e7\u00e3o de nossas a\u00e7\u00f5es sociais e culturais. Basta acessar nossa p\u00e1gina <a href=\"https:\/\/www.sabra.org.br\/site\/doe-agora\/\" target=\"_blank\" rel=\"noopener\">Doe Agora!<\/a><\/p>\n<p>&#8211; COMPARTILHE este texto nas suas redes sociais e ajude os seus amigos a tamb\u00e9m dominarem o assunto![\/vc_column_text][\/vc_column][\/vc_row]<\/p>\n","protected":false},"excerpt":{"rendered":"<p>Voc\u00ea sabia que o canto coral \u00e9 muito importante para o desenvolvimento da coletividade? O canto coral ajuda na socializa\u00e7\u00e3o de crian\u00e7as, jovens e adultos, al\u00e9m de ser uma atividade divertida.<\/p>\n","protected":false},"author":39,"featured_media":3733,"comment_status":"closed","ping_status":"closed","sticky":false,"template":"","format":"standard","meta":{"jetpack_post_was_ever_published":false,"_jetpack_newsletter_access":"","_jetpack_dont_email_post_to_subs":false,"_jetpack_newsletter_tier_id":0,"_jetpack_memberships_contains_paywalled_content":false,"_jetpack_memberships_contains_paid_content":false,"footnotes":""},"categories":[1],"tags":[15,8,1285,16,3519,1286,11,9],"class_list":["post-3732","post","type-post","status-publish","format-standard","has-post-thumbnail","hentry","category-blog-sabra","tag-assistencia-social","tag-canto-coral","tag-escola-de-musica-sabra","tag-musicalizacao-infantil","tag-nova-lima-2","tag-orquestra-infanto-juvenil-de-betim","tag-orquestra-sinfonica-de-betim","tag-sociedade-artistica-brasileira"],"yoast_head":"<!-- This site is optimized with the Yoast SEO plugin v27.5 - https:\/\/yoast.com\/product\/yoast-seo-wordpress\/ -->\n<title>Coral: A Import\u00e2ncia do Cantar em Grupo - SABRA - Sociedade Art\u00edstica Brasileira<\/title>\n<meta name=\"description\" content=\"O canto coral ajuda na socializa\u00e7\u00e3o de crian\u00e7as, jovens e adultos, al\u00e9m de ser uma atividade divertida e importante para a coletividade.\" \/>\n<meta name=\"robots\" content=\"index, follow, max-snippet:-1, max-image-preview:large, max-video-preview:-1\" \/>\n<link rel=\"canonical\" href=\"https:\/\/www.sabra.org.br\/site\/canto-coral\/\" \/>\n<meta property=\"og:locale\" content=\"pt_BR\" \/>\n<meta property=\"og:type\" content=\"article\" \/>\n<meta property=\"og:title\" content=\"Coral: A Import\u00e2ncia do Cantar em Grupo - SABRA - Sociedade Art\u00edstica Brasileira\" \/>\n<meta property=\"og:description\" content=\"O canto coral ajuda na socializa\u00e7\u00e3o de crian\u00e7as, jovens e adultos, al\u00e9m de ser uma atividade divertida e importante para a coletividade.\" \/>\n<meta property=\"og:url\" content=\"https:\/\/www.sabra.org.br\/site\/canto-coral\/\" \/>\n<meta property=\"og:site_name\" content=\"SABRA - Sociedade Art\u00edstica Brasileira\" \/>\n<meta property=\"article:publisher\" content=\"https:\/\/www.facebook.com\/sabrabrasil\" \/>\n<meta property=\"article:published_time\" content=\"2021-04-13T11:32:37+00:00\" \/>\n<meta property=\"article:modified_time\" content=\"2025-04-19T18:17:37+00:00\" \/>\n<meta property=\"og:image\" content=\"https:\/\/www.sabra.org.br\/site\/wp-content\/uploads\/2021\/04\/a-importancia-do-canto-coral-para-o-desenvolvimento-da-coletividade-20210311095559.jpg.jpg\" \/>\n\t<meta property=\"og:image:width\" content=\"800\" \/>\n\t<meta property=\"og:image:height\" content=\"533\" \/>\n\t<meta property=\"og:image:type\" content=\"image\/jpeg\" \/>\n<meta name=\"author\" content=\"M\u00e1rcio Miranda Pontes\" \/>\n<meta name=\"twitter:card\" content=\"summary_large_image\" \/>\n<meta name=\"twitter:creator\" content=\"@ContatoSabra\" \/>\n<meta name=\"twitter:site\" content=\"@ContatoSabra\" \/>\n<meta name=\"twitter:label1\" content=\"Escrito por\" \/>\n\t<meta name=\"twitter:data1\" content=\"M\u00e1rcio Miranda Pontes\" \/>\n\t<meta name=\"twitter:label2\" content=\"Est. tempo de leitura\" \/>\n\t<meta name=\"twitter:data2\" content=\"4 minutos\" \/>\n<script type=\"application\/ld+json\" class=\"yoast-schema-graph\">{\"@context\":\"https:\\\/\\\/schema.org\",\"@graph\":[{\"@type\":\"Article\",\"@id\":\"https:\\\/\\\/www.sabra.org.br\\\/site\\\/canto-coral\\\/#article\",\"isPartOf\":{\"@id\":\"https:\\\/\\\/www.sabra.org.br\\\/site\\\/canto-coral\\\/\"},\"author\":{\"name\":\"M\u00e1rcio Miranda Pontes\",\"@id\":\"https:\\\/\\\/www.sabra.org.br\\\/site\\\/#\\\/schema\\\/person\\\/7d1d222c3c8891d4c37c7b41bf6315c2\"},\"headline\":\"A import\u00e2ncia do canto coral para o desenvolvimento da coletividade\",\"datePublished\":\"2021-04-13T11:32:37+00:00\",\"dateModified\":\"2025-04-19T18:17:37+00:00\",\"mainEntityOfPage\":{\"@id\":\"https:\\\/\\\/www.sabra.org.br\\\/site\\\/canto-coral\\\/\"},\"wordCount\":686,\"publisher\":{\"@id\":\"https:\\\/\\\/www.sabra.org.br\\\/site\\\/#organization\"},\"image\":{\"@id\":\"https:\\\/\\\/www.sabra.org.br\\\/site\\\/canto-coral\\\/#primaryimage\"},\"thumbnailUrl\":\"https:\\\/\\\/www.sabra.org.br\\\/site\\\/wp-content\\\/uploads\\\/2021\\\/04\\\/a-importancia-do-canto-coral-para-o-desenvolvimento-da-coletividade-20210311095559.jpg.jpg\",\"keywords\":[\"Assist\u00eancia social\",\"Canto Coral\",\"Escola de Musica SABRA\",\"Musicaliza\u00e7\u00e3o Infantil\",\"nova lima\",\"Orquestra Infanto Juvenil de Betim\",\"Orquestra Sinf\u00f4nica de Betim\",\"Sociedade Art\u00edstica Brasileira\"],\"articleSection\":[\"Blog SABRA\"],\"inLanguage\":\"pt-BR\"},{\"@type\":\"WebPage\",\"@id\":\"https:\\\/\\\/www.sabra.org.br\\\/site\\\/canto-coral\\\/\",\"url\":\"https:\\\/\\\/www.sabra.org.br\\\/site\\\/canto-coral\\\/\",\"name\":\"Coral: A Import\u00e2ncia do Cantar em Grupo - SABRA - Sociedade Art\u00edstica Brasileira\",\"isPartOf\":{\"@id\":\"https:\\\/\\\/www.sabra.org.br\\\/site\\\/#website\"},\"primaryImageOfPage\":{\"@id\":\"https:\\\/\\\/www.sabra.org.br\\\/site\\\/canto-coral\\\/#primaryimage\"},\"image\":{\"@id\":\"https:\\\/\\\/www.sabra.org.br\\\/site\\\/canto-coral\\\/#primaryimage\"},\"thumbnailUrl\":\"https:\\\/\\\/www.sabra.org.br\\\/site\\\/wp-content\\\/uploads\\\/2021\\\/04\\\/a-importancia-do-canto-coral-para-o-desenvolvimento-da-coletividade-20210311095559.jpg.jpg\",\"datePublished\":\"2021-04-13T11:32:37+00:00\",\"dateModified\":\"2025-04-19T18:17:37+00:00\",\"description\":\"O canto coral ajuda na socializa\u00e7\u00e3o de crian\u00e7as, jovens e adultos, al\u00e9m de ser uma atividade divertida e importante para a coletividade.\",\"breadcrumb\":{\"@id\":\"https:\\\/\\\/www.sabra.org.br\\\/site\\\/canto-coral\\\/#breadcrumb\"},\"inLanguage\":\"pt-BR\",\"potentialAction\":[{\"@type\":\"ReadAction\",\"target\":[\"https:\\\/\\\/www.sabra.org.br\\\/site\\\/canto-coral\\\/\"]}]},{\"@type\":\"ImageObject\",\"inLanguage\":\"pt-BR\",\"@id\":\"https:\\\/\\\/www.sabra.org.br\\\/site\\\/canto-coral\\\/#primaryimage\",\"url\":\"https:\\\/\\\/www.sabra.org.br\\\/site\\\/wp-content\\\/uploads\\\/2021\\\/04\\\/a-importancia-do-canto-coral-para-o-desenvolvimento-da-coletividade-20210311095559.jpg.jpg\",\"contentUrl\":\"https:\\\/\\\/www.sabra.org.br\\\/site\\\/wp-content\\\/uploads\\\/2021\\\/04\\\/a-importancia-do-canto-coral-para-o-desenvolvimento-da-coletividade-20210311095559.jpg.jpg\",\"width\":800,\"height\":533,\"caption\":\"Sociedade Art\u00edstica Brasileira SABRA\"},{\"@type\":\"BreadcrumbList\",\"@id\":\"https:\\\/\\\/www.sabra.org.br\\\/site\\\/canto-coral\\\/#breadcrumb\",\"itemListElement\":[{\"@type\":\"ListItem\",\"position\":1,\"name\":\"In\u00edcio\",\"item\":\"https:\\\/\\\/www.sabra.org.br\\\/site\\\/\"},{\"@type\":\"ListItem\",\"position\":2,\"name\":\"A import\u00e2ncia do canto coral para o desenvolvimento da coletividade\"}]},{\"@type\":\"WebSite\",\"@id\":\"https:\\\/\\\/www.sabra.org.br\\\/site\\\/#website\",\"url\":\"https:\\\/\\\/www.sabra.org.br\\\/site\\\/\",\"name\":\"SABRA - Sociedade Art\u00edstica Brasileira\",\"description\":\"Escola de M\u00fasica, Orquestra Sinf\u00f4nica, Coral e Patrim\u00f4nio Cultural e Hist\u00f3rico\",\"publisher\":{\"@id\":\"https:\\\/\\\/www.sabra.org.br\\\/site\\\/#organization\"},\"potentialAction\":[{\"@type\":\"SearchAction\",\"target\":{\"@type\":\"EntryPoint\",\"urlTemplate\":\"https:\\\/\\\/www.sabra.org.br\\\/site\\\/?s={search_term_string}\"},\"query-input\":{\"@type\":\"PropertyValueSpecification\",\"valueRequired\":true,\"valueName\":\"search_term_string\"}}],\"inLanguage\":\"pt-BR\"},{\"@type\":\"Organization\",\"@id\":\"https:\\\/\\\/www.sabra.org.br\\\/site\\\/#organization\",\"name\":\"SOCIEDADE ART\u00cdSTICA BRASILEIRA SABRA\",\"alternateName\":\"SABRA\",\"url\":\"https:\\\/\\\/www.sabra.org.br\\\/site\\\/\",\"logo\":{\"@type\":\"ImageObject\",\"inLanguage\":\"pt-BR\",\"@id\":\"https:\\\/\\\/www.sabra.org.br\\\/site\\\/#\\\/schema\\\/logo\\\/image\\\/\",\"url\":\"https:\\\/\\\/www.sabra.org.br\\\/site\\\/wp-content\\\/uploads\\\/2019\\\/06\\\/cropped-Logo_SABRA-Copia-1.webp\",\"contentUrl\":\"https:\\\/\\\/www.sabra.org.br\\\/site\\\/wp-content\\\/uploads\\\/2019\\\/06\\\/cropped-Logo_SABRA-Copia-1.webp\",\"width\":400,\"height\":128,\"caption\":\"SOCIEDADE ART\u00cdSTICA BRASILEIRA SABRA\"},\"image\":{\"@id\":\"https:\\\/\\\/www.sabra.org.br\\\/site\\\/#\\\/schema\\\/logo\\\/image\\\/\"},\"sameAs\":[\"https:\\\/\\\/www.facebook.com\\\/sabrabrasil\",\"https:\\\/\\\/x.com\\\/ContatoSabra\",\"https:\\\/\\\/www.instagram.com\\\/sabrabrasil\\\/\",\"https:\\\/\\\/www.linkedin.com\\\/company\\\/25002088\\\/\",\"https:\\\/\\\/br.pinterest.com\\\/sociedadeartisticabrasileira\\\/\",\"https:\\\/\\\/www.youtube.com\\\/c\\\/sabrabrasil\"]},{\"@type\":\"Person\",\"@id\":\"https:\\\/\\\/www.sabra.org.br\\\/site\\\/#\\\/schema\\\/person\\\/7d1d222c3c8891d4c37c7b41bf6315c2\",\"name\":\"M\u00e1rcio Miranda Pontes\",\"image\":{\"@type\":\"ImageObject\",\"inLanguage\":\"pt-BR\",\"@id\":\"https:\\\/\\\/secure.gravatar.com\\\/avatar\\\/3b45f24496a7625a3a6c436688fbe20344faaeb2979658dc4a9921f984d7df9a?s=96&d=mm&r=g\",\"url\":\"https:\\\/\\\/secure.gravatar.com\\\/avatar\\\/3b45f24496a7625a3a6c436688fbe20344faaeb2979658dc4a9921f984d7df9a?s=96&d=mm&r=g\",\"contentUrl\":\"https:\\\/\\\/secure.gravatar.com\\\/avatar\\\/3b45f24496a7625a3a6c436688fbe20344faaeb2979658dc4a9921f984d7df9a?s=96&d=mm&r=g\",\"caption\":\"M\u00e1rcio Miranda Pontes\"},\"sameAs\":[\"http:\\\/\\\/www.sabra.org.br\"],\"url\":\"https:\\\/\\\/www.sabra.org.br\\\/site\\\/author\\\/marcio-miranda-pontes\\\/\"}]}<\/script>\n<!-- \/ Yoast SEO plugin. -->","yoast_head_json":{"title":"Coral: A Import\u00e2ncia do Cantar em Grupo - SABRA - Sociedade Art\u00edstica Brasileira","description":"O canto coral ajuda na socializa\u00e7\u00e3o de crian\u00e7as, jovens e adultos, al\u00e9m de ser uma atividade divertida e importante para a coletividade.","robots":{"index":"index","follow":"follow","max-snippet":"max-snippet:-1","max-image-preview":"max-image-preview:large","max-video-preview":"max-video-preview:-1"},"canonical":"https:\/\/www.sabra.org.br\/site\/canto-coral\/","og_locale":"pt_BR","og_type":"article","og_title":"Coral: A Import\u00e2ncia do Cantar em Grupo - SABRA - Sociedade Art\u00edstica Brasileira","og_description":"O canto coral ajuda na socializa\u00e7\u00e3o de crian\u00e7as, jovens e adultos, al\u00e9m de ser uma atividade divertida e importante para a coletividade.","og_url":"https:\/\/www.sabra.org.br\/site\/canto-coral\/","og_site_name":"SABRA - Sociedade Art\u00edstica Brasileira","article_publisher":"https:\/\/www.facebook.com\/sabrabrasil","article_published_time":"2021-04-13T11:32:37+00:00","article_modified_time":"2025-04-19T18:17:37+00:00","og_image":[{"width":800,"height":533,"url":"https:\/\/www.sabra.org.br\/site\/wp-content\/uploads\/2021\/04\/a-importancia-do-canto-coral-para-o-desenvolvimento-da-coletividade-20210311095559.jpg.jpg","type":"image\/jpeg"}],"author":"M\u00e1rcio Miranda Pontes","twitter_card":"summary_large_image","twitter_creator":"@ContatoSabra","twitter_site":"@ContatoSabra","twitter_misc":{"Escrito por":"M\u00e1rcio Miranda Pontes","Est. tempo de leitura":"4 minutos"},"schema":{"@context":"https:\/\/schema.org","@graph":[{"@type":"Article","@id":"https:\/\/www.sabra.org.br\/site\/canto-coral\/#article","isPartOf":{"@id":"https:\/\/www.sabra.org.br\/site\/canto-coral\/"},"author":{"name":"M\u00e1rcio Miranda Pontes","@id":"https:\/\/www.sabra.org.br\/site\/#\/schema\/person\/7d1d222c3c8891d4c37c7b41bf6315c2"},"headline":"A import\u00e2ncia do canto coral para o desenvolvimento da coletividade","datePublished":"2021-04-13T11:32:37+00:00","dateModified":"2025-04-19T18:17:37+00:00","mainEntityOfPage":{"@id":"https:\/\/www.sabra.org.br\/site\/canto-coral\/"},"wordCount":686,"publisher":{"@id":"https:\/\/www.sabra.org.br\/site\/#organization"},"image":{"@id":"https:\/\/www.sabra.org.br\/site\/canto-coral\/#primaryimage"},"thumbnailUrl":"https:\/\/www.sabra.org.br\/site\/wp-content\/uploads\/2021\/04\/a-importancia-do-canto-coral-para-o-desenvolvimento-da-coletividade-20210311095559.jpg.jpg","keywords":["Assist\u00eancia social","Canto Coral","Escola de Musica SABRA","Musicaliza\u00e7\u00e3o Infantil","nova lima","Orquestra Infanto Juvenil de Betim","Orquestra Sinf\u00f4nica de Betim","Sociedade Art\u00edstica Brasileira"],"articleSection":["Blog SABRA"],"inLanguage":"pt-BR"},{"@type":"WebPage","@id":"https:\/\/www.sabra.org.br\/site\/canto-coral\/","url":"https:\/\/www.sabra.org.br\/site\/canto-coral\/","name":"Coral: A Import\u00e2ncia do Cantar em Grupo - SABRA - Sociedade Art\u00edstica Brasileira","isPartOf":{"@id":"https:\/\/www.sabra.org.br\/site\/#website"},"primaryImageOfPage":{"@id":"https:\/\/www.sabra.org.br\/site\/canto-coral\/#primaryimage"},"image":{"@id":"https:\/\/www.sabra.org.br\/site\/canto-coral\/#primaryimage"},"thumbnailUrl":"https:\/\/www.sabra.org.br\/site\/wp-content\/uploads\/2021\/04\/a-importancia-do-canto-coral-para-o-desenvolvimento-da-coletividade-20210311095559.jpg.jpg","datePublished":"2021-04-13T11:32:37+00:00","dateModified":"2025-04-19T18:17:37+00:00","description":"O canto coral ajuda na socializa\u00e7\u00e3o de crian\u00e7as, jovens e adultos, al\u00e9m de ser uma atividade divertida e importante para a coletividade.","breadcrumb":{"@id":"https:\/\/www.sabra.org.br\/site\/canto-coral\/#breadcrumb"},"inLanguage":"pt-BR","potentialAction":[{"@type":"ReadAction","target":["https:\/\/www.sabra.org.br\/site\/canto-coral\/"]}]},{"@type":"ImageObject","inLanguage":"pt-BR","@id":"https:\/\/www.sabra.org.br\/site\/canto-coral\/#primaryimage","url":"https:\/\/www.sabra.org.br\/site\/wp-content\/uploads\/2021\/04\/a-importancia-do-canto-coral-para-o-desenvolvimento-da-coletividade-20210311095559.jpg.jpg","contentUrl":"https:\/\/www.sabra.org.br\/site\/wp-content\/uploads\/2021\/04\/a-importancia-do-canto-coral-para-o-desenvolvimento-da-coletividade-20210311095559.jpg.jpg","width":800,"height":533,"caption":"Sociedade Art\u00edstica Brasileira SABRA"},{"@type":"BreadcrumbList","@id":"https:\/\/www.sabra.org.br\/site\/canto-coral\/#breadcrumb","itemListElement":[{"@type":"ListItem","position":1,"name":"In\u00edcio","item":"https:\/\/www.sabra.org.br\/site\/"},{"@type":"ListItem","position":2,"name":"A import\u00e2ncia do canto coral para o desenvolvimento da coletividade"}]},{"@type":"WebSite","@id":"https:\/\/www.sabra.org.br\/site\/#website","url":"https:\/\/www.sabra.org.br\/site\/","name":"SABRA - Sociedade Art\u00edstica Brasileira","description":"Escola de M\u00fasica, Orquestra Sinf\u00f4nica, Coral e Patrim\u00f4nio Cultural e Hist\u00f3rico","publisher":{"@id":"https:\/\/www.sabra.org.br\/site\/#organization"},"potentialAction":[{"@type":"SearchAction","target":{"@type":"EntryPoint","urlTemplate":"https:\/\/www.sabra.org.br\/site\/?s={search_term_string}"},"query-input":{"@type":"PropertyValueSpecification","valueRequired":true,"valueName":"search_term_string"}}],"inLanguage":"pt-BR"},{"@type":"Organization","@id":"https:\/\/www.sabra.org.br\/site\/#organization","name":"SOCIEDADE ART\u00cdSTICA BRASILEIRA SABRA","alternateName":"SABRA","url":"https:\/\/www.sabra.org.br\/site\/","logo":{"@type":"ImageObject","inLanguage":"pt-BR","@id":"https:\/\/www.sabra.org.br\/site\/#\/schema\/logo\/image\/","url":"https:\/\/www.sabra.org.br\/site\/wp-content\/uploads\/2019\/06\/cropped-Logo_SABRA-Copia-1.webp","contentUrl":"https:\/\/www.sabra.org.br\/site\/wp-content\/uploads\/2019\/06\/cropped-Logo_SABRA-Copia-1.webp","width":400,"height":128,"caption":"SOCIEDADE ART\u00cdSTICA BRASILEIRA SABRA"},"image":{"@id":"https:\/\/www.sabra.org.br\/site\/#\/schema\/logo\/image\/"},"sameAs":["https:\/\/www.facebook.com\/sabrabrasil","https:\/\/x.com\/ContatoSabra","https:\/\/www.instagram.com\/sabrabrasil\/","https:\/\/www.linkedin.com\/company\/25002088\/","https:\/\/br.pinterest.com\/sociedadeartisticabrasileira\/","https:\/\/www.youtube.com\/c\/sabrabrasil"]},{"@type":"Person","@id":"https:\/\/www.sabra.org.br\/site\/#\/schema\/person\/7d1d222c3c8891d4c37c7b41bf6315c2","name":"M\u00e1rcio Miranda Pontes","image":{"@type":"ImageObject","inLanguage":"pt-BR","@id":"https:\/\/secure.gravatar.com\/avatar\/3b45f24496a7625a3a6c436688fbe20344faaeb2979658dc4a9921f984d7df9a?s=96&d=mm&r=g","url":"https:\/\/secure.gravatar.com\/avatar\/3b45f24496a7625a3a6c436688fbe20344faaeb2979658dc4a9921f984d7df9a?s=96&d=mm&r=g","contentUrl":"https:\/\/secure.gravatar.com\/avatar\/3b45f24496a7625a3a6c436688fbe20344faaeb2979658dc4a9921f984d7df9a?s=96&d=mm&r=g","caption":"M\u00e1rcio Miranda Pontes"},"sameAs":["http:\/\/www.sabra.org.br"],"url":"https:\/\/www.sabra.org.br\/site\/author\/marcio-miranda-pontes\/"}]}},"jetpack_featured_media_url":"https:\/\/www.sabra.org.br\/site\/wp-content\/uploads\/2021\/04\/a-importancia-do-canto-coral-para-o-desenvolvimento-da-coletividade-20210311095559.jpg.jpg","jetpack_shortlink":"https:\/\/wp.me\/p95j2Z-Yc","jetpack-related-posts":[{"id":4643,"url":"https:\/\/www.sabra.org.br\/site\/canto-coral-3\/","url_meta":{"origin":3732,"position":0},"title":"A import\u00e2ncia do canto coral na sociedade","author":"M\u00e1rcio Miranda Pontes","date":"9 de fevereiro de 2022","format":false,"excerpt":"Conhe\u00e7a os benef\u00edcios do canto coral e o seu impacto positivo para a sociabilidade dos indiv\u00edduos, incentivando a coletividade, a coopera\u00e7\u00e3o, a empatia e disseminando a arte e a cultura da m\u00fasica.","rel":"","context":"Em &quot;Blog SABRA&quot;","block_context":{"text":"Blog SABRA","link":"https:\/\/www.sabra.org.br\/site\/category\/blog-sabra\/"},"img":{"alt_text":"canto-coral-sociedade","src":"https:\/\/i0.wp.com\/www.sabra.org.br\/site\/wp-content\/uploads\/2022\/02\/a-importancia-do-canto-coral-na-sociedade-20220208141739.jpg.jpg?resize=350%2C200&ssl=1","width":350,"height":200,"srcset":"https:\/\/i0.wp.com\/www.sabra.org.br\/site\/wp-content\/uploads\/2022\/02\/a-importancia-do-canto-coral-na-sociedade-20220208141739.jpg.jpg?resize=350%2C200&ssl=1 1x, https:\/\/i0.wp.com\/www.sabra.org.br\/site\/wp-content\/uploads\/2022\/02\/a-importancia-do-canto-coral-na-sociedade-20220208141739.jpg.jpg?resize=525%2C300&ssl=1 1.5x, https:\/\/i0.wp.com\/www.sabra.org.br\/site\/wp-content\/uploads\/2022\/02\/a-importancia-do-canto-coral-na-sociedade-20220208141739.jpg.jpg?resize=700%2C400&ssl=1 2x, https:\/\/i0.wp.com\/www.sabra.org.br\/site\/wp-content\/uploads\/2022\/02\/a-importancia-do-canto-coral-na-sociedade-20220208141739.jpg.jpg?resize=1050%2C600&ssl=1 3x"},"classes":[]},{"id":5821,"url":"https:\/\/www.sabra.org.br\/site\/historia-coral\/","url_meta":{"origin":3732,"position":1},"title":"Hist\u00f3ria do Canto Coral","author":"M\u00e1rcio Miranda Pontes","date":"8 de setembro de 2022","format":false,"excerpt":"O canto coral \u00e9 maravilhoso e surgiu s\u00e9culos atr\u00e1s, passando por transforma\u00e7\u00f5es muito interessantes. Ao mesmo tempo, consegue conservar a tradi\u00e7\u00e3o e riqueza da m\u00fasica. Leia e saiba mais sobre sua origem:","rel":"","context":"Em &quot;Blog SABRA&quot;","block_context":{"text":"Blog SABRA","link":"https:\/\/www.sabra.org.br\/site\/category\/blog-sabra\/"},"img":{"alt_text":"cantar-coro-coral-sociais","src":"https:\/\/i0.wp.com\/www.sabra.org.br\/site\/wp-content\/uploads\/2022\/09\/historia-do-canto-coral-20220623120203.jpg.jpg?resize=350%2C200&ssl=1","width":350,"height":200,"srcset":"https:\/\/i0.wp.com\/www.sabra.org.br\/site\/wp-content\/uploads\/2022\/09\/historia-do-canto-coral-20220623120203.jpg.jpg?resize=350%2C200&ssl=1 1x, https:\/\/i0.wp.com\/www.sabra.org.br\/site\/wp-content\/uploads\/2022\/09\/historia-do-canto-coral-20220623120203.jpg.jpg?resize=525%2C300&ssl=1 1.5x, https:\/\/i0.wp.com\/www.sabra.org.br\/site\/wp-content\/uploads\/2022\/09\/historia-do-canto-coral-20220623120203.jpg.jpg?resize=700%2C400&ssl=1 2x"},"classes":[]},{"id":4131,"url":"https:\/\/www.sabra.org.br\/site\/canto-coral-2\/","url_meta":{"origin":3732,"position":2},"title":"Como o canto coral ajuda na educa\u00e7\u00e3o musical da crian\u00e7a","author":"M\u00e1rcio Miranda Pontes","date":"25 de agosto de 2021","format":false,"excerpt":"Como o canto coral ajuda na educa\u00e7\u00e3o musical da crian\u00e7a O canto coral \u00e9 uma excelente forma de ajudar a crian\u00e7a a desenvolver n\u00e3o apenas sua educa\u00e7\u00e3o musical, mas diversos aspectos de sua vida, como o relacionamento interpessoal e a concentra\u00e7\u00e3o, algo que \u00e9 preciso ter no ambiente escolar e\u2026","rel":"","context":"Em &quot;Blog SABRA&quot;","block_context":{"text":"Blog SABRA","link":"https:\/\/www.sabra.org.br\/site\/category\/blog-sabra\/"},"img":{"alt_text":"canto-coral-musical","src":"https:\/\/i0.wp.com\/www.sabra.org.br\/site\/wp-content\/uploads\/2021\/08\/como-o-canto-coral-ajuda-na-educacao-musical-da-crianca-20210311095559.jpg.jpg?resize=350%2C200&ssl=1","width":350,"height":200,"srcset":"https:\/\/i0.wp.com\/www.sabra.org.br\/site\/wp-content\/uploads\/2021\/08\/como-o-canto-coral-ajuda-na-educacao-musical-da-crianca-20210311095559.jpg.jpg?resize=350%2C200&ssl=1 1x, https:\/\/i0.wp.com\/www.sabra.org.br\/site\/wp-content\/uploads\/2021\/08\/como-o-canto-coral-ajuda-na-educacao-musical-da-crianca-20210311095559.jpg.jpg?resize=525%2C300&ssl=1 1.5x, https:\/\/i0.wp.com\/www.sabra.org.br\/site\/wp-content\/uploads\/2021\/08\/como-o-canto-coral-ajuda-na-educacao-musical-da-crianca-20210311095559.jpg.jpg?resize=700%2C400&ssl=1 2x"},"classes":[]},{"id":4985,"url":"https:\/\/www.sabra.org.br\/site\/cantar-dom\/","url_meta":{"origin":3732,"position":3},"title":"Afinal, cantar \u00e9 um dom?","author":"M\u00e1rcio Miranda Pontes","date":"13 de abril de 2022","format":false,"excerpt":"\u00c9 muito comum ouvir que determinados cantores nasceram para cantar ou que t\u00eam o dom de cantar. Mas, afinal, cantar \u00e9 mesmo um dom ou qualquer pessoa pode aprender a cantar?","rel":"","context":"Em &quot;Blog SABRA&quot;","block_context":{"text":"Blog SABRA","link":"https:\/\/www.sabra.org.br\/site\/category\/blog-sabra\/"},"img":{"alt_text":"cantar-pessoa-aprender-voz","src":"https:\/\/i0.wp.com\/www.sabra.org.br\/site\/wp-content\/uploads\/2022\/04\/afinal-cantar-e-um-dom-20211111161807.jpg.jpg?resize=350%2C200&ssl=1","width":350,"height":200,"srcset":"https:\/\/i0.wp.com\/www.sabra.org.br\/site\/wp-content\/uploads\/2022\/04\/afinal-cantar-e-um-dom-20211111161807.jpg.jpg?resize=350%2C200&ssl=1 1x, https:\/\/i0.wp.com\/www.sabra.org.br\/site\/wp-content\/uploads\/2022\/04\/afinal-cantar-e-um-dom-20211111161807.jpg.jpg?resize=525%2C300&ssl=1 1.5x, https:\/\/i0.wp.com\/www.sabra.org.br\/site\/wp-content\/uploads\/2022\/04\/afinal-cantar-e-um-dom-20211111161807.jpg.jpg?resize=700%2C400&ssl=1 2x"},"classes":[]},{"id":789,"url":"https:\/\/www.sabra.org.br\/site\/qual-e-a-melhor-idade-para-aprender-a-cantar\/","url_meta":{"origin":3732,"position":4},"title":"CANTAR, QUANDO COME\u00c7AR?","author":"M\u00e1rcio Miranda Pontes","date":"10 de novembro de 2017","format":false,"excerpt":"Qual \u00e9 a melhor idade para aprender a cantar? Cantar \u00e9 algo natural para o ser humano. Afinal, quem n\u00e3o gosta de cantar no chuveiro, acompanhar a m\u00fasica da banda preferida na r\u00e1dio, ou ainda cantarolar despercebido uma m\u00fasica que \u201cficou na cabe\u00e7a\u201d? Mas quando o assunto \u00e9 \u201ccantar bem\u201d,\u2026","rel":"","context":"Em &quot;Blog SABRA&quot;","block_context":{"text":"Blog SABRA","link":"https:\/\/www.sabra.org.br\/site\/category\/blog-sabra\/"},"img":{"alt_text":"Cantar voz","src":"https:\/\/i0.wp.com\/www.sabra.org.br\/site\/wp-content\/uploads\/2017\/11\/qual-e-a-melhor-idade-para-aprender-a-cantar-20171027170016.jpg.jpg?resize=350%2C200&ssl=1","width":350,"height":200,"srcset":"https:\/\/i0.wp.com\/www.sabra.org.br\/site\/wp-content\/uploads\/2017\/11\/qual-e-a-melhor-idade-para-aprender-a-cantar-20171027170016.jpg.jpg?resize=350%2C200&ssl=1 1x, https:\/\/i0.wp.com\/www.sabra.org.br\/site\/wp-content\/uploads\/2017\/11\/qual-e-a-melhor-idade-para-aprender-a-cantar-20171027170016.jpg.jpg?resize=525%2C300&ssl=1 1.5x, https:\/\/i0.wp.com\/www.sabra.org.br\/site\/wp-content\/uploads\/2017\/11\/qual-e-a-melhor-idade-para-aprender-a-cantar-20171027170016.jpg.jpg?resize=700%2C400&ssl=1 2x"},"classes":[]},{"id":609,"url":"https:\/\/www.sabra.org.br\/site\/os-beneficios-do-coral-para-a-saude-mente-e-corpo\/","url_meta":{"origin":3732,"position":5},"title":"Os benef\u00edcios do coral para a sa\u00fade &#8211; mente e corpo","author":"M\u00e1rcio Miranda Pontes","date":"30 de agosto de 2017","format":false,"excerpt":"O coral \u00e9 uma atividade totalmente coletiva. Isso quer dizer que n\u00e3o h\u00e1 incentivo para a lideran\u00e7a ou destaques individuais.","rel":"","context":"Em &quot;Blog SABRA&quot;","block_context":{"text":"Blog SABRA","link":"https:\/\/www.sabra.org.br\/site\/category\/blog-sabra\/"},"img":{"alt_text":"cantar-coral-voz-instrumento-canto","src":"https:\/\/i0.wp.com\/www.sabra.org.br\/site\/wp-content\/uploads\/2017\/08\/Canto_Coral.jpg?resize=350%2C200&ssl=1","width":350,"height":200,"srcset":"https:\/\/i0.wp.com\/www.sabra.org.br\/site\/wp-content\/uploads\/2017\/08\/Canto_Coral.jpg?resize=350%2C200&ssl=1 1x, https:\/\/i0.wp.com\/www.sabra.org.br\/site\/wp-content\/uploads\/2017\/08\/Canto_Coral.jpg?resize=525%2C300&ssl=1 1.5x, https:\/\/i0.wp.com\/www.sabra.org.br\/site\/wp-content\/uploads\/2017\/08\/Canto_Coral.jpg?resize=700%2C400&ssl=1 2x"},"classes":[]}],"jetpack_likes_enabled":true,"jetpack_sharing_enabled":true,"_links":{"self":[{"href":"https:\/\/www.sabra.org.br\/site\/wp-json\/wp\/v2\/posts\/3732","targetHints":{"allow":["GET"]}}],"collection":[{"href":"https:\/\/www.sabra.org.br\/site\/wp-json\/wp\/v2\/posts"}],"about":[{"href":"https:\/\/www.sabra.org.br\/site\/wp-json\/wp\/v2\/types\/post"}],"author":[{"embeddable":true,"href":"https:\/\/www.sabra.org.br\/site\/wp-json\/wp\/v2\/users\/39"}],"replies":[{"embeddable":true,"href":"https:\/\/www.sabra.org.br\/site\/wp-json\/wp\/v2\/comments?post=3732"}],"version-history":[{"count":0,"href":"https:\/\/www.sabra.org.br\/site\/wp-json\/wp\/v2\/posts\/3732\/revisions"}],"wp:featuredmedia":[{"embeddable":true,"href":"https:\/\/www.sabra.org.br\/site\/wp-json\/wp\/v2\/media\/3733"}],"wp:attachment":[{"href":"https:\/\/www.sabra.org.br\/site\/wp-json\/wp\/v2\/media?parent=3732"}],"wp:term":[{"taxonomy":"category","embeddable":true,"href":"https:\/\/www.sabra.org.br\/site\/wp-json\/wp\/v2\/categories?post=3732"},{"taxonomy":"post_tag","embeddable":true,"href":"https:\/\/www.sabra.org.br\/site\/wp-json\/wp\/v2\/tags?post=3732"}],"curies":[{"name":"wp","href":"https:\/\/api.w.org\/{rel}","templated":true}]}}