{"id":3848,"date":"2021-04-29T09:23:22","date_gmt":"2021-04-29T12:23:22","guid":{"rendered":"https:\/\/www.sabra.org.br\/site\/?p=3848"},"modified":"2025-04-18T12:11:15","modified_gmt":"2025-04-18T15:11:15","slug":"orquestra-2","status":"publish","type":"post","link":"https:\/\/www.sabra.org.br\/site\/orquestra-2\/","title":{"rendered":"Voc\u00ea sabe a diferen\u00e7a entre orquestra sinf\u00f4nica e filarm\u00f4nica?"},"content":{"rendered":"<p>[vc_row][vc_column][vc_column_text css=&#8221;&#8221;]A maioria das pessoas j\u00e1 teve o prazer de, pessoalmente ou atrav\u00e9s de um determinado v\u00eddeo ou \u00e1udio, apreciar a apresenta\u00e7\u00e3o de uma orquestra. Mas se voc\u00ea j\u00e1 parou para observar, certamente j\u00e1 percebeu que existem nomenclaturas diferentes para esses conjuntos musicais, o que nos leva a seguinte pergunta: Voc\u00ea sabe a diferen\u00e7a entre orquestra sinf\u00f4nica e filarm\u00f4nica?<\/p>\n<p>Se a sua resposta para essa quest\u00e3o for N\u00c3O, fique tranquilo que n\u00f3s iremos esclarecer tudo para voc\u00ea. Mas antes de saber qual a diferen\u00e7a entre orquestra sinf\u00f4nica e filarm\u00f4nica, \u00e9 importante entender realmente o que \u00e9 uma orquestra e como ela \u00e9 composta.<\/p>\n<h2>A forma\u00e7\u00e3o de uma orquestra<\/h2>\n<p>Uma orquestra se define por um grupo de m\u00fasicos profissionais que se re\u00fane para a apresenta\u00e7\u00e3o de uma sequ\u00eancia de can\u00e7\u00f5es para uma grande plateia, executadas por instrumentos cl\u00e1ssicos diferentes, entre eles, os de corda, de madeira, metais, instrumentos de percuss\u00e3o ou de teclas.<\/p>\n<p>Dentro desses agrupamentos s\u00e3o inclusos at\u00e9 cinco tipos de instrumentos. Veja quais deles mais costumam ser utilizados dentro de cada grupo:<\/p>\n<p>&#8211; Cordas: violinos, violoncelos, violas, contrabaixos, harpas.<br \/>\n&#8211; Madeiras: flautas, clarinetes, clarinete baixo, fagotes, obo\u00e9s.<br \/>\n&#8211; Metais: trombones, trompas, trompetes, tubas.<br \/>\n&#8211; Instrumentos de percuss\u00e3o: caixas, pratos, t\u00edmpanos, bombo, carrilh\u00e3o.<br \/>\n&#8211; Instrumentos de teclas: piano, \u00f3rg\u00e3o.<\/p>\n<p>As forma\u00e7\u00f5es dos instrumentos variam de uma orquestra para a outra, assim como a quantidade de m\u00fasicos, mas usualmente, tanto a orquestra sinf\u00f4nica, quanto a filarm\u00f4nica s\u00e3o formadas por aproximadamente 80 integrantes. No entanto, dependendo do repert\u00f3rio e da proposta apresentada, esse n\u00famero pode passar de 100 m\u00fasicos.<\/p>\n<blockquote class=\"wp-embedded-content\" data-secret=\"tMb3k42qI9\"><p><a href=\"https:\/\/www.sabra.org.br\/site\/origem-orquestra\/\">Origem da Orquestra<\/a><\/p><\/blockquote>\n<p><iframe class=\"wp-embedded-content\" sandbox=\"allow-scripts\" security=\"restricted\" style=\"position: absolute; visibility: hidden;\" title=\"&#8220;Origem da Orquestra&#8221; &#8212; SABRA - Sociedade Art\u00edstica Brasileira\" src=\"https:\/\/www.sabra.org.br\/site\/origem-orquestra\/embed\/#?secret=u0wQx6TxGQ#?secret=tMb3k42qI9\" data-secret=\"tMb3k42qI9\" width=\"600\" height=\"338\" frameborder=\"0\" marginwidth=\"0\" marginheight=\"0\" scrolling=\"no\"><\/iframe><\/p>\n<h2>Diferen\u00e7a entre orquestra sinf\u00f4nica e filarm\u00f4nica<\/h2>\n<p>Na verdade, algum tempo atr\u00e1s, as caracter\u00edsticas que distinguiam esses dois grupos instrumentais eram relacionadas \u00e0s condi\u00e7\u00f5es dos m\u00fasicos. Enquanto que a orquestra sinf\u00f4nica era formada por m\u00fasicos profissionais e remunerados, a filarm\u00f4nica contava com m\u00fasicos que tocavam apenas por hobby.<\/p>\n<p>Hoje em dia, esse conceito mudou e a diferen\u00e7a principal entre orquestra sinf\u00f4nica e filarm\u00f4nica se baseia no modelo de financiamento em que cada uma se enquadra.<\/p>\n<p>As orquestras sinf\u00f4nicas s\u00e3o mantidas pelo poder p\u00fablico, dentro das esferas municipal, estadual e federal. Um exemplo desse modelo \u00e9 a Orquestra Sinf\u00f4nica do Estado de S\u00e3o Paulo, mais conhecida como Osesp, fundada em 1954 e que hoje \u00e9 refer\u00eancia no cen\u00e1rio sinf\u00f4nico nacional.<\/p>\n<p>J\u00e1 as filarm\u00f4nicas s\u00e3o orquestras financiadas por empresas privadas, associa\u00e7\u00f5es ou demais grupos de pessoas. Essas institui\u00e7\u00f5es procuram captar recursos para a manuten\u00e7\u00e3o da orquestra e n\u00e3o possuem fins lucrativos.<\/p>\n<h2>Mais semelhan\u00e7as do que diferen\u00e7as<\/h2>\n<p>Apesar dessas classifica\u00e7\u00f5es, ocorre que atualmente, todas as orquestras sinf\u00f4nicas e filarm\u00f4nicas contam com apoios tanto de ger\u00eancias institucionais quanto de setores governamentais, o que nos leva a considerar que, no final das contas, ambos os modelos acabam tendo basicamente caracter\u00edsticas muito distintas e possuem apenas nomenclaturas diferentes.<\/p>\n<p>De fato, independentemente de ser orquestra sinf\u00f4nica ou filarm\u00f4nica, o que importa mesmo \u00e9 n\u00e3o perder a oportunidade de apreciar a reuni\u00e3o desses artistas e desfrutar da qualidade musical que tanto um grupo, quanto outro, pode oferecer para os amantes da m\u00fasica cl\u00e1ssica e dos instrumentos musicais.<\/p>\n<blockquote class=\"wp-embedded-content\" data-secret=\"WYL74Bm6XG\"><p><a href=\"https:\/\/www.sabra.org.br\/site\/dia-do-professor-2021\/\">Feliz Dia do Professor!<\/a><\/p><\/blockquote>\n<p><iframe class=\"wp-embedded-content\" sandbox=\"allow-scripts\" security=\"restricted\" style=\"position: absolute; visibility: hidden;\" title=\"&#8220;Feliz Dia do Professor!&#8221; &#8212; SABRA - Sociedade Art\u00edstica Brasileira\" src=\"https:\/\/www.sabra.org.br\/site\/dia-do-professor-2021\/embed\/#?secret=lBcRWDnrBg#?secret=WYL74Bm6XG\" data-secret=\"WYL74Bm6XG\" width=\"600\" height=\"338\" frameborder=\"0\" marginwidth=\"0\" marginheight=\"0\" scrolling=\"no\"><\/iframe><\/p>\n<hr \/>\n<h2>Se voc\u00ea gostou deste post:<\/h2>\n<p>&#8211; SIGA as nossas p\u00e1ginas nas redes sociais para acompanhar as nossas atualiza\u00e7\u00f5es: estamos no <a href=\"https:\/\/www.facebook.com\/sabrabrasil\" target=\"_blank\" rel=\"noopener\">Facebook<\/a>, no <a href=\"https:\/\/www.instagram.com\/sabrabrasil\/\" target=\"_blank\" rel=\"noopener\">Instagram<\/a>, no <a href=\"https:\/\/www.linkedin.com\/company\/25002088\" target=\"_blank\" rel=\"noopener\">LinkedIn<\/a>, no <a href=\"https:\/\/twitter.com\/ContatoSabra\" target=\"_blank\" rel=\"noopener\">Twitter<\/a> e no <a href=\"https:\/\/www.youtube.com\/channel\/UCJw-kbuEvzUNdeQf20Pa-eQ\" target=\"_blank\" rel=\"noopener\">YouTube<\/a>!<\/p>\n<p>&#8211; CONHE\u00c7A o trabalho da Sociedade Art\u00edstica Brasileira (SABRA) e todas as iniciativas culturais e sociais que ela mant\u00e9m. <a href=\"https:\/\/www.sabra.org.br\/site\/acoes\/\" target=\"_blank\" rel=\"noopener\">Acesse nosso site!<\/a><\/p>\n<p>&#8211; ENTRE EM CONTATO com a gente. E veja quais s\u00e3o as op\u00e7\u00f5es de ajuda na manuten\u00e7\u00e3o de nossas a\u00e7\u00f5es sociais e culturais. Basta acessar nossa p\u00e1gina <a href=\"https:\/\/www.sabra.org.br\/site\/doe-agora\/\" target=\"_blank\" rel=\"noopener\">Doe Agora!<\/a>[\/vc_column_text][\/vc_column][\/vc_row]<\/p>\n","protected":false},"excerpt":{"rendered":"<p>Voc\u00ea sabe a diferen\u00e7a entre orquestra sinf\u00f4nica e filarm\u00f4nica?<\/p>\n<p>Algum tempo atr\u00e1s, as caracter\u00edsticas que distinguiam esses dois grupos instrumentais eram relacionadas \u00e0s condi\u00e7\u00f5es dos m\u00fasicos. Hoje em dia, esse conceito mudou e a diferen\u00e7a principal entre orquestra sinf\u00f4nica e filarm\u00f4nica se baseia no modelo de financiamento em que cada uma se enquadra.<\/p>\n","protected":false},"author":39,"featured_media":3849,"comment_status":"closed","ping_status":"closed","sticky":false,"template":"","format":"standard","meta":{"jetpack_post_was_ever_published":false,"_jetpack_newsletter_access":"","_jetpack_dont_email_post_to_subs":false,"_jetpack_newsletter_tier_id":0,"_jetpack_memberships_contains_paywalled_content":false,"_jetpack_memberships_contains_paid_content":false,"footnotes":""},"categories":[1],"tags":[15,8,1285,16,3519,1286,11,9],"class_list":["post-3848","post","type-post","status-publish","format-standard","has-post-thumbnail","hentry","category-blog-sabra","tag-assistencia-social","tag-canto-coral","tag-escola-de-musica-sabra","tag-musicalizacao-infantil","tag-nova-lima-2","tag-orquestra-infanto-juvenil-de-betim","tag-orquestra-sinfonica-de-betim","tag-sociedade-artistica-brasileira"],"yoast_head":"<!-- This site is optimized with the Yoast SEO plugin v27.5 - https:\/\/yoast.com\/product\/yoast-seo-wordpress\/ -->\n<title>Voc\u00ea sabe a diferen\u00e7a entre orquestra sinf\u00f4nica e filarm\u00f4nica? - SABRA - Sociedade Art\u00edstica Brasileira<\/title>\n<meta name=\"description\" content=\"Algum tempo atr\u00e1s, as caracter\u00edsticas que distinguiam esses dois tipos de orquestra eram relacionadas \u00e0s condi\u00e7\u00f5es dos m\u00fasicos.\" \/>\n<meta name=\"robots\" content=\"index, follow, max-snippet:-1, max-image-preview:large, max-video-preview:-1\" \/>\n<link rel=\"canonical\" href=\"https:\/\/www.sabra.org.br\/site\/orquestra-2\/\" \/>\n<meta property=\"og:locale\" content=\"pt_BR\" \/>\n<meta property=\"og:type\" content=\"article\" \/>\n<meta property=\"og:title\" content=\"Voc\u00ea sabe a diferen\u00e7a entre orquestra sinf\u00f4nica e filarm\u00f4nica? - SABRA - Sociedade Art\u00edstica Brasileira\" \/>\n<meta property=\"og:description\" content=\"Algum tempo atr\u00e1s, as caracter\u00edsticas que distinguiam esses dois tipos de orquestra eram relacionadas \u00e0s condi\u00e7\u00f5es dos m\u00fasicos.\" \/>\n<meta property=\"og:url\" content=\"https:\/\/www.sabra.org.br\/site\/orquestra-2\/\" \/>\n<meta property=\"og:site_name\" content=\"SABRA - Sociedade Art\u00edstica Brasileira\" \/>\n<meta property=\"article:publisher\" content=\"https:\/\/www.facebook.com\/sabrabrasil\" \/>\n<meta property=\"article:published_time\" content=\"2021-04-29T12:23:22+00:00\" \/>\n<meta property=\"article:modified_time\" content=\"2025-04-18T15:11:15+00:00\" \/>\n<meta property=\"og:image\" content=\"https:\/\/www.sabra.org.br\/site\/wp-content\/uploads\/2021\/04\/voce-sabe-a-diferenca-entre-orquestra-sinfonica-e-filarmonica-20210203092956.jpg.jpg\" \/>\n\t<meta property=\"og:image:width\" content=\"800\" \/>\n\t<meta property=\"og:image:height\" content=\"534\" \/>\n\t<meta property=\"og:image:type\" content=\"image\/jpeg\" \/>\n<meta name=\"author\" content=\"M\u00e1rcio Miranda Pontes\" \/>\n<meta name=\"twitter:card\" content=\"summary_large_image\" \/>\n<meta name=\"twitter:creator\" content=\"@ContatoSabra\" \/>\n<meta name=\"twitter:site\" content=\"@ContatoSabra\" \/>\n<meta name=\"twitter:label1\" content=\"Escrito por\" \/>\n\t<meta name=\"twitter:data1\" content=\"M\u00e1rcio Miranda Pontes\" \/>\n\t<meta name=\"twitter:label2\" content=\"Est. tempo de leitura\" \/>\n\t<meta name=\"twitter:data2\" content=\"4 minutos\" \/>\n<script type=\"application\/ld+json\" class=\"yoast-schema-graph\">{\"@context\":\"https:\\\/\\\/schema.org\",\"@graph\":[{\"@type\":\"Article\",\"@id\":\"https:\\\/\\\/www.sabra.org.br\\\/site\\\/orquestra-2\\\/#article\",\"isPartOf\":{\"@id\":\"https:\\\/\\\/www.sabra.org.br\\\/site\\\/orquestra-2\\\/\"},\"author\":{\"name\":\"M\u00e1rcio Miranda Pontes\",\"@id\":\"https:\\\/\\\/www.sabra.org.br\\\/site\\\/#\\\/schema\\\/person\\\/7d1d222c3c8891d4c37c7b41bf6315c2\"},\"headline\":\"Voc\u00ea sabe a diferen\u00e7a entre orquestra sinf\u00f4nica e filarm\u00f4nica?\",\"datePublished\":\"2021-04-29T12:23:22+00:00\",\"dateModified\":\"2025-04-18T15:11:15+00:00\",\"mainEntityOfPage\":{\"@id\":\"https:\\\/\\\/www.sabra.org.br\\\/site\\\/orquestra-2\\\/\"},\"wordCount\":702,\"publisher\":{\"@id\":\"https:\\\/\\\/www.sabra.org.br\\\/site\\\/#organization\"},\"image\":{\"@id\":\"https:\\\/\\\/www.sabra.org.br\\\/site\\\/orquestra-2\\\/#primaryimage\"},\"thumbnailUrl\":\"https:\\\/\\\/www.sabra.org.br\\\/site\\\/wp-content\\\/uploads\\\/2021\\\/04\\\/voce-sabe-a-diferenca-entre-orquestra-sinfonica-e-filarmonica-20210203092956.jpg.jpg\",\"keywords\":[\"Assist\u00eancia social\",\"Canto Coral\",\"Escola de Musica SABRA\",\"Musicaliza\u00e7\u00e3o Infantil\",\"nova lima\",\"Orquestra Infanto Juvenil de Betim\",\"Orquestra Sinf\u00f4nica de Betim\",\"Sociedade Art\u00edstica Brasileira\"],\"articleSection\":[\"Blog SABRA\"],\"inLanguage\":\"pt-BR\"},{\"@type\":\"WebPage\",\"@id\":\"https:\\\/\\\/www.sabra.org.br\\\/site\\\/orquestra-2\\\/\",\"url\":\"https:\\\/\\\/www.sabra.org.br\\\/site\\\/orquestra-2\\\/\",\"name\":\"Voc\u00ea sabe a diferen\u00e7a entre orquestra sinf\u00f4nica e filarm\u00f4nica? - SABRA - Sociedade Art\u00edstica Brasileira\",\"isPartOf\":{\"@id\":\"https:\\\/\\\/www.sabra.org.br\\\/site\\\/#website\"},\"primaryImageOfPage\":{\"@id\":\"https:\\\/\\\/www.sabra.org.br\\\/site\\\/orquestra-2\\\/#primaryimage\"},\"image\":{\"@id\":\"https:\\\/\\\/www.sabra.org.br\\\/site\\\/orquestra-2\\\/#primaryimage\"},\"thumbnailUrl\":\"https:\\\/\\\/www.sabra.org.br\\\/site\\\/wp-content\\\/uploads\\\/2021\\\/04\\\/voce-sabe-a-diferenca-entre-orquestra-sinfonica-e-filarmonica-20210203092956.jpg.jpg\",\"datePublished\":\"2021-04-29T12:23:22+00:00\",\"dateModified\":\"2025-04-18T15:11:15+00:00\",\"description\":\"Algum tempo atr\u00e1s, as caracter\u00edsticas que distinguiam esses dois tipos de orquestra eram relacionadas \u00e0s condi\u00e7\u00f5es dos m\u00fasicos.\",\"breadcrumb\":{\"@id\":\"https:\\\/\\\/www.sabra.org.br\\\/site\\\/orquestra-2\\\/#breadcrumb\"},\"inLanguage\":\"pt-BR\",\"potentialAction\":[{\"@type\":\"ReadAction\",\"target\":[\"https:\\\/\\\/www.sabra.org.br\\\/site\\\/orquestra-2\\\/\"]}]},{\"@type\":\"ImageObject\",\"inLanguage\":\"pt-BR\",\"@id\":\"https:\\\/\\\/www.sabra.org.br\\\/site\\\/orquestra-2\\\/#primaryimage\",\"url\":\"https:\\\/\\\/www.sabra.org.br\\\/site\\\/wp-content\\\/uploads\\\/2021\\\/04\\\/voce-sabe-a-diferenca-entre-orquestra-sinfonica-e-filarmonica-20210203092956.jpg.jpg\",\"contentUrl\":\"https:\\\/\\\/www.sabra.org.br\\\/site\\\/wp-content\\\/uploads\\\/2021\\\/04\\\/voce-sabe-a-diferenca-entre-orquestra-sinfonica-e-filarmonica-20210203092956.jpg.jpg\",\"width\":800,\"height\":534,\"caption\":\"Sociedade Art\u00edstica Brasileira SABRA\"},{\"@type\":\"BreadcrumbList\",\"@id\":\"https:\\\/\\\/www.sabra.org.br\\\/site\\\/orquestra-2\\\/#breadcrumb\",\"itemListElement\":[{\"@type\":\"ListItem\",\"position\":1,\"name\":\"In\u00edcio\",\"item\":\"https:\\\/\\\/www.sabra.org.br\\\/site\\\/\"},{\"@type\":\"ListItem\",\"position\":2,\"name\":\"Voc\u00ea sabe a diferen\u00e7a entre orquestra sinf\u00f4nica e filarm\u00f4nica?\"}]},{\"@type\":\"WebSite\",\"@id\":\"https:\\\/\\\/www.sabra.org.br\\\/site\\\/#website\",\"url\":\"https:\\\/\\\/www.sabra.org.br\\\/site\\\/\",\"name\":\"SABRA - Sociedade Art\u00edstica Brasileira\",\"description\":\"Escola de M\u00fasica, Orquestra Sinf\u00f4nica, Coral e Patrim\u00f4nio Cultural e Hist\u00f3rico\",\"publisher\":{\"@id\":\"https:\\\/\\\/www.sabra.org.br\\\/site\\\/#organization\"},\"potentialAction\":[{\"@type\":\"SearchAction\",\"target\":{\"@type\":\"EntryPoint\",\"urlTemplate\":\"https:\\\/\\\/www.sabra.org.br\\\/site\\\/?s={search_term_string}\"},\"query-input\":{\"@type\":\"PropertyValueSpecification\",\"valueRequired\":true,\"valueName\":\"search_term_string\"}}],\"inLanguage\":\"pt-BR\"},{\"@type\":\"Organization\",\"@id\":\"https:\\\/\\\/www.sabra.org.br\\\/site\\\/#organization\",\"name\":\"SOCIEDADE ART\u00cdSTICA BRASILEIRA SABRA\",\"alternateName\":\"SABRA\",\"url\":\"https:\\\/\\\/www.sabra.org.br\\\/site\\\/\",\"logo\":{\"@type\":\"ImageObject\",\"inLanguage\":\"pt-BR\",\"@id\":\"https:\\\/\\\/www.sabra.org.br\\\/site\\\/#\\\/schema\\\/logo\\\/image\\\/\",\"url\":\"https:\\\/\\\/www.sabra.org.br\\\/site\\\/wp-content\\\/uploads\\\/2019\\\/06\\\/cropped-Logo_SABRA-Copia-1.webp\",\"contentUrl\":\"https:\\\/\\\/www.sabra.org.br\\\/site\\\/wp-content\\\/uploads\\\/2019\\\/06\\\/cropped-Logo_SABRA-Copia-1.webp\",\"width\":400,\"height\":128,\"caption\":\"SOCIEDADE ART\u00cdSTICA BRASILEIRA SABRA\"},\"image\":{\"@id\":\"https:\\\/\\\/www.sabra.org.br\\\/site\\\/#\\\/schema\\\/logo\\\/image\\\/\"},\"sameAs\":[\"https:\\\/\\\/www.facebook.com\\\/sabrabrasil\",\"https:\\\/\\\/x.com\\\/ContatoSabra\",\"https:\\\/\\\/www.instagram.com\\\/sabrabrasil\\\/\",\"https:\\\/\\\/www.linkedin.com\\\/company\\\/25002088\\\/\",\"https:\\\/\\\/br.pinterest.com\\\/sociedadeartisticabrasileira\\\/\",\"https:\\\/\\\/www.youtube.com\\\/c\\\/sabrabrasil\"]},{\"@type\":\"Person\",\"@id\":\"https:\\\/\\\/www.sabra.org.br\\\/site\\\/#\\\/schema\\\/person\\\/7d1d222c3c8891d4c37c7b41bf6315c2\",\"name\":\"M\u00e1rcio Miranda Pontes\",\"image\":{\"@type\":\"ImageObject\",\"inLanguage\":\"pt-BR\",\"@id\":\"https:\\\/\\\/secure.gravatar.com\\\/avatar\\\/3b45f24496a7625a3a6c436688fbe20344faaeb2979658dc4a9921f984d7df9a?s=96&d=mm&r=g\",\"url\":\"https:\\\/\\\/secure.gravatar.com\\\/avatar\\\/3b45f24496a7625a3a6c436688fbe20344faaeb2979658dc4a9921f984d7df9a?s=96&d=mm&r=g\",\"contentUrl\":\"https:\\\/\\\/secure.gravatar.com\\\/avatar\\\/3b45f24496a7625a3a6c436688fbe20344faaeb2979658dc4a9921f984d7df9a?s=96&d=mm&r=g\",\"caption\":\"M\u00e1rcio Miranda Pontes\"},\"sameAs\":[\"http:\\\/\\\/www.sabra.org.br\"],\"url\":\"https:\\\/\\\/www.sabra.org.br\\\/site\\\/author\\\/marcio-miranda-pontes\\\/\"}]}<\/script>\n<!-- \/ Yoast SEO plugin. -->","yoast_head_json":{"title":"Voc\u00ea sabe a diferen\u00e7a entre orquestra sinf\u00f4nica e filarm\u00f4nica? - SABRA - Sociedade Art\u00edstica Brasileira","description":"Algum tempo atr\u00e1s, as caracter\u00edsticas que distinguiam esses dois tipos de orquestra eram relacionadas \u00e0s condi\u00e7\u00f5es dos m\u00fasicos.","robots":{"index":"index","follow":"follow","max-snippet":"max-snippet:-1","max-image-preview":"max-image-preview:large","max-video-preview":"max-video-preview:-1"},"canonical":"https:\/\/www.sabra.org.br\/site\/orquestra-2\/","og_locale":"pt_BR","og_type":"article","og_title":"Voc\u00ea sabe a diferen\u00e7a entre orquestra sinf\u00f4nica e filarm\u00f4nica? - SABRA - Sociedade Art\u00edstica Brasileira","og_description":"Algum tempo atr\u00e1s, as caracter\u00edsticas que distinguiam esses dois tipos de orquestra eram relacionadas \u00e0s condi\u00e7\u00f5es dos m\u00fasicos.","og_url":"https:\/\/www.sabra.org.br\/site\/orquestra-2\/","og_site_name":"SABRA - Sociedade Art\u00edstica Brasileira","article_publisher":"https:\/\/www.facebook.com\/sabrabrasil","article_published_time":"2021-04-29T12:23:22+00:00","article_modified_time":"2025-04-18T15:11:15+00:00","og_image":[{"width":800,"height":534,"url":"https:\/\/www.sabra.org.br\/site\/wp-content\/uploads\/2021\/04\/voce-sabe-a-diferenca-entre-orquestra-sinfonica-e-filarmonica-20210203092956.jpg.jpg","type":"image\/jpeg"}],"author":"M\u00e1rcio Miranda Pontes","twitter_card":"summary_large_image","twitter_creator":"@ContatoSabra","twitter_site":"@ContatoSabra","twitter_misc":{"Escrito por":"M\u00e1rcio Miranda Pontes","Est. tempo de leitura":"4 minutos"},"schema":{"@context":"https:\/\/schema.org","@graph":[{"@type":"Article","@id":"https:\/\/www.sabra.org.br\/site\/orquestra-2\/#article","isPartOf":{"@id":"https:\/\/www.sabra.org.br\/site\/orquestra-2\/"},"author":{"name":"M\u00e1rcio Miranda Pontes","@id":"https:\/\/www.sabra.org.br\/site\/#\/schema\/person\/7d1d222c3c8891d4c37c7b41bf6315c2"},"headline":"Voc\u00ea sabe a diferen\u00e7a entre orquestra sinf\u00f4nica e filarm\u00f4nica?","datePublished":"2021-04-29T12:23:22+00:00","dateModified":"2025-04-18T15:11:15+00:00","mainEntityOfPage":{"@id":"https:\/\/www.sabra.org.br\/site\/orquestra-2\/"},"wordCount":702,"publisher":{"@id":"https:\/\/www.sabra.org.br\/site\/#organization"},"image":{"@id":"https:\/\/www.sabra.org.br\/site\/orquestra-2\/#primaryimage"},"thumbnailUrl":"https:\/\/www.sabra.org.br\/site\/wp-content\/uploads\/2021\/04\/voce-sabe-a-diferenca-entre-orquestra-sinfonica-e-filarmonica-20210203092956.jpg.jpg","keywords":["Assist\u00eancia social","Canto Coral","Escola de Musica SABRA","Musicaliza\u00e7\u00e3o Infantil","nova lima","Orquestra Infanto Juvenil de Betim","Orquestra Sinf\u00f4nica de Betim","Sociedade Art\u00edstica Brasileira"],"articleSection":["Blog SABRA"],"inLanguage":"pt-BR"},{"@type":"WebPage","@id":"https:\/\/www.sabra.org.br\/site\/orquestra-2\/","url":"https:\/\/www.sabra.org.br\/site\/orquestra-2\/","name":"Voc\u00ea sabe a diferen\u00e7a entre orquestra sinf\u00f4nica e filarm\u00f4nica? - SABRA - Sociedade Art\u00edstica Brasileira","isPartOf":{"@id":"https:\/\/www.sabra.org.br\/site\/#website"},"primaryImageOfPage":{"@id":"https:\/\/www.sabra.org.br\/site\/orquestra-2\/#primaryimage"},"image":{"@id":"https:\/\/www.sabra.org.br\/site\/orquestra-2\/#primaryimage"},"thumbnailUrl":"https:\/\/www.sabra.org.br\/site\/wp-content\/uploads\/2021\/04\/voce-sabe-a-diferenca-entre-orquestra-sinfonica-e-filarmonica-20210203092956.jpg.jpg","datePublished":"2021-04-29T12:23:22+00:00","dateModified":"2025-04-18T15:11:15+00:00","description":"Algum tempo atr\u00e1s, as caracter\u00edsticas que distinguiam esses dois tipos de orquestra eram relacionadas \u00e0s condi\u00e7\u00f5es dos m\u00fasicos.","breadcrumb":{"@id":"https:\/\/www.sabra.org.br\/site\/orquestra-2\/#breadcrumb"},"inLanguage":"pt-BR","potentialAction":[{"@type":"ReadAction","target":["https:\/\/www.sabra.org.br\/site\/orquestra-2\/"]}]},{"@type":"ImageObject","inLanguage":"pt-BR","@id":"https:\/\/www.sabra.org.br\/site\/orquestra-2\/#primaryimage","url":"https:\/\/www.sabra.org.br\/site\/wp-content\/uploads\/2021\/04\/voce-sabe-a-diferenca-entre-orquestra-sinfonica-e-filarmonica-20210203092956.jpg.jpg","contentUrl":"https:\/\/www.sabra.org.br\/site\/wp-content\/uploads\/2021\/04\/voce-sabe-a-diferenca-entre-orquestra-sinfonica-e-filarmonica-20210203092956.jpg.jpg","width":800,"height":534,"caption":"Sociedade Art\u00edstica Brasileira SABRA"},{"@type":"BreadcrumbList","@id":"https:\/\/www.sabra.org.br\/site\/orquestra-2\/#breadcrumb","itemListElement":[{"@type":"ListItem","position":1,"name":"In\u00edcio","item":"https:\/\/www.sabra.org.br\/site\/"},{"@type":"ListItem","position":2,"name":"Voc\u00ea sabe a diferen\u00e7a entre orquestra sinf\u00f4nica e filarm\u00f4nica?"}]},{"@type":"WebSite","@id":"https:\/\/www.sabra.org.br\/site\/#website","url":"https:\/\/www.sabra.org.br\/site\/","name":"SABRA - Sociedade Art\u00edstica Brasileira","description":"Escola de M\u00fasica, Orquestra Sinf\u00f4nica, Coral e Patrim\u00f4nio Cultural e Hist\u00f3rico","publisher":{"@id":"https:\/\/www.sabra.org.br\/site\/#organization"},"potentialAction":[{"@type":"SearchAction","target":{"@type":"EntryPoint","urlTemplate":"https:\/\/www.sabra.org.br\/site\/?s={search_term_string}"},"query-input":{"@type":"PropertyValueSpecification","valueRequired":true,"valueName":"search_term_string"}}],"inLanguage":"pt-BR"},{"@type":"Organization","@id":"https:\/\/www.sabra.org.br\/site\/#organization","name":"SOCIEDADE ART\u00cdSTICA BRASILEIRA SABRA","alternateName":"SABRA","url":"https:\/\/www.sabra.org.br\/site\/","logo":{"@type":"ImageObject","inLanguage":"pt-BR","@id":"https:\/\/www.sabra.org.br\/site\/#\/schema\/logo\/image\/","url":"https:\/\/www.sabra.org.br\/site\/wp-content\/uploads\/2019\/06\/cropped-Logo_SABRA-Copia-1.webp","contentUrl":"https:\/\/www.sabra.org.br\/site\/wp-content\/uploads\/2019\/06\/cropped-Logo_SABRA-Copia-1.webp","width":400,"height":128,"caption":"SOCIEDADE ART\u00cdSTICA BRASILEIRA SABRA"},"image":{"@id":"https:\/\/www.sabra.org.br\/site\/#\/schema\/logo\/image\/"},"sameAs":["https:\/\/www.facebook.com\/sabrabrasil","https:\/\/x.com\/ContatoSabra","https:\/\/www.instagram.com\/sabrabrasil\/","https:\/\/www.linkedin.com\/company\/25002088\/","https:\/\/br.pinterest.com\/sociedadeartisticabrasileira\/","https:\/\/www.youtube.com\/c\/sabrabrasil"]},{"@type":"Person","@id":"https:\/\/www.sabra.org.br\/site\/#\/schema\/person\/7d1d222c3c8891d4c37c7b41bf6315c2","name":"M\u00e1rcio Miranda Pontes","image":{"@type":"ImageObject","inLanguage":"pt-BR","@id":"https:\/\/secure.gravatar.com\/avatar\/3b45f24496a7625a3a6c436688fbe20344faaeb2979658dc4a9921f984d7df9a?s=96&d=mm&r=g","url":"https:\/\/secure.gravatar.com\/avatar\/3b45f24496a7625a3a6c436688fbe20344faaeb2979658dc4a9921f984d7df9a?s=96&d=mm&r=g","contentUrl":"https:\/\/secure.gravatar.com\/avatar\/3b45f24496a7625a3a6c436688fbe20344faaeb2979658dc4a9921f984d7df9a?s=96&d=mm&r=g","caption":"M\u00e1rcio Miranda Pontes"},"sameAs":["http:\/\/www.sabra.org.br"],"url":"https:\/\/www.sabra.org.br\/site\/author\/marcio-miranda-pontes\/"}]}},"jetpack_featured_media_url":"https:\/\/www.sabra.org.br\/site\/wp-content\/uploads\/2021\/04\/voce-sabe-a-diferenca-entre-orquestra-sinfonica-e-filarmonica-20210203092956.jpg.jpg","jetpack_shortlink":"https:\/\/wp.me\/p95j2Z-104","jetpack-related-posts":[{"id":6987,"url":"https:\/\/www.sabra.org.br\/site\/orquestra-sinfonica-filarmonica-camara\/","url_meta":{"origin":3848,"position":0},"title":"Qual a diferen\u00e7a entre orquestra sinf\u00f4nica, filarm\u00f4nica e de c\u00e2mara?","author":"M\u00e1rcio Miranda Pontes","date":"28 de abril de 2023","format":false,"excerpt":"Se voc\u00ea gosta de m\u00fasica cl\u00e1ssica, mas tem dificuldade para entender as diferen\u00e7as entre orquestra sinf\u00f4nica, filarm\u00f4nica e de c\u00e2mara, precisa ler o artigo de hoje para tirar suas d\u00favidas!","rel":"","context":"Em &quot;Blog SABRA&quot;","block_context":{"text":"Blog SABRA","link":"https:\/\/www.sabra.org.br\/site\/category\/blog-sabra\/"},"img":{"alt_text":"orquestra-m\u00fasica-filarm\u00f4nica-instrumentista-sinf\u00f4nica-c\u00e2mara","src":"https:\/\/i0.wp.com\/www.sabra.org.br\/site\/wp-content\/uploads\/2023\/04\/qual-a-diferenca-entre-orquestra-sinfonica-filarmonica-e-de-camara-20171219145022.jpg.jpg?resize=350%2C200&ssl=1","width":350,"height":200,"srcset":"https:\/\/i0.wp.com\/www.sabra.org.br\/site\/wp-content\/uploads\/2023\/04\/qual-a-diferenca-entre-orquestra-sinfonica-filarmonica-e-de-camara-20171219145022.jpg.jpg?resize=350%2C200&ssl=1 1x, https:\/\/i0.wp.com\/www.sabra.org.br\/site\/wp-content\/uploads\/2023\/04\/qual-a-diferenca-entre-orquestra-sinfonica-filarmonica-e-de-camara-20171219145022.jpg.jpg?resize=525%2C300&ssl=1 1.5x, https:\/\/i0.wp.com\/www.sabra.org.br\/site\/wp-content\/uploads\/2023\/04\/qual-a-diferenca-entre-orquestra-sinfonica-filarmonica-e-de-camara-20171219145022.jpg.jpg?resize=700%2C400&ssl=1 2x, https:\/\/i0.wp.com\/www.sabra.org.br\/site\/wp-content\/uploads\/2023\/04\/qual-a-diferenca-entre-orquestra-sinfonica-filarmonica-e-de-camara-20171219145022.jpg.jpg?resize=1050%2C600&ssl=1 3x, https:\/\/i0.wp.com\/www.sabra.org.br\/site\/wp-content\/uploads\/2023\/04\/qual-a-diferenca-entre-orquestra-sinfonica-filarmonica-e-de-camara-20171219145022.jpg.jpg?resize=1400%2C800&ssl=1 4x"},"classes":[]},{"id":3889,"url":"https:\/\/www.sabra.org.br\/site\/tipos-orquestras\/","url_meta":{"origin":3848,"position":1},"title":"Saiba quais s\u00e3o os tipos de orquestra que existem","author":"M\u00e1rcio Miranda Pontes","date":"14 de maio de 2021","format":false,"excerpt":"Saiba quais s\u00e3o os tipos de orquestra que existem As orquestras s\u00e3o manifesta\u00e7\u00f5es culturais que causam emo\u00e7\u00f5es fortes, possui uma longa hist\u00f3ria por todas as sociedades que j\u00e1 passou, mas voc\u00ea sabe os tipos de orquestras que existem? Confira aqui.","rel":"","context":"Em &quot;Blog SABRA&quot;","block_context":{"text":"Blog SABRA","link":"https:\/\/www.sabra.org.br\/site\/category\/blog-sabra\/"},"img":{"alt_text":"orquestra-m\u00fasica-tipo","src":"https:\/\/i0.wp.com\/www.sabra.org.br\/site\/wp-content\/uploads\/2021\/05\/saiba-quais-sao-os-tipos-de-orquestra-existem-20210203092956.jpg.jpg?resize=350%2C200&ssl=1","width":350,"height":200,"srcset":"https:\/\/i0.wp.com\/www.sabra.org.br\/site\/wp-content\/uploads\/2021\/05\/saiba-quais-sao-os-tipos-de-orquestra-existem-20210203092956.jpg.jpg?resize=350%2C200&ssl=1 1x, https:\/\/i0.wp.com\/www.sabra.org.br\/site\/wp-content\/uploads\/2021\/05\/saiba-quais-sao-os-tipos-de-orquestra-existem-20210203092956.jpg.jpg?resize=525%2C300&ssl=1 1.5x, https:\/\/i0.wp.com\/www.sabra.org.br\/site\/wp-content\/uploads\/2021\/05\/saiba-quais-sao-os-tipos-de-orquestra-existem-20210203092956.jpg.jpg?resize=700%2C400&ssl=1 2x"},"classes":[]},{"id":1471,"url":"https:\/\/www.sabra.org.br\/site\/orquestra-sinfonica-o-que-e\/","url_meta":{"origin":3848,"position":2},"title":"Orquestra Sinf\u00f4nica &#8211; O que \u00e9?","author":"M\u00e1rcio Miranda Pontes","date":"5 de setembro de 2018","format":false,"excerpt":"A maioria das pessoas compreende que uma orquestra \u00e9 constitu\u00edda por um grupo de m\u00fasicos executando obras em diferentes instrumentos. O conceito parece relativamente simples, mas voc\u00ea j\u00e1 se perguntou quantos devem compor esse conjunto t\u00e3o caracter\u00edstico? Ou mesmo quais instrumentos devem estar presentes para o perfeito equil\u00edbrio art\u00edstico e\u2026","rel":"","context":"Em &quot;Blog SABRA&quot;","block_context":{"text":"Blog SABRA","link":"https:\/\/www.sabra.org.br\/site\/category\/blog-sabra\/"},"img":{"alt_text":"Orquestra Sinf\u00f4nica","src":"https:\/\/i0.wp.com\/www.sabra.org.br\/site\/wp-content\/uploads\/2018\/09\/o-que-e-uma-orquestra-sinfonica-20180702161300.jpg.jpg?resize=350%2C200&ssl=1","width":350,"height":200,"srcset":"https:\/\/i0.wp.com\/www.sabra.org.br\/site\/wp-content\/uploads\/2018\/09\/o-que-e-uma-orquestra-sinfonica-20180702161300.jpg.jpg?resize=350%2C200&ssl=1 1x, https:\/\/i0.wp.com\/www.sabra.org.br\/site\/wp-content\/uploads\/2018\/09\/o-que-e-uma-orquestra-sinfonica-20180702161300.jpg.jpg?resize=525%2C300&ssl=1 1.5x, https:\/\/i0.wp.com\/www.sabra.org.br\/site\/wp-content\/uploads\/2018\/09\/o-que-e-uma-orquestra-sinfonica-20180702161300.jpg.jpg?resize=700%2C400&ssl=1 2x, https:\/\/i0.wp.com\/www.sabra.org.br\/site\/wp-content\/uploads\/2018\/09\/o-que-e-uma-orquestra-sinfonica-20180702161300.jpg.jpg?resize=1050%2C600&ssl=1 3x, https:\/\/i0.wp.com\/www.sabra.org.br\/site\/wp-content\/uploads\/2018\/09\/o-que-e-uma-orquestra-sinfonica-20180702161300.jpg.jpg?resize=1400%2C800&ssl=1 4x"},"classes":[]},{"id":5034,"url":"https:\/\/www.sabra.org.br\/site\/orquestra-sinfonica\/","url_meta":{"origin":3848,"position":3},"title":"Como uma orquestra sinf\u00f4nica \u00e9 organizada?","author":"M\u00e1rcio Miranda Pontes","date":"3 de maio de 2022","format":false,"excerpt":"Leia hoje mesmo este artigo e descubra como funciona a organiza\u00e7\u00e3o de uma orquestra sinf\u00f4nica e veja se ela \u00e9 a \u00fanica existente ou se existem outros tipos. N\u00e3o perca!","rel":"","context":"Em &quot;Blog SABRA&quot;","block_context":{"text":"Blog SABRA","link":"https:\/\/www.sabra.org.br\/site\/category\/blog-sabra\/"},"img":{"alt_text":"orquestras-sinf\u00f4nica- m\u00fasicos-estrutura","src":"https:\/\/i0.wp.com\/www.sabra.org.br\/site\/wp-content\/uploads\/2022\/05\/como-uma-orquestra-sinfonica-e-organizada-20210723092324.jpg.jpg?resize=350%2C200&ssl=1","width":350,"height":200,"srcset":"https:\/\/i0.wp.com\/www.sabra.org.br\/site\/wp-content\/uploads\/2022\/05\/como-uma-orquestra-sinfonica-e-organizada-20210723092324.jpg.jpg?resize=350%2C200&ssl=1 1x, https:\/\/i0.wp.com\/www.sabra.org.br\/site\/wp-content\/uploads\/2022\/05\/como-uma-orquestra-sinfonica-e-organizada-20210723092324.jpg.jpg?resize=525%2C300&ssl=1 1.5x, https:\/\/i0.wp.com\/www.sabra.org.br\/site\/wp-content\/uploads\/2022\/05\/como-uma-orquestra-sinfonica-e-organizada-20210723092324.jpg.jpg?resize=700%2C400&ssl=1 2x"},"classes":[]},{"id":3868,"url":"https:\/\/www.sabra.org.br\/site\/orquestra-3\/","url_meta":{"origin":3848,"position":4},"title":"Entenda como \u00e9 feita a forma\u00e7\u00e3o de uma orquestra","author":"M\u00e1rcio Miranda Pontes","date":"10 de maio de 2021","format":false,"excerpt":"Entenda como \u00e9 feita a forma\u00e7\u00e3o de uma orquestra Com s\u00e9culos de exist\u00eancia, as orquestras passaram por v\u00e1rias transforma\u00e7\u00f5es at\u00e9 chegar no formato que conhecemos hoje, com cerca de 100 m\u00fasicos, que ficam dispostos de maneira padronizada em todo o mundo. Leia o post e entenda.","rel":"","context":"Em &quot;Blog SABRA&quot;","block_context":{"text":"Blog SABRA","link":"https:\/\/www.sabra.org.br\/site\/category\/blog-sabra\/"},"img":{"alt_text":"orquestra","src":"https:\/\/i0.wp.com\/www.sabra.org.br\/site\/wp-content\/uploads\/2021\/05\/entenda-como-e-feita-a-formacao-de-uma-orquestra-20210203092956.jpg.jpg?resize=350%2C200&ssl=1","width":350,"height":200,"srcset":"https:\/\/i0.wp.com\/www.sabra.org.br\/site\/wp-content\/uploads\/2021\/05\/entenda-como-e-feita-a-formacao-de-uma-orquestra-20210203092956.jpg.jpg?resize=350%2C200&ssl=1 1x, https:\/\/i0.wp.com\/www.sabra.org.br\/site\/wp-content\/uploads\/2021\/05\/entenda-como-e-feita-a-formacao-de-uma-orquestra-20210203092956.jpg.jpg?resize=525%2C300&ssl=1 1.5x, https:\/\/i0.wp.com\/www.sabra.org.br\/site\/wp-content\/uploads\/2021\/05\/entenda-como-e-feita-a-formacao-de-uma-orquestra-20210203092956.jpg.jpg?resize=700%2C400&ssl=1 2x"},"classes":[]},{"id":1462,"url":"https:\/\/www.sabra.org.br\/site\/orquestra-sinfonica-conheca-famosas\/","url_meta":{"origin":3848,"position":5},"title":"Orquestras Sinf\u00f4nicas &#8211; conhe\u00e7a as melhores","author":"M\u00e1rcio Miranda Pontes","date":"31 de agosto de 2018","format":false,"excerpt":"No mundo todo h\u00e1 Orquestras Sinf\u00f4nicas de alt\u00edssimo n\u00edvel de qualidade e excel\u00eancia na execu\u00e7\u00e3o de sons de diversas escolas musicais. Recentemente, o tradicional selo brit\u00e2nico, Gramophone, come\u00e7ou a montar um ranking para classificar as melhores Orquestras Sinf\u00f4nicas do mundo. Nos crit\u00e9rios do ranking mundial est\u00e1 a qualidade individual dos\u2026","rel":"","context":"Em &quot;Blog SABRA&quot;","block_context":{"text":"Blog SABRA","link":"https:\/\/www.sabra.org.br\/site\/category\/blog-sabra\/"},"img":{"alt_text":"Orquestra Sinf\u00f4nica","src":"https:\/\/i0.wp.com\/www.sabra.org.br\/site\/wp-content\/uploads\/2018\/08\/conheca-as-melhores-orquestras-sinfonicas-dos-mundo-20180702161300.jpg.jpg?resize=350%2C200&ssl=1","width":350,"height":200,"srcset":"https:\/\/i0.wp.com\/www.sabra.org.br\/site\/wp-content\/uploads\/2018\/08\/conheca-as-melhores-orquestras-sinfonicas-dos-mundo-20180702161300.jpg.jpg?resize=350%2C200&ssl=1 1x, https:\/\/i0.wp.com\/www.sabra.org.br\/site\/wp-content\/uploads\/2018\/08\/conheca-as-melhores-orquestras-sinfonicas-dos-mundo-20180702161300.jpg.jpg?resize=525%2C300&ssl=1 1.5x, https:\/\/i0.wp.com\/www.sabra.org.br\/site\/wp-content\/uploads\/2018\/08\/conheca-as-melhores-orquestras-sinfonicas-dos-mundo-20180702161300.jpg.jpg?resize=700%2C400&ssl=1 2x"},"classes":[]}],"jetpack_likes_enabled":true,"jetpack_sharing_enabled":true,"_links":{"self":[{"href":"https:\/\/www.sabra.org.br\/site\/wp-json\/wp\/v2\/posts\/3848","targetHints":{"allow":["GET"]}}],"collection":[{"href":"https:\/\/www.sabra.org.br\/site\/wp-json\/wp\/v2\/posts"}],"about":[{"href":"https:\/\/www.sabra.org.br\/site\/wp-json\/wp\/v2\/types\/post"}],"author":[{"embeddable":true,"href":"https:\/\/www.sabra.org.br\/site\/wp-json\/wp\/v2\/users\/39"}],"replies":[{"embeddable":true,"href":"https:\/\/www.sabra.org.br\/site\/wp-json\/wp\/v2\/comments?post=3848"}],"version-history":[{"count":0,"href":"https:\/\/www.sabra.org.br\/site\/wp-json\/wp\/v2\/posts\/3848\/revisions"}],"wp:featuredmedia":[{"embeddable":true,"href":"https:\/\/www.sabra.org.br\/site\/wp-json\/wp\/v2\/media\/3849"}],"wp:attachment":[{"href":"https:\/\/www.sabra.org.br\/site\/wp-json\/wp\/v2\/media?parent=3848"}],"wp:term":[{"taxonomy":"category","embeddable":true,"href":"https:\/\/www.sabra.org.br\/site\/wp-json\/wp\/v2\/categories?post=3848"},{"taxonomy":"post_tag","embeddable":true,"href":"https:\/\/www.sabra.org.br\/site\/wp-json\/wp\/v2\/tags?post=3848"}],"curies":[{"name":"wp","href":"https:\/\/api.w.org\/{rel}","templated":true}]}}