{"id":3876,"date":"2021-05-12T09:01:50","date_gmt":"2021-05-12T12:01:50","guid":{"rendered":"https:\/\/www.sabra.org.br\/site\/?p=3876"},"modified":"2021-05-12T09:01:50","modified_gmt":"2021-05-12T12:01:50","slug":"musicos-2","status":"publish","type":"post","link":"https:\/\/www.sabra.org.br\/site\/musicos-2\/","title":{"rendered":"Como a internet ajudou os m\u00fasicos em tempos de pandemia"},"content":{"rendered":"<p>[vc_row][vc_column][vc_column_text]Desde que a pandemia mudou a rotina do pa\u00eds, em mar\u00e7o de 2020, uma das classes mais afetadas foi a dos m\u00fasicos.<\/p>\n<p>Artistas e bandas costumam ir at\u00e9 o p\u00fablico para fazer suas apresenta\u00e7\u00f5es em bares, casas noturnas, restaurantes e festivais de m\u00fasica. Ou seja, locais com aglomera\u00e7\u00f5es, o que foi proibido para evitar o cont\u00e1gio do coronav\u00edrus.<\/p>\n<p>Ap\u00f3s quase um ano de pandemia, os m\u00fasicos encontraram na internet e nas redes sociais o apoio para passar esse per\u00edodo t\u00e3o dif\u00edcil. \u00c9 sobre esse tema que vamos falar a seguir. Confira!<\/p>\n<h2>M\u00fasicos em tempos de pandemia e o papel da internet<\/h2>\n<p>No auge da quarentena, o Brasil viu o crescimento das lives nas redes sociais, como Instagram e Facebook. Foi a ferramenta encontrada por m\u00fasicos e artistas em geral para continuarem levando alegria em um per\u00edodo t\u00e3o complicado para todos.<\/p>\n<p>Alguns m\u00fasicos optaram para arrecadar doa\u00e7\u00f5es para ajudarem fam\u00edlias carentes, outros apenas fizerem uma apresenta\u00e7\u00e3o gratuita com o intuito de se conectarem com os f\u00e3s.<\/p>\n<p>Enfim, o que vimos foi o crescimento das lives em 70% durante a pandemia. Isso mostrou a import\u00e2ncia da internet e das redes sociais para que m\u00fasicos continuassem produzindo e compartilhando seus trabalhos.<\/p>\n<p>O Instagram se destacou como a ferramenta mais utilizada para a transmiss\u00e3o das lives. A rede social \u00e9 uma das plataformas de comunica\u00e7\u00e3o mais eficientes para quem precisa montar uma vitrine e se conectar com o p\u00fablico.<\/p>\n<p>Estima-se que a m\u00e9dia de acesso por dia no Instagram seja de aproximadamente 28 minutos. Ou seja, durante esse tempo, pessoas e poss\u00edveis f\u00e3s podem entrar em contato com a uma composi\u00e7\u00e3o, ajudando assim a alavancar o trabalho de um m\u00fasico.<\/p>\n<h2>Doa\u00e7\u00f5es via QR Code<\/h2>\n<p>Aliado \u00e0 internet e \u00e0s redes sociais, outros recursos tecnol\u00f3gicos foram essenciais para os m\u00fasicos durante a pandemia. Alguns artistas fizeram grandes eventos ao vivo e utilizaram a tecnologia do QR Code para receberem doa\u00e7\u00f5es.<\/p>\n<p>Por conta da proibi\u00e7\u00e3o de shows e apresenta\u00e7\u00f5es ao vivo em bares e restaurantes, a realiza\u00e7\u00e3o das lives foi uma alternativa para que os profissionais conseguissem se manter durante o isolamento social.<\/p>\n<p>\u00c9 importante ressaltar que a pandemia ainda n\u00e3o acabou e muitos m\u00fasicos continuam sem poder tocar na noite, assim como os grandes eventos e concertos ainda est\u00e3o sem prazo para retornar.<\/p>\n<p>\u00c9 a\u00ed que entra a internet como uma aliada na rotina dos m\u00fasicos. Inclusive, alguns festivais foram criados para serem transmitidos de forma online. \u00c9 o momento dos m\u00fasicos fortalecerem a sua presen\u00e7a digital, atrav\u00e9s de um canal no YouTube e compartilhamento de conte\u00fado nas redes sociais.<\/p>\n<p>Cada uma dessas ferramentas oferece formas de monetiza\u00e7\u00e3o, sendo excelentes ferramentas para m\u00fasicos irem al\u00e9m e conseguirem faturar com atividades que n\u00e3o se restringem aos shows.<\/p>\n<blockquote class=\"wp-embedded-content\" data-secret=\"iHusO16Sgm\"><p><a href=\"https:\/\/www.sabra.org.br\/site\/profissional-da-arte-e-isolamento-social\/\">Profissional da Arte e isolamento social<\/a><\/p><\/blockquote>\n<p><iframe class=\"wp-embedded-content\" sandbox=\"allow-scripts\" security=\"restricted\" style=\"position: absolute; visibility: hidden;\" title=\"&#8220;Profissional da Arte e isolamento social&#8221; &#8212; SABRA - Sociedade Art\u00edstica Brasileira\" src=\"https:\/\/www.sabra.org.br\/site\/profissional-da-arte-e-isolamento-social\/embed\/#?secret=l1Ymc9WHtM#?secret=iHusO16Sgm\" data-secret=\"iHusO16Sgm\" width=\"600\" height=\"338\" frameborder=\"0\" marginwidth=\"0\" marginheight=\"0\" scrolling=\"no\"><\/iframe><\/p>\n<h2>Dicas para m\u00fasicos fortalecerem sua presen\u00e7a nas redes sociais<\/h2>\n<p>1 \u2013 \u00c9 hora de perder a vergonha e mostrar a sua m\u00fasica na internet. Crie perfil no Instagram, canal no YouTube e compartilhe conte\u00fado e mostre um pouco da sua rotina de ensaios em casa;<\/p>\n<p>2 \u2013 Fa\u00e7a boas imagens e v\u00eddeos falando sobre a sua rela\u00e7\u00e3o com a m\u00fasica, inspira\u00e7\u00f5es e d\u00ea dicas para quem quer aprender a tocar algum instrumento;<\/p>\n<p>3 \u2013 Interaja com as pessoas! Isso \u00e9 muito importante, cada novo seguidor pode se tornar um grande f\u00e3 do seu trabalho e a internet ajuda a estreitar as rela\u00e7\u00f5es entre p\u00fablico e produtos de conte\u00fado;<\/p>\n<p>Gostou do artigo? Aproveite para ler outros conte\u00fados em nosso blog!<\/p>\n<hr \/>\n<h2>Se voc\u00ea gostou deste post:<\/h2>\n<p>&#8211; SIGA as nossas p\u00e1ginas nas redes sociais para acompanhar as nossas atualiza\u00e7\u00f5es: estamos no <a href=\"https:\/\/www.facebook.com\/sabrabrasil\" target=\"_blank\" rel=\"noopener\">Facebook<\/a>, no <a href=\"https:\/\/www.instagram.com\/sabrabrasil\/\" target=\"_blank\" rel=\"noopener\">Instagram<\/a>, no <a href=\"https:\/\/www.linkedin.com\/company\/25002088\" target=\"_blank\" rel=\"noopener\">LinkedIn<\/a>, no <a href=\"https:\/\/twitter.com\/ContatoSabra\" target=\"_blank\" rel=\"noopener\">Twitter<\/a> e no <a href=\"https:\/\/www.youtube.com\/channel\/UCJw-kbuEvzUNdeQf20Pa-eQ\" target=\"_blank\" rel=\"noopener\">YouTube<\/a>!<\/p>\n<p>&#8211; CONHE\u00c7A o trabalho da Sociedade Art\u00edstica Brasileira (SABRA) e todas as iniciativas culturais e sociais que ela mant\u00e9m. <a href=\"https:\/\/www.sabra.org.br\/site\/acoes\/\" target=\"_blank\" rel=\"noopener\">Acesse nosso site!<\/a><\/p>\n<p>&#8211; ENTRE EM CONTATO com a gente. E veja quais s\u00e3o as op\u00e7\u00f5es de ajuda na manuten\u00e7\u00e3o de nossas a\u00e7\u00f5es sociais e culturais. Basta acessar nossa p\u00e1gina <a href=\"https:\/\/www.sabra.org.br\/site\/doe-agora\/\" target=\"_blank\" rel=\"noopener\">Doe Agora!<\/a><\/p>\n<p>&#8211; COMPARTILHE este texto nas suas redes sociais e ajude os seus amigos a tamb\u00e9m dominarem o assunto![\/vc_column_text][\/vc_column][\/vc_row]<\/p>\n","protected":false},"excerpt":{"rendered":"<p>Como a Internet ajudou os m\u00fasicos em tempos de pandemia<\/p>\n<p>Veja como a internet ajudou os m\u00fasicos em tempos de pandemia! Separamos tamb\u00e9m algumas dicas para m\u00fasicos fortalecerem a sua presen\u00e7a na internet e melhorar a comunica\u00e7\u00e3o com os f\u00e3s.<\/p>\n","protected":false},"author":39,"featured_media":3877,"comment_status":"closed","ping_status":"closed","sticky":false,"template":"","format":"standard","meta":{"jetpack_post_was_ever_published":false,"_jetpack_newsletter_access":"","_jetpack_dont_email_post_to_subs":false,"_jetpack_newsletter_tier_id":0,"_jetpack_memberships_contains_paywalled_content":false,"_jetpack_memberships_contains_paid_content":false,"footnotes":""},"categories":[1],"tags":[15,8,1285,16,3519,1286,11,9],"class_list":["post-3876","post","type-post","status-publish","format-standard","has-post-thumbnail","hentry","category-blog-sabra","tag-assistencia-social","tag-canto-coral","tag-escola-de-musica-sabra","tag-musicalizacao-infantil","tag-nova-lima-2","tag-orquestra-infanto-juvenil-de-betim","tag-orquestra-sinfonica-de-betim","tag-sociedade-artistica-brasileira"],"yoast_head":"<!-- This site is optimized with the Yoast SEO plugin v27.5 - https:\/\/yoast.com\/product\/yoast-seo-wordpress\/ -->\n<title>Como a internet ajudou os m\u00fasicos em tempos de pandemia - SABRA - Sociedade Art\u00edstica Brasileira<\/title>\n<meta name=\"robots\" content=\"index, follow, max-snippet:-1, max-image-preview:large, max-video-preview:-1\" \/>\n<link rel=\"canonical\" href=\"https:\/\/www.sabra.org.br\/site\/musicos-2\/\" \/>\n<meta property=\"og:locale\" content=\"pt_BR\" \/>\n<meta property=\"og:type\" content=\"article\" \/>\n<meta property=\"og:title\" content=\"Como a internet ajudou os m\u00fasicos em tempos de pandemia - SABRA - Sociedade Art\u00edstica Brasileira\" \/>\n<meta property=\"og:description\" content=\"Como a Internet ajudou os m\u00fasicos em tempos de pandemia  Veja como a internet ajudou os m\u00fasicos em tempos de pandemia! Separamos tamb\u00e9m algumas dicas para m\u00fasicos fortalecerem a sua presen\u00e7a na internet e melhorar a comunica\u00e7\u00e3o com os f\u00e3s.\" \/>\n<meta property=\"og:url\" content=\"https:\/\/www.sabra.org.br\/site\/musicos-2\/\" \/>\n<meta property=\"og:site_name\" content=\"SABRA - Sociedade Art\u00edstica Brasileira\" \/>\n<meta property=\"article:publisher\" content=\"https:\/\/www.facebook.com\/sabrabrasil\" \/>\n<meta property=\"article:published_time\" content=\"2021-05-12T12:01:50+00:00\" \/>\n<meta property=\"og:image\" content=\"https:\/\/i0.wp.com\/www.sabra.org.br\/site\/wp-content\/uploads\/2021\/05\/como-a-internet-ajudou-os-musicos-em-tempos-de-pandemia-20210203092956.jpg.jpg?fit=800%2C533&ssl=1\" \/>\n\t<meta property=\"og:image:width\" content=\"800\" \/>\n\t<meta property=\"og:image:height\" content=\"533\" \/>\n\t<meta property=\"og:image:type\" content=\"image\/jpeg\" \/>\n<meta name=\"author\" content=\"M\u00e1rcio Miranda Pontes\" \/>\n<meta name=\"twitter:card\" content=\"summary_large_image\" \/>\n<meta name=\"twitter:creator\" content=\"@ContatoSabra\" \/>\n<meta name=\"twitter:site\" content=\"@ContatoSabra\" \/>\n<meta name=\"twitter:label1\" content=\"Escrito por\" \/>\n\t<meta name=\"twitter:data1\" content=\"M\u00e1rcio Miranda Pontes\" \/>\n\t<meta name=\"twitter:label2\" content=\"Est. tempo de leitura\" \/>\n\t<meta name=\"twitter:data2\" content=\"3 minutos\" \/>\n<script type=\"application\/ld+json\" class=\"yoast-schema-graph\">{\"@context\":\"https:\\\/\\\/schema.org\",\"@graph\":[{\"@type\":\"Article\",\"@id\":\"https:\\\/\\\/www.sabra.org.br\\\/site\\\/musicos-2\\\/#article\",\"isPartOf\":{\"@id\":\"https:\\\/\\\/www.sabra.org.br\\\/site\\\/musicos-2\\\/\"},\"author\":{\"name\":\"M\u00e1rcio Miranda Pontes\",\"@id\":\"https:\\\/\\\/www.sabra.org.br\\\/site\\\/#\\\/schema\\\/person\\\/7d1d222c3c8891d4c37c7b41bf6315c2\"},\"headline\":\"Como a internet ajudou os m\u00fasicos em tempos de pandemia\",\"datePublished\":\"2021-05-12T12:01:50+00:00\",\"mainEntityOfPage\":{\"@id\":\"https:\\\/\\\/www.sabra.org.br\\\/site\\\/musicos-2\\\/\"},\"wordCount\":760,\"publisher\":{\"@id\":\"https:\\\/\\\/www.sabra.org.br\\\/site\\\/#organization\"},\"image\":{\"@id\":\"https:\\\/\\\/www.sabra.org.br\\\/site\\\/musicos-2\\\/#primaryimage\"},\"thumbnailUrl\":\"https:\\\/\\\/www.sabra.org.br\\\/site\\\/wp-content\\\/uploads\\\/2021\\\/05\\\/como-a-internet-ajudou-os-musicos-em-tempos-de-pandemia-20210203092956.jpg.jpg\",\"keywords\":[\"Assist\u00eancia social\",\"Canto Coral\",\"Escola de Musica SABRA\",\"Musicaliza\u00e7\u00e3o Infantil\",\"nova lima\",\"Orquestra Infanto Juvenil de Betim\",\"Orquestra Sinf\u00f4nica de Betim\",\"Sociedade Art\u00edstica Brasileira\"],\"articleSection\":[\"Blog SABRA\"],\"inLanguage\":\"pt-BR\"},{\"@type\":\"WebPage\",\"@id\":\"https:\\\/\\\/www.sabra.org.br\\\/site\\\/musicos-2\\\/\",\"url\":\"https:\\\/\\\/www.sabra.org.br\\\/site\\\/musicos-2\\\/\",\"name\":\"Como a internet ajudou os m\u00fasicos em tempos de pandemia - SABRA - Sociedade Art\u00edstica Brasileira\",\"isPartOf\":{\"@id\":\"https:\\\/\\\/www.sabra.org.br\\\/site\\\/#website\"},\"primaryImageOfPage\":{\"@id\":\"https:\\\/\\\/www.sabra.org.br\\\/site\\\/musicos-2\\\/#primaryimage\"},\"image\":{\"@id\":\"https:\\\/\\\/www.sabra.org.br\\\/site\\\/musicos-2\\\/#primaryimage\"},\"thumbnailUrl\":\"https:\\\/\\\/www.sabra.org.br\\\/site\\\/wp-content\\\/uploads\\\/2021\\\/05\\\/como-a-internet-ajudou-os-musicos-em-tempos-de-pandemia-20210203092956.jpg.jpg\",\"datePublished\":\"2021-05-12T12:01:50+00:00\",\"breadcrumb\":{\"@id\":\"https:\\\/\\\/www.sabra.org.br\\\/site\\\/musicos-2\\\/#breadcrumb\"},\"inLanguage\":\"pt-BR\",\"potentialAction\":[{\"@type\":\"ReadAction\",\"target\":[\"https:\\\/\\\/www.sabra.org.br\\\/site\\\/musicos-2\\\/\"]}]},{\"@type\":\"ImageObject\",\"inLanguage\":\"pt-BR\",\"@id\":\"https:\\\/\\\/www.sabra.org.br\\\/site\\\/musicos-2\\\/#primaryimage\",\"url\":\"https:\\\/\\\/www.sabra.org.br\\\/site\\\/wp-content\\\/uploads\\\/2021\\\/05\\\/como-a-internet-ajudou-os-musicos-em-tempos-de-pandemia-20210203092956.jpg.jpg\",\"contentUrl\":\"https:\\\/\\\/www.sabra.org.br\\\/site\\\/wp-content\\\/uploads\\\/2021\\\/05\\\/como-a-internet-ajudou-os-musicos-em-tempos-de-pandemia-20210203092956.jpg.jpg\",\"width\":800,\"height\":533,\"caption\":\"Sociedade Art\u00edstica Brasileira SABRA\"},{\"@type\":\"BreadcrumbList\",\"@id\":\"https:\\\/\\\/www.sabra.org.br\\\/site\\\/musicos-2\\\/#breadcrumb\",\"itemListElement\":[{\"@type\":\"ListItem\",\"position\":1,\"name\":\"In\u00edcio\",\"item\":\"https:\\\/\\\/www.sabra.org.br\\\/site\\\/\"},{\"@type\":\"ListItem\",\"position\":2,\"name\":\"Como a internet ajudou os m\u00fasicos em tempos de pandemia\"}]},{\"@type\":\"WebSite\",\"@id\":\"https:\\\/\\\/www.sabra.org.br\\\/site\\\/#website\",\"url\":\"https:\\\/\\\/www.sabra.org.br\\\/site\\\/\",\"name\":\"SABRA - Sociedade Art\u00edstica Brasileira\",\"description\":\"Escola de M\u00fasica, Orquestra Sinf\u00f4nica, Coral e Patrim\u00f4nio Cultural e Hist\u00f3rico\",\"publisher\":{\"@id\":\"https:\\\/\\\/www.sabra.org.br\\\/site\\\/#organization\"},\"potentialAction\":[{\"@type\":\"SearchAction\",\"target\":{\"@type\":\"EntryPoint\",\"urlTemplate\":\"https:\\\/\\\/www.sabra.org.br\\\/site\\\/?s={search_term_string}\"},\"query-input\":{\"@type\":\"PropertyValueSpecification\",\"valueRequired\":true,\"valueName\":\"search_term_string\"}}],\"inLanguage\":\"pt-BR\"},{\"@type\":\"Organization\",\"@id\":\"https:\\\/\\\/www.sabra.org.br\\\/site\\\/#organization\",\"name\":\"SOCIEDADE ART\u00cdSTICA BRASILEIRA SABRA\",\"alternateName\":\"SABRA\",\"url\":\"https:\\\/\\\/www.sabra.org.br\\\/site\\\/\",\"logo\":{\"@type\":\"ImageObject\",\"inLanguage\":\"pt-BR\",\"@id\":\"https:\\\/\\\/www.sabra.org.br\\\/site\\\/#\\\/schema\\\/logo\\\/image\\\/\",\"url\":\"https:\\\/\\\/www.sabra.org.br\\\/site\\\/wp-content\\\/uploads\\\/2019\\\/06\\\/cropped-Logo_SABRA-Copia-1.webp\",\"contentUrl\":\"https:\\\/\\\/www.sabra.org.br\\\/site\\\/wp-content\\\/uploads\\\/2019\\\/06\\\/cropped-Logo_SABRA-Copia-1.webp\",\"width\":400,\"height\":128,\"caption\":\"SOCIEDADE ART\u00cdSTICA BRASILEIRA SABRA\"},\"image\":{\"@id\":\"https:\\\/\\\/www.sabra.org.br\\\/site\\\/#\\\/schema\\\/logo\\\/image\\\/\"},\"sameAs\":[\"https:\\\/\\\/www.facebook.com\\\/sabrabrasil\",\"https:\\\/\\\/x.com\\\/ContatoSabra\",\"https:\\\/\\\/www.instagram.com\\\/sabrabrasil\\\/\",\"https:\\\/\\\/www.linkedin.com\\\/company\\\/25002088\\\/\",\"https:\\\/\\\/br.pinterest.com\\\/sociedadeartisticabrasileira\\\/\",\"https:\\\/\\\/www.youtube.com\\\/c\\\/sabrabrasil\"]},{\"@type\":\"Person\",\"@id\":\"https:\\\/\\\/www.sabra.org.br\\\/site\\\/#\\\/schema\\\/person\\\/7d1d222c3c8891d4c37c7b41bf6315c2\",\"name\":\"M\u00e1rcio Miranda Pontes\",\"image\":{\"@type\":\"ImageObject\",\"inLanguage\":\"pt-BR\",\"@id\":\"https:\\\/\\\/secure.gravatar.com\\\/avatar\\\/3b45f24496a7625a3a6c436688fbe20344faaeb2979658dc4a9921f984d7df9a?s=96&d=mm&r=g\",\"url\":\"https:\\\/\\\/secure.gravatar.com\\\/avatar\\\/3b45f24496a7625a3a6c436688fbe20344faaeb2979658dc4a9921f984d7df9a?s=96&d=mm&r=g\",\"contentUrl\":\"https:\\\/\\\/secure.gravatar.com\\\/avatar\\\/3b45f24496a7625a3a6c436688fbe20344faaeb2979658dc4a9921f984d7df9a?s=96&d=mm&r=g\",\"caption\":\"M\u00e1rcio Miranda Pontes\"},\"sameAs\":[\"http:\\\/\\\/www.sabra.org.br\"],\"url\":\"https:\\\/\\\/www.sabra.org.br\\\/site\\\/author\\\/marcio-miranda-pontes\\\/\"}]}<\/script>\n<!-- \/ Yoast SEO plugin. -->","yoast_head_json":{"title":"Como a internet ajudou os m\u00fasicos em tempos de pandemia - SABRA - Sociedade Art\u00edstica Brasileira","robots":{"index":"index","follow":"follow","max-snippet":"max-snippet:-1","max-image-preview":"max-image-preview:large","max-video-preview":"max-video-preview:-1"},"canonical":"https:\/\/www.sabra.org.br\/site\/musicos-2\/","og_locale":"pt_BR","og_type":"article","og_title":"Como a internet ajudou os m\u00fasicos em tempos de pandemia - SABRA - Sociedade Art\u00edstica Brasileira","og_description":"Como a Internet ajudou os m\u00fasicos em tempos de pandemia  Veja como a internet ajudou os m\u00fasicos em tempos de pandemia! Separamos tamb\u00e9m algumas dicas para m\u00fasicos fortalecerem a sua presen\u00e7a na internet e melhorar a comunica\u00e7\u00e3o com os f\u00e3s.","og_url":"https:\/\/www.sabra.org.br\/site\/musicos-2\/","og_site_name":"SABRA - Sociedade Art\u00edstica Brasileira","article_publisher":"https:\/\/www.facebook.com\/sabrabrasil","article_published_time":"2021-05-12T12:01:50+00:00","og_image":[{"width":800,"height":533,"url":"https:\/\/i0.wp.com\/www.sabra.org.br\/site\/wp-content\/uploads\/2021\/05\/como-a-internet-ajudou-os-musicos-em-tempos-de-pandemia-20210203092956.jpg.jpg?fit=800%2C533&ssl=1","type":"image\/jpeg"}],"author":"M\u00e1rcio Miranda Pontes","twitter_card":"summary_large_image","twitter_creator":"@ContatoSabra","twitter_site":"@ContatoSabra","twitter_misc":{"Escrito por":"M\u00e1rcio Miranda Pontes","Est. tempo de leitura":"3 minutos"},"schema":{"@context":"https:\/\/schema.org","@graph":[{"@type":"Article","@id":"https:\/\/www.sabra.org.br\/site\/musicos-2\/#article","isPartOf":{"@id":"https:\/\/www.sabra.org.br\/site\/musicos-2\/"},"author":{"name":"M\u00e1rcio Miranda Pontes","@id":"https:\/\/www.sabra.org.br\/site\/#\/schema\/person\/7d1d222c3c8891d4c37c7b41bf6315c2"},"headline":"Como a internet ajudou os m\u00fasicos em tempos de pandemia","datePublished":"2021-05-12T12:01:50+00:00","mainEntityOfPage":{"@id":"https:\/\/www.sabra.org.br\/site\/musicos-2\/"},"wordCount":760,"publisher":{"@id":"https:\/\/www.sabra.org.br\/site\/#organization"},"image":{"@id":"https:\/\/www.sabra.org.br\/site\/musicos-2\/#primaryimage"},"thumbnailUrl":"https:\/\/www.sabra.org.br\/site\/wp-content\/uploads\/2021\/05\/como-a-internet-ajudou-os-musicos-em-tempos-de-pandemia-20210203092956.jpg.jpg","keywords":["Assist\u00eancia social","Canto Coral","Escola de Musica SABRA","Musicaliza\u00e7\u00e3o Infantil","nova lima","Orquestra Infanto Juvenil de Betim","Orquestra Sinf\u00f4nica de Betim","Sociedade Art\u00edstica Brasileira"],"articleSection":["Blog SABRA"],"inLanguage":"pt-BR"},{"@type":"WebPage","@id":"https:\/\/www.sabra.org.br\/site\/musicos-2\/","url":"https:\/\/www.sabra.org.br\/site\/musicos-2\/","name":"Como a internet ajudou os m\u00fasicos em tempos de pandemia - SABRA - Sociedade Art\u00edstica Brasileira","isPartOf":{"@id":"https:\/\/www.sabra.org.br\/site\/#website"},"primaryImageOfPage":{"@id":"https:\/\/www.sabra.org.br\/site\/musicos-2\/#primaryimage"},"image":{"@id":"https:\/\/www.sabra.org.br\/site\/musicos-2\/#primaryimage"},"thumbnailUrl":"https:\/\/www.sabra.org.br\/site\/wp-content\/uploads\/2021\/05\/como-a-internet-ajudou-os-musicos-em-tempos-de-pandemia-20210203092956.jpg.jpg","datePublished":"2021-05-12T12:01:50+00:00","breadcrumb":{"@id":"https:\/\/www.sabra.org.br\/site\/musicos-2\/#breadcrumb"},"inLanguage":"pt-BR","potentialAction":[{"@type":"ReadAction","target":["https:\/\/www.sabra.org.br\/site\/musicos-2\/"]}]},{"@type":"ImageObject","inLanguage":"pt-BR","@id":"https:\/\/www.sabra.org.br\/site\/musicos-2\/#primaryimage","url":"https:\/\/www.sabra.org.br\/site\/wp-content\/uploads\/2021\/05\/como-a-internet-ajudou-os-musicos-em-tempos-de-pandemia-20210203092956.jpg.jpg","contentUrl":"https:\/\/www.sabra.org.br\/site\/wp-content\/uploads\/2021\/05\/como-a-internet-ajudou-os-musicos-em-tempos-de-pandemia-20210203092956.jpg.jpg","width":800,"height":533,"caption":"Sociedade Art\u00edstica Brasileira SABRA"},{"@type":"BreadcrumbList","@id":"https:\/\/www.sabra.org.br\/site\/musicos-2\/#breadcrumb","itemListElement":[{"@type":"ListItem","position":1,"name":"In\u00edcio","item":"https:\/\/www.sabra.org.br\/site\/"},{"@type":"ListItem","position":2,"name":"Como a internet ajudou os m\u00fasicos em tempos de pandemia"}]},{"@type":"WebSite","@id":"https:\/\/www.sabra.org.br\/site\/#website","url":"https:\/\/www.sabra.org.br\/site\/","name":"SABRA - Sociedade Art\u00edstica Brasileira","description":"Escola de M\u00fasica, Orquestra Sinf\u00f4nica, Coral e Patrim\u00f4nio Cultural e Hist\u00f3rico","publisher":{"@id":"https:\/\/www.sabra.org.br\/site\/#organization"},"potentialAction":[{"@type":"SearchAction","target":{"@type":"EntryPoint","urlTemplate":"https:\/\/www.sabra.org.br\/site\/?s={search_term_string}"},"query-input":{"@type":"PropertyValueSpecification","valueRequired":true,"valueName":"search_term_string"}}],"inLanguage":"pt-BR"},{"@type":"Organization","@id":"https:\/\/www.sabra.org.br\/site\/#organization","name":"SOCIEDADE ART\u00cdSTICA BRASILEIRA SABRA","alternateName":"SABRA","url":"https:\/\/www.sabra.org.br\/site\/","logo":{"@type":"ImageObject","inLanguage":"pt-BR","@id":"https:\/\/www.sabra.org.br\/site\/#\/schema\/logo\/image\/","url":"https:\/\/www.sabra.org.br\/site\/wp-content\/uploads\/2019\/06\/cropped-Logo_SABRA-Copia-1.webp","contentUrl":"https:\/\/www.sabra.org.br\/site\/wp-content\/uploads\/2019\/06\/cropped-Logo_SABRA-Copia-1.webp","width":400,"height":128,"caption":"SOCIEDADE ART\u00cdSTICA BRASILEIRA SABRA"},"image":{"@id":"https:\/\/www.sabra.org.br\/site\/#\/schema\/logo\/image\/"},"sameAs":["https:\/\/www.facebook.com\/sabrabrasil","https:\/\/x.com\/ContatoSabra","https:\/\/www.instagram.com\/sabrabrasil\/","https:\/\/www.linkedin.com\/company\/25002088\/","https:\/\/br.pinterest.com\/sociedadeartisticabrasileira\/","https:\/\/www.youtube.com\/c\/sabrabrasil"]},{"@type":"Person","@id":"https:\/\/www.sabra.org.br\/site\/#\/schema\/person\/7d1d222c3c8891d4c37c7b41bf6315c2","name":"M\u00e1rcio Miranda Pontes","image":{"@type":"ImageObject","inLanguage":"pt-BR","@id":"https:\/\/secure.gravatar.com\/avatar\/3b45f24496a7625a3a6c436688fbe20344faaeb2979658dc4a9921f984d7df9a?s=96&d=mm&r=g","url":"https:\/\/secure.gravatar.com\/avatar\/3b45f24496a7625a3a6c436688fbe20344faaeb2979658dc4a9921f984d7df9a?s=96&d=mm&r=g","contentUrl":"https:\/\/secure.gravatar.com\/avatar\/3b45f24496a7625a3a6c436688fbe20344faaeb2979658dc4a9921f984d7df9a?s=96&d=mm&r=g","caption":"M\u00e1rcio Miranda Pontes"},"sameAs":["http:\/\/www.sabra.org.br"],"url":"https:\/\/www.sabra.org.br\/site\/author\/marcio-miranda-pontes\/"}]}},"jetpack_featured_media_url":"https:\/\/www.sabra.org.br\/site\/wp-content\/uploads\/2021\/05\/como-a-internet-ajudou-os-musicos-em-tempos-de-pandemia-20210203092956.jpg.jpg","jetpack_shortlink":"https:\/\/wp.me\/p95j2Z-10w","jetpack-related-posts":[{"id":2269,"url":"https:\/\/www.sabra.org.br\/site\/origem-orquestra\/","url_meta":{"origin":3876,"position":0},"title":"Origem da Orquestra","author":"M\u00e1rcio Miranda Pontes","date":"26 de julho de 2019","format":false,"excerpt":"A palavra \u201corquestra\u201d vem do grego \u201corkh\u00e9stra\u201d, que designava, na Gr\u00e9cia Antiga, o espa\u00e7o localizado entre a plateia e o palco, ocupado pelo coro e composto por m\u00fasicos e dan\u00e7arinos.","rel":"","context":"Em &quot;Blog SABRA&quot;","block_context":{"text":"Blog SABRA","link":"https:\/\/www.sabra.org.br\/site\/category\/blog-sabra\/"},"img":{"alt_text":"orquestras-instrumentos-s\u00e9culos","src":"https:\/\/i0.wp.com\/www.sabra.org.br\/site\/wp-content\/uploads\/2017\/09\/Orquestra.jpg?resize=350%2C200&ssl=1","width":350,"height":200,"srcset":"https:\/\/i0.wp.com\/www.sabra.org.br\/site\/wp-content\/uploads\/2017\/09\/Orquestra.jpg?resize=350%2C200&ssl=1 1x, https:\/\/i0.wp.com\/www.sabra.org.br\/site\/wp-content\/uploads\/2017\/09\/Orquestra.jpg?resize=525%2C300&ssl=1 1.5x, https:\/\/i0.wp.com\/www.sabra.org.br\/site\/wp-content\/uploads\/2017\/09\/Orquestra.jpg?resize=700%2C400&ssl=1 2x, https:\/\/i0.wp.com\/www.sabra.org.br\/site\/wp-content\/uploads\/2017\/09\/Orquestra.jpg?resize=1050%2C600&ssl=1 3x, https:\/\/i0.wp.com\/www.sabra.org.br\/site\/wp-content\/uploads\/2017\/09\/Orquestra.jpg?resize=1400%2C800&ssl=1 4x"},"classes":[]},{"id":7138,"url":"https:\/\/www.sabra.org.br\/site\/jovem-solista\/","url_meta":{"origin":3876,"position":1},"title":"Premio Jovem Solista da Orquestra Sinfonica de Betim","author":"M\u00e1rcio Miranda Pontes","date":"16 de maio de 2023","format":false,"excerpt":"Estimular a competi\u00e7\u00e3o musical \u00e9 uma excelente maneira de incentivar de forma saud\u00e1vel que os indiv\u00edduos disputem entre si sem que hajam desentendimentos ou algo do tipo. Conhe\u00e7a um pouco mais sobre o Premio Jovem Solista da Orquestra Sinfonica de Betim","rel":"","context":"Em &quot;Blog SABRA&quot;","block_context":{"text":"Blog SABRA","link":"https:\/\/www.sabra.org.br\/site\/category\/blog-sabra\/"},"img":{"alt_text":"m\u00fasica-orquestra-betim-sinf\u00f4nica-pr\u00eamio-solista-art\u00edtica-jovem-jovens-projetos-proporcionar-sabra","src":"https:\/\/i0.wp.com\/www.sabra.org.br\/site\/wp-content\/uploads\/2023\/05\/premio-jovem-solista-da-orquestra-sinfonica-de-betim-20171229162457.jpg-jpg.webp?resize=350%2C200&ssl=1","width":350,"height":200,"srcset":"https:\/\/i0.wp.com\/www.sabra.org.br\/site\/wp-content\/uploads\/2023\/05\/premio-jovem-solista-da-orquestra-sinfonica-de-betim-20171229162457.jpg-jpg.webp?resize=350%2C200&ssl=1 1x, https:\/\/i0.wp.com\/www.sabra.org.br\/site\/wp-content\/uploads\/2023\/05\/premio-jovem-solista-da-orquestra-sinfonica-de-betim-20171229162457.jpg-jpg.webp?resize=525%2C300&ssl=1 1.5x, https:\/\/i0.wp.com\/www.sabra.org.br\/site\/wp-content\/uploads\/2023\/05\/premio-jovem-solista-da-orquestra-sinfonica-de-betim-20171229162457.jpg-jpg.webp?resize=700%2C400&ssl=1 2x"},"classes":[]},{"id":4733,"url":"https:\/\/www.sabra.org.br\/site\/orquestras-brasileiras\/","url_meta":{"origin":3876,"position":2},"title":"Conhe\u00e7a orquestras famosas do Brasil","author":"M\u00e1rcio Miranda Pontes","date":"21 de fevereiro de 2022","format":false,"excerpt":"As orquestras fazem parte da hist\u00f3ria da m\u00fasica brasileira, por\u00e9m, ainda h\u00e1 um certo desconhecimento em rela\u00e7\u00e3o aos principais nomes do cen\u00e1rio brasileiro. Conhe\u00e7a famosas sinf\u00f4nicas do pa\u00eds e se prepare para am\u00e1-las.","rel":"","context":"Em &quot;Blog SABRA&quot;","block_context":{"text":"Blog SABRA","link":"https:\/\/www.sabra.org.br\/site\/category\/blog-sabra\/"},"img":{"alt_text":"orquestras-musicos-brasileira","src":"https:\/\/i0.wp.com\/www.sabra.org.br\/site\/wp-content\/uploads\/2022\/02\/conheca-x-orquestras-famosas-do-brasil-20220208141739.jpg.jpg?resize=350%2C200&ssl=1","width":350,"height":200,"srcset":"https:\/\/i0.wp.com\/www.sabra.org.br\/site\/wp-content\/uploads\/2022\/02\/conheca-x-orquestras-famosas-do-brasil-20220208141739.jpg.jpg?resize=350%2C200&ssl=1 1x, https:\/\/i0.wp.com\/www.sabra.org.br\/site\/wp-content\/uploads\/2022\/02\/conheca-x-orquestras-famosas-do-brasil-20220208141739.jpg.jpg?resize=525%2C300&ssl=1 1.5x, https:\/\/i0.wp.com\/www.sabra.org.br\/site\/wp-content\/uploads\/2022\/02\/conheca-x-orquestras-famosas-do-brasil-20220208141739.jpg.jpg?resize=700%2C400&ssl=1 2x, https:\/\/i0.wp.com\/www.sabra.org.br\/site\/wp-content\/uploads\/2022\/02\/conheca-x-orquestras-famosas-do-brasil-20220208141739.jpg.jpg?resize=1050%2C600&ssl=1 3x, https:\/\/i0.wp.com\/www.sabra.org.br\/site\/wp-content\/uploads\/2022\/02\/conheca-x-orquestras-famosas-do-brasil-20220208141739.jpg.jpg?resize=1400%2C800&ssl=1 4x"},"classes":[]},{"id":5304,"url":"https:\/\/www.sabra.org.br\/site\/regente-maestro-curiosidades\/","url_meta":{"origin":3876,"position":3},"title":"Curiosidades sobre a arte da reg\u00eancia","author":"M\u00e1rcio Miranda Pontes","date":"1 de julho de 2022","format":false,"excerpt":"[vc_row][vc_column][vc_column_text]As curiosidades sobre a arte da reg\u00eancia podem te surpreender e fazer com que saiba um pouco mais sobre esse fascinante universo da m\u00fasica. Leia para entender mais sobre o papel do regente e sua import\u00e2ncia: O regente \u00e9 a figura de autoridade de uma orquestra O regente \u00e9 quem\u2026","rel":"","context":"Em &quot;Blog SABRA&quot;","block_context":{"text":"Blog SABRA","link":"https:\/\/www.sabra.org.br\/site\/category\/blog-sabra\/"},"img":{"alt_text":"maestro-regente-m\u00fasica-reg\u00eancia","src":"https:\/\/i0.wp.com\/www.sabra.org.br\/site\/wp-content\/uploads\/2022\/07\/curiosidades-sobre-a-arte-da-regencia-20220623120203.jpg.jpg?resize=350%2C200&ssl=1","width":350,"height":200,"srcset":"https:\/\/i0.wp.com\/www.sabra.org.br\/site\/wp-content\/uploads\/2022\/07\/curiosidades-sobre-a-arte-da-regencia-20220623120203.jpg.jpg?resize=350%2C200&ssl=1 1x, https:\/\/i0.wp.com\/www.sabra.org.br\/site\/wp-content\/uploads\/2022\/07\/curiosidades-sobre-a-arte-da-regencia-20220623120203.jpg.jpg?resize=525%2C300&ssl=1 1.5x, https:\/\/i0.wp.com\/www.sabra.org.br\/site\/wp-content\/uploads\/2022\/07\/curiosidades-sobre-a-arte-da-regencia-20220623120203.jpg.jpg?resize=700%2C400&ssl=1 2x"},"classes":[]},{"id":2808,"url":"https:\/\/www.sabra.org.br\/site\/musica-classica-evolucao\/","url_meta":{"origin":3876,"position":4},"title":"M\u00fasica cl\u00e1ssica","author":"M\u00e1rcio Miranda Pontes","date":"11 de abril de 2020","format":false,"excerpt":"A m\u00fasica cl\u00e1ssica, mais conhecida como m\u00fasica erudita, cresceu ao longo dos anos, datando sua origem no s\u00e9culo IX. Era utilizada em cerim\u00f4nias religiosas e para alegrar os nobres da \u00e9poca.","rel":"","context":"Em &quot;Blog SABRA&quot;","block_context":{"text":"Blog SABRA","link":"https:\/\/www.sabra.org.br\/site\/category\/blog-sabra\/"},"img":{"alt_text":"musica-classica-evolu\u00e7\u00e3o-erudita-s\u00e9culo-sabra","src":"https:\/\/i0.wp.com\/www.sabra.org.br\/site\/wp-content\/uploads\/2020\/04\/musica-classica-conheca-a-sua-origem-e-evolucao-ao-longo-dos-anos-20191202180617.jpg.jpg?resize=350%2C200&ssl=1","width":350,"height":200,"srcset":"https:\/\/i0.wp.com\/www.sabra.org.br\/site\/wp-content\/uploads\/2020\/04\/musica-classica-conheca-a-sua-origem-e-evolucao-ao-longo-dos-anos-20191202180617.jpg.jpg?resize=350%2C200&ssl=1 1x, https:\/\/i0.wp.com\/www.sabra.org.br\/site\/wp-content\/uploads\/2020\/04\/musica-classica-conheca-a-sua-origem-e-evolucao-ao-longo-dos-anos-20191202180617.jpg.jpg?resize=525%2C300&ssl=1 1.5x, https:\/\/i0.wp.com\/www.sabra.org.br\/site\/wp-content\/uploads\/2020\/04\/musica-classica-conheca-a-sua-origem-e-evolucao-ao-longo-dos-anos-20191202180617.jpg.jpg?resize=700%2C400&ssl=1 2x"},"classes":[]},{"id":5366,"url":"https:\/\/www.sabra.org.br\/site\/tom-jobim\/","url_meta":{"origin":3876,"position":5},"title":"Curiosidades sobre Tom Jobim","author":"M\u00e1rcio Miranda Pontes","date":"20 de julho de 2022","format":false,"excerpt":"Tom Jobim \u00e9, indiscutivelmente, um dos maiores m\u00fasicos e compositores brasileiros de todos os tempos. Ent\u00e3o, que tal celebr\u00e1-lo conhecendo algumas curiosidades sobre sua vida e obra? Para isso, basta acompanhar este conte\u00fado especial.","rel":"","context":"Em &quot;Blog SABRA&quot;","block_context":{"text":"Blog SABRA","link":"https:\/\/www.sabra.org.br\/site\/category\/blog-sabra\/"},"img":{"alt_text":"tom-jobim-m\u00fasico","src":"https:\/\/i0.wp.com\/www.sabra.org.br\/site\/wp-content\/uploads\/2022\/07\/x-curiosidades-sobre-tom-jobim-20220513105253.jpg.jpg?resize=350%2C200&ssl=1","width":350,"height":200,"srcset":"https:\/\/i0.wp.com\/www.sabra.org.br\/site\/wp-content\/uploads\/2022\/07\/x-curiosidades-sobre-tom-jobim-20220513105253.jpg.jpg?resize=350%2C200&ssl=1 1x, https:\/\/i0.wp.com\/www.sabra.org.br\/site\/wp-content\/uploads\/2022\/07\/x-curiosidades-sobre-tom-jobim-20220513105253.jpg.jpg?resize=525%2C300&ssl=1 1.5x, https:\/\/i0.wp.com\/www.sabra.org.br\/site\/wp-content\/uploads\/2022\/07\/x-curiosidades-sobre-tom-jobim-20220513105253.jpg.jpg?resize=700%2C400&ssl=1 2x"},"classes":[]}],"jetpack_likes_enabled":true,"jetpack_sharing_enabled":true,"_links":{"self":[{"href":"https:\/\/www.sabra.org.br\/site\/wp-json\/wp\/v2\/posts\/3876","targetHints":{"allow":["GET"]}}],"collection":[{"href":"https:\/\/www.sabra.org.br\/site\/wp-json\/wp\/v2\/posts"}],"about":[{"href":"https:\/\/www.sabra.org.br\/site\/wp-json\/wp\/v2\/types\/post"}],"author":[{"embeddable":true,"href":"https:\/\/www.sabra.org.br\/site\/wp-json\/wp\/v2\/users\/39"}],"replies":[{"embeddable":true,"href":"https:\/\/www.sabra.org.br\/site\/wp-json\/wp\/v2\/comments?post=3876"}],"version-history":[{"count":0,"href":"https:\/\/www.sabra.org.br\/site\/wp-json\/wp\/v2\/posts\/3876\/revisions"}],"wp:featuredmedia":[{"embeddable":true,"href":"https:\/\/www.sabra.org.br\/site\/wp-json\/wp\/v2\/media\/3877"}],"wp:attachment":[{"href":"https:\/\/www.sabra.org.br\/site\/wp-json\/wp\/v2\/media?parent=3876"}],"wp:term":[{"taxonomy":"category","embeddable":true,"href":"https:\/\/www.sabra.org.br\/site\/wp-json\/wp\/v2\/categories?post=3876"},{"taxonomy":"post_tag","embeddable":true,"href":"https:\/\/www.sabra.org.br\/site\/wp-json\/wp\/v2\/tags?post=3876"}],"curies":[{"name":"wp","href":"https:\/\/api.w.org\/{rel}","templated":true}]}}