{"id":3946,"date":"2021-06-18T10:38:51","date_gmt":"2021-06-18T13:38:51","guid":{"rendered":"https:\/\/www.sabra.org.br\/site\/?p=3946"},"modified":"2021-06-18T10:38:51","modified_gmt":"2021-06-18T13:38:51","slug":"desigualdade","status":"publish","type":"post","link":"https:\/\/www.sabra.org.br\/site\/desigualdade\/","title":{"rendered":"As consequ\u00eancias da desigualdade social no Brasil"},"content":{"rendered":"<p>[vc_row][vc_column][vc_column_text]A desigualdade social \u00e9 definida como uma forma de concentra\u00e7\u00e3o de poder, seja ele econ\u00f4mico, cultural ou pol\u00edtico, de uma determinada classe social sobre outra. Para simplificar, trata-se da condi\u00e7\u00e3o em que um grupo de pessoas tem muito poder, enquanto que o outro tem muito pouco ou quase nada.<\/p>\n<p>Apesar de o Brasil ser um pa\u00eds economicamente rico, a desigualdade social que se v\u00ea por aqui \u00e9 extremamente alarmante. De acordo com um estudo divulgado em dezembro de 2020, realizado pelo Pnud (Programa das Na\u00e7\u00f5es Unidas para o Desenvolvimento), nosso pa\u00eds \u00e9 o s\u00e9timo mais desigual do mundo e est\u00e1 atr\u00e1s apenas da \u00c1frica do Sul, Nam\u00edbia, Z\u00e2mbia, Rep\u00fablica Centro-Africana, Lesoto e Mo\u00e7ambique, todos pa\u00edses do continente africano.<\/p>\n<p>Essa realidade que j\u00e1 experimentamos em nosso pa\u00eds h\u00e1 muito tempo, traz consequ\u00eancias bastante significativas que tem sido motivo de estudo em muitas frentes, inclusive, em outros pa\u00edses.<\/p>\n<blockquote class=\"wp-embedded-content\" data-secret=\"CL0ZFOtiKW\"><p><a href=\"https:\/\/www.sabra.org.br\/site\/inclusao-social\/\">Inclus\u00e3o Social<\/a><\/p><\/blockquote>\n<p><iframe class=\"wp-embedded-content\" sandbox=\"allow-scripts\" security=\"restricted\" style=\"position: absolute; clip: rect(1px, 1px, 1px, 1px);\" title=\"&#8220;Inclus\u00e3o Social&#8221; &#8212; SABRA - Sociedade Art\u00edstica Brasileira\" src=\"https:\/\/www.sabra.org.br\/site\/inclusao-social\/embed\/#?secret=CL0ZFOtiKW\" data-secret=\"CL0ZFOtiKW\" width=\"600\" height=\"338\" frameborder=\"0\" marginwidth=\"0\" marginheight=\"0\" scrolling=\"no\"><\/iframe><\/p>\n<h2>Resultados da desigualdade social no Brasil<\/h2>\n<p>Duas das principais consequ\u00eancias da desigualdade social no Brasil s\u00e3o a pobreza e a mis\u00e9ria. Em novembro de 2020, o IBGE divulgou que quase 52 milh\u00f5es de brasileiros vivem na pobreza, e a desigualdade social tem total rela\u00e7\u00e3o com essa realidade.<\/p>\n<p>Um dos indicadores de desigualdade mais conhecidos no mundo, o \u00cdndice de Gini, mostra como o Brasil concentra riquezas em uma pequena parte da sociedade. O \u00cdndice Gini varia de 0, que representa a perfeita igualdade, a 1, que significa desigualdade m\u00e1xima.<\/p>\n<p>No Brasil, esse \u00edndice est\u00e1 atualmente em 0,543, um resultado que apenas confirma que um pa\u00eds que n\u00e3o consegue suprir as necessidades b\u00e1sicas de uma boa parte da sua popula\u00e7\u00e3o, consequentemente n\u00e3o ir\u00e1 prosperar os indiv\u00edduos de maneira igualit\u00e1ria.<\/p>\n<p>Outras consequ\u00eancias importantes da desigualdade social, que fazem o Brasil sempre ganhar destaque no cen\u00e1rio mundial s\u00e3o:<\/p>\n<p><strong>Fome, desnutri\u00e7\u00e3o e mortalidade infantil<\/strong>:Taxas elevadas de desnutri\u00e7\u00e3o e mortalidade infantil, al\u00e9m da fome, a qual muitos indiv\u00edduos s\u00e3o frequentemente submetidos, refletem n\u00edveis prec\u00e1rios de subsist\u00eancia e fragilidade no sistema de sa\u00fade;<\/p>\n<p><strong>Aumento das taxas de desemprego<\/strong>: Estudos apontam que Brasil dever\u00e1 registrar em 2021, a 14\u00aa maior taxa de desemprego do mundo. Em 2020, o pa\u00eds ficou com a 22\u00aa coloca\u00e7\u00e3o.<\/p>\n<p><strong>Marginaliza\u00e7\u00e3o de parte dos indiv\u00edduos<\/strong>: a marginaliza\u00e7\u00e3o \u00e9 um tipo de exclus\u00e3o resultante da desigualdade social. Fatores como falta de oportunidade de trabalho, escassez de recursos e dificuldades econ\u00f4micas levam alguns indiv\u00edduos a viverem \u00e0s margens da sociedade.<\/p>\n<p><strong>Aumento dos \u00edndices de viol\u00eancia e falta de seguran\u00e7a p\u00fablica<\/strong>: O Brasil \u00e9 um pa\u00eds mergulhado em viol\u00eancia e carente da seguran\u00e7a p\u00fablica. Independente da regi\u00e3o do pa\u00eds, os \u00edndices de viol\u00eancia e criminalidade atingem n\u00edveis muito altos, principalmente nos centros urbanos e grandes metr\u00f3poles.<\/p>\n<p><strong>Condi\u00e7\u00f5es prec\u00e1rias de moradia<\/strong>: Um levantamento divulgado em maio de 2020 pelo IBGE apontou que em nosso pa\u00eds h\u00e1 mais de 5,1 milh\u00f5es de domic\u00edlios em condi\u00e7\u00f5es prec\u00e1rias. Essas moradias fazem parte dos chamados Aglomerados Subnormais, popularmente conhecidos como favela, comunidade invas\u00e3o, entre outras nomenclaturas.<\/p>\n<p><strong>M\u00e1 qualidade dos servi\u00e7os p\u00fablicos de sa\u00fade<\/strong>: servi\u00e7os p\u00fablicos de sa\u00fade constantemente enfrentam grandes dificuldades para atender \u00e0s demandas da popula\u00e7\u00e3o, o que leva ao socorro prec\u00e1rio, hospitais lotados e falta de leitos para interna\u00e7\u00e3o.<\/p>\n<p>Como voc\u00ea viu, a desigualdade social \u00e9 um dos principais problemas do Brasil, j\u00e1 que esse \u00e9 um dos fatores respons\u00e1veis por boa parte das dificuldades que a sociedade brasileira enfrenta.<\/p>\n<p>Para mudar essa realidade, um longo caminho deve ser tra\u00e7ado e as pol\u00edticas p\u00fablicas devem estar voltadas a resolver essa quest\u00e3o que h\u00e1 tempo demais tem sido um grande fardo para o nosso pa\u00eds.<\/p>\n<hr \/>\n<h2>Se voc\u00ea gostou deste post:<\/h2>\n<p>&#8211; SIGA as nossas p\u00e1ginas nas redes sociais para acompanhar as nossas atualiza\u00e7\u00f5es: estamos no <a href=\"https:\/\/www.facebook.com\/sabrabrasil\" target=\"_blank\" rel=\"noopener\">Facebook<\/a>, no <a href=\"https:\/\/www.instagram.com\/sabrabrasil\/\" target=\"_blank\" rel=\"noopener\">Instagram<\/a>, no <a href=\"https:\/\/www.linkedin.com\/company\/25002088\" target=\"_blank\" rel=\"noopener\">LinkedIn<\/a>, no <a href=\"https:\/\/twitter.com\/ContatoSabra\" target=\"_blank\" rel=\"noopener\">Twitter<\/a> e no <a href=\"https:\/\/www.youtube.com\/channel\/UCJw-kbuEvzUNdeQf20Pa-eQ\" target=\"_blank\" rel=\"noopener\">YouTube<\/a>!<\/p>\n<p>&#8211; CONHE\u00c7A o trabalho da Sociedade Art\u00edstica Brasileira (SABRA) e todas as iniciativas culturais e sociais que ela mant\u00e9m. <a href=\"https:\/\/www.sabra.org.br\/site\/acoes\/\" target=\"_blank\" rel=\"noopener\">Acesse nosso site!<\/a><\/p>\n<p>&#8211; ENTRE EM CONTATO com a gente. E veja quais s\u00e3o as op\u00e7\u00f5es de ajuda na manuten\u00e7\u00e3o de nossas a\u00e7\u00f5es sociais e culturais. Basta acessar nossa p\u00e1gina <a href=\"https:\/\/www.sabra.org.br\/site\/doe-agora\/\" target=\"_blank\" rel=\"noopener\">Doe Agora!<\/a><\/p>\n<p>&#8211; COMPARTILHE este texto nas suas redes sociais e ajude os seus amigos a tamb\u00e9m dominarem o assunto![\/vc_column_text][\/vc_column][\/vc_row]<\/p>\n","protected":false},"excerpt":{"rendered":"<p>As consequ\u00eancias da desigualdade social no Brasil<\/p>\n<p>A desigualdade social \u00e9 definida como uma forma de concentra\u00e7\u00e3o de poder, seja ele econ\u00f4mico, cultural ou pol\u00edtico, de uma determinada classe social sobre outra. Para simplificar, trata-se da condi\u00e7\u00e3o em que um grupo de pessoas tem muito poder, enquanto que o outro tem muito pouco ou quase nada. Leia o post e entenda.<\/p>\n","protected":false},"author":39,"featured_media":3948,"comment_status":"closed","ping_status":"closed","sticky":false,"template":"","format":"standard","meta":{"jetpack_post_was_ever_published":false,"_jetpack_newsletter_access":"","_jetpack_dont_email_post_to_subs":false,"_jetpack_newsletter_tier_id":0,"_jetpack_memberships_contains_paywalled_content":false,"_jetpack_memberships_contains_paid_content":false,"footnotes":""},"categories":[1],"tags":[15,8,1285,16,3519,1286,11,9],"class_list":["post-3946","post","type-post","status-publish","format-standard","has-post-thumbnail","hentry","category-blog-sabra","tag-assistencia-social","tag-canto-coral","tag-escola-de-musica-sabra","tag-musicalizacao-infantil","tag-nova-lima-2","tag-orquestra-infanto-juvenil-de-betim","tag-orquestra-sinfonica-de-betim","tag-sociedade-artistica-brasileira"],"yoast_head":"<!-- This site is optimized with the Yoast SEO plugin v27.5 - https:\/\/yoast.com\/product\/yoast-seo-wordpress\/ -->\n<title>As consequ\u00eancias da desigualdade social no Brasil - SABRA - Sociedade Art\u00edstica Brasileira<\/title>\n<meta name=\"description\" content=\"A desigualdade social no Brasil \u00e9 a condi\u00e7\u00e3o em que um grupo de pessoas tem muito poder, enquanto que o outro tem muito pouco ou quase nada.\" \/>\n<meta name=\"robots\" content=\"index, follow, max-snippet:-1, max-image-preview:large, max-video-preview:-1\" \/>\n<link rel=\"canonical\" href=\"https:\/\/www.sabra.org.br\/site\/desigualdade\/\" \/>\n<meta property=\"og:locale\" content=\"pt_BR\" \/>\n<meta property=\"og:type\" content=\"article\" \/>\n<meta property=\"og:title\" content=\"As consequ\u00eancias da desigualdade social no Brasil - SABRA - Sociedade Art\u00edstica Brasileira\" \/>\n<meta property=\"og:description\" content=\"A desigualdade social no Brasil \u00e9 a condi\u00e7\u00e3o em que um grupo de pessoas tem muito poder, enquanto que o outro tem muito pouco ou quase nada.\" \/>\n<meta property=\"og:url\" content=\"https:\/\/www.sabra.org.br\/site\/desigualdade\/\" \/>\n<meta property=\"og:site_name\" content=\"SABRA - Sociedade Art\u00edstica Brasileira\" \/>\n<meta property=\"article:publisher\" content=\"https:\/\/www.facebook.com\/sabrabrasil\" \/>\n<meta property=\"article:published_time\" content=\"2021-06-18T13:38:51+00:00\" \/>\n<meta property=\"og:image\" content=\"https:\/\/i0.wp.com\/www.sabra.org.br\/site\/wp-content\/uploads\/2021\/06\/as-consequencias-da-desigualdade-social-no-brasil-20210423165408.jpg.jpg?fit=800%2C450&ssl=1\" \/>\n\t<meta property=\"og:image:width\" content=\"800\" \/>\n\t<meta property=\"og:image:height\" content=\"450\" \/>\n\t<meta property=\"og:image:type\" content=\"image\/jpeg\" \/>\n<meta name=\"author\" content=\"M\u00e1rcio Miranda Pontes\" \/>\n<meta name=\"twitter:card\" content=\"summary_large_image\" \/>\n<meta name=\"twitter:creator\" content=\"@ContatoSabra\" \/>\n<meta name=\"twitter:site\" content=\"@ContatoSabra\" \/>\n<meta name=\"twitter:label1\" content=\"Escrito por\" \/>\n\t<meta name=\"twitter:data1\" content=\"M\u00e1rcio Miranda Pontes\" \/>\n\t<meta name=\"twitter:label2\" content=\"Est. tempo de leitura\" \/>\n\t<meta name=\"twitter:data2\" content=\"3 minutos\" \/>\n<script type=\"application\/ld+json\" class=\"yoast-schema-graph\">{\"@context\":\"https:\\\/\\\/schema.org\",\"@graph\":[{\"@type\":\"Article\",\"@id\":\"https:\\\/\\\/www.sabra.org.br\\\/site\\\/desigualdade\\\/#article\",\"isPartOf\":{\"@id\":\"https:\\\/\\\/www.sabra.org.br\\\/site\\\/desigualdade\\\/\"},\"author\":{\"name\":\"M\u00e1rcio Miranda Pontes\",\"@id\":\"https:\\\/\\\/www.sabra.org.br\\\/site\\\/#\\\/schema\\\/person\\\/7d1d222c3c8891d4c37c7b41bf6315c2\"},\"headline\":\"As consequ\u00eancias da desigualdade social no Brasil\",\"datePublished\":\"2021-06-18T13:38:51+00:00\",\"mainEntityOfPage\":{\"@id\":\"https:\\\/\\\/www.sabra.org.br\\\/site\\\/desigualdade\\\/\"},\"wordCount\":787,\"publisher\":{\"@id\":\"https:\\\/\\\/www.sabra.org.br\\\/site\\\/#organization\"},\"image\":{\"@id\":\"https:\\\/\\\/www.sabra.org.br\\\/site\\\/desigualdade\\\/#primaryimage\"},\"thumbnailUrl\":\"https:\\\/\\\/www.sabra.org.br\\\/site\\\/wp-content\\\/uploads\\\/2021\\\/06\\\/as-consequencias-da-desigualdade-social-no-brasil-20210423165408.jpg.jpg\",\"keywords\":[\"Assist\u00eancia social\",\"Canto Coral\",\"Escola de Musica SABRA\",\"Musicaliza\u00e7\u00e3o Infantil\",\"nova lima\",\"Orquestra Infanto Juvenil de Betim\",\"Orquestra Sinf\u00f4nica de Betim\",\"Sociedade Art\u00edstica Brasileira\"],\"articleSection\":[\"Blog SABRA\"],\"inLanguage\":\"pt-BR\"},{\"@type\":\"WebPage\",\"@id\":\"https:\\\/\\\/www.sabra.org.br\\\/site\\\/desigualdade\\\/\",\"url\":\"https:\\\/\\\/www.sabra.org.br\\\/site\\\/desigualdade\\\/\",\"name\":\"As consequ\u00eancias da desigualdade social no Brasil - SABRA - Sociedade Art\u00edstica Brasileira\",\"isPartOf\":{\"@id\":\"https:\\\/\\\/www.sabra.org.br\\\/site\\\/#website\"},\"primaryImageOfPage\":{\"@id\":\"https:\\\/\\\/www.sabra.org.br\\\/site\\\/desigualdade\\\/#primaryimage\"},\"image\":{\"@id\":\"https:\\\/\\\/www.sabra.org.br\\\/site\\\/desigualdade\\\/#primaryimage\"},\"thumbnailUrl\":\"https:\\\/\\\/www.sabra.org.br\\\/site\\\/wp-content\\\/uploads\\\/2021\\\/06\\\/as-consequencias-da-desigualdade-social-no-brasil-20210423165408.jpg.jpg\",\"datePublished\":\"2021-06-18T13:38:51+00:00\",\"description\":\"A desigualdade social no Brasil \u00e9 a condi\u00e7\u00e3o em que um grupo de pessoas tem muito poder, enquanto que o outro tem muito pouco ou quase nada.\",\"breadcrumb\":{\"@id\":\"https:\\\/\\\/www.sabra.org.br\\\/site\\\/desigualdade\\\/#breadcrumb\"},\"inLanguage\":\"pt-BR\",\"potentialAction\":[{\"@type\":\"ReadAction\",\"target\":[\"https:\\\/\\\/www.sabra.org.br\\\/site\\\/desigualdade\\\/\"]}]},{\"@type\":\"ImageObject\",\"inLanguage\":\"pt-BR\",\"@id\":\"https:\\\/\\\/www.sabra.org.br\\\/site\\\/desigualdade\\\/#primaryimage\",\"url\":\"https:\\\/\\\/www.sabra.org.br\\\/site\\\/wp-content\\\/uploads\\\/2021\\\/06\\\/as-consequencias-da-desigualdade-social-no-brasil-20210423165408.jpg.jpg\",\"contentUrl\":\"https:\\\/\\\/www.sabra.org.br\\\/site\\\/wp-content\\\/uploads\\\/2021\\\/06\\\/as-consequencias-da-desigualdade-social-no-brasil-20210423165408.jpg.jpg\",\"width\":800,\"height\":450,\"caption\":\"Sociedade Art\u00edstica Brasileira SABRA\"},{\"@type\":\"BreadcrumbList\",\"@id\":\"https:\\\/\\\/www.sabra.org.br\\\/site\\\/desigualdade\\\/#breadcrumb\",\"itemListElement\":[{\"@type\":\"ListItem\",\"position\":1,\"name\":\"In\u00edcio\",\"item\":\"https:\\\/\\\/www.sabra.org.br\\\/site\\\/\"},{\"@type\":\"ListItem\",\"position\":2,\"name\":\"As consequ\u00eancias da desigualdade social no Brasil\"}]},{\"@type\":\"WebSite\",\"@id\":\"https:\\\/\\\/www.sabra.org.br\\\/site\\\/#website\",\"url\":\"https:\\\/\\\/www.sabra.org.br\\\/site\\\/\",\"name\":\"SABRA - Sociedade Art\u00edstica Brasileira\",\"description\":\"Escola de M\u00fasica, Orquestra Sinf\u00f4nica, Coral e Patrim\u00f4nio Cultural e Hist\u00f3rico\",\"publisher\":{\"@id\":\"https:\\\/\\\/www.sabra.org.br\\\/site\\\/#organization\"},\"potentialAction\":[{\"@type\":\"SearchAction\",\"target\":{\"@type\":\"EntryPoint\",\"urlTemplate\":\"https:\\\/\\\/www.sabra.org.br\\\/site\\\/?s={search_term_string}\"},\"query-input\":{\"@type\":\"PropertyValueSpecification\",\"valueRequired\":true,\"valueName\":\"search_term_string\"}}],\"inLanguage\":\"pt-BR\"},{\"@type\":\"Organization\",\"@id\":\"https:\\\/\\\/www.sabra.org.br\\\/site\\\/#organization\",\"name\":\"SOCIEDADE ART\u00cdSTICA BRASILEIRA SABRA\",\"alternateName\":\"SABRA\",\"url\":\"https:\\\/\\\/www.sabra.org.br\\\/site\\\/\",\"logo\":{\"@type\":\"ImageObject\",\"inLanguage\":\"pt-BR\",\"@id\":\"https:\\\/\\\/www.sabra.org.br\\\/site\\\/#\\\/schema\\\/logo\\\/image\\\/\",\"url\":\"https:\\\/\\\/www.sabra.org.br\\\/site\\\/wp-content\\\/uploads\\\/2019\\\/06\\\/cropped-Logo_SABRA-Copia-1.webp\",\"contentUrl\":\"https:\\\/\\\/www.sabra.org.br\\\/site\\\/wp-content\\\/uploads\\\/2019\\\/06\\\/cropped-Logo_SABRA-Copia-1.webp\",\"width\":400,\"height\":128,\"caption\":\"SOCIEDADE ART\u00cdSTICA BRASILEIRA SABRA\"},\"image\":{\"@id\":\"https:\\\/\\\/www.sabra.org.br\\\/site\\\/#\\\/schema\\\/logo\\\/image\\\/\"},\"sameAs\":[\"https:\\\/\\\/www.facebook.com\\\/sabrabrasil\",\"https:\\\/\\\/x.com\\\/ContatoSabra\",\"https:\\\/\\\/www.instagram.com\\\/sabrabrasil\\\/\",\"https:\\\/\\\/www.linkedin.com\\\/company\\\/25002088\\\/\",\"https:\\\/\\\/br.pinterest.com\\\/sociedadeartisticabrasileira\\\/\",\"https:\\\/\\\/www.youtube.com\\\/c\\\/sabrabrasil\"]},{\"@type\":\"Person\",\"@id\":\"https:\\\/\\\/www.sabra.org.br\\\/site\\\/#\\\/schema\\\/person\\\/7d1d222c3c8891d4c37c7b41bf6315c2\",\"name\":\"M\u00e1rcio Miranda Pontes\",\"image\":{\"@type\":\"ImageObject\",\"inLanguage\":\"pt-BR\",\"@id\":\"https:\\\/\\\/secure.gravatar.com\\\/avatar\\\/3b45f24496a7625a3a6c436688fbe20344faaeb2979658dc4a9921f984d7df9a?s=96&d=mm&r=g\",\"url\":\"https:\\\/\\\/secure.gravatar.com\\\/avatar\\\/3b45f24496a7625a3a6c436688fbe20344faaeb2979658dc4a9921f984d7df9a?s=96&d=mm&r=g\",\"contentUrl\":\"https:\\\/\\\/secure.gravatar.com\\\/avatar\\\/3b45f24496a7625a3a6c436688fbe20344faaeb2979658dc4a9921f984d7df9a?s=96&d=mm&r=g\",\"caption\":\"M\u00e1rcio Miranda Pontes\"},\"sameAs\":[\"http:\\\/\\\/www.sabra.org.br\"],\"url\":\"https:\\\/\\\/www.sabra.org.br\\\/site\\\/author\\\/marcio-miranda-pontes\\\/\"}]}<\/script>\n<!-- \/ Yoast SEO plugin. -->","yoast_head_json":{"title":"As consequ\u00eancias da desigualdade social no Brasil - SABRA - Sociedade Art\u00edstica Brasileira","description":"A desigualdade social no Brasil \u00e9 a condi\u00e7\u00e3o em que um grupo de pessoas tem muito poder, enquanto que o outro tem muito pouco ou quase nada.","robots":{"index":"index","follow":"follow","max-snippet":"max-snippet:-1","max-image-preview":"max-image-preview:large","max-video-preview":"max-video-preview:-1"},"canonical":"https:\/\/www.sabra.org.br\/site\/desigualdade\/","og_locale":"pt_BR","og_type":"article","og_title":"As consequ\u00eancias da desigualdade social no Brasil - SABRA - Sociedade Art\u00edstica Brasileira","og_description":"A desigualdade social no Brasil \u00e9 a condi\u00e7\u00e3o em que um grupo de pessoas tem muito poder, enquanto que o outro tem muito pouco ou quase nada.","og_url":"https:\/\/www.sabra.org.br\/site\/desigualdade\/","og_site_name":"SABRA - Sociedade Art\u00edstica Brasileira","article_publisher":"https:\/\/www.facebook.com\/sabrabrasil","article_published_time":"2021-06-18T13:38:51+00:00","og_image":[{"width":800,"height":450,"url":"https:\/\/i0.wp.com\/www.sabra.org.br\/site\/wp-content\/uploads\/2021\/06\/as-consequencias-da-desigualdade-social-no-brasil-20210423165408.jpg.jpg?fit=800%2C450&ssl=1","type":"image\/jpeg"}],"author":"M\u00e1rcio Miranda Pontes","twitter_card":"summary_large_image","twitter_creator":"@ContatoSabra","twitter_site":"@ContatoSabra","twitter_misc":{"Escrito por":"M\u00e1rcio Miranda Pontes","Est. tempo de leitura":"3 minutos"},"schema":{"@context":"https:\/\/schema.org","@graph":[{"@type":"Article","@id":"https:\/\/www.sabra.org.br\/site\/desigualdade\/#article","isPartOf":{"@id":"https:\/\/www.sabra.org.br\/site\/desigualdade\/"},"author":{"name":"M\u00e1rcio Miranda Pontes","@id":"https:\/\/www.sabra.org.br\/site\/#\/schema\/person\/7d1d222c3c8891d4c37c7b41bf6315c2"},"headline":"As consequ\u00eancias da desigualdade social no Brasil","datePublished":"2021-06-18T13:38:51+00:00","mainEntityOfPage":{"@id":"https:\/\/www.sabra.org.br\/site\/desigualdade\/"},"wordCount":787,"publisher":{"@id":"https:\/\/www.sabra.org.br\/site\/#organization"},"image":{"@id":"https:\/\/www.sabra.org.br\/site\/desigualdade\/#primaryimage"},"thumbnailUrl":"https:\/\/www.sabra.org.br\/site\/wp-content\/uploads\/2021\/06\/as-consequencias-da-desigualdade-social-no-brasil-20210423165408.jpg.jpg","keywords":["Assist\u00eancia social","Canto Coral","Escola de Musica SABRA","Musicaliza\u00e7\u00e3o Infantil","nova lima","Orquestra Infanto Juvenil de Betim","Orquestra Sinf\u00f4nica de Betim","Sociedade Art\u00edstica Brasileira"],"articleSection":["Blog SABRA"],"inLanguage":"pt-BR"},{"@type":"WebPage","@id":"https:\/\/www.sabra.org.br\/site\/desigualdade\/","url":"https:\/\/www.sabra.org.br\/site\/desigualdade\/","name":"As consequ\u00eancias da desigualdade social no Brasil - SABRA - Sociedade Art\u00edstica Brasileira","isPartOf":{"@id":"https:\/\/www.sabra.org.br\/site\/#website"},"primaryImageOfPage":{"@id":"https:\/\/www.sabra.org.br\/site\/desigualdade\/#primaryimage"},"image":{"@id":"https:\/\/www.sabra.org.br\/site\/desigualdade\/#primaryimage"},"thumbnailUrl":"https:\/\/www.sabra.org.br\/site\/wp-content\/uploads\/2021\/06\/as-consequencias-da-desigualdade-social-no-brasil-20210423165408.jpg.jpg","datePublished":"2021-06-18T13:38:51+00:00","description":"A desigualdade social no Brasil \u00e9 a condi\u00e7\u00e3o em que um grupo de pessoas tem muito poder, enquanto que o outro tem muito pouco ou quase nada.","breadcrumb":{"@id":"https:\/\/www.sabra.org.br\/site\/desigualdade\/#breadcrumb"},"inLanguage":"pt-BR","potentialAction":[{"@type":"ReadAction","target":["https:\/\/www.sabra.org.br\/site\/desigualdade\/"]}]},{"@type":"ImageObject","inLanguage":"pt-BR","@id":"https:\/\/www.sabra.org.br\/site\/desigualdade\/#primaryimage","url":"https:\/\/www.sabra.org.br\/site\/wp-content\/uploads\/2021\/06\/as-consequencias-da-desigualdade-social-no-brasil-20210423165408.jpg.jpg","contentUrl":"https:\/\/www.sabra.org.br\/site\/wp-content\/uploads\/2021\/06\/as-consequencias-da-desigualdade-social-no-brasil-20210423165408.jpg.jpg","width":800,"height":450,"caption":"Sociedade Art\u00edstica Brasileira SABRA"},{"@type":"BreadcrumbList","@id":"https:\/\/www.sabra.org.br\/site\/desigualdade\/#breadcrumb","itemListElement":[{"@type":"ListItem","position":1,"name":"In\u00edcio","item":"https:\/\/www.sabra.org.br\/site\/"},{"@type":"ListItem","position":2,"name":"As consequ\u00eancias da desigualdade social no Brasil"}]},{"@type":"WebSite","@id":"https:\/\/www.sabra.org.br\/site\/#website","url":"https:\/\/www.sabra.org.br\/site\/","name":"SABRA - Sociedade Art\u00edstica Brasileira","description":"Escola de M\u00fasica, Orquestra Sinf\u00f4nica, Coral e Patrim\u00f4nio Cultural e Hist\u00f3rico","publisher":{"@id":"https:\/\/www.sabra.org.br\/site\/#organization"},"potentialAction":[{"@type":"SearchAction","target":{"@type":"EntryPoint","urlTemplate":"https:\/\/www.sabra.org.br\/site\/?s={search_term_string}"},"query-input":{"@type":"PropertyValueSpecification","valueRequired":true,"valueName":"search_term_string"}}],"inLanguage":"pt-BR"},{"@type":"Organization","@id":"https:\/\/www.sabra.org.br\/site\/#organization","name":"SOCIEDADE ART\u00cdSTICA BRASILEIRA SABRA","alternateName":"SABRA","url":"https:\/\/www.sabra.org.br\/site\/","logo":{"@type":"ImageObject","inLanguage":"pt-BR","@id":"https:\/\/www.sabra.org.br\/site\/#\/schema\/logo\/image\/","url":"https:\/\/www.sabra.org.br\/site\/wp-content\/uploads\/2019\/06\/cropped-Logo_SABRA-Copia-1.webp","contentUrl":"https:\/\/www.sabra.org.br\/site\/wp-content\/uploads\/2019\/06\/cropped-Logo_SABRA-Copia-1.webp","width":400,"height":128,"caption":"SOCIEDADE ART\u00cdSTICA BRASILEIRA SABRA"},"image":{"@id":"https:\/\/www.sabra.org.br\/site\/#\/schema\/logo\/image\/"},"sameAs":["https:\/\/www.facebook.com\/sabrabrasil","https:\/\/x.com\/ContatoSabra","https:\/\/www.instagram.com\/sabrabrasil\/","https:\/\/www.linkedin.com\/company\/25002088\/","https:\/\/br.pinterest.com\/sociedadeartisticabrasileira\/","https:\/\/www.youtube.com\/c\/sabrabrasil"]},{"@type":"Person","@id":"https:\/\/www.sabra.org.br\/site\/#\/schema\/person\/7d1d222c3c8891d4c37c7b41bf6315c2","name":"M\u00e1rcio Miranda Pontes","image":{"@type":"ImageObject","inLanguage":"pt-BR","@id":"https:\/\/secure.gravatar.com\/avatar\/3b45f24496a7625a3a6c436688fbe20344faaeb2979658dc4a9921f984d7df9a?s=96&d=mm&r=g","url":"https:\/\/secure.gravatar.com\/avatar\/3b45f24496a7625a3a6c436688fbe20344faaeb2979658dc4a9921f984d7df9a?s=96&d=mm&r=g","contentUrl":"https:\/\/secure.gravatar.com\/avatar\/3b45f24496a7625a3a6c436688fbe20344faaeb2979658dc4a9921f984d7df9a?s=96&d=mm&r=g","caption":"M\u00e1rcio Miranda Pontes"},"sameAs":["http:\/\/www.sabra.org.br"],"url":"https:\/\/www.sabra.org.br\/site\/author\/marcio-miranda-pontes\/"}]}},"jetpack_featured_media_url":"https:\/\/www.sabra.org.br\/site\/wp-content\/uploads\/2021\/06\/as-consequencias-da-desigualdade-social-no-brasil-20210423165408.jpg.jpg","jetpack_shortlink":"https:\/\/wp.me\/p95j2Z-11E","jetpack-related-posts":[{"id":7111,"url":"https:\/\/www.sabra.org.br\/site\/coral-crianca\/","url_meta":{"origin":3946,"position":0},"title":"Atuar no coral escolar pode incentivar a socializa\u00e7\u00e3o e inclus\u00e3o","author":"M\u00e1rcio Miranda Pontes","date":"12 de maio de 2023","format":false,"excerpt":"A socializa\u00e7\u00e3o e a inclus\u00e3o de crian\u00e7as no per\u00edodo da escola pode ser algo complicado, sobretudo se estivermos falando de uma crian\u00e7a t\u00edmida e introvertida. Mas atuar no coral pode ser uma excelente alternativa, confira o porqu\u00ea.","rel":"","context":"Em &quot;Blog SABRA&quot;","block_context":{"text":"Blog SABRA","link":"https:\/\/www.sabra.org.br\/site\/category\/blog-sabra\/"},"img":{"alt_text":"coral-crian\u00e7a-m\u00fasica-inclus\u00e3o-timidez-desenvolvimento","src":"https:\/\/i0.wp.com\/www.sabra.org.br\/site\/wp-content\/uploads\/2023\/05\/atuar-no-coral-escolar-pode-incentivar-a-socializacao-e-inclusao-20171229162457.jpg-jpg.webp?resize=350%2C200&ssl=1","width":350,"height":200,"srcset":"https:\/\/i0.wp.com\/www.sabra.org.br\/site\/wp-content\/uploads\/2023\/05\/atuar-no-coral-escolar-pode-incentivar-a-socializacao-e-inclusao-20171229162457.jpg-jpg.webp?resize=350%2C200&ssl=1 1x, https:\/\/i0.wp.com\/www.sabra.org.br\/site\/wp-content\/uploads\/2023\/05\/atuar-no-coral-escolar-pode-incentivar-a-socializacao-e-inclusao-20171229162457.jpg-jpg.webp?resize=525%2C300&ssl=1 1.5x, https:\/\/i0.wp.com\/www.sabra.org.br\/site\/wp-content\/uploads\/2023\/05\/atuar-no-coral-escolar-pode-incentivar-a-socializacao-e-inclusao-20171229162457.jpg-jpg.webp?resize=700%2C400&ssl=1 2x"},"classes":[]},{"id":5030,"url":"https:\/\/www.sabra.org.br\/site\/desigualdade-cultura\/","url_meta":{"origin":3946,"position":1},"title":"A desigualdade do acesso \u00e0 cultura no Brasil","author":"M\u00e1rcio Miranda Pontes","date":"2 de maio de 2022","format":false,"excerpt":"O acesso \u00e0 cultura \u00e9 essencial para a forma\u00e7\u00e3o de novos cidad\u00e3os, al\u00e9m de ser um mecanismo de lazer e aprendizado. Clique aqui e saiba mais sobre a desigualdade de acesso que existe no Brasil.","rel":"","context":"Em &quot;Blog SABRA&quot;","block_context":{"text":"Blog SABRA","link":"https:\/\/www.sabra.org.br\/site\/category\/blog-sabra\/"},"img":{"alt_text":"cultura-acesso-desigualdade","src":"https:\/\/i0.wp.com\/www.sabra.org.br\/site\/wp-content\/uploads\/2022\/05\/a-desigualdade-do-acesso-a-cultura-no-brasil-20210723092324.jpg.jpg?resize=350%2C200&ssl=1","width":350,"height":200,"srcset":"https:\/\/i0.wp.com\/www.sabra.org.br\/site\/wp-content\/uploads\/2022\/05\/a-desigualdade-do-acesso-a-cultura-no-brasil-20210723092324.jpg.jpg?resize=350%2C200&ssl=1 1x, https:\/\/i0.wp.com\/www.sabra.org.br\/site\/wp-content\/uploads\/2022\/05\/a-desigualdade-do-acesso-a-cultura-no-brasil-20210723092324.jpg.jpg?resize=525%2C300&ssl=1 1.5x, https:\/\/i0.wp.com\/www.sabra.org.br\/site\/wp-content\/uploads\/2022\/05\/a-desigualdade-do-acesso-a-cultura-no-brasil-20210723092324.jpg.jpg?resize=700%2C400&ssl=1 2x"},"classes":[]},{"id":2353,"url":"https:\/\/www.sabra.org.br\/site\/desigualdade-social\/","url_meta":{"origin":3946,"position":2},"title":"Desigualdade social","author":"M\u00e1rcio Miranda Pontes","date":"25 de setembro de 2019","format":false,"excerpt":"A desigualdade social \u00e9 um problema presente na estrutura brasileira desde a era colonial e \u00e9 ainda um desafios da atualidade. Exclus\u00e3o de direitos b\u00e1sicos.","rel":"","context":"Em &quot;Blog SABRA&quot;","block_context":{"text":"Blog SABRA","link":"https:\/\/www.sabra.org.br\/site\/category\/blog-sabra\/"},"img":{"alt_text":"desigualdade-social","src":"https:\/\/i0.wp.com\/www.sabra.org.br\/site\/wp-content\/uploads\/2019\/09\/quais-acoes-devem-ser-tomadas-para-a-combater-a-desigualdade-no-brasil-20190531112303.jpg.jpg?resize=350%2C200&ssl=1","width":350,"height":200,"srcset":"https:\/\/i0.wp.com\/www.sabra.org.br\/site\/wp-content\/uploads\/2019\/09\/quais-acoes-devem-ser-tomadas-para-a-combater-a-desigualdade-no-brasil-20190531112303.jpg.jpg?resize=350%2C200&ssl=1 1x, https:\/\/i0.wp.com\/www.sabra.org.br\/site\/wp-content\/uploads\/2019\/09\/quais-acoes-devem-ser-tomadas-para-a-combater-a-desigualdade-no-brasil-20190531112303.jpg.jpg?resize=525%2C300&ssl=1 1.5x, https:\/\/i0.wp.com\/www.sabra.org.br\/site\/wp-content\/uploads\/2019\/09\/quais-acoes-devem-ser-tomadas-para-a-combater-a-desigualdade-no-brasil-20190531112303.jpg.jpg?resize=700%2C400&ssl=1 2x"},"classes":[]},{"id":13439,"url":"https:\/\/www.sabra.org.br\/site\/desigualdade-2\/","url_meta":{"origin":3946,"position":3},"title":"Quais a\u00e7\u00f5es devem ser tomadas para a combater a desigualdade no Brasil?","author":"M\u00e1rcio Miranda Pontes","date":"4 de junho de 2025","format":false,"excerpt":"Explore a desigualdade no Brasil e suas consequ\u00eancias graves para a sociedade. Conhe\u00e7a as ra\u00edzes dessa quest\u00e3o complexa.","rel":"","context":"Em &quot;Blog SABRA&quot;","block_context":{"text":"Blog SABRA","link":"https:\/\/www.sabra.org.br\/site\/category\/blog-sabra\/"},"img":{"alt_text":"","src":"","width":0,"height":0},"classes":[]},{"id":7212,"url":"https:\/\/www.sabra.org.br\/site\/jovem-inclusao-mercado-trabalho\/","url_meta":{"origin":3946,"position":4},"title":"Como os projetos sociais ajudam na inclus\u00e3o dos jovens no mercado de trabalho?","author":"M\u00e1rcio Miranda Pontes","date":"26 de maio de 2023","format":false,"excerpt":"Deseja saber como os projetos sociais ajudam na inclus\u00e3o de jovens no mercado de trabalho? Acesse este texto e aproveite para matricular seu filho em um para se desenvolver e, assim, conquistar seu lugar na sociedade!","rel":"","context":"Em &quot;Blog SABRA&quot;","block_context":{"text":"Blog SABRA","link":"https:\/\/www.sabra.org.br\/site\/category\/blog-sabra\/"},"img":{"alt_text":"sociais-projeto-jovem-trabalho-conhecimento-emprego-sabra","src":"https:\/\/i0.wp.com\/www.sabra.org.br\/site\/wp-content\/uploads\/2023\/05\/como-os-projetos-sociais-ajudam-na-inclusao-dos-jovens-no-mercado-de-trabalho-20181024171547.jpg-jpg.webp?resize=350%2C200&ssl=1","width":350,"height":200,"srcset":"https:\/\/i0.wp.com\/www.sabra.org.br\/site\/wp-content\/uploads\/2023\/05\/como-os-projetos-sociais-ajudam-na-inclusao-dos-jovens-no-mercado-de-trabalho-20181024171547.jpg-jpg.webp?resize=350%2C200&ssl=1 1x, https:\/\/i0.wp.com\/www.sabra.org.br\/site\/wp-content\/uploads\/2023\/05\/como-os-projetos-sociais-ajudam-na-inclusao-dos-jovens-no-mercado-de-trabalho-20181024171547.jpg-jpg.webp?resize=525%2C300&ssl=1 1.5x, https:\/\/i0.wp.com\/www.sabra.org.br\/site\/wp-content\/uploads\/2023\/05\/como-os-projetos-sociais-ajudam-na-inclusao-dos-jovens-no-mercado-de-trabalho-20181024171547.jpg-jpg.webp?resize=700%2C400&ssl=1 2x"},"classes":[]},{"id":4054,"url":"https:\/\/www.sabra.org.br\/site\/inclusao-social-3\/","url_meta":{"origin":3946,"position":5},"title":"Inclus\u00e3o social &#8211; Como pratic\u00e1-la?","author":"M\u00e1rcio Miranda Pontes","date":"26 de julho de 2021","format":false,"excerpt":"Inclus\u00e3o social - Como pratic\u00e1-la? A inclus\u00e3o social tem sido bastante discutida nos \u00faltimos tempos. Isso porque uma boa parte da sociedade n\u00e3o tolera mais as desigualdades sociais. Mas, afinal, voc\u00ea sabe o que \u00e9 inclus\u00e3o social e como pratic\u00e1-la? Saiba mais no artigo.","rel":"","context":"Em &quot;Blog SABRA&quot;","block_context":{"text":"Blog SABRA","link":"https:\/\/www.sabra.org.br\/site\/category\/blog-sabra\/"},"img":{"alt_text":"inclus\u00e3o-social-pessoas","src":"https:\/\/i0.wp.com\/www.sabra.org.br\/site\/wp-content\/uploads\/2021\/07\/afinal-o-que-e-inclusao-social-e-como-pratica-la-20210609152644.jpg.jpg?resize=350%2C200&ssl=1","width":350,"height":200,"srcset":"https:\/\/i0.wp.com\/www.sabra.org.br\/site\/wp-content\/uploads\/2021\/07\/afinal-o-que-e-inclusao-social-e-como-pratica-la-20210609152644.jpg.jpg?resize=350%2C200&ssl=1 1x, https:\/\/i0.wp.com\/www.sabra.org.br\/site\/wp-content\/uploads\/2021\/07\/afinal-o-que-e-inclusao-social-e-como-pratica-la-20210609152644.jpg.jpg?resize=525%2C300&ssl=1 1.5x, https:\/\/i0.wp.com\/www.sabra.org.br\/site\/wp-content\/uploads\/2021\/07\/afinal-o-que-e-inclusao-social-e-como-pratica-la-20210609152644.jpg.jpg?resize=700%2C400&ssl=1 2x"},"classes":[]}],"jetpack_likes_enabled":true,"jetpack_sharing_enabled":true,"_links":{"self":[{"href":"https:\/\/www.sabra.org.br\/site\/wp-json\/wp\/v2\/posts\/3946","targetHints":{"allow":["GET"]}}],"collection":[{"href":"https:\/\/www.sabra.org.br\/site\/wp-json\/wp\/v2\/posts"}],"about":[{"href":"https:\/\/www.sabra.org.br\/site\/wp-json\/wp\/v2\/types\/post"}],"author":[{"embeddable":true,"href":"https:\/\/www.sabra.org.br\/site\/wp-json\/wp\/v2\/users\/39"}],"replies":[{"embeddable":true,"href":"https:\/\/www.sabra.org.br\/site\/wp-json\/wp\/v2\/comments?post=3946"}],"version-history":[{"count":0,"href":"https:\/\/www.sabra.org.br\/site\/wp-json\/wp\/v2\/posts\/3946\/revisions"}],"wp:featuredmedia":[{"embeddable":true,"href":"https:\/\/www.sabra.org.br\/site\/wp-json\/wp\/v2\/media\/3948"}],"wp:attachment":[{"href":"https:\/\/www.sabra.org.br\/site\/wp-json\/wp\/v2\/media?parent=3946"}],"wp:term":[{"taxonomy":"category","embeddable":true,"href":"https:\/\/www.sabra.org.br\/site\/wp-json\/wp\/v2\/categories?post=3946"},{"taxonomy":"post_tag","embeddable":true,"href":"https:\/\/www.sabra.org.br\/site\/wp-json\/wp\/v2\/tags?post=3946"}],"curies":[{"name":"wp","href":"https:\/\/api.w.org\/{rel}","templated":true}]}}