{"id":3950,"date":"2021-06-21T08:58:33","date_gmt":"2021-06-21T11:58:33","guid":{"rendered":"https:\/\/www.sabra.org.br\/site\/?p=3950"},"modified":"2025-04-19T15:20:10","modified_gmt":"2025-04-19T18:20:10","slug":"clima","status":"publish","type":"post","link":"https:\/\/www.sabra.org.br\/site\/clima\/","title":{"rendered":"Saiba mais sobre as mudan\u00e7as globais do clima e seus impactos"},"content":{"rendered":"<p>[vc_row][vc_column][vc_column_text]As mudan\u00e7as no clima do nosso planeta fazem parte de um debate recorrente h\u00e1 d\u00e9cadas. Seu apogeu se deu em 1999, quando in\u00fameros pa\u00edses assinaram o Protocolo de Kyoto, por meio de resolu\u00e7\u00f5es intermediadas pela Organiza\u00e7\u00e3o das Na\u00e7\u00f5es Unidas (ONU).<\/p>\n<p>De l\u00e1 para c\u00e1 &#8211; e at\u00e9 mesmo antes &#8211; o debate cerne a seguinte quest\u00e3o: quais s\u00e3o as mudan\u00e7as globais do clima e seus impactos? J\u00e1 estamos sentindo-as ou isso \u00e9 uma quest\u00e3o que apenas as futuras gera\u00e7\u00f5es ir\u00e3o ver?<\/p>\n<p>Por questionamentos do g\u00eanero \u00e9 urgente que todos saibam o que vivemos no atual momento. Assim, n\u00e3o apenas tomar medidas de prote\u00e7\u00e3o \u00e0 Terra, mas tamb\u00e9m a exig\u00eancia para que empresas e governos reduzam sua emiss\u00e3o de poluentes, tornou-se necess\u00e1ria.<\/p>\n<h2>O aquecimento global<\/h2>\n<p>Toda essa discuss\u00e3o gira em torno de uma preocupa\u00e7\u00e3o mundial: o aquecimento global. Basicamente, estamos falando do aumento da temperatura dos oceanos e de uma camada pr\u00f3xima \u00e0 crosta terrestre. Essa altera\u00e7\u00e3o, mesmo que pequena, causa s\u00e9rios danos aos mais diversos biomas encontrados no mundo.<\/p>\n<p>O processo de ac\u00famulo de bi\u00f3xido de carbono (CO2) e outros gases, na nossa atmosfera, causam o aumento do efeito estufa. O termo, vale destacar, se refere a um processo natural &#8211; mas, com as a\u00e7\u00f5es humanas que emitem v\u00e1rios gases na atmosfera, ele aumenta, o que ret\u00e9m ainda mais gases.<\/p>\n<p>Em resumo, as mudan\u00e7as globais do clima, muitas vezes, se d\u00e3o pela pr\u00f3pria a\u00e7\u00e3o da natureza; todavia, os seres humanos est\u00e3o agilizando o processo em escala jamais vista, o que traz uma s\u00e9rie de problemas para a vida na Terra.<\/p>\n<h2>Consequ\u00eancias e impactos<\/h2>\n<p>Naturalmente, as esp\u00e9cies animais, vegetais, fungos e micro-organismos est\u00e3o adaptados a determinado clima, press\u00e3o e temperatura. Quando h\u00e1 uma altera\u00e7\u00e3o dr\u00e1stica, esp\u00e9cies inteiras podem ser dizimadas pela falta de tempo para se adaptarem ao novo clima.<\/p>\n<p>Mais do que isso, a extin\u00e7\u00e3o pode vir por uma cadeia de fatores desencadeados pelas mudan\u00e7as globais do clima. Entre elas est\u00e3o, por exemplo, seca em v\u00e1rias regi\u00f5es de rica biodiversidade e chuvas constantes em locais que h\u00e1 animais e plantas acostumados a um habitat mais seco.<\/p>\n<p>Inc\u00eandios, devido a secagem dos campos e aumento da temperatura; aumento do n\u00edvel do mar, em consequ\u00eancia do degelo das calotas polares; falta de \u00e1gua pot\u00e1vel em diversos locais; entre outros desastres, poder\u00e3o ser cen\u00e1rios comuns em v\u00e1rios pa\u00edses, inclusive os tropicais como o Brasil.<\/p>\n<p>E, \u00e9 claro, para a popula\u00e7\u00e3o humana o efeito \u00e9 sentido de forma direta. A produ\u00e7\u00e3o de alimentos e a pecu\u00e1ria, devido a falta de \u00e1gua, \u00e1reas de pastagem e nutrientes no solo, diminuir\u00e3o drasticamente nossa produ\u00e7\u00e3o de insumos alimentares, causando fome generalizada.<\/p>\n<p>Esp\u00e9cies animais que nos ajudam, como abelhas, podem ter queda populacional e empobrecer a riqueza vegetal. Para complementar, a falta de \u00e1gua pot\u00e1vel e a prolifera\u00e7\u00e3o de insetos transmissores de doen\u00e7as, que se adaptam melhor ao calor, trar\u00e3o graves doen\u00e7as a popula\u00e7\u00f5es inteiras.<\/p>\n<h2>H\u00e1 como reverter?<\/h2>\n<p>Felizmente, sim. Um dos exemplos \u00e9 o Acordo de Paris que uniu 195 pa\u00edses para manter a temperatura m\u00e9dia global abaixo de 2 \u00baC em rela\u00e7\u00e3o ao que se encontrava antes das revolu\u00e7\u00f5es industriais.<\/p>\n<p>Para esse \u00ednterim, acordos e pr\u00e1ticas sustent\u00e1veis, principalmente nas a\u00e7\u00f5es humanas na cidade, mas tamb\u00e9m no campo, contribuem para que as mudan\u00e7as clim\u00e1ticas sejam apenas um desafio separado, e n\u00e3o o nosso fim!<\/p>\n<hr \/>\n<h2>Se voc\u00ea gostou deste post:<\/h2>\n<p>&#8211; SIGA as nossas p\u00e1ginas nas redes sociais para acompanhar as nossas atualiza\u00e7\u00f5es: estamos no <a href=\"https:\/\/www.facebook.com\/sabrabrasil\" target=\"_blank\" rel=\"noopener\">Facebook<\/a>, no <a href=\"https:\/\/www.instagram.com\/sabrabrasil\/\" target=\"_blank\" rel=\"noopener\">Instagram<\/a>, no <a href=\"https:\/\/www.linkedin.com\/company\/25002088\" target=\"_blank\" rel=\"noopener\">LinkedIn<\/a>, no <a href=\"https:\/\/twitter.com\/ContatoSabra\" target=\"_blank\" rel=\"noopener\">Twitter<\/a> e no <a href=\"https:\/\/www.youtube.com\/channel\/UCJw-kbuEvzUNdeQf20Pa-eQ\" target=\"_blank\" rel=\"noopener\">YouTube<\/a>!<\/p>\n<p>&#8211; CONHE\u00c7A o trabalho da Sociedade Art\u00edstica Brasileira (SABRA) e todas as iniciativas culturais e sociais que ela mant\u00e9m. <a href=\"https:\/\/www.sabra.org.br\/site\/acoes\/\" target=\"_blank\" rel=\"noopener\">Acesse nosso site!<\/a><\/p>\n<p>&#8211; ENTRE EM CONTATO com a gente. E veja quais s\u00e3o as op\u00e7\u00f5es de ajuda na manuten\u00e7\u00e3o de nossas a\u00e7\u00f5es sociais e culturais. Basta acessar nossa p\u00e1gina <a href=\"https:\/\/www.sabra.org.br\/site\/doe-agora\/\" target=\"_blank\" rel=\"noopener\">Doe Agora!<\/a><\/p>\n<p>&#8211; COMPARTILHE este texto nas suas redes sociais e ajude os seus amigos a tamb\u00e9m dominarem o assunto![\/vc_column_text][\/vc_column][\/vc_row]<\/p>\n","protected":false},"excerpt":{"rendered":"<p>Saiba mais sobre as mudan\u00e7as globais do clima e seus impactos<\/p>\n<p>O cen\u00e1rio mundial sobre as mudan\u00e7as do clima est\u00e1 nos notici\u00e1rios, debate p\u00fablico e a\u00e7\u00f5es governamentais. Mas, afinal, quais s\u00e3o essas altera\u00e7\u00f5es no nosso planeta e quais consequ\u00eancias causam? Este \u00e9 o tema do assunto do nosso artigo.<\/p>\n","protected":false},"author":39,"featured_media":3951,"comment_status":"closed","ping_status":"closed","sticky":false,"template":"","format":"standard","meta":{"jetpack_post_was_ever_published":false,"_jetpack_newsletter_access":"","_jetpack_dont_email_post_to_subs":false,"_jetpack_newsletter_tier_id":0,"_jetpack_memberships_contains_paywalled_content":false,"_jetpack_memberships_contains_paid_content":false,"footnotes":""},"categories":[1],"tags":[15,8,1285,16,3519,1286,11,9],"class_list":["post-3950","post","type-post","status-publish","format-standard","has-post-thumbnail","hentry","category-blog-sabra","tag-assistencia-social","tag-canto-coral","tag-escola-de-musica-sabra","tag-musicalizacao-infantil","tag-nova-lima-2","tag-orquestra-infanto-juvenil-de-betim","tag-orquestra-sinfonica-de-betim","tag-sociedade-artistica-brasileira"],"yoast_head":"<!-- This site is optimized with the Yoast SEO plugin v27.5 - https:\/\/yoast.com\/product\/yoast-seo-wordpress\/ -->\n<title>Clima e suas Mudan\u00e7as Impactantes no Planeta - SABRA - Sociedade Art\u00edstica Brasileira<\/title>\n<meta name=\"description\" content=\"Entenda as mudan\u00e7as no clima e seus impactos no nosso planeta. A conscientiza\u00e7\u00e3o sobre o clima \u00e9 essencial para o futuro.\" \/>\n<meta name=\"robots\" content=\"index, follow, max-snippet:-1, max-image-preview:large, max-video-preview:-1\" \/>\n<link rel=\"canonical\" href=\"https:\/\/www.sabra.org.br\/site\/clima\/\" \/>\n<meta property=\"og:locale\" content=\"pt_BR\" \/>\n<meta property=\"og:type\" content=\"article\" \/>\n<meta property=\"og:title\" content=\"Clima e suas Mudan\u00e7as Impactantes no Planeta - SABRA - Sociedade Art\u00edstica Brasileira\" \/>\n<meta property=\"og:description\" content=\"Entenda as mudan\u00e7as no clima e seus impactos no nosso planeta. A conscientiza\u00e7\u00e3o sobre o clima \u00e9 essencial para o futuro.\" \/>\n<meta property=\"og:url\" content=\"https:\/\/www.sabra.org.br\/site\/clima\/\" \/>\n<meta property=\"og:site_name\" content=\"SABRA - Sociedade Art\u00edstica Brasileira\" \/>\n<meta property=\"article:publisher\" content=\"https:\/\/www.facebook.com\/sabrabrasil\" \/>\n<meta property=\"article:published_time\" content=\"2021-06-21T11:58:33+00:00\" \/>\n<meta property=\"article:modified_time\" content=\"2025-04-19T18:20:10+00:00\" \/>\n<meta property=\"og:image\" content=\"https:\/\/www.sabra.org.br\/site\/wp-content\/uploads\/2021\/06\/saiba-mais-sobre-as-mudancas-globais-do-clima-e-seus-impactos-20210423165408.jpg.jpg\" \/>\n\t<meta property=\"og:image:width\" content=\"800\" \/>\n\t<meta property=\"og:image:height\" content=\"533\" \/>\n\t<meta property=\"og:image:type\" content=\"image\/jpeg\" \/>\n<meta name=\"author\" content=\"M\u00e1rcio Miranda Pontes\" \/>\n<meta name=\"twitter:card\" content=\"summary_large_image\" \/>\n<meta name=\"twitter:creator\" content=\"@ContatoSabra\" \/>\n<meta name=\"twitter:site\" content=\"@ContatoSabra\" \/>\n<meta name=\"twitter:label1\" content=\"Escrito por\" \/>\n\t<meta name=\"twitter:data1\" content=\"M\u00e1rcio Miranda Pontes\" \/>\n\t<meta name=\"twitter:label2\" content=\"Est. tempo de leitura\" \/>\n\t<meta name=\"twitter:data2\" content=\"4 minutos\" \/>\n<script type=\"application\/ld+json\" class=\"yoast-schema-graph\">{\"@context\":\"https:\\\/\\\/schema.org\",\"@graph\":[{\"@type\":\"Article\",\"@id\":\"https:\\\/\\\/www.sabra.org.br\\\/site\\\/clima\\\/#article\",\"isPartOf\":{\"@id\":\"https:\\\/\\\/www.sabra.org.br\\\/site\\\/clima\\\/\"},\"author\":{\"name\":\"M\u00e1rcio Miranda Pontes\",\"@id\":\"https:\\\/\\\/www.sabra.org.br\\\/site\\\/#\\\/schema\\\/person\\\/7d1d222c3c8891d4c37c7b41bf6315c2\"},\"headline\":\"Saiba mais sobre as mudan\u00e7as globais do clima e seus impactos\",\"datePublished\":\"2021-06-21T11:58:33+00:00\",\"dateModified\":\"2025-04-19T18:20:10+00:00\",\"mainEntityOfPage\":{\"@id\":\"https:\\\/\\\/www.sabra.org.br\\\/site\\\/clima\\\/\"},\"wordCount\":752,\"publisher\":{\"@id\":\"https:\\\/\\\/www.sabra.org.br\\\/site\\\/#organization\"},\"image\":{\"@id\":\"https:\\\/\\\/www.sabra.org.br\\\/site\\\/clima\\\/#primaryimage\"},\"thumbnailUrl\":\"https:\\\/\\\/www.sabra.org.br\\\/site\\\/wp-content\\\/uploads\\\/2021\\\/06\\\/saiba-mais-sobre-as-mudancas-globais-do-clima-e-seus-impactos-20210423165408.jpg.jpg\",\"keywords\":[\"Assist\u00eancia social\",\"Canto Coral\",\"Escola de Musica SABRA\",\"Musicaliza\u00e7\u00e3o Infantil\",\"nova lima\",\"Orquestra Infanto Juvenil de Betim\",\"Orquestra Sinf\u00f4nica de Betim\",\"Sociedade Art\u00edstica Brasileira\"],\"articleSection\":[\"Blog SABRA\"],\"inLanguage\":\"pt-BR\"},{\"@type\":\"WebPage\",\"@id\":\"https:\\\/\\\/www.sabra.org.br\\\/site\\\/clima\\\/\",\"url\":\"https:\\\/\\\/www.sabra.org.br\\\/site\\\/clima\\\/\",\"name\":\"Clima e suas Mudan\u00e7as Impactantes no Planeta - SABRA - Sociedade Art\u00edstica Brasileira\",\"isPartOf\":{\"@id\":\"https:\\\/\\\/www.sabra.org.br\\\/site\\\/#website\"},\"primaryImageOfPage\":{\"@id\":\"https:\\\/\\\/www.sabra.org.br\\\/site\\\/clima\\\/#primaryimage\"},\"image\":{\"@id\":\"https:\\\/\\\/www.sabra.org.br\\\/site\\\/clima\\\/#primaryimage\"},\"thumbnailUrl\":\"https:\\\/\\\/www.sabra.org.br\\\/site\\\/wp-content\\\/uploads\\\/2021\\\/06\\\/saiba-mais-sobre-as-mudancas-globais-do-clima-e-seus-impactos-20210423165408.jpg.jpg\",\"datePublished\":\"2021-06-21T11:58:33+00:00\",\"dateModified\":\"2025-04-19T18:20:10+00:00\",\"description\":\"Entenda as mudan\u00e7as no clima e seus impactos no nosso planeta. A conscientiza\u00e7\u00e3o sobre o clima \u00e9 essencial para o futuro.\",\"breadcrumb\":{\"@id\":\"https:\\\/\\\/www.sabra.org.br\\\/site\\\/clima\\\/#breadcrumb\"},\"inLanguage\":\"pt-BR\",\"potentialAction\":[{\"@type\":\"ReadAction\",\"target\":[\"https:\\\/\\\/www.sabra.org.br\\\/site\\\/clima\\\/\"]}]},{\"@type\":\"ImageObject\",\"inLanguage\":\"pt-BR\",\"@id\":\"https:\\\/\\\/www.sabra.org.br\\\/site\\\/clima\\\/#primaryimage\",\"url\":\"https:\\\/\\\/www.sabra.org.br\\\/site\\\/wp-content\\\/uploads\\\/2021\\\/06\\\/saiba-mais-sobre-as-mudancas-globais-do-clima-e-seus-impactos-20210423165408.jpg.jpg\",\"contentUrl\":\"https:\\\/\\\/www.sabra.org.br\\\/site\\\/wp-content\\\/uploads\\\/2021\\\/06\\\/saiba-mais-sobre-as-mudancas-globais-do-clima-e-seus-impactos-20210423165408.jpg.jpg\",\"width\":800,\"height\":533,\"caption\":\"Sociedade Art\u00edstica Brasileira - SABRA\"},{\"@type\":\"BreadcrumbList\",\"@id\":\"https:\\\/\\\/www.sabra.org.br\\\/site\\\/clima\\\/#breadcrumb\",\"itemListElement\":[{\"@type\":\"ListItem\",\"position\":1,\"name\":\"In\u00edcio\",\"item\":\"https:\\\/\\\/www.sabra.org.br\\\/site\\\/\"},{\"@type\":\"ListItem\",\"position\":2,\"name\":\"Saiba mais sobre as mudan\u00e7as globais do clima e seus impactos\"}]},{\"@type\":\"WebSite\",\"@id\":\"https:\\\/\\\/www.sabra.org.br\\\/site\\\/#website\",\"url\":\"https:\\\/\\\/www.sabra.org.br\\\/site\\\/\",\"name\":\"SABRA - Sociedade Art\u00edstica Brasileira\",\"description\":\"Escola de M\u00fasica, Orquestra Sinf\u00f4nica, Coral e Patrim\u00f4nio Cultural e Hist\u00f3rico\",\"publisher\":{\"@id\":\"https:\\\/\\\/www.sabra.org.br\\\/site\\\/#organization\"},\"potentialAction\":[{\"@type\":\"SearchAction\",\"target\":{\"@type\":\"EntryPoint\",\"urlTemplate\":\"https:\\\/\\\/www.sabra.org.br\\\/site\\\/?s={search_term_string}\"},\"query-input\":{\"@type\":\"PropertyValueSpecification\",\"valueRequired\":true,\"valueName\":\"search_term_string\"}}],\"inLanguage\":\"pt-BR\"},{\"@type\":\"Organization\",\"@id\":\"https:\\\/\\\/www.sabra.org.br\\\/site\\\/#organization\",\"name\":\"SOCIEDADE ART\u00cdSTICA BRASILEIRA SABRA\",\"alternateName\":\"SABRA\",\"url\":\"https:\\\/\\\/www.sabra.org.br\\\/site\\\/\",\"logo\":{\"@type\":\"ImageObject\",\"inLanguage\":\"pt-BR\",\"@id\":\"https:\\\/\\\/www.sabra.org.br\\\/site\\\/#\\\/schema\\\/logo\\\/image\\\/\",\"url\":\"https:\\\/\\\/www.sabra.org.br\\\/site\\\/wp-content\\\/uploads\\\/2019\\\/06\\\/cropped-Logo_SABRA-Copia-1.webp\",\"contentUrl\":\"https:\\\/\\\/www.sabra.org.br\\\/site\\\/wp-content\\\/uploads\\\/2019\\\/06\\\/cropped-Logo_SABRA-Copia-1.webp\",\"width\":400,\"height\":128,\"caption\":\"SOCIEDADE ART\u00cdSTICA BRASILEIRA SABRA\"},\"image\":{\"@id\":\"https:\\\/\\\/www.sabra.org.br\\\/site\\\/#\\\/schema\\\/logo\\\/image\\\/\"},\"sameAs\":[\"https:\\\/\\\/www.facebook.com\\\/sabrabrasil\",\"https:\\\/\\\/x.com\\\/ContatoSabra\",\"https:\\\/\\\/www.instagram.com\\\/sabrabrasil\\\/\",\"https:\\\/\\\/www.linkedin.com\\\/company\\\/25002088\\\/\",\"https:\\\/\\\/br.pinterest.com\\\/sociedadeartisticabrasileira\\\/\",\"https:\\\/\\\/www.youtube.com\\\/c\\\/sabrabrasil\"]},{\"@type\":\"Person\",\"@id\":\"https:\\\/\\\/www.sabra.org.br\\\/site\\\/#\\\/schema\\\/person\\\/7d1d222c3c8891d4c37c7b41bf6315c2\",\"name\":\"M\u00e1rcio Miranda Pontes\",\"image\":{\"@type\":\"ImageObject\",\"inLanguage\":\"pt-BR\",\"@id\":\"https:\\\/\\\/secure.gravatar.com\\\/avatar\\\/3b45f24496a7625a3a6c436688fbe20344faaeb2979658dc4a9921f984d7df9a?s=96&d=mm&r=g\",\"url\":\"https:\\\/\\\/secure.gravatar.com\\\/avatar\\\/3b45f24496a7625a3a6c436688fbe20344faaeb2979658dc4a9921f984d7df9a?s=96&d=mm&r=g\",\"contentUrl\":\"https:\\\/\\\/secure.gravatar.com\\\/avatar\\\/3b45f24496a7625a3a6c436688fbe20344faaeb2979658dc4a9921f984d7df9a?s=96&d=mm&r=g\",\"caption\":\"M\u00e1rcio Miranda Pontes\"},\"sameAs\":[\"http:\\\/\\\/www.sabra.org.br\"],\"url\":\"https:\\\/\\\/www.sabra.org.br\\\/site\\\/author\\\/marcio-miranda-pontes\\\/\"}]}<\/script>\n<!-- \/ Yoast SEO plugin. -->","yoast_head_json":{"title":"Clima e suas Mudan\u00e7as Impactantes no Planeta - SABRA - Sociedade Art\u00edstica Brasileira","description":"Entenda as mudan\u00e7as no clima e seus impactos no nosso planeta. A conscientiza\u00e7\u00e3o sobre o clima \u00e9 essencial para o futuro.","robots":{"index":"index","follow":"follow","max-snippet":"max-snippet:-1","max-image-preview":"max-image-preview:large","max-video-preview":"max-video-preview:-1"},"canonical":"https:\/\/www.sabra.org.br\/site\/clima\/","og_locale":"pt_BR","og_type":"article","og_title":"Clima e suas Mudan\u00e7as Impactantes no Planeta - SABRA - Sociedade Art\u00edstica Brasileira","og_description":"Entenda as mudan\u00e7as no clima e seus impactos no nosso planeta. A conscientiza\u00e7\u00e3o sobre o clima \u00e9 essencial para o futuro.","og_url":"https:\/\/www.sabra.org.br\/site\/clima\/","og_site_name":"SABRA - Sociedade Art\u00edstica Brasileira","article_publisher":"https:\/\/www.facebook.com\/sabrabrasil","article_published_time":"2021-06-21T11:58:33+00:00","article_modified_time":"2025-04-19T18:20:10+00:00","og_image":[{"width":800,"height":533,"url":"https:\/\/www.sabra.org.br\/site\/wp-content\/uploads\/2021\/06\/saiba-mais-sobre-as-mudancas-globais-do-clima-e-seus-impactos-20210423165408.jpg.jpg","type":"image\/jpeg"}],"author":"M\u00e1rcio Miranda Pontes","twitter_card":"summary_large_image","twitter_creator":"@ContatoSabra","twitter_site":"@ContatoSabra","twitter_misc":{"Escrito por":"M\u00e1rcio Miranda Pontes","Est. tempo de leitura":"4 minutos"},"schema":{"@context":"https:\/\/schema.org","@graph":[{"@type":"Article","@id":"https:\/\/www.sabra.org.br\/site\/clima\/#article","isPartOf":{"@id":"https:\/\/www.sabra.org.br\/site\/clima\/"},"author":{"name":"M\u00e1rcio Miranda Pontes","@id":"https:\/\/www.sabra.org.br\/site\/#\/schema\/person\/7d1d222c3c8891d4c37c7b41bf6315c2"},"headline":"Saiba mais sobre as mudan\u00e7as globais do clima e seus impactos","datePublished":"2021-06-21T11:58:33+00:00","dateModified":"2025-04-19T18:20:10+00:00","mainEntityOfPage":{"@id":"https:\/\/www.sabra.org.br\/site\/clima\/"},"wordCount":752,"publisher":{"@id":"https:\/\/www.sabra.org.br\/site\/#organization"},"image":{"@id":"https:\/\/www.sabra.org.br\/site\/clima\/#primaryimage"},"thumbnailUrl":"https:\/\/www.sabra.org.br\/site\/wp-content\/uploads\/2021\/06\/saiba-mais-sobre-as-mudancas-globais-do-clima-e-seus-impactos-20210423165408.jpg.jpg","keywords":["Assist\u00eancia social","Canto Coral","Escola de Musica SABRA","Musicaliza\u00e7\u00e3o Infantil","nova lima","Orquestra Infanto Juvenil de Betim","Orquestra Sinf\u00f4nica de Betim","Sociedade Art\u00edstica Brasileira"],"articleSection":["Blog SABRA"],"inLanguage":"pt-BR"},{"@type":"WebPage","@id":"https:\/\/www.sabra.org.br\/site\/clima\/","url":"https:\/\/www.sabra.org.br\/site\/clima\/","name":"Clima e suas Mudan\u00e7as Impactantes no Planeta - SABRA - Sociedade Art\u00edstica Brasileira","isPartOf":{"@id":"https:\/\/www.sabra.org.br\/site\/#website"},"primaryImageOfPage":{"@id":"https:\/\/www.sabra.org.br\/site\/clima\/#primaryimage"},"image":{"@id":"https:\/\/www.sabra.org.br\/site\/clima\/#primaryimage"},"thumbnailUrl":"https:\/\/www.sabra.org.br\/site\/wp-content\/uploads\/2021\/06\/saiba-mais-sobre-as-mudancas-globais-do-clima-e-seus-impactos-20210423165408.jpg.jpg","datePublished":"2021-06-21T11:58:33+00:00","dateModified":"2025-04-19T18:20:10+00:00","description":"Entenda as mudan\u00e7as no clima e seus impactos no nosso planeta. A conscientiza\u00e7\u00e3o sobre o clima \u00e9 essencial para o futuro.","breadcrumb":{"@id":"https:\/\/www.sabra.org.br\/site\/clima\/#breadcrumb"},"inLanguage":"pt-BR","potentialAction":[{"@type":"ReadAction","target":["https:\/\/www.sabra.org.br\/site\/clima\/"]}]},{"@type":"ImageObject","inLanguage":"pt-BR","@id":"https:\/\/www.sabra.org.br\/site\/clima\/#primaryimage","url":"https:\/\/www.sabra.org.br\/site\/wp-content\/uploads\/2021\/06\/saiba-mais-sobre-as-mudancas-globais-do-clima-e-seus-impactos-20210423165408.jpg.jpg","contentUrl":"https:\/\/www.sabra.org.br\/site\/wp-content\/uploads\/2021\/06\/saiba-mais-sobre-as-mudancas-globais-do-clima-e-seus-impactos-20210423165408.jpg.jpg","width":800,"height":533,"caption":"Sociedade Art\u00edstica Brasileira - SABRA"},{"@type":"BreadcrumbList","@id":"https:\/\/www.sabra.org.br\/site\/clima\/#breadcrumb","itemListElement":[{"@type":"ListItem","position":1,"name":"In\u00edcio","item":"https:\/\/www.sabra.org.br\/site\/"},{"@type":"ListItem","position":2,"name":"Saiba mais sobre as mudan\u00e7as globais do clima e seus impactos"}]},{"@type":"WebSite","@id":"https:\/\/www.sabra.org.br\/site\/#website","url":"https:\/\/www.sabra.org.br\/site\/","name":"SABRA - Sociedade Art\u00edstica Brasileira","description":"Escola de M\u00fasica, Orquestra Sinf\u00f4nica, Coral e Patrim\u00f4nio Cultural e Hist\u00f3rico","publisher":{"@id":"https:\/\/www.sabra.org.br\/site\/#organization"},"potentialAction":[{"@type":"SearchAction","target":{"@type":"EntryPoint","urlTemplate":"https:\/\/www.sabra.org.br\/site\/?s={search_term_string}"},"query-input":{"@type":"PropertyValueSpecification","valueRequired":true,"valueName":"search_term_string"}}],"inLanguage":"pt-BR"},{"@type":"Organization","@id":"https:\/\/www.sabra.org.br\/site\/#organization","name":"SOCIEDADE ART\u00cdSTICA BRASILEIRA SABRA","alternateName":"SABRA","url":"https:\/\/www.sabra.org.br\/site\/","logo":{"@type":"ImageObject","inLanguage":"pt-BR","@id":"https:\/\/www.sabra.org.br\/site\/#\/schema\/logo\/image\/","url":"https:\/\/www.sabra.org.br\/site\/wp-content\/uploads\/2019\/06\/cropped-Logo_SABRA-Copia-1.webp","contentUrl":"https:\/\/www.sabra.org.br\/site\/wp-content\/uploads\/2019\/06\/cropped-Logo_SABRA-Copia-1.webp","width":400,"height":128,"caption":"SOCIEDADE ART\u00cdSTICA BRASILEIRA SABRA"},"image":{"@id":"https:\/\/www.sabra.org.br\/site\/#\/schema\/logo\/image\/"},"sameAs":["https:\/\/www.facebook.com\/sabrabrasil","https:\/\/x.com\/ContatoSabra","https:\/\/www.instagram.com\/sabrabrasil\/","https:\/\/www.linkedin.com\/company\/25002088\/","https:\/\/br.pinterest.com\/sociedadeartisticabrasileira\/","https:\/\/www.youtube.com\/c\/sabrabrasil"]},{"@type":"Person","@id":"https:\/\/www.sabra.org.br\/site\/#\/schema\/person\/7d1d222c3c8891d4c37c7b41bf6315c2","name":"M\u00e1rcio Miranda Pontes","image":{"@type":"ImageObject","inLanguage":"pt-BR","@id":"https:\/\/secure.gravatar.com\/avatar\/3b45f24496a7625a3a6c436688fbe20344faaeb2979658dc4a9921f984d7df9a?s=96&d=mm&r=g","url":"https:\/\/secure.gravatar.com\/avatar\/3b45f24496a7625a3a6c436688fbe20344faaeb2979658dc4a9921f984d7df9a?s=96&d=mm&r=g","contentUrl":"https:\/\/secure.gravatar.com\/avatar\/3b45f24496a7625a3a6c436688fbe20344faaeb2979658dc4a9921f984d7df9a?s=96&d=mm&r=g","caption":"M\u00e1rcio Miranda Pontes"},"sameAs":["http:\/\/www.sabra.org.br"],"url":"https:\/\/www.sabra.org.br\/site\/author\/marcio-miranda-pontes\/"}]}},"jetpack_featured_media_url":"https:\/\/www.sabra.org.br\/site\/wp-content\/uploads\/2021\/06\/saiba-mais-sobre-as-mudancas-globais-do-clima-e-seus-impactos-20210423165408.jpg.jpg","jetpack_shortlink":"https:\/\/wp.me\/s95j2Z-clima","jetpack-related-posts":[{"id":9467,"url":"https:\/\/www.sabra.org.br\/site\/streaming-servicos\/","url_meta":{"origin":3950,"position":0},"title":"Novidades e tend\u00eancias na ind\u00fastria da m\u00fasica","author":"M\u00e1rcio Miranda Pontes","date":"26 de abril de 2024","format":false,"excerpt":"Venha explorar as mudan\u00e7as s\u00edsmicas que est\u00e3o sacudindo o mundo da m\u00fasica! Em nosso texto, mergulharemos fundo na ascens\u00e3o do streaming e no decl\u00ednio do r\u00e1dio, as adapta\u00e7\u00f5es de pre\u00e7os que est\u00e3o moldando o mercado, as press\u00f5es sobre os cat\u00e1logos musicais e muito mais.","rel":"","context":"Em &quot;Blog SABRA&quot;","block_context":{"text":"Blog SABRA","link":"https:\/\/www.sabra.org.br\/site\/category\/blog-sabra\/"},"img":{"alt_text":"sabra-m\u00fasica-streaming-ind\u00fastria-r\u00e1dio-mercado-cat\u00e1logo","src":"https:\/\/i0.wp.com\/www.sabra.org.br\/site\/wp-content\/uploads\/2024\/04\/x-novidades-e-tendencias-na-industria-da-musicajpg-20240229111914.jpg-jpg.webp?resize=350%2C200&ssl=1","width":350,"height":200,"srcset":"https:\/\/i0.wp.com\/www.sabra.org.br\/site\/wp-content\/uploads\/2024\/04\/x-novidades-e-tendencias-na-industria-da-musicajpg-20240229111914.jpg-jpg.webp?resize=350%2C200&ssl=1 1x, https:\/\/i0.wp.com\/www.sabra.org.br\/site\/wp-content\/uploads\/2024\/04\/x-novidades-e-tendencias-na-industria-da-musicajpg-20240229111914.jpg-jpg.webp?resize=525%2C300&ssl=1 1.5x, https:\/\/i0.wp.com\/www.sabra.org.br\/site\/wp-content\/uploads\/2024\/04\/x-novidades-e-tendencias-na-industria-da-musicajpg-20240229111914.jpg-jpg.webp?resize=700%2C400&ssl=1 2x"},"classes":[]},{"id":3898,"url":"https:\/\/www.sabra.org.br\/site\/sustentabilidade\/","url_meta":{"origin":3950,"position":1},"title":"Guia b\u00e1sico sobre os Objetivos de Desenvolvimento Sustent\u00e1vel da ONU","author":"M\u00e1rcio Miranda Pontes","date":"21 de maio de 2021","format":false,"excerpt":"Guia b\u00e1sico sobre os Objetivos de Desenvolvimento Sustent\u00e1vel da ONU A ONU firmou acordo com os 193 pa\u00edses membros para um plano de a\u00e7\u00e3o global que visa o alcance de 17 diretrizes, a fim de garantir um futuro melhor e mais sustent\u00e1vel. Essas diretrizes s\u00e3o os Objetivos de Desenvolvimento Sustent\u00e1vel\u2026","rel":"","context":"Em &quot;Blog SABRA&quot;","block_context":{"text":"Blog SABRA","link":"https:\/\/www.sabra.org.br\/site\/category\/blog-sabra\/"},"img":{"alt_text":"desenvolvimento-sustentavel-sustentabilidade","src":"https:\/\/i0.wp.com\/www.sabra.org.br\/site\/wp-content\/uploads\/2021\/05\/guia-basico-sobre-os-objetivos-de-desenvolvimento-sustentavel-da-onu-20210423165408.jpg.jpg?resize=350%2C200&ssl=1","width":350,"height":200,"srcset":"https:\/\/i0.wp.com\/www.sabra.org.br\/site\/wp-content\/uploads\/2021\/05\/guia-basico-sobre-os-objetivos-de-desenvolvimento-sustentavel-da-onu-20210423165408.jpg.jpg?resize=350%2C200&ssl=1 1x, https:\/\/i0.wp.com\/www.sabra.org.br\/site\/wp-content\/uploads\/2021\/05\/guia-basico-sobre-os-objetivos-de-desenvolvimento-sustentavel-da-onu-20210423165408.jpg.jpg?resize=525%2C300&ssl=1 1.5x, https:\/\/i0.wp.com\/www.sabra.org.br\/site\/wp-content\/uploads\/2021\/05\/guia-basico-sobre-os-objetivos-de-desenvolvimento-sustentavel-da-onu-20210423165408.jpg.jpg?resize=700%2C400&ssl=1 2x"},"classes":[]},{"id":3755,"url":"https:\/\/www.sabra.org.br\/site\/trabalho\/","url_meta":{"origin":3950,"position":2},"title":"O mercado de trabalho para jovens no p\u00f3s-pandemia","author":"M\u00e1rcio Miranda Pontes","date":"14 de abril de 2021","format":false,"excerpt":"O mercado de trabalho mudou com a pandemia da Covid-19, por isso, os jovens precisam estar atentos a essas mudan\u00e7as, para que consigam alcan\u00e7ar seus objetivos profissionais. Leia mais sobre esse assunto clicando no link a seguir!","rel":"","context":"Em &quot;Blog SABRA&quot;","block_context":{"text":"Blog SABRA","link":"https:\/\/www.sabra.org.br\/site\/category\/blog-sabra\/"},"img":{"alt_text":"trabalho-mercado-pandemia","src":"https:\/\/i0.wp.com\/www.sabra.org.br\/site\/wp-content\/uploads\/2021\/04\/o-mercado-de-trabalho-para-jovens-no-pos-pandemia-20210311095559.jpg.jpg?resize=350%2C200&ssl=1","width":350,"height":200,"srcset":"https:\/\/i0.wp.com\/www.sabra.org.br\/site\/wp-content\/uploads\/2021\/04\/o-mercado-de-trabalho-para-jovens-no-pos-pandemia-20210311095559.jpg.jpg?resize=350%2C200&ssl=1 1x, https:\/\/i0.wp.com\/www.sabra.org.br\/site\/wp-content\/uploads\/2021\/04\/o-mercado-de-trabalho-para-jovens-no-pos-pandemia-20210311095559.jpg.jpg?resize=525%2C300&ssl=1 1.5x, https:\/\/i0.wp.com\/www.sabra.org.br\/site\/wp-content\/uploads\/2021\/04\/o-mercado-de-trabalho-para-jovens-no-pos-pandemia-20210311095559.jpg.jpg?resize=700%2C400&ssl=1 2x"},"classes":[]},{"id":4124,"url":"https:\/\/www.sabra.org.br\/site\/problemas-ambientais\/","url_meta":{"origin":3950,"position":3},"title":"Conhe\u00e7a os x principais problemas ambientais do Brasil","author":"M\u00e1rcio Miranda Pontes","date":"23 de agosto de 2021","format":false,"excerpt":"Conhe\u00e7a os principais problemas ambientais do Brasil Voc\u00ea sabe quais s\u00e3o os principais problemas ambientais do Brasil? No post de hoje n\u00f3s falaremos sobre cada um deles e como podemos reduzir esses impactos para contribuir com a qualidade de vida de futuras gera\u00e7\u00f5es. Patroci\u0301nio m\u00e1ster: @institutounimedbh, viabilizado pelo incentivo de\u2026","rel":"","context":"Em &quot;Blog SABRA&quot;","block_context":{"text":"Blog SABRA","link":"https:\/\/www.sabra.org.br\/site\/category\/blog-sabra\/"},"img":{"alt_text":"problemas-ambientais","src":"https:\/\/i0.wp.com\/www.sabra.org.br\/site\/wp-content\/uploads\/2021\/08\/conheca-os-x-principais-problemas-ambientais-do-brasil-20210609152644.jpg.jpg?resize=350%2C200&ssl=1","width":350,"height":200,"srcset":"https:\/\/i0.wp.com\/www.sabra.org.br\/site\/wp-content\/uploads\/2021\/08\/conheca-os-x-principais-problemas-ambientais-do-brasil-20210609152644.jpg.jpg?resize=350%2C200&ssl=1 1x, https:\/\/i0.wp.com\/www.sabra.org.br\/site\/wp-content\/uploads\/2021\/08\/conheca-os-x-principais-problemas-ambientais-do-brasil-20210609152644.jpg.jpg?resize=525%2C300&ssl=1 1.5x, https:\/\/i0.wp.com\/www.sabra.org.br\/site\/wp-content\/uploads\/2021\/08\/conheca-os-x-principais-problemas-ambientais-do-brasil-20210609152644.jpg.jpg?resize=700%2C400&ssl=1 2x"},"classes":[]},{"id":7235,"url":"https:\/\/www.sabra.org.br\/site\/assistente-social-mudancas\/","url_meta":{"origin":3950,"position":4},"title":"Por que o assistente social precisa estar preparado para as mudan\u00e7as da sociedade?","author":"M\u00e1rcio Miranda Pontes","date":"31 de maio de 2023","format":false,"excerpt":"Um assistente social deve estar sempre atualizado e de olhos bem abertos para as mudan\u00e7as da sociedade, pois \u00e9 tendo elas como base que a sua atua\u00e7\u00e3o ganha import\u00e2ncia. Que tal acessar este texto e continuar a leitura? Fique atento (a)!","rel":"","context":"Em &quot;Blog SABRA&quot;","block_context":{"text":"Blog SABRA","link":"https:\/\/www.sabra.org.br\/site\/category\/blog-sabra\/"},"img":{"alt_text":"social-sociais-profissional-sociedade-trabalho-mudan\u00e7a-sabra","src":"https:\/\/i0.wp.com\/www.sabra.org.br\/site\/wp-content\/uploads\/2023\/05\/por-que-o-assistente-social-precisa-estar-preparado-para-as-mudancas-da-sociedade-20181029144609.jpg-jpg.webp?resize=350%2C200&ssl=1","width":350,"height":200,"srcset":"https:\/\/i0.wp.com\/www.sabra.org.br\/site\/wp-content\/uploads\/2023\/05\/por-que-o-assistente-social-precisa-estar-preparado-para-as-mudancas-da-sociedade-20181029144609.jpg-jpg.webp?resize=350%2C200&ssl=1 1x, https:\/\/i0.wp.com\/www.sabra.org.br\/site\/wp-content\/uploads\/2023\/05\/por-que-o-assistente-social-precisa-estar-preparado-para-as-mudancas-da-sociedade-20181029144609.jpg-jpg.webp?resize=525%2C300&ssl=1 1.5x, https:\/\/i0.wp.com\/www.sabra.org.br\/site\/wp-content\/uploads\/2023\/05\/por-que-o-assistente-social-precisa-estar-preparado-para-as-mudancas-da-sociedade-20181029144609.jpg-jpg.webp?resize=700%2C400&ssl=1 2x"},"classes":[]},{"id":3955,"url":"https:\/\/www.sabra.org.br\/site\/ecossistemas\/","url_meta":{"origin":3950,"position":5},"title":"Principais desafios da preserva\u00e7\u00e3o dos ecossistemas brasileiros","author":"M\u00e1rcio Miranda Pontes","date":"22 de junho de 2021","format":false,"excerpt":"Principais desafios da preserva\u00e7\u00e3o dos ecossistemas brasileiros O nosso pa\u00eds possui uma s\u00e9rie de ecossistemas, que acabam correndo v\u00e1rios riscos, de acordo com a a\u00e7\u00e3o do homem em seus territ\u00f3rios. Por isso temos v\u00e1rios desafios para preserv\u00e1-los. Leia o post e saiba mais.","rel":"","context":"Em &quot;Blog SABRA&quot;","block_context":{"text":"Blog SABRA","link":"https:\/\/www.sabra.org.br\/site\/category\/blog-sabra\/"},"img":{"alt_text":"ecossistema","src":"https:\/\/i0.wp.com\/www.sabra.org.br\/site\/wp-content\/uploads\/2021\/06\/principais-desafios-da-preservacao-dos-ecossistemas-brasileiros-20210423165408.jpg.jpg?resize=350%2C200&ssl=1","width":350,"height":200,"srcset":"https:\/\/i0.wp.com\/www.sabra.org.br\/site\/wp-content\/uploads\/2021\/06\/principais-desafios-da-preservacao-dos-ecossistemas-brasileiros-20210423165408.jpg.jpg?resize=350%2C200&ssl=1 1x, https:\/\/i0.wp.com\/www.sabra.org.br\/site\/wp-content\/uploads\/2021\/06\/principais-desafios-da-preservacao-dos-ecossistemas-brasileiros-20210423165408.jpg.jpg?resize=525%2C300&ssl=1 1.5x, https:\/\/i0.wp.com\/www.sabra.org.br\/site\/wp-content\/uploads\/2021\/06\/principais-desafios-da-preservacao-dos-ecossistemas-brasileiros-20210423165408.jpg.jpg?resize=700%2C400&ssl=1 2x"},"classes":[]}],"jetpack_likes_enabled":true,"jetpack_sharing_enabled":true,"_links":{"self":[{"href":"https:\/\/www.sabra.org.br\/site\/wp-json\/wp\/v2\/posts\/3950","targetHints":{"allow":["GET"]}}],"collection":[{"href":"https:\/\/www.sabra.org.br\/site\/wp-json\/wp\/v2\/posts"}],"about":[{"href":"https:\/\/www.sabra.org.br\/site\/wp-json\/wp\/v2\/types\/post"}],"author":[{"embeddable":true,"href":"https:\/\/www.sabra.org.br\/site\/wp-json\/wp\/v2\/users\/39"}],"replies":[{"embeddable":true,"href":"https:\/\/www.sabra.org.br\/site\/wp-json\/wp\/v2\/comments?post=3950"}],"version-history":[{"count":0,"href":"https:\/\/www.sabra.org.br\/site\/wp-json\/wp\/v2\/posts\/3950\/revisions"}],"wp:featuredmedia":[{"embeddable":true,"href":"https:\/\/www.sabra.org.br\/site\/wp-json\/wp\/v2\/media\/3951"}],"wp:attachment":[{"href":"https:\/\/www.sabra.org.br\/site\/wp-json\/wp\/v2\/media?parent=3950"}],"wp:term":[{"taxonomy":"category","embeddable":true,"href":"https:\/\/www.sabra.org.br\/site\/wp-json\/wp\/v2\/categories?post=3950"},{"taxonomy":"post_tag","embeddable":true,"href":"https:\/\/www.sabra.org.br\/site\/wp-json\/wp\/v2\/tags?post=3950"}],"curies":[{"name":"wp","href":"https:\/\/api.w.org\/{rel}","templated":true}]}}