{"id":3987,"date":"2021-07-01T17:29:08","date_gmt":"2021-07-01T20:29:08","guid":{"rendered":"https:\/\/www.sabra.org.br\/site\/?p=3987"},"modified":"2021-07-01T17:29:08","modified_gmt":"2021-07-01T20:29:08","slug":"agricultura-sustentavel","status":"publish","type":"post","link":"https:\/\/www.sabra.org.br\/site\/agricultura-sustentavel\/","title":{"rendered":"Agricultura sustent\u00e1vel &#8211; benef\u00edcios"},"content":{"rendered":"<p>[vc_row][vc_column][vc_column_text]Cuidar do planeta terra deixou de ser ideal para se tornar uma necessidade. Caso contr\u00e1rio, a sobreviv\u00eancia humana enfrentar\u00e1 s\u00e9rios riscos. Nesse sentido, podemos dizer que a agricultura sustent\u00e1vel contribui para a preserva\u00e7\u00e3o do meio ambiente e, consequentemente, para a manuten\u00e7\u00e3o do planeta.<\/p>\n<p>Essa abordagem, cumpre destacar, traz benef\u00edcios tanto para a popula\u00e7\u00e3o como para os produtores, pois reduz custos e aumenta a produtividade. Ficou interessado em conhecer os benef\u00edcios da agricultura sustent\u00e1vel para a sociedade? Continue a leitura e veja cinco deles!<\/p>\n<h2>1. Colabora para a redu\u00e7\u00e3o de desperd\u00edcios<\/h2>\n<p>A agricultura sustent\u00e1vel colabora para a redu\u00e7\u00e3o de desperd\u00edcios, promovendo, dessa maneira, o uso correto e adequado dos recursos destinados \u00e0 agricultura. Na pr\u00e1tica, isso contribui para a preserva\u00e7\u00e3o do meio ambiente e redu\u00e7\u00e3o de custos. Afinal, utilizando corretamente os recursos de sua fazenda ou propriedade rural, reduz-se a necessidade de novas demandas de materiais.<\/p>\n<h2>2. Ajuda a produzir alimentos saud\u00e1veis<\/h2>\n<p>Outro benef\u00edcio a se destacar \u00e9 em rela\u00e7\u00e3o \u00e0 produ\u00e7\u00e3o de alimentos. A agricultura sustent\u00e1vel se utiliza de recursos naturais limpos, ou seja, verdes, o que pode contribuir para a produ\u00e7\u00e3o de alimentos saud\u00e1veis.<\/p>\n<p>Com outras palavras, na agricultura sustent\u00e1vel, busca-se n\u00e3o utilizar recursos que podem afetar o solo e a planta\u00e7\u00e3o, sendo um exemplo nesse sentido os agrot\u00f3xicos. Diversos especialistas ligados \u00e0 \u00e1rea de sa\u00fade j\u00e1 relataram que esses produtos provocam v\u00e1rios problemas para a sa\u00fade humana.<\/p>\n<p>Assim, com a ado\u00e7\u00e3o da agricultura sustent\u00e1vel, todos t\u00eam a ganhar, principalmente a popula\u00e7\u00e3o.<\/p>\n<h2>3. Promove o bem-estar social ou da sociedade<\/h2>\n<p>Na agricultura sustent\u00e1vel, uma coisa leva a outra. No caso, ao produzir alimentos saud\u00e1veis, a agricultura sustent\u00e1vel colabora para a promo\u00e7\u00e3o do bem-estar social, pois coloca na mesa de muitas pessoas alimentos de qualidade e saud\u00e1veis.<\/p>\n<p>Al\u00e9m disso, ajuda a reduzir os conflitos entre os produtores e a sociedade, considerando o fato de que traz a possibilidade de implantar uma agricultura sustent\u00e1vel, voltada para o bem-estar de todos.<\/p>\n<h2>4. Ajuda a melhorar a imagem da empresa\/fazenda<\/h2>\n<p>A agricultura sustent\u00e1vel beneficia n\u00e3o apenas \u00e0 sociedade, mas tamb\u00e9m \u00e0s empresas ou fazendas, uma vez que melhora sua imagem. Como consequ\u00eancia disso, elas passam a ser prefer\u00eancia para muitos consumidores.<\/p>\n<p>Nesse contexto, cabe destacar que a ado\u00e7\u00e3o de pr\u00e1ticas sustent\u00e1veis, seja na agricultura ou em qualquer outro setor, \u00e9 bem vista pela sociedade, uma vez que isso a beneficia no sentido de garantir sua sa\u00fade e um desenvolvimento sustent\u00e1vel.<\/p>\n<h2>5. Oferece mais op\u00e7\u00f5es de compra para a sociedade<\/h2>\n<p>Tamb\u00e9m podemos destacar que a agricultura sustent\u00e1vel se apresenta \u00e0 sociedade como mais uma op\u00e7\u00e3o de compra, ampliando assim suas possibilidades. Com outras palavras, as pessoas podem decidir se querem comprar os alimentos da empresa\/propriedade rural X ou Y.<\/p>\n<p>No entanto, certamente, a maioria delas vai preferir comprar alimentos saud\u00e1veis, oferecidos por uma empresa que \u00e9 refer\u00eancia na agricultura sustent\u00e1vel.<\/p>\n<p>Diante do exposto, nota-se claramente que a agricultura sustent\u00e1vel se apresenta como uma abordagem fundamental para o desenvolvimento saud\u00e1vel da sociedade. Garante que ela seja abastecida, mas de forma sustent\u00e1vel.<\/p>\n<blockquote class=\"wp-embedded-content\" data-secret=\"AxbN3dwcpA\"><p><a href=\"https:\/\/www.sabra.org.br\/site\/comunidades-sustentaveis\/\">Comunidades sustent\u00e1veis &#8211; os pilares para o desenvolvimento<\/a><\/p><\/blockquote>\n<p><iframe class=\"wp-embedded-content\" sandbox=\"allow-scripts\" security=\"restricted\" style=\"position: absolute; visibility: hidden;\" title=\"&#8220;Comunidades sustent\u00e1veis &#8211; os pilares para o desenvolvimento&#8221; &#8212; SABRA - Sociedade Art\u00edstica Brasileira\" src=\"https:\/\/www.sabra.org.br\/site\/comunidades-sustentaveis\/embed\/#?secret=pw7BVZUBLC#?secret=AxbN3dwcpA\" data-secret=\"AxbN3dwcpA\" width=\"600\" height=\"338\" frameborder=\"0\" marginwidth=\"0\" marginheight=\"0\" scrolling=\"no\"><\/iframe><\/p>\n<p>Gostou deste conte\u00fado? Esperamos que sim. Para ler outros como este, que tal acompanhar as publica\u00e7\u00f5es em nosso blog?<\/p>\n<hr \/>\n<h2>Se voc\u00ea gostou deste post:<\/h2>\n<p>&#8211; SIGA as nossas p\u00e1ginas nas redes sociais para acompanhar as nossas atualiza\u00e7\u00f5es: estamos no <a href=\"https:\/\/www.facebook.com\/sabrabrasil\" target=\"_blank\" rel=\"noopener\">Facebook<\/a>, no <a href=\"https:\/\/www.instagram.com\/sabrabrasil\/\" target=\"_blank\" rel=\"noopener\">Instagram<\/a>, no <a href=\"https:\/\/www.linkedin.com\/company\/25002088\" target=\"_blank\" rel=\"noopener\">LinkedIn<\/a>, no <a href=\"https:\/\/twitter.com\/ContatoSabra\" target=\"_blank\" rel=\"noopener\">Twitter<\/a> e no <a href=\"https:\/\/www.youtube.com\/channel\/UCJw-kbuEvzUNdeQf20Pa-eQ\" target=\"_blank\" rel=\"noopener\">YouTube<\/a>!<\/p>\n<p>&#8211; CONHE\u00c7A o trabalho da Sociedade Art\u00edstica Brasileira (SABRA) e todas as iniciativas culturais e sociais que ela mant\u00e9m. <a href=\"https:\/\/www.sabra.org.br\/site\/acoes\/\" target=\"_blank\" rel=\"noopener\">Acesse nosso site!<\/a><\/p>\n<p>&#8211; ENTRE EM CONTATO com a gente. E veja quais s\u00e3o as op\u00e7\u00f5es de ajuda na manuten\u00e7\u00e3o de nossas a\u00e7\u00f5es sociais e culturais. Basta acessar nossa p\u00e1gina <a href=\"https:\/\/www.sabra.org.br\/site\/doe-agora\/\" target=\"_blank\" rel=\"noopener\">Doe Agora!<\/a><\/p>\n<p>&#8211; COMPARTILHE este texto nas suas redes sociais e ajude os seus amigos a tamb\u00e9m dominarem o assunto![\/vc_column_text][\/vc_column][\/vc_row]<\/p>\n","protected":false},"excerpt":{"rendered":"<p>Agricultura sustent\u00e1vel &#8211; benef\u00edcios<\/p>\n<p>A agricultura sustent\u00e1vel traz diversos benef\u00edcios para a sociedade, como economia, uso adequado e consciente das mat\u00e9rias-primas e bem-estar social. Para conhecer melhor estes e outros benef\u00edcios da agricultura sustent\u00e1vel, leia o conte\u00fado a seguir!<\/p>\n","protected":false},"author":39,"featured_media":3988,"comment_status":"closed","ping_status":"closed","sticky":false,"template":"","format":"standard","meta":{"jetpack_post_was_ever_published":false,"_jetpack_newsletter_access":"","_jetpack_dont_email_post_to_subs":false,"_jetpack_newsletter_tier_id":0,"_jetpack_memberships_contains_paywalled_content":false,"_jetpack_memberships_contains_paid_content":false,"footnotes":""},"categories":[1],"tags":[15,8,1285,16,3519,1286,11,9],"class_list":["post-3987","post","type-post","status-publish","format-standard","has-post-thumbnail","hentry","category-blog-sabra","tag-assistencia-social","tag-canto-coral","tag-escola-de-musica-sabra","tag-musicalizacao-infantil","tag-nova-lima-2","tag-orquestra-infanto-juvenil-de-betim","tag-orquestra-sinfonica-de-betim","tag-sociedade-artistica-brasileira"],"yoast_head":"<!-- This site is optimized with the Yoast SEO plugin v27.5 - https:\/\/yoast.com\/product\/yoast-seo-wordpress\/ -->\n<title>Agricultura sustent\u00e1vel - benef\u00edcios - SABRA - Sociedade Art\u00edstica Brasileira<\/title>\n<meta name=\"description\" content=\"A agricultura sustent\u00e1vel traz diversos benef\u00edcios para a sociedade, como o uso adequado e consciente das mat\u00e9rias-primas e bem-estar social.\" \/>\n<meta name=\"robots\" content=\"index, follow, max-snippet:-1, max-image-preview:large, max-video-preview:-1\" \/>\n<link rel=\"canonical\" href=\"https:\/\/www.sabra.org.br\/site\/agricultura-sustentavel\/\" \/>\n<meta property=\"og:locale\" content=\"pt_BR\" \/>\n<meta property=\"og:type\" content=\"article\" \/>\n<meta property=\"og:title\" content=\"Agricultura sustent\u00e1vel - benef\u00edcios - SABRA - Sociedade Art\u00edstica Brasileira\" \/>\n<meta property=\"og:description\" content=\"A agricultura sustent\u00e1vel traz diversos benef\u00edcios para a sociedade, como o uso adequado e consciente das mat\u00e9rias-primas e bem-estar social.\" \/>\n<meta property=\"og:url\" content=\"https:\/\/www.sabra.org.br\/site\/agricultura-sustentavel\/\" \/>\n<meta property=\"og:site_name\" content=\"SABRA - Sociedade Art\u00edstica Brasileira\" \/>\n<meta property=\"article:publisher\" content=\"https:\/\/www.facebook.com\/sabrabrasil\" \/>\n<meta property=\"article:published_time\" content=\"2021-07-01T20:29:08+00:00\" \/>\n<meta property=\"og:image\" content=\"https:\/\/i0.wp.com\/www.sabra.org.br\/site\/wp-content\/uploads\/2021\/07\/descubra-x-beneficios-da-agricultura-sustentavel-para-a-sociedade-20210609152644.jpg.jpg?fit=800%2C534&ssl=1\" \/>\n\t<meta property=\"og:image:width\" content=\"800\" \/>\n\t<meta property=\"og:image:height\" content=\"534\" \/>\n\t<meta property=\"og:image:type\" content=\"image\/jpeg\" \/>\n<meta name=\"author\" content=\"M\u00e1rcio Miranda Pontes\" \/>\n<meta name=\"twitter:card\" content=\"summary_large_image\" \/>\n<meta name=\"twitter:creator\" content=\"@ContatoSabra\" \/>\n<meta name=\"twitter:site\" content=\"@ContatoSabra\" \/>\n<meta name=\"twitter:label1\" content=\"Escrito por\" \/>\n\t<meta name=\"twitter:data1\" content=\"M\u00e1rcio Miranda Pontes\" \/>\n\t<meta name=\"twitter:label2\" content=\"Est. tempo de leitura\" \/>\n\t<meta name=\"twitter:data2\" content=\"3 minutos\" \/>\n<script type=\"application\/ld+json\" class=\"yoast-schema-graph\">{\"@context\":\"https:\\\/\\\/schema.org\",\"@graph\":[{\"@type\":\"Article\",\"@id\":\"https:\\\/\\\/www.sabra.org.br\\\/site\\\/agricultura-sustentavel\\\/#article\",\"isPartOf\":{\"@id\":\"https:\\\/\\\/www.sabra.org.br\\\/site\\\/agricultura-sustentavel\\\/\"},\"author\":{\"name\":\"M\u00e1rcio Miranda Pontes\",\"@id\":\"https:\\\/\\\/www.sabra.org.br\\\/site\\\/#\\\/schema\\\/person\\\/7d1d222c3c8891d4c37c7b41bf6315c2\"},\"headline\":\"Agricultura sustent\u00e1vel &#8211; benef\u00edcios\",\"datePublished\":\"2021-07-01T20:29:08+00:00\",\"mainEntityOfPage\":{\"@id\":\"https:\\\/\\\/www.sabra.org.br\\\/site\\\/agricultura-sustentavel\\\/\"},\"wordCount\":706,\"publisher\":{\"@id\":\"https:\\\/\\\/www.sabra.org.br\\\/site\\\/#organization\"},\"image\":{\"@id\":\"https:\\\/\\\/www.sabra.org.br\\\/site\\\/agricultura-sustentavel\\\/#primaryimage\"},\"thumbnailUrl\":\"https:\\\/\\\/www.sabra.org.br\\\/site\\\/wp-content\\\/uploads\\\/2021\\\/07\\\/descubra-x-beneficios-da-agricultura-sustentavel-para-a-sociedade-20210609152644.jpg.jpg\",\"keywords\":[\"Assist\u00eancia social\",\"Canto Coral\",\"Escola de Musica SABRA\",\"Musicaliza\u00e7\u00e3o Infantil\",\"nova lima\",\"Orquestra Infanto Juvenil de Betim\",\"Orquestra Sinf\u00f4nica de Betim\",\"Sociedade Art\u00edstica Brasileira\"],\"articleSection\":[\"Blog SABRA\"],\"inLanguage\":\"pt-BR\"},{\"@type\":\"WebPage\",\"@id\":\"https:\\\/\\\/www.sabra.org.br\\\/site\\\/agricultura-sustentavel\\\/\",\"url\":\"https:\\\/\\\/www.sabra.org.br\\\/site\\\/agricultura-sustentavel\\\/\",\"name\":\"Agricultura sustent\u00e1vel - benef\u00edcios - SABRA - Sociedade Art\u00edstica Brasileira\",\"isPartOf\":{\"@id\":\"https:\\\/\\\/www.sabra.org.br\\\/site\\\/#website\"},\"primaryImageOfPage\":{\"@id\":\"https:\\\/\\\/www.sabra.org.br\\\/site\\\/agricultura-sustentavel\\\/#primaryimage\"},\"image\":{\"@id\":\"https:\\\/\\\/www.sabra.org.br\\\/site\\\/agricultura-sustentavel\\\/#primaryimage\"},\"thumbnailUrl\":\"https:\\\/\\\/www.sabra.org.br\\\/site\\\/wp-content\\\/uploads\\\/2021\\\/07\\\/descubra-x-beneficios-da-agricultura-sustentavel-para-a-sociedade-20210609152644.jpg.jpg\",\"datePublished\":\"2021-07-01T20:29:08+00:00\",\"description\":\"A agricultura sustent\u00e1vel traz diversos benef\u00edcios para a sociedade, como o uso adequado e consciente das mat\u00e9rias-primas e bem-estar social.\",\"breadcrumb\":{\"@id\":\"https:\\\/\\\/www.sabra.org.br\\\/site\\\/agricultura-sustentavel\\\/#breadcrumb\"},\"inLanguage\":\"pt-BR\",\"potentialAction\":[{\"@type\":\"ReadAction\",\"target\":[\"https:\\\/\\\/www.sabra.org.br\\\/site\\\/agricultura-sustentavel\\\/\"]}]},{\"@type\":\"ImageObject\",\"inLanguage\":\"pt-BR\",\"@id\":\"https:\\\/\\\/www.sabra.org.br\\\/site\\\/agricultura-sustentavel\\\/#primaryimage\",\"url\":\"https:\\\/\\\/www.sabra.org.br\\\/site\\\/wp-content\\\/uploads\\\/2021\\\/07\\\/descubra-x-beneficios-da-agricultura-sustentavel-para-a-sociedade-20210609152644.jpg.jpg\",\"contentUrl\":\"https:\\\/\\\/www.sabra.org.br\\\/site\\\/wp-content\\\/uploads\\\/2021\\\/07\\\/descubra-x-beneficios-da-agricultura-sustentavel-para-a-sociedade-20210609152644.jpg.jpg\",\"width\":800,\"height\":534,\"caption\":\"Sociedade Art\u00edstica Brasileira SABRA\"},{\"@type\":\"BreadcrumbList\",\"@id\":\"https:\\\/\\\/www.sabra.org.br\\\/site\\\/agricultura-sustentavel\\\/#breadcrumb\",\"itemListElement\":[{\"@type\":\"ListItem\",\"position\":1,\"name\":\"In\u00edcio\",\"item\":\"https:\\\/\\\/www.sabra.org.br\\\/site\\\/\"},{\"@type\":\"ListItem\",\"position\":2,\"name\":\"Agricultura sustent\u00e1vel &#8211; benef\u00edcios\"}]},{\"@type\":\"WebSite\",\"@id\":\"https:\\\/\\\/www.sabra.org.br\\\/site\\\/#website\",\"url\":\"https:\\\/\\\/www.sabra.org.br\\\/site\\\/\",\"name\":\"SABRA - Sociedade Art\u00edstica Brasileira\",\"description\":\"Escola de M\u00fasica, Orquestra Sinf\u00f4nica, Coral e Patrim\u00f4nio Cultural e Hist\u00f3rico\",\"publisher\":{\"@id\":\"https:\\\/\\\/www.sabra.org.br\\\/site\\\/#organization\"},\"potentialAction\":[{\"@type\":\"SearchAction\",\"target\":{\"@type\":\"EntryPoint\",\"urlTemplate\":\"https:\\\/\\\/www.sabra.org.br\\\/site\\\/?s={search_term_string}\"},\"query-input\":{\"@type\":\"PropertyValueSpecification\",\"valueRequired\":true,\"valueName\":\"search_term_string\"}}],\"inLanguage\":\"pt-BR\"},{\"@type\":\"Organization\",\"@id\":\"https:\\\/\\\/www.sabra.org.br\\\/site\\\/#organization\",\"name\":\"SOCIEDADE ART\u00cdSTICA BRASILEIRA SABRA\",\"alternateName\":\"SABRA\",\"url\":\"https:\\\/\\\/www.sabra.org.br\\\/site\\\/\",\"logo\":{\"@type\":\"ImageObject\",\"inLanguage\":\"pt-BR\",\"@id\":\"https:\\\/\\\/www.sabra.org.br\\\/site\\\/#\\\/schema\\\/logo\\\/image\\\/\",\"url\":\"https:\\\/\\\/www.sabra.org.br\\\/site\\\/wp-content\\\/uploads\\\/2019\\\/06\\\/cropped-Logo_SABRA-Copia-1.webp\",\"contentUrl\":\"https:\\\/\\\/www.sabra.org.br\\\/site\\\/wp-content\\\/uploads\\\/2019\\\/06\\\/cropped-Logo_SABRA-Copia-1.webp\",\"width\":400,\"height\":128,\"caption\":\"SOCIEDADE ART\u00cdSTICA BRASILEIRA SABRA\"},\"image\":{\"@id\":\"https:\\\/\\\/www.sabra.org.br\\\/site\\\/#\\\/schema\\\/logo\\\/image\\\/\"},\"sameAs\":[\"https:\\\/\\\/www.facebook.com\\\/sabrabrasil\",\"https:\\\/\\\/x.com\\\/ContatoSabra\",\"https:\\\/\\\/www.instagram.com\\\/sabrabrasil\\\/\",\"https:\\\/\\\/www.linkedin.com\\\/company\\\/25002088\\\/\",\"https:\\\/\\\/br.pinterest.com\\\/sociedadeartisticabrasileira\\\/\",\"https:\\\/\\\/www.youtube.com\\\/c\\\/sabrabrasil\"]},{\"@type\":\"Person\",\"@id\":\"https:\\\/\\\/www.sabra.org.br\\\/site\\\/#\\\/schema\\\/person\\\/7d1d222c3c8891d4c37c7b41bf6315c2\",\"name\":\"M\u00e1rcio Miranda Pontes\",\"image\":{\"@type\":\"ImageObject\",\"inLanguage\":\"pt-BR\",\"@id\":\"https:\\\/\\\/secure.gravatar.com\\\/avatar\\\/3b45f24496a7625a3a6c436688fbe20344faaeb2979658dc4a9921f984d7df9a?s=96&d=mm&r=g\",\"url\":\"https:\\\/\\\/secure.gravatar.com\\\/avatar\\\/3b45f24496a7625a3a6c436688fbe20344faaeb2979658dc4a9921f984d7df9a?s=96&d=mm&r=g\",\"contentUrl\":\"https:\\\/\\\/secure.gravatar.com\\\/avatar\\\/3b45f24496a7625a3a6c436688fbe20344faaeb2979658dc4a9921f984d7df9a?s=96&d=mm&r=g\",\"caption\":\"M\u00e1rcio Miranda Pontes\"},\"sameAs\":[\"http:\\\/\\\/www.sabra.org.br\"],\"url\":\"https:\\\/\\\/www.sabra.org.br\\\/site\\\/author\\\/marcio-miranda-pontes\\\/\"}]}<\/script>\n<!-- \/ Yoast SEO plugin. -->","yoast_head_json":{"title":"Agricultura sustent\u00e1vel - benef\u00edcios - SABRA - Sociedade Art\u00edstica Brasileira","description":"A agricultura sustent\u00e1vel traz diversos benef\u00edcios para a sociedade, como o uso adequado e consciente das mat\u00e9rias-primas e bem-estar social.","robots":{"index":"index","follow":"follow","max-snippet":"max-snippet:-1","max-image-preview":"max-image-preview:large","max-video-preview":"max-video-preview:-1"},"canonical":"https:\/\/www.sabra.org.br\/site\/agricultura-sustentavel\/","og_locale":"pt_BR","og_type":"article","og_title":"Agricultura sustent\u00e1vel - benef\u00edcios - SABRA - Sociedade Art\u00edstica Brasileira","og_description":"A agricultura sustent\u00e1vel traz diversos benef\u00edcios para a sociedade, como o uso adequado e consciente das mat\u00e9rias-primas e bem-estar social.","og_url":"https:\/\/www.sabra.org.br\/site\/agricultura-sustentavel\/","og_site_name":"SABRA - Sociedade Art\u00edstica Brasileira","article_publisher":"https:\/\/www.facebook.com\/sabrabrasil","article_published_time":"2021-07-01T20:29:08+00:00","og_image":[{"width":800,"height":534,"url":"https:\/\/i0.wp.com\/www.sabra.org.br\/site\/wp-content\/uploads\/2021\/07\/descubra-x-beneficios-da-agricultura-sustentavel-para-a-sociedade-20210609152644.jpg.jpg?fit=800%2C534&ssl=1","type":"image\/jpeg"}],"author":"M\u00e1rcio Miranda Pontes","twitter_card":"summary_large_image","twitter_creator":"@ContatoSabra","twitter_site":"@ContatoSabra","twitter_misc":{"Escrito por":"M\u00e1rcio Miranda Pontes","Est. tempo de leitura":"3 minutos"},"schema":{"@context":"https:\/\/schema.org","@graph":[{"@type":"Article","@id":"https:\/\/www.sabra.org.br\/site\/agricultura-sustentavel\/#article","isPartOf":{"@id":"https:\/\/www.sabra.org.br\/site\/agricultura-sustentavel\/"},"author":{"name":"M\u00e1rcio Miranda Pontes","@id":"https:\/\/www.sabra.org.br\/site\/#\/schema\/person\/7d1d222c3c8891d4c37c7b41bf6315c2"},"headline":"Agricultura sustent\u00e1vel &#8211; benef\u00edcios","datePublished":"2021-07-01T20:29:08+00:00","mainEntityOfPage":{"@id":"https:\/\/www.sabra.org.br\/site\/agricultura-sustentavel\/"},"wordCount":706,"publisher":{"@id":"https:\/\/www.sabra.org.br\/site\/#organization"},"image":{"@id":"https:\/\/www.sabra.org.br\/site\/agricultura-sustentavel\/#primaryimage"},"thumbnailUrl":"https:\/\/www.sabra.org.br\/site\/wp-content\/uploads\/2021\/07\/descubra-x-beneficios-da-agricultura-sustentavel-para-a-sociedade-20210609152644.jpg.jpg","keywords":["Assist\u00eancia social","Canto Coral","Escola de Musica SABRA","Musicaliza\u00e7\u00e3o Infantil","nova lima","Orquestra Infanto Juvenil de Betim","Orquestra Sinf\u00f4nica de Betim","Sociedade Art\u00edstica Brasileira"],"articleSection":["Blog SABRA"],"inLanguage":"pt-BR"},{"@type":"WebPage","@id":"https:\/\/www.sabra.org.br\/site\/agricultura-sustentavel\/","url":"https:\/\/www.sabra.org.br\/site\/agricultura-sustentavel\/","name":"Agricultura sustent\u00e1vel - benef\u00edcios - SABRA - Sociedade Art\u00edstica Brasileira","isPartOf":{"@id":"https:\/\/www.sabra.org.br\/site\/#website"},"primaryImageOfPage":{"@id":"https:\/\/www.sabra.org.br\/site\/agricultura-sustentavel\/#primaryimage"},"image":{"@id":"https:\/\/www.sabra.org.br\/site\/agricultura-sustentavel\/#primaryimage"},"thumbnailUrl":"https:\/\/www.sabra.org.br\/site\/wp-content\/uploads\/2021\/07\/descubra-x-beneficios-da-agricultura-sustentavel-para-a-sociedade-20210609152644.jpg.jpg","datePublished":"2021-07-01T20:29:08+00:00","description":"A agricultura sustent\u00e1vel traz diversos benef\u00edcios para a sociedade, como o uso adequado e consciente das mat\u00e9rias-primas e bem-estar social.","breadcrumb":{"@id":"https:\/\/www.sabra.org.br\/site\/agricultura-sustentavel\/#breadcrumb"},"inLanguage":"pt-BR","potentialAction":[{"@type":"ReadAction","target":["https:\/\/www.sabra.org.br\/site\/agricultura-sustentavel\/"]}]},{"@type":"ImageObject","inLanguage":"pt-BR","@id":"https:\/\/www.sabra.org.br\/site\/agricultura-sustentavel\/#primaryimage","url":"https:\/\/www.sabra.org.br\/site\/wp-content\/uploads\/2021\/07\/descubra-x-beneficios-da-agricultura-sustentavel-para-a-sociedade-20210609152644.jpg.jpg","contentUrl":"https:\/\/www.sabra.org.br\/site\/wp-content\/uploads\/2021\/07\/descubra-x-beneficios-da-agricultura-sustentavel-para-a-sociedade-20210609152644.jpg.jpg","width":800,"height":534,"caption":"Sociedade Art\u00edstica Brasileira SABRA"},{"@type":"BreadcrumbList","@id":"https:\/\/www.sabra.org.br\/site\/agricultura-sustentavel\/#breadcrumb","itemListElement":[{"@type":"ListItem","position":1,"name":"In\u00edcio","item":"https:\/\/www.sabra.org.br\/site\/"},{"@type":"ListItem","position":2,"name":"Agricultura sustent\u00e1vel &#8211; benef\u00edcios"}]},{"@type":"WebSite","@id":"https:\/\/www.sabra.org.br\/site\/#website","url":"https:\/\/www.sabra.org.br\/site\/","name":"SABRA - Sociedade Art\u00edstica Brasileira","description":"Escola de M\u00fasica, Orquestra Sinf\u00f4nica, Coral e Patrim\u00f4nio Cultural e Hist\u00f3rico","publisher":{"@id":"https:\/\/www.sabra.org.br\/site\/#organization"},"potentialAction":[{"@type":"SearchAction","target":{"@type":"EntryPoint","urlTemplate":"https:\/\/www.sabra.org.br\/site\/?s={search_term_string}"},"query-input":{"@type":"PropertyValueSpecification","valueRequired":true,"valueName":"search_term_string"}}],"inLanguage":"pt-BR"},{"@type":"Organization","@id":"https:\/\/www.sabra.org.br\/site\/#organization","name":"SOCIEDADE ART\u00cdSTICA BRASILEIRA SABRA","alternateName":"SABRA","url":"https:\/\/www.sabra.org.br\/site\/","logo":{"@type":"ImageObject","inLanguage":"pt-BR","@id":"https:\/\/www.sabra.org.br\/site\/#\/schema\/logo\/image\/","url":"https:\/\/www.sabra.org.br\/site\/wp-content\/uploads\/2019\/06\/cropped-Logo_SABRA-Copia-1.webp","contentUrl":"https:\/\/www.sabra.org.br\/site\/wp-content\/uploads\/2019\/06\/cropped-Logo_SABRA-Copia-1.webp","width":400,"height":128,"caption":"SOCIEDADE ART\u00cdSTICA BRASILEIRA SABRA"},"image":{"@id":"https:\/\/www.sabra.org.br\/site\/#\/schema\/logo\/image\/"},"sameAs":["https:\/\/www.facebook.com\/sabrabrasil","https:\/\/x.com\/ContatoSabra","https:\/\/www.instagram.com\/sabrabrasil\/","https:\/\/www.linkedin.com\/company\/25002088\/","https:\/\/br.pinterest.com\/sociedadeartisticabrasileira\/","https:\/\/www.youtube.com\/c\/sabrabrasil"]},{"@type":"Person","@id":"https:\/\/www.sabra.org.br\/site\/#\/schema\/person\/7d1d222c3c8891d4c37c7b41bf6315c2","name":"M\u00e1rcio Miranda Pontes","image":{"@type":"ImageObject","inLanguage":"pt-BR","@id":"https:\/\/secure.gravatar.com\/avatar\/3b45f24496a7625a3a6c436688fbe20344faaeb2979658dc4a9921f984d7df9a?s=96&d=mm&r=g","url":"https:\/\/secure.gravatar.com\/avatar\/3b45f24496a7625a3a6c436688fbe20344faaeb2979658dc4a9921f984d7df9a?s=96&d=mm&r=g","contentUrl":"https:\/\/secure.gravatar.com\/avatar\/3b45f24496a7625a3a6c436688fbe20344faaeb2979658dc4a9921f984d7df9a?s=96&d=mm&r=g","caption":"M\u00e1rcio Miranda Pontes"},"sameAs":["http:\/\/www.sabra.org.br"],"url":"https:\/\/www.sabra.org.br\/site\/author\/marcio-miranda-pontes\/"}]}},"jetpack_featured_media_url":"https:\/\/www.sabra.org.br\/site\/wp-content\/uploads\/2021\/07\/descubra-x-beneficios-da-agricultura-sustentavel-para-a-sociedade-20210609152644.jpg.jpg","jetpack_shortlink":"https:\/\/wp.me\/p95j2Z-12j","jetpack-related-posts":[{"id":3898,"url":"https:\/\/www.sabra.org.br\/site\/sustentabilidade\/","url_meta":{"origin":3987,"position":0},"title":"Guia b\u00e1sico sobre os Objetivos de Desenvolvimento Sustent\u00e1vel da ONU","author":"M\u00e1rcio Miranda Pontes","date":"21 de maio de 2021","format":false,"excerpt":"Guia b\u00e1sico sobre os Objetivos de Desenvolvimento Sustent\u00e1vel da ONU A ONU firmou acordo com os 193 pa\u00edses membros para um plano de a\u00e7\u00e3o global que visa o alcance de 17 diretrizes, a fim de garantir um futuro melhor e mais sustent\u00e1vel. Essas diretrizes s\u00e3o os Objetivos de Desenvolvimento Sustent\u00e1vel\u2026","rel":"","context":"Em &quot;Blog SABRA&quot;","block_context":{"text":"Blog SABRA","link":"https:\/\/www.sabra.org.br\/site\/category\/blog-sabra\/"},"img":{"alt_text":"desenvolvimento-sustentavel-sustentabilidade","src":"https:\/\/i0.wp.com\/www.sabra.org.br\/site\/wp-content\/uploads\/2021\/05\/guia-basico-sobre-os-objetivos-de-desenvolvimento-sustentavel-da-onu-20210423165408.jpg.jpg?resize=350%2C200&ssl=1","width":350,"height":200,"srcset":"https:\/\/i0.wp.com\/www.sabra.org.br\/site\/wp-content\/uploads\/2021\/05\/guia-basico-sobre-os-objetivos-de-desenvolvimento-sustentavel-da-onu-20210423165408.jpg.jpg?resize=350%2C200&ssl=1 1x, https:\/\/i0.wp.com\/www.sabra.org.br\/site\/wp-content\/uploads\/2021\/05\/guia-basico-sobre-os-objetivos-de-desenvolvimento-sustentavel-da-onu-20210423165408.jpg.jpg?resize=525%2C300&ssl=1 1.5x, https:\/\/i0.wp.com\/www.sabra.org.br\/site\/wp-content\/uploads\/2021\/05\/guia-basico-sobre-os-objetivos-de-desenvolvimento-sustentavel-da-onu-20210423165408.jpg.jpg?resize=700%2C400&ssl=1 2x"},"classes":[]},{"id":4017,"url":"https:\/\/www.sabra.org.br\/site\/crise-hidrica\/","url_meta":{"origin":3987,"position":1},"title":"Crise h\u00eddrica no Brasil: por que devemos nos preocupar?","author":"M\u00e1rcio Miranda Pontes","date":"9 de julho de 2021","format":false,"excerpt":"Crise h\u00eddrica no Brasil: por que devemos nos preocupar? A falta de gest\u00e3o adequada e uso sustent\u00e1vel dos recursos naturais tem levado \u00e0 escassez de \u00e1gua no Brasil e no mundo. Para que entenda melhor a crise h\u00eddrica no Brasil, preparamos este conte\u00fado. Confira!","rel":"","context":"Em &quot;Blog SABRA&quot;","block_context":{"text":"Blog SABRA","link":"https:\/\/www.sabra.org.br\/site\/category\/blog-sabra\/"},"img":{"alt_text":"crise-h\u00eddrica-\u00e1gua-brasil","src":"https:\/\/i0.wp.com\/www.sabra.org.br\/site\/wp-content\/uploads\/2021\/07\/crise-hidrica-no-brasil-por-que-devemos-nos-preocupar-20210609152644.jpg.jpg?resize=350%2C200&ssl=1","width":350,"height":200,"srcset":"https:\/\/i0.wp.com\/www.sabra.org.br\/site\/wp-content\/uploads\/2021\/07\/crise-hidrica-no-brasil-por-que-devemos-nos-preocupar-20210609152644.jpg.jpg?resize=350%2C200&ssl=1 1x, https:\/\/i0.wp.com\/www.sabra.org.br\/site\/wp-content\/uploads\/2021\/07\/crise-hidrica-no-brasil-por-que-devemos-nos-preocupar-20210609152644.jpg.jpg?resize=525%2C300&ssl=1 1.5x, https:\/\/i0.wp.com\/www.sabra.org.br\/site\/wp-content\/uploads\/2021\/07\/crise-hidrica-no-brasil-por-que-devemos-nos-preocupar-20210609152644.jpg.jpg?resize=700%2C400&ssl=1 2x"},"classes":[]},{"id":4030,"url":"https:\/\/www.sabra.org.br\/site\/turismo-sustentavel\/","url_meta":{"origin":3987,"position":2},"title":"Turismo sustent\u00e1vel: o que \u00e9 e qual sua import\u00e2ncia","author":"M\u00e1rcio Miranda Pontes","date":"19 de julho de 2021","format":false,"excerpt":"Turismo sustent\u00e1vel: o que \u00e9 e qual sua import\u00e2ncia O turismo sustent\u00e1vel \u00e9 uma estrat\u00e9gia que busca n\u00e3o apenas preservar a natureza, mas tamb\u00e9m os valores culturais e sociais dos povos. Para saber mais, clique no link a seguir!","rel":"","context":"Em &quot;Blog SABRA&quot;","block_context":{"text":"Blog SABRA","link":"https:\/\/www.sabra.org.br\/site\/category\/blog-sabra\/"},"img":{"alt_text":"turismo-sustent\u00e1vel","src":"https:\/\/i0.wp.com\/www.sabra.org.br\/site\/wp-content\/uploads\/2021\/07\/turismo-sustentavel-o-que-e-e-qual-sua-importancia-20210609152644.jpg.jpg?resize=350%2C200&ssl=1","width":350,"height":200,"srcset":"https:\/\/i0.wp.com\/www.sabra.org.br\/site\/wp-content\/uploads\/2021\/07\/turismo-sustentavel-o-que-e-e-qual-sua-importancia-20210609152644.jpg.jpg?resize=350%2C200&ssl=1 1x, https:\/\/i0.wp.com\/www.sabra.org.br\/site\/wp-content\/uploads\/2021\/07\/turismo-sustentavel-o-que-e-e-qual-sua-importancia-20210609152644.jpg.jpg?resize=525%2C300&ssl=1 1.5x, https:\/\/i0.wp.com\/www.sabra.org.br\/site\/wp-content\/uploads\/2021\/07\/turismo-sustentavel-o-que-e-e-qual-sua-importancia-20210609152644.jpg.jpg?resize=700%2C400&ssl=1 2x"},"classes":[]},{"id":4144,"url":"https:\/\/www.sabra.org.br\/site\/desenvolvimento-sustentavel\/","url_meta":{"origin":3987,"position":3},"title":"Principais desafios para o Brasil atingir os Objetivos de Desenvolvimento Sustent\u00e1vel","author":"M\u00e1rcio Miranda Pontes","date":"30 de agosto de 2021","format":false,"excerpt":"Principais desafios para o Brasil atingir os Objetivos de Desenvolvimento Sustent\u00e1vel O Brasil ainda precisa enfrentar diversos desafios para alcan\u00e7ar as metas de desenvolvimento sustent\u00e1vel definidas em 2015, sobre tudo ap\u00f3s a pandemia do novo coronav\u00edrus. Para saber mais sobre o assunto, acesse nosso blog. Patroci\u0301nio m\u00e1ster: @institutounimedbh, viabilizado pelo\u2026","rel":"","context":"Em &quot;Blog SABRA&quot;","block_context":{"text":"Blog SABRA","link":"https:\/\/www.sabra.org.br\/site\/category\/blog-sabra\/"},"img":{"alt_text":"desenvolvimento-sustent\u00e1vel-objetivos-metas","src":"https:\/\/i0.wp.com\/www.sabra.org.br\/site\/wp-content\/uploads\/2021\/08\/principais-desafios-para-o-brasil-atingir-os-objetivos-de-desenvolvimento-sustentavel-20210609152644.jpg.jpg?resize=350%2C200&ssl=1","width":350,"height":200,"srcset":"https:\/\/i0.wp.com\/www.sabra.org.br\/site\/wp-content\/uploads\/2021\/08\/principais-desafios-para-o-brasil-atingir-os-objetivos-de-desenvolvimento-sustentavel-20210609152644.jpg.jpg?resize=350%2C200&ssl=1 1x, https:\/\/i0.wp.com\/www.sabra.org.br\/site\/wp-content\/uploads\/2021\/08\/principais-desafios-para-o-brasil-atingir-os-objetivos-de-desenvolvimento-sustentavel-20210609152644.jpg.jpg?resize=525%2C300&ssl=1 1.5x, https:\/\/i0.wp.com\/www.sabra.org.br\/site\/wp-content\/uploads\/2021\/08\/principais-desafios-para-o-brasil-atingir-os-objetivos-de-desenvolvimento-sustentavel-20210609152644.jpg.jpg?resize=700%2C400&ssl=1 2x"},"classes":[]},{"id":3959,"url":"https:\/\/www.sabra.org.br\/site\/oceano-sustentavel\/","url_meta":{"origin":3987,"position":4},"title":"Oceanos &#8211; a\u00e7\u00f5es que promovem o uso sustent\u00e1vel","author":"M\u00e1rcio Miranda Pontes","date":"23 de junho de 2021","format":false,"excerpt":"A\u00e7\u00f5es que promovem o uso sustent\u00e1vel dos oceanos Voc\u00ea sabia que existem in\u00fameras formas de promover o uso sustent\u00e1vel dos oceanos? Confira algumas maneiras bem pr\u00e1ticas de ajudar na conserva\u00e7\u00e3o da vida e da \u00e1gua oce\u00e2nica.","rel":"","context":"Em &quot;Blog SABRA&quot;","block_context":{"text":"Blog SABRA","link":"https:\/\/www.sabra.org.br\/site\/category\/blog-sabra\/"},"img":{"alt_text":"oceano-sustent\u00e1vel-vida-pl\u00e1stico-produto-uso","src":"https:\/\/i0.wp.com\/www.sabra.org.br\/site\/wp-content\/uploads\/2021\/06\/acoes-que-promovem-o-uso-sustentavel-dos-oceanos-20210423165408.jpg.jpg?resize=350%2C200&ssl=1","width":350,"height":200,"srcset":"https:\/\/i0.wp.com\/www.sabra.org.br\/site\/wp-content\/uploads\/2021\/06\/acoes-que-promovem-o-uso-sustentavel-dos-oceanos-20210423165408.jpg.jpg?resize=350%2C200&ssl=1 1x, https:\/\/i0.wp.com\/www.sabra.org.br\/site\/wp-content\/uploads\/2021\/06\/acoes-que-promovem-o-uso-sustentavel-dos-oceanos-20210423165408.jpg.jpg?resize=525%2C300&ssl=1 1.5x, https:\/\/i0.wp.com\/www.sabra.org.br\/site\/wp-content\/uploads\/2021\/06\/acoes-que-promovem-o-uso-sustentavel-dos-oceanos-20210423165408.jpg.jpg?resize=700%2C400&ssl=1 2x"},"classes":[]},{"id":3976,"url":"https:\/\/www.sabra.org.br\/site\/parceria-global\/","url_meta":{"origin":3987,"position":5},"title":"Desenvolvimento sustent\u00e1vel no Brasil e parceria global","author":"M\u00e1rcio Miranda Pontes","date":"29 de junho de 2021","format":false,"excerpt":"Parceria global e o desenvolvimento sustent\u00e1vel no Brasil O desenvolvimento sustent\u00e1vel \u00e9 um conceito importante que visa melhorar a prote\u00e7\u00e3o do meio ambiente para garantir um futuro melhor para as gera\u00e7\u00f5es futuras. No texto a seguir, entenda melhor a import\u00e2ncia da parceria global para o desenvolvimento sustent\u00e1vel no Brasil.","rel":"","context":"Em &quot;Blog SABRA&quot;","block_context":{"text":"Blog SABRA","link":"https:\/\/www.sabra.org.br\/site\/category\/blog-sabra\/"},"img":{"alt_text":"desenvolvimento-sustent\u00e1vel-objetivo-brasil-blog-sabra","src":"https:\/\/i0.wp.com\/www.sabra.org.br\/site\/wp-content\/uploads\/2021\/06\/a-importancia-da-parceria-global-para-o-desenvolvimento-sustentavel-no-brasil-20210609152644.jpg.jpg?resize=350%2C200&ssl=1","width":350,"height":200,"srcset":"https:\/\/i0.wp.com\/www.sabra.org.br\/site\/wp-content\/uploads\/2021\/06\/a-importancia-da-parceria-global-para-o-desenvolvimento-sustentavel-no-brasil-20210609152644.jpg.jpg?resize=350%2C200&ssl=1 1x, https:\/\/i0.wp.com\/www.sabra.org.br\/site\/wp-content\/uploads\/2021\/06\/a-importancia-da-parceria-global-para-o-desenvolvimento-sustentavel-no-brasil-20210609152644.jpg.jpg?resize=525%2C300&ssl=1 1.5x, https:\/\/i0.wp.com\/www.sabra.org.br\/site\/wp-content\/uploads\/2021\/06\/a-importancia-da-parceria-global-para-o-desenvolvimento-sustentavel-no-brasil-20210609152644.jpg.jpg?resize=700%2C400&ssl=1 2x"},"classes":[]}],"jetpack_likes_enabled":true,"jetpack_sharing_enabled":true,"_links":{"self":[{"href":"https:\/\/www.sabra.org.br\/site\/wp-json\/wp\/v2\/posts\/3987","targetHints":{"allow":["GET"]}}],"collection":[{"href":"https:\/\/www.sabra.org.br\/site\/wp-json\/wp\/v2\/posts"}],"about":[{"href":"https:\/\/www.sabra.org.br\/site\/wp-json\/wp\/v2\/types\/post"}],"author":[{"embeddable":true,"href":"https:\/\/www.sabra.org.br\/site\/wp-json\/wp\/v2\/users\/39"}],"replies":[{"embeddable":true,"href":"https:\/\/www.sabra.org.br\/site\/wp-json\/wp\/v2\/comments?post=3987"}],"version-history":[{"count":0,"href":"https:\/\/www.sabra.org.br\/site\/wp-json\/wp\/v2\/posts\/3987\/revisions"}],"wp:featuredmedia":[{"embeddable":true,"href":"https:\/\/www.sabra.org.br\/site\/wp-json\/wp\/v2\/media\/3988"}],"wp:attachment":[{"href":"https:\/\/www.sabra.org.br\/site\/wp-json\/wp\/v2\/media?parent=3987"}],"wp:term":[{"taxonomy":"category","embeddable":true,"href":"https:\/\/www.sabra.org.br\/site\/wp-json\/wp\/v2\/categories?post=3987"},{"taxonomy":"post_tag","embeddable":true,"href":"https:\/\/www.sabra.org.br\/site\/wp-json\/wp\/v2\/tags?post=3987"}],"curies":[{"name":"wp","href":"https:\/\/api.w.org\/{rel}","templated":true}]}}