{"id":4063,"date":"2021-08-03T09:56:32","date_gmt":"2021-08-03T12:56:32","guid":{"rendered":"https:\/\/www.sabra.org.br\/site\/?p=4063"},"modified":"2021-08-03T09:56:32","modified_gmt":"2021-08-03T12:56:32","slug":"barroco-mineiro","status":"publish","type":"post","link":"https:\/\/www.sabra.org.br\/site\/barroco-mineiro\/","title":{"rendered":"Caracter\u00edsticas, obras e autores do barroco mineiro"},"content":{"rendered":"<p>[vc_row][vc_column][vc_column_text]O movimento barroco surgiu no s\u00e9culo 17, na It\u00e1lia, e influenciou a arte, a arquitetura, a literatura e a poesia de muitos pa\u00edses, dentro e fora da Europa.<\/p>\n<p>Foi um movimento art\u00edstico caracterizado por obras rebuscadas e excessivas, que refor\u00e7ou o poder do absolutismo e da igreja cat\u00f3lica da \u00e9poca, com igrejas t\u00e3o grandiosas e detalhadas que faziam todos se sentirem pequenos.<\/p>\n<p>No Brasil, n\u00e3o poderia ser diferente! Em raz\u00e3o da coloniza\u00e7\u00e3o portuguesa, o estilo barroco logo chegou \u00e0s terras do Novo Mundo.<\/p>\n<p>Tendo chegado, inicialmente, em localidades litor\u00e2neas como uma c\u00f3pia fiel do barroco europeu, esse estilo se estendeu para dentro do pa\u00eds.<\/p>\n<p>O estado de Minas Gerais foi agraciado com grandes nomes do barroco (como Aleijadinho e Mestre Ata\u00edde, talvez os mais conhecidos!).<\/p>\n<p>Pode-se dizer que pela descoberta de ouro, quase no mesmo per\u00edodo (final do s\u00e9culo 16), a arte barroca floresceu de forma espl\u00eandida!<\/p>\n<p>Nesse sentido, \u00e9 v\u00e1lido falar sobre o barroco especificamente mineiro.<\/p>\n<p>Vamos l\u00e1?!<\/p>\n<h2>Caracter\u00edsticas:<\/h2>\n<p>Em Minas, o barroco se desenvolveu com muitas particularidades e personalidade pr\u00f3pria, que o diferenciou do barroco europeu.<\/p>\n<p>Nesse estado, utilizava-se materiais t\u00edpicos da regi\u00e3o para desenvolver as obras, como o cedro, a pedra-sab\u00e3o e, claro, o ouro!<\/p>\n<p>Uma das principais peculiaridades desse estilo \u00e9 a pompa e a grandiosidade; uma arte muito colorida, rica em detalhes.<\/p>\n<p>Como foi dito acima, a arte barroca evoca a religiosidade (tem\u00e1tica sacra) e no barroco mineiro n\u00e3o foi diferente. Esse estilo, em Minas, cresceu principalmente em torno de igrejas e confrarias.<\/p>\n<p>Sobre as constru\u00e7\u00f5es barrocas mineiras, eram caracterizadas por altares com ornamentos espirais ou florais, anjos, figuras revestidas com pel\u00edcula de ouro, entidades religiosas em relevo, entre outros.<\/p>\n<p>As obras arquitet\u00f4nicas desse estilo puderam, tamb\u00e9m, desenvolver algumas peculiaridades, em raz\u00e3o, principalmente, da geografia montanhosa e irregular da regi\u00e3o, que originou uma forma de urbaniza\u00e7\u00e3o bastante atraente.<\/p>\n<p>Assim, os pontos mais elevados de cada cidade eram sempre mais procurados para a constru\u00e7\u00e3o dos templos religiosos.<\/p>\n<p>Nessa perspectiva, a beleza das igrejas, somada \u00e0 beleza natural da regi\u00e3o criava um cen\u00e1rio fascinante.<\/p>\n<h2>Obras:<\/h2>\n<p>Algumas das principais obras do barroco mineiro s\u00e3o:<\/p>\n<p>Igreja de Nossa Senhora do Ros\u00e1rio: Localizada na cidade de Ouro Preto, a igreja com tra\u00e7ado el\u00edptico e esculturas barrocas, infelizmente, \u00e9 de autor desconhecido. <a href=\"https:\/\/pt.wikipedia.org\/wiki\/Igreja_de_Nossa_Senhora_do_Ros%C3%A1rio_dos_Homens_Pretos_(Ouro_Preto)\" target=\"_blank\" rel=\"noopener\">Clique aqui para saber mais!<\/a><\/p>\n<p>Igreja de S\u00e3o Francisco de Assis: Localizada, tamb\u00e9m, em Ouro Preto, a exuberante igreja conta com pinturas de Mestre Ata\u00edde e esculturas esculpidas por Aleijadinho. <a href=\"https:\/\/pt.wikipedia.org\/wiki\/Igreja_de_S%C3%A3o_Francisco_de_Assis_(Ouro_Preto)\" target=\"_blank\" rel=\"noopener\">Clique aqui para saber mais!<\/a><\/p>\n<h2>Autores:<\/h2>\n<p>Aleijadinho: Ant\u00f4nio Francisco Lisboa, mais conhecido como Aleijadinho, foi o principal artista barroco de todo o Brasil! Ele era filho de um portugu\u00eas com uma escrava e ficou conhecido, principalmente por suas lindas est\u00e1tuas religiosas. \u00c9 importante dizer que recebeu o apelido de &#8220;Aleijadinho&#8221; por causa de uma doen\u00e7a degenerativa que atrofiou suas pernas e m\u00e3os.<\/p>\n<p>Mestre Ata\u00edde: Foi um importante pintor do per\u00edodo e, como al\u00e9m de artista era professor, suas t\u00e9cnicas de pintura em tetos de igrejas continuaram a ser usadas por muitos alunos e seguidores.<\/p>\n<p>Viu s\u00f3 como o barroco mineiro foi um estilo art\u00edstico rico e interessante? A import\u00e2ncia cultural desse movimento para o estado de Minas Gerais \u00e9 ineg\u00e1vel!<\/p>\n<blockquote class=\"wp-embedded-content\" data-secret=\"sJe3LgbOut\"><p><a href=\"https:\/\/www.sabra.org.br\/site\/arte-e-espaco-urbano\/\">Arte e espa\u00e7o urbano<\/a><\/p><\/blockquote>\n<p><iframe class=\"wp-embedded-content\" sandbox=\"allow-scripts\" security=\"restricted\" style=\"position: absolute; clip: rect(1px, 1px, 1px, 1px);\" title=\"&#8220;Arte e espa\u00e7o urbano&#8221; &#8212; SABRA - Sociedade Art\u00edstica Brasileira\" src=\"https:\/\/www.sabra.org.br\/site\/arte-e-espaco-urbano\/embed\/#?secret=sJe3LgbOut\" data-secret=\"sJe3LgbOut\" width=\"600\" height=\"338\" frameborder=\"0\" marginwidth=\"0\" marginheight=\"0\" scrolling=\"no\"><\/iframe><\/p>\n<hr \/>\n<h2>Se voc\u00ea gostou deste post:<\/h2>\n<p>&#8211; SIGA as nossas p\u00e1ginas nas redes sociais para acompanhar as nossas atualiza\u00e7\u00f5es: estamos no <a href=\"https:\/\/www.facebook.com\/sabrabrasil\" target=\"_blank\" rel=\"noopener\">Facebook<\/a>, no <a href=\"https:\/\/www.instagram.com\/sabrabrasil\/\" target=\"_blank\" rel=\"noopener\">Instagram<\/a>, no <a href=\"https:\/\/www.linkedin.com\/company\/25002088\" target=\"_blank\" rel=\"noopener\">LinkedIn<\/a>, no <a href=\"https:\/\/twitter.com\/ContatoSabra\" target=\"_blank\" rel=\"noopener\">Twitter<\/a> e no <a href=\"https:\/\/www.youtube.com\/channel\/UCJw-kbuEvzUNdeQf20Pa-eQ\" target=\"_blank\" rel=\"noopener\">YouTube<\/a>!<\/p>\n<p>&#8211; CONHE\u00c7A o trabalho da Sociedade Art\u00edstica Brasileira (SABRA) e todas as iniciativas culturais e sociais que ela mant\u00e9m. <a href=\"https:\/\/www.sabra.org.br\/site\/acoes\/\" target=\"_blank\" rel=\"noopener\">Acesse nosso site!<\/a><\/p>\n<p>&#8211; ENTRE EM CONTATO com a gente. E veja quais s\u00e3o as op\u00e7\u00f5es de ajuda na manuten\u00e7\u00e3o de nossas a\u00e7\u00f5es sociais e culturais. Basta acessar nossa p\u00e1gina <a href=\"https:\/\/www.sabra.org.br\/site\/doe-agora\/\" target=\"_blank\" rel=\"noopener\">Doe Agora!<\/a><\/p>\n<p>&#8211; COMPARTILHE este texto nas suas redes sociais e ajude os seus amigos a tamb\u00e9m dominarem o assunto![\/vc_column_text][\/vc_column][\/vc_row]<\/p>\n","protected":false},"excerpt":{"rendered":"<p>Caracter\u00edsticas, obras e autores do barroco mineiro<\/p>\n<p>Voc\u00ea sabia que, no s\u00e9culo 17, um estilo art\u00edstico europeu chegou ao Brasil e teve um destaque especial &#8211; nacional e internacional &#8211; no estado de Minas Gerais, desenvolvendo, at\u00e9 mesmo, caracter\u00edsticas pr\u00f3prias?<\/p>\n","protected":false},"author":39,"featured_media":4065,"comment_status":"closed","ping_status":"closed","sticky":false,"template":"","format":"standard","meta":{"jetpack_post_was_ever_published":false,"_jetpack_newsletter_access":"","_jetpack_dont_email_post_to_subs":false,"_jetpack_newsletter_tier_id":0,"_jetpack_memberships_contains_paywalled_content":false,"_jetpack_memberships_contains_paid_content":false,"footnotes":""},"categories":[1],"tags":[15,8,1285,16,3519,1286,11,3622,9],"class_list":["post-4063","post","type-post","status-publish","format-standard","has-post-thumbnail","hentry","category-blog-sabra","tag-assistencia-social","tag-canto-coral","tag-escola-de-musica-sabra","tag-musicalizacao-infantil","tag-nova-lima-2","tag-orquestra-infanto-juvenil-de-betim","tag-orquestra-sinfonica-de-betim","tag-raposos","tag-sociedade-artistica-brasileira"],"yoast_head":"<!-- This site is optimized with the Yoast SEO plugin v27.5 - https:\/\/yoast.com\/product\/yoast-seo-wordpress\/ -->\n<title>Caracter\u00edsticas, obras e autores do barroco mineiro - SABRA - Sociedade Art\u00edstica Brasileira<\/title>\n<meta name=\"description\" content=\"No s\u00e9culo 17, um estilo art\u00edstico europeu chegou ao Brasil e teve um desenvolvimento especial no estado de Minas Gerais - o barroco mineiro.\" \/>\n<meta name=\"robots\" content=\"index, follow, max-snippet:-1, max-image-preview:large, max-video-preview:-1\" \/>\n<link rel=\"canonical\" href=\"https:\/\/www.sabra.org.br\/site\/barroco-mineiro\/\" \/>\n<meta property=\"og:locale\" content=\"pt_BR\" \/>\n<meta property=\"og:type\" content=\"article\" \/>\n<meta property=\"og:title\" content=\"Caracter\u00edsticas, obras e autores do barroco mineiro - SABRA - Sociedade Art\u00edstica Brasileira\" \/>\n<meta property=\"og:description\" content=\"No s\u00e9culo 17, um estilo art\u00edstico europeu chegou ao Brasil e teve um desenvolvimento especial no estado de Minas Gerais - o barroco mineiro.\" \/>\n<meta property=\"og:url\" content=\"https:\/\/www.sabra.org.br\/site\/barroco-mineiro\/\" \/>\n<meta property=\"og:site_name\" content=\"SABRA - Sociedade Art\u00edstica Brasileira\" \/>\n<meta property=\"article:publisher\" content=\"https:\/\/www.facebook.com\/sabrabrasil\" \/>\n<meta property=\"article:published_time\" content=\"2021-08-03T12:56:32+00:00\" \/>\n<meta property=\"og:image\" content=\"https:\/\/i0.wp.com\/www.sabra.org.br\/site\/wp-content\/uploads\/2021\/08\/330px-Igreja_de_Nossa_Senhora_do_Rosario_Ouro_Preto_por_Rodrigo_Tetsuo_Argenton_04.jpg?fit=330%2C495&ssl=1\" \/>\n\t<meta property=\"og:image:width\" content=\"330\" \/>\n\t<meta property=\"og:image:height\" content=\"495\" \/>\n\t<meta property=\"og:image:type\" content=\"image\/jpeg\" \/>\n<meta name=\"author\" content=\"M\u00e1rcio Miranda Pontes\" \/>\n<meta name=\"twitter:card\" content=\"summary_large_image\" \/>\n<meta name=\"twitter:creator\" content=\"@ContatoSabra\" \/>\n<meta name=\"twitter:site\" content=\"@ContatoSabra\" \/>\n<meta name=\"twitter:label1\" content=\"Escrito por\" \/>\n\t<meta name=\"twitter:data1\" content=\"M\u00e1rcio Miranda Pontes\" \/>\n\t<meta name=\"twitter:label2\" content=\"Est. tempo de leitura\" \/>\n\t<meta name=\"twitter:data2\" content=\"3 minutos\" \/>\n<script type=\"application\/ld+json\" class=\"yoast-schema-graph\">{\"@context\":\"https:\\\/\\\/schema.org\",\"@graph\":[{\"@type\":\"Article\",\"@id\":\"https:\\\/\\\/www.sabra.org.br\\\/site\\\/barroco-mineiro\\\/#article\",\"isPartOf\":{\"@id\":\"https:\\\/\\\/www.sabra.org.br\\\/site\\\/barroco-mineiro\\\/\"},\"author\":{\"name\":\"M\u00e1rcio Miranda Pontes\",\"@id\":\"https:\\\/\\\/www.sabra.org.br\\\/site\\\/#\\\/schema\\\/person\\\/7d1d222c3c8891d4c37c7b41bf6315c2\"},\"headline\":\"Caracter\u00edsticas, obras e autores do barroco mineiro\",\"datePublished\":\"2021-08-03T12:56:32+00:00\",\"mainEntityOfPage\":{\"@id\":\"https:\\\/\\\/www.sabra.org.br\\\/site\\\/barroco-mineiro\\\/\"},\"wordCount\":706,\"publisher\":{\"@id\":\"https:\\\/\\\/www.sabra.org.br\\\/site\\\/#organization\"},\"image\":{\"@id\":\"https:\\\/\\\/www.sabra.org.br\\\/site\\\/barroco-mineiro\\\/#primaryimage\"},\"thumbnailUrl\":\"https:\\\/\\\/www.sabra.org.br\\\/site\\\/wp-content\\\/uploads\\\/2021\\\/08\\\/330px-Igreja_de_Nossa_Senhora_do_Rosario_Ouro_Preto_por_Rodrigo_Tetsuo_Argenton_04.jpg\",\"keywords\":[\"Assist\u00eancia social\",\"Canto Coral\",\"Escola de Musica SABRA\",\"Musicaliza\u00e7\u00e3o Infantil\",\"nova lima\",\"Orquestra Infanto Juvenil de Betim\",\"Orquestra Sinf\u00f4nica de Betim\",\"Raposos\",\"Sociedade Art\u00edstica Brasileira\"],\"articleSection\":[\"Blog SABRA\"],\"inLanguage\":\"pt-BR\"},{\"@type\":\"WebPage\",\"@id\":\"https:\\\/\\\/www.sabra.org.br\\\/site\\\/barroco-mineiro\\\/\",\"url\":\"https:\\\/\\\/www.sabra.org.br\\\/site\\\/barroco-mineiro\\\/\",\"name\":\"Caracter\u00edsticas, obras e autores do barroco mineiro - SABRA - Sociedade Art\u00edstica Brasileira\",\"isPartOf\":{\"@id\":\"https:\\\/\\\/www.sabra.org.br\\\/site\\\/#website\"},\"primaryImageOfPage\":{\"@id\":\"https:\\\/\\\/www.sabra.org.br\\\/site\\\/barroco-mineiro\\\/#primaryimage\"},\"image\":{\"@id\":\"https:\\\/\\\/www.sabra.org.br\\\/site\\\/barroco-mineiro\\\/#primaryimage\"},\"thumbnailUrl\":\"https:\\\/\\\/www.sabra.org.br\\\/site\\\/wp-content\\\/uploads\\\/2021\\\/08\\\/330px-Igreja_de_Nossa_Senhora_do_Rosario_Ouro_Preto_por_Rodrigo_Tetsuo_Argenton_04.jpg\",\"datePublished\":\"2021-08-03T12:56:32+00:00\",\"description\":\"No s\u00e9culo 17, um estilo art\u00edstico europeu chegou ao Brasil e teve um desenvolvimento especial no estado de Minas Gerais - o barroco mineiro.\",\"breadcrumb\":{\"@id\":\"https:\\\/\\\/www.sabra.org.br\\\/site\\\/barroco-mineiro\\\/#breadcrumb\"},\"inLanguage\":\"pt-BR\",\"potentialAction\":[{\"@type\":\"ReadAction\",\"target\":[\"https:\\\/\\\/www.sabra.org.br\\\/site\\\/barroco-mineiro\\\/\"]}]},{\"@type\":\"ImageObject\",\"inLanguage\":\"pt-BR\",\"@id\":\"https:\\\/\\\/www.sabra.org.br\\\/site\\\/barroco-mineiro\\\/#primaryimage\",\"url\":\"https:\\\/\\\/www.sabra.org.br\\\/site\\\/wp-content\\\/uploads\\\/2021\\\/08\\\/330px-Igreja_de_Nossa_Senhora_do_Rosario_Ouro_Preto_por_Rodrigo_Tetsuo_Argenton_04.jpg\",\"contentUrl\":\"https:\\\/\\\/www.sabra.org.br\\\/site\\\/wp-content\\\/uploads\\\/2021\\\/08\\\/330px-Igreja_de_Nossa_Senhora_do_Rosario_Ouro_Preto_por_Rodrigo_Tetsuo_Argenton_04.jpg\",\"width\":330,\"height\":495,\"caption\":\"Sociedade Art\u00edstica Brasileira SABRA\"},{\"@type\":\"BreadcrumbList\",\"@id\":\"https:\\\/\\\/www.sabra.org.br\\\/site\\\/barroco-mineiro\\\/#breadcrumb\",\"itemListElement\":[{\"@type\":\"ListItem\",\"position\":1,\"name\":\"In\u00edcio\",\"item\":\"https:\\\/\\\/www.sabra.org.br\\\/site\\\/\"},{\"@type\":\"ListItem\",\"position\":2,\"name\":\"Caracter\u00edsticas, obras e autores do barroco mineiro\"}]},{\"@type\":\"WebSite\",\"@id\":\"https:\\\/\\\/www.sabra.org.br\\\/site\\\/#website\",\"url\":\"https:\\\/\\\/www.sabra.org.br\\\/site\\\/\",\"name\":\"SABRA - Sociedade Art\u00edstica Brasileira\",\"description\":\"Escola de M\u00fasica, Orquestra Sinf\u00f4nica, Coral e Patrim\u00f4nio Cultural e Hist\u00f3rico\",\"publisher\":{\"@id\":\"https:\\\/\\\/www.sabra.org.br\\\/site\\\/#organization\"},\"potentialAction\":[{\"@type\":\"SearchAction\",\"target\":{\"@type\":\"EntryPoint\",\"urlTemplate\":\"https:\\\/\\\/www.sabra.org.br\\\/site\\\/?s={search_term_string}\"},\"query-input\":{\"@type\":\"PropertyValueSpecification\",\"valueRequired\":true,\"valueName\":\"search_term_string\"}}],\"inLanguage\":\"pt-BR\"},{\"@type\":\"Organization\",\"@id\":\"https:\\\/\\\/www.sabra.org.br\\\/site\\\/#organization\",\"name\":\"SOCIEDADE ART\u00cdSTICA BRASILEIRA SABRA\",\"alternateName\":\"SABRA\",\"url\":\"https:\\\/\\\/www.sabra.org.br\\\/site\\\/\",\"logo\":{\"@type\":\"ImageObject\",\"inLanguage\":\"pt-BR\",\"@id\":\"https:\\\/\\\/www.sabra.org.br\\\/site\\\/#\\\/schema\\\/logo\\\/image\\\/\",\"url\":\"https:\\\/\\\/www.sabra.org.br\\\/site\\\/wp-content\\\/uploads\\\/2019\\\/06\\\/cropped-Logo_SABRA-Copia-1.webp\",\"contentUrl\":\"https:\\\/\\\/www.sabra.org.br\\\/site\\\/wp-content\\\/uploads\\\/2019\\\/06\\\/cropped-Logo_SABRA-Copia-1.webp\",\"width\":400,\"height\":128,\"caption\":\"SOCIEDADE ART\u00cdSTICA BRASILEIRA SABRA\"},\"image\":{\"@id\":\"https:\\\/\\\/www.sabra.org.br\\\/site\\\/#\\\/schema\\\/logo\\\/image\\\/\"},\"sameAs\":[\"https:\\\/\\\/www.facebook.com\\\/sabrabrasil\",\"https:\\\/\\\/x.com\\\/ContatoSabra\",\"https:\\\/\\\/www.instagram.com\\\/sabrabrasil\\\/\",\"https:\\\/\\\/www.linkedin.com\\\/company\\\/25002088\\\/\",\"https:\\\/\\\/br.pinterest.com\\\/sociedadeartisticabrasileira\\\/\",\"https:\\\/\\\/www.youtube.com\\\/c\\\/sabrabrasil\"]},{\"@type\":\"Person\",\"@id\":\"https:\\\/\\\/www.sabra.org.br\\\/site\\\/#\\\/schema\\\/person\\\/7d1d222c3c8891d4c37c7b41bf6315c2\",\"name\":\"M\u00e1rcio Miranda Pontes\",\"image\":{\"@type\":\"ImageObject\",\"inLanguage\":\"pt-BR\",\"@id\":\"https:\\\/\\\/secure.gravatar.com\\\/avatar\\\/3b45f24496a7625a3a6c436688fbe20344faaeb2979658dc4a9921f984d7df9a?s=96&d=mm&r=g\",\"url\":\"https:\\\/\\\/secure.gravatar.com\\\/avatar\\\/3b45f24496a7625a3a6c436688fbe20344faaeb2979658dc4a9921f984d7df9a?s=96&d=mm&r=g\",\"contentUrl\":\"https:\\\/\\\/secure.gravatar.com\\\/avatar\\\/3b45f24496a7625a3a6c436688fbe20344faaeb2979658dc4a9921f984d7df9a?s=96&d=mm&r=g\",\"caption\":\"M\u00e1rcio Miranda Pontes\"},\"sameAs\":[\"http:\\\/\\\/www.sabra.org.br\"],\"url\":\"https:\\\/\\\/www.sabra.org.br\\\/site\\\/author\\\/marcio-miranda-pontes\\\/\"}]}<\/script>\n<!-- \/ Yoast SEO plugin. -->","yoast_head_json":{"title":"Caracter\u00edsticas, obras e autores do barroco mineiro - SABRA - Sociedade Art\u00edstica Brasileira","description":"No s\u00e9culo 17, um estilo art\u00edstico europeu chegou ao Brasil e teve um desenvolvimento especial no estado de Minas Gerais - o barroco mineiro.","robots":{"index":"index","follow":"follow","max-snippet":"max-snippet:-1","max-image-preview":"max-image-preview:large","max-video-preview":"max-video-preview:-1"},"canonical":"https:\/\/www.sabra.org.br\/site\/barroco-mineiro\/","og_locale":"pt_BR","og_type":"article","og_title":"Caracter\u00edsticas, obras e autores do barroco mineiro - SABRA - Sociedade Art\u00edstica Brasileira","og_description":"No s\u00e9culo 17, um estilo art\u00edstico europeu chegou ao Brasil e teve um desenvolvimento especial no estado de Minas Gerais - o barroco mineiro.","og_url":"https:\/\/www.sabra.org.br\/site\/barroco-mineiro\/","og_site_name":"SABRA - Sociedade Art\u00edstica Brasileira","article_publisher":"https:\/\/www.facebook.com\/sabrabrasil","article_published_time":"2021-08-03T12:56:32+00:00","og_image":[{"width":330,"height":495,"url":"https:\/\/i0.wp.com\/www.sabra.org.br\/site\/wp-content\/uploads\/2021\/08\/330px-Igreja_de_Nossa_Senhora_do_Rosario_Ouro_Preto_por_Rodrigo_Tetsuo_Argenton_04.jpg?fit=330%2C495&ssl=1","type":"image\/jpeg"}],"author":"M\u00e1rcio Miranda Pontes","twitter_card":"summary_large_image","twitter_creator":"@ContatoSabra","twitter_site":"@ContatoSabra","twitter_misc":{"Escrito por":"M\u00e1rcio Miranda Pontes","Est. tempo de leitura":"3 minutos"},"schema":{"@context":"https:\/\/schema.org","@graph":[{"@type":"Article","@id":"https:\/\/www.sabra.org.br\/site\/barroco-mineiro\/#article","isPartOf":{"@id":"https:\/\/www.sabra.org.br\/site\/barroco-mineiro\/"},"author":{"name":"M\u00e1rcio Miranda Pontes","@id":"https:\/\/www.sabra.org.br\/site\/#\/schema\/person\/7d1d222c3c8891d4c37c7b41bf6315c2"},"headline":"Caracter\u00edsticas, obras e autores do barroco mineiro","datePublished":"2021-08-03T12:56:32+00:00","mainEntityOfPage":{"@id":"https:\/\/www.sabra.org.br\/site\/barroco-mineiro\/"},"wordCount":706,"publisher":{"@id":"https:\/\/www.sabra.org.br\/site\/#organization"},"image":{"@id":"https:\/\/www.sabra.org.br\/site\/barroco-mineiro\/#primaryimage"},"thumbnailUrl":"https:\/\/www.sabra.org.br\/site\/wp-content\/uploads\/2021\/08\/330px-Igreja_de_Nossa_Senhora_do_Rosario_Ouro_Preto_por_Rodrigo_Tetsuo_Argenton_04.jpg","keywords":["Assist\u00eancia social","Canto Coral","Escola de Musica SABRA","Musicaliza\u00e7\u00e3o Infantil","nova lima","Orquestra Infanto Juvenil de Betim","Orquestra Sinf\u00f4nica de Betim","Raposos","Sociedade Art\u00edstica Brasileira"],"articleSection":["Blog SABRA"],"inLanguage":"pt-BR"},{"@type":"WebPage","@id":"https:\/\/www.sabra.org.br\/site\/barroco-mineiro\/","url":"https:\/\/www.sabra.org.br\/site\/barroco-mineiro\/","name":"Caracter\u00edsticas, obras e autores do barroco mineiro - SABRA - Sociedade Art\u00edstica Brasileira","isPartOf":{"@id":"https:\/\/www.sabra.org.br\/site\/#website"},"primaryImageOfPage":{"@id":"https:\/\/www.sabra.org.br\/site\/barroco-mineiro\/#primaryimage"},"image":{"@id":"https:\/\/www.sabra.org.br\/site\/barroco-mineiro\/#primaryimage"},"thumbnailUrl":"https:\/\/www.sabra.org.br\/site\/wp-content\/uploads\/2021\/08\/330px-Igreja_de_Nossa_Senhora_do_Rosario_Ouro_Preto_por_Rodrigo_Tetsuo_Argenton_04.jpg","datePublished":"2021-08-03T12:56:32+00:00","description":"No s\u00e9culo 17, um estilo art\u00edstico europeu chegou ao Brasil e teve um desenvolvimento especial no estado de Minas Gerais - o barroco mineiro.","breadcrumb":{"@id":"https:\/\/www.sabra.org.br\/site\/barroco-mineiro\/#breadcrumb"},"inLanguage":"pt-BR","potentialAction":[{"@type":"ReadAction","target":["https:\/\/www.sabra.org.br\/site\/barroco-mineiro\/"]}]},{"@type":"ImageObject","inLanguage":"pt-BR","@id":"https:\/\/www.sabra.org.br\/site\/barroco-mineiro\/#primaryimage","url":"https:\/\/www.sabra.org.br\/site\/wp-content\/uploads\/2021\/08\/330px-Igreja_de_Nossa_Senhora_do_Rosario_Ouro_Preto_por_Rodrigo_Tetsuo_Argenton_04.jpg","contentUrl":"https:\/\/www.sabra.org.br\/site\/wp-content\/uploads\/2021\/08\/330px-Igreja_de_Nossa_Senhora_do_Rosario_Ouro_Preto_por_Rodrigo_Tetsuo_Argenton_04.jpg","width":330,"height":495,"caption":"Sociedade Art\u00edstica Brasileira SABRA"},{"@type":"BreadcrumbList","@id":"https:\/\/www.sabra.org.br\/site\/barroco-mineiro\/#breadcrumb","itemListElement":[{"@type":"ListItem","position":1,"name":"In\u00edcio","item":"https:\/\/www.sabra.org.br\/site\/"},{"@type":"ListItem","position":2,"name":"Caracter\u00edsticas, obras e autores do barroco mineiro"}]},{"@type":"WebSite","@id":"https:\/\/www.sabra.org.br\/site\/#website","url":"https:\/\/www.sabra.org.br\/site\/","name":"SABRA - Sociedade Art\u00edstica Brasileira","description":"Escola de M\u00fasica, Orquestra Sinf\u00f4nica, Coral e Patrim\u00f4nio Cultural e Hist\u00f3rico","publisher":{"@id":"https:\/\/www.sabra.org.br\/site\/#organization"},"potentialAction":[{"@type":"SearchAction","target":{"@type":"EntryPoint","urlTemplate":"https:\/\/www.sabra.org.br\/site\/?s={search_term_string}"},"query-input":{"@type":"PropertyValueSpecification","valueRequired":true,"valueName":"search_term_string"}}],"inLanguage":"pt-BR"},{"@type":"Organization","@id":"https:\/\/www.sabra.org.br\/site\/#organization","name":"SOCIEDADE ART\u00cdSTICA BRASILEIRA SABRA","alternateName":"SABRA","url":"https:\/\/www.sabra.org.br\/site\/","logo":{"@type":"ImageObject","inLanguage":"pt-BR","@id":"https:\/\/www.sabra.org.br\/site\/#\/schema\/logo\/image\/","url":"https:\/\/www.sabra.org.br\/site\/wp-content\/uploads\/2019\/06\/cropped-Logo_SABRA-Copia-1.webp","contentUrl":"https:\/\/www.sabra.org.br\/site\/wp-content\/uploads\/2019\/06\/cropped-Logo_SABRA-Copia-1.webp","width":400,"height":128,"caption":"SOCIEDADE ART\u00cdSTICA BRASILEIRA SABRA"},"image":{"@id":"https:\/\/www.sabra.org.br\/site\/#\/schema\/logo\/image\/"},"sameAs":["https:\/\/www.facebook.com\/sabrabrasil","https:\/\/x.com\/ContatoSabra","https:\/\/www.instagram.com\/sabrabrasil\/","https:\/\/www.linkedin.com\/company\/25002088\/","https:\/\/br.pinterest.com\/sociedadeartisticabrasileira\/","https:\/\/www.youtube.com\/c\/sabrabrasil"]},{"@type":"Person","@id":"https:\/\/www.sabra.org.br\/site\/#\/schema\/person\/7d1d222c3c8891d4c37c7b41bf6315c2","name":"M\u00e1rcio Miranda Pontes","image":{"@type":"ImageObject","inLanguage":"pt-BR","@id":"https:\/\/secure.gravatar.com\/avatar\/3b45f24496a7625a3a6c436688fbe20344faaeb2979658dc4a9921f984d7df9a?s=96&d=mm&r=g","url":"https:\/\/secure.gravatar.com\/avatar\/3b45f24496a7625a3a6c436688fbe20344faaeb2979658dc4a9921f984d7df9a?s=96&d=mm&r=g","contentUrl":"https:\/\/secure.gravatar.com\/avatar\/3b45f24496a7625a3a6c436688fbe20344faaeb2979658dc4a9921f984d7df9a?s=96&d=mm&r=g","caption":"M\u00e1rcio Miranda Pontes"},"sameAs":["http:\/\/www.sabra.org.br"],"url":"https:\/\/www.sabra.org.br\/site\/author\/marcio-miranda-pontes\/"}]}},"jetpack_featured_media_url":"https:\/\/www.sabra.org.br\/site\/wp-content\/uploads\/2021\/08\/330px-Igreja_de_Nossa_Senhora_do_Rosario_Ouro_Preto_por_Rodrigo_Tetsuo_Argenton_04.jpg","jetpack_shortlink":"https:\/\/wp.me\/p95j2Z-13x","jetpack-related-posts":[{"id":7904,"url":"https:\/\/www.sabra.org.br\/site\/periodos-musicais\/","url_meta":{"origin":4063,"position":0},"title":"Barroco, Cl\u00e1ssico e Rom\u00e2ntico: curiosidades sobre os per\u00edodos musicais cl\u00e1ssicos","author":"M\u00e1rcio Miranda Pontes","date":"31 de agosto de 2023","format":false,"excerpt":"Descubra os segredos por tr\u00e1s dos per\u00edodos musicais cl\u00e1ssicos! Do ornamento barroco \u00e0 express\u00e3o rom\u00e2ntica, mergulhe nas curiosidades dos per\u00edodos musicais mais influentes da hist\u00f3ria. Leia o texto e saiba mais.","rel":"","context":"Em &quot;Blog SABRA&quot;","block_context":{"text":"Blog SABRA","link":"https:\/\/www.sabra.org.br\/site\/category\/blog-sabra\/"},"img":{"alt_text":"sabra-m\u00fasica-per\u00edodos-cl\u00e1ssico-rom\u00e2ntico-barroco-express\u00e3o-s\u00e9culo-compositores-desenvolvimento-musical","src":"https:\/\/i0.wp.com\/www.sabra.org.br\/site\/wp-content\/uploads\/2023\/08\/barroco-classico-e-romantico-curiosidades-sobre-os-periodos-musicais-classicos-20230628095402.jpg-jpg.webp?resize=350%2C200&ssl=1","width":350,"height":200,"srcset":"https:\/\/i0.wp.com\/www.sabra.org.br\/site\/wp-content\/uploads\/2023\/08\/barroco-classico-e-romantico-curiosidades-sobre-os-periodos-musicais-classicos-20230628095402.jpg-jpg.webp?resize=350%2C200&ssl=1 1x, https:\/\/i0.wp.com\/www.sabra.org.br\/site\/wp-content\/uploads\/2023\/08\/barroco-classico-e-romantico-curiosidades-sobre-os-periodos-musicais-classicos-20230628095402.jpg-jpg.webp?resize=525%2C300&ssl=1 1.5x, https:\/\/i0.wp.com\/www.sabra.org.br\/site\/wp-content\/uploads\/2023\/08\/barroco-classico-e-romantico-curiosidades-sobre-os-periodos-musicais-classicos-20230628095402.jpg-jpg.webp?resize=700%2C400&ssl=1 2x"},"classes":[]},{"id":1272,"url":"https:\/\/www.sabra.org.br\/site\/orquestra-sinfonica-de-betim-no-ccbb-bh-em-maio-de-2018\/","url_meta":{"origin":4063,"position":1},"title":"Orquestra Sinf\u00f4nica de Betim no CCBB-BH em maio de 2018","author":"M\u00e1rcio Miranda Pontes","date":"8 de maio de 2018","format":false,"excerpt":"Minist\u00e9rio da Cultura, Instituto Unimed-BH e SABRA apresentam: Concerto com a Orquestra Sinf\u00f4nica de Betim e Coral Unimed-BH Concertos ser\u00e3o realizados de abril o a dezembro com a presen\u00e7a de solistas e outros convidados No segundo concerto da s\u00e9rie de apresenta\u00e7\u00f5es da Orquestra Sinf\u00f4nica de Betim e Coral Unimed-BH\u00a0homenageiam os\u2026","rel":"","context":"Em &quot;Not\u00edcias&quot;","block_context":{"text":"Not\u00edcias","link":"https:\/\/www.sabra.org.br\/site\/category\/noticias\/"},"img":{"alt_text":"","src":"https:\/\/i0.wp.com\/www.sabra.org.br\/site\/wp-content\/uploads\/2017\/03\/Coral-Unimed-BH.jpg?resize=350%2C200&ssl=1","width":350,"height":200},"classes":[]},{"id":13395,"url":"https:\/\/www.sabra.org.br\/site\/barroco-classico\/","url_meta":{"origin":4063,"position":2},"title":"As diferen\u00e7as nos estilos musicais do per\u00edodo barroco e cl\u00e1ssico","author":"M\u00e1rcio Miranda Pontes","date":"10 de junho de 2025","format":false,"excerpt":"Mergulhe no universo do barroco. Aprenda sobre suas influ\u00eancias e como diferenciar os estilos da m\u00fasica cl\u00e1ssica.","rel":"","context":"Em &quot;Blog SABRA&quot;","block_context":{"text":"Blog SABRA","link":"https:\/\/www.sabra.org.br\/site\/category\/blog-sabra\/"},"img":{"alt_text":"","src":"","width":0,"height":0},"classes":[]},{"id":5136,"url":"https:\/\/www.sabra.org.br\/site\/personalidades-mg\/","url_meta":{"origin":4063,"position":3},"title":"Personalidades que marcaram a hist\u00f3ria de Minas Gerais","author":"M\u00e1rcio Miranda Pontes","date":"23 de maio de 2022","format":false,"excerpt":"Minas Gerais \u00e9 um estado extremamente rico e cheio de hist\u00f3ria cultural, o que \u00e9 reflexo de ter sido habitado por personalidades t\u00e3o marcantes e importantes. Vamos conhecer algumas delas?","rel":"","context":"Em &quot;Blog SABRA&quot;","block_context":{"text":"Blog SABRA","link":"https:\/\/www.sabra.org.br\/site\/category\/blog-sabra\/"},"img":{"alt_text":"minas-gerais-ouro","src":"https:\/\/i0.wp.com\/www.sabra.org.br\/site\/wp-content\/uploads\/2022\/05\/x-personalidades-que-marcaram-a-historia-de-minas-gerais-20210803101037.jpg.jpg?resize=350%2C200&ssl=1","width":350,"height":200,"srcset":"https:\/\/i0.wp.com\/www.sabra.org.br\/site\/wp-content\/uploads\/2022\/05\/x-personalidades-que-marcaram-a-historia-de-minas-gerais-20210803101037.jpg.jpg?resize=350%2C200&ssl=1 1x, https:\/\/i0.wp.com\/www.sabra.org.br\/site\/wp-content\/uploads\/2022\/05\/x-personalidades-que-marcaram-a-historia-de-minas-gerais-20210803101037.jpg.jpg?resize=525%2C300&ssl=1 1.5x, https:\/\/i0.wp.com\/www.sabra.org.br\/site\/wp-content\/uploads\/2022\/05\/x-personalidades-que-marcaram-a-historia-de-minas-gerais-20210803101037.jpg.jpg?resize=700%2C400&ssl=1 2x"},"classes":[]},{"id":13456,"url":"https:\/\/www.sabra.org.br\/site\/lobo-de-mesquita\/","url_meta":{"origin":4063,"position":4},"title":"Vida e obra de Lobo de Mesquita","author":"M\u00e1rcio Miranda Pontes","date":"4 de junho de 2025","format":false,"excerpt":"Conhe\u00e7a a obra de Lobo de Mesquita, importante compositor da m\u00fasica colonial mineira no s\u00e9culo XVIII e sua influ\u00eancia.","rel":"","context":"Em &quot;Blog SABRA&quot;","block_context":{"text":"Blog SABRA","link":"https:\/\/www.sabra.org.br\/site\/category\/blog-sabra\/"},"img":{"alt_text":"","src":"","width":0,"height":0},"classes":[]},{"id":5093,"url":"https:\/\/www.sabra.org.br\/site\/programa-19-05-2022\/","url_meta":{"origin":4063,"position":5},"title":"Programa Concerto Noturno &#8211; 19\/05\/2022","author":"M\u00e1rcio Miranda Pontes","date":"18 de maio de 2022","format":false,"excerpt":"Programa do concerto da s\u00e9rie noturna do dia 19-05-2022 - Teatro Municipal Newton Franco Amaral","rel":"","context":"Em &quot;Not\u00edcias&quot;","block_context":{"text":"Not\u00edcias","link":"https:\/\/www.sabra.org.br\/site\/category\/noticias\/"},"img":{"alt_text":"Patroc\u00ednio","src":"https:\/\/i0.wp.com\/www.sabra.org.br\/site\/wp-content\/uploads\/2022\/05\/AssinaturaYouTubeEimpressos300-scaled.jpg?resize=350%2C200&ssl=1","width":350,"height":200,"srcset":"https:\/\/i0.wp.com\/www.sabra.org.br\/site\/wp-content\/uploads\/2022\/05\/AssinaturaYouTubeEimpressos300-scaled.jpg?resize=350%2C200&ssl=1 1x, https:\/\/i0.wp.com\/www.sabra.org.br\/site\/wp-content\/uploads\/2022\/05\/AssinaturaYouTubeEimpressos300-scaled.jpg?resize=525%2C300&ssl=1 1.5x, https:\/\/i0.wp.com\/www.sabra.org.br\/site\/wp-content\/uploads\/2022\/05\/AssinaturaYouTubeEimpressos300-scaled.jpg?resize=700%2C400&ssl=1 2x, https:\/\/i0.wp.com\/www.sabra.org.br\/site\/wp-content\/uploads\/2022\/05\/AssinaturaYouTubeEimpressos300-scaled.jpg?resize=1050%2C600&ssl=1 3x, https:\/\/i0.wp.com\/www.sabra.org.br\/site\/wp-content\/uploads\/2022\/05\/AssinaturaYouTubeEimpressos300-scaled.jpg?resize=1400%2C800&ssl=1 4x"},"classes":[]}],"jetpack_likes_enabled":true,"jetpack_sharing_enabled":true,"_links":{"self":[{"href":"https:\/\/www.sabra.org.br\/site\/wp-json\/wp\/v2\/posts\/4063","targetHints":{"allow":["GET"]}}],"collection":[{"href":"https:\/\/www.sabra.org.br\/site\/wp-json\/wp\/v2\/posts"}],"about":[{"href":"https:\/\/www.sabra.org.br\/site\/wp-json\/wp\/v2\/types\/post"}],"author":[{"embeddable":true,"href":"https:\/\/www.sabra.org.br\/site\/wp-json\/wp\/v2\/users\/39"}],"replies":[{"embeddable":true,"href":"https:\/\/www.sabra.org.br\/site\/wp-json\/wp\/v2\/comments?post=4063"}],"version-history":[{"count":0,"href":"https:\/\/www.sabra.org.br\/site\/wp-json\/wp\/v2\/posts\/4063\/revisions"}],"wp:featuredmedia":[{"embeddable":true,"href":"https:\/\/www.sabra.org.br\/site\/wp-json\/wp\/v2\/media\/4065"}],"wp:attachment":[{"href":"https:\/\/www.sabra.org.br\/site\/wp-json\/wp\/v2\/media?parent=4063"}],"wp:term":[{"taxonomy":"category","embeddable":true,"href":"https:\/\/www.sabra.org.br\/site\/wp-json\/wp\/v2\/categories?post=4063"},{"taxonomy":"post_tag","embeddable":true,"href":"https:\/\/www.sabra.org.br\/site\/wp-json\/wp\/v2\/tags?post=4063"}],"curies":[{"name":"wp","href":"https:\/\/api.w.org\/{rel}","templated":true}]}}