{"id":4079,"date":"2021-08-06T14:38:49","date_gmt":"2021-08-06T17:38:49","guid":{"rendered":"https:\/\/www.sabra.org.br\/site\/?p=4079"},"modified":"2021-08-06T14:39:47","modified_gmt":"2021-08-06T17:39:47","slug":"sanfona","status":"publish","type":"post","link":"https:\/\/www.sabra.org.br\/site\/sanfona\/","title":{"rendered":"Gaita, acordeon e sanfona: qual a diferen\u00e7a?"},"content":{"rendered":"<p>[vc_row][vc_column][vc_column_text]Quem gosta de estudar m\u00fasica e conhece todos os nomes de instrumento, certamente j\u00e1 se deparou com a seguinte d\u00favida: gaita, acordeon e sanfona s\u00e3o a mesma coisa? Afinal, \u00e0 primeira vista eles parecem muito semelhantes.<\/p>\n<p>E n\u00e3o \u00e9 s\u00f3 \u00e0 primeira vista. O fato \u00e9 que, sim, eles representam o mesmo instrumento musical. A quest\u00e3o \u00e9, mesmo, referente \u00e0 nomenclatura e \u00e0 cultura de cada local.<\/p>\n<p>Inclusive, pensando nos nomes brasileiros, tamb\u00e9m h\u00e1 a possibilidade do uso de acorde\u00e3o. Mas ent\u00e3o, j\u00e1 que se trata do mesmo instrumento, por que a diferen\u00e7a?<\/p>\n<h2>Diferen\u00e7a entre gaita, acordeon e sanfona<\/h2>\n<p>Oficialmente, pensando na teoria da m\u00fasica e no hist\u00f3rico de cria\u00e7\u00e3o do instrumento, o correto seria dizer acordeon. Quando uma pessoa \u00e9 introduzida ao estudo do tema, ser\u00e1 este o nome &#8220;oficial&#8221; do objeto.<\/p>\n<p>Por\u00e9m, como se sabe, a m\u00fasica se espalha por todo o territ\u00f3rio mundial e, em um pa\u00eds t\u00e3o diverso como o Brasil, com regi\u00f5es muito diferentes e pessoas de cria\u00e7\u00f5es totalmente diferentes, era natural que surgissem varia\u00e7\u00f5es, como ocorre em palavras de outras categorias, como nomes de comidas.<\/p>\n<p>Por exemplo, no Nordeste brasileiro, t\u00e3o rico em termos culturais, sanfona foi o nome assumido para este instrumento. O forr\u00f3, ritmo musical t\u00e3o valorizado na regi\u00e3o, tem forte influ\u00eancia deste objeto.<\/p>\n<p>Assim, sendo amplamente utilizado e com o nome sanfona, era inevit\u00e1vel que esta denomina\u00e7\u00e3o se espalhasse por outras regi\u00f5es do pa\u00eds. No Centro-Oeste, por exemplo, tamb\u00e9m \u00e9 comum ouvirmos as pessoas usando sanfona.<\/p>\n<p>\u00c9 interessante perceber que a origem da palavra sanfona, no grego symphon\u00eda, diz respeito a outro instrumento musical, de cordas, semelhante ao violino. Este, ent\u00e3o, deveria ser o que chamamos de sanfona, mas a quest\u00e3o cultural se imp\u00f5e e o nome dado pelo povo e passado ao longo das gera\u00e7\u00f5es se torna forte e aceito de forma correta.<\/p>\n<h2>Instrumento no Nordeste<\/h2>\n<p>Outra quest\u00e3o hist\u00f3rica interessante: apesar da for\u00e7a do instrumento na m\u00fasica ligada ao Nordeste, os primeiros exemplares que chegaram ao Brasil, acredita-se que tenham desembarcado no Sul, mais precisamente no estado do Rio Grande do Sul, ainda no s\u00e9culo XIX. Isso por conta das imigra\u00e7\u00f5es, tanto de italianos, quanto de alem\u00e3es, que trouxeram o objeto.<\/p>\n<p>E, nesta regi\u00e3o, o forte \u00e9 o nome gaita, em contraposi\u00e7\u00e3o ao acordeon e \u00e0 sanfona. Neste caso, o que os estudiosos acreditam \u00e9 que isso acontece por conta de semelhan\u00e7as, no mecanismo do instrumento, com a chamada gaita de boca.<\/p>\n<p>Logo, foi inevit\u00e1vel que o nome gaita se expandisse e, tamb\u00e9m, se tornasse uma varia\u00e7\u00e3o para o mesmo instrumento.<\/p>\n<p>Portanto, o que se pode dizer \u00e9: a diferen\u00e7a entre acordeon, gaita e sanfona n\u00e3o est\u00e1 no instrumento, em seu funcionamento ou uso. Na verdade, a cultura vasta que a m\u00fasica traz, al\u00e9m de um pa\u00eds de tanta diversidade quanto o Brasil, fez com que a hist\u00f3ria criasse nomes diferentes para o mesmo instrumento.<\/p>\n<p>Sendo assim, sempre que algu\u00e9m for falar sobre m\u00fasica e aparecer esta discuss\u00e3o, a resposta simples \u00e9: pode chamar de sanfona, acordeon ou gaita. O importante \u00e9 respeitar a cultura de cada um e a forma como o tema foi aprendido.<\/p>\n<blockquote class=\"wp-embedded-content\" data-secret=\"QlSvUHpPqK\"><p><a href=\"https:\/\/www.sabra.org.br\/site\/desenvolvimento-cerebro\/\">A m\u00fasica ajuda no desenvolvimento do c\u00e9rebro?<\/a><\/p><\/blockquote>\n<p><iframe class=\"wp-embedded-content\" sandbox=\"allow-scripts\" security=\"restricted\" style=\"position: absolute; clip: rect(1px, 1px, 1px, 1px);\" title=\"&#8220;A m\u00fasica ajuda no desenvolvimento do c\u00e9rebro?&#8221; &#8212; SABRA - Sociedade Art\u00edstica Brasileira\" src=\"https:\/\/www.sabra.org.br\/site\/desenvolvimento-cerebro\/embed\/#?secret=QlSvUHpPqK\" data-secret=\"QlSvUHpPqK\" width=\"600\" height=\"338\" frameborder=\"0\" marginwidth=\"0\" marginheight=\"0\" scrolling=\"no\"><\/iframe><\/p>\n<hr \/>\n<h2>Se voc\u00ea gostou deste post:<\/h2>\n<p>&#8211; SIGA as nossas p\u00e1ginas nas redes sociais para acompanhar as nossas atualiza\u00e7\u00f5es: estamos no <a href=\"https:\/\/www.facebook.com\/sabrabrasil\" target=\"_blank\" rel=\"noopener\">Facebook<\/a>, no <a href=\"https:\/\/www.instagram.com\/sabrabrasil\/\" target=\"_blank\" rel=\"noopener\">Instagram<\/a>, no <a href=\"https:\/\/www.linkedin.com\/company\/25002088\" target=\"_blank\" rel=\"noopener\">LinkedIn<\/a>, no <a href=\"https:\/\/twitter.com\/ContatoSabra\" target=\"_blank\" rel=\"noopener\">Twitter<\/a> e no <a href=\"https:\/\/www.youtube.com\/channel\/UCJw-kbuEvzUNdeQf20Pa-eQ\" target=\"_blank\" rel=\"noopener\">YouTube<\/a>!<\/p>\n<p>&#8211; CONHE\u00c7A o trabalho da Sociedade Art\u00edstica Brasileira (SABRA) e todas as iniciativas culturais e sociais que ela mant\u00e9m. <a href=\"https:\/\/www.sabra.org.br\/site\/acoes\/\" target=\"_blank\" rel=\"noopener\">Acesse nosso site!<\/a><\/p>\n<p>&#8211; ENTRE EM CONTATO com a gente. E veja quais s\u00e3o as op\u00e7\u00f5es de ajuda na manuten\u00e7\u00e3o de nossas a\u00e7\u00f5es sociais e culturais. Basta acessar nossa p\u00e1gina <a href=\"https:\/\/www.sabra.org.br\/site\/doe-agora\/\" target=\"_blank\" rel=\"noopener\">Doe Agora!<\/a><\/p>\n<p>&#8211; COMPARTILHE este texto nas suas redes sociais e ajude os seus amigos a tamb\u00e9m dominarem o assunto![\/vc_column_text][\/vc_column][\/vc_row]<\/p>\n","protected":false},"excerpt":{"rendered":"<p>Gaita, acordeon e sanfona: qual a diferen\u00e7a?<\/p>\n<p>J\u00e1 entrou em alguma conversa sobre a diferen\u00e7a entre gaita, acordeon e sanfona? Afinal, estes nomes representam o mesmo instrumento? Leia mais e entenda de uma vez por todas o que muda entre as tr\u00eas denomina\u00e7\u00f5es.<\/p>\n","protected":false},"author":39,"featured_media":4080,"comment_status":"closed","ping_status":"closed","sticky":false,"template":"","format":"standard","meta":{"jetpack_post_was_ever_published":false,"_jetpack_newsletter_access":"","_jetpack_dont_email_post_to_subs":false,"_jetpack_newsletter_tier_id":0,"_jetpack_memberships_contains_paywalled_content":false,"_jetpack_memberships_contains_paid_content":false,"footnotes":""},"categories":[1],"tags":[15,8,1285,16,3519,1286,11,3622,9],"class_list":["post-4079","post","type-post","status-publish","format-standard","has-post-thumbnail","hentry","category-blog-sabra","tag-assistencia-social","tag-canto-coral","tag-escola-de-musica-sabra","tag-musicalizacao-infantil","tag-nova-lima-2","tag-orquestra-infanto-juvenil-de-betim","tag-orquestra-sinfonica-de-betim","tag-raposos","tag-sociedade-artistica-brasileira"],"yoast_head":"<!-- This site is optimized with the Yoast SEO plugin v27.5 - https:\/\/yoast.com\/product\/yoast-seo-wordpress\/ -->\n<title>Gaita, acordeon e sanfona: qual a diferen\u00e7a? - SABRA - Sociedade Art\u00edstica Brasileira<\/title>\n<meta name=\"description\" content=\"J\u00e1 entrou em alguma conversa sobre a diferen\u00e7a entre gaita, acordeon e sanfona? Afinal, estes nomes representam o mesmo instrumento?\" \/>\n<meta name=\"robots\" content=\"index, follow, max-snippet:-1, max-image-preview:large, max-video-preview:-1\" \/>\n<link rel=\"canonical\" href=\"https:\/\/www.sabra.org.br\/site\/sanfona\/\" \/>\n<meta property=\"og:locale\" content=\"pt_BR\" \/>\n<meta property=\"og:type\" content=\"article\" \/>\n<meta property=\"og:title\" content=\"Gaita, acordeon e sanfona: qual a diferen\u00e7a? - SABRA - Sociedade Art\u00edstica Brasileira\" \/>\n<meta property=\"og:description\" content=\"J\u00e1 entrou em alguma conversa sobre a diferen\u00e7a entre gaita, acordeon e sanfona? Afinal, estes nomes representam o mesmo instrumento?\" \/>\n<meta property=\"og:url\" content=\"https:\/\/www.sabra.org.br\/site\/sanfona\/\" \/>\n<meta property=\"og:site_name\" content=\"SABRA - Sociedade Art\u00edstica Brasileira\" \/>\n<meta property=\"article:publisher\" content=\"https:\/\/www.facebook.com\/sabrabrasil\" \/>\n<meta property=\"article:published_time\" content=\"2021-08-06T17:38:49+00:00\" \/>\n<meta property=\"article:modified_time\" content=\"2021-08-06T17:39:47+00:00\" \/>\n<meta property=\"og:image\" content=\"https:\/\/i0.wp.com\/www.sabra.org.br\/site\/wp-content\/uploads\/2021\/08\/gaita-acordeon-e-sanfona-qual-a-diferenca-20210311095559.jpg.jpg?fit=800%2C450&ssl=1\" \/>\n\t<meta property=\"og:image:width\" content=\"800\" \/>\n\t<meta property=\"og:image:height\" content=\"450\" \/>\n\t<meta property=\"og:image:type\" content=\"image\/jpeg\" \/>\n<meta name=\"author\" content=\"M\u00e1rcio Miranda Pontes\" \/>\n<meta name=\"twitter:card\" content=\"summary_large_image\" \/>\n<meta name=\"twitter:creator\" content=\"@ContatoSabra\" \/>\n<meta name=\"twitter:site\" content=\"@ContatoSabra\" \/>\n<meta name=\"twitter:label1\" content=\"Escrito por\" \/>\n\t<meta name=\"twitter:data1\" content=\"M\u00e1rcio Miranda Pontes\" \/>\n\t<meta name=\"twitter:label2\" content=\"Est. tempo de leitura\" \/>\n\t<meta name=\"twitter:data2\" content=\"3 minutos\" \/>\n<script type=\"application\/ld+json\" class=\"yoast-schema-graph\">{\"@context\":\"https:\\\/\\\/schema.org\",\"@graph\":[{\"@type\":\"Article\",\"@id\":\"https:\\\/\\\/www.sabra.org.br\\\/site\\\/sanfona\\\/#article\",\"isPartOf\":{\"@id\":\"https:\\\/\\\/www.sabra.org.br\\\/site\\\/sanfona\\\/\"},\"author\":{\"name\":\"M\u00e1rcio Miranda Pontes\",\"@id\":\"https:\\\/\\\/www.sabra.org.br\\\/site\\\/#\\\/schema\\\/person\\\/7d1d222c3c8891d4c37c7b41bf6315c2\"},\"headline\":\"Gaita, acordeon e sanfona: qual a diferen\u00e7a?\",\"datePublished\":\"2021-08-06T17:38:49+00:00\",\"dateModified\":\"2021-08-06T17:39:47+00:00\",\"mainEntityOfPage\":{\"@id\":\"https:\\\/\\\/www.sabra.org.br\\\/site\\\/sanfona\\\/\"},\"wordCount\":696,\"publisher\":{\"@id\":\"https:\\\/\\\/www.sabra.org.br\\\/site\\\/#organization\"},\"image\":{\"@id\":\"https:\\\/\\\/www.sabra.org.br\\\/site\\\/sanfona\\\/#primaryimage\"},\"thumbnailUrl\":\"https:\\\/\\\/www.sabra.org.br\\\/site\\\/wp-content\\\/uploads\\\/2021\\\/08\\\/gaita-acordeon-e-sanfona-qual-a-diferenca-20210311095559.jpg.jpg\",\"keywords\":[\"Assist\u00eancia social\",\"Canto Coral\",\"Escola de Musica SABRA\",\"Musicaliza\u00e7\u00e3o Infantil\",\"nova lima\",\"Orquestra Infanto Juvenil de Betim\",\"Orquestra Sinf\u00f4nica de Betim\",\"Raposos\",\"Sociedade Art\u00edstica Brasileira\"],\"articleSection\":[\"Blog SABRA\"],\"inLanguage\":\"pt-BR\"},{\"@type\":\"WebPage\",\"@id\":\"https:\\\/\\\/www.sabra.org.br\\\/site\\\/sanfona\\\/\",\"url\":\"https:\\\/\\\/www.sabra.org.br\\\/site\\\/sanfona\\\/\",\"name\":\"Gaita, acordeon e sanfona: qual a diferen\u00e7a? - SABRA - Sociedade Art\u00edstica Brasileira\",\"isPartOf\":{\"@id\":\"https:\\\/\\\/www.sabra.org.br\\\/site\\\/#website\"},\"primaryImageOfPage\":{\"@id\":\"https:\\\/\\\/www.sabra.org.br\\\/site\\\/sanfona\\\/#primaryimage\"},\"image\":{\"@id\":\"https:\\\/\\\/www.sabra.org.br\\\/site\\\/sanfona\\\/#primaryimage\"},\"thumbnailUrl\":\"https:\\\/\\\/www.sabra.org.br\\\/site\\\/wp-content\\\/uploads\\\/2021\\\/08\\\/gaita-acordeon-e-sanfona-qual-a-diferenca-20210311095559.jpg.jpg\",\"datePublished\":\"2021-08-06T17:38:49+00:00\",\"dateModified\":\"2021-08-06T17:39:47+00:00\",\"description\":\"J\u00e1 entrou em alguma conversa sobre a diferen\u00e7a entre gaita, acordeon e sanfona? Afinal, estes nomes representam o mesmo instrumento?\",\"breadcrumb\":{\"@id\":\"https:\\\/\\\/www.sabra.org.br\\\/site\\\/sanfona\\\/#breadcrumb\"},\"inLanguage\":\"pt-BR\",\"potentialAction\":[{\"@type\":\"ReadAction\",\"target\":[\"https:\\\/\\\/www.sabra.org.br\\\/site\\\/sanfona\\\/\"]}]},{\"@type\":\"ImageObject\",\"inLanguage\":\"pt-BR\",\"@id\":\"https:\\\/\\\/www.sabra.org.br\\\/site\\\/sanfona\\\/#primaryimage\",\"url\":\"https:\\\/\\\/www.sabra.org.br\\\/site\\\/wp-content\\\/uploads\\\/2021\\\/08\\\/gaita-acordeon-e-sanfona-qual-a-diferenca-20210311095559.jpg.jpg\",\"contentUrl\":\"https:\\\/\\\/www.sabra.org.br\\\/site\\\/wp-content\\\/uploads\\\/2021\\\/08\\\/gaita-acordeon-e-sanfona-qual-a-diferenca-20210311095559.jpg.jpg\",\"width\":800,\"height\":450,\"caption\":\"Sociedade Art\u00edstica Brasileira SABRA\"},{\"@type\":\"BreadcrumbList\",\"@id\":\"https:\\\/\\\/www.sabra.org.br\\\/site\\\/sanfona\\\/#breadcrumb\",\"itemListElement\":[{\"@type\":\"ListItem\",\"position\":1,\"name\":\"In\u00edcio\",\"item\":\"https:\\\/\\\/www.sabra.org.br\\\/site\\\/\"},{\"@type\":\"ListItem\",\"position\":2,\"name\":\"Gaita, acordeon e sanfona: qual a diferen\u00e7a?\"}]},{\"@type\":\"WebSite\",\"@id\":\"https:\\\/\\\/www.sabra.org.br\\\/site\\\/#website\",\"url\":\"https:\\\/\\\/www.sabra.org.br\\\/site\\\/\",\"name\":\"SABRA - Sociedade Art\u00edstica Brasileira\",\"description\":\"Escola de M\u00fasica, Orquestra Sinf\u00f4nica, Coral e Patrim\u00f4nio Cultural e Hist\u00f3rico\",\"publisher\":{\"@id\":\"https:\\\/\\\/www.sabra.org.br\\\/site\\\/#organization\"},\"potentialAction\":[{\"@type\":\"SearchAction\",\"target\":{\"@type\":\"EntryPoint\",\"urlTemplate\":\"https:\\\/\\\/www.sabra.org.br\\\/site\\\/?s={search_term_string}\"},\"query-input\":{\"@type\":\"PropertyValueSpecification\",\"valueRequired\":true,\"valueName\":\"search_term_string\"}}],\"inLanguage\":\"pt-BR\"},{\"@type\":\"Organization\",\"@id\":\"https:\\\/\\\/www.sabra.org.br\\\/site\\\/#organization\",\"name\":\"SOCIEDADE ART\u00cdSTICA BRASILEIRA SABRA\",\"alternateName\":\"SABRA\",\"url\":\"https:\\\/\\\/www.sabra.org.br\\\/site\\\/\",\"logo\":{\"@type\":\"ImageObject\",\"inLanguage\":\"pt-BR\",\"@id\":\"https:\\\/\\\/www.sabra.org.br\\\/site\\\/#\\\/schema\\\/logo\\\/image\\\/\",\"url\":\"https:\\\/\\\/www.sabra.org.br\\\/site\\\/wp-content\\\/uploads\\\/2019\\\/06\\\/cropped-Logo_SABRA-Copia-1.webp\",\"contentUrl\":\"https:\\\/\\\/www.sabra.org.br\\\/site\\\/wp-content\\\/uploads\\\/2019\\\/06\\\/cropped-Logo_SABRA-Copia-1.webp\",\"width\":400,\"height\":128,\"caption\":\"SOCIEDADE ART\u00cdSTICA BRASILEIRA SABRA\"},\"image\":{\"@id\":\"https:\\\/\\\/www.sabra.org.br\\\/site\\\/#\\\/schema\\\/logo\\\/image\\\/\"},\"sameAs\":[\"https:\\\/\\\/www.facebook.com\\\/sabrabrasil\",\"https:\\\/\\\/x.com\\\/ContatoSabra\",\"https:\\\/\\\/www.instagram.com\\\/sabrabrasil\\\/\",\"https:\\\/\\\/www.linkedin.com\\\/company\\\/25002088\\\/\",\"https:\\\/\\\/br.pinterest.com\\\/sociedadeartisticabrasileira\\\/\",\"https:\\\/\\\/www.youtube.com\\\/c\\\/sabrabrasil\"]},{\"@type\":\"Person\",\"@id\":\"https:\\\/\\\/www.sabra.org.br\\\/site\\\/#\\\/schema\\\/person\\\/7d1d222c3c8891d4c37c7b41bf6315c2\",\"name\":\"M\u00e1rcio Miranda Pontes\",\"image\":{\"@type\":\"ImageObject\",\"inLanguage\":\"pt-BR\",\"@id\":\"https:\\\/\\\/secure.gravatar.com\\\/avatar\\\/3b45f24496a7625a3a6c436688fbe20344faaeb2979658dc4a9921f984d7df9a?s=96&d=mm&r=g\",\"url\":\"https:\\\/\\\/secure.gravatar.com\\\/avatar\\\/3b45f24496a7625a3a6c436688fbe20344faaeb2979658dc4a9921f984d7df9a?s=96&d=mm&r=g\",\"contentUrl\":\"https:\\\/\\\/secure.gravatar.com\\\/avatar\\\/3b45f24496a7625a3a6c436688fbe20344faaeb2979658dc4a9921f984d7df9a?s=96&d=mm&r=g\",\"caption\":\"M\u00e1rcio Miranda Pontes\"},\"sameAs\":[\"http:\\\/\\\/www.sabra.org.br\"],\"url\":\"https:\\\/\\\/www.sabra.org.br\\\/site\\\/author\\\/marcio-miranda-pontes\\\/\"}]}<\/script>\n<!-- \/ Yoast SEO plugin. -->","yoast_head_json":{"title":"Gaita, acordeon e sanfona: qual a diferen\u00e7a? - SABRA - Sociedade Art\u00edstica Brasileira","description":"J\u00e1 entrou em alguma conversa sobre a diferen\u00e7a entre gaita, acordeon e sanfona? Afinal, estes nomes representam o mesmo instrumento?","robots":{"index":"index","follow":"follow","max-snippet":"max-snippet:-1","max-image-preview":"max-image-preview:large","max-video-preview":"max-video-preview:-1"},"canonical":"https:\/\/www.sabra.org.br\/site\/sanfona\/","og_locale":"pt_BR","og_type":"article","og_title":"Gaita, acordeon e sanfona: qual a diferen\u00e7a? - SABRA - Sociedade Art\u00edstica Brasileira","og_description":"J\u00e1 entrou em alguma conversa sobre a diferen\u00e7a entre gaita, acordeon e sanfona? Afinal, estes nomes representam o mesmo instrumento?","og_url":"https:\/\/www.sabra.org.br\/site\/sanfona\/","og_site_name":"SABRA - Sociedade Art\u00edstica Brasileira","article_publisher":"https:\/\/www.facebook.com\/sabrabrasil","article_published_time":"2021-08-06T17:38:49+00:00","article_modified_time":"2021-08-06T17:39:47+00:00","og_image":[{"width":800,"height":450,"url":"https:\/\/i0.wp.com\/www.sabra.org.br\/site\/wp-content\/uploads\/2021\/08\/gaita-acordeon-e-sanfona-qual-a-diferenca-20210311095559.jpg.jpg?fit=800%2C450&ssl=1","type":"image\/jpeg"}],"author":"M\u00e1rcio Miranda Pontes","twitter_card":"summary_large_image","twitter_creator":"@ContatoSabra","twitter_site":"@ContatoSabra","twitter_misc":{"Escrito por":"M\u00e1rcio Miranda Pontes","Est. tempo de leitura":"3 minutos"},"schema":{"@context":"https:\/\/schema.org","@graph":[{"@type":"Article","@id":"https:\/\/www.sabra.org.br\/site\/sanfona\/#article","isPartOf":{"@id":"https:\/\/www.sabra.org.br\/site\/sanfona\/"},"author":{"name":"M\u00e1rcio Miranda Pontes","@id":"https:\/\/www.sabra.org.br\/site\/#\/schema\/person\/7d1d222c3c8891d4c37c7b41bf6315c2"},"headline":"Gaita, acordeon e sanfona: qual a diferen\u00e7a?","datePublished":"2021-08-06T17:38:49+00:00","dateModified":"2021-08-06T17:39:47+00:00","mainEntityOfPage":{"@id":"https:\/\/www.sabra.org.br\/site\/sanfona\/"},"wordCount":696,"publisher":{"@id":"https:\/\/www.sabra.org.br\/site\/#organization"},"image":{"@id":"https:\/\/www.sabra.org.br\/site\/sanfona\/#primaryimage"},"thumbnailUrl":"https:\/\/www.sabra.org.br\/site\/wp-content\/uploads\/2021\/08\/gaita-acordeon-e-sanfona-qual-a-diferenca-20210311095559.jpg.jpg","keywords":["Assist\u00eancia social","Canto Coral","Escola de Musica SABRA","Musicaliza\u00e7\u00e3o Infantil","nova lima","Orquestra Infanto Juvenil de Betim","Orquestra Sinf\u00f4nica de Betim","Raposos","Sociedade Art\u00edstica Brasileira"],"articleSection":["Blog SABRA"],"inLanguage":"pt-BR"},{"@type":"WebPage","@id":"https:\/\/www.sabra.org.br\/site\/sanfona\/","url":"https:\/\/www.sabra.org.br\/site\/sanfona\/","name":"Gaita, acordeon e sanfona: qual a diferen\u00e7a? - SABRA - Sociedade Art\u00edstica Brasileira","isPartOf":{"@id":"https:\/\/www.sabra.org.br\/site\/#website"},"primaryImageOfPage":{"@id":"https:\/\/www.sabra.org.br\/site\/sanfona\/#primaryimage"},"image":{"@id":"https:\/\/www.sabra.org.br\/site\/sanfona\/#primaryimage"},"thumbnailUrl":"https:\/\/www.sabra.org.br\/site\/wp-content\/uploads\/2021\/08\/gaita-acordeon-e-sanfona-qual-a-diferenca-20210311095559.jpg.jpg","datePublished":"2021-08-06T17:38:49+00:00","dateModified":"2021-08-06T17:39:47+00:00","description":"J\u00e1 entrou em alguma conversa sobre a diferen\u00e7a entre gaita, acordeon e sanfona? Afinal, estes nomes representam o mesmo instrumento?","breadcrumb":{"@id":"https:\/\/www.sabra.org.br\/site\/sanfona\/#breadcrumb"},"inLanguage":"pt-BR","potentialAction":[{"@type":"ReadAction","target":["https:\/\/www.sabra.org.br\/site\/sanfona\/"]}]},{"@type":"ImageObject","inLanguage":"pt-BR","@id":"https:\/\/www.sabra.org.br\/site\/sanfona\/#primaryimage","url":"https:\/\/www.sabra.org.br\/site\/wp-content\/uploads\/2021\/08\/gaita-acordeon-e-sanfona-qual-a-diferenca-20210311095559.jpg.jpg","contentUrl":"https:\/\/www.sabra.org.br\/site\/wp-content\/uploads\/2021\/08\/gaita-acordeon-e-sanfona-qual-a-diferenca-20210311095559.jpg.jpg","width":800,"height":450,"caption":"Sociedade Art\u00edstica Brasileira SABRA"},{"@type":"BreadcrumbList","@id":"https:\/\/www.sabra.org.br\/site\/sanfona\/#breadcrumb","itemListElement":[{"@type":"ListItem","position":1,"name":"In\u00edcio","item":"https:\/\/www.sabra.org.br\/site\/"},{"@type":"ListItem","position":2,"name":"Gaita, acordeon e sanfona: qual a diferen\u00e7a?"}]},{"@type":"WebSite","@id":"https:\/\/www.sabra.org.br\/site\/#website","url":"https:\/\/www.sabra.org.br\/site\/","name":"SABRA - Sociedade Art\u00edstica Brasileira","description":"Escola de M\u00fasica, Orquestra Sinf\u00f4nica, Coral e Patrim\u00f4nio Cultural e Hist\u00f3rico","publisher":{"@id":"https:\/\/www.sabra.org.br\/site\/#organization"},"potentialAction":[{"@type":"SearchAction","target":{"@type":"EntryPoint","urlTemplate":"https:\/\/www.sabra.org.br\/site\/?s={search_term_string}"},"query-input":{"@type":"PropertyValueSpecification","valueRequired":true,"valueName":"search_term_string"}}],"inLanguage":"pt-BR"},{"@type":"Organization","@id":"https:\/\/www.sabra.org.br\/site\/#organization","name":"SOCIEDADE ART\u00cdSTICA BRASILEIRA SABRA","alternateName":"SABRA","url":"https:\/\/www.sabra.org.br\/site\/","logo":{"@type":"ImageObject","inLanguage":"pt-BR","@id":"https:\/\/www.sabra.org.br\/site\/#\/schema\/logo\/image\/","url":"https:\/\/www.sabra.org.br\/site\/wp-content\/uploads\/2019\/06\/cropped-Logo_SABRA-Copia-1.webp","contentUrl":"https:\/\/www.sabra.org.br\/site\/wp-content\/uploads\/2019\/06\/cropped-Logo_SABRA-Copia-1.webp","width":400,"height":128,"caption":"SOCIEDADE ART\u00cdSTICA BRASILEIRA SABRA"},"image":{"@id":"https:\/\/www.sabra.org.br\/site\/#\/schema\/logo\/image\/"},"sameAs":["https:\/\/www.facebook.com\/sabrabrasil","https:\/\/x.com\/ContatoSabra","https:\/\/www.instagram.com\/sabrabrasil\/","https:\/\/www.linkedin.com\/company\/25002088\/","https:\/\/br.pinterest.com\/sociedadeartisticabrasileira\/","https:\/\/www.youtube.com\/c\/sabrabrasil"]},{"@type":"Person","@id":"https:\/\/www.sabra.org.br\/site\/#\/schema\/person\/7d1d222c3c8891d4c37c7b41bf6315c2","name":"M\u00e1rcio Miranda Pontes","image":{"@type":"ImageObject","inLanguage":"pt-BR","@id":"https:\/\/secure.gravatar.com\/avatar\/3b45f24496a7625a3a6c436688fbe20344faaeb2979658dc4a9921f984d7df9a?s=96&d=mm&r=g","url":"https:\/\/secure.gravatar.com\/avatar\/3b45f24496a7625a3a6c436688fbe20344faaeb2979658dc4a9921f984d7df9a?s=96&d=mm&r=g","contentUrl":"https:\/\/secure.gravatar.com\/avatar\/3b45f24496a7625a3a6c436688fbe20344faaeb2979658dc4a9921f984d7df9a?s=96&d=mm&r=g","caption":"M\u00e1rcio Miranda Pontes"},"sameAs":["http:\/\/www.sabra.org.br"],"url":"https:\/\/www.sabra.org.br\/site\/author\/marcio-miranda-pontes\/"}]}},"jetpack_featured_media_url":"https:\/\/www.sabra.org.br\/site\/wp-content\/uploads\/2021\/08\/gaita-acordeon-e-sanfona-qual-a-diferenca-20210311095559.jpg.jpg","jetpack_shortlink":"https:\/\/wp.me\/s95j2Z-sanfona","jetpack-related-posts":[{"id":7039,"url":"https:\/\/www.sabra.org.br\/site\/instrumento-dificil\/","url_meta":{"origin":4079,"position":0},"title":"Instrumentos mais dif\u00edceis para se aprender a tocar","author":"M\u00e1rcio Miranda Pontes","date":"1 de maio de 2023","format":false,"excerpt":"Est\u00e1 em busca de um novo desafio na sua educa\u00e7\u00e3o musical? Ent\u00e3o leia a mat\u00e9ria de hoje para saber quais s\u00e3o os instrumentos com o aprendizado mais complexo e divirta-se!","rel":"","context":"Em &quot;Blog SABRA&quot;","block_context":{"text":"Blog SABRA","link":"https:\/\/www.sabra.org.br\/site\/category\/blog-sabra\/"},"img":{"alt_text":"aprender-tocar-instrumento","src":"https:\/\/i0.wp.com\/www.sabra.org.br\/site\/wp-content\/uploads\/2023\/05\/x-instrumentos-mais-dificeis-para-se-aprender-a-tocar-20171219145022.jpg.jpg?resize=350%2C200&ssl=1","width":350,"height":200,"srcset":"https:\/\/i0.wp.com\/www.sabra.org.br\/site\/wp-content\/uploads\/2023\/05\/x-instrumentos-mais-dificeis-para-se-aprender-a-tocar-20171219145022.jpg.jpg?resize=350%2C200&ssl=1 1x, https:\/\/i0.wp.com\/www.sabra.org.br\/site\/wp-content\/uploads\/2023\/05\/x-instrumentos-mais-dificeis-para-se-aprender-a-tocar-20171219145022.jpg.jpg?resize=525%2C300&ssl=1 1.5x"},"classes":[]},{"id":7002,"url":"https:\/\/www.sabra.org.br\/site\/aprender-instrumento-2\/","url_meta":{"origin":4079,"position":1},"title":"Instrumentos mais f\u00e1ceis para se aprender a tocar","author":"M\u00e1rcio Miranda Pontes","date":"28 de abril de 2023","format":false,"excerpt":"Um dos instrumentos mais populares, o viol\u00e3o n\u00e3o \u00e9 um dos mais f\u00e1ceis para quem quer aprender a tocar algo. Descubra no texto abaixo os instrumentos mais f\u00e1ceis para iniciantes!","rel":"","context":"Em &quot;Blog SABRA&quot;","block_context":{"text":"Blog SABRA","link":"https:\/\/www.sabra.org.br\/site\/category\/blog-sabra\/"},"img":{"alt_text":"aprender-tocar-instrumento","src":"https:\/\/i0.wp.com\/www.sabra.org.br\/site\/wp-content\/uploads\/2023\/04\/instrumentos-mais-faceis-para-se-aprender-a-tocar-20171219145022.jpg.jpg?resize=350%2C200&ssl=1","width":350,"height":200,"srcset":"https:\/\/i0.wp.com\/www.sabra.org.br\/site\/wp-content\/uploads\/2023\/04\/instrumentos-mais-faceis-para-se-aprender-a-tocar-20171219145022.jpg.jpg?resize=350%2C200&ssl=1 1x, https:\/\/i0.wp.com\/www.sabra.org.br\/site\/wp-content\/uploads\/2023\/04\/instrumentos-mais-faceis-para-se-aprender-a-tocar-20171219145022.jpg.jpg?resize=525%2C300&ssl=1 1.5x, https:\/\/i0.wp.com\/www.sabra.org.br\/site\/wp-content\/uploads\/2023\/04\/instrumentos-mais-faceis-para-se-aprender-a-tocar-20171219145022.jpg.jpg?resize=700%2C400&ssl=1 2x, https:\/\/i0.wp.com\/www.sabra.org.br\/site\/wp-content\/uploads\/2023\/04\/instrumentos-mais-faceis-para-se-aprender-a-tocar-20171219145022.jpg.jpg?resize=1050%2C600&ssl=1 3x, https:\/\/i0.wp.com\/www.sabra.org.br\/site\/wp-content\/uploads\/2023\/04\/instrumentos-mais-faceis-para-se-aprender-a-tocar-20171219145022.jpg.jpg?resize=1400%2C800&ssl=1 4x"},"classes":[]},{"id":6902,"url":"https:\/\/www.sabra.org.br\/site\/tipos-de-gaita\/","url_meta":{"origin":4079,"position":2},"title":"Tipos de gaita e suas principais diferen\u00e7as","author":"M\u00e1rcio Miranda Pontes","date":"10 de abril de 2023","format":false,"excerpt":"Voc\u00ea j\u00e1 ouviu o som de uma gaita e se encantou? Esses instrumentos musicais realmente s\u00e3o capazes de emitir melodias agrad\u00e1veis. Conhe\u00e7a agora os principais tipos de gaita que existem.","rel":"","context":"Em &quot;Blog SABRA&quot;","block_context":{"text":"Blog SABRA","link":"https:\/\/www.sabra.org.br\/site\/category\/blog-sabra\/"},"img":{"alt_text":"m\u00fasica-gaita-conhecer-tipo","src":"https:\/\/i0.wp.com\/www.sabra.org.br\/site\/wp-content\/uploads\/2023\/04\/tipos-de-gaita-e-suas-principais-diferencas-20221027111319.jpg.jpg?resize=350%2C200&ssl=1","width":350,"height":200,"srcset":"https:\/\/i0.wp.com\/www.sabra.org.br\/site\/wp-content\/uploads\/2023\/04\/tipos-de-gaita-e-suas-principais-diferencas-20221027111319.jpg.jpg?resize=350%2C200&ssl=1 1x, https:\/\/i0.wp.com\/www.sabra.org.br\/site\/wp-content\/uploads\/2023\/04\/tipos-de-gaita-e-suas-principais-diferencas-20221027111319.jpg.jpg?resize=525%2C300&ssl=1 1.5x"},"classes":[]},{"id":6108,"url":"https:\/\/www.sabra.org.br\/site\/gaita-de-fole\/","url_meta":{"origin":4079,"position":3},"title":"Como funciona uma gaita de fole?","author":"M\u00e1rcio Miranda Pontes","date":"21 de outubro de 2022","format":false,"excerpt":"A gaita de fole \u00e9 um instrumento capaz de emitir um som muito bonito. Mas voc\u00ea sabe como ela funciona? Esse processo depende diretamente do gaiteiro e da qualidade do instrumento. Veja!","rel":"","context":"Em &quot;Blog SABRA&quot;","block_context":{"text":"Blog SABRA","link":"https:\/\/www.sabra.org.br\/site\/category\/blog-sabra\/"},"img":{"alt_text":"fole-ar-som-gaita-ponteira-ronco-instrumento-preciso","src":"https:\/\/i0.wp.com\/www.sabra.org.br\/site\/wp-content\/uploads\/2022\/10\/como-funciona-uma-gaita-de-folejpg-20220908094423.jpg.jpg?resize=350%2C200&ssl=1","width":350,"height":200,"srcset":"https:\/\/i0.wp.com\/www.sabra.org.br\/site\/wp-content\/uploads\/2022\/10\/como-funciona-uma-gaita-de-folejpg-20220908094423.jpg.jpg?resize=350%2C200&ssl=1 1x, https:\/\/i0.wp.com\/www.sabra.org.br\/site\/wp-content\/uploads\/2022\/10\/como-funciona-uma-gaita-de-folejpg-20220908094423.jpg.jpg?resize=525%2C300&ssl=1 1.5x, https:\/\/i0.wp.com\/www.sabra.org.br\/site\/wp-content\/uploads\/2022\/10\/como-funciona-uma-gaita-de-folejpg-20220908094423.jpg.jpg?resize=700%2C400&ssl=1 2x"},"classes":[]},{"id":5727,"url":"https:\/\/www.sabra.org.br\/site\/instrumentista-ou-musico\/","url_meta":{"origin":4079,"position":4},"title":"M\u00fasico e instrumentista?","author":"M\u00e1rcio Miranda Pontes","date":"26 de agosto de 2022","format":false,"excerpt":"Voc\u00ea pode amar m\u00fasica, mas j\u00e1 parou para pensar na diferen\u00e7a entre um instrumentista e um m\u00fasico? N\u00e3o? Ent\u00e3o confira mais sobre o assunto no nosso conte\u00fado especial a seguir.","rel":"","context":"Em &quot;Blog SABRA&quot;","block_context":{"text":"Blog SABRA","link":"https:\/\/www.sabra.org.br\/site\/category\/blog-sabra\/"},"img":{"alt_text":"instrumentista-musica-pessoa","src":"https:\/\/i0.wp.com\/www.sabra.org.br\/site\/wp-content\/uploads\/2022\/08\/qual-e-a-diferenca-entre-musico-e-instrumentista-20220623120204.jpg.jpg?resize=350%2C200&ssl=1","width":350,"height":200,"srcset":"https:\/\/i0.wp.com\/www.sabra.org.br\/site\/wp-content\/uploads\/2022\/08\/qual-e-a-diferenca-entre-musico-e-instrumentista-20220623120204.jpg.jpg?resize=350%2C200&ssl=1 1x, https:\/\/i0.wp.com\/www.sabra.org.br\/site\/wp-content\/uploads\/2022\/08\/qual-e-a-diferenca-entre-musico-e-instrumentista-20220623120204.jpg.jpg?resize=525%2C300&ssl=1 1.5x, https:\/\/i0.wp.com\/www.sabra.org.br\/site\/wp-content\/uploads\/2022\/08\/qual-e-a-diferenca-entre-musico-e-instrumentista-20220623120204.jpg.jpg?resize=700%2C400&ssl=1 2x"},"classes":[]},{"id":6948,"url":"https:\/\/www.sabra.org.br\/site\/produzir-musica-celular\/","url_meta":{"origin":4079,"position":5},"title":"Como produzir m\u00fasicas pelo celular?","author":"M\u00e1rcio Miranda Pontes","date":"18 de abril de 2023","format":false,"excerpt":"Produzir m\u00fasicas pelo celular \u00e9 uma realidade que vem se tornando cada dia mais acess\u00edvel. Mas, para isso, \u00e9 preciso obter os equipamentos adequados e seguir os procedimentos corretos. Saiba mais!","rel":"","context":"Em &quot;Blog SABRA&quot;","block_context":{"text":"Blog SABRA","link":"https:\/\/www.sabra.org.br\/site\/category\/blog-sabra\/"},"img":{"alt_text":"m\u00fasicas-celular-instrumento-produzir-gravar","src":"https:\/\/i0.wp.com\/www.sabra.org.br\/site\/wp-content\/uploads\/2023\/04\/como-produzir-musicas-pelo-celular-20221027111319.jpg.jpg?resize=350%2C200&ssl=1","width":350,"height":200,"srcset":"https:\/\/i0.wp.com\/www.sabra.org.br\/site\/wp-content\/uploads\/2023\/04\/como-produzir-musicas-pelo-celular-20221027111319.jpg.jpg?resize=350%2C200&ssl=1 1x, https:\/\/i0.wp.com\/www.sabra.org.br\/site\/wp-content\/uploads\/2023\/04\/como-produzir-musicas-pelo-celular-20221027111319.jpg.jpg?resize=525%2C300&ssl=1 1.5x"},"classes":[]}],"jetpack_likes_enabled":true,"jetpack_sharing_enabled":true,"_links":{"self":[{"href":"https:\/\/www.sabra.org.br\/site\/wp-json\/wp\/v2\/posts\/4079","targetHints":{"allow":["GET"]}}],"collection":[{"href":"https:\/\/www.sabra.org.br\/site\/wp-json\/wp\/v2\/posts"}],"about":[{"href":"https:\/\/www.sabra.org.br\/site\/wp-json\/wp\/v2\/types\/post"}],"author":[{"embeddable":true,"href":"https:\/\/www.sabra.org.br\/site\/wp-json\/wp\/v2\/users\/39"}],"replies":[{"embeddable":true,"href":"https:\/\/www.sabra.org.br\/site\/wp-json\/wp\/v2\/comments?post=4079"}],"version-history":[{"count":0,"href":"https:\/\/www.sabra.org.br\/site\/wp-json\/wp\/v2\/posts\/4079\/revisions"}],"wp:featuredmedia":[{"embeddable":true,"href":"https:\/\/www.sabra.org.br\/site\/wp-json\/wp\/v2\/media\/4080"}],"wp:attachment":[{"href":"https:\/\/www.sabra.org.br\/site\/wp-json\/wp\/v2\/media?parent=4079"}],"wp:term":[{"taxonomy":"category","embeddable":true,"href":"https:\/\/www.sabra.org.br\/site\/wp-json\/wp\/v2\/categories?post=4079"},{"taxonomy":"post_tag","embeddable":true,"href":"https:\/\/www.sabra.org.br\/site\/wp-json\/wp\/v2\/tags?post=4079"}],"curies":[{"name":"wp","href":"https:\/\/api.w.org\/{rel}","templated":true}]}}