{"id":4088,"date":"2021-08-12T17:09:37","date_gmt":"2021-08-12T20:09:37","guid":{"rendered":"https:\/\/www.sabra.org.br\/site\/?p=4088"},"modified":"2021-08-12T17:15:44","modified_gmt":"2021-08-12T20:15:44","slug":"mpb-seculo-xix","status":"publish","type":"post","link":"https:\/\/www.sabra.org.br\/site\/mpb-seculo-xix\/","title":{"rendered":"Como era a m\u00fasica popular no Brasil do s\u00e9culo XIX?"},"content":{"rendered":"<p>[vc_row][vc_column][vc_column_text]Quando se fala em m\u00fasica popular brasileira logo alguns nomes comuns s\u00e3o lembrados como Elis, Caetano e Milton Nascimento. No entanto, a trajet\u00f3ria da m\u00fasica popular no Brasil passou por muitas fases e por diversos artistas que deixaram uma marca muito positiva e hist\u00f3rica no pa\u00eds.<\/p>\n<p>Al\u00e9m da miscigena\u00e7\u00e3o de povos, o Brasil possui uma vasta mistura musical. O samba, o sertanejo, o forr\u00f3, a bossa nova entre outros ritmos regionais que resistem em cada canto do pa\u00eds at\u00e9 hoje.<\/p>\n<h2>Contexto do s\u00e9culo XIX<\/h2>\n<p>O s\u00e9culo XIX compreende o per\u00edodo entre 1801 e 1900. Foi uma \u00e9poca marcada por grandes acontecimentos e mudan\u00e7as pol\u00edticas, sociais, art\u00edsticas e econ\u00f4micas no Brasil sendo um reflexo do que estava acontecendo no mundo todo.<\/p>\n<p>Logo no in\u00edcio do s\u00e9culo, em 1808, a fam\u00edlia real portuguesa chega ao pa\u00eds. A Proclama\u00e7\u00e3o da Rep\u00fablica do Brasil ocorreu poucos anos depois em 1822 iniciando o Per\u00edodo Imperial do pa\u00eds. Rea\u00e7\u00f5es pol\u00edticas contr\u00e1rias ao Imperador despontaram em v\u00e1rias regi\u00f5es, como movimentos separatistas e revoltas.<\/p>\n<p>Mundialmente, fil\u00f3sofos e pensadores foram respons\u00e1veis por desenvolver teorias e reflex\u00f5es que alterariam os padr\u00f5es de sociedade. Enquanto o desenvolvimento das artes seguia seu fluxo mais criativo e inovador sem entraves, surgindo movimentos importantes como o Realismo, Naturalismo, Romantismo, Impressionismo, Simbolismo e Parnasianismo.<\/p>\n<h2>A m\u00fasica popular no Brasil do s\u00e9culo XIX<\/h2>\n<p>A m\u00fasica sempre fez parte da rotina dos povos nativos brasileiros. Mas, foi com a chegada de pessoas de diversas origens e culturas que a m\u00fasica brasileira se tornou muito rica.<\/p>\n<p>O colonizador portugu\u00eas introduziu os instrumentos como tambor, pandeiro, viol\u00e3o, viola e cavaquinho. Instrumentos que s\u00e3o elementos de identidade musical, principalmente no samba. No s\u00e9culo XVII, foram introduzidos instrumentos mais sofisticados como o piano, entretanto ainda eram restritos apenas \u00e0s fam\u00edlias mais nobres.<\/p>\n<p>As dan\u00e7as e ritmos do som africano com atabaques, cu\u00edca e tambor foram decisivos para as manifesta\u00e7\u00f5es da m\u00fasica popular brasileira.<\/p>\n<p>Outras influ\u00eancias tamb\u00e9m foram recebidas dos franceses. As tradicionais quadrilhas comuns \u00e0s comemora\u00e7\u00f5es de S\u00e3o Jo\u00e3o no Brasil s\u00e3o uma alegoria da dan\u00e7a em pares realizada pela corte francesa.<\/p>\n<p>Considerando tudo isso, destacaram-se dois principais estilos na m\u00fasica popular do Brasil no s\u00e9culo XIX, conforme veremos a seguir:<\/p>\n<h2>G\u00eanero Lundu<\/h2>\n<p>O lundu \u00e9 proveniente da manifesta\u00e7\u00e3o do povo africano. Segundo Uliana D. Campos Ferlim, mestre em Hist\u00f3ria Social e Cultura, \u00e9 dif\u00edcil conceituar o lundu, mas ele faz refer\u00eancia \u00e0s dan\u00e7as e batuque dos negros que se transformou em \u2018lundu-can\u00e7\u00e3o\u2019 no fim do s\u00e9culo XVIII. Constituiu-se como uma can\u00e7\u00e3o urbana muito relevante para o s\u00e9culo XIX. Conseguiu chegar ao gosto da elite brasileira devido sua associa\u00e7\u00e3o aos temas humor\u00edsticos que a pr\u00f3pria classe nobre realizou dentro desse estilo.<\/p>\n<h2>G\u00eanero Modinha<\/h2>\n<p>A modinha tem como seu tema principal o romantismo e o amor. Sua composi\u00e7\u00e3o denuncia sua origem erudita europeia de acordo com Uliana D. Campos Ferlim, mestre em Hist\u00f3ria Social e Cultura, fontes liter\u00e1rias e hist\u00f3ricas apontam Domingos Caldas Barbosa, um mulato brasileiro, como o respons\u00e1vel por levar esse estilo \u00e0 corte imperial. No s\u00e9culo XIX a modinha ganhou os sal\u00f5es imperiais, mas foi nas ruas que fez sua fama e popularidade, caindo no gosto da popula\u00e7\u00e3o.<\/p>\n<blockquote class=\"wp-embedded-content\" data-secret=\"Zwj7eN3lZC\"><p><a href=\"https:\/\/www.sabra.org.br\/site\/desenvolvimento-cerebro\/\">A m\u00fasica ajuda no desenvolvimento do c\u00e9rebro?<\/a><\/p><\/blockquote>\n<p><iframe class=\"wp-embedded-content\" sandbox=\"allow-scripts\" security=\"restricted\" style=\"position: absolute; clip: rect(1px, 1px, 1px, 1px);\" title=\"&#8220;A m\u00fasica ajuda no desenvolvimento do c\u00e9rebro?&#8221; &#8212; SABRA - Sociedade Art\u00edstica Brasileira\" src=\"https:\/\/www.sabra.org.br\/site\/desenvolvimento-cerebro\/embed\/#?secret=Zwj7eN3lZC\" data-secret=\"Zwj7eN3lZC\" width=\"600\" height=\"338\" frameborder=\"0\" marginwidth=\"0\" marginheight=\"0\" scrolling=\"no\"><\/iframe><\/p>\n<hr \/>\n<h2>Se voc\u00ea gostou deste post:<\/h2>\n<p>&#8211; SIGA as nossas p\u00e1ginas nas redes sociais para acompanhar as nossas atualiza\u00e7\u00f5es: estamos no <a href=\"https:\/\/www.facebook.com\/sabrabrasil\" target=\"_blank\" rel=\"noopener\">Facebook<\/a>, no <a href=\"https:\/\/www.instagram.com\/sabrabrasil\/\" target=\"_blank\" rel=\"noopener\">Instagram<\/a>, no <a href=\"https:\/\/www.linkedin.com\/company\/25002088\" target=\"_blank\" rel=\"noopener\">LinkedIn<\/a>, no <a href=\"https:\/\/twitter.com\/ContatoSabra\" target=\"_blank\" rel=\"noopener\">Twitter<\/a> e no <a href=\"https:\/\/www.youtube.com\/channel\/UCJw-kbuEvzUNdeQf20Pa-eQ\" target=\"_blank\" rel=\"noopener\">YouTube<\/a>!<\/p>\n<p>&#8211; CONHE\u00c7A o trabalho da Sociedade Art\u00edstica Brasileira (SABRA) e todas as iniciativas culturais e sociais que ela mant\u00e9m. <a href=\"https:\/\/www.sabra.org.br\/site\/acoes\/\" target=\"_blank\" rel=\"noopener\">Acesse nosso site!<\/a><\/p>\n<p>&#8211; ENTRE EM CONTATO com a gente. E veja quais s\u00e3o as op\u00e7\u00f5es de ajuda na manuten\u00e7\u00e3o de nossas a\u00e7\u00f5es sociais e culturais. Basta acessar nossa p\u00e1gina <a href=\"https:\/\/www.sabra.org.br\/site\/doe-agora\/\" target=\"_blank\" rel=\"noopener\">Doe Agora!<\/a><\/p>\n<p>&#8211; COMPARTILHE este texto nas suas redes sociais e ajude os seus amigos a tamb\u00e9m dominarem o assunto![\/vc_column_text][\/vc_column][\/vc_row]<\/p>\n","protected":false},"excerpt":{"rendered":"<p>Como era a m\u00fasica popular no Brasil do s\u00e9culo XIX?<\/p>\n<p>Voc\u00ea sabe como era a m\u00fasica popular no Brasil do s\u00e9culo XIX? Conhe\u00e7a a hist\u00f3ria e os g\u00eaneros musicais que faziam sucesso e influenciam a m\u00fasica no Brasil at\u00e9 hoje.<\/p>\n","protected":false},"author":39,"featured_media":4090,"comment_status":"closed","ping_status":"closed","sticky":false,"template":"","format":"standard","meta":{"jetpack_post_was_ever_published":false,"_jetpack_newsletter_access":"","_jetpack_dont_email_post_to_subs":false,"_jetpack_newsletter_tier_id":0,"_jetpack_memberships_contains_paywalled_content":false,"_jetpack_memberships_contains_paid_content":false,"footnotes":""},"categories":[1],"tags":[15,8,1285,16,3519,1286,11,3622,9],"class_list":["post-4088","post","type-post","status-publish","format-standard","has-post-thumbnail","hentry","category-blog-sabra","tag-assistencia-social","tag-canto-coral","tag-escola-de-musica-sabra","tag-musicalizacao-infantil","tag-nova-lima-2","tag-orquestra-infanto-juvenil-de-betim","tag-orquestra-sinfonica-de-betim","tag-raposos","tag-sociedade-artistica-brasileira"],"yoast_head":"<!-- This site is optimized with the Yoast SEO plugin v27.5 - https:\/\/yoast.com\/product\/yoast-seo-wordpress\/ -->\n<title>Como era a m\u00fasica popular no Brasil do s\u00e9culo XIX? - SABRA - Sociedade Art\u00edstica Brasileira<\/title>\n<meta name=\"description\" content=\"Voc\u00ea sabe como era a m\u00fasica popular no Brasil do s\u00e9culo XIX? A hist\u00f3ria e os g\u00eaneros musicais que faziam sucesso e influenciam nossa m\u00fasica.\" \/>\n<meta name=\"robots\" content=\"index, follow, max-snippet:-1, max-image-preview:large, max-video-preview:-1\" \/>\n<link rel=\"canonical\" href=\"https:\/\/www.sabra.org.br\/site\/mpb-seculo-xix\/\" \/>\n<meta property=\"og:locale\" content=\"pt_BR\" \/>\n<meta property=\"og:type\" content=\"article\" \/>\n<meta property=\"og:title\" content=\"Como era a m\u00fasica popular no Brasil do s\u00e9culo XIX? - SABRA - Sociedade Art\u00edstica Brasileira\" \/>\n<meta property=\"og:description\" content=\"Voc\u00ea sabe como era a m\u00fasica popular no Brasil do s\u00e9culo XIX? A hist\u00f3ria e os g\u00eaneros musicais que faziam sucesso e influenciam nossa m\u00fasica.\" \/>\n<meta property=\"og:url\" content=\"https:\/\/www.sabra.org.br\/site\/mpb-seculo-xix\/\" \/>\n<meta property=\"og:site_name\" content=\"SABRA - Sociedade Art\u00edstica Brasileira\" \/>\n<meta property=\"article:publisher\" content=\"https:\/\/www.facebook.com\/sabrabrasil\" \/>\n<meta property=\"article:published_time\" content=\"2021-08-12T20:09:37+00:00\" \/>\n<meta property=\"article:modified_time\" content=\"2021-08-12T20:15:44+00:00\" \/>\n<meta property=\"og:image\" content=\"https:\/\/i0.wp.com\/www.sabra.org.br\/site\/wp-content\/uploads\/2021\/08\/como-era-a-musica-popular-no-brasil-do-seculo-xix-20210311095559.jpg.jpg?fit=800%2C476&ssl=1\" \/>\n\t<meta property=\"og:image:width\" content=\"800\" \/>\n\t<meta property=\"og:image:height\" content=\"476\" \/>\n\t<meta property=\"og:image:type\" content=\"image\/jpeg\" \/>\n<meta name=\"author\" content=\"M\u00e1rcio Miranda Pontes\" \/>\n<meta name=\"twitter:card\" content=\"summary_large_image\" \/>\n<meta name=\"twitter:creator\" content=\"@ContatoSabra\" \/>\n<meta name=\"twitter:site\" content=\"@ContatoSabra\" \/>\n<meta name=\"twitter:label1\" content=\"Escrito por\" \/>\n\t<meta name=\"twitter:data1\" content=\"M\u00e1rcio Miranda Pontes\" \/>\n\t<meta name=\"twitter:label2\" content=\"Est. tempo de leitura\" \/>\n\t<meta name=\"twitter:data2\" content=\"3 minutos\" \/>\n<script type=\"application\/ld+json\" class=\"yoast-schema-graph\">{\"@context\":\"https:\\\/\\\/schema.org\",\"@graph\":[{\"@type\":\"Article\",\"@id\":\"https:\\\/\\\/www.sabra.org.br\\\/site\\\/mpb-seculo-xix\\\/#article\",\"isPartOf\":{\"@id\":\"https:\\\/\\\/www.sabra.org.br\\\/site\\\/mpb-seculo-xix\\\/\"},\"author\":{\"name\":\"M\u00e1rcio Miranda Pontes\",\"@id\":\"https:\\\/\\\/www.sabra.org.br\\\/site\\\/#\\\/schema\\\/person\\\/7d1d222c3c8891d4c37c7b41bf6315c2\"},\"headline\":\"Como era a m\u00fasica popular no Brasil do s\u00e9culo XIX?\",\"datePublished\":\"2021-08-12T20:09:37+00:00\",\"dateModified\":\"2021-08-12T20:15:44+00:00\",\"mainEntityOfPage\":{\"@id\":\"https:\\\/\\\/www.sabra.org.br\\\/site\\\/mpb-seculo-xix\\\/\"},\"wordCount\":732,\"publisher\":{\"@id\":\"https:\\\/\\\/www.sabra.org.br\\\/site\\\/#organization\"},\"image\":{\"@id\":\"https:\\\/\\\/www.sabra.org.br\\\/site\\\/mpb-seculo-xix\\\/#primaryimage\"},\"thumbnailUrl\":\"https:\\\/\\\/www.sabra.org.br\\\/site\\\/wp-content\\\/uploads\\\/2021\\\/08\\\/como-era-a-musica-popular-no-brasil-do-seculo-xix-20210311095559.jpg.jpg\",\"keywords\":[\"Assist\u00eancia social\",\"Canto Coral\",\"Escola de Musica SABRA\",\"Musicaliza\u00e7\u00e3o Infantil\",\"nova lima\",\"Orquestra Infanto Juvenil de Betim\",\"Orquestra Sinf\u00f4nica de Betim\",\"Raposos\",\"Sociedade Art\u00edstica Brasileira\"],\"articleSection\":[\"Blog SABRA\"],\"inLanguage\":\"pt-BR\"},{\"@type\":\"WebPage\",\"@id\":\"https:\\\/\\\/www.sabra.org.br\\\/site\\\/mpb-seculo-xix\\\/\",\"url\":\"https:\\\/\\\/www.sabra.org.br\\\/site\\\/mpb-seculo-xix\\\/\",\"name\":\"Como era a m\u00fasica popular no Brasil do s\u00e9culo XIX? - SABRA - Sociedade Art\u00edstica Brasileira\",\"isPartOf\":{\"@id\":\"https:\\\/\\\/www.sabra.org.br\\\/site\\\/#website\"},\"primaryImageOfPage\":{\"@id\":\"https:\\\/\\\/www.sabra.org.br\\\/site\\\/mpb-seculo-xix\\\/#primaryimage\"},\"image\":{\"@id\":\"https:\\\/\\\/www.sabra.org.br\\\/site\\\/mpb-seculo-xix\\\/#primaryimage\"},\"thumbnailUrl\":\"https:\\\/\\\/www.sabra.org.br\\\/site\\\/wp-content\\\/uploads\\\/2021\\\/08\\\/como-era-a-musica-popular-no-brasil-do-seculo-xix-20210311095559.jpg.jpg\",\"datePublished\":\"2021-08-12T20:09:37+00:00\",\"dateModified\":\"2021-08-12T20:15:44+00:00\",\"description\":\"Voc\u00ea sabe como era a m\u00fasica popular no Brasil do s\u00e9culo XIX? A hist\u00f3ria e os g\u00eaneros musicais que faziam sucesso e influenciam nossa m\u00fasica.\",\"breadcrumb\":{\"@id\":\"https:\\\/\\\/www.sabra.org.br\\\/site\\\/mpb-seculo-xix\\\/#breadcrumb\"},\"inLanguage\":\"pt-BR\",\"potentialAction\":[{\"@type\":\"ReadAction\",\"target\":[\"https:\\\/\\\/www.sabra.org.br\\\/site\\\/mpb-seculo-xix\\\/\"]}]},{\"@type\":\"ImageObject\",\"inLanguage\":\"pt-BR\",\"@id\":\"https:\\\/\\\/www.sabra.org.br\\\/site\\\/mpb-seculo-xix\\\/#primaryimage\",\"url\":\"https:\\\/\\\/www.sabra.org.br\\\/site\\\/wp-content\\\/uploads\\\/2021\\\/08\\\/como-era-a-musica-popular-no-brasil-do-seculo-xix-20210311095559.jpg.jpg\",\"contentUrl\":\"https:\\\/\\\/www.sabra.org.br\\\/site\\\/wp-content\\\/uploads\\\/2021\\\/08\\\/como-era-a-musica-popular-no-brasil-do-seculo-xix-20210311095559.jpg.jpg\",\"width\":800,\"height\":476,\"caption\":\"Sociedade Art\u00edstica Brasileira SABRA\"},{\"@type\":\"BreadcrumbList\",\"@id\":\"https:\\\/\\\/www.sabra.org.br\\\/site\\\/mpb-seculo-xix\\\/#breadcrumb\",\"itemListElement\":[{\"@type\":\"ListItem\",\"position\":1,\"name\":\"In\u00edcio\",\"item\":\"https:\\\/\\\/www.sabra.org.br\\\/site\\\/\"},{\"@type\":\"ListItem\",\"position\":2,\"name\":\"Como era a m\u00fasica popular no Brasil do s\u00e9culo XIX?\"}]},{\"@type\":\"WebSite\",\"@id\":\"https:\\\/\\\/www.sabra.org.br\\\/site\\\/#website\",\"url\":\"https:\\\/\\\/www.sabra.org.br\\\/site\\\/\",\"name\":\"SABRA - Sociedade Art\u00edstica Brasileira\",\"description\":\"Escola de M\u00fasica, Orquestra Sinf\u00f4nica, Coral e Patrim\u00f4nio Cultural e Hist\u00f3rico\",\"publisher\":{\"@id\":\"https:\\\/\\\/www.sabra.org.br\\\/site\\\/#organization\"},\"potentialAction\":[{\"@type\":\"SearchAction\",\"target\":{\"@type\":\"EntryPoint\",\"urlTemplate\":\"https:\\\/\\\/www.sabra.org.br\\\/site\\\/?s={search_term_string}\"},\"query-input\":{\"@type\":\"PropertyValueSpecification\",\"valueRequired\":true,\"valueName\":\"search_term_string\"}}],\"inLanguage\":\"pt-BR\"},{\"@type\":\"Organization\",\"@id\":\"https:\\\/\\\/www.sabra.org.br\\\/site\\\/#organization\",\"name\":\"SOCIEDADE ART\u00cdSTICA BRASILEIRA SABRA\",\"alternateName\":\"SABRA\",\"url\":\"https:\\\/\\\/www.sabra.org.br\\\/site\\\/\",\"logo\":{\"@type\":\"ImageObject\",\"inLanguage\":\"pt-BR\",\"@id\":\"https:\\\/\\\/www.sabra.org.br\\\/site\\\/#\\\/schema\\\/logo\\\/image\\\/\",\"url\":\"https:\\\/\\\/www.sabra.org.br\\\/site\\\/wp-content\\\/uploads\\\/2019\\\/06\\\/cropped-Logo_SABRA-Copia-1.webp\",\"contentUrl\":\"https:\\\/\\\/www.sabra.org.br\\\/site\\\/wp-content\\\/uploads\\\/2019\\\/06\\\/cropped-Logo_SABRA-Copia-1.webp\",\"width\":400,\"height\":128,\"caption\":\"SOCIEDADE ART\u00cdSTICA BRASILEIRA SABRA\"},\"image\":{\"@id\":\"https:\\\/\\\/www.sabra.org.br\\\/site\\\/#\\\/schema\\\/logo\\\/image\\\/\"},\"sameAs\":[\"https:\\\/\\\/www.facebook.com\\\/sabrabrasil\",\"https:\\\/\\\/x.com\\\/ContatoSabra\",\"https:\\\/\\\/www.instagram.com\\\/sabrabrasil\\\/\",\"https:\\\/\\\/www.linkedin.com\\\/company\\\/25002088\\\/\",\"https:\\\/\\\/br.pinterest.com\\\/sociedadeartisticabrasileira\\\/\",\"https:\\\/\\\/www.youtube.com\\\/c\\\/sabrabrasil\"]},{\"@type\":\"Person\",\"@id\":\"https:\\\/\\\/www.sabra.org.br\\\/site\\\/#\\\/schema\\\/person\\\/7d1d222c3c8891d4c37c7b41bf6315c2\",\"name\":\"M\u00e1rcio Miranda Pontes\",\"image\":{\"@type\":\"ImageObject\",\"inLanguage\":\"pt-BR\",\"@id\":\"https:\\\/\\\/secure.gravatar.com\\\/avatar\\\/3b45f24496a7625a3a6c436688fbe20344faaeb2979658dc4a9921f984d7df9a?s=96&d=mm&r=g\",\"url\":\"https:\\\/\\\/secure.gravatar.com\\\/avatar\\\/3b45f24496a7625a3a6c436688fbe20344faaeb2979658dc4a9921f984d7df9a?s=96&d=mm&r=g\",\"contentUrl\":\"https:\\\/\\\/secure.gravatar.com\\\/avatar\\\/3b45f24496a7625a3a6c436688fbe20344faaeb2979658dc4a9921f984d7df9a?s=96&d=mm&r=g\",\"caption\":\"M\u00e1rcio Miranda Pontes\"},\"sameAs\":[\"http:\\\/\\\/www.sabra.org.br\"],\"url\":\"https:\\\/\\\/www.sabra.org.br\\\/site\\\/author\\\/marcio-miranda-pontes\\\/\"}]}<\/script>\n<!-- \/ Yoast SEO plugin. -->","yoast_head_json":{"title":"Como era a m\u00fasica popular no Brasil do s\u00e9culo XIX? - SABRA - Sociedade Art\u00edstica Brasileira","description":"Voc\u00ea sabe como era a m\u00fasica popular no Brasil do s\u00e9culo XIX? A hist\u00f3ria e os g\u00eaneros musicais que faziam sucesso e influenciam nossa m\u00fasica.","robots":{"index":"index","follow":"follow","max-snippet":"max-snippet:-1","max-image-preview":"max-image-preview:large","max-video-preview":"max-video-preview:-1"},"canonical":"https:\/\/www.sabra.org.br\/site\/mpb-seculo-xix\/","og_locale":"pt_BR","og_type":"article","og_title":"Como era a m\u00fasica popular no Brasil do s\u00e9culo XIX? - SABRA - Sociedade Art\u00edstica Brasileira","og_description":"Voc\u00ea sabe como era a m\u00fasica popular no Brasil do s\u00e9culo XIX? A hist\u00f3ria e os g\u00eaneros musicais que faziam sucesso e influenciam nossa m\u00fasica.","og_url":"https:\/\/www.sabra.org.br\/site\/mpb-seculo-xix\/","og_site_name":"SABRA - Sociedade Art\u00edstica Brasileira","article_publisher":"https:\/\/www.facebook.com\/sabrabrasil","article_published_time":"2021-08-12T20:09:37+00:00","article_modified_time":"2021-08-12T20:15:44+00:00","og_image":[{"width":800,"height":476,"url":"https:\/\/i0.wp.com\/www.sabra.org.br\/site\/wp-content\/uploads\/2021\/08\/como-era-a-musica-popular-no-brasil-do-seculo-xix-20210311095559.jpg.jpg?fit=800%2C476&ssl=1","type":"image\/jpeg"}],"author":"M\u00e1rcio Miranda Pontes","twitter_card":"summary_large_image","twitter_creator":"@ContatoSabra","twitter_site":"@ContatoSabra","twitter_misc":{"Escrito por":"M\u00e1rcio Miranda Pontes","Est. tempo de leitura":"3 minutos"},"schema":{"@context":"https:\/\/schema.org","@graph":[{"@type":"Article","@id":"https:\/\/www.sabra.org.br\/site\/mpb-seculo-xix\/#article","isPartOf":{"@id":"https:\/\/www.sabra.org.br\/site\/mpb-seculo-xix\/"},"author":{"name":"M\u00e1rcio Miranda Pontes","@id":"https:\/\/www.sabra.org.br\/site\/#\/schema\/person\/7d1d222c3c8891d4c37c7b41bf6315c2"},"headline":"Como era a m\u00fasica popular no Brasil do s\u00e9culo XIX?","datePublished":"2021-08-12T20:09:37+00:00","dateModified":"2021-08-12T20:15:44+00:00","mainEntityOfPage":{"@id":"https:\/\/www.sabra.org.br\/site\/mpb-seculo-xix\/"},"wordCount":732,"publisher":{"@id":"https:\/\/www.sabra.org.br\/site\/#organization"},"image":{"@id":"https:\/\/www.sabra.org.br\/site\/mpb-seculo-xix\/#primaryimage"},"thumbnailUrl":"https:\/\/www.sabra.org.br\/site\/wp-content\/uploads\/2021\/08\/como-era-a-musica-popular-no-brasil-do-seculo-xix-20210311095559.jpg.jpg","keywords":["Assist\u00eancia social","Canto Coral","Escola de Musica SABRA","Musicaliza\u00e7\u00e3o Infantil","nova lima","Orquestra Infanto Juvenil de Betim","Orquestra Sinf\u00f4nica de Betim","Raposos","Sociedade Art\u00edstica Brasileira"],"articleSection":["Blog SABRA"],"inLanguage":"pt-BR"},{"@type":"WebPage","@id":"https:\/\/www.sabra.org.br\/site\/mpb-seculo-xix\/","url":"https:\/\/www.sabra.org.br\/site\/mpb-seculo-xix\/","name":"Como era a m\u00fasica popular no Brasil do s\u00e9culo XIX? - SABRA - Sociedade Art\u00edstica Brasileira","isPartOf":{"@id":"https:\/\/www.sabra.org.br\/site\/#website"},"primaryImageOfPage":{"@id":"https:\/\/www.sabra.org.br\/site\/mpb-seculo-xix\/#primaryimage"},"image":{"@id":"https:\/\/www.sabra.org.br\/site\/mpb-seculo-xix\/#primaryimage"},"thumbnailUrl":"https:\/\/www.sabra.org.br\/site\/wp-content\/uploads\/2021\/08\/como-era-a-musica-popular-no-brasil-do-seculo-xix-20210311095559.jpg.jpg","datePublished":"2021-08-12T20:09:37+00:00","dateModified":"2021-08-12T20:15:44+00:00","description":"Voc\u00ea sabe como era a m\u00fasica popular no Brasil do s\u00e9culo XIX? A hist\u00f3ria e os g\u00eaneros musicais que faziam sucesso e influenciam nossa m\u00fasica.","breadcrumb":{"@id":"https:\/\/www.sabra.org.br\/site\/mpb-seculo-xix\/#breadcrumb"},"inLanguage":"pt-BR","potentialAction":[{"@type":"ReadAction","target":["https:\/\/www.sabra.org.br\/site\/mpb-seculo-xix\/"]}]},{"@type":"ImageObject","inLanguage":"pt-BR","@id":"https:\/\/www.sabra.org.br\/site\/mpb-seculo-xix\/#primaryimage","url":"https:\/\/www.sabra.org.br\/site\/wp-content\/uploads\/2021\/08\/como-era-a-musica-popular-no-brasil-do-seculo-xix-20210311095559.jpg.jpg","contentUrl":"https:\/\/www.sabra.org.br\/site\/wp-content\/uploads\/2021\/08\/como-era-a-musica-popular-no-brasil-do-seculo-xix-20210311095559.jpg.jpg","width":800,"height":476,"caption":"Sociedade Art\u00edstica Brasileira SABRA"},{"@type":"BreadcrumbList","@id":"https:\/\/www.sabra.org.br\/site\/mpb-seculo-xix\/#breadcrumb","itemListElement":[{"@type":"ListItem","position":1,"name":"In\u00edcio","item":"https:\/\/www.sabra.org.br\/site\/"},{"@type":"ListItem","position":2,"name":"Como era a m\u00fasica popular no Brasil do s\u00e9culo XIX?"}]},{"@type":"WebSite","@id":"https:\/\/www.sabra.org.br\/site\/#website","url":"https:\/\/www.sabra.org.br\/site\/","name":"SABRA - Sociedade Art\u00edstica Brasileira","description":"Escola de M\u00fasica, Orquestra Sinf\u00f4nica, Coral e Patrim\u00f4nio Cultural e Hist\u00f3rico","publisher":{"@id":"https:\/\/www.sabra.org.br\/site\/#organization"},"potentialAction":[{"@type":"SearchAction","target":{"@type":"EntryPoint","urlTemplate":"https:\/\/www.sabra.org.br\/site\/?s={search_term_string}"},"query-input":{"@type":"PropertyValueSpecification","valueRequired":true,"valueName":"search_term_string"}}],"inLanguage":"pt-BR"},{"@type":"Organization","@id":"https:\/\/www.sabra.org.br\/site\/#organization","name":"SOCIEDADE ART\u00cdSTICA BRASILEIRA SABRA","alternateName":"SABRA","url":"https:\/\/www.sabra.org.br\/site\/","logo":{"@type":"ImageObject","inLanguage":"pt-BR","@id":"https:\/\/www.sabra.org.br\/site\/#\/schema\/logo\/image\/","url":"https:\/\/www.sabra.org.br\/site\/wp-content\/uploads\/2019\/06\/cropped-Logo_SABRA-Copia-1.webp","contentUrl":"https:\/\/www.sabra.org.br\/site\/wp-content\/uploads\/2019\/06\/cropped-Logo_SABRA-Copia-1.webp","width":400,"height":128,"caption":"SOCIEDADE ART\u00cdSTICA BRASILEIRA SABRA"},"image":{"@id":"https:\/\/www.sabra.org.br\/site\/#\/schema\/logo\/image\/"},"sameAs":["https:\/\/www.facebook.com\/sabrabrasil","https:\/\/x.com\/ContatoSabra","https:\/\/www.instagram.com\/sabrabrasil\/","https:\/\/www.linkedin.com\/company\/25002088\/","https:\/\/br.pinterest.com\/sociedadeartisticabrasileira\/","https:\/\/www.youtube.com\/c\/sabrabrasil"]},{"@type":"Person","@id":"https:\/\/www.sabra.org.br\/site\/#\/schema\/person\/7d1d222c3c8891d4c37c7b41bf6315c2","name":"M\u00e1rcio Miranda Pontes","image":{"@type":"ImageObject","inLanguage":"pt-BR","@id":"https:\/\/secure.gravatar.com\/avatar\/3b45f24496a7625a3a6c436688fbe20344faaeb2979658dc4a9921f984d7df9a?s=96&d=mm&r=g","url":"https:\/\/secure.gravatar.com\/avatar\/3b45f24496a7625a3a6c436688fbe20344faaeb2979658dc4a9921f984d7df9a?s=96&d=mm&r=g","contentUrl":"https:\/\/secure.gravatar.com\/avatar\/3b45f24496a7625a3a6c436688fbe20344faaeb2979658dc4a9921f984d7df9a?s=96&d=mm&r=g","caption":"M\u00e1rcio Miranda Pontes"},"sameAs":["http:\/\/www.sabra.org.br"],"url":"https:\/\/www.sabra.org.br\/site\/author\/marcio-miranda-pontes\/"}]}},"jetpack_featured_media_url":"https:\/\/www.sabra.org.br\/site\/wp-content\/uploads\/2021\/08\/como-era-a-musica-popular-no-brasil-do-seculo-xix-20210311095559.jpg.jpg","jetpack_shortlink":"https:\/\/wp.me\/p95j2Z-13W","jetpack-related-posts":[{"id":3868,"url":"https:\/\/www.sabra.org.br\/site\/orquestra-3\/","url_meta":{"origin":4088,"position":0},"title":"Entenda como \u00e9 feita a forma\u00e7\u00e3o de uma orquestra","author":"M\u00e1rcio Miranda Pontes","date":"10 de maio de 2021","format":false,"excerpt":"Entenda como \u00e9 feita a forma\u00e7\u00e3o de uma orquestra Com s\u00e9culos de exist\u00eancia, as orquestras passaram por v\u00e1rias transforma\u00e7\u00f5es at\u00e9 chegar no formato que conhecemos hoje, com cerca de 100 m\u00fasicos, que ficam dispostos de maneira padronizada em todo o mundo. Leia o post e entenda.","rel":"","context":"Em &quot;Blog SABRA&quot;","block_context":{"text":"Blog SABRA","link":"https:\/\/www.sabra.org.br\/site\/category\/blog-sabra\/"},"img":{"alt_text":"orquestra","src":"https:\/\/i0.wp.com\/www.sabra.org.br\/site\/wp-content\/uploads\/2021\/05\/entenda-como-e-feita-a-formacao-de-uma-orquestra-20210203092956.jpg.jpg?resize=350%2C200&ssl=1","width":350,"height":200,"srcset":"https:\/\/i0.wp.com\/www.sabra.org.br\/site\/wp-content\/uploads\/2021\/05\/entenda-como-e-feita-a-formacao-de-uma-orquestra-20210203092956.jpg.jpg?resize=350%2C200&ssl=1 1x, https:\/\/i0.wp.com\/www.sabra.org.br\/site\/wp-content\/uploads\/2021\/05\/entenda-como-e-feita-a-formacao-de-uma-orquestra-20210203092956.jpg.jpg?resize=525%2C300&ssl=1 1.5x, https:\/\/i0.wp.com\/www.sabra.org.br\/site\/wp-content\/uploads\/2021\/05\/entenda-como-e-feita-a-formacao-de-uma-orquestra-20210203092956.jpg.jpg?resize=700%2C400&ssl=1 2x"},"classes":[]},{"id":6116,"url":"https:\/\/www.sabra.org.br\/site\/parabens-pra-voce\/","url_meta":{"origin":4088,"position":1},"title":"Conhe\u00e7a a hist\u00f3ria do Parab\u00e9ns Pra Voc\u00ea","author":"M\u00e1rcio Miranda Pontes","date":"24 de outubro de 2022","format":false,"excerpt":"Quem n\u00e3o conhece a can\u00e7\u00e3o \u201cParab\u00e9ns pra Voc\u00ea\u201d? A m\u00fasica, mundialmente conhecida, tem muita hist\u00f3ria por tr\u00e1s, atravessando s\u00e9culos e fazendo parte de momentos emocionantes h\u00e1 gera\u00e7\u00f5es. Descubra mais sobre essa hist\u00f3ria!","rel":"","context":"Em &quot;Blog SABRA&quot;","block_context":{"text":"Blog SABRA","link":"https:\/\/www.sabra.org.br\/site\/category\/blog-sabra\/"},"img":{"alt_text":"parab\u00e9ns-brasileira-cultura","src":"https:\/\/i0.wp.com\/www.sabra.org.br\/site\/wp-content\/uploads\/2022\/10\/conheca-a-historia-do-parabens-pra-vocejpg-20220908094423.jpg.jpg?resize=350%2C200&ssl=1","width":350,"height":200,"srcset":"https:\/\/i0.wp.com\/www.sabra.org.br\/site\/wp-content\/uploads\/2022\/10\/conheca-a-historia-do-parabens-pra-vocejpg-20220908094423.jpg.jpg?resize=350%2C200&ssl=1 1x, https:\/\/i0.wp.com\/www.sabra.org.br\/site\/wp-content\/uploads\/2022\/10\/conheca-a-historia-do-parabens-pra-vocejpg-20220908094423.jpg.jpg?resize=525%2C300&ssl=1 1.5x, https:\/\/i0.wp.com\/www.sabra.org.br\/site\/wp-content\/uploads\/2022\/10\/conheca-a-historia-do-parabens-pra-vocejpg-20220908094423.jpg.jpg?resize=700%2C400&ssl=1 2x"},"classes":[]},{"id":1476,"url":"https:\/\/www.sabra.org.br\/site\/historia-educacao-musical-brasileira\/","url_meta":{"origin":4088,"position":2},"title":"A hist\u00f3ria da educa\u00e7\u00e3o musical brasileira","author":"M\u00e1rcio Miranda Pontes","date":"6 de setembro de 2018","format":false,"excerpt":"A hist\u00f3ria da educa\u00e7\u00e3o musical brasileira esbarra no pr\u00f3prio descobrimento do pa\u00eds. Pois, quando aportaram em nossas praias, os portugueses trouxeram consigo os jesu\u00edtas. Esses, por sua vez, utilizaram das pr\u00e1ticas musicais europeias a fim de converter os \u00edndios. Para tanto, as can\u00e7\u00f5es e hinos cat\u00f3licos eram traduzidos para o\u2026","rel":"","context":"Em &quot;Blog SABRA&quot;","block_context":{"text":"Blog SABRA","link":"https:\/\/www.sabra.org.br\/site\/category\/blog-sabra\/"},"img":{"alt_text":"Educa\u00e7\u00e3o Musical","src":"https:\/\/i0.wp.com\/www.sabra.org.br\/site\/wp-content\/uploads\/2018\/09\/a-historia-da-educacao-musical-brasileira-20180702161300.jpg.jpg?resize=350%2C200&ssl=1","width":350,"height":200,"srcset":"https:\/\/i0.wp.com\/www.sabra.org.br\/site\/wp-content\/uploads\/2018\/09\/a-historia-da-educacao-musical-brasileira-20180702161300.jpg.jpg?resize=350%2C200&ssl=1 1x, https:\/\/i0.wp.com\/www.sabra.org.br\/site\/wp-content\/uploads\/2018\/09\/a-historia-da-educacao-musical-brasileira-20180702161300.jpg.jpg?resize=525%2C300&ssl=1 1.5x, https:\/\/i0.wp.com\/www.sabra.org.br\/site\/wp-content\/uploads\/2018\/09\/a-historia-da-educacao-musical-brasileira-20180702161300.jpg.jpg?resize=700%2C400&ssl=1 2x, https:\/\/i0.wp.com\/www.sabra.org.br\/site\/wp-content\/uploads\/2018\/09\/a-historia-da-educacao-musical-brasileira-20180702161300.jpg.jpg?resize=1050%2C600&ssl=1 3x, https:\/\/i0.wp.com\/www.sabra.org.br\/site\/wp-content\/uploads\/2018\/09\/a-historia-da-educacao-musical-brasileira-20180702161300.jpg.jpg?resize=1400%2C800&ssl=1 4x"},"classes":[]},{"id":4790,"url":"https:\/\/www.sabra.org.br\/site\/musica-erudita-brasileira\/","url_meta":{"origin":4088,"position":3},"title":"O que \u00e9 a m\u00fasica erudita brasileira?","author":"M\u00e1rcio Miranda Pontes","date":"3 de mar\u00e7o de 2022","format":false,"excerpt":"Voc\u00ea conhece um pouco da m\u00fasica erudita brasileira? Neste texto, entenda do que se trata, quais as origens da m\u00fasica erudita brasileira e quais os seus principais compositores. Confira conosco!","rel":"","context":"Em &quot;Blog SABRA&quot;","block_context":{"text":"Blog SABRA","link":"https:\/\/www.sabra.org.br\/site\/category\/blog-sabra\/"},"img":{"alt_text":"musica-erudita-brasileira-brasileiro","src":"https:\/\/i0.wp.com\/www.sabra.org.br\/site\/wp-content\/uploads\/2022\/03\/o-que-e-a-musica-erudita-brasileira-20220208141739.jpg.jpg?resize=350%2C200&ssl=1","width":350,"height":200,"srcset":"https:\/\/i0.wp.com\/www.sabra.org.br\/site\/wp-content\/uploads\/2022\/03\/o-que-e-a-musica-erudita-brasileira-20220208141739.jpg.jpg?resize=350%2C200&ssl=1 1x, https:\/\/i0.wp.com\/www.sabra.org.br\/site\/wp-content\/uploads\/2022\/03\/o-que-e-a-musica-erudita-brasileira-20220208141739.jpg.jpg?resize=525%2C300&ssl=1 1.5x, https:\/\/i0.wp.com\/www.sabra.org.br\/site\/wp-content\/uploads\/2022\/03\/o-que-e-a-musica-erudita-brasileira-20220208141739.jpg.jpg?resize=700%2C400&ssl=1 2x"},"classes":[]},{"id":5384,"url":"https:\/\/www.sabra.org.br\/site\/influencia-musica-brasileira\/","url_meta":{"origin":4088,"position":4},"title":"Principais pa\u00edses que influenciaram na m\u00fasica brasileira","author":"M\u00e1rcio Miranda Pontes","date":"26 de julho de 2022","format":false,"excerpt":"Existem diversos pa\u00edses que influenciaram na m\u00fasica brasileira, especialmente os que fazem parte do territ\u00f3rio europeu e africano. Por meio dessa influ\u00eancia o Brasil conseguiu construir os seus pr\u00f3prios g\u00eaneros musicais. Leia mais!","rel":"","context":"Em &quot;Blog SABRA&quot;","block_context":{"text":"Blog SABRA","link":"https:\/\/www.sabra.org.br\/site\/category\/blog-sabra\/"},"img":{"alt_text":"m\u00fasica-brasileira-samba-africano-europeu-influencia","src":"https:\/\/i0.wp.com\/www.sabra.org.br\/site\/wp-content\/uploads\/2022\/07\/principais-paises-que-influenciaram-na-musica-brasileira-20220513105253.jpg.jpg?resize=350%2C200&ssl=1","width":350,"height":200,"srcset":"https:\/\/i0.wp.com\/www.sabra.org.br\/site\/wp-content\/uploads\/2022\/07\/principais-paises-que-influenciaram-na-musica-brasileira-20220513105253.jpg.jpg?resize=350%2C200&ssl=1 1x, https:\/\/i0.wp.com\/www.sabra.org.br\/site\/wp-content\/uploads\/2022\/07\/principais-paises-que-influenciaram-na-musica-brasileira-20220513105253.jpg.jpg?resize=525%2C300&ssl=1 1.5x, https:\/\/i0.wp.com\/www.sabra.org.br\/site\/wp-content\/uploads\/2022\/07\/principais-paises-que-influenciaram-na-musica-brasileira-20220513105253.jpg.jpg?resize=700%2C400&ssl=1 2x"},"classes":[]},{"id":5023,"url":"https:\/\/www.sabra.org.br\/site\/motivos-mpb\/","url_meta":{"origin":4088,"position":5},"title":"Motivos para apreciar o MPB","author":"M\u00e1rcio Miranda Pontes","date":"28 de abril de 2022","format":false,"excerpt":"A m\u00fasica \u00e9 cheia de possibilidades e a MPB \u00e9 cheia de hist\u00f3ria, al\u00e9m de muita criatividade. Conhe\u00e7a alguns motivos para curtir o estilo que \u00e9 a nossa cara. Surpreenda-se!","rel":"","context":"Em &quot;Blog SABRA&quot;","block_context":{"text":"Blog SABRA","link":"https:\/\/www.sabra.org.br\/site\/category\/blog-sabra\/"},"img":{"alt_text":"MPB-cultura-brasileira-m\u00fasica","src":"https:\/\/i0.wp.com\/www.sabra.org.br\/site\/wp-content\/uploads\/2022\/04\/x-motivos-para-apreciar-o-mpb-20211027111153.jpg.jpg?resize=350%2C200&ssl=1","width":350,"height":200,"srcset":"https:\/\/i0.wp.com\/www.sabra.org.br\/site\/wp-content\/uploads\/2022\/04\/x-motivos-para-apreciar-o-mpb-20211027111153.jpg.jpg?resize=350%2C200&ssl=1 1x, https:\/\/i0.wp.com\/www.sabra.org.br\/site\/wp-content\/uploads\/2022\/04\/x-motivos-para-apreciar-o-mpb-20211027111153.jpg.jpg?resize=525%2C300&ssl=1 1.5x, https:\/\/i0.wp.com\/www.sabra.org.br\/site\/wp-content\/uploads\/2022\/04\/x-motivos-para-apreciar-o-mpb-20211027111153.jpg.jpg?resize=700%2C400&ssl=1 2x"},"classes":[]}],"jetpack_likes_enabled":true,"jetpack_sharing_enabled":true,"_links":{"self":[{"href":"https:\/\/www.sabra.org.br\/site\/wp-json\/wp\/v2\/posts\/4088","targetHints":{"allow":["GET"]}}],"collection":[{"href":"https:\/\/www.sabra.org.br\/site\/wp-json\/wp\/v2\/posts"}],"about":[{"href":"https:\/\/www.sabra.org.br\/site\/wp-json\/wp\/v2\/types\/post"}],"author":[{"embeddable":true,"href":"https:\/\/www.sabra.org.br\/site\/wp-json\/wp\/v2\/users\/39"}],"replies":[{"embeddable":true,"href":"https:\/\/www.sabra.org.br\/site\/wp-json\/wp\/v2\/comments?post=4088"}],"version-history":[{"count":0,"href":"https:\/\/www.sabra.org.br\/site\/wp-json\/wp\/v2\/posts\/4088\/revisions"}],"wp:featuredmedia":[{"embeddable":true,"href":"https:\/\/www.sabra.org.br\/site\/wp-json\/wp\/v2\/media\/4090"}],"wp:attachment":[{"href":"https:\/\/www.sabra.org.br\/site\/wp-json\/wp\/v2\/media?parent=4088"}],"wp:term":[{"taxonomy":"category","embeddable":true,"href":"https:\/\/www.sabra.org.br\/site\/wp-json\/wp\/v2\/categories?post=4088"},{"taxonomy":"post_tag","embeddable":true,"href":"https:\/\/www.sabra.org.br\/site\/wp-json\/wp\/v2\/tags?post=4088"}],"curies":[{"name":"wp","href":"https:\/\/api.w.org\/{rel}","templated":true}]}}