{"id":4097,"date":"2021-08-17T09:50:41","date_gmt":"2021-08-17T12:50:41","guid":{"rendered":"https:\/\/www.sabra.org.br\/site\/?p=4097"},"modified":"2021-08-17T09:50:41","modified_gmt":"2021-08-17T12:50:41","slug":"repertorio-cultural","status":"publish","type":"post","link":"https:\/\/www.sabra.org.br\/site\/repertorio-cultural\/","title":{"rendered":"A import\u00e2ncia de ampliar o repert\u00f3rio cultural de crian\u00e7as e adolescentes"},"content":{"rendered":"<p>[vc_row][vc_column][vc_column_text]Ampliar o repert\u00f3rio cultural \u00e9 fundamental para o desenvolvimento das crian\u00e7as e adolescentes. Afinal, \u00e9 por meio dessa base de conhecimento que acontecem interc\u00e2mbios culturais e, consequentemente, o enriquecimento do saber. Al\u00e9m disso, prepara os jovens para exercer sua cidadania e respeitar as diferen\u00e7as.<\/p>\n<p>Para entender melhor a import\u00e2ncia de ampliar o repert\u00f3rio cultural de crian\u00e7as e adolescentes, continue a leitura. Neste conte\u00fado, abordamos o conceito de repert\u00f3rio cultural, bem como as vantagens de se investir nessa abordagem. Veja!<\/p>\n<h2>O que \u00e9 repert\u00f3rio cultural?<\/h2>\n<p>Repert\u00f3rio cultural pode ser compreendido como todo o conhecimento que uma pessoa acumula a partir de suas experi\u00eancias nesse \u00e2mbito, ou seja, tudo que ela v\u00ea, aprende e conhece no ambiente cultural.<\/p>\n<p>Nesse sentido, vale destacar que o repert\u00f3rio cultural (e pessoal) de cada um est\u00e1 em constante constru\u00e7\u00e3o, uma vez que se baseia na sua capacidade de observar e tomar as experi\u00eancias como uma maneira de formar conhecimento.<\/p>\n<h2>Quais s\u00e3o as vantagens de se ampliar o repert\u00f3rio cultural de crian\u00e7as e adolescentes?<\/h2>\n<p>Ampliar o repert\u00f3rio cultural de crian\u00e7as e adolescentes \u00e9 uma forma de fazer com que elas se desenvolvam, tanto social como culturalmente. A seguir, conhe\u00e7a algumas vantagens de se investir nessa abordagem:<\/p>\n<p>\u2022 Em primeiro lugar, podemos dizer que investir na forma\u00e7\u00e3o de um bom repert\u00f3rio cultural pode fazer com que as crian\u00e7as e adolescentes aumentem sua intelectualidade;<br \/>\n\u2022 Investir no repert\u00f3rio cultural tamb\u00e9m pode ampliar a vis\u00e3o de mundo das crian\u00e7as e adolescentes;<br \/>\n\u2022 Forma crian\u00e7as e adolescentes capazes de respeitar \u00e0s diferen\u00e7as;<br \/>\n\u2022 Ajuda a formar um comportamento infantil mais emp\u00e1tico, que se coloca, portanto, no lugar do outro;<br \/>\n\u2022 Desperta o senso de responsabilidade social dos jovens;<br \/>\n\u2022 \u00c9 uma abordagem que faz com que os jovens tenham maior senso de colabora\u00e7\u00e3o.<\/p>\n<p>Diante do exposto, n\u00e3o h\u00e1 d\u00favidas de que investir nessa abordagem \u00e9 a melhor solu\u00e7\u00e3o quando o que se busca \u00e9 desenvolver crian\u00e7as e adolescentes emp\u00e1ticos, inteligentes e respons\u00e1veis, tanto social como culturalmente.<\/p>\n<h2>Como aumentar o repert\u00f3rio cultural de crian\u00e7as e adolescentes?<\/h2>\n<p>Para ampliar o repert\u00f3rio de crian\u00e7as e adolescentes, voc\u00ea pode investir em solu\u00e7\u00f5es diversas, tais como:<\/p>\n<h3>M\u00fasica<\/h3>\n<p>A partir da m\u00fasica, as crian\u00e7as e adolescentes n\u00e3o apenas conhecem a hist\u00f3ria de artistas e instrumentos, sabendo como toc\u00e1-los, mas tamb\u00e9m se desenvolvem a partir da conviv\u00eancia com pessoas diferentes. Al\u00e9m disso, desenvolvem o senso de responsabilidade e de colabora\u00e7\u00e3o.<\/p>\n<p>Por exemplo, voc\u00ea pode colocar seu filho em uma orquestra sinf\u00f4nica, que exige empatia, colabora\u00e7\u00e3o, responsabilidade e respeito \u00e0s diferen\u00e7as por parte do membro.<\/p>\n<h3>Arte<\/h3>\n<p>Outra forma de aumentar o repert\u00f3rio cultural de crian\u00e7as e adolescentes \u00e9 fazendo com que elas tenham contato com a arte, de uma maneira geral, como pintura, dan\u00e7a, cinema, fotografia, literatura, teatro etc. Esse mundo pode ensinar muito a elas, sem d\u00favida.<\/p>\n<p>Em s\u00edntese, investir na amplia\u00e7\u00e3o do repert\u00f3rio cultural de crian\u00e7as e adolescentes \u00e9 essencial, principalmente quando o desejo \u00e9 formar pessoas sens\u00edveis e emp\u00e1ticas.<\/p>\n<p>Gostou deste conte\u00fado? Ent\u00e3o, n\u00e3o deixe de acompanhar as publica\u00e7\u00f5es em nosso blog. Nele, estamos sempre compartilhando informa\u00e7\u00f5es que podem enriquecer mais seus conhecimentos.<\/p>\n<blockquote class=\"wp-embedded-content\" data-secret=\"udPiyjyhXH\"><p><a href=\"https:\/\/www.sabra.org.br\/site\/diferenca-entre-patrimonio-cultural-material-e-imaterial\/\">PATRIM\u00d4NIO CULTURAL<\/a><\/p><\/blockquote>\n<p><iframe class=\"wp-embedded-content\" sandbox=\"allow-scripts\" security=\"restricted\" style=\"position: absolute; clip: rect(1px, 1px, 1px, 1px);\" title=\"&#8220;PATRIM\u00d4NIO CULTURAL&#8221; &#8212; SABRA - Sociedade Art\u00edstica Brasileira\" src=\"https:\/\/www.sabra.org.br\/site\/diferenca-entre-patrimonio-cultural-material-e-imaterial\/embed\/#?secret=udPiyjyhXH\" data-secret=\"udPiyjyhXH\" width=\"600\" height=\"338\" frameborder=\"0\" marginwidth=\"0\" marginheight=\"0\" scrolling=\"no\"><\/iframe><\/p>\n<hr \/>\n<h2>Se voc\u00ea gostou deste post:<\/h2>\n<p>&#8211; SIGA as nossas p\u00e1ginas nas redes sociais para acompanhar as nossas atualiza\u00e7\u00f5es: estamos no <a href=\"https:\/\/www.facebook.com\/sabrabrasil\" target=\"_blank\" rel=\"noopener\">Facebook<\/a>, no <a href=\"https:\/\/www.instagram.com\/sabrabrasil\/\" target=\"_blank\" rel=\"noopener\">Instagram<\/a>, no <a href=\"https:\/\/www.linkedin.com\/company\/25002088\" target=\"_blank\" rel=\"noopener\">LinkedIn<\/a>, no <a href=\"https:\/\/twitter.com\/ContatoSabra\" target=\"_blank\" rel=\"noopener\">Twitter<\/a> e no <a href=\"https:\/\/www.youtube.com\/channel\/UCJw-kbuEvzUNdeQf20Pa-eQ\" target=\"_blank\" rel=\"noopener\">YouTube<\/a>!<\/p>\n<p>&#8211; CONHE\u00c7A o trabalho da Sociedade Art\u00edstica Brasileira (SABRA) e todas as iniciativas culturais e sociais que ela mant\u00e9m. <a href=\"https:\/\/www.sabra.org.br\/site\/acoes\/\" target=\"_blank\" rel=\"noopener\">Acesse nosso site!<\/a><\/p>\n<p>&#8211; ENTRE EM CONTATO com a gente. E veja quais s\u00e3o as op\u00e7\u00f5es de ajuda na manuten\u00e7\u00e3o de nossas a\u00e7\u00f5es sociais e culturais. Basta acessar nossa p\u00e1gina <a href=\"https:\/\/www.sabra.org.br\/site\/doe-agora\/\" target=\"_blank\" rel=\"noopener\">Doe Agora!<\/a><\/p>\n<p>&#8211; COMPARTILHE este texto nas suas redes sociais e ajude os seus amigos a tamb\u00e9m dominarem o assunto![\/vc_column_text][\/vc_column][\/vc_row]<\/p>\n","protected":false},"excerpt":{"rendered":"<p>A import\u00e2ncia de ampliar o repert\u00f3rio cultural de crian\u00e7as e adolescentes<\/p>\n<p>Ampliar o repert\u00f3rio cultural de crian\u00e7as e adolescentes pode fazer com que elas desenvolvam senso de responsabilidade, colabora\u00e7\u00e3o e empatia. Para saber mais sobre este assunto, leia o conte\u00fado a seguir!<\/p>\n<p>Patroci\u0301nio master: @unimedbh e @institutounimedbh, viabilizado pela #leifederaldeincentivoacultura. Patroc\u00ednio prata: @vallourec. Apoio: @prefeiturabetim<\/p>\n<p>#sabrabrasil #institutounimedbh #vallourec #semedbetim #betim #novalima #raposos #MaestroMarcioMirandaPontes<\/p>\n","protected":false},"author":39,"featured_media":4098,"comment_status":"closed","ping_status":"closed","sticky":false,"template":"","format":"standard","meta":{"jetpack_post_was_ever_published":false,"_jetpack_newsletter_access":"","_jetpack_dont_email_post_to_subs":false,"_jetpack_newsletter_tier_id":0,"_jetpack_memberships_contains_paywalled_content":false,"_jetpack_memberships_contains_paid_content":false,"footnotes":""},"categories":[1],"tags":[15,8,1285,16,3519,1286,11,3622,9],"class_list":["post-4097","post","type-post","status-publish","format-standard","has-post-thumbnail","hentry","category-blog-sabra","tag-assistencia-social","tag-canto-coral","tag-escola-de-musica-sabra","tag-musicalizacao-infantil","tag-nova-lima-2","tag-orquestra-infanto-juvenil-de-betim","tag-orquestra-sinfonica-de-betim","tag-raposos","tag-sociedade-artistica-brasileira"],"yoast_head":"<!-- This site is optimized with the Yoast SEO plugin v27.5 - https:\/\/yoast.com\/product\/yoast-seo-wordpress\/ -->\n<title>A import\u00e2ncia de ampliar o repert\u00f3rio cultural de crian\u00e7as e adolescentes - SABRA - Sociedade Art\u00edstica Brasileira<\/title>\n<meta name=\"robots\" content=\"index, follow, max-snippet:-1, max-image-preview:large, max-video-preview:-1\" \/>\n<link rel=\"canonical\" href=\"https:\/\/www.sabra.org.br\/site\/repertorio-cultural\/\" \/>\n<meta property=\"og:locale\" content=\"pt_BR\" \/>\n<meta property=\"og:type\" content=\"article\" \/>\n<meta property=\"og:title\" content=\"A import\u00e2ncia de ampliar o repert\u00f3rio cultural de crian\u00e7as e adolescentes - SABRA - Sociedade Art\u00edstica Brasileira\" \/>\n<meta property=\"og:description\" content=\"A import\u00e2ncia de ampliar o repert\u00f3rio cultural de crian\u00e7as e adolescentes  Ampliar o repert\u00f3rio cultural de crian\u00e7as e adolescentes pode fazer com que elas desenvolvam senso de responsabilidade, colabora\u00e7\u00e3o e empatia. Para saber mais sobre este assunto, leia o conte\u00fado a seguir!  Patroci\u0301nio master: @unimedbh e @institutounimedbh, viabilizado pela #leifederaldeincentivoacultura. Patroc\u00ednio prata: @vallourec. Apoio: @prefeiturabetim  #sabrabrasil #institutounimedbh #vallourec #semedbetim #betim #novalima #raposos #MaestroMarcioMirandaPontes\" \/>\n<meta property=\"og:url\" content=\"https:\/\/www.sabra.org.br\/site\/repertorio-cultural\/\" \/>\n<meta property=\"og:site_name\" content=\"SABRA - Sociedade Art\u00edstica Brasileira\" \/>\n<meta property=\"article:publisher\" content=\"https:\/\/www.facebook.com\/sabrabrasil\" \/>\n<meta property=\"article:published_time\" content=\"2021-08-17T12:50:41+00:00\" \/>\n<meta property=\"og:image\" content=\"https:\/\/i0.wp.com\/www.sabra.org.br\/site\/wp-content\/uploads\/2021\/08\/a-importancia-de-ampliar-o-repertorio-cultural-de-criancas-e-adolescentes-20210803101037.jpg.jpg?fit=800%2C470&ssl=1\" \/>\n\t<meta property=\"og:image:width\" content=\"800\" \/>\n\t<meta property=\"og:image:height\" content=\"470\" \/>\n\t<meta property=\"og:image:type\" content=\"image\/jpeg\" \/>\n<meta name=\"author\" content=\"M\u00e1rcio Miranda Pontes\" \/>\n<meta name=\"twitter:card\" content=\"summary_large_image\" \/>\n<meta name=\"twitter:creator\" content=\"@ContatoSabra\" \/>\n<meta name=\"twitter:site\" content=\"@ContatoSabra\" \/>\n<meta name=\"twitter:label1\" content=\"Escrito por\" \/>\n\t<meta name=\"twitter:data1\" content=\"M\u00e1rcio Miranda Pontes\" \/>\n\t<meta name=\"twitter:label2\" content=\"Est. tempo de leitura\" \/>\n\t<meta name=\"twitter:data2\" content=\"3 minutos\" \/>\n<script type=\"application\/ld+json\" class=\"yoast-schema-graph\">{\"@context\":\"https:\\\/\\\/schema.org\",\"@graph\":[{\"@type\":\"Article\",\"@id\":\"https:\\\/\\\/www.sabra.org.br\\\/site\\\/repertorio-cultural\\\/#article\",\"isPartOf\":{\"@id\":\"https:\\\/\\\/www.sabra.org.br\\\/site\\\/repertorio-cultural\\\/\"},\"author\":{\"name\":\"M\u00e1rcio Miranda Pontes\",\"@id\":\"https:\\\/\\\/www.sabra.org.br\\\/site\\\/#\\\/schema\\\/person\\\/7d1d222c3c8891d4c37c7b41bf6315c2\"},\"headline\":\"A import\u00e2ncia de ampliar o repert\u00f3rio cultural de crian\u00e7as e adolescentes\",\"datePublished\":\"2021-08-17T12:50:41+00:00\",\"mainEntityOfPage\":{\"@id\":\"https:\\\/\\\/www.sabra.org.br\\\/site\\\/repertorio-cultural\\\/\"},\"wordCount\":708,\"publisher\":{\"@id\":\"https:\\\/\\\/www.sabra.org.br\\\/site\\\/#organization\"},\"image\":{\"@id\":\"https:\\\/\\\/www.sabra.org.br\\\/site\\\/repertorio-cultural\\\/#primaryimage\"},\"thumbnailUrl\":\"https:\\\/\\\/www.sabra.org.br\\\/site\\\/wp-content\\\/uploads\\\/2021\\\/08\\\/a-importancia-de-ampliar-o-repertorio-cultural-de-criancas-e-adolescentes-20210803101037.jpg.jpg\",\"keywords\":[\"Assist\u00eancia social\",\"Canto Coral\",\"Escola de Musica SABRA\",\"Musicaliza\u00e7\u00e3o Infantil\",\"nova lima\",\"Orquestra Infanto Juvenil de Betim\",\"Orquestra Sinf\u00f4nica de Betim\",\"Raposos\",\"Sociedade Art\u00edstica Brasileira\"],\"articleSection\":[\"Blog SABRA\"],\"inLanguage\":\"pt-BR\"},{\"@type\":\"WebPage\",\"@id\":\"https:\\\/\\\/www.sabra.org.br\\\/site\\\/repertorio-cultural\\\/\",\"url\":\"https:\\\/\\\/www.sabra.org.br\\\/site\\\/repertorio-cultural\\\/\",\"name\":\"A import\u00e2ncia de ampliar o repert\u00f3rio cultural de crian\u00e7as e adolescentes - SABRA - Sociedade Art\u00edstica Brasileira\",\"isPartOf\":{\"@id\":\"https:\\\/\\\/www.sabra.org.br\\\/site\\\/#website\"},\"primaryImageOfPage\":{\"@id\":\"https:\\\/\\\/www.sabra.org.br\\\/site\\\/repertorio-cultural\\\/#primaryimage\"},\"image\":{\"@id\":\"https:\\\/\\\/www.sabra.org.br\\\/site\\\/repertorio-cultural\\\/#primaryimage\"},\"thumbnailUrl\":\"https:\\\/\\\/www.sabra.org.br\\\/site\\\/wp-content\\\/uploads\\\/2021\\\/08\\\/a-importancia-de-ampliar-o-repertorio-cultural-de-criancas-e-adolescentes-20210803101037.jpg.jpg\",\"datePublished\":\"2021-08-17T12:50:41+00:00\",\"breadcrumb\":{\"@id\":\"https:\\\/\\\/www.sabra.org.br\\\/site\\\/repertorio-cultural\\\/#breadcrumb\"},\"inLanguage\":\"pt-BR\",\"potentialAction\":[{\"@type\":\"ReadAction\",\"target\":[\"https:\\\/\\\/www.sabra.org.br\\\/site\\\/repertorio-cultural\\\/\"]}]},{\"@type\":\"ImageObject\",\"inLanguage\":\"pt-BR\",\"@id\":\"https:\\\/\\\/www.sabra.org.br\\\/site\\\/repertorio-cultural\\\/#primaryimage\",\"url\":\"https:\\\/\\\/www.sabra.org.br\\\/site\\\/wp-content\\\/uploads\\\/2021\\\/08\\\/a-importancia-de-ampliar-o-repertorio-cultural-de-criancas-e-adolescentes-20210803101037.jpg.jpg\",\"contentUrl\":\"https:\\\/\\\/www.sabra.org.br\\\/site\\\/wp-content\\\/uploads\\\/2021\\\/08\\\/a-importancia-de-ampliar-o-repertorio-cultural-de-criancas-e-adolescentes-20210803101037.jpg.jpg\",\"width\":800,\"height\":470,\"caption\":\"Sociedade Art\u00edstica Brasileira SABRA\"},{\"@type\":\"BreadcrumbList\",\"@id\":\"https:\\\/\\\/www.sabra.org.br\\\/site\\\/repertorio-cultural\\\/#breadcrumb\",\"itemListElement\":[{\"@type\":\"ListItem\",\"position\":1,\"name\":\"In\u00edcio\",\"item\":\"https:\\\/\\\/www.sabra.org.br\\\/site\\\/\"},{\"@type\":\"ListItem\",\"position\":2,\"name\":\"A import\u00e2ncia de ampliar o repert\u00f3rio cultural de crian\u00e7as e adolescentes\"}]},{\"@type\":\"WebSite\",\"@id\":\"https:\\\/\\\/www.sabra.org.br\\\/site\\\/#website\",\"url\":\"https:\\\/\\\/www.sabra.org.br\\\/site\\\/\",\"name\":\"SABRA - Sociedade Art\u00edstica Brasileira\",\"description\":\"Escola de M\u00fasica, Orquestra Sinf\u00f4nica, Coral e Patrim\u00f4nio Cultural e Hist\u00f3rico\",\"publisher\":{\"@id\":\"https:\\\/\\\/www.sabra.org.br\\\/site\\\/#organization\"},\"potentialAction\":[{\"@type\":\"SearchAction\",\"target\":{\"@type\":\"EntryPoint\",\"urlTemplate\":\"https:\\\/\\\/www.sabra.org.br\\\/site\\\/?s={search_term_string}\"},\"query-input\":{\"@type\":\"PropertyValueSpecification\",\"valueRequired\":true,\"valueName\":\"search_term_string\"}}],\"inLanguage\":\"pt-BR\"},{\"@type\":\"Organization\",\"@id\":\"https:\\\/\\\/www.sabra.org.br\\\/site\\\/#organization\",\"name\":\"SOCIEDADE ART\u00cdSTICA BRASILEIRA SABRA\",\"alternateName\":\"SABRA\",\"url\":\"https:\\\/\\\/www.sabra.org.br\\\/site\\\/\",\"logo\":{\"@type\":\"ImageObject\",\"inLanguage\":\"pt-BR\",\"@id\":\"https:\\\/\\\/www.sabra.org.br\\\/site\\\/#\\\/schema\\\/logo\\\/image\\\/\",\"url\":\"https:\\\/\\\/www.sabra.org.br\\\/site\\\/wp-content\\\/uploads\\\/2019\\\/06\\\/cropped-Logo_SABRA-Copia-1.webp\",\"contentUrl\":\"https:\\\/\\\/www.sabra.org.br\\\/site\\\/wp-content\\\/uploads\\\/2019\\\/06\\\/cropped-Logo_SABRA-Copia-1.webp\",\"width\":400,\"height\":128,\"caption\":\"SOCIEDADE ART\u00cdSTICA BRASILEIRA SABRA\"},\"image\":{\"@id\":\"https:\\\/\\\/www.sabra.org.br\\\/site\\\/#\\\/schema\\\/logo\\\/image\\\/\"},\"sameAs\":[\"https:\\\/\\\/www.facebook.com\\\/sabrabrasil\",\"https:\\\/\\\/x.com\\\/ContatoSabra\",\"https:\\\/\\\/www.instagram.com\\\/sabrabrasil\\\/\",\"https:\\\/\\\/www.linkedin.com\\\/company\\\/25002088\\\/\",\"https:\\\/\\\/br.pinterest.com\\\/sociedadeartisticabrasileira\\\/\",\"https:\\\/\\\/www.youtube.com\\\/c\\\/sabrabrasil\"]},{\"@type\":\"Person\",\"@id\":\"https:\\\/\\\/www.sabra.org.br\\\/site\\\/#\\\/schema\\\/person\\\/7d1d222c3c8891d4c37c7b41bf6315c2\",\"name\":\"M\u00e1rcio Miranda Pontes\",\"image\":{\"@type\":\"ImageObject\",\"inLanguage\":\"pt-BR\",\"@id\":\"https:\\\/\\\/secure.gravatar.com\\\/avatar\\\/3b45f24496a7625a3a6c436688fbe20344faaeb2979658dc4a9921f984d7df9a?s=96&d=mm&r=g\",\"url\":\"https:\\\/\\\/secure.gravatar.com\\\/avatar\\\/3b45f24496a7625a3a6c436688fbe20344faaeb2979658dc4a9921f984d7df9a?s=96&d=mm&r=g\",\"contentUrl\":\"https:\\\/\\\/secure.gravatar.com\\\/avatar\\\/3b45f24496a7625a3a6c436688fbe20344faaeb2979658dc4a9921f984d7df9a?s=96&d=mm&r=g\",\"caption\":\"M\u00e1rcio Miranda Pontes\"},\"sameAs\":[\"http:\\\/\\\/www.sabra.org.br\"],\"url\":\"https:\\\/\\\/www.sabra.org.br\\\/site\\\/author\\\/marcio-miranda-pontes\\\/\"}]}<\/script>\n<!-- \/ Yoast SEO plugin. -->","yoast_head_json":{"title":"A import\u00e2ncia de ampliar o repert\u00f3rio cultural de crian\u00e7as e adolescentes - SABRA - Sociedade Art\u00edstica Brasileira","robots":{"index":"index","follow":"follow","max-snippet":"max-snippet:-1","max-image-preview":"max-image-preview:large","max-video-preview":"max-video-preview:-1"},"canonical":"https:\/\/www.sabra.org.br\/site\/repertorio-cultural\/","og_locale":"pt_BR","og_type":"article","og_title":"A import\u00e2ncia de ampliar o repert\u00f3rio cultural de crian\u00e7as e adolescentes - SABRA - Sociedade Art\u00edstica Brasileira","og_description":"A import\u00e2ncia de ampliar o repert\u00f3rio cultural de crian\u00e7as e adolescentes  Ampliar o repert\u00f3rio cultural de crian\u00e7as e adolescentes pode fazer com que elas desenvolvam senso de responsabilidade, colabora\u00e7\u00e3o e empatia. Para saber mais sobre este assunto, leia o conte\u00fado a seguir!  Patroci\u0301nio master: @unimedbh e @institutounimedbh, viabilizado pela #leifederaldeincentivoacultura. Patroc\u00ednio prata: @vallourec. Apoio: @prefeiturabetim  #sabrabrasil #institutounimedbh #vallourec #semedbetim #betim #novalima #raposos #MaestroMarcioMirandaPontes","og_url":"https:\/\/www.sabra.org.br\/site\/repertorio-cultural\/","og_site_name":"SABRA - Sociedade Art\u00edstica Brasileira","article_publisher":"https:\/\/www.facebook.com\/sabrabrasil","article_published_time":"2021-08-17T12:50:41+00:00","og_image":[{"width":800,"height":470,"url":"https:\/\/i0.wp.com\/www.sabra.org.br\/site\/wp-content\/uploads\/2021\/08\/a-importancia-de-ampliar-o-repertorio-cultural-de-criancas-e-adolescentes-20210803101037.jpg.jpg?fit=800%2C470&ssl=1","type":"image\/jpeg"}],"author":"M\u00e1rcio Miranda Pontes","twitter_card":"summary_large_image","twitter_creator":"@ContatoSabra","twitter_site":"@ContatoSabra","twitter_misc":{"Escrito por":"M\u00e1rcio Miranda Pontes","Est. tempo de leitura":"3 minutos"},"schema":{"@context":"https:\/\/schema.org","@graph":[{"@type":"Article","@id":"https:\/\/www.sabra.org.br\/site\/repertorio-cultural\/#article","isPartOf":{"@id":"https:\/\/www.sabra.org.br\/site\/repertorio-cultural\/"},"author":{"name":"M\u00e1rcio Miranda Pontes","@id":"https:\/\/www.sabra.org.br\/site\/#\/schema\/person\/7d1d222c3c8891d4c37c7b41bf6315c2"},"headline":"A import\u00e2ncia de ampliar o repert\u00f3rio cultural de crian\u00e7as e adolescentes","datePublished":"2021-08-17T12:50:41+00:00","mainEntityOfPage":{"@id":"https:\/\/www.sabra.org.br\/site\/repertorio-cultural\/"},"wordCount":708,"publisher":{"@id":"https:\/\/www.sabra.org.br\/site\/#organization"},"image":{"@id":"https:\/\/www.sabra.org.br\/site\/repertorio-cultural\/#primaryimage"},"thumbnailUrl":"https:\/\/www.sabra.org.br\/site\/wp-content\/uploads\/2021\/08\/a-importancia-de-ampliar-o-repertorio-cultural-de-criancas-e-adolescentes-20210803101037.jpg.jpg","keywords":["Assist\u00eancia social","Canto Coral","Escola de Musica SABRA","Musicaliza\u00e7\u00e3o Infantil","nova lima","Orquestra Infanto Juvenil de Betim","Orquestra Sinf\u00f4nica de Betim","Raposos","Sociedade Art\u00edstica Brasileira"],"articleSection":["Blog SABRA"],"inLanguage":"pt-BR"},{"@type":"WebPage","@id":"https:\/\/www.sabra.org.br\/site\/repertorio-cultural\/","url":"https:\/\/www.sabra.org.br\/site\/repertorio-cultural\/","name":"A import\u00e2ncia de ampliar o repert\u00f3rio cultural de crian\u00e7as e adolescentes - SABRA - Sociedade Art\u00edstica Brasileira","isPartOf":{"@id":"https:\/\/www.sabra.org.br\/site\/#website"},"primaryImageOfPage":{"@id":"https:\/\/www.sabra.org.br\/site\/repertorio-cultural\/#primaryimage"},"image":{"@id":"https:\/\/www.sabra.org.br\/site\/repertorio-cultural\/#primaryimage"},"thumbnailUrl":"https:\/\/www.sabra.org.br\/site\/wp-content\/uploads\/2021\/08\/a-importancia-de-ampliar-o-repertorio-cultural-de-criancas-e-adolescentes-20210803101037.jpg.jpg","datePublished":"2021-08-17T12:50:41+00:00","breadcrumb":{"@id":"https:\/\/www.sabra.org.br\/site\/repertorio-cultural\/#breadcrumb"},"inLanguage":"pt-BR","potentialAction":[{"@type":"ReadAction","target":["https:\/\/www.sabra.org.br\/site\/repertorio-cultural\/"]}]},{"@type":"ImageObject","inLanguage":"pt-BR","@id":"https:\/\/www.sabra.org.br\/site\/repertorio-cultural\/#primaryimage","url":"https:\/\/www.sabra.org.br\/site\/wp-content\/uploads\/2021\/08\/a-importancia-de-ampliar-o-repertorio-cultural-de-criancas-e-adolescentes-20210803101037.jpg.jpg","contentUrl":"https:\/\/www.sabra.org.br\/site\/wp-content\/uploads\/2021\/08\/a-importancia-de-ampliar-o-repertorio-cultural-de-criancas-e-adolescentes-20210803101037.jpg.jpg","width":800,"height":470,"caption":"Sociedade Art\u00edstica Brasileira SABRA"},{"@type":"BreadcrumbList","@id":"https:\/\/www.sabra.org.br\/site\/repertorio-cultural\/#breadcrumb","itemListElement":[{"@type":"ListItem","position":1,"name":"In\u00edcio","item":"https:\/\/www.sabra.org.br\/site\/"},{"@type":"ListItem","position":2,"name":"A import\u00e2ncia de ampliar o repert\u00f3rio cultural de crian\u00e7as e adolescentes"}]},{"@type":"WebSite","@id":"https:\/\/www.sabra.org.br\/site\/#website","url":"https:\/\/www.sabra.org.br\/site\/","name":"SABRA - Sociedade Art\u00edstica Brasileira","description":"Escola de M\u00fasica, Orquestra Sinf\u00f4nica, Coral e Patrim\u00f4nio Cultural e Hist\u00f3rico","publisher":{"@id":"https:\/\/www.sabra.org.br\/site\/#organization"},"potentialAction":[{"@type":"SearchAction","target":{"@type":"EntryPoint","urlTemplate":"https:\/\/www.sabra.org.br\/site\/?s={search_term_string}"},"query-input":{"@type":"PropertyValueSpecification","valueRequired":true,"valueName":"search_term_string"}}],"inLanguage":"pt-BR"},{"@type":"Organization","@id":"https:\/\/www.sabra.org.br\/site\/#organization","name":"SOCIEDADE ART\u00cdSTICA BRASILEIRA SABRA","alternateName":"SABRA","url":"https:\/\/www.sabra.org.br\/site\/","logo":{"@type":"ImageObject","inLanguage":"pt-BR","@id":"https:\/\/www.sabra.org.br\/site\/#\/schema\/logo\/image\/","url":"https:\/\/www.sabra.org.br\/site\/wp-content\/uploads\/2019\/06\/cropped-Logo_SABRA-Copia-1.webp","contentUrl":"https:\/\/www.sabra.org.br\/site\/wp-content\/uploads\/2019\/06\/cropped-Logo_SABRA-Copia-1.webp","width":400,"height":128,"caption":"SOCIEDADE ART\u00cdSTICA BRASILEIRA SABRA"},"image":{"@id":"https:\/\/www.sabra.org.br\/site\/#\/schema\/logo\/image\/"},"sameAs":["https:\/\/www.facebook.com\/sabrabrasil","https:\/\/x.com\/ContatoSabra","https:\/\/www.instagram.com\/sabrabrasil\/","https:\/\/www.linkedin.com\/company\/25002088\/","https:\/\/br.pinterest.com\/sociedadeartisticabrasileira\/","https:\/\/www.youtube.com\/c\/sabrabrasil"]},{"@type":"Person","@id":"https:\/\/www.sabra.org.br\/site\/#\/schema\/person\/7d1d222c3c8891d4c37c7b41bf6315c2","name":"M\u00e1rcio Miranda Pontes","image":{"@type":"ImageObject","inLanguage":"pt-BR","@id":"https:\/\/secure.gravatar.com\/avatar\/3b45f24496a7625a3a6c436688fbe20344faaeb2979658dc4a9921f984d7df9a?s=96&d=mm&r=g","url":"https:\/\/secure.gravatar.com\/avatar\/3b45f24496a7625a3a6c436688fbe20344faaeb2979658dc4a9921f984d7df9a?s=96&d=mm&r=g","contentUrl":"https:\/\/secure.gravatar.com\/avatar\/3b45f24496a7625a3a6c436688fbe20344faaeb2979658dc4a9921f984d7df9a?s=96&d=mm&r=g","caption":"M\u00e1rcio Miranda Pontes"},"sameAs":["http:\/\/www.sabra.org.br"],"url":"https:\/\/www.sabra.org.br\/site\/author\/marcio-miranda-pontes\/"}]}},"jetpack_featured_media_url":"https:\/\/www.sabra.org.br\/site\/wp-content\/uploads\/2021\/08\/a-importancia-de-ampliar-o-repertorio-cultural-de-criancas-e-adolescentes-20210803101037.jpg.jpg","jetpack_shortlink":"https:\/\/wp.me\/p95j2Z-145","jetpack-related-posts":[{"id":2347,"url":"https:\/\/www.sabra.org.br\/site\/mil-vozes\/","url_meta":{"origin":4097,"position":0},"title":"Um concerto de mil vozes!","author":"M\u00e1rcio Miranda Pontes","date":"23 de setembro de 2019","format":false,"excerpt":"Programa constitu\u00eddo por repert\u00f3rio variado culmina com a participa\u00e7\u00e3o de um coral que re\u00fane mil vozes infantis.","rel":"","context":"Em &quot;Not\u00edcias&quot;","block_context":{"text":"Not\u00edcias","link":"https:\/\/www.sabra.org.br\/site\/category\/noticias\/"},"img":{"alt_text":"Mil vozes","src":"https:\/\/i0.wp.com\/www.sabra.org.br\/site\/wp-content\/uploads\/2019\/09\/Whatsapp-e-Stories-Coral-Mil-Vozes.jpg?resize=350%2C200&ssl=1","width":350,"height":200,"srcset":"https:\/\/i0.wp.com\/www.sabra.org.br\/site\/wp-content\/uploads\/2019\/09\/Whatsapp-e-Stories-Coral-Mil-Vozes.jpg?resize=350%2C200&ssl=1 1x, https:\/\/i0.wp.com\/www.sabra.org.br\/site\/wp-content\/uploads\/2019\/09\/Whatsapp-e-Stories-Coral-Mil-Vozes.jpg?resize=525%2C300&ssl=1 1.5x, https:\/\/i0.wp.com\/www.sabra.org.br\/site\/wp-content\/uploads\/2019\/09\/Whatsapp-e-Stories-Coral-Mil-Vozes.jpg?resize=700%2C400&ssl=1 2x, https:\/\/i0.wp.com\/www.sabra.org.br\/site\/wp-content\/uploads\/2019\/09\/Whatsapp-e-Stories-Coral-Mil-Vozes.jpg?resize=1050%2C600&ssl=1 3x"},"classes":[]},{"id":859,"url":"https:\/\/www.sabra.org.br\/site\/orquestra-sinfonica-de-betim-celebra-a-musica-lirica-em-concerto\/","url_meta":{"origin":4097,"position":1},"title":"Orquestra Sinf\u00f4nica de Betim celebra a m\u00fasica l\u00edrica em concerto","author":"M\u00e1rcio Miranda Pontes","date":"9 de dezembro de 2017","format":false,"excerpt":"Orquestra Sinf\u00f4nica de Betim se apresenta no CCBB Data: 14 de dezembro, quinta-feira Hor\u00e1rio: 20h00 Local: Centro Cultural Banco do Brasil - Pra\u00e7a da Liberdade, 450 - Funcion\u00e1rios, Belo Horizonte - MG. Ingressos: Inteira: R$ 20,00 meia: R$ 10,00 Clique aqui para comprar seu ingresso. Sob a reg\u00eancia do maestro\u2026","rel":"","context":"Em &quot;Not\u00edcias&quot;","block_context":{"text":"Not\u00edcias","link":"https:\/\/www.sabra.org.br\/site\/category\/noticias\/"},"img":{"alt_text":"Sociedade Art\u00edstica Brasileira SABRA","src":"https:\/\/i0.wp.com\/www.sabra.org.br\/site\/wp-content\/uploads\/2017\/12\/15940406_10153983478431946_7047361238975298962_n.jpg?resize=350%2C200&ssl=1","width":350,"height":200,"srcset":"https:\/\/i0.wp.com\/www.sabra.org.br\/site\/wp-content\/uploads\/2017\/12\/15940406_10153983478431946_7047361238975298962_n.jpg?resize=350%2C200&ssl=1 1x, https:\/\/i0.wp.com\/www.sabra.org.br\/site\/wp-content\/uploads\/2017\/12\/15940406_10153983478431946_7047361238975298962_n.jpg?resize=525%2C300&ssl=1 1.5x"},"classes":[]},{"id":7784,"url":"https:\/\/www.sabra.org.br\/site\/repertorio-orquestra\/","url_meta":{"origin":4097,"position":2},"title":"Como \u00e9 feita a sele\u00e7\u00e3o do repert\u00f3rio em uma orquestra?","author":"M\u00e1rcio Miranda Pontes","date":"7 de agosto de 2023","format":false,"excerpt":"Tem curiosidade em saber como \u00e9 feita a sele\u00e7\u00e3o do repert\u00f3rio em uma orquestra? Neste post explicamos os crit\u00e9rios envolvidos dessa sele\u00e7\u00e3o. Leia e saiba mais detalhes sobre esse assunto.","rel":"","context":"Em &quot;Blog SABRA&quot;","block_context":{"text":"Blog SABRA","link":"https:\/\/www.sabra.org.br\/site\/category\/blog-sabra\/"},"img":{"alt_text":"sabra-m\u00fasica-orquestra-m\u00fasicos-art\u00edsticas-repert\u00f3rio-considera\u00e7\u00e3o-pe\u00e7a-musicais-obras-programa\u00e7\u00e3o-sele\u00e7\u00e3o-conhecidas","src":"https:\/\/i0.wp.com\/www.sabra.org.br\/site\/wp-content\/uploads\/2023\/08\/como-e-feita-a-selecao-do-repertorio-em-uma-orquestrajpg-20230504105610.jpg-1-jpg.webp?resize=350%2C200&ssl=1","width":350,"height":200,"srcset":"https:\/\/i0.wp.com\/www.sabra.org.br\/site\/wp-content\/uploads\/2023\/08\/como-e-feita-a-selecao-do-repertorio-em-uma-orquestrajpg-20230504105610.jpg-1-jpg.webp?resize=350%2C200&ssl=1 1x, https:\/\/i0.wp.com\/www.sabra.org.br\/site\/wp-content\/uploads\/2023\/08\/como-e-feita-a-selecao-do-repertorio-em-uma-orquestrajpg-20230504105610.jpg-1-jpg.webp?resize=525%2C300&ssl=1 1.5x, https:\/\/i0.wp.com\/www.sabra.org.br\/site\/wp-content\/uploads\/2023\/08\/como-e-feita-a-selecao-do-repertorio-em-uma-orquestrajpg-20230504105610.jpg-1-jpg.webp?resize=700%2C400&ssl=1 2x"},"classes":[]},{"id":4072,"url":"https:\/\/www.sabra.org.br\/site\/arte-cultura\/","url_meta":{"origin":4097,"position":3},"title":"Arte e cultura em Minas Gerais: muito al\u00e9m dos pontos tur\u00edsticos","author":"M\u00e1rcio Miranda Pontes","date":"5 de agosto de 2021","format":false,"excerpt":"Arte e cultura em Minas Gerais: muito al\u00e9m dos pontos tur\u00edsticos Minas Gerais pode oferecer muito mais que pontos tur\u00edsticos. O estado respira arte e cultura. Para conhecer algumas op\u00e7\u00f5es de lugares que podem fazer voc\u00ea ampliar seu repert\u00f3rio cultural em Minas Gerais, leia o conte\u00fado a seguir.","rel":"","context":"Em &quot;Blog SABRA&quot;","block_context":{"text":"Blog SABRA","link":"https:\/\/www.sabra.org.br\/site\/category\/blog-sabra\/"},"img":{"alt_text":"arte-cultura","src":"https:\/\/i0.wp.com\/www.sabra.org.br\/site\/wp-content\/uploads\/2021\/08\/arte-e-cultura-em-minas-gerais-muito-alem-dos-pontos-turisticos-20210803101037.jpg.jpg?resize=350%2C200&ssl=1","width":350,"height":200,"srcset":"https:\/\/i0.wp.com\/www.sabra.org.br\/site\/wp-content\/uploads\/2021\/08\/arte-e-cultura-em-minas-gerais-muito-alem-dos-pontos-turisticos-20210803101037.jpg.jpg?resize=350%2C200&ssl=1 1x, https:\/\/i0.wp.com\/www.sabra.org.br\/site\/wp-content\/uploads\/2021\/08\/arte-e-cultura-em-minas-gerais-muito-alem-dos-pontos-turisticos-20210803101037.jpg.jpg?resize=525%2C300&ssl=1 1.5x, https:\/\/i0.wp.com\/www.sabra.org.br\/site\/wp-content\/uploads\/2021\/08\/arte-e-cultura-em-minas-gerais-muito-alem-dos-pontos-turisticos-20210803101037.jpg.jpg?resize=700%2C400&ssl=1 2x"},"classes":[]},{"id":357,"url":"https:\/\/www.sabra.org.br\/site\/bizet-e-mendelssohn-com-a-orquestra-sinfonica-de-betim\/","url_meta":{"origin":4097,"position":4},"title":"Bizet e Mendelssohn com a Orquestra Sinf\u00f4nica de Betim","author":"M\u00e1rcio Miranda Pontes","date":"20 de setembro de 2016","format":false,"excerpt":"A Orquestra Sinf\u00f4nica de Betim realiza mais um concerto da s\u00e9rie anual, \u00e0s 20 horas do dia 26 de setembro, no Centro Cultural Banco do Brasil (CCBB-BH), em Belo Horizonte. Ser\u00e3o executadas a Suite L\u2019Arlesienne de Georges Bizet e o Concerto para Violino e Orquestra de Felix Mendelssohn. O solista\u2026","rel":"","context":"Em &quot;Not\u00edcias&quot;","block_context":{"text":"Not\u00edcias","link":"https:\/\/www.sabra.org.br\/site\/category\/noticias\/"},"img":{"alt_text":"","src":"https:\/\/i0.wp.com\/www.sabra.org.br\/site\/wp-content\/uploads\/2016\/07\/754A1478Peq.jpg?resize=350%2C200&ssl=1","width":350,"height":200,"srcset":"https:\/\/i0.wp.com\/www.sabra.org.br\/site\/wp-content\/uploads\/2016\/07\/754A1478Peq.jpg?resize=350%2C200&ssl=1 1x, https:\/\/i0.wp.com\/www.sabra.org.br\/site\/wp-content\/uploads\/2016\/07\/754A1478Peq.jpg?resize=525%2C300&ssl=1 1.5x"},"classes":[]},{"id":7745,"url":"https:\/\/www.sabra.org.br\/site\/repertorio-musical\/","url_meta":{"origin":4097,"position":5},"title":"Tenha um repert\u00f3rio variado em aulas de m\u00fasica","author":"M\u00e1rcio Miranda Pontes","date":"31 de julho de 2023","format":false,"excerpt":"Amplie seu horizonte musical e aprimore suas habilidades! Descubra a import\u00e2ncia de ter um repert\u00f3rio variado em suas aulas de m\u00fasica. Diversifique seus estilos, explore novas t\u00e9cnicas e se torne um m\u00fasico mais completo. Venha descobrir mais sobre esse tema!","rel":"","context":"Em &quot;Blog SABRA&quot;","block_context":{"text":"Blog SABRA","link":"https:\/\/www.sabra.org.br\/site\/category\/blog-sabra\/"},"img":{"alt_text":"sabra-m\u00fasica-diferentes-repert\u00f3rio-musical-aulas-musicais-variado-desenvolvimento-estilo-exploraremos-t\u00e9cnicas","src":"https:\/\/i0.wp.com\/www.sabra.org.br\/site\/wp-content\/uploads\/2023\/07\/tenha-um-repertorio-variado-em-aulas-de-musicajpg-20230504105610.jpg-jpg.webp?resize=350%2C200&ssl=1","width":350,"height":200,"srcset":"https:\/\/i0.wp.com\/www.sabra.org.br\/site\/wp-content\/uploads\/2023\/07\/tenha-um-repertorio-variado-em-aulas-de-musicajpg-20230504105610.jpg-jpg.webp?resize=350%2C200&ssl=1 1x, https:\/\/i0.wp.com\/www.sabra.org.br\/site\/wp-content\/uploads\/2023\/07\/tenha-um-repertorio-variado-em-aulas-de-musicajpg-20230504105610.jpg-jpg.webp?resize=525%2C300&ssl=1 1.5x, https:\/\/i0.wp.com\/www.sabra.org.br\/site\/wp-content\/uploads\/2023\/07\/tenha-um-repertorio-variado-em-aulas-de-musicajpg-20230504105610.jpg-jpg.webp?resize=700%2C400&ssl=1 2x"},"classes":[]}],"jetpack_likes_enabled":true,"jetpack_sharing_enabled":true,"_links":{"self":[{"href":"https:\/\/www.sabra.org.br\/site\/wp-json\/wp\/v2\/posts\/4097","targetHints":{"allow":["GET"]}}],"collection":[{"href":"https:\/\/www.sabra.org.br\/site\/wp-json\/wp\/v2\/posts"}],"about":[{"href":"https:\/\/www.sabra.org.br\/site\/wp-json\/wp\/v2\/types\/post"}],"author":[{"embeddable":true,"href":"https:\/\/www.sabra.org.br\/site\/wp-json\/wp\/v2\/users\/39"}],"replies":[{"embeddable":true,"href":"https:\/\/www.sabra.org.br\/site\/wp-json\/wp\/v2\/comments?post=4097"}],"version-history":[{"count":0,"href":"https:\/\/www.sabra.org.br\/site\/wp-json\/wp\/v2\/posts\/4097\/revisions"}],"wp:featuredmedia":[{"embeddable":true,"href":"https:\/\/www.sabra.org.br\/site\/wp-json\/wp\/v2\/media\/4098"}],"wp:attachment":[{"href":"https:\/\/www.sabra.org.br\/site\/wp-json\/wp\/v2\/media?parent=4097"}],"wp:term":[{"taxonomy":"category","embeddable":true,"href":"https:\/\/www.sabra.org.br\/site\/wp-json\/wp\/v2\/categories?post=4097"},{"taxonomy":"post_tag","embeddable":true,"href":"https:\/\/www.sabra.org.br\/site\/wp-json\/wp\/v2\/tags?post=4097"}],"curies":[{"name":"wp","href":"https:\/\/api.w.org\/{rel}","templated":true}]}}