{"id":4109,"date":"2021-08-18T09:22:54","date_gmt":"2021-08-18T12:22:54","guid":{"rendered":"https:\/\/www.sabra.org.br\/site\/?p=4109"},"modified":"2021-08-18T09:44:39","modified_gmt":"2021-08-18T12:44:39","slug":"equipe-orquestra","status":"publish","type":"post","link":"https:\/\/www.sabra.org.br\/site\/equipe-orquestra\/","title":{"rendered":"O que a orquestra sinf\u00f4nica ensina sobre trabalho em equipe?"},"content":{"rendered":"<p>[vc_row][vc_column][vc_column_text]Na vida, passamos por diversas experi\u00eancias e lugares que nos ensinam muito. No entanto, \u00e9 preciso entender as experi\u00eancias e os lugares como uma forma de tirar uma li\u00e7\u00e3o e, assim, evoluir.<\/p>\n<p>Um exemplo que podemos destacar nesse sentido \u00e9 a orquestra sinf\u00f4nica. Ora, como a orquestra sinf\u00f4nica pode nos ajudar? A orquestra sinf\u00f4nica \u00e9 um lugar\/experi\u00eancia que nos ensina muito sobre trabalho em equipe. Para entender melhor, leia o conte\u00fado a seguir!<\/p>\n<h2>O que \u00e9 uma orquestra sinf\u00f4nica?<\/h2>\n<p>Uma orquestra sinf\u00f4nica pode ser definida como sendo um grupo de m\u00fasicos profissionais que se re\u00fane para apresentar uma s\u00e9rie de can\u00e7\u00f5es a um grande p\u00fablico, as quais s\u00e3o tocadas harmoniosamente por diversos instrumentos cl\u00e1ssicos.<\/p>\n<p>Entre os principais grupos de instrumentos utilizados em uma orquestra sinf\u00f4nica, est\u00e3o:<\/p>\n<p>&#8211; Metais<\/p>\n<p>Neste grupo, est\u00e3o instrumentos musicais como trompetes, tubas, trombones e trompas.<\/p>\n<p>&#8211; Cordas<\/p>\n<p>J\u00e1 neste grupo, podemos encontrar harpas, violino, violoncelo e violas.<\/p>\n<p>&#8211; Madeiras<\/p>\n<p>Aqui, est\u00e3o as flautas, fagotes e clarinete.<\/p>\n<h2>Quais exemplos podemos ter de trabalho em equipe em uma orquestra sinf\u00f4nica?<\/h2>\n<p>Como podemos visualizar, uma orquestra sinf\u00f4nica para funcionar adequadamente precisa contar com a colabora\u00e7\u00e3o de todos. \u00c9 um grande exemplo de trabalho em equipe. Veja a seguir..<\/p>\n<h3>Harmonia<\/h3>\n<p>O primeiro exemplo que se pode ter de trabalho em equipe em uma orquestra sinf\u00f4nica \u00e9 a harmonia entre os sons tocados pelos instrumentos musicais que s\u00e3o conduzidos pelos membros. Os membros precisam atuar harmoniosamente, para que assim a orquestra sinf\u00f4nica alcance seus objetivos.<\/p>\n<p>Qualquer desarmonia dos sons pode, sem d\u00favida alguma, comprometer o alcance de bons resultados. Analogicamente, \u00e9 assim quando se trabalha em equipe em uma empresa. O desinteresse de um colaborador, digamos, pode afetar os outros membros da equipe e at\u00e9 mesmo colocar em risco o alcance dos resultados. O mesmo acontece com rela\u00e7\u00e3o ao trabalho em equipe no ambiente escolar, se perceber bem.<\/p>\n<h3>Colabora\u00e7\u00e3o<\/h3>\n<p>A colabora\u00e7\u00e3o \u00e9 outro ponto forte em uma orquestra sinf\u00f4nica e podemos ver nisso uma oportunidade para se trabalhar melhor em equipe.<\/p>\n<p>Para que a orquestra sinf\u00f4nica alcance harmonia em suas m\u00fasicas, \u00e9 preciso que cada membro se comprometa a desenvolver seu papel da maneira correta. Para isso, ele precisa n\u00e3o apenas dominar sua ferramenta musical, mas tamb\u00e9m treinar de forma coletiva. Ou melhor, ele precisa atuar colaborativamente, com o objetivo de fazer a orquestra sinf\u00f4nica alcan\u00e7ar seus objetivos.<\/p>\n<h3>Fun\u00e7\u00e3o de cada membro<\/h3>\n<p>Assim como numa equipe de trabalho, em uma orquestra sinf\u00f4nica cada membro tem uma fun\u00e7\u00e3o basilar na produ\u00e7\u00e3o do som final, e \u00e9 preciso que isso seja entendido para que haja harmonia. Por exemplo, em uma orquestra sinf\u00f4nica, assim que o piano sai de cena, o violoncelo pode entrar como instrumento principal.<\/p>\n<p>O que queremos dizer com isso \u00e9 que cada membro de uma equipe tem um peso diferente, que pode variar de acordo com o projeto a ser desenvolvido. Isso sem deixar de mencionar o maestro, que cumpre a fun\u00e7\u00e3o de liderar uma orquestra sinf\u00f4nica.<\/p>\n<p>Voc\u00ea gostou deste conte\u00fado? Esperamos que sim. Para ler outros como este, n\u00e3o deixe de acompanhar as publica\u00e7\u00f5es em nosso blog. Combinado?<\/p>\n<blockquote class=\"wp-embedded-content\" data-secret=\"B9cr6qy7NY\"><p><a href=\"https:\/\/www.sabra.org.br\/site\/violencia-crianca-adolescente\/\">Como ajudar no enfrentamento \u00e0 viol\u00eancia contra crian\u00e7as e adolescentes<\/a><\/p><\/blockquote>\n<p><iframe class=\"wp-embedded-content\" sandbox=\"allow-scripts\" security=\"restricted\" style=\"position: absolute; clip: rect(1px, 1px, 1px, 1px);\" title=\"&#8220;Como ajudar no enfrentamento \u00e0 viol\u00eancia contra crian\u00e7as e adolescentes&#8221; &#8212; SABRA - Sociedade Art\u00edstica Brasileira\" src=\"https:\/\/www.sabra.org.br\/site\/violencia-crianca-adolescente\/embed\/#?secret=B9cr6qy7NY\" data-secret=\"B9cr6qy7NY\" width=\"600\" height=\"338\" frameborder=\"0\" marginwidth=\"0\" marginheight=\"0\" scrolling=\"no\"><\/iframe><\/p>\n<hr \/>\n<h2>Se voc\u00ea gostou deste post:<\/h2>\n<p>&#8211; SIGA as nossas p\u00e1ginas nas redes sociais para acompanhar as nossas atualiza\u00e7\u00f5es: estamos no <a href=\"https:\/\/www.facebook.com\/sabrabrasil\" target=\"_blank\" rel=\"noopener\">Facebook<\/a>, no <a href=\"https:\/\/www.instagram.com\/sabrabrasil\/\" target=\"_blank\" rel=\"noopener\">Instagram<\/a>, no <a href=\"https:\/\/www.linkedin.com\/company\/25002088\" target=\"_blank\" rel=\"noopener\">LinkedIn<\/a>, no <a href=\"https:\/\/twitter.com\/ContatoSabra\" target=\"_blank\" rel=\"noopener\">Twitter<\/a> e no <a href=\"https:\/\/www.youtube.com\/channel\/UCJw-kbuEvzUNdeQf20Pa-eQ\" target=\"_blank\" rel=\"noopener\">YouTube<\/a>!<br \/>\n&#8211; CONHE\u00c7A o trabalho da Sociedade Art\u00edstica Brasileira (SABRA) e todas as iniciativas culturais e sociais que ela mant\u00e9m. <a href=\"https:\/\/www.sabra.org.br\/site\/acoes\/\" target=\"_blank\" rel=\"noopener\">Acesse nosso site!<\/a><br \/>\n&#8211; ENTRE EM CONTATO com a gente. E veja quais s\u00e3o as op\u00e7\u00f5es de ajuda na manuten\u00e7\u00e3o de nossas a\u00e7\u00f5es sociais e culturais. Basta acessar nossa p\u00e1gina <a href=\"https:\/\/www.sabra.org.br\/site\/doe-agora\/\" target=\"_blank\" rel=\"noopener\">Doe Agora!<\/a><br \/>\n&#8211; COMPARTILHE este texto nas suas redes sociais e ajude os seus amigos a tamb\u00e9m dominarem o assunto!<br \/>\n&#8211; As a\u00e7\u00f5es da @sabrabrasil s\u00e3o realizadas com o patroci\u0301nio master: @unimedbh e @institutounimedbh, viabilizado pela #leifederaldeincentivoacultura. Com patroc\u00ednio prata: @vallourec e apoio: @prefeiturabetim[\/vc_column_text][\/vc_column][\/vc_row]<\/p>\n","protected":false},"excerpt":{"rendered":"<p>O que a orquestra sinf\u00f4nica ensina sobre trabalho em equipe?<\/p>\n<p>Na vida, passamos por diversas experi\u00eancias e lugares que nos ensinam muito. Um exemplo que podemos destacar nesse sentido \u00e9 a orquestra sinf\u00f4nica. A orquestra sinf\u00f4nica \u00e9 um lugar\/experi\u00eancia que nos ensina muito sobre trabalho em equipe. Para entender melhor, leia o conte\u00fado a seguir!<\/p>\n<p>Patroci\u0301nio master: @unimedbh e @institutounimedbh, viabilizado pela #leifederaldeincentivoacultura. Patroc\u00ednio prata: @vallourec. Apoio: @prefeiturabetim<\/p>\n<p>#sabrabrasil #institutounimedbh #vallourec #semedbetim #betim #novalima #raposos #MaestroMarcioMirandaPontes<\/p>\n","protected":false},"author":39,"featured_media":4111,"comment_status":"closed","ping_status":"closed","sticky":false,"template":"","format":"standard","meta":{"jetpack_post_was_ever_published":false,"_jetpack_newsletter_access":"","_jetpack_dont_email_post_to_subs":false,"_jetpack_newsletter_tier_id":0,"_jetpack_memberships_contains_paywalled_content":false,"_jetpack_memberships_contains_paid_content":false,"footnotes":""},"categories":[1],"tags":[15,3623,8,1285,16,3519,1286,11,3622,9],"class_list":["post-4109","post","type-post","status-publish","format-standard","has-post-thumbnail","hentry","category-blog-sabra","tag-assistencia-social","tag-campos-dos-goytacazes","tag-canto-coral","tag-escola-de-musica-sabra","tag-musicalizacao-infantil","tag-nova-lima-2","tag-orquestra-infanto-juvenil-de-betim","tag-orquestra-sinfonica-de-betim","tag-raposos","tag-sociedade-artistica-brasileira"],"yoast_head":"<!-- This site is optimized with the Yoast SEO plugin v27.5 - https:\/\/yoast.com\/product\/yoast-seo-wordpress\/ -->\n<title>O que a orquestra sinf\u00f4nica ensina sobre trabalho em equipe? - SABRA - Sociedade Art\u00edstica Brasileira<\/title>\n<meta name=\"description\" content=\"Experi\u00eancias e lugares que nos ensinam muito. A orquestra sinf\u00f4nica \u00e9 um lugar\/experi\u00eancia que nos ensina muito sobre trabalho em equipe.\" \/>\n<meta name=\"robots\" content=\"index, follow, max-snippet:-1, max-image-preview:large, max-video-preview:-1\" \/>\n<link rel=\"canonical\" href=\"https:\/\/www.sabra.org.br\/site\/equipe-orquestra\/\" \/>\n<meta property=\"og:locale\" content=\"pt_BR\" \/>\n<meta property=\"og:type\" content=\"article\" \/>\n<meta property=\"og:title\" content=\"O que a orquestra sinf\u00f4nica ensina sobre trabalho em equipe? - SABRA - Sociedade Art\u00edstica Brasileira\" \/>\n<meta property=\"og:description\" content=\"Experi\u00eancias e lugares que nos ensinam muito. A orquestra sinf\u00f4nica \u00e9 um lugar\/experi\u00eancia que nos ensina muito sobre trabalho em equipe.\" \/>\n<meta property=\"og:url\" content=\"https:\/\/www.sabra.org.br\/site\/equipe-orquestra\/\" \/>\n<meta property=\"og:site_name\" content=\"SABRA - Sociedade Art\u00edstica Brasileira\" \/>\n<meta property=\"article:publisher\" content=\"https:\/\/www.facebook.com\/sabrabrasil\" \/>\n<meta property=\"article:published_time\" content=\"2021-08-18T12:22:54+00:00\" \/>\n<meta property=\"article:modified_time\" content=\"2021-08-18T12:44:39+00:00\" \/>\n<meta property=\"og:image\" content=\"https:\/\/i0.wp.com\/www.sabra.org.br\/site\/wp-content\/uploads\/2021\/08\/o-que-a-orquestra-sinfonica-ensina-sobre-trabalho-em-equipe-20210803101037.jpg.jpg?fit=800%2C534&ssl=1\" \/>\n\t<meta property=\"og:image:width\" content=\"800\" \/>\n\t<meta property=\"og:image:height\" content=\"534\" \/>\n\t<meta property=\"og:image:type\" content=\"image\/jpeg\" \/>\n<meta name=\"author\" content=\"M\u00e1rcio Miranda Pontes\" \/>\n<meta name=\"twitter:card\" content=\"summary_large_image\" \/>\n<meta name=\"twitter:creator\" content=\"@ContatoSabra\" \/>\n<meta name=\"twitter:site\" content=\"@ContatoSabra\" \/>\n<meta name=\"twitter:label1\" content=\"Escrito por\" \/>\n\t<meta name=\"twitter:data1\" content=\"M\u00e1rcio Miranda Pontes\" \/>\n\t<meta name=\"twitter:label2\" content=\"Est. tempo de leitura\" \/>\n\t<meta name=\"twitter:data2\" content=\"3 minutos\" \/>\n<script type=\"application\/ld+json\" class=\"yoast-schema-graph\">{\"@context\":\"https:\\\/\\\/schema.org\",\"@graph\":[{\"@type\":\"Article\",\"@id\":\"https:\\\/\\\/www.sabra.org.br\\\/site\\\/equipe-orquestra\\\/#article\",\"isPartOf\":{\"@id\":\"https:\\\/\\\/www.sabra.org.br\\\/site\\\/equipe-orquestra\\\/\"},\"author\":{\"name\":\"M\u00e1rcio Miranda Pontes\",\"@id\":\"https:\\\/\\\/www.sabra.org.br\\\/site\\\/#\\\/schema\\\/person\\\/7d1d222c3c8891d4c37c7b41bf6315c2\"},\"headline\":\"O que a orquestra sinf\u00f4nica ensina sobre trabalho em equipe?\",\"datePublished\":\"2021-08-18T12:22:54+00:00\",\"dateModified\":\"2021-08-18T12:44:39+00:00\",\"mainEntityOfPage\":{\"@id\":\"https:\\\/\\\/www.sabra.org.br\\\/site\\\/equipe-orquestra\\\/\"},\"wordCount\":717,\"publisher\":{\"@id\":\"https:\\\/\\\/www.sabra.org.br\\\/site\\\/#organization\"},\"image\":{\"@id\":\"https:\\\/\\\/www.sabra.org.br\\\/site\\\/equipe-orquestra\\\/#primaryimage\"},\"thumbnailUrl\":\"https:\\\/\\\/www.sabra.org.br\\\/site\\\/wp-content\\\/uploads\\\/2021\\\/08\\\/o-que-a-orquestra-sinfonica-ensina-sobre-trabalho-em-equipe-20210803101037.jpg.jpg\",\"keywords\":[\"Assist\u00eancia social\",\"Campos dos Goytacazes\",\"Canto Coral\",\"Escola de Musica SABRA\",\"Musicaliza\u00e7\u00e3o Infantil\",\"nova lima\",\"Orquestra Infanto Juvenil de Betim\",\"Orquestra Sinf\u00f4nica de Betim\",\"Raposos\",\"Sociedade Art\u00edstica Brasileira\"],\"articleSection\":[\"Blog SABRA\"],\"inLanguage\":\"pt-BR\"},{\"@type\":\"WebPage\",\"@id\":\"https:\\\/\\\/www.sabra.org.br\\\/site\\\/equipe-orquestra\\\/\",\"url\":\"https:\\\/\\\/www.sabra.org.br\\\/site\\\/equipe-orquestra\\\/\",\"name\":\"O que a orquestra sinf\u00f4nica ensina sobre trabalho em equipe? - SABRA - Sociedade Art\u00edstica Brasileira\",\"isPartOf\":{\"@id\":\"https:\\\/\\\/www.sabra.org.br\\\/site\\\/#website\"},\"primaryImageOfPage\":{\"@id\":\"https:\\\/\\\/www.sabra.org.br\\\/site\\\/equipe-orquestra\\\/#primaryimage\"},\"image\":{\"@id\":\"https:\\\/\\\/www.sabra.org.br\\\/site\\\/equipe-orquestra\\\/#primaryimage\"},\"thumbnailUrl\":\"https:\\\/\\\/www.sabra.org.br\\\/site\\\/wp-content\\\/uploads\\\/2021\\\/08\\\/o-que-a-orquestra-sinfonica-ensina-sobre-trabalho-em-equipe-20210803101037.jpg.jpg\",\"datePublished\":\"2021-08-18T12:22:54+00:00\",\"dateModified\":\"2021-08-18T12:44:39+00:00\",\"description\":\"Experi\u00eancias e lugares que nos ensinam muito. A orquestra sinf\u00f4nica \u00e9 um lugar\\\/experi\u00eancia que nos ensina muito sobre trabalho em equipe.\",\"breadcrumb\":{\"@id\":\"https:\\\/\\\/www.sabra.org.br\\\/site\\\/equipe-orquestra\\\/#breadcrumb\"},\"inLanguage\":\"pt-BR\",\"potentialAction\":[{\"@type\":\"ReadAction\",\"target\":[\"https:\\\/\\\/www.sabra.org.br\\\/site\\\/equipe-orquestra\\\/\"]}]},{\"@type\":\"ImageObject\",\"inLanguage\":\"pt-BR\",\"@id\":\"https:\\\/\\\/www.sabra.org.br\\\/site\\\/equipe-orquestra\\\/#primaryimage\",\"url\":\"https:\\\/\\\/www.sabra.org.br\\\/site\\\/wp-content\\\/uploads\\\/2021\\\/08\\\/o-que-a-orquestra-sinfonica-ensina-sobre-trabalho-em-equipe-20210803101037.jpg.jpg\",\"contentUrl\":\"https:\\\/\\\/www.sabra.org.br\\\/site\\\/wp-content\\\/uploads\\\/2021\\\/08\\\/o-que-a-orquestra-sinfonica-ensina-sobre-trabalho-em-equipe-20210803101037.jpg.jpg\",\"width\":800,\"height\":534,\"caption\":\"Sociedade Art\u00edstica Brasileira SABRA\"},{\"@type\":\"BreadcrumbList\",\"@id\":\"https:\\\/\\\/www.sabra.org.br\\\/site\\\/equipe-orquestra\\\/#breadcrumb\",\"itemListElement\":[{\"@type\":\"ListItem\",\"position\":1,\"name\":\"In\u00edcio\",\"item\":\"https:\\\/\\\/www.sabra.org.br\\\/site\\\/\"},{\"@type\":\"ListItem\",\"position\":2,\"name\":\"O que a orquestra sinf\u00f4nica ensina sobre trabalho em equipe?\"}]},{\"@type\":\"WebSite\",\"@id\":\"https:\\\/\\\/www.sabra.org.br\\\/site\\\/#website\",\"url\":\"https:\\\/\\\/www.sabra.org.br\\\/site\\\/\",\"name\":\"SABRA - Sociedade Art\u00edstica Brasileira\",\"description\":\"Escola de M\u00fasica, Orquestra Sinf\u00f4nica, Coral e Patrim\u00f4nio Cultural e Hist\u00f3rico\",\"publisher\":{\"@id\":\"https:\\\/\\\/www.sabra.org.br\\\/site\\\/#organization\"},\"potentialAction\":[{\"@type\":\"SearchAction\",\"target\":{\"@type\":\"EntryPoint\",\"urlTemplate\":\"https:\\\/\\\/www.sabra.org.br\\\/site\\\/?s={search_term_string}\"},\"query-input\":{\"@type\":\"PropertyValueSpecification\",\"valueRequired\":true,\"valueName\":\"search_term_string\"}}],\"inLanguage\":\"pt-BR\"},{\"@type\":\"Organization\",\"@id\":\"https:\\\/\\\/www.sabra.org.br\\\/site\\\/#organization\",\"name\":\"SOCIEDADE ART\u00cdSTICA BRASILEIRA SABRA\",\"alternateName\":\"SABRA\",\"url\":\"https:\\\/\\\/www.sabra.org.br\\\/site\\\/\",\"logo\":{\"@type\":\"ImageObject\",\"inLanguage\":\"pt-BR\",\"@id\":\"https:\\\/\\\/www.sabra.org.br\\\/site\\\/#\\\/schema\\\/logo\\\/image\\\/\",\"url\":\"https:\\\/\\\/www.sabra.org.br\\\/site\\\/wp-content\\\/uploads\\\/2019\\\/06\\\/cropped-Logo_SABRA-Copia-1.webp\",\"contentUrl\":\"https:\\\/\\\/www.sabra.org.br\\\/site\\\/wp-content\\\/uploads\\\/2019\\\/06\\\/cropped-Logo_SABRA-Copia-1.webp\",\"width\":400,\"height\":128,\"caption\":\"SOCIEDADE ART\u00cdSTICA BRASILEIRA SABRA\"},\"image\":{\"@id\":\"https:\\\/\\\/www.sabra.org.br\\\/site\\\/#\\\/schema\\\/logo\\\/image\\\/\"},\"sameAs\":[\"https:\\\/\\\/www.facebook.com\\\/sabrabrasil\",\"https:\\\/\\\/x.com\\\/ContatoSabra\",\"https:\\\/\\\/www.instagram.com\\\/sabrabrasil\\\/\",\"https:\\\/\\\/www.linkedin.com\\\/company\\\/25002088\\\/\",\"https:\\\/\\\/br.pinterest.com\\\/sociedadeartisticabrasileira\\\/\",\"https:\\\/\\\/www.youtube.com\\\/c\\\/sabrabrasil\"]},{\"@type\":\"Person\",\"@id\":\"https:\\\/\\\/www.sabra.org.br\\\/site\\\/#\\\/schema\\\/person\\\/7d1d222c3c8891d4c37c7b41bf6315c2\",\"name\":\"M\u00e1rcio Miranda Pontes\",\"image\":{\"@type\":\"ImageObject\",\"inLanguage\":\"pt-BR\",\"@id\":\"https:\\\/\\\/secure.gravatar.com\\\/avatar\\\/3b45f24496a7625a3a6c436688fbe20344faaeb2979658dc4a9921f984d7df9a?s=96&d=mm&r=g\",\"url\":\"https:\\\/\\\/secure.gravatar.com\\\/avatar\\\/3b45f24496a7625a3a6c436688fbe20344faaeb2979658dc4a9921f984d7df9a?s=96&d=mm&r=g\",\"contentUrl\":\"https:\\\/\\\/secure.gravatar.com\\\/avatar\\\/3b45f24496a7625a3a6c436688fbe20344faaeb2979658dc4a9921f984d7df9a?s=96&d=mm&r=g\",\"caption\":\"M\u00e1rcio Miranda Pontes\"},\"sameAs\":[\"http:\\\/\\\/www.sabra.org.br\"],\"url\":\"https:\\\/\\\/www.sabra.org.br\\\/site\\\/author\\\/marcio-miranda-pontes\\\/\"}]}<\/script>\n<!-- \/ Yoast SEO plugin. -->","yoast_head_json":{"title":"O que a orquestra sinf\u00f4nica ensina sobre trabalho em equipe? - SABRA - Sociedade Art\u00edstica Brasileira","description":"Experi\u00eancias e lugares que nos ensinam muito. A orquestra sinf\u00f4nica \u00e9 um lugar\/experi\u00eancia que nos ensina muito sobre trabalho em equipe.","robots":{"index":"index","follow":"follow","max-snippet":"max-snippet:-1","max-image-preview":"max-image-preview:large","max-video-preview":"max-video-preview:-1"},"canonical":"https:\/\/www.sabra.org.br\/site\/equipe-orquestra\/","og_locale":"pt_BR","og_type":"article","og_title":"O que a orquestra sinf\u00f4nica ensina sobre trabalho em equipe? - SABRA - Sociedade Art\u00edstica Brasileira","og_description":"Experi\u00eancias e lugares que nos ensinam muito. A orquestra sinf\u00f4nica \u00e9 um lugar\/experi\u00eancia que nos ensina muito sobre trabalho em equipe.","og_url":"https:\/\/www.sabra.org.br\/site\/equipe-orquestra\/","og_site_name":"SABRA - Sociedade Art\u00edstica Brasileira","article_publisher":"https:\/\/www.facebook.com\/sabrabrasil","article_published_time":"2021-08-18T12:22:54+00:00","article_modified_time":"2021-08-18T12:44:39+00:00","og_image":[{"width":800,"height":534,"url":"https:\/\/i0.wp.com\/www.sabra.org.br\/site\/wp-content\/uploads\/2021\/08\/o-que-a-orquestra-sinfonica-ensina-sobre-trabalho-em-equipe-20210803101037.jpg.jpg?fit=800%2C534&ssl=1","type":"image\/jpeg"}],"author":"M\u00e1rcio Miranda Pontes","twitter_card":"summary_large_image","twitter_creator":"@ContatoSabra","twitter_site":"@ContatoSabra","twitter_misc":{"Escrito por":"M\u00e1rcio Miranda Pontes","Est. tempo de leitura":"3 minutos"},"schema":{"@context":"https:\/\/schema.org","@graph":[{"@type":"Article","@id":"https:\/\/www.sabra.org.br\/site\/equipe-orquestra\/#article","isPartOf":{"@id":"https:\/\/www.sabra.org.br\/site\/equipe-orquestra\/"},"author":{"name":"M\u00e1rcio Miranda Pontes","@id":"https:\/\/www.sabra.org.br\/site\/#\/schema\/person\/7d1d222c3c8891d4c37c7b41bf6315c2"},"headline":"O que a orquestra sinf\u00f4nica ensina sobre trabalho em equipe?","datePublished":"2021-08-18T12:22:54+00:00","dateModified":"2021-08-18T12:44:39+00:00","mainEntityOfPage":{"@id":"https:\/\/www.sabra.org.br\/site\/equipe-orquestra\/"},"wordCount":717,"publisher":{"@id":"https:\/\/www.sabra.org.br\/site\/#organization"},"image":{"@id":"https:\/\/www.sabra.org.br\/site\/equipe-orquestra\/#primaryimage"},"thumbnailUrl":"https:\/\/www.sabra.org.br\/site\/wp-content\/uploads\/2021\/08\/o-que-a-orquestra-sinfonica-ensina-sobre-trabalho-em-equipe-20210803101037.jpg.jpg","keywords":["Assist\u00eancia social","Campos dos Goytacazes","Canto Coral","Escola de Musica SABRA","Musicaliza\u00e7\u00e3o Infantil","nova lima","Orquestra Infanto Juvenil de Betim","Orquestra Sinf\u00f4nica de Betim","Raposos","Sociedade Art\u00edstica Brasileira"],"articleSection":["Blog SABRA"],"inLanguage":"pt-BR"},{"@type":"WebPage","@id":"https:\/\/www.sabra.org.br\/site\/equipe-orquestra\/","url":"https:\/\/www.sabra.org.br\/site\/equipe-orquestra\/","name":"O que a orquestra sinf\u00f4nica ensina sobre trabalho em equipe? - SABRA - Sociedade Art\u00edstica Brasileira","isPartOf":{"@id":"https:\/\/www.sabra.org.br\/site\/#website"},"primaryImageOfPage":{"@id":"https:\/\/www.sabra.org.br\/site\/equipe-orquestra\/#primaryimage"},"image":{"@id":"https:\/\/www.sabra.org.br\/site\/equipe-orquestra\/#primaryimage"},"thumbnailUrl":"https:\/\/www.sabra.org.br\/site\/wp-content\/uploads\/2021\/08\/o-que-a-orquestra-sinfonica-ensina-sobre-trabalho-em-equipe-20210803101037.jpg.jpg","datePublished":"2021-08-18T12:22:54+00:00","dateModified":"2021-08-18T12:44:39+00:00","description":"Experi\u00eancias e lugares que nos ensinam muito. A orquestra sinf\u00f4nica \u00e9 um lugar\/experi\u00eancia que nos ensina muito sobre trabalho em equipe.","breadcrumb":{"@id":"https:\/\/www.sabra.org.br\/site\/equipe-orquestra\/#breadcrumb"},"inLanguage":"pt-BR","potentialAction":[{"@type":"ReadAction","target":["https:\/\/www.sabra.org.br\/site\/equipe-orquestra\/"]}]},{"@type":"ImageObject","inLanguage":"pt-BR","@id":"https:\/\/www.sabra.org.br\/site\/equipe-orquestra\/#primaryimage","url":"https:\/\/www.sabra.org.br\/site\/wp-content\/uploads\/2021\/08\/o-que-a-orquestra-sinfonica-ensina-sobre-trabalho-em-equipe-20210803101037.jpg.jpg","contentUrl":"https:\/\/www.sabra.org.br\/site\/wp-content\/uploads\/2021\/08\/o-que-a-orquestra-sinfonica-ensina-sobre-trabalho-em-equipe-20210803101037.jpg.jpg","width":800,"height":534,"caption":"Sociedade Art\u00edstica Brasileira SABRA"},{"@type":"BreadcrumbList","@id":"https:\/\/www.sabra.org.br\/site\/equipe-orquestra\/#breadcrumb","itemListElement":[{"@type":"ListItem","position":1,"name":"In\u00edcio","item":"https:\/\/www.sabra.org.br\/site\/"},{"@type":"ListItem","position":2,"name":"O que a orquestra sinf\u00f4nica ensina sobre trabalho em equipe?"}]},{"@type":"WebSite","@id":"https:\/\/www.sabra.org.br\/site\/#website","url":"https:\/\/www.sabra.org.br\/site\/","name":"SABRA - Sociedade Art\u00edstica Brasileira","description":"Escola de M\u00fasica, Orquestra Sinf\u00f4nica, Coral e Patrim\u00f4nio Cultural e Hist\u00f3rico","publisher":{"@id":"https:\/\/www.sabra.org.br\/site\/#organization"},"potentialAction":[{"@type":"SearchAction","target":{"@type":"EntryPoint","urlTemplate":"https:\/\/www.sabra.org.br\/site\/?s={search_term_string}"},"query-input":{"@type":"PropertyValueSpecification","valueRequired":true,"valueName":"search_term_string"}}],"inLanguage":"pt-BR"},{"@type":"Organization","@id":"https:\/\/www.sabra.org.br\/site\/#organization","name":"SOCIEDADE ART\u00cdSTICA BRASILEIRA SABRA","alternateName":"SABRA","url":"https:\/\/www.sabra.org.br\/site\/","logo":{"@type":"ImageObject","inLanguage":"pt-BR","@id":"https:\/\/www.sabra.org.br\/site\/#\/schema\/logo\/image\/","url":"https:\/\/www.sabra.org.br\/site\/wp-content\/uploads\/2019\/06\/cropped-Logo_SABRA-Copia-1.webp","contentUrl":"https:\/\/www.sabra.org.br\/site\/wp-content\/uploads\/2019\/06\/cropped-Logo_SABRA-Copia-1.webp","width":400,"height":128,"caption":"SOCIEDADE ART\u00cdSTICA BRASILEIRA SABRA"},"image":{"@id":"https:\/\/www.sabra.org.br\/site\/#\/schema\/logo\/image\/"},"sameAs":["https:\/\/www.facebook.com\/sabrabrasil","https:\/\/x.com\/ContatoSabra","https:\/\/www.instagram.com\/sabrabrasil\/","https:\/\/www.linkedin.com\/company\/25002088\/","https:\/\/br.pinterest.com\/sociedadeartisticabrasileira\/","https:\/\/www.youtube.com\/c\/sabrabrasil"]},{"@type":"Person","@id":"https:\/\/www.sabra.org.br\/site\/#\/schema\/person\/7d1d222c3c8891d4c37c7b41bf6315c2","name":"M\u00e1rcio Miranda Pontes","image":{"@type":"ImageObject","inLanguage":"pt-BR","@id":"https:\/\/secure.gravatar.com\/avatar\/3b45f24496a7625a3a6c436688fbe20344faaeb2979658dc4a9921f984d7df9a?s=96&d=mm&r=g","url":"https:\/\/secure.gravatar.com\/avatar\/3b45f24496a7625a3a6c436688fbe20344faaeb2979658dc4a9921f984d7df9a?s=96&d=mm&r=g","contentUrl":"https:\/\/secure.gravatar.com\/avatar\/3b45f24496a7625a3a6c436688fbe20344faaeb2979658dc4a9921f984d7df9a?s=96&d=mm&r=g","caption":"M\u00e1rcio Miranda Pontes"},"sameAs":["http:\/\/www.sabra.org.br"],"url":"https:\/\/www.sabra.org.br\/site\/author\/marcio-miranda-pontes\/"}]}},"jetpack_featured_media_url":"https:\/\/www.sabra.org.br\/site\/wp-content\/uploads\/2021\/08\/o-que-a-orquestra-sinfonica-ensina-sobre-trabalho-em-equipe-20210803101037.jpg.jpg","jetpack_shortlink":"https:\/\/wp.me\/p95j2Z-14h","jetpack-related-posts":[{"id":7107,"url":"https:\/\/www.sabra.org.br\/site\/orquestra-sinfonica-curso\/","url_meta":{"origin":4109,"position":0},"title":"Curso de Orquestra Sinf\u00f4nica","author":"M\u00e1rcio Miranda Pontes","date":"11 de maio de 2023","format":false,"excerpt":"N\u00e3o \u00e9 segredo para ningu\u00e9m que a perfeita simetria \u00e9 o que rege uma orquestra sinf\u00f4nica (depois do regente, \u00e9 claro). E, para isso, \u00e9 indispens\u00e1vel investir em um curso de Orquestra Sinf\u00f4nica. Saiba mais sobre o assunto.","rel":"","context":"Em &quot;Blog SABRA&quot;","block_context":{"text":"Blog SABRA","link":"https:\/\/www.sabra.org.br\/site\/category\/blog-sabra\/"},"img":{"alt_text":"m\u00fasica-orquestra-curso-sociais-trabalha-culturais-sinf\u00f4nica","src":"https:\/\/i0.wp.com\/www.sabra.org.br\/site\/wp-content\/uploads\/2023\/05\/curso-de-orquestra-sinfonica-20171229162457.jpg-jpg.webp?resize=350%2C200&ssl=1","width":350,"height":200,"srcset":"https:\/\/i0.wp.com\/www.sabra.org.br\/site\/wp-content\/uploads\/2023\/05\/curso-de-orquestra-sinfonica-20171229162457.jpg-jpg.webp?resize=350%2C200&ssl=1 1x, https:\/\/i0.wp.com\/www.sabra.org.br\/site\/wp-content\/uploads\/2023\/05\/curso-de-orquestra-sinfonica-20171229162457.jpg-jpg.webp?resize=525%2C300&ssl=1 1.5x"},"classes":[]},{"id":7063,"url":"https:\/\/www.sabra.org.br\/site\/curso-regencia-sinfonica\/","url_meta":{"origin":4109,"position":1},"title":"Curso de Inicia\u00e7\u00e3o \u00e0 Reg\u00eancia Sinf\u00f4nica","author":"M\u00e1rcio Miranda Pontes","date":"3 de maio de 2023","format":false,"excerpt":"Ser o Regente de uma Orquestra Sinf\u00f4nica \u00e9 uma atividade que requer por parte de quem o faz muita dedica\u00e7\u00e3o e conhecimento. Por isso, \u00e9 indispens\u00e1vel investir em um curso de Inicia\u00e7\u00e3o \u00e0 Reg\u00eancia Sinf\u00f4nica.","rel":"","context":"Em &quot;Blog SABRA&quot;","block_context":{"text":"Blog SABRA","link":"https:\/\/www.sabra.org.br\/site\/category\/blog-sabra\/"},"img":{"alt_text":"m\u00fasica-curso-benef\u00edcio-crian\u00e7a-positiva-sinf\u00f4nica-cultural-inicia\u00e7\u00e3o","src":"https:\/\/i0.wp.com\/www.sabra.org.br\/site\/wp-content\/uploads\/2023\/05\/curso-de-iniciacao-a-regencia-sinfonica-20171229162457.jpg.jpg?resize=350%2C200&ssl=1","width":350,"height":200,"srcset":"https:\/\/i0.wp.com\/www.sabra.org.br\/site\/wp-content\/uploads\/2023\/05\/curso-de-iniciacao-a-regencia-sinfonica-20171229162457.jpg.jpg?resize=350%2C200&ssl=1 1x, https:\/\/i0.wp.com\/www.sabra.org.br\/site\/wp-content\/uploads\/2023\/05\/curso-de-iniciacao-a-regencia-sinfonica-20171229162457.jpg.jpg?resize=525%2C300&ssl=1 1.5x, https:\/\/i0.wp.com\/www.sabra.org.br\/site\/wp-content\/uploads\/2023\/05\/curso-de-iniciacao-a-regencia-sinfonica-20171229162457.jpg.jpg?resize=700%2C400&ssl=1 2x"},"classes":[]},{"id":3848,"url":"https:\/\/www.sabra.org.br\/site\/orquestra-2\/","url_meta":{"origin":4109,"position":2},"title":"Voc\u00ea sabe a diferen\u00e7a entre orquestra sinf\u00f4nica e filarm\u00f4nica?","author":"M\u00e1rcio Miranda Pontes","date":"29 de abril de 2021","format":false,"excerpt":"Voc\u00ea sabe a diferen\u00e7a entre orquestra sinf\u00f4nica e filarm\u00f4nica? Algum tempo atr\u00e1s, as caracter\u00edsticas que distinguiam esses dois grupos instrumentais eram relacionadas \u00e0s condi\u00e7\u00f5es dos m\u00fasicos. Hoje em dia, esse conceito mudou e a diferen\u00e7a principal entre orquestra sinf\u00f4nica e filarm\u00f4nica se baseia no modelo de financiamento em que cada\u2026","rel":"","context":"Em &quot;Blog SABRA&quot;","block_context":{"text":"Blog SABRA","link":"https:\/\/www.sabra.org.br\/site\/category\/blog-sabra\/"},"img":{"alt_text":"orquestra sinf\u00f4nica filarm\u00f4nica","src":"https:\/\/i0.wp.com\/www.sabra.org.br\/site\/wp-content\/uploads\/2021\/04\/voce-sabe-a-diferenca-entre-orquestra-sinfonica-e-filarmonica-20210203092956.jpg.jpg?resize=350%2C200&ssl=1","width":350,"height":200,"srcset":"https:\/\/i0.wp.com\/www.sabra.org.br\/site\/wp-content\/uploads\/2021\/04\/voce-sabe-a-diferenca-entre-orquestra-sinfonica-e-filarmonica-20210203092956.jpg.jpg?resize=350%2C200&ssl=1 1x, https:\/\/i0.wp.com\/www.sabra.org.br\/site\/wp-content\/uploads\/2021\/04\/voce-sabe-a-diferenca-entre-orquestra-sinfonica-e-filarmonica-20210203092956.jpg.jpg?resize=525%2C300&ssl=1 1.5x, https:\/\/i0.wp.com\/www.sabra.org.br\/site\/wp-content\/uploads\/2021\/04\/voce-sabe-a-diferenca-entre-orquestra-sinfonica-e-filarmonica-20210203092956.jpg.jpg?resize=700%2C400&ssl=1 2x"},"classes":[]},{"id":7138,"url":"https:\/\/www.sabra.org.br\/site\/jovem-solista\/","url_meta":{"origin":4109,"position":3},"title":"Premio Jovem Solista da Orquestra Sinfonica de Betim","author":"M\u00e1rcio Miranda Pontes","date":"16 de maio de 2023","format":false,"excerpt":"Estimular a competi\u00e7\u00e3o musical \u00e9 uma excelente maneira de incentivar de forma saud\u00e1vel que os indiv\u00edduos disputem entre si sem que hajam desentendimentos ou algo do tipo. Conhe\u00e7a um pouco mais sobre o Premio Jovem Solista da Orquestra Sinfonica de Betim","rel":"","context":"Em &quot;Blog SABRA&quot;","block_context":{"text":"Blog SABRA","link":"https:\/\/www.sabra.org.br\/site\/category\/blog-sabra\/"},"img":{"alt_text":"m\u00fasica-orquestra-betim-sinf\u00f4nica-pr\u00eamio-solista-art\u00edtica-jovem-jovens-projetos-proporcionar-sabra","src":"https:\/\/i0.wp.com\/www.sabra.org.br\/site\/wp-content\/uploads\/2023\/05\/premio-jovem-solista-da-orquestra-sinfonica-de-betim-20171229162457.jpg-jpg.webp?resize=350%2C200&ssl=1","width":350,"height":200,"srcset":"https:\/\/i0.wp.com\/www.sabra.org.br\/site\/wp-content\/uploads\/2023\/05\/premio-jovem-solista-da-orquestra-sinfonica-de-betim-20171229162457.jpg-jpg.webp?resize=350%2C200&ssl=1 1x, https:\/\/i0.wp.com\/www.sabra.org.br\/site\/wp-content\/uploads\/2023\/05\/premio-jovem-solista-da-orquestra-sinfonica-de-betim-20171229162457.jpg-jpg.webp?resize=525%2C300&ssl=1 1.5x, https:\/\/i0.wp.com\/www.sabra.org.br\/site\/wp-content\/uploads\/2023\/05\/premio-jovem-solista-da-orquestra-sinfonica-de-betim-20171229162457.jpg-jpg.webp?resize=700%2C400&ssl=1 2x"},"classes":[]},{"id":1471,"url":"https:\/\/www.sabra.org.br\/site\/orquestra-sinfonica-o-que-e\/","url_meta":{"origin":4109,"position":4},"title":"Orquestra Sinf\u00f4nica &#8211; O que \u00e9?","author":"M\u00e1rcio Miranda Pontes","date":"5 de setembro de 2018","format":false,"excerpt":"A maioria das pessoas compreende que uma orquestra \u00e9 constitu\u00edda por um grupo de m\u00fasicos executando obras em diferentes instrumentos. O conceito parece relativamente simples, mas voc\u00ea j\u00e1 se perguntou quantos devem compor esse conjunto t\u00e3o caracter\u00edstico? Ou mesmo quais instrumentos devem estar presentes para o perfeito equil\u00edbrio art\u00edstico e\u2026","rel":"","context":"Em &quot;Blog SABRA&quot;","block_context":{"text":"Blog SABRA","link":"https:\/\/www.sabra.org.br\/site\/category\/blog-sabra\/"},"img":{"alt_text":"Orquestra Sinf\u00f4nica","src":"https:\/\/i0.wp.com\/www.sabra.org.br\/site\/wp-content\/uploads\/2018\/09\/o-que-e-uma-orquestra-sinfonica-20180702161300.jpg.jpg?resize=350%2C200&ssl=1","width":350,"height":200,"srcset":"https:\/\/i0.wp.com\/www.sabra.org.br\/site\/wp-content\/uploads\/2018\/09\/o-que-e-uma-orquestra-sinfonica-20180702161300.jpg.jpg?resize=350%2C200&ssl=1 1x, https:\/\/i0.wp.com\/www.sabra.org.br\/site\/wp-content\/uploads\/2018\/09\/o-que-e-uma-orquestra-sinfonica-20180702161300.jpg.jpg?resize=525%2C300&ssl=1 1.5x, https:\/\/i0.wp.com\/www.sabra.org.br\/site\/wp-content\/uploads\/2018\/09\/o-que-e-uma-orquestra-sinfonica-20180702161300.jpg.jpg?resize=700%2C400&ssl=1 2x, https:\/\/i0.wp.com\/www.sabra.org.br\/site\/wp-content\/uploads\/2018\/09\/o-que-e-uma-orquestra-sinfonica-20180702161300.jpg.jpg?resize=1050%2C600&ssl=1 3x, https:\/\/i0.wp.com\/www.sabra.org.br\/site\/wp-content\/uploads\/2018\/09\/o-que-e-uma-orquestra-sinfonica-20180702161300.jpg.jpg?resize=1400%2C800&ssl=1 4x"},"classes":[]},{"id":13935,"url":"https:\/\/www.sabra.org.br\/site\/orquestra-betim\/","url_meta":{"origin":4109,"position":5},"title":"Orquestra Sinf\u00f4nica de Betim: um patrim\u00f4nio cultural em constante evolu\u00e7\u00e3o","author":"M\u00e1rcio Miranda Pontes","date":"8 de junho de 2025","format":false,"excerpt":"Descubra como a Orquestra Sinf\u00f4nica de Betim se tornou um s\u00edmbolo de inclus\u00e3o e valoriza\u00e7\u00e3o da arte na regi\u00e3o metropolitana.","rel":"","context":"Em &quot;Blog SABRA&quot;","block_context":{"text":"Blog SABRA","link":"https:\/\/www.sabra.org.br\/site\/category\/blog-sabra\/"},"img":{"alt_text":"cultura-m\u00fasica-orquestra-betim-sociais-art\u00edstica-novos-sinf\u00f4nica-social","src":"https:\/\/i0.wp.com\/www.sabra.org.br\/site\/wp-content\/uploads\/2025\/06\/Orquestra-Sinfonica-de-Betim-um-patrimonio-cultural-em-constante-evolucao.jpg?resize=350%2C200&ssl=1","width":350,"height":200,"srcset":"https:\/\/i0.wp.com\/www.sabra.org.br\/site\/wp-content\/uploads\/2025\/06\/Orquestra-Sinfonica-de-Betim-um-patrimonio-cultural-em-constante-evolucao.jpg?resize=350%2C200&ssl=1 1x, https:\/\/i0.wp.com\/www.sabra.org.br\/site\/wp-content\/uploads\/2025\/06\/Orquestra-Sinfonica-de-Betim-um-patrimonio-cultural-em-constante-evolucao.jpg?resize=525%2C300&ssl=1 1.5x, https:\/\/i0.wp.com\/www.sabra.org.br\/site\/wp-content\/uploads\/2025\/06\/Orquestra-Sinfonica-de-Betim-um-patrimonio-cultural-em-constante-evolucao.jpg?resize=700%2C400&ssl=1 2x"},"classes":[]}],"jetpack_likes_enabled":true,"jetpack_sharing_enabled":true,"_links":{"self":[{"href":"https:\/\/www.sabra.org.br\/site\/wp-json\/wp\/v2\/posts\/4109","targetHints":{"allow":["GET"]}}],"collection":[{"href":"https:\/\/www.sabra.org.br\/site\/wp-json\/wp\/v2\/posts"}],"about":[{"href":"https:\/\/www.sabra.org.br\/site\/wp-json\/wp\/v2\/types\/post"}],"author":[{"embeddable":true,"href":"https:\/\/www.sabra.org.br\/site\/wp-json\/wp\/v2\/users\/39"}],"replies":[{"embeddable":true,"href":"https:\/\/www.sabra.org.br\/site\/wp-json\/wp\/v2\/comments?post=4109"}],"version-history":[{"count":0,"href":"https:\/\/www.sabra.org.br\/site\/wp-json\/wp\/v2\/posts\/4109\/revisions"}],"wp:featuredmedia":[{"embeddable":true,"href":"https:\/\/www.sabra.org.br\/site\/wp-json\/wp\/v2\/media\/4111"}],"wp:attachment":[{"href":"https:\/\/www.sabra.org.br\/site\/wp-json\/wp\/v2\/media?parent=4109"}],"wp:term":[{"taxonomy":"category","embeddable":true,"href":"https:\/\/www.sabra.org.br\/site\/wp-json\/wp\/v2\/categories?post=4109"},{"taxonomy":"post_tag","embeddable":true,"href":"https:\/\/www.sabra.org.br\/site\/wp-json\/wp\/v2\/tags?post=4109"}],"curies":[{"name":"wp","href":"https:\/\/api.w.org\/{rel}","templated":true}]}}