{"id":4140,"date":"2021-08-27T09:37:36","date_gmt":"2021-08-27T12:37:36","guid":{"rendered":"https:\/\/www.sabra.org.br\/site\/?p=4140"},"modified":"2021-09-09T10:29:45","modified_gmt":"2021-09-09T13:29:45","slug":"musica-beneficios","status":"publish","type":"post","link":"https:\/\/www.sabra.org.br\/site\/musica-beneficios\/","title":{"rendered":"A m\u00fasica e seu poder de nos inspirar"},"content":{"rendered":"<p>[vc_row][vc_column][vc_column_text]Voc\u00ea sabe quais s\u00e3o os benef\u00edcios estimulados pela m\u00fasica para a sa\u00fade mental e sociabilidade? Muitas pessoas amam ouvir m\u00fasica, mas n\u00e3o sabem o motivo pelo qual nos sentimos t\u00e3o bem ao escut\u00e1-las.<br \/>\nNeste informativo, voc\u00ea vai descobrir o por qu\u00ea da m\u00fasica exercer esse poder t\u00e3o magn\u00e9tico e como voc\u00ea pode fazer com que ela atue de maneira assertiva e ben\u00e9fica em sua vida.<\/p>\n<h2>Benef\u00edcios da m\u00fasica para a sa\u00fade mental<\/h2>\n<p>De acordo com Molly Warren, mestre em Musicoterapia pela Universidade do Estado de Colorado, em uma publica\u00e7\u00e3o para o CVV (Centro de Valoriza\u00e7\u00e3o da Vida), a m\u00fasica \u00e9 uma grande aliada no processo de recupera\u00e7\u00e3o de trauma, atua como agente regulador de emo\u00e7\u00f5es, al\u00e9m de poder fortalecer as conex\u00f5es sociais.<br \/>\nIndependente do g\u00eanero, em raz\u00e3o do ritmo e a repeti\u00e7\u00e3o, a m\u00fasica age no neoc\u00f3rtex (uma regi\u00e3o do c\u00e9rebro onde est\u00e3o as \u00e1reas mais desenvolvidas do c\u00f3rtex, o que acalma e reduz a impulsividade). Ent\u00e3o, se ouvir m\u00fasica j\u00e1 faz parte da sua rotina, voc\u00ea pode utiliz\u00e1-la para equilibrar mudan\u00e7as de humor e, consequentemente, auxiliar na sociabilidade.<br \/>\nSe voc\u00ea gosta de m\u00fasica e tem o interesse de aproveitar os benef\u00edcios que ela pode trazer para a sua sa\u00fade mental e ainda experimentar a integra\u00e7\u00e3o social estabelecida atrav\u00e9s da Arte e da Cultura, acompanhe o texto para descobrir como pode fazer isso!<\/p>\n<h2>Como a SABRA pode ajudar?<\/h2>\n<p>A Sociedade Art\u00edstica Brasileira SABRA pode fortalecer o seu bem-estar por meio da experi\u00eancia viva da intera\u00e7\u00e3o entre a Institui\u00e7\u00e3o e as comunidades atendidas, bem como da integra\u00e7\u00e3o social dos participantes atrav\u00e9s da Arte e da Cultura, o que colabora com a integra\u00e7\u00e3o, tamb\u00e9m, no mercado de trabalho.<br \/>\nAl\u00e9m disso, o programa visa promover o apoio de crian\u00e7as, adolescentes, jovens e fam\u00edlias em situa\u00e7\u00e3o de vulnerabilidade social atrav\u00e9s do poder da Arte e da Cultura, impulsionar a autonomia e estimular a autoconfian\u00e7a, tornando poss\u00edvel a constru\u00e7\u00e3o do seu pr\u00f3prio futuro e o desenvolvimento de ambientes familiares mais saud\u00e1veis, comunit\u00e1rios e protetores.<\/p>\n<h2>Quais s\u00e3o as op\u00e7\u00f5es de curso oferecidas e quais seus objetivos?<\/h2>\n<p>1. Orquestras<br \/>\nAs orquestras surgiram com o objetivo de auxiliar os jovens em situa\u00e7\u00e3o de risco pessoal e social atrav\u00e9s da riqueza e da beleza da m\u00fasica cl\u00e1ssica. Possibilita a inclus\u00e3o desses jovens na \u00e1rea profissional e, ainda, proporciona o desenvolvimento pessoal a partir do aprendizado e da autoconfian\u00e7a promovidos pelo aumento do protagonismo e da participa\u00e7\u00e3o cidad\u00e3.<br \/>\n2. Oficina musical e corais<br \/>\nAssim como as orquestras, possuem a inten\u00e7\u00e3o de auxiliar os jovens em situa\u00e7\u00e3o de risco pessoal e social, mas tamb\u00e9m atua no processo de ensino-aprendizagem ao reduzir a recorr\u00eancia de envolvimento em situa\u00e7\u00f5es de risco e, para mais, possibilita o resgate da autonomia, da autoestima e da identidade, por meio do fortalecimento da conviv\u00eancia familiar e comunit\u00e1ria.<\/p>\n<h2>Deseja participar ou ser um colaborador?<\/h2>\n<p>Dada a import\u00e2ncia da m\u00fasica e da integra\u00e7\u00e3o social por meio da Arte e da Cultura para a promo\u00e7\u00e3o do bem estar e do desenvolvimento pessoal e social, o nosso Instituto oferece esses servi\u00e7os e outros mais de maneira gratuita!<br \/>\nA institui\u00e7\u00e3o \u00e9 mantida por doa\u00e7\u00f5es e patroc\u00ednios com os benef\u00edcios da Lei Rouanet, ent\u00e3o, se deseja colaborar com os nossos projetos de alguma forma, entre em contato com a gente.<br \/>\nEstamos localizados na Regi\u00e3o Metropolitana de Belo Horizonte, e se voc\u00ea quer melhorar a qualidade da sua sa\u00fade mental e aproveitar os benef\u00edcios que a m\u00fasica pode trazer para a sua vida, contate-nos por meio do nosso site, e conhe\u00e7a nosso trabalho!<\/p>\n<blockquote class=\"wp-embedded-content\" data-secret=\"LQv0aUWC15\"><p><a href=\"https:\/\/www.sabra.org.br\/site\/bem-estar-saude\/\">Como est\u00e1 a sa\u00fade e o bem-estar dos brasileiros?<\/a><\/p><\/blockquote>\n<p><iframe class=\"wp-embedded-content\" sandbox=\"allow-scripts\" security=\"restricted\" style=\"position: absolute; visibility: hidden;\" title=\"&#8220;Como est\u00e1 a sa\u00fade e o bem-estar dos brasileiros?&#8221; &#8212; SABRA - Sociedade Art\u00edstica Brasileira\" src=\"https:\/\/www.sabra.org.br\/site\/bem-estar-saude\/embed\/#?secret=BgTa0xsCqr#?secret=LQv0aUWC15\" data-secret=\"LQv0aUWC15\" width=\"600\" height=\"338\" frameborder=\"0\" marginwidth=\"0\" marginheight=\"0\" scrolling=\"no\"><\/iframe><\/p>\n<hr \/>\n<h2>Se voc\u00ea gostou deste post:<\/h2>\n<p>&#8211; SIGA as nossas p\u00e1ginas nas redes sociais para acompanhar as nossas atualiza\u00e7\u00f5es: estamos no <a href=\"https:\/\/www.facebook.com\/sabrabrasil\" target=\"_blank\" rel=\"noopener\">Facebook<\/a>, no <a href=\"https:\/\/www.instagram.com\/sabrabrasil\/\" target=\"_blank\" rel=\"noopener\">Instagram<\/a>, no <a href=\"https:\/\/www.linkedin.com\/company\/25002088\" target=\"_blank\" rel=\"noopener\">LinkedIn<\/a>, no <a href=\"https:\/\/twitter.com\/ContatoSabra\" target=\"_blank\" rel=\"noopener\">Twitter<\/a> e no <a href=\"https:\/\/www.youtube.com\/channel\/UCJw-kbuEvzUNdeQf20Pa-eQ\" target=\"_blank\" rel=\"noopener\">YouTube<\/a>!<\/p>\n<p>&#8211; CONHE\u00c7A o trabalho da Sociedade Art\u00edstica Brasileira (SABRA) e todas as iniciativas culturais e sociais que ela mant\u00e9m. <a href=\"https:\/\/www.sabra.org.br\/site\/acoes\/\" target=\"_blank\" rel=\"noopener\">Acesse nosso site!<\/a><\/p>\n<p>&#8211; ENTRE EM CONTATO com a gente. E veja quais s\u00e3o as op\u00e7\u00f5es de ajuda na manuten\u00e7\u00e3o de nossas a\u00e7\u00f5es sociais e culturais. Basta acessar nossa p\u00e1gina <a href=\"https:\/\/www.sabra.org.br\/site\/doe-agora\/\" target=\"_blank\" rel=\"noopener\">Doe Agora!<\/a><\/p>\n<p>&#8211; COMPARTILHE este texto nas suas redes sociais e ajude os seus amigos a tamb\u00e9m dominarem o assunto!<\/p>\n<p>\u2013 Os projetos da @sabrabrasil s\u00e3o realizados com o patroci\u0301nio m\u00e1ster: @institutounimedbh, viabilizado pelo incentivo de mais de 5,2 mil m\u00e9dicos cooperados e colaboradores via Lei de Incentivo \u00e0 Cultura. Patroc\u00ednio prata: @vallourec e apoio: @prefeiturabetim[\/vc_column_text][\/vc_column][\/vc_row]<\/p>\n","protected":false},"excerpt":{"rendered":"<p>A m\u00fasica e seu poder de nos inspirar<\/p>\n<p>Sabemos que a m\u00fasica ocupa um papel importante no mundo e na vida das pessoas. Mas voc\u00ea sabe quais s\u00e3o os seus benef\u00edcios sa\u00fade mental e sociabilidade? Aprenda neste artigo!<\/p>\n<p>Patroci\u0301nio m\u00e1ster: @institutounimedbh, viabilizado pelo incentivo de mais de 5,2 mil m\u00e9dicos cooperados e colaboradores via Lei de Incentivo \u00e0 Cultura. Patroc\u00ednio prata: @vallourec e apoio: @prefeiturabetim<\/p>\n<p>#sabrabrasil #institutounimedbh #vallourec #semedbetim #betim #novalima #raposos #camposdosgoytacazes #maestromarciomirandapontes<\/p>\n","protected":false},"author":39,"featured_media":4141,"comment_status":"closed","ping_status":"closed","sticky":false,"template":"","format":"standard","meta":{"jetpack_post_was_ever_published":false,"_jetpack_newsletter_access":"","_jetpack_dont_email_post_to_subs":false,"_jetpack_newsletter_tier_id":0,"_jetpack_memberships_contains_paywalled_content":false,"_jetpack_memberships_contains_paid_content":false,"footnotes":""},"categories":[1],"tags":[15,3623,8,1285,16,3519,1286,11,3622,9],"class_list":["post-4140","post","type-post","status-publish","format-standard","has-post-thumbnail","hentry","category-blog-sabra","tag-assistencia-social","tag-campos-dos-goytacazes","tag-canto-coral","tag-escola-de-musica-sabra","tag-musicalizacao-infantil","tag-nova-lima-2","tag-orquestra-infanto-juvenil-de-betim","tag-orquestra-sinfonica-de-betim","tag-raposos","tag-sociedade-artistica-brasileira"],"yoast_head":"<!-- This site is optimized with the Yoast SEO plugin v27.5 - https:\/\/yoast.com\/product\/yoast-seo-wordpress\/ -->\n<title>A m\u00fasica e seu poder de nos inspirar - SABRA - Sociedade Art\u00edstica Brasileira<\/title>\n<meta name=\"description\" content=\"Sabemos que a m\u00fasica ocupa um papel importante no mundo e na vida das pessoas. Quais s\u00e3o os seus benef\u00edcios sa\u00fade mental e sociabilidade?\" \/>\n<meta name=\"robots\" content=\"index, follow, max-snippet:-1, max-image-preview:large, max-video-preview:-1\" \/>\n<link rel=\"canonical\" href=\"https:\/\/www.sabra.org.br\/site\/musica-beneficios\/\" \/>\n<meta property=\"og:locale\" content=\"pt_BR\" \/>\n<meta property=\"og:type\" content=\"article\" \/>\n<meta property=\"og:title\" content=\"A m\u00fasica e seu poder de nos inspirar - SABRA - Sociedade Art\u00edstica Brasileira\" \/>\n<meta property=\"og:description\" content=\"Sabemos que a m\u00fasica ocupa um papel importante no mundo e na vida das pessoas. Quais s\u00e3o os seus benef\u00edcios sa\u00fade mental e sociabilidade?\" \/>\n<meta property=\"og:url\" content=\"https:\/\/www.sabra.org.br\/site\/musica-beneficios\/\" \/>\n<meta property=\"og:site_name\" content=\"SABRA - Sociedade Art\u00edstica Brasileira\" \/>\n<meta property=\"article:publisher\" content=\"https:\/\/www.facebook.com\/sabrabrasil\" \/>\n<meta property=\"article:published_time\" content=\"2021-08-27T12:37:36+00:00\" \/>\n<meta property=\"article:modified_time\" content=\"2021-09-09T13:29:45+00:00\" \/>\n<meta property=\"og:image\" content=\"https:\/\/i0.wp.com\/www.sabra.org.br\/site\/wp-content\/uploads\/2021\/08\/a-musica-e-seu-poder-de-nos-inspirar-20210125102928.jpg.jpg?fit=800%2C533&ssl=1\" \/>\n\t<meta property=\"og:image:width\" content=\"800\" \/>\n\t<meta property=\"og:image:height\" content=\"533\" \/>\n\t<meta property=\"og:image:type\" content=\"image\/jpeg\" \/>\n<meta name=\"author\" content=\"M\u00e1rcio Miranda Pontes\" \/>\n<meta name=\"twitter:card\" content=\"summary_large_image\" \/>\n<meta name=\"twitter:creator\" content=\"@ContatoSabra\" \/>\n<meta name=\"twitter:site\" content=\"@ContatoSabra\" \/>\n<meta name=\"twitter:label1\" content=\"Escrito por\" \/>\n\t<meta name=\"twitter:data1\" content=\"M\u00e1rcio Miranda Pontes\" \/>\n\t<meta name=\"twitter:label2\" content=\"Est. tempo de leitura\" \/>\n\t<meta name=\"twitter:data2\" content=\"4 minutos\" \/>\n<script type=\"application\/ld+json\" class=\"yoast-schema-graph\">{\"@context\":\"https:\\\/\\\/schema.org\",\"@graph\":[{\"@type\":\"Article\",\"@id\":\"https:\\\/\\\/www.sabra.org.br\\\/site\\\/musica-beneficios\\\/#article\",\"isPartOf\":{\"@id\":\"https:\\\/\\\/www.sabra.org.br\\\/site\\\/musica-beneficios\\\/\"},\"author\":{\"name\":\"M\u00e1rcio Miranda Pontes\",\"@id\":\"https:\\\/\\\/www.sabra.org.br\\\/site\\\/#\\\/schema\\\/person\\\/7d1d222c3c8891d4c37c7b41bf6315c2\"},\"headline\":\"A m\u00fasica e seu poder de nos inspirar\",\"datePublished\":\"2021-08-27T12:37:36+00:00\",\"dateModified\":\"2021-09-09T13:29:45+00:00\",\"mainEntityOfPage\":{\"@id\":\"https:\\\/\\\/www.sabra.org.br\\\/site\\\/musica-beneficios\\\/\"},\"wordCount\":843,\"publisher\":{\"@id\":\"https:\\\/\\\/www.sabra.org.br\\\/site\\\/#organization\"},\"image\":{\"@id\":\"https:\\\/\\\/www.sabra.org.br\\\/site\\\/musica-beneficios\\\/#primaryimage\"},\"thumbnailUrl\":\"https:\\\/\\\/www.sabra.org.br\\\/site\\\/wp-content\\\/uploads\\\/2021\\\/08\\\/a-musica-e-seu-poder-de-nos-inspirar-20210125102928.jpg.jpg\",\"keywords\":[\"Assist\u00eancia social\",\"Campos dos Goytacazes\",\"Canto Coral\",\"Escola de Musica SABRA\",\"Musicaliza\u00e7\u00e3o Infantil\",\"nova lima\",\"Orquestra Infanto Juvenil de Betim\",\"Orquestra Sinf\u00f4nica de Betim\",\"Raposos\",\"Sociedade Art\u00edstica Brasileira\"],\"articleSection\":[\"Blog SABRA\"],\"inLanguage\":\"pt-BR\"},{\"@type\":\"WebPage\",\"@id\":\"https:\\\/\\\/www.sabra.org.br\\\/site\\\/musica-beneficios\\\/\",\"url\":\"https:\\\/\\\/www.sabra.org.br\\\/site\\\/musica-beneficios\\\/\",\"name\":\"A m\u00fasica e seu poder de nos inspirar - SABRA - Sociedade Art\u00edstica Brasileira\",\"isPartOf\":{\"@id\":\"https:\\\/\\\/www.sabra.org.br\\\/site\\\/#website\"},\"primaryImageOfPage\":{\"@id\":\"https:\\\/\\\/www.sabra.org.br\\\/site\\\/musica-beneficios\\\/#primaryimage\"},\"image\":{\"@id\":\"https:\\\/\\\/www.sabra.org.br\\\/site\\\/musica-beneficios\\\/#primaryimage\"},\"thumbnailUrl\":\"https:\\\/\\\/www.sabra.org.br\\\/site\\\/wp-content\\\/uploads\\\/2021\\\/08\\\/a-musica-e-seu-poder-de-nos-inspirar-20210125102928.jpg.jpg\",\"datePublished\":\"2021-08-27T12:37:36+00:00\",\"dateModified\":\"2021-09-09T13:29:45+00:00\",\"description\":\"Sabemos que a m\u00fasica ocupa um papel importante no mundo e na vida das pessoas. Quais s\u00e3o os seus benef\u00edcios sa\u00fade mental e sociabilidade?\",\"breadcrumb\":{\"@id\":\"https:\\\/\\\/www.sabra.org.br\\\/site\\\/musica-beneficios\\\/#breadcrumb\"},\"inLanguage\":\"pt-BR\",\"potentialAction\":[{\"@type\":\"ReadAction\",\"target\":[\"https:\\\/\\\/www.sabra.org.br\\\/site\\\/musica-beneficios\\\/\"]}]},{\"@type\":\"ImageObject\",\"inLanguage\":\"pt-BR\",\"@id\":\"https:\\\/\\\/www.sabra.org.br\\\/site\\\/musica-beneficios\\\/#primaryimage\",\"url\":\"https:\\\/\\\/www.sabra.org.br\\\/site\\\/wp-content\\\/uploads\\\/2021\\\/08\\\/a-musica-e-seu-poder-de-nos-inspirar-20210125102928.jpg.jpg\",\"contentUrl\":\"https:\\\/\\\/www.sabra.org.br\\\/site\\\/wp-content\\\/uploads\\\/2021\\\/08\\\/a-musica-e-seu-poder-de-nos-inspirar-20210125102928.jpg.jpg\",\"width\":800,\"height\":533,\"caption\":\"Sociedade Art\u00edstica Brasileira SABRA\"},{\"@type\":\"BreadcrumbList\",\"@id\":\"https:\\\/\\\/www.sabra.org.br\\\/site\\\/musica-beneficios\\\/#breadcrumb\",\"itemListElement\":[{\"@type\":\"ListItem\",\"position\":1,\"name\":\"In\u00edcio\",\"item\":\"https:\\\/\\\/www.sabra.org.br\\\/site\\\/\"},{\"@type\":\"ListItem\",\"position\":2,\"name\":\"A m\u00fasica e seu poder de nos inspirar\"}]},{\"@type\":\"WebSite\",\"@id\":\"https:\\\/\\\/www.sabra.org.br\\\/site\\\/#website\",\"url\":\"https:\\\/\\\/www.sabra.org.br\\\/site\\\/\",\"name\":\"SABRA - Sociedade Art\u00edstica Brasileira\",\"description\":\"Escola de M\u00fasica, Orquestra Sinf\u00f4nica, Coral e Patrim\u00f4nio Cultural e Hist\u00f3rico\",\"publisher\":{\"@id\":\"https:\\\/\\\/www.sabra.org.br\\\/site\\\/#organization\"},\"potentialAction\":[{\"@type\":\"SearchAction\",\"target\":{\"@type\":\"EntryPoint\",\"urlTemplate\":\"https:\\\/\\\/www.sabra.org.br\\\/site\\\/?s={search_term_string}\"},\"query-input\":{\"@type\":\"PropertyValueSpecification\",\"valueRequired\":true,\"valueName\":\"search_term_string\"}}],\"inLanguage\":\"pt-BR\"},{\"@type\":\"Organization\",\"@id\":\"https:\\\/\\\/www.sabra.org.br\\\/site\\\/#organization\",\"name\":\"SOCIEDADE ART\u00cdSTICA BRASILEIRA SABRA\",\"alternateName\":\"SABRA\",\"url\":\"https:\\\/\\\/www.sabra.org.br\\\/site\\\/\",\"logo\":{\"@type\":\"ImageObject\",\"inLanguage\":\"pt-BR\",\"@id\":\"https:\\\/\\\/www.sabra.org.br\\\/site\\\/#\\\/schema\\\/logo\\\/image\\\/\",\"url\":\"https:\\\/\\\/www.sabra.org.br\\\/site\\\/wp-content\\\/uploads\\\/2019\\\/06\\\/cropped-Logo_SABRA-Copia-1.webp\",\"contentUrl\":\"https:\\\/\\\/www.sabra.org.br\\\/site\\\/wp-content\\\/uploads\\\/2019\\\/06\\\/cropped-Logo_SABRA-Copia-1.webp\",\"width\":400,\"height\":128,\"caption\":\"SOCIEDADE ART\u00cdSTICA BRASILEIRA SABRA\"},\"image\":{\"@id\":\"https:\\\/\\\/www.sabra.org.br\\\/site\\\/#\\\/schema\\\/logo\\\/image\\\/\"},\"sameAs\":[\"https:\\\/\\\/www.facebook.com\\\/sabrabrasil\",\"https:\\\/\\\/x.com\\\/ContatoSabra\",\"https:\\\/\\\/www.instagram.com\\\/sabrabrasil\\\/\",\"https:\\\/\\\/www.linkedin.com\\\/company\\\/25002088\\\/\",\"https:\\\/\\\/br.pinterest.com\\\/sociedadeartisticabrasileira\\\/\",\"https:\\\/\\\/www.youtube.com\\\/c\\\/sabrabrasil\"]},{\"@type\":\"Person\",\"@id\":\"https:\\\/\\\/www.sabra.org.br\\\/site\\\/#\\\/schema\\\/person\\\/7d1d222c3c8891d4c37c7b41bf6315c2\",\"name\":\"M\u00e1rcio Miranda Pontes\",\"image\":{\"@type\":\"ImageObject\",\"inLanguage\":\"pt-BR\",\"@id\":\"https:\\\/\\\/secure.gravatar.com\\\/avatar\\\/3b45f24496a7625a3a6c436688fbe20344faaeb2979658dc4a9921f984d7df9a?s=96&d=mm&r=g\",\"url\":\"https:\\\/\\\/secure.gravatar.com\\\/avatar\\\/3b45f24496a7625a3a6c436688fbe20344faaeb2979658dc4a9921f984d7df9a?s=96&d=mm&r=g\",\"contentUrl\":\"https:\\\/\\\/secure.gravatar.com\\\/avatar\\\/3b45f24496a7625a3a6c436688fbe20344faaeb2979658dc4a9921f984d7df9a?s=96&d=mm&r=g\",\"caption\":\"M\u00e1rcio Miranda Pontes\"},\"sameAs\":[\"http:\\\/\\\/www.sabra.org.br\"],\"url\":\"https:\\\/\\\/www.sabra.org.br\\\/site\\\/author\\\/marcio-miranda-pontes\\\/\"}]}<\/script>\n<!-- \/ Yoast SEO plugin. -->","yoast_head_json":{"title":"A m\u00fasica e seu poder de nos inspirar - SABRA - Sociedade Art\u00edstica Brasileira","description":"Sabemos que a m\u00fasica ocupa um papel importante no mundo e na vida das pessoas. Quais s\u00e3o os seus benef\u00edcios sa\u00fade mental e sociabilidade?","robots":{"index":"index","follow":"follow","max-snippet":"max-snippet:-1","max-image-preview":"max-image-preview:large","max-video-preview":"max-video-preview:-1"},"canonical":"https:\/\/www.sabra.org.br\/site\/musica-beneficios\/","og_locale":"pt_BR","og_type":"article","og_title":"A m\u00fasica e seu poder de nos inspirar - SABRA - Sociedade Art\u00edstica Brasileira","og_description":"Sabemos que a m\u00fasica ocupa um papel importante no mundo e na vida das pessoas. Quais s\u00e3o os seus benef\u00edcios sa\u00fade mental e sociabilidade?","og_url":"https:\/\/www.sabra.org.br\/site\/musica-beneficios\/","og_site_name":"SABRA - Sociedade Art\u00edstica Brasileira","article_publisher":"https:\/\/www.facebook.com\/sabrabrasil","article_published_time":"2021-08-27T12:37:36+00:00","article_modified_time":"2021-09-09T13:29:45+00:00","og_image":[{"width":800,"height":533,"url":"https:\/\/i0.wp.com\/www.sabra.org.br\/site\/wp-content\/uploads\/2021\/08\/a-musica-e-seu-poder-de-nos-inspirar-20210125102928.jpg.jpg?fit=800%2C533&ssl=1","type":"image\/jpeg"}],"author":"M\u00e1rcio Miranda Pontes","twitter_card":"summary_large_image","twitter_creator":"@ContatoSabra","twitter_site":"@ContatoSabra","twitter_misc":{"Escrito por":"M\u00e1rcio Miranda Pontes","Est. tempo de leitura":"4 minutos"},"schema":{"@context":"https:\/\/schema.org","@graph":[{"@type":"Article","@id":"https:\/\/www.sabra.org.br\/site\/musica-beneficios\/#article","isPartOf":{"@id":"https:\/\/www.sabra.org.br\/site\/musica-beneficios\/"},"author":{"name":"M\u00e1rcio Miranda Pontes","@id":"https:\/\/www.sabra.org.br\/site\/#\/schema\/person\/7d1d222c3c8891d4c37c7b41bf6315c2"},"headline":"A m\u00fasica e seu poder de nos inspirar","datePublished":"2021-08-27T12:37:36+00:00","dateModified":"2021-09-09T13:29:45+00:00","mainEntityOfPage":{"@id":"https:\/\/www.sabra.org.br\/site\/musica-beneficios\/"},"wordCount":843,"publisher":{"@id":"https:\/\/www.sabra.org.br\/site\/#organization"},"image":{"@id":"https:\/\/www.sabra.org.br\/site\/musica-beneficios\/#primaryimage"},"thumbnailUrl":"https:\/\/www.sabra.org.br\/site\/wp-content\/uploads\/2021\/08\/a-musica-e-seu-poder-de-nos-inspirar-20210125102928.jpg.jpg","keywords":["Assist\u00eancia social","Campos dos Goytacazes","Canto Coral","Escola de Musica SABRA","Musicaliza\u00e7\u00e3o Infantil","nova lima","Orquestra Infanto Juvenil de Betim","Orquestra Sinf\u00f4nica de Betim","Raposos","Sociedade Art\u00edstica Brasileira"],"articleSection":["Blog SABRA"],"inLanguage":"pt-BR"},{"@type":"WebPage","@id":"https:\/\/www.sabra.org.br\/site\/musica-beneficios\/","url":"https:\/\/www.sabra.org.br\/site\/musica-beneficios\/","name":"A m\u00fasica e seu poder de nos inspirar - SABRA - Sociedade Art\u00edstica Brasileira","isPartOf":{"@id":"https:\/\/www.sabra.org.br\/site\/#website"},"primaryImageOfPage":{"@id":"https:\/\/www.sabra.org.br\/site\/musica-beneficios\/#primaryimage"},"image":{"@id":"https:\/\/www.sabra.org.br\/site\/musica-beneficios\/#primaryimage"},"thumbnailUrl":"https:\/\/www.sabra.org.br\/site\/wp-content\/uploads\/2021\/08\/a-musica-e-seu-poder-de-nos-inspirar-20210125102928.jpg.jpg","datePublished":"2021-08-27T12:37:36+00:00","dateModified":"2021-09-09T13:29:45+00:00","description":"Sabemos que a m\u00fasica ocupa um papel importante no mundo e na vida das pessoas. Quais s\u00e3o os seus benef\u00edcios sa\u00fade mental e sociabilidade?","breadcrumb":{"@id":"https:\/\/www.sabra.org.br\/site\/musica-beneficios\/#breadcrumb"},"inLanguage":"pt-BR","potentialAction":[{"@type":"ReadAction","target":["https:\/\/www.sabra.org.br\/site\/musica-beneficios\/"]}]},{"@type":"ImageObject","inLanguage":"pt-BR","@id":"https:\/\/www.sabra.org.br\/site\/musica-beneficios\/#primaryimage","url":"https:\/\/www.sabra.org.br\/site\/wp-content\/uploads\/2021\/08\/a-musica-e-seu-poder-de-nos-inspirar-20210125102928.jpg.jpg","contentUrl":"https:\/\/www.sabra.org.br\/site\/wp-content\/uploads\/2021\/08\/a-musica-e-seu-poder-de-nos-inspirar-20210125102928.jpg.jpg","width":800,"height":533,"caption":"Sociedade Art\u00edstica Brasileira SABRA"},{"@type":"BreadcrumbList","@id":"https:\/\/www.sabra.org.br\/site\/musica-beneficios\/#breadcrumb","itemListElement":[{"@type":"ListItem","position":1,"name":"In\u00edcio","item":"https:\/\/www.sabra.org.br\/site\/"},{"@type":"ListItem","position":2,"name":"A m\u00fasica e seu poder de nos inspirar"}]},{"@type":"WebSite","@id":"https:\/\/www.sabra.org.br\/site\/#website","url":"https:\/\/www.sabra.org.br\/site\/","name":"SABRA - Sociedade Art\u00edstica Brasileira","description":"Escola de M\u00fasica, Orquestra Sinf\u00f4nica, Coral e Patrim\u00f4nio Cultural e Hist\u00f3rico","publisher":{"@id":"https:\/\/www.sabra.org.br\/site\/#organization"},"potentialAction":[{"@type":"SearchAction","target":{"@type":"EntryPoint","urlTemplate":"https:\/\/www.sabra.org.br\/site\/?s={search_term_string}"},"query-input":{"@type":"PropertyValueSpecification","valueRequired":true,"valueName":"search_term_string"}}],"inLanguage":"pt-BR"},{"@type":"Organization","@id":"https:\/\/www.sabra.org.br\/site\/#organization","name":"SOCIEDADE ART\u00cdSTICA BRASILEIRA SABRA","alternateName":"SABRA","url":"https:\/\/www.sabra.org.br\/site\/","logo":{"@type":"ImageObject","inLanguage":"pt-BR","@id":"https:\/\/www.sabra.org.br\/site\/#\/schema\/logo\/image\/","url":"https:\/\/www.sabra.org.br\/site\/wp-content\/uploads\/2019\/06\/cropped-Logo_SABRA-Copia-1.webp","contentUrl":"https:\/\/www.sabra.org.br\/site\/wp-content\/uploads\/2019\/06\/cropped-Logo_SABRA-Copia-1.webp","width":400,"height":128,"caption":"SOCIEDADE ART\u00cdSTICA BRASILEIRA SABRA"},"image":{"@id":"https:\/\/www.sabra.org.br\/site\/#\/schema\/logo\/image\/"},"sameAs":["https:\/\/www.facebook.com\/sabrabrasil","https:\/\/x.com\/ContatoSabra","https:\/\/www.instagram.com\/sabrabrasil\/","https:\/\/www.linkedin.com\/company\/25002088\/","https:\/\/br.pinterest.com\/sociedadeartisticabrasileira\/","https:\/\/www.youtube.com\/c\/sabrabrasil"]},{"@type":"Person","@id":"https:\/\/www.sabra.org.br\/site\/#\/schema\/person\/7d1d222c3c8891d4c37c7b41bf6315c2","name":"M\u00e1rcio Miranda Pontes","image":{"@type":"ImageObject","inLanguage":"pt-BR","@id":"https:\/\/secure.gravatar.com\/avatar\/3b45f24496a7625a3a6c436688fbe20344faaeb2979658dc4a9921f984d7df9a?s=96&d=mm&r=g","url":"https:\/\/secure.gravatar.com\/avatar\/3b45f24496a7625a3a6c436688fbe20344faaeb2979658dc4a9921f984d7df9a?s=96&d=mm&r=g","contentUrl":"https:\/\/secure.gravatar.com\/avatar\/3b45f24496a7625a3a6c436688fbe20344faaeb2979658dc4a9921f984d7df9a?s=96&d=mm&r=g","caption":"M\u00e1rcio Miranda Pontes"},"sameAs":["http:\/\/www.sabra.org.br"],"url":"https:\/\/www.sabra.org.br\/site\/author\/marcio-miranda-pontes\/"}]}},"jetpack_featured_media_url":"https:\/\/www.sabra.org.br\/site\/wp-content\/uploads\/2021\/08\/a-musica-e-seu-poder-de-nos-inspirar-20210125102928.jpg.jpg","jetpack_shortlink":"https:\/\/wp.me\/p95j2Z-14M","jetpack-related-posts":[{"id":5936,"url":"https:\/\/www.sabra.org.br\/site\/musica-ajuda-saude\/","url_meta":{"origin":4140,"position":0},"title":"Benef\u00edcios da m\u00fasica para a sa\u00fade mental","author":"M\u00e1rcio Miranda Pontes","date":"23 de setembro de 2022","format":false,"excerpt":"A m\u00fasica gera uma s\u00e9rie de sensa\u00e7\u00f5es no corpo, portanto, pode ser usada como uma ferramenta para ajudar a controlar o humor nos momentos que mais necessitamos. Venha conhecer em detalhes os benef\u00edcios gerados para a sa\u00fade mental.","rel":"","context":"Em &quot;Blog SABRA&quot;","block_context":{"text":"Blog SABRA","link":"https:\/\/www.sabra.org.br\/site\/category\/blog-sabra\/"},"img":{"alt_text":"m\u00fasica-ajuda-saude-mental","src":"https:\/\/i0.wp.com\/www.sabra.org.br\/site\/wp-content\/uploads\/2022\/09\/beneficios-da-musica-para-a-saude-mental-20220707153044.jpg.jpg?resize=350%2C200&ssl=1","width":350,"height":200,"srcset":"https:\/\/i0.wp.com\/www.sabra.org.br\/site\/wp-content\/uploads\/2022\/09\/beneficios-da-musica-para-a-saude-mental-20220707153044.jpg.jpg?resize=350%2C200&ssl=1 1x, https:\/\/i0.wp.com\/www.sabra.org.br\/site\/wp-content\/uploads\/2022\/09\/beneficios-da-musica-para-a-saude-mental-20220707153044.jpg.jpg?resize=525%2C300&ssl=1 1.5x, https:\/\/i0.wp.com\/www.sabra.org.br\/site\/wp-content\/uploads\/2022\/09\/beneficios-da-musica-para-a-saude-mental-20220707153044.jpg.jpg?resize=700%2C400&ssl=1 2x"},"classes":[]},{"id":9312,"url":"https:\/\/www.sabra.org.br\/site\/cognitivas-cerebro\/","url_meta":{"origin":4140,"position":1},"title":"Como a pr\u00e1tica musical pode retardar o decl\u00ednio cognitivo em idosos?","author":"M\u00e1rcio Miranda Pontes","date":"15 de abril de 2024","format":false,"excerpt":"Prepare-se para descobrir os benef\u00edcios surpreendentes da m\u00fasica para a sa\u00fade cognitiva e emocional dos idosos. N\u00e3o perca a oportunidade de desvendar esse fascinante segredo para uma mente ativa e saud\u00e1vel.","rel":"","context":"Em &quot;Blog SABRA&quot;","block_context":{"text":"Blog SABRA","link":"https:\/\/www.sabra.org.br\/site\/category\/blog-sabra\/"},"img":{"alt_text":"sabra-m\u00fasica-c\u00e9rebro-cognitiva-musical-sa\u00fade-pr\u00e1tica-est\u00edmulo-instrumento","src":"https:\/\/i0.wp.com\/www.sabra.org.br\/site\/wp-content\/uploads\/2024\/04\/como-a-pratica-musical-pode-retardar-o-declinio-cognitivo-em-idososjpg-20240229111914.jpg-jpg.webp?resize=350%2C200&ssl=1","width":350,"height":200,"srcset":"https:\/\/i0.wp.com\/www.sabra.org.br\/site\/wp-content\/uploads\/2024\/04\/como-a-pratica-musical-pode-retardar-o-declinio-cognitivo-em-idososjpg-20240229111914.jpg-jpg.webp?resize=350%2C200&ssl=1 1x, https:\/\/i0.wp.com\/www.sabra.org.br\/site\/wp-content\/uploads\/2024\/04\/como-a-pratica-musical-pode-retardar-o-declinio-cognitivo-em-idososjpg-20240229111914.jpg-jpg.webp?resize=525%2C300&ssl=1 1.5x, https:\/\/i0.wp.com\/www.sabra.org.br\/site\/wp-content\/uploads\/2024\/04\/como-a-pratica-musical-pode-retardar-o-declinio-cognitivo-em-idososjpg-20240229111914.jpg-jpg.webp?resize=700%2C400&ssl=1 2x"},"classes":[]},{"id":9025,"url":"https:\/\/www.sabra.org.br\/site\/adultos-comunicacao\/","url_meta":{"origin":4140,"position":2},"title":"Benef\u00edcios da m\u00fasica para a sa\u00fade f\u00edsica e mental dos adultos","author":"M\u00e1rcio Miranda Pontes","date":"12 de mar\u00e7o de 2024","format":false,"excerpt":"Prepare-se para uma jornada que o levar\u00e1 por um mundo encantador de sons e melodias, revelando como a m\u00fasica pode ser uma aliada poderosa na busca pelo bem-estar e pela felicidade.","rel":"","context":"Em &quot;Blog SABRA&quot;","block_context":{"text":"Blog SABRA","link":"https:\/\/www.sabra.org.br\/site\/category\/blog-sabra\/"},"img":{"alt_text":"sabra-m\u00fasica-adultos-comunica\u00e7\u00e3o-criatividade-melhoria-sociais-ansiedade-culturas-vida","src":"https:\/\/i0.wp.com\/www.sabra.org.br\/site\/wp-content\/uploads\/2024\/03\/x-beneficios-da-musica-para-a-saude-fisica-e-mental-dos-adultosjpg-20240130121258.jpg-jpg.webp?resize=350%2C200&ssl=1","width":350,"height":200,"srcset":"https:\/\/i0.wp.com\/www.sabra.org.br\/site\/wp-content\/uploads\/2024\/03\/x-beneficios-da-musica-para-a-saude-fisica-e-mental-dos-adultosjpg-20240130121258.jpg-jpg.webp?resize=350%2C200&ssl=1 1x, https:\/\/i0.wp.com\/www.sabra.org.br\/site\/wp-content\/uploads\/2024\/03\/x-beneficios-da-musica-para-a-saude-fisica-e-mental-dos-adultosjpg-20240130121258.jpg-jpg.webp?resize=525%2C300&ssl=1 1.5x, https:\/\/i0.wp.com\/www.sabra.org.br\/site\/wp-content\/uploads\/2024\/03\/x-beneficios-da-musica-para-a-saude-fisica-e-mental-dos-adultosjpg-20240130121258.jpg-jpg.webp?resize=700%2C400&ssl=1 2x"},"classes":[]},{"id":7966,"url":"https:\/\/www.sabra.org.br\/site\/suicidio-prevencao\/","url_meta":{"origin":4140,"position":3},"title":"Setembro amarelo: M\u00fasicas que fazem bem para a mente","author":"M\u00e1rcio Miranda Pontes","date":"14 de setembro de 2023","format":false,"excerpt":"A m\u00fasica tem o poder de nos confortar em momentos adversos e ser uma grande aliada no controle das nossas emo\u00e7\u00f5es. Sendo assim, conhe\u00e7a algumas m\u00fasicas que s\u00e3o capazes de acalmar a nossa mente.","rel":"","context":"Em &quot;Blog SABRA&quot;","block_context":{"text":"Blog SABRA","link":"https:\/\/www.sabra.org.br\/site\/category\/blog-sabra\/"},"img":{"alt_text":"sabra-m\u00fasica-mental-sa\u00fade-suic\u00eddio","src":"https:\/\/i0.wp.com\/www.sabra.org.br\/site\/wp-content\/uploads\/2023\/09\/setembro-amarelo-x-musicas-que-fazem-bem-para-a-mentejpg-20220908094423.jpg-jpg.webp?resize=350%2C200&ssl=1","width":350,"height":200,"srcset":"https:\/\/i0.wp.com\/www.sabra.org.br\/site\/wp-content\/uploads\/2023\/09\/setembro-amarelo-x-musicas-que-fazem-bem-para-a-mentejpg-20220908094423.jpg-jpg.webp?resize=350%2C200&ssl=1 1x, https:\/\/i0.wp.com\/www.sabra.org.br\/site\/wp-content\/uploads\/2023\/09\/setembro-amarelo-x-musicas-que-fazem-bem-para-a-mentejpg-20220908094423.jpg-jpg.webp?resize=525%2C300&ssl=1 1.5x, https:\/\/i0.wp.com\/www.sabra.org.br\/site\/wp-content\/uploads\/2023\/09\/setembro-amarelo-x-musicas-que-fazem-bem-para-a-mentejpg-20220908094423.jpg-jpg.webp?resize=700%2C400&ssl=1 2x"},"classes":[]},{"id":6079,"url":"https:\/\/www.sabra.org.br\/site\/musica-sensacoes\/","url_meta":{"origin":4140,"position":4},"title":"Por que a m\u00fasica provoca arrepios?","author":"M\u00e1rcio Miranda Pontes","date":"18 de outubro de 2022","format":false,"excerpt":"Ouvir uma m\u00fasica pode ser uma a\u00e7\u00e3o perfeita em qualquer ocasi\u00e3o, seja para relaxar, para dan\u00e7ar ou para pensar na vida. E voc\u00ea j\u00e1 sentiu um arrepio quando ouviu aquele sua m\u00fasica preferida? Saiba que seu c\u00e9rebro pode ser especial.","rel":"","context":"Em &quot;Blog SABRA&quot;","block_context":{"text":"Blog SABRA","link":"https:\/\/www.sabra.org.br\/site\/category\/blog-sabra\/"},"img":{"alt_text":"musicas-sensa\u00e7\u00f5es-sociais","src":"https:\/\/i0.wp.com\/www.sabra.org.br\/site\/wp-content\/uploads\/2022\/10\/por-que-a-musica-provoca-arrepiosjpg-20220908094423.jpg.jpg?resize=350%2C200&ssl=1","width":350,"height":200,"srcset":"https:\/\/i0.wp.com\/www.sabra.org.br\/site\/wp-content\/uploads\/2022\/10\/por-que-a-musica-provoca-arrepiosjpg-20220908094423.jpg.jpg?resize=350%2C200&ssl=1 1x, https:\/\/i0.wp.com\/www.sabra.org.br\/site\/wp-content\/uploads\/2022\/10\/por-que-a-musica-provoca-arrepiosjpg-20220908094423.jpg.jpg?resize=525%2C300&ssl=1 1.5x, https:\/\/i0.wp.com\/www.sabra.org.br\/site\/wp-content\/uploads\/2022\/10\/por-que-a-musica-provoca-arrepiosjpg-20220908094423.jpg.jpg?resize=700%2C400&ssl=1 2x"},"classes":[]},{"id":8956,"url":"https:\/\/www.sabra.org.br\/site\/idoso-demencia\/","url_meta":{"origin":4140,"position":5},"title":"A m\u00fasica como aliada na preven\u00e7\u00e3o e tratamento da dem\u00eancia em idosos","author":"M\u00e1rcio Miranda Pontes","date":"5 de mar\u00e7o de 2024","format":false,"excerpt":"Prepare-se para uma viagem pelo mundo da m\u00fasica e da dem\u00eancia, e descubra como essa combina\u00e7\u00e3o \u00fanica est\u00e1 mudando vidas e trazendo luz \u00e0 escurid\u00e3o da dem\u00eancia.","rel":"","context":"Em &quot;Blog SABRA&quot;","block_context":{"text":"Blog SABRA","link":"https:\/\/www.sabra.org.br\/site\/category\/blog-sabra\/"},"img":{"alt_text":"sabra-m\u00fasica-dem\u00eancia-idosos-pessoas-vida-ansiedade-cognitivas-melhorar-qualidade-sociais","src":"https:\/\/i0.wp.com\/www.sabra.org.br\/site\/wp-content\/uploads\/2024\/03\/a-musica-como-aliada-na-prevencao-e-tratamento-da-demencia-em-idososjpg-20240130121258.jpg-jpg.webp?resize=350%2C200&ssl=1","width":350,"height":200,"srcset":"https:\/\/i0.wp.com\/www.sabra.org.br\/site\/wp-content\/uploads\/2024\/03\/a-musica-como-aliada-na-prevencao-e-tratamento-da-demencia-em-idososjpg-20240130121258.jpg-jpg.webp?resize=350%2C200&ssl=1 1x, https:\/\/i0.wp.com\/www.sabra.org.br\/site\/wp-content\/uploads\/2024\/03\/a-musica-como-aliada-na-prevencao-e-tratamento-da-demencia-em-idososjpg-20240130121258.jpg-jpg.webp?resize=525%2C300&ssl=1 1.5x, https:\/\/i0.wp.com\/www.sabra.org.br\/site\/wp-content\/uploads\/2024\/03\/a-musica-como-aliada-na-prevencao-e-tratamento-da-demencia-em-idososjpg-20240130121258.jpg-jpg.webp?resize=700%2C400&ssl=1 2x"},"classes":[]}],"jetpack_likes_enabled":true,"jetpack_sharing_enabled":true,"_links":{"self":[{"href":"https:\/\/www.sabra.org.br\/site\/wp-json\/wp\/v2\/posts\/4140","targetHints":{"allow":["GET"]}}],"collection":[{"href":"https:\/\/www.sabra.org.br\/site\/wp-json\/wp\/v2\/posts"}],"about":[{"href":"https:\/\/www.sabra.org.br\/site\/wp-json\/wp\/v2\/types\/post"}],"author":[{"embeddable":true,"href":"https:\/\/www.sabra.org.br\/site\/wp-json\/wp\/v2\/users\/39"}],"replies":[{"embeddable":true,"href":"https:\/\/www.sabra.org.br\/site\/wp-json\/wp\/v2\/comments?post=4140"}],"version-history":[{"count":0,"href":"https:\/\/www.sabra.org.br\/site\/wp-json\/wp\/v2\/posts\/4140\/revisions"}],"wp:featuredmedia":[{"embeddable":true,"href":"https:\/\/www.sabra.org.br\/site\/wp-json\/wp\/v2\/media\/4141"}],"wp:attachment":[{"href":"https:\/\/www.sabra.org.br\/site\/wp-json\/wp\/v2\/media?parent=4140"}],"wp:term":[{"taxonomy":"category","embeddable":true,"href":"https:\/\/www.sabra.org.br\/site\/wp-json\/wp\/v2\/categories?post=4140"},{"taxonomy":"post_tag","embeddable":true,"href":"https:\/\/www.sabra.org.br\/site\/wp-json\/wp\/v2\/tags?post=4140"}],"curies":[{"name":"wp","href":"https:\/\/api.w.org\/{rel}","templated":true}]}}