{"id":4149,"date":"2021-08-31T11:17:54","date_gmt":"2021-08-31T14:17:54","guid":{"rendered":"https:\/\/www.sabra.org.br\/site\/?p=4149"},"modified":"2025-04-19T14:08:12","modified_gmt":"2025-04-19T17:08:12","slug":"mulheres-instrumentistas","status":"publish","type":"post","link":"https:\/\/www.sabra.org.br\/site\/mulheres-instrumentistas\/","title":{"rendered":"Mulheres na m\u00fasica: x instrumentistas brasileiras que voc\u00ea precisa conhecer"},"content":{"rendered":"<p>[vc_row][vc_column][vc_column_text]Sem d\u00favida alguma, in\u00fameras vozes femininas marcaram e continuam marcando a m\u00fasica brasileira. Nesse sentido, v\u00e1rios nomes surgem imediatamente na mente, como Elis Regina, Maria Beth\u00e2nia, Alcione e Elza Soares, por exemplo.<\/p>\n<p>No entanto, quando questionado sobre as instrumentistas musicais do pa\u00eds, ser\u00e1 que acontece o mesmo? \u00c9 prov\u00e1vel que n\u00e3o, uma vez que as instrumentistas acabam n\u00e3o recebendo a mesma aten\u00e7\u00e3o que as vozes femininas.<\/p>\n<p>Tendo isso em vista, preparamos este conte\u00fado para mudar essa realidade. Aqui, voc\u00ea conhecer\u00e1 cinco incr\u00edveis instrumentistas brasileiras. Confira!<\/p>\n<h2>1. Cec\u00edlia Aprigliano<\/h2>\n<p>Cec\u00edlia Aprigliano nasceu no Rio de Janeiro e, em 1982, iniciou seus estudos de viola de gamba no Brasil, dando sequ\u00eancia nos Estados Unidos e Fran\u00e7a.<\/p>\n<p>Com larga experi\u00eancia na viola de gamba, Cec\u00edlia Aprigliano, em 1990, tornou-se a primeira professora desse instrumento na famosa Escola de M\u00fasica de Bras\u00edlia. Al\u00e9m disso, contribui para fundar o grupo Est\u00fadio Barroco.<\/p>\n<p>Dessa forma, pode-se dizer que Cec\u00edlia Aprigliano \u00e9 um dos principais nomes femininos brasileiros ligados ao instrumento viola de gamba.<\/p>\n<h2>2. Cida Moreira<\/h2>\n<p>Nascida em S\u00e3o Paulo, Cida Moreira \u00e9 cantora e pianista. A artista come\u00e7ou seus estudos na m\u00fasica ainda na inf\u00e2ncia, quando tinha apenas 5 anos. Aos 6, cantou pela primeira vez em uma emissora de r\u00e1dio de S\u00e3o Paulo.<br \/>\nVale acrescentar que Cida Moreira era mais que uma pianista e cantora. Tamb\u00e9m se tornou atriz em 1970, sendo uma forte simpatizante da arte dram\u00e1tica.<\/p>\n<p>No que diz respeito \u00e0 m\u00fasica, a discografia de Cida Moreira se destaca porque homenageia diversos artistas brasileiros, entre eles Chico Buarque.<\/p>\n<h2>3. Cristina Braga<\/h2>\n<p>Cristina Braga nasceu em 1966 no Rio de Janeiro e se tornou uma das harpistas mais respeitadas do Brasil. Nessa dire\u00e7\u00e3o, vale destacar que ela foi a primeira harpista da Orquestra Sinf\u00f4nica do Theatro Municipal do Rio de Janeiro. Al\u00e9m disso, tamb\u00e9m se tornou professora da Universidade Federal do Rio de Janeiro.<\/p>\n<p>A instrumentista j\u00e1 tocou com artistas como Noel Rosa, Nara Le\u00e3o e Chico Buarque, al\u00e9m de outros.<\/p>\n<h2>4. Inezita Barroso<\/h2>\n<p>Outro importante nome que merece ser conhecido \u00e9 Inezita Barroso. Nascida em 1925 em S\u00e3o Paulo, Inezita Barroso, que se apaixonou pela cultura nordestina, come\u00e7ou logo cedo a tocar viola e viol\u00e3o<\/p>\n<p>A instrumentista se apresentou em diversas r\u00e1dios e filmes. Tamb\u00e9m aproveitou seu talento para ensinar m\u00fasica e dirigir programas televisivos, como TV Cultura e Minha Viola.<\/p>\n<p>Por fim, cabe destacar que, ao longo de sua trajet\u00f3ria, recebeu importantes pr\u00eamios, como o Trof\u00e9u Roquette Pinto.<\/p>\n<h2>5. Badi Assad<\/h2>\n<p>Badi Assad, cujo nome real \u00e9 Mari\u00e2ngela Assad Sim\u00e3o, nascida em 1966 em S\u00e3o Paulo, come\u00e7ou a estudar m\u00fasica ainda na sua inf\u00e2ncia, por influ\u00eancia de seu pai, o bandolinista Jorge Assad.<\/p>\n<p>Formou-se em Piano e Viol\u00e3o. No entanto, passou a ser conhecida a partir deste \u00faltimo, tanto que, aos 15 anos, foi considerada a melhor violonista no Concurso de Jovens Instrumentistas, que ocorreu na cidade do Rio de Janeiro. Tamb\u00e9m recebeu o pr\u00eamio de melhor violonista brasileira no Concurso Internacional Villa-Lobos, conquistando prest\u00edgio mundial.<\/p>\n<p>Agora que voc\u00ea conhece alguns dos principais nomes femininos que fizeram e fazem fama nos instrumentos musicais, compartilhe este conte\u00fado em suas redes sociais. Assim, voc\u00ea possibilita que esses nomes tenham maior alcance e reconhecimento. Combinado?<\/p>\n<blockquote class=\"wp-embedded-content\" data-secret=\"r9PgTiCpHK\"><p><a href=\"https:\/\/www.sabra.org.br\/site\/mpb-seculo-xix\/\">Como era a m\u00fasica popular no Brasil do s\u00e9culo XIX?<\/a><\/p><\/blockquote>\n<p><iframe class=\"wp-embedded-content\" sandbox=\"allow-scripts\" security=\"restricted\" style=\"position: absolute; visibility: hidden;\" title=\"&#8220;Como era a m\u00fasica popular no Brasil do s\u00e9culo XIX?&#8221; &#8212; SABRA - Sociedade Art\u00edstica Brasileira\" src=\"https:\/\/www.sabra.org.br\/site\/mpb-seculo-xix\/embed\/#?secret=t5HyLs6R9k#?secret=r9PgTiCpHK\" data-secret=\"r9PgTiCpHK\" width=\"600\" height=\"338\" frameborder=\"0\" marginwidth=\"0\" marginheight=\"0\" scrolling=\"no\"><\/iframe><\/p>\n<hr \/>\n<h2>Se voc\u00ea gostou deste post:<\/h2>\n<p>&#8211; SIGA as nossas p\u00e1ginas nas redes sociais para acompanhar as nossas atualiza\u00e7\u00f5es: estamos no <a href=\"https:\/\/www.facebook.com\/sabrabrasil\" target=\"_blank\" rel=\"noopener\">Facebook<\/a>, no <a href=\"https:\/\/www.instagram.com\/sabrabrasil\/\" target=\"_blank\" rel=\"noopener\">Instagram<\/a>, no <a href=\"https:\/\/www.linkedin.com\/company\/25002088\" target=\"_blank\" rel=\"noopener\">LinkedIn<\/a>, no <a href=\"https:\/\/twitter.com\/ContatoSabra\" target=\"_blank\" rel=\"noopener\">Twitter<\/a> e no <a href=\"https:\/\/www.youtube.com\/channel\/UCJw-kbuEvzUNdeQf20Pa-eQ\" target=\"_blank\" rel=\"noopener\">YouTube<\/a>!<\/p>\n<p>&#8211; CONHE\u00c7A o trabalho da Sociedade Art\u00edstica Brasileira (SABRA) e todas as iniciativas culturais e sociais que ela mant\u00e9m. <a href=\"https:\/\/www.sabra.org.br\/site\/acoes\/\" target=\"_blank\" rel=\"noopener\">Acesse nosso site!<\/a><\/p>\n<p>&#8211; ENTRE EM CONTATO com a gente. E veja quais s\u00e3o as op\u00e7\u00f5es de ajuda na manuten\u00e7\u00e3o de nossas a\u00e7\u00f5es sociais e culturais. Basta acessar nossa p\u00e1gina <a href=\"https:\/\/www.sabra.org.br\/site\/doe-agora\/\" target=\"_blank\" rel=\"noopener\">Doe Agora!<\/a><\/p>\n<p>&#8211; COMPARTILHE este texto nas suas redes sociais e ajude os seus amigos a tamb\u00e9m dominarem o assunto!<\/p>\n<p>\u2013 Os projetos da @sabrabrasil s\u00e3o realizados com o patroci\u0301nio m\u00e1ster: @institutounimedbh, viabilizado pelo incentivo de mais de 5,2 mil m\u00e9dicos cooperados e colaboradores via Lei de Incentivo \u00e0 Cultura. Patroc\u00ednio prata: @vallourec e apoio: @prefeiturabetim[\/vc_column_text][\/vc_column][\/vc_row]<\/p>\n","protected":false},"excerpt":{"rendered":"<p>Mulheres na m\u00fasica: Instrumentistas brasileiras que voc\u00ea precisa conhecer<\/p>\n<p>Sem d\u00favida alguma, in\u00fameras vozes femininas marcaram e continuam marcando a m\u00fasica brasileira. No entanto, quando questionado sobre as instrumentistas musicais do pa\u00eds, ser\u00e1 que acontece o mesmo? Tendo isso em vista, preparamos um conte\u00fado para mudar essa realidade. Nele, voc\u00ea conhecer\u00e1 cinco incr\u00edveis instrumentistas brasileiras. Confira!<\/p>\n<p>Patroci\u0301nio m\u00e1ster: @institutounimedbh, viabilizado pelo incentivo de mais de 5,2 mil m\u00e9dicos cooperados e colaboradores via Lei de Incentivo \u00e0 Cultura. Patroc\u00ednio prata: @vallourec e apoio: @prefeiturabetim<\/p>\n<p>#sabrabrasil #institutounimedbh #vallourec #semedbetim #betim #novalima #raposos #camposdosgoytacazes #maestromarciomirandapontes<\/p>\n","protected":false},"author":39,"featured_media":4150,"comment_status":"closed","ping_status":"closed","sticky":false,"template":"","format":"standard","meta":{"jetpack_post_was_ever_published":false,"_jetpack_newsletter_access":"","_jetpack_dont_email_post_to_subs":false,"_jetpack_newsletter_tier_id":0,"_jetpack_memberships_contains_paywalled_content":false,"_jetpack_memberships_contains_paid_content":false,"footnotes":""},"categories":[1],"tags":[15,3623,8,1285,16,3519,1286,11,3622,9],"class_list":["post-4149","post","type-post","status-publish","format-standard","has-post-thumbnail","hentry","category-blog-sabra","tag-assistencia-social","tag-campos-dos-goytacazes","tag-canto-coral","tag-escola-de-musica-sabra","tag-musicalizacao-infantil","tag-nova-lima-2","tag-orquestra-infanto-juvenil-de-betim","tag-orquestra-sinfonica-de-betim","tag-raposos","tag-sociedade-artistica-brasileira"],"yoast_head":"<!-- This site is optimized with the Yoast SEO plugin v27.5 - https:\/\/yoast.com\/product\/yoast-seo-wordpress\/ -->\n<title>Instrumentistas brasileiras que voc\u00ea deve conhecer - SABRA - Sociedade Art\u00edstica Brasileira<\/title>\n<meta name=\"description\" content=\"In\u00fameras vozes femininas marcaram a m\u00fasica brasileira. O que acontece quando pesquisamos sobre as instrumentistas musicais do pa\u00eds?\" \/>\n<meta name=\"robots\" content=\"index, follow, max-snippet:-1, max-image-preview:large, max-video-preview:-1\" \/>\n<link rel=\"canonical\" href=\"https:\/\/www.sabra.org.br\/site\/mulheres-instrumentistas\/\" \/>\n<meta property=\"og:locale\" content=\"pt_BR\" \/>\n<meta property=\"og:type\" content=\"article\" \/>\n<meta property=\"og:title\" content=\"Instrumentistas brasileiras que voc\u00ea deve conhecer - SABRA - Sociedade Art\u00edstica Brasileira\" \/>\n<meta property=\"og:description\" content=\"In\u00fameras vozes femininas marcaram a m\u00fasica brasileira. O que acontece quando pesquisamos sobre as instrumentistas musicais do pa\u00eds?\" \/>\n<meta property=\"og:url\" content=\"https:\/\/www.sabra.org.br\/site\/mulheres-instrumentistas\/\" \/>\n<meta property=\"og:site_name\" content=\"SABRA - Sociedade Art\u00edstica Brasileira\" \/>\n<meta property=\"article:publisher\" content=\"https:\/\/www.facebook.com\/sabrabrasil\" \/>\n<meta property=\"article:published_time\" content=\"2021-08-31T14:17:54+00:00\" \/>\n<meta property=\"article:modified_time\" content=\"2025-04-19T17:08:12+00:00\" \/>\n<meta property=\"og:image\" content=\"https:\/\/www.sabra.org.br\/site\/wp-content\/uploads\/2021\/08\/mulheres-na-musica-x-instrumentistas-brasileiras-que-voce-precisa-conhecer-20210803101037.jpg.jpg\" \/>\n\t<meta property=\"og:image:width\" content=\"800\" \/>\n\t<meta property=\"og:image:height\" content=\"533\" \/>\n\t<meta property=\"og:image:type\" content=\"image\/jpeg\" \/>\n<meta name=\"author\" content=\"M\u00e1rcio Miranda Pontes\" \/>\n<meta name=\"twitter:card\" content=\"summary_large_image\" \/>\n<meta name=\"twitter:creator\" content=\"@ContatoSabra\" \/>\n<meta name=\"twitter:site\" content=\"@ContatoSabra\" \/>\n<meta name=\"twitter:label1\" content=\"Escrito por\" \/>\n\t<meta name=\"twitter:data1\" content=\"M\u00e1rcio Miranda Pontes\" \/>\n\t<meta name=\"twitter:label2\" content=\"Est. tempo de leitura\" \/>\n\t<meta name=\"twitter:data2\" content=\"4 minutos\" \/>\n<script type=\"application\/ld+json\" class=\"yoast-schema-graph\">{\"@context\":\"https:\\\/\\\/schema.org\",\"@graph\":[{\"@type\":\"Article\",\"@id\":\"https:\\\/\\\/www.sabra.org.br\\\/site\\\/mulheres-instrumentistas\\\/#article\",\"isPartOf\":{\"@id\":\"https:\\\/\\\/www.sabra.org.br\\\/site\\\/mulheres-instrumentistas\\\/\"},\"author\":{\"name\":\"M\u00e1rcio Miranda Pontes\",\"@id\":\"https:\\\/\\\/www.sabra.org.br\\\/site\\\/#\\\/schema\\\/person\\\/7d1d222c3c8891d4c37c7b41bf6315c2\"},\"headline\":\"Mulheres na m\u00fasica: x instrumentistas brasileiras que voc\u00ea precisa conhecer\",\"datePublished\":\"2021-08-31T14:17:54+00:00\",\"dateModified\":\"2025-04-19T17:08:12+00:00\",\"mainEntityOfPage\":{\"@id\":\"https:\\\/\\\/www.sabra.org.br\\\/site\\\/mulheres-instrumentistas\\\/\"},\"wordCount\":750,\"publisher\":{\"@id\":\"https:\\\/\\\/www.sabra.org.br\\\/site\\\/#organization\"},\"image\":{\"@id\":\"https:\\\/\\\/www.sabra.org.br\\\/site\\\/mulheres-instrumentistas\\\/#primaryimage\"},\"thumbnailUrl\":\"https:\\\/\\\/www.sabra.org.br\\\/site\\\/wp-content\\\/uploads\\\/2021\\\/08\\\/mulheres-na-musica-x-instrumentistas-brasileiras-que-voce-precisa-conhecer-20210803101037.jpg.jpg\",\"keywords\":[\"Assist\u00eancia social\",\"Campos dos Goytacazes\",\"Canto Coral\",\"Escola de Musica SABRA\",\"Musicaliza\u00e7\u00e3o Infantil\",\"nova lima\",\"Orquestra Infanto Juvenil de Betim\",\"Orquestra Sinf\u00f4nica de Betim\",\"Raposos\",\"Sociedade Art\u00edstica Brasileira\"],\"articleSection\":[\"Blog SABRA\"],\"inLanguage\":\"pt-BR\"},{\"@type\":\"WebPage\",\"@id\":\"https:\\\/\\\/www.sabra.org.br\\\/site\\\/mulheres-instrumentistas\\\/\",\"url\":\"https:\\\/\\\/www.sabra.org.br\\\/site\\\/mulheres-instrumentistas\\\/\",\"name\":\"Instrumentistas brasileiras que voc\u00ea deve conhecer - SABRA - Sociedade Art\u00edstica Brasileira\",\"isPartOf\":{\"@id\":\"https:\\\/\\\/www.sabra.org.br\\\/site\\\/#website\"},\"primaryImageOfPage\":{\"@id\":\"https:\\\/\\\/www.sabra.org.br\\\/site\\\/mulheres-instrumentistas\\\/#primaryimage\"},\"image\":{\"@id\":\"https:\\\/\\\/www.sabra.org.br\\\/site\\\/mulheres-instrumentistas\\\/#primaryimage\"},\"thumbnailUrl\":\"https:\\\/\\\/www.sabra.org.br\\\/site\\\/wp-content\\\/uploads\\\/2021\\\/08\\\/mulheres-na-musica-x-instrumentistas-brasileiras-que-voce-precisa-conhecer-20210803101037.jpg.jpg\",\"datePublished\":\"2021-08-31T14:17:54+00:00\",\"dateModified\":\"2025-04-19T17:08:12+00:00\",\"description\":\"In\u00fameras vozes femininas marcaram a m\u00fasica brasileira. O que acontece quando pesquisamos sobre as instrumentistas musicais do pa\u00eds?\",\"breadcrumb\":{\"@id\":\"https:\\\/\\\/www.sabra.org.br\\\/site\\\/mulheres-instrumentistas\\\/#breadcrumb\"},\"inLanguage\":\"pt-BR\",\"potentialAction\":[{\"@type\":\"ReadAction\",\"target\":[\"https:\\\/\\\/www.sabra.org.br\\\/site\\\/mulheres-instrumentistas\\\/\"]}]},{\"@type\":\"ImageObject\",\"inLanguage\":\"pt-BR\",\"@id\":\"https:\\\/\\\/www.sabra.org.br\\\/site\\\/mulheres-instrumentistas\\\/#primaryimage\",\"url\":\"https:\\\/\\\/www.sabra.org.br\\\/site\\\/wp-content\\\/uploads\\\/2021\\\/08\\\/mulheres-na-musica-x-instrumentistas-brasileiras-que-voce-precisa-conhecer-20210803101037.jpg.jpg\",\"contentUrl\":\"https:\\\/\\\/www.sabra.org.br\\\/site\\\/wp-content\\\/uploads\\\/2021\\\/08\\\/mulheres-na-musica-x-instrumentistas-brasileiras-que-voce-precisa-conhecer-20210803101037.jpg.jpg\",\"width\":800,\"height\":533,\"caption\":\"Sociedade Art\u00edstica Brasileira SABRA\"},{\"@type\":\"BreadcrumbList\",\"@id\":\"https:\\\/\\\/www.sabra.org.br\\\/site\\\/mulheres-instrumentistas\\\/#breadcrumb\",\"itemListElement\":[{\"@type\":\"ListItem\",\"position\":1,\"name\":\"In\u00edcio\",\"item\":\"https:\\\/\\\/www.sabra.org.br\\\/site\\\/\"},{\"@type\":\"ListItem\",\"position\":2,\"name\":\"Mulheres na m\u00fasica: x instrumentistas brasileiras que voc\u00ea precisa conhecer\"}]},{\"@type\":\"WebSite\",\"@id\":\"https:\\\/\\\/www.sabra.org.br\\\/site\\\/#website\",\"url\":\"https:\\\/\\\/www.sabra.org.br\\\/site\\\/\",\"name\":\"SABRA - Sociedade Art\u00edstica Brasileira\",\"description\":\"Escola de M\u00fasica, Orquestra Sinf\u00f4nica, Coral e Patrim\u00f4nio Cultural e Hist\u00f3rico\",\"publisher\":{\"@id\":\"https:\\\/\\\/www.sabra.org.br\\\/site\\\/#organization\"},\"potentialAction\":[{\"@type\":\"SearchAction\",\"target\":{\"@type\":\"EntryPoint\",\"urlTemplate\":\"https:\\\/\\\/www.sabra.org.br\\\/site\\\/?s={search_term_string}\"},\"query-input\":{\"@type\":\"PropertyValueSpecification\",\"valueRequired\":true,\"valueName\":\"search_term_string\"}}],\"inLanguage\":\"pt-BR\"},{\"@type\":\"Organization\",\"@id\":\"https:\\\/\\\/www.sabra.org.br\\\/site\\\/#organization\",\"name\":\"SOCIEDADE ART\u00cdSTICA BRASILEIRA SABRA\",\"alternateName\":\"SABRA\",\"url\":\"https:\\\/\\\/www.sabra.org.br\\\/site\\\/\",\"logo\":{\"@type\":\"ImageObject\",\"inLanguage\":\"pt-BR\",\"@id\":\"https:\\\/\\\/www.sabra.org.br\\\/site\\\/#\\\/schema\\\/logo\\\/image\\\/\",\"url\":\"https:\\\/\\\/www.sabra.org.br\\\/site\\\/wp-content\\\/uploads\\\/2019\\\/06\\\/cropped-Logo_SABRA-Copia-1.webp\",\"contentUrl\":\"https:\\\/\\\/www.sabra.org.br\\\/site\\\/wp-content\\\/uploads\\\/2019\\\/06\\\/cropped-Logo_SABRA-Copia-1.webp\",\"width\":400,\"height\":128,\"caption\":\"SOCIEDADE ART\u00cdSTICA BRASILEIRA SABRA\"},\"image\":{\"@id\":\"https:\\\/\\\/www.sabra.org.br\\\/site\\\/#\\\/schema\\\/logo\\\/image\\\/\"},\"sameAs\":[\"https:\\\/\\\/www.facebook.com\\\/sabrabrasil\",\"https:\\\/\\\/x.com\\\/ContatoSabra\",\"https:\\\/\\\/www.instagram.com\\\/sabrabrasil\\\/\",\"https:\\\/\\\/www.linkedin.com\\\/company\\\/25002088\\\/\",\"https:\\\/\\\/br.pinterest.com\\\/sociedadeartisticabrasileira\\\/\",\"https:\\\/\\\/www.youtube.com\\\/c\\\/sabrabrasil\"]},{\"@type\":\"Person\",\"@id\":\"https:\\\/\\\/www.sabra.org.br\\\/site\\\/#\\\/schema\\\/person\\\/7d1d222c3c8891d4c37c7b41bf6315c2\",\"name\":\"M\u00e1rcio Miranda Pontes\",\"image\":{\"@type\":\"ImageObject\",\"inLanguage\":\"pt-BR\",\"@id\":\"https:\\\/\\\/secure.gravatar.com\\\/avatar\\\/3b45f24496a7625a3a6c436688fbe20344faaeb2979658dc4a9921f984d7df9a?s=96&d=mm&r=g\",\"url\":\"https:\\\/\\\/secure.gravatar.com\\\/avatar\\\/3b45f24496a7625a3a6c436688fbe20344faaeb2979658dc4a9921f984d7df9a?s=96&d=mm&r=g\",\"contentUrl\":\"https:\\\/\\\/secure.gravatar.com\\\/avatar\\\/3b45f24496a7625a3a6c436688fbe20344faaeb2979658dc4a9921f984d7df9a?s=96&d=mm&r=g\",\"caption\":\"M\u00e1rcio Miranda Pontes\"},\"sameAs\":[\"http:\\\/\\\/www.sabra.org.br\"],\"url\":\"https:\\\/\\\/www.sabra.org.br\\\/site\\\/author\\\/marcio-miranda-pontes\\\/\"}]}<\/script>\n<!-- \/ Yoast SEO plugin. -->","yoast_head_json":{"title":"Instrumentistas brasileiras que voc\u00ea deve conhecer - SABRA - Sociedade Art\u00edstica Brasileira","description":"In\u00fameras vozes femininas marcaram a m\u00fasica brasileira. O que acontece quando pesquisamos sobre as instrumentistas musicais do pa\u00eds?","robots":{"index":"index","follow":"follow","max-snippet":"max-snippet:-1","max-image-preview":"max-image-preview:large","max-video-preview":"max-video-preview:-1"},"canonical":"https:\/\/www.sabra.org.br\/site\/mulheres-instrumentistas\/","og_locale":"pt_BR","og_type":"article","og_title":"Instrumentistas brasileiras que voc\u00ea deve conhecer - SABRA - Sociedade Art\u00edstica Brasileira","og_description":"In\u00fameras vozes femininas marcaram a m\u00fasica brasileira. O que acontece quando pesquisamos sobre as instrumentistas musicais do pa\u00eds?","og_url":"https:\/\/www.sabra.org.br\/site\/mulheres-instrumentistas\/","og_site_name":"SABRA - Sociedade Art\u00edstica Brasileira","article_publisher":"https:\/\/www.facebook.com\/sabrabrasil","article_published_time":"2021-08-31T14:17:54+00:00","article_modified_time":"2025-04-19T17:08:12+00:00","og_image":[{"width":800,"height":533,"url":"https:\/\/www.sabra.org.br\/site\/wp-content\/uploads\/2021\/08\/mulheres-na-musica-x-instrumentistas-brasileiras-que-voce-precisa-conhecer-20210803101037.jpg.jpg","type":"image\/jpeg"}],"author":"M\u00e1rcio Miranda Pontes","twitter_card":"summary_large_image","twitter_creator":"@ContatoSabra","twitter_site":"@ContatoSabra","twitter_misc":{"Escrito por":"M\u00e1rcio Miranda Pontes","Est. tempo de leitura":"4 minutos"},"schema":{"@context":"https:\/\/schema.org","@graph":[{"@type":"Article","@id":"https:\/\/www.sabra.org.br\/site\/mulheres-instrumentistas\/#article","isPartOf":{"@id":"https:\/\/www.sabra.org.br\/site\/mulheres-instrumentistas\/"},"author":{"name":"M\u00e1rcio Miranda Pontes","@id":"https:\/\/www.sabra.org.br\/site\/#\/schema\/person\/7d1d222c3c8891d4c37c7b41bf6315c2"},"headline":"Mulheres na m\u00fasica: x instrumentistas brasileiras que voc\u00ea precisa conhecer","datePublished":"2021-08-31T14:17:54+00:00","dateModified":"2025-04-19T17:08:12+00:00","mainEntityOfPage":{"@id":"https:\/\/www.sabra.org.br\/site\/mulheres-instrumentistas\/"},"wordCount":750,"publisher":{"@id":"https:\/\/www.sabra.org.br\/site\/#organization"},"image":{"@id":"https:\/\/www.sabra.org.br\/site\/mulheres-instrumentistas\/#primaryimage"},"thumbnailUrl":"https:\/\/www.sabra.org.br\/site\/wp-content\/uploads\/2021\/08\/mulheres-na-musica-x-instrumentistas-brasileiras-que-voce-precisa-conhecer-20210803101037.jpg.jpg","keywords":["Assist\u00eancia social","Campos dos Goytacazes","Canto Coral","Escola de Musica SABRA","Musicaliza\u00e7\u00e3o Infantil","nova lima","Orquestra Infanto Juvenil de Betim","Orquestra Sinf\u00f4nica de Betim","Raposos","Sociedade Art\u00edstica Brasileira"],"articleSection":["Blog SABRA"],"inLanguage":"pt-BR"},{"@type":"WebPage","@id":"https:\/\/www.sabra.org.br\/site\/mulheres-instrumentistas\/","url":"https:\/\/www.sabra.org.br\/site\/mulheres-instrumentistas\/","name":"Instrumentistas brasileiras que voc\u00ea deve conhecer - SABRA - Sociedade Art\u00edstica Brasileira","isPartOf":{"@id":"https:\/\/www.sabra.org.br\/site\/#website"},"primaryImageOfPage":{"@id":"https:\/\/www.sabra.org.br\/site\/mulheres-instrumentistas\/#primaryimage"},"image":{"@id":"https:\/\/www.sabra.org.br\/site\/mulheres-instrumentistas\/#primaryimage"},"thumbnailUrl":"https:\/\/www.sabra.org.br\/site\/wp-content\/uploads\/2021\/08\/mulheres-na-musica-x-instrumentistas-brasileiras-que-voce-precisa-conhecer-20210803101037.jpg.jpg","datePublished":"2021-08-31T14:17:54+00:00","dateModified":"2025-04-19T17:08:12+00:00","description":"In\u00fameras vozes femininas marcaram a m\u00fasica brasileira. O que acontece quando pesquisamos sobre as instrumentistas musicais do pa\u00eds?","breadcrumb":{"@id":"https:\/\/www.sabra.org.br\/site\/mulheres-instrumentistas\/#breadcrumb"},"inLanguage":"pt-BR","potentialAction":[{"@type":"ReadAction","target":["https:\/\/www.sabra.org.br\/site\/mulheres-instrumentistas\/"]}]},{"@type":"ImageObject","inLanguage":"pt-BR","@id":"https:\/\/www.sabra.org.br\/site\/mulheres-instrumentistas\/#primaryimage","url":"https:\/\/www.sabra.org.br\/site\/wp-content\/uploads\/2021\/08\/mulheres-na-musica-x-instrumentistas-brasileiras-que-voce-precisa-conhecer-20210803101037.jpg.jpg","contentUrl":"https:\/\/www.sabra.org.br\/site\/wp-content\/uploads\/2021\/08\/mulheres-na-musica-x-instrumentistas-brasileiras-que-voce-precisa-conhecer-20210803101037.jpg.jpg","width":800,"height":533,"caption":"Sociedade Art\u00edstica Brasileira SABRA"},{"@type":"BreadcrumbList","@id":"https:\/\/www.sabra.org.br\/site\/mulheres-instrumentistas\/#breadcrumb","itemListElement":[{"@type":"ListItem","position":1,"name":"In\u00edcio","item":"https:\/\/www.sabra.org.br\/site\/"},{"@type":"ListItem","position":2,"name":"Mulheres na m\u00fasica: x instrumentistas brasileiras que voc\u00ea precisa conhecer"}]},{"@type":"WebSite","@id":"https:\/\/www.sabra.org.br\/site\/#website","url":"https:\/\/www.sabra.org.br\/site\/","name":"SABRA - Sociedade Art\u00edstica Brasileira","description":"Escola de M\u00fasica, Orquestra Sinf\u00f4nica, Coral e Patrim\u00f4nio Cultural e Hist\u00f3rico","publisher":{"@id":"https:\/\/www.sabra.org.br\/site\/#organization"},"potentialAction":[{"@type":"SearchAction","target":{"@type":"EntryPoint","urlTemplate":"https:\/\/www.sabra.org.br\/site\/?s={search_term_string}"},"query-input":{"@type":"PropertyValueSpecification","valueRequired":true,"valueName":"search_term_string"}}],"inLanguage":"pt-BR"},{"@type":"Organization","@id":"https:\/\/www.sabra.org.br\/site\/#organization","name":"SOCIEDADE ART\u00cdSTICA BRASILEIRA SABRA","alternateName":"SABRA","url":"https:\/\/www.sabra.org.br\/site\/","logo":{"@type":"ImageObject","inLanguage":"pt-BR","@id":"https:\/\/www.sabra.org.br\/site\/#\/schema\/logo\/image\/","url":"https:\/\/www.sabra.org.br\/site\/wp-content\/uploads\/2019\/06\/cropped-Logo_SABRA-Copia-1.webp","contentUrl":"https:\/\/www.sabra.org.br\/site\/wp-content\/uploads\/2019\/06\/cropped-Logo_SABRA-Copia-1.webp","width":400,"height":128,"caption":"SOCIEDADE ART\u00cdSTICA BRASILEIRA SABRA"},"image":{"@id":"https:\/\/www.sabra.org.br\/site\/#\/schema\/logo\/image\/"},"sameAs":["https:\/\/www.facebook.com\/sabrabrasil","https:\/\/x.com\/ContatoSabra","https:\/\/www.instagram.com\/sabrabrasil\/","https:\/\/www.linkedin.com\/company\/25002088\/","https:\/\/br.pinterest.com\/sociedadeartisticabrasileira\/","https:\/\/www.youtube.com\/c\/sabrabrasil"]},{"@type":"Person","@id":"https:\/\/www.sabra.org.br\/site\/#\/schema\/person\/7d1d222c3c8891d4c37c7b41bf6315c2","name":"M\u00e1rcio Miranda Pontes","image":{"@type":"ImageObject","inLanguage":"pt-BR","@id":"https:\/\/secure.gravatar.com\/avatar\/3b45f24496a7625a3a6c436688fbe20344faaeb2979658dc4a9921f984d7df9a?s=96&d=mm&r=g","url":"https:\/\/secure.gravatar.com\/avatar\/3b45f24496a7625a3a6c436688fbe20344faaeb2979658dc4a9921f984d7df9a?s=96&d=mm&r=g","contentUrl":"https:\/\/secure.gravatar.com\/avatar\/3b45f24496a7625a3a6c436688fbe20344faaeb2979658dc4a9921f984d7df9a?s=96&d=mm&r=g","caption":"M\u00e1rcio Miranda Pontes"},"sameAs":["http:\/\/www.sabra.org.br"],"url":"https:\/\/www.sabra.org.br\/site\/author\/marcio-miranda-pontes\/"}]}},"jetpack_featured_media_url":"https:\/\/www.sabra.org.br\/site\/wp-content\/uploads\/2021\/08\/mulheres-na-musica-x-instrumentistas-brasileiras-que-voce-precisa-conhecer-20210803101037.jpg.jpg","jetpack_shortlink":"https:\/\/wp.me\/p95j2Z-14V","jetpack-related-posts":[{"id":6987,"url":"https:\/\/www.sabra.org.br\/site\/orquestra-sinfonica-filarmonica-camara\/","url_meta":{"origin":4149,"position":0},"title":"Qual a diferen\u00e7a entre orquestra sinf\u00f4nica, filarm\u00f4nica e de c\u00e2mara?","author":"M\u00e1rcio Miranda Pontes","date":"28 de abril de 2023","format":false,"excerpt":"Se voc\u00ea gosta de m\u00fasica cl\u00e1ssica, mas tem dificuldade para entender as diferen\u00e7as entre orquestra sinf\u00f4nica, filarm\u00f4nica e de c\u00e2mara, precisa ler o artigo de hoje para tirar suas d\u00favidas!","rel":"","context":"Em &quot;Blog SABRA&quot;","block_context":{"text":"Blog SABRA","link":"https:\/\/www.sabra.org.br\/site\/category\/blog-sabra\/"},"img":{"alt_text":"orquestra-m\u00fasica-filarm\u00f4nica-instrumentista-sinf\u00f4nica-c\u00e2mara","src":"https:\/\/i0.wp.com\/www.sabra.org.br\/site\/wp-content\/uploads\/2023\/04\/qual-a-diferenca-entre-orquestra-sinfonica-filarmonica-e-de-camara-20171219145022.jpg.jpg?resize=350%2C200&ssl=1","width":350,"height":200,"srcset":"https:\/\/i0.wp.com\/www.sabra.org.br\/site\/wp-content\/uploads\/2023\/04\/qual-a-diferenca-entre-orquestra-sinfonica-filarmonica-e-de-camara-20171219145022.jpg.jpg?resize=350%2C200&ssl=1 1x, https:\/\/i0.wp.com\/www.sabra.org.br\/site\/wp-content\/uploads\/2023\/04\/qual-a-diferenca-entre-orquestra-sinfonica-filarmonica-e-de-camara-20171219145022.jpg.jpg?resize=525%2C300&ssl=1 1.5x, https:\/\/i0.wp.com\/www.sabra.org.br\/site\/wp-content\/uploads\/2023\/04\/qual-a-diferenca-entre-orquestra-sinfonica-filarmonica-e-de-camara-20171219145022.jpg.jpg?resize=700%2C400&ssl=1 2x, https:\/\/i0.wp.com\/www.sabra.org.br\/site\/wp-content\/uploads\/2023\/04\/qual-a-diferenca-entre-orquestra-sinfonica-filarmonica-e-de-camara-20171219145022.jpg.jpg?resize=1050%2C600&ssl=1 3x, https:\/\/i0.wp.com\/www.sabra.org.br\/site\/wp-content\/uploads\/2023\/04\/qual-a-diferenca-entre-orquestra-sinfonica-filarmonica-e-de-camara-20171219145022.jpg.jpg?resize=1400%2C800&ssl=1 4x"},"classes":[]},{"id":3191,"url":"https:\/\/www.sabra.org.br\/site\/vozes-raras\/","url_meta":{"origin":4149,"position":1},"title":"Vozes raras","author":"M\u00e1rcio Miranda Pontes","date":"22 de outubro de 2020","format":false,"excerpt":"J\u00e1 parou para pensar nas vozes mais raras que existem? Saiba que dentro da classifica\u00e7\u00e3o de vozes temos algumas mais dif\u00edceis de encontrar. Leia o artigo e saiba quais s\u00e3o elas!","rel":"","context":"Em &quot;Blog SABRA&quot;","block_context":{"text":"Blog SABRA","link":"https:\/\/www.sabra.org.br\/site\/category\/blog-sabra\/"},"img":{"alt_text":"vozes-raras","src":"https:\/\/i0.wp.com\/www.sabra.org.br\/site\/wp-content\/uploads\/2020\/10\/voce-sabe-quais-os-tipos-de-vozes-mais-raras-que-existem-20201001161911.jpg.jpg?resize=350%2C200&ssl=1","width":350,"height":200,"srcset":"https:\/\/i0.wp.com\/www.sabra.org.br\/site\/wp-content\/uploads\/2020\/10\/voce-sabe-quais-os-tipos-de-vozes-mais-raras-que-existem-20201001161911.jpg.jpg?resize=350%2C200&ssl=1 1x, https:\/\/i0.wp.com\/www.sabra.org.br\/site\/wp-content\/uploads\/2020\/10\/voce-sabe-quais-os-tipos-de-vozes-mais-raras-que-existem-20201001161911.jpg.jpg?resize=525%2C300&ssl=1 1.5x, https:\/\/i0.wp.com\/www.sabra.org.br\/site\/wp-content\/uploads\/2020\/10\/voce-sabe-quais-os-tipos-de-vozes-mais-raras-que-existem-20201001161911.jpg.jpg?resize=700%2C400&ssl=1 2x"},"classes":[]},{"id":639,"url":"https:\/\/www.sabra.org.br\/site\/o-que-e-uma-orquestra-de-camara\/","url_meta":{"origin":4149,"position":2},"title":"O que \u00e9 uma orquestra de c\u00e2mara?","author":"M\u00e1rcio Miranda Pontes","date":"11 de setembro de 2017","format":false,"excerpt":"Conhe\u00e7a a c\u00e3mara, o modelo mais antigo de orquestra, e descubra sua influ\u00eancia na m\u00fasica cl\u00e1ssica e moderna.","rel":"","context":"Em &quot;Blog SABRA&quot;","block_context":{"text":"Blog SABRA","link":"https:\/\/www.sabra.org.br\/site\/category\/blog-sabra\/"},"img":{"alt_text":"c\u00e2mara-orquestra-instrumento-m\u00fasica-gruupo-instrumentista","src":"https:\/\/i0.wp.com\/www.sabra.org.br\/site\/wp-content\/uploads\/2017\/09\/Manuel_da_Costa_Ata%C3%ADde_-_Anjos_m%C3%BAsicos.jpg?resize=350%2C200&ssl=1","width":350,"height":200,"srcset":"https:\/\/i0.wp.com\/www.sabra.org.br\/site\/wp-content\/uploads\/2017\/09\/Manuel_da_Costa_Ata%C3%ADde_-_Anjos_m%C3%BAsicos.jpg?resize=350%2C200&ssl=1 1x, https:\/\/i0.wp.com\/www.sabra.org.br\/site\/wp-content\/uploads\/2017\/09\/Manuel_da_Costa_Ata%C3%ADde_-_Anjos_m%C3%BAsicos.jpg?resize=525%2C300&ssl=1 1.5x"},"classes":[]},{"id":2269,"url":"https:\/\/www.sabra.org.br\/site\/origem-orquestra\/","url_meta":{"origin":4149,"position":3},"title":"Origem da Orquestra","author":"M\u00e1rcio Miranda Pontes","date":"26 de julho de 2019","format":false,"excerpt":"A palavra \u201corquestra\u201d vem do grego \u201corkh\u00e9stra\u201d, que designava, na Gr\u00e9cia Antiga, o espa\u00e7o localizado entre a plateia e o palco, ocupado pelo coro e composto por m\u00fasicos e dan\u00e7arinos.","rel":"","context":"Em &quot;Blog SABRA&quot;","block_context":{"text":"Blog SABRA","link":"https:\/\/www.sabra.org.br\/site\/category\/blog-sabra\/"},"img":{"alt_text":"orquestras-instrumentos-s\u00e9culos","src":"https:\/\/i0.wp.com\/www.sabra.org.br\/site\/wp-content\/uploads\/2017\/09\/Orquestra.jpg?resize=350%2C200&ssl=1","width":350,"height":200,"srcset":"https:\/\/i0.wp.com\/www.sabra.org.br\/site\/wp-content\/uploads\/2017\/09\/Orquestra.jpg?resize=350%2C200&ssl=1 1x, https:\/\/i0.wp.com\/www.sabra.org.br\/site\/wp-content\/uploads\/2017\/09\/Orquestra.jpg?resize=525%2C300&ssl=1 1.5x, https:\/\/i0.wp.com\/www.sabra.org.br\/site\/wp-content\/uploads\/2017\/09\/Orquestra.jpg?resize=700%2C400&ssl=1 2x, https:\/\/i0.wp.com\/www.sabra.org.br\/site\/wp-content\/uploads\/2017\/09\/Orquestra.jpg?resize=1050%2C600&ssl=1 3x, https:\/\/i0.wp.com\/www.sabra.org.br\/site\/wp-content\/uploads\/2017\/09\/Orquestra.jpg?resize=1400%2C800&ssl=1 4x"},"classes":[]},{"id":783,"url":"https:\/\/www.sabra.org.br\/site\/sabra-e-orquestra-sinfonica-de-betim-promovem-concerto-didatico-para-surdos\/","url_meta":{"origin":4149,"position":4},"title":"SABRA e Orquestra Sinf\u00f4nica de Betim promovem Concerto Did\u00e1tico para Surdos","author":"M\u00e1rcio Miranda Pontes","date":"6 de novembro de 2017","format":false,"excerpt":"A Sociedade Art\u00edstica Brasileira (SABRA) promove, no dia 10 de novembro, o Concerto Did\u00e1tico para Surdos, em Betim, Minas Gerais. Sob a reg\u00eancia de M\u00e1rcio Miranda Pontes, 74 instrumentistas da Orquestra Sinf\u00f4nica de Betim, em forma\u00e7\u00e3o completa, interpretam obras como Finlandia de Sibelius, Capriccio Italiano e o 4\u00ba movimento da\u2026","rel":"","context":"Em &quot;Not\u00edcias&quot;","block_context":{"text":"Not\u00edcias","link":"https:\/\/www.sabra.org.br\/site\/category\/noticias\/"},"img":{"alt_text":"M\u00e1rcio Miranda Pontes","src":"https:\/\/i0.wp.com\/www.sabra.org.br\/site\/wp-content\/uploads\/2017\/11\/release-2-20171027133315.jpg.jpg?resize=350%2C200&ssl=1","width":350,"height":200,"srcset":"https:\/\/i0.wp.com\/www.sabra.org.br\/site\/wp-content\/uploads\/2017\/11\/release-2-20171027133315.jpg.jpg?resize=350%2C200&ssl=1 1x, https:\/\/i0.wp.com\/www.sabra.org.br\/site\/wp-content\/uploads\/2017\/11\/release-2-20171027133315.jpg.jpg?resize=525%2C300&ssl=1 1.5x, https:\/\/i0.wp.com\/www.sabra.org.br\/site\/wp-content\/uploads\/2017\/11\/release-2-20171027133315.jpg.jpg?resize=700%2C400&ssl=1 2x"},"classes":[]},{"id":4858,"url":"https:\/\/www.sabra.org.br\/site\/orquestra-historia\/","url_meta":{"origin":4149,"position":5},"title":"Hist\u00f3ria da orquestra","author":"M\u00e1rcio Miranda Pontes","date":"24 de mar\u00e7o de 2022","format":false,"excerpt":"Nos prim\u00f3rdios, a m\u00fasica era protagonizada somente por cantores, o que hoje conhecemos como orquestra sinf\u00f4nica \u00e9 resultado de uma evolu\u00e7\u00e3o. Leia o post e entenda mais acerca da hist\u00f3ria da orquestra.","rel":"","context":"Em &quot;Blog SABRA&quot;","block_context":{"text":"Blog SABRA","link":"https:\/\/www.sabra.org.br\/site\/category\/blog-sabra\/"},"img":{"alt_text":"orquestra-conhecemos-conceito-m\u00fasica-instrumento","src":"https:\/\/i0.wp.com\/www.sabra.org.br\/site\/wp-content\/uploads\/2022\/03\/historia-da-orquestra-20211210160934.jpg.jpg?resize=350%2C200&ssl=1","width":350,"height":200,"srcset":"https:\/\/i0.wp.com\/www.sabra.org.br\/site\/wp-content\/uploads\/2022\/03\/historia-da-orquestra-20211210160934.jpg.jpg?resize=350%2C200&ssl=1 1x, https:\/\/i0.wp.com\/www.sabra.org.br\/site\/wp-content\/uploads\/2022\/03\/historia-da-orquestra-20211210160934.jpg.jpg?resize=525%2C300&ssl=1 1.5x, https:\/\/i0.wp.com\/www.sabra.org.br\/site\/wp-content\/uploads\/2022\/03\/historia-da-orquestra-20211210160934.jpg.jpg?resize=700%2C400&ssl=1 2x"},"classes":[]}],"jetpack_likes_enabled":true,"jetpack_sharing_enabled":true,"_links":{"self":[{"href":"https:\/\/www.sabra.org.br\/site\/wp-json\/wp\/v2\/posts\/4149","targetHints":{"allow":["GET"]}}],"collection":[{"href":"https:\/\/www.sabra.org.br\/site\/wp-json\/wp\/v2\/posts"}],"about":[{"href":"https:\/\/www.sabra.org.br\/site\/wp-json\/wp\/v2\/types\/post"}],"author":[{"embeddable":true,"href":"https:\/\/www.sabra.org.br\/site\/wp-json\/wp\/v2\/users\/39"}],"replies":[{"embeddable":true,"href":"https:\/\/www.sabra.org.br\/site\/wp-json\/wp\/v2\/comments?post=4149"}],"version-history":[{"count":0,"href":"https:\/\/www.sabra.org.br\/site\/wp-json\/wp\/v2\/posts\/4149\/revisions"}],"wp:featuredmedia":[{"embeddable":true,"href":"https:\/\/www.sabra.org.br\/site\/wp-json\/wp\/v2\/media\/4150"}],"wp:attachment":[{"href":"https:\/\/www.sabra.org.br\/site\/wp-json\/wp\/v2\/media?parent=4149"}],"wp:term":[{"taxonomy":"category","embeddable":true,"href":"https:\/\/www.sabra.org.br\/site\/wp-json\/wp\/v2\/categories?post=4149"},{"taxonomy":"post_tag","embeddable":true,"href":"https:\/\/www.sabra.org.br\/site\/wp-json\/wp\/v2\/tags?post=4149"}],"curies":[{"name":"wp","href":"https:\/\/api.w.org\/{rel}","templated":true}]}}