{"id":4194,"date":"2021-09-21T18:43:57","date_gmt":"2021-09-21T21:43:57","guid":{"rendered":"https:\/\/www.sabra.org.br\/site\/?p=4194"},"modified":"2021-09-21T19:36:41","modified_gmt":"2021-09-21T22:36:41","slug":"ensino-remoto","status":"publish","type":"post","link":"https:\/\/www.sabra.org.br\/site\/ensino-remoto\/","title":{"rendered":"Como inovar no ensino musical mesmo com a pandemia"},"content":{"rendered":"<p>[vc_row][vc_column][vc_column_text]O ensino musical \u00e9 fundamental para a forma\u00e7\u00e3o educacional e cultural de crian\u00e7as, jovens e adultos. E com a pandemia e o distanciamento social, aulas de m\u00fasica que eram feitas presencialmente, acontecem de forma virtual. Por isso, inovar nesse momento \u00e9 essencial.<\/p>\n<p>Veja agora mesmo algumas formas de como inovar no ensino musical, mesmo com a pandemia e conseguir com que seu filho tenha aulas musicais com qualidade e seguran\u00e7a.<\/p>\n<h2>Aulas online<\/h2>\n<p>As aulas presenciais est\u00e3o dando lugar \u00e0s aulas online, mas isso n\u00e3o \u00e9 um impedimento para que crian\u00e7as, jovens e adultos tenham contato com m\u00fasica e arte. Pelo contr\u00e1rio, o fato de os professores estarem inovando e proporcionando conte\u00fados de qualidade atrav\u00e9s de um computador, \u00e9 mais um incentivo.<\/p>\n<p>Os professores de m\u00fasica est\u00e3o cada vez mais preparados para esse momento em que o virtual est\u00e1 presente, pois inovaram em aprender a utilizar sistemas online. Com isso, mesmo atrav\u00e9s de casa, o aluno pode aprender m\u00fasica.<\/p>\n<p>Al\u00e9m disso, em rela\u00e7\u00e3o aos instrumentos musicais tamb\u00e9m h\u00e1 inova\u00e7\u00e3o para possibilitar as aulas de m\u00fasicas online, pois muitos alunos n\u00e3o possuem os mesmos instrumentos que teriam acesso na aula presencial.<\/p>\n<p>Por isso, os professores est\u00e3o utilizando mecanismos diferentes e usando a tecnologia como o maior aliado e n\u00e3o deixar com que o aluno perca o interesse pelas aulas de m\u00fasica. Veja abaixo:<\/p>\n<h2>Mecanismos de est\u00edmulo aos alunos<\/h2>\n<p>Uma das formas poss\u00edveis de inovar no ensino musical mesmo com a pandemia \u00e9 a utiliza\u00e7\u00e3o de playbacks e \u00e1udios originais pelos professores. Com isso, as aulas se tornam mais interativas e os alunos, mesmo de forma virtual, conseguem participar ativamente das aulas.<\/p>\n<p>Al\u00e9m disso, com esse est\u00edmulo diferente, os alunos se sentem mais motivados e as aulas se tornam mais divertidas.<\/p>\n<p>Ademais, outro mecanismo de est\u00edmulo que os alunos podem ter \u00e9 o apoio dos pais ou respons\u00e1veis. Muitos professores de m\u00fasicas est\u00e3o pedindo para que os pais acompanhem os filhos para verificar a frequ\u00eancia dos treinos em casa.<\/p>\n<p>Assim, com o esfor\u00e7o dos professores, alunos e pais, o resultado das aulas de m\u00fasica na pandemia pode ser muito melhor e mais proveitoso.<\/p>\n<p>Outra possibilidade de inovar no ensino musical em tempos de pandemia \u00e9 na grava\u00e7\u00e3o de v\u00eddeos. Muitas vezes, dependendo da plataforma que o professor e o aluno utilizam, tem um delay, que \u00e9 um atraso no som e no v\u00eddeo por conta da internet.<\/p>\n<p>Por isso, enviando v\u00eddeos, os alunos conseguem praticar ao mesmo tempo em que os professores e parte na aula pode ser feita sem interfer\u00eancia de delay.<\/p>\n<h2>Considera\u00e7\u00f5es finais<\/h2>\n<p>Como voc\u00ea pode notar, o fato de as aulas musicais estarem sendo dadas de forma online n\u00e3o atrapalha o desenvolvimento do aluno. Pelo contr\u00e1rio, com t\u00e1ticas e inova\u00e7\u00f5es, os professores est\u00e3o encontrando cada vez mais meios de estarem pr\u00f3ximos dos alunos e transmitirem o conhecimento necess\u00e1rio.<\/p>\n<p>Assim, a constru\u00e7\u00e3o do ensino das artes e da cultura como um todo n\u00e3o precisa ser interrompido e esse per\u00edodo passar\u00e1 sem deixar marcas negativas no aprendizado de aulas de m\u00fasica dos mais diversos alunos.<\/p>\n<p>Gostou deste texto? Compartilhe!<\/p>\n<blockquote class=\"wp-embedded-content\" data-secret=\"NMx80btnWN\"><p><a href=\"https:\/\/www.sabra.org.br\/site\/trabalho\/\">O mercado de trabalho para jovens no p\u00f3s-pandemia<\/a><\/p><\/blockquote>\n<p><iframe class=\"wp-embedded-content\" sandbox=\"allow-scripts\" security=\"restricted\" style=\"position: absolute; visibility: hidden;\" title=\"&#8220;O mercado de trabalho para jovens no p\u00f3s-pandemia&#8221; &#8212; SABRA - Sociedade Art\u00edstica Brasileira\" src=\"https:\/\/www.sabra.org.br\/site\/trabalho\/embed\/#?secret=6pyeinwEJX#?secret=NMx80btnWN\" data-secret=\"NMx80btnWN\" width=\"600\" height=\"338\" frameborder=\"0\" marginwidth=\"0\" marginheight=\"0\" scrolling=\"no\"><\/iframe><\/p>\n<hr \/>\n<h2>Se voc\u00ea gostou deste post:<\/h2>\n<p>&#8211; SIGA as nossas p\u00e1ginas nas redes sociais para acompanhar as nossas atualiza\u00e7\u00f5es: estamos no <a href=\"https:\/\/www.facebook.com\/sabrabrasil\" target=\"_blank\" rel=\"noopener\">Facebook<\/a>, no <a href=\"https:\/\/www.instagram.com\/sabrabrasil\/\" target=\"_blank\" rel=\"noopener\">Instagram<\/a>, no <a href=\"https:\/\/www.linkedin.com\/company\/25002088\" target=\"_blank\" rel=\"noopener\">LinkedIn<\/a>, no <a href=\"https:\/\/twitter.com\/ContatoSabra\" target=\"_blank\" rel=\"noopener\">Twitter<\/a> e no <a href=\"https:\/\/www.youtube.com\/channel\/UCJw-kbuEvzUNdeQf20Pa-eQ\" target=\"_blank\" rel=\"noopener\">YouTube<\/a>!<\/p>\n<p>&#8211; CONHE\u00c7A o trabalho da Sociedade Art\u00edstica Brasileira (SABRA) e todas as iniciativas culturais e sociais que ela mant\u00e9m. <a href=\"https:\/\/www.sabra.org.br\/site\/acoes\/\" target=\"_blank\" rel=\"noopener\">Acesse nosso site!<\/a><\/p>\n<p>&#8211; ENTRE EM CONTATO com a gente. E veja quais s\u00e3o as op\u00e7\u00f5es de ajuda na manuten\u00e7\u00e3o de nossas a\u00e7\u00f5es sociais e culturais. Basta acessar nossa p\u00e1gina <a href=\"https:\/\/www.sabra.org.br\/site\/doe-agora\/\" target=\"_blank\" rel=\"noopener\">Doe Agora!<\/a><\/p>\n<p>&#8211; COMPARTILHE este texto nas suas redes sociais e ajude os seus amigos a tamb\u00e9m dominarem o assunto!<\/p>\n<p>\u2013 Os projetos da @sabrabrasil s\u00e3o realizados com o patroci\u0301nio m\u00e1ster: @institutounimedbh, viabilizado pelo incentivo de mais de 5,2 mil m\u00e9dicos cooperados e colaboradores via Lei de Incentivo \u00e0 Cultura &#8211; @mturismo, @culturagovbr. Patroc\u00ednio prata: @vallourec e apoio: @prefeiturabetim[\/vc_column_text][\/vc_column][\/vc_row]<\/p>\n","protected":false},"excerpt":{"rendered":"<p>Como inovar no ensino musical mesmo com a pandemia<\/p>\n<p>Veja neste artigo algumas formas de como inovar nas aulas musicais mesmo com a pandemia e fazer com que os alunos continuem aprendendo m\u00fasica e alimentando a cultura mesmo em per\u00edodos de isolamento social.<\/p>\n<p>Patroci\u0301nio m\u00e1ster: @institutounimedbh, viabilizado pelo incentivo de mais de 5,2 mil m\u00e9dicos cooperados e colaboradores via Lei de Incentivo \u00e0 Cultura &#8211; @mturismo, @culturagovbr. Patroc\u00ednio prata: @vallourec e apoio: @prefeiturabetim<\/p>\n<p>#sabrabrasil #institutounimedbh #vallourec #semedbetim #betim #novalima #raposos #camposdosgoytacazes #maestromarciomirandapontes<\/p>\n","protected":false},"author":39,"featured_media":4196,"comment_status":"closed","ping_status":"closed","sticky":false,"template":"","format":"standard","meta":{"jetpack_post_was_ever_published":false,"_jetpack_newsletter_access":"","_jetpack_dont_email_post_to_subs":false,"_jetpack_newsletter_tier_id":0,"_jetpack_memberships_contains_paywalled_content":false,"_jetpack_memberships_contains_paid_content":false,"footnotes":""},"categories":[1],"tags":[15,3623,8,1285,16,3519,1286,11,3622,9],"class_list":["post-4194","post","type-post","status-publish","format-standard","has-post-thumbnail","hentry","category-blog-sabra","tag-assistencia-social","tag-campos-dos-goytacazes","tag-canto-coral","tag-escola-de-musica-sabra","tag-musicalizacao-infantil","tag-nova-lima-2","tag-orquestra-infanto-juvenil-de-betim","tag-orquestra-sinfonica-de-betim","tag-raposos","tag-sociedade-artistica-brasileira"],"yoast_head":"<!-- This site is optimized with the Yoast SEO plugin v27.5 - https:\/\/yoast.com\/product\/yoast-seo-wordpress\/ -->\n<title>Como inovar no ensino musical mesmo com a pandemia - SABRA - Sociedade Art\u00edstica Brasileira<\/title>\n<meta name=\"description\" content=\"Veja algumas formas de como inovar nas aulas musicais mesmo com a pandemia e fazer com que os alunos continuem aprendendo m\u00fasica.\" \/>\n<meta name=\"robots\" content=\"index, follow, max-snippet:-1, max-image-preview:large, max-video-preview:-1\" \/>\n<link rel=\"canonical\" href=\"https:\/\/www.sabra.org.br\/site\/ensino-remoto\/\" \/>\n<meta property=\"og:locale\" content=\"pt_BR\" \/>\n<meta property=\"og:type\" content=\"article\" \/>\n<meta property=\"og:title\" content=\"Como inovar no ensino musical mesmo com a pandemia - SABRA - Sociedade Art\u00edstica Brasileira\" \/>\n<meta property=\"og:description\" content=\"Veja algumas formas de como inovar nas aulas musicais mesmo com a pandemia e fazer com que os alunos continuem aprendendo m\u00fasica.\" \/>\n<meta property=\"og:url\" content=\"https:\/\/www.sabra.org.br\/site\/ensino-remoto\/\" \/>\n<meta property=\"og:site_name\" content=\"SABRA - Sociedade Art\u00edstica Brasileira\" \/>\n<meta property=\"article:publisher\" content=\"https:\/\/www.facebook.com\/sabrabrasil\" \/>\n<meta property=\"article:published_time\" content=\"2021-09-21T21:43:57+00:00\" \/>\n<meta property=\"article:modified_time\" content=\"2021-09-21T22:36:41+00:00\" \/>\n<meta property=\"og:image\" content=\"https:\/\/i0.wp.com\/www.sabra.org.br\/site\/wp-content\/uploads\/2021\/09\/como-inovar-no-ensino-musical-mesmo-com-a-pandemia-20210125102928.jpg.jpg?fit=800%2C533&ssl=1\" \/>\n\t<meta property=\"og:image:width\" content=\"800\" \/>\n\t<meta property=\"og:image:height\" content=\"533\" \/>\n\t<meta property=\"og:image:type\" content=\"image\/jpeg\" \/>\n<meta name=\"author\" content=\"M\u00e1rcio Miranda Pontes\" \/>\n<meta name=\"twitter:card\" content=\"summary_large_image\" \/>\n<meta name=\"twitter:creator\" content=\"@ContatoSabra\" \/>\n<meta name=\"twitter:site\" content=\"@ContatoSabra\" \/>\n<meta name=\"twitter:label1\" content=\"Escrito por\" \/>\n\t<meta name=\"twitter:data1\" content=\"M\u00e1rcio Miranda Pontes\" \/>\n\t<meta name=\"twitter:label2\" content=\"Est. tempo de leitura\" \/>\n\t<meta name=\"twitter:data2\" content=\"3 minutos\" \/>\n<script type=\"application\/ld+json\" class=\"yoast-schema-graph\">{\"@context\":\"https:\\\/\\\/schema.org\",\"@graph\":[{\"@type\":\"Article\",\"@id\":\"https:\\\/\\\/www.sabra.org.br\\\/site\\\/ensino-remoto\\\/#article\",\"isPartOf\":{\"@id\":\"https:\\\/\\\/www.sabra.org.br\\\/site\\\/ensino-remoto\\\/\"},\"author\":{\"name\":\"M\u00e1rcio Miranda Pontes\",\"@id\":\"https:\\\/\\\/www.sabra.org.br\\\/site\\\/#\\\/schema\\\/person\\\/7d1d222c3c8891d4c37c7b41bf6315c2\"},\"headline\":\"Como inovar no ensino musical mesmo com a pandemia\",\"datePublished\":\"2021-09-21T21:43:57+00:00\",\"dateModified\":\"2021-09-21T22:36:41+00:00\",\"mainEntityOfPage\":{\"@id\":\"https:\\\/\\\/www.sabra.org.br\\\/site\\\/ensino-remoto\\\/\"},\"wordCount\":733,\"publisher\":{\"@id\":\"https:\\\/\\\/www.sabra.org.br\\\/site\\\/#organization\"},\"image\":{\"@id\":\"https:\\\/\\\/www.sabra.org.br\\\/site\\\/ensino-remoto\\\/#primaryimage\"},\"thumbnailUrl\":\"https:\\\/\\\/www.sabra.org.br\\\/site\\\/wp-content\\\/uploads\\\/2021\\\/09\\\/como-inovar-no-ensino-musical-mesmo-com-a-pandemia-20210125102928.jpg.jpg\",\"keywords\":[\"Assist\u00eancia social\",\"Campos dos Goytacazes\",\"Canto Coral\",\"Escola de Musica SABRA\",\"Musicaliza\u00e7\u00e3o Infantil\",\"nova lima\",\"Orquestra Infanto Juvenil de Betim\",\"Orquestra Sinf\u00f4nica de Betim\",\"Raposos\",\"Sociedade Art\u00edstica Brasileira\"],\"articleSection\":[\"Blog SABRA\"],\"inLanguage\":\"pt-BR\"},{\"@type\":\"WebPage\",\"@id\":\"https:\\\/\\\/www.sabra.org.br\\\/site\\\/ensino-remoto\\\/\",\"url\":\"https:\\\/\\\/www.sabra.org.br\\\/site\\\/ensino-remoto\\\/\",\"name\":\"Como inovar no ensino musical mesmo com a pandemia - SABRA - Sociedade Art\u00edstica Brasileira\",\"isPartOf\":{\"@id\":\"https:\\\/\\\/www.sabra.org.br\\\/site\\\/#website\"},\"primaryImageOfPage\":{\"@id\":\"https:\\\/\\\/www.sabra.org.br\\\/site\\\/ensino-remoto\\\/#primaryimage\"},\"image\":{\"@id\":\"https:\\\/\\\/www.sabra.org.br\\\/site\\\/ensino-remoto\\\/#primaryimage\"},\"thumbnailUrl\":\"https:\\\/\\\/www.sabra.org.br\\\/site\\\/wp-content\\\/uploads\\\/2021\\\/09\\\/como-inovar-no-ensino-musical-mesmo-com-a-pandemia-20210125102928.jpg.jpg\",\"datePublished\":\"2021-09-21T21:43:57+00:00\",\"dateModified\":\"2021-09-21T22:36:41+00:00\",\"description\":\"Veja algumas formas de como inovar nas aulas musicais mesmo com a pandemia e fazer com que os alunos continuem aprendendo m\u00fasica.\",\"breadcrumb\":{\"@id\":\"https:\\\/\\\/www.sabra.org.br\\\/site\\\/ensino-remoto\\\/#breadcrumb\"},\"inLanguage\":\"pt-BR\",\"potentialAction\":[{\"@type\":\"ReadAction\",\"target\":[\"https:\\\/\\\/www.sabra.org.br\\\/site\\\/ensino-remoto\\\/\"]}]},{\"@type\":\"ImageObject\",\"inLanguage\":\"pt-BR\",\"@id\":\"https:\\\/\\\/www.sabra.org.br\\\/site\\\/ensino-remoto\\\/#primaryimage\",\"url\":\"https:\\\/\\\/www.sabra.org.br\\\/site\\\/wp-content\\\/uploads\\\/2021\\\/09\\\/como-inovar-no-ensino-musical-mesmo-com-a-pandemia-20210125102928.jpg.jpg\",\"contentUrl\":\"https:\\\/\\\/www.sabra.org.br\\\/site\\\/wp-content\\\/uploads\\\/2021\\\/09\\\/como-inovar-no-ensino-musical-mesmo-com-a-pandemia-20210125102928.jpg.jpg\",\"width\":800,\"height\":533,\"caption\":\"Sociedade Art\u00edstica Brasileira SABRA\"},{\"@type\":\"BreadcrumbList\",\"@id\":\"https:\\\/\\\/www.sabra.org.br\\\/site\\\/ensino-remoto\\\/#breadcrumb\",\"itemListElement\":[{\"@type\":\"ListItem\",\"position\":1,\"name\":\"In\u00edcio\",\"item\":\"https:\\\/\\\/www.sabra.org.br\\\/site\\\/\"},{\"@type\":\"ListItem\",\"position\":2,\"name\":\"Como inovar no ensino musical mesmo com a pandemia\"}]},{\"@type\":\"WebSite\",\"@id\":\"https:\\\/\\\/www.sabra.org.br\\\/site\\\/#website\",\"url\":\"https:\\\/\\\/www.sabra.org.br\\\/site\\\/\",\"name\":\"SABRA - Sociedade Art\u00edstica Brasileira\",\"description\":\"Escola de M\u00fasica, Orquestra Sinf\u00f4nica, Coral e Patrim\u00f4nio Cultural e Hist\u00f3rico\",\"publisher\":{\"@id\":\"https:\\\/\\\/www.sabra.org.br\\\/site\\\/#organization\"},\"potentialAction\":[{\"@type\":\"SearchAction\",\"target\":{\"@type\":\"EntryPoint\",\"urlTemplate\":\"https:\\\/\\\/www.sabra.org.br\\\/site\\\/?s={search_term_string}\"},\"query-input\":{\"@type\":\"PropertyValueSpecification\",\"valueRequired\":true,\"valueName\":\"search_term_string\"}}],\"inLanguage\":\"pt-BR\"},{\"@type\":\"Organization\",\"@id\":\"https:\\\/\\\/www.sabra.org.br\\\/site\\\/#organization\",\"name\":\"SOCIEDADE ART\u00cdSTICA BRASILEIRA SABRA\",\"alternateName\":\"SABRA\",\"url\":\"https:\\\/\\\/www.sabra.org.br\\\/site\\\/\",\"logo\":{\"@type\":\"ImageObject\",\"inLanguage\":\"pt-BR\",\"@id\":\"https:\\\/\\\/www.sabra.org.br\\\/site\\\/#\\\/schema\\\/logo\\\/image\\\/\",\"url\":\"https:\\\/\\\/www.sabra.org.br\\\/site\\\/wp-content\\\/uploads\\\/2019\\\/06\\\/cropped-Logo_SABRA-Copia-1.webp\",\"contentUrl\":\"https:\\\/\\\/www.sabra.org.br\\\/site\\\/wp-content\\\/uploads\\\/2019\\\/06\\\/cropped-Logo_SABRA-Copia-1.webp\",\"width\":400,\"height\":128,\"caption\":\"SOCIEDADE ART\u00cdSTICA BRASILEIRA SABRA\"},\"image\":{\"@id\":\"https:\\\/\\\/www.sabra.org.br\\\/site\\\/#\\\/schema\\\/logo\\\/image\\\/\"},\"sameAs\":[\"https:\\\/\\\/www.facebook.com\\\/sabrabrasil\",\"https:\\\/\\\/x.com\\\/ContatoSabra\",\"https:\\\/\\\/www.instagram.com\\\/sabrabrasil\\\/\",\"https:\\\/\\\/www.linkedin.com\\\/company\\\/25002088\\\/\",\"https:\\\/\\\/br.pinterest.com\\\/sociedadeartisticabrasileira\\\/\",\"https:\\\/\\\/www.youtube.com\\\/c\\\/sabrabrasil\"]},{\"@type\":\"Person\",\"@id\":\"https:\\\/\\\/www.sabra.org.br\\\/site\\\/#\\\/schema\\\/person\\\/7d1d222c3c8891d4c37c7b41bf6315c2\",\"name\":\"M\u00e1rcio Miranda Pontes\",\"image\":{\"@type\":\"ImageObject\",\"inLanguage\":\"pt-BR\",\"@id\":\"https:\\\/\\\/secure.gravatar.com\\\/avatar\\\/3b45f24496a7625a3a6c436688fbe20344faaeb2979658dc4a9921f984d7df9a?s=96&d=mm&r=g\",\"url\":\"https:\\\/\\\/secure.gravatar.com\\\/avatar\\\/3b45f24496a7625a3a6c436688fbe20344faaeb2979658dc4a9921f984d7df9a?s=96&d=mm&r=g\",\"contentUrl\":\"https:\\\/\\\/secure.gravatar.com\\\/avatar\\\/3b45f24496a7625a3a6c436688fbe20344faaeb2979658dc4a9921f984d7df9a?s=96&d=mm&r=g\",\"caption\":\"M\u00e1rcio Miranda Pontes\"},\"sameAs\":[\"http:\\\/\\\/www.sabra.org.br\"],\"url\":\"https:\\\/\\\/www.sabra.org.br\\\/site\\\/author\\\/marcio-miranda-pontes\\\/\"}]}<\/script>\n<!-- \/ Yoast SEO plugin. -->","yoast_head_json":{"title":"Como inovar no ensino musical mesmo com a pandemia - SABRA - Sociedade Art\u00edstica Brasileira","description":"Veja algumas formas de como inovar nas aulas musicais mesmo com a pandemia e fazer com que os alunos continuem aprendendo m\u00fasica.","robots":{"index":"index","follow":"follow","max-snippet":"max-snippet:-1","max-image-preview":"max-image-preview:large","max-video-preview":"max-video-preview:-1"},"canonical":"https:\/\/www.sabra.org.br\/site\/ensino-remoto\/","og_locale":"pt_BR","og_type":"article","og_title":"Como inovar no ensino musical mesmo com a pandemia - SABRA - Sociedade Art\u00edstica Brasileira","og_description":"Veja algumas formas de como inovar nas aulas musicais mesmo com a pandemia e fazer com que os alunos continuem aprendendo m\u00fasica.","og_url":"https:\/\/www.sabra.org.br\/site\/ensino-remoto\/","og_site_name":"SABRA - Sociedade Art\u00edstica Brasileira","article_publisher":"https:\/\/www.facebook.com\/sabrabrasil","article_published_time":"2021-09-21T21:43:57+00:00","article_modified_time":"2021-09-21T22:36:41+00:00","og_image":[{"width":800,"height":533,"url":"https:\/\/i0.wp.com\/www.sabra.org.br\/site\/wp-content\/uploads\/2021\/09\/como-inovar-no-ensino-musical-mesmo-com-a-pandemia-20210125102928.jpg.jpg?fit=800%2C533&ssl=1","type":"image\/jpeg"}],"author":"M\u00e1rcio Miranda Pontes","twitter_card":"summary_large_image","twitter_creator":"@ContatoSabra","twitter_site":"@ContatoSabra","twitter_misc":{"Escrito por":"M\u00e1rcio Miranda Pontes","Est. tempo de leitura":"3 minutos"},"schema":{"@context":"https:\/\/schema.org","@graph":[{"@type":"Article","@id":"https:\/\/www.sabra.org.br\/site\/ensino-remoto\/#article","isPartOf":{"@id":"https:\/\/www.sabra.org.br\/site\/ensino-remoto\/"},"author":{"name":"M\u00e1rcio Miranda Pontes","@id":"https:\/\/www.sabra.org.br\/site\/#\/schema\/person\/7d1d222c3c8891d4c37c7b41bf6315c2"},"headline":"Como inovar no ensino musical mesmo com a pandemia","datePublished":"2021-09-21T21:43:57+00:00","dateModified":"2021-09-21T22:36:41+00:00","mainEntityOfPage":{"@id":"https:\/\/www.sabra.org.br\/site\/ensino-remoto\/"},"wordCount":733,"publisher":{"@id":"https:\/\/www.sabra.org.br\/site\/#organization"},"image":{"@id":"https:\/\/www.sabra.org.br\/site\/ensino-remoto\/#primaryimage"},"thumbnailUrl":"https:\/\/www.sabra.org.br\/site\/wp-content\/uploads\/2021\/09\/como-inovar-no-ensino-musical-mesmo-com-a-pandemia-20210125102928.jpg.jpg","keywords":["Assist\u00eancia social","Campos dos Goytacazes","Canto Coral","Escola de Musica SABRA","Musicaliza\u00e7\u00e3o Infantil","nova lima","Orquestra Infanto Juvenil de Betim","Orquestra Sinf\u00f4nica de Betim","Raposos","Sociedade Art\u00edstica Brasileira"],"articleSection":["Blog SABRA"],"inLanguage":"pt-BR"},{"@type":"WebPage","@id":"https:\/\/www.sabra.org.br\/site\/ensino-remoto\/","url":"https:\/\/www.sabra.org.br\/site\/ensino-remoto\/","name":"Como inovar no ensino musical mesmo com a pandemia - SABRA - Sociedade Art\u00edstica Brasileira","isPartOf":{"@id":"https:\/\/www.sabra.org.br\/site\/#website"},"primaryImageOfPage":{"@id":"https:\/\/www.sabra.org.br\/site\/ensino-remoto\/#primaryimage"},"image":{"@id":"https:\/\/www.sabra.org.br\/site\/ensino-remoto\/#primaryimage"},"thumbnailUrl":"https:\/\/www.sabra.org.br\/site\/wp-content\/uploads\/2021\/09\/como-inovar-no-ensino-musical-mesmo-com-a-pandemia-20210125102928.jpg.jpg","datePublished":"2021-09-21T21:43:57+00:00","dateModified":"2021-09-21T22:36:41+00:00","description":"Veja algumas formas de como inovar nas aulas musicais mesmo com a pandemia e fazer com que os alunos continuem aprendendo m\u00fasica.","breadcrumb":{"@id":"https:\/\/www.sabra.org.br\/site\/ensino-remoto\/#breadcrumb"},"inLanguage":"pt-BR","potentialAction":[{"@type":"ReadAction","target":["https:\/\/www.sabra.org.br\/site\/ensino-remoto\/"]}]},{"@type":"ImageObject","inLanguage":"pt-BR","@id":"https:\/\/www.sabra.org.br\/site\/ensino-remoto\/#primaryimage","url":"https:\/\/www.sabra.org.br\/site\/wp-content\/uploads\/2021\/09\/como-inovar-no-ensino-musical-mesmo-com-a-pandemia-20210125102928.jpg.jpg","contentUrl":"https:\/\/www.sabra.org.br\/site\/wp-content\/uploads\/2021\/09\/como-inovar-no-ensino-musical-mesmo-com-a-pandemia-20210125102928.jpg.jpg","width":800,"height":533,"caption":"Sociedade Art\u00edstica Brasileira SABRA"},{"@type":"BreadcrumbList","@id":"https:\/\/www.sabra.org.br\/site\/ensino-remoto\/#breadcrumb","itemListElement":[{"@type":"ListItem","position":1,"name":"In\u00edcio","item":"https:\/\/www.sabra.org.br\/site\/"},{"@type":"ListItem","position":2,"name":"Como inovar no ensino musical mesmo com a pandemia"}]},{"@type":"WebSite","@id":"https:\/\/www.sabra.org.br\/site\/#website","url":"https:\/\/www.sabra.org.br\/site\/","name":"SABRA - Sociedade Art\u00edstica Brasileira","description":"Escola de M\u00fasica, Orquestra Sinf\u00f4nica, Coral e Patrim\u00f4nio Cultural e Hist\u00f3rico","publisher":{"@id":"https:\/\/www.sabra.org.br\/site\/#organization"},"potentialAction":[{"@type":"SearchAction","target":{"@type":"EntryPoint","urlTemplate":"https:\/\/www.sabra.org.br\/site\/?s={search_term_string}"},"query-input":{"@type":"PropertyValueSpecification","valueRequired":true,"valueName":"search_term_string"}}],"inLanguage":"pt-BR"},{"@type":"Organization","@id":"https:\/\/www.sabra.org.br\/site\/#organization","name":"SOCIEDADE ART\u00cdSTICA BRASILEIRA SABRA","alternateName":"SABRA","url":"https:\/\/www.sabra.org.br\/site\/","logo":{"@type":"ImageObject","inLanguage":"pt-BR","@id":"https:\/\/www.sabra.org.br\/site\/#\/schema\/logo\/image\/","url":"https:\/\/www.sabra.org.br\/site\/wp-content\/uploads\/2019\/06\/cropped-Logo_SABRA-Copia-1.webp","contentUrl":"https:\/\/www.sabra.org.br\/site\/wp-content\/uploads\/2019\/06\/cropped-Logo_SABRA-Copia-1.webp","width":400,"height":128,"caption":"SOCIEDADE ART\u00cdSTICA BRASILEIRA SABRA"},"image":{"@id":"https:\/\/www.sabra.org.br\/site\/#\/schema\/logo\/image\/"},"sameAs":["https:\/\/www.facebook.com\/sabrabrasil","https:\/\/x.com\/ContatoSabra","https:\/\/www.instagram.com\/sabrabrasil\/","https:\/\/www.linkedin.com\/company\/25002088\/","https:\/\/br.pinterest.com\/sociedadeartisticabrasileira\/","https:\/\/www.youtube.com\/c\/sabrabrasil"]},{"@type":"Person","@id":"https:\/\/www.sabra.org.br\/site\/#\/schema\/person\/7d1d222c3c8891d4c37c7b41bf6315c2","name":"M\u00e1rcio Miranda Pontes","image":{"@type":"ImageObject","inLanguage":"pt-BR","@id":"https:\/\/secure.gravatar.com\/avatar\/3b45f24496a7625a3a6c436688fbe20344faaeb2979658dc4a9921f984d7df9a?s=96&d=mm&r=g","url":"https:\/\/secure.gravatar.com\/avatar\/3b45f24496a7625a3a6c436688fbe20344faaeb2979658dc4a9921f984d7df9a?s=96&d=mm&r=g","contentUrl":"https:\/\/secure.gravatar.com\/avatar\/3b45f24496a7625a3a6c436688fbe20344faaeb2979658dc4a9921f984d7df9a?s=96&d=mm&r=g","caption":"M\u00e1rcio Miranda Pontes"},"sameAs":["http:\/\/www.sabra.org.br"],"url":"https:\/\/www.sabra.org.br\/site\/author\/marcio-miranda-pontes\/"}]}},"jetpack_featured_media_url":"https:\/\/www.sabra.org.br\/site\/wp-content\/uploads\/2021\/09\/como-inovar-no-ensino-musical-mesmo-com-a-pandemia-20210125102928.jpg.jpg","jetpack_shortlink":"https:\/\/wp.me\/p95j2Z-15E","jetpack-related-posts":[{"id":661,"url":"https:\/\/www.sabra.org.br\/site\/6-dicas-para-ajudar-na-educacao-musical-de-seus-filhos\/","url_meta":{"origin":4194,"position":0},"title":"6 dicas para ajudar na educa\u00e7\u00e3o musical de seus filhos","author":"M\u00e1rcio Miranda Pontes","date":"21 de setembro de 2017","format":false,"excerpt":"Descubra 6 dicas valiosas para apoiar a educa\u00e7\u00e3o musical dos seus filhos e ajudar no desenvolvimento das habilidades musicais.","rel":"","context":"Em &quot;Blog SABRA&quot;","block_context":{"text":"Blog SABRA","link":"https:\/\/www.sabra.org.br\/site\/category\/blog-sabra\/"},"img":{"alt_text":"filhos-m\u00fasica-pais-instrumentos-aprender-aulas-canto-casa-crian\u00e7as-interesse","src":"https:\/\/i0.wp.com\/www.sabra.org.br\/site\/wp-content\/uploads\/2017\/09\/crian%C3%A7a_Educa%C3%A7%C3%A3o_Musical.jpg?resize=350%2C200&ssl=1","width":350,"height":200,"srcset":"https:\/\/i0.wp.com\/www.sabra.org.br\/site\/wp-content\/uploads\/2017\/09\/crian%C3%A7a_Educa%C3%A7%C3%A3o_Musical.jpg?resize=350%2C200&ssl=1 1x, https:\/\/i0.wp.com\/www.sabra.org.br\/site\/wp-content\/uploads\/2017\/09\/crian%C3%A7a_Educa%C3%A7%C3%A3o_Musical.jpg?resize=525%2C300&ssl=1 1.5x, https:\/\/i0.wp.com\/www.sabra.org.br\/site\/wp-content\/uploads\/2017\/09\/crian%C3%A7a_Educa%C3%A7%C3%A3o_Musical.jpg?resize=700%2C400&ssl=1 2x"},"classes":[]},{"id":2244,"url":"https:\/\/www.sabra.org.br\/site\/qual-a-importancia-da-musica-no-ensino-fundamental\/","url_meta":{"origin":4194,"position":1},"title":"Ensino Fundamental e M\u00fasica","author":"M\u00e1rcio Miranda Pontes","date":"18 de julho de 2019","format":false,"excerpt":"A m\u00fasica nos acompanha ao longo de toda a vida, embalando diversos momentos e experi\u00eancias. Mas ela tamb\u00e9m pode fazer muito mais na vida das pessoas, afetando positivamente o processo de aprendizagem e o desenvolvimento das crian\u00e7as.","rel":"","context":"Em &quot;Blog SABRA&quot;","block_context":{"text":"Blog SABRA","link":"https:\/\/www.sabra.org.br\/site\/category\/blog-sabra\/"},"img":{"alt_text":"Ensino fundamenta m\u00fasica","src":"https:\/\/i0.wp.com\/www.sabra.org.br\/site\/wp-content\/uploads\/2019\/07\/qual-a-importancia-da-musica-no-ensino-basico-20171219145022.jpg.jpg?resize=350%2C200&ssl=1","width":350,"height":200,"srcset":"https:\/\/i0.wp.com\/www.sabra.org.br\/site\/wp-content\/uploads\/2019\/07\/qual-a-importancia-da-musica-no-ensino-basico-20171219145022.jpg.jpg?resize=350%2C200&ssl=1 1x, https:\/\/i0.wp.com\/www.sabra.org.br\/site\/wp-content\/uploads\/2019\/07\/qual-a-importancia-da-musica-no-ensino-basico-20171219145022.jpg.jpg?resize=525%2C300&ssl=1 1.5x, https:\/\/i0.wp.com\/www.sabra.org.br\/site\/wp-content\/uploads\/2019\/07\/qual-a-importancia-da-musica-no-ensino-basico-20171219145022.jpg.jpg?resize=700%2C400&ssl=1 2x, https:\/\/i0.wp.com\/www.sabra.org.br\/site\/wp-content\/uploads\/2019\/07\/qual-a-importancia-da-musica-no-ensino-basico-20171219145022.jpg.jpg?resize=1050%2C600&ssl=1 3x, https:\/\/i0.wp.com\/www.sabra.org.br\/site\/wp-content\/uploads\/2019\/07\/qual-a-importancia-da-musica-no-ensino-basico-20171219145022.jpg.jpg?resize=1400%2C800&ssl=1 4x"},"classes":[]},{"id":8623,"url":"https:\/\/www.sabra.org.br\/site\/musica-historia-2\/","url_meta":{"origin":4194,"position":2},"title":"Como a m\u00fasica pode ser uma ferramenta pedag\u00f3gica para as aulas de hist\u00f3ria?","author":"M\u00e1rcio Miranda Pontes","date":"7 de dezembro de 2023","format":false,"excerpt":"Deseja aplicar m\u00fasicas em sua aula de hist\u00f3ria, mas n\u00e3o sabe como fazer isso? Ent\u00e3o clique agora mesmo neste texto e saiba como fazer isso de maneira criativa, envolvente e pedag\u00f3gica. Aproveite!","rel":"","context":"Em &quot;Blog SABRA&quot;","block_context":{"text":"Blog SABRA","link":"https:\/\/www.sabra.org.br\/site\/category\/blog-sabra\/"},"img":{"alt_text":"sabra-m\u00fasica-hist\u00f3rico-alunos-culturas-pr\u00e1tica-sociais","src":"https:\/\/i0.wp.com\/www.sabra.org.br\/site\/wp-content\/uploads\/2023\/12\/como-a-musica-pode-ser-uma-ferramenta-pedagogica-para-as-aulas-de-historia-20181024171547.jpg-jpg.webp?resize=350%2C200&ssl=1","width":350,"height":200,"srcset":"https:\/\/i0.wp.com\/www.sabra.org.br\/site\/wp-content\/uploads\/2023\/12\/como-a-musica-pode-ser-uma-ferramenta-pedagogica-para-as-aulas-de-historia-20181024171547.jpg-jpg.webp?resize=350%2C200&ssl=1 1x, https:\/\/i0.wp.com\/www.sabra.org.br\/site\/wp-content\/uploads\/2023\/12\/como-a-musica-pode-ser-uma-ferramenta-pedagogica-para-as-aulas-de-historia-20181024171547.jpg-jpg.webp?resize=525%2C300&ssl=1 1.5x, https:\/\/i0.wp.com\/www.sabra.org.br\/site\/wp-content\/uploads\/2023\/12\/como-a-musica-pode-ser-uma-ferramenta-pedagogica-para-as-aulas-de-historia-20181024171547.jpg-jpg.webp?resize=700%2C400&ssl=1 2x"},"classes":[]},{"id":7801,"url":"https:\/\/www.sabra.org.br\/site\/escola-de-musica\/","url_meta":{"origin":4194,"position":3},"title":"Ensinando notas e ritmos: o que esperar de uma escola de m\u00fasica para crian\u00e7as?","author":"M\u00e1rcio Miranda Pontes","date":"9 de agosto de 2023","format":false,"excerpt":"Descubra como uma escola de m\u00fasica pode ensinar notas e ritmos de forma envolvente para crian\u00e7as. Prepare seu filho para uma jornada musical divertida e repleta de aprendizado. Leia agora mesmo!","rel":"","context":"Em &quot;Blog SABRA&quot;","block_context":{"text":"Blog SABRA","link":"https:\/\/www.sabra.org.br\/site\/category\/blog-sabra\/"},"img":{"alt_text":"sabra-m\u00fasica-crian\u00e7as-musicais-escola-habilidades-musical-alunos-deve-sociais-desenvolvimento-diferentes-fia-doa\u00e7\u00e3o-imposto-renda","src":"https:\/\/i0.wp.com\/www.sabra.org.br\/site\/wp-content\/uploads\/2023\/08\/ensinando-notas-e-ritmos-o-que-esperar-de-uma-escola-de-musica-para-criancas-20230628095402.jpg-jpg.webp?resize=350%2C200&ssl=1","width":350,"height":200,"srcset":"https:\/\/i0.wp.com\/www.sabra.org.br\/site\/wp-content\/uploads\/2023\/08\/ensinando-notas-e-ritmos-o-que-esperar-de-uma-escola-de-musica-para-criancas-20230628095402.jpg-jpg.webp?resize=350%2C200&ssl=1 1x, https:\/\/i0.wp.com\/www.sabra.org.br\/site\/wp-content\/uploads\/2023\/08\/ensinando-notas-e-ritmos-o-que-esperar-de-uma-escola-de-musica-para-criancas-20230628095402.jpg-jpg.webp?resize=525%2C300&ssl=1 1.5x, https:\/\/i0.wp.com\/www.sabra.org.br\/site\/wp-content\/uploads\/2023\/08\/ensinando-notas-e-ritmos-o-que-esperar-de-uma-escola-de-musica-para-criancas-20230628095402.jpg-jpg.webp?resize=700%2C400&ssl=1 2x"},"classes":[]},{"id":13298,"url":"https:\/\/www.sabra.org.br\/site\/x-passos-para-incentivar-a-paixao-pela-musica-desde-cedo\/","url_meta":{"origin":4194,"position":4},"title":"X passos para incentivar a paix\u00e3o pela m\u00fasica desde cedo","author":"","date":"22 de agosto de 2025","format":false,"excerpt":"A m\u00fasica \u00e9 uma forma de express\u00e3o universal que pode trazer in\u00fameros benef\u00edcios para o desenvolvimento das crian\u00e7as. Ela estimula a criatividade, promove a socializa\u00e7\u00e3o e contribui para o crescimento emocional e cognitivo dos pequenos. Pensando nisso, a nossa empresa, a Sabra, tem como objetivo promover a inclus\u00e3o social e\u2026","rel":"","context":"Em &quot;Blog SABRA&quot;","block_context":{"text":"Blog SABRA","link":"https:\/\/www.sabra.org.br\/site\/category\/blog-sabra\/"},"img":{"alt_text":"","src":"","width":0,"height":0},"classes":[]},{"id":850,"url":"https:\/\/www.sabra.org.br\/site\/sexta-sinfonica-no-monte-carmo-shopping\/","url_meta":{"origin":4194,"position":5},"title":"Sexta Sinf\u00f4nica no Monte Carmo Shopping","author":"M\u00e1rcio Miranda Pontes","date":"29 de novembro de 2017","format":false,"excerpt":"Orquestra Sinf\u00f4nica de Betim encerra a temporada da s\u00e9rie Sexta Sinf\u00f4nica Concertos foram realizados de mar\u00e7o a dezembro com a presen\u00e7a de solistas e outros convidados \u00a0 A Orquestra Sinf\u00f4nica de Betim encerra a s\u00e9rie de concertos \u201cSexta Sinf\u00f4nica\u201d, \u00e0s 15h do dia primeiro de dezembro, no Monte Carmo Shopping,\u2026","rel":"","context":"Em &quot;Not\u00edcias&quot;","block_context":{"text":"Not\u00edcias","link":"https:\/\/www.sabra.org.br\/site\/category\/noticias\/"},"img":{"alt_text":"Sociedade Art\u00edstica Brasileira SABRA","src":"https:\/\/i0.wp.com\/www.sabra.org.br\/site\/wp-content\/uploads\/2017\/11\/754A1986peq.jpg?resize=350%2C200&ssl=1","width":350,"height":200,"srcset":"https:\/\/i0.wp.com\/www.sabra.org.br\/site\/wp-content\/uploads\/2017\/11\/754A1986peq.jpg?resize=350%2C200&ssl=1 1x, https:\/\/i0.wp.com\/www.sabra.org.br\/site\/wp-content\/uploads\/2017\/11\/754A1986peq.jpg?resize=525%2C300&ssl=1 1.5x, https:\/\/i0.wp.com\/www.sabra.org.br\/site\/wp-content\/uploads\/2017\/11\/754A1986peq.jpg?resize=700%2C400&ssl=1 2x, https:\/\/i0.wp.com\/www.sabra.org.br\/site\/wp-content\/uploads\/2017\/11\/754A1986peq.jpg?resize=1050%2C600&ssl=1 3x"},"classes":[]}],"jetpack_likes_enabled":true,"jetpack_sharing_enabled":true,"_links":{"self":[{"href":"https:\/\/www.sabra.org.br\/site\/wp-json\/wp\/v2\/posts\/4194","targetHints":{"allow":["GET"]}}],"collection":[{"href":"https:\/\/www.sabra.org.br\/site\/wp-json\/wp\/v2\/posts"}],"about":[{"href":"https:\/\/www.sabra.org.br\/site\/wp-json\/wp\/v2\/types\/post"}],"author":[{"embeddable":true,"href":"https:\/\/www.sabra.org.br\/site\/wp-json\/wp\/v2\/users\/39"}],"replies":[{"embeddable":true,"href":"https:\/\/www.sabra.org.br\/site\/wp-json\/wp\/v2\/comments?post=4194"}],"version-history":[{"count":0,"href":"https:\/\/www.sabra.org.br\/site\/wp-json\/wp\/v2\/posts\/4194\/revisions"}],"wp:featuredmedia":[{"embeddable":true,"href":"https:\/\/www.sabra.org.br\/site\/wp-json\/wp\/v2\/media\/4196"}],"wp:attachment":[{"href":"https:\/\/www.sabra.org.br\/site\/wp-json\/wp\/v2\/media?parent=4194"}],"wp:term":[{"taxonomy":"category","embeddable":true,"href":"https:\/\/www.sabra.org.br\/site\/wp-json\/wp\/v2\/categories?post=4194"},{"taxonomy":"post_tag","embeddable":true,"href":"https:\/\/www.sabra.org.br\/site\/wp-json\/wp\/v2\/tags?post=4194"}],"curies":[{"name":"wp","href":"https:\/\/api.w.org\/{rel}","templated":true}]}}