{"id":4203,"date":"2021-09-23T10:20:59","date_gmt":"2021-09-23T13:20:59","guid":{"rendered":"https:\/\/www.sabra.org.br\/site\/?p=4203"},"modified":"2021-09-23T10:21:40","modified_gmt":"2021-09-23T13:21:40","slug":"musica-escola","status":"publish","type":"post","link":"https:\/\/www.sabra.org.br\/site\/musica-escola\/","title":{"rendered":"M\u00fasica na Escola: Conhe\u00e7a esse projeto que j\u00e1 atendeu mais de 250 professores de escolas p\u00fablicas"},"content":{"rendered":"<p>[vc_row][vc_column][vc_column_text]Nosso projeto M\u00fasica na Escola mudou a realidade de muitas pessoas em Betim, j\u00e1 tendo atendido 250 professores de escolas p\u00fablicas municipais e estaduais.<\/p>\n<p>Conhe\u00e7a no que consiste a iniciativa e com quais os objetivos.<\/p>\n<h2>O que \u00e9 o projeto M\u00fasica na Escola?<\/h2>\n<p>M\u00fasica na Escola \u00e9 uma iniciativa focada em instruir os professores do ensino regular. O objetivo \u00e9 que eles estejam capacitados para atuar em atividades art\u00edsticas e pedag\u00f3gicas envolvendo a m\u00fasica, como por exemplo:<\/p>\n<p>\u2022 Atividades dentro da sala de aula<br \/>\n\u2022 Corais<br \/>\n\u2022 Grupos musicais<br \/>\n\u2022 Orquestras<\/p>\n<p>Por meio do projeto, n\u00f3s fomentamos a valoriza\u00e7\u00e3o da arte e da m\u00fasica para a forma\u00e7\u00e3o do indiv\u00edduo e o seu desenvolvimento cultural e intelectual.<\/p>\n<h2>Como M\u00fasica na Escola faz a diferen\u00e7a?<\/h2>\n<p>Ao longo do projeto, os professores aprendem a participar de diversas atividades, como <a href=\"\/\/www.sabra.org.br\/site\/acoes\/corais\/\u201d\">corais<\/a> e <a href=\"\/\/www.sabra.org.br\/site\/acoes\/orquestra-sinfonica-de-betim\/\u201d\">orquestras<\/a>.<\/p>\n<p>Essas atividades s\u00e3o extremamente importantes para o desenvolvimento social e cultural dos jovens, que muitas vezes est\u00e3o em condi\u00e7\u00e3o de vulnerabilidade.<\/p>\n<p>Dessa forma, os professores t\u00eam um papel essencial na hora de mudar a realidade da qual se encontram em situa\u00e7\u00e3o de risco social.<\/p>\n<h2>A import\u00e2ncia da m\u00fasica para na escola<\/h2>\n<p>A m\u00fasica \u00e9 um poderoso meio para a forma\u00e7\u00e3o de indiv\u00edduos, podendo trazer diversos benef\u00edcios, principalmente quando s\u00e3o feitos exerc\u00edcios em grupos.<\/p>\n<h3>1. Fomenta a integra\u00e7\u00e3o dos jovens<\/h3>\n<p>Ao usar a m\u00fasica em diversos projetos, \u00e9 criado um ambiente positivo e acolhedor, no qual os jovens se sentem mais confort\u00e1veis para interagir uns com os outros. Assim, eles conseguem criar amizades e se inserir em c\u00edrculos sociais.<\/p>\n<p>Isso \u00e9 vantajoso principalmente para os mais t\u00edmidos e introvertidos, j\u00e1 que recebem a oportunidade de socializar com mais facilidade durante as pr\u00e1ticas musicais.<\/p>\n<h3>2. Engajamento na sala de aula<\/h3>\n<p>Diversos professores usam a m\u00fasica dentro da sala de aula como recurso pedag\u00f3gico. Sendo assim, os alunos ficam mais envolvidos na aula e prestam mais aten\u00e7\u00e3o. Al\u00e9m do mais, desse jeito, eles participam ativamente e absorvem melhor o conte\u00fado ensinado.<\/p>\n<p>Ainda mais, dessa maneira, as aulas s\u00e3o vistas como um momento descontra\u00eddo e divertido, que provocam o aumento do interesse por aprender.<\/p>\n<h3>3. Incentiva desenvolvimento cognitivo<\/h3>\n<p>Outra das vantagens da m\u00fasica \u00e9 o desenvolvimento de diversas habilidades cognitivas. Principalmente, ocorre o est\u00edmulo dos sentidos, o que os torna mais observadores.<\/p>\n<p>Isso incrementa as habilidades de compreens\u00e3o e representa\u00e7\u00e3o. Da mesma forma, melhora o racioc\u00ednio matem\u00e1tico, pois existe muita matem\u00e1tica envolvida no ritmo e sistem\u00e1tica. No caso do uso de instrumentos, tamb\u00e9m ajuda no aprimoramento da coordena\u00e7\u00e3o motora.<\/p>\n<p>Ademais, estimula naturalmente a criatividade dos jovens, a qual \u00e9 uma grande aliada para o progresso acad\u00eamico e profissional deles. A criatividade \u00e9 a porta para a inova\u00e7\u00e3o, que \u00e9 altamente valorizada e traz muitas oportunidades.<\/p>\n<h3>4. Forma\u00e7\u00e3o de indiv\u00edduos<\/h3>\n<p>Por \u00faltimo, as pr\u00e1ticas musicais ajudam a usar o pensamento cr\u00edtico. Ao serem expostos a essas din\u00e2micas, eles descobrem os pr\u00f3prios gostos, tanto musicais, como em outras \u00e1reas.<\/p>\n<p>Desse modo, eles constroem a sua individualidade, aumentando a autoestima e a capacidade de tomar decis\u00f5es.<\/p>\n<p>Logo, o projeto M\u00fasica na Escola proporciona aos professores a capacidade de atender os jovens da melhor forma poss\u00edvel.<\/p>\n<blockquote class=\"wp-embedded-content\" data-secret=\"2s3AcV9z9k\"><p><a href=\"https:\/\/www.sabra.org.br\/site\/qual-o-papel-do-professor-na-educacao-musical-para-criancas\/\">Professor e educa\u00e7\u00e3o musical<\/a><\/p><\/blockquote>\n<p><iframe class=\"wp-embedded-content\" sandbox=\"allow-scripts\" security=\"restricted\" style=\"position: absolute; clip: rect(1px, 1px, 1px, 1px);\" title=\"&#8220;Professor e educa\u00e7\u00e3o musical&#8221; &#8212; SABRA - Sociedade Art\u00edstica Brasileira\" src=\"https:\/\/www.sabra.org.br\/site\/qual-o-papel-do-professor-na-educacao-musical-para-criancas\/embed\/#?secret=2s3AcV9z9k\" data-secret=\"2s3AcV9z9k\" width=\"600\" height=\"338\" frameborder=\"0\" marginwidth=\"0\" marginheight=\"0\" scrolling=\"no\"><\/iframe><\/p>\n<hr \/>\n<h2>Se voc\u00ea gostou deste post:<\/h2>\n<p>&#8211; SIGA as nossas p\u00e1ginas nas redes sociais para acompanhar as nossas atualiza\u00e7\u00f5es: estamos no <a href=\"https:\/\/www.facebook.com\/sabrabrasil\" target=\"_blank\" rel=\"noopener\">Facebook<\/a>, no <a href=\"https:\/\/www.instagram.com\/sabrabrasil\/\" target=\"_blank\" rel=\"noopener\">Instagram<\/a>, no <a href=\"https:\/\/www.linkedin.com\/company\/25002088\" target=\"_blank\" rel=\"noopener\">LinkedIn<\/a>, no <a href=\"https:\/\/twitter.com\/ContatoSabra\" target=\"_blank\" rel=\"noopener\">Twitter<\/a> e no <a href=\"https:\/\/www.youtube.com\/channel\/UCJw-kbuEvzUNdeQf20Pa-eQ\" target=\"_blank\" rel=\"noopener\">YouTube<\/a>!<\/p>\n<p>&#8211; CONHE\u00c7A o trabalho da Sociedade Art\u00edstica Brasileira (SABRA) e todas as iniciativas culturais e sociais que ela mant\u00e9m. <a href=\"https:\/\/www.sabra.org.br\/site\/acoes\/\" target=\"_blank\" rel=\"noopener\">Acesse nosso site!<\/a><\/p>\n<p>&#8211; ENTRE EM CONTATO com a gente. E veja quais s\u00e3o as op\u00e7\u00f5es de ajuda na manuten\u00e7\u00e3o de nossas a\u00e7\u00f5es sociais e culturais. Basta acessar nossa p\u00e1gina <a href=\"https:\/\/www.sabra.org.br\/site\/doe-agora\/\" target=\"_blank\" rel=\"noopener\">Doe Agora!<\/a><\/p>\n<p>&#8211; COMPARTILHE este texto nas suas redes sociais e ajude os seus amigos a tamb\u00e9m dominarem o assunto!<\/p>\n<p>\u2013 Os projetos da @sabrabrasil s\u00e3o realizados com o patroci\u0301nio m\u00e1ster: @institutounimedbh, viabilizado pelo incentivo de mais de 5,2 mil m\u00e9dicos cooperados e colaboradores via Lei de Incentivo \u00e0 Cultura &#8211; @mturismo, @culturagovbr. Patroc\u00ednio prata: @vallourec e apoio: @prefeiturabetim[\/vc_column_text][\/vc_column][\/vc_row]<\/p>\n","protected":false},"excerpt":{"rendered":"<p>M\u00fasica na Escola: Conhe\u00e7a esse projeto que j\u00e1 atendeu mais de 250 professores de escola p\u00fablica<\/p>\n<p>Conhe\u00e7a o nosso projeto M\u00fasica na Escola e saiba como ele beneficia professores e jovens. A nossa iniciativa j\u00e1 atendeu mais de 250 profissionais da rede p\u00fablica municipal e estadual de ensino, ajudando in\u00fameras pessoas.<\/p>\n<p>Patroci\u0301nio m\u00e1ster: @institutounimedbh, viabilizado pelo incentivo de mais de 5,2 mil m\u00e9dicos cooperados e colaboradores via Lei de Incentivo \u00e0 Cultura &#8211; @mturismo, @culturagovbr. Patroc\u00ednio prata: @vallourec e apoio: @prefeiturabetim<\/p>\n<p>#sabrabrasil #institutounimedbh #vallourec #semedbetim #betim #novalima #raposos #camposdosgoytacazes #maestromarciomirandapontes<\/p>\n","protected":false},"author":39,"featured_media":4204,"comment_status":"closed","ping_status":"closed","sticky":false,"template":"","format":"standard","meta":{"jetpack_post_was_ever_published":false,"_jetpack_newsletter_access":"","_jetpack_dont_email_post_to_subs":false,"_jetpack_newsletter_tier_id":0,"_jetpack_memberships_contains_paywalled_content":false,"_jetpack_memberships_contains_paid_content":false,"footnotes":""},"categories":[1],"tags":[15,3623,8,1285,16,3519,1286,11,3622,9],"class_list":["post-4203","post","type-post","status-publish","format-standard","has-post-thumbnail","hentry","category-blog-sabra","tag-assistencia-social","tag-campos-dos-goytacazes","tag-canto-coral","tag-escola-de-musica-sabra","tag-musicalizacao-infantil","tag-nova-lima-2","tag-orquestra-infanto-juvenil-de-betim","tag-orquestra-sinfonica-de-betim","tag-raposos","tag-sociedade-artistica-brasileira"],"yoast_head":"<!-- This site is optimized with the Yoast SEO plugin v27.5 - https:\/\/yoast.com\/product\/yoast-seo-wordpress\/ -->\n<title>M\u00fasica na Escola: Conhe\u00e7a esse projeto que j\u00e1 atendeu mais de 250 professores de escolas p\u00fablicas - SABRA - Sociedade Art\u00edstica Brasileira<\/title>\n<meta name=\"description\" content=\"M\u00fasica na Escola: Conhe\u00e7a esse projeto que j\u00e1 atendeu mais de 250 professores de escolas p\u00fablicas municipais e estaduais de Betim-MG.\" \/>\n<meta name=\"robots\" content=\"index, follow, max-snippet:-1, max-image-preview:large, max-video-preview:-1\" \/>\n<link rel=\"canonical\" href=\"https:\/\/www.sabra.org.br\/site\/musica-escola\/\" \/>\n<meta property=\"og:locale\" content=\"pt_BR\" \/>\n<meta property=\"og:type\" content=\"article\" \/>\n<meta property=\"og:title\" content=\"M\u00fasica na Escola: Conhe\u00e7a esse projeto que j\u00e1 atendeu mais de 250 professores de escolas p\u00fablicas - SABRA - Sociedade Art\u00edstica Brasileira\" \/>\n<meta property=\"og:description\" content=\"M\u00fasica na Escola: Conhe\u00e7a esse projeto que j\u00e1 atendeu mais de 250 professores de escolas p\u00fablicas municipais e estaduais de Betim-MG.\" \/>\n<meta property=\"og:url\" content=\"https:\/\/www.sabra.org.br\/site\/musica-escola\/\" \/>\n<meta property=\"og:site_name\" content=\"SABRA - Sociedade Art\u00edstica Brasileira\" \/>\n<meta property=\"article:publisher\" content=\"https:\/\/www.facebook.com\/sabrabrasil\" \/>\n<meta property=\"article:published_time\" content=\"2021-09-23T13:20:59+00:00\" \/>\n<meta property=\"article:modified_time\" content=\"2021-09-23T13:21:40+00:00\" \/>\n<meta property=\"og:image\" content=\"https:\/\/i0.wp.com\/www.sabra.org.br\/site\/wp-content\/uploads\/2021\/09\/musica-na-escola-conheca-esse-projeto-que-ja-atendeu-mais-de-professores-de-escola-publica-20210125102928.jpg.jpg?fit=800%2C533&ssl=1\" \/>\n\t<meta property=\"og:image:width\" content=\"800\" \/>\n\t<meta property=\"og:image:height\" content=\"533\" \/>\n\t<meta property=\"og:image:type\" content=\"image\/jpeg\" \/>\n<meta name=\"author\" content=\"M\u00e1rcio Miranda Pontes\" \/>\n<meta name=\"twitter:card\" content=\"summary_large_image\" \/>\n<meta name=\"twitter:creator\" content=\"@ContatoSabra\" \/>\n<meta name=\"twitter:site\" content=\"@ContatoSabra\" \/>\n<meta name=\"twitter:label1\" content=\"Escrito por\" \/>\n\t<meta name=\"twitter:data1\" content=\"M\u00e1rcio Miranda Pontes\" \/>\n\t<meta name=\"twitter:label2\" content=\"Est. tempo de leitura\" \/>\n\t<meta name=\"twitter:data2\" content=\"3 minutos\" \/>\n<script type=\"application\/ld+json\" class=\"yoast-schema-graph\">{\"@context\":\"https:\\\/\\\/schema.org\",\"@graph\":[{\"@type\":\"Article\",\"@id\":\"https:\\\/\\\/www.sabra.org.br\\\/site\\\/musica-escola\\\/#article\",\"isPartOf\":{\"@id\":\"https:\\\/\\\/www.sabra.org.br\\\/site\\\/musica-escola\\\/\"},\"author\":{\"name\":\"M\u00e1rcio Miranda Pontes\",\"@id\":\"https:\\\/\\\/www.sabra.org.br\\\/site\\\/#\\\/schema\\\/person\\\/7d1d222c3c8891d4c37c7b41bf6315c2\"},\"headline\":\"M\u00fasica na Escola: Conhe\u00e7a esse projeto que j\u00e1 atendeu mais de 250 professores de escolas p\u00fablicas\",\"datePublished\":\"2021-09-23T13:20:59+00:00\",\"dateModified\":\"2021-09-23T13:21:40+00:00\",\"mainEntityOfPage\":{\"@id\":\"https:\\\/\\\/www.sabra.org.br\\\/site\\\/musica-escola\\\/\"},\"wordCount\":750,\"publisher\":{\"@id\":\"https:\\\/\\\/www.sabra.org.br\\\/site\\\/#organization\"},\"image\":{\"@id\":\"https:\\\/\\\/www.sabra.org.br\\\/site\\\/musica-escola\\\/#primaryimage\"},\"thumbnailUrl\":\"https:\\\/\\\/www.sabra.org.br\\\/site\\\/wp-content\\\/uploads\\\/2021\\\/09\\\/musica-na-escola-conheca-esse-projeto-que-ja-atendeu-mais-de-professores-de-escola-publica-20210125102928.jpg.jpg\",\"keywords\":[\"Assist\u00eancia social\",\"Campos dos Goytacazes\",\"Canto Coral\",\"Escola de Musica SABRA\",\"Musicaliza\u00e7\u00e3o Infantil\",\"nova lima\",\"Orquestra Infanto Juvenil de Betim\",\"Orquestra Sinf\u00f4nica de Betim\",\"Raposos\",\"Sociedade Art\u00edstica Brasileira\"],\"articleSection\":[\"Blog SABRA\"],\"inLanguage\":\"pt-BR\"},{\"@type\":\"WebPage\",\"@id\":\"https:\\\/\\\/www.sabra.org.br\\\/site\\\/musica-escola\\\/\",\"url\":\"https:\\\/\\\/www.sabra.org.br\\\/site\\\/musica-escola\\\/\",\"name\":\"M\u00fasica na Escola: Conhe\u00e7a esse projeto que j\u00e1 atendeu mais de 250 professores de escolas p\u00fablicas - SABRA - Sociedade Art\u00edstica Brasileira\",\"isPartOf\":{\"@id\":\"https:\\\/\\\/www.sabra.org.br\\\/site\\\/#website\"},\"primaryImageOfPage\":{\"@id\":\"https:\\\/\\\/www.sabra.org.br\\\/site\\\/musica-escola\\\/#primaryimage\"},\"image\":{\"@id\":\"https:\\\/\\\/www.sabra.org.br\\\/site\\\/musica-escola\\\/#primaryimage\"},\"thumbnailUrl\":\"https:\\\/\\\/www.sabra.org.br\\\/site\\\/wp-content\\\/uploads\\\/2021\\\/09\\\/musica-na-escola-conheca-esse-projeto-que-ja-atendeu-mais-de-professores-de-escola-publica-20210125102928.jpg.jpg\",\"datePublished\":\"2021-09-23T13:20:59+00:00\",\"dateModified\":\"2021-09-23T13:21:40+00:00\",\"description\":\"M\u00fasica na Escola: Conhe\u00e7a esse projeto que j\u00e1 atendeu mais de 250 professores de escolas p\u00fablicas municipais e estaduais de Betim-MG.\",\"breadcrumb\":{\"@id\":\"https:\\\/\\\/www.sabra.org.br\\\/site\\\/musica-escola\\\/#breadcrumb\"},\"inLanguage\":\"pt-BR\",\"potentialAction\":[{\"@type\":\"ReadAction\",\"target\":[\"https:\\\/\\\/www.sabra.org.br\\\/site\\\/musica-escola\\\/\"]}]},{\"@type\":\"ImageObject\",\"inLanguage\":\"pt-BR\",\"@id\":\"https:\\\/\\\/www.sabra.org.br\\\/site\\\/musica-escola\\\/#primaryimage\",\"url\":\"https:\\\/\\\/www.sabra.org.br\\\/site\\\/wp-content\\\/uploads\\\/2021\\\/09\\\/musica-na-escola-conheca-esse-projeto-que-ja-atendeu-mais-de-professores-de-escola-publica-20210125102928.jpg.jpg\",\"contentUrl\":\"https:\\\/\\\/www.sabra.org.br\\\/site\\\/wp-content\\\/uploads\\\/2021\\\/09\\\/musica-na-escola-conheca-esse-projeto-que-ja-atendeu-mais-de-professores-de-escola-publica-20210125102928.jpg.jpg\",\"width\":800,\"height\":533,\"caption\":\"Sociedade Art\u00edstica Brasileira SABRA\"},{\"@type\":\"BreadcrumbList\",\"@id\":\"https:\\\/\\\/www.sabra.org.br\\\/site\\\/musica-escola\\\/#breadcrumb\",\"itemListElement\":[{\"@type\":\"ListItem\",\"position\":1,\"name\":\"In\u00edcio\",\"item\":\"https:\\\/\\\/www.sabra.org.br\\\/site\\\/\"},{\"@type\":\"ListItem\",\"position\":2,\"name\":\"M\u00fasica na Escola: Conhe\u00e7a esse projeto que j\u00e1 atendeu mais de 250 professores de escolas p\u00fablicas\"}]},{\"@type\":\"WebSite\",\"@id\":\"https:\\\/\\\/www.sabra.org.br\\\/site\\\/#website\",\"url\":\"https:\\\/\\\/www.sabra.org.br\\\/site\\\/\",\"name\":\"SABRA - Sociedade Art\u00edstica Brasileira\",\"description\":\"Escola de M\u00fasica, Orquestra Sinf\u00f4nica, Coral e Patrim\u00f4nio Cultural e Hist\u00f3rico\",\"publisher\":{\"@id\":\"https:\\\/\\\/www.sabra.org.br\\\/site\\\/#organization\"},\"potentialAction\":[{\"@type\":\"SearchAction\",\"target\":{\"@type\":\"EntryPoint\",\"urlTemplate\":\"https:\\\/\\\/www.sabra.org.br\\\/site\\\/?s={search_term_string}\"},\"query-input\":{\"@type\":\"PropertyValueSpecification\",\"valueRequired\":true,\"valueName\":\"search_term_string\"}}],\"inLanguage\":\"pt-BR\"},{\"@type\":\"Organization\",\"@id\":\"https:\\\/\\\/www.sabra.org.br\\\/site\\\/#organization\",\"name\":\"SOCIEDADE ART\u00cdSTICA BRASILEIRA SABRA\",\"alternateName\":\"SABRA\",\"url\":\"https:\\\/\\\/www.sabra.org.br\\\/site\\\/\",\"logo\":{\"@type\":\"ImageObject\",\"inLanguage\":\"pt-BR\",\"@id\":\"https:\\\/\\\/www.sabra.org.br\\\/site\\\/#\\\/schema\\\/logo\\\/image\\\/\",\"url\":\"https:\\\/\\\/www.sabra.org.br\\\/site\\\/wp-content\\\/uploads\\\/2019\\\/06\\\/cropped-Logo_SABRA-Copia-1.webp\",\"contentUrl\":\"https:\\\/\\\/www.sabra.org.br\\\/site\\\/wp-content\\\/uploads\\\/2019\\\/06\\\/cropped-Logo_SABRA-Copia-1.webp\",\"width\":400,\"height\":128,\"caption\":\"SOCIEDADE ART\u00cdSTICA BRASILEIRA SABRA\"},\"image\":{\"@id\":\"https:\\\/\\\/www.sabra.org.br\\\/site\\\/#\\\/schema\\\/logo\\\/image\\\/\"},\"sameAs\":[\"https:\\\/\\\/www.facebook.com\\\/sabrabrasil\",\"https:\\\/\\\/x.com\\\/ContatoSabra\",\"https:\\\/\\\/www.instagram.com\\\/sabrabrasil\\\/\",\"https:\\\/\\\/www.linkedin.com\\\/company\\\/25002088\\\/\",\"https:\\\/\\\/br.pinterest.com\\\/sociedadeartisticabrasileira\\\/\",\"https:\\\/\\\/www.youtube.com\\\/c\\\/sabrabrasil\"]},{\"@type\":\"Person\",\"@id\":\"https:\\\/\\\/www.sabra.org.br\\\/site\\\/#\\\/schema\\\/person\\\/7d1d222c3c8891d4c37c7b41bf6315c2\",\"name\":\"M\u00e1rcio Miranda Pontes\",\"image\":{\"@type\":\"ImageObject\",\"inLanguage\":\"pt-BR\",\"@id\":\"https:\\\/\\\/secure.gravatar.com\\\/avatar\\\/3b45f24496a7625a3a6c436688fbe20344faaeb2979658dc4a9921f984d7df9a?s=96&d=mm&r=g\",\"url\":\"https:\\\/\\\/secure.gravatar.com\\\/avatar\\\/3b45f24496a7625a3a6c436688fbe20344faaeb2979658dc4a9921f984d7df9a?s=96&d=mm&r=g\",\"contentUrl\":\"https:\\\/\\\/secure.gravatar.com\\\/avatar\\\/3b45f24496a7625a3a6c436688fbe20344faaeb2979658dc4a9921f984d7df9a?s=96&d=mm&r=g\",\"caption\":\"M\u00e1rcio Miranda Pontes\"},\"sameAs\":[\"http:\\\/\\\/www.sabra.org.br\"],\"url\":\"https:\\\/\\\/www.sabra.org.br\\\/site\\\/author\\\/marcio-miranda-pontes\\\/\"}]}<\/script>\n<!-- \/ Yoast SEO plugin. -->","yoast_head_json":{"title":"M\u00fasica na Escola: Conhe\u00e7a esse projeto que j\u00e1 atendeu mais de 250 professores de escolas p\u00fablicas - SABRA - Sociedade Art\u00edstica Brasileira","description":"M\u00fasica na Escola: Conhe\u00e7a esse projeto que j\u00e1 atendeu mais de 250 professores de escolas p\u00fablicas municipais e estaduais de Betim-MG.","robots":{"index":"index","follow":"follow","max-snippet":"max-snippet:-1","max-image-preview":"max-image-preview:large","max-video-preview":"max-video-preview:-1"},"canonical":"https:\/\/www.sabra.org.br\/site\/musica-escola\/","og_locale":"pt_BR","og_type":"article","og_title":"M\u00fasica na Escola: Conhe\u00e7a esse projeto que j\u00e1 atendeu mais de 250 professores de escolas p\u00fablicas - SABRA - Sociedade Art\u00edstica Brasileira","og_description":"M\u00fasica na Escola: Conhe\u00e7a esse projeto que j\u00e1 atendeu mais de 250 professores de escolas p\u00fablicas municipais e estaduais de Betim-MG.","og_url":"https:\/\/www.sabra.org.br\/site\/musica-escola\/","og_site_name":"SABRA - Sociedade Art\u00edstica Brasileira","article_publisher":"https:\/\/www.facebook.com\/sabrabrasil","article_published_time":"2021-09-23T13:20:59+00:00","article_modified_time":"2021-09-23T13:21:40+00:00","og_image":[{"width":800,"height":533,"url":"https:\/\/i0.wp.com\/www.sabra.org.br\/site\/wp-content\/uploads\/2021\/09\/musica-na-escola-conheca-esse-projeto-que-ja-atendeu-mais-de-professores-de-escola-publica-20210125102928.jpg.jpg?fit=800%2C533&ssl=1","type":"image\/jpeg"}],"author":"M\u00e1rcio Miranda Pontes","twitter_card":"summary_large_image","twitter_creator":"@ContatoSabra","twitter_site":"@ContatoSabra","twitter_misc":{"Escrito por":"M\u00e1rcio Miranda Pontes","Est. tempo de leitura":"3 minutos"},"schema":{"@context":"https:\/\/schema.org","@graph":[{"@type":"Article","@id":"https:\/\/www.sabra.org.br\/site\/musica-escola\/#article","isPartOf":{"@id":"https:\/\/www.sabra.org.br\/site\/musica-escola\/"},"author":{"name":"M\u00e1rcio Miranda Pontes","@id":"https:\/\/www.sabra.org.br\/site\/#\/schema\/person\/7d1d222c3c8891d4c37c7b41bf6315c2"},"headline":"M\u00fasica na Escola: Conhe\u00e7a esse projeto que j\u00e1 atendeu mais de 250 professores de escolas p\u00fablicas","datePublished":"2021-09-23T13:20:59+00:00","dateModified":"2021-09-23T13:21:40+00:00","mainEntityOfPage":{"@id":"https:\/\/www.sabra.org.br\/site\/musica-escola\/"},"wordCount":750,"publisher":{"@id":"https:\/\/www.sabra.org.br\/site\/#organization"},"image":{"@id":"https:\/\/www.sabra.org.br\/site\/musica-escola\/#primaryimage"},"thumbnailUrl":"https:\/\/www.sabra.org.br\/site\/wp-content\/uploads\/2021\/09\/musica-na-escola-conheca-esse-projeto-que-ja-atendeu-mais-de-professores-de-escola-publica-20210125102928.jpg.jpg","keywords":["Assist\u00eancia social","Campos dos Goytacazes","Canto Coral","Escola de Musica SABRA","Musicaliza\u00e7\u00e3o Infantil","nova lima","Orquestra Infanto Juvenil de Betim","Orquestra Sinf\u00f4nica de Betim","Raposos","Sociedade Art\u00edstica Brasileira"],"articleSection":["Blog SABRA"],"inLanguage":"pt-BR"},{"@type":"WebPage","@id":"https:\/\/www.sabra.org.br\/site\/musica-escola\/","url":"https:\/\/www.sabra.org.br\/site\/musica-escola\/","name":"M\u00fasica na Escola: Conhe\u00e7a esse projeto que j\u00e1 atendeu mais de 250 professores de escolas p\u00fablicas - SABRA - Sociedade Art\u00edstica Brasileira","isPartOf":{"@id":"https:\/\/www.sabra.org.br\/site\/#website"},"primaryImageOfPage":{"@id":"https:\/\/www.sabra.org.br\/site\/musica-escola\/#primaryimage"},"image":{"@id":"https:\/\/www.sabra.org.br\/site\/musica-escola\/#primaryimage"},"thumbnailUrl":"https:\/\/www.sabra.org.br\/site\/wp-content\/uploads\/2021\/09\/musica-na-escola-conheca-esse-projeto-que-ja-atendeu-mais-de-professores-de-escola-publica-20210125102928.jpg.jpg","datePublished":"2021-09-23T13:20:59+00:00","dateModified":"2021-09-23T13:21:40+00:00","description":"M\u00fasica na Escola: Conhe\u00e7a esse projeto que j\u00e1 atendeu mais de 250 professores de escolas p\u00fablicas municipais e estaduais de Betim-MG.","breadcrumb":{"@id":"https:\/\/www.sabra.org.br\/site\/musica-escola\/#breadcrumb"},"inLanguage":"pt-BR","potentialAction":[{"@type":"ReadAction","target":["https:\/\/www.sabra.org.br\/site\/musica-escola\/"]}]},{"@type":"ImageObject","inLanguage":"pt-BR","@id":"https:\/\/www.sabra.org.br\/site\/musica-escola\/#primaryimage","url":"https:\/\/www.sabra.org.br\/site\/wp-content\/uploads\/2021\/09\/musica-na-escola-conheca-esse-projeto-que-ja-atendeu-mais-de-professores-de-escola-publica-20210125102928.jpg.jpg","contentUrl":"https:\/\/www.sabra.org.br\/site\/wp-content\/uploads\/2021\/09\/musica-na-escola-conheca-esse-projeto-que-ja-atendeu-mais-de-professores-de-escola-publica-20210125102928.jpg.jpg","width":800,"height":533,"caption":"Sociedade Art\u00edstica Brasileira SABRA"},{"@type":"BreadcrumbList","@id":"https:\/\/www.sabra.org.br\/site\/musica-escola\/#breadcrumb","itemListElement":[{"@type":"ListItem","position":1,"name":"In\u00edcio","item":"https:\/\/www.sabra.org.br\/site\/"},{"@type":"ListItem","position":2,"name":"M\u00fasica na Escola: Conhe\u00e7a esse projeto que j\u00e1 atendeu mais de 250 professores de escolas p\u00fablicas"}]},{"@type":"WebSite","@id":"https:\/\/www.sabra.org.br\/site\/#website","url":"https:\/\/www.sabra.org.br\/site\/","name":"SABRA - Sociedade Art\u00edstica Brasileira","description":"Escola de M\u00fasica, Orquestra Sinf\u00f4nica, Coral e Patrim\u00f4nio Cultural e Hist\u00f3rico","publisher":{"@id":"https:\/\/www.sabra.org.br\/site\/#organization"},"potentialAction":[{"@type":"SearchAction","target":{"@type":"EntryPoint","urlTemplate":"https:\/\/www.sabra.org.br\/site\/?s={search_term_string}"},"query-input":{"@type":"PropertyValueSpecification","valueRequired":true,"valueName":"search_term_string"}}],"inLanguage":"pt-BR"},{"@type":"Organization","@id":"https:\/\/www.sabra.org.br\/site\/#organization","name":"SOCIEDADE ART\u00cdSTICA BRASILEIRA SABRA","alternateName":"SABRA","url":"https:\/\/www.sabra.org.br\/site\/","logo":{"@type":"ImageObject","inLanguage":"pt-BR","@id":"https:\/\/www.sabra.org.br\/site\/#\/schema\/logo\/image\/","url":"https:\/\/www.sabra.org.br\/site\/wp-content\/uploads\/2019\/06\/cropped-Logo_SABRA-Copia-1.webp","contentUrl":"https:\/\/www.sabra.org.br\/site\/wp-content\/uploads\/2019\/06\/cropped-Logo_SABRA-Copia-1.webp","width":400,"height":128,"caption":"SOCIEDADE ART\u00cdSTICA BRASILEIRA SABRA"},"image":{"@id":"https:\/\/www.sabra.org.br\/site\/#\/schema\/logo\/image\/"},"sameAs":["https:\/\/www.facebook.com\/sabrabrasil","https:\/\/x.com\/ContatoSabra","https:\/\/www.instagram.com\/sabrabrasil\/","https:\/\/www.linkedin.com\/company\/25002088\/","https:\/\/br.pinterest.com\/sociedadeartisticabrasileira\/","https:\/\/www.youtube.com\/c\/sabrabrasil"]},{"@type":"Person","@id":"https:\/\/www.sabra.org.br\/site\/#\/schema\/person\/7d1d222c3c8891d4c37c7b41bf6315c2","name":"M\u00e1rcio Miranda Pontes","image":{"@type":"ImageObject","inLanguage":"pt-BR","@id":"https:\/\/secure.gravatar.com\/avatar\/3b45f24496a7625a3a6c436688fbe20344faaeb2979658dc4a9921f984d7df9a?s=96&d=mm&r=g","url":"https:\/\/secure.gravatar.com\/avatar\/3b45f24496a7625a3a6c436688fbe20344faaeb2979658dc4a9921f984d7df9a?s=96&d=mm&r=g","contentUrl":"https:\/\/secure.gravatar.com\/avatar\/3b45f24496a7625a3a6c436688fbe20344faaeb2979658dc4a9921f984d7df9a?s=96&d=mm&r=g","caption":"M\u00e1rcio Miranda Pontes"},"sameAs":["http:\/\/www.sabra.org.br"],"url":"https:\/\/www.sabra.org.br\/site\/author\/marcio-miranda-pontes\/"}]}},"jetpack_featured_media_url":"https:\/\/www.sabra.org.br\/site\/wp-content\/uploads\/2021\/09\/musica-na-escola-conheca-esse-projeto-que-ja-atendeu-mais-de-professores-de-escola-publica-20210125102928.jpg.jpg","jetpack_shortlink":"https:\/\/wp.me\/p95j2Z-15N","jetpack-related-posts":[{"id":2421,"url":"https:\/\/www.sabra.org.br\/site\/professor-2\/","url_meta":{"origin":4203,"position":0},"title":"Vagas na SABRA &#8211; Professor(a) de M\u00fasica","author":"M\u00e1rcio Miranda Pontes","date":"13 de fevereiro de 2020","format":false,"excerpt":"A Sociedade Art\u00edstica Brasileira SABRA, atrav\u00e9s do projeto \u201cPlano Anual SABRA 2020 PRONAC 192960, est\u00e1 em busca de 14 professores para lecionarem em Nova Lima as seguintes disciplinas e nas seguintes condi\u00e7\u00f5es: - Musicaliza\u00e7\u00e3o Infantil com flauta doce - Aprecia\u00e7\u00e3o Musical Hor\u00e1rio das aulas: de segunda a sexta-feira das 12\u2026","rel":"","context":"Em &quot;Not\u00edcias&quot;","block_context":{"text":"Not\u00edcias","link":"https:\/\/www.sabra.org.br\/site\/category\/noticias\/"},"img":{"alt_text":"professor-Musicaliza\u00e7\u00e3o Infantil","src":"https:\/\/i0.wp.com\/www.sabra.org.br\/site\/wp-content\/uploads\/2019\/01\/Musicaliza%C3%A7%C3%A3o1.jpg?resize=350%2C200&ssl=1","width":350,"height":200,"srcset":"https:\/\/i0.wp.com\/www.sabra.org.br\/site\/wp-content\/uploads\/2019\/01\/Musicaliza%C3%A7%C3%A3o1.jpg?resize=350%2C200&ssl=1 1x, https:\/\/i0.wp.com\/www.sabra.org.br\/site\/wp-content\/uploads\/2019\/01\/Musicaliza%C3%A7%C3%A3o1.jpg?resize=525%2C300&ssl=1 1.5x, https:\/\/i0.wp.com\/www.sabra.org.br\/site\/wp-content\/uploads\/2019\/01\/Musicaliza%C3%A7%C3%A3o1.jpg?resize=700%2C400&ssl=1 2x"},"classes":[]},{"id":7693,"url":"https:\/\/www.sabra.org.br\/site\/novidades-da-escola-de-musica-sabra-em-agosto\/","url_meta":{"origin":4203,"position":1},"title":"Escola de M\u00fasica Sabra amplia atua\u00e7\u00e3o em Contagem","author":"M\u00e1rcio Miranda Pontes","date":"25 de julho de 2023","format":false,"excerpt":"No dia 1\u00ba de agosto, a Sociedade Art\u00edstica Brasileira e a Associa\u00e7\u00e3o Eldorado de Apoio \u00e0 Vida celebram Termo de Parceria que tem por objetivo a expans\u00e3o da Escola de M\u00fasica em Contagem","rel":"","context":"Em &quot;Not\u00edcias&quot;","block_context":{"text":"Not\u00edcias","link":"https:\/\/www.sabra.org.br\/site\/category\/noticias\/"},"img":{"alt_text":"educa\u00e7\u00e3o-inclusiva-musicaliza\u00e7\u00e3o-musicoterapia-sabra-m\u00fasica-contagem-escola-unimed-bh-musicaliza\u00e7\u00e3o-cultura-gratuita-meio-trabalho-crian\u00e7as-curso-incentivo-apoio-associa\u00e7\u00e3o-brasileira-cooperados-instituto-m\u00e9dicos","src":"https:\/\/i0.wp.com\/www.sabra.org.br\/site\/wp-content\/uploads\/2023\/07\/qual-a-importancia-da-arte-na-educacao-inclusiva-20180705134730-jpg.webp?resize=350%2C200&ssl=1","width":350,"height":200,"srcset":"https:\/\/i0.wp.com\/www.sabra.org.br\/site\/wp-content\/uploads\/2023\/07\/qual-a-importancia-da-arte-na-educacao-inclusiva-20180705134730-jpg.webp?resize=350%2C200&ssl=1 1x, https:\/\/i0.wp.com\/www.sabra.org.br\/site\/wp-content\/uploads\/2023\/07\/qual-a-importancia-da-arte-na-educacao-inclusiva-20180705134730-jpg.webp?resize=525%2C300&ssl=1 1.5x, https:\/\/i0.wp.com\/www.sabra.org.br\/site\/wp-content\/uploads\/2023\/07\/qual-a-importancia-da-arte-na-educacao-inclusiva-20180705134730-jpg.webp?resize=700%2C400&ssl=1 2x"},"classes":[]},{"id":7158,"url":"https:\/\/www.sabra.org.br\/site\/educacao-musical-infantil\/","url_meta":{"origin":4203,"position":2},"title":"Como trabalhar m\u00fasica na educa\u00e7\u00e3o infantil","author":"M\u00e1rcio Miranda Pontes","date":"18 de maio de 2023","format":false,"excerpt":"A m\u00fasica n\u00e3o s\u00f3 pode como deve ser trabalhada na vida da crian\u00e7a desde o per\u00edodo da educa\u00e7\u00e3o infantil. Saiba como implementar esse ensino para os pequenos com esse texto que preparamos sobre o assunto.","rel":"","context":"Em &quot;Blog SABRA&quot;","block_context":{"text":"Blog SABRA","link":"https:\/\/www.sabra.org.br\/site\/category\/blog-sabra\/"},"img":{"alt_text":"m\u00fasica-crian\u00e7a-projeto-ajude-desenvolvimento-educador-sabra","src":"https:\/\/i0.wp.com\/www.sabra.org.br\/site\/wp-content\/uploads\/2023\/05\/como-trabalhar-musica-na-educacao-infantil-20171229162457.jpg-jpg.webp?resize=350%2C200&ssl=1","width":350,"height":200,"srcset":"https:\/\/i0.wp.com\/www.sabra.org.br\/site\/wp-content\/uploads\/2023\/05\/como-trabalhar-musica-na-educacao-infantil-20171229162457.jpg-jpg.webp?resize=350%2C200&ssl=1 1x, https:\/\/i0.wp.com\/www.sabra.org.br\/site\/wp-content\/uploads\/2023\/05\/como-trabalhar-musica-na-educacao-infantil-20171229162457.jpg-jpg.webp?resize=525%2C300&ssl=1 1.5x, https:\/\/i0.wp.com\/www.sabra.org.br\/site\/wp-content\/uploads\/2023\/05\/como-trabalhar-musica-na-educacao-infantil-20171229162457.jpg-jpg.webp?resize=700%2C400&ssl=1 2x, https:\/\/i0.wp.com\/www.sabra.org.br\/site\/wp-content\/uploads\/2023\/05\/como-trabalhar-musica-na-educacao-infantil-20171229162457.jpg-jpg.webp?resize=1050%2C600&ssl=1 3x, https:\/\/i0.wp.com\/www.sabra.org.br\/site\/wp-content\/uploads\/2023\/05\/como-trabalhar-musica-na-educacao-infantil-20171229162457.jpg-jpg.webp?resize=1400%2C800&ssl=1 4x"},"classes":[]},{"id":8056,"url":"https:\/\/www.sabra.org.br\/site\/sabra-concerto\/","url_meta":{"origin":4203,"position":3},"title":"SABRA promove Concerto Noturno.","author":"M\u00e1rcio Miranda Pontes","date":"25 de setembro de 2023","format":false,"excerpt":"SABRA promove Concerto Noturno com diversos grupos musicais para comemorar seus 10 anos de funda\u00e7\u00e3o. O evento acontece no pr\u00f3ximo dia 28 de setembro, , \u00e0s 19h30no Sal\u00e3o de Eventos do CAR em Betim.","rel":"","context":"Em &quot;Blog SABRA&quot;","block_context":{"text":"Blog SABRA","link":"https:\/\/www.sabra.org.br\/site\/category\/blog-sabra\/"},"img":{"alt_text":"sabra-m\u00fasica-coral-meio-concerto-cultura-trabalho-betim-cooperado-escola-evento-incentivo-sinf\u00f4nica-projeto-social","src":"https:\/\/i0.wp.com\/www.sabra.org.br\/site\/wp-content\/uploads\/2023\/09\/unnamed-jpg.webp?resize=350%2C200&ssl=1","width":350,"height":200,"srcset":"https:\/\/i0.wp.com\/www.sabra.org.br\/site\/wp-content\/uploads\/2023\/09\/unnamed-jpg.webp?resize=350%2C200&ssl=1 1x, https:\/\/i0.wp.com\/www.sabra.org.br\/site\/wp-content\/uploads\/2023\/09\/unnamed-jpg.webp?resize=525%2C300&ssl=1 1.5x, https:\/\/i0.wp.com\/www.sabra.org.br\/site\/wp-content\/uploads\/2023\/09\/unnamed-jpg.webp?resize=700%2C400&ssl=1 2x, https:\/\/i0.wp.com\/www.sabra.org.br\/site\/wp-content\/uploads\/2023\/09\/unnamed-jpg.webp?resize=1050%2C600&ssl=1 3x"},"classes":[]},{"id":11411,"url":"https:\/\/www.sabra.org.br\/site\/musicalizacao-coral-infantil-2025\/","url_meta":{"origin":4203,"position":4},"title":"SABRA cursos gratuitos de musicaliza\u00e7\u00e3o e coral infantil","author":"M\u00e1rcio Miranda Pontes","date":"13 de mar\u00e7o de 2025","format":false,"excerpt":"Participe do projeto 'M\u00fasica Inclusiva' e conhe\u00e7a os cursos de musicaliza\u00e7\u00e3o dispon\u00edveis para todas as idades.","rel":"","context":"Em &quot;Not\u00edcias&quot;","block_context":{"text":"Not\u00edcias","link":"https:\/\/www.sabra.org.br\/site\/category\/noticias\/"},"img":{"alt_text":"musicaliza\u00e7\u00e3o-coral-infantil-curso b\u00e1sico de m\u00fasica-curso intermedi\u00e1rio de m\u00fasica","src":"https:\/\/i0.wp.com\/www.sabra.org.br\/site\/wp-content\/uploads\/2025\/03\/Musicalizacao.jpg?resize=350%2C200&ssl=1","width":350,"height":200,"srcset":"https:\/\/i0.wp.com\/www.sabra.org.br\/site\/wp-content\/uploads\/2025\/03\/Musicalizacao.jpg?resize=350%2C200&ssl=1 1x, https:\/\/i0.wp.com\/www.sabra.org.br\/site\/wp-content\/uploads\/2025\/03\/Musicalizacao.jpg?resize=525%2C300&ssl=1 1.5x, https:\/\/i0.wp.com\/www.sabra.org.br\/site\/wp-content\/uploads\/2025\/03\/Musicalizacao.jpg?resize=700%2C400&ssl=1 2x, https:\/\/i0.wp.com\/www.sabra.org.br\/site\/wp-content\/uploads\/2025\/03\/Musicalizacao.jpg?resize=1050%2C600&ssl=1 3x, https:\/\/i0.wp.com\/www.sabra.org.br\/site\/wp-content\/uploads\/2025\/03\/Musicalizacao.jpg?resize=1400%2C800&ssl=1 4x"},"classes":[]},{"id":859,"url":"https:\/\/www.sabra.org.br\/site\/orquestra-sinfonica-de-betim-celebra-a-musica-lirica-em-concerto\/","url_meta":{"origin":4203,"position":5},"title":"Orquestra Sinf\u00f4nica de Betim celebra a m\u00fasica l\u00edrica em concerto","author":"M\u00e1rcio Miranda Pontes","date":"9 de dezembro de 2017","format":false,"excerpt":"Orquestra Sinf\u00f4nica de Betim se apresenta no CCBB Data: 14 de dezembro, quinta-feira Hor\u00e1rio: 20h00 Local: Centro Cultural Banco do Brasil - Pra\u00e7a da Liberdade, 450 - Funcion\u00e1rios, Belo Horizonte - MG. Ingressos: Inteira: R$ 20,00 meia: R$ 10,00 Clique aqui para comprar seu ingresso. Sob a reg\u00eancia do maestro\u2026","rel":"","context":"Em &quot;Not\u00edcias&quot;","block_context":{"text":"Not\u00edcias","link":"https:\/\/www.sabra.org.br\/site\/category\/noticias\/"},"img":{"alt_text":"Sociedade Art\u00edstica Brasileira SABRA","src":"https:\/\/i0.wp.com\/www.sabra.org.br\/site\/wp-content\/uploads\/2017\/12\/15940406_10153983478431946_7047361238975298962_n.jpg?resize=350%2C200&ssl=1","width":350,"height":200,"srcset":"https:\/\/i0.wp.com\/www.sabra.org.br\/site\/wp-content\/uploads\/2017\/12\/15940406_10153983478431946_7047361238975298962_n.jpg?resize=350%2C200&ssl=1 1x, https:\/\/i0.wp.com\/www.sabra.org.br\/site\/wp-content\/uploads\/2017\/12\/15940406_10153983478431946_7047361238975298962_n.jpg?resize=525%2C300&ssl=1 1.5x"},"classes":[]}],"jetpack_likes_enabled":true,"jetpack_sharing_enabled":true,"_links":{"self":[{"href":"https:\/\/www.sabra.org.br\/site\/wp-json\/wp\/v2\/posts\/4203","targetHints":{"allow":["GET"]}}],"collection":[{"href":"https:\/\/www.sabra.org.br\/site\/wp-json\/wp\/v2\/posts"}],"about":[{"href":"https:\/\/www.sabra.org.br\/site\/wp-json\/wp\/v2\/types\/post"}],"author":[{"embeddable":true,"href":"https:\/\/www.sabra.org.br\/site\/wp-json\/wp\/v2\/users\/39"}],"replies":[{"embeddable":true,"href":"https:\/\/www.sabra.org.br\/site\/wp-json\/wp\/v2\/comments?post=4203"}],"version-history":[{"count":0,"href":"https:\/\/www.sabra.org.br\/site\/wp-json\/wp\/v2\/posts\/4203\/revisions"}],"wp:featuredmedia":[{"embeddable":true,"href":"https:\/\/www.sabra.org.br\/site\/wp-json\/wp\/v2\/media\/4204"}],"wp:attachment":[{"href":"https:\/\/www.sabra.org.br\/site\/wp-json\/wp\/v2\/media?parent=4203"}],"wp:term":[{"taxonomy":"category","embeddable":true,"href":"https:\/\/www.sabra.org.br\/site\/wp-json\/wp\/v2\/categories?post=4203"},{"taxonomy":"post_tag","embeddable":true,"href":"https:\/\/www.sabra.org.br\/site\/wp-json\/wp\/v2\/tags?post=4203"}],"curies":[{"name":"wp","href":"https:\/\/api.w.org\/{rel}","templated":true}]}}