{"id":4208,"date":"2021-09-24T08:21:34","date_gmt":"2021-09-24T11:21:34","guid":{"rendered":"https:\/\/www.sabra.org.br\/site\/?p=4208"},"modified":"2021-09-24T08:32:55","modified_gmt":"2021-09-24T11:32:55","slug":"museus-incriveis","status":"publish","type":"post","link":"https:\/\/www.sabra.org.br\/site\/museus-incriveis\/","title":{"rendered":"Museus incr\u00edveis de Minas Gerais que voc\u00ea precisa conhecer"},"content":{"rendered":"<p>[vc_row][vc_column][vc_column_text]Fundado h\u00e1 mais de 300 anos, o estado de Minas Gerais foi palco de importantes momentos da hist\u00f3ria brasileira, especialmente no per\u00edodo colonial e de explora\u00e7\u00e3o do ouro. Justamente por isso, o estado \u00e9 sede de diversos museus superinteressantes, com acervos muito ricos e variados.<\/p>\n<p>A seguir, trouxemos uma lista com cinco museus incr\u00edveis de Minas Gerais que voc\u00ea precisa conhecer. Acompanhe com a gente e j\u00e1 marque na sua agenda de viagens!<\/p>\n<h2>1 &#8211; Museu da Inconfid\u00eancia<\/h2>\n<p>Inaugurado em 1944, o Museu da Inconfid\u00eancia trata de um dos momentos mais importantes da nossa Hist\u00f3ria: a Inconfid\u00eancia Mineira. Localizado na cidade de Ouro Preto, ele funciona em um pr\u00e9dio que data de 1785 e traz importantes arquivos e documentos do per\u00edodo colonial.<\/p>\n<p>Sua estrutura conta ainda com o Pante\u00e3o dos Inconfidentes e com um espa\u00e7o dedicado \u00e0s esculturas de Aleijadinho. O pre\u00e7o \u00e9 supersimb\u00f3lico: 10 reais a inteira e 5 a meia entrada.<\/p>\n<h2>2 &#8211; Museu das Minas e do Metal<\/h2>\n<p>O estado de Minas Gerais ganhou esse nome por seu importante papel no per\u00edodo da minera\u00e7\u00e3o do Brasil col\u00f4nia. Ent\u00e3o, nada mais natural que um museu dedicado a esse of\u00edcio e aos metais naturais do solo brasileiro.<\/p>\n<p>Localizado em Belo Horizonte, o museu n\u00e3o s\u00f3 trata da hist\u00f3ria da minera\u00e7\u00e3o no estado, como tamb\u00e9m ensina de forma l\u00fadica sobre a natureza dos metais. \u00c9 poss\u00edvel encher os olhos com diversas pedras preciosas e participar de diversas atividades educativas. Ah, e a entrada \u00e9 livre!<\/p>\n<h2>3 &#8211; Instituto Inhotim<\/h2>\n<p>Esse museu vale demais uma visita: o instituto Inhotim \u00e9 considerado o maior museu a c\u00e9u aberto do mundo. Localizado em Brumadinho, cidade vizinha de Belo Horizonte, ele \u00e9 um espa\u00e7o de preserva\u00e7\u00e3o da arte contempor\u00e2nea e de esp\u00e9cies naturais.<\/p>\n<p>Isso porque ele \u00e9 praticamente uma mistura de museu com jardim bot\u00e2nico. \u00c9 poss\u00edvel passear por instala\u00e7\u00f5es de arte que est\u00e3o inseridas de forma harm\u00f4nica entre plantas incr\u00edveis. Os ingressos podem ser comprados pela internet e parcelados em at\u00e9 12 vezes.<\/p>\n<h2>4 &#8211; Museu dos Brinquedos<\/h2>\n<p>A crian\u00e7ada vai adorar esse passeio: o museu dos brinquedos fica em Belo Horizonte e conta com um acervo de cinco mil brinquedos, com aproximadamente 800 em exposi\u00e7\u00e3o. \u00c9 poss\u00edvel ver brinquedos desde o come\u00e7o do s\u00e9culo 20 at\u00e9 a d\u00e9cada de 80, garantindo tamb\u00e9m nostalgia para os papais.<\/p>\n<p>Durante o per\u00edodo de f\u00e9rias escolares, o museu tem programa\u00e7\u00e3o especial. Ent\u00e3o, vale a pena dar uma conferida no site para saber quais as atra\u00e7\u00f5es.<\/p>\n<h2>5 &#8211; Casa JK<\/h2>\n<p>O presidente respons\u00e1vel pela constru\u00e7\u00e3o da nossa capital era mineiro de nascimento. A casa onde Juscelino Kubitschek passava os seus ver\u00f5es, na Pampulha, \u00e9 hoje em dia um museu dedicado \u00e0 sua mem\u00f3ria. A pr\u00f3pria casa j\u00e1 \u00e9 uma atra\u00e7\u00e3o, uma vez que foi projetada por Oscar Niemeyer.<\/p>\n<p>N\u00e3o s\u00f3 \u00e9 poss\u00edvel conhecer um pouco mais da personalidade e vida de Juscelino, como o museu oferece uma imers\u00e3o no cotidiano dos anos 50. A entrada \u00e9 gratuita.<\/p>\n<p>E a\u00ed? Qual museu de Minas Gerais voc\u00ea vai visitar primeiro? Para descobrir mais sobre cultura brasileira e muitos outros assuntos, fique sempre de olho nos nossos textos!<\/p>\n<blockquote class=\"wp-embedded-content\" data-secret=\"PLIIoH2rKB\"><p><a href=\"https:\/\/www.sabra.org.br\/site\/museus-virtuais\/\">Museus virtuais para crian\u00e7as: 4 exposi\u00e7\u00f5es para visitar sem sair de casa<\/a><\/p><\/blockquote>\n<p><iframe class=\"wp-embedded-content\" sandbox=\"allow-scripts\" security=\"restricted\" style=\"position: absolute; clip: rect(1px, 1px, 1px, 1px);\" title=\"&#8220;Museus virtuais para crian\u00e7as: 4 exposi\u00e7\u00f5es para visitar sem sair de casa&#8221; &#8212; SABRA - Sociedade Art\u00edstica Brasileira\" src=\"https:\/\/www.sabra.org.br\/site\/museus-virtuais\/embed\/#?secret=PLIIoH2rKB\" data-secret=\"PLIIoH2rKB\" width=\"600\" height=\"338\" frameborder=\"0\" marginwidth=\"0\" marginheight=\"0\" scrolling=\"no\"><\/iframe><\/p>\n<hr \/>\n<h2>Se voc\u00ea gostou deste post:<\/h2>\n<p>&#8211; SIGA as nossas p\u00e1ginas nas redes sociais para acompanhar as nossas atualiza\u00e7\u00f5es: estamos no <a href=\"https:\/\/www.facebook.com\/sabrabrasil\" target=\"_blank\" rel=\"noopener\">Facebook<\/a>, no <a href=\"https:\/\/www.instagram.com\/sabrabrasil\/\" target=\"_blank\" rel=\"noopener\">Instagram<\/a>, no <a href=\"https:\/\/www.linkedin.com\/company\/25002088\" target=\"_blank\" rel=\"noopener\">LinkedIn<\/a>, no <a href=\"https:\/\/twitter.com\/ContatoSabra\" target=\"_blank\" rel=\"noopener\">Twitter<\/a> e no <a href=\"https:\/\/www.youtube.com\/channel\/UCJw-kbuEvzUNdeQf20Pa-eQ\" target=\"_blank\" rel=\"noopener\">YouTube<\/a>!<\/p>\n<p>&#8211; CONHE\u00c7A o trabalho da Sociedade Art\u00edstica Brasileira (SABRA) e todas as iniciativas culturais e sociais que ela mant\u00e9m. <a href=\"https:\/\/www.sabra.org.br\/site\/acoes\/\" target=\"_blank\" rel=\"noopener\">Acesse nosso site!<\/a><\/p>\n<p>&#8211; ENTRE EM CONTATO com a gente. E veja quais s\u00e3o as op\u00e7\u00f5es de ajuda na manuten\u00e7\u00e3o de nossas a\u00e7\u00f5es sociais e culturais. Basta acessar nossa p\u00e1gina <a href=\"https:\/\/www.sabra.org.br\/site\/doe-agora\/\" target=\"_blank\" rel=\"noopener\">Doe Agora!<\/a><\/p>\n<p>&#8211; COMPARTILHE este texto nas suas redes sociais e ajude os seus amigos a tamb\u00e9m dominarem o assunto!<\/p>\n<p>\u2013 Os projetos da @sabrabrasil s\u00e3o realizados com o patroci\u0301nio m\u00e1ster: @institutounimedbh, viabilizado pelo incentivo de mais de 5,2 mil m\u00e9dicos cooperados e colaboradores via Lei de Incentivo \u00e0 Cultura &#8211; @mturismo, @culturagovbr. Patroc\u00ednio prata: @vallourec e apoio: @prefeiturabetim[\/vc_column_text][\/vc_column][\/vc_row]<\/p>\n","protected":false},"excerpt":{"rendered":"<p>Museus incr\u00edveis de Minas Gerais que voc\u00ea precisa conhecer<\/p>\n<p>O estado de Minas Gerais \u00e9 famoso por ser um &#8220;museu a c\u00e9u aberto&#8221; dos principais momentos hist\u00f3ricos brasileiros. Por\u00e9m, voc\u00ea sabia que l\u00e1 tamb\u00e9m tem muitos museus incr\u00edveis para conhecer? Conhe\u00e7a alguns deles a seguir!<\/p>\n<p>Patroci\u0301nio m\u00e1ster: @institutounimedbh, viabilizado pelo incentivo de mais de 5,2 mil m\u00e9dicos cooperados e colaboradores via Lei de Incentivo \u00e0 Cultura &#8211; @mturismo, @culturagovbr. Patroc\u00ednio prata: @vallourec e apoio: @prefeiturabetim<\/p>\n<p>#sabrabrasil #institutounimedbh #vallourec #semedbetim #betim #novalima #raposos #camposdosgoytacazes #maestromarciomirandapontes<\/p>\n","protected":false},"author":39,"featured_media":4209,"comment_status":"closed","ping_status":"closed","sticky":false,"template":"","format":"standard","meta":{"jetpack_post_was_ever_published":false,"_jetpack_newsletter_access":"","_jetpack_dont_email_post_to_subs":false,"_jetpack_newsletter_tier_id":0,"_jetpack_memberships_contains_paywalled_content":false,"_jetpack_memberships_contains_paid_content":false,"footnotes":""},"categories":[1],"tags":[15,3623,8,1285,16,3519,1286,11,3622,9],"class_list":["post-4208","post","type-post","status-publish","format-standard","has-post-thumbnail","hentry","category-blog-sabra","tag-assistencia-social","tag-campos-dos-goytacazes","tag-canto-coral","tag-escola-de-musica-sabra","tag-musicalizacao-infantil","tag-nova-lima-2","tag-orquestra-infanto-juvenil-de-betim","tag-orquestra-sinfonica-de-betim","tag-raposos","tag-sociedade-artistica-brasileira"],"yoast_head":"<!-- This site is optimized with the Yoast SEO plugin v27.5 - https:\/\/yoast.com\/product\/yoast-seo-wordpress\/ -->\n<title>Museus incr\u00edveis de Minas Gerais que voc\u00ea precisa conhecer - SABRA - Sociedade Art\u00edstica Brasileira<\/title>\n<meta name=\"description\" content=\"O estado de Minas Gerais \u00e9 famoso por ser um &quot;museu a c\u00e9u aberto&quot; dos principais momentos hist\u00f3ricos brasileiros. Incr\u00edveis para conhecer.\" \/>\n<meta name=\"robots\" content=\"index, follow, max-snippet:-1, max-image-preview:large, max-video-preview:-1\" \/>\n<link rel=\"canonical\" href=\"https:\/\/www.sabra.org.br\/site\/museus-incriveis\/\" \/>\n<meta property=\"og:locale\" content=\"pt_BR\" \/>\n<meta property=\"og:type\" content=\"article\" \/>\n<meta property=\"og:title\" content=\"Museus incr\u00edveis de Minas Gerais que voc\u00ea precisa conhecer - SABRA - Sociedade Art\u00edstica Brasileira\" \/>\n<meta property=\"og:description\" content=\"O estado de Minas Gerais \u00e9 famoso por ser um &quot;museu a c\u00e9u aberto&quot; dos principais momentos hist\u00f3ricos brasileiros. Incr\u00edveis para conhecer.\" \/>\n<meta property=\"og:url\" content=\"https:\/\/www.sabra.org.br\/site\/museus-incriveis\/\" \/>\n<meta property=\"og:site_name\" content=\"SABRA - Sociedade Art\u00edstica Brasileira\" \/>\n<meta property=\"article:publisher\" content=\"https:\/\/www.facebook.com\/sabrabrasil\" \/>\n<meta property=\"article:published_time\" content=\"2021-09-24T11:21:34+00:00\" \/>\n<meta property=\"article:modified_time\" content=\"2021-09-24T11:32:55+00:00\" \/>\n<meta property=\"og:image\" content=\"https:\/\/i0.wp.com\/www.sabra.org.br\/site\/wp-content\/uploads\/2021\/09\/x-museus-incriveis-de-minas-gerais-que-voce-precisa-conhecer-20210803101037.jpg.jpg?fit=800%2C450&ssl=1\" \/>\n\t<meta property=\"og:image:width\" content=\"800\" \/>\n\t<meta property=\"og:image:height\" content=\"450\" \/>\n\t<meta property=\"og:image:type\" content=\"image\/jpeg\" \/>\n<meta name=\"author\" content=\"M\u00e1rcio Miranda Pontes\" \/>\n<meta name=\"twitter:card\" content=\"summary_large_image\" \/>\n<meta name=\"twitter:creator\" content=\"@ContatoSabra\" \/>\n<meta name=\"twitter:site\" content=\"@ContatoSabra\" \/>\n<meta name=\"twitter:label1\" content=\"Escrito por\" \/>\n\t<meta name=\"twitter:data1\" content=\"M\u00e1rcio Miranda Pontes\" \/>\n\t<meta name=\"twitter:label2\" content=\"Est. tempo de leitura\" \/>\n\t<meta name=\"twitter:data2\" content=\"3 minutos\" \/>\n<script type=\"application\/ld+json\" class=\"yoast-schema-graph\">{\"@context\":\"https:\\\/\\\/schema.org\",\"@graph\":[{\"@type\":\"Article\",\"@id\":\"https:\\\/\\\/www.sabra.org.br\\\/site\\\/museus-incriveis\\\/#article\",\"isPartOf\":{\"@id\":\"https:\\\/\\\/www.sabra.org.br\\\/site\\\/museus-incriveis\\\/\"},\"author\":{\"name\":\"M\u00e1rcio Miranda Pontes\",\"@id\":\"https:\\\/\\\/www.sabra.org.br\\\/site\\\/#\\\/schema\\\/person\\\/7d1d222c3c8891d4c37c7b41bf6315c2\"},\"headline\":\"Museus incr\u00edveis de Minas Gerais que voc\u00ea precisa conhecer\",\"datePublished\":\"2021-09-24T11:21:34+00:00\",\"dateModified\":\"2021-09-24T11:32:55+00:00\",\"mainEntityOfPage\":{\"@id\":\"https:\\\/\\\/www.sabra.org.br\\\/site\\\/museus-incriveis\\\/\"},\"wordCount\":728,\"publisher\":{\"@id\":\"https:\\\/\\\/www.sabra.org.br\\\/site\\\/#organization\"},\"image\":{\"@id\":\"https:\\\/\\\/www.sabra.org.br\\\/site\\\/museus-incriveis\\\/#primaryimage\"},\"thumbnailUrl\":\"https:\\\/\\\/www.sabra.org.br\\\/site\\\/wp-content\\\/uploads\\\/2021\\\/09\\\/x-museus-incriveis-de-minas-gerais-que-voce-precisa-conhecer-20210803101037.jpg.jpg\",\"keywords\":[\"Assist\u00eancia social\",\"Campos dos Goytacazes\",\"Canto Coral\",\"Escola de Musica SABRA\",\"Musicaliza\u00e7\u00e3o Infantil\",\"nova lima\",\"Orquestra Infanto Juvenil de Betim\",\"Orquestra Sinf\u00f4nica de Betim\",\"Raposos\",\"Sociedade Art\u00edstica Brasileira\"],\"articleSection\":[\"Blog SABRA\"],\"inLanguage\":\"pt-BR\"},{\"@type\":\"WebPage\",\"@id\":\"https:\\\/\\\/www.sabra.org.br\\\/site\\\/museus-incriveis\\\/\",\"url\":\"https:\\\/\\\/www.sabra.org.br\\\/site\\\/museus-incriveis\\\/\",\"name\":\"Museus incr\u00edveis de Minas Gerais que voc\u00ea precisa conhecer - SABRA - Sociedade Art\u00edstica Brasileira\",\"isPartOf\":{\"@id\":\"https:\\\/\\\/www.sabra.org.br\\\/site\\\/#website\"},\"primaryImageOfPage\":{\"@id\":\"https:\\\/\\\/www.sabra.org.br\\\/site\\\/museus-incriveis\\\/#primaryimage\"},\"image\":{\"@id\":\"https:\\\/\\\/www.sabra.org.br\\\/site\\\/museus-incriveis\\\/#primaryimage\"},\"thumbnailUrl\":\"https:\\\/\\\/www.sabra.org.br\\\/site\\\/wp-content\\\/uploads\\\/2021\\\/09\\\/x-museus-incriveis-de-minas-gerais-que-voce-precisa-conhecer-20210803101037.jpg.jpg\",\"datePublished\":\"2021-09-24T11:21:34+00:00\",\"dateModified\":\"2021-09-24T11:32:55+00:00\",\"description\":\"O estado de Minas Gerais \u00e9 famoso por ser um \\\"museu a c\u00e9u aberto\\\" dos principais momentos hist\u00f3ricos brasileiros. Incr\u00edveis para conhecer.\",\"breadcrumb\":{\"@id\":\"https:\\\/\\\/www.sabra.org.br\\\/site\\\/museus-incriveis\\\/#breadcrumb\"},\"inLanguage\":\"pt-BR\",\"potentialAction\":[{\"@type\":\"ReadAction\",\"target\":[\"https:\\\/\\\/www.sabra.org.br\\\/site\\\/museus-incriveis\\\/\"]}]},{\"@type\":\"ImageObject\",\"inLanguage\":\"pt-BR\",\"@id\":\"https:\\\/\\\/www.sabra.org.br\\\/site\\\/museus-incriveis\\\/#primaryimage\",\"url\":\"https:\\\/\\\/www.sabra.org.br\\\/site\\\/wp-content\\\/uploads\\\/2021\\\/09\\\/x-museus-incriveis-de-minas-gerais-que-voce-precisa-conhecer-20210803101037.jpg.jpg\",\"contentUrl\":\"https:\\\/\\\/www.sabra.org.br\\\/site\\\/wp-content\\\/uploads\\\/2021\\\/09\\\/x-museus-incriveis-de-minas-gerais-que-voce-precisa-conhecer-20210803101037.jpg.jpg\",\"width\":800,\"height\":450,\"caption\":\"Sociedade Art\u00edstica Brasileira SABRA\"},{\"@type\":\"BreadcrumbList\",\"@id\":\"https:\\\/\\\/www.sabra.org.br\\\/site\\\/museus-incriveis\\\/#breadcrumb\",\"itemListElement\":[{\"@type\":\"ListItem\",\"position\":1,\"name\":\"In\u00edcio\",\"item\":\"https:\\\/\\\/www.sabra.org.br\\\/site\\\/\"},{\"@type\":\"ListItem\",\"position\":2,\"name\":\"Museus incr\u00edveis de Minas Gerais que voc\u00ea precisa conhecer\"}]},{\"@type\":\"WebSite\",\"@id\":\"https:\\\/\\\/www.sabra.org.br\\\/site\\\/#website\",\"url\":\"https:\\\/\\\/www.sabra.org.br\\\/site\\\/\",\"name\":\"SABRA - Sociedade Art\u00edstica Brasileira\",\"description\":\"Escola de M\u00fasica, Orquestra Sinf\u00f4nica, Coral e Patrim\u00f4nio Cultural e Hist\u00f3rico\",\"publisher\":{\"@id\":\"https:\\\/\\\/www.sabra.org.br\\\/site\\\/#organization\"},\"potentialAction\":[{\"@type\":\"SearchAction\",\"target\":{\"@type\":\"EntryPoint\",\"urlTemplate\":\"https:\\\/\\\/www.sabra.org.br\\\/site\\\/?s={search_term_string}\"},\"query-input\":{\"@type\":\"PropertyValueSpecification\",\"valueRequired\":true,\"valueName\":\"search_term_string\"}}],\"inLanguage\":\"pt-BR\"},{\"@type\":\"Organization\",\"@id\":\"https:\\\/\\\/www.sabra.org.br\\\/site\\\/#organization\",\"name\":\"SOCIEDADE ART\u00cdSTICA BRASILEIRA SABRA\",\"alternateName\":\"SABRA\",\"url\":\"https:\\\/\\\/www.sabra.org.br\\\/site\\\/\",\"logo\":{\"@type\":\"ImageObject\",\"inLanguage\":\"pt-BR\",\"@id\":\"https:\\\/\\\/www.sabra.org.br\\\/site\\\/#\\\/schema\\\/logo\\\/image\\\/\",\"url\":\"https:\\\/\\\/www.sabra.org.br\\\/site\\\/wp-content\\\/uploads\\\/2019\\\/06\\\/cropped-Logo_SABRA-Copia-1.webp\",\"contentUrl\":\"https:\\\/\\\/www.sabra.org.br\\\/site\\\/wp-content\\\/uploads\\\/2019\\\/06\\\/cropped-Logo_SABRA-Copia-1.webp\",\"width\":400,\"height\":128,\"caption\":\"SOCIEDADE ART\u00cdSTICA BRASILEIRA SABRA\"},\"image\":{\"@id\":\"https:\\\/\\\/www.sabra.org.br\\\/site\\\/#\\\/schema\\\/logo\\\/image\\\/\"},\"sameAs\":[\"https:\\\/\\\/www.facebook.com\\\/sabrabrasil\",\"https:\\\/\\\/x.com\\\/ContatoSabra\",\"https:\\\/\\\/www.instagram.com\\\/sabrabrasil\\\/\",\"https:\\\/\\\/www.linkedin.com\\\/company\\\/25002088\\\/\",\"https:\\\/\\\/br.pinterest.com\\\/sociedadeartisticabrasileira\\\/\",\"https:\\\/\\\/www.youtube.com\\\/c\\\/sabrabrasil\"]},{\"@type\":\"Person\",\"@id\":\"https:\\\/\\\/www.sabra.org.br\\\/site\\\/#\\\/schema\\\/person\\\/7d1d222c3c8891d4c37c7b41bf6315c2\",\"name\":\"M\u00e1rcio Miranda Pontes\",\"image\":{\"@type\":\"ImageObject\",\"inLanguage\":\"pt-BR\",\"@id\":\"https:\\\/\\\/secure.gravatar.com\\\/avatar\\\/3b45f24496a7625a3a6c436688fbe20344faaeb2979658dc4a9921f984d7df9a?s=96&d=mm&r=g\",\"url\":\"https:\\\/\\\/secure.gravatar.com\\\/avatar\\\/3b45f24496a7625a3a6c436688fbe20344faaeb2979658dc4a9921f984d7df9a?s=96&d=mm&r=g\",\"contentUrl\":\"https:\\\/\\\/secure.gravatar.com\\\/avatar\\\/3b45f24496a7625a3a6c436688fbe20344faaeb2979658dc4a9921f984d7df9a?s=96&d=mm&r=g\",\"caption\":\"M\u00e1rcio Miranda Pontes\"},\"sameAs\":[\"http:\\\/\\\/www.sabra.org.br\"],\"url\":\"https:\\\/\\\/www.sabra.org.br\\\/site\\\/author\\\/marcio-miranda-pontes\\\/\"}]}<\/script>\n<!-- \/ Yoast SEO plugin. -->","yoast_head_json":{"title":"Museus incr\u00edveis de Minas Gerais que voc\u00ea precisa conhecer - SABRA - Sociedade Art\u00edstica Brasileira","description":"O estado de Minas Gerais \u00e9 famoso por ser um \"museu a c\u00e9u aberto\" dos principais momentos hist\u00f3ricos brasileiros. Incr\u00edveis para conhecer.","robots":{"index":"index","follow":"follow","max-snippet":"max-snippet:-1","max-image-preview":"max-image-preview:large","max-video-preview":"max-video-preview:-1"},"canonical":"https:\/\/www.sabra.org.br\/site\/museus-incriveis\/","og_locale":"pt_BR","og_type":"article","og_title":"Museus incr\u00edveis de Minas Gerais que voc\u00ea precisa conhecer - SABRA - Sociedade Art\u00edstica Brasileira","og_description":"O estado de Minas Gerais \u00e9 famoso por ser um \"museu a c\u00e9u aberto\" dos principais momentos hist\u00f3ricos brasileiros. Incr\u00edveis para conhecer.","og_url":"https:\/\/www.sabra.org.br\/site\/museus-incriveis\/","og_site_name":"SABRA - Sociedade Art\u00edstica Brasileira","article_publisher":"https:\/\/www.facebook.com\/sabrabrasil","article_published_time":"2021-09-24T11:21:34+00:00","article_modified_time":"2021-09-24T11:32:55+00:00","og_image":[{"width":800,"height":450,"url":"https:\/\/i0.wp.com\/www.sabra.org.br\/site\/wp-content\/uploads\/2021\/09\/x-museus-incriveis-de-minas-gerais-que-voce-precisa-conhecer-20210803101037.jpg.jpg?fit=800%2C450&ssl=1","type":"image\/jpeg"}],"author":"M\u00e1rcio Miranda Pontes","twitter_card":"summary_large_image","twitter_creator":"@ContatoSabra","twitter_site":"@ContatoSabra","twitter_misc":{"Escrito por":"M\u00e1rcio Miranda Pontes","Est. tempo de leitura":"3 minutos"},"schema":{"@context":"https:\/\/schema.org","@graph":[{"@type":"Article","@id":"https:\/\/www.sabra.org.br\/site\/museus-incriveis\/#article","isPartOf":{"@id":"https:\/\/www.sabra.org.br\/site\/museus-incriveis\/"},"author":{"name":"M\u00e1rcio Miranda Pontes","@id":"https:\/\/www.sabra.org.br\/site\/#\/schema\/person\/7d1d222c3c8891d4c37c7b41bf6315c2"},"headline":"Museus incr\u00edveis de Minas Gerais que voc\u00ea precisa conhecer","datePublished":"2021-09-24T11:21:34+00:00","dateModified":"2021-09-24T11:32:55+00:00","mainEntityOfPage":{"@id":"https:\/\/www.sabra.org.br\/site\/museus-incriveis\/"},"wordCount":728,"publisher":{"@id":"https:\/\/www.sabra.org.br\/site\/#organization"},"image":{"@id":"https:\/\/www.sabra.org.br\/site\/museus-incriveis\/#primaryimage"},"thumbnailUrl":"https:\/\/www.sabra.org.br\/site\/wp-content\/uploads\/2021\/09\/x-museus-incriveis-de-minas-gerais-que-voce-precisa-conhecer-20210803101037.jpg.jpg","keywords":["Assist\u00eancia social","Campos dos Goytacazes","Canto Coral","Escola de Musica SABRA","Musicaliza\u00e7\u00e3o Infantil","nova lima","Orquestra Infanto Juvenil de Betim","Orquestra Sinf\u00f4nica de Betim","Raposos","Sociedade Art\u00edstica Brasileira"],"articleSection":["Blog SABRA"],"inLanguage":"pt-BR"},{"@type":"WebPage","@id":"https:\/\/www.sabra.org.br\/site\/museus-incriveis\/","url":"https:\/\/www.sabra.org.br\/site\/museus-incriveis\/","name":"Museus incr\u00edveis de Minas Gerais que voc\u00ea precisa conhecer - SABRA - Sociedade Art\u00edstica Brasileira","isPartOf":{"@id":"https:\/\/www.sabra.org.br\/site\/#website"},"primaryImageOfPage":{"@id":"https:\/\/www.sabra.org.br\/site\/museus-incriveis\/#primaryimage"},"image":{"@id":"https:\/\/www.sabra.org.br\/site\/museus-incriveis\/#primaryimage"},"thumbnailUrl":"https:\/\/www.sabra.org.br\/site\/wp-content\/uploads\/2021\/09\/x-museus-incriveis-de-minas-gerais-que-voce-precisa-conhecer-20210803101037.jpg.jpg","datePublished":"2021-09-24T11:21:34+00:00","dateModified":"2021-09-24T11:32:55+00:00","description":"O estado de Minas Gerais \u00e9 famoso por ser um \"museu a c\u00e9u aberto\" dos principais momentos hist\u00f3ricos brasileiros. Incr\u00edveis para conhecer.","breadcrumb":{"@id":"https:\/\/www.sabra.org.br\/site\/museus-incriveis\/#breadcrumb"},"inLanguage":"pt-BR","potentialAction":[{"@type":"ReadAction","target":["https:\/\/www.sabra.org.br\/site\/museus-incriveis\/"]}]},{"@type":"ImageObject","inLanguage":"pt-BR","@id":"https:\/\/www.sabra.org.br\/site\/museus-incriveis\/#primaryimage","url":"https:\/\/www.sabra.org.br\/site\/wp-content\/uploads\/2021\/09\/x-museus-incriveis-de-minas-gerais-que-voce-precisa-conhecer-20210803101037.jpg.jpg","contentUrl":"https:\/\/www.sabra.org.br\/site\/wp-content\/uploads\/2021\/09\/x-museus-incriveis-de-minas-gerais-que-voce-precisa-conhecer-20210803101037.jpg.jpg","width":800,"height":450,"caption":"Sociedade Art\u00edstica Brasileira SABRA"},{"@type":"BreadcrumbList","@id":"https:\/\/www.sabra.org.br\/site\/museus-incriveis\/#breadcrumb","itemListElement":[{"@type":"ListItem","position":1,"name":"In\u00edcio","item":"https:\/\/www.sabra.org.br\/site\/"},{"@type":"ListItem","position":2,"name":"Museus incr\u00edveis de Minas Gerais que voc\u00ea precisa conhecer"}]},{"@type":"WebSite","@id":"https:\/\/www.sabra.org.br\/site\/#website","url":"https:\/\/www.sabra.org.br\/site\/","name":"SABRA - Sociedade Art\u00edstica Brasileira","description":"Escola de M\u00fasica, Orquestra Sinf\u00f4nica, Coral e Patrim\u00f4nio Cultural e Hist\u00f3rico","publisher":{"@id":"https:\/\/www.sabra.org.br\/site\/#organization"},"potentialAction":[{"@type":"SearchAction","target":{"@type":"EntryPoint","urlTemplate":"https:\/\/www.sabra.org.br\/site\/?s={search_term_string}"},"query-input":{"@type":"PropertyValueSpecification","valueRequired":true,"valueName":"search_term_string"}}],"inLanguage":"pt-BR"},{"@type":"Organization","@id":"https:\/\/www.sabra.org.br\/site\/#organization","name":"SOCIEDADE ART\u00cdSTICA BRASILEIRA SABRA","alternateName":"SABRA","url":"https:\/\/www.sabra.org.br\/site\/","logo":{"@type":"ImageObject","inLanguage":"pt-BR","@id":"https:\/\/www.sabra.org.br\/site\/#\/schema\/logo\/image\/","url":"https:\/\/www.sabra.org.br\/site\/wp-content\/uploads\/2019\/06\/cropped-Logo_SABRA-Copia-1.webp","contentUrl":"https:\/\/www.sabra.org.br\/site\/wp-content\/uploads\/2019\/06\/cropped-Logo_SABRA-Copia-1.webp","width":400,"height":128,"caption":"SOCIEDADE ART\u00cdSTICA BRASILEIRA SABRA"},"image":{"@id":"https:\/\/www.sabra.org.br\/site\/#\/schema\/logo\/image\/"},"sameAs":["https:\/\/www.facebook.com\/sabrabrasil","https:\/\/x.com\/ContatoSabra","https:\/\/www.instagram.com\/sabrabrasil\/","https:\/\/www.linkedin.com\/company\/25002088\/","https:\/\/br.pinterest.com\/sociedadeartisticabrasileira\/","https:\/\/www.youtube.com\/c\/sabrabrasil"]},{"@type":"Person","@id":"https:\/\/www.sabra.org.br\/site\/#\/schema\/person\/7d1d222c3c8891d4c37c7b41bf6315c2","name":"M\u00e1rcio Miranda Pontes","image":{"@type":"ImageObject","inLanguage":"pt-BR","@id":"https:\/\/secure.gravatar.com\/avatar\/3b45f24496a7625a3a6c436688fbe20344faaeb2979658dc4a9921f984d7df9a?s=96&d=mm&r=g","url":"https:\/\/secure.gravatar.com\/avatar\/3b45f24496a7625a3a6c436688fbe20344faaeb2979658dc4a9921f984d7df9a?s=96&d=mm&r=g","contentUrl":"https:\/\/secure.gravatar.com\/avatar\/3b45f24496a7625a3a6c436688fbe20344faaeb2979658dc4a9921f984d7df9a?s=96&d=mm&r=g","caption":"M\u00e1rcio Miranda Pontes"},"sameAs":["http:\/\/www.sabra.org.br"],"url":"https:\/\/www.sabra.org.br\/site\/author\/marcio-miranda-pontes\/"}]}},"jetpack_featured_media_url":"https:\/\/www.sabra.org.br\/site\/wp-content\/uploads\/2021\/09\/x-museus-incriveis-de-minas-gerais-que-voce-precisa-conhecer-20210803101037.jpg.jpg","jetpack_shortlink":"https:\/\/wp.me\/p95j2Z-15S","jetpack-related-posts":[{"id":4072,"url":"https:\/\/www.sabra.org.br\/site\/arte-cultura\/","url_meta":{"origin":4208,"position":0},"title":"Arte e cultura em Minas Gerais: muito al\u00e9m dos pontos tur\u00edsticos","author":"M\u00e1rcio Miranda Pontes","date":"5 de agosto de 2021","format":false,"excerpt":"Arte e cultura em Minas Gerais: muito al\u00e9m dos pontos tur\u00edsticos Minas Gerais pode oferecer muito mais que pontos tur\u00edsticos. O estado respira arte e cultura. Para conhecer algumas op\u00e7\u00f5es de lugares que podem fazer voc\u00ea ampliar seu repert\u00f3rio cultural em Minas Gerais, leia o conte\u00fado a seguir.","rel":"","context":"Em &quot;Blog SABRA&quot;","block_context":{"text":"Blog SABRA","link":"https:\/\/www.sabra.org.br\/site\/category\/blog-sabra\/"},"img":{"alt_text":"arte-cultura","src":"https:\/\/i0.wp.com\/www.sabra.org.br\/site\/wp-content\/uploads\/2021\/08\/arte-e-cultura-em-minas-gerais-muito-alem-dos-pontos-turisticos-20210803101037.jpg.jpg?resize=350%2C200&ssl=1","width":350,"height":200,"srcset":"https:\/\/i0.wp.com\/www.sabra.org.br\/site\/wp-content\/uploads\/2021\/08\/arte-e-cultura-em-minas-gerais-muito-alem-dos-pontos-turisticos-20210803101037.jpg.jpg?resize=350%2C200&ssl=1 1x, https:\/\/i0.wp.com\/www.sabra.org.br\/site\/wp-content\/uploads\/2021\/08\/arte-e-cultura-em-minas-gerais-muito-alem-dos-pontos-turisticos-20210803101037.jpg.jpg?resize=525%2C300&ssl=1 1.5x, https:\/\/i0.wp.com\/www.sabra.org.br\/site\/wp-content\/uploads\/2021\/08\/arte-e-cultura-em-minas-gerais-muito-alem-dos-pontos-turisticos-20210803101037.jpg.jpg?resize=700%2C400&ssl=1 2x"},"classes":[]},{"id":5136,"url":"https:\/\/www.sabra.org.br\/site\/personalidades-mg\/","url_meta":{"origin":4208,"position":1},"title":"Personalidades que marcaram a hist\u00f3ria de Minas Gerais","author":"M\u00e1rcio Miranda Pontes","date":"23 de maio de 2022","format":false,"excerpt":"Minas Gerais \u00e9 um estado extremamente rico e cheio de hist\u00f3ria cultural, o que \u00e9 reflexo de ter sido habitado por personalidades t\u00e3o marcantes e importantes. Vamos conhecer algumas delas?","rel":"","context":"Em &quot;Blog SABRA&quot;","block_context":{"text":"Blog SABRA","link":"https:\/\/www.sabra.org.br\/site\/category\/blog-sabra\/"},"img":{"alt_text":"minas-gerais-ouro","src":"https:\/\/i0.wp.com\/www.sabra.org.br\/site\/wp-content\/uploads\/2022\/05\/x-personalidades-que-marcaram-a-historia-de-minas-gerais-20210803101037.jpg.jpg?resize=350%2C200&ssl=1","width":350,"height":200,"srcset":"https:\/\/i0.wp.com\/www.sabra.org.br\/site\/wp-content\/uploads\/2022\/05\/x-personalidades-que-marcaram-a-historia-de-minas-gerais-20210803101037.jpg.jpg?resize=350%2C200&ssl=1 1x, https:\/\/i0.wp.com\/www.sabra.org.br\/site\/wp-content\/uploads\/2022\/05\/x-personalidades-que-marcaram-a-historia-de-minas-gerais-20210803101037.jpg.jpg?resize=525%2C300&ssl=1 1.5x, https:\/\/i0.wp.com\/www.sabra.org.br\/site\/wp-content\/uploads\/2022\/05\/x-personalidades-que-marcaram-a-historia-de-minas-gerais-20210803101037.jpg.jpg?resize=700%2C400&ssl=1 2x"},"classes":[]},{"id":2948,"url":"https:\/\/www.sabra.org.br\/site\/arte-cultura-youtube\/","url_meta":{"origin":4208,"position":2},"title":"Arte e Cultura no Youtube","author":"M\u00e1rcio Miranda Pontes","date":"15 de maio de 2020","format":false,"excerpt":"Muito aprendizado sem sair de casa: confira a nossa sele\u00e7\u00e3o com os 6 melhores canais sobre artes e cultura para assistir com a fam\u00edlia e viajar pelo mundo do conhecimento.","rel":"","context":"Em &quot;Blog SABRA&quot;","block_context":{"text":"Blog SABRA","link":"https:\/\/www.sabra.org.br\/site\/category\/blog-sabra\/"},"img":{"alt_text":"youtube-arte-cultura","src":"https:\/\/i0.wp.com\/www.sabra.org.br\/site\/wp-content\/uploads\/2020\/05\/os-melhores-canais-no-youtube-sobre-arte-e-cultura-para-voce-acompanhar-20200317174456.jpg.jpg?resize=350%2C200&ssl=1","width":350,"height":200,"srcset":"https:\/\/i0.wp.com\/www.sabra.org.br\/site\/wp-content\/uploads\/2020\/05\/os-melhores-canais-no-youtube-sobre-arte-e-cultura-para-voce-acompanhar-20200317174456.jpg.jpg?resize=350%2C200&ssl=1 1x, https:\/\/i0.wp.com\/www.sabra.org.br\/site\/wp-content\/uploads\/2020\/05\/os-melhores-canais-no-youtube-sobre-arte-e-cultura-para-voce-acompanhar-20200317174456.jpg.jpg?resize=525%2C300&ssl=1 1.5x, https:\/\/i0.wp.com\/www.sabra.org.br\/site\/wp-content\/uploads\/2020\/05\/os-melhores-canais-no-youtube-sobre-arte-e-cultura-para-voce-acompanhar-20200317174456.jpg.jpg?resize=700%2C400&ssl=1 2x"},"classes":[]},{"id":5174,"url":"https:\/\/www.sabra.org.br\/site\/escritor-mineiro\/","url_meta":{"origin":4208,"position":3},"title":"Conhe\u00e7a importantes escritores mineiros","author":"M\u00e1rcio Miranda Pontes","date":"2 de junho de 2022","format":false,"excerpt":"Quer conhecer alguns escritores mineiros? Separamos alguns nomes que marcam a literatura brasileira com suas obras incr\u00edveis! Acompanhe essa postagem com aten\u00e7\u00e3o e descubra quem s\u00e3o esses artistas fant\u00e1sticos. Boa leitura!","rel":"","context":"Em &quot;Blog SABRA&quot;","block_context":{"text":"Blog SABRA","link":"https:\/\/www.sabra.org.br\/site\/category\/blog-sabra\/"},"img":{"alt_text":"escritor-mineiro-literatura-brasileira","src":"https:\/\/i0.wp.com\/www.sabra.org.br\/site\/wp-content\/uploads\/2022\/06\/conheca-os-principais-escritores-mineirosjpg-20220210110336.jpg.jpg?resize=350%2C200&ssl=1","width":350,"height":200,"srcset":"https:\/\/i0.wp.com\/www.sabra.org.br\/site\/wp-content\/uploads\/2022\/06\/conheca-os-principais-escritores-mineirosjpg-20220210110336.jpg.jpg?resize=350%2C200&ssl=1 1x, https:\/\/i0.wp.com\/www.sabra.org.br\/site\/wp-content\/uploads\/2022\/06\/conheca-os-principais-escritores-mineirosjpg-20220210110336.jpg.jpg?resize=525%2C300&ssl=1 1.5x, https:\/\/i0.wp.com\/www.sabra.org.br\/site\/wp-content\/uploads\/2022\/06\/conheca-os-principais-escritores-mineirosjpg-20220210110336.jpg.jpg?resize=700%2C400&ssl=1 2x"},"classes":[]},{"id":4369,"url":"https:\/\/www.sabra.org.br\/site\/sitios-arqueologicos-2\/","url_meta":{"origin":4208,"position":4},"title":"Conhe\u00e7a o patrim\u00f4nio arqueol\u00f3gico de Minas Gerais","author":"M\u00e1rcio Miranda Pontes","date":"1 de dezembro de 2021","format":false,"excerpt":"A arqueologia brasileira surgiu em Minas Gerais. Ainda no s\u00e9culo XIX, Wilhelm Lund descobriu os s\u00edtios arqueol\u00f3gicos localizados na \u00e1rea de Lagoa Santa. Atualmente, o estado possui mais de 2,5 mil s\u00edtios arqueol\u00f3gicos segundo o IPHAN.","rel":"","context":"Em &quot;Blog SABRA&quot;","block_context":{"text":"Blog SABRA","link":"https:\/\/www.sabra.org.br\/site\/category\/blog-sabra\/"},"img":{"alt_text":"s\u00edtios-arqueol\u00f3gicos-arqueologia-hist\u00f3rico-minas-gerais","src":"https:\/\/i0.wp.com\/www.sabra.org.br\/site\/wp-content\/uploads\/2021\/12\/conheca-o-patrimonio-arqueologico-de-minas-gerais-20210804144502.jpg.jpg?resize=350%2C200&ssl=1","width":350,"height":200,"srcset":"https:\/\/i0.wp.com\/www.sabra.org.br\/site\/wp-content\/uploads\/2021\/12\/conheca-o-patrimonio-arqueologico-de-minas-gerais-20210804144502.jpg.jpg?resize=350%2C200&ssl=1 1x, https:\/\/i0.wp.com\/www.sabra.org.br\/site\/wp-content\/uploads\/2021\/12\/conheca-o-patrimonio-arqueologico-de-minas-gerais-20210804144502.jpg.jpg?resize=525%2C300&ssl=1 1.5x, https:\/\/i0.wp.com\/www.sabra.org.br\/site\/wp-content\/uploads\/2021\/12\/conheca-o-patrimonio-arqueologico-de-minas-gerais-20210804144502.jpg.jpg?resize=700%2C400&ssl=1 2x, https:\/\/i0.wp.com\/www.sabra.org.br\/site\/wp-content\/uploads\/2021\/12\/conheca-o-patrimonio-arqueologico-de-minas-gerais-20210804144502.jpg.jpg?resize=1050%2C600&ssl=1 3x, https:\/\/i0.wp.com\/www.sabra.org.br\/site\/wp-content\/uploads\/2021\/12\/conheca-o-patrimonio-arqueologico-de-minas-gerais-20210804144502.jpg.jpg?resize=1400%2C800&ssl=1 4x"},"classes":[]},{"id":3652,"url":"https:\/\/www.sabra.org.br\/site\/tesouros-musicais-brasileiros\/","url_meta":{"origin":4208,"position":5},"title":"Tesouros Musicais Brasileiros","author":"M\u00e1rcio Miranda Pontes","date":"8 de janeiro de 2021","format":false,"excerpt":"Manuscritos musicais dos s\u00e9culos XVIII e XIX s\u00e3o disponibilizados gratuitamente. Acervo permite saber mais sobre m\u00fasica produzida em Minas Gerais no per\u00edodo; site j\u00e1 foi disponibilizado pela Sabra na Internet para consultas.","rel":"","context":"Em &quot;Not\u00edcias&quot;","block_context":{"text":"Not\u00edcias","link":"https:\/\/www.sabra.org.br\/site\/category\/noticias\/"},"img":{"alt_text":"Tesouros Musicais Brasileiros","src":"https:\/\/i0.wp.com\/www.sabra.org.br\/site\/wp-content\/uploads\/2021\/01\/download.gif?resize=350%2C200&ssl=1","width":350,"height":200,"srcset":"https:\/\/i0.wp.com\/www.sabra.org.br\/site\/wp-content\/uploads\/2021\/01\/download.gif?resize=350%2C200&ssl=1 1x, https:\/\/i0.wp.com\/www.sabra.org.br\/site\/wp-content\/uploads\/2021\/01\/download.gif?resize=525%2C300&ssl=1 1.5x, https:\/\/i0.wp.com\/www.sabra.org.br\/site\/wp-content\/uploads\/2021\/01\/download.gif?resize=700%2C400&ssl=1 2x"},"classes":[]}],"jetpack_likes_enabled":true,"jetpack_sharing_enabled":true,"_links":{"self":[{"href":"https:\/\/www.sabra.org.br\/site\/wp-json\/wp\/v2\/posts\/4208","targetHints":{"allow":["GET"]}}],"collection":[{"href":"https:\/\/www.sabra.org.br\/site\/wp-json\/wp\/v2\/posts"}],"about":[{"href":"https:\/\/www.sabra.org.br\/site\/wp-json\/wp\/v2\/types\/post"}],"author":[{"embeddable":true,"href":"https:\/\/www.sabra.org.br\/site\/wp-json\/wp\/v2\/users\/39"}],"replies":[{"embeddable":true,"href":"https:\/\/www.sabra.org.br\/site\/wp-json\/wp\/v2\/comments?post=4208"}],"version-history":[{"count":0,"href":"https:\/\/www.sabra.org.br\/site\/wp-json\/wp\/v2\/posts\/4208\/revisions"}],"wp:featuredmedia":[{"embeddable":true,"href":"https:\/\/www.sabra.org.br\/site\/wp-json\/wp\/v2\/media\/4209"}],"wp:attachment":[{"href":"https:\/\/www.sabra.org.br\/site\/wp-json\/wp\/v2\/media?parent=4208"}],"wp:term":[{"taxonomy":"category","embeddable":true,"href":"https:\/\/www.sabra.org.br\/site\/wp-json\/wp\/v2\/categories?post=4208"},{"taxonomy":"post_tag","embeddable":true,"href":"https:\/\/www.sabra.org.br\/site\/wp-json\/wp\/v2\/tags?post=4208"}],"curies":[{"name":"wp","href":"https:\/\/api.w.org\/{rel}","templated":true}]}}