{"id":4212,"date":"2021-09-27T10:31:31","date_gmt":"2021-09-27T13:31:31","guid":{"rendered":"https:\/\/www.sabra.org.br\/site\/?p=4212"},"modified":"2021-09-27T10:31:31","modified_gmt":"2021-09-27T13:31:31","slug":"documentarios-incriveis-sobre-musica-que-voce-precisa-conhecer","status":"publish","type":"post","link":"https:\/\/www.sabra.org.br\/site\/documentarios-incriveis-sobre-musica-que-voce-precisa-conhecer\/","title":{"rendered":"Document\u00e1rios incr\u00edveis sobre m\u00fasica que voc\u00ea precisa conhecer"},"content":{"rendered":"<p>[vc_row][vc_column][vc_column_text]Voc\u00ea, assim como milhares de pessoas, \u00e9 amante da m\u00fasica? Ent\u00e3o temos uma \u00f3tima not\u00edcia para dar! Em plataformas de streaming como o Amazon Prime e Netflix, por exemplo, \u00e9 poss\u00edvel encontrar uma gama de document\u00e1rios sobre m\u00fasica, como g\u00eaneros, estilos, hist\u00f3ria da m\u00fasica e das vidas dos artistas.<\/p>\n<p>Nesse sentido, com o objetivo de facilitar sua busca por document\u00e1rios incr\u00edveis sobre m\u00fasica, preparamos este conte\u00fado para recomendar cinco. Veja!<\/p>\n<h2>1. Quincy<\/h2>\n<p>Lan\u00e7ado em 2020, Quincy se trata de um document\u00e1rio que aborda a vida de Quincy Jones, da inf\u00e2ncia at\u00e9 a vida adulta. Para quem n\u00e3o sabe, Quincy Jones \u00e9 um dos maiores produtores de m\u00fasica dos Estados Unidos e foi respons\u00e1vel pelo sucesso de alguns nomes conhecidos no cen\u00e1rio musical, como Frank Sinatra e Michael Jackson.<\/p>\n<p>O document\u00e1rio Quincy est\u00e1 dispon\u00edvel na Netflix.<\/p>\n<h2>2. Michael Jackson: a vida de um \u00edcone<\/h2>\n<p>Outro document\u00e1rio sobre m\u00fasica que vale a pena assistir \u00e9 o Michael Jackson: a vida de um \u00edcone. Produzido por Kenny Ortega, o document\u00e1rio aborda a vida de Michael Jackson, focando nos seus principais sucessos.<\/p>\n<p>Nesse sentido, vale dizer que Michael Jackson revolucionou a cena musical que dialoga com estilos como pop, rock e soul. Foi um dos principais nomes nesse sentido.<\/p>\n<h2>3. Gaga: five foot two<\/h2>\n<p>Lady Gaga \u00e9 para muitas pessoas, sem d\u00favida alguma, um dos principais \u00edcones da m\u00fasica pop. Tamanho \u00e9 o seu sucesso que n\u00e3o demorou para que um document\u00e1rio sobre ela fosse feito: Gaga: five foot two. Esse document\u00e1rio foca na vida da artista de uma forma geral, apresentando suas fragilidades, mas tamb\u00e9m sua trajet\u00f3ria na m\u00fasica.<\/p>\n<p>O principal objetivo do \u201cGaga: five foot two\u201d \u00e9 mostrar para as pessoas que a fama e o dinheiro conquistados na m\u00fasica n\u00e3o isenta o artista de uma vida fr\u00e1gil, marcada por conflitos ou problemas de sa\u00fade.<\/p>\n<h2>4. Emicida: AmarElo &#8211; \u00c9 tudo para ontem<\/h2>\n<p>O document\u00e1rio Emicida: AmarElo &#8211; \u00c9 tudo para ontem \u00e9 um filme document\u00e1rio que foi lan\u00e7ado no \u00faltimo ano, 2020. O document\u00e1rio faz, por meio da m\u00fasica, um registro importante sobre ser negro e os impactos disso na cultura do Brasil.<\/p>\n<p>De uma forma geral, o document\u00e1rio Emicida: AmarElo &#8211; \u00c9 tudo para ontem transita por diversas \u00e9pocas, mostrando a hist\u00f3ria na negritude e sua rela\u00e7\u00e3o com a m\u00fasica.<\/p>\n<h2>5. Hip-Hop Evolution<\/h2>\n<p>Hip-Hop Evolution \u00e9 uma s\u00e9rie documental que conta com duas temporadas, estando dispon\u00edvel na Netflix. Cada temporada possui quatro epis\u00f3dios de aproximadamente 50 minutos.<\/p>\n<p>De uma forma geral, a s\u00e9rie documental Hip-Hop Evolution mostra a hist\u00f3ria desse g\u00eanero musical, bem como sua evolu\u00e7\u00e3o dos anos de 1970 a 1990. \u00c9 uma verdadeira aula de hist\u00f3ria para quem deseja obter mais conhecimento sobre essa forma de manifesta\u00e7\u00e3o cultural.<\/p>\n<p>Agora que voc\u00ea conhece alguns document\u00e1rios incr\u00edveis sobre m\u00fasica, prepare a pipoca, chame os amigos ou familiares e assista cada um deles. Voc\u00ea n\u00e3o vai se arrepender!<\/p>\n<p>Para ficar por dentro de outros conte\u00fados como este, n\u00e3o deixe de acompanhar as publica\u00e7\u00f5es em nosso blog. Combinado? Nele, estamos sempre compartilhando informa\u00e7\u00f5es que podem enriquecer seus conhecimentos sobre o universo cultural e musical.<\/p>\n<blockquote class=\"wp-embedded-content\" data-secret=\"9oHvhFM7C2\"><p><a href=\"https:\/\/www.sabra.org.br\/site\/melhores-discos-brasileiros\/\">Conhe\u00e7a 10 dos melhores discos brasileiros dos \u00faltimos anos<\/a><\/p><\/blockquote>\n<p><iframe class=\"wp-embedded-content\" sandbox=\"allow-scripts\" security=\"restricted\" style=\"position: absolute; visibility: hidden;\" title=\"&#8220;Conhe\u00e7a 10 dos melhores discos brasileiros dos \u00faltimos anos&#8221; &#8212; SABRA - Sociedade Art\u00edstica Brasileira\" src=\"https:\/\/www.sabra.org.br\/site\/melhores-discos-brasileiros\/embed\/#?secret=TwHU4iYFUB#?secret=9oHvhFM7C2\" data-secret=\"9oHvhFM7C2\" width=\"600\" height=\"338\" frameborder=\"0\" marginwidth=\"0\" marginheight=\"0\" scrolling=\"no\"><\/iframe><\/p>\n<hr \/>\n<h2>Se voc\u00ea gostou deste post:<\/h2>\n<p>&#8211; SIGA as nossas p\u00e1ginas nas redes sociais para acompanhar as nossas atualiza\u00e7\u00f5es: estamos no <a href=\"https:\/\/www.facebook.com\/sabrabrasil\" target=\"_blank\" rel=\"noopener\">Facebook<\/a>, no <a href=\"https:\/\/www.instagram.com\/sabrabrasil\/\" target=\"_blank\" rel=\"noopener\">Instagram<\/a>, no <a href=\"https:\/\/www.linkedin.com\/company\/25002088\" target=\"_blank\" rel=\"noopener\">LinkedIn<\/a>, no <a href=\"https:\/\/twitter.com\/ContatoSabra\" target=\"_blank\" rel=\"noopener\">Twitter<\/a> e no <a href=\"https:\/\/www.youtube.com\/channel\/UCJw-kbuEvzUNdeQf20Pa-eQ\" target=\"_blank\" rel=\"noopener\">YouTube<\/a>!<\/p>\n<p>&#8211; CONHE\u00c7A o trabalho da Sociedade Art\u00edstica Brasileira (SABRA) e todas as iniciativas culturais e sociais que ela mant\u00e9m. <a href=\"https:\/\/www.sabra.org.br\/site\/acoes\/\" target=\"_blank\" rel=\"noopener\">Acesse nosso site!<\/a><\/p>\n<p>&#8211; ENTRE EM CONTATO com a gente. E veja quais s\u00e3o as op\u00e7\u00f5es de ajuda na manuten\u00e7\u00e3o de nossas a\u00e7\u00f5es sociais e culturais. Basta acessar nossa p\u00e1gina <a href=\"https:\/\/www.sabra.org.br\/site\/doe-agora\/\" target=\"_blank\" rel=\"noopener\">Doe Agora!<\/a><\/p>\n<p>&#8211; COMPARTILHE este texto nas suas redes sociais e ajude os seus amigos a tamb\u00e9m dominarem o assunto!<\/p>\n<p>\u2013 Os projetos da @sabrabrasil s\u00e3o realizados com o patroci\u0301nio m\u00e1ster: @institutounimedbh, viabilizado pelo incentivo de mais de 5,2 mil m\u00e9dicos cooperados e colaboradores via Lei de Incentivo \u00e0 Cultura &#8211; @mturismo, @culturagovbr. Patroc\u00ednio prata: @vallourec e apoio: @prefeiturabetim[\/vc_column_text][\/vc_column][\/vc_row]<\/p>\n","protected":false},"excerpt":{"rendered":"<p>Document\u00e1rios incr\u00edveis sobre m\u00fasica que voc\u00ea precisa conhecer<\/p>\n<p>Voc\u00ea, assim como milhares de pessoas, \u00e9 amante da m\u00fasica? Ent\u00e3o temos uma \u00f3tima not\u00edcia para dar! Com o objetivo de facilitar sua busca por document\u00e1rios incr\u00edveis sobre m\u00fasica, preparamos um conte\u00fado para recomendar cinco. Veja!<\/p>\n<p>Patroci\u0301nio m\u00e1ster: @institutounimedbh, viabilizado pelo incentivo de mais de 5,2 mil m\u00e9dicos cooperados e colaboradores via Lei de Incentivo \u00e0 Cultura &#8211; @mturismo, @culturagovbr. Patroc\u00ednio prata: @vallourec e apoio: @prefeiturabetim<\/p>\n<p>#sabrabrasil #institutounimedbh #vallourec #semedbetim #betim #novalima #raposos #camposdosgoytacazes #maestromarciomirandapontes<\/p>\n","protected":false},"author":39,"featured_media":4213,"comment_status":"closed","ping_status":"closed","sticky":false,"template":"","format":"standard","meta":{"jetpack_post_was_ever_published":false,"_jetpack_newsletter_access":"","_jetpack_dont_email_post_to_subs":false,"_jetpack_newsletter_tier_id":0,"_jetpack_memberships_contains_paywalled_content":false,"_jetpack_memberships_contains_paid_content":false,"footnotes":""},"categories":[1],"tags":[15,3623,8,1285,16,3519,1286,11,3622,9],"class_list":["post-4212","post","type-post","status-publish","format-standard","has-post-thumbnail","hentry","category-blog-sabra","tag-assistencia-social","tag-campos-dos-goytacazes","tag-canto-coral","tag-escola-de-musica-sabra","tag-musicalizacao-infantil","tag-nova-lima-2","tag-orquestra-infanto-juvenil-de-betim","tag-orquestra-sinfonica-de-betim","tag-raposos","tag-sociedade-artistica-brasileira"],"yoast_head":"<!-- This site is optimized with the Yoast SEO plugin v27.5 - https:\/\/yoast.com\/product\/yoast-seo-wordpress\/ -->\n<title>Document\u00e1rios incr\u00edveis sobre m\u00fasica que voc\u00ea precisa conhecer - SABRA - Sociedade Art\u00edstica Brasileira<\/title>\n<meta name=\"description\" content=\"Com o objetivo de facilitar sua busca por document\u00e1rios incr\u00edveis sobre m\u00fasica, preparamos um conte\u00fado para recomendar cinco.\" \/>\n<meta name=\"robots\" content=\"index, follow, max-snippet:-1, max-image-preview:large, max-video-preview:-1\" \/>\n<link rel=\"canonical\" href=\"https:\/\/www.sabra.org.br\/site\/documentarios-incriveis-sobre-musica-que-voce-precisa-conhecer\/\" \/>\n<meta property=\"og:locale\" content=\"pt_BR\" \/>\n<meta property=\"og:type\" content=\"article\" \/>\n<meta property=\"og:title\" content=\"Document\u00e1rios incr\u00edveis sobre m\u00fasica que voc\u00ea precisa conhecer - SABRA - Sociedade Art\u00edstica Brasileira\" \/>\n<meta property=\"og:description\" content=\"Com o objetivo de facilitar sua busca por document\u00e1rios incr\u00edveis sobre m\u00fasica, preparamos um conte\u00fado para recomendar cinco.\" \/>\n<meta property=\"og:url\" content=\"https:\/\/www.sabra.org.br\/site\/documentarios-incriveis-sobre-musica-que-voce-precisa-conhecer\/\" \/>\n<meta property=\"og:site_name\" content=\"SABRA - Sociedade Art\u00edstica Brasileira\" \/>\n<meta property=\"article:publisher\" content=\"https:\/\/www.facebook.com\/sabrabrasil\" \/>\n<meta property=\"article:published_time\" content=\"2021-09-27T13:31:31+00:00\" \/>\n<meta property=\"og:image\" content=\"https:\/\/i0.wp.com\/www.sabra.org.br\/site\/wp-content\/uploads\/2021\/09\/x-documentarios-incriveis-sobre-musica-que-voce-precisa-conhecer-20210803101037.jpg.jpg?fit=800%2C534&ssl=1\" \/>\n\t<meta property=\"og:image:width\" content=\"800\" \/>\n\t<meta property=\"og:image:height\" content=\"534\" \/>\n\t<meta property=\"og:image:type\" content=\"image\/jpeg\" \/>\n<meta name=\"author\" content=\"M\u00e1rcio Miranda Pontes\" \/>\n<meta name=\"twitter:card\" content=\"summary_large_image\" \/>\n<meta name=\"twitter:creator\" content=\"@ContatoSabra\" \/>\n<meta name=\"twitter:site\" content=\"@ContatoSabra\" \/>\n<meta name=\"twitter:label1\" content=\"Escrito por\" \/>\n\t<meta name=\"twitter:data1\" content=\"M\u00e1rcio Miranda Pontes\" \/>\n\t<meta name=\"twitter:label2\" content=\"Est. tempo de leitura\" \/>\n\t<meta name=\"twitter:data2\" content=\"3 minutos\" \/>\n<script type=\"application\/ld+json\" class=\"yoast-schema-graph\">{\"@context\":\"https:\\\/\\\/schema.org\",\"@graph\":[{\"@type\":\"Article\",\"@id\":\"https:\\\/\\\/www.sabra.org.br\\\/site\\\/documentarios-incriveis-sobre-musica-que-voce-precisa-conhecer\\\/#article\",\"isPartOf\":{\"@id\":\"https:\\\/\\\/www.sabra.org.br\\\/site\\\/documentarios-incriveis-sobre-musica-que-voce-precisa-conhecer\\\/\"},\"author\":{\"name\":\"M\u00e1rcio Miranda Pontes\",\"@id\":\"https:\\\/\\\/www.sabra.org.br\\\/site\\\/#\\\/schema\\\/person\\\/7d1d222c3c8891d4c37c7b41bf6315c2\"},\"headline\":\"Document\u00e1rios incr\u00edveis sobre m\u00fasica que voc\u00ea precisa conhecer\",\"datePublished\":\"2021-09-27T13:31:31+00:00\",\"mainEntityOfPage\":{\"@id\":\"https:\\\/\\\/www.sabra.org.br\\\/site\\\/documentarios-incriveis-sobre-musica-que-voce-precisa-conhecer\\\/\"},\"wordCount\":735,\"publisher\":{\"@id\":\"https:\\\/\\\/www.sabra.org.br\\\/site\\\/#organization\"},\"image\":{\"@id\":\"https:\\\/\\\/www.sabra.org.br\\\/site\\\/documentarios-incriveis-sobre-musica-que-voce-precisa-conhecer\\\/#primaryimage\"},\"thumbnailUrl\":\"https:\\\/\\\/www.sabra.org.br\\\/site\\\/wp-content\\\/uploads\\\/2021\\\/09\\\/x-documentarios-incriveis-sobre-musica-que-voce-precisa-conhecer-20210803101037.jpg.jpg\",\"keywords\":[\"Assist\u00eancia social\",\"Campos dos Goytacazes\",\"Canto Coral\",\"Escola de Musica SABRA\",\"Musicaliza\u00e7\u00e3o Infantil\",\"nova lima\",\"Orquestra Infanto Juvenil de Betim\",\"Orquestra Sinf\u00f4nica de Betim\",\"Raposos\",\"Sociedade Art\u00edstica Brasileira\"],\"articleSection\":[\"Blog SABRA\"],\"inLanguage\":\"pt-BR\"},{\"@type\":\"WebPage\",\"@id\":\"https:\\\/\\\/www.sabra.org.br\\\/site\\\/documentarios-incriveis-sobre-musica-que-voce-precisa-conhecer\\\/\",\"url\":\"https:\\\/\\\/www.sabra.org.br\\\/site\\\/documentarios-incriveis-sobre-musica-que-voce-precisa-conhecer\\\/\",\"name\":\"Document\u00e1rios incr\u00edveis sobre m\u00fasica que voc\u00ea precisa conhecer - SABRA - Sociedade Art\u00edstica Brasileira\",\"isPartOf\":{\"@id\":\"https:\\\/\\\/www.sabra.org.br\\\/site\\\/#website\"},\"primaryImageOfPage\":{\"@id\":\"https:\\\/\\\/www.sabra.org.br\\\/site\\\/documentarios-incriveis-sobre-musica-que-voce-precisa-conhecer\\\/#primaryimage\"},\"image\":{\"@id\":\"https:\\\/\\\/www.sabra.org.br\\\/site\\\/documentarios-incriveis-sobre-musica-que-voce-precisa-conhecer\\\/#primaryimage\"},\"thumbnailUrl\":\"https:\\\/\\\/www.sabra.org.br\\\/site\\\/wp-content\\\/uploads\\\/2021\\\/09\\\/x-documentarios-incriveis-sobre-musica-que-voce-precisa-conhecer-20210803101037.jpg.jpg\",\"datePublished\":\"2021-09-27T13:31:31+00:00\",\"description\":\"Com o objetivo de facilitar sua busca por document\u00e1rios incr\u00edveis sobre m\u00fasica, preparamos um conte\u00fado para recomendar cinco.\",\"breadcrumb\":{\"@id\":\"https:\\\/\\\/www.sabra.org.br\\\/site\\\/documentarios-incriveis-sobre-musica-que-voce-precisa-conhecer\\\/#breadcrumb\"},\"inLanguage\":\"pt-BR\",\"potentialAction\":[{\"@type\":\"ReadAction\",\"target\":[\"https:\\\/\\\/www.sabra.org.br\\\/site\\\/documentarios-incriveis-sobre-musica-que-voce-precisa-conhecer\\\/\"]}]},{\"@type\":\"ImageObject\",\"inLanguage\":\"pt-BR\",\"@id\":\"https:\\\/\\\/www.sabra.org.br\\\/site\\\/documentarios-incriveis-sobre-musica-que-voce-precisa-conhecer\\\/#primaryimage\",\"url\":\"https:\\\/\\\/www.sabra.org.br\\\/site\\\/wp-content\\\/uploads\\\/2021\\\/09\\\/x-documentarios-incriveis-sobre-musica-que-voce-precisa-conhecer-20210803101037.jpg.jpg\",\"contentUrl\":\"https:\\\/\\\/www.sabra.org.br\\\/site\\\/wp-content\\\/uploads\\\/2021\\\/09\\\/x-documentarios-incriveis-sobre-musica-que-voce-precisa-conhecer-20210803101037.jpg.jpg\",\"width\":800,\"height\":534,\"caption\":\"Sociedade Art\u00edstica Brasileira SABRA\"},{\"@type\":\"BreadcrumbList\",\"@id\":\"https:\\\/\\\/www.sabra.org.br\\\/site\\\/documentarios-incriveis-sobre-musica-que-voce-precisa-conhecer\\\/#breadcrumb\",\"itemListElement\":[{\"@type\":\"ListItem\",\"position\":1,\"name\":\"In\u00edcio\",\"item\":\"https:\\\/\\\/www.sabra.org.br\\\/site\\\/\"},{\"@type\":\"ListItem\",\"position\":2,\"name\":\"Document\u00e1rios incr\u00edveis sobre m\u00fasica que voc\u00ea precisa conhecer\"}]},{\"@type\":\"WebSite\",\"@id\":\"https:\\\/\\\/www.sabra.org.br\\\/site\\\/#website\",\"url\":\"https:\\\/\\\/www.sabra.org.br\\\/site\\\/\",\"name\":\"SABRA - Sociedade Art\u00edstica Brasileira\",\"description\":\"Escola de M\u00fasica, Orquestra Sinf\u00f4nica, Coral e Patrim\u00f4nio Cultural e Hist\u00f3rico\",\"publisher\":{\"@id\":\"https:\\\/\\\/www.sabra.org.br\\\/site\\\/#organization\"},\"potentialAction\":[{\"@type\":\"SearchAction\",\"target\":{\"@type\":\"EntryPoint\",\"urlTemplate\":\"https:\\\/\\\/www.sabra.org.br\\\/site\\\/?s={search_term_string}\"},\"query-input\":{\"@type\":\"PropertyValueSpecification\",\"valueRequired\":true,\"valueName\":\"search_term_string\"}}],\"inLanguage\":\"pt-BR\"},{\"@type\":\"Organization\",\"@id\":\"https:\\\/\\\/www.sabra.org.br\\\/site\\\/#organization\",\"name\":\"SOCIEDADE ART\u00cdSTICA BRASILEIRA SABRA\",\"alternateName\":\"SABRA\",\"url\":\"https:\\\/\\\/www.sabra.org.br\\\/site\\\/\",\"logo\":{\"@type\":\"ImageObject\",\"inLanguage\":\"pt-BR\",\"@id\":\"https:\\\/\\\/www.sabra.org.br\\\/site\\\/#\\\/schema\\\/logo\\\/image\\\/\",\"url\":\"https:\\\/\\\/www.sabra.org.br\\\/site\\\/wp-content\\\/uploads\\\/2019\\\/06\\\/cropped-Logo_SABRA-Copia-1.webp\",\"contentUrl\":\"https:\\\/\\\/www.sabra.org.br\\\/site\\\/wp-content\\\/uploads\\\/2019\\\/06\\\/cropped-Logo_SABRA-Copia-1.webp\",\"width\":400,\"height\":128,\"caption\":\"SOCIEDADE ART\u00cdSTICA BRASILEIRA SABRA\"},\"image\":{\"@id\":\"https:\\\/\\\/www.sabra.org.br\\\/site\\\/#\\\/schema\\\/logo\\\/image\\\/\"},\"sameAs\":[\"https:\\\/\\\/www.facebook.com\\\/sabrabrasil\",\"https:\\\/\\\/x.com\\\/ContatoSabra\",\"https:\\\/\\\/www.instagram.com\\\/sabrabrasil\\\/\",\"https:\\\/\\\/www.linkedin.com\\\/company\\\/25002088\\\/\",\"https:\\\/\\\/br.pinterest.com\\\/sociedadeartisticabrasileira\\\/\",\"https:\\\/\\\/www.youtube.com\\\/c\\\/sabrabrasil\"]},{\"@type\":\"Person\",\"@id\":\"https:\\\/\\\/www.sabra.org.br\\\/site\\\/#\\\/schema\\\/person\\\/7d1d222c3c8891d4c37c7b41bf6315c2\",\"name\":\"M\u00e1rcio Miranda Pontes\",\"image\":{\"@type\":\"ImageObject\",\"inLanguage\":\"pt-BR\",\"@id\":\"https:\\\/\\\/secure.gravatar.com\\\/avatar\\\/3b45f24496a7625a3a6c436688fbe20344faaeb2979658dc4a9921f984d7df9a?s=96&d=mm&r=g\",\"url\":\"https:\\\/\\\/secure.gravatar.com\\\/avatar\\\/3b45f24496a7625a3a6c436688fbe20344faaeb2979658dc4a9921f984d7df9a?s=96&d=mm&r=g\",\"contentUrl\":\"https:\\\/\\\/secure.gravatar.com\\\/avatar\\\/3b45f24496a7625a3a6c436688fbe20344faaeb2979658dc4a9921f984d7df9a?s=96&d=mm&r=g\",\"caption\":\"M\u00e1rcio Miranda Pontes\"},\"sameAs\":[\"http:\\\/\\\/www.sabra.org.br\"],\"url\":\"https:\\\/\\\/www.sabra.org.br\\\/site\\\/author\\\/marcio-miranda-pontes\\\/\"}]}<\/script>\n<!-- \/ Yoast SEO plugin. -->","yoast_head_json":{"title":"Document\u00e1rios incr\u00edveis sobre m\u00fasica que voc\u00ea precisa conhecer - SABRA - Sociedade Art\u00edstica Brasileira","description":"Com o objetivo de facilitar sua busca por document\u00e1rios incr\u00edveis sobre m\u00fasica, preparamos um conte\u00fado para recomendar cinco.","robots":{"index":"index","follow":"follow","max-snippet":"max-snippet:-1","max-image-preview":"max-image-preview:large","max-video-preview":"max-video-preview:-1"},"canonical":"https:\/\/www.sabra.org.br\/site\/documentarios-incriveis-sobre-musica-que-voce-precisa-conhecer\/","og_locale":"pt_BR","og_type":"article","og_title":"Document\u00e1rios incr\u00edveis sobre m\u00fasica que voc\u00ea precisa conhecer - SABRA - Sociedade Art\u00edstica Brasileira","og_description":"Com o objetivo de facilitar sua busca por document\u00e1rios incr\u00edveis sobre m\u00fasica, preparamos um conte\u00fado para recomendar cinco.","og_url":"https:\/\/www.sabra.org.br\/site\/documentarios-incriveis-sobre-musica-que-voce-precisa-conhecer\/","og_site_name":"SABRA - Sociedade Art\u00edstica Brasileira","article_publisher":"https:\/\/www.facebook.com\/sabrabrasil","article_published_time":"2021-09-27T13:31:31+00:00","og_image":[{"width":800,"height":534,"url":"https:\/\/i0.wp.com\/www.sabra.org.br\/site\/wp-content\/uploads\/2021\/09\/x-documentarios-incriveis-sobre-musica-que-voce-precisa-conhecer-20210803101037.jpg.jpg?fit=800%2C534&ssl=1","type":"image\/jpeg"}],"author":"M\u00e1rcio Miranda Pontes","twitter_card":"summary_large_image","twitter_creator":"@ContatoSabra","twitter_site":"@ContatoSabra","twitter_misc":{"Escrito por":"M\u00e1rcio Miranda Pontes","Est. tempo de leitura":"3 minutos"},"schema":{"@context":"https:\/\/schema.org","@graph":[{"@type":"Article","@id":"https:\/\/www.sabra.org.br\/site\/documentarios-incriveis-sobre-musica-que-voce-precisa-conhecer\/#article","isPartOf":{"@id":"https:\/\/www.sabra.org.br\/site\/documentarios-incriveis-sobre-musica-que-voce-precisa-conhecer\/"},"author":{"name":"M\u00e1rcio Miranda Pontes","@id":"https:\/\/www.sabra.org.br\/site\/#\/schema\/person\/7d1d222c3c8891d4c37c7b41bf6315c2"},"headline":"Document\u00e1rios incr\u00edveis sobre m\u00fasica que voc\u00ea precisa conhecer","datePublished":"2021-09-27T13:31:31+00:00","mainEntityOfPage":{"@id":"https:\/\/www.sabra.org.br\/site\/documentarios-incriveis-sobre-musica-que-voce-precisa-conhecer\/"},"wordCount":735,"publisher":{"@id":"https:\/\/www.sabra.org.br\/site\/#organization"},"image":{"@id":"https:\/\/www.sabra.org.br\/site\/documentarios-incriveis-sobre-musica-que-voce-precisa-conhecer\/#primaryimage"},"thumbnailUrl":"https:\/\/www.sabra.org.br\/site\/wp-content\/uploads\/2021\/09\/x-documentarios-incriveis-sobre-musica-que-voce-precisa-conhecer-20210803101037.jpg.jpg","keywords":["Assist\u00eancia social","Campos dos Goytacazes","Canto Coral","Escola de Musica SABRA","Musicaliza\u00e7\u00e3o Infantil","nova lima","Orquestra Infanto Juvenil de Betim","Orquestra Sinf\u00f4nica de Betim","Raposos","Sociedade Art\u00edstica Brasileira"],"articleSection":["Blog SABRA"],"inLanguage":"pt-BR"},{"@type":"WebPage","@id":"https:\/\/www.sabra.org.br\/site\/documentarios-incriveis-sobre-musica-que-voce-precisa-conhecer\/","url":"https:\/\/www.sabra.org.br\/site\/documentarios-incriveis-sobre-musica-que-voce-precisa-conhecer\/","name":"Document\u00e1rios incr\u00edveis sobre m\u00fasica que voc\u00ea precisa conhecer - SABRA - Sociedade Art\u00edstica Brasileira","isPartOf":{"@id":"https:\/\/www.sabra.org.br\/site\/#website"},"primaryImageOfPage":{"@id":"https:\/\/www.sabra.org.br\/site\/documentarios-incriveis-sobre-musica-que-voce-precisa-conhecer\/#primaryimage"},"image":{"@id":"https:\/\/www.sabra.org.br\/site\/documentarios-incriveis-sobre-musica-que-voce-precisa-conhecer\/#primaryimage"},"thumbnailUrl":"https:\/\/www.sabra.org.br\/site\/wp-content\/uploads\/2021\/09\/x-documentarios-incriveis-sobre-musica-que-voce-precisa-conhecer-20210803101037.jpg.jpg","datePublished":"2021-09-27T13:31:31+00:00","description":"Com o objetivo de facilitar sua busca por document\u00e1rios incr\u00edveis sobre m\u00fasica, preparamos um conte\u00fado para recomendar cinco.","breadcrumb":{"@id":"https:\/\/www.sabra.org.br\/site\/documentarios-incriveis-sobre-musica-que-voce-precisa-conhecer\/#breadcrumb"},"inLanguage":"pt-BR","potentialAction":[{"@type":"ReadAction","target":["https:\/\/www.sabra.org.br\/site\/documentarios-incriveis-sobre-musica-que-voce-precisa-conhecer\/"]}]},{"@type":"ImageObject","inLanguage":"pt-BR","@id":"https:\/\/www.sabra.org.br\/site\/documentarios-incriveis-sobre-musica-que-voce-precisa-conhecer\/#primaryimage","url":"https:\/\/www.sabra.org.br\/site\/wp-content\/uploads\/2021\/09\/x-documentarios-incriveis-sobre-musica-que-voce-precisa-conhecer-20210803101037.jpg.jpg","contentUrl":"https:\/\/www.sabra.org.br\/site\/wp-content\/uploads\/2021\/09\/x-documentarios-incriveis-sobre-musica-que-voce-precisa-conhecer-20210803101037.jpg.jpg","width":800,"height":534,"caption":"Sociedade Art\u00edstica Brasileira SABRA"},{"@type":"BreadcrumbList","@id":"https:\/\/www.sabra.org.br\/site\/documentarios-incriveis-sobre-musica-que-voce-precisa-conhecer\/#breadcrumb","itemListElement":[{"@type":"ListItem","position":1,"name":"In\u00edcio","item":"https:\/\/www.sabra.org.br\/site\/"},{"@type":"ListItem","position":2,"name":"Document\u00e1rios incr\u00edveis sobre m\u00fasica que voc\u00ea precisa conhecer"}]},{"@type":"WebSite","@id":"https:\/\/www.sabra.org.br\/site\/#website","url":"https:\/\/www.sabra.org.br\/site\/","name":"SABRA - Sociedade Art\u00edstica Brasileira","description":"Escola de M\u00fasica, Orquestra Sinf\u00f4nica, Coral e Patrim\u00f4nio Cultural e Hist\u00f3rico","publisher":{"@id":"https:\/\/www.sabra.org.br\/site\/#organization"},"potentialAction":[{"@type":"SearchAction","target":{"@type":"EntryPoint","urlTemplate":"https:\/\/www.sabra.org.br\/site\/?s={search_term_string}"},"query-input":{"@type":"PropertyValueSpecification","valueRequired":true,"valueName":"search_term_string"}}],"inLanguage":"pt-BR"},{"@type":"Organization","@id":"https:\/\/www.sabra.org.br\/site\/#organization","name":"SOCIEDADE ART\u00cdSTICA BRASILEIRA SABRA","alternateName":"SABRA","url":"https:\/\/www.sabra.org.br\/site\/","logo":{"@type":"ImageObject","inLanguage":"pt-BR","@id":"https:\/\/www.sabra.org.br\/site\/#\/schema\/logo\/image\/","url":"https:\/\/www.sabra.org.br\/site\/wp-content\/uploads\/2019\/06\/cropped-Logo_SABRA-Copia-1.webp","contentUrl":"https:\/\/www.sabra.org.br\/site\/wp-content\/uploads\/2019\/06\/cropped-Logo_SABRA-Copia-1.webp","width":400,"height":128,"caption":"SOCIEDADE ART\u00cdSTICA BRASILEIRA SABRA"},"image":{"@id":"https:\/\/www.sabra.org.br\/site\/#\/schema\/logo\/image\/"},"sameAs":["https:\/\/www.facebook.com\/sabrabrasil","https:\/\/x.com\/ContatoSabra","https:\/\/www.instagram.com\/sabrabrasil\/","https:\/\/www.linkedin.com\/company\/25002088\/","https:\/\/br.pinterest.com\/sociedadeartisticabrasileira\/","https:\/\/www.youtube.com\/c\/sabrabrasil"]},{"@type":"Person","@id":"https:\/\/www.sabra.org.br\/site\/#\/schema\/person\/7d1d222c3c8891d4c37c7b41bf6315c2","name":"M\u00e1rcio Miranda Pontes","image":{"@type":"ImageObject","inLanguage":"pt-BR","@id":"https:\/\/secure.gravatar.com\/avatar\/3b45f24496a7625a3a6c436688fbe20344faaeb2979658dc4a9921f984d7df9a?s=96&d=mm&r=g","url":"https:\/\/secure.gravatar.com\/avatar\/3b45f24496a7625a3a6c436688fbe20344faaeb2979658dc4a9921f984d7df9a?s=96&d=mm&r=g","contentUrl":"https:\/\/secure.gravatar.com\/avatar\/3b45f24496a7625a3a6c436688fbe20344faaeb2979658dc4a9921f984d7df9a?s=96&d=mm&r=g","caption":"M\u00e1rcio Miranda Pontes"},"sameAs":["http:\/\/www.sabra.org.br"],"url":"https:\/\/www.sabra.org.br\/site\/author\/marcio-miranda-pontes\/"}]}},"jetpack_featured_media_url":"https:\/\/www.sabra.org.br\/site\/wp-content\/uploads\/2021\/09\/x-documentarios-incriveis-sobre-musica-que-voce-precisa-conhecer-20210803101037.jpg.jpg","jetpack_shortlink":"https:\/\/wp.me\/p95j2Z-15W","jetpack-related-posts":[{"id":6005,"url":"https:\/\/www.sabra.org.br\/site\/documentarios-cantoras\/","url_meta":{"origin":4212,"position":0},"title":"Document\u00e1rios sobre cantoras que marcaram a hist\u00f3ria","author":"M\u00e1rcio Miranda Pontes","date":"5 de outubro de 2022","format":false,"excerpt":"Document\u00e1rios ajudam a criar uma conex\u00e3o com os artistas que gostamos, al\u00e9m de ser uma fonte de estudo para todo musicista de sucesso. Com isso em mente, separamos 4 document\u00e1rios fenomenais sobre cantoras que mudaram a m\u00fasica. Confira!","rel":"","context":"Em &quot;Blog SABRA&quot;","block_context":{"text":"Blog SABRA","link":"https:\/\/www.sabra.org.br\/site\/category\/blog-sabra\/"},"img":{"alt_text":"documentario-cantora","src":"https:\/\/i0.wp.com\/www.sabra.org.br\/site\/wp-content\/uploads\/2022\/10\/x-documentarios-sobre-cantoras-que-marcaram-a-historia-20220707153044.jpg.jpg?resize=350%2C200&ssl=1","width":350,"height":200,"srcset":"https:\/\/i0.wp.com\/www.sabra.org.br\/site\/wp-content\/uploads\/2022\/10\/x-documentarios-sobre-cantoras-que-marcaram-a-historia-20220707153044.jpg.jpg?resize=350%2C200&ssl=1 1x, https:\/\/i0.wp.com\/www.sabra.org.br\/site\/wp-content\/uploads\/2022\/10\/x-documentarios-sobre-cantoras-que-marcaram-a-historia-20220707153044.jpg.jpg?resize=525%2C300&ssl=1 1.5x, https:\/\/i0.wp.com\/www.sabra.org.br\/site\/wp-content\/uploads\/2022\/10\/x-documentarios-sobre-cantoras-que-marcaram-a-historia-20220707153044.jpg.jpg?resize=700%2C400&ssl=1 2x"},"classes":[]},{"id":6035,"url":"https:\/\/www.sabra.org.br\/site\/documentarios-musicais\/","url_meta":{"origin":4212,"position":1},"title":"Document\u00e1rios musicais para voc\u00ea maratonar","author":"M\u00e1rcio Miranda Pontes","date":"10 de outubro de 2022","format":false,"excerpt":"Ass\u00e9dio da m\u00eddia, drogas, casamentos abusivos, brigas nos bastidores... Se voc\u00ea gosta de m\u00fasica e se interessa por cultura pop n\u00e3o pode deixar de conhecer esses 5 document\u00e1rios musicais. Clique e saiba mais.","rel":"","context":"Em &quot;Blog SABRA&quot;","block_context":{"text":"Blog SABRA","link":"https:\/\/www.sabra.org.br\/site\/category\/blog-sabra\/"},"img":{"alt_text":"document\u00e1rio-musico-filme","src":"https:\/\/i0.wp.com\/www.sabra.org.br\/site\/wp-content\/uploads\/2022\/10\/x-documentarios-musicais-para-voce-maratonarjpg-20220908094423.jpg.jpg?resize=350%2C200&ssl=1","width":350,"height":200,"srcset":"https:\/\/i0.wp.com\/www.sabra.org.br\/site\/wp-content\/uploads\/2022\/10\/x-documentarios-musicais-para-voce-maratonarjpg-20220908094423.jpg.jpg?resize=350%2C200&ssl=1 1x, https:\/\/i0.wp.com\/www.sabra.org.br\/site\/wp-content\/uploads\/2022\/10\/x-documentarios-musicais-para-voce-maratonarjpg-20220908094423.jpg.jpg?resize=525%2C300&ssl=1 1.5x, https:\/\/i0.wp.com\/www.sabra.org.br\/site\/wp-content\/uploads\/2022\/10\/x-documentarios-musicais-para-voce-maratonarjpg-20220908094423.jpg.jpg?resize=700%2C400&ssl=1 2x"},"classes":[]},{"id":5087,"url":"https:\/\/www.sabra.org.br\/site\/musica-brasileira\/","url_meta":{"origin":4212,"position":2},"title":"Curiosidades incr\u00edveis sobre a m\u00fasica brasileira","author":"M\u00e1rcio Miranda Pontes","date":"17 de maio de 2022","format":false,"excerpt":"Um maiores expoentes na m\u00fasica de todo o mundo nos dias atuais, o Brasil possui uma infinidade de hist\u00f3rias e curiosidades neste meio art\u00edstico. E, no artigo, trazemos as cinco principais delas.","rel":"","context":"Em &quot;Blog SABRA&quot;","block_context":{"text":"Blog SABRA","link":"https:\/\/www.sabra.org.br\/site\/category\/blog-sabra\/"},"img":{"alt_text":"m\u00fasica-brasil-brasileira","src":"https:\/\/i0.wp.com\/www.sabra.org.br\/site\/wp-content\/uploads\/2022\/05\/x-curiosidades-incriveis-sobre-a-musica-brasileira-20210723092324.jpg.jpg?resize=350%2C200&ssl=1","width":350,"height":200,"srcset":"https:\/\/i0.wp.com\/www.sabra.org.br\/site\/wp-content\/uploads\/2022\/05\/x-curiosidades-incriveis-sobre-a-musica-brasileira-20210723092324.jpg.jpg?resize=350%2C200&ssl=1 1x, https:\/\/i0.wp.com\/www.sabra.org.br\/site\/wp-content\/uploads\/2022\/05\/x-curiosidades-incriveis-sobre-a-musica-brasileira-20210723092324.jpg.jpg?resize=525%2C300&ssl=1 1.5x, https:\/\/i0.wp.com\/www.sabra.org.br\/site\/wp-content\/uploads\/2022\/05\/x-curiosidades-incriveis-sobre-a-musica-brasileira-20210723092324.jpg.jpg?resize=700%2C400&ssl=1 2x"},"classes":[]},{"id":6125,"url":"https:\/\/www.sabra.org.br\/site\/videoclipes-que-marcaram-a-historia-da-musica\/","url_meta":{"origin":4212,"position":3},"title":"Videoclipes que marcaram a hist\u00f3ria da m\u00fasica","author":"M\u00e1rcio Miranda Pontes","date":"25 de outubro de 2022","format":false,"excerpt":"Voc\u00ea conhece os videoclipes que marcaram a ind\u00fastria de m\u00fasica? Conhe\u00e7a alguns deles e porque foram t\u00e3o importantes para o desenvolvimento da cria\u00e7\u00e3o de conte\u00fados em videoclipe que vemos atualmente.","rel":"","context":"Em &quot;Blog SABRA&quot;","block_context":{"text":"Blog SABRA","link":"https:\/\/www.sabra.org.br\/site\/category\/blog-sabra\/"},"img":{"alt_text":"videoclipe-hist\u00f3ria-m\u00fasica","src":"https:\/\/i0.wp.com\/www.sabra.org.br\/site\/wp-content\/uploads\/2022\/10\/x-videoclipes-que-marcaram-a-historia-da-musicajpg-20220908094423.jpg.jpg?resize=350%2C200&ssl=1","width":350,"height":200,"srcset":"https:\/\/i0.wp.com\/www.sabra.org.br\/site\/wp-content\/uploads\/2022\/10\/x-videoclipes-que-marcaram-a-historia-da-musicajpg-20220908094423.jpg.jpg?resize=350%2C200&ssl=1 1x, https:\/\/i0.wp.com\/www.sabra.org.br\/site\/wp-content\/uploads\/2022\/10\/x-videoclipes-que-marcaram-a-historia-da-musicajpg-20220908094423.jpg.jpg?resize=525%2C300&ssl=1 1.5x, https:\/\/i0.wp.com\/www.sabra.org.br\/site\/wp-content\/uploads\/2022\/10\/x-videoclipes-que-marcaram-a-historia-da-musicajpg-20220908094423.jpg.jpg?resize=700%2C400&ssl=1 2x"},"classes":[]},{"id":2948,"url":"https:\/\/www.sabra.org.br\/site\/arte-cultura-youtube\/","url_meta":{"origin":4212,"position":4},"title":"Arte e Cultura no Youtube","author":"M\u00e1rcio Miranda Pontes","date":"15 de maio de 2020","format":false,"excerpt":"Muito aprendizado sem sair de casa: confira a nossa sele\u00e7\u00e3o com os 6 melhores canais sobre artes e cultura para assistir com a fam\u00edlia e viajar pelo mundo do conhecimento.","rel":"","context":"Em &quot;Blog SABRA&quot;","block_context":{"text":"Blog SABRA","link":"https:\/\/www.sabra.org.br\/site\/category\/blog-sabra\/"},"img":{"alt_text":"youtube-arte-cultura","src":"https:\/\/i0.wp.com\/www.sabra.org.br\/site\/wp-content\/uploads\/2020\/05\/os-melhores-canais-no-youtube-sobre-arte-e-cultura-para-voce-acompanhar-20200317174456.jpg.jpg?resize=350%2C200&ssl=1","width":350,"height":200,"srcset":"https:\/\/i0.wp.com\/www.sabra.org.br\/site\/wp-content\/uploads\/2020\/05\/os-melhores-canais-no-youtube-sobre-arte-e-cultura-para-voce-acompanhar-20200317174456.jpg.jpg?resize=350%2C200&ssl=1 1x, https:\/\/i0.wp.com\/www.sabra.org.br\/site\/wp-content\/uploads\/2020\/05\/os-melhores-canais-no-youtube-sobre-arte-e-cultura-para-voce-acompanhar-20200317174456.jpg.jpg?resize=525%2C300&ssl=1 1.5x, https:\/\/i0.wp.com\/www.sabra.org.br\/site\/wp-content\/uploads\/2020\/05\/os-melhores-canais-no-youtube-sobre-arte-e-cultura-para-voce-acompanhar-20200317174456.jpg.jpg?resize=700%2C400&ssl=1 2x"},"classes":[]},{"id":6280,"url":"https:\/\/www.sabra.org.br\/site\/dia-da-musica\/","url_meta":{"origin":4212,"position":5},"title":"Dia Internacional da M\u00fasica: quais s\u00e3o os artistas mais ouvidos na atualidade?","author":"M\u00e1rcio Miranda Pontes","date":"22 de novembro de 2022","format":false,"excerpt":"No Dia Internacional da M\u00fasica, que celebra uma das express\u00f5es art\u00edsticas mais importantes da humanidade, vamos conhecer quem s\u00e3o os artistas mais escutados no mundo. Quais deles voc\u00ea j\u00e1 ouviu?","rel":"","context":"Em &quot;Blog SABRA&quot;","block_context":{"text":"Blog SABRA","link":"https:\/\/www.sabra.org.br\/site\/category\/blog-sabra\/"},"img":{"alt_text":"m\u00fasica-artista-mundo-atualidade","src":"https:\/\/i0.wp.com\/www.sabra.org.br\/site\/wp-content\/uploads\/2022\/11\/dia-internacional-da-musica-quais-sao-os-artistas-mais-ouvidos-no-mundo-20221007143620.jpg.jpg?resize=350%2C200&ssl=1","width":350,"height":200,"srcset":"https:\/\/i0.wp.com\/www.sabra.org.br\/site\/wp-content\/uploads\/2022\/11\/dia-internacional-da-musica-quais-sao-os-artistas-mais-ouvidos-no-mundo-20221007143620.jpg.jpg?resize=350%2C200&ssl=1 1x, https:\/\/i0.wp.com\/www.sabra.org.br\/site\/wp-content\/uploads\/2022\/11\/dia-internacional-da-musica-quais-sao-os-artistas-mais-ouvidos-no-mundo-20221007143620.jpg.jpg?resize=525%2C300&ssl=1 1.5x, https:\/\/i0.wp.com\/www.sabra.org.br\/site\/wp-content\/uploads\/2022\/11\/dia-internacional-da-musica-quais-sao-os-artistas-mais-ouvidos-no-mundo-20221007143620.jpg.jpg?resize=700%2C400&ssl=1 2x"},"classes":[]}],"jetpack_likes_enabled":true,"jetpack_sharing_enabled":true,"_links":{"self":[{"href":"https:\/\/www.sabra.org.br\/site\/wp-json\/wp\/v2\/posts\/4212","targetHints":{"allow":["GET"]}}],"collection":[{"href":"https:\/\/www.sabra.org.br\/site\/wp-json\/wp\/v2\/posts"}],"about":[{"href":"https:\/\/www.sabra.org.br\/site\/wp-json\/wp\/v2\/types\/post"}],"author":[{"embeddable":true,"href":"https:\/\/www.sabra.org.br\/site\/wp-json\/wp\/v2\/users\/39"}],"replies":[{"embeddable":true,"href":"https:\/\/www.sabra.org.br\/site\/wp-json\/wp\/v2\/comments?post=4212"}],"version-history":[{"count":0,"href":"https:\/\/www.sabra.org.br\/site\/wp-json\/wp\/v2\/posts\/4212\/revisions"}],"wp:featuredmedia":[{"embeddable":true,"href":"https:\/\/www.sabra.org.br\/site\/wp-json\/wp\/v2\/media\/4213"}],"wp:attachment":[{"href":"https:\/\/www.sabra.org.br\/site\/wp-json\/wp\/v2\/media?parent=4212"}],"wp:term":[{"taxonomy":"category","embeddable":true,"href":"https:\/\/www.sabra.org.br\/site\/wp-json\/wp\/v2\/categories?post=4212"},{"taxonomy":"post_tag","embeddable":true,"href":"https:\/\/www.sabra.org.br\/site\/wp-json\/wp\/v2\/tags?post=4212"}],"curies":[{"name":"wp","href":"https:\/\/api.w.org\/{rel}","templated":true}]}}