{"id":4270,"date":"2021-10-20T18:20:15","date_gmt":"2021-10-20T21:20:15","guid":{"rendered":"https:\/\/www.sabra.org.br\/site\/?p=4270"},"modified":"2021-10-20T18:20:15","modified_gmt":"2021-10-20T21:20:15","slug":"patrimonio-documental","status":"publish","type":"post","link":"https:\/\/www.sabra.org.br\/site\/patrimonio-documental\/","title":{"rendered":"O que \u00e9 um Patrim\u00f4nio Documental Nacional?"},"content":{"rendered":"<p>[vc_row][vc_column][vc_column_text]N\u00e3o \u00e9 incomum que o patrim\u00f4nio documental seja pensado a partir do seu valor cultural, est\u00e9tico ou hist\u00f3rico, especialmente enquanto cole\u00e7\u00e3o de documentos, como no caso dos acervos. Essa no\u00e7\u00e3o repercute entre profissionais, como bibliotec\u00e1rios e livreiros. Entretanto, a defini\u00e7\u00e3o \u00e9 um pouco mais ampla.<\/p>\n<p>\u00c9 poss\u00edvel afirmar que o patrim\u00f4nio documental pode ser considerado parte do patrim\u00f4nio cultural de um determinado local. Tamb\u00e9m vale ressaltar que esse equ\u00edvoco est\u00e1 associado ao conceito de documento, que possui duas conota\u00e7\u00f5es distintas.<\/p>\n<p>A seguir, mais detalhes sobre isso ser\u00e3o esclarecidos. Continue a leitura para saber mais.<\/p>\n<h2>O conceito de documento<\/h2>\n<p>Para as pessoas que trabalham com a Hist\u00f3ria, um documento \u00e9 uma fonte. Portanto, ele \u00e9 usado para pesquisas sobre uma determinada \u00e9poca ou assunto. Em geral, essa perspectiva adota uma vis\u00e3o mais abrangente do termo.<\/p>\n<p>Nesse sentido, vale ressaltar que os historiadores percebem os documentos de maneira cient\u00edfica. Assim, eles precisam ser comparados e confrontados com outros registros para ser validados. Portanto, eles s\u00e3o ind\u00edcios de acontecimentos relevantes na trajet\u00f3ria de uma comunidade.<\/p>\n<p>Entretanto, para as quest\u00f5es patrimoniais, um documento \u00e9 tudo aquilo que funciona como registro de uma popula\u00e7\u00e3o humana e serve como testemunha da sua hist\u00f3ria. Dessa forma, uma partitura, por exemplo, pode funcionar como um documento na medida em que registra uma manifesta\u00e7\u00e3o cultural de uma \u00e9poca espec\u00edfica.<\/p>\n<p>Logo, \u00e9 poss\u00edvel afirmar que para as quest\u00f5es de preserva\u00e7\u00e3o, ambas as vis\u00f5es interessam. Por\u00e9m, o patrim\u00f4nio documental \u00e9 percebido como parte do patrim\u00f4nio cultural e n\u00e3o do hist\u00f3rico. Isso acontece uma vez que ele pode ser compreendido como um registro de vida e de costumes, estando naturalmente mais pr\u00f3ximo da cultura.<\/p>\n<h2>Os crit\u00e9rios para definir o patrim\u00f4nio documental<\/h2>\n<p>De acordo com o Programa Mem\u00f3ria do Mundo, criado em 1992 pela Organiza\u00e7\u00e3o das Na\u00e7\u00f5es Unidades para a Educa\u00e7\u00e3o, a Ci\u00eancia e a Cultura (UNESCO), o patrim\u00f4nio documental \u00e9 o que se faz presente nas bibliotecas, nos arquivos e \u00e9 parte da mem\u00f3ria de uma determinada civiliza\u00e7\u00e3o, destacando a diversidade dos seus povos, das suas linguagens e das suas culturas.<\/p>\n<p>\u00c9 v\u00e1lido citar que o programa em quest\u00e3o foi criado com o objetivo de facilitar a preserva\u00e7\u00e3o. Al\u00e9m disso, visava promover o acesso universal ao patrim\u00f4nio documental e possibilitar a conscientiza\u00e7\u00e3o a respeito da sua import\u00e2ncia.<\/p>\n<p>Para conseguir concretizar esses objetivos, foram adotados alguns crit\u00e9rios:<\/p>\n<p>\u2022 A idade do documento;<br \/>\n\u2022 O lugar de origem do documento;<br \/>\n\u2022 O contexto social e cultural da cria\u00e7\u00e3o do documento;<br \/>\n\u2022 O assunto e o tema tratados pelo documento;<br \/>\n\u2022 A forma e o estilo do documento.<\/p>\n<p>Por meio dos crit\u00e9rios em quest\u00e3o, \u00e9 poss\u00edvel perceber que a defini\u00e7\u00e3o oferecida pela UNESCO tem como objetivo ser abrangente porque serve apenas para que cada institui\u00e7\u00e3o formule os seus pr\u00f3prios crit\u00e9rios para identifica\u00e7\u00e3o das obras que fazem parte do patrim\u00f4nio documental.<\/p>\n<p>Logo, diante dos conceitos explicados, \u00e9 poss\u00edvel apontar que o patrim\u00f4nio documental pode ser definido como as manifesta\u00e7\u00f5es intelectuais, sejam elas art\u00edsticas ou cient\u00edficas, que s\u00e3o fruto do pensamento humano e foram devidamente registradas, de forma que podem ser passadas para as gera\u00e7\u00f5es futuras, beneficiando a constru\u00e7\u00e3o do conhecimento.<\/p>\n<blockquote class=\"wp-embedded-content\" data-secret=\"HdlD6TnMYP\"><p><a href=\"https:\/\/www.sabra.org.br\/site\/patrimonio-historico\/\">Patrim\u00f4nio Hist\u00f3rico<\/a><\/p><\/blockquote>\n<p><iframe class=\"wp-embedded-content\" sandbox=\"allow-scripts\" security=\"restricted\" style=\"position: absolute; clip: rect(1px, 1px, 1px, 1px);\" title=\"&#8220;Patrim\u00f4nio Hist\u00f3rico&#8221; &#8212; SABRA - Sociedade Art\u00edstica Brasileira\" src=\"https:\/\/www.sabra.org.br\/site\/patrimonio-historico\/embed\/#?secret=HdlD6TnMYP\" data-secret=\"HdlD6TnMYP\" width=\"600\" height=\"338\" frameborder=\"0\" marginwidth=\"0\" marginheight=\"0\" scrolling=\"no\"><\/iframe><\/p>\n<hr \/>\n<h2>Se voc\u00ea gostou deste post:<\/h2>\n<p>&#8211; SIGA as nossas p\u00e1ginas nas redes sociais para acompanhar as nossas atualiza\u00e7\u00f5es: estamos no <a href=\"https:\/\/www.facebook.com\/sabrabrasil\" target=\"_blank\" rel=\"noopener\">Facebook<\/a>, no <a href=\"https:\/\/www.instagram.com\/sabrabrasil\/\" target=\"_blank\" rel=\"noopener\">Instagram<\/a>, no <a href=\"https:\/\/www.linkedin.com\/company\/25002088\" target=\"_blank\" rel=\"noopener\">LinkedIn<\/a>, no <a href=\"https:\/\/twitter.com\/ContatoSabra\" target=\"_blank\" rel=\"noopener\">Twitter<\/a> e no <a href=\"https:\/\/www.youtube.com\/channel\/UCJw-kbuEvzUNdeQf20Pa-eQ\" target=\"_blank\" rel=\"noopener\">YouTube<\/a>!<\/p>\n<p>&#8211; CONHE\u00c7A o trabalho da Sociedade Art\u00edstica Brasileira (SABRA) e todas as iniciativas culturais e sociais que ela mant\u00e9m. <a href=\"https:\/\/www.sabra.org.br\/site\/acoes\/\" target=\"_blank\" rel=\"noopener\">Acesse nosso site!<\/a><\/p>\n<p>&#8211; ENTRE EM CONTATO com a gente. E veja quais s\u00e3o as op\u00e7\u00f5es de ajuda na manuten\u00e7\u00e3o de nossas a\u00e7\u00f5es sociais e culturais. Basta acessar nossa p\u00e1gina <a href=\"https:\/\/www.sabra.org.br\/site\/doe-agora\/\" target=\"_blank\" rel=\"noopener\">Doe Agora!<\/a><\/p>\n<p>&#8211; COMPARTILHE este texto nas suas redes sociais e ajude os seus amigos a tamb\u00e9m dominarem o assunto!<\/p>\n<p>\u2013 Os projetos da @sabrabrasil s\u00e3o realizados com o patroci\u0301nio m\u00e1ster: @institutounimedbh, viabilizado pelo incentivo de mais de 5,2 mil m\u00e9dicos cooperados e colaboradores via Lei de Incentivo \u00e0 Cultura &#8211; @mturismo, @culturagovbr. Patroc\u00ednio prata: @vallourec e apoio: @prefeiturabetim[\/vc_column_text][\/vc_column][\/vc_row]<\/p>\n","protected":false},"excerpt":{"rendered":"<p>O que \u00e9 um Patrim\u00f4nio Documental Nacional?<\/p>\n<p>A defini\u00e7\u00e3o de patrim\u00f4nio documental \u00e9 bastante complexa porque passa pela hist\u00f3ria e pela cultura. Al\u00e9m disso, a pr\u00f3pria ideia de documento possui v\u00e1rias perspectivas distintas. <\/p>\n","protected":false},"author":39,"featured_media":4271,"comment_status":"closed","ping_status":"closed","sticky":false,"template":"","format":"standard","meta":{"jetpack_post_was_ever_published":false,"_jetpack_newsletter_access":"","_jetpack_dont_email_post_to_subs":false,"_jetpack_newsletter_tier_id":0,"_jetpack_memberships_contains_paywalled_content":false,"_jetpack_memberships_contains_paid_content":false,"footnotes":""},"categories":[1],"tags":[15,3623,8,1285,16,3519,1286,11,3622,9],"class_list":["post-4270","post","type-post","status-publish","format-standard","has-post-thumbnail","hentry","category-blog-sabra","tag-assistencia-social","tag-campos-dos-goytacazes","tag-canto-coral","tag-escola-de-musica-sabra","tag-musicalizacao-infantil","tag-nova-lima-2","tag-orquestra-infanto-juvenil-de-betim","tag-orquestra-sinfonica-de-betim","tag-raposos","tag-sociedade-artistica-brasileira"],"yoast_head":"<!-- This site is optimized with the Yoast SEO plugin v27.5 - https:\/\/yoast.com\/product\/yoast-seo-wordpress\/ -->\n<title>O que \u00e9 um Patrim\u00f4nio Documental Nacional? - SABRA - Sociedade Art\u00edstica Brasileira<\/title>\n<meta name=\"description\" content=\"A defini\u00e7\u00e3o de patrim\u00f4nio documental passa pela hist\u00f3ria e pela cultura. Al\u00e9m disso, possui v\u00e1rias perspectivas distintas.\" \/>\n<meta name=\"robots\" content=\"index, follow, max-snippet:-1, max-image-preview:large, max-video-preview:-1\" \/>\n<link rel=\"canonical\" href=\"https:\/\/www.sabra.org.br\/site\/patrimonio-documental\/\" \/>\n<meta property=\"og:locale\" content=\"pt_BR\" \/>\n<meta property=\"og:type\" content=\"article\" \/>\n<meta property=\"og:title\" content=\"O que \u00e9 um Patrim\u00f4nio Documental Nacional? - SABRA - Sociedade Art\u00edstica Brasileira\" \/>\n<meta property=\"og:description\" content=\"A defini\u00e7\u00e3o de patrim\u00f4nio documental passa pela hist\u00f3ria e pela cultura. Al\u00e9m disso, possui v\u00e1rias perspectivas distintas.\" \/>\n<meta property=\"og:url\" content=\"https:\/\/www.sabra.org.br\/site\/patrimonio-documental\/\" \/>\n<meta property=\"og:site_name\" content=\"SABRA - Sociedade Art\u00edstica Brasileira\" \/>\n<meta property=\"article:publisher\" content=\"https:\/\/www.facebook.com\/sabrabrasil\" \/>\n<meta property=\"article:published_time\" content=\"2021-10-20T21:20:15+00:00\" \/>\n<meta property=\"og:image\" content=\"https:\/\/i0.wp.com\/www.sabra.org.br\/site\/wp-content\/uploads\/2021\/10\/o-que-e-um-patrimonio-documental-nacional-20210902112425.jpg.jpg?fit=800%2C536&ssl=1\" \/>\n\t<meta property=\"og:image:width\" content=\"800\" \/>\n\t<meta property=\"og:image:height\" content=\"536\" \/>\n\t<meta property=\"og:image:type\" content=\"image\/jpeg\" \/>\n<meta name=\"author\" content=\"M\u00e1rcio Miranda Pontes\" \/>\n<meta name=\"twitter:card\" content=\"summary_large_image\" \/>\n<meta name=\"twitter:creator\" content=\"@ContatoSabra\" \/>\n<meta name=\"twitter:site\" content=\"@ContatoSabra\" \/>\n<meta name=\"twitter:label1\" content=\"Escrito por\" \/>\n\t<meta name=\"twitter:data1\" content=\"M\u00e1rcio Miranda Pontes\" \/>\n\t<meta name=\"twitter:label2\" content=\"Est. tempo de leitura\" \/>\n\t<meta name=\"twitter:data2\" content=\"3 minutos\" \/>\n<script type=\"application\/ld+json\" class=\"yoast-schema-graph\">{\"@context\":\"https:\\\/\\\/schema.org\",\"@graph\":[{\"@type\":\"Article\",\"@id\":\"https:\\\/\\\/www.sabra.org.br\\\/site\\\/patrimonio-documental\\\/#article\",\"isPartOf\":{\"@id\":\"https:\\\/\\\/www.sabra.org.br\\\/site\\\/patrimonio-documental\\\/\"},\"author\":{\"name\":\"M\u00e1rcio Miranda Pontes\",\"@id\":\"https:\\\/\\\/www.sabra.org.br\\\/site\\\/#\\\/schema\\\/person\\\/7d1d222c3c8891d4c37c7b41bf6315c2\"},\"headline\":\"O que \u00e9 um Patrim\u00f4nio Documental Nacional?\",\"datePublished\":\"2021-10-20T21:20:15+00:00\",\"mainEntityOfPage\":{\"@id\":\"https:\\\/\\\/www.sabra.org.br\\\/site\\\/patrimonio-documental\\\/\"},\"wordCount\":746,\"publisher\":{\"@id\":\"https:\\\/\\\/www.sabra.org.br\\\/site\\\/#organization\"},\"image\":{\"@id\":\"https:\\\/\\\/www.sabra.org.br\\\/site\\\/patrimonio-documental\\\/#primaryimage\"},\"thumbnailUrl\":\"https:\\\/\\\/www.sabra.org.br\\\/site\\\/wp-content\\\/uploads\\\/2021\\\/10\\\/o-que-e-um-patrimonio-documental-nacional-20210902112425.jpg.jpg\",\"keywords\":[\"Assist\u00eancia social\",\"Campos dos Goytacazes\",\"Canto Coral\",\"Escola de Musica SABRA\",\"Musicaliza\u00e7\u00e3o Infantil\",\"nova lima\",\"Orquestra Infanto Juvenil de Betim\",\"Orquestra Sinf\u00f4nica de Betim\",\"Raposos\",\"Sociedade Art\u00edstica Brasileira\"],\"articleSection\":[\"Blog SABRA\"],\"inLanguage\":\"pt-BR\"},{\"@type\":\"WebPage\",\"@id\":\"https:\\\/\\\/www.sabra.org.br\\\/site\\\/patrimonio-documental\\\/\",\"url\":\"https:\\\/\\\/www.sabra.org.br\\\/site\\\/patrimonio-documental\\\/\",\"name\":\"O que \u00e9 um Patrim\u00f4nio Documental Nacional? - SABRA - Sociedade Art\u00edstica Brasileira\",\"isPartOf\":{\"@id\":\"https:\\\/\\\/www.sabra.org.br\\\/site\\\/#website\"},\"primaryImageOfPage\":{\"@id\":\"https:\\\/\\\/www.sabra.org.br\\\/site\\\/patrimonio-documental\\\/#primaryimage\"},\"image\":{\"@id\":\"https:\\\/\\\/www.sabra.org.br\\\/site\\\/patrimonio-documental\\\/#primaryimage\"},\"thumbnailUrl\":\"https:\\\/\\\/www.sabra.org.br\\\/site\\\/wp-content\\\/uploads\\\/2021\\\/10\\\/o-que-e-um-patrimonio-documental-nacional-20210902112425.jpg.jpg\",\"datePublished\":\"2021-10-20T21:20:15+00:00\",\"description\":\"A defini\u00e7\u00e3o de patrim\u00f4nio documental passa pela hist\u00f3ria e pela cultura. Al\u00e9m disso, possui v\u00e1rias perspectivas distintas.\",\"breadcrumb\":{\"@id\":\"https:\\\/\\\/www.sabra.org.br\\\/site\\\/patrimonio-documental\\\/#breadcrumb\"},\"inLanguage\":\"pt-BR\",\"potentialAction\":[{\"@type\":\"ReadAction\",\"target\":[\"https:\\\/\\\/www.sabra.org.br\\\/site\\\/patrimonio-documental\\\/\"]}]},{\"@type\":\"ImageObject\",\"inLanguage\":\"pt-BR\",\"@id\":\"https:\\\/\\\/www.sabra.org.br\\\/site\\\/patrimonio-documental\\\/#primaryimage\",\"url\":\"https:\\\/\\\/www.sabra.org.br\\\/site\\\/wp-content\\\/uploads\\\/2021\\\/10\\\/o-que-e-um-patrimonio-documental-nacional-20210902112425.jpg.jpg\",\"contentUrl\":\"https:\\\/\\\/www.sabra.org.br\\\/site\\\/wp-content\\\/uploads\\\/2021\\\/10\\\/o-que-e-um-patrimonio-documental-nacional-20210902112425.jpg.jpg\",\"width\":800,\"height\":536,\"caption\":\"Sociedade Art\u00edstica Brasileira SABRA\"},{\"@type\":\"BreadcrumbList\",\"@id\":\"https:\\\/\\\/www.sabra.org.br\\\/site\\\/patrimonio-documental\\\/#breadcrumb\",\"itemListElement\":[{\"@type\":\"ListItem\",\"position\":1,\"name\":\"In\u00edcio\",\"item\":\"https:\\\/\\\/www.sabra.org.br\\\/site\\\/\"},{\"@type\":\"ListItem\",\"position\":2,\"name\":\"O que \u00e9 um Patrim\u00f4nio Documental Nacional?\"}]},{\"@type\":\"WebSite\",\"@id\":\"https:\\\/\\\/www.sabra.org.br\\\/site\\\/#website\",\"url\":\"https:\\\/\\\/www.sabra.org.br\\\/site\\\/\",\"name\":\"SABRA - Sociedade Art\u00edstica Brasileira\",\"description\":\"Escola de M\u00fasica, Orquestra Sinf\u00f4nica, Coral e Patrim\u00f4nio Cultural e Hist\u00f3rico\",\"publisher\":{\"@id\":\"https:\\\/\\\/www.sabra.org.br\\\/site\\\/#organization\"},\"potentialAction\":[{\"@type\":\"SearchAction\",\"target\":{\"@type\":\"EntryPoint\",\"urlTemplate\":\"https:\\\/\\\/www.sabra.org.br\\\/site\\\/?s={search_term_string}\"},\"query-input\":{\"@type\":\"PropertyValueSpecification\",\"valueRequired\":true,\"valueName\":\"search_term_string\"}}],\"inLanguage\":\"pt-BR\"},{\"@type\":\"Organization\",\"@id\":\"https:\\\/\\\/www.sabra.org.br\\\/site\\\/#organization\",\"name\":\"SOCIEDADE ART\u00cdSTICA BRASILEIRA SABRA\",\"alternateName\":\"SABRA\",\"url\":\"https:\\\/\\\/www.sabra.org.br\\\/site\\\/\",\"logo\":{\"@type\":\"ImageObject\",\"inLanguage\":\"pt-BR\",\"@id\":\"https:\\\/\\\/www.sabra.org.br\\\/site\\\/#\\\/schema\\\/logo\\\/image\\\/\",\"url\":\"https:\\\/\\\/www.sabra.org.br\\\/site\\\/wp-content\\\/uploads\\\/2019\\\/06\\\/cropped-Logo_SABRA-Copia-1.webp\",\"contentUrl\":\"https:\\\/\\\/www.sabra.org.br\\\/site\\\/wp-content\\\/uploads\\\/2019\\\/06\\\/cropped-Logo_SABRA-Copia-1.webp\",\"width\":400,\"height\":128,\"caption\":\"SOCIEDADE ART\u00cdSTICA BRASILEIRA SABRA\"},\"image\":{\"@id\":\"https:\\\/\\\/www.sabra.org.br\\\/site\\\/#\\\/schema\\\/logo\\\/image\\\/\"},\"sameAs\":[\"https:\\\/\\\/www.facebook.com\\\/sabrabrasil\",\"https:\\\/\\\/x.com\\\/ContatoSabra\",\"https:\\\/\\\/www.instagram.com\\\/sabrabrasil\\\/\",\"https:\\\/\\\/www.linkedin.com\\\/company\\\/25002088\\\/\",\"https:\\\/\\\/br.pinterest.com\\\/sociedadeartisticabrasileira\\\/\",\"https:\\\/\\\/www.youtube.com\\\/c\\\/sabrabrasil\"]},{\"@type\":\"Person\",\"@id\":\"https:\\\/\\\/www.sabra.org.br\\\/site\\\/#\\\/schema\\\/person\\\/7d1d222c3c8891d4c37c7b41bf6315c2\",\"name\":\"M\u00e1rcio Miranda Pontes\",\"image\":{\"@type\":\"ImageObject\",\"inLanguage\":\"pt-BR\",\"@id\":\"https:\\\/\\\/secure.gravatar.com\\\/avatar\\\/3b45f24496a7625a3a6c436688fbe20344faaeb2979658dc4a9921f984d7df9a?s=96&d=mm&r=g\",\"url\":\"https:\\\/\\\/secure.gravatar.com\\\/avatar\\\/3b45f24496a7625a3a6c436688fbe20344faaeb2979658dc4a9921f984d7df9a?s=96&d=mm&r=g\",\"contentUrl\":\"https:\\\/\\\/secure.gravatar.com\\\/avatar\\\/3b45f24496a7625a3a6c436688fbe20344faaeb2979658dc4a9921f984d7df9a?s=96&d=mm&r=g\",\"caption\":\"M\u00e1rcio Miranda Pontes\"},\"sameAs\":[\"http:\\\/\\\/www.sabra.org.br\"],\"url\":\"https:\\\/\\\/www.sabra.org.br\\\/site\\\/author\\\/marcio-miranda-pontes\\\/\"}]}<\/script>\n<!-- \/ Yoast SEO plugin. -->","yoast_head_json":{"title":"O que \u00e9 um Patrim\u00f4nio Documental Nacional? - SABRA - Sociedade Art\u00edstica Brasileira","description":"A defini\u00e7\u00e3o de patrim\u00f4nio documental passa pela hist\u00f3ria e pela cultura. Al\u00e9m disso, possui v\u00e1rias perspectivas distintas.","robots":{"index":"index","follow":"follow","max-snippet":"max-snippet:-1","max-image-preview":"max-image-preview:large","max-video-preview":"max-video-preview:-1"},"canonical":"https:\/\/www.sabra.org.br\/site\/patrimonio-documental\/","og_locale":"pt_BR","og_type":"article","og_title":"O que \u00e9 um Patrim\u00f4nio Documental Nacional? - SABRA - Sociedade Art\u00edstica Brasileira","og_description":"A defini\u00e7\u00e3o de patrim\u00f4nio documental passa pela hist\u00f3ria e pela cultura. Al\u00e9m disso, possui v\u00e1rias perspectivas distintas.","og_url":"https:\/\/www.sabra.org.br\/site\/patrimonio-documental\/","og_site_name":"SABRA - Sociedade Art\u00edstica Brasileira","article_publisher":"https:\/\/www.facebook.com\/sabrabrasil","article_published_time":"2021-10-20T21:20:15+00:00","og_image":[{"width":800,"height":536,"url":"https:\/\/i0.wp.com\/www.sabra.org.br\/site\/wp-content\/uploads\/2021\/10\/o-que-e-um-patrimonio-documental-nacional-20210902112425.jpg.jpg?fit=800%2C536&ssl=1","type":"image\/jpeg"}],"author":"M\u00e1rcio Miranda Pontes","twitter_card":"summary_large_image","twitter_creator":"@ContatoSabra","twitter_site":"@ContatoSabra","twitter_misc":{"Escrito por":"M\u00e1rcio Miranda Pontes","Est. tempo de leitura":"3 minutos"},"schema":{"@context":"https:\/\/schema.org","@graph":[{"@type":"Article","@id":"https:\/\/www.sabra.org.br\/site\/patrimonio-documental\/#article","isPartOf":{"@id":"https:\/\/www.sabra.org.br\/site\/patrimonio-documental\/"},"author":{"name":"M\u00e1rcio Miranda Pontes","@id":"https:\/\/www.sabra.org.br\/site\/#\/schema\/person\/7d1d222c3c8891d4c37c7b41bf6315c2"},"headline":"O que \u00e9 um Patrim\u00f4nio Documental Nacional?","datePublished":"2021-10-20T21:20:15+00:00","mainEntityOfPage":{"@id":"https:\/\/www.sabra.org.br\/site\/patrimonio-documental\/"},"wordCount":746,"publisher":{"@id":"https:\/\/www.sabra.org.br\/site\/#organization"},"image":{"@id":"https:\/\/www.sabra.org.br\/site\/patrimonio-documental\/#primaryimage"},"thumbnailUrl":"https:\/\/www.sabra.org.br\/site\/wp-content\/uploads\/2021\/10\/o-que-e-um-patrimonio-documental-nacional-20210902112425.jpg.jpg","keywords":["Assist\u00eancia social","Campos dos Goytacazes","Canto Coral","Escola de Musica SABRA","Musicaliza\u00e7\u00e3o Infantil","nova lima","Orquestra Infanto Juvenil de Betim","Orquestra Sinf\u00f4nica de Betim","Raposos","Sociedade Art\u00edstica Brasileira"],"articleSection":["Blog SABRA"],"inLanguage":"pt-BR"},{"@type":"WebPage","@id":"https:\/\/www.sabra.org.br\/site\/patrimonio-documental\/","url":"https:\/\/www.sabra.org.br\/site\/patrimonio-documental\/","name":"O que \u00e9 um Patrim\u00f4nio Documental Nacional? - SABRA - Sociedade Art\u00edstica Brasileira","isPartOf":{"@id":"https:\/\/www.sabra.org.br\/site\/#website"},"primaryImageOfPage":{"@id":"https:\/\/www.sabra.org.br\/site\/patrimonio-documental\/#primaryimage"},"image":{"@id":"https:\/\/www.sabra.org.br\/site\/patrimonio-documental\/#primaryimage"},"thumbnailUrl":"https:\/\/www.sabra.org.br\/site\/wp-content\/uploads\/2021\/10\/o-que-e-um-patrimonio-documental-nacional-20210902112425.jpg.jpg","datePublished":"2021-10-20T21:20:15+00:00","description":"A defini\u00e7\u00e3o de patrim\u00f4nio documental passa pela hist\u00f3ria e pela cultura. Al\u00e9m disso, possui v\u00e1rias perspectivas distintas.","breadcrumb":{"@id":"https:\/\/www.sabra.org.br\/site\/patrimonio-documental\/#breadcrumb"},"inLanguage":"pt-BR","potentialAction":[{"@type":"ReadAction","target":["https:\/\/www.sabra.org.br\/site\/patrimonio-documental\/"]}]},{"@type":"ImageObject","inLanguage":"pt-BR","@id":"https:\/\/www.sabra.org.br\/site\/patrimonio-documental\/#primaryimage","url":"https:\/\/www.sabra.org.br\/site\/wp-content\/uploads\/2021\/10\/o-que-e-um-patrimonio-documental-nacional-20210902112425.jpg.jpg","contentUrl":"https:\/\/www.sabra.org.br\/site\/wp-content\/uploads\/2021\/10\/o-que-e-um-patrimonio-documental-nacional-20210902112425.jpg.jpg","width":800,"height":536,"caption":"Sociedade Art\u00edstica Brasileira SABRA"},{"@type":"BreadcrumbList","@id":"https:\/\/www.sabra.org.br\/site\/patrimonio-documental\/#breadcrumb","itemListElement":[{"@type":"ListItem","position":1,"name":"In\u00edcio","item":"https:\/\/www.sabra.org.br\/site\/"},{"@type":"ListItem","position":2,"name":"O que \u00e9 um Patrim\u00f4nio Documental Nacional?"}]},{"@type":"WebSite","@id":"https:\/\/www.sabra.org.br\/site\/#website","url":"https:\/\/www.sabra.org.br\/site\/","name":"SABRA - Sociedade Art\u00edstica Brasileira","description":"Escola de M\u00fasica, Orquestra Sinf\u00f4nica, Coral e Patrim\u00f4nio Cultural e Hist\u00f3rico","publisher":{"@id":"https:\/\/www.sabra.org.br\/site\/#organization"},"potentialAction":[{"@type":"SearchAction","target":{"@type":"EntryPoint","urlTemplate":"https:\/\/www.sabra.org.br\/site\/?s={search_term_string}"},"query-input":{"@type":"PropertyValueSpecification","valueRequired":true,"valueName":"search_term_string"}}],"inLanguage":"pt-BR"},{"@type":"Organization","@id":"https:\/\/www.sabra.org.br\/site\/#organization","name":"SOCIEDADE ART\u00cdSTICA BRASILEIRA SABRA","alternateName":"SABRA","url":"https:\/\/www.sabra.org.br\/site\/","logo":{"@type":"ImageObject","inLanguage":"pt-BR","@id":"https:\/\/www.sabra.org.br\/site\/#\/schema\/logo\/image\/","url":"https:\/\/www.sabra.org.br\/site\/wp-content\/uploads\/2019\/06\/cropped-Logo_SABRA-Copia-1.webp","contentUrl":"https:\/\/www.sabra.org.br\/site\/wp-content\/uploads\/2019\/06\/cropped-Logo_SABRA-Copia-1.webp","width":400,"height":128,"caption":"SOCIEDADE ART\u00cdSTICA BRASILEIRA SABRA"},"image":{"@id":"https:\/\/www.sabra.org.br\/site\/#\/schema\/logo\/image\/"},"sameAs":["https:\/\/www.facebook.com\/sabrabrasil","https:\/\/x.com\/ContatoSabra","https:\/\/www.instagram.com\/sabrabrasil\/","https:\/\/www.linkedin.com\/company\/25002088\/","https:\/\/br.pinterest.com\/sociedadeartisticabrasileira\/","https:\/\/www.youtube.com\/c\/sabrabrasil"]},{"@type":"Person","@id":"https:\/\/www.sabra.org.br\/site\/#\/schema\/person\/7d1d222c3c8891d4c37c7b41bf6315c2","name":"M\u00e1rcio Miranda Pontes","image":{"@type":"ImageObject","inLanguage":"pt-BR","@id":"https:\/\/secure.gravatar.com\/avatar\/3b45f24496a7625a3a6c436688fbe20344faaeb2979658dc4a9921f984d7df9a?s=96&d=mm&r=g","url":"https:\/\/secure.gravatar.com\/avatar\/3b45f24496a7625a3a6c436688fbe20344faaeb2979658dc4a9921f984d7df9a?s=96&d=mm&r=g","contentUrl":"https:\/\/secure.gravatar.com\/avatar\/3b45f24496a7625a3a6c436688fbe20344faaeb2979658dc4a9921f984d7df9a?s=96&d=mm&r=g","caption":"M\u00e1rcio Miranda Pontes"},"sameAs":["http:\/\/www.sabra.org.br"],"url":"https:\/\/www.sabra.org.br\/site\/author\/marcio-miranda-pontes\/"}]}},"jetpack_featured_media_url":"https:\/\/www.sabra.org.br\/site\/wp-content\/uploads\/2021\/10\/o-que-e-um-patrimonio-documental-nacional-20210902112425.jpg.jpg","jetpack_shortlink":"https:\/\/wp.me\/p95j2Z-16S","jetpack-related-posts":[{"id":1725,"url":"https:\/\/www.sabra.org.br\/site\/o-que-e-patrimonio-cultural\/","url_meta":{"origin":4270,"position":0},"title":"O QUE \u00c9 PATRIM\u00d4NIO CULTURAL?","author":"M\u00e1rcio Miranda Pontes","date":"10 de fevereiro de 2019","format":false,"excerpt":"Cultura \u00e9 um dos principais fatores que podem mudar a sociedade. Independente de qual seja a sua forma de express\u00e3o, toda pessoa pode ter acesso a esses meios. Assim, pode evoluir como pessoa e como ser humano. Nisso, o Patrim\u00f4nio Cultural \u00e9 muito importante. O que \u00e9 Patrim\u00f4nio Cultural? Segundo\u2026","rel":"","context":"Em &quot;Blog SABRA&quot;","block_context":{"text":"Blog SABRA","link":"https:\/\/www.sabra.org.br\/site\/category\/blog-sabra\/"},"img":{"alt_text":"Patrim\u00f4nio Cultural","src":"https:\/\/i0.wp.com\/www.sabra.org.br\/site\/wp-content\/uploads\/2019\/02\/o-que-e-patrimonio-cultural-20180918131645.jpg.jpg?resize=350%2C200&ssl=1","width":350,"height":200,"srcset":"https:\/\/i0.wp.com\/www.sabra.org.br\/site\/wp-content\/uploads\/2019\/02\/o-que-e-patrimonio-cultural-20180918131645.jpg.jpg?resize=350%2C200&ssl=1 1x, https:\/\/i0.wp.com\/www.sabra.org.br\/site\/wp-content\/uploads\/2019\/02\/o-que-e-patrimonio-cultural-20180918131645.jpg.jpg?resize=525%2C300&ssl=1 1.5x, https:\/\/i0.wp.com\/www.sabra.org.br\/site\/wp-content\/uploads\/2019\/02\/o-que-e-patrimonio-cultural-20180918131645.jpg.jpg?resize=700%2C400&ssl=1 2x"},"classes":[]},{"id":13935,"url":"https:\/\/www.sabra.org.br\/site\/orquestra-betim\/","url_meta":{"origin":4270,"position":1},"title":"Orquestra Sinf\u00f4nica de Betim: um patrim\u00f4nio cultural em constante evolu\u00e7\u00e3o","author":"M\u00e1rcio Miranda Pontes","date":"8 de junho de 2025","format":false,"excerpt":"Descubra como a Orquestra Sinf\u00f4nica de Betim se tornou um s\u00edmbolo de inclus\u00e3o e valoriza\u00e7\u00e3o da arte na regi\u00e3o metropolitana.","rel":"","context":"Em &quot;Blog SABRA&quot;","block_context":{"text":"Blog SABRA","link":"https:\/\/www.sabra.org.br\/site\/category\/blog-sabra\/"},"img":{"alt_text":"cultura-m\u00fasica-orquestra-betim-sociais-art\u00edstica-novos-sinf\u00f4nica-social","src":"https:\/\/i0.wp.com\/www.sabra.org.br\/site\/wp-content\/uploads\/2025\/06\/Orquestra-Sinfonica-de-Betim-um-patrimonio-cultural-em-constante-evolucao.jpg?resize=350%2C200&ssl=1","width":350,"height":200,"srcset":"https:\/\/i0.wp.com\/www.sabra.org.br\/site\/wp-content\/uploads\/2025\/06\/Orquestra-Sinfonica-de-Betim-um-patrimonio-cultural-em-constante-evolucao.jpg?resize=350%2C200&ssl=1 1x, https:\/\/i0.wp.com\/www.sabra.org.br\/site\/wp-content\/uploads\/2025\/06\/Orquestra-Sinfonica-de-Betim-um-patrimonio-cultural-em-constante-evolucao.jpg?resize=525%2C300&ssl=1 1.5x, https:\/\/i0.wp.com\/www.sabra.org.br\/site\/wp-content\/uploads\/2025\/06\/Orquestra-Sinfonica-de-Betim-um-patrimonio-cultural-em-constante-evolucao.jpg?resize=700%2C400&ssl=1 2x"},"classes":[]},{"id":4128,"url":"https:\/\/www.sabra.org.br\/site\/patrimonio-cultural-2\/","url_meta":{"origin":4270,"position":2},"title":"Entenda o que \u00e9 patrim\u00f4nio cultural","author":"M\u00e1rcio Miranda Pontes","date":"24 de agosto de 2021","format":false,"excerpt":"Entenda o que \u00e9 patrim\u00f4nio cultural O Patrim\u00f4nio Cultural \u00e9 de extrema import\u00e2ncia para a sociedade. Entenda o que \u00e9, quais os tipos existentes, para que ele serve e qual a sua import\u00e2ncia para um povo e sua comunidade. Patroci\u0301nio m\u00e1ster: @institutounimedbh, viabilizado pelo incentivo de mais de 5,2 mil\u2026","rel":"","context":"Em &quot;Blog SABRA&quot;","block_context":{"text":"Blog SABRA","link":"https:\/\/www.sabra.org.br\/site\/category\/blog-sabra\/"},"img":{"alt_text":"patrim\u00f4nio-cultural","src":"https:\/\/i0.wp.com\/www.sabra.org.br\/site\/wp-content\/uploads\/2021\/08\/entenda-o-que-e-patrimonio-cultural-20210804144502.jpg.jpg?resize=350%2C200&ssl=1","width":350,"height":200,"srcset":"https:\/\/i0.wp.com\/www.sabra.org.br\/site\/wp-content\/uploads\/2021\/08\/entenda-o-que-e-patrimonio-cultural-20210804144502.jpg.jpg?resize=350%2C200&ssl=1 1x, https:\/\/i0.wp.com\/www.sabra.org.br\/site\/wp-content\/uploads\/2021\/08\/entenda-o-que-e-patrimonio-cultural-20210804144502.jpg.jpg?resize=525%2C300&ssl=1 1.5x, https:\/\/i0.wp.com\/www.sabra.org.br\/site\/wp-content\/uploads\/2021\/08\/entenda-o-que-e-patrimonio-cultural-20210804144502.jpg.jpg?resize=700%2C400&ssl=1 2x"},"classes":[]},{"id":2847,"url":"https:\/\/www.sabra.org.br\/site\/musica-patrimonio-cultural\/","url_meta":{"origin":4270,"position":3},"title":"M\u00fasica &#8211; Patrim\u00f4nio Cultural","author":"M\u00e1rcio Miranda Pontes","date":"21 de abril de 2020","format":false,"excerpt":"A m\u00fasica \u00e9 considerada um Patrim\u00f4nio Cultural Imaterial da Humanidade, uma express\u00e3o que vai passando de gera\u00e7\u00e3o em gera\u00e7\u00e3o, levando a hist\u00f3ria de um povo.","rel":"","context":"Em &quot;Blog SABRA&quot;","block_context":{"text":"Blog SABRA","link":"https:\/\/www.sabra.org.br\/site\/category\/blog-sabra\/"},"img":{"alt_text":"patrim\u00f4nio-cultural-m\u00fasicas-consideradas-pa\u00eds-cultura-hist\u00f3rica-passando-povo-sabra","src":"https:\/\/i0.wp.com\/www.sabra.org.br\/site\/wp-content\/uploads\/2020\/04\/quais-as-musicas-que-ate-hoje-sao-consideradas-patrimonio-cultural-20191202180617.jpg.jpg?resize=350%2C200&ssl=1","width":350,"height":200,"srcset":"https:\/\/i0.wp.com\/www.sabra.org.br\/site\/wp-content\/uploads\/2020\/04\/quais-as-musicas-que-ate-hoje-sao-consideradas-patrimonio-cultural-20191202180617.jpg.jpg?resize=350%2C200&ssl=1 1x, https:\/\/i0.wp.com\/www.sabra.org.br\/site\/wp-content\/uploads\/2020\/04\/quais-as-musicas-que-ate-hoje-sao-consideradas-patrimonio-cultural-20191202180617.jpg.jpg?resize=525%2C300&ssl=1 1.5x, https:\/\/i0.wp.com\/www.sabra.org.br\/site\/wp-content\/uploads\/2020\/04\/quais-as-musicas-que-ate-hoje-sao-consideradas-patrimonio-cultural-20191202180617.jpg.jpg?resize=700%2C400&ssl=1 2x"},"classes":[]},{"id":4315,"url":"https:\/\/www.sabra.org.br\/site\/patrimonio-4\/","url_meta":{"origin":4270,"position":4},"title":"A relev\u00e2ncia do patrim\u00f4nio cultural de Minas Gerais para o Brasil","author":"M\u00e1rcio Miranda Pontes","date":"7 de novembro de 2021","format":false,"excerpt":"A relev\u00e2ncia dos patrim\u00f4nios culturais de Minas Gerais para o Brasil N\u00e3o \u00e9 novidade para ningu\u00e9m que Minas Gerais conta com um patrim\u00f4nio cultural vasto e muito rico. Qual a relev\u00e2ncia para o nosso pa\u00eds?","rel":"","context":"Em &quot;Blog SABRA&quot;","block_context":{"text":"Blog SABRA","link":"https:\/\/www.sabra.org.br\/site\/category\/blog-sabra\/"},"img":{"alt_text":"patrim\u00f4nio-cultural-hist\u00f3rico-minas-gerais","src":"https:\/\/i0.wp.com\/www.sabra.org.br\/site\/wp-content\/uploads\/2021\/11\/a-relevancia-dos-patrimonios-culturais-de-minas-gerais-para-o-brasil-20210902112425.jpg.jpg?resize=350%2C200&ssl=1","width":350,"height":200,"srcset":"https:\/\/i0.wp.com\/www.sabra.org.br\/site\/wp-content\/uploads\/2021\/11\/a-relevancia-dos-patrimonios-culturais-de-minas-gerais-para-o-brasil-20210902112425.jpg.jpg?resize=350%2C200&ssl=1 1x, https:\/\/i0.wp.com\/www.sabra.org.br\/site\/wp-content\/uploads\/2021\/11\/a-relevancia-dos-patrimonios-culturais-de-minas-gerais-para-o-brasil-20210902112425.jpg.jpg?resize=525%2C300&ssl=1 1.5x, https:\/\/i0.wp.com\/www.sabra.org.br\/site\/wp-content\/uploads\/2021\/11\/a-relevancia-dos-patrimonios-culturais-de-minas-gerais-para-o-brasil-20210902112425.jpg.jpg?resize=700%2C400&ssl=1 2x"},"classes":[]},{"id":4445,"url":"https:\/\/www.sabra.org.br\/site\/patrimonio-imaterial-2\/","url_meta":{"origin":4270,"position":5},"title":"Afinal, o que \u00e9 patrim\u00f4nio imaterial?","author":"M\u00e1rcio Miranda Pontes","date":"11 de dezembro de 2021","format":false,"excerpt":"Bens culturais compartilhados e vividos por uma coletividade em particular formam o patrim\u00f4nio cultural de uma sociedade, construindo a hist\u00f3ria e a identidade de um povo. Conhe\u00e7a um pouco mais sobre o patrim\u00f4nio imaterial.","rel":"","context":"Em &quot;Blog SABRA&quot;","block_context":{"text":"Blog SABRA","link":"https:\/\/www.sabra.org.br\/site\/category\/blog-sabra\/"},"img":{"alt_text":"parimonio-imaterial-cultura-cultural-bens","src":"https:\/\/i0.wp.com\/www.sabra.org.br\/site\/wp-content\/uploads\/2021\/12\/afinal-o-que-e-patrimonio-imaterial-20210804144502.jpg.jpg?resize=350%2C200&ssl=1","width":350,"height":200,"srcset":"https:\/\/i0.wp.com\/www.sabra.org.br\/site\/wp-content\/uploads\/2021\/12\/afinal-o-que-e-patrimonio-imaterial-20210804144502.jpg.jpg?resize=350%2C200&ssl=1 1x, https:\/\/i0.wp.com\/www.sabra.org.br\/site\/wp-content\/uploads\/2021\/12\/afinal-o-que-e-patrimonio-imaterial-20210804144502.jpg.jpg?resize=525%2C300&ssl=1 1.5x, https:\/\/i0.wp.com\/www.sabra.org.br\/site\/wp-content\/uploads\/2021\/12\/afinal-o-que-e-patrimonio-imaterial-20210804144502.jpg.jpg?resize=700%2C400&ssl=1 2x, https:\/\/i0.wp.com\/www.sabra.org.br\/site\/wp-content\/uploads\/2021\/12\/afinal-o-que-e-patrimonio-imaterial-20210804144502.jpg.jpg?resize=1050%2C600&ssl=1 3x"},"classes":[]}],"jetpack_likes_enabled":true,"jetpack_sharing_enabled":true,"_links":{"self":[{"href":"https:\/\/www.sabra.org.br\/site\/wp-json\/wp\/v2\/posts\/4270","targetHints":{"allow":["GET"]}}],"collection":[{"href":"https:\/\/www.sabra.org.br\/site\/wp-json\/wp\/v2\/posts"}],"about":[{"href":"https:\/\/www.sabra.org.br\/site\/wp-json\/wp\/v2\/types\/post"}],"author":[{"embeddable":true,"href":"https:\/\/www.sabra.org.br\/site\/wp-json\/wp\/v2\/users\/39"}],"replies":[{"embeddable":true,"href":"https:\/\/www.sabra.org.br\/site\/wp-json\/wp\/v2\/comments?post=4270"}],"version-history":[{"count":0,"href":"https:\/\/www.sabra.org.br\/site\/wp-json\/wp\/v2\/posts\/4270\/revisions"}],"wp:featuredmedia":[{"embeddable":true,"href":"https:\/\/www.sabra.org.br\/site\/wp-json\/wp\/v2\/media\/4271"}],"wp:attachment":[{"href":"https:\/\/www.sabra.org.br\/site\/wp-json\/wp\/v2\/media?parent=4270"}],"wp:term":[{"taxonomy":"category","embeddable":true,"href":"https:\/\/www.sabra.org.br\/site\/wp-json\/wp\/v2\/categories?post=4270"},{"taxonomy":"post_tag","embeddable":true,"href":"https:\/\/www.sabra.org.br\/site\/wp-json\/wp\/v2\/tags?post=4270"}],"curies":[{"name":"wp","href":"https:\/\/api.w.org\/{rel}","templated":true}]}}