{"id":4315,"date":"2021-11-07T13:29:14","date_gmt":"2021-11-07T16:29:14","guid":{"rendered":"https:\/\/www.sabra.org.br\/site\/?p=4315"},"modified":"2021-11-07T13:29:14","modified_gmt":"2021-11-07T16:29:14","slug":"patrimonio-4","status":"publish","type":"post","link":"https:\/\/www.sabra.org.br\/site\/patrimonio-4\/","title":{"rendered":"A relev\u00e2ncia do patrim\u00f4nio cultural de Minas Gerais para o Brasil"},"content":{"rendered":"<p>[vc_row][vc_column][vc_column_text]Minas Gerais, com seus 853 munic\u00edpios, conta com um conjunto de bens hist\u00f3ricos, art\u00edsticos, culturais e naturais de extrema import\u00e2ncia para a conserva\u00e7\u00e3o da hist\u00f3ria nacional e at\u00e9 mesmo mundial, uma vez que, alguns, j\u00e1 receberam o incr\u00edvel t\u00edtulo de patrim\u00f4nio cultural da humanidade.<\/p>\n<p>S\u00e3o bens das mais diferentes \u00e9pocas e das mais variadas tend\u00eancias culturais que, juntos, ajudam a manter a mem\u00f3ria e o legado dos que vieram antes de n\u00f3s.<\/p>\n<p>A seguir, conhe\u00e7a um pouco mais do patrim\u00f4nio cultural de Minas Gerais e sua relev\u00e2ncia para o Brasil:<\/p>\n<h2>O que \u00e9 patrim\u00f4nio cultural?<\/h2>\n<p>Antes de tudo, \u00e9 preciso entender o que significa a express\u00e3o patrim\u00f4nio cultural. Chamamos de patrim\u00f4nio cultural os bens, tanto de natureza material, quanto imaterial, que possuem grande valor social devido \u00e0 sua enorme capacidade de preservar a mem\u00f3ria e a identidade cultural de um povo, mantendo viva a sua hist\u00f3ria.<\/p>\n<p>Um bem cultural pode receber de acordo com o n\u00edvel da import\u00e2ncia de sua conserva\u00e7\u00e3o para a sociedade, o t\u00edtulo de patrim\u00f4nio cultural municipal, estadual, nacional e at\u00e9 mesmo mundial, se tornando ent\u00e3o patrim\u00f4nio cultural da humanidade.<\/p>\n<p>Como exemplos de patrim\u00f4nio cultural podemos citar obras de arte, conjuntos arquitet\u00f4nicos, s\u00edtios arqueol\u00f3gicos, assim como festividades, cren\u00e7as populares, culin\u00e1ria, of\u00edcios e seus modos de fazer, saberes e celebra\u00e7\u00f5es religiosas.<\/p>\n<h2>O patrim\u00f4nio cultural de Minas Gerais<\/h2>\n<p>Em todo o estado de Minas Gerais, s\u00e3o quase 6 mil bens culturais reconhecidos, tanto de natureza material quanto imaterial.<\/p>\n<p>A n\u00edvel estadual, foram tombados pelo Instituto Estadual do Patrim\u00f4nio Hist\u00f3rico e Art\u00edstico de Minas Gerais (Iepha MG) 149 bens culturais, com destaques para os n\u00facleos hist\u00f3ricos e paisag\u00edsticos, e um total de 7 bens imateriais.<\/p>\n<p>Quando falamos a n\u00edvel nacional, Minas Gerais \u00e9 o segundo estado brasileiro com mais bens culturais materiais tombados pelo Instituto do Patrim\u00f4nio Hist\u00f3rico Art\u00edstico Nacional (Iphan), com uma porcentagem de 17% em rela\u00e7\u00e3o ao restante do pa\u00eds.<\/p>\n<p>J\u00e1 em rela\u00e7\u00e3o ao patrim\u00f4nio cultural imaterial, Minas possui 2 dos 13 bens nacionais tombados pelo Iphan, sendo eles o of\u00edcio de sineiro e a produ\u00e7\u00e3o de queijo artesanal da regi\u00e3o do Serro.<\/p>\n<p>Por fim, a n\u00edvel internacional, Minas Gerais \u00e9 o maior destaque do pa\u00eds em rela\u00e7\u00e3o aos bens considerados patrim\u00f4nio cultural mundial. Dentre os 14 s\u00edtios do patrim\u00f4nio cultural da humanidade reconhecidos pela Organiza\u00e7\u00e3o das Na\u00e7\u00f5es Unidas para a Educa\u00e7\u00e3o, a Ci\u00eancia e a Cultura (Unesco) presentes no Brasil, 4 est\u00e3o no estado mineiro. S\u00e3o eles:<\/p>\n<ul>\n<li>A cidade hist\u00f3rica de Ouro Preto;<\/li>\n<li>Centro hist\u00f3rico da cidade de Diamantina;<\/li>\n<li>Conjunto Moderno da Pampulha, em Belo Horizonte;<\/li>\n<li>Santu\u00e1rio do Senhor Bom Jesus do Matosinhos, em Congonhas.<\/li>\n<\/ul>\n<h2>A relev\u00e2ncia do patrim\u00f4nio cultural de Minas Gerais para o Brasil<\/h2>\n<p>Quando pensamos na relev\u00e2ncia do patrim\u00f4nio cultural de Minas Gerais para o Brasil, \u00e9 imposs\u00edvel n\u00e3o pensarmos tamb\u00e9m na sua contribui\u00e7\u00e3o para a preserva\u00e7\u00e3o da hist\u00f3ria nacional desde os prim\u00f3rdios da era colonial, como \u00e9 o caso do centro hist\u00f3rico de Ouro Preto e do Santu\u00e1rio do Senhor Bom Jesus de Matosinhos, que contam com obras de grandes artistas da \u00e9poca, como Manoel da Costa Atha\u00edde e Ant\u00f4nio Francisco Lisboa, o Aleijadinho.<\/p>\n<p>Remetendo a um passado mais recente, um dos cart\u00f5es postais mais famosos de Belo Horizonte, o Conjunto Moderno da Pampulha, preserva a genialidade arquitet\u00f4nica de Oscar Niemeyer, junto \u00e0 idealiza\u00e7\u00e3o de Juscelino Kubitschek, na \u00e9poca, prefeito da cidade e que, mais tarde, viriam a projetar a capital do pa\u00eds.<\/p>\n<p>H\u00e1 ainda a import\u00e2ncia ineg\u00e1vel dos patrim\u00f4nios culturais mineiros para hist\u00f3ria da arte, com bens arquitet\u00f4nicos presentes na grande maioria de seus munic\u00edpios, com destaque para Congonhas e o Santu\u00e1rio do Senhor Bom Jesus do Matosinhos, considerado uma das obras-primas do barroco mundial.<\/p>\n<p>Por fim, ainda que n\u00e3o sejam considerados patrim\u00f4nios da humanidade, os bens culturais imateriais de Minas Gerais, como o of\u00edcio de sineiro e as celebra\u00e7\u00f5es religiosas, contribuem de forma excepcional para preservar a identidade de um povo que, em meio a tantas mudan\u00e7as sociais, continuam reproduzindo o legado deixado por aqueles que os antecederam.<\/p>\n<blockquote class=\"wp-embedded-content\" data-secret=\"YgxHLXSamQ\"><p><a href=\"https:\/\/www.sabra.org.br\/site\/patrimonio-material\/\">Desafios para preserva\u00e7\u00e3o do patrim\u00f4nio material<\/a><\/p><\/blockquote>\n<p><iframe class=\"wp-embedded-content\" sandbox=\"allow-scripts\" security=\"restricted\" style=\"position: absolute; visibility: hidden;\" title=\"&#8220;Desafios para preserva\u00e7\u00e3o do patrim\u00f4nio material&#8221; &#8212; SABRA - Sociedade Art\u00edstica Brasileira\" src=\"https:\/\/www.sabra.org.br\/site\/patrimonio-material\/embed\/#?secret=5bF7Tbci4L#?secret=YgxHLXSamQ\" data-secret=\"YgxHLXSamQ\" width=\"600\" height=\"338\" frameborder=\"0\" marginwidth=\"0\" marginheight=\"0\" scrolling=\"no\"><\/iframe><\/p>\n<hr \/>\n<h2>Se voc\u00ea gostou deste post:<\/h2>\n<p>&#8211; SIGA as nossas p\u00e1ginas nas redes sociais para acompanhar as nossas atualiza\u00e7\u00f5es: estamos no <a href=\"https:\/\/www.facebook.com\/sabrabrasil\" target=\"_blank\" rel=\"noopener\">Facebook<\/a>, no <a href=\"https:\/\/www.instagram.com\/sabrabrasil\/\" target=\"_blank\" rel=\"noopener\">Instagram<\/a>, no <a href=\"https:\/\/www.linkedin.com\/company\/25002088\" target=\"_blank\" rel=\"noopener\">LinkedIn<\/a>, no <a href=\"https:\/\/twitter.com\/ContatoSabra\" target=\"_blank\" rel=\"noopener\">Twitter<\/a> e no <a href=\"https:\/\/www.youtube.com\/channel\/UCJw-kbuEvzUNdeQf20Pa-eQ\" target=\"_blank\" rel=\"noopener\">YouTube<\/a>!<\/p>\n<p>&#8211; CONHE\u00c7A o trabalho da Sociedade Art\u00edstica Brasileira (SABRA) e todas as iniciativas culturais e sociais que ela mant\u00e9m. <a href=\"https:\/\/www.sabra.org.br\/site\/acoes\/\" target=\"_blank\" rel=\"noopener\">Acesse nosso site!<\/a><\/p>\n<p>&#8211; ENTRE EM CONTATO com a gente. E veja quais s\u00e3o as op\u00e7\u00f5es de ajuda na manuten\u00e7\u00e3o de nossas a\u00e7\u00f5es sociais e culturais. Basta acessar nossa p\u00e1gina <a href=\"https:\/\/www.sabra.org.br\/site\/doe-agora\/\" target=\"_blank\" rel=\"noopener\">Doe Agora!<\/a><\/p>\n<p>&#8211; COMPARTILHE este texto nas suas redes sociais e ajude os seus amigos a tamb\u00e9m dominarem o assunto!<\/p>\n<p>\u2013 Os projetos da @sabrabrasil s\u00e3o realizados com o patroci\u0301nio m\u00e1ster: @institutounimedbh, viabilizado pelo incentivo de mais de 5,2 mil m\u00e9dicos cooperados e colaboradores via Lei de Incentivo \u00e0 Cultura &#8211; @mturismo, @culturagovbr. Patroc\u00ednio prata: @vallourec e apoio: @prefeiturabetim[\/vc_column_text][\/vc_column][\/vc_row]<\/p>\n","protected":false},"excerpt":{"rendered":"<p>A relev\u00e2ncia dos patrim\u00f4nios culturais de Minas Gerais para o Brasil<\/p>\n<p>N\u00e3o \u00e9 novidade para ningu\u00e9m que Minas Gerais conta com um patrim\u00f4nio cultural vasto e muito rico. Qual a relev\u00e2ncia para o nosso pa\u00eds? <\/p>\n","protected":false},"author":39,"featured_media":4316,"comment_status":"closed","ping_status":"closed","sticky":false,"template":"","format":"standard","meta":{"jetpack_post_was_ever_published":false,"_jetpack_newsletter_access":"","_jetpack_dont_email_post_to_subs":false,"_jetpack_newsletter_tier_id":0,"_jetpack_memberships_contains_paywalled_content":false,"_jetpack_memberships_contains_paid_content":false,"footnotes":""},"categories":[1],"tags":[15,3623,8,1285,16,3519,1286,11,3622,9],"class_list":["post-4315","post","type-post","status-publish","format-standard","has-post-thumbnail","hentry","category-blog-sabra","tag-assistencia-social","tag-campos-dos-goytacazes","tag-canto-coral","tag-escola-de-musica-sabra","tag-musicalizacao-infantil","tag-nova-lima-2","tag-orquestra-infanto-juvenil-de-betim","tag-orquestra-sinfonica-de-betim","tag-raposos","tag-sociedade-artistica-brasileira"],"yoast_head":"<!-- This site is optimized with the Yoast SEO plugin v27.5 - https:\/\/yoast.com\/product\/yoast-seo-wordpress\/ -->\n<title>A relev\u00e2ncia do patrim\u00f4nio cultural de Minas Gerais para o Brasil - SABRA - Sociedade Art\u00edstica Brasileira<\/title>\n<meta name=\"description\" content=\"N\u00e3o \u00e9 novidade para ningu\u00e9m que Minas Gerais conta com um patrim\u00f4nio cultural vasto e muito rico. Qual a relev\u00e2ncia para o nosso pa\u00eds?\" \/>\n<meta name=\"robots\" content=\"index, follow, max-snippet:-1, max-image-preview:large, max-video-preview:-1\" \/>\n<link rel=\"canonical\" href=\"https:\/\/www.sabra.org.br\/site\/patrimonio-4\/\" \/>\n<meta property=\"og:locale\" content=\"pt_BR\" \/>\n<meta property=\"og:type\" content=\"article\" \/>\n<meta property=\"og:title\" content=\"A relev\u00e2ncia do patrim\u00f4nio cultural de Minas Gerais para o Brasil - SABRA - Sociedade Art\u00edstica Brasileira\" \/>\n<meta property=\"og:description\" content=\"N\u00e3o \u00e9 novidade para ningu\u00e9m que Minas Gerais conta com um patrim\u00f4nio cultural vasto e muito rico. Qual a relev\u00e2ncia para o nosso pa\u00eds?\" \/>\n<meta property=\"og:url\" content=\"https:\/\/www.sabra.org.br\/site\/patrimonio-4\/\" \/>\n<meta property=\"og:site_name\" content=\"SABRA - Sociedade Art\u00edstica Brasileira\" \/>\n<meta property=\"article:publisher\" content=\"https:\/\/www.facebook.com\/sabrabrasil\" \/>\n<meta property=\"article:published_time\" content=\"2021-11-07T16:29:14+00:00\" \/>\n<meta property=\"og:image\" content=\"https:\/\/i0.wp.com\/www.sabra.org.br\/site\/wp-content\/uploads\/2021\/11\/a-relevancia-dos-patrimonios-culturais-de-minas-gerais-para-o-brasil-20210902112425.jpg.jpg?fit=800%2C533&ssl=1\" \/>\n\t<meta property=\"og:image:width\" content=\"800\" \/>\n\t<meta property=\"og:image:height\" content=\"533\" \/>\n\t<meta property=\"og:image:type\" content=\"image\/jpeg\" \/>\n<meta name=\"author\" content=\"M\u00e1rcio Miranda Pontes\" \/>\n<meta name=\"twitter:card\" content=\"summary_large_image\" \/>\n<meta name=\"twitter:creator\" content=\"@ContatoSabra\" \/>\n<meta name=\"twitter:site\" content=\"@ContatoSabra\" \/>\n<meta name=\"twitter:label1\" content=\"Escrito por\" \/>\n\t<meta name=\"twitter:data1\" content=\"M\u00e1rcio Miranda Pontes\" \/>\n\t<meta name=\"twitter:label2\" content=\"Est. tempo de leitura\" \/>\n\t<meta name=\"twitter:data2\" content=\"4 minutos\" \/>\n<script type=\"application\/ld+json\" class=\"yoast-schema-graph\">{\"@context\":\"https:\\\/\\\/schema.org\",\"@graph\":[{\"@type\":\"Article\",\"@id\":\"https:\\\/\\\/www.sabra.org.br\\\/site\\\/patrimonio-4\\\/#article\",\"isPartOf\":{\"@id\":\"https:\\\/\\\/www.sabra.org.br\\\/site\\\/patrimonio-4\\\/\"},\"author\":{\"name\":\"M\u00e1rcio Miranda Pontes\",\"@id\":\"https:\\\/\\\/www.sabra.org.br\\\/site\\\/#\\\/schema\\\/person\\\/7d1d222c3c8891d4c37c7b41bf6315c2\"},\"headline\":\"A relev\u00e2ncia do patrim\u00f4nio cultural de Minas Gerais para o Brasil\",\"datePublished\":\"2021-11-07T16:29:14+00:00\",\"mainEntityOfPage\":{\"@id\":\"https:\\\/\\\/www.sabra.org.br\\\/site\\\/patrimonio-4\\\/\"},\"wordCount\":928,\"publisher\":{\"@id\":\"https:\\\/\\\/www.sabra.org.br\\\/site\\\/#organization\"},\"image\":{\"@id\":\"https:\\\/\\\/www.sabra.org.br\\\/site\\\/patrimonio-4\\\/#primaryimage\"},\"thumbnailUrl\":\"https:\\\/\\\/www.sabra.org.br\\\/site\\\/wp-content\\\/uploads\\\/2021\\\/11\\\/a-relevancia-dos-patrimonios-culturais-de-minas-gerais-para-o-brasil-20210902112425.jpg.jpg\",\"keywords\":[\"Assist\u00eancia social\",\"Campos dos Goytacazes\",\"Canto Coral\",\"Escola de Musica SABRA\",\"Musicaliza\u00e7\u00e3o Infantil\",\"nova lima\",\"Orquestra Infanto Juvenil de Betim\",\"Orquestra Sinf\u00f4nica de Betim\",\"Raposos\",\"Sociedade Art\u00edstica Brasileira\"],\"articleSection\":[\"Blog SABRA\"],\"inLanguage\":\"pt-BR\"},{\"@type\":\"WebPage\",\"@id\":\"https:\\\/\\\/www.sabra.org.br\\\/site\\\/patrimonio-4\\\/\",\"url\":\"https:\\\/\\\/www.sabra.org.br\\\/site\\\/patrimonio-4\\\/\",\"name\":\"A relev\u00e2ncia do patrim\u00f4nio cultural de Minas Gerais para o Brasil - SABRA - Sociedade Art\u00edstica Brasileira\",\"isPartOf\":{\"@id\":\"https:\\\/\\\/www.sabra.org.br\\\/site\\\/#website\"},\"primaryImageOfPage\":{\"@id\":\"https:\\\/\\\/www.sabra.org.br\\\/site\\\/patrimonio-4\\\/#primaryimage\"},\"image\":{\"@id\":\"https:\\\/\\\/www.sabra.org.br\\\/site\\\/patrimonio-4\\\/#primaryimage\"},\"thumbnailUrl\":\"https:\\\/\\\/www.sabra.org.br\\\/site\\\/wp-content\\\/uploads\\\/2021\\\/11\\\/a-relevancia-dos-patrimonios-culturais-de-minas-gerais-para-o-brasil-20210902112425.jpg.jpg\",\"datePublished\":\"2021-11-07T16:29:14+00:00\",\"description\":\"N\u00e3o \u00e9 novidade para ningu\u00e9m que Minas Gerais conta com um patrim\u00f4nio cultural vasto e muito rico. Qual a relev\u00e2ncia para o nosso pa\u00eds?\",\"breadcrumb\":{\"@id\":\"https:\\\/\\\/www.sabra.org.br\\\/site\\\/patrimonio-4\\\/#breadcrumb\"},\"inLanguage\":\"pt-BR\",\"potentialAction\":[{\"@type\":\"ReadAction\",\"target\":[\"https:\\\/\\\/www.sabra.org.br\\\/site\\\/patrimonio-4\\\/\"]}]},{\"@type\":\"ImageObject\",\"inLanguage\":\"pt-BR\",\"@id\":\"https:\\\/\\\/www.sabra.org.br\\\/site\\\/patrimonio-4\\\/#primaryimage\",\"url\":\"https:\\\/\\\/www.sabra.org.br\\\/site\\\/wp-content\\\/uploads\\\/2021\\\/11\\\/a-relevancia-dos-patrimonios-culturais-de-minas-gerais-para-o-brasil-20210902112425.jpg.jpg\",\"contentUrl\":\"https:\\\/\\\/www.sabra.org.br\\\/site\\\/wp-content\\\/uploads\\\/2021\\\/11\\\/a-relevancia-dos-patrimonios-culturais-de-minas-gerais-para-o-brasil-20210902112425.jpg.jpg\",\"width\":800,\"height\":533,\"caption\":\"Sociedade Art\u00edstica Brasileira SABRA\"},{\"@type\":\"BreadcrumbList\",\"@id\":\"https:\\\/\\\/www.sabra.org.br\\\/site\\\/patrimonio-4\\\/#breadcrumb\",\"itemListElement\":[{\"@type\":\"ListItem\",\"position\":1,\"name\":\"In\u00edcio\",\"item\":\"https:\\\/\\\/www.sabra.org.br\\\/site\\\/\"},{\"@type\":\"ListItem\",\"position\":2,\"name\":\"A relev\u00e2ncia do patrim\u00f4nio cultural de Minas Gerais para o Brasil\"}]},{\"@type\":\"WebSite\",\"@id\":\"https:\\\/\\\/www.sabra.org.br\\\/site\\\/#website\",\"url\":\"https:\\\/\\\/www.sabra.org.br\\\/site\\\/\",\"name\":\"SABRA - Sociedade Art\u00edstica Brasileira\",\"description\":\"Escola de M\u00fasica, Orquestra Sinf\u00f4nica, Coral e Patrim\u00f4nio Cultural e Hist\u00f3rico\",\"publisher\":{\"@id\":\"https:\\\/\\\/www.sabra.org.br\\\/site\\\/#organization\"},\"potentialAction\":[{\"@type\":\"SearchAction\",\"target\":{\"@type\":\"EntryPoint\",\"urlTemplate\":\"https:\\\/\\\/www.sabra.org.br\\\/site\\\/?s={search_term_string}\"},\"query-input\":{\"@type\":\"PropertyValueSpecification\",\"valueRequired\":true,\"valueName\":\"search_term_string\"}}],\"inLanguage\":\"pt-BR\"},{\"@type\":\"Organization\",\"@id\":\"https:\\\/\\\/www.sabra.org.br\\\/site\\\/#organization\",\"name\":\"SOCIEDADE ART\u00cdSTICA BRASILEIRA SABRA\",\"alternateName\":\"SABRA\",\"url\":\"https:\\\/\\\/www.sabra.org.br\\\/site\\\/\",\"logo\":{\"@type\":\"ImageObject\",\"inLanguage\":\"pt-BR\",\"@id\":\"https:\\\/\\\/www.sabra.org.br\\\/site\\\/#\\\/schema\\\/logo\\\/image\\\/\",\"url\":\"https:\\\/\\\/www.sabra.org.br\\\/site\\\/wp-content\\\/uploads\\\/2019\\\/06\\\/cropped-Logo_SABRA-Copia-1.webp\",\"contentUrl\":\"https:\\\/\\\/www.sabra.org.br\\\/site\\\/wp-content\\\/uploads\\\/2019\\\/06\\\/cropped-Logo_SABRA-Copia-1.webp\",\"width\":400,\"height\":128,\"caption\":\"SOCIEDADE ART\u00cdSTICA BRASILEIRA SABRA\"},\"image\":{\"@id\":\"https:\\\/\\\/www.sabra.org.br\\\/site\\\/#\\\/schema\\\/logo\\\/image\\\/\"},\"sameAs\":[\"https:\\\/\\\/www.facebook.com\\\/sabrabrasil\",\"https:\\\/\\\/x.com\\\/ContatoSabra\",\"https:\\\/\\\/www.instagram.com\\\/sabrabrasil\\\/\",\"https:\\\/\\\/www.linkedin.com\\\/company\\\/25002088\\\/\",\"https:\\\/\\\/br.pinterest.com\\\/sociedadeartisticabrasileira\\\/\",\"https:\\\/\\\/www.youtube.com\\\/c\\\/sabrabrasil\"]},{\"@type\":\"Person\",\"@id\":\"https:\\\/\\\/www.sabra.org.br\\\/site\\\/#\\\/schema\\\/person\\\/7d1d222c3c8891d4c37c7b41bf6315c2\",\"name\":\"M\u00e1rcio Miranda Pontes\",\"image\":{\"@type\":\"ImageObject\",\"inLanguage\":\"pt-BR\",\"@id\":\"https:\\\/\\\/secure.gravatar.com\\\/avatar\\\/3b45f24496a7625a3a6c436688fbe20344faaeb2979658dc4a9921f984d7df9a?s=96&d=mm&r=g\",\"url\":\"https:\\\/\\\/secure.gravatar.com\\\/avatar\\\/3b45f24496a7625a3a6c436688fbe20344faaeb2979658dc4a9921f984d7df9a?s=96&d=mm&r=g\",\"contentUrl\":\"https:\\\/\\\/secure.gravatar.com\\\/avatar\\\/3b45f24496a7625a3a6c436688fbe20344faaeb2979658dc4a9921f984d7df9a?s=96&d=mm&r=g\",\"caption\":\"M\u00e1rcio Miranda Pontes\"},\"sameAs\":[\"http:\\\/\\\/www.sabra.org.br\"],\"url\":\"https:\\\/\\\/www.sabra.org.br\\\/site\\\/author\\\/marcio-miranda-pontes\\\/\"}]}<\/script>\n<!-- \/ Yoast SEO plugin. -->","yoast_head_json":{"title":"A relev\u00e2ncia do patrim\u00f4nio cultural de Minas Gerais para o Brasil - SABRA - Sociedade Art\u00edstica Brasileira","description":"N\u00e3o \u00e9 novidade para ningu\u00e9m que Minas Gerais conta com um patrim\u00f4nio cultural vasto e muito rico. Qual a relev\u00e2ncia para o nosso pa\u00eds?","robots":{"index":"index","follow":"follow","max-snippet":"max-snippet:-1","max-image-preview":"max-image-preview:large","max-video-preview":"max-video-preview:-1"},"canonical":"https:\/\/www.sabra.org.br\/site\/patrimonio-4\/","og_locale":"pt_BR","og_type":"article","og_title":"A relev\u00e2ncia do patrim\u00f4nio cultural de Minas Gerais para o Brasil - SABRA - Sociedade Art\u00edstica Brasileira","og_description":"N\u00e3o \u00e9 novidade para ningu\u00e9m que Minas Gerais conta com um patrim\u00f4nio cultural vasto e muito rico. Qual a relev\u00e2ncia para o nosso pa\u00eds?","og_url":"https:\/\/www.sabra.org.br\/site\/patrimonio-4\/","og_site_name":"SABRA - Sociedade Art\u00edstica Brasileira","article_publisher":"https:\/\/www.facebook.com\/sabrabrasil","article_published_time":"2021-11-07T16:29:14+00:00","og_image":[{"width":800,"height":533,"url":"https:\/\/i0.wp.com\/www.sabra.org.br\/site\/wp-content\/uploads\/2021\/11\/a-relevancia-dos-patrimonios-culturais-de-minas-gerais-para-o-brasil-20210902112425.jpg.jpg?fit=800%2C533&ssl=1","type":"image\/jpeg"}],"author":"M\u00e1rcio Miranda Pontes","twitter_card":"summary_large_image","twitter_creator":"@ContatoSabra","twitter_site":"@ContatoSabra","twitter_misc":{"Escrito por":"M\u00e1rcio Miranda Pontes","Est. tempo de leitura":"4 minutos"},"schema":{"@context":"https:\/\/schema.org","@graph":[{"@type":"Article","@id":"https:\/\/www.sabra.org.br\/site\/patrimonio-4\/#article","isPartOf":{"@id":"https:\/\/www.sabra.org.br\/site\/patrimonio-4\/"},"author":{"name":"M\u00e1rcio Miranda Pontes","@id":"https:\/\/www.sabra.org.br\/site\/#\/schema\/person\/7d1d222c3c8891d4c37c7b41bf6315c2"},"headline":"A relev\u00e2ncia do patrim\u00f4nio cultural de Minas Gerais para o Brasil","datePublished":"2021-11-07T16:29:14+00:00","mainEntityOfPage":{"@id":"https:\/\/www.sabra.org.br\/site\/patrimonio-4\/"},"wordCount":928,"publisher":{"@id":"https:\/\/www.sabra.org.br\/site\/#organization"},"image":{"@id":"https:\/\/www.sabra.org.br\/site\/patrimonio-4\/#primaryimage"},"thumbnailUrl":"https:\/\/www.sabra.org.br\/site\/wp-content\/uploads\/2021\/11\/a-relevancia-dos-patrimonios-culturais-de-minas-gerais-para-o-brasil-20210902112425.jpg.jpg","keywords":["Assist\u00eancia social","Campos dos Goytacazes","Canto Coral","Escola de Musica SABRA","Musicaliza\u00e7\u00e3o Infantil","nova lima","Orquestra Infanto Juvenil de Betim","Orquestra Sinf\u00f4nica de Betim","Raposos","Sociedade Art\u00edstica Brasileira"],"articleSection":["Blog SABRA"],"inLanguage":"pt-BR"},{"@type":"WebPage","@id":"https:\/\/www.sabra.org.br\/site\/patrimonio-4\/","url":"https:\/\/www.sabra.org.br\/site\/patrimonio-4\/","name":"A relev\u00e2ncia do patrim\u00f4nio cultural de Minas Gerais para o Brasil - SABRA - Sociedade Art\u00edstica Brasileira","isPartOf":{"@id":"https:\/\/www.sabra.org.br\/site\/#website"},"primaryImageOfPage":{"@id":"https:\/\/www.sabra.org.br\/site\/patrimonio-4\/#primaryimage"},"image":{"@id":"https:\/\/www.sabra.org.br\/site\/patrimonio-4\/#primaryimage"},"thumbnailUrl":"https:\/\/www.sabra.org.br\/site\/wp-content\/uploads\/2021\/11\/a-relevancia-dos-patrimonios-culturais-de-minas-gerais-para-o-brasil-20210902112425.jpg.jpg","datePublished":"2021-11-07T16:29:14+00:00","description":"N\u00e3o \u00e9 novidade para ningu\u00e9m que Minas Gerais conta com um patrim\u00f4nio cultural vasto e muito rico. Qual a relev\u00e2ncia para o nosso pa\u00eds?","breadcrumb":{"@id":"https:\/\/www.sabra.org.br\/site\/patrimonio-4\/#breadcrumb"},"inLanguage":"pt-BR","potentialAction":[{"@type":"ReadAction","target":["https:\/\/www.sabra.org.br\/site\/patrimonio-4\/"]}]},{"@type":"ImageObject","inLanguage":"pt-BR","@id":"https:\/\/www.sabra.org.br\/site\/patrimonio-4\/#primaryimage","url":"https:\/\/www.sabra.org.br\/site\/wp-content\/uploads\/2021\/11\/a-relevancia-dos-patrimonios-culturais-de-minas-gerais-para-o-brasil-20210902112425.jpg.jpg","contentUrl":"https:\/\/www.sabra.org.br\/site\/wp-content\/uploads\/2021\/11\/a-relevancia-dos-patrimonios-culturais-de-minas-gerais-para-o-brasil-20210902112425.jpg.jpg","width":800,"height":533,"caption":"Sociedade Art\u00edstica Brasileira SABRA"},{"@type":"BreadcrumbList","@id":"https:\/\/www.sabra.org.br\/site\/patrimonio-4\/#breadcrumb","itemListElement":[{"@type":"ListItem","position":1,"name":"In\u00edcio","item":"https:\/\/www.sabra.org.br\/site\/"},{"@type":"ListItem","position":2,"name":"A relev\u00e2ncia do patrim\u00f4nio cultural de Minas Gerais para o Brasil"}]},{"@type":"WebSite","@id":"https:\/\/www.sabra.org.br\/site\/#website","url":"https:\/\/www.sabra.org.br\/site\/","name":"SABRA - Sociedade Art\u00edstica Brasileira","description":"Escola de M\u00fasica, Orquestra Sinf\u00f4nica, Coral e Patrim\u00f4nio Cultural e Hist\u00f3rico","publisher":{"@id":"https:\/\/www.sabra.org.br\/site\/#organization"},"potentialAction":[{"@type":"SearchAction","target":{"@type":"EntryPoint","urlTemplate":"https:\/\/www.sabra.org.br\/site\/?s={search_term_string}"},"query-input":{"@type":"PropertyValueSpecification","valueRequired":true,"valueName":"search_term_string"}}],"inLanguage":"pt-BR"},{"@type":"Organization","@id":"https:\/\/www.sabra.org.br\/site\/#organization","name":"SOCIEDADE ART\u00cdSTICA BRASILEIRA SABRA","alternateName":"SABRA","url":"https:\/\/www.sabra.org.br\/site\/","logo":{"@type":"ImageObject","inLanguage":"pt-BR","@id":"https:\/\/www.sabra.org.br\/site\/#\/schema\/logo\/image\/","url":"https:\/\/www.sabra.org.br\/site\/wp-content\/uploads\/2019\/06\/cropped-Logo_SABRA-Copia-1.webp","contentUrl":"https:\/\/www.sabra.org.br\/site\/wp-content\/uploads\/2019\/06\/cropped-Logo_SABRA-Copia-1.webp","width":400,"height":128,"caption":"SOCIEDADE ART\u00cdSTICA BRASILEIRA SABRA"},"image":{"@id":"https:\/\/www.sabra.org.br\/site\/#\/schema\/logo\/image\/"},"sameAs":["https:\/\/www.facebook.com\/sabrabrasil","https:\/\/x.com\/ContatoSabra","https:\/\/www.instagram.com\/sabrabrasil\/","https:\/\/www.linkedin.com\/company\/25002088\/","https:\/\/br.pinterest.com\/sociedadeartisticabrasileira\/","https:\/\/www.youtube.com\/c\/sabrabrasil"]},{"@type":"Person","@id":"https:\/\/www.sabra.org.br\/site\/#\/schema\/person\/7d1d222c3c8891d4c37c7b41bf6315c2","name":"M\u00e1rcio Miranda Pontes","image":{"@type":"ImageObject","inLanguage":"pt-BR","@id":"https:\/\/secure.gravatar.com\/avatar\/3b45f24496a7625a3a6c436688fbe20344faaeb2979658dc4a9921f984d7df9a?s=96&d=mm&r=g","url":"https:\/\/secure.gravatar.com\/avatar\/3b45f24496a7625a3a6c436688fbe20344faaeb2979658dc4a9921f984d7df9a?s=96&d=mm&r=g","contentUrl":"https:\/\/secure.gravatar.com\/avatar\/3b45f24496a7625a3a6c436688fbe20344faaeb2979658dc4a9921f984d7df9a?s=96&d=mm&r=g","caption":"M\u00e1rcio Miranda Pontes"},"sameAs":["http:\/\/www.sabra.org.br"],"url":"https:\/\/www.sabra.org.br\/site\/author\/marcio-miranda-pontes\/"}]}},"jetpack_featured_media_url":"https:\/\/www.sabra.org.br\/site\/wp-content\/uploads\/2021\/11\/a-relevancia-dos-patrimonios-culturais-de-minas-gerais-para-o-brasil-20210902112425.jpg.jpg","jetpack_shortlink":"https:\/\/wp.me\/p95j2Z-17B","jetpack-related-posts":[{"id":4352,"url":"https:\/\/www.sabra.org.br\/site\/curiosidades-sobre-o-patrimonio-cultural-de-minas-gerais\/","url_meta":{"origin":4315,"position":0},"title":"Curiosidades sobre o patrim\u00f4nio cultural de Minas Gerais","author":"M\u00e1rcio Miranda Pontes","date":"23 de novembro de 2021","format":false,"excerpt":"Minas Gerais \u00e9 o ber\u00e7o de muitas manifesta\u00e7\u00f5es culturais de grande import\u00e2ncia. Possui rico Patrim\u00f4nio Cultural material e imaterial.","rel":"","context":"Em &quot;Blog SABRA&quot;","block_context":{"text":"Blog SABRA","link":"https:\/\/www.sabra.org.br\/site\/category\/blog-sabra\/"},"img":{"alt_text":"minas-patrimonio-cultural-culturais-bens","src":"https:\/\/i0.wp.com\/www.sabra.org.br\/site\/wp-content\/uploads\/2021\/11\/x-curiosidades-sobre-o-patrimonio-cultural-de-minas-gerais-20210804144502.jpg.jpg?resize=350%2C200&ssl=1","width":350,"height":200,"srcset":"https:\/\/i0.wp.com\/www.sabra.org.br\/site\/wp-content\/uploads\/2021\/11\/x-curiosidades-sobre-o-patrimonio-cultural-de-minas-gerais-20210804144502.jpg.jpg?resize=350%2C200&ssl=1 1x, https:\/\/i0.wp.com\/www.sabra.org.br\/site\/wp-content\/uploads\/2021\/11\/x-curiosidades-sobre-o-patrimonio-cultural-de-minas-gerais-20210804144502.jpg.jpg?resize=525%2C300&ssl=1 1.5x, https:\/\/i0.wp.com\/www.sabra.org.br\/site\/wp-content\/uploads\/2021\/11\/x-curiosidades-sobre-o-patrimonio-cultural-de-minas-gerais-20210804144502.jpg.jpg?resize=700%2C400&ssl=1 2x, https:\/\/i0.wp.com\/www.sabra.org.br\/site\/wp-content\/uploads\/2021\/11\/x-curiosidades-sobre-o-patrimonio-cultural-de-minas-gerais-20210804144502.jpg.jpg?resize=1050%2C600&ssl=1 3x"},"classes":[]},{"id":4449,"url":"https:\/\/www.sabra.org.br\/site\/patrimonios-imateriais-mg\/","url_meta":{"origin":4315,"position":1},"title":"Patrim\u00f4nios imateriais de Minas Gerais","author":"M\u00e1rcio Miranda Pontes","date":"13 de dezembro de 2021","format":false,"excerpt":"Voc\u00ea sabia que h\u00e1 diversos patrim\u00f4nios imateriais em Minas Gerais? Preparamos um texto contando melhor sobre alguns desses patrim\u00f4nios para voc\u00ea conhecer melhor! Leia o texto com aten\u00e7\u00e3o para conhec\u00ea-los!","rel":"","context":"Em &quot;Blog SABRA&quot;","block_context":{"text":"Blog SABRA","link":"https:\/\/www.sabra.org.br\/site\/category\/blog-sabra\/"},"img":{"alt_text":"cultura-minas-imaterial-imateriais-folias-minas-gerais","src":"https:\/\/i0.wp.com\/www.sabra.org.br\/site\/wp-content\/uploads\/2021\/12\/x-patrimonios-imateriais-de-minas-gerais-20210804144502.jpg.jpg?resize=350%2C200&ssl=1","width":350,"height":200,"srcset":"https:\/\/i0.wp.com\/www.sabra.org.br\/site\/wp-content\/uploads\/2021\/12\/x-patrimonios-imateriais-de-minas-gerais-20210804144502.jpg.jpg?resize=350%2C200&ssl=1 1x, https:\/\/i0.wp.com\/www.sabra.org.br\/site\/wp-content\/uploads\/2021\/12\/x-patrimonios-imateriais-de-minas-gerais-20210804144502.jpg.jpg?resize=525%2C300&ssl=1 1.5x, https:\/\/i0.wp.com\/www.sabra.org.br\/site\/wp-content\/uploads\/2021\/12\/x-patrimonios-imateriais-de-minas-gerais-20210804144502.jpg.jpg?resize=700%2C400&ssl=1 2x, https:\/\/i0.wp.com\/www.sabra.org.br\/site\/wp-content\/uploads\/2021\/12\/x-patrimonios-imateriais-de-minas-gerais-20210804144502.jpg.jpg?resize=1050%2C600&ssl=1 3x"},"classes":[]},{"id":4669,"url":"https:\/\/www.sabra.org.br\/site\/imaterial\/","url_meta":{"origin":4315,"position":2},"title":"Manifesta\u00e7\u00f5es culturais consideradas patrim\u00f4nio imaterial do Brasil","author":"M\u00e1rcio Miranda Pontes","date":"11 de fevereiro de 2022","format":false,"excerpt":"Entenda o que \u00e9 patrim\u00f4nio imaterial e veja exemplos de manifesta\u00e7\u00f5es culturais de todo o Brasil, que representam a sua hist\u00f3ria, cultura, diversidade, modos de fazer e of\u00edcios passados de gera\u00e7\u00e3o para gera\u00e7\u00e3o.","rel":"","context":"Em &quot;Blog SABRA&quot;","block_context":{"text":"Blog SABRA","link":"https:\/\/www.sabra.org.br\/site\/category\/blog-sabra\/"},"img":{"alt_text":"manifestacoes-culturais-consideradas-patrimonio-imaterial-do-brasil","src":"https:\/\/i0.wp.com\/www.sabra.org.br\/site\/wp-content\/uploads\/2022\/02\/manifestacoes-culturais-consideradas-patrimonio-imaterial-do-brasil-20220208141739.jpg.jpg?resize=350%2C200&ssl=1","width":350,"height":200,"srcset":"https:\/\/i0.wp.com\/www.sabra.org.br\/site\/wp-content\/uploads\/2022\/02\/manifestacoes-culturais-consideradas-patrimonio-imaterial-do-brasil-20220208141739.jpg.jpg?resize=350%2C200&ssl=1 1x, https:\/\/i0.wp.com\/www.sabra.org.br\/site\/wp-content\/uploads\/2022\/02\/manifestacoes-culturais-consideradas-patrimonio-imaterial-do-brasil-20220208141739.jpg.jpg?resize=525%2C300&ssl=1 1.5x, https:\/\/i0.wp.com\/www.sabra.org.br\/site\/wp-content\/uploads\/2022\/02\/manifestacoes-culturais-consideradas-patrimonio-imaterial-do-brasil-20220208141739.jpg.jpg?resize=700%2C400&ssl=1 2x, https:\/\/i0.wp.com\/www.sabra.org.br\/site\/wp-content\/uploads\/2022\/02\/manifestacoes-culturais-consideradas-patrimonio-imaterial-do-brasil-20220208141739.jpg.jpg?resize=1050%2C600&ssl=1 3x"},"classes":[]},{"id":4128,"url":"https:\/\/www.sabra.org.br\/site\/patrimonio-cultural-2\/","url_meta":{"origin":4315,"position":3},"title":"Entenda o que \u00e9 patrim\u00f4nio cultural","author":"M\u00e1rcio Miranda Pontes","date":"24 de agosto de 2021","format":false,"excerpt":"Entenda o que \u00e9 patrim\u00f4nio cultural O Patrim\u00f4nio Cultural \u00e9 de extrema import\u00e2ncia para a sociedade. Entenda o que \u00e9, quais os tipos existentes, para que ele serve e qual a sua import\u00e2ncia para um povo e sua comunidade. Patroci\u0301nio m\u00e1ster: @institutounimedbh, viabilizado pelo incentivo de mais de 5,2 mil\u2026","rel":"","context":"Em &quot;Blog SABRA&quot;","block_context":{"text":"Blog SABRA","link":"https:\/\/www.sabra.org.br\/site\/category\/blog-sabra\/"},"img":{"alt_text":"patrim\u00f4nio-cultural","src":"https:\/\/i0.wp.com\/www.sabra.org.br\/site\/wp-content\/uploads\/2021\/08\/entenda-o-que-e-patrimonio-cultural-20210804144502.jpg.jpg?resize=350%2C200&ssl=1","width":350,"height":200,"srcset":"https:\/\/i0.wp.com\/www.sabra.org.br\/site\/wp-content\/uploads\/2021\/08\/entenda-o-que-e-patrimonio-cultural-20210804144502.jpg.jpg?resize=350%2C200&ssl=1 1x, https:\/\/i0.wp.com\/www.sabra.org.br\/site\/wp-content\/uploads\/2021\/08\/entenda-o-que-e-patrimonio-cultural-20210804144502.jpg.jpg?resize=525%2C300&ssl=1 1.5x, https:\/\/i0.wp.com\/www.sabra.org.br\/site\/wp-content\/uploads\/2021\/08\/entenda-o-que-e-patrimonio-cultural-20210804144502.jpg.jpg?resize=700%2C400&ssl=1 2x"},"classes":[]},{"id":4274,"url":"https:\/\/www.sabra.org.br\/site\/conheca-os-tipos-de-patrimonios-culturais-materiais-imateriais\/","url_meta":{"origin":4315,"position":4},"title":"Conhe\u00e7a os tipos de Patrim\u00f4nios Culturais","author":"M\u00e1rcio Miranda Pontes","date":"21 de outubro de 2021","format":false,"excerpt":"Conhe\u00e7a os tipos de Patrim\u00f4nios Culturais Voc\u00ea sabia que os patrim\u00f4nios culturais podem ser divididos em materiais e imateriais? No Brasil, existem v\u00e1rios deles. Se voc\u00ea deseja conhecer mais sobre e descobrir onde est\u00e3o localizados n\u00e3o deixe de conferir esse post.","rel":"","context":"Em &quot;Blog SABRA&quot;","block_context":{"text":"Blog SABRA","link":"https:\/\/www.sabra.org.br\/site\/category\/blog-sabra\/"},"img":{"alt_text":"materiais-imateriais-patrim\u00f4nio-hist\u00f3rico-cultural","src":"https:\/\/i0.wp.com\/www.sabra.org.br\/site\/wp-content\/uploads\/2021\/10\/conheca-os-tipos-de-patrimonios-culturais-20210902112425.jpg.jpg?resize=350%2C200&ssl=1","width":350,"height":200,"srcset":"https:\/\/i0.wp.com\/www.sabra.org.br\/site\/wp-content\/uploads\/2021\/10\/conheca-os-tipos-de-patrimonios-culturais-20210902112425.jpg.jpg?resize=350%2C200&ssl=1 1x, https:\/\/i0.wp.com\/www.sabra.org.br\/site\/wp-content\/uploads\/2021\/10\/conheca-os-tipos-de-patrimonios-culturais-20210902112425.jpg.jpg?resize=525%2C300&ssl=1 1.5x, https:\/\/i0.wp.com\/www.sabra.org.br\/site\/wp-content\/uploads\/2021\/10\/conheca-os-tipos-de-patrimonios-culturais-20210902112425.jpg.jpg?resize=700%2C400&ssl=1 2x"},"classes":[]},{"id":4425,"url":"https:\/\/www.sabra.org.br\/site\/turismo-mg\/","url_meta":{"origin":4315,"position":5},"title":"A import\u00e2ncia do patrim\u00f4nio cultural para o turismo de Minas Gerais","author":"M\u00e1rcio Miranda Pontes","date":"8 de dezembro de 2021","format":false,"excerpt":"J\u00e1 parou para mensurar que o patrim\u00f4nio cultural de Minas Gerais \u00e9 um dos grandes pilares para o desenvolvimento do turismo no estado? Entenda qual \u00e9 a sua rela\u00e7\u00e3o e a import\u00e2ncia de se investir nisso!","rel":"","context":"Em &quot;Blog SABRA&quot;","block_context":{"text":"Blog SABRA","link":"https:\/\/www.sabra.org.br\/site\/category\/blog-sabra\/"},"img":{"alt_text":"turismo-sociais-cultura-ouro-preto","src":"https:\/\/i0.wp.com\/www.sabra.org.br\/site\/wp-content\/uploads\/2021\/12\/a-importancia-do-patrimonio-cultural-para-o-turismo-de-minas-gerais-20210804144502.jpg.jpg?resize=350%2C200&ssl=1","width":350,"height":200,"srcset":"https:\/\/i0.wp.com\/www.sabra.org.br\/site\/wp-content\/uploads\/2021\/12\/a-importancia-do-patrimonio-cultural-para-o-turismo-de-minas-gerais-20210804144502.jpg.jpg?resize=350%2C200&ssl=1 1x, https:\/\/i0.wp.com\/www.sabra.org.br\/site\/wp-content\/uploads\/2021\/12\/a-importancia-do-patrimonio-cultural-para-o-turismo-de-minas-gerais-20210804144502.jpg.jpg?resize=525%2C300&ssl=1 1.5x, https:\/\/i0.wp.com\/www.sabra.org.br\/site\/wp-content\/uploads\/2021\/12\/a-importancia-do-patrimonio-cultural-para-o-turismo-de-minas-gerais-20210804144502.jpg.jpg?resize=700%2C400&ssl=1 2x, https:\/\/i0.wp.com\/www.sabra.org.br\/site\/wp-content\/uploads\/2021\/12\/a-importancia-do-patrimonio-cultural-para-o-turismo-de-minas-gerais-20210804144502.jpg.jpg?resize=1050%2C600&ssl=1 3x"},"classes":[]}],"jetpack_likes_enabled":true,"jetpack_sharing_enabled":true,"_links":{"self":[{"href":"https:\/\/www.sabra.org.br\/site\/wp-json\/wp\/v2\/posts\/4315","targetHints":{"allow":["GET"]}}],"collection":[{"href":"https:\/\/www.sabra.org.br\/site\/wp-json\/wp\/v2\/posts"}],"about":[{"href":"https:\/\/www.sabra.org.br\/site\/wp-json\/wp\/v2\/types\/post"}],"author":[{"embeddable":true,"href":"https:\/\/www.sabra.org.br\/site\/wp-json\/wp\/v2\/users\/39"}],"replies":[{"embeddable":true,"href":"https:\/\/www.sabra.org.br\/site\/wp-json\/wp\/v2\/comments?post=4315"}],"version-history":[{"count":0,"href":"https:\/\/www.sabra.org.br\/site\/wp-json\/wp\/v2\/posts\/4315\/revisions"}],"wp:featuredmedia":[{"embeddable":true,"href":"https:\/\/www.sabra.org.br\/site\/wp-json\/wp\/v2\/media\/4316"}],"wp:attachment":[{"href":"https:\/\/www.sabra.org.br\/site\/wp-json\/wp\/v2\/media?parent=4315"}],"wp:term":[{"taxonomy":"category","embeddable":true,"href":"https:\/\/www.sabra.org.br\/site\/wp-json\/wp\/v2\/categories?post=4315"},{"taxonomy":"post_tag","embeddable":true,"href":"https:\/\/www.sabra.org.br\/site\/wp-json\/wp\/v2\/tags?post=4315"}],"curies":[{"name":"wp","href":"https:\/\/api.w.org\/{rel}","templated":true}]}}