{"id":4439,"date":"2021-12-10T10:25:14","date_gmt":"2021-12-10T13:25:14","guid":{"rendered":"https:\/\/www.sabra.org.br\/site\/?p=4439"},"modified":"2021-12-10T10:25:14","modified_gmt":"2021-12-10T13:25:14","slug":"patrimonio-material-exemplos","status":"publish","type":"post","link":"https:\/\/www.sabra.org.br\/site\/patrimonio-material-exemplos\/","title":{"rendered":"Patrim\u00f4nio material: saiba o que \u00e9 e confira exemplos"},"content":{"rendered":"<p>[vc_row][vc_column][vc_column_text]Para compreender plenamente o significado do Patrim\u00f4nio Material, primeiramente, se mostra importante compreender o que representa o Patrim\u00f4nio Cultural. Isso acontece uma vez que os dois termos est\u00e3o diretamente ligados.<\/p>\n<p>Em linhas gerais, o Patrim\u00f4nio Cultural pode ser definido como uma reuni\u00e3o de todos os tipos de manifesta\u00e7\u00f5es de algo que fa\u00e7a parte da cultura de um determinado povo. Assim, ele pode ser dividido em duas categorias: material e imaterial.<\/p>\n<p>Esses dois conceitos t\u00eam liga\u00e7\u00e3o direta com a ideia de identidade cultural, que \u00e9 import\u00e2ncia para compreender melhor o Patrim\u00f4nio Material. Al\u00e9m disso, tamb\u00e9m \u00e9 importante compreender que a cultura est\u00e1 relacionada com v\u00e1rios aspectos distintos, indo da arte \u00e0s cren\u00e7as religiosas.<\/p>\n<p>Portanto, aspectos com h\u00e1bitos, moral, legisla\u00e7\u00e3o e tudo o que fa\u00e7a parte da rotina de uma determinada popula\u00e7\u00e3o pode ser definido enquanto cultura.<\/p>\n<p>A conviv\u00eancia em sociedade implica que todos que fazem parte de uma comunidade em espec\u00edfico naturalmente s\u00e3o consideradas como pessoas cultas, por causa de suas rela\u00e7\u00f5es com s fatores citados anteriormente.<\/p>\n<p>A defini\u00e7\u00e3o a respeito de Patrim\u00f4nio Material consta no Decreto-Lei n\u00b0 25\/1937, que destaca que estes s\u00e3o formados pelo conjunto de bens culturais, m\u00f3veis e im\u00f3veis, que existem no pa\u00eds e contam com uma conserva\u00e7\u00e3o feita por parte do interesse p\u00fablico.<\/p>\n<p>Assim, vale tamb\u00e9m pontuar que a sua vincula\u00e7\u00e3o est\u00e1 ligada a fatos memor\u00e1veis que fazem parte da hist\u00f3ria do Brasil por contar com um valor arqueol\u00f3gico ou etnogr\u00e1fico, bibliogr\u00e1fico ou art\u00edstico.<\/p>\n<p>Portanto, os Patrim\u00f4nios Materiais podem ser classificados de algumas formas diferenciadas, como bens m\u00f3veis ou im\u00f3veis, que contam com caracter\u00edsticas distintas.<\/p>\n<p>De encontro ao que foi destacado, \u00e9 poss\u00edvel compreender os bens m\u00f3veis como cole\u00e7\u00f5es arqueol\u00f3gicas e acervos, sejam eles museol\u00f3gicos, bibliogr\u00e1ficos, documentais, fotogr\u00e1ficos, videogr\u00e1ficos ou cinematogr\u00e1ficos. Todos se enquadram nessa mesma defini\u00e7\u00e3o.<\/p>\n<p>J\u00e1 os bens im\u00f3veis s\u00e3o considerados n\u00facleos urbanos, s\u00edtios arqueol\u00f3gicos e paisag\u00edsticos ou at\u00e9 mesmo bens individuais.<\/p>\n<p>Para entender um pouco mais claramente a respeito do Patrim\u00f4nio Material, \u00e9 poss\u00edvel exemplificar que ele se enquadra em um conceito mais simples, segundo o qual um bem considerado como um patrim\u00f4nio pode ser tocado.<\/p>\n<p>Logo, tipo de patrim\u00f4nio pode ser formado por manifesta\u00e7\u00f5es culturais materiais, assim como os espa\u00e7os naturais, por exemplo. A t\u00edtulo de ilustra\u00e7\u00e3o vale citar os habitats naturais e as forma\u00e7\u00f5es geol\u00f3gicas.<\/p>\n<p>No Brasil, existem diversos patrim\u00f4nios culturais materiais que est\u00e3o dispostos em cidades que possuem um grande valor para a sociedade e para a hist\u00f3ria.<\/p>\n<p>Essa defini\u00e7\u00e3o a respeito desses locais foi feita por meio da Unesco. Os que constam atualmente s\u00e3o Ouro Preto e Rio de Janeiro, centro hist\u00f3rico de Olinda, Diamantina e Salvador e o Plano piloto de Bras\u00edlia. Al\u00e9m disso, vale citar que alguns patrim\u00f4nios naturais s\u00e3o Parque Nacional do Igua\u00e7u, Parque Nacional Serra da Capivara e Mata Atl\u00e2ntica.<\/p>\n<p>Dessa forma, \u00e9 necess\u00e1rio que os \u00f3rg\u00e3os competentes avaliem esses locais e \u00e1reas para que seja constatada a import\u00e2ncia hist\u00f3rica e social e, ent\u00e3o, eles sejam considerados como Patrim\u00f4nio Material.<\/p>\n<p>Entender todos estes termos \u00e9 de grande import\u00e2ncia para obter uma defini\u00e7\u00e3o e separa\u00e7\u00e3o clara a respeito dos patrim\u00f4nios materiais e imateriais em um pa\u00eds cheio de riquezas e de locais a serem descobertos ainda nos dias atuais.<\/p>\n<blockquote class=\"wp-embedded-content\" data-secret=\"DPpAxc92nU\"><p><a href=\"https:\/\/www.sabra.org.br\/site\/patrimonio-material\/\">Desafios para preserva\u00e7\u00e3o do patrim\u00f4nio material<\/a><\/p><\/blockquote>\n<p><iframe class=\"wp-embedded-content\" sandbox=\"allow-scripts\" security=\"restricted\" style=\"position: absolute; clip: rect(1px, 1px, 1px, 1px);\" title=\"&#8220;Desafios para preserva\u00e7\u00e3o do patrim\u00f4nio material&#8221; &#8212; SABRA - Sociedade Art\u00edstica Brasileira\" src=\"https:\/\/www.sabra.org.br\/site\/patrimonio-material\/embed\/#?secret=DPpAxc92nU\" data-secret=\"DPpAxc92nU\" width=\"600\" height=\"338\" frameborder=\"0\" marginwidth=\"0\" marginheight=\"0\" scrolling=\"no\"><\/iframe><\/p>\n<hr \/>\n<h2>Se voc\u00ea gostou deste post:<\/h2>\n<p>&#8211; SIGA as nossas p\u00e1ginas nas redes sociais para acompanhar as nossas atualiza\u00e7\u00f5es: estamos no <a href=\"https:\/\/www.facebook.com\/sabrabrasil\" target=\"_blank\" rel=\"noopener\">Facebook<\/a>, no <a href=\"https:\/\/www.instagram.com\/sabrabrasil\/\" target=\"_blank\" rel=\"noopener\">Instagram<\/a>, no <a href=\"https:\/\/www.linkedin.com\/company\/25002088\" target=\"_blank\" rel=\"noopener\">LinkedIn<\/a>, no <a href=\"https:\/\/twitter.com\/ContatoSabra\" target=\"_blank\" rel=\"noopener\">Twitter<\/a> e no <a href=\"https:\/\/www.youtube.com\/channel\/UCJw-kbuEvzUNdeQf20Pa-eQ\" target=\"_blank\" rel=\"noopener\">YouTube<\/a>!<\/p>\n<p>&#8211; CONHE\u00c7A o trabalho da Sociedade Art\u00edstica Brasileira (SABRA) e todas as iniciativas culturais e sociais que ela mant\u00e9m. <a href=\"https:\/\/www.sabra.org.br\/site\/acoes\/\" target=\"_blank\" rel=\"noopener\">Acesse nosso site!<\/a><\/p>\n<p>&#8211; ENTRE EM CONTATO com a gente. E veja quais s\u00e3o as op\u00e7\u00f5es de ajuda na manuten\u00e7\u00e3o de nossas a\u00e7\u00f5es sociais e culturais. Basta acessar nossa p\u00e1gina <a href=\"https:\/\/www.sabra.org.br\/site\/doe-agora\/\" target=\"_blank\" rel=\"noopener\">Doe Agora!<\/a><\/p>\n<p>&#8211; COMPARTILHE este texto nas suas redes sociais e ajude os seus amigos a tamb\u00e9m dominarem o assunto!<\/p>\n<p>\u2013 Os projetos da @sabrabrasil s\u00e3o realizados com o patroci\u0301nio m\u00e1ster: @institutounimedbh, viabilizado pelo incentivo de mais de 5,2 mil m\u00e9dicos cooperados e colaboradores via Lei de Incentivo \u00e0 Cultura &#8211; @mturismo, @culturagovbr. Patroc\u00ednio prata: @vallourec e apoio: @prefeiturabetim[\/vc_column_text][\/vc_column][\/vc_row]<\/p>\n","protected":false},"excerpt":{"rendered":"<p>A defini\u00e7\u00e3o de Patrim\u00f4nio Material consta no Decreto-Lei n\u00b0 25\/1937, que destaca que estes s\u00e3o formados pelo conjunto de bens culturais, m\u00f3veis e im\u00f3veis, que existem no Brasil. Saiba mais a respeito disso.<\/p>\n","protected":false},"author":39,"featured_media":4440,"comment_status":"closed","ping_status":"closed","sticky":false,"template":"","format":"standard","meta":{"jetpack_post_was_ever_published":false,"_jetpack_newsletter_access":"","_jetpack_dont_email_post_to_subs":false,"_jetpack_newsletter_tier_id":0,"_jetpack_memberships_contains_paywalled_content":false,"_jetpack_memberships_contains_paid_content":false,"footnotes":""},"categories":[1],"tags":[15,3623,8,1285,16,3519,1286,11,3622,9],"class_list":["post-4439","post","type-post","status-publish","format-standard","has-post-thumbnail","hentry","category-blog-sabra","tag-assistencia-social","tag-campos-dos-goytacazes","tag-canto-coral","tag-escola-de-musica-sabra","tag-musicalizacao-infantil","tag-nova-lima-2","tag-orquestra-infanto-juvenil-de-betim","tag-orquestra-sinfonica-de-betim","tag-raposos","tag-sociedade-artistica-brasileira"],"yoast_head":"<!-- This site is optimized with the Yoast SEO plugin v27.5 - https:\/\/yoast.com\/product\/yoast-seo-wordpress\/ -->\n<title>Patrim\u00f4nio material: saiba o que \u00e9 e confira exemplos - SABRA - Sociedade Art\u00edstica Brasileira<\/title>\n<meta name=\"description\" content=\"A defini\u00e7\u00e3o de Patrim\u00f4nio Material consta no Decreto-Lei n\u00b0 25\/1937. \u00c9 formado pelo conjunto de bens culturais, m\u00f3veis e im\u00f3veis.\" \/>\n<meta name=\"robots\" content=\"index, follow, max-snippet:-1, max-image-preview:large, max-video-preview:-1\" \/>\n<link rel=\"canonical\" href=\"https:\/\/www.sabra.org.br\/site\/patrimonio-material-exemplos\/\" \/>\n<meta property=\"og:locale\" content=\"pt_BR\" \/>\n<meta property=\"og:type\" content=\"article\" \/>\n<meta property=\"og:title\" content=\"Patrim\u00f4nio material: saiba o que \u00e9 e confira exemplos - SABRA - Sociedade Art\u00edstica Brasileira\" \/>\n<meta property=\"og:description\" content=\"A defini\u00e7\u00e3o de Patrim\u00f4nio Material consta no Decreto-Lei n\u00b0 25\/1937. \u00c9 formado pelo conjunto de bens culturais, m\u00f3veis e im\u00f3veis.\" \/>\n<meta property=\"og:url\" content=\"https:\/\/www.sabra.org.br\/site\/patrimonio-material-exemplos\/\" \/>\n<meta property=\"og:site_name\" content=\"SABRA - Sociedade Art\u00edstica Brasileira\" \/>\n<meta property=\"article:publisher\" content=\"https:\/\/www.facebook.com\/sabrabrasil\" \/>\n<meta property=\"article:published_time\" content=\"2021-12-10T13:25:14+00:00\" \/>\n<meta property=\"og:image\" content=\"https:\/\/i0.wp.com\/www.sabra.org.br\/site\/wp-content\/uploads\/2021\/12\/patrimonio-material-saiba-o-que-e-e-confira-exemplos-20210804144502.jpg.jpg?fit=1280%2C853&ssl=1\" \/>\n\t<meta property=\"og:image:width\" content=\"1280\" \/>\n\t<meta property=\"og:image:height\" content=\"853\" \/>\n\t<meta property=\"og:image:type\" content=\"image\/jpeg\" \/>\n<meta name=\"author\" content=\"M\u00e1rcio Miranda Pontes\" \/>\n<meta name=\"twitter:card\" content=\"summary_large_image\" \/>\n<meta name=\"twitter:creator\" content=\"@ContatoSabra\" \/>\n<meta name=\"twitter:site\" content=\"@ContatoSabra\" \/>\n<meta name=\"twitter:label1\" content=\"Escrito por\" \/>\n\t<meta name=\"twitter:data1\" content=\"M\u00e1rcio Miranda Pontes\" \/>\n\t<meta name=\"twitter:label2\" content=\"Est. tempo de leitura\" \/>\n\t<meta name=\"twitter:data2\" content=\"3 minutos\" \/>\n<script type=\"application\/ld+json\" class=\"yoast-schema-graph\">{\"@context\":\"https:\\\/\\\/schema.org\",\"@graph\":[{\"@type\":\"Article\",\"@id\":\"https:\\\/\\\/www.sabra.org.br\\\/site\\\/patrimonio-material-exemplos\\\/#article\",\"isPartOf\":{\"@id\":\"https:\\\/\\\/www.sabra.org.br\\\/site\\\/patrimonio-material-exemplos\\\/\"},\"author\":{\"name\":\"M\u00e1rcio Miranda Pontes\",\"@id\":\"https:\\\/\\\/www.sabra.org.br\\\/site\\\/#\\\/schema\\\/person\\\/7d1d222c3c8891d4c37c7b41bf6315c2\"},\"headline\":\"Patrim\u00f4nio material: saiba o que \u00e9 e confira exemplos\",\"datePublished\":\"2021-12-10T13:25:14+00:00\",\"mainEntityOfPage\":{\"@id\":\"https:\\\/\\\/www.sabra.org.br\\\/site\\\/patrimonio-material-exemplos\\\/\"},\"wordCount\":789,\"publisher\":{\"@id\":\"https:\\\/\\\/www.sabra.org.br\\\/site\\\/#organization\"},\"image\":{\"@id\":\"https:\\\/\\\/www.sabra.org.br\\\/site\\\/patrimonio-material-exemplos\\\/#primaryimage\"},\"thumbnailUrl\":\"https:\\\/\\\/www.sabra.org.br\\\/site\\\/wp-content\\\/uploads\\\/2021\\\/12\\\/patrimonio-material-saiba-o-que-e-e-confira-exemplos-20210804144502.jpg.jpg\",\"keywords\":[\"Assist\u00eancia social\",\"Campos dos Goytacazes\",\"Canto Coral\",\"Escola de Musica SABRA\",\"Musicaliza\u00e7\u00e3o Infantil\",\"nova lima\",\"Orquestra Infanto Juvenil de Betim\",\"Orquestra Sinf\u00f4nica de Betim\",\"Raposos\",\"Sociedade Art\u00edstica Brasileira\"],\"articleSection\":[\"Blog SABRA\"],\"inLanguage\":\"pt-BR\"},{\"@type\":\"WebPage\",\"@id\":\"https:\\\/\\\/www.sabra.org.br\\\/site\\\/patrimonio-material-exemplos\\\/\",\"url\":\"https:\\\/\\\/www.sabra.org.br\\\/site\\\/patrimonio-material-exemplos\\\/\",\"name\":\"Patrim\u00f4nio material: saiba o que \u00e9 e confira exemplos - SABRA - Sociedade Art\u00edstica Brasileira\",\"isPartOf\":{\"@id\":\"https:\\\/\\\/www.sabra.org.br\\\/site\\\/#website\"},\"primaryImageOfPage\":{\"@id\":\"https:\\\/\\\/www.sabra.org.br\\\/site\\\/patrimonio-material-exemplos\\\/#primaryimage\"},\"image\":{\"@id\":\"https:\\\/\\\/www.sabra.org.br\\\/site\\\/patrimonio-material-exemplos\\\/#primaryimage\"},\"thumbnailUrl\":\"https:\\\/\\\/www.sabra.org.br\\\/site\\\/wp-content\\\/uploads\\\/2021\\\/12\\\/patrimonio-material-saiba-o-que-e-e-confira-exemplos-20210804144502.jpg.jpg\",\"datePublished\":\"2021-12-10T13:25:14+00:00\",\"description\":\"A defini\u00e7\u00e3o de Patrim\u00f4nio Material consta no Decreto-Lei n\u00b0 25\\\/1937. \u00c9 formado pelo conjunto de bens culturais, m\u00f3veis e im\u00f3veis.\",\"breadcrumb\":{\"@id\":\"https:\\\/\\\/www.sabra.org.br\\\/site\\\/patrimonio-material-exemplos\\\/#breadcrumb\"},\"inLanguage\":\"pt-BR\",\"potentialAction\":[{\"@type\":\"ReadAction\",\"target\":[\"https:\\\/\\\/www.sabra.org.br\\\/site\\\/patrimonio-material-exemplos\\\/\"]}]},{\"@type\":\"ImageObject\",\"inLanguage\":\"pt-BR\",\"@id\":\"https:\\\/\\\/www.sabra.org.br\\\/site\\\/patrimonio-material-exemplos\\\/#primaryimage\",\"url\":\"https:\\\/\\\/www.sabra.org.br\\\/site\\\/wp-content\\\/uploads\\\/2021\\\/12\\\/patrimonio-material-saiba-o-que-e-e-confira-exemplos-20210804144502.jpg.jpg\",\"contentUrl\":\"https:\\\/\\\/www.sabra.org.br\\\/site\\\/wp-content\\\/uploads\\\/2021\\\/12\\\/patrimonio-material-saiba-o-que-e-e-confira-exemplos-20210804144502.jpg.jpg\",\"width\":1280,\"height\":853,\"caption\":\"Sociedade Art\u00edstica Brasileira SABRA\"},{\"@type\":\"BreadcrumbList\",\"@id\":\"https:\\\/\\\/www.sabra.org.br\\\/site\\\/patrimonio-material-exemplos\\\/#breadcrumb\",\"itemListElement\":[{\"@type\":\"ListItem\",\"position\":1,\"name\":\"In\u00edcio\",\"item\":\"https:\\\/\\\/www.sabra.org.br\\\/site\\\/\"},{\"@type\":\"ListItem\",\"position\":2,\"name\":\"Patrim\u00f4nio material: saiba o que \u00e9 e confira exemplos\"}]},{\"@type\":\"WebSite\",\"@id\":\"https:\\\/\\\/www.sabra.org.br\\\/site\\\/#website\",\"url\":\"https:\\\/\\\/www.sabra.org.br\\\/site\\\/\",\"name\":\"SABRA - Sociedade Art\u00edstica Brasileira\",\"description\":\"Escola de M\u00fasica, Orquestra Sinf\u00f4nica, Coral e Patrim\u00f4nio Cultural e Hist\u00f3rico\",\"publisher\":{\"@id\":\"https:\\\/\\\/www.sabra.org.br\\\/site\\\/#organization\"},\"potentialAction\":[{\"@type\":\"SearchAction\",\"target\":{\"@type\":\"EntryPoint\",\"urlTemplate\":\"https:\\\/\\\/www.sabra.org.br\\\/site\\\/?s={search_term_string}\"},\"query-input\":{\"@type\":\"PropertyValueSpecification\",\"valueRequired\":true,\"valueName\":\"search_term_string\"}}],\"inLanguage\":\"pt-BR\"},{\"@type\":\"Organization\",\"@id\":\"https:\\\/\\\/www.sabra.org.br\\\/site\\\/#organization\",\"name\":\"SOCIEDADE ART\u00cdSTICA BRASILEIRA SABRA\",\"alternateName\":\"SABRA\",\"url\":\"https:\\\/\\\/www.sabra.org.br\\\/site\\\/\",\"logo\":{\"@type\":\"ImageObject\",\"inLanguage\":\"pt-BR\",\"@id\":\"https:\\\/\\\/www.sabra.org.br\\\/site\\\/#\\\/schema\\\/logo\\\/image\\\/\",\"url\":\"https:\\\/\\\/www.sabra.org.br\\\/site\\\/wp-content\\\/uploads\\\/2019\\\/06\\\/cropped-Logo_SABRA-Copia-1.webp\",\"contentUrl\":\"https:\\\/\\\/www.sabra.org.br\\\/site\\\/wp-content\\\/uploads\\\/2019\\\/06\\\/cropped-Logo_SABRA-Copia-1.webp\",\"width\":400,\"height\":128,\"caption\":\"SOCIEDADE ART\u00cdSTICA BRASILEIRA SABRA\"},\"image\":{\"@id\":\"https:\\\/\\\/www.sabra.org.br\\\/site\\\/#\\\/schema\\\/logo\\\/image\\\/\"},\"sameAs\":[\"https:\\\/\\\/www.facebook.com\\\/sabrabrasil\",\"https:\\\/\\\/x.com\\\/ContatoSabra\",\"https:\\\/\\\/www.instagram.com\\\/sabrabrasil\\\/\",\"https:\\\/\\\/www.linkedin.com\\\/company\\\/25002088\\\/\",\"https:\\\/\\\/br.pinterest.com\\\/sociedadeartisticabrasileira\\\/\",\"https:\\\/\\\/www.youtube.com\\\/c\\\/sabrabrasil\"]},{\"@type\":\"Person\",\"@id\":\"https:\\\/\\\/www.sabra.org.br\\\/site\\\/#\\\/schema\\\/person\\\/7d1d222c3c8891d4c37c7b41bf6315c2\",\"name\":\"M\u00e1rcio Miranda Pontes\",\"image\":{\"@type\":\"ImageObject\",\"inLanguage\":\"pt-BR\",\"@id\":\"https:\\\/\\\/secure.gravatar.com\\\/avatar\\\/3b45f24496a7625a3a6c436688fbe20344faaeb2979658dc4a9921f984d7df9a?s=96&d=mm&r=g\",\"url\":\"https:\\\/\\\/secure.gravatar.com\\\/avatar\\\/3b45f24496a7625a3a6c436688fbe20344faaeb2979658dc4a9921f984d7df9a?s=96&d=mm&r=g\",\"contentUrl\":\"https:\\\/\\\/secure.gravatar.com\\\/avatar\\\/3b45f24496a7625a3a6c436688fbe20344faaeb2979658dc4a9921f984d7df9a?s=96&d=mm&r=g\",\"caption\":\"M\u00e1rcio Miranda Pontes\"},\"sameAs\":[\"http:\\\/\\\/www.sabra.org.br\"],\"url\":\"https:\\\/\\\/www.sabra.org.br\\\/site\\\/author\\\/marcio-miranda-pontes\\\/\"}]}<\/script>\n<!-- \/ Yoast SEO plugin. -->","yoast_head_json":{"title":"Patrim\u00f4nio material: saiba o que \u00e9 e confira exemplos - SABRA - Sociedade Art\u00edstica Brasileira","description":"A defini\u00e7\u00e3o de Patrim\u00f4nio Material consta no Decreto-Lei n\u00b0 25\/1937. \u00c9 formado pelo conjunto de bens culturais, m\u00f3veis e im\u00f3veis.","robots":{"index":"index","follow":"follow","max-snippet":"max-snippet:-1","max-image-preview":"max-image-preview:large","max-video-preview":"max-video-preview:-1"},"canonical":"https:\/\/www.sabra.org.br\/site\/patrimonio-material-exemplos\/","og_locale":"pt_BR","og_type":"article","og_title":"Patrim\u00f4nio material: saiba o que \u00e9 e confira exemplos - SABRA - Sociedade Art\u00edstica Brasileira","og_description":"A defini\u00e7\u00e3o de Patrim\u00f4nio Material consta no Decreto-Lei n\u00b0 25\/1937. \u00c9 formado pelo conjunto de bens culturais, m\u00f3veis e im\u00f3veis.","og_url":"https:\/\/www.sabra.org.br\/site\/patrimonio-material-exemplos\/","og_site_name":"SABRA - Sociedade Art\u00edstica Brasileira","article_publisher":"https:\/\/www.facebook.com\/sabrabrasil","article_published_time":"2021-12-10T13:25:14+00:00","og_image":[{"width":1280,"height":853,"url":"https:\/\/i0.wp.com\/www.sabra.org.br\/site\/wp-content\/uploads\/2021\/12\/patrimonio-material-saiba-o-que-e-e-confira-exemplos-20210804144502.jpg.jpg?fit=1280%2C853&ssl=1","type":"image\/jpeg"}],"author":"M\u00e1rcio Miranda Pontes","twitter_card":"summary_large_image","twitter_creator":"@ContatoSabra","twitter_site":"@ContatoSabra","twitter_misc":{"Escrito por":"M\u00e1rcio Miranda Pontes","Est. tempo de leitura":"3 minutos"},"schema":{"@context":"https:\/\/schema.org","@graph":[{"@type":"Article","@id":"https:\/\/www.sabra.org.br\/site\/patrimonio-material-exemplos\/#article","isPartOf":{"@id":"https:\/\/www.sabra.org.br\/site\/patrimonio-material-exemplos\/"},"author":{"name":"M\u00e1rcio Miranda Pontes","@id":"https:\/\/www.sabra.org.br\/site\/#\/schema\/person\/7d1d222c3c8891d4c37c7b41bf6315c2"},"headline":"Patrim\u00f4nio material: saiba o que \u00e9 e confira exemplos","datePublished":"2021-12-10T13:25:14+00:00","mainEntityOfPage":{"@id":"https:\/\/www.sabra.org.br\/site\/patrimonio-material-exemplos\/"},"wordCount":789,"publisher":{"@id":"https:\/\/www.sabra.org.br\/site\/#organization"},"image":{"@id":"https:\/\/www.sabra.org.br\/site\/patrimonio-material-exemplos\/#primaryimage"},"thumbnailUrl":"https:\/\/www.sabra.org.br\/site\/wp-content\/uploads\/2021\/12\/patrimonio-material-saiba-o-que-e-e-confira-exemplos-20210804144502.jpg.jpg","keywords":["Assist\u00eancia social","Campos dos Goytacazes","Canto Coral","Escola de Musica SABRA","Musicaliza\u00e7\u00e3o Infantil","nova lima","Orquestra Infanto Juvenil de Betim","Orquestra Sinf\u00f4nica de Betim","Raposos","Sociedade Art\u00edstica Brasileira"],"articleSection":["Blog SABRA"],"inLanguage":"pt-BR"},{"@type":"WebPage","@id":"https:\/\/www.sabra.org.br\/site\/patrimonio-material-exemplos\/","url":"https:\/\/www.sabra.org.br\/site\/patrimonio-material-exemplos\/","name":"Patrim\u00f4nio material: saiba o que \u00e9 e confira exemplos - SABRA - Sociedade Art\u00edstica Brasileira","isPartOf":{"@id":"https:\/\/www.sabra.org.br\/site\/#website"},"primaryImageOfPage":{"@id":"https:\/\/www.sabra.org.br\/site\/patrimonio-material-exemplos\/#primaryimage"},"image":{"@id":"https:\/\/www.sabra.org.br\/site\/patrimonio-material-exemplos\/#primaryimage"},"thumbnailUrl":"https:\/\/www.sabra.org.br\/site\/wp-content\/uploads\/2021\/12\/patrimonio-material-saiba-o-que-e-e-confira-exemplos-20210804144502.jpg.jpg","datePublished":"2021-12-10T13:25:14+00:00","description":"A defini\u00e7\u00e3o de Patrim\u00f4nio Material consta no Decreto-Lei n\u00b0 25\/1937. \u00c9 formado pelo conjunto de bens culturais, m\u00f3veis e im\u00f3veis.","breadcrumb":{"@id":"https:\/\/www.sabra.org.br\/site\/patrimonio-material-exemplos\/#breadcrumb"},"inLanguage":"pt-BR","potentialAction":[{"@type":"ReadAction","target":["https:\/\/www.sabra.org.br\/site\/patrimonio-material-exemplos\/"]}]},{"@type":"ImageObject","inLanguage":"pt-BR","@id":"https:\/\/www.sabra.org.br\/site\/patrimonio-material-exemplos\/#primaryimage","url":"https:\/\/www.sabra.org.br\/site\/wp-content\/uploads\/2021\/12\/patrimonio-material-saiba-o-que-e-e-confira-exemplos-20210804144502.jpg.jpg","contentUrl":"https:\/\/www.sabra.org.br\/site\/wp-content\/uploads\/2021\/12\/patrimonio-material-saiba-o-que-e-e-confira-exemplos-20210804144502.jpg.jpg","width":1280,"height":853,"caption":"Sociedade Art\u00edstica Brasileira SABRA"},{"@type":"BreadcrumbList","@id":"https:\/\/www.sabra.org.br\/site\/patrimonio-material-exemplos\/#breadcrumb","itemListElement":[{"@type":"ListItem","position":1,"name":"In\u00edcio","item":"https:\/\/www.sabra.org.br\/site\/"},{"@type":"ListItem","position":2,"name":"Patrim\u00f4nio material: saiba o que \u00e9 e confira exemplos"}]},{"@type":"WebSite","@id":"https:\/\/www.sabra.org.br\/site\/#website","url":"https:\/\/www.sabra.org.br\/site\/","name":"SABRA - Sociedade Art\u00edstica Brasileira","description":"Escola de M\u00fasica, Orquestra Sinf\u00f4nica, Coral e Patrim\u00f4nio Cultural e Hist\u00f3rico","publisher":{"@id":"https:\/\/www.sabra.org.br\/site\/#organization"},"potentialAction":[{"@type":"SearchAction","target":{"@type":"EntryPoint","urlTemplate":"https:\/\/www.sabra.org.br\/site\/?s={search_term_string}"},"query-input":{"@type":"PropertyValueSpecification","valueRequired":true,"valueName":"search_term_string"}}],"inLanguage":"pt-BR"},{"@type":"Organization","@id":"https:\/\/www.sabra.org.br\/site\/#organization","name":"SOCIEDADE ART\u00cdSTICA BRASILEIRA SABRA","alternateName":"SABRA","url":"https:\/\/www.sabra.org.br\/site\/","logo":{"@type":"ImageObject","inLanguage":"pt-BR","@id":"https:\/\/www.sabra.org.br\/site\/#\/schema\/logo\/image\/","url":"https:\/\/www.sabra.org.br\/site\/wp-content\/uploads\/2019\/06\/cropped-Logo_SABRA-Copia-1.webp","contentUrl":"https:\/\/www.sabra.org.br\/site\/wp-content\/uploads\/2019\/06\/cropped-Logo_SABRA-Copia-1.webp","width":400,"height":128,"caption":"SOCIEDADE ART\u00cdSTICA BRASILEIRA SABRA"},"image":{"@id":"https:\/\/www.sabra.org.br\/site\/#\/schema\/logo\/image\/"},"sameAs":["https:\/\/www.facebook.com\/sabrabrasil","https:\/\/x.com\/ContatoSabra","https:\/\/www.instagram.com\/sabrabrasil\/","https:\/\/www.linkedin.com\/company\/25002088\/","https:\/\/br.pinterest.com\/sociedadeartisticabrasileira\/","https:\/\/www.youtube.com\/c\/sabrabrasil"]},{"@type":"Person","@id":"https:\/\/www.sabra.org.br\/site\/#\/schema\/person\/7d1d222c3c8891d4c37c7b41bf6315c2","name":"M\u00e1rcio Miranda Pontes","image":{"@type":"ImageObject","inLanguage":"pt-BR","@id":"https:\/\/secure.gravatar.com\/avatar\/3b45f24496a7625a3a6c436688fbe20344faaeb2979658dc4a9921f984d7df9a?s=96&d=mm&r=g","url":"https:\/\/secure.gravatar.com\/avatar\/3b45f24496a7625a3a6c436688fbe20344faaeb2979658dc4a9921f984d7df9a?s=96&d=mm&r=g","contentUrl":"https:\/\/secure.gravatar.com\/avatar\/3b45f24496a7625a3a6c436688fbe20344faaeb2979658dc4a9921f984d7df9a?s=96&d=mm&r=g","caption":"M\u00e1rcio Miranda Pontes"},"sameAs":["http:\/\/www.sabra.org.br"],"url":"https:\/\/www.sabra.org.br\/site\/author\/marcio-miranda-pontes\/"}]}},"jetpack_featured_media_url":"https:\/\/www.sabra.org.br\/site\/wp-content\/uploads\/2021\/12\/patrimonio-material-saiba-o-que-e-e-confira-exemplos-20210804144502.jpg.jpg","jetpack_shortlink":"https:\/\/wp.me\/p95j2Z-19B","jetpack-related-posts":[{"id":4128,"url":"https:\/\/www.sabra.org.br\/site\/patrimonio-cultural-2\/","url_meta":{"origin":4439,"position":0},"title":"Entenda o que \u00e9 patrim\u00f4nio cultural","author":"M\u00e1rcio Miranda Pontes","date":"24 de agosto de 2021","format":false,"excerpt":"Entenda o que \u00e9 patrim\u00f4nio cultural O Patrim\u00f4nio Cultural \u00e9 de extrema import\u00e2ncia para a sociedade. Entenda o que \u00e9, quais os tipos existentes, para que ele serve e qual a sua import\u00e2ncia para um povo e sua comunidade. Patroci\u0301nio m\u00e1ster: @institutounimedbh, viabilizado pelo incentivo de mais de 5,2 mil\u2026","rel":"","context":"Em &quot;Blog SABRA&quot;","block_context":{"text":"Blog SABRA","link":"https:\/\/www.sabra.org.br\/site\/category\/blog-sabra\/"},"img":{"alt_text":"patrim\u00f4nio-cultural","src":"https:\/\/i0.wp.com\/www.sabra.org.br\/site\/wp-content\/uploads\/2021\/08\/entenda-o-que-e-patrimonio-cultural-20210804144502.jpg.jpg?resize=350%2C200&ssl=1","width":350,"height":200,"srcset":"https:\/\/i0.wp.com\/www.sabra.org.br\/site\/wp-content\/uploads\/2021\/08\/entenda-o-que-e-patrimonio-cultural-20210804144502.jpg.jpg?resize=350%2C200&ssl=1 1x, https:\/\/i0.wp.com\/www.sabra.org.br\/site\/wp-content\/uploads\/2021\/08\/entenda-o-que-e-patrimonio-cultural-20210804144502.jpg.jpg?resize=525%2C300&ssl=1 1.5x, https:\/\/i0.wp.com\/www.sabra.org.br\/site\/wp-content\/uploads\/2021\/08\/entenda-o-que-e-patrimonio-cultural-20210804144502.jpg.jpg?resize=700%2C400&ssl=1 2x"},"classes":[]},{"id":4305,"url":"https:\/\/www.sabra.org.br\/site\/patrimonio-cultural-3\/","url_meta":{"origin":4439,"position":1},"title":"O valor do patrim\u00f4nio cultural para mem\u00f3ria e identidade do povo","author":"M\u00e1rcio Miranda Pontes","date":"1 de novembro de 2021","format":false,"excerpt":"O valor do patrim\u00f4nio cultural para mem\u00f3ria e identidade do povo Um povo se mant\u00e9m vivo ao longo dos s\u00e9culos, quando suas mem\u00f3rias e ra\u00edzes s\u00e3o preservadas. Para que isso aconte\u00e7a, seu patrim\u00f4nio cultural possui valor inestim\u00e1vel, e deve ser visto como tal. Entenda mais sobre o assunto no artigo.","rel":"","context":"Em &quot;Blog SABRA&quot;","block_context":{"text":"Blog SABRA","link":"https:\/\/www.sabra.org.br\/site\/category\/blog-sabra\/"},"img":{"alt_text":"hist\u00f3ria-patrim\u00f4nio-cultural","src":"https:\/\/i0.wp.com\/www.sabra.org.br\/site\/wp-content\/uploads\/2021\/11\/o-valor-do-patrimonio-cultural-para-memoria-e-identidade-do-povo-20210902112425.jpg.jpg?resize=350%2C200&ssl=1","width":350,"height":200,"srcset":"https:\/\/i0.wp.com\/www.sabra.org.br\/site\/wp-content\/uploads\/2021\/11\/o-valor-do-patrimonio-cultural-para-memoria-e-identidade-do-povo-20210902112425.jpg.jpg?resize=350%2C200&ssl=1 1x, https:\/\/i0.wp.com\/www.sabra.org.br\/site\/wp-content\/uploads\/2021\/11\/o-valor-do-patrimonio-cultural-para-memoria-e-identidade-do-povo-20210902112425.jpg.jpg?resize=525%2C300&ssl=1 1.5x, https:\/\/i0.wp.com\/www.sabra.org.br\/site\/wp-content\/uploads\/2021\/11\/o-valor-do-patrimonio-cultural-para-memoria-e-identidade-do-povo-20210902112425.jpg.jpg?resize=700%2C400&ssl=1 2x"},"classes":[]},{"id":1725,"url":"https:\/\/www.sabra.org.br\/site\/o-que-e-patrimonio-cultural\/","url_meta":{"origin":4439,"position":2},"title":"O QUE \u00c9 PATRIM\u00d4NIO CULTURAL?","author":"M\u00e1rcio Miranda Pontes","date":"10 de fevereiro de 2019","format":false,"excerpt":"Cultura \u00e9 um dos principais fatores que podem mudar a sociedade. Independente de qual seja a sua forma de express\u00e3o, toda pessoa pode ter acesso a esses meios. Assim, pode evoluir como pessoa e como ser humano. Nisso, o Patrim\u00f4nio Cultural \u00e9 muito importante. O que \u00e9 Patrim\u00f4nio Cultural? Segundo\u2026","rel":"","context":"Em &quot;Blog SABRA&quot;","block_context":{"text":"Blog SABRA","link":"https:\/\/www.sabra.org.br\/site\/category\/blog-sabra\/"},"img":{"alt_text":"Patrim\u00f4nio Cultural","src":"https:\/\/i0.wp.com\/www.sabra.org.br\/site\/wp-content\/uploads\/2019\/02\/o-que-e-patrimonio-cultural-20180918131645.jpg.jpg?resize=350%2C200&ssl=1","width":350,"height":200,"srcset":"https:\/\/i0.wp.com\/www.sabra.org.br\/site\/wp-content\/uploads\/2019\/02\/o-que-e-patrimonio-cultural-20180918131645.jpg.jpg?resize=350%2C200&ssl=1 1x, https:\/\/i0.wp.com\/www.sabra.org.br\/site\/wp-content\/uploads\/2019\/02\/o-que-e-patrimonio-cultural-20180918131645.jpg.jpg?resize=525%2C300&ssl=1 1.5x, https:\/\/i0.wp.com\/www.sabra.org.br\/site\/wp-content\/uploads\/2019\/02\/o-que-e-patrimonio-cultural-20180918131645.jpg.jpg?resize=700%2C400&ssl=1 2x"},"classes":[]},{"id":4445,"url":"https:\/\/www.sabra.org.br\/site\/patrimonio-imaterial-2\/","url_meta":{"origin":4439,"position":3},"title":"Afinal, o que \u00e9 patrim\u00f4nio imaterial?","author":"M\u00e1rcio Miranda Pontes","date":"11 de dezembro de 2021","format":false,"excerpt":"Bens culturais compartilhados e vividos por uma coletividade em particular formam o patrim\u00f4nio cultural de uma sociedade, construindo a hist\u00f3ria e a identidade de um povo. Conhe\u00e7a um pouco mais sobre o patrim\u00f4nio imaterial.","rel":"","context":"Em &quot;Blog SABRA&quot;","block_context":{"text":"Blog SABRA","link":"https:\/\/www.sabra.org.br\/site\/category\/blog-sabra\/"},"img":{"alt_text":"parimonio-imaterial-cultura-cultural-bens","src":"https:\/\/i0.wp.com\/www.sabra.org.br\/site\/wp-content\/uploads\/2021\/12\/afinal-o-que-e-patrimonio-imaterial-20210804144502.jpg.jpg?resize=350%2C200&ssl=1","width":350,"height":200,"srcset":"https:\/\/i0.wp.com\/www.sabra.org.br\/site\/wp-content\/uploads\/2021\/12\/afinal-o-que-e-patrimonio-imaterial-20210804144502.jpg.jpg?resize=350%2C200&ssl=1 1x, https:\/\/i0.wp.com\/www.sabra.org.br\/site\/wp-content\/uploads\/2021\/12\/afinal-o-que-e-patrimonio-imaterial-20210804144502.jpg.jpg?resize=525%2C300&ssl=1 1.5x, https:\/\/i0.wp.com\/www.sabra.org.br\/site\/wp-content\/uploads\/2021\/12\/afinal-o-que-e-patrimonio-imaterial-20210804144502.jpg.jpg?resize=700%2C400&ssl=1 2x, https:\/\/i0.wp.com\/www.sabra.org.br\/site\/wp-content\/uploads\/2021\/12\/afinal-o-que-e-patrimonio-imaterial-20210804144502.jpg.jpg?resize=1050%2C600&ssl=1 3x"},"classes":[]},{"id":4364,"url":"https:\/\/www.sabra.org.br\/site\/sitios-arqueologicos\/","url_meta":{"origin":4439,"position":4},"title":"A import\u00e2ncia dos s\u00edtios arqueol\u00f3gicos","author":"M\u00e1rcio Miranda Pontes","date":"30 de novembro de 2021","format":false,"excerpt":"Os s\u00edtios arqueol\u00f3gicos s\u00e3o locais nos quais anteriormente foram encontrados vest\u00edgios de ocupa\u00e7\u00e3o humana, de forma que se tornam importantes para a maior compreens\u00e3o da hist\u00f3ria de uma determinada regi\u00e3o.","rel":"","context":"Em &quot;Blog SABRA&quot;","block_context":{"text":"Blog SABRA","link":"https:\/\/www.sabra.org.br\/site\/category\/blog-sabra\/"},"img":{"alt_text":"s\u00edtios-arqueol\u00f3gicos-locais-vest\u00edgios-humana","src":"https:\/\/i0.wp.com\/www.sabra.org.br\/site\/wp-content\/uploads\/2021\/11\/a-importancia-dos-sitios-arqueologicos-20210804144502.jpg.jpg?resize=350%2C200&ssl=1","width":350,"height":200,"srcset":"https:\/\/i0.wp.com\/www.sabra.org.br\/site\/wp-content\/uploads\/2021\/11\/a-importancia-dos-sitios-arqueologicos-20210804144502.jpg.jpg?resize=350%2C200&ssl=1 1x, https:\/\/i0.wp.com\/www.sabra.org.br\/site\/wp-content\/uploads\/2021\/11\/a-importancia-dos-sitios-arqueologicos-20210804144502.jpg.jpg?resize=525%2C300&ssl=1 1.5x, https:\/\/i0.wp.com\/www.sabra.org.br\/site\/wp-content\/uploads\/2021\/11\/a-importancia-dos-sitios-arqueologicos-20210804144502.jpg.jpg?resize=700%2C400&ssl=1 2x, https:\/\/i0.wp.com\/www.sabra.org.br\/site\/wp-content\/uploads\/2021\/11\/a-importancia-dos-sitios-arqueologicos-20210804144502.jpg.jpg?resize=1050%2C600&ssl=1 3x"},"classes":[]},{"id":4344,"url":"https:\/\/www.sabra.org.br\/site\/patrimonio-material-imaterial\/","url_meta":{"origin":4439,"position":5},"title":"Patrim\u00f4nio cultural material e imaterial: entenda as diferen\u00e7as","author":"M\u00e1rcio Miranda Pontes","date":"19 de novembro de 2021","format":false,"excerpt":"O Brasil \u00e9 um pa\u00eds com um vasto Patrim\u00f4nio Cultural. Seus costumes, constru\u00e7\u00f5es e objetos art\u00edsticos t\u00eam um imensur\u00e1vel valor cultural material e imaterial. Neste texto, voc\u00ea vai conhecer um poucos mais sobre eles.","rel":"","context":"Em &quot;Blog SABRA&quot;","block_context":{"text":"Blog SABRA","link":"https:\/\/www.sabra.org.br\/site\/category\/blog-sabra\/"},"img":{"alt_text":"historia-bens-culturais-patrimonio-cultural-iphan-povo","src":"https:\/\/i0.wp.com\/www.sabra.org.br\/site\/wp-content\/uploads\/2021\/11\/patrimonio-cultural-material-e-imaterial-entenda-as-diferencas-20210804144502.jpg.jpg?resize=350%2C200&ssl=1","width":350,"height":200,"srcset":"https:\/\/i0.wp.com\/www.sabra.org.br\/site\/wp-content\/uploads\/2021\/11\/patrimonio-cultural-material-e-imaterial-entenda-as-diferencas-20210804144502.jpg.jpg?resize=350%2C200&ssl=1 1x, https:\/\/i0.wp.com\/www.sabra.org.br\/site\/wp-content\/uploads\/2021\/11\/patrimonio-cultural-material-e-imaterial-entenda-as-diferencas-20210804144502.jpg.jpg?resize=525%2C300&ssl=1 1.5x, https:\/\/i0.wp.com\/www.sabra.org.br\/site\/wp-content\/uploads\/2021\/11\/patrimonio-cultural-material-e-imaterial-entenda-as-diferencas-20210804144502.jpg.jpg?resize=700%2C400&ssl=1 2x, https:\/\/i0.wp.com\/www.sabra.org.br\/site\/wp-content\/uploads\/2021\/11\/patrimonio-cultural-material-e-imaterial-entenda-as-diferencas-20210804144502.jpg.jpg?resize=1050%2C600&ssl=1 3x, https:\/\/i0.wp.com\/www.sabra.org.br\/site\/wp-content\/uploads\/2021\/11\/patrimonio-cultural-material-e-imaterial-entenda-as-diferencas-20210804144502.jpg.jpg?resize=1400%2C800&ssl=1 4x"},"classes":[]}],"jetpack_likes_enabled":true,"jetpack_sharing_enabled":true,"_links":{"self":[{"href":"https:\/\/www.sabra.org.br\/site\/wp-json\/wp\/v2\/posts\/4439","targetHints":{"allow":["GET"]}}],"collection":[{"href":"https:\/\/www.sabra.org.br\/site\/wp-json\/wp\/v2\/posts"}],"about":[{"href":"https:\/\/www.sabra.org.br\/site\/wp-json\/wp\/v2\/types\/post"}],"author":[{"embeddable":true,"href":"https:\/\/www.sabra.org.br\/site\/wp-json\/wp\/v2\/users\/39"}],"replies":[{"embeddable":true,"href":"https:\/\/www.sabra.org.br\/site\/wp-json\/wp\/v2\/comments?post=4439"}],"version-history":[{"count":0,"href":"https:\/\/www.sabra.org.br\/site\/wp-json\/wp\/v2\/posts\/4439\/revisions"}],"wp:featuredmedia":[{"embeddable":true,"href":"https:\/\/www.sabra.org.br\/site\/wp-json\/wp\/v2\/media\/4440"}],"wp:attachment":[{"href":"https:\/\/www.sabra.org.br\/site\/wp-json\/wp\/v2\/media?parent=4439"}],"wp:term":[{"taxonomy":"category","embeddable":true,"href":"https:\/\/www.sabra.org.br\/site\/wp-json\/wp\/v2\/categories?post=4439"},{"taxonomy":"post_tag","embeddable":true,"href":"https:\/\/www.sabra.org.br\/site\/wp-json\/wp\/v2\/tags?post=4439"}],"curies":[{"name":"wp","href":"https:\/\/api.w.org\/{rel}","templated":true}]}}