{"id":4461,"date":"2021-12-16T08:00:28","date_gmt":"2021-12-16T11:00:28","guid":{"rendered":"https:\/\/www.sabra.org.br\/site\/?p=4461"},"modified":"2021-12-16T08:00:28","modified_gmt":"2021-12-16T11:00:28","slug":"clarinete-tocar","status":"publish","type":"post","link":"https:\/\/www.sabra.org.br\/site\/clarinete-tocar\/","title":{"rendered":"Clarinete: 5 dicas para aprender a tocar"},"content":{"rendered":"<p>[vc_row][vc_column][vc_column_text]O <b>clarinete<\/b> ou <b>clarineta<\/b>, como tamb\u00e9m \u00e9 conhecido, \u00e9 um instrumento bastante popular, que possui um som \u00fanico e expressivo.<\/p>\n<p>Surgiu de uma inova\u00e7\u00e3o, em 1690, do m\u00fasico alem\u00e3o <b>Johann Christoph Denner<\/b>. O que ele fez foi basicamente adicionar uma chave para a m\u00e3o esquerda em um instrumento chamado charamela.<\/p>\n<p>Neste conte\u00fado n\u00f3s separamos 5 dicas para voc\u00ea aprender a tocar o instrumento.<\/p>\n<p>Boa leitura!<\/p>\n<h2>Entenda a t\u00e9cnica<\/h2>\n<p>Algo bastante comum de acontecer, principalmente com iniciantes, \u00e9 a neglig\u00eancia quanto a <b>t\u00e9cnica correta<\/b>. Isso acontece principalmente por conta da ansiedade que os iniciantes t\u00eam em querer tocar suas m\u00fasicas favoritas ou aprender a tocar mais r\u00e1pido.<\/p>\n<p>Isso \u00e9 um problema porque sem a embocadura correta e a angula\u00e7\u00e3o adequada, fica muito mais dif\u00edcil tirar um som <b>adequado do instrumento<\/b>.<\/p>\n<p>Sendo assim, n\u00e3o menospreze as li\u00e7\u00f5es mais b\u00e1sicas e todos os fundamentos necess\u00e1rios para um bom som. Al\u00e9m de facilitar sua vida na hora do aprendizado, eles previnem que voc\u00ea desenvolva v\u00edcios que ser\u00e3o dif\u00edceis de corrigir posteriormente.<\/p>\n<h2>Fa\u00e7a exerc\u00edcios de respira\u00e7\u00e3o<\/h2>\n<p>Sendo um instrumento de sopro, o bom <b>controle do fluxo de ar<\/b> \u00e9 um elemento decisivo para a performance.<\/p>\n<p>A pr\u00e1tica com a clarineta em si \u00e9 muito importante, contudo, tamb\u00e9m faz-se necess\u00e1rio exerc\u00edcios constantes de respira\u00e7\u00e3o, com e sem o instrumento. Apenas com o tempo e esses exerc\u00edcios ser\u00e1 poss\u00edvel ter uma boa desenvoltura.<\/p>\n<h2>N\u00e3o se esque\u00e7a dos fundamentos da m\u00fasica<\/h2>\n<p>\u00c9 poss\u00edvel aprender a tocar clarineta sem entender a fundo os elementos da <b>teoria musical.<\/b> Todavia, compreender pontos como tonalidades, claves, e conseguir ler uma <b>pauta musical<\/b> v\u00e3o facilitar muito a sua evolu\u00e7\u00e3o. Al\u00e9m disso, esses fundamentos lhe permitir\u00e3o aprender todo o potencial da clarinete.<\/p>\n<h2>A const\u00e2ncia \u00e9 importante<\/h2>\n<p>\u00c9 bem verdade que muitas pessoas t\u00eam uma vida muito corrida, e n\u00e3o t\u00eam tempo suficiente para praticar todos os dias. Nesses casos elas deixam para praticar o m\u00e1ximo que podem nos finais de semana e feriados. Se esse \u00e9 o seu caso, tudo bem, siga em frente.<\/p>\n<p>Agora, se voc\u00ea tem algum tempo livre todos os dias, dedic\u00e1-lo para praticar \u00e9 uma boa ideia. Mesmo que sejam <b>30 minutos di\u00e1rios<\/b>, \u00e9 muito mais vantajoso que voc\u00ea fa\u00e7a isso todos os dias, em vez de ficar 2 horas seguidas nos s\u00e1bados e domingos.<\/p>\n<p>Assim, o seu c\u00e9rebro consegue assimilar melhor as informa\u00e7\u00f5es e entender que ela \u00e9 importante e n\u00e3o deve ser esquecida. Al\u00e9m disso, o c\u00e9rebro ama rotinas. Se voc\u00ea conseguir manter esse h\u00e1bito por tempo suficiente, ele se transformar\u00e1 algo essencial no seu dia e bastante natural de ser feito, tornando muito mais agrad\u00e1vel de se aprender.<\/p>\n<h2>Aprenda as m\u00fasicas que voc\u00ea mais gosta<\/h2>\n<p>J\u00e1 citamos aqui a import\u00e2ncia de aprender a <b>t\u00e9cnica correta<\/b>, e os <b>fundamentos da m\u00fasica<\/b>. Por\u00e9m cair na armadilha de s\u00f3 se concentrar nisso \u00e9 um erro grave.<\/p>\n<p>Todos n\u00f3s precisamos de uma motiva\u00e7\u00e3o para continuar a perseguir os nossos objetivos. No in\u00edcio, tudo \u00e9 muito novo, e \u00e9 muito mais f\u00e1cil se empenhar.<\/p>\n<p>Com o tempo, essa motiva\u00e7\u00e3o toda pode ir diminuindo, principalmente se voc\u00ea s\u00f3 se concentra na \u201cparte chata\u201d do aprendizado.<\/p>\n<p>Aprender as m\u00fasicas do momento, ou aquelas que voc\u00ea ama ouvir, \u00e9 um \u00f3timo jeito de te manter no caminho. Dessa maneira voc\u00ea consegue ver a sua evolu\u00e7\u00e3o, e aprender can\u00e7\u00f5es assim te dar\u00e3o muito orgulho de si mesmo.<\/p>\n<p>Lembre-se de n\u00e3o ter medo de errar, j\u00e1 que s\u00e3o eles que nos fazem evoluir. Praticar em grupo tamb\u00e9m \u00e9 uma \u00f3tima dica. Voc\u00ea consegue motivar os demais estudantes e, em troca, eles te ajudar\u00e3o tamb\u00e9m.<\/p>\n<blockquote class=\"wp-embedded-content\" data-secret=\"xzyPR4nB3D\"><p><a href=\"https:\/\/www.sabra.org.br\/site\/conheca-os-instrumentos-do-naipe-de-madeira\/\">NAIPE DAS MADEIRAS<\/a><\/p><\/blockquote>\n<p><iframe class=\"wp-embedded-content\" sandbox=\"allow-scripts\" security=\"restricted\" style=\"position: absolute; clip: rect(1px, 1px, 1px, 1px);\" title=\"&#8220;NAIPE DAS MADEIRAS&#8221; &#8212; SABRA - Sociedade Art\u00edstica Brasileira\" src=\"https:\/\/www.sabra.org.br\/site\/conheca-os-instrumentos-do-naipe-de-madeira\/embed\/#?secret=xzyPR4nB3D\" data-secret=\"xzyPR4nB3D\" width=\"600\" height=\"338\" frameborder=\"0\" marginwidth=\"0\" marginheight=\"0\" scrolling=\"no\"><\/iframe><\/p>\n<hr \/>\n<h2>Se voc\u00ea gostou deste post:<\/h2>\n<p>&#8211; SIGA as nossas p\u00e1ginas nas redes sociais para acompanhar as nossas atualiza\u00e7\u00f5es: estamos no <a href=\"https:\/\/www.facebook.com\/sabrabrasil\" target=\"_blank\" rel=\"noopener\">Facebook<\/a>, no <a href=\"https:\/\/www.instagram.com\/sabrabrasil\/\" target=\"_blank\" rel=\"noopener\">Instagram<\/a>, no <a href=\"https:\/\/www.linkedin.com\/company\/25002088\" target=\"_blank\" rel=\"noopener\">LinkedIn<\/a>, no <a href=\"https:\/\/twitter.com\/ContatoSabra\" target=\"_blank\" rel=\"noopener\">Twitter<\/a> e no <a href=\"https:\/\/www.youtube.com\/channel\/UCJw-kbuEvzUNdeQf20Pa-eQ\" target=\"_blank\" rel=\"noopener\">YouTube<\/a>!<\/p>\n<p>&#8211; CONHE\u00c7A o trabalho da Sociedade Art\u00edstica Brasileira (SABRA) e todas as iniciativas culturais e sociais que ela mant\u00e9m. <a href=\"https:\/\/www.sabra.org.br\/site\/acoes\/\" target=\"_blank\" rel=\"noopener\">Acesse nosso site!<\/a><\/p>\n<p>&#8211; ENTRE EM CONTATO com a gente. E veja quais s\u00e3o as op\u00e7\u00f5es de ajuda na manuten\u00e7\u00e3o de nossas a\u00e7\u00f5es sociais e culturais. Basta acessar nossa p\u00e1gina <a href=\"https:\/\/www.sabra.org.br\/site\/doe-agora\/\" target=\"_blank\" rel=\"noopener\">Doe Agora!<\/a><\/p>\n<p>&#8211; COMPARTILHE este texto nas suas redes sociais e ajude os seus amigos a tamb\u00e9m dominarem o assunto!<\/p>\n<p>\u2013 Os projetos da @sabrabrasil s\u00e3o realizados com o patroci\u0301nio m\u00e1ster: @institutounimedbh, viabilizado pelo incentivo de mais de 5,2 mil m\u00e9dicos cooperados e colaboradores via Lei de Incentivo \u00e0 Cultura &#8211; @mturismo, @culturagovbr. Patroc\u00ednio prata: @vallourec e apoio: @prefeiturabetim[\/vc_column_text][vc_column_text]O <b>clarinete<\/b> ou <b>clarineta<\/b>, como tamb\u00e9m \u00e9 conhecido, \u00e9 um instrumento bastante popular, que possui um som \u00fanico e expressivo.<\/p>\n<p>Surgiu de uma inova\u00e7\u00e3o, em 1690, do m\u00fasico alem\u00e3o <b>Johann Christoph Denner<\/b>. O que ele fez foi basicamente adicionar uma chave para a m\u00e3o esquerda em um instrumento chamado charamela.<\/p>\n<p>Neste conte\u00fado n\u00f3s separamos 5 dicas para voc\u00ea aprender a tocar o instrumento.<\/p>\n<p>Boa leitura!<\/p>\n<h2>Entenda a t\u00e9cnica<\/h2>\n<p>Algo bastante comum de acontecer, principalmente com iniciantes, \u00e9 a neglig\u00eancia quanto a <b>t\u00e9cnica correta<\/b>. Isso acontece principalmente por conta da ansiedade que os iniciantes t\u00eam em querer tocar suas m\u00fasicas favoritas ou aprender a tocar mais r\u00e1pido.<\/p>\n<p>Isso \u00e9 um problema porque sem a embocadura correta e a angula\u00e7\u00e3o adequada, fica muito mais dif\u00edcil tirar um som <b>adequado do instrumento<\/b>.<\/p>\n<p>Sendo assim, n\u00e3o menospreze as li\u00e7\u00f5es mais b\u00e1sicas e todos os fundamentos necess\u00e1rios para um bom som. Al\u00e9m de facilitar sua vida na hora do aprendizado, eles previnem que voc\u00ea desenvolva v\u00edcios que ser\u00e3o dif\u00edceis de corrigir posteriormente.<\/p>\n<h2>Fa\u00e7a exerc\u00edcios de respira\u00e7\u00e3o<\/h2>\n<p>Sendo um instrumento de sopro, o bom <b>controle do fluxo de ar<\/b> \u00e9 um elemento decisivo para a performance.<\/p>\n<p>A pr\u00e1tica com a clarineta em si \u00e9 muito importante, contudo, tamb\u00e9m faz-se necess\u00e1rio exerc\u00edcios constantes de respira\u00e7\u00e3o, com e sem o instrumento. Apenas com o tempo e esses exerc\u00edcios ser\u00e1 poss\u00edvel ter uma boa desenvoltura.<\/p>\n<h2>N\u00e3o se esque\u00e7a dos fundamentos da m\u00fasica<\/h2>\n<p>\u00c9 poss\u00edvel aprender a tocar clarineta sem entender a fundo os elementos da <b>teoria musical.<\/b> Todavia, compreender pontos como tonalidades, claves, e conseguir ler uma <b>pauta musical<\/b> v\u00e3o facilitar muito a sua evolu\u00e7\u00e3o. Al\u00e9m disso, esses fundamentos lhe permitir\u00e3o aprender todo o potencial da clarinete.<\/p>\n<h2>A const\u00e2ncia \u00e9 importante<\/h2>\n<p>\u00c9 bem verdade que muitas pessoas t\u00eam uma vida muito corrida, e n\u00e3o t\u00eam tempo suficiente para praticar todos os dias. Nesses casos elas deixam para praticar o m\u00e1ximo que podem nos finais de semana e feriados. Se esse \u00e9 o seu caso, tudo bem, siga em frente.<\/p>\n<p>Agora, se voc\u00ea tem algum tempo livre todos os dias, dedic\u00e1-lo para praticar \u00e9 uma boa ideia. Mesmo que sejam <b>30 minutos di\u00e1rios<\/b>, \u00e9 muito mais vantajoso que voc\u00ea fa\u00e7a isso todos os dias, em vez de ficar 2 horas seguidas nos s\u00e1bados e domingos.<\/p>\n<p>Assim, o seu c\u00e9rebro consegue assimilar melhor as informa\u00e7\u00f5es e entender que ela \u00e9 importante e n\u00e3o deve ser esquecida. Al\u00e9m disso, o c\u00e9rebro ama rotinas. Se voc\u00ea conseguir manter esse h\u00e1bito por tempo suficiente, ele se transformar\u00e1 algo essencial no seu dia e bastante natural de ser feito, tornando muito mais agrad\u00e1vel de se aprender.<\/p>\n<h2>Aprenda as m\u00fasicas que voc\u00ea mais gosta<\/h2>\n<p>J\u00e1 citamos aqui a import\u00e2ncia de aprender a <b>t\u00e9cnica correta<\/b>, e os <b>fundamentos da m\u00fasica<\/b>. Por\u00e9m cair na armadilha de s\u00f3 se concentrar nisso \u00e9 um erro grave.<\/p>\n<p>Todos n\u00f3s precisamos de uma motiva\u00e7\u00e3o para continuar a perseguir os nossos objetivos. No in\u00edcio, tudo \u00e9 muito novo, e \u00e9 muito mais f\u00e1cil se empenhar.<\/p>\n<p>Com o tempo, essa motiva\u00e7\u00e3o toda pode ir diminuindo, principalmente se voc\u00ea s\u00f3 se concentra na \u201cparte chata\u201d do aprendizado.<\/p>\n<p>Aprender as m\u00fasicas do momento, ou aquelas que voc\u00ea ama ouvir, \u00e9 um \u00f3timo jeito de te manter no caminho. Dessa maneira voc\u00ea consegue ver a sua evolu\u00e7\u00e3o, e aprender can\u00e7\u00f5es assim te dar\u00e3o muito orgulho de si mesmo.<\/p>\n<p>Lembre-se de n\u00e3o ter medo de errar, j\u00e1 que s\u00e3o eles que nos fazem evoluir. Praticar em grupo tamb\u00e9m \u00e9 uma \u00f3tima dica. Voc\u00ea consegue motivar os demais estudantes e, em troca, eles te ajudar\u00e3o tamb\u00e9m.[\/vc_column_text][\/vc_column][\/vc_row]<\/p>\n","protected":false},"excerpt":{"rendered":"<p>A clarineta \u00e9 um instrumento bel\u00edssimo, mas que tem suas particularidades no aprendizado. Pensando nisso, n\u00f3s separamos 5 dicas para aprender a tocar que v\u00e3o te ajudar muito na sua trajet\u00f3ria. Confira agora.<\/p>\n","protected":false},"author":39,"featured_media":4462,"comment_status":"closed","ping_status":"closed","sticky":false,"template":"","format":"standard","meta":{"jetpack_post_was_ever_published":false,"_jetpack_newsletter_access":"","_jetpack_dont_email_post_to_subs":false,"_jetpack_newsletter_tier_id":0,"_jetpack_memberships_contains_paywalled_content":false,"_jetpack_memberships_contains_paid_content":false,"footnotes":""},"categories":[1],"tags":[15,3623,8,1285,16,3519,1286,11,3622,9],"class_list":["post-4461","post","type-post","status-publish","format-standard","has-post-thumbnail","hentry","category-blog-sabra","tag-assistencia-social","tag-campos-dos-goytacazes","tag-canto-coral","tag-escola-de-musica-sabra","tag-musicalizacao-infantil","tag-nova-lima-2","tag-orquestra-infanto-juvenil-de-betim","tag-orquestra-sinfonica-de-betim","tag-raposos","tag-sociedade-artistica-brasileira"],"yoast_head":"<!-- This site is optimized with the Yoast SEO plugin v27.5 - https:\/\/yoast.com\/product\/yoast-seo-wordpress\/ -->\n<title>Clarinete: 5 dicas para aprender a tocar - SABRA - Sociedade Art\u00edstica Brasileira<\/title>\n<meta name=\"description\" content=\"A clarineta \u00e9 um instrumento bel\u00edssimo, mas que tem suas particularidades no aprendizado. Dicas para aprender a tocar.\" \/>\n<meta name=\"robots\" content=\"index, follow, max-snippet:-1, max-image-preview:large, max-video-preview:-1\" \/>\n<link rel=\"canonical\" href=\"https:\/\/www.sabra.org.br\/site\/clarinete-tocar\/\" \/>\n<meta property=\"og:locale\" content=\"pt_BR\" \/>\n<meta property=\"og:type\" content=\"article\" \/>\n<meta property=\"og:title\" content=\"Clarinete: 5 dicas para aprender a tocar - SABRA - Sociedade Art\u00edstica Brasileira\" \/>\n<meta property=\"og:description\" content=\"A clarineta \u00e9 um instrumento bel\u00edssimo, mas que tem suas particularidades no aprendizado. Dicas para aprender a tocar.\" \/>\n<meta property=\"og:url\" content=\"https:\/\/www.sabra.org.br\/site\/clarinete-tocar\/\" \/>\n<meta property=\"og:site_name\" content=\"SABRA - Sociedade Art\u00edstica Brasileira\" \/>\n<meta property=\"article:publisher\" content=\"https:\/\/www.facebook.com\/sabrabrasil\" \/>\n<meta property=\"article:published_time\" content=\"2021-12-16T11:00:28+00:00\" \/>\n<meta property=\"og:image\" content=\"https:\/\/i0.wp.com\/www.sabra.org.br\/site\/wp-content\/uploads\/2021\/12\/clarinete-x-dicas-para-aprender-a-tocar-20211027111153.jpg.jpg?fit=800%2C533&ssl=1\" \/>\n\t<meta property=\"og:image:width\" content=\"800\" \/>\n\t<meta property=\"og:image:height\" content=\"533\" \/>\n\t<meta property=\"og:image:type\" content=\"image\/jpeg\" \/>\n<meta name=\"author\" content=\"M\u00e1rcio Miranda Pontes\" \/>\n<meta name=\"twitter:card\" content=\"summary_large_image\" \/>\n<meta name=\"twitter:creator\" content=\"@ContatoSabra\" \/>\n<meta name=\"twitter:site\" content=\"@ContatoSabra\" \/>\n<meta name=\"twitter:label1\" content=\"Escrito por\" \/>\n\t<meta name=\"twitter:data1\" content=\"M\u00e1rcio Miranda Pontes\" \/>\n\t<meta name=\"twitter:label2\" content=\"Est. tempo de leitura\" \/>\n\t<meta name=\"twitter:data2\" content=\"8 minutos\" \/>\n<script type=\"application\/ld+json\" class=\"yoast-schema-graph\">{\"@context\":\"https:\\\/\\\/schema.org\",\"@graph\":[{\"@type\":\"Article\",\"@id\":\"https:\\\/\\\/www.sabra.org.br\\\/site\\\/clarinete-tocar\\\/#article\",\"isPartOf\":{\"@id\":\"https:\\\/\\\/www.sabra.org.br\\\/site\\\/clarinete-tocar\\\/\"},\"author\":{\"name\":\"M\u00e1rcio Miranda Pontes\",\"@id\":\"https:\\\/\\\/www.sabra.org.br\\\/site\\\/#\\\/schema\\\/person\\\/7d1d222c3c8891d4c37c7b41bf6315c2\"},\"headline\":\"Clarinete: 5 dicas para aprender a tocar\",\"datePublished\":\"2021-12-16T11:00:28+00:00\",\"mainEntityOfPage\":{\"@id\":\"https:\\\/\\\/www.sabra.org.br\\\/site\\\/clarinete-tocar\\\/\"},\"wordCount\":1466,\"publisher\":{\"@id\":\"https:\\\/\\\/www.sabra.org.br\\\/site\\\/#organization\"},\"image\":{\"@id\":\"https:\\\/\\\/www.sabra.org.br\\\/site\\\/clarinete-tocar\\\/#primaryimage\"},\"thumbnailUrl\":\"https:\\\/\\\/www.sabra.org.br\\\/site\\\/wp-content\\\/uploads\\\/2021\\\/12\\\/clarinete-x-dicas-para-aprender-a-tocar-20211027111153.jpg.jpg\",\"keywords\":[\"Assist\u00eancia social\",\"Campos dos Goytacazes\",\"Canto Coral\",\"Escola de Musica SABRA\",\"Musicaliza\u00e7\u00e3o Infantil\",\"nova lima\",\"Orquestra Infanto Juvenil de Betim\",\"Orquestra Sinf\u00f4nica de Betim\",\"Raposos\",\"Sociedade Art\u00edstica Brasileira\"],\"articleSection\":[\"Blog SABRA\"],\"inLanguage\":\"pt-BR\"},{\"@type\":\"WebPage\",\"@id\":\"https:\\\/\\\/www.sabra.org.br\\\/site\\\/clarinete-tocar\\\/\",\"url\":\"https:\\\/\\\/www.sabra.org.br\\\/site\\\/clarinete-tocar\\\/\",\"name\":\"Clarinete: 5 dicas para aprender a tocar - SABRA - Sociedade Art\u00edstica Brasileira\",\"isPartOf\":{\"@id\":\"https:\\\/\\\/www.sabra.org.br\\\/site\\\/#website\"},\"primaryImageOfPage\":{\"@id\":\"https:\\\/\\\/www.sabra.org.br\\\/site\\\/clarinete-tocar\\\/#primaryimage\"},\"image\":{\"@id\":\"https:\\\/\\\/www.sabra.org.br\\\/site\\\/clarinete-tocar\\\/#primaryimage\"},\"thumbnailUrl\":\"https:\\\/\\\/www.sabra.org.br\\\/site\\\/wp-content\\\/uploads\\\/2021\\\/12\\\/clarinete-x-dicas-para-aprender-a-tocar-20211027111153.jpg.jpg\",\"datePublished\":\"2021-12-16T11:00:28+00:00\",\"description\":\"A clarineta \u00e9 um instrumento bel\u00edssimo, mas que tem suas particularidades no aprendizado. Dicas para aprender a tocar.\",\"breadcrumb\":{\"@id\":\"https:\\\/\\\/www.sabra.org.br\\\/site\\\/clarinete-tocar\\\/#breadcrumb\"},\"inLanguage\":\"pt-BR\",\"potentialAction\":[{\"@type\":\"ReadAction\",\"target\":[\"https:\\\/\\\/www.sabra.org.br\\\/site\\\/clarinete-tocar\\\/\"]}]},{\"@type\":\"ImageObject\",\"inLanguage\":\"pt-BR\",\"@id\":\"https:\\\/\\\/www.sabra.org.br\\\/site\\\/clarinete-tocar\\\/#primaryimage\",\"url\":\"https:\\\/\\\/www.sabra.org.br\\\/site\\\/wp-content\\\/uploads\\\/2021\\\/12\\\/clarinete-x-dicas-para-aprender-a-tocar-20211027111153.jpg.jpg\",\"contentUrl\":\"https:\\\/\\\/www.sabra.org.br\\\/site\\\/wp-content\\\/uploads\\\/2021\\\/12\\\/clarinete-x-dicas-para-aprender-a-tocar-20211027111153.jpg.jpg\",\"width\":800,\"height\":533,\"caption\":\"Sociedade Art\u00edstica Brasileira SABRA\"},{\"@type\":\"BreadcrumbList\",\"@id\":\"https:\\\/\\\/www.sabra.org.br\\\/site\\\/clarinete-tocar\\\/#breadcrumb\",\"itemListElement\":[{\"@type\":\"ListItem\",\"position\":1,\"name\":\"In\u00edcio\",\"item\":\"https:\\\/\\\/www.sabra.org.br\\\/site\\\/\"},{\"@type\":\"ListItem\",\"position\":2,\"name\":\"Clarinete: 5 dicas para aprender a tocar\"}]},{\"@type\":\"WebSite\",\"@id\":\"https:\\\/\\\/www.sabra.org.br\\\/site\\\/#website\",\"url\":\"https:\\\/\\\/www.sabra.org.br\\\/site\\\/\",\"name\":\"SABRA - Sociedade Art\u00edstica Brasileira\",\"description\":\"Escola de M\u00fasica, Orquestra Sinf\u00f4nica, Coral e Patrim\u00f4nio Cultural e Hist\u00f3rico\",\"publisher\":{\"@id\":\"https:\\\/\\\/www.sabra.org.br\\\/site\\\/#organization\"},\"potentialAction\":[{\"@type\":\"SearchAction\",\"target\":{\"@type\":\"EntryPoint\",\"urlTemplate\":\"https:\\\/\\\/www.sabra.org.br\\\/site\\\/?s={search_term_string}\"},\"query-input\":{\"@type\":\"PropertyValueSpecification\",\"valueRequired\":true,\"valueName\":\"search_term_string\"}}],\"inLanguage\":\"pt-BR\"},{\"@type\":\"Organization\",\"@id\":\"https:\\\/\\\/www.sabra.org.br\\\/site\\\/#organization\",\"name\":\"SOCIEDADE ART\u00cdSTICA BRASILEIRA SABRA\",\"alternateName\":\"SABRA\",\"url\":\"https:\\\/\\\/www.sabra.org.br\\\/site\\\/\",\"logo\":{\"@type\":\"ImageObject\",\"inLanguage\":\"pt-BR\",\"@id\":\"https:\\\/\\\/www.sabra.org.br\\\/site\\\/#\\\/schema\\\/logo\\\/image\\\/\",\"url\":\"https:\\\/\\\/www.sabra.org.br\\\/site\\\/wp-content\\\/uploads\\\/2019\\\/06\\\/cropped-Logo_SABRA-Copia-1.webp\",\"contentUrl\":\"https:\\\/\\\/www.sabra.org.br\\\/site\\\/wp-content\\\/uploads\\\/2019\\\/06\\\/cropped-Logo_SABRA-Copia-1.webp\",\"width\":400,\"height\":128,\"caption\":\"SOCIEDADE ART\u00cdSTICA BRASILEIRA SABRA\"},\"image\":{\"@id\":\"https:\\\/\\\/www.sabra.org.br\\\/site\\\/#\\\/schema\\\/logo\\\/image\\\/\"},\"sameAs\":[\"https:\\\/\\\/www.facebook.com\\\/sabrabrasil\",\"https:\\\/\\\/x.com\\\/ContatoSabra\",\"https:\\\/\\\/www.instagram.com\\\/sabrabrasil\\\/\",\"https:\\\/\\\/www.linkedin.com\\\/company\\\/25002088\\\/\",\"https:\\\/\\\/br.pinterest.com\\\/sociedadeartisticabrasileira\\\/\",\"https:\\\/\\\/www.youtube.com\\\/c\\\/sabrabrasil\"]},{\"@type\":\"Person\",\"@id\":\"https:\\\/\\\/www.sabra.org.br\\\/site\\\/#\\\/schema\\\/person\\\/7d1d222c3c8891d4c37c7b41bf6315c2\",\"name\":\"M\u00e1rcio Miranda Pontes\",\"image\":{\"@type\":\"ImageObject\",\"inLanguage\":\"pt-BR\",\"@id\":\"https:\\\/\\\/secure.gravatar.com\\\/avatar\\\/3b45f24496a7625a3a6c436688fbe20344faaeb2979658dc4a9921f984d7df9a?s=96&d=mm&r=g\",\"url\":\"https:\\\/\\\/secure.gravatar.com\\\/avatar\\\/3b45f24496a7625a3a6c436688fbe20344faaeb2979658dc4a9921f984d7df9a?s=96&d=mm&r=g\",\"contentUrl\":\"https:\\\/\\\/secure.gravatar.com\\\/avatar\\\/3b45f24496a7625a3a6c436688fbe20344faaeb2979658dc4a9921f984d7df9a?s=96&d=mm&r=g\",\"caption\":\"M\u00e1rcio Miranda Pontes\"},\"sameAs\":[\"http:\\\/\\\/www.sabra.org.br\"],\"url\":\"https:\\\/\\\/www.sabra.org.br\\\/site\\\/author\\\/marcio-miranda-pontes\\\/\"}]}<\/script>\n<!-- \/ Yoast SEO plugin. -->","yoast_head_json":{"title":"Clarinete: 5 dicas para aprender a tocar - SABRA - Sociedade Art\u00edstica Brasileira","description":"A clarineta \u00e9 um instrumento bel\u00edssimo, mas que tem suas particularidades no aprendizado. Dicas para aprender a tocar.","robots":{"index":"index","follow":"follow","max-snippet":"max-snippet:-1","max-image-preview":"max-image-preview:large","max-video-preview":"max-video-preview:-1"},"canonical":"https:\/\/www.sabra.org.br\/site\/clarinete-tocar\/","og_locale":"pt_BR","og_type":"article","og_title":"Clarinete: 5 dicas para aprender a tocar - SABRA - Sociedade Art\u00edstica Brasileira","og_description":"A clarineta \u00e9 um instrumento bel\u00edssimo, mas que tem suas particularidades no aprendizado. Dicas para aprender a tocar.","og_url":"https:\/\/www.sabra.org.br\/site\/clarinete-tocar\/","og_site_name":"SABRA - Sociedade Art\u00edstica Brasileira","article_publisher":"https:\/\/www.facebook.com\/sabrabrasil","article_published_time":"2021-12-16T11:00:28+00:00","og_image":[{"width":800,"height":533,"url":"https:\/\/i0.wp.com\/www.sabra.org.br\/site\/wp-content\/uploads\/2021\/12\/clarinete-x-dicas-para-aprender-a-tocar-20211027111153.jpg.jpg?fit=800%2C533&ssl=1","type":"image\/jpeg"}],"author":"M\u00e1rcio Miranda Pontes","twitter_card":"summary_large_image","twitter_creator":"@ContatoSabra","twitter_site":"@ContatoSabra","twitter_misc":{"Escrito por":"M\u00e1rcio Miranda Pontes","Est. tempo de leitura":"8 minutos"},"schema":{"@context":"https:\/\/schema.org","@graph":[{"@type":"Article","@id":"https:\/\/www.sabra.org.br\/site\/clarinete-tocar\/#article","isPartOf":{"@id":"https:\/\/www.sabra.org.br\/site\/clarinete-tocar\/"},"author":{"name":"M\u00e1rcio Miranda Pontes","@id":"https:\/\/www.sabra.org.br\/site\/#\/schema\/person\/7d1d222c3c8891d4c37c7b41bf6315c2"},"headline":"Clarinete: 5 dicas para aprender a tocar","datePublished":"2021-12-16T11:00:28+00:00","mainEntityOfPage":{"@id":"https:\/\/www.sabra.org.br\/site\/clarinete-tocar\/"},"wordCount":1466,"publisher":{"@id":"https:\/\/www.sabra.org.br\/site\/#organization"},"image":{"@id":"https:\/\/www.sabra.org.br\/site\/clarinete-tocar\/#primaryimage"},"thumbnailUrl":"https:\/\/www.sabra.org.br\/site\/wp-content\/uploads\/2021\/12\/clarinete-x-dicas-para-aprender-a-tocar-20211027111153.jpg.jpg","keywords":["Assist\u00eancia social","Campos dos Goytacazes","Canto Coral","Escola de Musica SABRA","Musicaliza\u00e7\u00e3o Infantil","nova lima","Orquestra Infanto Juvenil de Betim","Orquestra Sinf\u00f4nica de Betim","Raposos","Sociedade Art\u00edstica Brasileira"],"articleSection":["Blog SABRA"],"inLanguage":"pt-BR"},{"@type":"WebPage","@id":"https:\/\/www.sabra.org.br\/site\/clarinete-tocar\/","url":"https:\/\/www.sabra.org.br\/site\/clarinete-tocar\/","name":"Clarinete: 5 dicas para aprender a tocar - SABRA - Sociedade Art\u00edstica Brasileira","isPartOf":{"@id":"https:\/\/www.sabra.org.br\/site\/#website"},"primaryImageOfPage":{"@id":"https:\/\/www.sabra.org.br\/site\/clarinete-tocar\/#primaryimage"},"image":{"@id":"https:\/\/www.sabra.org.br\/site\/clarinete-tocar\/#primaryimage"},"thumbnailUrl":"https:\/\/www.sabra.org.br\/site\/wp-content\/uploads\/2021\/12\/clarinete-x-dicas-para-aprender-a-tocar-20211027111153.jpg.jpg","datePublished":"2021-12-16T11:00:28+00:00","description":"A clarineta \u00e9 um instrumento bel\u00edssimo, mas que tem suas particularidades no aprendizado. Dicas para aprender a tocar.","breadcrumb":{"@id":"https:\/\/www.sabra.org.br\/site\/clarinete-tocar\/#breadcrumb"},"inLanguage":"pt-BR","potentialAction":[{"@type":"ReadAction","target":["https:\/\/www.sabra.org.br\/site\/clarinete-tocar\/"]}]},{"@type":"ImageObject","inLanguage":"pt-BR","@id":"https:\/\/www.sabra.org.br\/site\/clarinete-tocar\/#primaryimage","url":"https:\/\/www.sabra.org.br\/site\/wp-content\/uploads\/2021\/12\/clarinete-x-dicas-para-aprender-a-tocar-20211027111153.jpg.jpg","contentUrl":"https:\/\/www.sabra.org.br\/site\/wp-content\/uploads\/2021\/12\/clarinete-x-dicas-para-aprender-a-tocar-20211027111153.jpg.jpg","width":800,"height":533,"caption":"Sociedade Art\u00edstica Brasileira SABRA"},{"@type":"BreadcrumbList","@id":"https:\/\/www.sabra.org.br\/site\/clarinete-tocar\/#breadcrumb","itemListElement":[{"@type":"ListItem","position":1,"name":"In\u00edcio","item":"https:\/\/www.sabra.org.br\/site\/"},{"@type":"ListItem","position":2,"name":"Clarinete: 5 dicas para aprender a tocar"}]},{"@type":"WebSite","@id":"https:\/\/www.sabra.org.br\/site\/#website","url":"https:\/\/www.sabra.org.br\/site\/","name":"SABRA - Sociedade Art\u00edstica Brasileira","description":"Escola de M\u00fasica, Orquestra Sinf\u00f4nica, Coral e Patrim\u00f4nio Cultural e Hist\u00f3rico","publisher":{"@id":"https:\/\/www.sabra.org.br\/site\/#organization"},"potentialAction":[{"@type":"SearchAction","target":{"@type":"EntryPoint","urlTemplate":"https:\/\/www.sabra.org.br\/site\/?s={search_term_string}"},"query-input":{"@type":"PropertyValueSpecification","valueRequired":true,"valueName":"search_term_string"}}],"inLanguage":"pt-BR"},{"@type":"Organization","@id":"https:\/\/www.sabra.org.br\/site\/#organization","name":"SOCIEDADE ART\u00cdSTICA BRASILEIRA SABRA","alternateName":"SABRA","url":"https:\/\/www.sabra.org.br\/site\/","logo":{"@type":"ImageObject","inLanguage":"pt-BR","@id":"https:\/\/www.sabra.org.br\/site\/#\/schema\/logo\/image\/","url":"https:\/\/www.sabra.org.br\/site\/wp-content\/uploads\/2019\/06\/cropped-Logo_SABRA-Copia-1.webp","contentUrl":"https:\/\/www.sabra.org.br\/site\/wp-content\/uploads\/2019\/06\/cropped-Logo_SABRA-Copia-1.webp","width":400,"height":128,"caption":"SOCIEDADE ART\u00cdSTICA BRASILEIRA SABRA"},"image":{"@id":"https:\/\/www.sabra.org.br\/site\/#\/schema\/logo\/image\/"},"sameAs":["https:\/\/www.facebook.com\/sabrabrasil","https:\/\/x.com\/ContatoSabra","https:\/\/www.instagram.com\/sabrabrasil\/","https:\/\/www.linkedin.com\/company\/25002088\/","https:\/\/br.pinterest.com\/sociedadeartisticabrasileira\/","https:\/\/www.youtube.com\/c\/sabrabrasil"]},{"@type":"Person","@id":"https:\/\/www.sabra.org.br\/site\/#\/schema\/person\/7d1d222c3c8891d4c37c7b41bf6315c2","name":"M\u00e1rcio Miranda Pontes","image":{"@type":"ImageObject","inLanguage":"pt-BR","@id":"https:\/\/secure.gravatar.com\/avatar\/3b45f24496a7625a3a6c436688fbe20344faaeb2979658dc4a9921f984d7df9a?s=96&d=mm&r=g","url":"https:\/\/secure.gravatar.com\/avatar\/3b45f24496a7625a3a6c436688fbe20344faaeb2979658dc4a9921f984d7df9a?s=96&d=mm&r=g","contentUrl":"https:\/\/secure.gravatar.com\/avatar\/3b45f24496a7625a3a6c436688fbe20344faaeb2979658dc4a9921f984d7df9a?s=96&d=mm&r=g","caption":"M\u00e1rcio Miranda Pontes"},"sameAs":["http:\/\/www.sabra.org.br"],"url":"https:\/\/www.sabra.org.br\/site\/author\/marcio-miranda-pontes\/"}]}},"jetpack_featured_media_url":"https:\/\/www.sabra.org.br\/site\/wp-content\/uploads\/2021\/12\/clarinete-x-dicas-para-aprender-a-tocar-20211027111153.jpg.jpg","jetpack_shortlink":"https:\/\/wp.me\/p95j2Z-19X","jetpack-related-posts":[{"id":7710,"url":"https:\/\/www.sabra.org.br\/site\/clarinete-instrumento\/","url_meta":{"origin":4461,"position":0},"title":"\u00c9 dif\u00edcil aprender a tocar clarinete?","author":"M\u00e1rcio Miranda Pontes","date":"26 de julho de 2023","format":false,"excerpt":"Se voc\u00ea quer iniciar no mundo da m\u00fasica aprendendo a tocar clarinete mas tem d\u00favidas sobre o assunto, saiba que podemos te ajudar. Confira mais informa\u00e7\u00f5es sobre esse instrumento a seguir:","rel":"","context":"Em &quot;Blog SABRA&quot;","block_context":{"text":"Blog SABRA","link":"https:\/\/www.sabra.org.br\/site\/category\/blog-sabra\/"},"img":{"alt_text":"sabra-m\u00fasica-clarinete-instrumentos-tocar-aprender-m\u00fasicos-possuem","src":"https:\/\/i0.wp.com\/www.sabra.org.br\/site\/wp-content\/uploads\/2023\/07\/e-dificil-aprender-a-tocar-clarinetejpg-20230504105610.jpg-jpg.webp?resize=350%2C200&ssl=1","width":350,"height":200,"srcset":"https:\/\/i0.wp.com\/www.sabra.org.br\/site\/wp-content\/uploads\/2023\/07\/e-dificil-aprender-a-tocar-clarinetejpg-20230504105610.jpg-jpg.webp?resize=350%2C200&ssl=1 1x, https:\/\/i0.wp.com\/www.sabra.org.br\/site\/wp-content\/uploads\/2023\/07\/e-dificil-aprender-a-tocar-clarinetejpg-20230504105610.jpg-jpg.webp?resize=525%2C300&ssl=1 1.5x, https:\/\/i0.wp.com\/www.sabra.org.br\/site\/wp-content\/uploads\/2023\/07\/e-dificil-aprender-a-tocar-clarinetejpg-20230504105610.jpg-jpg.webp?resize=700%2C400&ssl=1 2x"},"classes":[]},{"id":13068,"url":"https:\/\/www.sabra.org.br\/site\/como-tocar-clarinete-x-dicas-e-principais-tecnicas-para-iniciantes\/","url_meta":{"origin":4461,"position":1},"title":"Como tocar clarinete: X dicas e principais t\u00e9cnicas para iniciantes","author":"","date":"22 de agosto de 2025","format":false,"excerpt":"Tocar clarinete \u00e9 uma jornada emocionante que requer pr\u00e1tica, paci\u00eancia e t\u00e9cnica. Para iniciantes, dominar esse instrumento de sopro exige uma compreens\u00e3o clara das t\u00e9cnicas b\u00e1sicas e a aplica\u00e7\u00e3o de dicas pr\u00e1ticas que v\u00e3o aprimorar o desempenho musical. Vamos explorar alguns pontos essenciais para come\u00e7ar a tocar o clarinete com\u2026","rel":"","context":"Em &quot;Blog SABRA&quot;","block_context":{"text":"Blog SABRA","link":"https:\/\/www.sabra.org.br\/site\/category\/blog-sabra\/"},"img":{"alt_text":"","src":"","width":0,"height":0},"classes":[]},{"id":7002,"url":"https:\/\/www.sabra.org.br\/site\/aprender-instrumento-2\/","url_meta":{"origin":4461,"position":2},"title":"Instrumentos mais f\u00e1ceis para se aprender a tocar","author":"M\u00e1rcio Miranda Pontes","date":"28 de abril de 2023","format":false,"excerpt":"Um dos instrumentos mais populares, o viol\u00e3o n\u00e3o \u00e9 um dos mais f\u00e1ceis para quem quer aprender a tocar algo. Descubra no texto abaixo os instrumentos mais f\u00e1ceis para iniciantes!","rel":"","context":"Em &quot;Blog SABRA&quot;","block_context":{"text":"Blog SABRA","link":"https:\/\/www.sabra.org.br\/site\/category\/blog-sabra\/"},"img":{"alt_text":"aprender-tocar-instrumento","src":"https:\/\/i0.wp.com\/www.sabra.org.br\/site\/wp-content\/uploads\/2023\/04\/instrumentos-mais-faceis-para-se-aprender-a-tocar-20171219145022.jpg.jpg?resize=350%2C200&ssl=1","width":350,"height":200,"srcset":"https:\/\/i0.wp.com\/www.sabra.org.br\/site\/wp-content\/uploads\/2023\/04\/instrumentos-mais-faceis-para-se-aprender-a-tocar-20171219145022.jpg.jpg?resize=350%2C200&ssl=1 1x, https:\/\/i0.wp.com\/www.sabra.org.br\/site\/wp-content\/uploads\/2023\/04\/instrumentos-mais-faceis-para-se-aprender-a-tocar-20171219145022.jpg.jpg?resize=525%2C300&ssl=1 1.5x, https:\/\/i0.wp.com\/www.sabra.org.br\/site\/wp-content\/uploads\/2023\/04\/instrumentos-mais-faceis-para-se-aprender-a-tocar-20171219145022.jpg.jpg?resize=700%2C400&ssl=1 2x, https:\/\/i0.wp.com\/www.sabra.org.br\/site\/wp-content\/uploads\/2023\/04\/instrumentos-mais-faceis-para-se-aprender-a-tocar-20171219145022.jpg.jpg?resize=1050%2C600&ssl=1 3x, https:\/\/i0.wp.com\/www.sabra.org.br\/site\/wp-content\/uploads\/2023\/04\/instrumentos-mais-faceis-para-se-aprender-a-tocar-20171219145022.jpg.jpg?resize=1400%2C800&ssl=1 4x"},"classes":[]},{"id":2248,"url":"https:\/\/www.sabra.org.br\/site\/estudar-instrumento-musical\/","url_meta":{"origin":4461,"position":3},"title":"Estudar instrumento musical","author":"M\u00e1rcio Miranda Pontes","date":"19 de julho de 2019","format":false,"excerpt":"\u00c9 bastante comum uma pessoa decidir aprender a tocar um instrumento e n\u00e3o saber como come\u00e7ar. Se esse \u00e9 o seu caso, leia o texto e veja nossas dicas para iniciantes!","rel":"","context":"Em &quot;Blog SABRA&quot;","block_context":{"text":"Blog SABRA","link":"https:\/\/www.sabra.org.br\/site\/category\/blog-sabra\/"},"img":{"alt_text":"","src":"https:\/\/i0.wp.com\/www.sabra.org.br\/site\/wp-content\/uploads\/2019\/07\/quer-aprender-a-tocar-algum-instrumento-saiba-por-onde-comecar-20171219145022.jpg.jpg?resize=350%2C200&ssl=1","width":350,"height":200},"classes":[]},{"id":3880,"url":"https:\/\/www.sabra.org.br\/site\/violino-instrumento\/","url_meta":{"origin":4461,"position":4},"title":"Dicas para quem quer aprender a tocar violino","author":"M\u00e1rcio Miranda Pontes","date":"13 de maio de 2021","format":false,"excerpt":"Dicas para quem quer aprender a tocar violino Gosta do violino e deseja aprender a tocar esse instrumento musical o quanto antes? Veja nesse post as 3 principais dicas para come\u00e7ar o seu aprendizado da melhor maneira poss\u00edvel.","rel":"","context":"Em &quot;Blog SABRA&quot;","block_context":{"text":"Blog SABRA","link":"https:\/\/www.sabra.org.br\/site\/category\/blog-sabra\/"},"img":{"alt_text":"violino-instrumento-tocar","src":"https:\/\/i0.wp.com\/www.sabra.org.br\/site\/wp-content\/uploads\/2021\/05\/x-dicas-para-quem-quer-aprender-a-tocar-violino-20210203092956.jpg.jpg?resize=350%2C200&ssl=1","width":350,"height":200,"srcset":"https:\/\/i0.wp.com\/www.sabra.org.br\/site\/wp-content\/uploads\/2021\/05\/x-dicas-para-quem-quer-aprender-a-tocar-violino-20210203092956.jpg.jpg?resize=350%2C200&ssl=1 1x, https:\/\/i0.wp.com\/www.sabra.org.br\/site\/wp-content\/uploads\/2021\/05\/x-dicas-para-quem-quer-aprender-a-tocar-violino-20210203092956.jpg.jpg?resize=525%2C300&ssl=1 1.5x, https:\/\/i0.wp.com\/www.sabra.org.br\/site\/wp-content\/uploads\/2021\/05\/x-dicas-para-quem-quer-aprender-a-tocar-violino-20210203092956.jpg.jpg?resize=700%2C400&ssl=1 2x"},"classes":[]},{"id":7993,"url":"https:\/\/www.sabra.org.br\/site\/saxofone-instrumento\/","url_meta":{"origin":4461,"position":5},"title":"Perguntas frequentes sobre saxofone","author":"M\u00e1rcio Miranda Pontes","date":"18 de setembro de 2023","format":false,"excerpt":"Encontre o instrumento perfeito para sua jornada musical. Saiba como escolher o saxofone certo, explorando tipos, benef\u00edcios e dicas de manuten\u00e7\u00e3o. Clique aqui e leia mais sobre esse conte\u00fado em nosso blog!","rel":"","context":"Em &quot;Blog SABRA&quot;","block_context":{"text":"Blog SABRA","link":"https:\/\/www.sabra.org.br\/site\/category\/blog-sabra\/"},"img":{"alt_text":"sabra-m\u00fasica-saxofone-instrumentos-iniciantes-musicais","src":"https:\/\/i0.wp.com\/www.sabra.org.br\/site\/wp-content\/uploads\/2023\/09\/perguntas-frequentes-sobre-saxofone-20230804102938.jpg-jpg.webp?resize=350%2C200&ssl=1","width":350,"height":200,"srcset":"https:\/\/i0.wp.com\/www.sabra.org.br\/site\/wp-content\/uploads\/2023\/09\/perguntas-frequentes-sobre-saxofone-20230804102938.jpg-jpg.webp?resize=350%2C200&ssl=1 1x, https:\/\/i0.wp.com\/www.sabra.org.br\/site\/wp-content\/uploads\/2023\/09\/perguntas-frequentes-sobre-saxofone-20230804102938.jpg-jpg.webp?resize=525%2C300&ssl=1 1.5x, https:\/\/i0.wp.com\/www.sabra.org.br\/site\/wp-content\/uploads\/2023\/09\/perguntas-frequentes-sobre-saxofone-20230804102938.jpg-jpg.webp?resize=700%2C400&ssl=1 2x"},"classes":[]}],"jetpack_likes_enabled":true,"jetpack_sharing_enabled":true,"_links":{"self":[{"href":"https:\/\/www.sabra.org.br\/site\/wp-json\/wp\/v2\/posts\/4461","targetHints":{"allow":["GET"]}}],"collection":[{"href":"https:\/\/www.sabra.org.br\/site\/wp-json\/wp\/v2\/posts"}],"about":[{"href":"https:\/\/www.sabra.org.br\/site\/wp-json\/wp\/v2\/types\/post"}],"author":[{"embeddable":true,"href":"https:\/\/www.sabra.org.br\/site\/wp-json\/wp\/v2\/users\/39"}],"replies":[{"embeddable":true,"href":"https:\/\/www.sabra.org.br\/site\/wp-json\/wp\/v2\/comments?post=4461"}],"version-history":[{"count":0,"href":"https:\/\/www.sabra.org.br\/site\/wp-json\/wp\/v2\/posts\/4461\/revisions"}],"wp:featuredmedia":[{"embeddable":true,"href":"https:\/\/www.sabra.org.br\/site\/wp-json\/wp\/v2\/media\/4462"}],"wp:attachment":[{"href":"https:\/\/www.sabra.org.br\/site\/wp-json\/wp\/v2\/media?parent=4461"}],"wp:term":[{"taxonomy":"category","embeddable":true,"href":"https:\/\/www.sabra.org.br\/site\/wp-json\/wp\/v2\/categories?post=4461"},{"taxonomy":"post_tag","embeddable":true,"href":"https:\/\/www.sabra.org.br\/site\/wp-json\/wp\/v2\/tags?post=4461"}],"curies":[{"name":"wp","href":"https:\/\/api.w.org\/{rel}","templated":true}]}}