{"id":4651,"date":"2022-02-09T19:25:59","date_gmt":"2022-02-09T22:25:59","guid":{"rendered":"https:\/\/www.sabra.org.br\/site\/?p=4651"},"modified":"2025-04-18T16:58:48","modified_gmt":"2025-04-18T19:58:48","slug":"vagas-2022","status":"publish","type":"post","link":"https:\/\/www.sabra.org.br\/site\/vagas-2022\/","title":{"rendered":"Vagas na Escola de M\u00fasica SABRA em 2022"},"content":{"rendered":"<p>[vc_row][vc_column][vc_column_text css=&#8221;&#8221;]Est\u00e3o abertas as inscri\u00e7\u00f5es para o preenchimento de vagas de Professor(a) de Musicaliza\u00e7\u00e3o Infantil, Secret\u00e1ria(o) Escolar e Analista de Comunica\u00e7\u00e3o da Escola de M\u00fasica SABRA. Veja abaixo os detalhes das posi\u00e7\u00f5es.<br \/>\nInscri\u00e7\u00f5es atrav\u00e9s do link: <strong><a href=\"https:\/\/sabra.page.link\/tqLZ\" target=\"_blank\" rel=\"noopener\">https:\/\/sabra.page.link\/tqLZ<\/a><\/strong><\/p>\n<p><strong>Professor(a) de M\u00fasica<\/strong><\/p>\n<p>Faixa salarial: a combinar<br \/>\nLocal: Betim ou Nova Lima<br \/>\nHor\u00e1rio: disponibilidade nos turnos da manh\u00e3 e tarde<\/p>\n<p>Descri\u00e7\u00e3o:<br \/>\n&#8211; Preparar e lecionar aulas coletivas de m\u00fasica: teoria musical e flauta doce;<br \/>\n&#8211; Planejar, aplicar e avaliar atividades relacionadas ao conte\u00fado da disciplina;<br \/>\n&#8211; Disponibilidade para participa\u00e7\u00e3o em cursos de capacita\u00e7\u00e3o e reuni\u00f5es pedag\u00f3gicas com agenda definida previamente pela Escola de M\u00fasica SABRA;<br \/>\n&#8211; Elaborar de relat\u00f3rios mensais;<br \/>\n&#8211; Responder \u00e0 gest\u00e3o pedag\u00f3gica da Escola de M\u00fasica SABRA.<\/p>\n<p>Requisitos obrigat\u00f3rios:<br \/>\n&#8211; Habilidade did\u00e1tica e pedag\u00f3gica;<br \/>\n&#8211; Experi\u00eancia na pr\u00e1tica de ensino musical para crian\u00e7as de 7 a 9 anos;<br \/>\n&#8211; Dom\u00ednio do conte\u00fado musical b\u00e1sico;<br \/>\n&#8211; Dom\u00ednio do instrumento flauta doce;<br \/>\n&#8211; Interesse em desenvolvimento pessoal e profissional, organiza\u00e7\u00e3o e dinamismo;<br \/>\n&#8211; Disponibilidade para atendimento na cidade escolhida.<\/p>\n<p>Requisitos desej\u00e1veis:<br \/>\n&#8211; Licenciatura em M\u00fasica (completo ou em curso);<br \/>\n&#8211; Conhecimento da plataforma Moodle.<\/p>\n<p>&#8212;&#8212;&#8212;&#8212;&#8212;&#8212;-<\/p>\n<p><strong>Secret\u00e1ria(o) Escolar<\/strong><\/p>\n<p>Faixa salarial: a combinar<br \/>\nLocal de trabalho: Centro, Betim &#8211; MG<br \/>\nDias e hor\u00e1rio de trabalho: 2\u00aa a 6\u00aa feira, das\u00a0 8h00 \u00e0s 17h00 (com 1 hora de almo\u00e7o)<\/p>\n<p>Descri\u00e7\u00e3o:<br \/>\n&#8211; Atualizar e gerenciar os registros e documentos escolares no sistema acad\u00eamico;<br \/>\n&#8211; Operacionalizar processos de matr\u00edcula e transfer\u00eancia de alunos;<br \/>\n&#8211; Controlar e organizar os registros da vida acad\u00eamica dos estudantes;<br \/>\n&#8211; Resolver tr\u00e2mites para registro de conclus\u00e3o de curso, cola\u00e7\u00f5es de grau e formaturas;<br \/>\n&#8211; Colaborar com o planejamento escolar anual;<br \/>\n&#8211; Organizar turmas;<br \/>\n&#8211; Orientar docentes sobre a funcionalidade de di\u00e1rios escolares e do sistema acad\u00eamico;<\/p>\n<p>Requisitos obrigat\u00f3rios:<br \/>\n&#8211; Boa comunica\u00e7\u00e3o;<br \/>\n&#8211; Facilidade em trabalhar em equipe;<br \/>\n&#8211; Paci\u00eancia;<br \/>\n&#8211; Simpatia;<br \/>\n&#8211; Organiza\u00e7\u00e3o;<br \/>\n&#8211; Conhecimento do Pacote MS-Office (Word, Power Point, Excel, Outlook, Publisher) ou programas equivalentes em open source e conhecimento b\u00e1sico em hardware.<\/p>\n<p>Requisitos desej\u00e1veis:<br \/>\n&#8211; Experi\u00eancia na \u00e1rea de secretaria escolar;<br \/>\n&#8211; Curso t\u00e9cnico em Secretariado.<br \/>\n&#8211; Conhecimento da plataforma Moodle (ser\u00e1 um diferencial).<\/p>\n<p>&#8212;&#8212;&#8212;&#8212;&#8212;&#8212;-<\/p>\n<p><strong>Analista de Comunica\u00e7\u00e3o<\/strong><\/p>\n<p>Faixa salarial: a combinar<br \/>\nLocal de trabalho: Centro, Betim &#8211; MG<br \/>\nDias e hor\u00e1rio de trabalho: 2\u00aa a 6\u00aa feira, das 13h00 \u00e0s 17h00<\/p>\n<p>Descri\u00e7\u00e3o:<br \/>\n&#8211; Comunica\u00e7\u00e3o institucional e de causas;<br \/>\n&#8211; Relacionamento com a imprensa;<br \/>\n&#8211; Produ\u00e7\u00e3o de conte\u00fado em texto, arte, foto e v\u00eddeo para os ve\u00edculos utilizados pela SABRA (Site, Facebook, Instagram, Youtube).<br \/>\n&#8211; Atender \u00e0 demanda interna de conte\u00fado criativo.<br \/>\n&#8211; Propor campanhas de mobiliza\u00e7\u00e3o especificas para os canais de redes sociais.<\/p>\n<p>Requisitos obrigat\u00f3rios:<br \/>\n&#8211; Facilidade em trabalhar em equipe;<br \/>\n&#8211; Conhecimento do Pacotes Office (Word, Power Point, Excel, Outlook, Publisher) e Adobe (Illustrator, In Design e Photoshop) ou programas equivalentes em open source;<br \/>\n&#8211; Experi\u00eancia com ferramentas de Web Analytics (Preferencialmente Google Analytics) &#8211; n\u00edvel b\u00e1sico.<\/p>\n<p>Requisitos desej\u00e1veis:<br \/>\n&#8211; Experi\u00eancia anterior na \u00e1rea de comunica\u00e7\u00e3o;<br \/>\n&#8211; Superior Completo em Comunica\u00e7\u00e3o, Marketing ou \u00e1reas correlatas;<\/p>\n<p>&#8212;&#8212;&#8212;&#8212;&#8212;&#8212;&#8212;&#8211;<\/p>\n<p><strong>Proteja-se do Coronav\u00edrus:<\/strong> Devido a pandemia da Covid-19, temos o compromisso de priorizar a seguran\u00e7a dos nossos colaboradores e candidatos. Por isso, grande parte da nossa equipe vem trabalhando de casa. Al\u00e9m disso, adaptamos nossos processos seletivos para que voc\u00ea possa realizar a maioria das etapas sem sair de casa!<\/p>\n<blockquote class=\"wp-embedded-content\" data-secret=\"otuG4bpuGx\"><p><a href=\"https:\/\/www.sabra.org.br\/site\/textos-fundamentais\/\">Textos fundamentais<\/a><\/p><\/blockquote>\n<p><iframe class=\"wp-embedded-content\" sandbox=\"allow-scripts\" security=\"restricted\" style=\"position: absolute; visibility: hidden;\" title=\"&#8220;Textos fundamentais&#8221; &#8212; SABRA - Sociedade Art\u00edstica Brasileira\" src=\"https:\/\/www.sabra.org.br\/site\/textos-fundamentais\/embed\/#?secret=c31RLZXPC4#?secret=otuG4bpuGx\" data-secret=\"otuG4bpuGx\" width=\"600\" height=\"338\" frameborder=\"0\" marginwidth=\"0\" marginheight=\"0\" scrolling=\"no\"><\/iframe><\/p>\n<hr \/>\n<h2>Se voc\u00ea gostou deste post:<\/h2>\n<p>&#8211; SIGA as nossas p\u00e1ginas nas redes sociais para acompanhar as nossas atualiza\u00e7\u00f5es: estamos no <a href=\"https:\/\/www.facebook.com\/sabrabrasil\" target=\"_blank\" rel=\"noopener\">Facebook<\/a>, no <a href=\"https:\/\/www.instagram.com\/sabrabrasil\/\" target=\"_blank\" rel=\"noopener\">Instagram<\/a>, no <a href=\"https:\/\/www.linkedin.com\/company\/25002088\" target=\"_blank\" rel=\"noopener\">LinkedIn<\/a>, no <a href=\"https:\/\/x.com\/ContatoSabra\" target=\"_blank\" rel=\"noopener\">X<\/a> e no <a href=\"https:\/\/www.youtube.com\/channel\/UCJw-kbuEvzUNdeQf20Pa-eQ\" target=\"_blank\" rel=\"noopener\">YouTube<\/a>!<\/p>\n<p>&#8211; CONHE\u00c7A o trabalho da Sociedade Art\u00edstica Brasileira (SABRA) e todas as iniciativas culturais e sociais que ela mant\u00e9m. <a href=\"https:\/\/www.sabra.org.br\/site\/acoes\/\" target=\"_blank\" rel=\"noopener\">Acesse nosso site!<\/a><\/p>\n<p>&#8211; ENTRE EM CONTATO com a gente. E veja quais s\u00e3o as op\u00e7\u00f5es de ajuda na manuten\u00e7\u00e3o de nossas a\u00e7\u00f5es sociais e culturais. Basta acessar nossa p\u00e1gina <a href=\"https:\/\/www.sabra.org.br\/site\/doe-agora\/\" target=\"_blank\" rel=\"noopener\">Doe Agora!<\/a><\/p>\n<p>&#8211; COMPARTILHE este texto nas suas redes sociais e ajude os seus amigos a tamb\u00e9m dominarem o assunto!<\/p>\n<p>\u2013 Os projetos da @sabrabrasil s\u00e3o realizados com o patroci\u0301nio m\u00e1ster: @institutounimedbh, viabilizado pelo incentivo de mais de 5,7 mil m\u00e9dicos cooperados e colaboradores via Lei de Incentivo \u00e0 Cultura &#8211; @culturagovbr[\/vc_column_text][\/vc_column][\/vc_row]<\/p>\n","protected":false},"excerpt":{"rendered":"<p>Est\u00e3o abertas as inscri\u00e7\u00f5es para o preenchimento de vagas de Professor(a) de Musicaliza\u00e7\u00e3o Infantil, Secret\u00e1ria(o) Escolar e Analista de Comunica\u00e7\u00e3o da Escola de M\u00fasica SABRA. <\/p>\n","protected":false},"author":39,"featured_media":4160,"comment_status":"open","ping_status":"open","sticky":false,"template":"","format":"standard","meta":{"jetpack_post_was_ever_published":false,"_jetpack_newsletter_access":"","_jetpack_dont_email_post_to_subs":false,"_jetpack_newsletter_tier_id":0,"_jetpack_memberships_contains_paywalled_content":false,"_jetpack_memberships_contains_paid_content":false,"footnotes":""},"categories":[4],"tags":[15,3626,3623,8,1285,16,3519,1286,11,3622,9],"class_list":["post-4651","post","type-post","status-publish","format-standard","has-post-thumbnail","hentry","category-noticias","tag-assistencia-social","tag-cabo-frio","tag-campos-dos-goytacazes","tag-canto-coral","tag-escola-de-musica-sabra","tag-musicalizacao-infantil","tag-nova-lima-2","tag-orquestra-infanto-juvenil-de-betim","tag-orquestra-sinfonica-de-betim","tag-raposos","tag-sociedade-artistica-brasileira"],"yoast_head":"<!-- This site is optimized with the Yoast SEO plugin v27.5 - https:\/\/yoast.com\/product\/yoast-seo-wordpress\/ -->\n<title>Vagas na Escola de M\u00fasica SABRA em 2022 - SABRA - Sociedade Art\u00edstica Brasileira<\/title>\n<meta name=\"description\" content=\"Est\u00e3o abertas vagas de Professor(a) de Musicaliza\u00e7\u00e3o Infantil, Secret\u00e1ria(o) Escolar e Analista de Comunica\u00e7\u00e3o da Escola de M\u00fasica SABRA.\" \/>\n<meta name=\"robots\" content=\"index, follow, max-snippet:-1, max-image-preview:large, max-video-preview:-1\" \/>\n<link rel=\"canonical\" href=\"https:\/\/www.sabra.org.br\/site\/vagas-2022\/\" \/>\n<meta property=\"og:locale\" content=\"pt_BR\" \/>\n<meta property=\"og:type\" content=\"article\" \/>\n<meta property=\"og:title\" content=\"Vagas na Escola de M\u00fasica SABRA em 2022 - SABRA - Sociedade Art\u00edstica Brasileira\" \/>\n<meta property=\"og:description\" content=\"Est\u00e3o abertas vagas de Professor(a) de Musicaliza\u00e7\u00e3o Infantil, Secret\u00e1ria(o) Escolar e Analista de Comunica\u00e7\u00e3o da Escola de M\u00fasica SABRA.\" \/>\n<meta property=\"og:url\" content=\"https:\/\/www.sabra.org.br\/site\/vagas-2022\/\" \/>\n<meta property=\"og:site_name\" content=\"SABRA - Sociedade Art\u00edstica Brasileira\" \/>\n<meta property=\"article:publisher\" content=\"https:\/\/www.facebook.com\/sabrabrasil\" \/>\n<meta property=\"article:published_time\" content=\"2022-02-09T22:25:59+00:00\" \/>\n<meta property=\"article:modified_time\" content=\"2025-04-18T19:58:48+00:00\" \/>\n<meta property=\"og:image\" content=\"https:\/\/www.sabra.org.br\/site\/wp-content\/uploads\/2021\/09\/como-incluir-a-consciencia-ambiental-na-sua-empresa-20210609152644.jpg.jpg\" \/>\n\t<meta property=\"og:image:width\" content=\"800\" \/>\n\t<meta property=\"og:image:height\" content=\"533\" \/>\n\t<meta property=\"og:image:type\" content=\"image\/jpeg\" \/>\n<meta name=\"author\" content=\"M\u00e1rcio Miranda Pontes\" \/>\n<meta name=\"twitter:card\" content=\"summary_large_image\" \/>\n<meta name=\"twitter:creator\" content=\"@ContatoSabra\" \/>\n<meta name=\"twitter:site\" content=\"@ContatoSabra\" \/>\n<meta name=\"twitter:label1\" content=\"Escrito por\" \/>\n\t<meta name=\"twitter:data1\" content=\"M\u00e1rcio Miranda Pontes\" \/>\n\t<meta name=\"twitter:label2\" content=\"Est. tempo de leitura\" \/>\n\t<meta name=\"twitter:data2\" content=\"3 minutos\" \/>\n<script type=\"application\/ld+json\" class=\"yoast-schema-graph\">{\"@context\":\"https:\\\/\\\/schema.org\",\"@graph\":[{\"@type\":\"Article\",\"@id\":\"https:\\\/\\\/www.sabra.org.br\\\/site\\\/vagas-2022\\\/#article\",\"isPartOf\":{\"@id\":\"https:\\\/\\\/www.sabra.org.br\\\/site\\\/vagas-2022\\\/\"},\"author\":{\"name\":\"M\u00e1rcio Miranda Pontes\",\"@id\":\"https:\\\/\\\/www.sabra.org.br\\\/site\\\/#\\\/schema\\\/person\\\/7d1d222c3c8891d4c37c7b41bf6315c2\"},\"headline\":\"Vagas na Escola de M\u00fasica SABRA em 2022\",\"datePublished\":\"2022-02-09T22:25:59+00:00\",\"dateModified\":\"2025-04-18T19:58:48+00:00\",\"mainEntityOfPage\":{\"@id\":\"https:\\\/\\\/www.sabra.org.br\\\/site\\\/vagas-2022\\\/\"},\"wordCount\":788,\"commentCount\":0,\"publisher\":{\"@id\":\"https:\\\/\\\/www.sabra.org.br\\\/site\\\/#organization\"},\"image\":{\"@id\":\"https:\\\/\\\/www.sabra.org.br\\\/site\\\/vagas-2022\\\/#primaryimage\"},\"thumbnailUrl\":\"https:\\\/\\\/www.sabra.org.br\\\/site\\\/wp-content\\\/uploads\\\/2021\\\/09\\\/como-incluir-a-consciencia-ambiental-na-sua-empresa-20210609152644.jpg.jpg\",\"keywords\":[\"Assist\u00eancia social\",\"Cabo Frio\",\"Campos dos Goytacazes\",\"Canto Coral\",\"Escola de Musica SABRA\",\"Musicaliza\u00e7\u00e3o Infantil\",\"nova lima\",\"Orquestra Infanto Juvenil de Betim\",\"Orquestra Sinf\u00f4nica de Betim\",\"Raposos\",\"Sociedade Art\u00edstica Brasileira\"],\"articleSection\":[\"Not\u00edcias\"],\"inLanguage\":\"pt-BR\",\"potentialAction\":[{\"@type\":\"CommentAction\",\"name\":\"Comment\",\"target\":[\"https:\\\/\\\/www.sabra.org.br\\\/site\\\/vagas-2022\\\/#respond\"]}]},{\"@type\":\"WebPage\",\"@id\":\"https:\\\/\\\/www.sabra.org.br\\\/site\\\/vagas-2022\\\/\",\"url\":\"https:\\\/\\\/www.sabra.org.br\\\/site\\\/vagas-2022\\\/\",\"name\":\"Vagas na Escola de M\u00fasica SABRA em 2022 - SABRA - Sociedade Art\u00edstica Brasileira\",\"isPartOf\":{\"@id\":\"https:\\\/\\\/www.sabra.org.br\\\/site\\\/#website\"},\"primaryImageOfPage\":{\"@id\":\"https:\\\/\\\/www.sabra.org.br\\\/site\\\/vagas-2022\\\/#primaryimage\"},\"image\":{\"@id\":\"https:\\\/\\\/www.sabra.org.br\\\/site\\\/vagas-2022\\\/#primaryimage\"},\"thumbnailUrl\":\"https:\\\/\\\/www.sabra.org.br\\\/site\\\/wp-content\\\/uploads\\\/2021\\\/09\\\/como-incluir-a-consciencia-ambiental-na-sua-empresa-20210609152644.jpg.jpg\",\"datePublished\":\"2022-02-09T22:25:59+00:00\",\"dateModified\":\"2025-04-18T19:58:48+00:00\",\"description\":\"Est\u00e3o abertas vagas de Professor(a) de Musicaliza\u00e7\u00e3o Infantil, Secret\u00e1ria(o) Escolar e Analista de Comunica\u00e7\u00e3o da Escola de M\u00fasica SABRA.\",\"breadcrumb\":{\"@id\":\"https:\\\/\\\/www.sabra.org.br\\\/site\\\/vagas-2022\\\/#breadcrumb\"},\"inLanguage\":\"pt-BR\",\"potentialAction\":[{\"@type\":\"ReadAction\",\"target\":[\"https:\\\/\\\/www.sabra.org.br\\\/site\\\/vagas-2022\\\/\"]}]},{\"@type\":\"ImageObject\",\"inLanguage\":\"pt-BR\",\"@id\":\"https:\\\/\\\/www.sabra.org.br\\\/site\\\/vagas-2022\\\/#primaryimage\",\"url\":\"https:\\\/\\\/www.sabra.org.br\\\/site\\\/wp-content\\\/uploads\\\/2021\\\/09\\\/como-incluir-a-consciencia-ambiental-na-sua-empresa-20210609152644.jpg.jpg\",\"contentUrl\":\"https:\\\/\\\/www.sabra.org.br\\\/site\\\/wp-content\\\/uploads\\\/2021\\\/09\\\/como-incluir-a-consciencia-ambiental-na-sua-empresa-20210609152644.jpg.jpg\",\"width\":800,\"height\":533,\"caption\":\"sociedade Art\u00edstica Brasileira SABRA\"},{\"@type\":\"BreadcrumbList\",\"@id\":\"https:\\\/\\\/www.sabra.org.br\\\/site\\\/vagas-2022\\\/#breadcrumb\",\"itemListElement\":[{\"@type\":\"ListItem\",\"position\":1,\"name\":\"In\u00edcio\",\"item\":\"https:\\\/\\\/www.sabra.org.br\\\/site\\\/\"},{\"@type\":\"ListItem\",\"position\":2,\"name\":\"Vagas na Escola de M\u00fasica SABRA em 2022\"}]},{\"@type\":\"WebSite\",\"@id\":\"https:\\\/\\\/www.sabra.org.br\\\/site\\\/#website\",\"url\":\"https:\\\/\\\/www.sabra.org.br\\\/site\\\/\",\"name\":\"SABRA - Sociedade Art\u00edstica Brasileira\",\"description\":\"Escola de M\u00fasica, Orquestra Sinf\u00f4nica, Coral e Patrim\u00f4nio Cultural e Hist\u00f3rico\",\"publisher\":{\"@id\":\"https:\\\/\\\/www.sabra.org.br\\\/site\\\/#organization\"},\"potentialAction\":[{\"@type\":\"SearchAction\",\"target\":{\"@type\":\"EntryPoint\",\"urlTemplate\":\"https:\\\/\\\/www.sabra.org.br\\\/site\\\/?s={search_term_string}\"},\"query-input\":{\"@type\":\"PropertyValueSpecification\",\"valueRequired\":true,\"valueName\":\"search_term_string\"}}],\"inLanguage\":\"pt-BR\"},{\"@type\":\"Organization\",\"@id\":\"https:\\\/\\\/www.sabra.org.br\\\/site\\\/#organization\",\"name\":\"SOCIEDADE ART\u00cdSTICA BRASILEIRA SABRA\",\"alternateName\":\"SABRA\",\"url\":\"https:\\\/\\\/www.sabra.org.br\\\/site\\\/\",\"logo\":{\"@type\":\"ImageObject\",\"inLanguage\":\"pt-BR\",\"@id\":\"https:\\\/\\\/www.sabra.org.br\\\/site\\\/#\\\/schema\\\/logo\\\/image\\\/\",\"url\":\"https:\\\/\\\/www.sabra.org.br\\\/site\\\/wp-content\\\/uploads\\\/2019\\\/06\\\/cropped-Logo_SABRA-Copia-1.webp\",\"contentUrl\":\"https:\\\/\\\/www.sabra.org.br\\\/site\\\/wp-content\\\/uploads\\\/2019\\\/06\\\/cropped-Logo_SABRA-Copia-1.webp\",\"width\":400,\"height\":128,\"caption\":\"SOCIEDADE ART\u00cdSTICA BRASILEIRA SABRA\"},\"image\":{\"@id\":\"https:\\\/\\\/www.sabra.org.br\\\/site\\\/#\\\/schema\\\/logo\\\/image\\\/\"},\"sameAs\":[\"https:\\\/\\\/www.facebook.com\\\/sabrabrasil\",\"https:\\\/\\\/x.com\\\/ContatoSabra\",\"https:\\\/\\\/www.instagram.com\\\/sabrabrasil\\\/\",\"https:\\\/\\\/www.linkedin.com\\\/company\\\/25002088\\\/\",\"https:\\\/\\\/br.pinterest.com\\\/sociedadeartisticabrasileira\\\/\",\"https:\\\/\\\/www.youtube.com\\\/c\\\/sabrabrasil\"]},{\"@type\":\"Person\",\"@id\":\"https:\\\/\\\/www.sabra.org.br\\\/site\\\/#\\\/schema\\\/person\\\/7d1d222c3c8891d4c37c7b41bf6315c2\",\"name\":\"M\u00e1rcio Miranda Pontes\",\"image\":{\"@type\":\"ImageObject\",\"inLanguage\":\"pt-BR\",\"@id\":\"https:\\\/\\\/secure.gravatar.com\\\/avatar\\\/3b45f24496a7625a3a6c436688fbe20344faaeb2979658dc4a9921f984d7df9a?s=96&d=mm&r=g\",\"url\":\"https:\\\/\\\/secure.gravatar.com\\\/avatar\\\/3b45f24496a7625a3a6c436688fbe20344faaeb2979658dc4a9921f984d7df9a?s=96&d=mm&r=g\",\"contentUrl\":\"https:\\\/\\\/secure.gravatar.com\\\/avatar\\\/3b45f24496a7625a3a6c436688fbe20344faaeb2979658dc4a9921f984d7df9a?s=96&d=mm&r=g\",\"caption\":\"M\u00e1rcio Miranda Pontes\"},\"sameAs\":[\"http:\\\/\\\/www.sabra.org.br\"],\"url\":\"https:\\\/\\\/www.sabra.org.br\\\/site\\\/author\\\/marcio-miranda-pontes\\\/\"}]}<\/script>\n<!-- \/ Yoast SEO plugin. -->","yoast_head_json":{"title":"Vagas na Escola de M\u00fasica SABRA em 2022 - SABRA - Sociedade Art\u00edstica Brasileira","description":"Est\u00e3o abertas vagas de Professor(a) de Musicaliza\u00e7\u00e3o Infantil, Secret\u00e1ria(o) Escolar e Analista de Comunica\u00e7\u00e3o da Escola de M\u00fasica SABRA.","robots":{"index":"index","follow":"follow","max-snippet":"max-snippet:-1","max-image-preview":"max-image-preview:large","max-video-preview":"max-video-preview:-1"},"canonical":"https:\/\/www.sabra.org.br\/site\/vagas-2022\/","og_locale":"pt_BR","og_type":"article","og_title":"Vagas na Escola de M\u00fasica SABRA em 2022 - SABRA - Sociedade Art\u00edstica Brasileira","og_description":"Est\u00e3o abertas vagas de Professor(a) de Musicaliza\u00e7\u00e3o Infantil, Secret\u00e1ria(o) Escolar e Analista de Comunica\u00e7\u00e3o da Escola de M\u00fasica SABRA.","og_url":"https:\/\/www.sabra.org.br\/site\/vagas-2022\/","og_site_name":"SABRA - Sociedade Art\u00edstica Brasileira","article_publisher":"https:\/\/www.facebook.com\/sabrabrasil","article_published_time":"2022-02-09T22:25:59+00:00","article_modified_time":"2025-04-18T19:58:48+00:00","og_image":[{"width":800,"height":533,"url":"https:\/\/www.sabra.org.br\/site\/wp-content\/uploads\/2021\/09\/como-incluir-a-consciencia-ambiental-na-sua-empresa-20210609152644.jpg.jpg","type":"image\/jpeg"}],"author":"M\u00e1rcio Miranda Pontes","twitter_card":"summary_large_image","twitter_creator":"@ContatoSabra","twitter_site":"@ContatoSabra","twitter_misc":{"Escrito por":"M\u00e1rcio Miranda Pontes","Est. tempo de leitura":"3 minutos"},"schema":{"@context":"https:\/\/schema.org","@graph":[{"@type":"Article","@id":"https:\/\/www.sabra.org.br\/site\/vagas-2022\/#article","isPartOf":{"@id":"https:\/\/www.sabra.org.br\/site\/vagas-2022\/"},"author":{"name":"M\u00e1rcio Miranda Pontes","@id":"https:\/\/www.sabra.org.br\/site\/#\/schema\/person\/7d1d222c3c8891d4c37c7b41bf6315c2"},"headline":"Vagas na Escola de M\u00fasica SABRA em 2022","datePublished":"2022-02-09T22:25:59+00:00","dateModified":"2025-04-18T19:58:48+00:00","mainEntityOfPage":{"@id":"https:\/\/www.sabra.org.br\/site\/vagas-2022\/"},"wordCount":788,"commentCount":0,"publisher":{"@id":"https:\/\/www.sabra.org.br\/site\/#organization"},"image":{"@id":"https:\/\/www.sabra.org.br\/site\/vagas-2022\/#primaryimage"},"thumbnailUrl":"https:\/\/www.sabra.org.br\/site\/wp-content\/uploads\/2021\/09\/como-incluir-a-consciencia-ambiental-na-sua-empresa-20210609152644.jpg.jpg","keywords":["Assist\u00eancia social","Cabo Frio","Campos dos Goytacazes","Canto Coral","Escola de Musica SABRA","Musicaliza\u00e7\u00e3o Infantil","nova lima","Orquestra Infanto Juvenil de Betim","Orquestra Sinf\u00f4nica de Betim","Raposos","Sociedade Art\u00edstica Brasileira"],"articleSection":["Not\u00edcias"],"inLanguage":"pt-BR","potentialAction":[{"@type":"CommentAction","name":"Comment","target":["https:\/\/www.sabra.org.br\/site\/vagas-2022\/#respond"]}]},{"@type":"WebPage","@id":"https:\/\/www.sabra.org.br\/site\/vagas-2022\/","url":"https:\/\/www.sabra.org.br\/site\/vagas-2022\/","name":"Vagas na Escola de M\u00fasica SABRA em 2022 - SABRA - Sociedade Art\u00edstica Brasileira","isPartOf":{"@id":"https:\/\/www.sabra.org.br\/site\/#website"},"primaryImageOfPage":{"@id":"https:\/\/www.sabra.org.br\/site\/vagas-2022\/#primaryimage"},"image":{"@id":"https:\/\/www.sabra.org.br\/site\/vagas-2022\/#primaryimage"},"thumbnailUrl":"https:\/\/www.sabra.org.br\/site\/wp-content\/uploads\/2021\/09\/como-incluir-a-consciencia-ambiental-na-sua-empresa-20210609152644.jpg.jpg","datePublished":"2022-02-09T22:25:59+00:00","dateModified":"2025-04-18T19:58:48+00:00","description":"Est\u00e3o abertas vagas de Professor(a) de Musicaliza\u00e7\u00e3o Infantil, Secret\u00e1ria(o) Escolar e Analista de Comunica\u00e7\u00e3o da Escola de M\u00fasica SABRA.","breadcrumb":{"@id":"https:\/\/www.sabra.org.br\/site\/vagas-2022\/#breadcrumb"},"inLanguage":"pt-BR","potentialAction":[{"@type":"ReadAction","target":["https:\/\/www.sabra.org.br\/site\/vagas-2022\/"]}]},{"@type":"ImageObject","inLanguage":"pt-BR","@id":"https:\/\/www.sabra.org.br\/site\/vagas-2022\/#primaryimage","url":"https:\/\/www.sabra.org.br\/site\/wp-content\/uploads\/2021\/09\/como-incluir-a-consciencia-ambiental-na-sua-empresa-20210609152644.jpg.jpg","contentUrl":"https:\/\/www.sabra.org.br\/site\/wp-content\/uploads\/2021\/09\/como-incluir-a-consciencia-ambiental-na-sua-empresa-20210609152644.jpg.jpg","width":800,"height":533,"caption":"sociedade Art\u00edstica Brasileira SABRA"},{"@type":"BreadcrumbList","@id":"https:\/\/www.sabra.org.br\/site\/vagas-2022\/#breadcrumb","itemListElement":[{"@type":"ListItem","position":1,"name":"In\u00edcio","item":"https:\/\/www.sabra.org.br\/site\/"},{"@type":"ListItem","position":2,"name":"Vagas na Escola de M\u00fasica SABRA em 2022"}]},{"@type":"WebSite","@id":"https:\/\/www.sabra.org.br\/site\/#website","url":"https:\/\/www.sabra.org.br\/site\/","name":"SABRA - Sociedade Art\u00edstica Brasileira","description":"Escola de M\u00fasica, Orquestra Sinf\u00f4nica, Coral e Patrim\u00f4nio Cultural e Hist\u00f3rico","publisher":{"@id":"https:\/\/www.sabra.org.br\/site\/#organization"},"potentialAction":[{"@type":"SearchAction","target":{"@type":"EntryPoint","urlTemplate":"https:\/\/www.sabra.org.br\/site\/?s={search_term_string}"},"query-input":{"@type":"PropertyValueSpecification","valueRequired":true,"valueName":"search_term_string"}}],"inLanguage":"pt-BR"},{"@type":"Organization","@id":"https:\/\/www.sabra.org.br\/site\/#organization","name":"SOCIEDADE ART\u00cdSTICA BRASILEIRA SABRA","alternateName":"SABRA","url":"https:\/\/www.sabra.org.br\/site\/","logo":{"@type":"ImageObject","inLanguage":"pt-BR","@id":"https:\/\/www.sabra.org.br\/site\/#\/schema\/logo\/image\/","url":"https:\/\/www.sabra.org.br\/site\/wp-content\/uploads\/2019\/06\/cropped-Logo_SABRA-Copia-1.webp","contentUrl":"https:\/\/www.sabra.org.br\/site\/wp-content\/uploads\/2019\/06\/cropped-Logo_SABRA-Copia-1.webp","width":400,"height":128,"caption":"SOCIEDADE ART\u00cdSTICA BRASILEIRA SABRA"},"image":{"@id":"https:\/\/www.sabra.org.br\/site\/#\/schema\/logo\/image\/"},"sameAs":["https:\/\/www.facebook.com\/sabrabrasil","https:\/\/x.com\/ContatoSabra","https:\/\/www.instagram.com\/sabrabrasil\/","https:\/\/www.linkedin.com\/company\/25002088\/","https:\/\/br.pinterest.com\/sociedadeartisticabrasileira\/","https:\/\/www.youtube.com\/c\/sabrabrasil"]},{"@type":"Person","@id":"https:\/\/www.sabra.org.br\/site\/#\/schema\/person\/7d1d222c3c8891d4c37c7b41bf6315c2","name":"M\u00e1rcio Miranda Pontes","image":{"@type":"ImageObject","inLanguage":"pt-BR","@id":"https:\/\/secure.gravatar.com\/avatar\/3b45f24496a7625a3a6c436688fbe20344faaeb2979658dc4a9921f984d7df9a?s=96&d=mm&r=g","url":"https:\/\/secure.gravatar.com\/avatar\/3b45f24496a7625a3a6c436688fbe20344faaeb2979658dc4a9921f984d7df9a?s=96&d=mm&r=g","contentUrl":"https:\/\/secure.gravatar.com\/avatar\/3b45f24496a7625a3a6c436688fbe20344faaeb2979658dc4a9921f984d7df9a?s=96&d=mm&r=g","caption":"M\u00e1rcio Miranda Pontes"},"sameAs":["http:\/\/www.sabra.org.br"],"url":"https:\/\/www.sabra.org.br\/site\/author\/marcio-miranda-pontes\/"}]}},"jetpack_featured_media_url":"https:\/\/www.sabra.org.br\/site\/wp-content\/uploads\/2021\/09\/como-incluir-a-consciencia-ambiental-na-sua-empresa-20210609152644.jpg.jpg","jetpack_shortlink":"https:\/\/wp.me\/p95j2Z-1d1","jetpack-related-posts":[{"id":2418,"url":"https:\/\/www.sabra.org.br\/site\/curso-de-musicalizacao-infantil-gratuito\/","url_meta":{"origin":4651,"position":0},"title":"Curso Gratuito de Musicaliza\u00e7\u00e3o Infantil em Betim &#8211; 2020","author":"M\u00e1rcio Miranda Pontes","date":"7 de fevereiro de 2020","format":false,"excerpt":"A Sociedade Art\u00edstica Brasileira SABRA est\u00e1 oferecendo vagas para o Curso Gratuito de Musicaliza\u00e7\u00e3o Infantil em Betim. Vagas apenas para crian\u00e7as regularmente matriculadas no 2\u00ba ou 3\u00ba ano do Ensino Fundamental.","rel":"","context":"Em &quot;Not\u00edcias&quot;","block_context":{"text":"Not\u00edcias","link":"https:\/\/www.sabra.org.br\/site\/category\/noticias\/"},"img":{"alt_text":"Musicaliza\u00e7\u00e3o Infantil Escola de M\u00fasica","src":"https:\/\/i0.wp.com\/www.sabra.org.br\/site\/wp-content\/uploads\/2019\/01\/Musicaliza%C3%A7%C3%A3o.jpg?resize=350%2C200&ssl=1","width":350,"height":200,"srcset":"https:\/\/i0.wp.com\/www.sabra.org.br\/site\/wp-content\/uploads\/2019\/01\/Musicaliza%C3%A7%C3%A3o.jpg?resize=350%2C200&ssl=1 1x, https:\/\/i0.wp.com\/www.sabra.org.br\/site\/wp-content\/uploads\/2019\/01\/Musicaliza%C3%A7%C3%A3o.jpg?resize=525%2C300&ssl=1 1.5x, https:\/\/i0.wp.com\/www.sabra.org.br\/site\/wp-content\/uploads\/2019\/01\/Musicaliza%C3%A7%C3%A3o.jpg?resize=700%2C400&ssl=1 2x"},"classes":[]},{"id":6770,"url":"https:\/\/www.sabra.org.br\/site\/musicalizacao2023\/","url_meta":{"origin":4651,"position":1},"title":"Musicaliza\u00e7\u00e3o e Coral Infantil","author":"M\u00e1rcio Miranda Pontes","date":"21 de mar\u00e7o de 2023","format":false,"excerpt":"A Sociedade Art\u00edstica Brasileira (SABRA) est\u00e1 selecionando estudantes para o Curso de Musicaliza\u00e7\u00e3o Infantil. S\u00e3o 620 vagas. Podem participar estudantes regularmente matriculados no 2\u00ba \u00a0ano do Ensino Fundamental I. As inscri\u00e7\u00f5es come\u00e7am no dia 21 e v\u00e3o at\u00e9 30 de mar\u00e7o.","rel":"","context":"Em &quot;Not\u00edcias&quot;","block_context":{"text":"Not\u00edcias","link":"https:\/\/www.sabra.org.br\/site\/category\/noticias\/"},"img":{"alt_text":"Musicaliza\u00e7\u00e3o-violino-viola-cordas-sabra","src":"https:\/\/i0.wp.com\/www.sabra.org.br\/site\/wp-content\/uploads\/2023\/03\/Musicalizacao-2.jpg?resize=350%2C200&ssl=1","width":350,"height":200,"srcset":"https:\/\/i0.wp.com\/www.sabra.org.br\/site\/wp-content\/uploads\/2023\/03\/Musicalizacao-2.jpg?resize=350%2C200&ssl=1 1x, https:\/\/i0.wp.com\/www.sabra.org.br\/site\/wp-content\/uploads\/2023\/03\/Musicalizacao-2.jpg?resize=525%2C300&ssl=1 1.5x, https:\/\/i0.wp.com\/www.sabra.org.br\/site\/wp-content\/uploads\/2023\/03\/Musicalizacao-2.jpg?resize=700%2C400&ssl=1 2x, https:\/\/i0.wp.com\/www.sabra.org.br\/site\/wp-content\/uploads\/2023\/03\/Musicalizacao-2.jpg?resize=1050%2C600&ssl=1 3x, https:\/\/i0.wp.com\/www.sabra.org.br\/site\/wp-content\/uploads\/2023\/03\/Musicalizacao-2.jpg?resize=1400%2C800&ssl=1 4x"},"classes":[]},{"id":11411,"url":"https:\/\/www.sabra.org.br\/site\/musicalizacao-coral-infantil-2025\/","url_meta":{"origin":4651,"position":2},"title":"SABRA cursos gratuitos de musicaliza\u00e7\u00e3o e coral infantil","author":"M\u00e1rcio Miranda Pontes","date":"13 de mar\u00e7o de 2025","format":false,"excerpt":"Participe do projeto 'M\u00fasica Inclusiva' e conhe\u00e7a os cursos de musicaliza\u00e7\u00e3o dispon\u00edveis para todas as idades.","rel":"","context":"Em &quot;Not\u00edcias&quot;","block_context":{"text":"Not\u00edcias","link":"https:\/\/www.sabra.org.br\/site\/category\/noticias\/"},"img":{"alt_text":"musicaliza\u00e7\u00e3o-coral-infantil-curso b\u00e1sico de m\u00fasica-curso intermedi\u00e1rio de m\u00fasica","src":"https:\/\/i0.wp.com\/www.sabra.org.br\/site\/wp-content\/uploads\/2025\/03\/Musicalizacao.jpg?resize=350%2C200&ssl=1","width":350,"height":200,"srcset":"https:\/\/i0.wp.com\/www.sabra.org.br\/site\/wp-content\/uploads\/2025\/03\/Musicalizacao.jpg?resize=350%2C200&ssl=1 1x, https:\/\/i0.wp.com\/www.sabra.org.br\/site\/wp-content\/uploads\/2025\/03\/Musicalizacao.jpg?resize=525%2C300&ssl=1 1.5x, https:\/\/i0.wp.com\/www.sabra.org.br\/site\/wp-content\/uploads\/2025\/03\/Musicalizacao.jpg?resize=700%2C400&ssl=1 2x, https:\/\/i0.wp.com\/www.sabra.org.br\/site\/wp-content\/uploads\/2025\/03\/Musicalizacao.jpg?resize=1050%2C600&ssl=1 3x, https:\/\/i0.wp.com\/www.sabra.org.br\/site\/wp-content\/uploads\/2025\/03\/Musicalizacao.jpg?resize=1400%2C800&ssl=1 4x"},"classes":[]},{"id":2220,"url":"https:\/\/www.sabra.org.br\/site\/musicalizacao\/","url_meta":{"origin":4651,"position":3},"title":"Musicaliza\u00e7\u00e3o Nova Lima","author":"M\u00e1rcio Miranda Pontes","date":"31 de mar\u00e7o de 2020","format":false,"excerpt":"Escola de M\u00fasica de Nova Lima abre mais 200 vagas para as crian\u00e7as A Escola de M\u00fasica de Nova Lima ampliar\u00e1 suas atividades neste segundo semestre e abrir\u00e1 mais 200 vagas para o p\u00fablico infantil. Uma nova s\u00e9rie de atividades vem sendo elaborada pela dire\u00e7\u00e3o em parceria com a Secretaria\u2026","rel":"","context":"Em &quot;Not\u00edcias&quot;","block_context":{"text":"Not\u00edcias","link":"https:\/\/www.sabra.org.br\/site\/category\/noticias\/"},"img":{"alt_text":"","src":"","width":0,"height":0},"classes":[]},{"id":2262,"url":"https:\/\/www.sabra.org.br\/site\/musicalizacao-infantil-sabra\/","url_meta":{"origin":4651,"position":4},"title":"SABRA &#8211; Musicaliza\u00e7\u00e3o Infantil","author":"M\u00e1rcio Miranda Pontes","date":"24 de julho de 2019","format":false,"excerpt":"A Escola de M\u00fasica de Nova Lima, em parceria com a SABRA, ampliar\u00e1 suas atividades neste segundo semestre e abrir\u00e1 mais 140 vagas para o p\u00fablico infantil. Elas s\u00e3o direcionadas para as crian\u00e7as com idades entre 7 e 8 anos, regularmente matriculadas no ensino fundamental. As inscri\u00e7\u00f5es ser\u00e3o realizadas entre\u2026","rel":"","context":"Em &quot;Not\u00edcias&quot;","block_context":{"text":"Not\u00edcias","link":"https:\/\/www.sabra.org.br\/site\/category\/noticias\/"},"img":{"alt_text":"musicalizacao-infantil-sabra","src":"https:\/\/i0.wp.com\/www.sabra.org.br\/site\/wp-content\/uploads\/2019\/07\/MusicalizacaoNL.jpg?resize=350%2C200&ssl=1","width":350,"height":200,"srcset":"https:\/\/i0.wp.com\/www.sabra.org.br\/site\/wp-content\/uploads\/2019\/07\/MusicalizacaoNL.jpg?resize=350%2C200&ssl=1 1x, https:\/\/i0.wp.com\/www.sabra.org.br\/site\/wp-content\/uploads\/2019\/07\/MusicalizacaoNL.jpg?resize=525%2C300&ssl=1 1.5x, https:\/\/i0.wp.com\/www.sabra.org.br\/site\/wp-content\/uploads\/2019\/07\/MusicalizacaoNL.jpg?resize=700%2C400&ssl=1 2x"},"classes":[]},{"id":6773,"url":"https:\/\/www.sabra.org.br\/site\/orquestra2023\/","url_meta":{"origin":4651,"position":5},"title":"Orquestra Sinf\u00f4nica de Betim 2023","author":"M\u00e1rcio Miranda Pontes","date":"21 de mar\u00e7o de 2023","format":false,"excerpt":"A Sociedade Art\u00edstica Brasileira (SABRA) est\u00e1 com vagas abertas para o curso de Orquestra Sinf\u00f4nica. S\u00e3o 55 vagas abertas, sendo 53 para instrumentistas e duas para assistente de produ\u00e7\u00e3o. Podem participar candidatos com 16 anos ou mais, que morem na Regi\u00e3o Metropolitana de Belo Horizonte. \u00c9 preciso comprovar conhecimento dos\u2026","rel":"","context":"Em &quot;Not\u00edcias&quot;","block_context":{"text":"Not\u00edcias","link":"https:\/\/www.sabra.org.br\/site\/category\/noticias\/"},"img":{"alt_text":"orquestra-sinf\u00f4nica-sabra-betim-escola-m\u00fasica","src":"https:\/\/i0.wp.com\/www.sabra.org.br\/site\/wp-content\/uploads\/2023\/03\/Orquestra-Sinfonica-1.jpg?resize=350%2C200&ssl=1","width":350,"height":200,"srcset":"https:\/\/i0.wp.com\/www.sabra.org.br\/site\/wp-content\/uploads\/2023\/03\/Orquestra-Sinfonica-1.jpg?resize=350%2C200&ssl=1 1x, https:\/\/i0.wp.com\/www.sabra.org.br\/site\/wp-content\/uploads\/2023\/03\/Orquestra-Sinfonica-1.jpg?resize=525%2C300&ssl=1 1.5x, https:\/\/i0.wp.com\/www.sabra.org.br\/site\/wp-content\/uploads\/2023\/03\/Orquestra-Sinfonica-1.jpg?resize=700%2C400&ssl=1 2x, https:\/\/i0.wp.com\/www.sabra.org.br\/site\/wp-content\/uploads\/2023\/03\/Orquestra-Sinfonica-1.jpg?resize=1050%2C600&ssl=1 3x, https:\/\/i0.wp.com\/www.sabra.org.br\/site\/wp-content\/uploads\/2023\/03\/Orquestra-Sinfonica-1.jpg?resize=1400%2C800&ssl=1 4x"},"classes":[]}],"jetpack_likes_enabled":true,"jetpack_sharing_enabled":true,"_links":{"self":[{"href":"https:\/\/www.sabra.org.br\/site\/wp-json\/wp\/v2\/posts\/4651","targetHints":{"allow":["GET"]}}],"collection":[{"href":"https:\/\/www.sabra.org.br\/site\/wp-json\/wp\/v2\/posts"}],"about":[{"href":"https:\/\/www.sabra.org.br\/site\/wp-json\/wp\/v2\/types\/post"}],"author":[{"embeddable":true,"href":"https:\/\/www.sabra.org.br\/site\/wp-json\/wp\/v2\/users\/39"}],"replies":[{"embeddable":true,"href":"https:\/\/www.sabra.org.br\/site\/wp-json\/wp\/v2\/comments?post=4651"}],"version-history":[{"count":0,"href":"https:\/\/www.sabra.org.br\/site\/wp-json\/wp\/v2\/posts\/4651\/revisions"}],"wp:featuredmedia":[{"embeddable":true,"href":"https:\/\/www.sabra.org.br\/site\/wp-json\/wp\/v2\/media\/4160"}],"wp:attachment":[{"href":"https:\/\/www.sabra.org.br\/site\/wp-json\/wp\/v2\/media?parent=4651"}],"wp:term":[{"taxonomy":"category","embeddable":true,"href":"https:\/\/www.sabra.org.br\/site\/wp-json\/wp\/v2\/categories?post=4651"},{"taxonomy":"post_tag","embeddable":true,"href":"https:\/\/www.sabra.org.br\/site\/wp-json\/wp\/v2\/tags?post=4651"}],"curies":[{"name":"wp","href":"https:\/\/api.w.org\/{rel}","templated":true}]}}