{"id":4699,"date":"2023-06-30T10:58:28","date_gmt":"2023-06-30T13:58:28","guid":{"rendered":"https:\/\/www.sabra.org.br\/site\/?p=4699"},"modified":"2023-06-30T10:58:28","modified_gmt":"2023-06-30T13:58:28","slug":"democratizar-acesso-cultura","status":"publish","type":"post","link":"https:\/\/www.sabra.org.br\/site\/democratizar-acesso-cultura\/","title":{"rendered":"Como democratizar o acesso \u00e0 cultura no Brasil?"},"content":{"rendered":"<p><strong>Democratizar o acesso \u00e0 cultura no Brasil<\/strong> \u00e9 importante para que todos tenham condi\u00e7\u00f5es melhores de competir no futuro. Diretamente ligada \u00e0 educa\u00e7\u00e3o, a cultura \u00e9 necess\u00e1ria para que seja poss\u00edvel melhorar a realidade que o nosso pa\u00eds se encontra atualmente.<\/p>\n<p>No entanto, a tarefa n\u00e3o \u00e9 simples, e dependemos de muitas pessoas para que isso se transforme de verdade. Contudo, isso n\u00e3o quer dizer que \u00e9 imposs\u00edvel, apesar do caminho dif\u00edcil que precisa ser superado por todos n\u00f3s.<\/p>\n<p>No mais, no artigo a seguir, ser\u00e1 poss\u00edvel conferir uma forma de democratizar o acesso \u00e0 cultura em nosso pa\u00eds, al\u00e9m de n\u00fameros culturais da na\u00e7\u00e3o.<\/p>\n<p>Boa leitura!<\/p>\n<h2>N\u00fameros do povo brasileiro s\u00e3o preocupantes<\/h2>\n<p>Infelizmente, quando falamos de <strong>acesso \u00e0 cultura<\/strong>, nosso pa\u00eds est\u00e1 em p\u00e9ssima situa\u00e7\u00e3o. S\u00e3o poucas as pessoas que podem ir ao cinema, aproveitar um musical ou ainda ler um livro em nosso pa\u00eds. E os n\u00fameros disso s\u00e3o prova dessa dificuldade.<\/p>\n<p>Segundo pesquisa recente do IBGE, apenas 13% do nosso povo vai ao cinema durante um ano. Ainda segundo o levantamento do mesmo \u00f3rg\u00e3o, \u00e9 poss\u00edvel notar que cerca de <strong>90% dos munic\u00edpios do pa\u00eds sequer t\u00eam um teatro<\/strong>, museu ou qualquer espa\u00e7o cultural.<\/p>\n<p>Isso s\u00f3 mostra que o problema \u00e9 muito mais grave do que o imaginado em um primeiro momento. Como levar cultura para uma pessoa que sequer tem espa\u00e7o para aproveitar? Essa quest\u00e3o precisa de uma resposta para pensarmos em um futuro melhor.<\/p>\n<h2>Como democratizar a cultura para todos os brasileiros?<\/h2>\n<p>Para <strong>democratizar a cultura<\/strong> em nosso pa\u00eds, seria necess\u00e1rio contar com um grande incentivo por parte do Poder P\u00fablico. Devemos sempre lembrar que, segundo a pr\u00f3pria Constitui\u00e7\u00e3o Federal, no <a href=\"http:\/\/portal.iphan.gov.br\/uploads\/legislacao\/Constituicao_Federal_art_215.pdf\">artigo 215<\/a>, \u00e9 poss\u00edvel verificar que isso \u00e9 obriga\u00e7\u00e3o do Estado.<\/p>\n<p>Pressionar os \u00f3rg\u00e3os p\u00fablicos por verba necess\u00e1ria para a constru\u00e7\u00e3o de um espa\u00e7o cultural, ou ainda incentivar a pr\u00e1tica em ambientes j\u00e1 existentes, \u00e9 direito de todo cidad\u00e3o. Por\u00e9m, sabemos que, nem sempre, esse tipo de iniciativa tem efeito.<\/p>\n<p>No entanto, infelizmente, essa \u00e9 a sa\u00edda atual. At\u00e9 existem alguns projetos em andamento, que visam <strong>estimular a cultura<\/strong> em nosso pa\u00eds, por\u00e9m, como vemos, ainda s\u00e3o poucos. \u00c9 necess\u00e1rio que o Governo olhe para a cultura com mais carinho.<\/p>\n<h2>J\u00e1 existe incentivo nessa \u00e1rea?<\/h2>\n<p>Felizmente, existem algumas a\u00e7\u00f5es para <strong>democratizar o acesso \u00e0 cultura<\/strong> em nosso pa\u00eds. Uma delas foi a cria\u00e7\u00e3o do Vale Cultura, que possibilita ao empregador o pagamento de R$ 50 por m\u00eas para o seu funcion\u00e1rio gastar em alguma pr\u00e1tica cultural.<\/p>\n<p>Al\u00e9m disso, a <strong>Lei Rouanet<\/strong> tamb\u00e9m disponibiliza recursos para algumas institui\u00e7\u00f5es do pa\u00eds. Contudo, o dinheiro, em muitos casos, \u00e9 insuficiente paro o sustento da institui\u00e7\u00e3o, que depende de outros meios para que consiga sobreviver.<\/p>\n<p>Por isso, as doa\u00e7\u00f5es s\u00e3o t\u00e3o importantes, al\u00e9m de ajuda vindas da iniciativa privada. O incentivo \u00e0 cultura n\u00e3o pode parar, e todos n\u00f3s sabemos que, somente dessa forma, conseguiremos superar as adversidades que o futuro nos reserva.<\/p>\n<p>E se voc\u00ea pretende conhecer uma iniciativa cultural que pode mudar a sua vida, n\u00e3o deixe de conhecer nossas instala\u00e7\u00f5es para ter sua vida transformada pela arte. Venha conhecer!<\/p>\n<hr \/>\n<h2>Se voc\u00ea gostou deste post:<\/h2>\n<ul>\n<li>SIGA as nossas p\u00e1ginas nas redes sociais para acompanhar as nossas atualiza\u00e7\u00f5es: estamos no <a href=\"https:\/\/www.facebook.com\/sabrabrasil\" target=\"_blank\" rel=\"noopener\">Facebook<\/a>, no <a href=\"https:\/\/www.instagram.com\/sabrabrasil\/\" target=\"_blank\" rel=\"noopener\">Instagram<\/a>, no <a href=\"https:\/\/www.linkedin.com\/company\/25002088\" target=\"_blank\" rel=\"noopener\">LinkedIn<\/a>, no <a href=\"https:\/\/twitter.com\/ContatoSabra\" target=\"_blank\" rel=\"noopener\">Twitter<\/a> e no <a href=\"https:\/\/www.youtube.com\/channel\/UCJw-kbuEvzUNdeQf20Pa-eQ\" target=\"_blank\" rel=\"noopener\">YouTube<\/a>!<\/p>\n<\/li>\n<li>\n<p>CONHE\u00c7A o trabalho da Sociedade Art\u00edstica Brasileira (SABRA) e todas as iniciativas culturais e sociais que ela mant\u00e9m. <a href=\"https:\/\/www.sabra.org.br\/site\/acoes\/\" target=\"_blank\" rel=\"noopener\">Acesse nosso site!<\/a><\/p>\n<\/li>\n<li>\n<p>ENTRE EM CONTATO com a gente. E veja quais s\u00e3o as op\u00e7\u00f5es de ajuda na manuten\u00e7\u00e3o de nossas a\u00e7\u00f5es sociais e culturais. Basta acessar nossa p\u00e1gina <a href=\"https:\/\/www.sabra.org.br\/site\/doe-agora\/\" target=\"_blank\" rel=\"noopener\">Doe Agora!<\/a><\/p>\n<\/li>\n<li>\n<p>COMPARTILHE este texto nas suas redes sociais e ajude os seus amigos a tamb\u00e9m dominarem o assunto!<\/p>\n<\/li>\n<\/ul>\n<p>\u2013 Os projetos da @sabrabrasil s\u00e3o realizados com o patroci\u0301nio m\u00e1ster: @institutounimedbh, viabilizado pelo incentivo de mais de 5,2 mil m\u00e9dicos cooperados e colaboradores via Lei de Incentivo \u00e0 Cultura &#8211; @culturagovbr<\/p>\n<blockquote class=\"wp-embedded-content\" data-secret=\"wPtZ0ByfFJ\"><p><a href=\"https:\/\/www.sabra.org.br\/site\/arte-e-espaco-urbano\/\">Arte e espa\u00e7o urbano<\/a><\/p><\/blockquote>\n<p><iframe class=\"wp-embedded-content\" sandbox=\"allow-scripts\" security=\"restricted\" style=\"position: absolute; clip: rect(1px, 1px, 1px, 1px);\" title=\"&#8220;Arte e espa\u00e7o urbano&#8221; &#8212; SABRA - Sociedade Art\u00edstica Brasileira\" src=\"https:\/\/www.sabra.org.br\/site\/arte-e-espaco-urbano\/embed\/#?secret=lFUrpAVohl#?secret=wPtZ0ByfFJ\" data-secret=\"wPtZ0ByfFJ\" width=\"600\" height=\"338\" frameborder=\"0\" marginwidth=\"0\" marginheight=\"0\" scrolling=\"no\"><\/iframe><\/p>\n","protected":false},"excerpt":{"rendered":"<p>Voc\u00ea sabe como democratizar o acesso \u00e0 cultura em nosso pa\u00eds? Alterar a realidade em que nos encontramos hoje \u00e9 importante, por\u00e9m, \u00e9 preciso saber como fazer isso. Confira em nosso artigo essa e outras informa\u00e7\u00f5es valiosas sobre o tema!<\/p>\n","protected":false},"author":39,"featured_media":7436,"comment_status":"closed","ping_status":"closed","sticky":false,"template":"","format":"standard","meta":{"jetpack_post_was_ever_published":false,"_jetpack_newsletter_access":"","_jetpack_dont_email_post_to_subs":false,"_jetpack_newsletter_tier_id":0,"_jetpack_memberships_contains_paywalled_content":false,"_jetpack_memberships_contains_paid_content":false,"footnotes":""},"categories":[1],"tags":[15,2757,3626,3623,8,3629,1285,3628,16,3519,1286,11,3622,9],"class_list":["post-4699","post","type-post","status-publish","format-standard","has-post-thumbnail","hentry","category-blog-sabra","tag-assistencia-social","tag-belo-horizonte","tag-cabo-frio","tag-campos-dos-goytacazes","tag-canto-coral","tag-contagem","tag-escola-de-musica-sabra","tag-ibirite","tag-musicalizacao-infantil","tag-nova-lima-2","tag-orquestra-infanto-juvenil-de-betim","tag-orquestra-sinfonica-de-betim","tag-raposos","tag-sociedade-artistica-brasileira"],"yoast_head":"<!-- This site is optimized with the Yoast SEO plugin v27.5 - https:\/\/yoast.com\/product\/yoast-seo-wordpress\/ -->\n<title>Como democratizar o acesso \u00e0 cultura no Brasil? - SABRA - Sociedade Art\u00edstica Brasileira<\/title>\n<meta name=\"robots\" content=\"index, follow, max-snippet:-1, max-image-preview:large, max-video-preview:-1\" \/>\n<link rel=\"canonical\" href=\"https:\/\/www.sabra.org.br\/site\/democratizar-acesso-cultura\/\" \/>\n<meta property=\"og:locale\" content=\"pt_BR\" \/>\n<meta property=\"og:type\" content=\"article\" \/>\n<meta property=\"og:title\" content=\"Como democratizar o acesso \u00e0 cultura no Brasil? - SABRA - Sociedade Art\u00edstica Brasileira\" \/>\n<meta property=\"og:description\" content=\"Voc\u00ea sabe como democratizar o acesso \u00e0 cultura em nosso pa\u00eds? Alterar a realidade em que nos encontramos hoje \u00e9 importante, por\u00e9m, \u00e9 preciso saber como fazer isso. Confira em nosso artigo essa e outras informa\u00e7\u00f5es valiosas sobre o tema!\" \/>\n<meta property=\"og:url\" content=\"https:\/\/www.sabra.org.br\/site\/democratizar-acesso-cultura\/\" \/>\n<meta property=\"og:site_name\" content=\"SABRA - Sociedade Art\u00edstica Brasileira\" \/>\n<meta property=\"article:publisher\" content=\"https:\/\/www.facebook.com\/sabrabrasil\" \/>\n<meta property=\"article:published_time\" content=\"2023-06-30T13:58:28+00:00\" \/>\n<meta property=\"og:image\" content=\"https:\/\/i0.wp.com\/www.sabra.org.br\/site\/wp-content\/uploads\/2023\/06\/como-democratizar-o-acesso-a-cultura-no-brasil-20220208141739.jpg-jpg.webp?fit=1239%2C847&ssl=1\" \/>\n\t<meta property=\"og:image:width\" content=\"1239\" \/>\n\t<meta property=\"og:image:height\" content=\"847\" \/>\n\t<meta property=\"og:image:type\" content=\"image\/jpeg\" \/>\n<meta name=\"author\" content=\"M\u00e1rcio Miranda Pontes\" \/>\n<meta name=\"twitter:card\" content=\"summary_large_image\" \/>\n<meta name=\"twitter:creator\" content=\"@ContatoSabra\" \/>\n<meta name=\"twitter:site\" content=\"@ContatoSabra\" \/>\n<meta name=\"twitter:label1\" content=\"Escrito por\" \/>\n\t<meta name=\"twitter:data1\" content=\"M\u00e1rcio Miranda Pontes\" \/>\n\t<meta name=\"twitter:label2\" content=\"Est. tempo de leitura\" \/>\n\t<meta name=\"twitter:data2\" content=\"4 minutos\" \/>\n<script type=\"application\/ld+json\" class=\"yoast-schema-graph\">{\"@context\":\"https:\\\/\\\/schema.org\",\"@graph\":[{\"@type\":\"Article\",\"@id\":\"https:\\\/\\\/www.sabra.org.br\\\/site\\\/democratizar-acesso-cultura\\\/#article\",\"isPartOf\":{\"@id\":\"https:\\\/\\\/www.sabra.org.br\\\/site\\\/democratizar-acesso-cultura\\\/\"},\"author\":{\"name\":\"M\u00e1rcio Miranda Pontes\",\"@id\":\"https:\\\/\\\/www.sabra.org.br\\\/site\\\/#\\\/schema\\\/person\\\/7d1d222c3c8891d4c37c7b41bf6315c2\"},\"headline\":\"Como democratizar o acesso \u00e0 cultura no Brasil?\",\"datePublished\":\"2023-06-30T13:58:28+00:00\",\"mainEntityOfPage\":{\"@id\":\"https:\\\/\\\/www.sabra.org.br\\\/site\\\/democratizar-acesso-cultura\\\/\"},\"wordCount\":716,\"publisher\":{\"@id\":\"https:\\\/\\\/www.sabra.org.br\\\/site\\\/#organization\"},\"image\":{\"@id\":\"https:\\\/\\\/www.sabra.org.br\\\/site\\\/democratizar-acesso-cultura\\\/#primaryimage\"},\"thumbnailUrl\":\"https:\\\/\\\/www.sabra.org.br\\\/site\\\/wp-content\\\/uploads\\\/2023\\\/06\\\/como-democratizar-o-acesso-a-cultura-no-brasil-20220208141739.jpg-jpg.webp\",\"keywords\":[\"Assist\u00eancia social\",\"Belo Horizonte\",\"Cabo Frio\",\"Campos dos Goytacazes\",\"Canto Coral\",\"Contagem\",\"Escola de Musica SABRA\",\"Ibirit\u00e9\",\"Musicaliza\u00e7\u00e3o Infantil\",\"nova lima\",\"Orquestra Infanto Juvenil de Betim\",\"Orquestra Sinf\u00f4nica de Betim\",\"Raposos\",\"Sociedade Art\u00edstica Brasileira\"],\"articleSection\":[\"Blog SABRA\"],\"inLanguage\":\"pt-BR\"},{\"@type\":\"WebPage\",\"@id\":\"https:\\\/\\\/www.sabra.org.br\\\/site\\\/democratizar-acesso-cultura\\\/\",\"url\":\"https:\\\/\\\/www.sabra.org.br\\\/site\\\/democratizar-acesso-cultura\\\/\",\"name\":\"Como democratizar o acesso \u00e0 cultura no Brasil? - SABRA - Sociedade Art\u00edstica Brasileira\",\"isPartOf\":{\"@id\":\"https:\\\/\\\/www.sabra.org.br\\\/site\\\/#website\"},\"primaryImageOfPage\":{\"@id\":\"https:\\\/\\\/www.sabra.org.br\\\/site\\\/democratizar-acesso-cultura\\\/#primaryimage\"},\"image\":{\"@id\":\"https:\\\/\\\/www.sabra.org.br\\\/site\\\/democratizar-acesso-cultura\\\/#primaryimage\"},\"thumbnailUrl\":\"https:\\\/\\\/www.sabra.org.br\\\/site\\\/wp-content\\\/uploads\\\/2023\\\/06\\\/como-democratizar-o-acesso-a-cultura-no-brasil-20220208141739.jpg-jpg.webp\",\"datePublished\":\"2023-06-30T13:58:28+00:00\",\"breadcrumb\":{\"@id\":\"https:\\\/\\\/www.sabra.org.br\\\/site\\\/democratizar-acesso-cultura\\\/#breadcrumb\"},\"inLanguage\":\"pt-BR\",\"potentialAction\":[{\"@type\":\"ReadAction\",\"target\":[\"https:\\\/\\\/www.sabra.org.br\\\/site\\\/democratizar-acesso-cultura\\\/\"]}]},{\"@type\":\"ImageObject\",\"inLanguage\":\"pt-BR\",\"@id\":\"https:\\\/\\\/www.sabra.org.br\\\/site\\\/democratizar-acesso-cultura\\\/#primaryimage\",\"url\":\"https:\\\/\\\/www.sabra.org.br\\\/site\\\/wp-content\\\/uploads\\\/2023\\\/06\\\/como-democratizar-o-acesso-a-cultura-no-brasil-20220208141739.jpg-jpg.webp\",\"contentUrl\":\"https:\\\/\\\/www.sabra.org.br\\\/site\\\/wp-content\\\/uploads\\\/2023\\\/06\\\/como-democratizar-o-acesso-a-cultura-no-brasil-20220208141739.jpg-jpg.webp\",\"width\":1239,\"height\":847,\"caption\":\"Sociedade Art\u00edstica Brasileira SABRA\"},{\"@type\":\"BreadcrumbList\",\"@id\":\"https:\\\/\\\/www.sabra.org.br\\\/site\\\/democratizar-acesso-cultura\\\/#breadcrumb\",\"itemListElement\":[{\"@type\":\"ListItem\",\"position\":1,\"name\":\"In\u00edcio\",\"item\":\"https:\\\/\\\/www.sabra.org.br\\\/site\\\/\"},{\"@type\":\"ListItem\",\"position\":2,\"name\":\"Como democratizar o acesso \u00e0 cultura no Brasil?\"}]},{\"@type\":\"WebSite\",\"@id\":\"https:\\\/\\\/www.sabra.org.br\\\/site\\\/#website\",\"url\":\"https:\\\/\\\/www.sabra.org.br\\\/site\\\/\",\"name\":\"SABRA - Sociedade Art\u00edstica Brasileira\",\"description\":\"Escola de M\u00fasica, Orquestra Sinf\u00f4nica, Coral e Patrim\u00f4nio Cultural e Hist\u00f3rico\",\"publisher\":{\"@id\":\"https:\\\/\\\/www.sabra.org.br\\\/site\\\/#organization\"},\"potentialAction\":[{\"@type\":\"SearchAction\",\"target\":{\"@type\":\"EntryPoint\",\"urlTemplate\":\"https:\\\/\\\/www.sabra.org.br\\\/site\\\/?s={search_term_string}\"},\"query-input\":{\"@type\":\"PropertyValueSpecification\",\"valueRequired\":true,\"valueName\":\"search_term_string\"}}],\"inLanguage\":\"pt-BR\"},{\"@type\":\"Organization\",\"@id\":\"https:\\\/\\\/www.sabra.org.br\\\/site\\\/#organization\",\"name\":\"SOCIEDADE ART\u00cdSTICA BRASILEIRA SABRA\",\"alternateName\":\"SABRA\",\"url\":\"https:\\\/\\\/www.sabra.org.br\\\/site\\\/\",\"logo\":{\"@type\":\"ImageObject\",\"inLanguage\":\"pt-BR\",\"@id\":\"https:\\\/\\\/www.sabra.org.br\\\/site\\\/#\\\/schema\\\/logo\\\/image\\\/\",\"url\":\"https:\\\/\\\/www.sabra.org.br\\\/site\\\/wp-content\\\/uploads\\\/2019\\\/06\\\/cropped-Logo_SABRA-Copia-1.webp\",\"contentUrl\":\"https:\\\/\\\/www.sabra.org.br\\\/site\\\/wp-content\\\/uploads\\\/2019\\\/06\\\/cropped-Logo_SABRA-Copia-1.webp\",\"width\":400,\"height\":128,\"caption\":\"SOCIEDADE ART\u00cdSTICA BRASILEIRA SABRA\"},\"image\":{\"@id\":\"https:\\\/\\\/www.sabra.org.br\\\/site\\\/#\\\/schema\\\/logo\\\/image\\\/\"},\"sameAs\":[\"https:\\\/\\\/www.facebook.com\\\/sabrabrasil\",\"https:\\\/\\\/x.com\\\/ContatoSabra\",\"https:\\\/\\\/www.instagram.com\\\/sabrabrasil\\\/\",\"https:\\\/\\\/www.linkedin.com\\\/company\\\/25002088\\\/\",\"https:\\\/\\\/br.pinterest.com\\\/sociedadeartisticabrasileira\\\/\",\"https:\\\/\\\/www.youtube.com\\\/c\\\/sabrabrasil\"]},{\"@type\":\"Person\",\"@id\":\"https:\\\/\\\/www.sabra.org.br\\\/site\\\/#\\\/schema\\\/person\\\/7d1d222c3c8891d4c37c7b41bf6315c2\",\"name\":\"M\u00e1rcio Miranda Pontes\",\"image\":{\"@type\":\"ImageObject\",\"inLanguage\":\"pt-BR\",\"@id\":\"https:\\\/\\\/secure.gravatar.com\\\/avatar\\\/3b45f24496a7625a3a6c436688fbe20344faaeb2979658dc4a9921f984d7df9a?s=96&d=mm&r=g\",\"url\":\"https:\\\/\\\/secure.gravatar.com\\\/avatar\\\/3b45f24496a7625a3a6c436688fbe20344faaeb2979658dc4a9921f984d7df9a?s=96&d=mm&r=g\",\"contentUrl\":\"https:\\\/\\\/secure.gravatar.com\\\/avatar\\\/3b45f24496a7625a3a6c436688fbe20344faaeb2979658dc4a9921f984d7df9a?s=96&d=mm&r=g\",\"caption\":\"M\u00e1rcio Miranda Pontes\"},\"sameAs\":[\"http:\\\/\\\/www.sabra.org.br\"],\"url\":\"https:\\\/\\\/www.sabra.org.br\\\/site\\\/author\\\/marcio-miranda-pontes\\\/\"}]}<\/script>\n<!-- \/ Yoast SEO plugin. -->","yoast_head_json":{"title":"Como democratizar o acesso \u00e0 cultura no Brasil? - SABRA - Sociedade Art\u00edstica Brasileira","robots":{"index":"index","follow":"follow","max-snippet":"max-snippet:-1","max-image-preview":"max-image-preview:large","max-video-preview":"max-video-preview:-1"},"canonical":"https:\/\/www.sabra.org.br\/site\/democratizar-acesso-cultura\/","og_locale":"pt_BR","og_type":"article","og_title":"Como democratizar o acesso \u00e0 cultura no Brasil? - SABRA - Sociedade Art\u00edstica Brasileira","og_description":"Voc\u00ea sabe como democratizar o acesso \u00e0 cultura em nosso pa\u00eds? Alterar a realidade em que nos encontramos hoje \u00e9 importante, por\u00e9m, \u00e9 preciso saber como fazer isso. Confira em nosso artigo essa e outras informa\u00e7\u00f5es valiosas sobre o tema!","og_url":"https:\/\/www.sabra.org.br\/site\/democratizar-acesso-cultura\/","og_site_name":"SABRA - Sociedade Art\u00edstica Brasileira","article_publisher":"https:\/\/www.facebook.com\/sabrabrasil","article_published_time":"2023-06-30T13:58:28+00:00","og_image":[{"width":1239,"height":847,"url":"https:\/\/i0.wp.com\/www.sabra.org.br\/site\/wp-content\/uploads\/2023\/06\/como-democratizar-o-acesso-a-cultura-no-brasil-20220208141739.jpg-jpg.webp?fit=1239%2C847&ssl=1","type":"image\/jpeg"}],"author":"M\u00e1rcio Miranda Pontes","twitter_card":"summary_large_image","twitter_creator":"@ContatoSabra","twitter_site":"@ContatoSabra","twitter_misc":{"Escrito por":"M\u00e1rcio Miranda Pontes","Est. tempo de leitura":"4 minutos"},"schema":{"@context":"https:\/\/schema.org","@graph":[{"@type":"Article","@id":"https:\/\/www.sabra.org.br\/site\/democratizar-acesso-cultura\/#article","isPartOf":{"@id":"https:\/\/www.sabra.org.br\/site\/democratizar-acesso-cultura\/"},"author":{"name":"M\u00e1rcio Miranda Pontes","@id":"https:\/\/www.sabra.org.br\/site\/#\/schema\/person\/7d1d222c3c8891d4c37c7b41bf6315c2"},"headline":"Como democratizar o acesso \u00e0 cultura no Brasil?","datePublished":"2023-06-30T13:58:28+00:00","mainEntityOfPage":{"@id":"https:\/\/www.sabra.org.br\/site\/democratizar-acesso-cultura\/"},"wordCount":716,"publisher":{"@id":"https:\/\/www.sabra.org.br\/site\/#organization"},"image":{"@id":"https:\/\/www.sabra.org.br\/site\/democratizar-acesso-cultura\/#primaryimage"},"thumbnailUrl":"https:\/\/www.sabra.org.br\/site\/wp-content\/uploads\/2023\/06\/como-democratizar-o-acesso-a-cultura-no-brasil-20220208141739.jpg-jpg.webp","keywords":["Assist\u00eancia social","Belo Horizonte","Cabo Frio","Campos dos Goytacazes","Canto Coral","Contagem","Escola de Musica SABRA","Ibirit\u00e9","Musicaliza\u00e7\u00e3o Infantil","nova lima","Orquestra Infanto Juvenil de Betim","Orquestra Sinf\u00f4nica de Betim","Raposos","Sociedade Art\u00edstica Brasileira"],"articleSection":["Blog SABRA"],"inLanguage":"pt-BR"},{"@type":"WebPage","@id":"https:\/\/www.sabra.org.br\/site\/democratizar-acesso-cultura\/","url":"https:\/\/www.sabra.org.br\/site\/democratizar-acesso-cultura\/","name":"Como democratizar o acesso \u00e0 cultura no Brasil? - SABRA - Sociedade Art\u00edstica Brasileira","isPartOf":{"@id":"https:\/\/www.sabra.org.br\/site\/#website"},"primaryImageOfPage":{"@id":"https:\/\/www.sabra.org.br\/site\/democratizar-acesso-cultura\/#primaryimage"},"image":{"@id":"https:\/\/www.sabra.org.br\/site\/democratizar-acesso-cultura\/#primaryimage"},"thumbnailUrl":"https:\/\/www.sabra.org.br\/site\/wp-content\/uploads\/2023\/06\/como-democratizar-o-acesso-a-cultura-no-brasil-20220208141739.jpg-jpg.webp","datePublished":"2023-06-30T13:58:28+00:00","breadcrumb":{"@id":"https:\/\/www.sabra.org.br\/site\/democratizar-acesso-cultura\/#breadcrumb"},"inLanguage":"pt-BR","potentialAction":[{"@type":"ReadAction","target":["https:\/\/www.sabra.org.br\/site\/democratizar-acesso-cultura\/"]}]},{"@type":"ImageObject","inLanguage":"pt-BR","@id":"https:\/\/www.sabra.org.br\/site\/democratizar-acesso-cultura\/#primaryimage","url":"https:\/\/www.sabra.org.br\/site\/wp-content\/uploads\/2023\/06\/como-democratizar-o-acesso-a-cultura-no-brasil-20220208141739.jpg-jpg.webp","contentUrl":"https:\/\/www.sabra.org.br\/site\/wp-content\/uploads\/2023\/06\/como-democratizar-o-acesso-a-cultura-no-brasil-20220208141739.jpg-jpg.webp","width":1239,"height":847,"caption":"Sociedade Art\u00edstica Brasileira SABRA"},{"@type":"BreadcrumbList","@id":"https:\/\/www.sabra.org.br\/site\/democratizar-acesso-cultura\/#breadcrumb","itemListElement":[{"@type":"ListItem","position":1,"name":"In\u00edcio","item":"https:\/\/www.sabra.org.br\/site\/"},{"@type":"ListItem","position":2,"name":"Como democratizar o acesso \u00e0 cultura no Brasil?"}]},{"@type":"WebSite","@id":"https:\/\/www.sabra.org.br\/site\/#website","url":"https:\/\/www.sabra.org.br\/site\/","name":"SABRA - Sociedade Art\u00edstica Brasileira","description":"Escola de M\u00fasica, Orquestra Sinf\u00f4nica, Coral e Patrim\u00f4nio Cultural e Hist\u00f3rico","publisher":{"@id":"https:\/\/www.sabra.org.br\/site\/#organization"},"potentialAction":[{"@type":"SearchAction","target":{"@type":"EntryPoint","urlTemplate":"https:\/\/www.sabra.org.br\/site\/?s={search_term_string}"},"query-input":{"@type":"PropertyValueSpecification","valueRequired":true,"valueName":"search_term_string"}}],"inLanguage":"pt-BR"},{"@type":"Organization","@id":"https:\/\/www.sabra.org.br\/site\/#organization","name":"SOCIEDADE ART\u00cdSTICA BRASILEIRA SABRA","alternateName":"SABRA","url":"https:\/\/www.sabra.org.br\/site\/","logo":{"@type":"ImageObject","inLanguage":"pt-BR","@id":"https:\/\/www.sabra.org.br\/site\/#\/schema\/logo\/image\/","url":"https:\/\/www.sabra.org.br\/site\/wp-content\/uploads\/2019\/06\/cropped-Logo_SABRA-Copia-1.webp","contentUrl":"https:\/\/www.sabra.org.br\/site\/wp-content\/uploads\/2019\/06\/cropped-Logo_SABRA-Copia-1.webp","width":400,"height":128,"caption":"SOCIEDADE ART\u00cdSTICA BRASILEIRA SABRA"},"image":{"@id":"https:\/\/www.sabra.org.br\/site\/#\/schema\/logo\/image\/"},"sameAs":["https:\/\/www.facebook.com\/sabrabrasil","https:\/\/x.com\/ContatoSabra","https:\/\/www.instagram.com\/sabrabrasil\/","https:\/\/www.linkedin.com\/company\/25002088\/","https:\/\/br.pinterest.com\/sociedadeartisticabrasileira\/","https:\/\/www.youtube.com\/c\/sabrabrasil"]},{"@type":"Person","@id":"https:\/\/www.sabra.org.br\/site\/#\/schema\/person\/7d1d222c3c8891d4c37c7b41bf6315c2","name":"M\u00e1rcio Miranda Pontes","image":{"@type":"ImageObject","inLanguage":"pt-BR","@id":"https:\/\/secure.gravatar.com\/avatar\/3b45f24496a7625a3a6c436688fbe20344faaeb2979658dc4a9921f984d7df9a?s=96&d=mm&r=g","url":"https:\/\/secure.gravatar.com\/avatar\/3b45f24496a7625a3a6c436688fbe20344faaeb2979658dc4a9921f984d7df9a?s=96&d=mm&r=g","contentUrl":"https:\/\/secure.gravatar.com\/avatar\/3b45f24496a7625a3a6c436688fbe20344faaeb2979658dc4a9921f984d7df9a?s=96&d=mm&r=g","caption":"M\u00e1rcio Miranda Pontes"},"sameAs":["http:\/\/www.sabra.org.br"],"url":"https:\/\/www.sabra.org.br\/site\/author\/marcio-miranda-pontes\/"}]}},"jetpack_featured_media_url":"https:\/\/www.sabra.org.br\/site\/wp-content\/uploads\/2023\/06\/como-democratizar-o-acesso-a-cultura-no-brasil-20220208141739.jpg-jpg.webp","jetpack_shortlink":"https:\/\/wp.me\/p95j2Z-1dN","jetpack-related-posts":[{"id":4000,"url":"https:\/\/www.sabra.org.br\/site\/acesso-educacao\/","url_meta":{"origin":4699,"position":0},"title":"Educa\u00e7\u00e3o p\u00f3s-pandemia no Brasil &#8211; Principais desafios","author":"M\u00e1rcio Miranda Pontes","date":"5 de julho de 2021","format":false,"excerpt":"Educa\u00e7\u00e3o p\u00f3s-pandemia no Brasil - Principais desafios A longo prazo, os especialistas apontam que a educa\u00e7\u00e3o precisa vencer v\u00e1rios desafios, como democratizar o acesso \u00e0 internet, ofertar mais cursos na modalidade remota e desenvolver um plano pedag\u00f3gico adequado a essa realidade. Para saber mais sobre este assunto, clique no link\u2026","rel":"","context":"Em &quot;Blog SABRA&quot;","block_context":{"text":"Blog SABRA","link":"https:\/\/www.sabra.org.br\/site\/category\/blog-sabra\/"},"img":{"alt_text":"ensino-remoto-educa\u00e7\u00e3o","src":"https:\/\/i0.wp.com\/www.sabra.org.br\/site\/wp-content\/uploads\/2021\/07\/principais-desafios-da-educacao-pos-pandemia-no-brasil-20210609152644.jpg.jpg?resize=350%2C200&ssl=1","width":350,"height":200,"srcset":"https:\/\/i0.wp.com\/www.sabra.org.br\/site\/wp-content\/uploads\/2021\/07\/principais-desafios-da-educacao-pos-pandemia-no-brasil-20210609152644.jpg.jpg?resize=350%2C200&ssl=1 1x, https:\/\/i0.wp.com\/www.sabra.org.br\/site\/wp-content\/uploads\/2021\/07\/principais-desafios-da-educacao-pos-pandemia-no-brasil-20210609152644.jpg.jpg?resize=525%2C300&ssl=1 1.5x, https:\/\/i0.wp.com\/www.sabra.org.br\/site\/wp-content\/uploads\/2021\/07\/principais-desafios-da-educacao-pos-pandemia-no-brasil-20210609152644.jpg.jpg?resize=700%2C400&ssl=1 2x"},"classes":[]},{"id":9846,"url":"https:\/\/www.sabra.org.br\/site\/acesso-inclusao\/","url_meta":{"origin":4699,"position":1},"title":"Quais ferramentas podem ser utilizadas no processo de inclus\u00e3o social?","author":"M\u00e1rcio Miranda Pontes","date":"19 de julho de 2024","format":false,"excerpt":"Saiba como combater a exclus\u00e3o social e promover maior igualdade no acesso a oportunidades. Confira as iniciativas em diferentes \u00e1reas.","rel":"","context":"Em &quot;Blog SABRA&quot;","block_context":{"text":"Blog SABRA","link":"https:\/\/www.sabra.org.br\/site\/category\/blog-sabra\/"},"img":{"alt_text":"sabra-m\u00fasica-socieal-acesso-inclus\u00e3o-meio-cultura-diversos-educa\u00e7\u00e3o-indiv\u00edduos-iniciativas-sociais-empresa","src":"https:\/\/i0.wp.com\/www.sabra.org.br\/site\/wp-content\/uploads\/2024\/07\/quais-ferramentas-podem-ser-utilizadas-no-processo-de-inclusao-social-20190114103708.jpg-jpg.webp?resize=350%2C200&ssl=1","width":350,"height":200,"srcset":"https:\/\/i0.wp.com\/www.sabra.org.br\/site\/wp-content\/uploads\/2024\/07\/quais-ferramentas-podem-ser-utilizadas-no-processo-de-inclusao-social-20190114103708.jpg-jpg.webp?resize=350%2C200&ssl=1 1x, https:\/\/i0.wp.com\/www.sabra.org.br\/site\/wp-content\/uploads\/2024\/07\/quais-ferramentas-podem-ser-utilizadas-no-processo-de-inclusao-social-20190114103708.jpg-jpg.webp?resize=525%2C300&ssl=1 1.5x, https:\/\/i0.wp.com\/www.sabra.org.br\/site\/wp-content\/uploads\/2024\/07\/quais-ferramentas-podem-ser-utilizadas-no-processo-de-inclusao-social-20190114103708.jpg-jpg.webp?resize=700%2C400&ssl=1 2x"},"classes":[]},{"id":7310,"url":"https:\/\/www.sabra.org.br\/site\/literatura-conhecimento\/","url_meta":{"origin":4699,"position":2},"title":"Como a literatura pode influenciar no desempenho profissional?","author":"M\u00e1rcio Miranda Pontes","date":"13 de junho de 2023","format":false,"excerpt":"Voc\u00ea sabia que a literatura pode influenciar de forma direta no desempenho de uma pessoa em seu trabalho, ou seja, em seu desempenho profissional? Saiba mais sobre o assunto no texto a seguir.","rel":"","context":"Em &quot;Blog SABRA&quot;","block_context":{"text":"Blog SABRA","link":"https:\/\/www.sabra.org.br\/site\/category\/blog-sabra\/"},"img":{"alt_text":"literatura-conhecimento-sociais-sabra","src":"https:\/\/i0.wp.com\/www.sabra.org.br\/site\/wp-content\/uploads\/2023\/06\/como-a-literatura-pode-influenciar-no-desempenho-profissional-20181030105249.jpg-jpg.webp?resize=350%2C200&ssl=1","width":350,"height":200,"srcset":"https:\/\/i0.wp.com\/www.sabra.org.br\/site\/wp-content\/uploads\/2023\/06\/como-a-literatura-pode-influenciar-no-desempenho-profissional-20181030105249.jpg-jpg.webp?resize=350%2C200&ssl=1 1x, https:\/\/i0.wp.com\/www.sabra.org.br\/site\/wp-content\/uploads\/2023\/06\/como-a-literatura-pode-influenciar-no-desempenho-profissional-20181030105249.jpg-jpg.webp?resize=525%2C300&ssl=1 1.5x, https:\/\/i0.wp.com\/www.sabra.org.br\/site\/wp-content\/uploads\/2023\/06\/como-a-literatura-pode-influenciar-no-desempenho-profissional-20181030105249.jpg-jpg.webp?resize=700%2C400&ssl=1 2x"},"classes":[]},{"id":5030,"url":"https:\/\/www.sabra.org.br\/site\/desigualdade-cultura\/","url_meta":{"origin":4699,"position":3},"title":"A desigualdade do acesso \u00e0 cultura no Brasil","author":"M\u00e1rcio Miranda Pontes","date":"2 de maio de 2022","format":false,"excerpt":"O acesso \u00e0 cultura \u00e9 essencial para a forma\u00e7\u00e3o de novos cidad\u00e3os, al\u00e9m de ser um mecanismo de lazer e aprendizado. Clique aqui e saiba mais sobre a desigualdade de acesso que existe no Brasil.","rel":"","context":"Em &quot;Blog SABRA&quot;","block_context":{"text":"Blog SABRA","link":"https:\/\/www.sabra.org.br\/site\/category\/blog-sabra\/"},"img":{"alt_text":"cultura-acesso-desigualdade","src":"https:\/\/i0.wp.com\/www.sabra.org.br\/site\/wp-content\/uploads\/2022\/05\/a-desigualdade-do-acesso-a-cultura-no-brasil-20210723092324.jpg.jpg?resize=350%2C200&ssl=1","width":350,"height":200,"srcset":"https:\/\/i0.wp.com\/www.sabra.org.br\/site\/wp-content\/uploads\/2022\/05\/a-desigualdade-do-acesso-a-cultura-no-brasil-20210723092324.jpg.jpg?resize=350%2C200&ssl=1 1x, https:\/\/i0.wp.com\/www.sabra.org.br\/site\/wp-content\/uploads\/2022\/05\/a-desigualdade-do-acesso-a-cultura-no-brasil-20210723092324.jpg.jpg?resize=525%2C300&ssl=1 1.5x, https:\/\/i0.wp.com\/www.sabra.org.br\/site\/wp-content\/uploads\/2022\/05\/a-desigualdade-do-acesso-a-cultura-no-brasil-20210723092324.jpg.jpg?resize=700%2C400&ssl=1 2x"},"classes":[]},{"id":8183,"url":"https:\/\/www.sabra.org.br\/site\/arte-cultura-inclusao\/","url_meta":{"origin":4699,"position":4},"title":"Arte e Cultura como fator de inclus\u00e3o social","author":"M\u00e1rcio Miranda Pontes","date":"9 de outubro de 2023","format":false,"excerpt":"A arte e a cultura s\u00e3o essenciais para a inclus\u00e3o social no Brasil. Leia o artigo na \u00edntegra e saiba quais s\u00e3o os benef\u00edcios de promover a\u00e7\u00f5es art\u00edsticas e culturais.","rel":"","context":"Em &quot;Blog SABRA&quot;","block_context":{"text":"Blog SABRA","link":"https:\/\/www.sabra.org.br\/site\/category\/blog-sabra\/"},"img":{"alt_text":"sabra-m\u00fasica-culturais-arte-acesso-social-brasil-popula\u00e7\u00e3o","src":"https:\/\/i0.wp.com\/www.sabra.org.br\/site\/wp-content\/uploads\/2023\/10\/cultura-e-arte-como-fator-de-inclusao-social-20221124141249.jpg-jpg.webp?resize=350%2C200&ssl=1","width":350,"height":200,"srcset":"https:\/\/i0.wp.com\/www.sabra.org.br\/site\/wp-content\/uploads\/2023\/10\/cultura-e-arte-como-fator-de-inclusao-social-20221124141249.jpg-jpg.webp?resize=350%2C200&ssl=1 1x, https:\/\/i0.wp.com\/www.sabra.org.br\/site\/wp-content\/uploads\/2023\/10\/cultura-e-arte-como-fator-de-inclusao-social-20221124141249.jpg-jpg.webp?resize=525%2C300&ssl=1 1.5x, https:\/\/i0.wp.com\/www.sabra.org.br\/site\/wp-content\/uploads\/2023\/10\/cultura-e-arte-como-fator-de-inclusao-social-20221124141249.jpg-jpg.webp?resize=700%2C400&ssl=1 2x"},"classes":[]},{"id":5565,"url":"https:\/\/www.sabra.org.br\/site\/sinfonica-betim\/","url_meta":{"origin":4699,"position":5},"title":"Motivos para assistir a Orquestra Sinf\u00f4nica de Betim","author":"M\u00e1rcio Miranda Pontes","date":"12 de agosto de 2022","format":false,"excerpt":"Iniciada em 2013, a Orquestra Sinf\u00f4nica de Betim promove o acesso \u00e0 m\u00fasica cl\u00e1ssica para a popula\u00e7\u00e3o da regi\u00e3o e possibilita a forma\u00e7\u00e3o de jovens m\u00fasicos. Veja mais sobre os motivos para assistir a uma apresenta\u00e7\u00e3o no artigo!","rel":"","context":"Em &quot;Blog SABRA&quot;","block_context":{"text":"Blog SABRA","link":"https:\/\/www.sabra.org.br\/site\/category\/blog-sabra\/"},"img":{"alt_text":"orquestra-sinfonica-betim-musica","src":"https:\/\/i0.wp.com\/www.sabra.org.br\/site\/wp-content\/uploads\/2022\/08\/x-motivos-para-assistir-a-orquestra-sinfonica-de-betim-20220610134019.jpg.jpg?resize=350%2C200&ssl=1","width":350,"height":200,"srcset":"https:\/\/i0.wp.com\/www.sabra.org.br\/site\/wp-content\/uploads\/2022\/08\/x-motivos-para-assistir-a-orquestra-sinfonica-de-betim-20220610134019.jpg.jpg?resize=350%2C200&ssl=1 1x, https:\/\/i0.wp.com\/www.sabra.org.br\/site\/wp-content\/uploads\/2022\/08\/x-motivos-para-assistir-a-orquestra-sinfonica-de-betim-20220610134019.jpg.jpg?resize=525%2C300&ssl=1 1.5x, https:\/\/i0.wp.com\/www.sabra.org.br\/site\/wp-content\/uploads\/2022\/08\/x-motivos-para-assistir-a-orquestra-sinfonica-de-betim-20220610134019.jpg.jpg?resize=700%2C400&ssl=1 2x"},"classes":[]}],"jetpack_likes_enabled":true,"jetpack_sharing_enabled":true,"_links":{"self":[{"href":"https:\/\/www.sabra.org.br\/site\/wp-json\/wp\/v2\/posts\/4699","targetHints":{"allow":["GET"]}}],"collection":[{"href":"https:\/\/www.sabra.org.br\/site\/wp-json\/wp\/v2\/posts"}],"about":[{"href":"https:\/\/www.sabra.org.br\/site\/wp-json\/wp\/v2\/types\/post"}],"author":[{"embeddable":true,"href":"https:\/\/www.sabra.org.br\/site\/wp-json\/wp\/v2\/users\/39"}],"replies":[{"embeddable":true,"href":"https:\/\/www.sabra.org.br\/site\/wp-json\/wp\/v2\/comments?post=4699"}],"version-history":[{"count":0,"href":"https:\/\/www.sabra.org.br\/site\/wp-json\/wp\/v2\/posts\/4699\/revisions"}],"wp:featuredmedia":[{"embeddable":true,"href":"https:\/\/www.sabra.org.br\/site\/wp-json\/wp\/v2\/media\/7436"}],"wp:attachment":[{"href":"https:\/\/www.sabra.org.br\/site\/wp-json\/wp\/v2\/media?parent=4699"}],"wp:term":[{"taxonomy":"category","embeddable":true,"href":"https:\/\/www.sabra.org.br\/site\/wp-json\/wp\/v2\/categories?post=4699"},{"taxonomy":"post_tag","embeddable":true,"href":"https:\/\/www.sabra.org.br\/site\/wp-json\/wp\/v2\/tags?post=4699"}],"curies":[{"name":"wp","href":"https:\/\/api.w.org\/{rel}","templated":true}]}}