{"id":4728,"date":"2022-02-18T14:48:56","date_gmt":"2022-02-18T17:48:56","guid":{"rendered":"https:\/\/www.sabra.org.br\/site\/?p=4728"},"modified":"2022-02-18T14:54:20","modified_gmt":"2022-02-18T17:54:20","slug":"mario-de-lima-guerra","status":"publish","type":"post","link":"https:\/\/www.sabra.org.br\/site\/mario-de-lima-guerra\/","title":{"rendered":"M\u00e1rio de Lima Guerra"},"content":{"rendered":"<p>[vc_row][vc_column][vc_column_text]M\u00e1rio de Lima Guerra foi Reitor da Faculdade de Sabar\u00e1, Membro do Instituto Hist\u00f3rico e Geogr\u00e1fico de Minas Gerais, do Instituto Hist\u00f3rico e Geogr\u00e1fico do Ciclo do Ouro (com sede em Sabar\u00e1), do Instituto Hist\u00f3rico e Geogr\u00e1fico do Alto Rio das Velhas (com sede em Nova Lima) e da Academia Brasileira de Medalh\u00edstica Militar (com sede no Rio de Janeiro). E tamb\u00e9m Irm\u00e3o da Ordem Terceira do Carmo de Sabar\u00e1, onde j\u00e1 exerceu o cargo de Prior. \u00c9 primo do maestro M\u00e1rcio Miranda [Guerra] Pontes, presidente da SABRA, e parceiro e incentivador de importantes a\u00e7\u00f5es art\u00edsticas e culturais.<\/p>\n<blockquote class=\"wp-embedded-content\" data-secret=\"YYNloYyLqp\"><p><a href=\"https:\/\/www.sabra.org.br\/site\/mestre-felix\/\">Mestre Felix<\/a><\/p><\/blockquote>\n<p><iframe class=\"wp-embedded-content\" sandbox=\"allow-scripts\" security=\"restricted\" style=\"position: absolute; visibility: hidden;\" title=\"&#8220;Mestre Felix&#8221; &#8212; SABRA - Sociedade Art\u00edstica Brasileira\" src=\"https:\/\/www.sabra.org.br\/site\/mestre-felix\/embed\/#?secret=c8i0gNtr4G#?secret=YYNloYyLqp\" data-secret=\"YYNloYyLqp\" width=\"600\" height=\"338\" frameborder=\"0\" marginwidth=\"0\" marginheight=\"0\" scrolling=\"no\"><\/iframe><\/p>\n<p><a href=\"https:\/\/www.faculdadesabara.com.br\/\" target=\"_blank\" rel=\"noopener\">https:\/\/www.faculdadesabara.com.br\/<\/a>[\/vc_column_text][\/vc_column][\/vc_row]<\/p>\n","protected":false},"excerpt":{"rendered":"<p>Nota de falecimento &#8211; M\u00e1rcio de Lima Guerra &#8211; Descanse em paz.<\/p>\n","protected":false},"author":39,"featured_media":4729,"comment_status":"open","ping_status":"open","sticky":false,"template":"","format":"standard","meta":{"jetpack_post_was_ever_published":false,"_jetpack_newsletter_access":"","_jetpack_dont_email_post_to_subs":false,"_jetpack_newsletter_tier_id":0,"_jetpack_memberships_contains_paywalled_content":false,"_jetpack_memberships_contains_paid_content":false,"footnotes":""},"categories":[4],"tags":[15,3626,3623,8,1285,16,3519,1286,11,3622,9],"class_list":["post-4728","post","type-post","status-publish","format-standard","has-post-thumbnail","hentry","category-noticias","tag-assistencia-social","tag-cabo-frio","tag-campos-dos-goytacazes","tag-canto-coral","tag-escola-de-musica-sabra","tag-musicalizacao-infantil","tag-nova-lima-2","tag-orquestra-infanto-juvenil-de-betim","tag-orquestra-sinfonica-de-betim","tag-raposos","tag-sociedade-artistica-brasileira"],"yoast_head":"<!-- This site is optimized with the Yoast SEO plugin v27.5 - https:\/\/yoast.com\/product\/yoast-seo-wordpress\/ -->\n<title>M\u00e1rio de Lima Guerra - SABRA - Sociedade Art\u00edstica Brasileira<\/title>\n<meta name=\"description\" content=\"Nota de falecimento - M\u00e1rcio de Lima Guerra - Descanse em paz.\" \/>\n<meta name=\"robots\" content=\"index, follow, max-snippet:-1, max-image-preview:large, max-video-preview:-1\" \/>\n<link rel=\"canonical\" href=\"https:\/\/www.sabra.org.br\/site\/mario-de-lima-guerra\/\" \/>\n<meta property=\"og:locale\" content=\"pt_BR\" \/>\n<meta property=\"og:type\" content=\"article\" \/>\n<meta property=\"og:title\" content=\"M\u00e1rio de Lima Guerra - SABRA - Sociedade Art\u00edstica Brasileira\" \/>\n<meta property=\"og:description\" content=\"Nota de falecimento - M\u00e1rcio de Lima Guerra - Descanse em paz.\" \/>\n<meta property=\"og:url\" content=\"https:\/\/www.sabra.org.br\/site\/mario-de-lima-guerra\/\" \/>\n<meta property=\"og:site_name\" content=\"SABRA - Sociedade Art\u00edstica Brasileira\" \/>\n<meta property=\"article:publisher\" content=\"https:\/\/www.facebook.com\/sabrabrasil\" \/>\n<meta property=\"article:published_time\" content=\"2022-02-18T17:48:56+00:00\" \/>\n<meta property=\"article:modified_time\" content=\"2022-02-18T17:54:20+00:00\" \/>\n<meta property=\"og:image\" content=\"https:\/\/i0.wp.com\/www.sabra.org.br\/site\/wp-content\/uploads\/2022\/02\/MarioGuerra_SABRA.jpg?fit=1080%2C1527&ssl=1\" \/>\n\t<meta property=\"og:image:width\" content=\"1080\" \/>\n\t<meta property=\"og:image:height\" content=\"1527\" \/>\n\t<meta property=\"og:image:type\" content=\"image\/jpeg\" \/>\n<meta name=\"author\" content=\"M\u00e1rcio Miranda Pontes\" \/>\n<meta name=\"twitter:card\" content=\"summary_large_image\" \/>\n<meta name=\"twitter:creator\" content=\"@ContatoSabra\" \/>\n<meta name=\"twitter:site\" content=\"@ContatoSabra\" \/>\n<meta name=\"twitter:label1\" content=\"Escrito por\" \/>\n\t<meta name=\"twitter:data1\" content=\"M\u00e1rcio Miranda Pontes\" \/>\n\t<meta name=\"twitter:label2\" content=\"Est. tempo de leitura\" \/>\n\t<meta name=\"twitter:data2\" content=\"1 minuto\" \/>\n<script type=\"application\/ld+json\" class=\"yoast-schema-graph\">{\"@context\":\"https:\\\/\\\/schema.org\",\"@graph\":[{\"@type\":\"Article\",\"@id\":\"https:\\\/\\\/www.sabra.org.br\\\/site\\\/mario-de-lima-guerra\\\/#article\",\"isPartOf\":{\"@id\":\"https:\\\/\\\/www.sabra.org.br\\\/site\\\/mario-de-lima-guerra\\\/\"},\"author\":{\"name\":\"M\u00e1rcio Miranda Pontes\",\"@id\":\"https:\\\/\\\/www.sabra.org.br\\\/site\\\/#\\\/schema\\\/person\\\/7d1d222c3c8891d4c37c7b41bf6315c2\"},\"headline\":\"M\u00e1rio de Lima Guerra\",\"datePublished\":\"2022-02-18T17:48:56+00:00\",\"dateModified\":\"2022-02-18T17:54:20+00:00\",\"mainEntityOfPage\":{\"@id\":\"https:\\\/\\\/www.sabra.org.br\\\/site\\\/mario-de-lima-guerra\\\/\"},\"wordCount\":141,\"commentCount\":0,\"publisher\":{\"@id\":\"https:\\\/\\\/www.sabra.org.br\\\/site\\\/#organization\"},\"image\":{\"@id\":\"https:\\\/\\\/www.sabra.org.br\\\/site\\\/mario-de-lima-guerra\\\/#primaryimage\"},\"thumbnailUrl\":\"https:\\\/\\\/www.sabra.org.br\\\/site\\\/wp-content\\\/uploads\\\/2022\\\/02\\\/MarioGuerra_SABRA.jpg\",\"keywords\":[\"Assist\u00eancia social\",\"Cabo Frio\",\"Campos dos Goytacazes\",\"Canto Coral\",\"Escola de Musica SABRA\",\"Musicaliza\u00e7\u00e3o Infantil\",\"nova lima\",\"Orquestra Infanto Juvenil de Betim\",\"Orquestra Sinf\u00f4nica de Betim\",\"Raposos\",\"Sociedade Art\u00edstica Brasileira\"],\"articleSection\":[\"Not\u00edcias\"],\"inLanguage\":\"pt-BR\",\"potentialAction\":[{\"@type\":\"CommentAction\",\"name\":\"Comment\",\"target\":[\"https:\\\/\\\/www.sabra.org.br\\\/site\\\/mario-de-lima-guerra\\\/#respond\"]}]},{\"@type\":\"WebPage\",\"@id\":\"https:\\\/\\\/www.sabra.org.br\\\/site\\\/mario-de-lima-guerra\\\/\",\"url\":\"https:\\\/\\\/www.sabra.org.br\\\/site\\\/mario-de-lima-guerra\\\/\",\"name\":\"M\u00e1rio de Lima Guerra - SABRA - Sociedade Art\u00edstica Brasileira\",\"isPartOf\":{\"@id\":\"https:\\\/\\\/www.sabra.org.br\\\/site\\\/#website\"},\"primaryImageOfPage\":{\"@id\":\"https:\\\/\\\/www.sabra.org.br\\\/site\\\/mario-de-lima-guerra\\\/#primaryimage\"},\"image\":{\"@id\":\"https:\\\/\\\/www.sabra.org.br\\\/site\\\/mario-de-lima-guerra\\\/#primaryimage\"},\"thumbnailUrl\":\"https:\\\/\\\/www.sabra.org.br\\\/site\\\/wp-content\\\/uploads\\\/2022\\\/02\\\/MarioGuerra_SABRA.jpg\",\"datePublished\":\"2022-02-18T17:48:56+00:00\",\"dateModified\":\"2022-02-18T17:54:20+00:00\",\"description\":\"Nota de falecimento - M\u00e1rcio de Lima Guerra - Descanse em paz.\",\"breadcrumb\":{\"@id\":\"https:\\\/\\\/www.sabra.org.br\\\/site\\\/mario-de-lima-guerra\\\/#breadcrumb\"},\"inLanguage\":\"pt-BR\",\"potentialAction\":[{\"@type\":\"ReadAction\",\"target\":[\"https:\\\/\\\/www.sabra.org.br\\\/site\\\/mario-de-lima-guerra\\\/\"]}]},{\"@type\":\"ImageObject\",\"inLanguage\":\"pt-BR\",\"@id\":\"https:\\\/\\\/www.sabra.org.br\\\/site\\\/mario-de-lima-guerra\\\/#primaryimage\",\"url\":\"https:\\\/\\\/www.sabra.org.br\\\/site\\\/wp-content\\\/uploads\\\/2022\\\/02\\\/MarioGuerra_SABRA.jpg\",\"contentUrl\":\"https:\\\/\\\/www.sabra.org.br\\\/site\\\/wp-content\\\/uploads\\\/2022\\\/02\\\/MarioGuerra_SABRA.jpg\",\"width\":1080,\"height\":1527,\"caption\":\"Sociedade Art\u00edstica Brasileira SABRA\"},{\"@type\":\"BreadcrumbList\",\"@id\":\"https:\\\/\\\/www.sabra.org.br\\\/site\\\/mario-de-lima-guerra\\\/#breadcrumb\",\"itemListElement\":[{\"@type\":\"ListItem\",\"position\":1,\"name\":\"In\u00edcio\",\"item\":\"https:\\\/\\\/www.sabra.org.br\\\/site\\\/\"},{\"@type\":\"ListItem\",\"position\":2,\"name\":\"M\u00e1rio de Lima Guerra\"}]},{\"@type\":\"WebSite\",\"@id\":\"https:\\\/\\\/www.sabra.org.br\\\/site\\\/#website\",\"url\":\"https:\\\/\\\/www.sabra.org.br\\\/site\\\/\",\"name\":\"SABRA - Sociedade Art\u00edstica Brasileira\",\"description\":\"Escola de M\u00fasica, Orquestra Sinf\u00f4nica, Coral e Patrim\u00f4nio Cultural e Hist\u00f3rico\",\"publisher\":{\"@id\":\"https:\\\/\\\/www.sabra.org.br\\\/site\\\/#organization\"},\"potentialAction\":[{\"@type\":\"SearchAction\",\"target\":{\"@type\":\"EntryPoint\",\"urlTemplate\":\"https:\\\/\\\/www.sabra.org.br\\\/site\\\/?s={search_term_string}\"},\"query-input\":{\"@type\":\"PropertyValueSpecification\",\"valueRequired\":true,\"valueName\":\"search_term_string\"}}],\"inLanguage\":\"pt-BR\"},{\"@type\":\"Organization\",\"@id\":\"https:\\\/\\\/www.sabra.org.br\\\/site\\\/#organization\",\"name\":\"SOCIEDADE ART\u00cdSTICA BRASILEIRA SABRA\",\"alternateName\":\"SABRA\",\"url\":\"https:\\\/\\\/www.sabra.org.br\\\/site\\\/\",\"logo\":{\"@type\":\"ImageObject\",\"inLanguage\":\"pt-BR\",\"@id\":\"https:\\\/\\\/www.sabra.org.br\\\/site\\\/#\\\/schema\\\/logo\\\/image\\\/\",\"url\":\"https:\\\/\\\/www.sabra.org.br\\\/site\\\/wp-content\\\/uploads\\\/2019\\\/06\\\/cropped-Logo_SABRA-Copia-1.webp\",\"contentUrl\":\"https:\\\/\\\/www.sabra.org.br\\\/site\\\/wp-content\\\/uploads\\\/2019\\\/06\\\/cropped-Logo_SABRA-Copia-1.webp\",\"width\":400,\"height\":128,\"caption\":\"SOCIEDADE ART\u00cdSTICA BRASILEIRA SABRA\"},\"image\":{\"@id\":\"https:\\\/\\\/www.sabra.org.br\\\/site\\\/#\\\/schema\\\/logo\\\/image\\\/\"},\"sameAs\":[\"https:\\\/\\\/www.facebook.com\\\/sabrabrasil\",\"https:\\\/\\\/x.com\\\/ContatoSabra\",\"https:\\\/\\\/www.instagram.com\\\/sabrabrasil\\\/\",\"https:\\\/\\\/www.linkedin.com\\\/company\\\/25002088\\\/\",\"https:\\\/\\\/br.pinterest.com\\\/sociedadeartisticabrasileira\\\/\",\"https:\\\/\\\/www.youtube.com\\\/c\\\/sabrabrasil\"]},{\"@type\":\"Person\",\"@id\":\"https:\\\/\\\/www.sabra.org.br\\\/site\\\/#\\\/schema\\\/person\\\/7d1d222c3c8891d4c37c7b41bf6315c2\",\"name\":\"M\u00e1rcio Miranda Pontes\",\"image\":{\"@type\":\"ImageObject\",\"inLanguage\":\"pt-BR\",\"@id\":\"https:\\\/\\\/secure.gravatar.com\\\/avatar\\\/3b45f24496a7625a3a6c436688fbe20344faaeb2979658dc4a9921f984d7df9a?s=96&d=mm&r=g\",\"url\":\"https:\\\/\\\/secure.gravatar.com\\\/avatar\\\/3b45f24496a7625a3a6c436688fbe20344faaeb2979658dc4a9921f984d7df9a?s=96&d=mm&r=g\",\"contentUrl\":\"https:\\\/\\\/secure.gravatar.com\\\/avatar\\\/3b45f24496a7625a3a6c436688fbe20344faaeb2979658dc4a9921f984d7df9a?s=96&d=mm&r=g\",\"caption\":\"M\u00e1rcio Miranda Pontes\"},\"sameAs\":[\"http:\\\/\\\/www.sabra.org.br\"],\"url\":\"https:\\\/\\\/www.sabra.org.br\\\/site\\\/author\\\/marcio-miranda-pontes\\\/\"}]}<\/script>\n<!-- \/ Yoast SEO plugin. -->","yoast_head_json":{"title":"M\u00e1rio de Lima Guerra - SABRA - Sociedade Art\u00edstica Brasileira","description":"Nota de falecimento - M\u00e1rcio de Lima Guerra - Descanse em paz.","robots":{"index":"index","follow":"follow","max-snippet":"max-snippet:-1","max-image-preview":"max-image-preview:large","max-video-preview":"max-video-preview:-1"},"canonical":"https:\/\/www.sabra.org.br\/site\/mario-de-lima-guerra\/","og_locale":"pt_BR","og_type":"article","og_title":"M\u00e1rio de Lima Guerra - SABRA - Sociedade Art\u00edstica Brasileira","og_description":"Nota de falecimento - M\u00e1rcio de Lima Guerra - Descanse em paz.","og_url":"https:\/\/www.sabra.org.br\/site\/mario-de-lima-guerra\/","og_site_name":"SABRA - Sociedade Art\u00edstica Brasileira","article_publisher":"https:\/\/www.facebook.com\/sabrabrasil","article_published_time":"2022-02-18T17:48:56+00:00","article_modified_time":"2022-02-18T17:54:20+00:00","og_image":[{"width":1080,"height":1527,"url":"https:\/\/i0.wp.com\/www.sabra.org.br\/site\/wp-content\/uploads\/2022\/02\/MarioGuerra_SABRA.jpg?fit=1080%2C1527&ssl=1","type":"image\/jpeg"}],"author":"M\u00e1rcio Miranda Pontes","twitter_card":"summary_large_image","twitter_creator":"@ContatoSabra","twitter_site":"@ContatoSabra","twitter_misc":{"Escrito por":"M\u00e1rcio Miranda Pontes","Est. tempo de leitura":"1 minuto"},"schema":{"@context":"https:\/\/schema.org","@graph":[{"@type":"Article","@id":"https:\/\/www.sabra.org.br\/site\/mario-de-lima-guerra\/#article","isPartOf":{"@id":"https:\/\/www.sabra.org.br\/site\/mario-de-lima-guerra\/"},"author":{"name":"M\u00e1rcio Miranda Pontes","@id":"https:\/\/www.sabra.org.br\/site\/#\/schema\/person\/7d1d222c3c8891d4c37c7b41bf6315c2"},"headline":"M\u00e1rio de Lima Guerra","datePublished":"2022-02-18T17:48:56+00:00","dateModified":"2022-02-18T17:54:20+00:00","mainEntityOfPage":{"@id":"https:\/\/www.sabra.org.br\/site\/mario-de-lima-guerra\/"},"wordCount":141,"commentCount":0,"publisher":{"@id":"https:\/\/www.sabra.org.br\/site\/#organization"},"image":{"@id":"https:\/\/www.sabra.org.br\/site\/mario-de-lima-guerra\/#primaryimage"},"thumbnailUrl":"https:\/\/www.sabra.org.br\/site\/wp-content\/uploads\/2022\/02\/MarioGuerra_SABRA.jpg","keywords":["Assist\u00eancia social","Cabo Frio","Campos dos Goytacazes","Canto Coral","Escola de Musica SABRA","Musicaliza\u00e7\u00e3o Infantil","nova lima","Orquestra Infanto Juvenil de Betim","Orquestra Sinf\u00f4nica de Betim","Raposos","Sociedade Art\u00edstica Brasileira"],"articleSection":["Not\u00edcias"],"inLanguage":"pt-BR","potentialAction":[{"@type":"CommentAction","name":"Comment","target":["https:\/\/www.sabra.org.br\/site\/mario-de-lima-guerra\/#respond"]}]},{"@type":"WebPage","@id":"https:\/\/www.sabra.org.br\/site\/mario-de-lima-guerra\/","url":"https:\/\/www.sabra.org.br\/site\/mario-de-lima-guerra\/","name":"M\u00e1rio de Lima Guerra - SABRA - Sociedade Art\u00edstica Brasileira","isPartOf":{"@id":"https:\/\/www.sabra.org.br\/site\/#website"},"primaryImageOfPage":{"@id":"https:\/\/www.sabra.org.br\/site\/mario-de-lima-guerra\/#primaryimage"},"image":{"@id":"https:\/\/www.sabra.org.br\/site\/mario-de-lima-guerra\/#primaryimage"},"thumbnailUrl":"https:\/\/www.sabra.org.br\/site\/wp-content\/uploads\/2022\/02\/MarioGuerra_SABRA.jpg","datePublished":"2022-02-18T17:48:56+00:00","dateModified":"2022-02-18T17:54:20+00:00","description":"Nota de falecimento - M\u00e1rcio de Lima Guerra - Descanse em paz.","breadcrumb":{"@id":"https:\/\/www.sabra.org.br\/site\/mario-de-lima-guerra\/#breadcrumb"},"inLanguage":"pt-BR","potentialAction":[{"@type":"ReadAction","target":["https:\/\/www.sabra.org.br\/site\/mario-de-lima-guerra\/"]}]},{"@type":"ImageObject","inLanguage":"pt-BR","@id":"https:\/\/www.sabra.org.br\/site\/mario-de-lima-guerra\/#primaryimage","url":"https:\/\/www.sabra.org.br\/site\/wp-content\/uploads\/2022\/02\/MarioGuerra_SABRA.jpg","contentUrl":"https:\/\/www.sabra.org.br\/site\/wp-content\/uploads\/2022\/02\/MarioGuerra_SABRA.jpg","width":1080,"height":1527,"caption":"Sociedade Art\u00edstica Brasileira SABRA"},{"@type":"BreadcrumbList","@id":"https:\/\/www.sabra.org.br\/site\/mario-de-lima-guerra\/#breadcrumb","itemListElement":[{"@type":"ListItem","position":1,"name":"In\u00edcio","item":"https:\/\/www.sabra.org.br\/site\/"},{"@type":"ListItem","position":2,"name":"M\u00e1rio de Lima Guerra"}]},{"@type":"WebSite","@id":"https:\/\/www.sabra.org.br\/site\/#website","url":"https:\/\/www.sabra.org.br\/site\/","name":"SABRA - Sociedade Art\u00edstica Brasileira","description":"Escola de M\u00fasica, Orquestra Sinf\u00f4nica, Coral e Patrim\u00f4nio Cultural e Hist\u00f3rico","publisher":{"@id":"https:\/\/www.sabra.org.br\/site\/#organization"},"potentialAction":[{"@type":"SearchAction","target":{"@type":"EntryPoint","urlTemplate":"https:\/\/www.sabra.org.br\/site\/?s={search_term_string}"},"query-input":{"@type":"PropertyValueSpecification","valueRequired":true,"valueName":"search_term_string"}}],"inLanguage":"pt-BR"},{"@type":"Organization","@id":"https:\/\/www.sabra.org.br\/site\/#organization","name":"SOCIEDADE ART\u00cdSTICA BRASILEIRA SABRA","alternateName":"SABRA","url":"https:\/\/www.sabra.org.br\/site\/","logo":{"@type":"ImageObject","inLanguage":"pt-BR","@id":"https:\/\/www.sabra.org.br\/site\/#\/schema\/logo\/image\/","url":"https:\/\/www.sabra.org.br\/site\/wp-content\/uploads\/2019\/06\/cropped-Logo_SABRA-Copia-1.webp","contentUrl":"https:\/\/www.sabra.org.br\/site\/wp-content\/uploads\/2019\/06\/cropped-Logo_SABRA-Copia-1.webp","width":400,"height":128,"caption":"SOCIEDADE ART\u00cdSTICA BRASILEIRA SABRA"},"image":{"@id":"https:\/\/www.sabra.org.br\/site\/#\/schema\/logo\/image\/"},"sameAs":["https:\/\/www.facebook.com\/sabrabrasil","https:\/\/x.com\/ContatoSabra","https:\/\/www.instagram.com\/sabrabrasil\/","https:\/\/www.linkedin.com\/company\/25002088\/","https:\/\/br.pinterest.com\/sociedadeartisticabrasileira\/","https:\/\/www.youtube.com\/c\/sabrabrasil"]},{"@type":"Person","@id":"https:\/\/www.sabra.org.br\/site\/#\/schema\/person\/7d1d222c3c8891d4c37c7b41bf6315c2","name":"M\u00e1rcio Miranda Pontes","image":{"@type":"ImageObject","inLanguage":"pt-BR","@id":"https:\/\/secure.gravatar.com\/avatar\/3b45f24496a7625a3a6c436688fbe20344faaeb2979658dc4a9921f984d7df9a?s=96&d=mm&r=g","url":"https:\/\/secure.gravatar.com\/avatar\/3b45f24496a7625a3a6c436688fbe20344faaeb2979658dc4a9921f984d7df9a?s=96&d=mm&r=g","contentUrl":"https:\/\/secure.gravatar.com\/avatar\/3b45f24496a7625a3a6c436688fbe20344faaeb2979658dc4a9921f984d7df9a?s=96&d=mm&r=g","caption":"M\u00e1rcio Miranda Pontes"},"sameAs":["http:\/\/www.sabra.org.br"],"url":"https:\/\/www.sabra.org.br\/site\/author\/marcio-miranda-pontes\/"}]}},"jetpack_featured_media_url":"https:\/\/www.sabra.org.br\/site\/wp-content\/uploads\/2022\/02\/MarioGuerra_SABRA.jpg","jetpack_shortlink":"https:\/\/wp.me\/p95j2Z-1eg","jetpack-related-posts":[{"id":8037,"url":"https:\/\/www.sabra.org.br\/site\/sabara-concerto-sinfonico-coral\/","url_meta":{"origin":4728,"position":0},"title":"Concerto Sinf\u00f4nico Coral em Sabar\u00e1","author":"M\u00e1rcio Miranda Pontes","date":"23 de setembro de 2023","format":false,"excerpt":"Orquestra Sinf\u00f4nica de Betim e Coral Unimed-BH realizam concerto na Igreja de Nossa Senhora do Carmo de Sabar\u00e1 no dia 20\/09\/23.","rel":"","context":"Em &quot;Not\u00edcias&quot;","block_context":{"text":"Not\u00edcias","link":"https:\/\/www.sabra.org.br\/site\/category\/noticias\/"},"img":{"alt_text":"sabra-m\u00fasica-sabar\u00e1-f\u00e9lix-manuscritos-musicais-art\u00edstica","src":"https:\/\/i0.wp.com\/www.sabra.org.br\/site\/wp-content\/uploads\/2023\/09\/Sabara1-jpg.webp?resize=350%2C200&ssl=1","width":350,"height":200,"srcset":"https:\/\/i0.wp.com\/www.sabra.org.br\/site\/wp-content\/uploads\/2023\/09\/Sabara1-jpg.webp?resize=350%2C200&ssl=1 1x, https:\/\/i0.wp.com\/www.sabra.org.br\/site\/wp-content\/uploads\/2023\/09\/Sabara1-jpg.webp?resize=525%2C300&ssl=1 1.5x, https:\/\/i0.wp.com\/www.sabra.org.br\/site\/wp-content\/uploads\/2023\/09\/Sabara1-jpg.webp?resize=700%2C400&ssl=1 2x, https:\/\/i0.wp.com\/www.sabra.org.br\/site\/wp-content\/uploads\/2023\/09\/Sabara1-jpg.webp?resize=1050%2C600&ssl=1 3x"},"classes":[]},{"id":14526,"url":"https:\/\/www.sabra.org.br\/site\/mestre-felix-em-jaboticatubas\/","url_meta":{"origin":4728,"position":1},"title":"Coral Unimed-BH celebra legado do Mestre F\u00e9lix em concerto hist\u00f3rico em Jaboticatubas\u00a0","author":"M\u00e1rcio Miranda Pontes","date":"28 de agosto de 2025","format":false,"excerpt":"Mestre Felix - \u00a0Um concerto que resgata a hist\u00f3ria musical de Minas Gerais\u00a0 Data: 31 de agosto de 2025\u00a0 Hor\u00e1rio: 16h\u00a0 Local: Centro Cultural de Jaboticatubas (MG)\u00a0 Evento: Solenidade de entrega do acervo de manuscritos musicais de Ant\u00f4nio F\u00e9lix de Souza Maia (1834-1914) \u00e0 comunidade\u00a0 Entrada gratuita Classifica\u00e7\u00e3o: Livre No\u2026","rel":"","context":"Em &quot;Not\u00edcias&quot;","block_context":{"text":"Not\u00edcias","link":"https:\/\/www.sabra.org.br\/site\/category\/noticias\/"},"img":{"alt_text":"Coral Unimed-BH se apresenta no Centro Cultural de Jaboticatubas em homenagem ao Mestre F\u00e9lix Entrega oficial do acervo de manuscritos musicais do s\u00e9culo XIX \u00e0 comunidade","src":"https:\/\/i0.wp.com\/www.sabra.org.br\/site\/wp-content\/uploads\/2025\/08\/Jaboticatubasdivulga.jpg?resize=350%2C200&ssl=1","width":350,"height":200,"srcset":"https:\/\/i0.wp.com\/www.sabra.org.br\/site\/wp-content\/uploads\/2025\/08\/Jaboticatubasdivulga.jpg?resize=350%2C200&ssl=1 1x, https:\/\/i0.wp.com\/www.sabra.org.br\/site\/wp-content\/uploads\/2025\/08\/Jaboticatubasdivulga.jpg?resize=525%2C300&ssl=1 1.5x, https:\/\/i0.wp.com\/www.sabra.org.br\/site\/wp-content\/uploads\/2025\/08\/Jaboticatubasdivulga.jpg?resize=700%2C400&ssl=1 2x, https:\/\/i0.wp.com\/www.sabra.org.br\/site\/wp-content\/uploads\/2025\/08\/Jaboticatubasdivulga.jpg?resize=1050%2C600&ssl=1 3x"},"classes":[]},{"id":4238,"url":"https:\/\/www.sabra.org.br\/site\/mestre-felix\/","url_meta":{"origin":4728,"position":2},"title":"Mestre Felix","author":"M\u00e1rcio Miranda Pontes","date":"29 de setembro de 2021","format":false,"excerpt":"Mestre F\u00e9lix A Faculdade de Sabar\u00e1 publicou no YouTube o evento em homenagem ao Maestro Ant\u00f4nio F\u00e9lix de Souza Maia (MESTRE F\u00c9LIX) Grava\u00e7\u00e3o ao vivo na Casa de Cultura de Jaboticatubas \u2013 MG, em 12-09-2021 Conhe\u00e7a mais sobre o compositor e sua obra no site da SABRA. Neste v\u00eddeo, temos\u2026","rel":"","context":"Em &quot;Blog SABRA&quot;","block_context":{"text":"Blog SABRA","link":"https:\/\/www.sabra.org.br\/site\/category\/blog-sabra\/"},"img":{"alt_text":"mestre-felix-maestro-sabara-jaboticatubas","src":"https:\/\/i0.wp.com\/www.sabra.org.br\/site\/wp-content\/uploads\/2021\/09\/Mestre-felix-foto.png?resize=350%2C200&ssl=1","width":350,"height":200,"srcset":"https:\/\/i0.wp.com\/www.sabra.org.br\/site\/wp-content\/uploads\/2021\/09\/Mestre-felix-foto.png?resize=350%2C200&ssl=1 1x, https:\/\/i0.wp.com\/www.sabra.org.br\/site\/wp-content\/uploads\/2021\/09\/Mestre-felix-foto.png?resize=525%2C300&ssl=1 1.5x, https:\/\/i0.wp.com\/www.sabra.org.br\/site\/wp-content\/uploads\/2021\/09\/Mestre-felix-foto.png?resize=700%2C400&ssl=1 2x, https:\/\/i0.wp.com\/www.sabra.org.br\/site\/wp-content\/uploads\/2021\/09\/Mestre-felix-foto.png?resize=1050%2C600&ssl=1 3x"},"classes":[]},{"id":6770,"url":"https:\/\/www.sabra.org.br\/site\/musicalizacao2023\/","url_meta":{"origin":4728,"position":3},"title":"Musicaliza\u00e7\u00e3o e Coral Infantil","author":"M\u00e1rcio Miranda Pontes","date":"21 de mar\u00e7o de 2023","format":false,"excerpt":"A Sociedade Art\u00edstica Brasileira (SABRA) est\u00e1 selecionando estudantes para o Curso de Musicaliza\u00e7\u00e3o Infantil. S\u00e3o 620 vagas. Podem participar estudantes regularmente matriculados no 2\u00ba \u00a0ano do Ensino Fundamental I. As inscri\u00e7\u00f5es come\u00e7am no dia 21 e v\u00e3o at\u00e9 30 de mar\u00e7o.","rel":"","context":"Em &quot;Not\u00edcias&quot;","block_context":{"text":"Not\u00edcias","link":"https:\/\/www.sabra.org.br\/site\/category\/noticias\/"},"img":{"alt_text":"Musicaliza\u00e7\u00e3o-violino-viola-cordas-sabra","src":"https:\/\/i0.wp.com\/www.sabra.org.br\/site\/wp-content\/uploads\/2023\/03\/Musicalizacao-2.jpg?resize=350%2C200&ssl=1","width":350,"height":200,"srcset":"https:\/\/i0.wp.com\/www.sabra.org.br\/site\/wp-content\/uploads\/2023\/03\/Musicalizacao-2.jpg?resize=350%2C200&ssl=1 1x, https:\/\/i0.wp.com\/www.sabra.org.br\/site\/wp-content\/uploads\/2023\/03\/Musicalizacao-2.jpg?resize=525%2C300&ssl=1 1.5x, https:\/\/i0.wp.com\/www.sabra.org.br\/site\/wp-content\/uploads\/2023\/03\/Musicalizacao-2.jpg?resize=700%2C400&ssl=1 2x, https:\/\/i0.wp.com\/www.sabra.org.br\/site\/wp-content\/uploads\/2023\/03\/Musicalizacao-2.jpg?resize=1050%2C600&ssl=1 3x, https:\/\/i0.wp.com\/www.sabra.org.br\/site\/wp-content\/uploads\/2023\/03\/Musicalizacao-2.jpg?resize=1400%2C800&ssl=1 4x"},"classes":[]},{"id":2306,"url":"https:\/\/www.sabra.org.br\/site\/nova-lima\/","url_meta":{"origin":4728,"position":4},"title":"Concerto da Sinf\u00f4nica de Betim em Nova Lima","author":"M\u00e1rcio Miranda Pontes","date":"3 de agosto de 2019","format":false,"excerpt":"Concerto da Orquestra Sinf\u00f4nica de Betim no Teatro Municipal de Nova Lima. Assinatura da parceria entre Secretaria Municipal de Turismo e Cultura, Vallourec e SABRA. Lan\u00e7amento do Curso de Musicaliza\u00e7\u00e3o Infantil na Escola de M\u00fasica Z\u00e9 Fuzil.","rel":"","context":"Em &quot;Not\u00edcias&quot;","block_context":{"text":"Not\u00edcias","link":"https:\/\/www.sabra.org.br\/site\/category\/noticias\/"},"img":{"alt_text":"Nova Lima","src":"https:\/\/i0.wp.com\/www.sabra.org.br\/site\/wp-content\/uploads\/2019\/08\/ConcertoNovaLima.jpg?resize=350%2C200&ssl=1","width":350,"height":200,"srcset":"https:\/\/i0.wp.com\/www.sabra.org.br\/site\/wp-content\/uploads\/2019\/08\/ConcertoNovaLima.jpg?resize=350%2C200&ssl=1 1x, https:\/\/i0.wp.com\/www.sabra.org.br\/site\/wp-content\/uploads\/2019\/08\/ConcertoNovaLima.jpg?resize=525%2C300&ssl=1 1.5x, https:\/\/i0.wp.com\/www.sabra.org.br\/site\/wp-content\/uploads\/2019\/08\/ConcertoNovaLima.jpg?resize=700%2C400&ssl=1 2x, https:\/\/i0.wp.com\/www.sabra.org.br\/site\/wp-content\/uploads\/2019\/08\/ConcertoNovaLima.jpg?resize=1050%2C600&ssl=1 3x"},"classes":[]},{"id":6773,"url":"https:\/\/www.sabra.org.br\/site\/orquestra2023\/","url_meta":{"origin":4728,"position":5},"title":"Orquestra Sinf\u00f4nica de Betim 2023","author":"M\u00e1rcio Miranda Pontes","date":"21 de mar\u00e7o de 2023","format":false,"excerpt":"A Sociedade Art\u00edstica Brasileira (SABRA) est\u00e1 com vagas abertas para o curso de Orquestra Sinf\u00f4nica. S\u00e3o 55 vagas abertas, sendo 53 para instrumentistas e duas para assistente de produ\u00e7\u00e3o. Podem participar candidatos com 16 anos ou mais, que morem na Regi\u00e3o Metropolitana de Belo Horizonte. \u00c9 preciso comprovar conhecimento dos\u2026","rel":"","context":"Em &quot;Not\u00edcias&quot;","block_context":{"text":"Not\u00edcias","link":"https:\/\/www.sabra.org.br\/site\/category\/noticias\/"},"img":{"alt_text":"orquestra-sinf\u00f4nica-sabra-betim-escola-m\u00fasica","src":"https:\/\/i0.wp.com\/www.sabra.org.br\/site\/wp-content\/uploads\/2023\/03\/Orquestra-Sinfonica-1.jpg?resize=350%2C200&ssl=1","width":350,"height":200,"srcset":"https:\/\/i0.wp.com\/www.sabra.org.br\/site\/wp-content\/uploads\/2023\/03\/Orquestra-Sinfonica-1.jpg?resize=350%2C200&ssl=1 1x, https:\/\/i0.wp.com\/www.sabra.org.br\/site\/wp-content\/uploads\/2023\/03\/Orquestra-Sinfonica-1.jpg?resize=525%2C300&ssl=1 1.5x, https:\/\/i0.wp.com\/www.sabra.org.br\/site\/wp-content\/uploads\/2023\/03\/Orquestra-Sinfonica-1.jpg?resize=700%2C400&ssl=1 2x, https:\/\/i0.wp.com\/www.sabra.org.br\/site\/wp-content\/uploads\/2023\/03\/Orquestra-Sinfonica-1.jpg?resize=1050%2C600&ssl=1 3x, https:\/\/i0.wp.com\/www.sabra.org.br\/site\/wp-content\/uploads\/2023\/03\/Orquestra-Sinfonica-1.jpg?resize=1400%2C800&ssl=1 4x"},"classes":[]}],"jetpack_likes_enabled":true,"jetpack_sharing_enabled":true,"_links":{"self":[{"href":"https:\/\/www.sabra.org.br\/site\/wp-json\/wp\/v2\/posts\/4728","targetHints":{"allow":["GET"]}}],"collection":[{"href":"https:\/\/www.sabra.org.br\/site\/wp-json\/wp\/v2\/posts"}],"about":[{"href":"https:\/\/www.sabra.org.br\/site\/wp-json\/wp\/v2\/types\/post"}],"author":[{"embeddable":true,"href":"https:\/\/www.sabra.org.br\/site\/wp-json\/wp\/v2\/users\/39"}],"replies":[{"embeddable":true,"href":"https:\/\/www.sabra.org.br\/site\/wp-json\/wp\/v2\/comments?post=4728"}],"version-history":[{"count":0,"href":"https:\/\/www.sabra.org.br\/site\/wp-json\/wp\/v2\/posts\/4728\/revisions"}],"wp:featuredmedia":[{"embeddable":true,"href":"https:\/\/www.sabra.org.br\/site\/wp-json\/wp\/v2\/media\/4729"}],"wp:attachment":[{"href":"https:\/\/www.sabra.org.br\/site\/wp-json\/wp\/v2\/media?parent=4728"}],"wp:term":[{"taxonomy":"category","embeddable":true,"href":"https:\/\/www.sabra.org.br\/site\/wp-json\/wp\/v2\/categories?post=4728"},{"taxonomy":"post_tag","embeddable":true,"href":"https:\/\/www.sabra.org.br\/site\/wp-json\/wp\/v2\/tags?post=4728"}],"curies":[{"name":"wp","href":"https:\/\/api.w.org\/{rel}","templated":true}]}}