{"id":4803,"date":"2022-03-07T19:30:45","date_gmt":"2022-03-07T22:30:45","guid":{"rendered":"https:\/\/www.sabra.org.br\/site\/?p=4803"},"modified":"2022-03-07T19:30:45","modified_gmt":"2022-03-07T22:30:45","slug":"trabalho-maestro","status":"publish","type":"post","link":"https:\/\/www.sabra.org.br\/site\/trabalho-maestro\/","title":{"rendered":"Conhe\u00e7a as curiosidades do trabalho de maestro"},"content":{"rendered":"<p>[vc_row][vc_column][vc_column_text]Quando paramos para assistir uma orquestra, nos sentimos envolvidos por aquela atua\u00e7\u00e3o maravilhosa e, sem d\u00favida, um dos principais elementos que observamos \u00e9 o trabalho do maestro, a pessoa que comanda todo o processo e que, junto com o talento e dedica\u00e7\u00e3o de cada componente, faz a diferen\u00e7a.<\/p>\n<p>Mas ser\u00e1 que, observando como espectador, n\u00f3s captamos tudo que um maestro faz? Ou ainda: ser\u00e1 que damos o devido valor a esta figura? Provavelmente, n\u00e3o. Para ajudar, portanto, resolvemos separar algumas curiosidades que fazem parte do trabalho deste profissional.<\/p>\n<h2>Maestro \u00e9 quem dita o ritmo dos ensaios<\/h2>\n<p>A primeira curiosidade n\u00e3o fala exatamente sobre o momento da apresenta\u00e7\u00e3o, como tamb\u00e9m dos ensaios. Voc\u00ea sabia que \u00e9 o regente que dita o per\u00edodo de ensaio, o momento de in\u00edcio e fim etc? Pode parecer que, por cada um tocar um instrumento, os treinos s\u00e3o mais individualizados.<\/p>\n<p>Mas n\u00e3o \u00e9 assim: tudo passa pela cabe\u00e7a do regente e pelo que ele acredita ser o tempo ideal para que a harmonia da orquestra seja garantida ao longo do processo, at\u00e9 chegar \u00e0 apresenta\u00e7\u00e3o final.<\/p>\n<h2>Fun\u00e7\u00f5es diferentes<\/h2>\n<p>Al\u00e9m disso, o maestro tamb\u00e9m tem um duplo objetivo em seu trabalho, sabia? Para muitos, pode parecer que ele est\u00e1 l\u00e1 para garantir que tudo funcione em conjunto, mesmo que cada um toque o pr\u00f3prio instrumento.<\/p>\n<p>Sim, este \u00e9 um ponto importante. Mas, por outro lado, tamb\u00e9m \u00e9 o maestro que escolhe a forma, digamos assim, que a m\u00fasica ser\u00e1 tocada. O som ser\u00e1 mais estridente, com notas mais altas? Ou o ideal \u00e9 que acabe sendo uma apresenta\u00e7\u00e3o mais s\u00f3bria, com som mais fechado? Isso parte de uma escolha do regente, sabia? Portanto, al\u00e9m de guiar o entrosamento, ele dita o caminho que a m\u00fasica tomar\u00e1.<\/p>\n<h2>Batuta<\/h2>\n<p>Para alguns, pode parecer que a batuta usada pelo maestro \u00e9 apenas algo sup\u00e9rfluo ou uma tradi\u00e7\u00e3o antiga que se mant\u00e9m por um fator puramente est\u00e9tico. Mas na realidade, este instrumento atua como um complemento dos movimentos do bra\u00e7o e das m\u00e3os.<\/p>\n<p>O regente \u00e9 capaz de mostrar, pela forma como a batuta e seus bra\u00e7os se movem, em quantos tempos ele quer a m\u00fasica, quais os momentos de acelerar o ritmo e muito mais.<\/p>\n<p>A batuta acaba sendo um \u00f3timo referencial para os instrumentistas e, provavelmente, todo o processo ser\u00e1 prejudicado e se perder\u00e1 se o maestro n\u00e3o estiver utilizando o instrumento durante a reg\u00eancia.<\/p>\n<h2>Trabalho cada vez mais integrado<\/h2>\n<p>Para finalizar, uma curiosidade \u00e9 a integra\u00e7\u00e3o do trabalho. Por mais que o maestro seja o l\u00edder, cada vez mais ele para e ouve o que os m\u00fasicos acreditam ser o ideal para seus instrumentos na m\u00fasica tocada. Por isso, o trabalho passa, tamb\u00e9m, pela capacidade de di\u00e1logo, indo al\u00e9m, meramente, da quest\u00e3o t\u00e9cnica.<\/p>\n<p>Estas s\u00e3o, portanto, algumas curiosidades que formam o trabalho de um maestro. Agora, ao assistir a uma orquestra (ou um coro, j\u00e1 que o maestro tamb\u00e9m pode atuar neste tipo de situa\u00e7\u00e3o), ser\u00e1 poss\u00edvel entender ainda melhor cada movimento deste profissional t\u00e3o importante, e que faz a m\u00fasica apresentada encantar a todos.<\/p>\n<blockquote class=\"wp-embedded-content\" data-secret=\"GjxHFRHkDA\"><p><a href=\"https:\/\/www.sabra.org.br\/site\/voce-entende-o-maestro-e-seus-gestos\/\">Voc\u00ea entende o Maestro e seus gestos?<\/a><\/p><\/blockquote>\n<p><iframe class=\"wp-embedded-content\" sandbox=\"allow-scripts\" security=\"restricted\" style=\"position: absolute; visibility: hidden;\" title=\"&#8220;Voc\u00ea entende o Maestro e seus gestos?&#8221; &#8212; SABRA - Sociedade Art\u00edstica Brasileira\" src=\"https:\/\/www.sabra.org.br\/site\/voce-entende-o-maestro-e-seus-gestos\/embed\/#?secret=y0adsADUqw#?secret=GjxHFRHkDA\" data-secret=\"GjxHFRHkDA\" width=\"600\" height=\"338\" frameborder=\"0\" marginwidth=\"0\" marginheight=\"0\" scrolling=\"no\"><\/iframe><\/p>\n<hr \/>\n<h2>Se voc\u00ea gostou deste post:<\/h2>\n<p>&#8211; SIGA as nossas p\u00e1ginas nas redes sociais para acompanhar as nossas atualiza\u00e7\u00f5es: estamos no <a href=\"https:\/\/www.facebook.com\/sabrabrasil\" target=\"_blank\" rel=\"noopener\">Facebook<\/a>, no <a href=\"https:\/\/www.instagram.com\/sabrabrasil\/\" target=\"_blank\" rel=\"noopener\">Instagram<\/a>, no <a href=\"https:\/\/www.linkedin.com\/company\/25002088\" target=\"_blank\" rel=\"noopener\">LinkedIn<\/a>, no <a href=\"https:\/\/twitter.com\/ContatoSabra\" target=\"_blank\" rel=\"noopener\">Twitter<\/a> e no <a href=\"https:\/\/www.youtube.com\/channel\/UCJw-kbuEvzUNdeQf20Pa-eQ\" target=\"_blank\" rel=\"noopener\">YouTube<\/a>!<\/p>\n<p>&#8211; CONHE\u00c7A o trabalho da Sociedade Art\u00edstica Brasileira (SABRA) e todas as iniciativas culturais e sociais que ela mant\u00e9m. <a href=\"https:\/\/www.sabra.org.br\/site\/acoes\/\" target=\"_blank\" rel=\"noopener\">Acesse nosso site!<\/a><\/p>\n<p>&#8211; ENTRE EM CONTATO com a gente. E veja quais s\u00e3o as op\u00e7\u00f5es de ajuda na manuten\u00e7\u00e3o de nossas a\u00e7\u00f5es sociais e culturais. Basta acessar nossa p\u00e1gina <a href=\"https:\/\/www.sabra.org.br\/site\/doe-agora\/\" target=\"_blank\" rel=\"noopener\">Doe Agora!<\/a><\/p>\n<p>&#8211; COMPARTILHE este texto nas suas redes sociais e ajude os seus amigos a tamb\u00e9m dominarem o assunto!<\/p>\n<p>\u2013 Os projetos da @sabrabrasil s\u00e3o realizados com o patroci\u0301nio m\u00e1ster: @vallourec e @institutounimedbh, viabilizado pelo incentivo de mais de 5,2 mil m\u00e9dicos cooperados e colaboradores via Lei de Incentivo \u00e0 Cultura &#8211; @mturismo, @culturagovbr. Apoio: @prefeiturabetim[\/vc_column_text][\/vc_column][\/vc_row]<\/p>\n","protected":false},"excerpt":{"rendered":"<p>J\u00e1 parou para pensar em como funciona o trabalho de um maestro? Confira algumas curiosidades que permeiam esta fun\u00e7\u00e3o e entenda por que ele atua da forma como faz e como isso influencia em toda a orquestra.<\/p>\n","protected":false},"author":39,"featured_media":4804,"comment_status":"closed","ping_status":"closed","sticky":false,"template":"","format":"standard","meta":{"jetpack_post_was_ever_published":false,"_jetpack_newsletter_access":"","_jetpack_dont_email_post_to_subs":false,"_jetpack_newsletter_tier_id":0,"_jetpack_memberships_contains_paywalled_content":false,"_jetpack_memberships_contains_paid_content":false,"footnotes":""},"categories":[1],"tags":[15,3626,3623,8,1285,16,3519,1286,11,3622,9],"class_list":["post-4803","post","type-post","status-publish","format-standard","has-post-thumbnail","hentry","category-blog-sabra","tag-assistencia-social","tag-cabo-frio","tag-campos-dos-goytacazes","tag-canto-coral","tag-escola-de-musica-sabra","tag-musicalizacao-infantil","tag-nova-lima-2","tag-orquestra-infanto-juvenil-de-betim","tag-orquestra-sinfonica-de-betim","tag-raposos","tag-sociedade-artistica-brasileira"],"yoast_head":"<!-- This site is optimized with the Yoast SEO plugin v27.5 - https:\/\/yoast.com\/product\/yoast-seo-wordpress\/ -->\n<title>Conhe\u00e7a as curiosidades do trabalho de maestro - SABRA - Sociedade Art\u00edstica Brasileira<\/title>\n<meta name=\"description\" content=\"Curiosidades que permeiam o trabalho de um maestro. Entenda por que ele atua da forma como faz e como isso influencia em toda a orquestra.\" \/>\n<meta name=\"robots\" content=\"index, follow, max-snippet:-1, max-image-preview:large, max-video-preview:-1\" \/>\n<link rel=\"canonical\" href=\"https:\/\/www.sabra.org.br\/site\/trabalho-maestro\/\" \/>\n<meta property=\"og:locale\" content=\"pt_BR\" \/>\n<meta property=\"og:type\" content=\"article\" \/>\n<meta property=\"og:title\" content=\"Conhe\u00e7a as curiosidades do trabalho de maestro - SABRA - Sociedade Art\u00edstica Brasileira\" \/>\n<meta property=\"og:description\" content=\"Curiosidades que permeiam o trabalho de um maestro. Entenda por que ele atua da forma como faz e como isso influencia em toda a orquestra.\" \/>\n<meta property=\"og:url\" content=\"https:\/\/www.sabra.org.br\/site\/trabalho-maestro\/\" \/>\n<meta property=\"og:site_name\" content=\"SABRA - Sociedade Art\u00edstica Brasileira\" \/>\n<meta property=\"article:publisher\" content=\"https:\/\/www.facebook.com\/sabrabrasil\" \/>\n<meta property=\"article:published_time\" content=\"2022-03-07T22:30:45+00:00\" \/>\n<meta property=\"og:image\" content=\"https:\/\/i0.wp.com\/www.sabra.org.br\/site\/wp-content\/uploads\/2022\/03\/conheca-as-curiosidades-do-trabalho-de-maestro-20211210160934.jpg.jpg?fit=800%2C467&ssl=1\" \/>\n\t<meta property=\"og:image:width\" content=\"800\" \/>\n\t<meta property=\"og:image:height\" content=\"467\" \/>\n\t<meta property=\"og:image:type\" content=\"image\/jpeg\" \/>\n<meta name=\"author\" content=\"M\u00e1rcio Miranda Pontes\" \/>\n<meta name=\"twitter:card\" content=\"summary_large_image\" \/>\n<meta name=\"twitter:creator\" content=\"@ContatoSabra\" \/>\n<meta name=\"twitter:site\" content=\"@ContatoSabra\" \/>\n<meta name=\"twitter:label1\" content=\"Escrito por\" \/>\n\t<meta name=\"twitter:data1\" content=\"M\u00e1rcio Miranda Pontes\" \/>\n\t<meta name=\"twitter:label2\" content=\"Est. tempo de leitura\" \/>\n\t<meta name=\"twitter:data2\" content=\"4 minutos\" \/>\n<script type=\"application\/ld+json\" class=\"yoast-schema-graph\">{\"@context\":\"https:\\\/\\\/schema.org\",\"@graph\":[{\"@type\":\"Article\",\"@id\":\"https:\\\/\\\/www.sabra.org.br\\\/site\\\/trabalho-maestro\\\/#article\",\"isPartOf\":{\"@id\":\"https:\\\/\\\/www.sabra.org.br\\\/site\\\/trabalho-maestro\\\/\"},\"author\":{\"name\":\"M\u00e1rcio Miranda Pontes\",\"@id\":\"https:\\\/\\\/www.sabra.org.br\\\/site\\\/#\\\/schema\\\/person\\\/7d1d222c3c8891d4c37c7b41bf6315c2\"},\"headline\":\"Conhe\u00e7a as curiosidades do trabalho de maestro\",\"datePublished\":\"2022-03-07T22:30:45+00:00\",\"mainEntityOfPage\":{\"@id\":\"https:\\\/\\\/www.sabra.org.br\\\/site\\\/trabalho-maestro\\\/\"},\"wordCount\":723,\"publisher\":{\"@id\":\"https:\\\/\\\/www.sabra.org.br\\\/site\\\/#organization\"},\"image\":{\"@id\":\"https:\\\/\\\/www.sabra.org.br\\\/site\\\/trabalho-maestro\\\/#primaryimage\"},\"thumbnailUrl\":\"https:\\\/\\\/www.sabra.org.br\\\/site\\\/wp-content\\\/uploads\\\/2022\\\/03\\\/conheca-as-curiosidades-do-trabalho-de-maestro-20211210160934.jpg.jpg\",\"keywords\":[\"Assist\u00eancia social\",\"Cabo Frio\",\"Campos dos Goytacazes\",\"Canto Coral\",\"Escola de Musica SABRA\",\"Musicaliza\u00e7\u00e3o Infantil\",\"nova lima\",\"Orquestra Infanto Juvenil de Betim\",\"Orquestra Sinf\u00f4nica de Betim\",\"Raposos\",\"Sociedade Art\u00edstica Brasileira\"],\"articleSection\":[\"Blog SABRA\"],\"inLanguage\":\"pt-BR\"},{\"@type\":\"WebPage\",\"@id\":\"https:\\\/\\\/www.sabra.org.br\\\/site\\\/trabalho-maestro\\\/\",\"url\":\"https:\\\/\\\/www.sabra.org.br\\\/site\\\/trabalho-maestro\\\/\",\"name\":\"Conhe\u00e7a as curiosidades do trabalho de maestro - SABRA - Sociedade Art\u00edstica Brasileira\",\"isPartOf\":{\"@id\":\"https:\\\/\\\/www.sabra.org.br\\\/site\\\/#website\"},\"primaryImageOfPage\":{\"@id\":\"https:\\\/\\\/www.sabra.org.br\\\/site\\\/trabalho-maestro\\\/#primaryimage\"},\"image\":{\"@id\":\"https:\\\/\\\/www.sabra.org.br\\\/site\\\/trabalho-maestro\\\/#primaryimage\"},\"thumbnailUrl\":\"https:\\\/\\\/www.sabra.org.br\\\/site\\\/wp-content\\\/uploads\\\/2022\\\/03\\\/conheca-as-curiosidades-do-trabalho-de-maestro-20211210160934.jpg.jpg\",\"datePublished\":\"2022-03-07T22:30:45+00:00\",\"description\":\"Curiosidades que permeiam o trabalho de um maestro. Entenda por que ele atua da forma como faz e como isso influencia em toda a orquestra.\",\"breadcrumb\":{\"@id\":\"https:\\\/\\\/www.sabra.org.br\\\/site\\\/trabalho-maestro\\\/#breadcrumb\"},\"inLanguage\":\"pt-BR\",\"potentialAction\":[{\"@type\":\"ReadAction\",\"target\":[\"https:\\\/\\\/www.sabra.org.br\\\/site\\\/trabalho-maestro\\\/\"]}]},{\"@type\":\"ImageObject\",\"inLanguage\":\"pt-BR\",\"@id\":\"https:\\\/\\\/www.sabra.org.br\\\/site\\\/trabalho-maestro\\\/#primaryimage\",\"url\":\"https:\\\/\\\/www.sabra.org.br\\\/site\\\/wp-content\\\/uploads\\\/2022\\\/03\\\/conheca-as-curiosidades-do-trabalho-de-maestro-20211210160934.jpg.jpg\",\"contentUrl\":\"https:\\\/\\\/www.sabra.org.br\\\/site\\\/wp-content\\\/uploads\\\/2022\\\/03\\\/conheca-as-curiosidades-do-trabalho-de-maestro-20211210160934.jpg.jpg\",\"width\":800,\"height\":467,\"caption\":\"Sociedade Art\u00edstica Brasileira SABRA\"},{\"@type\":\"BreadcrumbList\",\"@id\":\"https:\\\/\\\/www.sabra.org.br\\\/site\\\/trabalho-maestro\\\/#breadcrumb\",\"itemListElement\":[{\"@type\":\"ListItem\",\"position\":1,\"name\":\"In\u00edcio\",\"item\":\"https:\\\/\\\/www.sabra.org.br\\\/site\\\/\"},{\"@type\":\"ListItem\",\"position\":2,\"name\":\"Conhe\u00e7a as curiosidades do trabalho de maestro\"}]},{\"@type\":\"WebSite\",\"@id\":\"https:\\\/\\\/www.sabra.org.br\\\/site\\\/#website\",\"url\":\"https:\\\/\\\/www.sabra.org.br\\\/site\\\/\",\"name\":\"SABRA - Sociedade Art\u00edstica Brasileira\",\"description\":\"Escola de M\u00fasica, Orquestra Sinf\u00f4nica, Coral e Patrim\u00f4nio Cultural e Hist\u00f3rico\",\"publisher\":{\"@id\":\"https:\\\/\\\/www.sabra.org.br\\\/site\\\/#organization\"},\"potentialAction\":[{\"@type\":\"SearchAction\",\"target\":{\"@type\":\"EntryPoint\",\"urlTemplate\":\"https:\\\/\\\/www.sabra.org.br\\\/site\\\/?s={search_term_string}\"},\"query-input\":{\"@type\":\"PropertyValueSpecification\",\"valueRequired\":true,\"valueName\":\"search_term_string\"}}],\"inLanguage\":\"pt-BR\"},{\"@type\":\"Organization\",\"@id\":\"https:\\\/\\\/www.sabra.org.br\\\/site\\\/#organization\",\"name\":\"SOCIEDADE ART\u00cdSTICA BRASILEIRA SABRA\",\"alternateName\":\"SABRA\",\"url\":\"https:\\\/\\\/www.sabra.org.br\\\/site\\\/\",\"logo\":{\"@type\":\"ImageObject\",\"inLanguage\":\"pt-BR\",\"@id\":\"https:\\\/\\\/www.sabra.org.br\\\/site\\\/#\\\/schema\\\/logo\\\/image\\\/\",\"url\":\"https:\\\/\\\/www.sabra.org.br\\\/site\\\/wp-content\\\/uploads\\\/2019\\\/06\\\/cropped-Logo_SABRA-Copia-1.webp\",\"contentUrl\":\"https:\\\/\\\/www.sabra.org.br\\\/site\\\/wp-content\\\/uploads\\\/2019\\\/06\\\/cropped-Logo_SABRA-Copia-1.webp\",\"width\":400,\"height\":128,\"caption\":\"SOCIEDADE ART\u00cdSTICA BRASILEIRA SABRA\"},\"image\":{\"@id\":\"https:\\\/\\\/www.sabra.org.br\\\/site\\\/#\\\/schema\\\/logo\\\/image\\\/\"},\"sameAs\":[\"https:\\\/\\\/www.facebook.com\\\/sabrabrasil\",\"https:\\\/\\\/x.com\\\/ContatoSabra\",\"https:\\\/\\\/www.instagram.com\\\/sabrabrasil\\\/\",\"https:\\\/\\\/www.linkedin.com\\\/company\\\/25002088\\\/\",\"https:\\\/\\\/br.pinterest.com\\\/sociedadeartisticabrasileira\\\/\",\"https:\\\/\\\/www.youtube.com\\\/c\\\/sabrabrasil\"]},{\"@type\":\"Person\",\"@id\":\"https:\\\/\\\/www.sabra.org.br\\\/site\\\/#\\\/schema\\\/person\\\/7d1d222c3c8891d4c37c7b41bf6315c2\",\"name\":\"M\u00e1rcio Miranda Pontes\",\"image\":{\"@type\":\"ImageObject\",\"inLanguage\":\"pt-BR\",\"@id\":\"https:\\\/\\\/secure.gravatar.com\\\/avatar\\\/3b45f24496a7625a3a6c436688fbe20344faaeb2979658dc4a9921f984d7df9a?s=96&d=mm&r=g\",\"url\":\"https:\\\/\\\/secure.gravatar.com\\\/avatar\\\/3b45f24496a7625a3a6c436688fbe20344faaeb2979658dc4a9921f984d7df9a?s=96&d=mm&r=g\",\"contentUrl\":\"https:\\\/\\\/secure.gravatar.com\\\/avatar\\\/3b45f24496a7625a3a6c436688fbe20344faaeb2979658dc4a9921f984d7df9a?s=96&d=mm&r=g\",\"caption\":\"M\u00e1rcio Miranda Pontes\"},\"sameAs\":[\"http:\\\/\\\/www.sabra.org.br\"],\"url\":\"https:\\\/\\\/www.sabra.org.br\\\/site\\\/author\\\/marcio-miranda-pontes\\\/\"}]}<\/script>\n<!-- \/ Yoast SEO plugin. -->","yoast_head_json":{"title":"Conhe\u00e7a as curiosidades do trabalho de maestro - SABRA - Sociedade Art\u00edstica Brasileira","description":"Curiosidades que permeiam o trabalho de um maestro. Entenda por que ele atua da forma como faz e como isso influencia em toda a orquestra.","robots":{"index":"index","follow":"follow","max-snippet":"max-snippet:-1","max-image-preview":"max-image-preview:large","max-video-preview":"max-video-preview:-1"},"canonical":"https:\/\/www.sabra.org.br\/site\/trabalho-maestro\/","og_locale":"pt_BR","og_type":"article","og_title":"Conhe\u00e7a as curiosidades do trabalho de maestro - SABRA - Sociedade Art\u00edstica Brasileira","og_description":"Curiosidades que permeiam o trabalho de um maestro. Entenda por que ele atua da forma como faz e como isso influencia em toda a orquestra.","og_url":"https:\/\/www.sabra.org.br\/site\/trabalho-maestro\/","og_site_name":"SABRA - Sociedade Art\u00edstica Brasileira","article_publisher":"https:\/\/www.facebook.com\/sabrabrasil","article_published_time":"2022-03-07T22:30:45+00:00","og_image":[{"width":800,"height":467,"url":"https:\/\/i0.wp.com\/www.sabra.org.br\/site\/wp-content\/uploads\/2022\/03\/conheca-as-curiosidades-do-trabalho-de-maestro-20211210160934.jpg.jpg?fit=800%2C467&ssl=1","type":"image\/jpeg"}],"author":"M\u00e1rcio Miranda Pontes","twitter_card":"summary_large_image","twitter_creator":"@ContatoSabra","twitter_site":"@ContatoSabra","twitter_misc":{"Escrito por":"M\u00e1rcio Miranda Pontes","Est. tempo de leitura":"4 minutos"},"schema":{"@context":"https:\/\/schema.org","@graph":[{"@type":"Article","@id":"https:\/\/www.sabra.org.br\/site\/trabalho-maestro\/#article","isPartOf":{"@id":"https:\/\/www.sabra.org.br\/site\/trabalho-maestro\/"},"author":{"name":"M\u00e1rcio Miranda Pontes","@id":"https:\/\/www.sabra.org.br\/site\/#\/schema\/person\/7d1d222c3c8891d4c37c7b41bf6315c2"},"headline":"Conhe\u00e7a as curiosidades do trabalho de maestro","datePublished":"2022-03-07T22:30:45+00:00","mainEntityOfPage":{"@id":"https:\/\/www.sabra.org.br\/site\/trabalho-maestro\/"},"wordCount":723,"publisher":{"@id":"https:\/\/www.sabra.org.br\/site\/#organization"},"image":{"@id":"https:\/\/www.sabra.org.br\/site\/trabalho-maestro\/#primaryimage"},"thumbnailUrl":"https:\/\/www.sabra.org.br\/site\/wp-content\/uploads\/2022\/03\/conheca-as-curiosidades-do-trabalho-de-maestro-20211210160934.jpg.jpg","keywords":["Assist\u00eancia social","Cabo Frio","Campos dos Goytacazes","Canto Coral","Escola de Musica SABRA","Musicaliza\u00e7\u00e3o Infantil","nova lima","Orquestra Infanto Juvenil de Betim","Orquestra Sinf\u00f4nica de Betim","Raposos","Sociedade Art\u00edstica Brasileira"],"articleSection":["Blog SABRA"],"inLanguage":"pt-BR"},{"@type":"WebPage","@id":"https:\/\/www.sabra.org.br\/site\/trabalho-maestro\/","url":"https:\/\/www.sabra.org.br\/site\/trabalho-maestro\/","name":"Conhe\u00e7a as curiosidades do trabalho de maestro - SABRA - Sociedade Art\u00edstica Brasileira","isPartOf":{"@id":"https:\/\/www.sabra.org.br\/site\/#website"},"primaryImageOfPage":{"@id":"https:\/\/www.sabra.org.br\/site\/trabalho-maestro\/#primaryimage"},"image":{"@id":"https:\/\/www.sabra.org.br\/site\/trabalho-maestro\/#primaryimage"},"thumbnailUrl":"https:\/\/www.sabra.org.br\/site\/wp-content\/uploads\/2022\/03\/conheca-as-curiosidades-do-trabalho-de-maestro-20211210160934.jpg.jpg","datePublished":"2022-03-07T22:30:45+00:00","description":"Curiosidades que permeiam o trabalho de um maestro. Entenda por que ele atua da forma como faz e como isso influencia em toda a orquestra.","breadcrumb":{"@id":"https:\/\/www.sabra.org.br\/site\/trabalho-maestro\/#breadcrumb"},"inLanguage":"pt-BR","potentialAction":[{"@type":"ReadAction","target":["https:\/\/www.sabra.org.br\/site\/trabalho-maestro\/"]}]},{"@type":"ImageObject","inLanguage":"pt-BR","@id":"https:\/\/www.sabra.org.br\/site\/trabalho-maestro\/#primaryimage","url":"https:\/\/www.sabra.org.br\/site\/wp-content\/uploads\/2022\/03\/conheca-as-curiosidades-do-trabalho-de-maestro-20211210160934.jpg.jpg","contentUrl":"https:\/\/www.sabra.org.br\/site\/wp-content\/uploads\/2022\/03\/conheca-as-curiosidades-do-trabalho-de-maestro-20211210160934.jpg.jpg","width":800,"height":467,"caption":"Sociedade Art\u00edstica Brasileira SABRA"},{"@type":"BreadcrumbList","@id":"https:\/\/www.sabra.org.br\/site\/trabalho-maestro\/#breadcrumb","itemListElement":[{"@type":"ListItem","position":1,"name":"In\u00edcio","item":"https:\/\/www.sabra.org.br\/site\/"},{"@type":"ListItem","position":2,"name":"Conhe\u00e7a as curiosidades do trabalho de maestro"}]},{"@type":"WebSite","@id":"https:\/\/www.sabra.org.br\/site\/#website","url":"https:\/\/www.sabra.org.br\/site\/","name":"SABRA - Sociedade Art\u00edstica Brasileira","description":"Escola de M\u00fasica, Orquestra Sinf\u00f4nica, Coral e Patrim\u00f4nio Cultural e Hist\u00f3rico","publisher":{"@id":"https:\/\/www.sabra.org.br\/site\/#organization"},"potentialAction":[{"@type":"SearchAction","target":{"@type":"EntryPoint","urlTemplate":"https:\/\/www.sabra.org.br\/site\/?s={search_term_string}"},"query-input":{"@type":"PropertyValueSpecification","valueRequired":true,"valueName":"search_term_string"}}],"inLanguage":"pt-BR"},{"@type":"Organization","@id":"https:\/\/www.sabra.org.br\/site\/#organization","name":"SOCIEDADE ART\u00cdSTICA BRASILEIRA SABRA","alternateName":"SABRA","url":"https:\/\/www.sabra.org.br\/site\/","logo":{"@type":"ImageObject","inLanguage":"pt-BR","@id":"https:\/\/www.sabra.org.br\/site\/#\/schema\/logo\/image\/","url":"https:\/\/www.sabra.org.br\/site\/wp-content\/uploads\/2019\/06\/cropped-Logo_SABRA-Copia-1.webp","contentUrl":"https:\/\/www.sabra.org.br\/site\/wp-content\/uploads\/2019\/06\/cropped-Logo_SABRA-Copia-1.webp","width":400,"height":128,"caption":"SOCIEDADE ART\u00cdSTICA BRASILEIRA SABRA"},"image":{"@id":"https:\/\/www.sabra.org.br\/site\/#\/schema\/logo\/image\/"},"sameAs":["https:\/\/www.facebook.com\/sabrabrasil","https:\/\/x.com\/ContatoSabra","https:\/\/www.instagram.com\/sabrabrasil\/","https:\/\/www.linkedin.com\/company\/25002088\/","https:\/\/br.pinterest.com\/sociedadeartisticabrasileira\/","https:\/\/www.youtube.com\/c\/sabrabrasil"]},{"@type":"Person","@id":"https:\/\/www.sabra.org.br\/site\/#\/schema\/person\/7d1d222c3c8891d4c37c7b41bf6315c2","name":"M\u00e1rcio Miranda Pontes","image":{"@type":"ImageObject","inLanguage":"pt-BR","@id":"https:\/\/secure.gravatar.com\/avatar\/3b45f24496a7625a3a6c436688fbe20344faaeb2979658dc4a9921f984d7df9a?s=96&d=mm&r=g","url":"https:\/\/secure.gravatar.com\/avatar\/3b45f24496a7625a3a6c436688fbe20344faaeb2979658dc4a9921f984d7df9a?s=96&d=mm&r=g","contentUrl":"https:\/\/secure.gravatar.com\/avatar\/3b45f24496a7625a3a6c436688fbe20344faaeb2979658dc4a9921f984d7df9a?s=96&d=mm&r=g","caption":"M\u00e1rcio Miranda Pontes"},"sameAs":["http:\/\/www.sabra.org.br"],"url":"https:\/\/www.sabra.org.br\/site\/author\/marcio-miranda-pontes\/"}]}},"jetpack_featured_media_url":"https:\/\/www.sabra.org.br\/site\/wp-content\/uploads\/2022\/03\/conheca-as-curiosidades-do-trabalho-de-maestro-20211210160934.jpg.jpg","jetpack_shortlink":"https:\/\/wp.me\/p95j2Z-1ft","jetpack-related-posts":[{"id":5304,"url":"https:\/\/www.sabra.org.br\/site\/regente-maestro-curiosidades\/","url_meta":{"origin":4803,"position":0},"title":"Curiosidades sobre a arte da reg\u00eancia","author":"M\u00e1rcio Miranda Pontes","date":"1 de julho de 2022","format":false,"excerpt":"[vc_row][vc_column][vc_column_text]As curiosidades sobre a arte da reg\u00eancia podem te surpreender e fazer com que saiba um pouco mais sobre esse fascinante universo da m\u00fasica. Leia para entender mais sobre o papel do regente e sua import\u00e2ncia: O regente \u00e9 a figura de autoridade de uma orquestra O regente \u00e9 quem\u2026","rel":"","context":"Em &quot;Blog SABRA&quot;","block_context":{"text":"Blog SABRA","link":"https:\/\/www.sabra.org.br\/site\/category\/blog-sabra\/"},"img":{"alt_text":"maestro-regente-m\u00fasica-reg\u00eancia","src":"https:\/\/i0.wp.com\/www.sabra.org.br\/site\/wp-content\/uploads\/2022\/07\/curiosidades-sobre-a-arte-da-regencia-20220623120203.jpg.jpg?resize=350%2C200&ssl=1","width":350,"height":200,"srcset":"https:\/\/i0.wp.com\/www.sabra.org.br\/site\/wp-content\/uploads\/2022\/07\/curiosidades-sobre-a-arte-da-regencia-20220623120203.jpg.jpg?resize=350%2C200&ssl=1 1x, https:\/\/i0.wp.com\/www.sabra.org.br\/site\/wp-content\/uploads\/2022\/07\/curiosidades-sobre-a-arte-da-regencia-20220623120203.jpg.jpg?resize=525%2C300&ssl=1 1.5x, https:\/\/i0.wp.com\/www.sabra.org.br\/site\/wp-content\/uploads\/2022\/07\/curiosidades-sobre-a-arte-da-regencia-20220623120203.jpg.jpg?resize=700%2C400&ssl=1 2x"},"classes":[]},{"id":4841,"url":"https:\/\/www.sabra.org.br\/site\/regente-maestro\/","url_meta":{"origin":4803,"position":1},"title":"Maestro x regente: entenda as diferen\u00e7as","author":"M\u00e1rcio Miranda Pontes","date":"18 de mar\u00e7o de 2022","format":false,"excerpt":"Maestro x regente: quem fica \u00e0 frente de uma orquestra ou coral? Ser\u00e1 que tem diferen\u00e7a entre os dois? Adiantamos que sim! Confira o nosso artigo e entenda as diferen\u00e7as entre esses dois profissionais da m\u00fasica.","rel":"","context":"Em &quot;Blog SABRA&quot;","block_context":{"text":"Blog SABRA","link":"https:\/\/www.sabra.org.br\/site\/category\/blog-sabra\/"},"img":{"alt_text":"regente-maestro-m\u00fasica-musical","src":"https:\/\/i0.wp.com\/www.sabra.org.br\/site\/wp-content\/uploads\/2022\/03\/maestro-x-regente-entenda-as-diferencas-20211210160934.jpg.jpg?resize=350%2C200&ssl=1","width":350,"height":200,"srcset":"https:\/\/i0.wp.com\/www.sabra.org.br\/site\/wp-content\/uploads\/2022\/03\/maestro-x-regente-entenda-as-diferencas-20211210160934.jpg.jpg?resize=350%2C200&ssl=1 1x, https:\/\/i0.wp.com\/www.sabra.org.br\/site\/wp-content\/uploads\/2022\/03\/maestro-x-regente-entenda-as-diferencas-20211210160934.jpg.jpg?resize=525%2C300&ssl=1 1.5x, https:\/\/i0.wp.com\/www.sabra.org.br\/site\/wp-content\/uploads\/2022\/03\/maestro-x-regente-entenda-as-diferencas-20211210160934.jpg.jpg?resize=700%2C400&ssl=1 2x"},"classes":[]},{"id":2269,"url":"https:\/\/www.sabra.org.br\/site\/origem-orquestra\/","url_meta":{"origin":4803,"position":2},"title":"Origem da Orquestra","author":"M\u00e1rcio Miranda Pontes","date":"26 de julho de 2019","format":false,"excerpt":"A palavra \u201corquestra\u201d vem do grego \u201corkh\u00e9stra\u201d, que designava, na Gr\u00e9cia Antiga, o espa\u00e7o localizado entre a plateia e o palco, ocupado pelo coro e composto por m\u00fasicos e dan\u00e7arinos.","rel":"","context":"Em &quot;Blog SABRA&quot;","block_context":{"text":"Blog SABRA","link":"https:\/\/www.sabra.org.br\/site\/category\/blog-sabra\/"},"img":{"alt_text":"orquestras-instrumentos-s\u00e9culos","src":"https:\/\/i0.wp.com\/www.sabra.org.br\/site\/wp-content\/uploads\/2017\/09\/Orquestra.jpg?resize=350%2C200&ssl=1","width":350,"height":200,"srcset":"https:\/\/i0.wp.com\/www.sabra.org.br\/site\/wp-content\/uploads\/2017\/09\/Orquestra.jpg?resize=350%2C200&ssl=1 1x, https:\/\/i0.wp.com\/www.sabra.org.br\/site\/wp-content\/uploads\/2017\/09\/Orquestra.jpg?resize=525%2C300&ssl=1 1.5x, https:\/\/i0.wp.com\/www.sabra.org.br\/site\/wp-content\/uploads\/2017\/09\/Orquestra.jpg?resize=700%2C400&ssl=1 2x, https:\/\/i0.wp.com\/www.sabra.org.br\/site\/wp-content\/uploads\/2017\/09\/Orquestra.jpg?resize=1050%2C600&ssl=1 3x, https:\/\/i0.wp.com\/www.sabra.org.br\/site\/wp-content\/uploads\/2017\/09\/Orquestra.jpg?resize=1400%2C800&ssl=1 4x"},"classes":[]},{"id":7380,"url":"https:\/\/www.sabra.org.br\/site\/fatos-orquestras\/","url_meta":{"origin":4803,"position":3},"title":"Fatos interessantes sobre as orquestras","author":"M\u00e1rcio Miranda Pontes","date":"20 de junho de 2023","format":false,"excerpt":"Conhe\u00e7a fatos interessantes sobre essas forma\u00e7\u00f5es musicais grandiosas. Da sua hist\u00f3ria milenar \u00e0 composi\u00e7\u00e3o intricada, mergulhe no mundo sinf\u00f4nico e surpreenda-se com o que as orquestras t\u00eam a oferecer. Um universo musical cheio de curiosidades aguarda por voc\u00ea!","rel":"","context":"Em &quot;Blog SABRA&quot;","block_context":{"text":"Blog SABRA","link":"https:\/\/www.sabra.org.br\/site\/category\/blog-sabra\/"},"img":{"alt_text":"orquestra-m\u00fasico-musicais-sinf\u00f4nica-sabra","src":"https:\/\/i0.wp.com\/www.sabra.org.br\/site\/wp-content\/uploads\/2023\/06\/x-fatos-interessantes-sobre-as-orquestrasjpg-20230522113605.jpg-jpg.webp?resize=350%2C200&ssl=1","width":350,"height":200,"srcset":"https:\/\/i0.wp.com\/www.sabra.org.br\/site\/wp-content\/uploads\/2023\/06\/x-fatos-interessantes-sobre-as-orquestrasjpg-20230522113605.jpg-jpg.webp?resize=350%2C200&ssl=1 1x, https:\/\/i0.wp.com\/www.sabra.org.br\/site\/wp-content\/uploads\/2023\/06\/x-fatos-interessantes-sobre-as-orquestrasjpg-20230522113605.jpg-jpg.webp?resize=525%2C300&ssl=1 1.5x, https:\/\/i0.wp.com\/www.sabra.org.br\/site\/wp-content\/uploads\/2023\/06\/x-fatos-interessantes-sobre-as-orquestrasjpg-20230522113605.jpg-jpg.webp?resize=700%2C400&ssl=1 2x"},"classes":[]},{"id":7709,"url":"https:\/\/www.sabra.org.br\/site\/rock-orquestra-2\/","url_meta":{"origin":4803,"position":4},"title":"Voc\u00ea sabe como o rock pode ser utilizado em orquestras?","author":"M\u00e1rcio Miranda Pontes","date":"23 de agosto de 2023","format":false,"excerpt":"Apresentaremos melhor o conceito de orquestras tocando Rock\u2019n\u2019Roll e como esse estilo musical pode ser utilizado em um concerto orquestrado.","rel":"","context":"Em &quot;Blog SABRA&quot;","block_context":{"text":"Blog SABRA","link":"https:\/\/www.sabra.org.br\/site\/category\/blog-sabra\/"},"img":{"alt_text":"orquestra-sinf\u00f4nica-betim-bolsa-incentivo-rock-orquestra","src":"https:\/\/i0.wp.com\/www.sabra.org.br\/site\/wp-content\/uploads\/2023\/04\/Orquestra-resultado-2023-e1765391313729.jpg?resize=350%2C200&ssl=1","width":350,"height":200,"srcset":"https:\/\/i0.wp.com\/www.sabra.org.br\/site\/wp-content\/uploads\/2023\/04\/Orquestra-resultado-2023-e1765391313729.jpg?resize=350%2C200&ssl=1 1x, https:\/\/i0.wp.com\/www.sabra.org.br\/site\/wp-content\/uploads\/2023\/04\/Orquestra-resultado-2023-e1765391313729.jpg?resize=525%2C300&ssl=1 1.5x"},"classes":[]},{"id":5594,"url":"https:\/\/www.sabra.org.br\/site\/spalla-orquestra\/","url_meta":{"origin":4803,"position":5},"title":"O que \u00e9 o spalla de uma orquestra?","author":"M\u00e1rcio Miranda Pontes","date":"13 de agosto de 2022","format":false,"excerpt":"Ao falar sobre orquestras, duas figuras s\u00e3o essenciais e centrais: o maestro e o spalla. Fun\u00e7\u00f5es distintas e seus pap\u00e9is s\u00e3o de grande import\u00e2ncia para a orquestra. Veja mais sobre isso no artigo!","rel":"","context":"Em &quot;Blog SABRA&quot;","block_context":{"text":"Blog SABRA","link":"https:\/\/www.sabra.org.br\/site\/category\/blog-sabra\/"},"img":{"alt_text":"spalla-maestro-orquestra","src":"https:\/\/i0.wp.com\/www.sabra.org.br\/site\/wp-content\/uploads\/2022\/08\/o-que-e-o-spalla-de-uma-orquestra-20220610133935.jpg.jpg?resize=350%2C200&ssl=1","width":350,"height":200,"srcset":"https:\/\/i0.wp.com\/www.sabra.org.br\/site\/wp-content\/uploads\/2022\/08\/o-que-e-o-spalla-de-uma-orquestra-20220610133935.jpg.jpg?resize=350%2C200&ssl=1 1x, https:\/\/i0.wp.com\/www.sabra.org.br\/site\/wp-content\/uploads\/2022\/08\/o-que-e-o-spalla-de-uma-orquestra-20220610133935.jpg.jpg?resize=525%2C300&ssl=1 1.5x, https:\/\/i0.wp.com\/www.sabra.org.br\/site\/wp-content\/uploads\/2022\/08\/o-que-e-o-spalla-de-uma-orquestra-20220610133935.jpg.jpg?resize=700%2C400&ssl=1 2x"},"classes":[]}],"jetpack_likes_enabled":true,"jetpack_sharing_enabled":true,"_links":{"self":[{"href":"https:\/\/www.sabra.org.br\/site\/wp-json\/wp\/v2\/posts\/4803","targetHints":{"allow":["GET"]}}],"collection":[{"href":"https:\/\/www.sabra.org.br\/site\/wp-json\/wp\/v2\/posts"}],"about":[{"href":"https:\/\/www.sabra.org.br\/site\/wp-json\/wp\/v2\/types\/post"}],"author":[{"embeddable":true,"href":"https:\/\/www.sabra.org.br\/site\/wp-json\/wp\/v2\/users\/39"}],"replies":[{"embeddable":true,"href":"https:\/\/www.sabra.org.br\/site\/wp-json\/wp\/v2\/comments?post=4803"}],"version-history":[{"count":0,"href":"https:\/\/www.sabra.org.br\/site\/wp-json\/wp\/v2\/posts\/4803\/revisions"}],"wp:featuredmedia":[{"embeddable":true,"href":"https:\/\/www.sabra.org.br\/site\/wp-json\/wp\/v2\/media\/4804"}],"wp:attachment":[{"href":"https:\/\/www.sabra.org.br\/site\/wp-json\/wp\/v2\/media?parent=4803"}],"wp:term":[{"taxonomy":"category","embeddable":true,"href":"https:\/\/www.sabra.org.br\/site\/wp-json\/wp\/v2\/categories?post=4803"},{"taxonomy":"post_tag","embeddable":true,"href":"https:\/\/www.sabra.org.br\/site\/wp-json\/wp\/v2\/tags?post=4803"}],"curies":[{"name":"wp","href":"https:\/\/api.w.org\/{rel}","templated":true}]}}