{"id":4841,"date":"2022-03-18T20:26:17","date_gmt":"2022-03-18T23:26:17","guid":{"rendered":"https:\/\/www.sabra.org.br\/site\/?p=4841"},"modified":"2022-03-18T20:26:17","modified_gmt":"2022-03-18T23:26:17","slug":"regente-maestro","status":"publish","type":"post","link":"https:\/\/www.sabra.org.br\/site\/regente-maestro\/","title":{"rendered":"Maestro x regente: entenda as diferen\u00e7as"},"content":{"rendered":"<p>[vc_row][vc_column][vc_column_text]Voc\u00ea sabia que <strong>maestro x regente<\/strong> n\u00e3o s\u00e3o necessariamente a mesma coisa? Muita gente usa os dois termos como sin\u00f4nimos. E \u00e9 verdade que ambos podem atuar como condutores de uma <a href=\"\u201d\">orquestra ou coral, o que causa ainda mais incerteza ao tentarmos diferenciar os dois.<\/a><\/p>\n<p>Se essa \u00e9 a sua d\u00favida, vamos explicar nos pr\u00f3ximos t\u00f3picos as diferen\u00e7as entre os termos e o que cada um desses profissionais faz. Confira!<\/p>\n<h2>O que \u00e9 e o que faz um regente?<\/h2>\n<p>O <strong>regente \u00e9 o profissional respons\u00e1vel por dirigir grupos musicais<\/strong>, sejam <a href=\"\u201c\">coros<\/a> ou orquestras. Geralmente ele usa uma batuta para sinalizar tempo musical e altera\u00e7\u00f5es de intensidade, assim como os destaques dos naipes e solos. Ele pode, no entanto, conduzir apenas com as m\u00e3os &#8211; algo comum de se ver no caso dos coros.<\/p>\n<p>Com ou sem batuta, <strong>os seus gestos ajudam a organizar o ritmo e a expressividade da m\u00fasica<\/strong>. Com a m\u00e3o direita, por exemplo, ele dita andamento, m\u00e9trica e intensidade da composi\u00e7\u00e3o. E com a esquerda indica a express\u00e3o musical. Assim, atua como um importante elo entre o compositor e os instrumentistas que executam a obra.<\/p>\n<p>E mais do que isso: \u00e9 o regente quem dita a interpreta\u00e7\u00e3o. A mesma pe\u00e7a, conduzida por diferentes regentes, poder\u00e1 trazer nuances significativas em termos de express\u00e3o. Mas <strong>ao falarmos de maestro x regente<\/strong>, \u00e9 importante deixar claro que <strong>o regente deve ser sempre um profissional com <a href=\"\/\/www.sabra.org.br\/site\/acoes\/escola-de-musica\/\u201d\">estudo formal em m\u00fasica<\/a><\/strong>.<\/p>\n<p>Isso \u00e9 necess\u00e1rio, pois a <strong>sua interpreta\u00e7\u00e3o depende da leitura da partitura e do entendimento que tem da pe\u00e7a escrita<\/strong>. \u00c9 a execu\u00e7\u00e3o particular desse registro que confere uma express\u00e3o art\u00edstica uniforme entre as vozes e instrumentos. Sem a dire\u00e7\u00e3o que ele oferece, cada m\u00fasico poderia tocar \u00e0 sua pr\u00f3pria maneira, prejudicando a harmonia do conjunto.<\/p>\n<h2>O que \u00e9 o que faz um Maestro?<\/h2>\n<p>Um maestro costuma desempenhar o mesmo papel que um regente. Pode parecer confuso a primeira vista, mas a explica\u00e7\u00e3o \u00e9 bem simples: <strong>maestro nada mais \u00e9 do que um t\u00edtulo, que pode ser traduzido por \u201cMestre\u201d<\/strong>. Ou seja, ele \u00e9 o l\u00edder de um determinado grupo musical. O que, nesse caso particular, n\u00e3o se restringe ao escopo da m\u00fasica erudita e aos corais.<\/p>\n<p>Uma banda de jazz ou rock, por exemplo, tende a ter um maestro. Trata-se do frontman ou l\u00edder do grupo, o artista principal, que vai ditar andamento e interpreta\u00e7\u00e3o. A grande diferen\u00e7a para o regente, \u00e9 que <strong>um maestro n\u00e3o precisa necessariamente saber ler partituras ou ter uma educa\u00e7\u00e3o formal em m\u00fasica<\/strong>.<\/p>\n<h2>Resumindo: maestro x regente<\/h2>\n<p>Basicamente, <strong>regente \u00e9 um profissional com educa\u00e7\u00e3o formal que comanda uma orquestra musical ou coro<\/strong>. J\u00e1 maestro, \u00e9 um t\u00edtulo para um m\u00fasico que desempenha a mesma fun\u00e7\u00e3o, mas sem a necessidade de forma\u00e7\u00e3o musical.<\/p>\n<p>Ou seja, podemos considerar que o termo \u201cmaestro\u201d \u00e9 an\u00e1logo a certos t\u00edtulos, como Mestre e Doutor. Ent\u00e3o, para n\u00e3o errar, <strong>ao pensarmos na diferen\u00e7a entre maestro x regente<\/strong>, podemos come\u00e7ar dizendo, com seguran\u00e7a, que <strong>ambos s\u00e3o respons\u00e1veis pela condu\u00e7\u00e3o de um grupo musical<\/strong>.<\/p>\n<p>O papel que desempenham est\u00e1 ligado \u00e0 responsabilidade de dar harmonia ao conjunto que se apresenta. O que difere os dois \u00e9 que o regente \u00e9 sempre um profissional com forma\u00e7\u00e3o. Ao passo que <strong>o maestro n\u00e3o precisa necessariamente ter esta bagagem formal na m\u00fasica<\/strong>. Por isso, podemos dizer que todo regente \u00e9 um maestro, mas nem todo maestro \u00e9 um regente.<\/p>\n<blockquote class=\"wp-embedded-content\" data-secret=\"y15zFaGb6d\"><p><a href=\"https:\/\/www.sabra.org.br\/site\/trabalho-maestro\/\">Conhe\u00e7a as curiosidades do trabalho de maestro<\/a><\/p><\/blockquote>\n<p><iframe class=\"wp-embedded-content\" sandbox=\"allow-scripts\" security=\"restricted\" style=\"position: absolute; clip: rect(1px, 1px, 1px, 1px);\" title=\"&#8220;Conhe\u00e7a as curiosidades do trabalho de maestro&#8221; &#8212; SABRA - Sociedade Art\u00edstica Brasileira\" src=\"https:\/\/www.sabra.org.br\/site\/trabalho-maestro\/embed\/#?secret=pKPHGgqHL2#?secret=y15zFaGb6d\" data-secret=\"y15zFaGb6d\" width=\"600\" height=\"338\" frameborder=\"0\" marginwidth=\"0\" marginheight=\"0\" scrolling=\"no\"><\/iframe><\/p>\n<hr \/>\n<h2>Se voc\u00ea gostou deste post:<\/h2>\n<p>&#8211; SIGA as nossas p\u00e1ginas nas redes sociais para acompanhar as nossas atualiza\u00e7\u00f5es: estamos no <a href=\"https:\/\/www.facebook.com\/sabrabrasil\" target=\"_blank\" rel=\"noopener\">Facebook<\/a>, no <a href=\"https:\/\/www.instagram.com\/sabrabrasil\/\" target=\"_blank\" rel=\"noopener\">Instagram<\/a>, no <a href=\"https:\/\/www.linkedin.com\/company\/25002088\" target=\"_blank\" rel=\"noopener\">LinkedIn<\/a>, no <a href=\"https:\/\/twitter.com\/ContatoSabra\" target=\"_blank\" rel=\"noopener\">Twitter<\/a> e no <a href=\"https:\/\/www.youtube.com\/channel\/UCJw-kbuEvzUNdeQf20Pa-eQ\" target=\"_blank\" rel=\"noopener\">YouTube<\/a>!<\/p>\n<p>&#8211; CONHE\u00c7A o trabalho da Sociedade Art\u00edstica Brasileira (SABRA) e todas as iniciativas culturais e sociais que ela mant\u00e9m. <a href=\"https:\/\/www.sabra.org.br\/site\/acoes\/\" target=\"_blank\" rel=\"noopener\">Acesse nosso site!<\/a><\/p>\n<p>&#8211; ENTRE EM CONTATO com a gente. E veja quais s\u00e3o as op\u00e7\u00f5es de ajuda na manuten\u00e7\u00e3o de nossas a\u00e7\u00f5es sociais e culturais. Basta acessar nossa p\u00e1gina <a href=\"https:\/\/www.sabra.org.br\/site\/doe-agora\/\" target=\"_blank\" rel=\"noopener\">Doe Agora!<\/a><\/p>\n<p>&#8211; COMPARTILHE este texto nas suas redes sociais e ajude os seus amigos a tamb\u00e9m dominarem o assunto!<\/p>\n<p>\u2013 Os projetos da @sabrabrasil s\u00e3o realizados com o patroci\u0301nio m\u00e1ster: @vallourec e @institutounimedbh, viabilizado pelo incentivo de mais de 5,2 mil m\u00e9dicos cooperados e colaboradores via Lei de Incentivo \u00e0 Cultura &#8211; @mturismo, @culturagovbr. Apoio: @prefeiturabetim[\/vc_column_text][\/vc_column][\/vc_row]<\/p>\n","protected":false},"excerpt":{"rendered":"<p>Maestro x regente: quem fica \u00e0 frente de uma orquestra ou coral? Ser\u00e1 que tem diferen\u00e7a entre os dois? Adiantamos que sim! Confira o nosso artigo e entenda as diferen\u00e7as entre esses dois profissionais da m\u00fasica.<\/p>\n","protected":false},"author":39,"featured_media":4842,"comment_status":"closed","ping_status":"closed","sticky":false,"template":"","format":"standard","meta":{"jetpack_post_was_ever_published":false,"_jetpack_newsletter_access":"","_jetpack_dont_email_post_to_subs":false,"_jetpack_newsletter_tier_id":0,"_jetpack_memberships_contains_paywalled_content":false,"_jetpack_memberships_contains_paid_content":false,"footnotes":""},"categories":[1],"tags":[15,3626,3623,8,1285,16,3519,1286,11,3622,9],"class_list":["post-4841","post","type-post","status-publish","format-standard","has-post-thumbnail","hentry","category-blog-sabra","tag-assistencia-social","tag-cabo-frio","tag-campos-dos-goytacazes","tag-canto-coral","tag-escola-de-musica-sabra","tag-musicalizacao-infantil","tag-nova-lima-2","tag-orquestra-infanto-juvenil-de-betim","tag-orquestra-sinfonica-de-betim","tag-raposos","tag-sociedade-artistica-brasileira"],"yoast_head":"<!-- This site is optimized with the Yoast SEO plugin v27.5 - https:\/\/yoast.com\/product\/yoast-seo-wordpress\/ -->\n<title>Maestro x regente: entenda as diferen\u00e7as - SABRA - Sociedade Art\u00edstica Brasileira<\/title>\n<meta name=\"description\" content=\"Maestro x regente: quem fica \u00e0 frente de uma orquestra ou coral? Ser\u00e1 que tem diferen\u00e7a entre esses dois profissionais da m\u00fasica?\" \/>\n<meta name=\"robots\" content=\"index, follow, max-snippet:-1, max-image-preview:large, max-video-preview:-1\" \/>\n<link rel=\"canonical\" href=\"https:\/\/www.sabra.org.br\/site\/regente-maestro\/\" \/>\n<meta property=\"og:locale\" content=\"pt_BR\" \/>\n<meta property=\"og:type\" content=\"article\" \/>\n<meta property=\"og:title\" content=\"Maestro x regente: entenda as diferen\u00e7as - SABRA - Sociedade Art\u00edstica Brasileira\" \/>\n<meta property=\"og:description\" content=\"Maestro x regente: quem fica \u00e0 frente de uma orquestra ou coral? Ser\u00e1 que tem diferen\u00e7a entre esses dois profissionais da m\u00fasica?\" \/>\n<meta property=\"og:url\" content=\"https:\/\/www.sabra.org.br\/site\/regente-maestro\/\" \/>\n<meta property=\"og:site_name\" content=\"SABRA - Sociedade Art\u00edstica Brasileira\" \/>\n<meta property=\"article:publisher\" content=\"https:\/\/www.facebook.com\/sabrabrasil\" \/>\n<meta property=\"article:published_time\" content=\"2022-03-18T23:26:17+00:00\" \/>\n<meta property=\"og:image\" content=\"https:\/\/i0.wp.com\/www.sabra.org.br\/site\/wp-content\/uploads\/2022\/03\/maestro-x-regente-entenda-as-diferencas-20211210160934.jpg.jpg?fit=800%2C533&ssl=1\" \/>\n\t<meta property=\"og:image:width\" content=\"800\" \/>\n\t<meta property=\"og:image:height\" content=\"533\" \/>\n\t<meta property=\"og:image:type\" content=\"image\/jpeg\" \/>\n<meta name=\"author\" content=\"M\u00e1rcio Miranda Pontes\" \/>\n<meta name=\"twitter:card\" content=\"summary_large_image\" \/>\n<meta name=\"twitter:creator\" content=\"@ContatoSabra\" \/>\n<meta name=\"twitter:site\" content=\"@ContatoSabra\" \/>\n<meta name=\"twitter:label1\" content=\"Escrito por\" \/>\n\t<meta name=\"twitter:data1\" content=\"M\u00e1rcio Miranda Pontes\" \/>\n\t<meta name=\"twitter:label2\" content=\"Est. tempo de leitura\" \/>\n\t<meta name=\"twitter:data2\" content=\"4 minutos\" \/>\n<script type=\"application\/ld+json\" class=\"yoast-schema-graph\">{\"@context\":\"https:\\\/\\\/schema.org\",\"@graph\":[{\"@type\":\"Article\",\"@id\":\"https:\\\/\\\/www.sabra.org.br\\\/site\\\/regente-maestro\\\/#article\",\"isPartOf\":{\"@id\":\"https:\\\/\\\/www.sabra.org.br\\\/site\\\/regente-maestro\\\/\"},\"author\":{\"name\":\"M\u00e1rcio Miranda Pontes\",\"@id\":\"https:\\\/\\\/www.sabra.org.br\\\/site\\\/#\\\/schema\\\/person\\\/7d1d222c3c8891d4c37c7b41bf6315c2\"},\"headline\":\"Maestro x regente: entenda as diferen\u00e7as\",\"datePublished\":\"2022-03-18T23:26:17+00:00\",\"mainEntityOfPage\":{\"@id\":\"https:\\\/\\\/www.sabra.org.br\\\/site\\\/regente-maestro\\\/\"},\"wordCount\":774,\"publisher\":{\"@id\":\"https:\\\/\\\/www.sabra.org.br\\\/site\\\/#organization\"},\"image\":{\"@id\":\"https:\\\/\\\/www.sabra.org.br\\\/site\\\/regente-maestro\\\/#primaryimage\"},\"thumbnailUrl\":\"https:\\\/\\\/www.sabra.org.br\\\/site\\\/wp-content\\\/uploads\\\/2022\\\/03\\\/maestro-x-regente-entenda-as-diferencas-20211210160934.jpg.jpg\",\"keywords\":[\"Assist\u00eancia social\",\"Cabo Frio\",\"Campos dos Goytacazes\",\"Canto Coral\",\"Escola de Musica SABRA\",\"Musicaliza\u00e7\u00e3o Infantil\",\"nova lima\",\"Orquestra Infanto Juvenil de Betim\",\"Orquestra Sinf\u00f4nica de Betim\",\"Raposos\",\"Sociedade Art\u00edstica Brasileira\"],\"articleSection\":[\"Blog SABRA\"],\"inLanguage\":\"pt-BR\"},{\"@type\":\"WebPage\",\"@id\":\"https:\\\/\\\/www.sabra.org.br\\\/site\\\/regente-maestro\\\/\",\"url\":\"https:\\\/\\\/www.sabra.org.br\\\/site\\\/regente-maestro\\\/\",\"name\":\"Maestro x regente: entenda as diferen\u00e7as - SABRA - Sociedade Art\u00edstica Brasileira\",\"isPartOf\":{\"@id\":\"https:\\\/\\\/www.sabra.org.br\\\/site\\\/#website\"},\"primaryImageOfPage\":{\"@id\":\"https:\\\/\\\/www.sabra.org.br\\\/site\\\/regente-maestro\\\/#primaryimage\"},\"image\":{\"@id\":\"https:\\\/\\\/www.sabra.org.br\\\/site\\\/regente-maestro\\\/#primaryimage\"},\"thumbnailUrl\":\"https:\\\/\\\/www.sabra.org.br\\\/site\\\/wp-content\\\/uploads\\\/2022\\\/03\\\/maestro-x-regente-entenda-as-diferencas-20211210160934.jpg.jpg\",\"datePublished\":\"2022-03-18T23:26:17+00:00\",\"description\":\"Maestro x regente: quem fica \u00e0 frente de uma orquestra ou coral? Ser\u00e1 que tem diferen\u00e7a entre esses dois profissionais da m\u00fasica?\",\"breadcrumb\":{\"@id\":\"https:\\\/\\\/www.sabra.org.br\\\/site\\\/regente-maestro\\\/#breadcrumb\"},\"inLanguage\":\"pt-BR\",\"potentialAction\":[{\"@type\":\"ReadAction\",\"target\":[\"https:\\\/\\\/www.sabra.org.br\\\/site\\\/regente-maestro\\\/\"]}]},{\"@type\":\"ImageObject\",\"inLanguage\":\"pt-BR\",\"@id\":\"https:\\\/\\\/www.sabra.org.br\\\/site\\\/regente-maestro\\\/#primaryimage\",\"url\":\"https:\\\/\\\/www.sabra.org.br\\\/site\\\/wp-content\\\/uploads\\\/2022\\\/03\\\/maestro-x-regente-entenda-as-diferencas-20211210160934.jpg.jpg\",\"contentUrl\":\"https:\\\/\\\/www.sabra.org.br\\\/site\\\/wp-content\\\/uploads\\\/2022\\\/03\\\/maestro-x-regente-entenda-as-diferencas-20211210160934.jpg.jpg\",\"width\":800,\"height\":533,\"caption\":\"Sociedade Art\u00edstica Brasileira SABRA\"},{\"@type\":\"BreadcrumbList\",\"@id\":\"https:\\\/\\\/www.sabra.org.br\\\/site\\\/regente-maestro\\\/#breadcrumb\",\"itemListElement\":[{\"@type\":\"ListItem\",\"position\":1,\"name\":\"In\u00edcio\",\"item\":\"https:\\\/\\\/www.sabra.org.br\\\/site\\\/\"},{\"@type\":\"ListItem\",\"position\":2,\"name\":\"Maestro x regente: entenda as diferen\u00e7as\"}]},{\"@type\":\"WebSite\",\"@id\":\"https:\\\/\\\/www.sabra.org.br\\\/site\\\/#website\",\"url\":\"https:\\\/\\\/www.sabra.org.br\\\/site\\\/\",\"name\":\"SABRA - Sociedade Art\u00edstica Brasileira\",\"description\":\"Escola de M\u00fasica, Orquestra Sinf\u00f4nica, Coral e Patrim\u00f4nio Cultural e Hist\u00f3rico\",\"publisher\":{\"@id\":\"https:\\\/\\\/www.sabra.org.br\\\/site\\\/#organization\"},\"potentialAction\":[{\"@type\":\"SearchAction\",\"target\":{\"@type\":\"EntryPoint\",\"urlTemplate\":\"https:\\\/\\\/www.sabra.org.br\\\/site\\\/?s={search_term_string}\"},\"query-input\":{\"@type\":\"PropertyValueSpecification\",\"valueRequired\":true,\"valueName\":\"search_term_string\"}}],\"inLanguage\":\"pt-BR\"},{\"@type\":\"Organization\",\"@id\":\"https:\\\/\\\/www.sabra.org.br\\\/site\\\/#organization\",\"name\":\"SOCIEDADE ART\u00cdSTICA BRASILEIRA SABRA\",\"alternateName\":\"SABRA\",\"url\":\"https:\\\/\\\/www.sabra.org.br\\\/site\\\/\",\"logo\":{\"@type\":\"ImageObject\",\"inLanguage\":\"pt-BR\",\"@id\":\"https:\\\/\\\/www.sabra.org.br\\\/site\\\/#\\\/schema\\\/logo\\\/image\\\/\",\"url\":\"https:\\\/\\\/www.sabra.org.br\\\/site\\\/wp-content\\\/uploads\\\/2019\\\/06\\\/cropped-Logo_SABRA-Copia-1.webp\",\"contentUrl\":\"https:\\\/\\\/www.sabra.org.br\\\/site\\\/wp-content\\\/uploads\\\/2019\\\/06\\\/cropped-Logo_SABRA-Copia-1.webp\",\"width\":400,\"height\":128,\"caption\":\"SOCIEDADE ART\u00cdSTICA BRASILEIRA SABRA\"},\"image\":{\"@id\":\"https:\\\/\\\/www.sabra.org.br\\\/site\\\/#\\\/schema\\\/logo\\\/image\\\/\"},\"sameAs\":[\"https:\\\/\\\/www.facebook.com\\\/sabrabrasil\",\"https:\\\/\\\/x.com\\\/ContatoSabra\",\"https:\\\/\\\/www.instagram.com\\\/sabrabrasil\\\/\",\"https:\\\/\\\/www.linkedin.com\\\/company\\\/25002088\\\/\",\"https:\\\/\\\/br.pinterest.com\\\/sociedadeartisticabrasileira\\\/\",\"https:\\\/\\\/www.youtube.com\\\/c\\\/sabrabrasil\"]},{\"@type\":\"Person\",\"@id\":\"https:\\\/\\\/www.sabra.org.br\\\/site\\\/#\\\/schema\\\/person\\\/7d1d222c3c8891d4c37c7b41bf6315c2\",\"name\":\"M\u00e1rcio Miranda Pontes\",\"image\":{\"@type\":\"ImageObject\",\"inLanguage\":\"pt-BR\",\"@id\":\"https:\\\/\\\/secure.gravatar.com\\\/avatar\\\/3b45f24496a7625a3a6c436688fbe20344faaeb2979658dc4a9921f984d7df9a?s=96&d=mm&r=g\",\"url\":\"https:\\\/\\\/secure.gravatar.com\\\/avatar\\\/3b45f24496a7625a3a6c436688fbe20344faaeb2979658dc4a9921f984d7df9a?s=96&d=mm&r=g\",\"contentUrl\":\"https:\\\/\\\/secure.gravatar.com\\\/avatar\\\/3b45f24496a7625a3a6c436688fbe20344faaeb2979658dc4a9921f984d7df9a?s=96&d=mm&r=g\",\"caption\":\"M\u00e1rcio Miranda Pontes\"},\"sameAs\":[\"http:\\\/\\\/www.sabra.org.br\"],\"url\":\"https:\\\/\\\/www.sabra.org.br\\\/site\\\/author\\\/marcio-miranda-pontes\\\/\"}]}<\/script>\n<!-- \/ Yoast SEO plugin. -->","yoast_head_json":{"title":"Maestro x regente: entenda as diferen\u00e7as - SABRA - Sociedade Art\u00edstica Brasileira","description":"Maestro x regente: quem fica \u00e0 frente de uma orquestra ou coral? Ser\u00e1 que tem diferen\u00e7a entre esses dois profissionais da m\u00fasica?","robots":{"index":"index","follow":"follow","max-snippet":"max-snippet:-1","max-image-preview":"max-image-preview:large","max-video-preview":"max-video-preview:-1"},"canonical":"https:\/\/www.sabra.org.br\/site\/regente-maestro\/","og_locale":"pt_BR","og_type":"article","og_title":"Maestro x regente: entenda as diferen\u00e7as - SABRA - Sociedade Art\u00edstica Brasileira","og_description":"Maestro x regente: quem fica \u00e0 frente de uma orquestra ou coral? Ser\u00e1 que tem diferen\u00e7a entre esses dois profissionais da m\u00fasica?","og_url":"https:\/\/www.sabra.org.br\/site\/regente-maestro\/","og_site_name":"SABRA - Sociedade Art\u00edstica Brasileira","article_publisher":"https:\/\/www.facebook.com\/sabrabrasil","article_published_time":"2022-03-18T23:26:17+00:00","og_image":[{"width":800,"height":533,"url":"https:\/\/i0.wp.com\/www.sabra.org.br\/site\/wp-content\/uploads\/2022\/03\/maestro-x-regente-entenda-as-diferencas-20211210160934.jpg.jpg?fit=800%2C533&ssl=1","type":"image\/jpeg"}],"author":"M\u00e1rcio Miranda Pontes","twitter_card":"summary_large_image","twitter_creator":"@ContatoSabra","twitter_site":"@ContatoSabra","twitter_misc":{"Escrito por":"M\u00e1rcio Miranda Pontes","Est. tempo de leitura":"4 minutos"},"schema":{"@context":"https:\/\/schema.org","@graph":[{"@type":"Article","@id":"https:\/\/www.sabra.org.br\/site\/regente-maestro\/#article","isPartOf":{"@id":"https:\/\/www.sabra.org.br\/site\/regente-maestro\/"},"author":{"name":"M\u00e1rcio Miranda Pontes","@id":"https:\/\/www.sabra.org.br\/site\/#\/schema\/person\/7d1d222c3c8891d4c37c7b41bf6315c2"},"headline":"Maestro x regente: entenda as diferen\u00e7as","datePublished":"2022-03-18T23:26:17+00:00","mainEntityOfPage":{"@id":"https:\/\/www.sabra.org.br\/site\/regente-maestro\/"},"wordCount":774,"publisher":{"@id":"https:\/\/www.sabra.org.br\/site\/#organization"},"image":{"@id":"https:\/\/www.sabra.org.br\/site\/regente-maestro\/#primaryimage"},"thumbnailUrl":"https:\/\/www.sabra.org.br\/site\/wp-content\/uploads\/2022\/03\/maestro-x-regente-entenda-as-diferencas-20211210160934.jpg.jpg","keywords":["Assist\u00eancia social","Cabo Frio","Campos dos Goytacazes","Canto Coral","Escola de Musica SABRA","Musicaliza\u00e7\u00e3o Infantil","nova lima","Orquestra Infanto Juvenil de Betim","Orquestra Sinf\u00f4nica de Betim","Raposos","Sociedade Art\u00edstica Brasileira"],"articleSection":["Blog SABRA"],"inLanguage":"pt-BR"},{"@type":"WebPage","@id":"https:\/\/www.sabra.org.br\/site\/regente-maestro\/","url":"https:\/\/www.sabra.org.br\/site\/regente-maestro\/","name":"Maestro x regente: entenda as diferen\u00e7as - SABRA - Sociedade Art\u00edstica Brasileira","isPartOf":{"@id":"https:\/\/www.sabra.org.br\/site\/#website"},"primaryImageOfPage":{"@id":"https:\/\/www.sabra.org.br\/site\/regente-maestro\/#primaryimage"},"image":{"@id":"https:\/\/www.sabra.org.br\/site\/regente-maestro\/#primaryimage"},"thumbnailUrl":"https:\/\/www.sabra.org.br\/site\/wp-content\/uploads\/2022\/03\/maestro-x-regente-entenda-as-diferencas-20211210160934.jpg.jpg","datePublished":"2022-03-18T23:26:17+00:00","description":"Maestro x regente: quem fica \u00e0 frente de uma orquestra ou coral? Ser\u00e1 que tem diferen\u00e7a entre esses dois profissionais da m\u00fasica?","breadcrumb":{"@id":"https:\/\/www.sabra.org.br\/site\/regente-maestro\/#breadcrumb"},"inLanguage":"pt-BR","potentialAction":[{"@type":"ReadAction","target":["https:\/\/www.sabra.org.br\/site\/regente-maestro\/"]}]},{"@type":"ImageObject","inLanguage":"pt-BR","@id":"https:\/\/www.sabra.org.br\/site\/regente-maestro\/#primaryimage","url":"https:\/\/www.sabra.org.br\/site\/wp-content\/uploads\/2022\/03\/maestro-x-regente-entenda-as-diferencas-20211210160934.jpg.jpg","contentUrl":"https:\/\/www.sabra.org.br\/site\/wp-content\/uploads\/2022\/03\/maestro-x-regente-entenda-as-diferencas-20211210160934.jpg.jpg","width":800,"height":533,"caption":"Sociedade Art\u00edstica Brasileira SABRA"},{"@type":"BreadcrumbList","@id":"https:\/\/www.sabra.org.br\/site\/regente-maestro\/#breadcrumb","itemListElement":[{"@type":"ListItem","position":1,"name":"In\u00edcio","item":"https:\/\/www.sabra.org.br\/site\/"},{"@type":"ListItem","position":2,"name":"Maestro x regente: entenda as diferen\u00e7as"}]},{"@type":"WebSite","@id":"https:\/\/www.sabra.org.br\/site\/#website","url":"https:\/\/www.sabra.org.br\/site\/","name":"SABRA - Sociedade Art\u00edstica Brasileira","description":"Escola de M\u00fasica, Orquestra Sinf\u00f4nica, Coral e Patrim\u00f4nio Cultural e Hist\u00f3rico","publisher":{"@id":"https:\/\/www.sabra.org.br\/site\/#organization"},"potentialAction":[{"@type":"SearchAction","target":{"@type":"EntryPoint","urlTemplate":"https:\/\/www.sabra.org.br\/site\/?s={search_term_string}"},"query-input":{"@type":"PropertyValueSpecification","valueRequired":true,"valueName":"search_term_string"}}],"inLanguage":"pt-BR"},{"@type":"Organization","@id":"https:\/\/www.sabra.org.br\/site\/#organization","name":"SOCIEDADE ART\u00cdSTICA BRASILEIRA SABRA","alternateName":"SABRA","url":"https:\/\/www.sabra.org.br\/site\/","logo":{"@type":"ImageObject","inLanguage":"pt-BR","@id":"https:\/\/www.sabra.org.br\/site\/#\/schema\/logo\/image\/","url":"https:\/\/www.sabra.org.br\/site\/wp-content\/uploads\/2019\/06\/cropped-Logo_SABRA-Copia-1.webp","contentUrl":"https:\/\/www.sabra.org.br\/site\/wp-content\/uploads\/2019\/06\/cropped-Logo_SABRA-Copia-1.webp","width":400,"height":128,"caption":"SOCIEDADE ART\u00cdSTICA BRASILEIRA SABRA"},"image":{"@id":"https:\/\/www.sabra.org.br\/site\/#\/schema\/logo\/image\/"},"sameAs":["https:\/\/www.facebook.com\/sabrabrasil","https:\/\/x.com\/ContatoSabra","https:\/\/www.instagram.com\/sabrabrasil\/","https:\/\/www.linkedin.com\/company\/25002088\/","https:\/\/br.pinterest.com\/sociedadeartisticabrasileira\/","https:\/\/www.youtube.com\/c\/sabrabrasil"]},{"@type":"Person","@id":"https:\/\/www.sabra.org.br\/site\/#\/schema\/person\/7d1d222c3c8891d4c37c7b41bf6315c2","name":"M\u00e1rcio Miranda Pontes","image":{"@type":"ImageObject","inLanguage":"pt-BR","@id":"https:\/\/secure.gravatar.com\/avatar\/3b45f24496a7625a3a6c436688fbe20344faaeb2979658dc4a9921f984d7df9a?s=96&d=mm&r=g","url":"https:\/\/secure.gravatar.com\/avatar\/3b45f24496a7625a3a6c436688fbe20344faaeb2979658dc4a9921f984d7df9a?s=96&d=mm&r=g","contentUrl":"https:\/\/secure.gravatar.com\/avatar\/3b45f24496a7625a3a6c436688fbe20344faaeb2979658dc4a9921f984d7df9a?s=96&d=mm&r=g","caption":"M\u00e1rcio Miranda Pontes"},"sameAs":["http:\/\/www.sabra.org.br"],"url":"https:\/\/www.sabra.org.br\/site\/author\/marcio-miranda-pontes\/"}]}},"jetpack_featured_media_url":"https:\/\/www.sabra.org.br\/site\/wp-content\/uploads\/2022\/03\/maestro-x-regente-entenda-as-diferencas-20211210160934.jpg.jpg","jetpack_shortlink":"https:\/\/wp.me\/p95j2Z-1g5","jetpack-related-posts":[{"id":5304,"url":"https:\/\/www.sabra.org.br\/site\/regente-maestro-curiosidades\/","url_meta":{"origin":4841,"position":0},"title":"Curiosidades sobre a arte da reg\u00eancia","author":"M\u00e1rcio Miranda Pontes","date":"1 de julho de 2022","format":false,"excerpt":"[vc_row][vc_column][vc_column_text]As curiosidades sobre a arte da reg\u00eancia podem te surpreender e fazer com que saiba um pouco mais sobre esse fascinante universo da m\u00fasica. Leia para entender mais sobre o papel do regente e sua import\u00e2ncia: O regente \u00e9 a figura de autoridade de uma orquestra O regente \u00e9 quem\u2026","rel":"","context":"Em &quot;Blog SABRA&quot;","block_context":{"text":"Blog SABRA","link":"https:\/\/www.sabra.org.br\/site\/category\/blog-sabra\/"},"img":{"alt_text":"maestro-regente-m\u00fasica-reg\u00eancia","src":"https:\/\/i0.wp.com\/www.sabra.org.br\/site\/wp-content\/uploads\/2022\/07\/curiosidades-sobre-a-arte-da-regencia-20220623120203.jpg.jpg?resize=350%2C200&ssl=1","width":350,"height":200,"srcset":"https:\/\/i0.wp.com\/www.sabra.org.br\/site\/wp-content\/uploads\/2022\/07\/curiosidades-sobre-a-arte-da-regencia-20220623120203.jpg.jpg?resize=350%2C200&ssl=1 1x, https:\/\/i0.wp.com\/www.sabra.org.br\/site\/wp-content\/uploads\/2022\/07\/curiosidades-sobre-a-arte-da-regencia-20220623120203.jpg.jpg?resize=525%2C300&ssl=1 1.5x, https:\/\/i0.wp.com\/www.sabra.org.br\/site\/wp-content\/uploads\/2022\/07\/curiosidades-sobre-a-arte-da-regencia-20220623120203.jpg.jpg?resize=700%2C400&ssl=1 2x"},"classes":[]},{"id":4803,"url":"https:\/\/www.sabra.org.br\/site\/trabalho-maestro\/","url_meta":{"origin":4841,"position":1},"title":"Conhe\u00e7a as curiosidades do trabalho de maestro","author":"M\u00e1rcio Miranda Pontes","date":"7 de mar\u00e7o de 2022","format":false,"excerpt":"J\u00e1 parou para pensar em como funciona o trabalho de um maestro? Confira algumas curiosidades que permeiam esta fun\u00e7\u00e3o e entenda por que ele atua da forma como faz e como isso influencia em toda a orquestra.","rel":"","context":"Em &quot;Blog SABRA&quot;","block_context":{"text":"Blog SABRA","link":"https:\/\/www.sabra.org.br\/site\/category\/blog-sabra\/"},"img":{"alt_text":"maestro-trabalho-instrumento-m\u00fasica","src":"https:\/\/i0.wp.com\/www.sabra.org.br\/site\/wp-content\/uploads\/2022\/03\/conheca-as-curiosidades-do-trabalho-de-maestro-20211210160934.jpg.jpg?resize=350%2C200&ssl=1","width":350,"height":200,"srcset":"https:\/\/i0.wp.com\/www.sabra.org.br\/site\/wp-content\/uploads\/2022\/03\/conheca-as-curiosidades-do-trabalho-de-maestro-20211210160934.jpg.jpg?resize=350%2C200&ssl=1 1x, https:\/\/i0.wp.com\/www.sabra.org.br\/site\/wp-content\/uploads\/2022\/03\/conheca-as-curiosidades-do-trabalho-de-maestro-20211210160934.jpg.jpg?resize=525%2C300&ssl=1 1.5x, https:\/\/i0.wp.com\/www.sabra.org.br\/site\/wp-content\/uploads\/2022\/03\/conheca-as-curiosidades-do-trabalho-de-maestro-20211210160934.jpg.jpg?resize=700%2C400&ssl=1 2x"},"classes":[]},{"id":1573,"url":"https:\/\/www.sabra.org.br\/site\/como-funciona-uma-orquestra\/","url_meta":{"origin":4841,"position":2},"title":"ORQUESTRA &#8211; COMO FUNCIONA?","author":"M\u00e1rcio Miranda Pontes","date":"16 de outubro de 2018","format":false,"excerpt":"Afinal, como funciona uma orquestra? Uma orquestra pode chegar a ter 120 m\u00fasicos. Da mesma forma, \u00e9 razo\u00e1vel que 80 pessoas formem este agrupamento instrumental. De toda forma, cada um dos integrantes deste corpo \u00e9 de extrema import\u00e2ncia para o resultado final do concerto. Incluindo-se a\u00ed o maestro. Independentemente do\u2026","rel":"","context":"Em &quot;Blog SABRA&quot;","block_context":{"text":"Blog SABRA","link":"https:\/\/www.sabra.org.br\/site\/category\/blog-sabra\/"},"img":{"alt_text":"Orquestra","src":"https:\/\/i0.wp.com\/www.sabra.org.br\/site\/wp-content\/uploads\/2018\/10\/afinal-como-funciona-uma-orquestra-20180705134730.jpg.jpg?resize=350%2C200&ssl=1","width":350,"height":200,"srcset":"https:\/\/i0.wp.com\/www.sabra.org.br\/site\/wp-content\/uploads\/2018\/10\/afinal-como-funciona-uma-orquestra-20180705134730.jpg.jpg?resize=350%2C200&ssl=1 1x, https:\/\/i0.wp.com\/www.sabra.org.br\/site\/wp-content\/uploads\/2018\/10\/afinal-como-funciona-uma-orquestra-20180705134730.jpg.jpg?resize=525%2C300&ssl=1 1.5x, https:\/\/i0.wp.com\/www.sabra.org.br\/site\/wp-content\/uploads\/2018\/10\/afinal-como-funciona-uma-orquestra-20180705134730.jpg.jpg?resize=700%2C400&ssl=1 2x"},"classes":[]},{"id":7063,"url":"https:\/\/www.sabra.org.br\/site\/curso-regencia-sinfonica\/","url_meta":{"origin":4841,"position":3},"title":"Curso de Inicia\u00e7\u00e3o \u00e0 Reg\u00eancia Sinf\u00f4nica","author":"M\u00e1rcio Miranda Pontes","date":"3 de maio de 2023","format":false,"excerpt":"Ser o Regente de uma Orquestra Sinf\u00f4nica \u00e9 uma atividade que requer por parte de quem o faz muita dedica\u00e7\u00e3o e conhecimento. Por isso, \u00e9 indispens\u00e1vel investir em um curso de Inicia\u00e7\u00e3o \u00e0 Reg\u00eancia Sinf\u00f4nica.","rel":"","context":"Em &quot;Blog SABRA&quot;","block_context":{"text":"Blog SABRA","link":"https:\/\/www.sabra.org.br\/site\/category\/blog-sabra\/"},"img":{"alt_text":"m\u00fasica-curso-benef\u00edcio-crian\u00e7a-positiva-sinf\u00f4nica-cultural-inicia\u00e7\u00e3o","src":"https:\/\/i0.wp.com\/www.sabra.org.br\/site\/wp-content\/uploads\/2023\/05\/curso-de-iniciacao-a-regencia-sinfonica-20171229162457.jpg.jpg?resize=350%2C200&ssl=1","width":350,"height":200,"srcset":"https:\/\/i0.wp.com\/www.sabra.org.br\/site\/wp-content\/uploads\/2023\/05\/curso-de-iniciacao-a-regencia-sinfonica-20171229162457.jpg.jpg?resize=350%2C200&ssl=1 1x, https:\/\/i0.wp.com\/www.sabra.org.br\/site\/wp-content\/uploads\/2023\/05\/curso-de-iniciacao-a-regencia-sinfonica-20171229162457.jpg.jpg?resize=525%2C300&ssl=1 1.5x, https:\/\/i0.wp.com\/www.sabra.org.br\/site\/wp-content\/uploads\/2023\/05\/curso-de-iniciacao-a-regencia-sinfonica-20171229162457.jpg.jpg?resize=700%2C400&ssl=1 2x"},"classes":[]},{"id":689,"url":"https:\/\/www.sabra.org.br\/site\/voce-entende-o-maestro-e-seus-gestos\/","url_meta":{"origin":4841,"position":4},"title":"Voc\u00ea entende o Maestro e seus gestos?","author":"M\u00e1rcio Miranda Pontes","date":"29 de setembro de 2017","format":false,"excerpt":"O maestro \u00e9 aquela figura que, por meio de gestos flu\u00eddos e quase m\u00e1gicos, coordena a execu\u00e7\u00e3o musical de orquestras e coros.","rel":"","context":"Em &quot;Blog SABRA&quot;","block_context":{"text":"Blog SABRA","link":"https:\/\/www.sabra.org.br\/site\/category\/blog-sabra\/"},"img":{"alt_text":"maestro-execu\u00e7\u00e3o-m\u00e3o-m\u00fasicos","src":"https:\/\/i0.wp.com\/www.sabra.org.br\/site\/wp-content\/uploads\/2017\/09\/voce-entende-o-maestro-e-seus-gestos-20170920155615.jpg?resize=350%2C200&ssl=1","width":350,"height":200,"srcset":"https:\/\/i0.wp.com\/www.sabra.org.br\/site\/wp-content\/uploads\/2017\/09\/voce-entende-o-maestro-e-seus-gestos-20170920155615.jpg?resize=350%2C200&ssl=1 1x, https:\/\/i0.wp.com\/www.sabra.org.br\/site\/wp-content\/uploads\/2017\/09\/voce-entende-o-maestro-e-seus-gestos-20170920155615.jpg?resize=525%2C300&ssl=1 1.5x, https:\/\/i0.wp.com\/www.sabra.org.br\/site\/wp-content\/uploads\/2017\/09\/voce-entende-o-maestro-e-seus-gestos-20170920155615.jpg?resize=700%2C400&ssl=1 2x, https:\/\/i0.wp.com\/www.sabra.org.br\/site\/wp-content\/uploads\/2017\/09\/voce-entende-o-maestro-e-seus-gestos-20170920155615.jpg?resize=1050%2C600&ssl=1 3x, https:\/\/i0.wp.com\/www.sabra.org.br\/site\/wp-content\/uploads\/2017\/09\/voce-entende-o-maestro-e-seus-gestos-20170920155615.jpg?resize=1400%2C800&ssl=1 4x"},"classes":[]},{"id":13473,"url":"https:\/\/www.sabra.org.br\/site\/comunicacao-orquestra\/","url_meta":{"origin":4841,"position":5},"title":"Por que a comunica\u00e7\u00e3o gestual certa \u00e9 importante para a orquestra?","author":"M\u00e1rcio Miranda Pontes","date":"16 de maio de 2025","format":false,"excerpt":"Descubra a magia da orquestra e como a comunica\u00e7\u00e3o entre m\u00fasicos e maestro cria experi\u00eancias musicais inesquec\u00edveis.","rel":"","context":"Em &quot;Blog SABRA&quot;","block_context":{"text":"Blog SABRA","link":"https:\/\/www.sabra.org.br\/site\/category\/blog-sabra\/"},"img":{"alt_text":"","src":"","width":0,"height":0},"classes":[]}],"jetpack_likes_enabled":true,"jetpack_sharing_enabled":true,"_links":{"self":[{"href":"https:\/\/www.sabra.org.br\/site\/wp-json\/wp\/v2\/posts\/4841","targetHints":{"allow":["GET"]}}],"collection":[{"href":"https:\/\/www.sabra.org.br\/site\/wp-json\/wp\/v2\/posts"}],"about":[{"href":"https:\/\/www.sabra.org.br\/site\/wp-json\/wp\/v2\/types\/post"}],"author":[{"embeddable":true,"href":"https:\/\/www.sabra.org.br\/site\/wp-json\/wp\/v2\/users\/39"}],"replies":[{"embeddable":true,"href":"https:\/\/www.sabra.org.br\/site\/wp-json\/wp\/v2\/comments?post=4841"}],"version-history":[{"count":0,"href":"https:\/\/www.sabra.org.br\/site\/wp-json\/wp\/v2\/posts\/4841\/revisions"}],"wp:featuredmedia":[{"embeddable":true,"href":"https:\/\/www.sabra.org.br\/site\/wp-json\/wp\/v2\/media\/4842"}],"wp:attachment":[{"href":"https:\/\/www.sabra.org.br\/site\/wp-json\/wp\/v2\/media?parent=4841"}],"wp:term":[{"taxonomy":"category","embeddable":true,"href":"https:\/\/www.sabra.org.br\/site\/wp-json\/wp\/v2\/categories?post=4841"},{"taxonomy":"post_tag","embeddable":true,"href":"https:\/\/www.sabra.org.br\/site\/wp-json\/wp\/v2\/tags?post=4841"}],"curies":[{"name":"wp","href":"https:\/\/api.w.org\/{rel}","templated":true}]}}