{"id":5004,"date":"2022-04-22T10:52:49","date_gmt":"2022-04-22T13:52:49","guid":{"rendered":"https:\/\/www.sabra.org.br\/site\/?p=5004"},"modified":"2022-04-22T10:52:49","modified_gmt":"2022-04-22T13:52:49","slug":"haydn","status":"publish","type":"post","link":"https:\/\/www.sabra.org.br\/site\/haydn\/","title":{"rendered":"Quais as composi\u00e7\u00f5es mais importantes de Joseph Haydn?"},"content":{"rendered":"<p>[vc_row][vc_column][vc_column_text]<\/p>\n<h1>Quais as composi\u00e7\u00f5es mais importantes de Joseph Haydn?<\/h1>\n<p>Joseph Haydn nasceu em 1732 em Rohrau e faleceu em 1809 em Viena, ambas as cidades localizadas na \u00c1ustria. Foi amigo de Mozart e professor de Beethoven. Ao lado destes dois compositores forma a \u201ctrindade vienense\u201d.<\/p>\n<p>Considerado como o \u201cPai da Sinfonia\u201d e o \u201cPai do Quarteto de Cordas\u201d, Haydn foi decisivo para o desenvolvimento dessas formas. Ganhou prest\u00edgio ainda em vida, ao contr\u00e1rio de Mozart, que s\u00f3 foi reconhecido tempos ap\u00f3s sua morte.<\/p>\n<p>\u00c9 um dos autores mais importantes e influentes da hist\u00f3ria da m\u00fasica erudita ocidental, com uma carreira que cobriu desde o fim do Barroco at\u00e9 o in\u00edcio do Romantismo. Haydn \u00e9 a ponte que permitiu que esta evolu\u00e7\u00e3o.<\/p>\n<h2>Sua obra<\/h2>\n<p>A produ\u00e7\u00e3o de Franz Joseph Haydn foi imensa. Ele conseguia escrever tr\u00eas pe\u00e7as em uma semana, enquanto outros criavam somente uma obra por ano.<\/p>\n<p>Extremamente prol\u00edfico, escreveu 107 sinfonias, 83 quartetos de cordas, 45 trios para piano e cordas, 62 sonatas para piano, 27 concertos para diversos instrumentos, 16 \u00f3peras, 16 aberturas orquestrais, 35 pe\u00e7as religiosas e outros trabalhos. Ao todo, suas composi\u00e7\u00f5es t\u00eam cerca de 340 horas de m\u00fasica.<\/p>\n<p>A numera\u00e7\u00e3o oficial das sinfonias de Haydn vai apenas at\u00e9 104, por\u00e9m, \u00e9 l\u00edcito somar-lhes duas obras de juventude (Sinfonias \u201cA\u201d e \u201cB\u201d, datadas de 1757-60) e uma Sinfonia Concertante para violino, violoncelo, obo\u00e9 e fagote (1792).<\/p>\n<p>O tamanho de sua obra impressiona. Na d\u00e9cada de 1920, um alem\u00e3o chamado Antony van Hoboken come\u00e7ou a coletar manuscritos e as primeiras edi\u00e7\u00f5es de pe\u00e7as deixadas por Haydn com a inten\u00e7\u00e3o de compilar um cat\u00e1logo definitivo.<\/p>\n<p>Ele desistiu ap\u00f3s alcan\u00e7ar cinco mil itens e, embora todos os trabalhos de Haydn estejam catalogados, novas descobertas continuam sendo feitas.<\/p>\n<h3>Melhores composi\u00e7\u00f5es<\/h3>\n<p>A obra completa de Haydn foi lan\u00e7ada recentemente em um box contendo 150 CDs. Apesar da import\u00e2ncia do registro hist\u00f3rico, a quantidade de material se torna um problema para quem deseja conhecer sua obra. Por onde come\u00e7ar?<\/p>\n<p>Haydn tentava tornar suas sinfonias mais vend\u00e1veis dando nomes a elas. A Sinfonia n\u00ba 92 tem o t\u00edtulo de \u201cOxford\u201d porque a conduziu naquela universidade.<\/p>\n<p>&#8220;A Cria\u00e7\u00e3o&#8221; \u00e9 considerada sua grande obra-prima. \u201cA surpresa\u201d (Sinfonia n\u00ba 94) aplica no ouvinte um pequeno choque e \u201cO rel\u00f3gio\u201d (n\u00ba 111) faz um \u201ctic-tac\u201d.<\/p>\n<p>&#8220;As Esta\u00e7\u00f5es&#8221;, as Sinfonias de 82 a 87 (escritas para Paris) e as de 93 a 104 (feitas para Londres) s\u00e3o suas composi\u00e7\u00f5es mais vigorosas. Vale a pena conferir tamb\u00e9m os ciclos de quartetos de cordas e todo o ciclo de Missas.<\/p>\n<h4>Influ\u00eancia de Mozart<\/h4>\n<p>Em uma de suas viagens a Viena, Haydn tornou-se amigo de Mozart, 24 anos mais jovem que ele, com quem passou a se corresponder com frequ\u00eancia.<\/p>\n<p>Apesar da dist\u00e2ncia, realizaram um valioso interc\u00e2mbio art\u00edstico que enriqueceu as obras de ambos. Haydn era audacioso na estrutura musical, enquanto Mozart era inventivo e requintado nas melodias e orquestra\u00e7\u00f5es.<\/p>\n<p>A influ\u00eancia de Mozart sobre Haydn fica evidente nas \u201cSinfonias de Solomon\u201d, nos seus \u00faltimos quartetos e nas j\u00e1 mencionadas \u201cA Cria\u00e7\u00e3o\u201d e \u201cAs Esta\u00e7\u00f5es\u201d.<\/p>\n<p>Haydn foi sepultado em solene cerim\u00f4nia f\u00fanebre, ao som do \u201cR\u00e9quiem\u201d, de seu amigo Mozart, por quem era chamado de \u201cpai de todos os compositores\u201d.<\/p>\n<blockquote class=\"wp-embedded-content\" data-secret=\"zvyYCftyRV\"><p><a href=\"https:\/\/www.sabra.org.br\/site\/mozart\/\">Coisas que voc\u00ea precisa saber sobre Wolfgang Amadeus Mozart<\/a><\/p><\/blockquote>\n<p><iframe class=\"wp-embedded-content\" sandbox=\"allow-scripts\" security=\"restricted\" style=\"position: absolute; visibility: hidden;\" title=\"&#8220;Coisas que voc\u00ea precisa saber sobre Wolfgang Amadeus Mozart&#8221; &#8212; SABRA - Sociedade Art\u00edstica Brasileira\" src=\"https:\/\/www.sabra.org.br\/site\/mozart\/embed\/#?secret=E42JCzfuhh#?secret=zvyYCftyRV\" data-secret=\"zvyYCftyRV\" width=\"600\" height=\"338\" frameborder=\"0\" marginwidth=\"0\" marginheight=\"0\" scrolling=\"no\"><\/iframe><\/p>\n<hr \/>\n<h2>Se voc\u00ea gostou deste post:<\/h2>\n<p>&#8211; SIGA as nossas p\u00e1ginas nas redes sociais para acompanhar as nossas atualiza\u00e7\u00f5es: estamos no <a href=\"https:\/\/www.facebook.com\/sabrabrasil\" target=\"_blank\" rel=\"noopener\">Facebook<\/a>, no <a href=\"https:\/\/www.instagram.com\/sabrabrasil\/\" target=\"_blank\" rel=\"noopener\">Instagram<\/a>, no <a href=\"https:\/\/www.linkedin.com\/company\/25002088\" target=\"_blank\" rel=\"noopener\">LinkedIn<\/a>, no <a href=\"https:\/\/twitter.com\/ContatoSabra\" target=\"_blank\" rel=\"noopener\">Twitter<\/a> e no <a href=\"https:\/\/www.youtube.com\/channel\/UCJw-kbuEvzUNdeQf20Pa-eQ\" target=\"_blank\" rel=\"noopener\">YouTube<\/a>!<\/p>\n<p>&#8211; CONHE\u00c7A o trabalho da Sociedade Art\u00edstica Brasileira (SABRA) e todas as iniciativas culturais e sociais que ela mant\u00e9m. <a href=\"https:\/\/www.sabra.org.br\/site\/acoes\/\" target=\"_blank\" rel=\"noopener\">Acesse nosso site!<\/a><\/p>\n<p>&#8211; ENTRE EM CONTATO com a gente. E veja quais s\u00e3o as op\u00e7\u00f5es de ajuda na manuten\u00e7\u00e3o de nossas a\u00e7\u00f5es sociais e culturais. Basta acessar nossa p\u00e1gina <a href=\"https:\/\/www.sabra.org.br\/site\/doe-agora\/\" target=\"_blank\" rel=\"noopener\">Doe Agora!<\/a><\/p>\n<p>&#8211; COMPARTILHE este texto nas suas redes sociais e ajude os seus amigos a tamb\u00e9m dominarem o assunto!<\/p>\n<p>\u2013 Os projetos da @sabrabrasil s\u00e3o realizados com o patroci\u0301nio m\u00e1ster: @vallourec e @institutounimedbh, viabilizado pelo incentivo de mais de 5,2 mil m\u00e9dicos cooperados e colaboradores via Lei de Incentivo \u00e0 Cultura &#8211; @mturismo, @culturagovbr. Apoio: @prefeiturabetim[\/vc_column_text][\/vc_column][\/vc_row]<\/p>\n","protected":false},"excerpt":{"rendered":"<p>Chamado de &#8220;pai de todos os compositores&#8221;, Joseph Haydn deixou uma obra enorme e reconhecida mundialmente. Conhe\u00e7a mais sobre o artista que ao lado de Mozart e Beethoven formou a \u201ctrindade vienense\u201d.<\/p>\n","protected":false},"author":39,"featured_media":5005,"comment_status":"closed","ping_status":"closed","sticky":false,"template":"","format":"standard","meta":{"jetpack_post_was_ever_published":false,"_jetpack_newsletter_access":"","_jetpack_dont_email_post_to_subs":false,"_jetpack_newsletter_tier_id":0,"_jetpack_memberships_contains_paywalled_content":false,"_jetpack_memberships_contains_paid_content":false,"footnotes":""},"categories":[1],"tags":[15,2757,3626,3623,8,3629,1285,3628,16,3519,1286,11,3622,9],"class_list":["post-5004","post","type-post","status-publish","format-standard","has-post-thumbnail","hentry","category-blog-sabra","tag-assistencia-social","tag-belo-horizonte","tag-cabo-frio","tag-campos-dos-goytacazes","tag-canto-coral","tag-contagem","tag-escola-de-musica-sabra","tag-ibirite","tag-musicalizacao-infantil","tag-nova-lima-2","tag-orquestra-infanto-juvenil-de-betim","tag-orquestra-sinfonica-de-betim","tag-raposos","tag-sociedade-artistica-brasileira"],"yoast_head":"<!-- This site is optimized with the Yoast SEO plugin v27.5 - https:\/\/yoast.com\/product\/yoast-seo-wordpress\/ -->\n<title>Quais as composi\u00e7\u00f5es mais importantes de Joseph Haydn? - SABRA - Sociedade Art\u00edstica Brasileira<\/title>\n<meta name=\"description\" content=\"Chamado de &quot;pai de todos os compositores&quot;, Joseph Haydn deixou uma obra enorme e reconhecida mundialmente.\" \/>\n<meta name=\"robots\" content=\"index, follow, max-snippet:-1, max-image-preview:large, max-video-preview:-1\" \/>\n<link rel=\"canonical\" href=\"https:\/\/www.sabra.org.br\/site\/haydn\/\" \/>\n<meta property=\"og:locale\" content=\"pt_BR\" \/>\n<meta property=\"og:type\" content=\"article\" \/>\n<meta property=\"og:title\" content=\"Quais as composi\u00e7\u00f5es mais importantes de Joseph Haydn? - SABRA - Sociedade Art\u00edstica Brasileira\" \/>\n<meta property=\"og:description\" content=\"Chamado de &quot;pai de todos os compositores&quot;, Joseph Haydn deixou uma obra enorme e reconhecida mundialmente.\" \/>\n<meta property=\"og:url\" content=\"https:\/\/www.sabra.org.br\/site\/haydn\/\" \/>\n<meta property=\"og:site_name\" content=\"SABRA - Sociedade Art\u00edstica Brasileira\" \/>\n<meta property=\"article:publisher\" content=\"https:\/\/www.facebook.com\/sabrabrasil\" \/>\n<meta property=\"article:published_time\" content=\"2022-04-22T13:52:49+00:00\" \/>\n<meta property=\"og:image\" content=\"https:\/\/i0.wp.com\/www.sabra.org.br\/site\/wp-content\/uploads\/2022\/04\/quais-as-melhores-composicoes-de-joseph-haydn-20211111161807.jpg.jpg?fit=800%2C467&ssl=1\" \/>\n\t<meta property=\"og:image:width\" content=\"800\" \/>\n\t<meta property=\"og:image:height\" content=\"467\" \/>\n\t<meta property=\"og:image:type\" content=\"image\/jpeg\" \/>\n<meta name=\"author\" content=\"M\u00e1rcio Miranda Pontes\" \/>\n<meta name=\"twitter:card\" content=\"summary_large_image\" \/>\n<meta name=\"twitter:creator\" content=\"@ContatoSabra\" \/>\n<meta name=\"twitter:site\" content=\"@ContatoSabra\" \/>\n<meta name=\"twitter:label1\" content=\"Escrito por\" \/>\n\t<meta name=\"twitter:data1\" content=\"M\u00e1rcio Miranda Pontes\" \/>\n\t<meta name=\"twitter:label2\" content=\"Est. tempo de leitura\" \/>\n\t<meta name=\"twitter:data2\" content=\"4 minutos\" \/>\n<script type=\"application\/ld+json\" class=\"yoast-schema-graph\">{\"@context\":\"https:\\\/\\\/schema.org\",\"@graph\":[{\"@type\":\"Article\",\"@id\":\"https:\\\/\\\/www.sabra.org.br\\\/site\\\/haydn\\\/#article\",\"isPartOf\":{\"@id\":\"https:\\\/\\\/www.sabra.org.br\\\/site\\\/haydn\\\/\"},\"author\":{\"name\":\"M\u00e1rcio Miranda Pontes\",\"@id\":\"https:\\\/\\\/www.sabra.org.br\\\/site\\\/#\\\/schema\\\/person\\\/7d1d222c3c8891d4c37c7b41bf6315c2\"},\"headline\":\"Quais as composi\u00e7\u00f5es mais importantes de Joseph Haydn?\",\"datePublished\":\"2022-04-22T13:52:49+00:00\",\"mainEntityOfPage\":{\"@id\":\"https:\\\/\\\/www.sabra.org.br\\\/site\\\/haydn\\\/\"},\"wordCount\":732,\"publisher\":{\"@id\":\"https:\\\/\\\/www.sabra.org.br\\\/site\\\/#organization\"},\"image\":{\"@id\":\"https:\\\/\\\/www.sabra.org.br\\\/site\\\/haydn\\\/#primaryimage\"},\"thumbnailUrl\":\"https:\\\/\\\/www.sabra.org.br\\\/site\\\/wp-content\\\/uploads\\\/2022\\\/04\\\/quais-as-melhores-composicoes-de-joseph-haydn-20211111161807.jpg.jpg\",\"keywords\":[\"Assist\u00eancia social\",\"Belo Horizonte\",\"Cabo Frio\",\"Campos dos Goytacazes\",\"Canto Coral\",\"Contagem\",\"Escola de Musica SABRA\",\"Ibirit\u00e9\",\"Musicaliza\u00e7\u00e3o Infantil\",\"nova lima\",\"Orquestra Infanto Juvenil de Betim\",\"Orquestra Sinf\u00f4nica de Betim\",\"Raposos\",\"Sociedade Art\u00edstica Brasileira\"],\"articleSection\":[\"Blog SABRA\"],\"inLanguage\":\"pt-BR\"},{\"@type\":\"WebPage\",\"@id\":\"https:\\\/\\\/www.sabra.org.br\\\/site\\\/haydn\\\/\",\"url\":\"https:\\\/\\\/www.sabra.org.br\\\/site\\\/haydn\\\/\",\"name\":\"Quais as composi\u00e7\u00f5es mais importantes de Joseph Haydn? - SABRA - Sociedade Art\u00edstica Brasileira\",\"isPartOf\":{\"@id\":\"https:\\\/\\\/www.sabra.org.br\\\/site\\\/#website\"},\"primaryImageOfPage\":{\"@id\":\"https:\\\/\\\/www.sabra.org.br\\\/site\\\/haydn\\\/#primaryimage\"},\"image\":{\"@id\":\"https:\\\/\\\/www.sabra.org.br\\\/site\\\/haydn\\\/#primaryimage\"},\"thumbnailUrl\":\"https:\\\/\\\/www.sabra.org.br\\\/site\\\/wp-content\\\/uploads\\\/2022\\\/04\\\/quais-as-melhores-composicoes-de-joseph-haydn-20211111161807.jpg.jpg\",\"datePublished\":\"2022-04-22T13:52:49+00:00\",\"description\":\"Chamado de \\\"pai de todos os compositores\\\", Joseph Haydn deixou uma obra enorme e reconhecida mundialmente.\",\"breadcrumb\":{\"@id\":\"https:\\\/\\\/www.sabra.org.br\\\/site\\\/haydn\\\/#breadcrumb\"},\"inLanguage\":\"pt-BR\",\"potentialAction\":[{\"@type\":\"ReadAction\",\"target\":[\"https:\\\/\\\/www.sabra.org.br\\\/site\\\/haydn\\\/\"]}]},{\"@type\":\"ImageObject\",\"inLanguage\":\"pt-BR\",\"@id\":\"https:\\\/\\\/www.sabra.org.br\\\/site\\\/haydn\\\/#primaryimage\",\"url\":\"https:\\\/\\\/www.sabra.org.br\\\/site\\\/wp-content\\\/uploads\\\/2022\\\/04\\\/quais-as-melhores-composicoes-de-joseph-haydn-20211111161807.jpg.jpg\",\"contentUrl\":\"https:\\\/\\\/www.sabra.org.br\\\/site\\\/wp-content\\\/uploads\\\/2022\\\/04\\\/quais-as-melhores-composicoes-de-joseph-haydn-20211111161807.jpg.jpg\",\"width\":800,\"height\":467,\"caption\":\"Sociedade Art\u00edstica Brasileira SABRA\"},{\"@type\":\"BreadcrumbList\",\"@id\":\"https:\\\/\\\/www.sabra.org.br\\\/site\\\/haydn\\\/#breadcrumb\",\"itemListElement\":[{\"@type\":\"ListItem\",\"position\":1,\"name\":\"In\u00edcio\",\"item\":\"https:\\\/\\\/www.sabra.org.br\\\/site\\\/\"},{\"@type\":\"ListItem\",\"position\":2,\"name\":\"Quais as composi\u00e7\u00f5es mais importantes de Joseph Haydn?\"}]},{\"@type\":\"WebSite\",\"@id\":\"https:\\\/\\\/www.sabra.org.br\\\/site\\\/#website\",\"url\":\"https:\\\/\\\/www.sabra.org.br\\\/site\\\/\",\"name\":\"SABRA - Sociedade Art\u00edstica Brasileira\",\"description\":\"Escola de M\u00fasica, Orquestra Sinf\u00f4nica, Coral e Patrim\u00f4nio Cultural e Hist\u00f3rico\",\"publisher\":{\"@id\":\"https:\\\/\\\/www.sabra.org.br\\\/site\\\/#organization\"},\"potentialAction\":[{\"@type\":\"SearchAction\",\"target\":{\"@type\":\"EntryPoint\",\"urlTemplate\":\"https:\\\/\\\/www.sabra.org.br\\\/site\\\/?s={search_term_string}\"},\"query-input\":{\"@type\":\"PropertyValueSpecification\",\"valueRequired\":true,\"valueName\":\"search_term_string\"}}],\"inLanguage\":\"pt-BR\"},{\"@type\":\"Organization\",\"@id\":\"https:\\\/\\\/www.sabra.org.br\\\/site\\\/#organization\",\"name\":\"SOCIEDADE ART\u00cdSTICA BRASILEIRA SABRA\",\"alternateName\":\"SABRA\",\"url\":\"https:\\\/\\\/www.sabra.org.br\\\/site\\\/\",\"logo\":{\"@type\":\"ImageObject\",\"inLanguage\":\"pt-BR\",\"@id\":\"https:\\\/\\\/www.sabra.org.br\\\/site\\\/#\\\/schema\\\/logo\\\/image\\\/\",\"url\":\"https:\\\/\\\/www.sabra.org.br\\\/site\\\/wp-content\\\/uploads\\\/2019\\\/06\\\/cropped-Logo_SABRA-Copia-1.webp\",\"contentUrl\":\"https:\\\/\\\/www.sabra.org.br\\\/site\\\/wp-content\\\/uploads\\\/2019\\\/06\\\/cropped-Logo_SABRA-Copia-1.webp\",\"width\":400,\"height\":128,\"caption\":\"SOCIEDADE ART\u00cdSTICA BRASILEIRA SABRA\"},\"image\":{\"@id\":\"https:\\\/\\\/www.sabra.org.br\\\/site\\\/#\\\/schema\\\/logo\\\/image\\\/\"},\"sameAs\":[\"https:\\\/\\\/www.facebook.com\\\/sabrabrasil\",\"https:\\\/\\\/x.com\\\/ContatoSabra\",\"https:\\\/\\\/www.instagram.com\\\/sabrabrasil\\\/\",\"https:\\\/\\\/www.linkedin.com\\\/company\\\/25002088\\\/\",\"https:\\\/\\\/br.pinterest.com\\\/sociedadeartisticabrasileira\\\/\",\"https:\\\/\\\/www.youtube.com\\\/c\\\/sabrabrasil\"]},{\"@type\":\"Person\",\"@id\":\"https:\\\/\\\/www.sabra.org.br\\\/site\\\/#\\\/schema\\\/person\\\/7d1d222c3c8891d4c37c7b41bf6315c2\",\"name\":\"M\u00e1rcio Miranda Pontes\",\"image\":{\"@type\":\"ImageObject\",\"inLanguage\":\"pt-BR\",\"@id\":\"https:\\\/\\\/secure.gravatar.com\\\/avatar\\\/3b45f24496a7625a3a6c436688fbe20344faaeb2979658dc4a9921f984d7df9a?s=96&d=mm&r=g\",\"url\":\"https:\\\/\\\/secure.gravatar.com\\\/avatar\\\/3b45f24496a7625a3a6c436688fbe20344faaeb2979658dc4a9921f984d7df9a?s=96&d=mm&r=g\",\"contentUrl\":\"https:\\\/\\\/secure.gravatar.com\\\/avatar\\\/3b45f24496a7625a3a6c436688fbe20344faaeb2979658dc4a9921f984d7df9a?s=96&d=mm&r=g\",\"caption\":\"M\u00e1rcio Miranda Pontes\"},\"sameAs\":[\"http:\\\/\\\/www.sabra.org.br\"],\"url\":\"https:\\\/\\\/www.sabra.org.br\\\/site\\\/author\\\/marcio-miranda-pontes\\\/\"}]}<\/script>\n<!-- \/ Yoast SEO plugin. -->","yoast_head_json":{"title":"Quais as composi\u00e7\u00f5es mais importantes de Joseph Haydn? - SABRA - Sociedade Art\u00edstica Brasileira","description":"Chamado de \"pai de todos os compositores\", Joseph Haydn deixou uma obra enorme e reconhecida mundialmente.","robots":{"index":"index","follow":"follow","max-snippet":"max-snippet:-1","max-image-preview":"max-image-preview:large","max-video-preview":"max-video-preview:-1"},"canonical":"https:\/\/www.sabra.org.br\/site\/haydn\/","og_locale":"pt_BR","og_type":"article","og_title":"Quais as composi\u00e7\u00f5es mais importantes de Joseph Haydn? - SABRA - Sociedade Art\u00edstica Brasileira","og_description":"Chamado de \"pai de todos os compositores\", Joseph Haydn deixou uma obra enorme e reconhecida mundialmente.","og_url":"https:\/\/www.sabra.org.br\/site\/haydn\/","og_site_name":"SABRA - Sociedade Art\u00edstica Brasileira","article_publisher":"https:\/\/www.facebook.com\/sabrabrasil","article_published_time":"2022-04-22T13:52:49+00:00","og_image":[{"width":800,"height":467,"url":"https:\/\/i0.wp.com\/www.sabra.org.br\/site\/wp-content\/uploads\/2022\/04\/quais-as-melhores-composicoes-de-joseph-haydn-20211111161807.jpg.jpg?fit=800%2C467&ssl=1","type":"image\/jpeg"}],"author":"M\u00e1rcio Miranda Pontes","twitter_card":"summary_large_image","twitter_creator":"@ContatoSabra","twitter_site":"@ContatoSabra","twitter_misc":{"Escrito por":"M\u00e1rcio Miranda Pontes","Est. tempo de leitura":"4 minutos"},"schema":{"@context":"https:\/\/schema.org","@graph":[{"@type":"Article","@id":"https:\/\/www.sabra.org.br\/site\/haydn\/#article","isPartOf":{"@id":"https:\/\/www.sabra.org.br\/site\/haydn\/"},"author":{"name":"M\u00e1rcio Miranda Pontes","@id":"https:\/\/www.sabra.org.br\/site\/#\/schema\/person\/7d1d222c3c8891d4c37c7b41bf6315c2"},"headline":"Quais as composi\u00e7\u00f5es mais importantes de Joseph Haydn?","datePublished":"2022-04-22T13:52:49+00:00","mainEntityOfPage":{"@id":"https:\/\/www.sabra.org.br\/site\/haydn\/"},"wordCount":732,"publisher":{"@id":"https:\/\/www.sabra.org.br\/site\/#organization"},"image":{"@id":"https:\/\/www.sabra.org.br\/site\/haydn\/#primaryimage"},"thumbnailUrl":"https:\/\/www.sabra.org.br\/site\/wp-content\/uploads\/2022\/04\/quais-as-melhores-composicoes-de-joseph-haydn-20211111161807.jpg.jpg","keywords":["Assist\u00eancia social","Belo Horizonte","Cabo Frio","Campos dos Goytacazes","Canto Coral","Contagem","Escola de Musica SABRA","Ibirit\u00e9","Musicaliza\u00e7\u00e3o Infantil","nova lima","Orquestra Infanto Juvenil de Betim","Orquestra Sinf\u00f4nica de Betim","Raposos","Sociedade Art\u00edstica Brasileira"],"articleSection":["Blog SABRA"],"inLanguage":"pt-BR"},{"@type":"WebPage","@id":"https:\/\/www.sabra.org.br\/site\/haydn\/","url":"https:\/\/www.sabra.org.br\/site\/haydn\/","name":"Quais as composi\u00e7\u00f5es mais importantes de Joseph Haydn? - SABRA - Sociedade Art\u00edstica Brasileira","isPartOf":{"@id":"https:\/\/www.sabra.org.br\/site\/#website"},"primaryImageOfPage":{"@id":"https:\/\/www.sabra.org.br\/site\/haydn\/#primaryimage"},"image":{"@id":"https:\/\/www.sabra.org.br\/site\/haydn\/#primaryimage"},"thumbnailUrl":"https:\/\/www.sabra.org.br\/site\/wp-content\/uploads\/2022\/04\/quais-as-melhores-composicoes-de-joseph-haydn-20211111161807.jpg.jpg","datePublished":"2022-04-22T13:52:49+00:00","description":"Chamado de \"pai de todos os compositores\", Joseph Haydn deixou uma obra enorme e reconhecida mundialmente.","breadcrumb":{"@id":"https:\/\/www.sabra.org.br\/site\/haydn\/#breadcrumb"},"inLanguage":"pt-BR","potentialAction":[{"@type":"ReadAction","target":["https:\/\/www.sabra.org.br\/site\/haydn\/"]}]},{"@type":"ImageObject","inLanguage":"pt-BR","@id":"https:\/\/www.sabra.org.br\/site\/haydn\/#primaryimage","url":"https:\/\/www.sabra.org.br\/site\/wp-content\/uploads\/2022\/04\/quais-as-melhores-composicoes-de-joseph-haydn-20211111161807.jpg.jpg","contentUrl":"https:\/\/www.sabra.org.br\/site\/wp-content\/uploads\/2022\/04\/quais-as-melhores-composicoes-de-joseph-haydn-20211111161807.jpg.jpg","width":800,"height":467,"caption":"Sociedade Art\u00edstica Brasileira SABRA"},{"@type":"BreadcrumbList","@id":"https:\/\/www.sabra.org.br\/site\/haydn\/#breadcrumb","itemListElement":[{"@type":"ListItem","position":1,"name":"In\u00edcio","item":"https:\/\/www.sabra.org.br\/site\/"},{"@type":"ListItem","position":2,"name":"Quais as composi\u00e7\u00f5es mais importantes de Joseph Haydn?"}]},{"@type":"WebSite","@id":"https:\/\/www.sabra.org.br\/site\/#website","url":"https:\/\/www.sabra.org.br\/site\/","name":"SABRA - Sociedade Art\u00edstica Brasileira","description":"Escola de M\u00fasica, Orquestra Sinf\u00f4nica, Coral e Patrim\u00f4nio Cultural e Hist\u00f3rico","publisher":{"@id":"https:\/\/www.sabra.org.br\/site\/#organization"},"potentialAction":[{"@type":"SearchAction","target":{"@type":"EntryPoint","urlTemplate":"https:\/\/www.sabra.org.br\/site\/?s={search_term_string}"},"query-input":{"@type":"PropertyValueSpecification","valueRequired":true,"valueName":"search_term_string"}}],"inLanguage":"pt-BR"},{"@type":"Organization","@id":"https:\/\/www.sabra.org.br\/site\/#organization","name":"SOCIEDADE ART\u00cdSTICA BRASILEIRA SABRA","alternateName":"SABRA","url":"https:\/\/www.sabra.org.br\/site\/","logo":{"@type":"ImageObject","inLanguage":"pt-BR","@id":"https:\/\/www.sabra.org.br\/site\/#\/schema\/logo\/image\/","url":"https:\/\/www.sabra.org.br\/site\/wp-content\/uploads\/2019\/06\/cropped-Logo_SABRA-Copia-1.webp","contentUrl":"https:\/\/www.sabra.org.br\/site\/wp-content\/uploads\/2019\/06\/cropped-Logo_SABRA-Copia-1.webp","width":400,"height":128,"caption":"SOCIEDADE ART\u00cdSTICA BRASILEIRA SABRA"},"image":{"@id":"https:\/\/www.sabra.org.br\/site\/#\/schema\/logo\/image\/"},"sameAs":["https:\/\/www.facebook.com\/sabrabrasil","https:\/\/x.com\/ContatoSabra","https:\/\/www.instagram.com\/sabrabrasil\/","https:\/\/www.linkedin.com\/company\/25002088\/","https:\/\/br.pinterest.com\/sociedadeartisticabrasileira\/","https:\/\/www.youtube.com\/c\/sabrabrasil"]},{"@type":"Person","@id":"https:\/\/www.sabra.org.br\/site\/#\/schema\/person\/7d1d222c3c8891d4c37c7b41bf6315c2","name":"M\u00e1rcio Miranda Pontes","image":{"@type":"ImageObject","inLanguage":"pt-BR","@id":"https:\/\/secure.gravatar.com\/avatar\/3b45f24496a7625a3a6c436688fbe20344faaeb2979658dc4a9921f984d7df9a?s=96&d=mm&r=g","url":"https:\/\/secure.gravatar.com\/avatar\/3b45f24496a7625a3a6c436688fbe20344faaeb2979658dc4a9921f984d7df9a?s=96&d=mm&r=g","contentUrl":"https:\/\/secure.gravatar.com\/avatar\/3b45f24496a7625a3a6c436688fbe20344faaeb2979658dc4a9921f984d7df9a?s=96&d=mm&r=g","caption":"M\u00e1rcio Miranda Pontes"},"sameAs":["http:\/\/www.sabra.org.br"],"url":"https:\/\/www.sabra.org.br\/site\/author\/marcio-miranda-pontes\/"}]}},"jetpack_featured_media_url":"https:\/\/www.sabra.org.br\/site\/wp-content\/uploads\/2022\/04\/quais-as-melhores-composicoes-de-joseph-haydn-20211111161807.jpg.jpg","jetpack_shortlink":"https:\/\/wp.me\/s95j2Z-haydn","jetpack-related-posts":[{"id":7910,"url":"https:\/\/www.sabra.org.br\/site\/musica-classica-anedotas\/","url_meta":{"origin":5004,"position":0},"title":"Anedotas divertidas da m\u00fasica cl\u00e1ssica: a leveza por tr\u00e1s das composi\u00e7\u00f5es s\u00e9rias","author":"M\u00e1rcio Miranda Pontes","date":"4 de setembro de 2023","format":false,"excerpt":"Descubra o lado divertido da m\u00fasica cl\u00e1ssica! Conhe\u00e7a anedotas engra\u00e7adas e curiosidades inusitadas por tr\u00e1s das composi\u00e7\u00f5es s\u00e9rias dos grandes mestres. A leveza e o bom humor encontram seu espa\u00e7o na erudi\u00e7\u00e3o musical.","rel":"","context":"Em &quot;Blog SABRA&quot;","block_context":{"text":"Blog SABRA","link":"https:\/\/www.sabra.org.br\/site\/category\/blog-sabra\/"},"img":{"alt_text":"sabra-m\u00fasica-cl\u00e1ssica-haydn-metr\u00f4nomo","src":"https:\/\/i0.wp.com\/www.sabra.org.br\/site\/wp-content\/uploads\/2023\/09\/anedotas-divertidas-da-musica-classica-a-leveza-por-tras-das-composicoes-serias-20230628095402.jpg-jpg.webp?resize=350%2C200&ssl=1","width":350,"height":200,"srcset":"https:\/\/i0.wp.com\/www.sabra.org.br\/site\/wp-content\/uploads\/2023\/09\/anedotas-divertidas-da-musica-classica-a-leveza-por-tras-das-composicoes-serias-20230628095402.jpg-jpg.webp?resize=350%2C200&ssl=1 1x, https:\/\/i0.wp.com\/www.sabra.org.br\/site\/wp-content\/uploads\/2023\/09\/anedotas-divertidas-da-musica-classica-a-leveza-por-tras-das-composicoes-serias-20230628095402.jpg-jpg.webp?resize=525%2C300&ssl=1 1.5x, https:\/\/i0.wp.com\/www.sabra.org.br\/site\/wp-content\/uploads\/2023\/09\/anedotas-divertidas-da-musica-classica-a-leveza-por-tras-das-composicoes-serias-20230628095402.jpg-jpg.webp?resize=700%2C400&ssl=1 2x"},"classes":[]},{"id":5555,"url":"https:\/\/www.sabra.org.br\/site\/serie-noturna-agosto22\/","url_meta":{"origin":5004,"position":1},"title":"Concerto Noturno com a Orquestra Sinf\u00f4nica de Betim &#8211; 18\/08","author":"M\u00e1rcio Miranda Pontes","date":"10 de agosto de 2022","format":false,"excerpt":"Obras de Haydn, Mozart e Sibelius no pr\u00f3ximo concerto da Orquestra Sinf\u00f4nica de Betim, dia 18\/08 \u00e0s 19:30 horas, no Teatro Municipal de Betim","rel":"","context":"Em &quot;Not\u00edcias&quot;","block_context":{"text":"Not\u00edcias","link":"https:\/\/www.sabra.org.br\/site\/category\/noticias\/"},"img":{"alt_text":"orquestra-sinfonica-betim-meio-musica","src":"https:\/\/i0.wp.com\/www.sabra.org.br\/site\/wp-content\/uploads\/2022\/08\/Solistas.jpg?resize=350%2C200&ssl=1","width":350,"height":200,"srcset":"https:\/\/i0.wp.com\/www.sabra.org.br\/site\/wp-content\/uploads\/2022\/08\/Solistas.jpg?resize=350%2C200&ssl=1 1x, https:\/\/i0.wp.com\/www.sabra.org.br\/site\/wp-content\/uploads\/2022\/08\/Solistas.jpg?resize=525%2C300&ssl=1 1.5x, https:\/\/i0.wp.com\/www.sabra.org.br\/site\/wp-content\/uploads\/2022\/08\/Solistas.jpg?resize=700%2C400&ssl=1 2x, https:\/\/i0.wp.com\/www.sabra.org.br\/site\/wp-content\/uploads\/2022\/08\/Solistas.jpg?resize=1050%2C600&ssl=1 3x, https:\/\/i0.wp.com\/www.sabra.org.br\/site\/wp-content\/uploads\/2022\/08\/Solistas.jpg?resize=1400%2C800&ssl=1 4x"},"classes":[]},{"id":4004,"url":"https:\/\/www.sabra.org.br\/site\/quarteto-de-cordas\/","url_meta":{"origin":5004,"position":2},"title":"Quarteto de Cordas &#8211; O que \u00e9?","author":"M\u00e1rcio Miranda Pontes","date":"6 de julho de 2021","format":false,"excerpt":"Quarteto de Cordas Composto por instrumentos que s\u00e3o capazes de alcan\u00e7ar todos os acordes e notas, os m\u00fasicos que participavam deste tipo de forma\u00e7\u00e3o na era cl\u00e1ssica, possu\u00edam um grande prest\u00edgio na sociedade da \u00e9poca.","rel":"","context":"Em &quot;Blog SABRA&quot;","block_context":{"text":"Blog SABRA","link":"https:\/\/www.sabra.org.br\/site\/category\/blog-sabra\/"},"img":{"alt_text":"quarteto-de-cordas-forma\u00e7\u00e3o","src":"https:\/\/i0.wp.com\/www.sabra.org.br\/site\/wp-content\/uploads\/2021\/07\/o-que-e-um-quarteto-de-cordas-20210311095559.jpg.jpg?resize=350%2C200&ssl=1","width":350,"height":200,"srcset":"https:\/\/i0.wp.com\/www.sabra.org.br\/site\/wp-content\/uploads\/2021\/07\/o-que-e-um-quarteto-de-cordas-20210311095559.jpg.jpg?resize=350%2C200&ssl=1 1x, https:\/\/i0.wp.com\/www.sabra.org.br\/site\/wp-content\/uploads\/2021\/07\/o-que-e-um-quarteto-de-cordas-20210311095559.jpg.jpg?resize=525%2C300&ssl=1 1.5x, https:\/\/i0.wp.com\/www.sabra.org.br\/site\/wp-content\/uploads\/2021\/07\/o-que-e-um-quarteto-de-cordas-20210311095559.jpg.jpg?resize=700%2C400&ssl=1 2x"},"classes":[]},{"id":639,"url":"https:\/\/www.sabra.org.br\/site\/o-que-e-uma-orquestra-de-camara\/","url_meta":{"origin":5004,"position":3},"title":"O que \u00e9 uma orquestra de c\u00e2mara?","author":"M\u00e1rcio Miranda Pontes","date":"11 de setembro de 2017","format":false,"excerpt":"Conhe\u00e7a a c\u00e3mara, o modelo mais antigo de orquestra, e descubra sua influ\u00eancia na m\u00fasica cl\u00e1ssica e moderna.","rel":"","context":"Em &quot;Blog SABRA&quot;","block_context":{"text":"Blog SABRA","link":"https:\/\/www.sabra.org.br\/site\/category\/blog-sabra\/"},"img":{"alt_text":"c\u00e2mara-orquestra-instrumento-m\u00fasica-gruupo-instrumentista","src":"https:\/\/i0.wp.com\/www.sabra.org.br\/site\/wp-content\/uploads\/2017\/09\/Manuel_da_Costa_Ata%C3%ADde_-_Anjos_m%C3%BAsicos.jpg?resize=350%2C200&ssl=1","width":350,"height":200,"srcset":"https:\/\/i0.wp.com\/www.sabra.org.br\/site\/wp-content\/uploads\/2017\/09\/Manuel_da_Costa_Ata%C3%ADde_-_Anjos_m%C3%BAsicos.jpg?resize=350%2C200&ssl=1 1x, https:\/\/i0.wp.com\/www.sabra.org.br\/site\/wp-content\/uploads\/2017\/09\/Manuel_da_Costa_Ata%C3%ADde_-_Anjos_m%C3%BAsicos.jpg?resize=525%2C300&ssl=1 1.5x"},"classes":[]},{"id":804,"url":"https:\/\/www.sabra.org.br\/site\/cronograma-orquestra-sinfonica-de-betim-11-e-122017\/","url_meta":{"origin":5004,"position":4},"title":"Cronograma Orquestra Sinf\u00f4nica de Betim &#8211; 11 e 12\/2017","author":"M\u00e1rcio Miranda Pontes","date":"15 de novembro de 2017","format":false,"excerpt":"Orquestra Sinf\u00f4nica de Betim Cronograma detalhado de atividades letivas \u2013 novembro e dezembro de 2017 Ensaios de naipe continuam normalmente em novembro. Em dezembro n\u00e3o ser\u00e3o realizados ensaios de naipe e apenas os ensaios e concertos indicados abaixo. Atividade Repert\u00f3rio Ensaio \u2013 sex \u2013 17\/11\/2017 \u2013 14h \u2013 sala de\u2026","rel":"","context":"Em &quot;Not\u00edcias&quot;","block_context":{"text":"Not\u00edcias","link":"https:\/\/www.sabra.org.br\/site\/category\/noticias\/"},"img":{"alt_text":"","src":"","width":0,"height":0},"classes":[]},{"id":4991,"url":"https:\/\/www.sabra.org.br\/site\/mozart\/","url_meta":{"origin":5004,"position":5},"title":"Coisas que voc\u00ea precisa saber sobre Wolfgang Amadeus Mozart","author":"M\u00e1rcio Miranda Pontes","date":"18 de abril de 2022","format":false,"excerpt":"Uma genialidade da m\u00fasica, Mozart, que aos 5 anos de idade j\u00e1 compunha suas primeiras pe\u00e7as, inspirou e inspira gera\u00e7\u00f5es de m\u00fasicos ao redor do mundo. Clique para conferir algumas curiosidades sobre esse compositor.","rel":"","context":"Em &quot;Blog SABRA&quot;","block_context":{"text":"Blog SABRA","link":"https:\/\/www.sabra.org.br\/site\/category\/blog-sabra\/"},"img":{"alt_text":"mozart-compositor-m\u00fasica-musico","src":"https:\/\/i0.wp.com\/www.sabra.org.br\/site\/wp-content\/uploads\/2022\/04\/x-coisas-que-voce-precisa-saber-sobre-wolfgang-amadeus-mozart-20211111161807.jpg.jpg?resize=350%2C200&ssl=1","width":350,"height":200,"srcset":"https:\/\/i0.wp.com\/www.sabra.org.br\/site\/wp-content\/uploads\/2022\/04\/x-coisas-que-voce-precisa-saber-sobre-wolfgang-amadeus-mozart-20211111161807.jpg.jpg?resize=350%2C200&ssl=1 1x, https:\/\/i0.wp.com\/www.sabra.org.br\/site\/wp-content\/uploads\/2022\/04\/x-coisas-que-voce-precisa-saber-sobre-wolfgang-amadeus-mozart-20211111161807.jpg.jpg?resize=525%2C300&ssl=1 1.5x, https:\/\/i0.wp.com\/www.sabra.org.br\/site\/wp-content\/uploads\/2022\/04\/x-coisas-que-voce-precisa-saber-sobre-wolfgang-amadeus-mozart-20211111161807.jpg.jpg?resize=700%2C400&ssl=1 2x"},"classes":[]}],"jetpack_likes_enabled":true,"jetpack_sharing_enabled":true,"_links":{"self":[{"href":"https:\/\/www.sabra.org.br\/site\/wp-json\/wp\/v2\/posts\/5004","targetHints":{"allow":["GET"]}}],"collection":[{"href":"https:\/\/www.sabra.org.br\/site\/wp-json\/wp\/v2\/posts"}],"about":[{"href":"https:\/\/www.sabra.org.br\/site\/wp-json\/wp\/v2\/types\/post"}],"author":[{"embeddable":true,"href":"https:\/\/www.sabra.org.br\/site\/wp-json\/wp\/v2\/users\/39"}],"replies":[{"embeddable":true,"href":"https:\/\/www.sabra.org.br\/site\/wp-json\/wp\/v2\/comments?post=5004"}],"version-history":[{"count":0,"href":"https:\/\/www.sabra.org.br\/site\/wp-json\/wp\/v2\/posts\/5004\/revisions"}],"wp:featuredmedia":[{"embeddable":true,"href":"https:\/\/www.sabra.org.br\/site\/wp-json\/wp\/v2\/media\/5005"}],"wp:attachment":[{"href":"https:\/\/www.sabra.org.br\/site\/wp-json\/wp\/v2\/media?parent=5004"}],"wp:term":[{"taxonomy":"category","embeddable":true,"href":"https:\/\/www.sabra.org.br\/site\/wp-json\/wp\/v2\/categories?post=5004"},{"taxonomy":"post_tag","embeddable":true,"href":"https:\/\/www.sabra.org.br\/site\/wp-json\/wp\/v2\/tags?post=5004"}],"curies":[{"name":"wp","href":"https:\/\/api.w.org\/{rel}","templated":true}]}}