{"id":5008,"date":"2022-04-25T07:59:16","date_gmt":"2022-04-25T10:59:16","guid":{"rendered":"https:\/\/www.sabra.org.br\/site\/?p=5008"},"modified":"2022-04-25T07:59:16","modified_gmt":"2022-04-25T10:59:16","slug":"soprano","status":"publish","type":"post","link":"https:\/\/www.sabra.org.br\/site\/soprano\/","title":{"rendered":"Caracter\u00edsticas da voz soprano"},"content":{"rendered":"<p>[vc_row][vc_column][vc_column_text]A soprano \u00e9 uma das classifica\u00e7\u00f5es vocais exclusivamente feminina, por ser mais aguda ela \u00e9 muito apreciada no teatro e na \u00f3pera. Neste texto vamos falar sobre as caracter\u00edsticas da voz soprano.<\/p>\n<p>Apesar de fina, suas caracter\u00edsticas transformam esse tipo de voz em algo agrad\u00e1vel. Ela tamb\u00e9m \u00e9 extremamente poderosa, o que a deixa muito mais expressiva do que as classifica\u00e7\u00f5es mais graves.<\/p>\n<h2>Classifica\u00e7\u00e3o vocal<\/h2>\n<p>A classifica\u00e7\u00e3o vocal separa os tipos de vozes em seis categorias mais comuns. Sendo que elas s\u00e3o divididas em vozes masculinas, femininas, agudas e graves.<\/p>\n<p>As seis categorias da classifica\u00e7\u00e3o vocal s\u00e3o:<\/p>\n<p>&#8211; Baixo: voz masculina mais grave;<br \/>\n&#8211; Bar\u00edtono: voz masculina com timbre intermedi\u00e1rio;<br \/>\n&#8211; Tenor: voz masculina mais aguda;<br \/>\n&#8211; Contralto: voz feminina mais grave;<br \/>\n&#8211; Mezzo Soprano: voz feminina intermedi\u00e1ria;<br \/>\n&#8211; Soprano: voz feminina aguda.<\/p>\n<p>Essa classifica\u00e7\u00e3o \u00e9 muito utilizada para determinar quais as notas o cantor pode alcan\u00e7ar com mais conforto. Entretanto, ela n\u00e3o \u00e9 restritiva. Isso quer dizer que, com o treinamento adequado, uma soprano pode alcan\u00e7ar as mesmas notas que uma mezzo soprano.<\/p>\n<h2>Caracter\u00edsticas da voz soprano<\/h2>\n<p>Soprano \u00e9 a classifica\u00e7\u00e3o mais aguda das vozes femininas. Entre as caracter\u00edsticas da voz soprano mais conhecidas est\u00e1 o seu maior alcance vocal.<\/p>\n<p>Quando estamos falando em m\u00fasica popular, esse tipo de voz pode variar entre as notas G3 e F5. Agora, no que se refere a m\u00fasica l\u00edrica e \u00f3peras, ela pode alcan\u00e7ar notas ainda mais agudas.<\/p>\n<p>Al\u00e9m do alcance, outra das caracter\u00edsticas da voz soprano \u00e9 a sua for\u00e7a. A grande pot\u00eancia, somada com as notas mais agudas d\u00e3o mais expressividade para as apresenta\u00e7\u00f5es, o que conquista a aten\u00e7\u00e3o e o gosto do p\u00fablico.<\/p>\n<p>Em rela\u00e7\u00e3o \u00e0 m\u00fasica pop, n\u00e3o \u00e9 comum encontrar cantoras cuja voz possa ser classificada como soprano. Nessa \u00e1rea \u00e9 mais comum encontrar representantes com classifica\u00e7\u00e3o mezzo soprano e contralto.<\/p>\n<p>Uma voz soprano que faz muito sucesso no universo da m\u00fasica pop \u00e9 a cantora americana Cyndi Lauper. J\u00e1 no Brasil, as vozes de Gal Costa e de Sandy se destacam como sopranos de sucesso da m\u00fasica popular.<\/p>\n<p>As caracter\u00edsticas da voz soprano, como expressividade e pot\u00eancia, fazem dela um recurso comum nos palcos de teatro e das \u00f3peras. A dramaticidade entregue por essas vozes confere mais emo\u00e7\u00e3o \u00e0s interpreta\u00e7\u00f5es e \u00e9 capaz de impressionar o p\u00fablico.<\/p>\n<p>Tanto que alguns dos pap\u00e9is mais importantes do teatro foram escritos para serem cantados por uma soprano. Podemos citar aqui dois dos musicais mais famosos de todos os tempos: Os Miser\u00e1veis e O Fantasma da \u00d3pera.<\/p>\n<p>As personagens Cosette (Os Miser\u00e1veis) e Christine Daa\u00e9 (O Fantasma da \u00d3pera) foram escritos para serem interpretados por atrizes cuja voz seja classificada como soprano.<\/p>\n<h2>Subclassifica\u00e7\u00e3o do Soprano<\/h2>\n<p>Na \u00f3pera, a voz soprano tem um alcance interessante e pode ser subdividida em outras categorias conforme a extens\u00e3o vocal, a colora\u00e7\u00e3o do timbre, o seu peso relativo, os estilos e as t\u00e9cnicas vocais exigidas.<\/p>\n<p>As subdivis\u00f5es da classifica\u00e7\u00e3o soprano s\u00e3o:<\/p>\n<p>&#8211; Coloratura;<br \/>\n&#8211; Ligeiro;<br \/>\n&#8211; Soubrette;<br \/>\n&#8211; Soprano l\u00edrico;<br \/>\n&#8211; Soprano spinto;<br \/>\n&#8211; Soprano dram\u00e1tico.<\/p>\n<p>Gostou deste artigo? Compartilhe!<\/p>\n<blockquote class=\"wp-embedded-content\" data-secret=\"ZDjiyRWMIy\"><p><a href=\"https:\/\/www.sabra.org.br\/site\/tipos-de-voz-voce-sabe-qual-e-a-sua-no-canto\/\">Tipos de voz: voc\u00ea sabe qual \u00e9 a sua no canto?<\/a><\/p><\/blockquote>\n<p><iframe class=\"wp-embedded-content\" sandbox=\"allow-scripts\" security=\"restricted\" style=\"position: absolute; clip: rect(1px, 1px, 1px, 1px);\" title=\"&#8220;Tipos de voz: voc\u00ea sabe qual \u00e9 a sua no canto?&#8221; &#8212; SABRA - Sociedade Art\u00edstica Brasileira\" src=\"https:\/\/www.sabra.org.br\/site\/tipos-de-voz-voce-sabe-qual-e-a-sua-no-canto\/embed\/#?secret=oER1PvmHOs#?secret=ZDjiyRWMIy\" data-secret=\"ZDjiyRWMIy\" width=\"600\" height=\"338\" frameborder=\"0\" marginwidth=\"0\" marginheight=\"0\" scrolling=\"no\"><\/iframe><\/p>\n<hr \/>\n<h2>Se voc\u00ea gostou deste post:<\/h2>\n<p>&#8211; SIGA as nossas p\u00e1ginas nas redes sociais para acompanhar as nossas atualiza\u00e7\u00f5es: estamos no <a href=\"https:\/\/www.facebook.com\/sabrabrasil\" target=\"_blank\" rel=\"noopener\">Facebook<\/a>, no <a href=\"https:\/\/www.instagram.com\/sabrabrasil\/\" target=\"_blank\" rel=\"noopener\">Instagram<\/a>, no <a href=\"https:\/\/www.linkedin.com\/company\/25002088\" target=\"_blank\" rel=\"noopener\">LinkedIn<\/a>, no <a href=\"https:\/\/twitter.com\/ContatoSabra\" target=\"_blank\" rel=\"noopener\">Twitter<\/a> e no <a href=\"https:\/\/www.youtube.com\/channel\/UCJw-kbuEvzUNdeQf20Pa-eQ\" target=\"_blank\" rel=\"noopener\">YouTube<\/a>!<\/p>\n<p>&#8211; CONHE\u00c7A o trabalho da Sociedade Art\u00edstica Brasileira (SABRA) e todas as iniciativas culturais e sociais que ela mant\u00e9m. <a href=\"https:\/\/www.sabra.org.br\/site\/acoes\/\" target=\"_blank\" rel=\"noopener\">Acesse nosso site!<\/a><\/p>\n<p>&#8211; ENTRE EM CONTATO com a gente. E veja quais s\u00e3o as op\u00e7\u00f5es de ajuda na manuten\u00e7\u00e3o de nossas a\u00e7\u00f5es sociais e culturais. Basta acessar nossa p\u00e1gina <a href=\"https:\/\/www.sabra.org.br\/site\/doe-agora\/\" target=\"_blank\" rel=\"noopener\">Doe Agora!<\/a><\/p>\n<p>&#8211; COMPARTILHE este texto nas suas redes sociais e ajude os seus amigos a tamb\u00e9m dominarem o assunto!<\/p>\n<p>\u2013 Os projetos da @sabrabrasil s\u00e3o realizados com o patroci\u0301nio m\u00e1ster: @vallourec e @institutounimedbh, viabilizado pelo incentivo de mais de 5,2 mil m\u00e9dicos cooperados e colaboradores via Lei de Incentivo \u00e0 Cultura &#8211; @mturismo, @culturagovbr. Apoio: @prefeiturabetim[\/vc_column_text][\/vc_column][\/vc_row]<\/p>\n","protected":false},"excerpt":{"rendered":"<p>Soprano \u00e9 a classifica\u00e7\u00e3o vocal feminina mais aguda. Apesar de n\u00e3o ser t\u00e3o comum na m\u00fasica popular, ela \u00e9 destaque no teatro e na \u00f3pera. Leia o texto para conhecer melhor essa voz.<\/p>\n","protected":false},"author":39,"featured_media":5009,"comment_status":"closed","ping_status":"closed","sticky":false,"template":"","format":"standard","meta":{"jetpack_post_was_ever_published":false,"_jetpack_newsletter_access":"","_jetpack_dont_email_post_to_subs":false,"_jetpack_newsletter_tier_id":0,"_jetpack_memberships_contains_paywalled_content":false,"_jetpack_memberships_contains_paid_content":false,"footnotes":""},"categories":[1],"tags":[15,2757,3626,3623,8,3629,1285,3628,16,3519,1286,11,3622,9],"class_list":["post-5008","post","type-post","status-publish","format-standard","has-post-thumbnail","hentry","category-blog-sabra","tag-assistencia-social","tag-belo-horizonte","tag-cabo-frio","tag-campos-dos-goytacazes","tag-canto-coral","tag-contagem","tag-escola-de-musica-sabra","tag-ibirite","tag-musicalizacao-infantil","tag-nova-lima-2","tag-orquestra-infanto-juvenil-de-betim","tag-orquestra-sinfonica-de-betim","tag-raposos","tag-sociedade-artistica-brasileira"],"yoast_head":"<!-- This site is optimized with the Yoast SEO plugin v27.5 - https:\/\/yoast.com\/product\/yoast-seo-wordpress\/ -->\n<title>Caracter\u00edsticas da voz soprano - SABRA - Sociedade Art\u00edstica Brasileira<\/title>\n<meta name=\"description\" content=\"Soprano \u00e9 a classifica\u00e7\u00e3o vocal feminina mais aguda. Apesar de n\u00e3o ser t\u00e3o comum na m\u00fasica popular, ela \u00e9 destaque no teatro e na \u00f3pera.\" \/>\n<meta name=\"robots\" content=\"index, follow, max-snippet:-1, max-image-preview:large, max-video-preview:-1\" \/>\n<link rel=\"canonical\" href=\"https:\/\/www.sabra.org.br\/site\/soprano\/\" \/>\n<meta property=\"og:locale\" content=\"pt_BR\" \/>\n<meta property=\"og:type\" content=\"article\" \/>\n<meta property=\"og:title\" content=\"Caracter\u00edsticas da voz soprano - SABRA - Sociedade Art\u00edstica Brasileira\" \/>\n<meta property=\"og:description\" content=\"Soprano \u00e9 a classifica\u00e7\u00e3o vocal feminina mais aguda. Apesar de n\u00e3o ser t\u00e3o comum na m\u00fasica popular, ela \u00e9 destaque no teatro e na \u00f3pera.\" \/>\n<meta property=\"og:url\" content=\"https:\/\/www.sabra.org.br\/site\/soprano\/\" \/>\n<meta property=\"og:site_name\" content=\"SABRA - Sociedade Art\u00edstica Brasileira\" \/>\n<meta property=\"article:publisher\" content=\"https:\/\/www.facebook.com\/sabrabrasil\" \/>\n<meta property=\"article:published_time\" content=\"2022-04-25T10:59:16+00:00\" \/>\n<meta property=\"og:image\" content=\"https:\/\/i0.wp.com\/www.sabra.org.br\/site\/wp-content\/uploads\/2022\/04\/x-caracteristicas-da-voz-da-soprano-20211111161807.jpg.jpg?fit=800%2C509&ssl=1\" \/>\n\t<meta property=\"og:image:width\" content=\"800\" \/>\n\t<meta property=\"og:image:height\" content=\"509\" \/>\n\t<meta property=\"og:image:type\" content=\"image\/jpeg\" \/>\n<meta name=\"author\" content=\"M\u00e1rcio Miranda Pontes\" \/>\n<meta name=\"twitter:card\" content=\"summary_large_image\" \/>\n<meta name=\"twitter:creator\" content=\"@ContatoSabra\" \/>\n<meta name=\"twitter:site\" content=\"@ContatoSabra\" \/>\n<meta name=\"twitter:label1\" content=\"Escrito por\" \/>\n\t<meta name=\"twitter:data1\" content=\"M\u00e1rcio Miranda Pontes\" \/>\n\t<meta name=\"twitter:label2\" content=\"Est. tempo de leitura\" \/>\n\t<meta name=\"twitter:data2\" content=\"4 minutos\" \/>\n<script type=\"application\/ld+json\" class=\"yoast-schema-graph\">{\"@context\":\"https:\\\/\\\/schema.org\",\"@graph\":[{\"@type\":\"Article\",\"@id\":\"https:\\\/\\\/www.sabra.org.br\\\/site\\\/soprano\\\/#article\",\"isPartOf\":{\"@id\":\"https:\\\/\\\/www.sabra.org.br\\\/site\\\/soprano\\\/\"},\"author\":{\"name\":\"M\u00e1rcio Miranda Pontes\",\"@id\":\"https:\\\/\\\/www.sabra.org.br\\\/site\\\/#\\\/schema\\\/person\\\/7d1d222c3c8891d4c37c7b41bf6315c2\"},\"headline\":\"Caracter\u00edsticas da voz soprano\",\"datePublished\":\"2022-04-25T10:59:16+00:00\",\"mainEntityOfPage\":{\"@id\":\"https:\\\/\\\/www.sabra.org.br\\\/site\\\/soprano\\\/\"},\"wordCount\":723,\"publisher\":{\"@id\":\"https:\\\/\\\/www.sabra.org.br\\\/site\\\/#organization\"},\"image\":{\"@id\":\"https:\\\/\\\/www.sabra.org.br\\\/site\\\/soprano\\\/#primaryimage\"},\"thumbnailUrl\":\"https:\\\/\\\/www.sabra.org.br\\\/site\\\/wp-content\\\/uploads\\\/2022\\\/04\\\/x-caracteristicas-da-voz-da-soprano-20211111161807.jpg.jpg\",\"keywords\":[\"Assist\u00eancia social\",\"Belo Horizonte\",\"Cabo Frio\",\"Campos dos Goytacazes\",\"Canto Coral\",\"Contagem\",\"Escola de Musica SABRA\",\"Ibirit\u00e9\",\"Musicaliza\u00e7\u00e3o Infantil\",\"nova lima\",\"Orquestra Infanto Juvenil de Betim\",\"Orquestra Sinf\u00f4nica de Betim\",\"Raposos\",\"Sociedade Art\u00edstica Brasileira\"],\"articleSection\":[\"Blog SABRA\"],\"inLanguage\":\"pt-BR\"},{\"@type\":\"WebPage\",\"@id\":\"https:\\\/\\\/www.sabra.org.br\\\/site\\\/soprano\\\/\",\"url\":\"https:\\\/\\\/www.sabra.org.br\\\/site\\\/soprano\\\/\",\"name\":\"Caracter\u00edsticas da voz soprano - SABRA - Sociedade Art\u00edstica Brasileira\",\"isPartOf\":{\"@id\":\"https:\\\/\\\/www.sabra.org.br\\\/site\\\/#website\"},\"primaryImageOfPage\":{\"@id\":\"https:\\\/\\\/www.sabra.org.br\\\/site\\\/soprano\\\/#primaryimage\"},\"image\":{\"@id\":\"https:\\\/\\\/www.sabra.org.br\\\/site\\\/soprano\\\/#primaryimage\"},\"thumbnailUrl\":\"https:\\\/\\\/www.sabra.org.br\\\/site\\\/wp-content\\\/uploads\\\/2022\\\/04\\\/x-caracteristicas-da-voz-da-soprano-20211111161807.jpg.jpg\",\"datePublished\":\"2022-04-25T10:59:16+00:00\",\"description\":\"Soprano \u00e9 a classifica\u00e7\u00e3o vocal feminina mais aguda. Apesar de n\u00e3o ser t\u00e3o comum na m\u00fasica popular, ela \u00e9 destaque no teatro e na \u00f3pera.\",\"breadcrumb\":{\"@id\":\"https:\\\/\\\/www.sabra.org.br\\\/site\\\/soprano\\\/#breadcrumb\"},\"inLanguage\":\"pt-BR\",\"potentialAction\":[{\"@type\":\"ReadAction\",\"target\":[\"https:\\\/\\\/www.sabra.org.br\\\/site\\\/soprano\\\/\"]}]},{\"@type\":\"ImageObject\",\"inLanguage\":\"pt-BR\",\"@id\":\"https:\\\/\\\/www.sabra.org.br\\\/site\\\/soprano\\\/#primaryimage\",\"url\":\"https:\\\/\\\/www.sabra.org.br\\\/site\\\/wp-content\\\/uploads\\\/2022\\\/04\\\/x-caracteristicas-da-voz-da-soprano-20211111161807.jpg.jpg\",\"contentUrl\":\"https:\\\/\\\/www.sabra.org.br\\\/site\\\/wp-content\\\/uploads\\\/2022\\\/04\\\/x-caracteristicas-da-voz-da-soprano-20211111161807.jpg.jpg\",\"width\":800,\"height\":509,\"caption\":\"Sociedade Art\u00edstica Brasileira SABRA\"},{\"@type\":\"BreadcrumbList\",\"@id\":\"https:\\\/\\\/www.sabra.org.br\\\/site\\\/soprano\\\/#breadcrumb\",\"itemListElement\":[{\"@type\":\"ListItem\",\"position\":1,\"name\":\"In\u00edcio\",\"item\":\"https:\\\/\\\/www.sabra.org.br\\\/site\\\/\"},{\"@type\":\"ListItem\",\"position\":2,\"name\":\"Caracter\u00edsticas da voz soprano\"}]},{\"@type\":\"WebSite\",\"@id\":\"https:\\\/\\\/www.sabra.org.br\\\/site\\\/#website\",\"url\":\"https:\\\/\\\/www.sabra.org.br\\\/site\\\/\",\"name\":\"SABRA - Sociedade Art\u00edstica Brasileira\",\"description\":\"Escola de M\u00fasica, Orquestra Sinf\u00f4nica, Coral e Patrim\u00f4nio Cultural e Hist\u00f3rico\",\"publisher\":{\"@id\":\"https:\\\/\\\/www.sabra.org.br\\\/site\\\/#organization\"},\"potentialAction\":[{\"@type\":\"SearchAction\",\"target\":{\"@type\":\"EntryPoint\",\"urlTemplate\":\"https:\\\/\\\/www.sabra.org.br\\\/site\\\/?s={search_term_string}\"},\"query-input\":{\"@type\":\"PropertyValueSpecification\",\"valueRequired\":true,\"valueName\":\"search_term_string\"}}],\"inLanguage\":\"pt-BR\"},{\"@type\":\"Organization\",\"@id\":\"https:\\\/\\\/www.sabra.org.br\\\/site\\\/#organization\",\"name\":\"SOCIEDADE ART\u00cdSTICA BRASILEIRA SABRA\",\"alternateName\":\"SABRA\",\"url\":\"https:\\\/\\\/www.sabra.org.br\\\/site\\\/\",\"logo\":{\"@type\":\"ImageObject\",\"inLanguage\":\"pt-BR\",\"@id\":\"https:\\\/\\\/www.sabra.org.br\\\/site\\\/#\\\/schema\\\/logo\\\/image\\\/\",\"url\":\"https:\\\/\\\/www.sabra.org.br\\\/site\\\/wp-content\\\/uploads\\\/2019\\\/06\\\/cropped-Logo_SABRA-Copia-1.webp\",\"contentUrl\":\"https:\\\/\\\/www.sabra.org.br\\\/site\\\/wp-content\\\/uploads\\\/2019\\\/06\\\/cropped-Logo_SABRA-Copia-1.webp\",\"width\":400,\"height\":128,\"caption\":\"SOCIEDADE ART\u00cdSTICA BRASILEIRA SABRA\"},\"image\":{\"@id\":\"https:\\\/\\\/www.sabra.org.br\\\/site\\\/#\\\/schema\\\/logo\\\/image\\\/\"},\"sameAs\":[\"https:\\\/\\\/www.facebook.com\\\/sabrabrasil\",\"https:\\\/\\\/x.com\\\/ContatoSabra\",\"https:\\\/\\\/www.instagram.com\\\/sabrabrasil\\\/\",\"https:\\\/\\\/www.linkedin.com\\\/company\\\/25002088\\\/\",\"https:\\\/\\\/br.pinterest.com\\\/sociedadeartisticabrasileira\\\/\",\"https:\\\/\\\/www.youtube.com\\\/c\\\/sabrabrasil\"]},{\"@type\":\"Person\",\"@id\":\"https:\\\/\\\/www.sabra.org.br\\\/site\\\/#\\\/schema\\\/person\\\/7d1d222c3c8891d4c37c7b41bf6315c2\",\"name\":\"M\u00e1rcio Miranda Pontes\",\"image\":{\"@type\":\"ImageObject\",\"inLanguage\":\"pt-BR\",\"@id\":\"https:\\\/\\\/secure.gravatar.com\\\/avatar\\\/3b45f24496a7625a3a6c436688fbe20344faaeb2979658dc4a9921f984d7df9a?s=96&d=mm&r=g\",\"url\":\"https:\\\/\\\/secure.gravatar.com\\\/avatar\\\/3b45f24496a7625a3a6c436688fbe20344faaeb2979658dc4a9921f984d7df9a?s=96&d=mm&r=g\",\"contentUrl\":\"https:\\\/\\\/secure.gravatar.com\\\/avatar\\\/3b45f24496a7625a3a6c436688fbe20344faaeb2979658dc4a9921f984d7df9a?s=96&d=mm&r=g\",\"caption\":\"M\u00e1rcio Miranda Pontes\"},\"sameAs\":[\"http:\\\/\\\/www.sabra.org.br\"],\"url\":\"https:\\\/\\\/www.sabra.org.br\\\/site\\\/author\\\/marcio-miranda-pontes\\\/\"}]}<\/script>\n<!-- \/ Yoast SEO plugin. -->","yoast_head_json":{"title":"Caracter\u00edsticas da voz soprano - SABRA - Sociedade Art\u00edstica Brasileira","description":"Soprano \u00e9 a classifica\u00e7\u00e3o vocal feminina mais aguda. Apesar de n\u00e3o ser t\u00e3o comum na m\u00fasica popular, ela \u00e9 destaque no teatro e na \u00f3pera.","robots":{"index":"index","follow":"follow","max-snippet":"max-snippet:-1","max-image-preview":"max-image-preview:large","max-video-preview":"max-video-preview:-1"},"canonical":"https:\/\/www.sabra.org.br\/site\/soprano\/","og_locale":"pt_BR","og_type":"article","og_title":"Caracter\u00edsticas da voz soprano - SABRA - Sociedade Art\u00edstica Brasileira","og_description":"Soprano \u00e9 a classifica\u00e7\u00e3o vocal feminina mais aguda. Apesar de n\u00e3o ser t\u00e3o comum na m\u00fasica popular, ela \u00e9 destaque no teatro e na \u00f3pera.","og_url":"https:\/\/www.sabra.org.br\/site\/soprano\/","og_site_name":"SABRA - Sociedade Art\u00edstica Brasileira","article_publisher":"https:\/\/www.facebook.com\/sabrabrasil","article_published_time":"2022-04-25T10:59:16+00:00","og_image":[{"width":800,"height":509,"url":"https:\/\/i0.wp.com\/www.sabra.org.br\/site\/wp-content\/uploads\/2022\/04\/x-caracteristicas-da-voz-da-soprano-20211111161807.jpg.jpg?fit=800%2C509&ssl=1","type":"image\/jpeg"}],"author":"M\u00e1rcio Miranda Pontes","twitter_card":"summary_large_image","twitter_creator":"@ContatoSabra","twitter_site":"@ContatoSabra","twitter_misc":{"Escrito por":"M\u00e1rcio Miranda Pontes","Est. tempo de leitura":"4 minutos"},"schema":{"@context":"https:\/\/schema.org","@graph":[{"@type":"Article","@id":"https:\/\/www.sabra.org.br\/site\/soprano\/#article","isPartOf":{"@id":"https:\/\/www.sabra.org.br\/site\/soprano\/"},"author":{"name":"M\u00e1rcio Miranda Pontes","@id":"https:\/\/www.sabra.org.br\/site\/#\/schema\/person\/7d1d222c3c8891d4c37c7b41bf6315c2"},"headline":"Caracter\u00edsticas da voz soprano","datePublished":"2022-04-25T10:59:16+00:00","mainEntityOfPage":{"@id":"https:\/\/www.sabra.org.br\/site\/soprano\/"},"wordCount":723,"publisher":{"@id":"https:\/\/www.sabra.org.br\/site\/#organization"},"image":{"@id":"https:\/\/www.sabra.org.br\/site\/soprano\/#primaryimage"},"thumbnailUrl":"https:\/\/www.sabra.org.br\/site\/wp-content\/uploads\/2022\/04\/x-caracteristicas-da-voz-da-soprano-20211111161807.jpg.jpg","keywords":["Assist\u00eancia social","Belo Horizonte","Cabo Frio","Campos dos Goytacazes","Canto Coral","Contagem","Escola de Musica SABRA","Ibirit\u00e9","Musicaliza\u00e7\u00e3o Infantil","nova lima","Orquestra Infanto Juvenil de Betim","Orquestra Sinf\u00f4nica de Betim","Raposos","Sociedade Art\u00edstica Brasileira"],"articleSection":["Blog SABRA"],"inLanguage":"pt-BR"},{"@type":"WebPage","@id":"https:\/\/www.sabra.org.br\/site\/soprano\/","url":"https:\/\/www.sabra.org.br\/site\/soprano\/","name":"Caracter\u00edsticas da voz soprano - SABRA - Sociedade Art\u00edstica Brasileira","isPartOf":{"@id":"https:\/\/www.sabra.org.br\/site\/#website"},"primaryImageOfPage":{"@id":"https:\/\/www.sabra.org.br\/site\/soprano\/#primaryimage"},"image":{"@id":"https:\/\/www.sabra.org.br\/site\/soprano\/#primaryimage"},"thumbnailUrl":"https:\/\/www.sabra.org.br\/site\/wp-content\/uploads\/2022\/04\/x-caracteristicas-da-voz-da-soprano-20211111161807.jpg.jpg","datePublished":"2022-04-25T10:59:16+00:00","description":"Soprano \u00e9 a classifica\u00e7\u00e3o vocal feminina mais aguda. Apesar de n\u00e3o ser t\u00e3o comum na m\u00fasica popular, ela \u00e9 destaque no teatro e na \u00f3pera.","breadcrumb":{"@id":"https:\/\/www.sabra.org.br\/site\/soprano\/#breadcrumb"},"inLanguage":"pt-BR","potentialAction":[{"@type":"ReadAction","target":["https:\/\/www.sabra.org.br\/site\/soprano\/"]}]},{"@type":"ImageObject","inLanguage":"pt-BR","@id":"https:\/\/www.sabra.org.br\/site\/soprano\/#primaryimage","url":"https:\/\/www.sabra.org.br\/site\/wp-content\/uploads\/2022\/04\/x-caracteristicas-da-voz-da-soprano-20211111161807.jpg.jpg","contentUrl":"https:\/\/www.sabra.org.br\/site\/wp-content\/uploads\/2022\/04\/x-caracteristicas-da-voz-da-soprano-20211111161807.jpg.jpg","width":800,"height":509,"caption":"Sociedade Art\u00edstica Brasileira SABRA"},{"@type":"BreadcrumbList","@id":"https:\/\/www.sabra.org.br\/site\/soprano\/#breadcrumb","itemListElement":[{"@type":"ListItem","position":1,"name":"In\u00edcio","item":"https:\/\/www.sabra.org.br\/site\/"},{"@type":"ListItem","position":2,"name":"Caracter\u00edsticas da voz soprano"}]},{"@type":"WebSite","@id":"https:\/\/www.sabra.org.br\/site\/#website","url":"https:\/\/www.sabra.org.br\/site\/","name":"SABRA - Sociedade Art\u00edstica Brasileira","description":"Escola de M\u00fasica, Orquestra Sinf\u00f4nica, Coral e Patrim\u00f4nio Cultural e Hist\u00f3rico","publisher":{"@id":"https:\/\/www.sabra.org.br\/site\/#organization"},"potentialAction":[{"@type":"SearchAction","target":{"@type":"EntryPoint","urlTemplate":"https:\/\/www.sabra.org.br\/site\/?s={search_term_string}"},"query-input":{"@type":"PropertyValueSpecification","valueRequired":true,"valueName":"search_term_string"}}],"inLanguage":"pt-BR"},{"@type":"Organization","@id":"https:\/\/www.sabra.org.br\/site\/#organization","name":"SOCIEDADE ART\u00cdSTICA BRASILEIRA SABRA","alternateName":"SABRA","url":"https:\/\/www.sabra.org.br\/site\/","logo":{"@type":"ImageObject","inLanguage":"pt-BR","@id":"https:\/\/www.sabra.org.br\/site\/#\/schema\/logo\/image\/","url":"https:\/\/www.sabra.org.br\/site\/wp-content\/uploads\/2019\/06\/cropped-Logo_SABRA-Copia-1.webp","contentUrl":"https:\/\/www.sabra.org.br\/site\/wp-content\/uploads\/2019\/06\/cropped-Logo_SABRA-Copia-1.webp","width":400,"height":128,"caption":"SOCIEDADE ART\u00cdSTICA BRASILEIRA SABRA"},"image":{"@id":"https:\/\/www.sabra.org.br\/site\/#\/schema\/logo\/image\/"},"sameAs":["https:\/\/www.facebook.com\/sabrabrasil","https:\/\/x.com\/ContatoSabra","https:\/\/www.instagram.com\/sabrabrasil\/","https:\/\/www.linkedin.com\/company\/25002088\/","https:\/\/br.pinterest.com\/sociedadeartisticabrasileira\/","https:\/\/www.youtube.com\/c\/sabrabrasil"]},{"@type":"Person","@id":"https:\/\/www.sabra.org.br\/site\/#\/schema\/person\/7d1d222c3c8891d4c37c7b41bf6315c2","name":"M\u00e1rcio Miranda Pontes","image":{"@type":"ImageObject","inLanguage":"pt-BR","@id":"https:\/\/secure.gravatar.com\/avatar\/3b45f24496a7625a3a6c436688fbe20344faaeb2979658dc4a9921f984d7df9a?s=96&d=mm&r=g","url":"https:\/\/secure.gravatar.com\/avatar\/3b45f24496a7625a3a6c436688fbe20344faaeb2979658dc4a9921f984d7df9a?s=96&d=mm&r=g","contentUrl":"https:\/\/secure.gravatar.com\/avatar\/3b45f24496a7625a3a6c436688fbe20344faaeb2979658dc4a9921f984d7df9a?s=96&d=mm&r=g","caption":"M\u00e1rcio Miranda Pontes"},"sameAs":["http:\/\/www.sabra.org.br"],"url":"https:\/\/www.sabra.org.br\/site\/author\/marcio-miranda-pontes\/"}]}},"jetpack_featured_media_url":"https:\/\/www.sabra.org.br\/site\/wp-content\/uploads\/2022\/04\/x-caracteristicas-da-voz-da-soprano-20211111161807.jpg.jpg","jetpack_shortlink":"https:\/\/wp.me\/s95j2Z-soprano","jetpack-related-posts":[{"id":5560,"url":"https:\/\/www.sabra.org.br\/site\/voz-baixo\/","url_meta":{"origin":5008,"position":0},"title":"Caracter\u00edsticas da voz baixo","author":"M\u00e1rcio Miranda Pontes","date":"11 de agosto de 2022","format":false,"excerpt":"A voz baixo possui duas divis\u00f5es distintas: o baixo profundo e a baixo superprofundo. A primeira \u00e9 classificada como uma voz mais forte e potente. A segunda \u00e9 o tipo mais grave que a voz humana pode atingir. Veja mais sobre isso no artigo!","rel":"","context":"Em &quot;Blog SABRA&quot;","block_context":{"text":"Blog SABRA","link":"https:\/\/www.sabra.org.br\/site\/category\/blog-sabra\/"},"img":{"alt_text":"voz-classificacoes-extensao-tipo-baixo","src":"https:\/\/i0.wp.com\/www.sabra.org.br\/site\/wp-content\/uploads\/2022\/08\/caracteristicas-da-voz-baixo-20220610133935.jpg.jpg?resize=350%2C200&ssl=1","width":350,"height":200,"srcset":"https:\/\/i0.wp.com\/www.sabra.org.br\/site\/wp-content\/uploads\/2022\/08\/caracteristicas-da-voz-baixo-20220610133935.jpg.jpg?resize=350%2C200&ssl=1 1x, https:\/\/i0.wp.com\/www.sabra.org.br\/site\/wp-content\/uploads\/2022\/08\/caracteristicas-da-voz-baixo-20220610133935.jpg.jpg?resize=525%2C300&ssl=1 1.5x, https:\/\/i0.wp.com\/www.sabra.org.br\/site\/wp-content\/uploads\/2022\/08\/caracteristicas-da-voz-baixo-20220610133935.jpg.jpg?resize=700%2C400&ssl=1 2x"},"classes":[]},{"id":4795,"url":"https:\/\/www.sabra.org.br\/site\/voz-tenor\/","url_meta":{"origin":5008,"position":1},"title":"Caracter\u00edsticas da voz do tenor","author":"M\u00e1rcio Miranda Pontes","date":"4 de mar\u00e7o de 2022","format":false,"excerpt":"Alcance mais agudo entre os vocais masculinos, o tenor apresenta caracter\u00edsticas particulares, que o distinguem do bar\u00edtono e do baixo, outras classifica\u00e7\u00f5es de vozes masculinas. Conhe\u00e7a um pouco mais sobre a voz do tenor.","rel":"","context":"Em &quot;Blog SABRA&quot;","block_context":{"text":"Blog SABRA","link":"https:\/\/www.sabra.org.br\/site\/category\/blog-sabra\/"},"img":{"alt_text":"tenor-voz-aguda-masculina-masculino-agudo","src":"https:\/\/i0.wp.com\/www.sabra.org.br\/site\/wp-content\/uploads\/2022\/03\/caracteristicas-da-voz-do-tenor-20220208141739.jpg.jpg?resize=350%2C200&ssl=1","width":350,"height":200,"srcset":"https:\/\/i0.wp.com\/www.sabra.org.br\/site\/wp-content\/uploads\/2022\/03\/caracteristicas-da-voz-do-tenor-20220208141739.jpg.jpg?resize=350%2C200&ssl=1 1x, https:\/\/i0.wp.com\/www.sabra.org.br\/site\/wp-content\/uploads\/2022\/03\/caracteristicas-da-voz-do-tenor-20220208141739.jpg.jpg?resize=525%2C300&ssl=1 1.5x, https:\/\/i0.wp.com\/www.sabra.org.br\/site\/wp-content\/uploads\/2022\/03\/caracteristicas-da-voz-do-tenor-20220208141739.jpg.jpg?resize=700%2C400&ssl=1 2x, https:\/\/i0.wp.com\/www.sabra.org.br\/site\/wp-content\/uploads\/2022\/03\/caracteristicas-da-voz-do-tenor-20220208141739.jpg.jpg?resize=1050%2C600&ssl=1 3x"},"classes":[]},{"id":1441,"url":"https:\/\/www.sabra.org.br\/site\/classificacao-de-vozes-no-coral\/","url_meta":{"origin":5008,"position":2},"title":"Como \u00e9 feita a classifica\u00e7\u00e3o de vozes no coral?","author":"M\u00e1rcio Miranda Pontes","date":"28 de agosto de 2018","format":false,"excerpt":"O processo de hierarquia por meio de categoriza\u00e7\u00e3o sempre constituiu uma parte essencial de nosso progresso social, por causa de sua funcionalidade mensur\u00e1vel. A categoriza\u00e7\u00e3o vocal n\u00e3o foi exce\u00e7\u00e3o, mas dado que todas as vozes cantadas s\u00e3o \u00fanicas - o equivalente musical de impress\u00f5es digitais - qualquer tentativa de ajust\u00e1-las\u2026","rel":"","context":"Em &quot;Blog SABRA&quot;","block_context":{"text":"Blog SABRA","link":"https:\/\/www.sabra.org.br\/site\/category\/blog-sabra\/"},"img":{"alt_text":"Vozes","src":"https:\/\/i0.wp.com\/www.sabra.org.br\/site\/wp-content\/uploads\/2018\/08\/como-e-feita-a-classificacao-de-vozes-no-coral-20180702161300.jpg.jpg?resize=350%2C200&ssl=1","width":350,"height":200,"srcset":"https:\/\/i0.wp.com\/www.sabra.org.br\/site\/wp-content\/uploads\/2018\/08\/como-e-feita-a-classificacao-de-vozes-no-coral-20180702161300.jpg.jpg?resize=350%2C200&ssl=1 1x, https:\/\/i0.wp.com\/www.sabra.org.br\/site\/wp-content\/uploads\/2018\/08\/como-e-feita-a-classificacao-de-vozes-no-coral-20180702161300.jpg.jpg?resize=525%2C300&ssl=1 1.5x, https:\/\/i0.wp.com\/www.sabra.org.br\/site\/wp-content\/uploads\/2018\/08\/como-e-feita-a-classificacao-de-vozes-no-coral-20180702161300.jpg.jpg?resize=700%2C400&ssl=1 2x"},"classes":[]},{"id":3191,"url":"https:\/\/www.sabra.org.br\/site\/vozes-raras\/","url_meta":{"origin":5008,"position":3},"title":"Vozes raras","author":"M\u00e1rcio Miranda Pontes","date":"22 de outubro de 2020","format":false,"excerpt":"J\u00e1 parou para pensar nas vozes mais raras que existem? Saiba que dentro da classifica\u00e7\u00e3o de vozes temos algumas mais dif\u00edceis de encontrar. Leia o artigo e saiba quais s\u00e3o elas!","rel":"","context":"Em &quot;Blog SABRA&quot;","block_context":{"text":"Blog SABRA","link":"https:\/\/www.sabra.org.br\/site\/category\/blog-sabra\/"},"img":{"alt_text":"vozes-raras","src":"https:\/\/i0.wp.com\/www.sabra.org.br\/site\/wp-content\/uploads\/2020\/10\/voce-sabe-quais-os-tipos-de-vozes-mais-raras-que-existem-20201001161911.jpg.jpg?resize=350%2C200&ssl=1","width":350,"height":200,"srcset":"https:\/\/i0.wp.com\/www.sabra.org.br\/site\/wp-content\/uploads\/2020\/10\/voce-sabe-quais-os-tipos-de-vozes-mais-raras-que-existem-20201001161911.jpg.jpg?resize=350%2C200&ssl=1 1x, https:\/\/i0.wp.com\/www.sabra.org.br\/site\/wp-content\/uploads\/2020\/10\/voce-sabe-quais-os-tipos-de-vozes-mais-raras-que-existem-20201001161911.jpg.jpg?resize=525%2C300&ssl=1 1.5x, https:\/\/i0.wp.com\/www.sabra.org.br\/site\/wp-content\/uploads\/2020\/10\/voce-sabe-quais-os-tipos-de-vozes-mais-raras-que-existem-20201001161911.jpg.jpg?resize=700%2C400&ssl=1 2x"},"classes":[]},{"id":13100,"url":"https:\/\/www.sabra.org.br\/site\/soprano-tenor-e-contralto-definicoes-e-principais-diferencas\/","url_meta":{"origin":5008,"position":4},"title":"Soprano, tenor e contralto: defini\u00e7\u00f5es e principais diferen\u00e7as","author":"","date":"22 de agosto de 2025","format":false,"excerpt":"A m\u00fasica vocal \u00e9 uma arte rica e diversificada, e a classifica\u00e7\u00e3o das vozes desempenha um papel crucial na defini\u00e7\u00e3o das fun\u00e7\u00f5es e do car\u00e1ter de cada interpreta\u00e7\u00e3o. Dentre as classifica\u00e7\u00f5es vocais, tr\u00eas se destacam pela sua import\u00e2ncia e distin\u00e7\u00e3o: soprano, tenor e contralto. Cada uma dessas categorias possui caracter\u00edsticas\u2026","rel":"","context":"Em &quot;Blog SABRA&quot;","block_context":{"text":"Blog SABRA","link":"https:\/\/www.sabra.org.br\/site\/category\/blog-sabra\/"},"img":{"alt_text":"","src":"","width":0,"height":0},"classes":[]},{"id":5178,"url":"https:\/\/www.sabra.org.br\/site\/mezzo-soprano\/","url_meta":{"origin":5008,"position":5},"title":"Caracter\u00edsticas da voz mezzo-soprano","author":"M\u00e1rcio Miranda Pontes","date":"3 de junho de 2022","format":false,"excerpt":"Voc\u00ea provavelmente j\u00e1 ouviu falar em pessoas que possuem um tipo de voz conhecida como soprano. Mas, voc\u00ea sabe o que \u00e9 um mezzo-soprano? Descubra agora mesmo no nosso artigo a seguir!","rel":"","context":"Em &quot;Blog SABRA&quot;","block_context":{"text":"Blog SABRA","link":"https:\/\/www.sabra.org.br\/site\/category\/blog-sabra\/"},"img":{"alt_text":"voz-mezzo-soprano","src":"https:\/\/i0.wp.com\/www.sabra.org.br\/site\/wp-content\/uploads\/2022\/06\/caracteristicas-da-voz-mezzo-soprano-20220210110336.jpg.jpg?resize=350%2C200&ssl=1","width":350,"height":200,"srcset":"https:\/\/i0.wp.com\/www.sabra.org.br\/site\/wp-content\/uploads\/2022\/06\/caracteristicas-da-voz-mezzo-soprano-20220210110336.jpg.jpg?resize=350%2C200&ssl=1 1x, https:\/\/i0.wp.com\/www.sabra.org.br\/site\/wp-content\/uploads\/2022\/06\/caracteristicas-da-voz-mezzo-soprano-20220210110336.jpg.jpg?resize=525%2C300&ssl=1 1.5x, https:\/\/i0.wp.com\/www.sabra.org.br\/site\/wp-content\/uploads\/2022\/06\/caracteristicas-da-voz-mezzo-soprano-20220210110336.jpg.jpg?resize=700%2C400&ssl=1 2x"},"classes":[]}],"jetpack_likes_enabled":true,"jetpack_sharing_enabled":true,"_links":{"self":[{"href":"https:\/\/www.sabra.org.br\/site\/wp-json\/wp\/v2\/posts\/5008","targetHints":{"allow":["GET"]}}],"collection":[{"href":"https:\/\/www.sabra.org.br\/site\/wp-json\/wp\/v2\/posts"}],"about":[{"href":"https:\/\/www.sabra.org.br\/site\/wp-json\/wp\/v2\/types\/post"}],"author":[{"embeddable":true,"href":"https:\/\/www.sabra.org.br\/site\/wp-json\/wp\/v2\/users\/39"}],"replies":[{"embeddable":true,"href":"https:\/\/www.sabra.org.br\/site\/wp-json\/wp\/v2\/comments?post=5008"}],"version-history":[{"count":0,"href":"https:\/\/www.sabra.org.br\/site\/wp-json\/wp\/v2\/posts\/5008\/revisions"}],"wp:featuredmedia":[{"embeddable":true,"href":"https:\/\/www.sabra.org.br\/site\/wp-json\/wp\/v2\/media\/5009"}],"wp:attachment":[{"href":"https:\/\/www.sabra.org.br\/site\/wp-json\/wp\/v2\/media?parent=5008"}],"wp:term":[{"taxonomy":"category","embeddable":true,"href":"https:\/\/www.sabra.org.br\/site\/wp-json\/wp\/v2\/categories?post=5008"},{"taxonomy":"post_tag","embeddable":true,"href":"https:\/\/www.sabra.org.br\/site\/wp-json\/wp\/v2\/tags?post=5008"}],"curies":[{"name":"wp","href":"https:\/\/api.w.org\/{rel}","templated":true}]}}