{"id":5026,"date":"2022-04-29T10:51:32","date_gmt":"2022-04-29T13:51:32","guid":{"rendered":"https:\/\/www.sabra.org.br\/site\/?p=5026"},"modified":"2022-04-29T10:51:32","modified_gmt":"2022-04-29T13:51:32","slug":"harpa-2","status":"publish","type":"post","link":"https:\/\/www.sabra.org.br\/site\/harpa-2\/","title":{"rendered":"Harpa: lugares que voc\u00ea pode encontrar e comprar"},"content":{"rendered":"<p>[vc_row][vc_column][vc_column_text]Voc\u00ea, assim como muitas pessoas, \u00e9 amante de instrumentos musicais? Apostamos que sim. Dentre tantos, um que chama muito a aten\u00e7\u00e3o \u00e9 a harpa. Al\u00e9m de ser um instrumento musical com uma apar\u00eancia bonita, o som que sai dele \u00e9 de penetrar a alma de qualquer que seja a pessoa, sobretudo daquelas que adoram can\u00e7\u00f5es eruditas.<\/p>\n<p>Mas, ent\u00e3o, o motivo pelo qual fizemos este conte\u00fado foi para dar algumas dicas de locais que podem ajudar voc\u00ea a comprar sua harpa. Ter uma \u00e9 fundamental quando se est\u00e1 aprendendo a tocar esse instrumento. Por isso, n\u00e3o deixe de conferir. Ao todo, destacamos 4 locais!<\/p>\n<h2>1. Mercado Livre<\/h2>\n<p>Antes de tudo, cabe destacar que comprar uma harpa em Belo Horizonte ou em qualquer outra cidade do Brasil n\u00e3o \u00e9 uma tarefa f\u00e1cil. Isso porque a harpa \u00e9 um instrumento antigo, cujo valor \u00e9 grande, principalmente para os artistas. Por isso \u00e9 um instrumento relativamente raro, mas isso n\u00e3o significa dizer que voc\u00ea n\u00e3o vai conseguir achar uma.<\/p>\n<p>Hoje, existem plataformas de vendas de diversos objetos, a exemplo do Mercado Livre, o qual \u00e9 conhecido nacionalmente. Fazendo uma breve pesquisa nele, pode-se encontrar harpas. No entanto, por se tratar de um instrumento musical dotado de alto valor art\u00edstico, o pre\u00e7o pedido pode ser bastante alto.<\/p>\n<h2>2. OLX<\/h2>\n<p>Outra plataforma que voc\u00ea pode utilizar para comprar seu instrumento musical \u00e9 a OLX. Assim como no Mercado Livre, \u00e9 poss\u00edvel achar diversos produtos \u00e0 venda na OLX, incluindo instrumentos musicais de todos os tipos, como harpa, viol\u00e3o, violino e at\u00e9 mesmo piano.<\/p>\n<p>No entanto, antes de comprar sua harpa, certifique-se de que est\u00e1 fazendo um \u00f3timo neg\u00f3cio. Em outras palavras, fa\u00e7a uma visita, se for poss\u00edvel, ao local onde a harpa est\u00e1 para avali\u00e1-la fisicamente. Somente assim voc\u00ea pode ter certeza de que est\u00e1 fazendo um neg\u00f3cio seguro e bom.<\/p>\n<h2>3. Amazon<\/h2>\n<p>Outro site, tamb\u00e9m popular no Brasil, \u00e9 a Amazon. Nele, voc\u00ea pode encontrar mil e um produtos para comprar. O bom de utilizar a Amazon como plataforma de compra \u00e9 que voc\u00ea tem acesso a uma ampla variedade de produtos, tanto apresentados pelos lojistas brasileiros como estrangeiros. Com isso, voc\u00ea amplia suas op\u00e7\u00f5es e pode comprar o item que desejar pelo pre\u00e7o que pode pagar.<\/p>\n<p>Assim, utilize a Amazon para comprar sua harpa e, dessa forma, aprender a tocar esse instrumento rapidamente.<\/p>\n<h2>4. Lojas de instrumentos musicais<\/h2>\n<p>Por fim, como dica, voc\u00ea pode comprar a sua harpa em lojas de instrumentos localizadas em sua regi\u00e3o de moradia. Em Belo Horizonte existe v\u00e1rias lojas de instrumentos musicais, que vendem viol\u00e3o, guitarra, violino, entre outros.<\/p>\n<p>No entanto, \u00e9 bom pesquisar bem e entrar em contato com a loja antes de se dirigir a ela. Afinal, como destacamos, a harpa \u00e9 um instrumento raro, de sorte que pode ser dif\u00edcil encontr\u00e1-la.<\/p>\n<p>Agora que voc\u00ea conhece alguns locais em que \u00e9 poss\u00edvel comprar uma harpa, que tal se organizar para adquirir a sua? Aproveite!<\/p>\n<p>Acompanhe nosso blog e fique por dentro de outros conte\u00fados incr\u00edveis como este.<\/p>\n<blockquote class=\"wp-embedded-content\" data-secret=\"GiKFCOGPh4\"><p><a href=\"https:\/\/www.sabra.org.br\/site\/instrumento-musical\/\">Pre\u00e7o de  instrumento musical<\/a><\/p><\/blockquote>\n<p><iframe class=\"wp-embedded-content\" sandbox=\"allow-scripts\" security=\"restricted\" style=\"position: absolute; visibility: hidden;\" title=\"&#8220;Pre\u00e7o de  instrumento musical&#8221; &#8212; SABRA - Sociedade Art\u00edstica Brasileira\" src=\"https:\/\/www.sabra.org.br\/site\/instrumento-musical\/embed\/#?secret=mXzIm0IKrI#?secret=GiKFCOGPh4\" data-secret=\"GiKFCOGPh4\" width=\"600\" height=\"338\" frameborder=\"0\" marginwidth=\"0\" marginheight=\"0\" scrolling=\"no\"><\/iframe><\/p>\n<hr \/>\n<h2>Se voc\u00ea gostou deste post:<\/h2>\n<p>&#8211; SIGA as nossas p\u00e1ginas nas redes sociais para acompanhar as nossas atualiza\u00e7\u00f5es: estamos no <a href=\"https:\/\/www.facebook.com\/sabrabrasil\" target=\"_blank\" rel=\"noopener\">Facebook<\/a>, no <a href=\"https:\/\/www.instagram.com\/sabrabrasil\/\" target=\"_blank\" rel=\"noopener\">Instagram<\/a>, no <a href=\"https:\/\/www.linkedin.com\/company\/25002088\" target=\"_blank\" rel=\"noopener\">LinkedIn<\/a>, no <a href=\"https:\/\/twitter.com\/ContatoSabra\" target=\"_blank\" rel=\"noopener\">Twitter<\/a> e no <a href=\"https:\/\/www.youtube.com\/channel\/UCJw-kbuEvzUNdeQf20Pa-eQ\" target=\"_blank\" rel=\"noopener\">YouTube<\/a>!<\/p>\n<p>&#8211; CONHE\u00c7A o trabalho da Sociedade Art\u00edstica Brasileira (SABRA) e todas as iniciativas culturais e sociais que ela mant\u00e9m. <a href=\"https:\/\/www.sabra.org.br\/site\/acoes\/\" target=\"_blank\" rel=\"noopener\">Acesse nosso site!<\/a><\/p>\n<p>&#8211; ENTRE EM CONTATO com a gente. E veja quais s\u00e3o as op\u00e7\u00f5es de ajuda na manuten\u00e7\u00e3o de nossas a\u00e7\u00f5es sociais e culturais. Basta acessar nossa p\u00e1gina <a href=\"https:\/\/www.sabra.org.br\/site\/doe-agora\/\" target=\"_blank\" rel=\"noopener\">Doe Agora!<\/a><\/p>\n<p>&#8211; COMPARTILHE este texto nas suas redes sociais e ajude os seus amigos a tamb\u00e9m dominarem o assunto!<\/p>\n<p>\u2013 Os projetos da @sabrabrasil s\u00e3o realizados com o patroci\u0301nio m\u00e1ster: @vallourec e @institutounimedbh, viabilizado pelo incentivo de mais de 5,2 mil m\u00e9dicos cooperados e colaboradores via Lei de Incentivo \u00e0 Cultura &#8211; @mturismo, @culturagovbr. Apoio: @prefeiturabetim[\/vc_column_text][\/vc_column][\/vc_row]<\/p>\n","protected":false},"excerpt":{"rendered":"<p>Voc\u00ea, assim como muitas pessoas, \u00e9 amante de instrumentos musicais e deseja ter uma harpa? Apresentamos alguns locais onde \u00e9 poss\u00edvel achar esse instrumento para compra.<\/p>\n","protected":false},"author":39,"featured_media":5027,"comment_status":"closed","ping_status":"closed","sticky":false,"template":"","format":"standard","meta":{"jetpack_post_was_ever_published":false,"_jetpack_newsletter_access":"","_jetpack_dont_email_post_to_subs":false,"_jetpack_newsletter_tier_id":0,"_jetpack_memberships_contains_paywalled_content":false,"_jetpack_memberships_contains_paid_content":false,"footnotes":""},"categories":[1],"tags":[15,2757,3626,3623,8,3629,1285,3628,16,3519,1286,11,3622,9],"class_list":["post-5026","post","type-post","status-publish","format-standard","has-post-thumbnail","hentry","category-blog-sabra","tag-assistencia-social","tag-belo-horizonte","tag-cabo-frio","tag-campos-dos-goytacazes","tag-canto-coral","tag-contagem","tag-escola-de-musica-sabra","tag-ibirite","tag-musicalizacao-infantil","tag-nova-lima-2","tag-orquestra-infanto-juvenil-de-betim","tag-orquestra-sinfonica-de-betim","tag-raposos","tag-sociedade-artistica-brasileira"],"yoast_head":"<!-- This site is optimized with the Yoast SEO plugin v27.5 - https:\/\/yoast.com\/product\/yoast-seo-wordpress\/ -->\n<title>Harpa: lugares que voc\u00ea pode encontrar e comprar - SABRA - Sociedade Art\u00edstica Brasileira<\/title>\n<meta name=\"description\" content=\"Voc\u00ea \u00e9 amante de instrumentos musicais e deseja ter uma harpa? Apresentamos alguns locais onde \u00e9 poss\u00edvel achar esse instrumento para compra.\" \/>\n<meta name=\"robots\" content=\"index, follow, max-snippet:-1, max-image-preview:large, max-video-preview:-1\" \/>\n<link rel=\"canonical\" href=\"https:\/\/www.sabra.org.br\/site\/harpa-2\/\" \/>\n<meta property=\"og:locale\" content=\"pt_BR\" \/>\n<meta property=\"og:type\" content=\"article\" \/>\n<meta property=\"og:title\" content=\"Harpa: lugares que voc\u00ea pode encontrar e comprar - SABRA - Sociedade Art\u00edstica Brasileira\" \/>\n<meta property=\"og:description\" content=\"Voc\u00ea \u00e9 amante de instrumentos musicais e deseja ter uma harpa? Apresentamos alguns locais onde \u00e9 poss\u00edvel achar esse instrumento para compra.\" \/>\n<meta property=\"og:url\" content=\"https:\/\/www.sabra.org.br\/site\/harpa-2\/\" \/>\n<meta property=\"og:site_name\" content=\"SABRA - Sociedade Art\u00edstica Brasileira\" \/>\n<meta property=\"article:publisher\" content=\"https:\/\/www.facebook.com\/sabrabrasil\" \/>\n<meta property=\"article:published_time\" content=\"2022-04-29T13:51:32+00:00\" \/>\n<meta property=\"og:image\" content=\"https:\/\/i0.wp.com\/www.sabra.org.br\/site\/wp-content\/uploads\/2022\/04\/harpa-x-lugares-que-voce-pode-encontrar-e-comprar-20211027111153.jpg.jpg?fit=800%2C534&ssl=1\" \/>\n\t<meta property=\"og:image:width\" content=\"800\" \/>\n\t<meta property=\"og:image:height\" content=\"534\" \/>\n\t<meta property=\"og:image:type\" content=\"image\/jpeg\" \/>\n<meta name=\"author\" content=\"M\u00e1rcio Miranda Pontes\" \/>\n<meta name=\"twitter:card\" content=\"summary_large_image\" \/>\n<meta name=\"twitter:creator\" content=\"@ContatoSabra\" \/>\n<meta name=\"twitter:site\" content=\"@ContatoSabra\" \/>\n<meta name=\"twitter:label1\" content=\"Escrito por\" \/>\n\t<meta name=\"twitter:data1\" content=\"M\u00e1rcio Miranda Pontes\" \/>\n\t<meta name=\"twitter:label2\" content=\"Est. tempo de leitura\" \/>\n\t<meta name=\"twitter:data2\" content=\"4 minutos\" \/>\n<script type=\"application\/ld+json\" class=\"yoast-schema-graph\">{\"@context\":\"https:\\\/\\\/schema.org\",\"@graph\":[{\"@type\":\"Article\",\"@id\":\"https:\\\/\\\/www.sabra.org.br\\\/site\\\/harpa-2\\\/#article\",\"isPartOf\":{\"@id\":\"https:\\\/\\\/www.sabra.org.br\\\/site\\\/harpa-2\\\/\"},\"author\":{\"name\":\"M\u00e1rcio Miranda Pontes\",\"@id\":\"https:\\\/\\\/www.sabra.org.br\\\/site\\\/#\\\/schema\\\/person\\\/7d1d222c3c8891d4c37c7b41bf6315c2\"},\"headline\":\"Harpa: lugares que voc\u00ea pode encontrar e comprar\",\"datePublished\":\"2022-04-29T13:51:32+00:00\",\"mainEntityOfPage\":{\"@id\":\"https:\\\/\\\/www.sabra.org.br\\\/site\\\/harpa-2\\\/\"},\"wordCount\":686,\"publisher\":{\"@id\":\"https:\\\/\\\/www.sabra.org.br\\\/site\\\/#organization\"},\"image\":{\"@id\":\"https:\\\/\\\/www.sabra.org.br\\\/site\\\/harpa-2\\\/#primaryimage\"},\"thumbnailUrl\":\"https:\\\/\\\/www.sabra.org.br\\\/site\\\/wp-content\\\/uploads\\\/2022\\\/04\\\/harpa-x-lugares-que-voce-pode-encontrar-e-comprar-20211027111153.jpg.jpg\",\"keywords\":[\"Assist\u00eancia social\",\"Belo Horizonte\",\"Cabo Frio\",\"Campos dos Goytacazes\",\"Canto Coral\",\"Contagem\",\"Escola de Musica SABRA\",\"Ibirit\u00e9\",\"Musicaliza\u00e7\u00e3o Infantil\",\"nova lima\",\"Orquestra Infanto Juvenil de Betim\",\"Orquestra Sinf\u00f4nica de Betim\",\"Raposos\",\"Sociedade Art\u00edstica Brasileira\"],\"articleSection\":[\"Blog SABRA\"],\"inLanguage\":\"pt-BR\"},{\"@type\":\"WebPage\",\"@id\":\"https:\\\/\\\/www.sabra.org.br\\\/site\\\/harpa-2\\\/\",\"url\":\"https:\\\/\\\/www.sabra.org.br\\\/site\\\/harpa-2\\\/\",\"name\":\"Harpa: lugares que voc\u00ea pode encontrar e comprar - SABRA - Sociedade Art\u00edstica Brasileira\",\"isPartOf\":{\"@id\":\"https:\\\/\\\/www.sabra.org.br\\\/site\\\/#website\"},\"primaryImageOfPage\":{\"@id\":\"https:\\\/\\\/www.sabra.org.br\\\/site\\\/harpa-2\\\/#primaryimage\"},\"image\":{\"@id\":\"https:\\\/\\\/www.sabra.org.br\\\/site\\\/harpa-2\\\/#primaryimage\"},\"thumbnailUrl\":\"https:\\\/\\\/www.sabra.org.br\\\/site\\\/wp-content\\\/uploads\\\/2022\\\/04\\\/harpa-x-lugares-que-voce-pode-encontrar-e-comprar-20211027111153.jpg.jpg\",\"datePublished\":\"2022-04-29T13:51:32+00:00\",\"description\":\"Voc\u00ea \u00e9 amante de instrumentos musicais e deseja ter uma harpa? Apresentamos alguns locais onde \u00e9 poss\u00edvel achar esse instrumento para compra.\",\"breadcrumb\":{\"@id\":\"https:\\\/\\\/www.sabra.org.br\\\/site\\\/harpa-2\\\/#breadcrumb\"},\"inLanguage\":\"pt-BR\",\"potentialAction\":[{\"@type\":\"ReadAction\",\"target\":[\"https:\\\/\\\/www.sabra.org.br\\\/site\\\/harpa-2\\\/\"]}]},{\"@type\":\"ImageObject\",\"inLanguage\":\"pt-BR\",\"@id\":\"https:\\\/\\\/www.sabra.org.br\\\/site\\\/harpa-2\\\/#primaryimage\",\"url\":\"https:\\\/\\\/www.sabra.org.br\\\/site\\\/wp-content\\\/uploads\\\/2022\\\/04\\\/harpa-x-lugares-que-voce-pode-encontrar-e-comprar-20211027111153.jpg.jpg\",\"contentUrl\":\"https:\\\/\\\/www.sabra.org.br\\\/site\\\/wp-content\\\/uploads\\\/2022\\\/04\\\/harpa-x-lugares-que-voce-pode-encontrar-e-comprar-20211027111153.jpg.jpg\",\"width\":800,\"height\":534,\"caption\":\"Sociedade Art\u00edstica Brasileira SABRA\"},{\"@type\":\"BreadcrumbList\",\"@id\":\"https:\\\/\\\/www.sabra.org.br\\\/site\\\/harpa-2\\\/#breadcrumb\",\"itemListElement\":[{\"@type\":\"ListItem\",\"position\":1,\"name\":\"In\u00edcio\",\"item\":\"https:\\\/\\\/www.sabra.org.br\\\/site\\\/\"},{\"@type\":\"ListItem\",\"position\":2,\"name\":\"Harpa: lugares que voc\u00ea pode encontrar e comprar\"}]},{\"@type\":\"WebSite\",\"@id\":\"https:\\\/\\\/www.sabra.org.br\\\/site\\\/#website\",\"url\":\"https:\\\/\\\/www.sabra.org.br\\\/site\\\/\",\"name\":\"SABRA - Sociedade Art\u00edstica Brasileira\",\"description\":\"Escola de M\u00fasica, Orquestra Sinf\u00f4nica, Coral e Patrim\u00f4nio Cultural e Hist\u00f3rico\",\"publisher\":{\"@id\":\"https:\\\/\\\/www.sabra.org.br\\\/site\\\/#organization\"},\"potentialAction\":[{\"@type\":\"SearchAction\",\"target\":{\"@type\":\"EntryPoint\",\"urlTemplate\":\"https:\\\/\\\/www.sabra.org.br\\\/site\\\/?s={search_term_string}\"},\"query-input\":{\"@type\":\"PropertyValueSpecification\",\"valueRequired\":true,\"valueName\":\"search_term_string\"}}],\"inLanguage\":\"pt-BR\"},{\"@type\":\"Organization\",\"@id\":\"https:\\\/\\\/www.sabra.org.br\\\/site\\\/#organization\",\"name\":\"SOCIEDADE ART\u00cdSTICA BRASILEIRA SABRA\",\"alternateName\":\"SABRA\",\"url\":\"https:\\\/\\\/www.sabra.org.br\\\/site\\\/\",\"logo\":{\"@type\":\"ImageObject\",\"inLanguage\":\"pt-BR\",\"@id\":\"https:\\\/\\\/www.sabra.org.br\\\/site\\\/#\\\/schema\\\/logo\\\/image\\\/\",\"url\":\"https:\\\/\\\/www.sabra.org.br\\\/site\\\/wp-content\\\/uploads\\\/2019\\\/06\\\/cropped-Logo_SABRA-Copia-1.webp\",\"contentUrl\":\"https:\\\/\\\/www.sabra.org.br\\\/site\\\/wp-content\\\/uploads\\\/2019\\\/06\\\/cropped-Logo_SABRA-Copia-1.webp\",\"width\":400,\"height\":128,\"caption\":\"SOCIEDADE ART\u00cdSTICA BRASILEIRA SABRA\"},\"image\":{\"@id\":\"https:\\\/\\\/www.sabra.org.br\\\/site\\\/#\\\/schema\\\/logo\\\/image\\\/\"},\"sameAs\":[\"https:\\\/\\\/www.facebook.com\\\/sabrabrasil\",\"https:\\\/\\\/x.com\\\/ContatoSabra\",\"https:\\\/\\\/www.instagram.com\\\/sabrabrasil\\\/\",\"https:\\\/\\\/www.linkedin.com\\\/company\\\/25002088\\\/\",\"https:\\\/\\\/br.pinterest.com\\\/sociedadeartisticabrasileira\\\/\",\"https:\\\/\\\/www.youtube.com\\\/c\\\/sabrabrasil\"]},{\"@type\":\"Person\",\"@id\":\"https:\\\/\\\/www.sabra.org.br\\\/site\\\/#\\\/schema\\\/person\\\/7d1d222c3c8891d4c37c7b41bf6315c2\",\"name\":\"M\u00e1rcio Miranda Pontes\",\"image\":{\"@type\":\"ImageObject\",\"inLanguage\":\"pt-BR\",\"@id\":\"https:\\\/\\\/secure.gravatar.com\\\/avatar\\\/3b45f24496a7625a3a6c436688fbe20344faaeb2979658dc4a9921f984d7df9a?s=96&d=mm&r=g\",\"url\":\"https:\\\/\\\/secure.gravatar.com\\\/avatar\\\/3b45f24496a7625a3a6c436688fbe20344faaeb2979658dc4a9921f984d7df9a?s=96&d=mm&r=g\",\"contentUrl\":\"https:\\\/\\\/secure.gravatar.com\\\/avatar\\\/3b45f24496a7625a3a6c436688fbe20344faaeb2979658dc4a9921f984d7df9a?s=96&d=mm&r=g\",\"caption\":\"M\u00e1rcio Miranda Pontes\"},\"sameAs\":[\"http:\\\/\\\/www.sabra.org.br\"],\"url\":\"https:\\\/\\\/www.sabra.org.br\\\/site\\\/author\\\/marcio-miranda-pontes\\\/\"}]}<\/script>\n<!-- \/ Yoast SEO plugin. -->","yoast_head_json":{"title":"Harpa: lugares que voc\u00ea pode encontrar e comprar - SABRA - Sociedade Art\u00edstica Brasileira","description":"Voc\u00ea \u00e9 amante de instrumentos musicais e deseja ter uma harpa? Apresentamos alguns locais onde \u00e9 poss\u00edvel achar esse instrumento para compra.","robots":{"index":"index","follow":"follow","max-snippet":"max-snippet:-1","max-image-preview":"max-image-preview:large","max-video-preview":"max-video-preview:-1"},"canonical":"https:\/\/www.sabra.org.br\/site\/harpa-2\/","og_locale":"pt_BR","og_type":"article","og_title":"Harpa: lugares que voc\u00ea pode encontrar e comprar - SABRA - Sociedade Art\u00edstica Brasileira","og_description":"Voc\u00ea \u00e9 amante de instrumentos musicais e deseja ter uma harpa? Apresentamos alguns locais onde \u00e9 poss\u00edvel achar esse instrumento para compra.","og_url":"https:\/\/www.sabra.org.br\/site\/harpa-2\/","og_site_name":"SABRA - Sociedade Art\u00edstica Brasileira","article_publisher":"https:\/\/www.facebook.com\/sabrabrasil","article_published_time":"2022-04-29T13:51:32+00:00","og_image":[{"width":800,"height":534,"url":"https:\/\/i0.wp.com\/www.sabra.org.br\/site\/wp-content\/uploads\/2022\/04\/harpa-x-lugares-que-voce-pode-encontrar-e-comprar-20211027111153.jpg.jpg?fit=800%2C534&ssl=1","type":"image\/jpeg"}],"author":"M\u00e1rcio Miranda Pontes","twitter_card":"summary_large_image","twitter_creator":"@ContatoSabra","twitter_site":"@ContatoSabra","twitter_misc":{"Escrito por":"M\u00e1rcio Miranda Pontes","Est. tempo de leitura":"4 minutos"},"schema":{"@context":"https:\/\/schema.org","@graph":[{"@type":"Article","@id":"https:\/\/www.sabra.org.br\/site\/harpa-2\/#article","isPartOf":{"@id":"https:\/\/www.sabra.org.br\/site\/harpa-2\/"},"author":{"name":"M\u00e1rcio Miranda Pontes","@id":"https:\/\/www.sabra.org.br\/site\/#\/schema\/person\/7d1d222c3c8891d4c37c7b41bf6315c2"},"headline":"Harpa: lugares que voc\u00ea pode encontrar e comprar","datePublished":"2022-04-29T13:51:32+00:00","mainEntityOfPage":{"@id":"https:\/\/www.sabra.org.br\/site\/harpa-2\/"},"wordCount":686,"publisher":{"@id":"https:\/\/www.sabra.org.br\/site\/#organization"},"image":{"@id":"https:\/\/www.sabra.org.br\/site\/harpa-2\/#primaryimage"},"thumbnailUrl":"https:\/\/www.sabra.org.br\/site\/wp-content\/uploads\/2022\/04\/harpa-x-lugares-que-voce-pode-encontrar-e-comprar-20211027111153.jpg.jpg","keywords":["Assist\u00eancia social","Belo Horizonte","Cabo Frio","Campos dos Goytacazes","Canto Coral","Contagem","Escola de Musica SABRA","Ibirit\u00e9","Musicaliza\u00e7\u00e3o Infantil","nova lima","Orquestra Infanto Juvenil de Betim","Orquestra Sinf\u00f4nica de Betim","Raposos","Sociedade Art\u00edstica Brasileira"],"articleSection":["Blog SABRA"],"inLanguage":"pt-BR"},{"@type":"WebPage","@id":"https:\/\/www.sabra.org.br\/site\/harpa-2\/","url":"https:\/\/www.sabra.org.br\/site\/harpa-2\/","name":"Harpa: lugares que voc\u00ea pode encontrar e comprar - SABRA - Sociedade Art\u00edstica Brasileira","isPartOf":{"@id":"https:\/\/www.sabra.org.br\/site\/#website"},"primaryImageOfPage":{"@id":"https:\/\/www.sabra.org.br\/site\/harpa-2\/#primaryimage"},"image":{"@id":"https:\/\/www.sabra.org.br\/site\/harpa-2\/#primaryimage"},"thumbnailUrl":"https:\/\/www.sabra.org.br\/site\/wp-content\/uploads\/2022\/04\/harpa-x-lugares-que-voce-pode-encontrar-e-comprar-20211027111153.jpg.jpg","datePublished":"2022-04-29T13:51:32+00:00","description":"Voc\u00ea \u00e9 amante de instrumentos musicais e deseja ter uma harpa? Apresentamos alguns locais onde \u00e9 poss\u00edvel achar esse instrumento para compra.","breadcrumb":{"@id":"https:\/\/www.sabra.org.br\/site\/harpa-2\/#breadcrumb"},"inLanguage":"pt-BR","potentialAction":[{"@type":"ReadAction","target":["https:\/\/www.sabra.org.br\/site\/harpa-2\/"]}]},{"@type":"ImageObject","inLanguage":"pt-BR","@id":"https:\/\/www.sabra.org.br\/site\/harpa-2\/#primaryimage","url":"https:\/\/www.sabra.org.br\/site\/wp-content\/uploads\/2022\/04\/harpa-x-lugares-que-voce-pode-encontrar-e-comprar-20211027111153.jpg.jpg","contentUrl":"https:\/\/www.sabra.org.br\/site\/wp-content\/uploads\/2022\/04\/harpa-x-lugares-que-voce-pode-encontrar-e-comprar-20211027111153.jpg.jpg","width":800,"height":534,"caption":"Sociedade Art\u00edstica Brasileira SABRA"},{"@type":"BreadcrumbList","@id":"https:\/\/www.sabra.org.br\/site\/harpa-2\/#breadcrumb","itemListElement":[{"@type":"ListItem","position":1,"name":"In\u00edcio","item":"https:\/\/www.sabra.org.br\/site\/"},{"@type":"ListItem","position":2,"name":"Harpa: lugares que voc\u00ea pode encontrar e comprar"}]},{"@type":"WebSite","@id":"https:\/\/www.sabra.org.br\/site\/#website","url":"https:\/\/www.sabra.org.br\/site\/","name":"SABRA - Sociedade Art\u00edstica Brasileira","description":"Escola de M\u00fasica, Orquestra Sinf\u00f4nica, Coral e Patrim\u00f4nio Cultural e Hist\u00f3rico","publisher":{"@id":"https:\/\/www.sabra.org.br\/site\/#organization"},"potentialAction":[{"@type":"SearchAction","target":{"@type":"EntryPoint","urlTemplate":"https:\/\/www.sabra.org.br\/site\/?s={search_term_string}"},"query-input":{"@type":"PropertyValueSpecification","valueRequired":true,"valueName":"search_term_string"}}],"inLanguage":"pt-BR"},{"@type":"Organization","@id":"https:\/\/www.sabra.org.br\/site\/#organization","name":"SOCIEDADE ART\u00cdSTICA BRASILEIRA SABRA","alternateName":"SABRA","url":"https:\/\/www.sabra.org.br\/site\/","logo":{"@type":"ImageObject","inLanguage":"pt-BR","@id":"https:\/\/www.sabra.org.br\/site\/#\/schema\/logo\/image\/","url":"https:\/\/www.sabra.org.br\/site\/wp-content\/uploads\/2019\/06\/cropped-Logo_SABRA-Copia-1.webp","contentUrl":"https:\/\/www.sabra.org.br\/site\/wp-content\/uploads\/2019\/06\/cropped-Logo_SABRA-Copia-1.webp","width":400,"height":128,"caption":"SOCIEDADE ART\u00cdSTICA BRASILEIRA SABRA"},"image":{"@id":"https:\/\/www.sabra.org.br\/site\/#\/schema\/logo\/image\/"},"sameAs":["https:\/\/www.facebook.com\/sabrabrasil","https:\/\/x.com\/ContatoSabra","https:\/\/www.instagram.com\/sabrabrasil\/","https:\/\/www.linkedin.com\/company\/25002088\/","https:\/\/br.pinterest.com\/sociedadeartisticabrasileira\/","https:\/\/www.youtube.com\/c\/sabrabrasil"]},{"@type":"Person","@id":"https:\/\/www.sabra.org.br\/site\/#\/schema\/person\/7d1d222c3c8891d4c37c7b41bf6315c2","name":"M\u00e1rcio Miranda Pontes","image":{"@type":"ImageObject","inLanguage":"pt-BR","@id":"https:\/\/secure.gravatar.com\/avatar\/3b45f24496a7625a3a6c436688fbe20344faaeb2979658dc4a9921f984d7df9a?s=96&d=mm&r=g","url":"https:\/\/secure.gravatar.com\/avatar\/3b45f24496a7625a3a6c436688fbe20344faaeb2979658dc4a9921f984d7df9a?s=96&d=mm&r=g","contentUrl":"https:\/\/secure.gravatar.com\/avatar\/3b45f24496a7625a3a6c436688fbe20344faaeb2979658dc4a9921f984d7df9a?s=96&d=mm&r=g","caption":"M\u00e1rcio Miranda Pontes"},"sameAs":["http:\/\/www.sabra.org.br"],"url":"https:\/\/www.sabra.org.br\/site\/author\/marcio-miranda-pontes\/"}]}},"jetpack_featured_media_url":"https:\/\/www.sabra.org.br\/site\/wp-content\/uploads\/2022\/04\/harpa-x-lugares-que-voce-pode-encontrar-e-comprar-20211027111153.jpg.jpg","jetpack_shortlink":"https:\/\/wp.me\/p95j2Z-1j4","jetpack-related-posts":[{"id":4050,"url":"https:\/\/www.sabra.org.br\/site\/harpa\/","url_meta":{"origin":5026,"position":0},"title":"Harpa: o instrumento musical dos anjos","author":"M\u00e1rcio Miranda Pontes","date":"23 de julho de 2021","format":false,"excerpt":"Harpa: o instrumento musical dos anjos Voc\u00ea j\u00e1 se sentiu inebriado ao ouvir o som da harpa? Sem d\u00favida, esse \u00e9 um instrumento encantador n\u00e3o s\u00f3 pela sua beleza, mas tamb\u00e9m pelo lindo som que produz. Leia o post e saiba mais sobre a harpa.","rel":"","context":"Em &quot;Blog SABRA&quot;","block_context":{"text":"Blog SABRA","link":"https:\/\/www.sabra.org.br\/site\/category\/blog-sabra\/"},"img":{"alt_text":"harpa-instrumento-som-cordas","src":"https:\/\/i0.wp.com\/www.sabra.org.br\/site\/wp-content\/uploads\/2021\/07\/harpa-o-instrumento-musical-dos-anjos-20210311095559.jpg.jpg?resize=350%2C200&ssl=1","width":350,"height":200,"srcset":"https:\/\/i0.wp.com\/www.sabra.org.br\/site\/wp-content\/uploads\/2021\/07\/harpa-o-instrumento-musical-dos-anjos-20210311095559.jpg.jpg?resize=350%2C200&ssl=1 1x, https:\/\/i0.wp.com\/www.sabra.org.br\/site\/wp-content\/uploads\/2021\/07\/harpa-o-instrumento-musical-dos-anjos-20210311095559.jpg.jpg?resize=525%2C300&ssl=1 1.5x, https:\/\/i0.wp.com\/www.sabra.org.br\/site\/wp-content\/uploads\/2021\/07\/harpa-o-instrumento-musical-dos-anjos-20210311095559.jpg.jpg?resize=700%2C400&ssl=1 2x"},"classes":[]},{"id":3152,"url":"https:\/\/www.sabra.org.br\/site\/instrumentos-cordas-orquestra\/","url_meta":{"origin":5026,"position":1},"title":"Instrumentos de cordas na orquestra","author":"M\u00e1rcio Miranda Pontes","date":"13 de outubro de 2020","format":false,"excerpt":"Existem diversos instrumentos que comp\u00f5em uma orquestra e cada um deles tem um diferencial que o faz \u00fanico e especial. Dentre eles, existem cinco que s\u00e3o classificados como instrumentos de cordas. Vamos conhecer cada um deles?","rel":"","context":"Em &quot;Blog SABRA&quot;","block_context":{"text":"Blog SABRA","link":"https:\/\/www.sabra.org.br\/site\/category\/blog-sabra\/"},"img":{"alt_text":"instrumento-corda-orquestra","src":"https:\/\/i0.wp.com\/www.sabra.org.br\/site\/wp-content\/uploads\/2020\/10\/saiba-quais-sao-os-instrumentos-de-corda-presentes-na-orquestra-20201001161911.jpg.jpg?resize=350%2C200&ssl=1","width":350,"height":200,"srcset":"https:\/\/i0.wp.com\/www.sabra.org.br\/site\/wp-content\/uploads\/2020\/10\/saiba-quais-sao-os-instrumentos-de-corda-presentes-na-orquestra-20201001161911.jpg.jpg?resize=350%2C200&ssl=1 1x, https:\/\/i0.wp.com\/www.sabra.org.br\/site\/wp-content\/uploads\/2020\/10\/saiba-quais-sao-os-instrumentos-de-corda-presentes-na-orquestra-20201001161911.jpg.jpg?resize=525%2C300&ssl=1 1.5x, https:\/\/i0.wp.com\/www.sabra.org.br\/site\/wp-content\/uploads\/2020\/10\/saiba-quais-sao-os-instrumentos-de-corda-presentes-na-orquestra-20201001161911.jpg.jpg?resize=700%2C400&ssl=1 2x"},"classes":[]},{"id":7894,"url":"https:\/\/www.sabra.org.br\/site\/instrumentos-classicos\/","url_meta":{"origin":5026,"position":2},"title":"Instrumentos peculiares da m\u00fasica cl\u00e1ssica que voc\u00ea precisa conhecer","author":"M\u00e1rcio Miranda Pontes","date":"28 de agosto de 2023","format":false,"excerpt":"Descubra os segredos dos instrumentos peculiares da m\u00fasica cl\u00e1ssica! Do Theremin \u00e0 Harpa de Vidro, mergulhe em um mundo de sons \u00fanicos e encantadores. Prepare-se para uma jornada sonora inesquec\u00edvel!","rel":"","context":"Em &quot;Blog SABRA&quot;","block_context":{"text":"Blog SABRA","link":"https:\/\/www.sabra.org.br\/site\/category\/blog-sabra\/"},"img":{"alt_text":"sabra-m\u00fasica-instrumentos-cl\u00e1ssica-sonoro-som-criar-\u00fanicas","src":"https:\/\/i0.wp.com\/www.sabra.org.br\/site\/wp-content\/uploads\/2023\/08\/instrumentos-peculiares-da-musica-classica-que-voce-precisa-conhecer-20230628095402.jpg-jpg.webp?resize=350%2C200&ssl=1","width":350,"height":200,"srcset":"https:\/\/i0.wp.com\/www.sabra.org.br\/site\/wp-content\/uploads\/2023\/08\/instrumentos-peculiares-da-musica-classica-que-voce-precisa-conhecer-20230628095402.jpg-jpg.webp?resize=350%2C200&ssl=1 1x, https:\/\/i0.wp.com\/www.sabra.org.br\/site\/wp-content\/uploads\/2023\/08\/instrumentos-peculiares-da-musica-classica-que-voce-precisa-conhecer-20230628095402.jpg-jpg.webp?resize=525%2C300&ssl=1 1.5x, https:\/\/i0.wp.com\/www.sabra.org.br\/site\/wp-content\/uploads\/2023\/08\/instrumentos-peculiares-da-musica-classica-que-voce-precisa-conhecer-20230628095402.jpg-jpg.webp?resize=700%2C400&ssl=1 2x"},"classes":[]},{"id":3179,"url":"https:\/\/www.sabra.org.br\/site\/instrumento-musical\/","url_meta":{"origin":5026,"position":3},"title":"Pre\u00e7o de  instrumento musical","author":"M\u00e1rcio Miranda Pontes","date":"19 de outubro de 2020","format":false,"excerpt":"Voc\u00ea tem alguma ideia de quanto custa um viol\u00e3o? Ou um violino? Por n\u00e3o ser parte do cotidiano, muitas vezes n\u00e3o paramos pra pensar no valor de um instrumento musical. Se quiser descobrir, clique aqui!","rel":"","context":"Em &quot;Blog SABRA&quot;","block_context":{"text":"Blog SABRA","link":"https:\/\/www.sabra.org.br\/site\/category\/blog-sabra\/"},"img":{"alt_text":"pre\u00e7o-instrumento-musical-custa","src":"https:\/\/i0.wp.com\/www.sabra.org.br\/site\/wp-content\/uploads\/2020\/10\/afinal-quanto-custa-um-instrumento-musical-20201001161911.jpg.jpg?resize=350%2C200&ssl=1","width":350,"height":200,"srcset":"https:\/\/i0.wp.com\/www.sabra.org.br\/site\/wp-content\/uploads\/2020\/10\/afinal-quanto-custa-um-instrumento-musical-20201001161911.jpg.jpg?resize=350%2C200&ssl=1 1x, https:\/\/i0.wp.com\/www.sabra.org.br\/site\/wp-content\/uploads\/2020\/10\/afinal-quanto-custa-um-instrumento-musical-20201001161911.jpg.jpg?resize=525%2C300&ssl=1 1.5x, https:\/\/i0.wp.com\/www.sabra.org.br\/site\/wp-content\/uploads\/2020\/10\/afinal-quanto-custa-um-instrumento-musical-20201001161911.jpg.jpg?resize=700%2C400&ssl=1 2x"},"classes":[]},{"id":7039,"url":"https:\/\/www.sabra.org.br\/site\/instrumento-dificil\/","url_meta":{"origin":5026,"position":4},"title":"Instrumentos mais dif\u00edceis para se aprender a tocar","author":"M\u00e1rcio Miranda Pontes","date":"1 de maio de 2023","format":false,"excerpt":"Est\u00e1 em busca de um novo desafio na sua educa\u00e7\u00e3o musical? Ent\u00e3o leia a mat\u00e9ria de hoje para saber quais s\u00e3o os instrumentos com o aprendizado mais complexo e divirta-se!","rel":"","context":"Em &quot;Blog SABRA&quot;","block_context":{"text":"Blog SABRA","link":"https:\/\/www.sabra.org.br\/site\/category\/blog-sabra\/"},"img":{"alt_text":"aprender-tocar-instrumento","src":"https:\/\/i0.wp.com\/www.sabra.org.br\/site\/wp-content\/uploads\/2023\/05\/x-instrumentos-mais-dificeis-para-se-aprender-a-tocar-20171219145022.jpg.jpg?resize=350%2C200&ssl=1","width":350,"height":200,"srcset":"https:\/\/i0.wp.com\/www.sabra.org.br\/site\/wp-content\/uploads\/2023\/05\/x-instrumentos-mais-dificeis-para-se-aprender-a-tocar-20171219145022.jpg.jpg?resize=350%2C200&ssl=1 1x, https:\/\/i0.wp.com\/www.sabra.org.br\/site\/wp-content\/uploads\/2023\/05\/x-instrumentos-mais-dificeis-para-se-aprender-a-tocar-20171219145022.jpg.jpg?resize=525%2C300&ssl=1 1.5x"},"classes":[]},{"id":15097,"url":"https:\/\/www.sabra.org.br\/site\/harpa-3\/","url_meta":{"origin":5026,"position":5},"title":"Harpa","author":"M\u00e1rcio Miranda Pontes","date":"24 de fevereiro de 2026","format":false,"excerpt":"A harpa: surgimento e desenvolvimento A harpa \u00e9 um instrumento de cordas verticais. Tri\u00e2ngulo de madeira sustenta 47 cordas. P\u00e9dalas alteram afina\u00e7\u00e3o. Ela surgiu h\u00e1 5000 anos no Egito. Esculturas mostram harpas angulares. Por exemplo, sum\u00e9rios tocavam em rituais. Ent\u00e3o, na Idade M\u00e9dia, evoluiu na Irlanda. Na pr\u00e1tica, harpistas celtas\u2026","rel":"","context":"Em &quot;Blog SABRA&quot;","block_context":{"text":"Blog SABRA","link":"https:\/\/www.sabra.org.br\/site\/category\/blog-sabra\/"},"img":{"alt_text":"","src":"https:\/\/i0.wp.com\/www.sabra.org.br\/site\/wp-content\/uploads\/2026\/02\/harpa.jpg?resize=350%2C200&ssl=1","width":350,"height":200,"srcset":"https:\/\/i0.wp.com\/www.sabra.org.br\/site\/wp-content\/uploads\/2026\/02\/harpa.jpg?resize=350%2C200&ssl=1 1x, https:\/\/i0.wp.com\/www.sabra.org.br\/site\/wp-content\/uploads\/2026\/02\/harpa.jpg?resize=525%2C300&ssl=1 1.5x, https:\/\/i0.wp.com\/www.sabra.org.br\/site\/wp-content\/uploads\/2026\/02\/harpa.jpg?resize=700%2C400&ssl=1 2x, https:\/\/i0.wp.com\/www.sabra.org.br\/site\/wp-content\/uploads\/2026\/02\/harpa.jpg?resize=1050%2C600&ssl=1 3x, https:\/\/i0.wp.com\/www.sabra.org.br\/site\/wp-content\/uploads\/2026\/02\/harpa.jpg?resize=1400%2C800&ssl=1 4x"},"classes":[]}],"jetpack_likes_enabled":true,"jetpack_sharing_enabled":true,"_links":{"self":[{"href":"https:\/\/www.sabra.org.br\/site\/wp-json\/wp\/v2\/posts\/5026","targetHints":{"allow":["GET"]}}],"collection":[{"href":"https:\/\/www.sabra.org.br\/site\/wp-json\/wp\/v2\/posts"}],"about":[{"href":"https:\/\/www.sabra.org.br\/site\/wp-json\/wp\/v2\/types\/post"}],"author":[{"embeddable":true,"href":"https:\/\/www.sabra.org.br\/site\/wp-json\/wp\/v2\/users\/39"}],"replies":[{"embeddable":true,"href":"https:\/\/www.sabra.org.br\/site\/wp-json\/wp\/v2\/comments?post=5026"}],"version-history":[{"count":0,"href":"https:\/\/www.sabra.org.br\/site\/wp-json\/wp\/v2\/posts\/5026\/revisions"}],"wp:featuredmedia":[{"embeddable":true,"href":"https:\/\/www.sabra.org.br\/site\/wp-json\/wp\/v2\/media\/5027"}],"wp:attachment":[{"href":"https:\/\/www.sabra.org.br\/site\/wp-json\/wp\/v2\/media?parent=5026"}],"wp:term":[{"taxonomy":"category","embeddable":true,"href":"https:\/\/www.sabra.org.br\/site\/wp-json\/wp\/v2\/categories?post=5026"},{"taxonomy":"post_tag","embeddable":true,"href":"https:\/\/www.sabra.org.br\/site\/wp-json\/wp\/v2\/tags?post=5026"}],"curies":[{"name":"wp","href":"https:\/\/api.w.org\/{rel}","templated":true}]}}