{"id":5169,"date":"2022-06-01T15:46:53","date_gmt":"2022-06-01T18:46:53","guid":{"rendered":"https:\/\/www.sabra.org.br\/site\/?p=5169"},"modified":"2022-06-02T00:21:40","modified_gmt":"2022-06-02T03:21:40","slug":"festa-junina","status":"publish","type":"post","link":"https:\/\/www.sabra.org.br\/site\/festa-junina\/","title":{"rendered":"Import\u00e2ncia das festas juninas para a cultura brasileira"},"content":{"rendered":"<p>[vc_row][vc_column][vc_column_text]As festas juninas s\u00e3o eventos culturais de grande import\u00e2ncia para o Brasil e est\u00e3o ligadas diretamente ao catolicismo popular e a outros aspectos religiosos, que s\u00e3o mostrados atrav\u00e9s das suas festas mais t\u00edpicas.<\/p>\n<p>Entretanto, apesar das comemora\u00e7\u00f5es estarem t\u00e3o entranhadas na cultura brasileira, \u00e9 interessante destacar que algumas dessas pr\u00e1ticas s\u00e3o heran\u00e7as absorvidas da tradi\u00e7\u00e3o portuguesa, em especial os aspectos religiosos.<\/p>\n<p>Cada uma das comemora\u00e7\u00f5es que acontecem ao longo das festas juninas est\u00e1 ligada a um santo espec\u00edfico e o primeiro a ser celebrado \u00e9 Santo Ant\u00f4nio de P\u00e1dua, dando in\u00edcio \u00e0s celebra\u00e7\u00f5es no dia 13 de junho.<\/p>\n<p>Em sequ\u00eancia, s\u00e3o comemorados os dias de S\u00e3o Jo\u00e3o Batista e S\u00e3o Pedro. Portanto, as tradi\u00e7\u00f5es das festas juninas, na sua ess\u00eancia, destacam a respeito das crendices e das supersti\u00e7\u00f5es que envolvem a devo\u00e7\u00e3o dos fi\u00e9is a estes santos.<\/p>\n<h2>Elementos culturais das festas juninas<\/h2>\n<p>Como as festas juninas se baseiam nas cren\u00e7as e na devo\u00e7\u00e3o aos santos destacados, o clima todo leva em considera\u00e7\u00e3o alguns elementos t\u00edpicos que remetem \u00e0s suas hist\u00f3rias.<\/p>\n<p>No dia de S\u00e3o Jo\u00e3o, por exemplo, \u00e9 comum que as festas contem com a t\u00edpica fogueira. O que pode parecer somente um simples acontecimento ou elemento que representa o evento, na realidade, est\u00e1 presente na tradi\u00e7\u00e3o por levar em considera\u00e7\u00e3o a hist\u00f3ria da m\u00e3e de Jo\u00e3o Batista, que para avisar a Maria do nascimento de seu filho, acendeu uma enorme fogueira.<\/p>\n<p>Dentro desses elementos, tamb\u00e9m existem alguns outros aspectos a serem considerados para a compreens\u00e3o da import\u00e2ncia cultural das festas juninas para o Brasil. Isso porque elas tamb\u00e9m expressam a cultura popular rural diretamente.<\/p>\n<p>O elemento que destaca a influ\u00eancia das popula\u00e7\u00f5es rurais \u00e9 a quadrilha, que est\u00e1 presente em todas as festas juninas. A origem desse tipo de dan\u00e7a, entretanto, \u00e9 o bailado trazido da Fran\u00e7a entre o s\u00e9culo 18 e 19 e popularizado na sociedade rural.<\/p>\n<h2>Origem das festas juninas<\/h2>\n<p>A origem francesa da dan\u00e7a \u00e9 percept\u00edvel atrav\u00e9s de alguns termos comuns, que s\u00e3o usados nesses momentos pelos narradores das quadrilhas, como \u201canarri\u00ea\u201d, por exemplo, que em tradu\u00e7\u00e3o livre significa \u201cpara tr\u00e1s\u201d.<\/p>\n<p>As tradicionais comidas que s\u00e3o servidas nas festas juninas tamb\u00e9m exprimem a import\u00e2ncia desses eventos para perpetuar a cultura brasileira. Elas se relacionam diretamente com o per\u00edodo de colheita.<\/p>\n<p>Por isso, o milho aparece em diversos pratos t\u00edpicos das festas juninas. Isso acontece porque por muito tempo este alimento era um dos mais cultivados, em especial nos interiores do Brasil, onde essas festas contam com um impacto ainda maior nos dias de hoje.<\/p>\n<p>Outro alimento que se faz presente nas mesas das festas juninas e deve ser entendido como um s\u00edmbolo da tradi\u00e7\u00e3o \u00e9 a mandioca, que surge em diversos pratos t\u00edpicos dessas ocasi\u00f5es.<\/p>\n<p>Portanto, as festas juninas que possuem ainda um grande impacto cultural e tamb\u00e9m religioso para o Brasil, visto que s\u00e3o baseadas em v\u00e1rios aspectos absorvidos e cultivados pelos brasileiros ao longo dos s\u00e9culos.<\/p>\n<p>Vale pontuar que, para al\u00e9m da tradi\u00e7\u00e3o, as festas juninas para determinadas regi\u00f5es do pa\u00eds v\u00e3o extrapolando os festejos e s\u00e3o uma fonte de trabalho e movimenta\u00e7\u00e3o da economia com a expans\u00e3o do turismo, que tamb\u00e9m incentiva cada vez mais investimentos nestes locais.<\/p>\n<blockquote class=\"wp-embedded-content\" data-secret=\"ySQGgMX7Vz\"><p><a href=\"https:\/\/www.sabra.org.br\/site\/imaterial\/\">Manifesta\u00e7\u00f5es culturais consideradas patrim\u00f4nio imaterial do Brasil<\/a><\/p><\/blockquote>\n<p><iframe class=\"wp-embedded-content\" sandbox=\"allow-scripts\" security=\"restricted\" style=\"position: absolute; clip: rect(1px, 1px, 1px, 1px);\" title=\"&#8220;Manifesta\u00e7\u00f5es culturais consideradas patrim\u00f4nio imaterial do Brasil&#8221; &#8212; SABRA - Sociedade Art\u00edstica Brasileira\" src=\"https:\/\/www.sabra.org.br\/site\/imaterial\/embed\/#?secret=6BGbvYiDKQ#?secret=ySQGgMX7Vz\" data-secret=\"ySQGgMX7Vz\" width=\"600\" height=\"338\" frameborder=\"0\" marginwidth=\"0\" marginheight=\"0\" scrolling=\"no\"><\/iframe><\/p>\n<hr \/>\n<h2>Se voc\u00ea gostou deste post:<\/h2>\n<p>&#8211; SIGA as nossas p\u00e1ginas nas redes sociais para acompanhar as nossas atualiza\u00e7\u00f5es: estamos no <a href=\"https:\/\/www.facebook.com\/sabrabrasil\" target=\"_blank\" rel=\"noopener\">Facebook<\/a>, no <a href=\"https:\/\/www.instagram.com\/sabrabrasil\/\" target=\"_blank\" rel=\"noopener\">Instagram<\/a>, no <a href=\"https:\/\/www.linkedin.com\/company\/25002088\" target=\"_blank\" rel=\"noopener\">LinkedIn<\/a>, no <a href=\"https:\/\/twitter.com\/ContatoSabra\" target=\"_blank\" rel=\"noopener\">Twitter<\/a> e no <a href=\"https:\/\/www.youtube.com\/channel\/UCJw-kbuEvzUNdeQf20Pa-eQ\" target=\"_blank\" rel=\"noopener\">YouTube<\/a>!<\/p>\n<p>&#8211; CONHE\u00c7A o trabalho da Sociedade Art\u00edstica Brasileira (SABRA) e todas as iniciativas culturais e sociais que ela mant\u00e9m. <a href=\"https:\/\/www.sabra.org.br\/site\/acoes\/\" target=\"_blank\" rel=\"noopener\">Acesse nosso site!<\/a><\/p>\n<p>&#8211; ENTRE EM CONTATO com a gente. E veja quais s\u00e3o as op\u00e7\u00f5es de ajuda na manuten\u00e7\u00e3o de nossas a\u00e7\u00f5es sociais e culturais. Basta acessar nossa p\u00e1gina <a href=\"https:\/\/www.sabra.org.br\/site\/doe-agora\/\" target=\"_blank\" rel=\"noopener\">Doe Agora!<\/a><\/p>\n<p>&#8211; COMPARTILHE este texto nas suas redes sociais e ajude os seus amigos a tamb\u00e9m dominarem o assunto!<\/p>\n<p>\u2013 Os projetos da @sabrabrasil s\u00e3o realizados com o patroci\u0301nio m\u00e1ster: @vallourec e @institutounimedbh, viabilizado pelo incentivo de mais de 5,2 mil m\u00e9dicos cooperados e colaboradores via Lei de Incentivo \u00e0 Cultura &#8211; @mturismo, @culturagovbr. Apoio: @prefeiturabetim[\/vc_column_text][\/vc_column][\/vc_row]<\/p>\n","protected":false},"excerpt":{"rendered":"<p>As festas juninas s\u00e3o importantes para a cultura brasileira e atualmente compostas por uma mistura de tradi\u00e7\u00e3o religiosa e cultura vinda de pa\u00edses como Portugal e Fran\u00e7a. Saiba mais sobre isso.<\/p>\n","protected":false},"author":39,"featured_media":5170,"comment_status":"closed","ping_status":"closed","sticky":false,"template":"","format":"standard","meta":{"jetpack_post_was_ever_published":false,"_jetpack_newsletter_access":"","_jetpack_dont_email_post_to_subs":false,"_jetpack_newsletter_tier_id":0,"_jetpack_memberships_contains_paywalled_content":false,"_jetpack_memberships_contains_paid_content":false,"footnotes":""},"categories":[1],"tags":[15,2757,3626,3623,8,3629,1285,3628,16,3519,1286,11,3622,9],"class_list":["post-5169","post","type-post","status-publish","format-standard","has-post-thumbnail","hentry","category-blog-sabra","tag-assistencia-social","tag-belo-horizonte","tag-cabo-frio","tag-campos-dos-goytacazes","tag-canto-coral","tag-contagem","tag-escola-de-musica-sabra","tag-ibirite","tag-musicalizacao-infantil","tag-nova-lima-2","tag-orquestra-infanto-juvenil-de-betim","tag-orquestra-sinfonica-de-betim","tag-raposos","tag-sociedade-artistica-brasileira"],"yoast_head":"<!-- This site is optimized with the Yoast SEO plugin v27.5 - https:\/\/yoast.com\/product\/yoast-seo-wordpress\/ -->\n<title>Import\u00e2ncia das festas juninas para a cultura brasileira - SABRA - Sociedade Art\u00edstica Brasileira<\/title>\n<meta name=\"description\" content=\"As festas juninas s\u00e3o importantes para a cultura brasileira. Mistura de tradi\u00e7\u00e3o religiosa e cultura vinda de pa\u00edses como Portugal e Fran\u00e7a.\" \/>\n<meta name=\"robots\" content=\"index, follow, max-snippet:-1, max-image-preview:large, max-video-preview:-1\" \/>\n<link rel=\"canonical\" href=\"https:\/\/www.sabra.org.br\/site\/festa-junina\/\" \/>\n<meta property=\"og:locale\" content=\"pt_BR\" \/>\n<meta property=\"og:type\" content=\"article\" \/>\n<meta property=\"og:title\" content=\"Import\u00e2ncia das festas juninas para a cultura brasileira - SABRA - Sociedade Art\u00edstica Brasileira\" \/>\n<meta property=\"og:description\" content=\"As festas juninas s\u00e3o importantes para a cultura brasileira. Mistura de tradi\u00e7\u00e3o religiosa e cultura vinda de pa\u00edses como Portugal e Fran\u00e7a.\" \/>\n<meta property=\"og:url\" content=\"https:\/\/www.sabra.org.br\/site\/festa-junina\/\" \/>\n<meta property=\"og:site_name\" content=\"SABRA - Sociedade Art\u00edstica Brasileira\" \/>\n<meta property=\"article:publisher\" content=\"https:\/\/www.facebook.com\/sabrabrasil\" \/>\n<meta property=\"article:published_time\" content=\"2022-06-01T18:46:53+00:00\" \/>\n<meta property=\"article:modified_time\" content=\"2022-06-02T03:21:40+00:00\" \/>\n<meta property=\"og:image\" content=\"https:\/\/i0.wp.com\/www.sabra.org.br\/site\/wp-content\/uploads\/2022\/06\/importancia-das-festas-juninas-para-a-cultura-brasileira-20220210110336.jpg.jpg?fit=800%2C534&ssl=1\" \/>\n\t<meta property=\"og:image:width\" content=\"800\" \/>\n\t<meta property=\"og:image:height\" content=\"534\" \/>\n\t<meta property=\"og:image:type\" content=\"image\/jpeg\" \/>\n<meta name=\"author\" content=\"M\u00e1rcio Miranda Pontes\" \/>\n<meta name=\"twitter:card\" content=\"summary_large_image\" \/>\n<meta name=\"twitter:creator\" content=\"@ContatoSabra\" \/>\n<meta name=\"twitter:site\" content=\"@ContatoSabra\" \/>\n<meta name=\"twitter:label1\" content=\"Escrito por\" \/>\n\t<meta name=\"twitter:data1\" content=\"M\u00e1rcio Miranda Pontes\" \/>\n\t<meta name=\"twitter:label2\" content=\"Est. tempo de leitura\" \/>\n\t<meta name=\"twitter:data2\" content=\"4 minutos\" \/>\n<script type=\"application\/ld+json\" class=\"yoast-schema-graph\">{\"@context\":\"https:\\\/\\\/schema.org\",\"@graph\":[{\"@type\":\"Article\",\"@id\":\"https:\\\/\\\/www.sabra.org.br\\\/site\\\/festa-junina\\\/#article\",\"isPartOf\":{\"@id\":\"https:\\\/\\\/www.sabra.org.br\\\/site\\\/festa-junina\\\/\"},\"author\":{\"name\":\"M\u00e1rcio Miranda Pontes\",\"@id\":\"https:\\\/\\\/www.sabra.org.br\\\/site\\\/#\\\/schema\\\/person\\\/7d1d222c3c8891d4c37c7b41bf6315c2\"},\"headline\":\"Import\u00e2ncia das festas juninas para a cultura brasileira\",\"datePublished\":\"2022-06-01T18:46:53+00:00\",\"dateModified\":\"2022-06-02T03:21:40+00:00\",\"mainEntityOfPage\":{\"@id\":\"https:\\\/\\\/www.sabra.org.br\\\/site\\\/festa-junina\\\/\"},\"wordCount\":771,\"publisher\":{\"@id\":\"https:\\\/\\\/www.sabra.org.br\\\/site\\\/#organization\"},\"image\":{\"@id\":\"https:\\\/\\\/www.sabra.org.br\\\/site\\\/festa-junina\\\/#primaryimage\"},\"thumbnailUrl\":\"https:\\\/\\\/www.sabra.org.br\\\/site\\\/wp-content\\\/uploads\\\/2022\\\/06\\\/importancia-das-festas-juninas-para-a-cultura-brasileira-20220210110336.jpg.jpg\",\"keywords\":[\"Assist\u00eancia social\",\"Belo Horizonte\",\"Cabo Frio\",\"Campos dos Goytacazes\",\"Canto Coral\",\"Contagem\",\"Escola de Musica SABRA\",\"Ibirit\u00e9\",\"Musicaliza\u00e7\u00e3o Infantil\",\"nova lima\",\"Orquestra Infanto Juvenil de Betim\",\"Orquestra Sinf\u00f4nica de Betim\",\"Raposos\",\"Sociedade Art\u00edstica Brasileira\"],\"articleSection\":[\"Blog SABRA\"],\"inLanguage\":\"pt-BR\"},{\"@type\":\"WebPage\",\"@id\":\"https:\\\/\\\/www.sabra.org.br\\\/site\\\/festa-junina\\\/\",\"url\":\"https:\\\/\\\/www.sabra.org.br\\\/site\\\/festa-junina\\\/\",\"name\":\"Import\u00e2ncia das festas juninas para a cultura brasileira - SABRA - Sociedade Art\u00edstica Brasileira\",\"isPartOf\":{\"@id\":\"https:\\\/\\\/www.sabra.org.br\\\/site\\\/#website\"},\"primaryImageOfPage\":{\"@id\":\"https:\\\/\\\/www.sabra.org.br\\\/site\\\/festa-junina\\\/#primaryimage\"},\"image\":{\"@id\":\"https:\\\/\\\/www.sabra.org.br\\\/site\\\/festa-junina\\\/#primaryimage\"},\"thumbnailUrl\":\"https:\\\/\\\/www.sabra.org.br\\\/site\\\/wp-content\\\/uploads\\\/2022\\\/06\\\/importancia-das-festas-juninas-para-a-cultura-brasileira-20220210110336.jpg.jpg\",\"datePublished\":\"2022-06-01T18:46:53+00:00\",\"dateModified\":\"2022-06-02T03:21:40+00:00\",\"description\":\"As festas juninas s\u00e3o importantes para a cultura brasileira. Mistura de tradi\u00e7\u00e3o religiosa e cultura vinda de pa\u00edses como Portugal e Fran\u00e7a.\",\"breadcrumb\":{\"@id\":\"https:\\\/\\\/www.sabra.org.br\\\/site\\\/festa-junina\\\/#breadcrumb\"},\"inLanguage\":\"pt-BR\",\"potentialAction\":[{\"@type\":\"ReadAction\",\"target\":[\"https:\\\/\\\/www.sabra.org.br\\\/site\\\/festa-junina\\\/\"]}]},{\"@type\":\"ImageObject\",\"inLanguage\":\"pt-BR\",\"@id\":\"https:\\\/\\\/www.sabra.org.br\\\/site\\\/festa-junina\\\/#primaryimage\",\"url\":\"https:\\\/\\\/www.sabra.org.br\\\/site\\\/wp-content\\\/uploads\\\/2022\\\/06\\\/importancia-das-festas-juninas-para-a-cultura-brasileira-20220210110336.jpg.jpg\",\"contentUrl\":\"https:\\\/\\\/www.sabra.org.br\\\/site\\\/wp-content\\\/uploads\\\/2022\\\/06\\\/importancia-das-festas-juninas-para-a-cultura-brasileira-20220210110336.jpg.jpg\",\"width\":800,\"height\":534,\"caption\":\"Sociedade Art\u00edstica Brasileira SABRA\"},{\"@type\":\"BreadcrumbList\",\"@id\":\"https:\\\/\\\/www.sabra.org.br\\\/site\\\/festa-junina\\\/#breadcrumb\",\"itemListElement\":[{\"@type\":\"ListItem\",\"position\":1,\"name\":\"In\u00edcio\",\"item\":\"https:\\\/\\\/www.sabra.org.br\\\/site\\\/\"},{\"@type\":\"ListItem\",\"position\":2,\"name\":\"Import\u00e2ncia das festas juninas para a cultura brasileira\"}]},{\"@type\":\"WebSite\",\"@id\":\"https:\\\/\\\/www.sabra.org.br\\\/site\\\/#website\",\"url\":\"https:\\\/\\\/www.sabra.org.br\\\/site\\\/\",\"name\":\"SABRA - Sociedade Art\u00edstica Brasileira\",\"description\":\"Escola de M\u00fasica, Orquestra Sinf\u00f4nica, Coral e Patrim\u00f4nio Cultural e Hist\u00f3rico\",\"publisher\":{\"@id\":\"https:\\\/\\\/www.sabra.org.br\\\/site\\\/#organization\"},\"potentialAction\":[{\"@type\":\"SearchAction\",\"target\":{\"@type\":\"EntryPoint\",\"urlTemplate\":\"https:\\\/\\\/www.sabra.org.br\\\/site\\\/?s={search_term_string}\"},\"query-input\":{\"@type\":\"PropertyValueSpecification\",\"valueRequired\":true,\"valueName\":\"search_term_string\"}}],\"inLanguage\":\"pt-BR\"},{\"@type\":\"Organization\",\"@id\":\"https:\\\/\\\/www.sabra.org.br\\\/site\\\/#organization\",\"name\":\"SOCIEDADE ART\u00cdSTICA BRASILEIRA SABRA\",\"alternateName\":\"SABRA\",\"url\":\"https:\\\/\\\/www.sabra.org.br\\\/site\\\/\",\"logo\":{\"@type\":\"ImageObject\",\"inLanguage\":\"pt-BR\",\"@id\":\"https:\\\/\\\/www.sabra.org.br\\\/site\\\/#\\\/schema\\\/logo\\\/image\\\/\",\"url\":\"https:\\\/\\\/www.sabra.org.br\\\/site\\\/wp-content\\\/uploads\\\/2019\\\/06\\\/cropped-Logo_SABRA-Copia-1.webp\",\"contentUrl\":\"https:\\\/\\\/www.sabra.org.br\\\/site\\\/wp-content\\\/uploads\\\/2019\\\/06\\\/cropped-Logo_SABRA-Copia-1.webp\",\"width\":400,\"height\":128,\"caption\":\"SOCIEDADE ART\u00cdSTICA BRASILEIRA SABRA\"},\"image\":{\"@id\":\"https:\\\/\\\/www.sabra.org.br\\\/site\\\/#\\\/schema\\\/logo\\\/image\\\/\"},\"sameAs\":[\"https:\\\/\\\/www.facebook.com\\\/sabrabrasil\",\"https:\\\/\\\/x.com\\\/ContatoSabra\",\"https:\\\/\\\/www.instagram.com\\\/sabrabrasil\\\/\",\"https:\\\/\\\/www.linkedin.com\\\/company\\\/25002088\\\/\",\"https:\\\/\\\/br.pinterest.com\\\/sociedadeartisticabrasileira\\\/\",\"https:\\\/\\\/www.youtube.com\\\/c\\\/sabrabrasil\"]},{\"@type\":\"Person\",\"@id\":\"https:\\\/\\\/www.sabra.org.br\\\/site\\\/#\\\/schema\\\/person\\\/7d1d222c3c8891d4c37c7b41bf6315c2\",\"name\":\"M\u00e1rcio Miranda Pontes\",\"image\":{\"@type\":\"ImageObject\",\"inLanguage\":\"pt-BR\",\"@id\":\"https:\\\/\\\/secure.gravatar.com\\\/avatar\\\/3b45f24496a7625a3a6c436688fbe20344faaeb2979658dc4a9921f984d7df9a?s=96&d=mm&r=g\",\"url\":\"https:\\\/\\\/secure.gravatar.com\\\/avatar\\\/3b45f24496a7625a3a6c436688fbe20344faaeb2979658dc4a9921f984d7df9a?s=96&d=mm&r=g\",\"contentUrl\":\"https:\\\/\\\/secure.gravatar.com\\\/avatar\\\/3b45f24496a7625a3a6c436688fbe20344faaeb2979658dc4a9921f984d7df9a?s=96&d=mm&r=g\",\"caption\":\"M\u00e1rcio Miranda Pontes\"},\"sameAs\":[\"http:\\\/\\\/www.sabra.org.br\"],\"url\":\"https:\\\/\\\/www.sabra.org.br\\\/site\\\/author\\\/marcio-miranda-pontes\\\/\"}]}<\/script>\n<!-- \/ Yoast SEO plugin. -->","yoast_head_json":{"title":"Import\u00e2ncia das festas juninas para a cultura brasileira - SABRA - Sociedade Art\u00edstica Brasileira","description":"As festas juninas s\u00e3o importantes para a cultura brasileira. Mistura de tradi\u00e7\u00e3o religiosa e cultura vinda de pa\u00edses como Portugal e Fran\u00e7a.","robots":{"index":"index","follow":"follow","max-snippet":"max-snippet:-1","max-image-preview":"max-image-preview:large","max-video-preview":"max-video-preview:-1"},"canonical":"https:\/\/www.sabra.org.br\/site\/festa-junina\/","og_locale":"pt_BR","og_type":"article","og_title":"Import\u00e2ncia das festas juninas para a cultura brasileira - SABRA - Sociedade Art\u00edstica Brasileira","og_description":"As festas juninas s\u00e3o importantes para a cultura brasileira. Mistura de tradi\u00e7\u00e3o religiosa e cultura vinda de pa\u00edses como Portugal e Fran\u00e7a.","og_url":"https:\/\/www.sabra.org.br\/site\/festa-junina\/","og_site_name":"SABRA - Sociedade Art\u00edstica Brasileira","article_publisher":"https:\/\/www.facebook.com\/sabrabrasil","article_published_time":"2022-06-01T18:46:53+00:00","article_modified_time":"2022-06-02T03:21:40+00:00","og_image":[{"width":800,"height":534,"url":"https:\/\/i0.wp.com\/www.sabra.org.br\/site\/wp-content\/uploads\/2022\/06\/importancia-das-festas-juninas-para-a-cultura-brasileira-20220210110336.jpg.jpg?fit=800%2C534&ssl=1","type":"image\/jpeg"}],"author":"M\u00e1rcio Miranda Pontes","twitter_card":"summary_large_image","twitter_creator":"@ContatoSabra","twitter_site":"@ContatoSabra","twitter_misc":{"Escrito por":"M\u00e1rcio Miranda Pontes","Est. tempo de leitura":"4 minutos"},"schema":{"@context":"https:\/\/schema.org","@graph":[{"@type":"Article","@id":"https:\/\/www.sabra.org.br\/site\/festa-junina\/#article","isPartOf":{"@id":"https:\/\/www.sabra.org.br\/site\/festa-junina\/"},"author":{"name":"M\u00e1rcio Miranda Pontes","@id":"https:\/\/www.sabra.org.br\/site\/#\/schema\/person\/7d1d222c3c8891d4c37c7b41bf6315c2"},"headline":"Import\u00e2ncia das festas juninas para a cultura brasileira","datePublished":"2022-06-01T18:46:53+00:00","dateModified":"2022-06-02T03:21:40+00:00","mainEntityOfPage":{"@id":"https:\/\/www.sabra.org.br\/site\/festa-junina\/"},"wordCount":771,"publisher":{"@id":"https:\/\/www.sabra.org.br\/site\/#organization"},"image":{"@id":"https:\/\/www.sabra.org.br\/site\/festa-junina\/#primaryimage"},"thumbnailUrl":"https:\/\/www.sabra.org.br\/site\/wp-content\/uploads\/2022\/06\/importancia-das-festas-juninas-para-a-cultura-brasileira-20220210110336.jpg.jpg","keywords":["Assist\u00eancia social","Belo Horizonte","Cabo Frio","Campos dos Goytacazes","Canto Coral","Contagem","Escola de Musica SABRA","Ibirit\u00e9","Musicaliza\u00e7\u00e3o Infantil","nova lima","Orquestra Infanto Juvenil de Betim","Orquestra Sinf\u00f4nica de Betim","Raposos","Sociedade Art\u00edstica Brasileira"],"articleSection":["Blog SABRA"],"inLanguage":"pt-BR"},{"@type":"WebPage","@id":"https:\/\/www.sabra.org.br\/site\/festa-junina\/","url":"https:\/\/www.sabra.org.br\/site\/festa-junina\/","name":"Import\u00e2ncia das festas juninas para a cultura brasileira - SABRA - Sociedade Art\u00edstica Brasileira","isPartOf":{"@id":"https:\/\/www.sabra.org.br\/site\/#website"},"primaryImageOfPage":{"@id":"https:\/\/www.sabra.org.br\/site\/festa-junina\/#primaryimage"},"image":{"@id":"https:\/\/www.sabra.org.br\/site\/festa-junina\/#primaryimage"},"thumbnailUrl":"https:\/\/www.sabra.org.br\/site\/wp-content\/uploads\/2022\/06\/importancia-das-festas-juninas-para-a-cultura-brasileira-20220210110336.jpg.jpg","datePublished":"2022-06-01T18:46:53+00:00","dateModified":"2022-06-02T03:21:40+00:00","description":"As festas juninas s\u00e3o importantes para a cultura brasileira. Mistura de tradi\u00e7\u00e3o religiosa e cultura vinda de pa\u00edses como Portugal e Fran\u00e7a.","breadcrumb":{"@id":"https:\/\/www.sabra.org.br\/site\/festa-junina\/#breadcrumb"},"inLanguage":"pt-BR","potentialAction":[{"@type":"ReadAction","target":["https:\/\/www.sabra.org.br\/site\/festa-junina\/"]}]},{"@type":"ImageObject","inLanguage":"pt-BR","@id":"https:\/\/www.sabra.org.br\/site\/festa-junina\/#primaryimage","url":"https:\/\/www.sabra.org.br\/site\/wp-content\/uploads\/2022\/06\/importancia-das-festas-juninas-para-a-cultura-brasileira-20220210110336.jpg.jpg","contentUrl":"https:\/\/www.sabra.org.br\/site\/wp-content\/uploads\/2022\/06\/importancia-das-festas-juninas-para-a-cultura-brasileira-20220210110336.jpg.jpg","width":800,"height":534,"caption":"Sociedade Art\u00edstica Brasileira SABRA"},{"@type":"BreadcrumbList","@id":"https:\/\/www.sabra.org.br\/site\/festa-junina\/#breadcrumb","itemListElement":[{"@type":"ListItem","position":1,"name":"In\u00edcio","item":"https:\/\/www.sabra.org.br\/site\/"},{"@type":"ListItem","position":2,"name":"Import\u00e2ncia das festas juninas para a cultura brasileira"}]},{"@type":"WebSite","@id":"https:\/\/www.sabra.org.br\/site\/#website","url":"https:\/\/www.sabra.org.br\/site\/","name":"SABRA - Sociedade Art\u00edstica Brasileira","description":"Escola de M\u00fasica, Orquestra Sinf\u00f4nica, Coral e Patrim\u00f4nio Cultural e Hist\u00f3rico","publisher":{"@id":"https:\/\/www.sabra.org.br\/site\/#organization"},"potentialAction":[{"@type":"SearchAction","target":{"@type":"EntryPoint","urlTemplate":"https:\/\/www.sabra.org.br\/site\/?s={search_term_string}"},"query-input":{"@type":"PropertyValueSpecification","valueRequired":true,"valueName":"search_term_string"}}],"inLanguage":"pt-BR"},{"@type":"Organization","@id":"https:\/\/www.sabra.org.br\/site\/#organization","name":"SOCIEDADE ART\u00cdSTICA BRASILEIRA SABRA","alternateName":"SABRA","url":"https:\/\/www.sabra.org.br\/site\/","logo":{"@type":"ImageObject","inLanguage":"pt-BR","@id":"https:\/\/www.sabra.org.br\/site\/#\/schema\/logo\/image\/","url":"https:\/\/www.sabra.org.br\/site\/wp-content\/uploads\/2019\/06\/cropped-Logo_SABRA-Copia-1.webp","contentUrl":"https:\/\/www.sabra.org.br\/site\/wp-content\/uploads\/2019\/06\/cropped-Logo_SABRA-Copia-1.webp","width":400,"height":128,"caption":"SOCIEDADE ART\u00cdSTICA BRASILEIRA SABRA"},"image":{"@id":"https:\/\/www.sabra.org.br\/site\/#\/schema\/logo\/image\/"},"sameAs":["https:\/\/www.facebook.com\/sabrabrasil","https:\/\/x.com\/ContatoSabra","https:\/\/www.instagram.com\/sabrabrasil\/","https:\/\/www.linkedin.com\/company\/25002088\/","https:\/\/br.pinterest.com\/sociedadeartisticabrasileira\/","https:\/\/www.youtube.com\/c\/sabrabrasil"]},{"@type":"Person","@id":"https:\/\/www.sabra.org.br\/site\/#\/schema\/person\/7d1d222c3c8891d4c37c7b41bf6315c2","name":"M\u00e1rcio Miranda Pontes","image":{"@type":"ImageObject","inLanguage":"pt-BR","@id":"https:\/\/secure.gravatar.com\/avatar\/3b45f24496a7625a3a6c436688fbe20344faaeb2979658dc4a9921f984d7df9a?s=96&d=mm&r=g","url":"https:\/\/secure.gravatar.com\/avatar\/3b45f24496a7625a3a6c436688fbe20344faaeb2979658dc4a9921f984d7df9a?s=96&d=mm&r=g","contentUrl":"https:\/\/secure.gravatar.com\/avatar\/3b45f24496a7625a3a6c436688fbe20344faaeb2979658dc4a9921f984d7df9a?s=96&d=mm&r=g","caption":"M\u00e1rcio Miranda Pontes"},"sameAs":["http:\/\/www.sabra.org.br"],"url":"https:\/\/www.sabra.org.br\/site\/author\/marcio-miranda-pontes\/"}]}},"jetpack_featured_media_url":"https:\/\/www.sabra.org.br\/site\/wp-content\/uploads\/2022\/06\/importancia-das-festas-juninas-para-a-cultura-brasileira-20220210110336.jpg.jpg","jetpack_shortlink":"https:\/\/wp.me\/p95j2Z-1ln","jetpack-related-posts":[{"id":7069,"url":"https:\/\/www.sabra.org.br\/site\/cultura-brasil\/","url_meta":{"origin":5169,"position":0},"title":"A hist\u00f3ria da cultura brasileira","author":"M\u00e1rcio Miranda Pontes","date":"4 de maio de 2023","format":false,"excerpt":"A cultura brasileira \u00e9 uma das mais diversificadas e cheia de significados pr\u00f3prios de todo mundo. Nesse texto voc\u00ea confere um pouco mais sobre essa a hist\u00f3ria dessa riqu\u00edssima cultura.","rel":"","context":"Em &quot;Blog SABRA&quot;","block_context":{"text":"Blog SABRA","link":"https:\/\/www.sabra.org.br\/site\/category\/blog-sabra\/"},"img":{"alt_text":"cultura-brasil-cultural-sociais-contribui\u00e7\u00f5es-diversos-hist\u00f3ria-portugueses-africanos-ind\u00edgenas-brasileira","src":"https:\/\/i0.wp.com\/www.sabra.org.br\/site\/wp-content\/uploads\/2023\/05\/a-historia-da-cultura-brasileira-20171229162457.jpg-jpg.webp?resize=350%2C200&ssl=1","width":350,"height":200,"srcset":"https:\/\/i0.wp.com\/www.sabra.org.br\/site\/wp-content\/uploads\/2023\/05\/a-historia-da-cultura-brasileira-20171229162457.jpg-jpg.webp?resize=350%2C200&ssl=1 1x, https:\/\/i0.wp.com\/www.sabra.org.br\/site\/wp-content\/uploads\/2023\/05\/a-historia-da-cultura-brasileira-20171229162457.jpg-jpg.webp?resize=525%2C300&ssl=1 1.5x"},"classes":[]},{"id":5212,"url":"https:\/\/www.sabra.org.br\/site\/portugal-cultura\/","url_meta":{"origin":5169,"position":1},"title":"Influ\u00eancia da cultura portuguesa no Brasil","author":"M\u00e1rcio Miranda Pontes","date":"14 de junho de 2022","format":false,"excerpt":"Da arquitetura aos nossos h\u00e1bitos \u00e0 mesa, voc\u00ea sabia que h\u00e1, no Brasil, mais influ\u00eancia da cultura portuguesa do que imaginamos? Casar\u00f5es, azulejos, doces com ovos e a\u00e7\u00facar e at\u00e9 as festas juninas s\u00e3o reflexos do pa\u00eds ib\u00e9rico. Leia nosso artigo para aprender sobre outras influ\u00eancias de Portugal.","rel":"","context":"Em &quot;Blog SABRA&quot;","block_context":{"text":"Blog SABRA","link":"https:\/\/www.sabra.org.br\/site\/category\/blog-sabra\/"},"img":{"alt_text":"portugal-portuguesa-cultura-brasil","src":"https:\/\/i0.wp.com\/www.sabra.org.br\/site\/wp-content\/uploads\/2022\/06\/influencia-da-cultura-portuguesa-no-brasil-20220303163637.jpg.jpg?resize=350%2C200&ssl=1","width":350,"height":200,"srcset":"https:\/\/i0.wp.com\/www.sabra.org.br\/site\/wp-content\/uploads\/2022\/06\/influencia-da-cultura-portuguesa-no-brasil-20220303163637.jpg.jpg?resize=350%2C200&ssl=1 1x, https:\/\/i0.wp.com\/www.sabra.org.br\/site\/wp-content\/uploads\/2022\/06\/influencia-da-cultura-portuguesa-no-brasil-20220303163637.jpg.jpg?resize=525%2C300&ssl=1 1.5x, https:\/\/i0.wp.com\/www.sabra.org.br\/site\/wp-content\/uploads\/2022\/06\/influencia-da-cultura-portuguesa-no-brasil-20220303163637.jpg.jpg?resize=700%2C400&ssl=1 2x"},"classes":[]},{"id":6460,"url":"https:\/\/www.sabra.org.br\/site\/natal-musica\/","url_meta":{"origin":5169,"position":2},"title":"M\u00fasicas para embalar o seu Natal","author":"M\u00e1rcio Miranda Pontes","date":"12 de dezembro de 2022","format":false,"excerpt":"O Natal \u00e9 uma \u00e9poca de celebra\u00e7\u00e3o e, por isso, vamos te mostrar seis m\u00fasicas que n\u00e3o podem faltar na sua playlist natalina para aproveitar com os amigos e entes queridos.","rel":"","context":"Em &quot;Blog SABRA&quot;","block_context":{"text":"Blog SABRA","link":"https:\/\/www.sabra.org.br\/site\/category\/blog-sabra\/"},"img":{"alt_text":"m\u00fasica-natal-\u00e1lbum-brasileira-cultura-natalino","src":"https:\/\/i0.wp.com\/www.sabra.org.br\/site\/wp-content\/uploads\/2022\/12\/x-musicas-para-embalar-o-seu-nataljpg-20221124141249.jpg.jpg?resize=350%2C200&ssl=1","width":350,"height":200,"srcset":"https:\/\/i0.wp.com\/www.sabra.org.br\/site\/wp-content\/uploads\/2022\/12\/x-musicas-para-embalar-o-seu-nataljpg-20221124141249.jpg.jpg?resize=350%2C200&ssl=1 1x, https:\/\/i0.wp.com\/www.sabra.org.br\/site\/wp-content\/uploads\/2022\/12\/x-musicas-para-embalar-o-seu-nataljpg-20221124141249.jpg.jpg?resize=525%2C300&ssl=1 1.5x, https:\/\/i0.wp.com\/www.sabra.org.br\/site\/wp-content\/uploads\/2022\/12\/x-musicas-para-embalar-o-seu-nataljpg-20221124141249.jpg.jpg?resize=700%2C400&ssl=1 2x"},"classes":[]},{"id":4479,"url":"https:\/\/www.sabra.org.br\/site\/natal-2021\/","url_meta":{"origin":5169,"position":3},"title":"Feliz Natal e 2022 novo em folha","author":"M\u00e1rcio Miranda Pontes","date":"24 de dezembro de 2021","format":false,"excerpt":"Desejamos um *feliz e aben\u00e7oado Natal*. E que seu 2022 seja mais *leve,* mais *alegre,* mais *pr\u00f3spero,* mais *saud\u00e1vel* e *cercado das pessoas que voc\u00ea ama.* *Boas Festas!* Forte abra\u00e7o, Liliana, M\u00e1rcio Miranda Pontes e equipe *SABRA*","rel":"","context":"Em &quot;Not\u00edcias&quot;","block_context":{"text":"Not\u00edcias","link":"https:\/\/www.sabra.org.br\/site\/category\/noticias\/"},"img":{"alt_text":"natal-2022","src":"https:\/\/i0.wp.com\/www.sabra.org.br\/site\/wp-content\/uploads\/2021\/12\/2022.jpg?resize=350%2C200&ssl=1","width":350,"height":200,"srcset":"https:\/\/i0.wp.com\/www.sabra.org.br\/site\/wp-content\/uploads\/2021\/12\/2022.jpg?resize=350%2C200&ssl=1 1x, https:\/\/i0.wp.com\/www.sabra.org.br\/site\/wp-content\/uploads\/2021\/12\/2022.jpg?resize=525%2C300&ssl=1 1.5x, https:\/\/i0.wp.com\/www.sabra.org.br\/site\/wp-content\/uploads\/2021\/12\/2022.jpg?resize=700%2C400&ssl=1 2x, https:\/\/i0.wp.com\/www.sabra.org.br\/site\/wp-content\/uploads\/2021\/12\/2022.jpg?resize=1050%2C600&ssl=1 3x"},"classes":[]},{"id":13542,"url":"https:\/\/www.sabra.org.br\/site\/diversidade-cultural\/","url_meta":{"origin":5169,"position":4},"title":"Diversidade cultural brasileira: entenda o que \u00e9 e como podemos identificar","author":"M\u00e1rcio Miranda Pontes","date":"13 de maio de 2025","format":false,"excerpt":"Aprecie a riqueza da diversidade cultural brasileira, com sua culin\u00e1ria, religi\u00f5es e costumes presentes em cada canto do pa\u00eds.","rel":"","context":"Em &quot;Blog SABRA&quot;","block_context":{"text":"Blog SABRA","link":"https:\/\/www.sabra.org.br\/site\/category\/blog-sabra\/"},"img":{"alt_text":"","src":"","width":0,"height":0},"classes":[]},{"id":5155,"url":"https:\/\/www.sabra.org.br\/site\/lenda-indigena\/","url_meta":{"origin":5169,"position":5},"title":"Lendas ind\u00edgenas que voc\u00ea precisa conhecer","author":"M\u00e1rcio Miranda Pontes","date":"27 de maio de 2022","format":false,"excerpt":"A cultura ind\u00edgena \u00e9 uma das mais ricas de nosso pa\u00eds, sendo repleta de hist\u00f3rias incr\u00edveis. Vamos conhecer juntos algumas das principais lendas deste povo? Ent\u00e3o, \u00e9 s\u00f3 conferir este artigo especial.","rel":"","context":"Em &quot;Blog SABRA&quot;","block_context":{"text":"Blog SABRA","link":"https:\/\/www.sabra.org.br\/site\/category\/blog-sabra\/"},"img":{"alt_text":"lenda-ind\u00edgena-cultura","src":"https:\/\/i0.wp.com\/www.sabra.org.br\/site\/wp-content\/uploads\/2022\/05\/x-lendas-indigenas-que-voce-precisa-conhecer-20220210110336.jpg.jpg?resize=350%2C200&ssl=1","width":350,"height":200,"srcset":"https:\/\/i0.wp.com\/www.sabra.org.br\/site\/wp-content\/uploads\/2022\/05\/x-lendas-indigenas-que-voce-precisa-conhecer-20220210110336.jpg.jpg?resize=350%2C200&ssl=1 1x, https:\/\/i0.wp.com\/www.sabra.org.br\/site\/wp-content\/uploads\/2022\/05\/x-lendas-indigenas-que-voce-precisa-conhecer-20220210110336.jpg.jpg?resize=525%2C300&ssl=1 1.5x, https:\/\/i0.wp.com\/www.sabra.org.br\/site\/wp-content\/uploads\/2022\/05\/x-lendas-indigenas-que-voce-precisa-conhecer-20220210110336.jpg.jpg?resize=700%2C400&ssl=1 2x"},"classes":[]}],"jetpack_likes_enabled":true,"jetpack_sharing_enabled":true,"_links":{"self":[{"href":"https:\/\/www.sabra.org.br\/site\/wp-json\/wp\/v2\/posts\/5169","targetHints":{"allow":["GET"]}}],"collection":[{"href":"https:\/\/www.sabra.org.br\/site\/wp-json\/wp\/v2\/posts"}],"about":[{"href":"https:\/\/www.sabra.org.br\/site\/wp-json\/wp\/v2\/types\/post"}],"author":[{"embeddable":true,"href":"https:\/\/www.sabra.org.br\/site\/wp-json\/wp\/v2\/users\/39"}],"replies":[{"embeddable":true,"href":"https:\/\/www.sabra.org.br\/site\/wp-json\/wp\/v2\/comments?post=5169"}],"version-history":[{"count":0,"href":"https:\/\/www.sabra.org.br\/site\/wp-json\/wp\/v2\/posts\/5169\/revisions"}],"wp:featuredmedia":[{"embeddable":true,"href":"https:\/\/www.sabra.org.br\/site\/wp-json\/wp\/v2\/media\/5170"}],"wp:attachment":[{"href":"https:\/\/www.sabra.org.br\/site\/wp-json\/wp\/v2\/media?parent=5169"}],"wp:term":[{"taxonomy":"category","embeddable":true,"href":"https:\/\/www.sabra.org.br\/site\/wp-json\/wp\/v2\/categories?post=5169"},{"taxonomy":"post_tag","embeddable":true,"href":"https:\/\/www.sabra.org.br\/site\/wp-json\/wp\/v2\/tags?post=5169"}],"curies":[{"name":"wp","href":"https:\/\/api.w.org\/{rel}","templated":true}]}}