{"id":5187,"date":"2022-06-07T08:36:53","date_gmt":"2022-06-07T11:36:53","guid":{"rendered":"https:\/\/www.sabra.org.br\/site\/?p=5187"},"modified":"2022-06-07T08:36:53","modified_gmt":"2022-06-07T11:36:53","slug":"poema-brasileiro","status":"publish","type":"post","link":"https:\/\/www.sabra.org.br\/site\/poema-brasileiro\/","title":{"rendered":"Curiosidades sobre a Can\u00e7\u00e3o do ex\u00edlio"},"content":{"rendered":"<p>[vc_row][vc_column][vc_column_text]\u201cMinha terra tem palmeiras, onde canta o sabi\u00e1. As aves, que aqui gorjeiam, n\u00e3o gorjeiam como l\u00e1\u201d. Quem j\u00e1 n\u00e3o ouviu esse belo poema bem brasileiro? Criada no m\u00eas de julho do ano 1843, na primeira fase do Romantismo, pelo escritor brasileiro Gon\u00e7alves Dias, a Can\u00e7\u00e3o do Ex\u00edlio tem um forte simbolismo e sentimento de patriotismo e nacionalismo.<\/p>\n<p>Presente no livro \u201cPrimeiros Cantos\u201d, de 1846, a obra apresenta diversos fatores que contribuem para a sua interpreta\u00e7\u00e3o e d\u00e3o sentido \u00e0 toda import\u00e2ncia hist\u00f3rica que o poema ocupa na cultura brasileira. A come\u00e7ar pelo pr\u00f3prio t\u00edtulo e a presen\u00e7a da palavra \u201cex\u00edlio\u201d, que representa o momento em que uma pessoa est\u00e1 longe e sente falta de seu pa\u00eds de origem, da sua terra natal.<\/p>\n<h2>A import\u00e2ncia da obra no seu contexto hist\u00f3rico<\/h2>\n<p>O nacionalismo gerado em toda a popula\u00e7\u00e3o ap\u00f3s a Independ\u00eancia do Brasil, em 1822, e todas as decorr\u00eancias do rompimento social, pol\u00edtico e econ\u00f4mico com Portugal, al\u00e9m da constru\u00e7\u00e3o de uma nova cultura, ocasionaram uma grande valoriza\u00e7\u00e3o das caracter\u00edsticas, riquezas e particularidades do Brasil.<\/p>\n<p>Ao descrever as belezas e atrativos da na\u00e7\u00e3o brasileira, os versos os comparam com Portugal. Apesar de n\u00e3o citar nenhum dos pa\u00edses, tal compara\u00e7\u00e3o fica clara devido a localiza\u00e7\u00e3o do autor no momento da cria\u00e7\u00e3o do poema, j\u00e1 que ele estava em Coimbra estudando.<\/p>\n<p>Ao fazer uso das express\u00f5es \u201cl\u00e1\u201d, o autor se refere ao Brasil, e \u201cc\u00e1\u201d \u00e0 Portugal. Formado por 24 versos e cinco estrofes no total, sendo quartetos as tr\u00eas primeiras e sextetos as outras duas.<\/p>\n<h2>Desdobramentos e influ\u00eancias da obra em outras produ\u00e7\u00f5es liter\u00e1rias<\/h2>\n<p>Diante do seu ilustre reconhecimento, a obra foi retomada por outros grandes nomes da literatura brasileira nos mais diferentes tipos de g\u00eaneros textuais, como, por exemplo, \u201cA Nova Can\u00e7\u00e3o do Ex\u00edlio\u201d, de autoria de Carlos Drumond de Andrade e a \u201cCan\u00e7\u00e3o Sabi\u00e1\u201d, de Tom Jobim e Chico Buarque.<\/p>\n<p>Ademais, o poema tamb\u00e9m marca forte presen\u00e7a nos ambientes educacionais, constando nos mais diferentes tipos de atividades e disciplinas escolares, enriquecendo os conhecimentos liter\u00e1rios e hist\u00f3ricos brasileiros, bem como todas as quest\u00f5es relacionadas.<\/p>\n<h2>Sobre o autor<\/h2>\n<p>Considerado um dos melhores poetas l\u00edricos da literatura brasileira, Gon\u00e7alves dias nasceu em 1823 no Maranh\u00e3o e faleceu em 1864 quando retornava ao Brasil de Portugal, no naufr\u00e1gio do navio Ville de Boulogne.<\/p>\n<p>Al\u00e9m de poeta, tamb\u00e9m foi jornalista, teatr\u00f3logo, professor, etn\u00f3logo e cr\u00edtico de hist\u00f3ria. As tem\u00e1ticas de suas obras giraram em torno dos \u00edndios e quest\u00f5es relacionadas ao afeto \u00e0 sua terra natal, ao nacionalismo. \u00c9 Patrono da cadeira n\u00famero 15 da Academia Brasileira de Letras, por escolha de Olavo Bilac.<\/p>\n<p>O poeta estudou na Europa, mais precisamente na Faculdade de Coimbra, onde ingressou em 1838 no curso de direito, al\u00e9m de realizar diversos outros cursos e grupos.<\/p>\n<p>O seu retorno ao Brasil s\u00f3 aconteceu ap\u00f3s concluir a faculdade em 1845. Foi nesse per\u00edodo, sentindo falta da sua terra natal, que o poema Can\u00e7\u00e3o do Ex\u00edlio teve in\u00edcio, bem como outros poemas que fizeram parte dos livros \u201cPrimeiros Cantos\u201d e \u201cSegundos Cantos\u201d.<\/p>\n<blockquote class=\"wp-embedded-content\" data-secret=\"0MBtdjX6P9\"><p><a href=\"https:\/\/www.sabra.org.br\/site\/pobreza\/\">Saiba os principais desafios da erradica\u00e7\u00e3o da pobreza no Brasil<\/a><\/p><\/blockquote>\n<p><iframe class=\"wp-embedded-content\" sandbox=\"allow-scripts\" security=\"restricted\" style=\"position: absolute; clip: rect(1px, 1px, 1px, 1px);\" title=\"&#8220;Saiba os principais desafios da erradica\u00e7\u00e3o da pobreza no Brasil&#8221; &#8212; SABRA - Sociedade Art\u00edstica Brasileira\" src=\"https:\/\/www.sabra.org.br\/site\/pobreza\/embed\/#?secret=LD6aGRLGvS#?secret=0MBtdjX6P9\" data-secret=\"0MBtdjX6P9\" width=\"600\" height=\"338\" frameborder=\"0\" marginwidth=\"0\" marginheight=\"0\" scrolling=\"no\"><\/iframe><\/p>\n<hr \/>\n<h2>Se voc\u00ea gostou deste post:<\/h2>\n<p>&#8211; SIGA as nossas p\u00e1ginas nas redes sociais para acompanhar as nossas atualiza\u00e7\u00f5es: estamos no <a href=\"https:\/\/www.facebook.com\/sabrabrasil\" target=\"_blank\" rel=\"noopener\">Facebook<\/a>, no <a href=\"https:\/\/www.instagram.com\/sabrabrasil\/\" target=\"_blank\" rel=\"noopener\">Instagram<\/a>, no <a href=\"https:\/\/www.linkedin.com\/company\/25002088\" target=\"_blank\" rel=\"noopener\">LinkedIn<\/a>, no <a href=\"https:\/\/twitter.com\/ContatoSabra\" target=\"_blank\" rel=\"noopener\">Twitter<\/a> e no <a href=\"https:\/\/www.youtube.com\/channel\/UCJw-kbuEvzUNdeQf20Pa-eQ\" target=\"_blank\" rel=\"noopener\">YouTube<\/a>!<\/p>\n<p>&#8211; CONHE\u00c7A o trabalho da Sociedade Art\u00edstica Brasileira (SABRA) e todas as iniciativas culturais e sociais que ela mant\u00e9m. <a href=\"https:\/\/www.sabra.org.br\/site\/acoes\/\" target=\"_blank\" rel=\"noopener\">Acesse nosso site!<\/a><\/p>\n<p>&#8211; ENTRE EM CONTATO com a gente. E veja quais s\u00e3o as op\u00e7\u00f5es de ajuda na manuten\u00e7\u00e3o de nossas a\u00e7\u00f5es sociais e culturais. Basta acessar nossa p\u00e1gina <a href=\"https:\/\/www.sabra.org.br\/site\/doe-agora\/\" target=\"_blank\" rel=\"noopener\">Doe Agora!<\/a><\/p>\n<p>&#8211; COMPARTILHE este texto nas suas redes sociais e ajude os seus amigos a tamb\u00e9m dominarem o assunto!<\/p>\n<p>\u2013 Os projetos da @sabrabrasil s\u00e3o realizados com o patroci\u0301nio m\u00e1ster: @vallourec e @institutounimedbh, viabilizado pelo incentivo de mais de 5,2 mil m\u00e9dicos cooperados e colaboradores via Lei de Incentivo \u00e0 Cultura &#8211; @mturismo, @culturagovbr. Apoio: @prefeiturabetim[\/vc_column_text][\/vc_column][\/vc_row]<\/p>\n","protected":false},"excerpt":{"rendered":"<p>A literatura brasileira apresenta uma grande carga de significados hist\u00f3ricos. O poema Can\u00e7\u00e3o do Ex\u00edlio, de Gon\u00e7alves Dias, \u00e9 um bom exemplo disso. Saiba o que faz dela uma riqueza nacional.<\/p>\n","protected":false},"author":39,"featured_media":5189,"comment_status":"closed","ping_status":"closed","sticky":false,"template":"","format":"standard","meta":{"jetpack_post_was_ever_published":false,"_jetpack_newsletter_access":"","_jetpack_dont_email_post_to_subs":false,"_jetpack_newsletter_tier_id":0,"_jetpack_memberships_contains_paywalled_content":false,"_jetpack_memberships_contains_paid_content":false,"footnotes":""},"categories":[1],"tags":[15,2757,3626,3623,8,3629,1285,3628,16,3519,1286,11,3622,9],"class_list":["post-5187","post","type-post","status-publish","format-standard","has-post-thumbnail","hentry","category-blog-sabra","tag-assistencia-social","tag-belo-horizonte","tag-cabo-frio","tag-campos-dos-goytacazes","tag-canto-coral","tag-contagem","tag-escola-de-musica-sabra","tag-ibirite","tag-musicalizacao-infantil","tag-nova-lima-2","tag-orquestra-infanto-juvenil-de-betim","tag-orquestra-sinfonica-de-betim","tag-raposos","tag-sociedade-artistica-brasileira"],"yoast_head":"<!-- This site is optimized with the Yoast SEO plugin v27.5 - https:\/\/yoast.com\/product\/yoast-seo-wordpress\/ -->\n<title>Curiosidades sobre a Can\u00e7\u00e3o do ex\u00edlio - SABRA - Sociedade Art\u00edstica Brasileira<\/title>\n<meta name=\"description\" content=\"A literatura brasileira apresenta uma grande carga de significados hist\u00f3ricos. O poema Can\u00e7\u00e3o do Ex\u00edlio, de Gon\u00e7alves Dias, \u00e9 um bom exemplo.\" \/>\n<meta name=\"robots\" content=\"index, follow, max-snippet:-1, max-image-preview:large, max-video-preview:-1\" \/>\n<link rel=\"canonical\" href=\"https:\/\/www.sabra.org.br\/site\/poema-brasileiro\/\" \/>\n<meta property=\"og:locale\" content=\"pt_BR\" \/>\n<meta property=\"og:type\" content=\"article\" \/>\n<meta property=\"og:title\" content=\"Curiosidades sobre a Can\u00e7\u00e3o do ex\u00edlio - SABRA - Sociedade Art\u00edstica Brasileira\" \/>\n<meta property=\"og:description\" content=\"A literatura brasileira apresenta uma grande carga de significados hist\u00f3ricos. O poema Can\u00e7\u00e3o do Ex\u00edlio, de Gon\u00e7alves Dias, \u00e9 um bom exemplo.\" \/>\n<meta property=\"og:url\" content=\"https:\/\/www.sabra.org.br\/site\/poema-brasileiro\/\" \/>\n<meta property=\"og:site_name\" content=\"SABRA - Sociedade Art\u00edstica Brasileira\" \/>\n<meta property=\"article:publisher\" content=\"https:\/\/www.facebook.com\/sabrabrasil\" \/>\n<meta property=\"article:published_time\" content=\"2022-06-07T11:36:53+00:00\" \/>\n<meta property=\"og:image\" content=\"https:\/\/i0.wp.com\/www.sabra.org.br\/site\/wp-content\/uploads\/2022\/06\/curiosidades-sobre-a-cancao-do-exilio-20220210110336.jpg.jpg?fit=800%2C498&ssl=1\" \/>\n\t<meta property=\"og:image:width\" content=\"800\" \/>\n\t<meta property=\"og:image:height\" content=\"498\" \/>\n\t<meta property=\"og:image:type\" content=\"image\/jpeg\" \/>\n<meta name=\"author\" content=\"M\u00e1rcio Miranda Pontes\" \/>\n<meta name=\"twitter:card\" content=\"summary_large_image\" \/>\n<meta name=\"twitter:creator\" content=\"@ContatoSabra\" \/>\n<meta name=\"twitter:site\" content=\"@ContatoSabra\" \/>\n<meta name=\"twitter:label1\" content=\"Escrito por\" \/>\n\t<meta name=\"twitter:data1\" content=\"M\u00e1rcio Miranda Pontes\" \/>\n\t<meta name=\"twitter:label2\" content=\"Est. tempo de leitura\" \/>\n\t<meta name=\"twitter:data2\" content=\"4 minutos\" \/>\n<script type=\"application\/ld+json\" class=\"yoast-schema-graph\">{\"@context\":\"https:\\\/\\\/schema.org\",\"@graph\":[{\"@type\":\"Article\",\"@id\":\"https:\\\/\\\/www.sabra.org.br\\\/site\\\/poema-brasileiro\\\/#article\",\"isPartOf\":{\"@id\":\"https:\\\/\\\/www.sabra.org.br\\\/site\\\/poema-brasileiro\\\/\"},\"author\":{\"name\":\"M\u00e1rcio Miranda Pontes\",\"@id\":\"https:\\\/\\\/www.sabra.org.br\\\/site\\\/#\\\/schema\\\/person\\\/7d1d222c3c8891d4c37c7b41bf6315c2\"},\"headline\":\"Curiosidades sobre a Can\u00e7\u00e3o do ex\u00edlio\",\"datePublished\":\"2022-06-07T11:36:53+00:00\",\"mainEntityOfPage\":{\"@id\":\"https:\\\/\\\/www.sabra.org.br\\\/site\\\/poema-brasileiro\\\/\"},\"wordCount\":732,\"publisher\":{\"@id\":\"https:\\\/\\\/www.sabra.org.br\\\/site\\\/#organization\"},\"image\":{\"@id\":\"https:\\\/\\\/www.sabra.org.br\\\/site\\\/poema-brasileiro\\\/#primaryimage\"},\"thumbnailUrl\":\"https:\\\/\\\/www.sabra.org.br\\\/site\\\/wp-content\\\/uploads\\\/2022\\\/06\\\/curiosidades-sobre-a-cancao-do-exilio-20220210110336.jpg.jpg\",\"keywords\":[\"Assist\u00eancia social\",\"Belo Horizonte\",\"Cabo Frio\",\"Campos dos Goytacazes\",\"Canto Coral\",\"Contagem\",\"Escola de Musica SABRA\",\"Ibirit\u00e9\",\"Musicaliza\u00e7\u00e3o Infantil\",\"nova lima\",\"Orquestra Infanto Juvenil de Betim\",\"Orquestra Sinf\u00f4nica de Betim\",\"Raposos\",\"Sociedade Art\u00edstica Brasileira\"],\"articleSection\":[\"Blog SABRA\"],\"inLanguage\":\"pt-BR\"},{\"@type\":\"WebPage\",\"@id\":\"https:\\\/\\\/www.sabra.org.br\\\/site\\\/poema-brasileiro\\\/\",\"url\":\"https:\\\/\\\/www.sabra.org.br\\\/site\\\/poema-brasileiro\\\/\",\"name\":\"Curiosidades sobre a Can\u00e7\u00e3o do ex\u00edlio - SABRA - Sociedade Art\u00edstica Brasileira\",\"isPartOf\":{\"@id\":\"https:\\\/\\\/www.sabra.org.br\\\/site\\\/#website\"},\"primaryImageOfPage\":{\"@id\":\"https:\\\/\\\/www.sabra.org.br\\\/site\\\/poema-brasileiro\\\/#primaryimage\"},\"image\":{\"@id\":\"https:\\\/\\\/www.sabra.org.br\\\/site\\\/poema-brasileiro\\\/#primaryimage\"},\"thumbnailUrl\":\"https:\\\/\\\/www.sabra.org.br\\\/site\\\/wp-content\\\/uploads\\\/2022\\\/06\\\/curiosidades-sobre-a-cancao-do-exilio-20220210110336.jpg.jpg\",\"datePublished\":\"2022-06-07T11:36:53+00:00\",\"description\":\"A literatura brasileira apresenta uma grande carga de significados hist\u00f3ricos. O poema Can\u00e7\u00e3o do Ex\u00edlio, de Gon\u00e7alves Dias, \u00e9 um bom exemplo.\",\"breadcrumb\":{\"@id\":\"https:\\\/\\\/www.sabra.org.br\\\/site\\\/poema-brasileiro\\\/#breadcrumb\"},\"inLanguage\":\"pt-BR\",\"potentialAction\":[{\"@type\":\"ReadAction\",\"target\":[\"https:\\\/\\\/www.sabra.org.br\\\/site\\\/poema-brasileiro\\\/\"]}]},{\"@type\":\"ImageObject\",\"inLanguage\":\"pt-BR\",\"@id\":\"https:\\\/\\\/www.sabra.org.br\\\/site\\\/poema-brasileiro\\\/#primaryimage\",\"url\":\"https:\\\/\\\/www.sabra.org.br\\\/site\\\/wp-content\\\/uploads\\\/2022\\\/06\\\/curiosidades-sobre-a-cancao-do-exilio-20220210110336.jpg.jpg\",\"contentUrl\":\"https:\\\/\\\/www.sabra.org.br\\\/site\\\/wp-content\\\/uploads\\\/2022\\\/06\\\/curiosidades-sobre-a-cancao-do-exilio-20220210110336.jpg.jpg\",\"width\":800,\"height\":498,\"caption\":\"Sociedade Art\u00edstica Brasileira SABRA\"},{\"@type\":\"BreadcrumbList\",\"@id\":\"https:\\\/\\\/www.sabra.org.br\\\/site\\\/poema-brasileiro\\\/#breadcrumb\",\"itemListElement\":[{\"@type\":\"ListItem\",\"position\":1,\"name\":\"In\u00edcio\",\"item\":\"https:\\\/\\\/www.sabra.org.br\\\/site\\\/\"},{\"@type\":\"ListItem\",\"position\":2,\"name\":\"Curiosidades sobre a Can\u00e7\u00e3o do ex\u00edlio\"}]},{\"@type\":\"WebSite\",\"@id\":\"https:\\\/\\\/www.sabra.org.br\\\/site\\\/#website\",\"url\":\"https:\\\/\\\/www.sabra.org.br\\\/site\\\/\",\"name\":\"SABRA - Sociedade Art\u00edstica Brasileira\",\"description\":\"Escola de M\u00fasica, Orquestra Sinf\u00f4nica, Coral e Patrim\u00f4nio Cultural e Hist\u00f3rico\",\"publisher\":{\"@id\":\"https:\\\/\\\/www.sabra.org.br\\\/site\\\/#organization\"},\"potentialAction\":[{\"@type\":\"SearchAction\",\"target\":{\"@type\":\"EntryPoint\",\"urlTemplate\":\"https:\\\/\\\/www.sabra.org.br\\\/site\\\/?s={search_term_string}\"},\"query-input\":{\"@type\":\"PropertyValueSpecification\",\"valueRequired\":true,\"valueName\":\"search_term_string\"}}],\"inLanguage\":\"pt-BR\"},{\"@type\":\"Organization\",\"@id\":\"https:\\\/\\\/www.sabra.org.br\\\/site\\\/#organization\",\"name\":\"SOCIEDADE ART\u00cdSTICA BRASILEIRA SABRA\",\"alternateName\":\"SABRA\",\"url\":\"https:\\\/\\\/www.sabra.org.br\\\/site\\\/\",\"logo\":{\"@type\":\"ImageObject\",\"inLanguage\":\"pt-BR\",\"@id\":\"https:\\\/\\\/www.sabra.org.br\\\/site\\\/#\\\/schema\\\/logo\\\/image\\\/\",\"url\":\"https:\\\/\\\/www.sabra.org.br\\\/site\\\/wp-content\\\/uploads\\\/2019\\\/06\\\/cropped-Logo_SABRA-Copia-1.webp\",\"contentUrl\":\"https:\\\/\\\/www.sabra.org.br\\\/site\\\/wp-content\\\/uploads\\\/2019\\\/06\\\/cropped-Logo_SABRA-Copia-1.webp\",\"width\":400,\"height\":128,\"caption\":\"SOCIEDADE ART\u00cdSTICA BRASILEIRA SABRA\"},\"image\":{\"@id\":\"https:\\\/\\\/www.sabra.org.br\\\/site\\\/#\\\/schema\\\/logo\\\/image\\\/\"},\"sameAs\":[\"https:\\\/\\\/www.facebook.com\\\/sabrabrasil\",\"https:\\\/\\\/x.com\\\/ContatoSabra\",\"https:\\\/\\\/www.instagram.com\\\/sabrabrasil\\\/\",\"https:\\\/\\\/www.linkedin.com\\\/company\\\/25002088\\\/\",\"https:\\\/\\\/br.pinterest.com\\\/sociedadeartisticabrasileira\\\/\",\"https:\\\/\\\/www.youtube.com\\\/c\\\/sabrabrasil\"]},{\"@type\":\"Person\",\"@id\":\"https:\\\/\\\/www.sabra.org.br\\\/site\\\/#\\\/schema\\\/person\\\/7d1d222c3c8891d4c37c7b41bf6315c2\",\"name\":\"M\u00e1rcio Miranda Pontes\",\"image\":{\"@type\":\"ImageObject\",\"inLanguage\":\"pt-BR\",\"@id\":\"https:\\\/\\\/secure.gravatar.com\\\/avatar\\\/3b45f24496a7625a3a6c436688fbe20344faaeb2979658dc4a9921f984d7df9a?s=96&d=mm&r=g\",\"url\":\"https:\\\/\\\/secure.gravatar.com\\\/avatar\\\/3b45f24496a7625a3a6c436688fbe20344faaeb2979658dc4a9921f984d7df9a?s=96&d=mm&r=g\",\"contentUrl\":\"https:\\\/\\\/secure.gravatar.com\\\/avatar\\\/3b45f24496a7625a3a6c436688fbe20344faaeb2979658dc4a9921f984d7df9a?s=96&d=mm&r=g\",\"caption\":\"M\u00e1rcio Miranda Pontes\"},\"sameAs\":[\"http:\\\/\\\/www.sabra.org.br\"],\"url\":\"https:\\\/\\\/www.sabra.org.br\\\/site\\\/author\\\/marcio-miranda-pontes\\\/\"}]}<\/script>\n<!-- \/ Yoast SEO plugin. -->","yoast_head_json":{"title":"Curiosidades sobre a Can\u00e7\u00e3o do ex\u00edlio - SABRA - Sociedade Art\u00edstica Brasileira","description":"A literatura brasileira apresenta uma grande carga de significados hist\u00f3ricos. O poema Can\u00e7\u00e3o do Ex\u00edlio, de Gon\u00e7alves Dias, \u00e9 um bom exemplo.","robots":{"index":"index","follow":"follow","max-snippet":"max-snippet:-1","max-image-preview":"max-image-preview:large","max-video-preview":"max-video-preview:-1"},"canonical":"https:\/\/www.sabra.org.br\/site\/poema-brasileiro\/","og_locale":"pt_BR","og_type":"article","og_title":"Curiosidades sobre a Can\u00e7\u00e3o do ex\u00edlio - SABRA - Sociedade Art\u00edstica Brasileira","og_description":"A literatura brasileira apresenta uma grande carga de significados hist\u00f3ricos. O poema Can\u00e7\u00e3o do Ex\u00edlio, de Gon\u00e7alves Dias, \u00e9 um bom exemplo.","og_url":"https:\/\/www.sabra.org.br\/site\/poema-brasileiro\/","og_site_name":"SABRA - Sociedade Art\u00edstica Brasileira","article_publisher":"https:\/\/www.facebook.com\/sabrabrasil","article_published_time":"2022-06-07T11:36:53+00:00","og_image":[{"width":800,"height":498,"url":"https:\/\/i0.wp.com\/www.sabra.org.br\/site\/wp-content\/uploads\/2022\/06\/curiosidades-sobre-a-cancao-do-exilio-20220210110336.jpg.jpg?fit=800%2C498&ssl=1","type":"image\/jpeg"}],"author":"M\u00e1rcio Miranda Pontes","twitter_card":"summary_large_image","twitter_creator":"@ContatoSabra","twitter_site":"@ContatoSabra","twitter_misc":{"Escrito por":"M\u00e1rcio Miranda Pontes","Est. tempo de leitura":"4 minutos"},"schema":{"@context":"https:\/\/schema.org","@graph":[{"@type":"Article","@id":"https:\/\/www.sabra.org.br\/site\/poema-brasileiro\/#article","isPartOf":{"@id":"https:\/\/www.sabra.org.br\/site\/poema-brasileiro\/"},"author":{"name":"M\u00e1rcio Miranda Pontes","@id":"https:\/\/www.sabra.org.br\/site\/#\/schema\/person\/7d1d222c3c8891d4c37c7b41bf6315c2"},"headline":"Curiosidades sobre a Can\u00e7\u00e3o do ex\u00edlio","datePublished":"2022-06-07T11:36:53+00:00","mainEntityOfPage":{"@id":"https:\/\/www.sabra.org.br\/site\/poema-brasileiro\/"},"wordCount":732,"publisher":{"@id":"https:\/\/www.sabra.org.br\/site\/#organization"},"image":{"@id":"https:\/\/www.sabra.org.br\/site\/poema-brasileiro\/#primaryimage"},"thumbnailUrl":"https:\/\/www.sabra.org.br\/site\/wp-content\/uploads\/2022\/06\/curiosidades-sobre-a-cancao-do-exilio-20220210110336.jpg.jpg","keywords":["Assist\u00eancia social","Belo Horizonte","Cabo Frio","Campos dos Goytacazes","Canto Coral","Contagem","Escola de Musica SABRA","Ibirit\u00e9","Musicaliza\u00e7\u00e3o Infantil","nova lima","Orquestra Infanto Juvenil de Betim","Orquestra Sinf\u00f4nica de Betim","Raposos","Sociedade Art\u00edstica Brasileira"],"articleSection":["Blog SABRA"],"inLanguage":"pt-BR"},{"@type":"WebPage","@id":"https:\/\/www.sabra.org.br\/site\/poema-brasileiro\/","url":"https:\/\/www.sabra.org.br\/site\/poema-brasileiro\/","name":"Curiosidades sobre a Can\u00e7\u00e3o do ex\u00edlio - SABRA - Sociedade Art\u00edstica Brasileira","isPartOf":{"@id":"https:\/\/www.sabra.org.br\/site\/#website"},"primaryImageOfPage":{"@id":"https:\/\/www.sabra.org.br\/site\/poema-brasileiro\/#primaryimage"},"image":{"@id":"https:\/\/www.sabra.org.br\/site\/poema-brasileiro\/#primaryimage"},"thumbnailUrl":"https:\/\/www.sabra.org.br\/site\/wp-content\/uploads\/2022\/06\/curiosidades-sobre-a-cancao-do-exilio-20220210110336.jpg.jpg","datePublished":"2022-06-07T11:36:53+00:00","description":"A literatura brasileira apresenta uma grande carga de significados hist\u00f3ricos. O poema Can\u00e7\u00e3o do Ex\u00edlio, de Gon\u00e7alves Dias, \u00e9 um bom exemplo.","breadcrumb":{"@id":"https:\/\/www.sabra.org.br\/site\/poema-brasileiro\/#breadcrumb"},"inLanguage":"pt-BR","potentialAction":[{"@type":"ReadAction","target":["https:\/\/www.sabra.org.br\/site\/poema-brasileiro\/"]}]},{"@type":"ImageObject","inLanguage":"pt-BR","@id":"https:\/\/www.sabra.org.br\/site\/poema-brasileiro\/#primaryimage","url":"https:\/\/www.sabra.org.br\/site\/wp-content\/uploads\/2022\/06\/curiosidades-sobre-a-cancao-do-exilio-20220210110336.jpg.jpg","contentUrl":"https:\/\/www.sabra.org.br\/site\/wp-content\/uploads\/2022\/06\/curiosidades-sobre-a-cancao-do-exilio-20220210110336.jpg.jpg","width":800,"height":498,"caption":"Sociedade Art\u00edstica Brasileira SABRA"},{"@type":"BreadcrumbList","@id":"https:\/\/www.sabra.org.br\/site\/poema-brasileiro\/#breadcrumb","itemListElement":[{"@type":"ListItem","position":1,"name":"In\u00edcio","item":"https:\/\/www.sabra.org.br\/site\/"},{"@type":"ListItem","position":2,"name":"Curiosidades sobre a Can\u00e7\u00e3o do ex\u00edlio"}]},{"@type":"WebSite","@id":"https:\/\/www.sabra.org.br\/site\/#website","url":"https:\/\/www.sabra.org.br\/site\/","name":"SABRA - Sociedade Art\u00edstica Brasileira","description":"Escola de M\u00fasica, Orquestra Sinf\u00f4nica, Coral e Patrim\u00f4nio Cultural e Hist\u00f3rico","publisher":{"@id":"https:\/\/www.sabra.org.br\/site\/#organization"},"potentialAction":[{"@type":"SearchAction","target":{"@type":"EntryPoint","urlTemplate":"https:\/\/www.sabra.org.br\/site\/?s={search_term_string}"},"query-input":{"@type":"PropertyValueSpecification","valueRequired":true,"valueName":"search_term_string"}}],"inLanguage":"pt-BR"},{"@type":"Organization","@id":"https:\/\/www.sabra.org.br\/site\/#organization","name":"SOCIEDADE ART\u00cdSTICA BRASILEIRA SABRA","alternateName":"SABRA","url":"https:\/\/www.sabra.org.br\/site\/","logo":{"@type":"ImageObject","inLanguage":"pt-BR","@id":"https:\/\/www.sabra.org.br\/site\/#\/schema\/logo\/image\/","url":"https:\/\/www.sabra.org.br\/site\/wp-content\/uploads\/2019\/06\/cropped-Logo_SABRA-Copia-1.webp","contentUrl":"https:\/\/www.sabra.org.br\/site\/wp-content\/uploads\/2019\/06\/cropped-Logo_SABRA-Copia-1.webp","width":400,"height":128,"caption":"SOCIEDADE ART\u00cdSTICA BRASILEIRA SABRA"},"image":{"@id":"https:\/\/www.sabra.org.br\/site\/#\/schema\/logo\/image\/"},"sameAs":["https:\/\/www.facebook.com\/sabrabrasil","https:\/\/x.com\/ContatoSabra","https:\/\/www.instagram.com\/sabrabrasil\/","https:\/\/www.linkedin.com\/company\/25002088\/","https:\/\/br.pinterest.com\/sociedadeartisticabrasileira\/","https:\/\/www.youtube.com\/c\/sabrabrasil"]},{"@type":"Person","@id":"https:\/\/www.sabra.org.br\/site\/#\/schema\/person\/7d1d222c3c8891d4c37c7b41bf6315c2","name":"M\u00e1rcio Miranda Pontes","image":{"@type":"ImageObject","inLanguage":"pt-BR","@id":"https:\/\/secure.gravatar.com\/avatar\/3b45f24496a7625a3a6c436688fbe20344faaeb2979658dc4a9921f984d7df9a?s=96&d=mm&r=g","url":"https:\/\/secure.gravatar.com\/avatar\/3b45f24496a7625a3a6c436688fbe20344faaeb2979658dc4a9921f984d7df9a?s=96&d=mm&r=g","contentUrl":"https:\/\/secure.gravatar.com\/avatar\/3b45f24496a7625a3a6c436688fbe20344faaeb2979658dc4a9921f984d7df9a?s=96&d=mm&r=g","caption":"M\u00e1rcio Miranda Pontes"},"sameAs":["http:\/\/www.sabra.org.br"],"url":"https:\/\/www.sabra.org.br\/site\/author\/marcio-miranda-pontes\/"}]}},"jetpack_featured_media_url":"https:\/\/www.sabra.org.br\/site\/wp-content\/uploads\/2022\/06\/curiosidades-sobre-a-cancao-do-exilio-20220210110336.jpg.jpg","jetpack_shortlink":"https:\/\/wp.me\/p95j2Z-1lF","jetpack-related-posts":[{"id":6144,"url":"https:\/\/www.sabra.org.br\/site\/musicas-mais-conhecidas\/","url_meta":{"origin":5187,"position":0},"title":"M\u00fasicas mais populares de todos os tempos","author":"M\u00e1rcio Miranda Pontes","date":"27 de outubro de 2022","format":false,"excerpt":"Seja por fatores culturais, acontecimentos hist\u00f3ricos ou outras quest\u00f5es, algumas m\u00fasicas se tornam conhecidas e acabam por perdurarem por anos na vida das pessoas. Separamos para voc\u00ea, leitor, algumas m\u00fasicas brasileiras mais populares:","rel":"","context":"Em &quot;Blog SABRA&quot;","block_context":{"text":"Blog SABRA","link":"https:\/\/www.sabra.org.br\/site\/category\/blog-sabra\/"},"img":{"alt_text":"m\u00fasica-popular-brasileira","src":"https:\/\/i0.wp.com\/www.sabra.org.br\/site\/wp-content\/uploads\/2022\/10\/x-musicas-mais-populares-de-todos-os-temposjpg-20220908094423.jpg.jpg?resize=350%2C200&ssl=1","width":350,"height":200,"srcset":"https:\/\/i0.wp.com\/www.sabra.org.br\/site\/wp-content\/uploads\/2022\/10\/x-musicas-mais-populares-de-todos-os-temposjpg-20220908094423.jpg.jpg?resize=350%2C200&ssl=1 1x, https:\/\/i0.wp.com\/www.sabra.org.br\/site\/wp-content\/uploads\/2022\/10\/x-musicas-mais-populares-de-todos-os-temposjpg-20220908094423.jpg.jpg?resize=525%2C300&ssl=1 1.5x, https:\/\/i0.wp.com\/www.sabra.org.br\/site\/wp-content\/uploads\/2022\/10\/x-musicas-mais-populares-de-todos-os-temposjpg-20220908094423.jpg.jpg?resize=700%2C400&ssl=1 2x"},"classes":[]},{"id":6264,"url":"https:\/\/www.sabra.org.br\/site\/musicas-infantis\/","url_meta":{"origin":5187,"position":1},"title":"Dia das Crian\u00e7as: m\u00fasicas infantis brasileiras","author":"M\u00e1rcio Miranda Pontes","date":"19 de novembro de 2022","format":false,"excerpt":"O Dia das Crian\u00e7as est\u00e1 a\u00ed, e que tal conhecer mais sobre as m\u00fasicas infantis brasileiras que fazem tanto sucesso entre os pequenos? Mesmo lan\u00e7adas h\u00e1 muito tempo, essas can\u00e7\u00f5es ainda est\u00e3o bastante presente no nosso cotidiano com as crian\u00e7as.","rel":"","context":"Em &quot;Blog SABRA&quot;","block_context":{"text":"Blog SABRA","link":"https:\/\/www.sabra.org.br\/site\/category\/blog-sabra\/"},"img":{"alt_text":"m\u00fasica-brasileira-crian\u00e7a","src":"https:\/\/i0.wp.com\/www.sabra.org.br\/site\/wp-content\/uploads\/2022\/11\/dia-das-criancas-musicas-infantis-brasileiras-20221007143620.jpg.jpg?resize=350%2C200&ssl=1","width":350,"height":200,"srcset":"https:\/\/i0.wp.com\/www.sabra.org.br\/site\/wp-content\/uploads\/2022\/11\/dia-das-criancas-musicas-infantis-brasileiras-20221007143620.jpg.jpg?resize=350%2C200&ssl=1 1x, https:\/\/i0.wp.com\/www.sabra.org.br\/site\/wp-content\/uploads\/2022\/11\/dia-das-criancas-musicas-infantis-brasileiras-20221007143620.jpg.jpg?resize=525%2C300&ssl=1 1.5x, https:\/\/i0.wp.com\/www.sabra.org.br\/site\/wp-content\/uploads\/2022\/11\/dia-das-criancas-musicas-infantis-brasileiras-20221007143620.jpg.jpg?resize=700%2C400&ssl=1 2x"},"classes":[]},{"id":6116,"url":"https:\/\/www.sabra.org.br\/site\/parabens-pra-voce\/","url_meta":{"origin":5187,"position":2},"title":"Conhe\u00e7a a hist\u00f3ria do Parab\u00e9ns Pra Voc\u00ea","author":"M\u00e1rcio Miranda Pontes","date":"24 de outubro de 2022","format":false,"excerpt":"Quem n\u00e3o conhece a can\u00e7\u00e3o \u201cParab\u00e9ns pra Voc\u00ea\u201d? A m\u00fasica, mundialmente conhecida, tem muita hist\u00f3ria por tr\u00e1s, atravessando s\u00e9culos e fazendo parte de momentos emocionantes h\u00e1 gera\u00e7\u00f5es. Descubra mais sobre essa hist\u00f3ria!","rel":"","context":"Em &quot;Blog SABRA&quot;","block_context":{"text":"Blog SABRA","link":"https:\/\/www.sabra.org.br\/site\/category\/blog-sabra\/"},"img":{"alt_text":"parab\u00e9ns-brasileira-cultura","src":"https:\/\/i0.wp.com\/www.sabra.org.br\/site\/wp-content\/uploads\/2022\/10\/conheca-a-historia-do-parabens-pra-vocejpg-20220908094423.jpg.jpg?resize=350%2C200&ssl=1","width":350,"height":200,"srcset":"https:\/\/i0.wp.com\/www.sabra.org.br\/site\/wp-content\/uploads\/2022\/10\/conheca-a-historia-do-parabens-pra-vocejpg-20220908094423.jpg.jpg?resize=350%2C200&ssl=1 1x, https:\/\/i0.wp.com\/www.sabra.org.br\/site\/wp-content\/uploads\/2022\/10\/conheca-a-historia-do-parabens-pra-vocejpg-20220908094423.jpg.jpg?resize=525%2C300&ssl=1 1.5x, https:\/\/i0.wp.com\/www.sabra.org.br\/site\/wp-content\/uploads\/2022\/10\/conheca-a-historia-do-parabens-pra-vocejpg-20220908094423.jpg.jpg?resize=700%2C400&ssl=1 2x"},"classes":[]},{"id":7138,"url":"https:\/\/www.sabra.org.br\/site\/jovem-solista\/","url_meta":{"origin":5187,"position":3},"title":"Premio Jovem Solista da Orquestra Sinfonica de Betim","author":"M\u00e1rcio Miranda Pontes","date":"16 de maio de 2023","format":false,"excerpt":"Estimular a competi\u00e7\u00e3o musical \u00e9 uma excelente maneira de incentivar de forma saud\u00e1vel que os indiv\u00edduos disputem entre si sem que hajam desentendimentos ou algo do tipo. Conhe\u00e7a um pouco mais sobre o Premio Jovem Solista da Orquestra Sinfonica de Betim","rel":"","context":"Em &quot;Blog SABRA&quot;","block_context":{"text":"Blog SABRA","link":"https:\/\/www.sabra.org.br\/site\/category\/blog-sabra\/"},"img":{"alt_text":"m\u00fasica-orquestra-betim-sinf\u00f4nica-pr\u00eamio-solista-art\u00edtica-jovem-jovens-projetos-proporcionar-sabra","src":"https:\/\/i0.wp.com\/www.sabra.org.br\/site\/wp-content\/uploads\/2023\/05\/premio-jovem-solista-da-orquestra-sinfonica-de-betim-20171229162457.jpg-jpg.webp?resize=350%2C200&ssl=1","width":350,"height":200,"srcset":"https:\/\/i0.wp.com\/www.sabra.org.br\/site\/wp-content\/uploads\/2023\/05\/premio-jovem-solista-da-orquestra-sinfonica-de-betim-20171229162457.jpg-jpg.webp?resize=350%2C200&ssl=1 1x, https:\/\/i0.wp.com\/www.sabra.org.br\/site\/wp-content\/uploads\/2023\/05\/premio-jovem-solista-da-orquestra-sinfonica-de-betim-20171229162457.jpg-jpg.webp?resize=525%2C300&ssl=1 1.5x, https:\/\/i0.wp.com\/www.sabra.org.br\/site\/wp-content\/uploads\/2023\/05\/premio-jovem-solista-da-orquestra-sinfonica-de-betim-20171229162457.jpg-jpg.webp?resize=700%2C400&ssl=1 2x"},"classes":[]},{"id":7709,"url":"https:\/\/www.sabra.org.br\/site\/rock-orquestra-2\/","url_meta":{"origin":5187,"position":4},"title":"Voc\u00ea sabe como o rock pode ser utilizado em orquestras?","author":"M\u00e1rcio Miranda Pontes","date":"23 de agosto de 2023","format":false,"excerpt":"Apresentaremos melhor o conceito de orquestras tocando Rock\u2019n\u2019Roll e como esse estilo musical pode ser utilizado em um concerto orquestrado.","rel":"","context":"Em &quot;Blog SABRA&quot;","block_context":{"text":"Blog SABRA","link":"https:\/\/www.sabra.org.br\/site\/category\/blog-sabra\/"},"img":{"alt_text":"orquestra-sinf\u00f4nica-betim-bolsa-incentivo-rock-orquestra","src":"https:\/\/i0.wp.com\/www.sabra.org.br\/site\/wp-content\/uploads\/2023\/04\/Orquestra-resultado-2023-e1765391313729.jpg?resize=350%2C200&ssl=1","width":350,"height":200,"srcset":"https:\/\/i0.wp.com\/www.sabra.org.br\/site\/wp-content\/uploads\/2023\/04\/Orquestra-resultado-2023-e1765391313729.jpg?resize=350%2C200&ssl=1 1x, https:\/\/i0.wp.com\/www.sabra.org.br\/site\/wp-content\/uploads\/2023\/04\/Orquestra-resultado-2023-e1765391313729.jpg?resize=525%2C300&ssl=1 1.5x"},"classes":[]},{"id":2827,"url":"https:\/\/www.sabra.org.br\/site\/instrumentos-musicais\/","url_meta":{"origin":5187,"position":5},"title":"Instrumentos musicais","author":"M\u00e1rcio Miranda Pontes","date":"15 de abril de 2020","format":false,"excerpt":"A m\u00fasica tem o dom de nos enfeiti\u00e7ar e tornar nosso dia mais alegre ou nos trazer alguma lembran\u00e7a por meio de sua melodia. Os instrumentos musicais s\u00e3o o acompanhamento perfeito para isso.","rel":"","context":"Em &quot;Blog SABRA&quot;","block_context":{"text":"Blog SABRA","link":"https:\/\/www.sabra.org.br\/site\/category\/blog-sabra\/"},"img":{"alt_text":"instrumentos-musicais-som-m\u00fasica-ouvir-sabra-valor","src":"https:\/\/i0.wp.com\/www.sabra.org.br\/site\/wp-content\/uploads\/2020\/04\/instrumentos-musicais-voce-sabe-quais-sao-os-mais-tocados-no-mundo-20191202180617.jpg.jpg?resize=350%2C200&ssl=1","width":350,"height":200,"srcset":"https:\/\/i0.wp.com\/www.sabra.org.br\/site\/wp-content\/uploads\/2020\/04\/instrumentos-musicais-voce-sabe-quais-sao-os-mais-tocados-no-mundo-20191202180617.jpg.jpg?resize=350%2C200&ssl=1 1x, https:\/\/i0.wp.com\/www.sabra.org.br\/site\/wp-content\/uploads\/2020\/04\/instrumentos-musicais-voce-sabe-quais-sao-os-mais-tocados-no-mundo-20191202180617.jpg.jpg?resize=525%2C300&ssl=1 1.5x, https:\/\/i0.wp.com\/www.sabra.org.br\/site\/wp-content\/uploads\/2020\/04\/instrumentos-musicais-voce-sabe-quais-sao-os-mais-tocados-no-mundo-20191202180617.jpg.jpg?resize=700%2C400&ssl=1 2x"},"classes":[]}],"jetpack_likes_enabled":true,"jetpack_sharing_enabled":true,"_links":{"self":[{"href":"https:\/\/www.sabra.org.br\/site\/wp-json\/wp\/v2\/posts\/5187","targetHints":{"allow":["GET"]}}],"collection":[{"href":"https:\/\/www.sabra.org.br\/site\/wp-json\/wp\/v2\/posts"}],"about":[{"href":"https:\/\/www.sabra.org.br\/site\/wp-json\/wp\/v2\/types\/post"}],"author":[{"embeddable":true,"href":"https:\/\/www.sabra.org.br\/site\/wp-json\/wp\/v2\/users\/39"}],"replies":[{"embeddable":true,"href":"https:\/\/www.sabra.org.br\/site\/wp-json\/wp\/v2\/comments?post=5187"}],"version-history":[{"count":0,"href":"https:\/\/www.sabra.org.br\/site\/wp-json\/wp\/v2\/posts\/5187\/revisions"}],"wp:featuredmedia":[{"embeddable":true,"href":"https:\/\/www.sabra.org.br\/site\/wp-json\/wp\/v2\/media\/5189"}],"wp:attachment":[{"href":"https:\/\/www.sabra.org.br\/site\/wp-json\/wp\/v2\/media?parent=5187"}],"wp:term":[{"taxonomy":"category","embeddable":true,"href":"https:\/\/www.sabra.org.br\/site\/wp-json\/wp\/v2\/categories?post=5187"},{"taxonomy":"post_tag","embeddable":true,"href":"https:\/\/www.sabra.org.br\/site\/wp-json\/wp\/v2\/tags?post=5187"}],"curies":[{"name":"wp","href":"https:\/\/api.w.org\/{rel}","templated":true}]}}