{"id":5207,"date":"2022-06-13T07:42:40","date_gmt":"2022-06-13T10:42:40","guid":{"rendered":"https:\/\/www.sabra.org.br\/site\/?p=5207"},"modified":"2022-06-13T07:43:43","modified_gmt":"2022-06-13T10:43:43","slug":"tupi-guarani","status":"publish","type":"post","link":"https:\/\/www.sabra.org.br\/site\/tupi-guarani\/","title":{"rendered":"Curiosidades sobre a cultura tupi-guarani"},"content":{"rendered":"<p>[vc_row][vc_column][vc_column_text]Voc\u00ea certamente j\u00e1 deve ter ouvido falar sobre alguns elementos da cultura tupi-guarani. Mas voc\u00ea sabia que tupi-guarani n\u00e3o \u00e9 relativo a uma na\u00e7\u00e3o ind\u00edgena espec\u00edfica? Nesse artigo apresentaremos 3 curiosidades sobre a cultura tupi-guarani para entender melhor a import\u00e2ncia desses povos em nossa hist\u00f3ria.<\/p>\n<h2>Mistura de l\u00ednguas<\/h2>\n<p>O termo tupi-guarani, como citamos acima, n\u00e3o se refere a apenas um povo ind\u00edgena. Na verdade, esse termo contempla uma fam\u00edlia de l\u00ednguas ind\u00edgenas da Am\u00e9rica do Sul. O Tupi, que significa &#8220;o grande pai&#8221;, originou-se do Tupinamb\u00e1, uma l\u00edngua que foi incorporada pelos mission\u00e1rios na \u00e9poca do Brasil Colonial e chegou a ser considerada a l\u00edngua geral do Pa\u00eds.<\/p>\n<p>J\u00e1 o Guarani, que significa &#8220;guerreiro&#8221;, \u00e9 a l\u00edngua falada, principalmente, entre povos da Argentina, Paraguai, Bol\u00edvia e, claro, do Brasil. Atualmente, o Guarani ainda \u00e9 falado no Brasil por povos como os guarani, guarani-kaiow\u00e1, guarani-\u00f1handeva e guarani-m&#8217;by\u00e1.<\/p>\n<p>At\u00e9 o final do s\u00e9culo XVII, de cada tr\u00eas brasileiros, dois s\u00f3 falavam Tupi-Guarani. Entretanto, como o passar do tempo e da influ\u00eancia da coloniza\u00e7\u00e3o portuguesa, essas l\u00ednguas passaram a ser marginalizadas e at\u00e9 proibidas, pois, poderiam dificultar o avan\u00e7o da coloniza\u00e7\u00e3o. Por\u00e9m, o tupi-guarani influenciou bastante o portugu\u00eas falado no Brasil e muitas das palavras que utilizamos na nossa rotina, como pipoca, abacaxi e at\u00e9 Copacabana t\u00eam origem nessas l\u00ednguas, por isso as l\u00ednguas que comp\u00f5e a fam\u00edlia tupi-guarani s\u00e3o estudadas at\u00e9 hoje, como forma de resgate e preserva\u00e7\u00e3o hist\u00f3rica.<\/p>\n<h2>Mitologia<\/h2>\n<p>Um dos tra\u00e7os caracter\u00edsticos mais marcantes da cultura tupi-guarani \u00e9 a sua mitologia. Envolta em mitos e lendas que remetem \u00e0s for\u00e7as da natureza, essas cren\u00e7as permanecem at\u00e9 hoje no folclore brasileiro.<\/p>\n<p>Voc\u00ea j\u00e1 ouviu falar na Iara? Ela \u00e9 descrita como uma linda sereia de cabelos esverdeados e que protege todas as criaturas que vivem no Rio Amazonas. E no Curupira, j\u00e1 ouviu falar? Ele seria o respons\u00e1vel por cuidar dos animais que vivem na floresta.<\/p>\n<p>A mitologia tupi-guarani tinha como base a observa\u00e7\u00e3o da natureza, sendo polite\u00edstas e que passagem suas tradi\u00e7\u00f5es entre as gera\u00e7\u00f5es, principalmente de forma oral.<\/p>\n<h2>Arte<\/h2>\n<p>N\u00e3o poder\u00edamos deixar de falar das artes relacionadas \u00e0 cultura tupi-guarani. A arte ind\u00edgena \u00e9 bastante diversificada, mas alguns elementos se perpetuam de forma mais corriqueira, sendo at\u00e9 s\u00edmbolos de hierarquia social at\u00e9 diferen\u00e7a de g\u00eanero.<\/p>\n<p>\u00c9 na terra que os povos da cultura tupi-guarani encontram a mat\u00e9ria-prima para a express\u00e3o art\u00edstica. A pintura corporal, por exemplo, \u00e9 feita a partir de elementos naturais encontrados nas \u00e1rvores, como o urucum, um fruto de onde se extrai a cor vermelha. Outros elementos como as penas, plumas e at\u00e9 ossos, utilizados em flechas, cocares ou colares, eram achados nas florestas ou retirados dos animais que antes serviram como alimento, sem retirar mais do que o necess\u00e1rio vindo da natureza.<\/p>\n<p>Podemos ver que esses povos vivem em harmonia com a natureza, respeitando o ambiente em que habitam e levam esse respeito em todas as rela\u00e7\u00f5es. E ent\u00e3o, gostou de saber algumas curiosidades da cultura tupi-guarani? Qual delas voc\u00ea j\u00e1 conhecia e qual delas foi uma novidade?<\/p>\n<blockquote class=\"wp-embedded-content\" data-secret=\"gfpHk8avlj\"><p><a href=\"https:\/\/www.sabra.org.br\/site\/patrimonio-cultural-3\/\">O valor do patrim\u00f4nio cultural para mem\u00f3ria e identidade do povo<\/a><\/p><\/blockquote>\n<p><iframe class=\"wp-embedded-content\" sandbox=\"allow-scripts\" security=\"restricted\" style=\"position: absolute; clip: rect(1px, 1px, 1px, 1px);\" title=\"&#8220;O valor do patrim\u00f4nio cultural para mem\u00f3ria e identidade do povo&#8221; &#8212; SABRA - Sociedade Art\u00edstica Brasileira\" src=\"https:\/\/www.sabra.org.br\/site\/patrimonio-cultural-3\/embed\/#?secret=6H43ShMTW0#?secret=gfpHk8avlj\" data-secret=\"gfpHk8avlj\" width=\"600\" height=\"338\" frameborder=\"0\" marginwidth=\"0\" marginheight=\"0\" scrolling=\"no\"><\/iframe><\/p>\n<hr \/>\n<h2>Se voc\u00ea gostou deste post:<\/h2>\n<p>&#8211; SIGA as nossas p\u00e1ginas nas redes sociais para acompanhar as nossas atualiza\u00e7\u00f5es: estamos no <a href=\"https:\/\/www.facebook.com\/sabrabrasil\" target=\"_blank\" rel=\"noopener\">Facebook<\/a>, no <a href=\"https:\/\/www.instagram.com\/sabrabrasil\/\" target=\"_blank\" rel=\"noopener\">Instagram<\/a>, no <a href=\"https:\/\/www.linkedin.com\/company\/25002088\" target=\"_blank\" rel=\"noopener\">LinkedIn<\/a>, no <a href=\"https:\/\/twitter.com\/ContatoSabra\" target=\"_blank\" rel=\"noopener\">Twitter<\/a> e no <a href=\"https:\/\/www.youtube.com\/channel\/UCJw-kbuEvzUNdeQf20Pa-eQ\" target=\"_blank\" rel=\"noopener\">YouTube<\/a>!<\/p>\n<p>&#8211; CONHE\u00c7A o trabalho da Sociedade Art\u00edstica Brasileira (SABRA) e todas as iniciativas culturais e sociais que ela mant\u00e9m. <a href=\"https:\/\/www.sabra.org.br\/site\/acoes\/\" target=\"_blank\" rel=\"noopener\">Acesse nosso site!<\/a><\/p>\n<p>&#8211; ENTRE EM CONTATO com a gente. E veja quais s\u00e3o as op\u00e7\u00f5es de ajuda na manuten\u00e7\u00e3o de nossas a\u00e7\u00f5es sociais e culturais. Basta acessar nossa p\u00e1gina <a href=\"https:\/\/www.sabra.org.br\/site\/doe-agora\/\" target=\"_blank\" rel=\"noopener\">Doe Agora!<\/a><\/p>\n<p>&#8211; COMPARTILHE este texto nas suas redes sociais e ajude os seus amigos a tamb\u00e9m dominarem o assunto!<\/p>\n<p>\u2013 Os projetos da @sabrabrasil s\u00e3o realizados com o patroci\u0301nio m\u00e1ster: @vallourec e @institutounimedbh, viabilizado pelo incentivo de mais de 5,2 mil m\u00e9dicos cooperados e colaboradores via Lei de Incentivo \u00e0 Cultura &#8211; @mturismo, @culturagovbr. Apoio: @prefeiturabetim[\/vc_column_text][\/vc_column][\/vc_row]<\/p>\n","protected":false},"excerpt":{"rendered":"<p>Voc\u00ea sabia que tupi-guarani n\u00e3o \u00e9 relativo a uma na\u00e7\u00e3o ind\u00edgena espec\u00edfica? Nesse artigo apresentaremos 3 curiosidades sobre a cultura tupi-guarani para entender melhor a import\u00e2ncia desses povos em nossa hist\u00f3ria.<\/p>\n","protected":false},"author":39,"featured_media":5208,"comment_status":"closed","ping_status":"closed","sticky":false,"template":"","format":"standard","meta":{"jetpack_post_was_ever_published":false,"_jetpack_newsletter_access":"","_jetpack_dont_email_post_to_subs":false,"_jetpack_newsletter_tier_id":0,"_jetpack_memberships_contains_paywalled_content":false,"_jetpack_memberships_contains_paid_content":false,"footnotes":""},"categories":[1],"tags":[15,2757,3626,3623,8,3629,1285,3628,16,3519,1286,11,3622,9],"class_list":["post-5207","post","type-post","status-publish","format-standard","has-post-thumbnail","hentry","category-blog-sabra","tag-assistencia-social","tag-belo-horizonte","tag-cabo-frio","tag-campos-dos-goytacazes","tag-canto-coral","tag-contagem","tag-escola-de-musica-sabra","tag-ibirite","tag-musicalizacao-infantil","tag-nova-lima-2","tag-orquestra-infanto-juvenil-de-betim","tag-orquestra-sinfonica-de-betim","tag-raposos","tag-sociedade-artistica-brasileira"],"yoast_head":"<!-- This site is optimized with the Yoast SEO plugin v27.5 - https:\/\/yoast.com\/product\/yoast-seo-wordpress\/ -->\n<title>Curiosidades sobre a cultura tupi-guarani - SABRA - Sociedade Art\u00edstica Brasileira<\/title>\n<meta name=\"description\" content=\"Curiosidades sobre a cultura tupi-guarani para entender melhor a import\u00e2ncia desses povos em nossa hist\u00f3ria.\" \/>\n<meta name=\"robots\" content=\"index, follow, max-snippet:-1, max-image-preview:large, max-video-preview:-1\" \/>\n<link rel=\"canonical\" href=\"https:\/\/www.sabra.org.br\/site\/tupi-guarani\/\" \/>\n<meta property=\"og:locale\" content=\"pt_BR\" \/>\n<meta property=\"og:type\" content=\"article\" \/>\n<meta property=\"og:title\" content=\"Curiosidades sobre a cultura tupi-guarani - SABRA - Sociedade Art\u00edstica Brasileira\" \/>\n<meta property=\"og:description\" content=\"Curiosidades sobre a cultura tupi-guarani para entender melhor a import\u00e2ncia desses povos em nossa hist\u00f3ria.\" \/>\n<meta property=\"og:url\" content=\"https:\/\/www.sabra.org.br\/site\/tupi-guarani\/\" \/>\n<meta property=\"og:site_name\" content=\"SABRA - Sociedade Art\u00edstica Brasileira\" \/>\n<meta property=\"article:publisher\" content=\"https:\/\/www.facebook.com\/sabrabrasil\" \/>\n<meta property=\"article:published_time\" content=\"2022-06-13T10:42:40+00:00\" \/>\n<meta property=\"article:modified_time\" content=\"2022-06-13T10:43:43+00:00\" \/>\n<meta property=\"og:image\" content=\"https:\/\/i0.wp.com\/www.sabra.org.br\/site\/wp-content\/uploads\/2022\/06\/x-curiosidades-sobre-a-cultura-tupi-guarani-20220303163651.jpg.jpg?fit=800%2C533&ssl=1\" \/>\n\t<meta property=\"og:image:width\" content=\"800\" \/>\n\t<meta property=\"og:image:height\" content=\"533\" \/>\n\t<meta property=\"og:image:type\" content=\"image\/jpeg\" \/>\n<meta name=\"author\" content=\"M\u00e1rcio Miranda Pontes\" \/>\n<meta name=\"twitter:card\" content=\"summary_large_image\" \/>\n<meta name=\"twitter:creator\" content=\"@ContatoSabra\" \/>\n<meta name=\"twitter:site\" content=\"@ContatoSabra\" \/>\n<meta name=\"twitter:label1\" content=\"Escrito por\" \/>\n\t<meta name=\"twitter:data1\" content=\"M\u00e1rcio Miranda Pontes\" \/>\n\t<meta name=\"twitter:label2\" content=\"Est. tempo de leitura\" \/>\n\t<meta name=\"twitter:data2\" content=\"4 minutos\" \/>\n<script type=\"application\/ld+json\" class=\"yoast-schema-graph\">{\"@context\":\"https:\\\/\\\/schema.org\",\"@graph\":[{\"@type\":\"Article\",\"@id\":\"https:\\\/\\\/www.sabra.org.br\\\/site\\\/tupi-guarani\\\/#article\",\"isPartOf\":{\"@id\":\"https:\\\/\\\/www.sabra.org.br\\\/site\\\/tupi-guarani\\\/\"},\"author\":{\"name\":\"M\u00e1rcio Miranda Pontes\",\"@id\":\"https:\\\/\\\/www.sabra.org.br\\\/site\\\/#\\\/schema\\\/person\\\/7d1d222c3c8891d4c37c7b41bf6315c2\"},\"headline\":\"Curiosidades sobre a cultura tupi-guarani\",\"datePublished\":\"2022-06-13T10:42:40+00:00\",\"dateModified\":\"2022-06-13T10:43:43+00:00\",\"mainEntityOfPage\":{\"@id\":\"https:\\\/\\\/www.sabra.org.br\\\/site\\\/tupi-guarani\\\/\"},\"wordCount\":726,\"publisher\":{\"@id\":\"https:\\\/\\\/www.sabra.org.br\\\/site\\\/#organization\"},\"image\":{\"@id\":\"https:\\\/\\\/www.sabra.org.br\\\/site\\\/tupi-guarani\\\/#primaryimage\"},\"thumbnailUrl\":\"https:\\\/\\\/www.sabra.org.br\\\/site\\\/wp-content\\\/uploads\\\/2022\\\/06\\\/x-curiosidades-sobre-a-cultura-tupi-guarani-20220303163651.jpg.jpg\",\"keywords\":[\"Assist\u00eancia social\",\"Belo Horizonte\",\"Cabo Frio\",\"Campos dos Goytacazes\",\"Canto Coral\",\"Contagem\",\"Escola de Musica SABRA\",\"Ibirit\u00e9\",\"Musicaliza\u00e7\u00e3o Infantil\",\"nova lima\",\"Orquestra Infanto Juvenil de Betim\",\"Orquestra Sinf\u00f4nica de Betim\",\"Raposos\",\"Sociedade Art\u00edstica Brasileira\"],\"articleSection\":[\"Blog SABRA\"],\"inLanguage\":\"pt-BR\"},{\"@type\":\"WebPage\",\"@id\":\"https:\\\/\\\/www.sabra.org.br\\\/site\\\/tupi-guarani\\\/\",\"url\":\"https:\\\/\\\/www.sabra.org.br\\\/site\\\/tupi-guarani\\\/\",\"name\":\"Curiosidades sobre a cultura tupi-guarani - SABRA - Sociedade Art\u00edstica Brasileira\",\"isPartOf\":{\"@id\":\"https:\\\/\\\/www.sabra.org.br\\\/site\\\/#website\"},\"primaryImageOfPage\":{\"@id\":\"https:\\\/\\\/www.sabra.org.br\\\/site\\\/tupi-guarani\\\/#primaryimage\"},\"image\":{\"@id\":\"https:\\\/\\\/www.sabra.org.br\\\/site\\\/tupi-guarani\\\/#primaryimage\"},\"thumbnailUrl\":\"https:\\\/\\\/www.sabra.org.br\\\/site\\\/wp-content\\\/uploads\\\/2022\\\/06\\\/x-curiosidades-sobre-a-cultura-tupi-guarani-20220303163651.jpg.jpg\",\"datePublished\":\"2022-06-13T10:42:40+00:00\",\"dateModified\":\"2022-06-13T10:43:43+00:00\",\"description\":\"Curiosidades sobre a cultura tupi-guarani para entender melhor a import\u00e2ncia desses povos em nossa hist\u00f3ria.\",\"breadcrumb\":{\"@id\":\"https:\\\/\\\/www.sabra.org.br\\\/site\\\/tupi-guarani\\\/#breadcrumb\"},\"inLanguage\":\"pt-BR\",\"potentialAction\":[{\"@type\":\"ReadAction\",\"target\":[\"https:\\\/\\\/www.sabra.org.br\\\/site\\\/tupi-guarani\\\/\"]}]},{\"@type\":\"ImageObject\",\"inLanguage\":\"pt-BR\",\"@id\":\"https:\\\/\\\/www.sabra.org.br\\\/site\\\/tupi-guarani\\\/#primaryimage\",\"url\":\"https:\\\/\\\/www.sabra.org.br\\\/site\\\/wp-content\\\/uploads\\\/2022\\\/06\\\/x-curiosidades-sobre-a-cultura-tupi-guarani-20220303163651.jpg.jpg\",\"contentUrl\":\"https:\\\/\\\/www.sabra.org.br\\\/site\\\/wp-content\\\/uploads\\\/2022\\\/06\\\/x-curiosidades-sobre-a-cultura-tupi-guarani-20220303163651.jpg.jpg\",\"width\":800,\"height\":533,\"caption\":\"Sociedade Art\u00edstica Brasileira SABRA\"},{\"@type\":\"BreadcrumbList\",\"@id\":\"https:\\\/\\\/www.sabra.org.br\\\/site\\\/tupi-guarani\\\/#breadcrumb\",\"itemListElement\":[{\"@type\":\"ListItem\",\"position\":1,\"name\":\"In\u00edcio\",\"item\":\"https:\\\/\\\/www.sabra.org.br\\\/site\\\/\"},{\"@type\":\"ListItem\",\"position\":2,\"name\":\"Curiosidades sobre a cultura tupi-guarani\"}]},{\"@type\":\"WebSite\",\"@id\":\"https:\\\/\\\/www.sabra.org.br\\\/site\\\/#website\",\"url\":\"https:\\\/\\\/www.sabra.org.br\\\/site\\\/\",\"name\":\"SABRA - Sociedade Art\u00edstica Brasileira\",\"description\":\"Escola de M\u00fasica, Orquestra Sinf\u00f4nica, Coral e Patrim\u00f4nio Cultural e Hist\u00f3rico\",\"publisher\":{\"@id\":\"https:\\\/\\\/www.sabra.org.br\\\/site\\\/#organization\"},\"potentialAction\":[{\"@type\":\"SearchAction\",\"target\":{\"@type\":\"EntryPoint\",\"urlTemplate\":\"https:\\\/\\\/www.sabra.org.br\\\/site\\\/?s={search_term_string}\"},\"query-input\":{\"@type\":\"PropertyValueSpecification\",\"valueRequired\":true,\"valueName\":\"search_term_string\"}}],\"inLanguage\":\"pt-BR\"},{\"@type\":\"Organization\",\"@id\":\"https:\\\/\\\/www.sabra.org.br\\\/site\\\/#organization\",\"name\":\"SOCIEDADE ART\u00cdSTICA BRASILEIRA SABRA\",\"alternateName\":\"SABRA\",\"url\":\"https:\\\/\\\/www.sabra.org.br\\\/site\\\/\",\"logo\":{\"@type\":\"ImageObject\",\"inLanguage\":\"pt-BR\",\"@id\":\"https:\\\/\\\/www.sabra.org.br\\\/site\\\/#\\\/schema\\\/logo\\\/image\\\/\",\"url\":\"https:\\\/\\\/www.sabra.org.br\\\/site\\\/wp-content\\\/uploads\\\/2019\\\/06\\\/cropped-Logo_SABRA-Copia-1.webp\",\"contentUrl\":\"https:\\\/\\\/www.sabra.org.br\\\/site\\\/wp-content\\\/uploads\\\/2019\\\/06\\\/cropped-Logo_SABRA-Copia-1.webp\",\"width\":400,\"height\":128,\"caption\":\"SOCIEDADE ART\u00cdSTICA BRASILEIRA SABRA\"},\"image\":{\"@id\":\"https:\\\/\\\/www.sabra.org.br\\\/site\\\/#\\\/schema\\\/logo\\\/image\\\/\"},\"sameAs\":[\"https:\\\/\\\/www.facebook.com\\\/sabrabrasil\",\"https:\\\/\\\/x.com\\\/ContatoSabra\",\"https:\\\/\\\/www.instagram.com\\\/sabrabrasil\\\/\",\"https:\\\/\\\/www.linkedin.com\\\/company\\\/25002088\\\/\",\"https:\\\/\\\/br.pinterest.com\\\/sociedadeartisticabrasileira\\\/\",\"https:\\\/\\\/www.youtube.com\\\/c\\\/sabrabrasil\"]},{\"@type\":\"Person\",\"@id\":\"https:\\\/\\\/www.sabra.org.br\\\/site\\\/#\\\/schema\\\/person\\\/7d1d222c3c8891d4c37c7b41bf6315c2\",\"name\":\"M\u00e1rcio Miranda Pontes\",\"image\":{\"@type\":\"ImageObject\",\"inLanguage\":\"pt-BR\",\"@id\":\"https:\\\/\\\/secure.gravatar.com\\\/avatar\\\/3b45f24496a7625a3a6c436688fbe20344faaeb2979658dc4a9921f984d7df9a?s=96&d=mm&r=g\",\"url\":\"https:\\\/\\\/secure.gravatar.com\\\/avatar\\\/3b45f24496a7625a3a6c436688fbe20344faaeb2979658dc4a9921f984d7df9a?s=96&d=mm&r=g\",\"contentUrl\":\"https:\\\/\\\/secure.gravatar.com\\\/avatar\\\/3b45f24496a7625a3a6c436688fbe20344faaeb2979658dc4a9921f984d7df9a?s=96&d=mm&r=g\",\"caption\":\"M\u00e1rcio Miranda Pontes\"},\"sameAs\":[\"http:\\\/\\\/www.sabra.org.br\"],\"url\":\"https:\\\/\\\/www.sabra.org.br\\\/site\\\/author\\\/marcio-miranda-pontes\\\/\"}]}<\/script>\n<!-- \/ Yoast SEO plugin. -->","yoast_head_json":{"title":"Curiosidades sobre a cultura tupi-guarani - SABRA - Sociedade Art\u00edstica Brasileira","description":"Curiosidades sobre a cultura tupi-guarani para entender melhor a import\u00e2ncia desses povos em nossa hist\u00f3ria.","robots":{"index":"index","follow":"follow","max-snippet":"max-snippet:-1","max-image-preview":"max-image-preview:large","max-video-preview":"max-video-preview:-1"},"canonical":"https:\/\/www.sabra.org.br\/site\/tupi-guarani\/","og_locale":"pt_BR","og_type":"article","og_title":"Curiosidades sobre a cultura tupi-guarani - SABRA - Sociedade Art\u00edstica Brasileira","og_description":"Curiosidades sobre a cultura tupi-guarani para entender melhor a import\u00e2ncia desses povos em nossa hist\u00f3ria.","og_url":"https:\/\/www.sabra.org.br\/site\/tupi-guarani\/","og_site_name":"SABRA - Sociedade Art\u00edstica Brasileira","article_publisher":"https:\/\/www.facebook.com\/sabrabrasil","article_published_time":"2022-06-13T10:42:40+00:00","article_modified_time":"2022-06-13T10:43:43+00:00","og_image":[{"width":800,"height":533,"url":"https:\/\/i0.wp.com\/www.sabra.org.br\/site\/wp-content\/uploads\/2022\/06\/x-curiosidades-sobre-a-cultura-tupi-guarani-20220303163651.jpg.jpg?fit=800%2C533&ssl=1","type":"image\/jpeg"}],"author":"M\u00e1rcio Miranda Pontes","twitter_card":"summary_large_image","twitter_creator":"@ContatoSabra","twitter_site":"@ContatoSabra","twitter_misc":{"Escrito por":"M\u00e1rcio Miranda Pontes","Est. tempo de leitura":"4 minutos"},"schema":{"@context":"https:\/\/schema.org","@graph":[{"@type":"Article","@id":"https:\/\/www.sabra.org.br\/site\/tupi-guarani\/#article","isPartOf":{"@id":"https:\/\/www.sabra.org.br\/site\/tupi-guarani\/"},"author":{"name":"M\u00e1rcio Miranda Pontes","@id":"https:\/\/www.sabra.org.br\/site\/#\/schema\/person\/7d1d222c3c8891d4c37c7b41bf6315c2"},"headline":"Curiosidades sobre a cultura tupi-guarani","datePublished":"2022-06-13T10:42:40+00:00","dateModified":"2022-06-13T10:43:43+00:00","mainEntityOfPage":{"@id":"https:\/\/www.sabra.org.br\/site\/tupi-guarani\/"},"wordCount":726,"publisher":{"@id":"https:\/\/www.sabra.org.br\/site\/#organization"},"image":{"@id":"https:\/\/www.sabra.org.br\/site\/tupi-guarani\/#primaryimage"},"thumbnailUrl":"https:\/\/www.sabra.org.br\/site\/wp-content\/uploads\/2022\/06\/x-curiosidades-sobre-a-cultura-tupi-guarani-20220303163651.jpg.jpg","keywords":["Assist\u00eancia social","Belo Horizonte","Cabo Frio","Campos dos Goytacazes","Canto Coral","Contagem","Escola de Musica SABRA","Ibirit\u00e9","Musicaliza\u00e7\u00e3o Infantil","nova lima","Orquestra Infanto Juvenil de Betim","Orquestra Sinf\u00f4nica de Betim","Raposos","Sociedade Art\u00edstica Brasileira"],"articleSection":["Blog SABRA"],"inLanguage":"pt-BR"},{"@type":"WebPage","@id":"https:\/\/www.sabra.org.br\/site\/tupi-guarani\/","url":"https:\/\/www.sabra.org.br\/site\/tupi-guarani\/","name":"Curiosidades sobre a cultura tupi-guarani - SABRA - Sociedade Art\u00edstica Brasileira","isPartOf":{"@id":"https:\/\/www.sabra.org.br\/site\/#website"},"primaryImageOfPage":{"@id":"https:\/\/www.sabra.org.br\/site\/tupi-guarani\/#primaryimage"},"image":{"@id":"https:\/\/www.sabra.org.br\/site\/tupi-guarani\/#primaryimage"},"thumbnailUrl":"https:\/\/www.sabra.org.br\/site\/wp-content\/uploads\/2022\/06\/x-curiosidades-sobre-a-cultura-tupi-guarani-20220303163651.jpg.jpg","datePublished":"2022-06-13T10:42:40+00:00","dateModified":"2022-06-13T10:43:43+00:00","description":"Curiosidades sobre a cultura tupi-guarani para entender melhor a import\u00e2ncia desses povos em nossa hist\u00f3ria.","breadcrumb":{"@id":"https:\/\/www.sabra.org.br\/site\/tupi-guarani\/#breadcrumb"},"inLanguage":"pt-BR","potentialAction":[{"@type":"ReadAction","target":["https:\/\/www.sabra.org.br\/site\/tupi-guarani\/"]}]},{"@type":"ImageObject","inLanguage":"pt-BR","@id":"https:\/\/www.sabra.org.br\/site\/tupi-guarani\/#primaryimage","url":"https:\/\/www.sabra.org.br\/site\/wp-content\/uploads\/2022\/06\/x-curiosidades-sobre-a-cultura-tupi-guarani-20220303163651.jpg.jpg","contentUrl":"https:\/\/www.sabra.org.br\/site\/wp-content\/uploads\/2022\/06\/x-curiosidades-sobre-a-cultura-tupi-guarani-20220303163651.jpg.jpg","width":800,"height":533,"caption":"Sociedade Art\u00edstica Brasileira SABRA"},{"@type":"BreadcrumbList","@id":"https:\/\/www.sabra.org.br\/site\/tupi-guarani\/#breadcrumb","itemListElement":[{"@type":"ListItem","position":1,"name":"In\u00edcio","item":"https:\/\/www.sabra.org.br\/site\/"},{"@type":"ListItem","position":2,"name":"Curiosidades sobre a cultura tupi-guarani"}]},{"@type":"WebSite","@id":"https:\/\/www.sabra.org.br\/site\/#website","url":"https:\/\/www.sabra.org.br\/site\/","name":"SABRA - Sociedade Art\u00edstica Brasileira","description":"Escola de M\u00fasica, Orquestra Sinf\u00f4nica, Coral e Patrim\u00f4nio Cultural e Hist\u00f3rico","publisher":{"@id":"https:\/\/www.sabra.org.br\/site\/#organization"},"potentialAction":[{"@type":"SearchAction","target":{"@type":"EntryPoint","urlTemplate":"https:\/\/www.sabra.org.br\/site\/?s={search_term_string}"},"query-input":{"@type":"PropertyValueSpecification","valueRequired":true,"valueName":"search_term_string"}}],"inLanguage":"pt-BR"},{"@type":"Organization","@id":"https:\/\/www.sabra.org.br\/site\/#organization","name":"SOCIEDADE ART\u00cdSTICA BRASILEIRA SABRA","alternateName":"SABRA","url":"https:\/\/www.sabra.org.br\/site\/","logo":{"@type":"ImageObject","inLanguage":"pt-BR","@id":"https:\/\/www.sabra.org.br\/site\/#\/schema\/logo\/image\/","url":"https:\/\/www.sabra.org.br\/site\/wp-content\/uploads\/2019\/06\/cropped-Logo_SABRA-Copia-1.webp","contentUrl":"https:\/\/www.sabra.org.br\/site\/wp-content\/uploads\/2019\/06\/cropped-Logo_SABRA-Copia-1.webp","width":400,"height":128,"caption":"SOCIEDADE ART\u00cdSTICA BRASILEIRA SABRA"},"image":{"@id":"https:\/\/www.sabra.org.br\/site\/#\/schema\/logo\/image\/"},"sameAs":["https:\/\/www.facebook.com\/sabrabrasil","https:\/\/x.com\/ContatoSabra","https:\/\/www.instagram.com\/sabrabrasil\/","https:\/\/www.linkedin.com\/company\/25002088\/","https:\/\/br.pinterest.com\/sociedadeartisticabrasileira\/","https:\/\/www.youtube.com\/c\/sabrabrasil"]},{"@type":"Person","@id":"https:\/\/www.sabra.org.br\/site\/#\/schema\/person\/7d1d222c3c8891d4c37c7b41bf6315c2","name":"M\u00e1rcio Miranda Pontes","image":{"@type":"ImageObject","inLanguage":"pt-BR","@id":"https:\/\/secure.gravatar.com\/avatar\/3b45f24496a7625a3a6c436688fbe20344faaeb2979658dc4a9921f984d7df9a?s=96&d=mm&r=g","url":"https:\/\/secure.gravatar.com\/avatar\/3b45f24496a7625a3a6c436688fbe20344faaeb2979658dc4a9921f984d7df9a?s=96&d=mm&r=g","contentUrl":"https:\/\/secure.gravatar.com\/avatar\/3b45f24496a7625a3a6c436688fbe20344faaeb2979658dc4a9921f984d7df9a?s=96&d=mm&r=g","caption":"M\u00e1rcio Miranda Pontes"},"sameAs":["http:\/\/www.sabra.org.br"],"url":"https:\/\/www.sabra.org.br\/site\/author\/marcio-miranda-pontes\/"}]}},"jetpack_featured_media_url":"https:\/\/www.sabra.org.br\/site\/wp-content\/uploads\/2022\/06\/x-curiosidades-sobre-a-cultura-tupi-guarani-20220303163651.jpg.jpg","jetpack_shortlink":"https:\/\/wp.me\/p95j2Z-1lZ","jetpack-related-posts":[{"id":12450,"url":"https:\/\/www.sabra.org.br\/site\/textos-fundamentais-12\/","url_meta":{"origin":5207,"position":0},"title":"Textos fundamentais 12","author":"M\u00e1rcio Miranda Pontes","date":"18 de abril de 2025","format":false,"excerpt":"https:\/\/www.sabra.org.br\/site\/portugal-cultura\/ https:\/\/www.sabra.org.br\/site\/tupi-guarani\/ https:\/\/www.sabra.org.br\/site\/musico-orquestra\/ https:\/\/www.sabra.org.br\/site\/poema-brasileiro\/ https:\/\/www.sabra.org.br\/site\/mezzo-soprano\/ https:\/\/www.sabra.org.br\/site\/festa-junina\/ https:\/\/www.sabra.org.br\/site\/carnaval-origens\/ https:\/\/www.sabra.org.br\/site\/chiquinha-gonzaga\/ https:\/\/www.sabra.org.br\/site\/tropicalismo\/ https:\/\/www.sabra.org.br\/site\/personalidades-mg\/ https:\/\/www.sabra.org.br\/site\/israel-2022\/ https:\/\/www.sabra.org.br\/site\/programa-19-05-2022\/ https:\/\/www.sabra.org.br\/site\/musica-brasileira\/ https:\/\/www.sabra.org.br\/site\/orquestra-sinfonica\/ https:\/\/www.sabra.org.br\/site\/desigualdade-cultura\/ https:\/\/www.sabra.org.br\/site\/harpa-2\/ https:\/\/www.sabra.org.br\/site\/trombone\/ https:\/\/www.sabra.org.br\/site\/grupo-musical\/ https:\/\/www.sabra.org.br\/site\/soprano\/ https:\/\/www.sabra.org.br\/site\/haydn\/ \u00a0 \u00a0","rel":"","context":"Em &quot;Blog SABRA&quot;","block_context":{"text":"Blog SABRA","link":"https:\/\/www.sabra.org.br\/site\/category\/blog-sabra\/"},"img":{"alt_text":"","src":"","width":0,"height":0},"classes":[]},{"id":4119,"url":"https:\/\/www.sabra.org.br\/site\/cultura-indigena\/","url_meta":{"origin":5207,"position":1},"title":"A influ\u00eancia da cultura ind\u00edgena na sociedade brasileira","author":"M\u00e1rcio Miranda Pontes","date":"19 de agosto de 2021","format":false,"excerpt":"A influ\u00eancia da cultura ind\u00edgena na sociedade brasileira Deseja conhecer mais sobre a influ\u00eancia da cultura ind\u00edgena na sociedade brasileira? Pois ent\u00e3o acompanhe este artigo e conhe\u00e7a algumas dessas principais influ\u00eancias para entender a import\u00e2ncia dessa cultura para todos os brasileiros. Patroci\u0301nio m\u00e1ster: @institutounimedbh, viabilizado pelo incentivo de mais de\u2026","rel":"","context":"Em &quot;Blog SABRA&quot;","block_context":{"text":"Blog SABRA","link":"https:\/\/www.sabra.org.br\/site\/category\/blog-sabra\/"},"img":{"alt_text":"cultura-ind\u00edgena-sociedade-brasileira","src":"https:\/\/i0.wp.com\/www.sabra.org.br\/site\/wp-content\/uploads\/2021\/08\/a-influencia-da-cultura-indigena-na-sociedade-brasileira-20210723092324.jpg.jpg?resize=350%2C200&ssl=1","width":350,"height":200,"srcset":"https:\/\/i0.wp.com\/www.sabra.org.br\/site\/wp-content\/uploads\/2021\/08\/a-influencia-da-cultura-indigena-na-sociedade-brasileira-20210723092324.jpg.jpg?resize=350%2C200&ssl=1 1x, https:\/\/i0.wp.com\/www.sabra.org.br\/site\/wp-content\/uploads\/2021\/08\/a-influencia-da-cultura-indigena-na-sociedade-brasileira-20210723092324.jpg.jpg?resize=525%2C300&ssl=1 1.5x, https:\/\/i0.wp.com\/www.sabra.org.br\/site\/wp-content\/uploads\/2021\/08\/a-influencia-da-cultura-indigena-na-sociedade-brasileira-20210723092324.jpg.jpg?resize=700%2C400&ssl=1 2x"},"classes":[]},{"id":5155,"url":"https:\/\/www.sabra.org.br\/site\/lenda-indigena\/","url_meta":{"origin":5207,"position":2},"title":"Lendas ind\u00edgenas que voc\u00ea precisa conhecer","author":"M\u00e1rcio Miranda Pontes","date":"27 de maio de 2022","format":false,"excerpt":"A cultura ind\u00edgena \u00e9 uma das mais ricas de nosso pa\u00eds, sendo repleta de hist\u00f3rias incr\u00edveis. Vamos conhecer juntos algumas das principais lendas deste povo? Ent\u00e3o, \u00e9 s\u00f3 conferir este artigo especial.","rel":"","context":"Em &quot;Blog SABRA&quot;","block_context":{"text":"Blog SABRA","link":"https:\/\/www.sabra.org.br\/site\/category\/blog-sabra\/"},"img":{"alt_text":"lenda-ind\u00edgena-cultura","src":"https:\/\/i0.wp.com\/www.sabra.org.br\/site\/wp-content\/uploads\/2022\/05\/x-lendas-indigenas-que-voce-precisa-conhecer-20220210110336.jpg.jpg?resize=350%2C200&ssl=1","width":350,"height":200,"srcset":"https:\/\/i0.wp.com\/www.sabra.org.br\/site\/wp-content\/uploads\/2022\/05\/x-lendas-indigenas-que-voce-precisa-conhecer-20220210110336.jpg.jpg?resize=350%2C200&ssl=1 1x, https:\/\/i0.wp.com\/www.sabra.org.br\/site\/wp-content\/uploads\/2022\/05\/x-lendas-indigenas-que-voce-precisa-conhecer-20220210110336.jpg.jpg?resize=525%2C300&ssl=1 1.5x, https:\/\/i0.wp.com\/www.sabra.org.br\/site\/wp-content\/uploads\/2022\/05\/x-lendas-indigenas-que-voce-precisa-conhecer-20220210110336.jpg.jpg?resize=700%2C400&ssl=1 2x"},"classes":[]},{"id":6954,"url":"https:\/\/www.sabra.org.br\/site\/escritores-indigenas\/","url_meta":{"origin":5207,"position":3},"title":"3 escritores ind\u00edgenas que voc\u00ea precisa conhecer","author":"M\u00e1rcio Miranda Pontes","date":"19 de abril de 2023","format":false,"excerpt":"Ler as obras de escritores ind\u00edgenas \u00e9 uma forma de ampliar seus conhecimentos e adquirir uma vis\u00e3o cr\u00edtica a respeito de fatos brasileiros. Pensando nisso, preparamos um conte\u00fado para mostrar tr\u00eas escritores ind\u00edgenas que voc\u00ea pode ler. Aproveite!","rel":"","context":"Em &quot;Blog SABRA&quot;","block_context":{"text":"Blog SABRA","link":"https:\/\/www.sabra.org.br\/site\/category\/blog-sabra\/"},"img":{"alt_text":"ind\u00edgena-obra-brasileira-cultura-escritor-autor-conhecimento-sociais","src":"https:\/\/i0.wp.com\/www.sabra.org.br\/site\/wp-content\/uploads\/2023\/04\/x-escritores-indigenas-que-voce-precisa-conhecer-20221124141249.jpg.jpg?resize=350%2C200&ssl=1","width":350,"height":200,"srcset":"https:\/\/i0.wp.com\/www.sabra.org.br\/site\/wp-content\/uploads\/2023\/04\/x-escritores-indigenas-que-voce-precisa-conhecer-20221124141249.jpg.jpg?resize=350%2C200&ssl=1 1x, https:\/\/i0.wp.com\/www.sabra.org.br\/site\/wp-content\/uploads\/2023\/04\/x-escritores-indigenas-que-voce-precisa-conhecer-20221124141249.jpg.jpg?resize=525%2C300&ssl=1 1.5x"},"classes":[]},{"id":13448,"url":"https:\/\/www.sabra.org.br\/site\/cesar-guerra-peixe\/","url_meta":{"origin":5207,"position":4},"title":"Vida e obra de C\u00e9sar Guerra-Peixe","author":"M\u00e1rcio Miranda Pontes","date":"4 de junho de 2025","format":false,"excerpt":"Explore a trajet\u00f3ria de C\u00e9sar Guerra-Peixe, compositor e violinista que deixou sua marca no cen\u00e1rio musical brasileiro.","rel":"","context":"Em &quot;Blog SABRA&quot;","block_context":{"text":"Blog SABRA","link":"https:\/\/www.sabra.org.br\/site\/category\/blog-sabra\/"},"img":{"alt_text":"","src":"","width":0,"height":0},"classes":[]},{"id":5043,"url":"https:\/\/www.sabra.org.br\/site\/folclore-brasileiro\/","url_meta":{"origin":5207,"position":5},"title":"X curiosidades sobre o folclore brasileiro","author":"M\u00e1rcio Miranda Pontes","date":"5 de maio de 2022","format":false,"excerpt":"As hist\u00f3rias do folclore ainda s\u00e3o as preferidas de muitas crian\u00e7as que crescem ouvindo os contos. Clique aqui e conhe\u00e7a 4 curiosidades sobre essa parte da cultura brasileira e se surpreenda!","rel":"","context":"Em &quot;Blog SABRA&quot;","block_context":{"text":"Blog SABRA","link":"https:\/\/www.sabra.org.br\/site\/category\/blog-sabra\/"},"img":{"alt_text":"hist\u00f3rias-foclore-cultura-brasileira","src":"https:\/\/i0.wp.com\/www.sabra.org.br\/site\/wp-content\/uploads\/2022\/05\/x-curiosidades-sobre-o-folclore-brasileiro-20210723092324.jpg.jpg?resize=350%2C200&ssl=1","width":350,"height":200,"srcset":"https:\/\/i0.wp.com\/www.sabra.org.br\/site\/wp-content\/uploads\/2022\/05\/x-curiosidades-sobre-o-folclore-brasileiro-20210723092324.jpg.jpg?resize=350%2C200&ssl=1 1x, https:\/\/i0.wp.com\/www.sabra.org.br\/site\/wp-content\/uploads\/2022\/05\/x-curiosidades-sobre-o-folclore-brasileiro-20210723092324.jpg.jpg?resize=525%2C300&ssl=1 1.5x, https:\/\/i0.wp.com\/www.sabra.org.br\/site\/wp-content\/uploads\/2022\/05\/x-curiosidades-sobre-o-folclore-brasileiro-20210723092324.jpg.jpg?resize=700%2C400&ssl=1 2x"},"classes":[]}],"jetpack_likes_enabled":true,"jetpack_sharing_enabled":true,"_links":{"self":[{"href":"https:\/\/www.sabra.org.br\/site\/wp-json\/wp\/v2\/posts\/5207","targetHints":{"allow":["GET"]}}],"collection":[{"href":"https:\/\/www.sabra.org.br\/site\/wp-json\/wp\/v2\/posts"}],"about":[{"href":"https:\/\/www.sabra.org.br\/site\/wp-json\/wp\/v2\/types\/post"}],"author":[{"embeddable":true,"href":"https:\/\/www.sabra.org.br\/site\/wp-json\/wp\/v2\/users\/39"}],"replies":[{"embeddable":true,"href":"https:\/\/www.sabra.org.br\/site\/wp-json\/wp\/v2\/comments?post=5207"}],"version-history":[{"count":0,"href":"https:\/\/www.sabra.org.br\/site\/wp-json\/wp\/v2\/posts\/5207\/revisions"}],"wp:featuredmedia":[{"embeddable":true,"href":"https:\/\/www.sabra.org.br\/site\/wp-json\/wp\/v2\/media\/5208"}],"wp:attachment":[{"href":"https:\/\/www.sabra.org.br\/site\/wp-json\/wp\/v2\/media?parent=5207"}],"wp:term":[{"taxonomy":"category","embeddable":true,"href":"https:\/\/www.sabra.org.br\/site\/wp-json\/wp\/v2\/categories?post=5207"},{"taxonomy":"post_tag","embeddable":true,"href":"https:\/\/www.sabra.org.br\/site\/wp-json\/wp\/v2\/tags?post=5207"}],"curies":[{"name":"wp","href":"https:\/\/api.w.org\/{rel}","templated":true}]}}