{"id":5222,"date":"2022-06-20T13:38:14","date_gmt":"2022-06-20T16:38:14","guid":{"rendered":"https:\/\/www.sabra.org.br\/site\/?p=5222"},"modified":"2022-06-20T13:40:46","modified_gmt":"2022-06-20T16:40:46","slug":"banda-rock","status":"publish","type":"post","link":"https:\/\/www.sabra.org.br\/site\/banda-rock\/","title":{"rendered":"Bandas e m\u00fasicos que marcaram o rock nacional"},"content":{"rendered":"<p>[vc_row][vc_column][vc_column_text]A m\u00fasica nacional possui uma extensa lista de cantores e bandas que fizeram hist\u00f3ria no rock. Seja por suas letras repletas de cr\u00edticas sociais ou por seus acordes \u00fanicos e transgressores, tais artistas atravessam gera\u00e7\u00f5es e ainda mant\u00eam f\u00e3s de todas as idades.<\/p>\n<p>Claro, em meio a homens e mulheres de talento \u00fanico, h\u00e1 os que se destacam por sua capacidade de produzirem algo diferente e jamais visto. E \u00e9 exatamente destes nomes que falaremos hoje.<\/p>\n<p>Portanto, se voc\u00ea est\u00e1 em busca de uma lista com bandas e m\u00fasicos que marcaram o rock nacional, chegou ao lugar certo. Venha com a gente conhecer mais sobre suas trajet\u00f3rias e can\u00e7\u00f5es, e j\u00e1 prepare o \u201cplay\u201d!<\/p>\n<h2>Conhe\u00e7a alguns dos maiores g\u00eanios do rock brasileiro<\/h2>\n<p>O Brasil sempre produziu grandes artistas, dos mais variados g\u00eaneros. No entanto, foi no rock que boa parte deles encontrou espa\u00e7o para expor seus sentimentos e cr\u00edticas. Entre os maiores nomes est\u00e3o:<\/p>\n<ul>\n<li>\n<h3>Os Mutantes<\/h3>\n<\/li>\n<\/ul>\n<p>Sem d\u00favida, uma das mais importantes bandas da hist\u00f3ria do rock nacional, Os Mutantes contava com tr\u00eas integrantes principais: Rita Lee, Arnaldo Baptista e S\u00e9rgio Dias. Seu auge ocorreu entre os anos de 1966 e 1978, com retorno aos palcos algumas d\u00e9cadas depois, em 2006.<\/p>\n<p>Ao misturar rock psicod\u00e9lico e progressivo com um toque de tropicalismo, a banda se tornou uma refer\u00eancia quando o assunto \u00e9 m\u00fasica experimental. Entre suas can\u00e7\u00f5es mais famosas e emblem\u00e1ticas est\u00e3o:<\/p>\n<ol>\n<li style=\"list-style-type: none;\">\n<ol>\n<li style=\"list-style-type: none;\">\n<ul>\n<li>Baby;<\/li>\n<li>Panis Et Circenses;<\/li>\n<li>Balada do Louco;<\/li>\n<li>A Minha Menina;<\/li>\n<li>Ando Meio Desligado.<\/li>\n<\/ul>\n<\/li>\n<\/ol>\n<\/li>\n<\/ol>\n<ul>\n<li>\n<h3>Legi\u00e3o Urbana<\/h3>\n<\/li>\n<\/ul>\n<p>A forma\u00e7\u00e3o original da Legi\u00e3o Urbana, que vigorou durante os anos de 1982 e 1996, contava com nada mais nada menos que Renato Russo, Dado Villa-Lobos e Marcelo Bonf\u00e1.<\/p>\n<p>Mesmo ap\u00f3s d\u00e9cadas de sua ruptura, e ap\u00f3s a morte de seu carism\u00e1tico e singular vocalista, a banda continua influenciando milhares de jovens artistas, que ovacionam suas letras mais famosas, como Eduardo e M\u00f4nica, Faroeste Caboclo e Vento no Litoral.<\/p>\n<ul>\n<li>\n<h3>Secos &amp; Molhados<\/h3>\n<\/li>\n<\/ul>\n<p>Secos &amp; Molhados foi, muito provavelmente, uma das bandas mais influentes do pa\u00eds. Reza a lenda, ali\u00e1s, que at\u00e9 mesmo a banda Kiss se inspirou no figurino \u201cglam rock\u201d dos brasileiros.<\/p>\n<p>Seja como for, a banda liderada por Ney Matogrosso ganhou espa\u00e7o gra\u00e7as as suas letras provocadoras e repletas de poesia, que s\u00e3o apreciadas e regravadas at\u00e9 os dias de hoje.<\/p>\n<ul>\n<li>\n<h3>Raul Seixas<\/h3>\n<\/li>\n<\/ul>\n<p>\u201cToca Raul!\u201d<\/p>\n<p>Voc\u00ea, muito provavelmente, j\u00e1 ouviu essa frase sendo gritada em alto e bom som em muitos bares e casas de show, n\u00e3o \u00e9 mesmo? E n\u00e3o \u00e9 por menos, j\u00e1 que Raul Seixas \u00e9 quase uma unanimidade entre os f\u00e3s de rock de todas as idades.<\/p>\n<p>De sua parceria com o amigo Paulo Coelho (sim, o escritor), surgiram alguns de seus maiores sucessos, como \u201cGita\u201d, \u201cEu Nasci H\u00e1 Dez Mil Anos Atr\u00e1s\u201d e \u201cSociedade Alternativa\u201d.<\/p>\n<ul>\n<li>\n<h3>Bar\u00e3o Vermelho<\/h3>\n<\/li>\n<\/ul>\n<p>O Bar\u00e3o Vermelho teve entre seus integrantes alguns dos maiores m\u00fasicos brasileiros, como Cazuza, Peninha e Frejat. Suas letras eram direcionadas aos jovens dos anos 90, contando os desafios e medos da maioria, mas com muita poesia e com mensagens politicamente engajadas.<\/p>\n<p>Al\u00e9m disso, a personalidade \u00fanica de seu vocalista conquistava multid\u00f5es, que at\u00e9 hoje escutam e repassam as can\u00e7\u00f5es para os mais jovens.<\/p>\n<blockquote class=\"wp-embedded-content\" data-secret=\"dhudTQsluz\"><p><a href=\"https:\/\/www.sabra.org.br\/site\/rock-mulheres-negras\/\">Saiba qual foi o papel das mulheres negras no rock<\/a><\/p><\/blockquote>\n<p><iframe class=\"wp-embedded-content\" sandbox=\"allow-scripts\" security=\"restricted\" style=\"position: absolute; clip: rect(1px, 1px, 1px, 1px);\" title=\"&#8220;Saiba qual foi o papel das mulheres negras no rock&#8221; &#8212; SABRA - Sociedade Art\u00edstica Brasileira\" src=\"https:\/\/www.sabra.org.br\/site\/rock-mulheres-negras\/embed\/#?secret=ZLlgdXDD8X#?secret=dhudTQsluz\" data-secret=\"dhudTQsluz\" width=\"600\" height=\"338\" frameborder=\"0\" marginwidth=\"0\" marginheight=\"0\" scrolling=\"no\"><\/iframe><\/p>\n<hr \/>\n<h2>Se voc\u00ea gostou deste post:<\/h2>\n<p>&#8211; SIGA as nossas p\u00e1ginas nas redes sociais para acompanhar as nossas atualiza\u00e7\u00f5es: estamos no <a href=\"https:\/\/www.facebook.com\/sabrabrasil\" target=\"_blank\" rel=\"noopener\">Facebook<\/a>, no <a href=\"https:\/\/www.instagram.com\/sabrabrasil\/\" target=\"_blank\" rel=\"noopener\">Instagram<\/a>, no <a href=\"https:\/\/www.linkedin.com\/company\/25002088\" target=\"_blank\" rel=\"noopener\">LinkedIn<\/a>, no <a href=\"https:\/\/twitter.com\/ContatoSabra\" target=\"_blank\" rel=\"noopener\">Twitter<\/a> e no <a href=\"https:\/\/www.youtube.com\/channel\/UCJw-kbuEvzUNdeQf20Pa-eQ\" target=\"_blank\" rel=\"noopener\">YouTube<\/a>!<\/p>\n<p>&#8211; CONHE\u00c7A o trabalho da Sociedade Art\u00edstica Brasileira (SABRA) e todas as iniciativas culturais e sociais que ela mant\u00e9m. <a href=\"https:\/\/www.sabra.org.br\/site\/acoes\/\" target=\"_blank\" rel=\"noopener\">Acesse nosso site!<\/a><\/p>\n<p>&#8211; ENTRE EM CONTATO com a gente. E veja quais s\u00e3o as op\u00e7\u00f5es de ajuda na manuten\u00e7\u00e3o de nossas a\u00e7\u00f5es sociais e culturais. Basta acessar nossa p\u00e1gina <a href=\"https:\/\/www.sabra.org.br\/site\/doe-agora\/\" target=\"_blank\" rel=\"noopener\">Doe Agora!<\/a><\/p>\n<p>&#8211; COMPARTILHE este texto nas suas redes sociais e ajude os seus amigos a tamb\u00e9m dominarem o assunto!<\/p>\n<p>\u2013 Os projetos da @sabrabrasil s\u00e3o realizados com o patroci\u0301nio m\u00e1ster: @vallourec e @institutounimedbh, viabilizado pelo incentivo de mais de 5,2 mil m\u00e9dicos cooperados e colaboradores via Lei de Incentivo \u00e0 Cultura &#8211; @mturismo, @culturagovbr. Apoio: @prefeiturabetim[\/vc_column_text][\/vc_column][\/vc_row]<\/p>\n","protected":false},"excerpt":{"rendered":"<p>O rock, definitivamente, n\u00e3o morreu! Prova disso s\u00e3o as bandas e cantores brasileiros que transcendem o tempo, mantendo sua m\u00fasica viva no cora\u00e7\u00e3o e nos ouvidos de crian\u00e7as, jovens e adultos, ano ap\u00f3s ano. Para conhecer algumas delas, confira o post a seguir!<\/p>\n","protected":false},"author":39,"featured_media":5255,"comment_status":"closed","ping_status":"closed","sticky":false,"template":"","format":"standard","meta":{"jetpack_post_was_ever_published":false,"_jetpack_newsletter_access":"","_jetpack_dont_email_post_to_subs":false,"_jetpack_newsletter_tier_id":0,"_jetpack_memberships_contains_paywalled_content":false,"_jetpack_memberships_contains_paid_content":false,"footnotes":""},"categories":[1],"tags":[15,2757,3626,3623,8,3629,1285,3628,16,3519,1286,11,3622,9],"class_list":["post-5222","post","type-post","status-publish","format-standard","has-post-thumbnail","hentry","category-blog-sabra","tag-assistencia-social","tag-belo-horizonte","tag-cabo-frio","tag-campos-dos-goytacazes","tag-canto-coral","tag-contagem","tag-escola-de-musica-sabra","tag-ibirite","tag-musicalizacao-infantil","tag-nova-lima-2","tag-orquestra-infanto-juvenil-de-betim","tag-orquestra-sinfonica-de-betim","tag-raposos","tag-sociedade-artistica-brasileira"],"yoast_head":"<!-- This site is optimized with the Yoast SEO plugin v27.5 - https:\/\/yoast.com\/product\/yoast-seo-wordpress\/ -->\n<title>Bandas e m\u00fasicos que marcaram o rock nacional - SABRA - Sociedade Art\u00edstica Brasileira<\/title>\n<meta name=\"description\" content=\"O rock, definitivamente, n\u00e3o morreu! Prova disso s\u00e3o as bandas e cantores brasileiros que transcendem o tempo, muito ouvidos ano ap\u00f3s ano.\" \/>\n<meta name=\"robots\" content=\"index, follow, max-snippet:-1, max-image-preview:large, max-video-preview:-1\" \/>\n<link rel=\"canonical\" href=\"https:\/\/www.sabra.org.br\/site\/banda-rock\/\" \/>\n<meta property=\"og:locale\" content=\"pt_BR\" \/>\n<meta property=\"og:type\" content=\"article\" \/>\n<meta property=\"og:title\" content=\"Bandas e m\u00fasicos que marcaram o rock nacional - SABRA - Sociedade Art\u00edstica Brasileira\" \/>\n<meta property=\"og:description\" content=\"O rock, definitivamente, n\u00e3o morreu! Prova disso s\u00e3o as bandas e cantores brasileiros que transcendem o tempo, muito ouvidos ano ap\u00f3s ano.\" \/>\n<meta property=\"og:url\" content=\"https:\/\/www.sabra.org.br\/site\/banda-rock\/\" \/>\n<meta property=\"og:site_name\" content=\"SABRA - Sociedade Art\u00edstica Brasileira\" \/>\n<meta property=\"article:publisher\" content=\"https:\/\/www.facebook.com\/sabrabrasil\" \/>\n<meta property=\"article:published_time\" content=\"2022-06-20T16:38:14+00:00\" \/>\n<meta property=\"article:modified_time\" content=\"2022-06-20T16:40:46+00:00\" \/>\n<meta property=\"og:image\" content=\"https:\/\/i0.wp.com\/www.sabra.org.br\/site\/wp-content\/uploads\/2022\/06\/x-bandas-e-musicos-que-marcaram-o-rock-nacional-20220303163651.jpg.jpg?fit=800%2C533&ssl=1\" \/>\n\t<meta property=\"og:image:width\" content=\"800\" \/>\n\t<meta property=\"og:image:height\" content=\"533\" \/>\n\t<meta property=\"og:image:type\" content=\"image\/jpeg\" \/>\n<meta name=\"author\" content=\"M\u00e1rcio Miranda Pontes\" \/>\n<meta name=\"twitter:card\" content=\"summary_large_image\" \/>\n<meta name=\"twitter:creator\" content=\"@ContatoSabra\" \/>\n<meta name=\"twitter:site\" content=\"@ContatoSabra\" \/>\n<meta name=\"twitter:label1\" content=\"Escrito por\" \/>\n\t<meta name=\"twitter:data1\" content=\"M\u00e1rcio Miranda Pontes\" \/>\n\t<meta name=\"twitter:label2\" content=\"Est. tempo de leitura\" \/>\n\t<meta name=\"twitter:data2\" content=\"4 minutos\" \/>\n<script type=\"application\/ld+json\" class=\"yoast-schema-graph\">{\"@context\":\"https:\\\/\\\/schema.org\",\"@graph\":[{\"@type\":\"Article\",\"@id\":\"https:\\\/\\\/www.sabra.org.br\\\/site\\\/banda-rock\\\/#article\",\"isPartOf\":{\"@id\":\"https:\\\/\\\/www.sabra.org.br\\\/site\\\/banda-rock\\\/\"},\"author\":{\"name\":\"M\u00e1rcio Miranda Pontes\",\"@id\":\"https:\\\/\\\/www.sabra.org.br\\\/site\\\/#\\\/schema\\\/person\\\/7d1d222c3c8891d4c37c7b41bf6315c2\"},\"headline\":\"Bandas e m\u00fasicos que marcaram o rock nacional\",\"datePublished\":\"2022-06-20T16:38:14+00:00\",\"dateModified\":\"2022-06-20T16:40:46+00:00\",\"mainEntityOfPage\":{\"@id\":\"https:\\\/\\\/www.sabra.org.br\\\/site\\\/banda-rock\\\/\"},\"wordCount\":741,\"publisher\":{\"@id\":\"https:\\\/\\\/www.sabra.org.br\\\/site\\\/#organization\"},\"image\":{\"@id\":\"https:\\\/\\\/www.sabra.org.br\\\/site\\\/banda-rock\\\/#primaryimage\"},\"thumbnailUrl\":\"https:\\\/\\\/www.sabra.org.br\\\/site\\\/wp-content\\\/uploads\\\/2022\\\/06\\\/x-bandas-e-musicos-que-marcaram-o-rock-nacional-20220303163651.jpg.jpg\",\"keywords\":[\"Assist\u00eancia social\",\"Belo Horizonte\",\"Cabo Frio\",\"Campos dos Goytacazes\",\"Canto Coral\",\"Contagem\",\"Escola de Musica SABRA\",\"Ibirit\u00e9\",\"Musicaliza\u00e7\u00e3o Infantil\",\"nova lima\",\"Orquestra Infanto Juvenil de Betim\",\"Orquestra Sinf\u00f4nica de Betim\",\"Raposos\",\"Sociedade Art\u00edstica Brasileira\"],\"articleSection\":[\"Blog SABRA\"],\"inLanguage\":\"pt-BR\"},{\"@type\":\"WebPage\",\"@id\":\"https:\\\/\\\/www.sabra.org.br\\\/site\\\/banda-rock\\\/\",\"url\":\"https:\\\/\\\/www.sabra.org.br\\\/site\\\/banda-rock\\\/\",\"name\":\"Bandas e m\u00fasicos que marcaram o rock nacional - SABRA - Sociedade Art\u00edstica Brasileira\",\"isPartOf\":{\"@id\":\"https:\\\/\\\/www.sabra.org.br\\\/site\\\/#website\"},\"primaryImageOfPage\":{\"@id\":\"https:\\\/\\\/www.sabra.org.br\\\/site\\\/banda-rock\\\/#primaryimage\"},\"image\":{\"@id\":\"https:\\\/\\\/www.sabra.org.br\\\/site\\\/banda-rock\\\/#primaryimage\"},\"thumbnailUrl\":\"https:\\\/\\\/www.sabra.org.br\\\/site\\\/wp-content\\\/uploads\\\/2022\\\/06\\\/x-bandas-e-musicos-que-marcaram-o-rock-nacional-20220303163651.jpg.jpg\",\"datePublished\":\"2022-06-20T16:38:14+00:00\",\"dateModified\":\"2022-06-20T16:40:46+00:00\",\"description\":\"O rock, definitivamente, n\u00e3o morreu! Prova disso s\u00e3o as bandas e cantores brasileiros que transcendem o tempo, muito ouvidos ano ap\u00f3s ano.\",\"breadcrumb\":{\"@id\":\"https:\\\/\\\/www.sabra.org.br\\\/site\\\/banda-rock\\\/#breadcrumb\"},\"inLanguage\":\"pt-BR\",\"potentialAction\":[{\"@type\":\"ReadAction\",\"target\":[\"https:\\\/\\\/www.sabra.org.br\\\/site\\\/banda-rock\\\/\"]}]},{\"@type\":\"ImageObject\",\"inLanguage\":\"pt-BR\",\"@id\":\"https:\\\/\\\/www.sabra.org.br\\\/site\\\/banda-rock\\\/#primaryimage\",\"url\":\"https:\\\/\\\/www.sabra.org.br\\\/site\\\/wp-content\\\/uploads\\\/2022\\\/06\\\/x-bandas-e-musicos-que-marcaram-o-rock-nacional-20220303163651.jpg.jpg\",\"contentUrl\":\"https:\\\/\\\/www.sabra.org.br\\\/site\\\/wp-content\\\/uploads\\\/2022\\\/06\\\/x-bandas-e-musicos-que-marcaram-o-rock-nacional-20220303163651.jpg.jpg\",\"width\":800,\"height\":533,\"caption\":\"Sociedade Art\u00edstica Brasileira SABRA\"},{\"@type\":\"BreadcrumbList\",\"@id\":\"https:\\\/\\\/www.sabra.org.br\\\/site\\\/banda-rock\\\/#breadcrumb\",\"itemListElement\":[{\"@type\":\"ListItem\",\"position\":1,\"name\":\"In\u00edcio\",\"item\":\"https:\\\/\\\/www.sabra.org.br\\\/site\\\/\"},{\"@type\":\"ListItem\",\"position\":2,\"name\":\"Bandas e m\u00fasicos que marcaram o rock nacional\"}]},{\"@type\":\"WebSite\",\"@id\":\"https:\\\/\\\/www.sabra.org.br\\\/site\\\/#website\",\"url\":\"https:\\\/\\\/www.sabra.org.br\\\/site\\\/\",\"name\":\"SABRA - Sociedade Art\u00edstica Brasileira\",\"description\":\"Escola de M\u00fasica, Orquestra Sinf\u00f4nica, Coral e Patrim\u00f4nio Cultural e Hist\u00f3rico\",\"publisher\":{\"@id\":\"https:\\\/\\\/www.sabra.org.br\\\/site\\\/#organization\"},\"potentialAction\":[{\"@type\":\"SearchAction\",\"target\":{\"@type\":\"EntryPoint\",\"urlTemplate\":\"https:\\\/\\\/www.sabra.org.br\\\/site\\\/?s={search_term_string}\"},\"query-input\":{\"@type\":\"PropertyValueSpecification\",\"valueRequired\":true,\"valueName\":\"search_term_string\"}}],\"inLanguage\":\"pt-BR\"},{\"@type\":\"Organization\",\"@id\":\"https:\\\/\\\/www.sabra.org.br\\\/site\\\/#organization\",\"name\":\"SOCIEDADE ART\u00cdSTICA BRASILEIRA SABRA\",\"alternateName\":\"SABRA\",\"url\":\"https:\\\/\\\/www.sabra.org.br\\\/site\\\/\",\"logo\":{\"@type\":\"ImageObject\",\"inLanguage\":\"pt-BR\",\"@id\":\"https:\\\/\\\/www.sabra.org.br\\\/site\\\/#\\\/schema\\\/logo\\\/image\\\/\",\"url\":\"https:\\\/\\\/www.sabra.org.br\\\/site\\\/wp-content\\\/uploads\\\/2019\\\/06\\\/cropped-Logo_SABRA-Copia-1.webp\",\"contentUrl\":\"https:\\\/\\\/www.sabra.org.br\\\/site\\\/wp-content\\\/uploads\\\/2019\\\/06\\\/cropped-Logo_SABRA-Copia-1.webp\",\"width\":400,\"height\":128,\"caption\":\"SOCIEDADE ART\u00cdSTICA BRASILEIRA SABRA\"},\"image\":{\"@id\":\"https:\\\/\\\/www.sabra.org.br\\\/site\\\/#\\\/schema\\\/logo\\\/image\\\/\"},\"sameAs\":[\"https:\\\/\\\/www.facebook.com\\\/sabrabrasil\",\"https:\\\/\\\/x.com\\\/ContatoSabra\",\"https:\\\/\\\/www.instagram.com\\\/sabrabrasil\\\/\",\"https:\\\/\\\/www.linkedin.com\\\/company\\\/25002088\\\/\",\"https:\\\/\\\/br.pinterest.com\\\/sociedadeartisticabrasileira\\\/\",\"https:\\\/\\\/www.youtube.com\\\/c\\\/sabrabrasil\"]},{\"@type\":\"Person\",\"@id\":\"https:\\\/\\\/www.sabra.org.br\\\/site\\\/#\\\/schema\\\/person\\\/7d1d222c3c8891d4c37c7b41bf6315c2\",\"name\":\"M\u00e1rcio Miranda Pontes\",\"image\":{\"@type\":\"ImageObject\",\"inLanguage\":\"pt-BR\",\"@id\":\"https:\\\/\\\/secure.gravatar.com\\\/avatar\\\/3b45f24496a7625a3a6c436688fbe20344faaeb2979658dc4a9921f984d7df9a?s=96&d=mm&r=g\",\"url\":\"https:\\\/\\\/secure.gravatar.com\\\/avatar\\\/3b45f24496a7625a3a6c436688fbe20344faaeb2979658dc4a9921f984d7df9a?s=96&d=mm&r=g\",\"contentUrl\":\"https:\\\/\\\/secure.gravatar.com\\\/avatar\\\/3b45f24496a7625a3a6c436688fbe20344faaeb2979658dc4a9921f984d7df9a?s=96&d=mm&r=g\",\"caption\":\"M\u00e1rcio Miranda Pontes\"},\"sameAs\":[\"http:\\\/\\\/www.sabra.org.br\"],\"url\":\"https:\\\/\\\/www.sabra.org.br\\\/site\\\/author\\\/marcio-miranda-pontes\\\/\"}]}<\/script>\n<!-- \/ Yoast SEO plugin. -->","yoast_head_json":{"title":"Bandas e m\u00fasicos que marcaram o rock nacional - SABRA - Sociedade Art\u00edstica Brasileira","description":"O rock, definitivamente, n\u00e3o morreu! Prova disso s\u00e3o as bandas e cantores brasileiros que transcendem o tempo, muito ouvidos ano ap\u00f3s ano.","robots":{"index":"index","follow":"follow","max-snippet":"max-snippet:-1","max-image-preview":"max-image-preview:large","max-video-preview":"max-video-preview:-1"},"canonical":"https:\/\/www.sabra.org.br\/site\/banda-rock\/","og_locale":"pt_BR","og_type":"article","og_title":"Bandas e m\u00fasicos que marcaram o rock nacional - SABRA - Sociedade Art\u00edstica Brasileira","og_description":"O rock, definitivamente, n\u00e3o morreu! Prova disso s\u00e3o as bandas e cantores brasileiros que transcendem o tempo, muito ouvidos ano ap\u00f3s ano.","og_url":"https:\/\/www.sabra.org.br\/site\/banda-rock\/","og_site_name":"SABRA - Sociedade Art\u00edstica Brasileira","article_publisher":"https:\/\/www.facebook.com\/sabrabrasil","article_published_time":"2022-06-20T16:38:14+00:00","article_modified_time":"2022-06-20T16:40:46+00:00","og_image":[{"width":800,"height":533,"url":"https:\/\/i0.wp.com\/www.sabra.org.br\/site\/wp-content\/uploads\/2022\/06\/x-bandas-e-musicos-que-marcaram-o-rock-nacional-20220303163651.jpg.jpg?fit=800%2C533&ssl=1","type":"image\/jpeg"}],"author":"M\u00e1rcio Miranda Pontes","twitter_card":"summary_large_image","twitter_creator":"@ContatoSabra","twitter_site":"@ContatoSabra","twitter_misc":{"Escrito por":"M\u00e1rcio Miranda Pontes","Est. tempo de leitura":"4 minutos"},"schema":{"@context":"https:\/\/schema.org","@graph":[{"@type":"Article","@id":"https:\/\/www.sabra.org.br\/site\/banda-rock\/#article","isPartOf":{"@id":"https:\/\/www.sabra.org.br\/site\/banda-rock\/"},"author":{"name":"M\u00e1rcio Miranda Pontes","@id":"https:\/\/www.sabra.org.br\/site\/#\/schema\/person\/7d1d222c3c8891d4c37c7b41bf6315c2"},"headline":"Bandas e m\u00fasicos que marcaram o rock nacional","datePublished":"2022-06-20T16:38:14+00:00","dateModified":"2022-06-20T16:40:46+00:00","mainEntityOfPage":{"@id":"https:\/\/www.sabra.org.br\/site\/banda-rock\/"},"wordCount":741,"publisher":{"@id":"https:\/\/www.sabra.org.br\/site\/#organization"},"image":{"@id":"https:\/\/www.sabra.org.br\/site\/banda-rock\/#primaryimage"},"thumbnailUrl":"https:\/\/www.sabra.org.br\/site\/wp-content\/uploads\/2022\/06\/x-bandas-e-musicos-que-marcaram-o-rock-nacional-20220303163651.jpg.jpg","keywords":["Assist\u00eancia social","Belo Horizonte","Cabo Frio","Campos dos Goytacazes","Canto Coral","Contagem","Escola de Musica SABRA","Ibirit\u00e9","Musicaliza\u00e7\u00e3o Infantil","nova lima","Orquestra Infanto Juvenil de Betim","Orquestra Sinf\u00f4nica de Betim","Raposos","Sociedade Art\u00edstica Brasileira"],"articleSection":["Blog SABRA"],"inLanguage":"pt-BR"},{"@type":"WebPage","@id":"https:\/\/www.sabra.org.br\/site\/banda-rock\/","url":"https:\/\/www.sabra.org.br\/site\/banda-rock\/","name":"Bandas e m\u00fasicos que marcaram o rock nacional - SABRA - Sociedade Art\u00edstica Brasileira","isPartOf":{"@id":"https:\/\/www.sabra.org.br\/site\/#website"},"primaryImageOfPage":{"@id":"https:\/\/www.sabra.org.br\/site\/banda-rock\/#primaryimage"},"image":{"@id":"https:\/\/www.sabra.org.br\/site\/banda-rock\/#primaryimage"},"thumbnailUrl":"https:\/\/www.sabra.org.br\/site\/wp-content\/uploads\/2022\/06\/x-bandas-e-musicos-que-marcaram-o-rock-nacional-20220303163651.jpg.jpg","datePublished":"2022-06-20T16:38:14+00:00","dateModified":"2022-06-20T16:40:46+00:00","description":"O rock, definitivamente, n\u00e3o morreu! Prova disso s\u00e3o as bandas e cantores brasileiros que transcendem o tempo, muito ouvidos ano ap\u00f3s ano.","breadcrumb":{"@id":"https:\/\/www.sabra.org.br\/site\/banda-rock\/#breadcrumb"},"inLanguage":"pt-BR","potentialAction":[{"@type":"ReadAction","target":["https:\/\/www.sabra.org.br\/site\/banda-rock\/"]}]},{"@type":"ImageObject","inLanguage":"pt-BR","@id":"https:\/\/www.sabra.org.br\/site\/banda-rock\/#primaryimage","url":"https:\/\/www.sabra.org.br\/site\/wp-content\/uploads\/2022\/06\/x-bandas-e-musicos-que-marcaram-o-rock-nacional-20220303163651.jpg.jpg","contentUrl":"https:\/\/www.sabra.org.br\/site\/wp-content\/uploads\/2022\/06\/x-bandas-e-musicos-que-marcaram-o-rock-nacional-20220303163651.jpg.jpg","width":800,"height":533,"caption":"Sociedade Art\u00edstica Brasileira SABRA"},{"@type":"BreadcrumbList","@id":"https:\/\/www.sabra.org.br\/site\/banda-rock\/#breadcrumb","itemListElement":[{"@type":"ListItem","position":1,"name":"In\u00edcio","item":"https:\/\/www.sabra.org.br\/site\/"},{"@type":"ListItem","position":2,"name":"Bandas e m\u00fasicos que marcaram o rock nacional"}]},{"@type":"WebSite","@id":"https:\/\/www.sabra.org.br\/site\/#website","url":"https:\/\/www.sabra.org.br\/site\/","name":"SABRA - Sociedade Art\u00edstica Brasileira","description":"Escola de M\u00fasica, Orquestra Sinf\u00f4nica, Coral e Patrim\u00f4nio Cultural e Hist\u00f3rico","publisher":{"@id":"https:\/\/www.sabra.org.br\/site\/#organization"},"potentialAction":[{"@type":"SearchAction","target":{"@type":"EntryPoint","urlTemplate":"https:\/\/www.sabra.org.br\/site\/?s={search_term_string}"},"query-input":{"@type":"PropertyValueSpecification","valueRequired":true,"valueName":"search_term_string"}}],"inLanguage":"pt-BR"},{"@type":"Organization","@id":"https:\/\/www.sabra.org.br\/site\/#organization","name":"SOCIEDADE ART\u00cdSTICA BRASILEIRA SABRA","alternateName":"SABRA","url":"https:\/\/www.sabra.org.br\/site\/","logo":{"@type":"ImageObject","inLanguage":"pt-BR","@id":"https:\/\/www.sabra.org.br\/site\/#\/schema\/logo\/image\/","url":"https:\/\/www.sabra.org.br\/site\/wp-content\/uploads\/2019\/06\/cropped-Logo_SABRA-Copia-1.webp","contentUrl":"https:\/\/www.sabra.org.br\/site\/wp-content\/uploads\/2019\/06\/cropped-Logo_SABRA-Copia-1.webp","width":400,"height":128,"caption":"SOCIEDADE ART\u00cdSTICA BRASILEIRA SABRA"},"image":{"@id":"https:\/\/www.sabra.org.br\/site\/#\/schema\/logo\/image\/"},"sameAs":["https:\/\/www.facebook.com\/sabrabrasil","https:\/\/x.com\/ContatoSabra","https:\/\/www.instagram.com\/sabrabrasil\/","https:\/\/www.linkedin.com\/company\/25002088\/","https:\/\/br.pinterest.com\/sociedadeartisticabrasileira\/","https:\/\/www.youtube.com\/c\/sabrabrasil"]},{"@type":"Person","@id":"https:\/\/www.sabra.org.br\/site\/#\/schema\/person\/7d1d222c3c8891d4c37c7b41bf6315c2","name":"M\u00e1rcio Miranda Pontes","image":{"@type":"ImageObject","inLanguage":"pt-BR","@id":"https:\/\/secure.gravatar.com\/avatar\/3b45f24496a7625a3a6c436688fbe20344faaeb2979658dc4a9921f984d7df9a?s=96&d=mm&r=g","url":"https:\/\/secure.gravatar.com\/avatar\/3b45f24496a7625a3a6c436688fbe20344faaeb2979658dc4a9921f984d7df9a?s=96&d=mm&r=g","contentUrl":"https:\/\/secure.gravatar.com\/avatar\/3b45f24496a7625a3a6c436688fbe20344faaeb2979658dc4a9921f984d7df9a?s=96&d=mm&r=g","caption":"M\u00e1rcio Miranda Pontes"},"sameAs":["http:\/\/www.sabra.org.br"],"url":"https:\/\/www.sabra.org.br\/site\/author\/marcio-miranda-pontes\/"}]}},"jetpack_featured_media_url":"https:\/\/www.sabra.org.br\/site\/wp-content\/uploads\/2022\/06\/x-bandas-e-musicos-que-marcaram-o-rock-nacional-20220303163651.jpg.jpg","jetpack_shortlink":"https:\/\/wp.me\/p95j2Z-1me","jetpack-related-posts":[{"id":7709,"url":"https:\/\/www.sabra.org.br\/site\/rock-orquestra-2\/","url_meta":{"origin":5222,"position":0},"title":"Voc\u00ea sabe como o rock pode ser utilizado em orquestras?","author":"M\u00e1rcio Miranda Pontes","date":"23 de agosto de 2023","format":false,"excerpt":"Apresentaremos melhor o conceito de orquestras tocando Rock\u2019n\u2019Roll e como esse estilo musical pode ser utilizado em um concerto orquestrado.","rel":"","context":"Em &quot;Blog SABRA&quot;","block_context":{"text":"Blog SABRA","link":"https:\/\/www.sabra.org.br\/site\/category\/blog-sabra\/"},"img":{"alt_text":"orquestra-sinf\u00f4nica-betim-bolsa-incentivo-rock-orquestra","src":"https:\/\/i0.wp.com\/www.sabra.org.br\/site\/wp-content\/uploads\/2023\/04\/Orquestra-resultado-2023-e1765391313729.jpg?resize=350%2C200&ssl=1","width":350,"height":200,"srcset":"https:\/\/i0.wp.com\/www.sabra.org.br\/site\/wp-content\/uploads\/2023\/04\/Orquestra-resultado-2023-e1765391313729.jpg?resize=350%2C200&ssl=1 1x, https:\/\/i0.wp.com\/www.sabra.org.br\/site\/wp-content\/uploads\/2023\/04\/Orquestra-resultado-2023-e1765391313729.jpg?resize=525%2C300&ssl=1 1.5x"},"classes":[]},{"id":6813,"url":"https:\/\/www.sabra.org.br\/site\/musica-estilos\/","url_meta":{"origin":5222,"position":1},"title":"Estilos musicais mais tradicionais ao redor do mundo","author":"M\u00e1rcio Miranda Pontes","date":"27 de mar\u00e7o de 2023","format":false,"excerpt":"A m\u00fasica \u00e9 essencial para contar a hist\u00f3ria de um povo e a trajet\u00f3ria da cultura. Quer saber quais s\u00e3o as op\u00e7\u00f5es mais famosas do mundo? Ent\u00e3o acesse o conte\u00fado e confira algumas.","rel":"","context":"Em &quot;Blog SABRA&quot;","block_context":{"text":"Blog SABRA","link":"https:\/\/www.sabra.org.br\/site\/category\/blog-sabra\/"},"img":{"alt_text":"m\u00fasica-conhecida-cultura-ritmo-diverso","src":"https:\/\/i0.wp.com\/www.sabra.org.br\/site\/wp-content\/uploads\/2023\/03\/x-estilos-musicais-mais-tradicionais-ao-redor-do-mundo-20221024103355.jpg.jpg?resize=350%2C200&ssl=1","width":350,"height":200,"srcset":"https:\/\/i0.wp.com\/www.sabra.org.br\/site\/wp-content\/uploads\/2023\/03\/x-estilos-musicais-mais-tradicionais-ao-redor-do-mundo-20221024103355.jpg.jpg?resize=350%2C200&ssl=1 1x, https:\/\/i0.wp.com\/www.sabra.org.br\/site\/wp-content\/uploads\/2023\/03\/x-estilos-musicais-mais-tradicionais-ao-redor-do-mundo-20221024103355.jpg.jpg?resize=525%2C300&ssl=1 1.5x, https:\/\/i0.wp.com\/www.sabra.org.br\/site\/wp-content\/uploads\/2023\/03\/x-estilos-musicais-mais-tradicionais-ao-redor-do-mundo-20221024103355.jpg.jpg?resize=700%2C400&ssl=1 2x"},"classes":[]},{"id":2230,"url":"https:\/\/www.sabra.org.br\/site\/rock-orquestra\/","url_meta":{"origin":5222,"position":2},"title":"Bandas de Rock e Orquestras","author":"M\u00e1rcio Miranda Pontes","date":"15 de julho de 2019","format":false,"excerpt":"rock'n roll m\u00fasica cl\u00e1ssica philharmonic orchestra deep purple redes sociais","rel":"","context":"Em &quot;Blog SABRA&quot;","block_context":{"text":"Blog SABRA","link":"https:\/\/www.sabra.org.br\/site\/category\/blog-sabra\/"},"img":{"alt_text":"bandas-de-rock-orquestra-sinf\u00f4nica","src":"https:\/\/i0.wp.com\/www.sabra.org.br\/site\/wp-content\/uploads\/2019\/07\/bandas-de-rock-e-orquestras-uma-parceria-de-sucesso-20171027133213.jpg.jpg?resize=350%2C200&ssl=1","width":350,"height":200,"srcset":"https:\/\/i0.wp.com\/www.sabra.org.br\/site\/wp-content\/uploads\/2019\/07\/bandas-de-rock-e-orquestras-uma-parceria-de-sucesso-20171027133213.jpg.jpg?resize=350%2C200&ssl=1 1x, https:\/\/i0.wp.com\/www.sabra.org.br\/site\/wp-content\/uploads\/2019\/07\/bandas-de-rock-e-orquestras-uma-parceria-de-sucesso-20171027133213.jpg.jpg?resize=525%2C300&ssl=1 1.5x, https:\/\/i0.wp.com\/www.sabra.org.br\/site\/wp-content\/uploads\/2019\/07\/bandas-de-rock-e-orquestras-uma-parceria-de-sucesso-20171027133213.jpg.jpg?resize=700%2C400&ssl=1 2x, https:\/\/i0.wp.com\/www.sabra.org.br\/site\/wp-content\/uploads\/2019\/07\/bandas-de-rock-e-orquestras-uma-parceria-de-sucesso-20171027133213.jpg.jpg?resize=1050%2C600&ssl=1 3x"},"classes":[]},{"id":4165,"url":"https:\/\/www.sabra.org.br\/site\/bandas-minas-gerais\/","url_meta":{"origin":5222,"position":3},"title":"Conhe\u00e7a 5 bandas mineiras que fazem sucesso em todo Brasil","author":"M\u00e1rcio Miranda Pontes","date":"10 de setembro de 2021","format":false,"excerpt":"Conhe\u00e7a 5 bandas mineiras que fazem sucesso em todo Brasil Minas Gerais \u00e9 reduto de grandes artistas, super talentosos e que levam a cultura do estado por onde passam. Por isso, selecionamos 5 bandas mineiras que fazem sucesso em todo Brasil para voc\u00ea ouvir sempre! Patroci\u0301nio m\u00e1ster: @institutounimedbh, viabilizado pelo\u2026","rel":"","context":"Em &quot;Blog SABRA&quot;","block_context":{"text":"Blog SABRA","link":"https:\/\/www.sabra.org.br\/site\/category\/blog-sabra\/"},"img":{"alt_text":"bandas-mineiras-banda-minas-gerais","src":"https:\/\/i0.wp.com\/www.sabra.org.br\/site\/wp-content\/uploads\/2021\/09\/conheca-x-bandas-mineiras-que-fazem-sucesso-em-todo-brasil-20210803101037.jpg.jpg?resize=350%2C200&ssl=1","width":350,"height":200,"srcset":"https:\/\/i0.wp.com\/www.sabra.org.br\/site\/wp-content\/uploads\/2021\/09\/conheca-x-bandas-mineiras-que-fazem-sucesso-em-todo-brasil-20210803101037.jpg.jpg?resize=350%2C200&ssl=1 1x, https:\/\/i0.wp.com\/www.sabra.org.br\/site\/wp-content\/uploads\/2021\/09\/conheca-x-bandas-mineiras-que-fazem-sucesso-em-todo-brasil-20210803101037.jpg.jpg?resize=525%2C300&ssl=1 1.5x, https:\/\/i0.wp.com\/www.sabra.org.br\/site\/wp-content\/uploads\/2021\/09\/conheca-x-bandas-mineiras-que-fazem-sucesso-em-todo-brasil-20210803101037.jpg.jpg?resize=700%2C400&ssl=1 2x"},"classes":[]},{"id":4171,"url":"https:\/\/www.sabra.org.br\/site\/blues-mpb\/","url_meta":{"origin":5222,"position":4},"title":"Como o Blues influenciou a m\u00fasica brasileira nos anos 90?","author":"M\u00e1rcio Miranda Pontes","date":"13 de setembro de 2021","format":false,"excerpt":"Como o Blues influenciou a m\u00fasica brasileira nos anos 90? O blues \u00e9 um g\u00eanero musical nascido nos Estados Unidos. No entanto, influenciou outros estilos musicais no Brasil e no mundo. Saiba como o blues teve influ\u00eancia na m\u00fasica brasileira dos anos 1990. Patroci\u0301nio m\u00e1ster: @institutounimedbh, viabilizado pelo incentivo de\u2026","rel":"","context":"Em &quot;Blog SABRA&quot;","block_context":{"text":"Blog SABRA","link":"https:\/\/www.sabra.org.br\/site\/category\/blog-sabra\/"},"img":{"alt_text":"","src":"https:\/\/i0.wp.com\/www.sabra.org.br\/site\/wp-content\/uploads\/2021\/09\/blues.jpg?resize=350%2C200&ssl=1","width":350,"height":200},"classes":[]},{"id":793,"url":"https:\/\/www.sabra.org.br\/site\/como-e-o-mercado-de-trabalho-para-musicos-no-brasil\/","url_meta":{"origin":5222,"position":5},"title":"MERCADO DE TRABALHO.","author":"M\u00e1rcio Miranda Pontes","date":"13 de novembro de 2017","format":false,"excerpt":"mercado de trabalho devem estar preparados possibilidade de carreira m\u00fasicos conseguem viver","rel":"","context":"Em &quot;Blog SABRA&quot;","block_context":{"text":"Blog SABRA","link":"https:\/\/www.sabra.org.br\/site\/category\/blog-sabra\/"},"img":{"alt_text":"Mercado de trabalho m\u00fasica","src":"https:\/\/i0.wp.com\/www.sabra.org.br\/site\/wp-content\/uploads\/2017\/11\/como-e-o-mercado-de-trabalho-para-musicos-no-brasil-20171027133225.jpg.jpg?resize=350%2C200&ssl=1","width":350,"height":200,"srcset":"https:\/\/i0.wp.com\/www.sabra.org.br\/site\/wp-content\/uploads\/2017\/11\/como-e-o-mercado-de-trabalho-para-musicos-no-brasil-20171027133225.jpg.jpg?resize=350%2C200&ssl=1 1x, https:\/\/i0.wp.com\/www.sabra.org.br\/site\/wp-content\/uploads\/2017\/11\/como-e-o-mercado-de-trabalho-para-musicos-no-brasil-20171027133225.jpg.jpg?resize=525%2C300&ssl=1 1.5x"},"classes":[]}],"jetpack_likes_enabled":true,"jetpack_sharing_enabled":true,"_links":{"self":[{"href":"https:\/\/www.sabra.org.br\/site\/wp-json\/wp\/v2\/posts\/5222","targetHints":{"allow":["GET"]}}],"collection":[{"href":"https:\/\/www.sabra.org.br\/site\/wp-json\/wp\/v2\/posts"}],"about":[{"href":"https:\/\/www.sabra.org.br\/site\/wp-json\/wp\/v2\/types\/post"}],"author":[{"embeddable":true,"href":"https:\/\/www.sabra.org.br\/site\/wp-json\/wp\/v2\/users\/39"}],"replies":[{"embeddable":true,"href":"https:\/\/www.sabra.org.br\/site\/wp-json\/wp\/v2\/comments?post=5222"}],"version-history":[{"count":0,"href":"https:\/\/www.sabra.org.br\/site\/wp-json\/wp\/v2\/posts\/5222\/revisions"}],"wp:featuredmedia":[{"embeddable":true,"href":"https:\/\/www.sabra.org.br\/site\/wp-json\/wp\/v2\/media\/5255"}],"wp:attachment":[{"href":"https:\/\/www.sabra.org.br\/site\/wp-json\/wp\/v2\/media?parent=5222"}],"wp:term":[{"taxonomy":"category","embeddable":true,"href":"https:\/\/www.sabra.org.br\/site\/wp-json\/wp\/v2\/categories?post=5222"},{"taxonomy":"post_tag","embeddable":true,"href":"https:\/\/www.sabra.org.br\/site\/wp-json\/wp\/v2\/tags?post=5222"}],"curies":[{"name":"wp","href":"https:\/\/api.w.org\/{rel}","templated":true}]}}