{"id":5346,"date":"2022-07-13T08:05:25","date_gmt":"2022-07-13T11:05:25","guid":{"rendered":"https:\/\/www.sabra.org.br\/site\/?p=5346"},"modified":"2022-07-13T08:07:37","modified_gmt":"2022-07-13T11:07:37","slug":"musica-classica-criancas","status":"publish","type":"post","link":"https:\/\/www.sabra.org.br\/site\/musica-classica-criancas\/","title":{"rendered":"Benef\u00edcios da m\u00fasica cl\u00e1ssica para as crian\u00e7as"},"content":{"rendered":"<p>[vc_row][vc_column][vc_column_text]A m\u00fasica cl\u00e1ssica \u00e9 uma boa companhia para as crian\u00e7as desde a fase da gesta\u00e7\u00e3o. Isso porque, ao relaxar e trazer a sensa\u00e7\u00e3o de bem-estar para a m\u00e3e, a m\u00fasica faz o mesmo pelo beb\u00ea. Ap\u00f3s o nascimento os benef\u00edcios s\u00e3o ainda maiores.<\/p>\n<p>Com sua harmonia e sutileza, esse g\u00eanero musical possui a capacidade de envolver as crian\u00e7as, levando-as a um comportamento mais tranquilo e um racioc\u00ednio mais agu\u00e7ado. Tal fato \u00e9 apoiado pela tese conhecida como \u201cefeito Mozart\u201d, que defende a ideia de que, a exposi\u00e7\u00e3o da crian\u00e7a \u00e0 m\u00fasica cl\u00e1ssica estimula a regi\u00e3o do c\u00f3rtex cerebral, favorecendo o racioc\u00ednio, a criatividade e a concentra\u00e7\u00e3o.<\/p>\n<p>A influ\u00eancia positiva da m\u00fasica cl\u00e1ssica na vida das crian\u00e7as \u00e9 clara. Confira agora alguns desses benef\u00edcios:<\/p>\n<h2>1. Melhora do estresse e da ansiedade<\/h2>\n<p>No mundo atual, o dia a dia das crian\u00e7as \u00e9 repleto de atividades, est\u00edmulos visuais e at\u00e9 mesmo digitais, o que acaba por exp\u00f4-los a certo n\u00edvel de estresse elevado para os pequenos.<\/p>\n<p>Nesse quesito, a m\u00fasica cl\u00e1ssica tem um grande poder de cura. Ao escut\u00e1-la, o organismo reduz a press\u00e3o arterial e os n\u00edveis de cortisol, afastando a ansiedade, produzindo relaxamento e despertando a sensa\u00e7\u00e3o de bem-estar.<\/p>\n<h2>2. Melhora do sono<\/h2>\n<p>Um dos maiores benef\u00edcios da m\u00fasica cl\u00e1ssica para as crian\u00e7as \u00e9 a melhoria do sono. Com seus padr\u00f5es r\u00edtmicos, a m\u00fasica erudita leva ao estado de relaxamento, tranquilizando os pequenos e contribuindo para um bom descanso e uma boa noite de sono.<\/p>\n<h2>3. Aumento do foco<\/h2>\n<p>A m\u00fasica cl\u00e1ssica possui caracter\u00edsticas espec\u00edficas que contribuem profundamente para o aumento do foco das crian\u00e7as: sons leves, riqueza de detalhes e abordagem das emo\u00e7\u00f5es.<\/p>\n<p>Tais caracter\u00edsticas s\u00e3o de extrema import\u00e2ncia nos dias de hoje, uma vez que, na era do virtual, as crian\u00e7as apresentam cada vez mais dificuldade para manter a aten\u00e7\u00e3o focada em algo.<\/p>\n<h2>4. Melhora na aprendizagem e na capacidade intelectual<\/h2>\n<p>A m\u00fasica cl\u00e1ssica proporciona \u00e0s crian\u00e7as um ambiente de relaxamento que, por sua vez, capacita o c\u00e9rebro a criar mais conex\u00f5es neurais, melhorar a concentra\u00e7\u00e3o e potencializar a mem\u00f3ria.<\/p>\n<p>Um estudo realizado na Fran\u00e7a separou dois grupos de estudantes fazendo com que um deles assistisse a uma palestra com m\u00fasica cl\u00e1ssica de fundo e o outro sem. Ao final do evento, os alunos passaram por um teste e, o grupo que assistiu \u00e0 palestra acompanhada da m\u00fasica obteve os melhores resultados, sugerindo assim, a melhora do desempenho cognitivo como benef\u00edcio da m\u00fasica cl\u00e1ssica na vida escolar dos pequenos.<\/p>\n<p>Al\u00e9m disso, crian\u00e7as que estudam m\u00fasica aprendem desde cedo a ter perseveran\u00e7a e disciplina, caracter\u00edsticas de suma import\u00e2ncia para o desenvolvimento escolar.<\/p>\n<h2>5. Mais criatividade<\/h2>\n<p>O aprendizado de m\u00fasicas cl\u00e1ssicas, assim como o de demais disciplinas art\u00edsticas, promove a atividade do hemisf\u00e9rio direito do c\u00e9rebro que, consequentemente, desenvolve a imagina\u00e7\u00e3o e a criatividade.<\/p>\n<h2>6. Melhor gest\u00e3o das emo\u00e7\u00f5es<\/h2>\n<p>A m\u00fasica cl\u00e1ssica tem o benef\u00edcio de fazer com que, at\u00e9 mesmo as crian\u00e7as, desenvolvam maior sensibilidade. Dessa forma, elas aprendem a detectar com mais facilidade o que est\u00e3o sentindo, assim como seus diferentes estados de esp\u00edrito, desenvolvendo maior capacidade de gerenciar suas emo\u00e7\u00f5es e suas rela\u00e7\u00f5es sociais.<\/p>\n<p>A m\u00fasica cl\u00e1ssica traz in\u00fameros benef\u00edcios para vida das crian\u00e7as desde o ventre materno, se estabelecendo tamb\u00e9m na adolesc\u00eancia e na vida adulta. Para saber mais sobre o assunto conhe\u00e7a o nosso site.<\/p>\n<blockquote class=\"wp-embedded-content\" data-secret=\"uKihLI6Az0\"><p><a href=\"https:\/\/www.sabra.org.br\/site\/inteligencia-emocional-das-criancas\/\">Intelig\u00eancia emocional das crian\u00e7as<\/a><\/p><\/blockquote>\n<p><iframe class=\"wp-embedded-content\" sandbox=\"allow-scripts\" security=\"restricted\" style=\"position: absolute; clip: rect(1px, 1px, 1px, 1px);\" title=\"&#8220;Intelig\u00eancia emocional das crian\u00e7as&#8221; &#8212; SABRA - Sociedade Art\u00edstica Brasileira\" src=\"https:\/\/www.sabra.org.br\/site\/inteligencia-emocional-das-criancas\/embed\/#?secret=ZRoqV1HGyH#?secret=uKihLI6Az0\" data-secret=\"uKihLI6Az0\" width=\"600\" height=\"338\" frameborder=\"0\" marginwidth=\"0\" marginheight=\"0\" scrolling=\"no\"><\/iframe><\/p>\n<hr \/>\n<h2>Se voc\u00ea gostou deste post:<\/h2>\n<p>&#8211; SIGA as nossas p\u00e1ginas nas redes sociais para acompanhar as nossas atualiza\u00e7\u00f5es: estamos no <a href=\"https:\/\/www.facebook.com\/sabrabrasil\" target=\"_blank\" rel=\"noopener\">Facebook<\/a>, no <a href=\"https:\/\/www.instagram.com\/sabrabrasil\/\" target=\"_blank\" rel=\"noopener\">Instagram<\/a>, no <a href=\"https:\/\/www.linkedin.com\/company\/25002088\" target=\"_blank\" rel=\"noopener\">LinkedIn<\/a>, no <a href=\"https:\/\/twitter.com\/ContatoSabra\" target=\"_blank\" rel=\"noopener\">Twitter<\/a> e no <a href=\"https:\/\/www.youtube.com\/channel\/UCJw-kbuEvzUNdeQf20Pa-eQ\" target=\"_blank\" rel=\"noopener\">YouTube<\/a>!<\/p>\n<p>&#8211; CONHE\u00c7A o trabalho da Sociedade Art\u00edstica Brasileira (SABRA) e todas as iniciativas culturais e sociais que ela mant\u00e9m. <a href=\"https:\/\/www.sabra.org.br\/site\/acoes\/\" target=\"_blank\" rel=\"noopener\">Acesse nosso site!<\/a><\/p>\n<p>&#8211; ENTRE EM CONTATO com a gente. E veja quais s\u00e3o as op\u00e7\u00f5es de ajuda na manuten\u00e7\u00e3o de nossas a\u00e7\u00f5es sociais e culturais. Basta acessar nossa p\u00e1gina <a href=\"https:\/\/www.sabra.org.br\/site\/doe-agora\/\" target=\"_blank\" rel=\"noopener\">Doe Agora!<\/a><\/p>\n<p>&#8211; COMPARTILHE este texto nas suas redes sociais e ajude os seus amigos a tamb\u00e9m dominarem o assunto!<\/p>\n<p>\u2013 Os projetos da @sabrabrasil s\u00e3o realizados com o patroci\u0301nio m\u00e1ster: @vallourec e @institutounimedbh, viabilizado pelo incentivo de mais de 5,2 mil m\u00e9dicos cooperados e colaboradores via Lei de Incentivo \u00e0 Cultura &#8211; @mturismo, @culturagovbr. Apoio: @prefeiturabetim[\/vc_column_text][\/vc_column][\/vc_row]<\/p>\n","protected":false},"excerpt":{"rendered":"<p>Que escutar e aprender m\u00fasica cl\u00e1ssica traz in\u00fameras vantagens para nossa vida voc\u00ea j\u00e1 sabe. Mas voc\u00ea conhece os benef\u00edcios desse g\u00eanero musical na vida das crian\u00e7as? <\/p>\n","protected":false},"author":39,"featured_media":5347,"comment_status":"closed","ping_status":"closed","sticky":false,"template":"","format":"standard","meta":{"jetpack_post_was_ever_published":false,"_jetpack_newsletter_access":"","_jetpack_dont_email_post_to_subs":false,"_jetpack_newsletter_tier_id":0,"_jetpack_memberships_contains_paywalled_content":false,"_jetpack_memberships_contains_paid_content":false,"footnotes":""},"categories":[1],"tags":[15,2757,3626,3623,8,3629,1285,3628,16,3519,1286,11,3622,9],"class_list":["post-5346","post","type-post","status-publish","format-standard","has-post-thumbnail","hentry","category-blog-sabra","tag-assistencia-social","tag-belo-horizonte","tag-cabo-frio","tag-campos-dos-goytacazes","tag-canto-coral","tag-contagem","tag-escola-de-musica-sabra","tag-ibirite","tag-musicalizacao-infantil","tag-nova-lima-2","tag-orquestra-infanto-juvenil-de-betim","tag-orquestra-sinfonica-de-betim","tag-raposos","tag-sociedade-artistica-brasileira"],"yoast_head":"<!-- This site is optimized with the Yoast SEO plugin v27.5 - https:\/\/yoast.com\/product\/yoast-seo-wordpress\/ -->\n<title>Benef\u00edcios da m\u00fasica cl\u00e1ssica para as crian\u00e7as - SABRA - Sociedade Art\u00edstica Brasileira<\/title>\n<meta name=\"description\" content=\"Que escutar e aprender m\u00fasica cl\u00e1ssica traz in\u00fameras vantagens para nossa vida voc\u00ea j\u00e1 sabe. Voc\u00ea conhece os benef\u00edcios na vida das crian\u00e7as?\" \/>\n<meta name=\"robots\" content=\"index, follow, max-snippet:-1, max-image-preview:large, max-video-preview:-1\" \/>\n<link rel=\"canonical\" href=\"https:\/\/www.sabra.org.br\/site\/musica-classica-criancas\/\" \/>\n<meta property=\"og:locale\" content=\"pt_BR\" \/>\n<meta property=\"og:type\" content=\"article\" \/>\n<meta property=\"og:title\" content=\"Benef\u00edcios da m\u00fasica cl\u00e1ssica para as crian\u00e7as - SABRA - Sociedade Art\u00edstica Brasileira\" \/>\n<meta property=\"og:description\" content=\"Que escutar e aprender m\u00fasica cl\u00e1ssica traz in\u00fameras vantagens para nossa vida voc\u00ea j\u00e1 sabe. Voc\u00ea conhece os benef\u00edcios na vida das crian\u00e7as?\" \/>\n<meta property=\"og:url\" content=\"https:\/\/www.sabra.org.br\/site\/musica-classica-criancas\/\" \/>\n<meta property=\"og:site_name\" content=\"SABRA - Sociedade Art\u00edstica Brasileira\" \/>\n<meta property=\"article:publisher\" content=\"https:\/\/www.facebook.com\/sabrabrasil\" \/>\n<meta property=\"article:published_time\" content=\"2022-07-13T11:05:25+00:00\" \/>\n<meta property=\"article:modified_time\" content=\"2022-07-13T11:07:37+00:00\" \/>\n<meta property=\"og:image\" content=\"https:\/\/i0.wp.com\/www.sabra.org.br\/site\/wp-content\/uploads\/2022\/07\/x-beneficios-da-musica-classica-para-as-criancas-20220513105253.jpg.jpg?fit=800%2C534&ssl=1\" \/>\n\t<meta property=\"og:image:width\" content=\"800\" \/>\n\t<meta property=\"og:image:height\" content=\"534\" \/>\n\t<meta property=\"og:image:type\" content=\"image\/jpeg\" \/>\n<meta name=\"author\" content=\"M\u00e1rcio Miranda Pontes\" \/>\n<meta name=\"twitter:card\" content=\"summary_large_image\" \/>\n<meta name=\"twitter:creator\" content=\"@ContatoSabra\" \/>\n<meta name=\"twitter:site\" content=\"@ContatoSabra\" \/>\n<meta name=\"twitter:label1\" content=\"Escrito por\" \/>\n\t<meta name=\"twitter:data1\" content=\"M\u00e1rcio Miranda Pontes\" \/>\n\t<meta name=\"twitter:label2\" content=\"Est. tempo de leitura\" \/>\n\t<meta name=\"twitter:data2\" content=\"4 minutos\" \/>\n<script type=\"application\/ld+json\" class=\"yoast-schema-graph\">{\"@context\":\"https:\\\/\\\/schema.org\",\"@graph\":[{\"@type\":\"Article\",\"@id\":\"https:\\\/\\\/www.sabra.org.br\\\/site\\\/musica-classica-criancas\\\/#article\",\"isPartOf\":{\"@id\":\"https:\\\/\\\/www.sabra.org.br\\\/site\\\/musica-classica-criancas\\\/\"},\"author\":{\"name\":\"M\u00e1rcio Miranda Pontes\",\"@id\":\"https:\\\/\\\/www.sabra.org.br\\\/site\\\/#\\\/schema\\\/person\\\/7d1d222c3c8891d4c37c7b41bf6315c2\"},\"headline\":\"Benef\u00edcios da m\u00fasica cl\u00e1ssica para as crian\u00e7as\",\"datePublished\":\"2022-07-13T11:05:25+00:00\",\"dateModified\":\"2022-07-13T11:07:37+00:00\",\"mainEntityOfPage\":{\"@id\":\"https:\\\/\\\/www.sabra.org.br\\\/site\\\/musica-classica-criancas\\\/\"},\"wordCount\":815,\"publisher\":{\"@id\":\"https:\\\/\\\/www.sabra.org.br\\\/site\\\/#organization\"},\"image\":{\"@id\":\"https:\\\/\\\/www.sabra.org.br\\\/site\\\/musica-classica-criancas\\\/#primaryimage\"},\"thumbnailUrl\":\"https:\\\/\\\/www.sabra.org.br\\\/site\\\/wp-content\\\/uploads\\\/2022\\\/07\\\/x-beneficios-da-musica-classica-para-as-criancas-20220513105253.jpg.jpg\",\"keywords\":[\"Assist\u00eancia social\",\"Belo Horizonte\",\"Cabo Frio\",\"Campos dos Goytacazes\",\"Canto Coral\",\"Contagem\",\"Escola de Musica SABRA\",\"Ibirit\u00e9\",\"Musicaliza\u00e7\u00e3o Infantil\",\"nova lima\",\"Orquestra Infanto Juvenil de Betim\",\"Orquestra Sinf\u00f4nica de Betim\",\"Raposos\",\"Sociedade Art\u00edstica Brasileira\"],\"articleSection\":[\"Blog SABRA\"],\"inLanguage\":\"pt-BR\"},{\"@type\":\"WebPage\",\"@id\":\"https:\\\/\\\/www.sabra.org.br\\\/site\\\/musica-classica-criancas\\\/\",\"url\":\"https:\\\/\\\/www.sabra.org.br\\\/site\\\/musica-classica-criancas\\\/\",\"name\":\"Benef\u00edcios da m\u00fasica cl\u00e1ssica para as crian\u00e7as - SABRA - Sociedade Art\u00edstica Brasileira\",\"isPartOf\":{\"@id\":\"https:\\\/\\\/www.sabra.org.br\\\/site\\\/#website\"},\"primaryImageOfPage\":{\"@id\":\"https:\\\/\\\/www.sabra.org.br\\\/site\\\/musica-classica-criancas\\\/#primaryimage\"},\"image\":{\"@id\":\"https:\\\/\\\/www.sabra.org.br\\\/site\\\/musica-classica-criancas\\\/#primaryimage\"},\"thumbnailUrl\":\"https:\\\/\\\/www.sabra.org.br\\\/site\\\/wp-content\\\/uploads\\\/2022\\\/07\\\/x-beneficios-da-musica-classica-para-as-criancas-20220513105253.jpg.jpg\",\"datePublished\":\"2022-07-13T11:05:25+00:00\",\"dateModified\":\"2022-07-13T11:07:37+00:00\",\"description\":\"Que escutar e aprender m\u00fasica cl\u00e1ssica traz in\u00fameras vantagens para nossa vida voc\u00ea j\u00e1 sabe. Voc\u00ea conhece os benef\u00edcios na vida das crian\u00e7as?\",\"breadcrumb\":{\"@id\":\"https:\\\/\\\/www.sabra.org.br\\\/site\\\/musica-classica-criancas\\\/#breadcrumb\"},\"inLanguage\":\"pt-BR\",\"potentialAction\":[{\"@type\":\"ReadAction\",\"target\":[\"https:\\\/\\\/www.sabra.org.br\\\/site\\\/musica-classica-criancas\\\/\"]}]},{\"@type\":\"ImageObject\",\"inLanguage\":\"pt-BR\",\"@id\":\"https:\\\/\\\/www.sabra.org.br\\\/site\\\/musica-classica-criancas\\\/#primaryimage\",\"url\":\"https:\\\/\\\/www.sabra.org.br\\\/site\\\/wp-content\\\/uploads\\\/2022\\\/07\\\/x-beneficios-da-musica-classica-para-as-criancas-20220513105253.jpg.jpg\",\"contentUrl\":\"https:\\\/\\\/www.sabra.org.br\\\/site\\\/wp-content\\\/uploads\\\/2022\\\/07\\\/x-beneficios-da-musica-classica-para-as-criancas-20220513105253.jpg.jpg\",\"width\":800,\"height\":534,\"caption\":\"Sociedade Art\u00edstica Brasileira SABRA\"},{\"@type\":\"BreadcrumbList\",\"@id\":\"https:\\\/\\\/www.sabra.org.br\\\/site\\\/musica-classica-criancas\\\/#breadcrumb\",\"itemListElement\":[{\"@type\":\"ListItem\",\"position\":1,\"name\":\"In\u00edcio\",\"item\":\"https:\\\/\\\/www.sabra.org.br\\\/site\\\/\"},{\"@type\":\"ListItem\",\"position\":2,\"name\":\"Benef\u00edcios da m\u00fasica cl\u00e1ssica para as crian\u00e7as\"}]},{\"@type\":\"WebSite\",\"@id\":\"https:\\\/\\\/www.sabra.org.br\\\/site\\\/#website\",\"url\":\"https:\\\/\\\/www.sabra.org.br\\\/site\\\/\",\"name\":\"SABRA - Sociedade Art\u00edstica Brasileira\",\"description\":\"Escola de M\u00fasica, Orquestra Sinf\u00f4nica, Coral e Patrim\u00f4nio Cultural e Hist\u00f3rico\",\"publisher\":{\"@id\":\"https:\\\/\\\/www.sabra.org.br\\\/site\\\/#organization\"},\"potentialAction\":[{\"@type\":\"SearchAction\",\"target\":{\"@type\":\"EntryPoint\",\"urlTemplate\":\"https:\\\/\\\/www.sabra.org.br\\\/site\\\/?s={search_term_string}\"},\"query-input\":{\"@type\":\"PropertyValueSpecification\",\"valueRequired\":true,\"valueName\":\"search_term_string\"}}],\"inLanguage\":\"pt-BR\"},{\"@type\":\"Organization\",\"@id\":\"https:\\\/\\\/www.sabra.org.br\\\/site\\\/#organization\",\"name\":\"SOCIEDADE ART\u00cdSTICA BRASILEIRA SABRA\",\"alternateName\":\"SABRA\",\"url\":\"https:\\\/\\\/www.sabra.org.br\\\/site\\\/\",\"logo\":{\"@type\":\"ImageObject\",\"inLanguage\":\"pt-BR\",\"@id\":\"https:\\\/\\\/www.sabra.org.br\\\/site\\\/#\\\/schema\\\/logo\\\/image\\\/\",\"url\":\"https:\\\/\\\/www.sabra.org.br\\\/site\\\/wp-content\\\/uploads\\\/2019\\\/06\\\/cropped-Logo_SABRA-Copia-1.webp\",\"contentUrl\":\"https:\\\/\\\/www.sabra.org.br\\\/site\\\/wp-content\\\/uploads\\\/2019\\\/06\\\/cropped-Logo_SABRA-Copia-1.webp\",\"width\":400,\"height\":128,\"caption\":\"SOCIEDADE ART\u00cdSTICA BRASILEIRA SABRA\"},\"image\":{\"@id\":\"https:\\\/\\\/www.sabra.org.br\\\/site\\\/#\\\/schema\\\/logo\\\/image\\\/\"},\"sameAs\":[\"https:\\\/\\\/www.facebook.com\\\/sabrabrasil\",\"https:\\\/\\\/x.com\\\/ContatoSabra\",\"https:\\\/\\\/www.instagram.com\\\/sabrabrasil\\\/\",\"https:\\\/\\\/www.linkedin.com\\\/company\\\/25002088\\\/\",\"https:\\\/\\\/br.pinterest.com\\\/sociedadeartisticabrasileira\\\/\",\"https:\\\/\\\/www.youtube.com\\\/c\\\/sabrabrasil\"]},{\"@type\":\"Person\",\"@id\":\"https:\\\/\\\/www.sabra.org.br\\\/site\\\/#\\\/schema\\\/person\\\/7d1d222c3c8891d4c37c7b41bf6315c2\",\"name\":\"M\u00e1rcio Miranda Pontes\",\"image\":{\"@type\":\"ImageObject\",\"inLanguage\":\"pt-BR\",\"@id\":\"https:\\\/\\\/secure.gravatar.com\\\/avatar\\\/3b45f24496a7625a3a6c436688fbe20344faaeb2979658dc4a9921f984d7df9a?s=96&d=mm&r=g\",\"url\":\"https:\\\/\\\/secure.gravatar.com\\\/avatar\\\/3b45f24496a7625a3a6c436688fbe20344faaeb2979658dc4a9921f984d7df9a?s=96&d=mm&r=g\",\"contentUrl\":\"https:\\\/\\\/secure.gravatar.com\\\/avatar\\\/3b45f24496a7625a3a6c436688fbe20344faaeb2979658dc4a9921f984d7df9a?s=96&d=mm&r=g\",\"caption\":\"M\u00e1rcio Miranda Pontes\"},\"sameAs\":[\"http:\\\/\\\/www.sabra.org.br\"],\"url\":\"https:\\\/\\\/www.sabra.org.br\\\/site\\\/author\\\/marcio-miranda-pontes\\\/\"}]}<\/script>\n<!-- \/ Yoast SEO plugin. -->","yoast_head_json":{"title":"Benef\u00edcios da m\u00fasica cl\u00e1ssica para as crian\u00e7as - SABRA - Sociedade Art\u00edstica Brasileira","description":"Que escutar e aprender m\u00fasica cl\u00e1ssica traz in\u00fameras vantagens para nossa vida voc\u00ea j\u00e1 sabe. Voc\u00ea conhece os benef\u00edcios na vida das crian\u00e7as?","robots":{"index":"index","follow":"follow","max-snippet":"max-snippet:-1","max-image-preview":"max-image-preview:large","max-video-preview":"max-video-preview:-1"},"canonical":"https:\/\/www.sabra.org.br\/site\/musica-classica-criancas\/","og_locale":"pt_BR","og_type":"article","og_title":"Benef\u00edcios da m\u00fasica cl\u00e1ssica para as crian\u00e7as - SABRA - Sociedade Art\u00edstica Brasileira","og_description":"Que escutar e aprender m\u00fasica cl\u00e1ssica traz in\u00fameras vantagens para nossa vida voc\u00ea j\u00e1 sabe. Voc\u00ea conhece os benef\u00edcios na vida das crian\u00e7as?","og_url":"https:\/\/www.sabra.org.br\/site\/musica-classica-criancas\/","og_site_name":"SABRA - Sociedade Art\u00edstica Brasileira","article_publisher":"https:\/\/www.facebook.com\/sabrabrasil","article_published_time":"2022-07-13T11:05:25+00:00","article_modified_time":"2022-07-13T11:07:37+00:00","og_image":[{"width":800,"height":534,"url":"https:\/\/i0.wp.com\/www.sabra.org.br\/site\/wp-content\/uploads\/2022\/07\/x-beneficios-da-musica-classica-para-as-criancas-20220513105253.jpg.jpg?fit=800%2C534&ssl=1","type":"image\/jpeg"}],"author":"M\u00e1rcio Miranda Pontes","twitter_card":"summary_large_image","twitter_creator":"@ContatoSabra","twitter_site":"@ContatoSabra","twitter_misc":{"Escrito por":"M\u00e1rcio Miranda Pontes","Est. tempo de leitura":"4 minutos"},"schema":{"@context":"https:\/\/schema.org","@graph":[{"@type":"Article","@id":"https:\/\/www.sabra.org.br\/site\/musica-classica-criancas\/#article","isPartOf":{"@id":"https:\/\/www.sabra.org.br\/site\/musica-classica-criancas\/"},"author":{"name":"M\u00e1rcio Miranda Pontes","@id":"https:\/\/www.sabra.org.br\/site\/#\/schema\/person\/7d1d222c3c8891d4c37c7b41bf6315c2"},"headline":"Benef\u00edcios da m\u00fasica cl\u00e1ssica para as crian\u00e7as","datePublished":"2022-07-13T11:05:25+00:00","dateModified":"2022-07-13T11:07:37+00:00","mainEntityOfPage":{"@id":"https:\/\/www.sabra.org.br\/site\/musica-classica-criancas\/"},"wordCount":815,"publisher":{"@id":"https:\/\/www.sabra.org.br\/site\/#organization"},"image":{"@id":"https:\/\/www.sabra.org.br\/site\/musica-classica-criancas\/#primaryimage"},"thumbnailUrl":"https:\/\/www.sabra.org.br\/site\/wp-content\/uploads\/2022\/07\/x-beneficios-da-musica-classica-para-as-criancas-20220513105253.jpg.jpg","keywords":["Assist\u00eancia social","Belo Horizonte","Cabo Frio","Campos dos Goytacazes","Canto Coral","Contagem","Escola de Musica SABRA","Ibirit\u00e9","Musicaliza\u00e7\u00e3o Infantil","nova lima","Orquestra Infanto Juvenil de Betim","Orquestra Sinf\u00f4nica de Betim","Raposos","Sociedade Art\u00edstica Brasileira"],"articleSection":["Blog SABRA"],"inLanguage":"pt-BR"},{"@type":"WebPage","@id":"https:\/\/www.sabra.org.br\/site\/musica-classica-criancas\/","url":"https:\/\/www.sabra.org.br\/site\/musica-classica-criancas\/","name":"Benef\u00edcios da m\u00fasica cl\u00e1ssica para as crian\u00e7as - SABRA - Sociedade Art\u00edstica Brasileira","isPartOf":{"@id":"https:\/\/www.sabra.org.br\/site\/#website"},"primaryImageOfPage":{"@id":"https:\/\/www.sabra.org.br\/site\/musica-classica-criancas\/#primaryimage"},"image":{"@id":"https:\/\/www.sabra.org.br\/site\/musica-classica-criancas\/#primaryimage"},"thumbnailUrl":"https:\/\/www.sabra.org.br\/site\/wp-content\/uploads\/2022\/07\/x-beneficios-da-musica-classica-para-as-criancas-20220513105253.jpg.jpg","datePublished":"2022-07-13T11:05:25+00:00","dateModified":"2022-07-13T11:07:37+00:00","description":"Que escutar e aprender m\u00fasica cl\u00e1ssica traz in\u00fameras vantagens para nossa vida voc\u00ea j\u00e1 sabe. Voc\u00ea conhece os benef\u00edcios na vida das crian\u00e7as?","breadcrumb":{"@id":"https:\/\/www.sabra.org.br\/site\/musica-classica-criancas\/#breadcrumb"},"inLanguage":"pt-BR","potentialAction":[{"@type":"ReadAction","target":["https:\/\/www.sabra.org.br\/site\/musica-classica-criancas\/"]}]},{"@type":"ImageObject","inLanguage":"pt-BR","@id":"https:\/\/www.sabra.org.br\/site\/musica-classica-criancas\/#primaryimage","url":"https:\/\/www.sabra.org.br\/site\/wp-content\/uploads\/2022\/07\/x-beneficios-da-musica-classica-para-as-criancas-20220513105253.jpg.jpg","contentUrl":"https:\/\/www.sabra.org.br\/site\/wp-content\/uploads\/2022\/07\/x-beneficios-da-musica-classica-para-as-criancas-20220513105253.jpg.jpg","width":800,"height":534,"caption":"Sociedade Art\u00edstica Brasileira SABRA"},{"@type":"BreadcrumbList","@id":"https:\/\/www.sabra.org.br\/site\/musica-classica-criancas\/#breadcrumb","itemListElement":[{"@type":"ListItem","position":1,"name":"In\u00edcio","item":"https:\/\/www.sabra.org.br\/site\/"},{"@type":"ListItem","position":2,"name":"Benef\u00edcios da m\u00fasica cl\u00e1ssica para as crian\u00e7as"}]},{"@type":"WebSite","@id":"https:\/\/www.sabra.org.br\/site\/#website","url":"https:\/\/www.sabra.org.br\/site\/","name":"SABRA - Sociedade Art\u00edstica Brasileira","description":"Escola de M\u00fasica, Orquestra Sinf\u00f4nica, Coral e Patrim\u00f4nio Cultural e Hist\u00f3rico","publisher":{"@id":"https:\/\/www.sabra.org.br\/site\/#organization"},"potentialAction":[{"@type":"SearchAction","target":{"@type":"EntryPoint","urlTemplate":"https:\/\/www.sabra.org.br\/site\/?s={search_term_string}"},"query-input":{"@type":"PropertyValueSpecification","valueRequired":true,"valueName":"search_term_string"}}],"inLanguage":"pt-BR"},{"@type":"Organization","@id":"https:\/\/www.sabra.org.br\/site\/#organization","name":"SOCIEDADE ART\u00cdSTICA BRASILEIRA SABRA","alternateName":"SABRA","url":"https:\/\/www.sabra.org.br\/site\/","logo":{"@type":"ImageObject","inLanguage":"pt-BR","@id":"https:\/\/www.sabra.org.br\/site\/#\/schema\/logo\/image\/","url":"https:\/\/www.sabra.org.br\/site\/wp-content\/uploads\/2019\/06\/cropped-Logo_SABRA-Copia-1.webp","contentUrl":"https:\/\/www.sabra.org.br\/site\/wp-content\/uploads\/2019\/06\/cropped-Logo_SABRA-Copia-1.webp","width":400,"height":128,"caption":"SOCIEDADE ART\u00cdSTICA BRASILEIRA SABRA"},"image":{"@id":"https:\/\/www.sabra.org.br\/site\/#\/schema\/logo\/image\/"},"sameAs":["https:\/\/www.facebook.com\/sabrabrasil","https:\/\/x.com\/ContatoSabra","https:\/\/www.instagram.com\/sabrabrasil\/","https:\/\/www.linkedin.com\/company\/25002088\/","https:\/\/br.pinterest.com\/sociedadeartisticabrasileira\/","https:\/\/www.youtube.com\/c\/sabrabrasil"]},{"@type":"Person","@id":"https:\/\/www.sabra.org.br\/site\/#\/schema\/person\/7d1d222c3c8891d4c37c7b41bf6315c2","name":"M\u00e1rcio Miranda Pontes","image":{"@type":"ImageObject","inLanguage":"pt-BR","@id":"https:\/\/secure.gravatar.com\/avatar\/3b45f24496a7625a3a6c436688fbe20344faaeb2979658dc4a9921f984d7df9a?s=96&d=mm&r=g","url":"https:\/\/secure.gravatar.com\/avatar\/3b45f24496a7625a3a6c436688fbe20344faaeb2979658dc4a9921f984d7df9a?s=96&d=mm&r=g","contentUrl":"https:\/\/secure.gravatar.com\/avatar\/3b45f24496a7625a3a6c436688fbe20344faaeb2979658dc4a9921f984d7df9a?s=96&d=mm&r=g","caption":"M\u00e1rcio Miranda Pontes"},"sameAs":["http:\/\/www.sabra.org.br"],"url":"https:\/\/www.sabra.org.br\/site\/author\/marcio-miranda-pontes\/"}]}},"jetpack_featured_media_url":"https:\/\/www.sabra.org.br\/site\/wp-content\/uploads\/2022\/07\/x-beneficios-da-musica-classica-para-as-criancas-20220513105253.jpg.jpg","jetpack_shortlink":"https:\/\/wp.me\/p95j2Z-1oe","jetpack-related-posts":[{"id":7107,"url":"https:\/\/www.sabra.org.br\/site\/orquestra-sinfonica-curso\/","url_meta":{"origin":5346,"position":0},"title":"Curso de Orquestra Sinf\u00f4nica","author":"M\u00e1rcio Miranda Pontes","date":"11 de maio de 2023","format":false,"excerpt":"N\u00e3o \u00e9 segredo para ningu\u00e9m que a perfeita simetria \u00e9 o que rege uma orquestra sinf\u00f4nica (depois do regente, \u00e9 claro). E, para isso, \u00e9 indispens\u00e1vel investir em um curso de Orquestra Sinf\u00f4nica. Saiba mais sobre o assunto.","rel":"","context":"Em &quot;Blog SABRA&quot;","block_context":{"text":"Blog SABRA","link":"https:\/\/www.sabra.org.br\/site\/category\/blog-sabra\/"},"img":{"alt_text":"m\u00fasica-orquestra-curso-sociais-trabalha-culturais-sinf\u00f4nica","src":"https:\/\/i0.wp.com\/www.sabra.org.br\/site\/wp-content\/uploads\/2023\/05\/curso-de-orquestra-sinfonica-20171229162457.jpg-jpg.webp?resize=350%2C200&ssl=1","width":350,"height":200,"srcset":"https:\/\/i0.wp.com\/www.sabra.org.br\/site\/wp-content\/uploads\/2023\/05\/curso-de-orquestra-sinfonica-20171229162457.jpg-jpg.webp?resize=350%2C200&ssl=1 1x, https:\/\/i0.wp.com\/www.sabra.org.br\/site\/wp-content\/uploads\/2023\/05\/curso-de-orquestra-sinfonica-20171229162457.jpg-jpg.webp?resize=525%2C300&ssl=1 1.5x"},"classes":[]},{"id":7063,"url":"https:\/\/www.sabra.org.br\/site\/curso-regencia-sinfonica\/","url_meta":{"origin":5346,"position":1},"title":"Curso de Inicia\u00e7\u00e3o \u00e0 Reg\u00eancia Sinf\u00f4nica","author":"M\u00e1rcio Miranda Pontes","date":"3 de maio de 2023","format":false,"excerpt":"Ser o Regente de uma Orquestra Sinf\u00f4nica \u00e9 uma atividade que requer por parte de quem o faz muita dedica\u00e7\u00e3o e conhecimento. Por isso, \u00e9 indispens\u00e1vel investir em um curso de Inicia\u00e7\u00e3o \u00e0 Reg\u00eancia Sinf\u00f4nica.","rel":"","context":"Em &quot;Blog SABRA&quot;","block_context":{"text":"Blog SABRA","link":"https:\/\/www.sabra.org.br\/site\/category\/blog-sabra\/"},"img":{"alt_text":"m\u00fasica-curso-benef\u00edcio-crian\u00e7a-positiva-sinf\u00f4nica-cultural-inicia\u00e7\u00e3o","src":"https:\/\/i0.wp.com\/www.sabra.org.br\/site\/wp-content\/uploads\/2023\/05\/curso-de-iniciacao-a-regencia-sinfonica-20171229162457.jpg.jpg?resize=350%2C200&ssl=1","width":350,"height":200,"srcset":"https:\/\/i0.wp.com\/www.sabra.org.br\/site\/wp-content\/uploads\/2023\/05\/curso-de-iniciacao-a-regencia-sinfonica-20171229162457.jpg.jpg?resize=350%2C200&ssl=1 1x, https:\/\/i0.wp.com\/www.sabra.org.br\/site\/wp-content\/uploads\/2023\/05\/curso-de-iniciacao-a-regencia-sinfonica-20171229162457.jpg.jpg?resize=525%2C300&ssl=1 1.5x, https:\/\/i0.wp.com\/www.sabra.org.br\/site\/wp-content\/uploads\/2023\/05\/curso-de-iniciacao-a-regencia-sinfonica-20171229162457.jpg.jpg?resize=700%2C400&ssl=1 2x"},"classes":[]},{"id":13298,"url":"https:\/\/www.sabra.org.br\/site\/x-passos-para-incentivar-a-paixao-pela-musica-desde-cedo\/","url_meta":{"origin":5346,"position":2},"title":"X passos para incentivar a paix\u00e3o pela m\u00fasica desde cedo","author":"","date":"22 de agosto de 2025","format":false,"excerpt":"A m\u00fasica \u00e9 uma forma de express\u00e3o universal que pode trazer in\u00fameros benef\u00edcios para o desenvolvimento das crian\u00e7as. Ela estimula a criatividade, promove a socializa\u00e7\u00e3o e contribui para o crescimento emocional e cognitivo dos pequenos. Pensando nisso, a nossa empresa, a Sabra, tem como objetivo promover a inclus\u00e3o social e\u2026","rel":"","context":"Em &quot;Blog SABRA&quot;","block_context":{"text":"Blog SABRA","link":"https:\/\/www.sabra.org.br\/site\/category\/blog-sabra\/"},"img":{"alt_text":"","src":"","width":0,"height":0},"classes":[]},{"id":13290,"url":"https:\/\/www.sabra.org.br\/site\/as-vantagens-da-musica-classica-na-infancia\/","url_meta":{"origin":5346,"position":3},"title":"As vantagens da m\u00fasica cl\u00e1ssica na inf\u00e2ncia","author":"","date":"22 de agosto de 2025","format":false,"excerpt":"A m\u00fasica \u00e9 uma forma de arte que est\u00e1 presente na vida de muitas pessoas, seja como um hobby ou como profiss\u00e3o. Desde cedo, a exposi\u00e7\u00e3o das crian\u00e7as \u00e0 m\u00fasica pode trazer muitos benef\u00edcios para o seu desenvolvimento cognitivo, emocional e social. Entre os diversos g\u00eaneros musicais, a m\u00fasica cl\u00e1ssica\u2026","rel":"","context":"Em &quot;Blog SABRA&quot;","block_context":{"text":"Blog SABRA","link":"https:\/\/www.sabra.org.br\/site\/category\/blog-sabra\/"},"img":{"alt_text":"","src":"","width":0,"height":0},"classes":[]},{"id":778,"url":"https:\/\/www.sabra.org.br\/site\/ciencia-bebes-que-ouvem-musica-classica-ficam-mesmo-mais-inteligentes\/","url_meta":{"origin":5346,"position":4},"title":"BEB\u00caS E M\u00daSICA","author":"M\u00e1rcio Miranda Pontes","date":"3 de novembro de 2017","format":false,"excerpt":"m\u00fasica cl\u00e1ssica ouvir m\u00fasica cl\u00e1ssica efeito mozart beb\u00eas e crian\u00e7as meios de comunica\u00e7\u00e3o","rel":"","context":"Em &quot;Blog SABRA&quot;","block_context":{"text":"Blog SABRA","link":"https:\/\/www.sabra.org.br\/site\/category\/blog-sabra\/"},"img":{"alt_text":"Beb\u00eas M\u00fasica Cl\u00e1ssica","src":"https:\/\/i0.wp.com\/www.sabra.org.br\/site\/wp-content\/uploads\/2017\/11\/ciencia-bebes-que-ouvem-musica-classica-ficam-mesmo-mais-inteligentes-20171027165838.jpg.jpg?resize=350%2C200&ssl=1","width":350,"height":200,"srcset":"https:\/\/i0.wp.com\/www.sabra.org.br\/site\/wp-content\/uploads\/2017\/11\/ciencia-bebes-que-ouvem-musica-classica-ficam-mesmo-mais-inteligentes-20171027165838.jpg.jpg?resize=350%2C200&ssl=1 1x, https:\/\/i0.wp.com\/www.sabra.org.br\/site\/wp-content\/uploads\/2017\/11\/ciencia-bebes-que-ouvem-musica-classica-ficam-mesmo-mais-inteligentes-20171027165838.jpg.jpg?resize=525%2C300&ssl=1 1.5x, https:\/\/i0.wp.com\/www.sabra.org.br\/site\/wp-content\/uploads\/2017\/11\/ciencia-bebes-que-ouvem-musica-classica-ficam-mesmo-mais-inteligentes-20171027165838.jpg.jpg?resize=700%2C400&ssl=1 2x, https:\/\/i0.wp.com\/www.sabra.org.br\/site\/wp-content\/uploads\/2017\/11\/ciencia-bebes-que-ouvem-musica-classica-ficam-mesmo-mais-inteligentes-20171027165838.jpg.jpg?resize=1050%2C600&ssl=1 3x, https:\/\/i0.wp.com\/www.sabra.org.br\/site\/wp-content\/uploads\/2017\/11\/ciencia-bebes-que-ouvem-musica-classica-ficam-mesmo-mais-inteligentes-20171027165838.jpg.jpg?resize=1400%2C800&ssl=1 4x"},"classes":[]},{"id":2913,"url":"https:\/\/www.sabra.org.br\/site\/musica-classica-beneficios\/","url_meta":{"origin":5346,"position":5},"title":"M\u00fasica cl\u00e1ssica &#8211; benef\u00edcios","author":"M\u00e1rcio Miranda Pontes","date":"6 de maio de 2020","format":false,"excerpt":"Com um equivocado estigma elitista, a m\u00fasica cl\u00e1ssica vem h\u00e1 anos sendo objeto de estudo acerca de seus benef\u00edcios. O fato \u00e9 que escutar tal estilo musical realmente \u00e9 ben\u00e9fico. Conhe\u00e7a 5 motivos para come\u00e7ar a escutar m\u00fasica cl\u00e1ssica agora mesmo.","rel":"","context":"Em &quot;Blog SABRA&quot;","block_context":{"text":"Blog SABRA","link":"https:\/\/www.sabra.org.br\/site\/category\/blog-sabra\/"},"img":{"alt_text":"musica-classica-beneficios","src":"https:\/\/i0.wp.com\/www.sabra.org.br\/site\/wp-content\/uploads\/2020\/05\/x-motivos-para-voce-comecar-a-ouvir-musica-classica-hoje-mesmo-20200317174456.jpg.jpg?resize=350%2C200&ssl=1","width":350,"height":200,"srcset":"https:\/\/i0.wp.com\/www.sabra.org.br\/site\/wp-content\/uploads\/2020\/05\/x-motivos-para-voce-comecar-a-ouvir-musica-classica-hoje-mesmo-20200317174456.jpg.jpg?resize=350%2C200&ssl=1 1x, https:\/\/i0.wp.com\/www.sabra.org.br\/site\/wp-content\/uploads\/2020\/05\/x-motivos-para-voce-comecar-a-ouvir-musica-classica-hoje-mesmo-20200317174456.jpg.jpg?resize=525%2C300&ssl=1 1.5x, https:\/\/i0.wp.com\/www.sabra.org.br\/site\/wp-content\/uploads\/2020\/05\/x-motivos-para-voce-comecar-a-ouvir-musica-classica-hoje-mesmo-20200317174456.jpg.jpg?resize=700%2C400&ssl=1 2x"},"classes":[]}],"jetpack_likes_enabled":true,"jetpack_sharing_enabled":true,"_links":{"self":[{"href":"https:\/\/www.sabra.org.br\/site\/wp-json\/wp\/v2\/posts\/5346","targetHints":{"allow":["GET"]}}],"collection":[{"href":"https:\/\/www.sabra.org.br\/site\/wp-json\/wp\/v2\/posts"}],"about":[{"href":"https:\/\/www.sabra.org.br\/site\/wp-json\/wp\/v2\/types\/post"}],"author":[{"embeddable":true,"href":"https:\/\/www.sabra.org.br\/site\/wp-json\/wp\/v2\/users\/39"}],"replies":[{"embeddable":true,"href":"https:\/\/www.sabra.org.br\/site\/wp-json\/wp\/v2\/comments?post=5346"}],"version-history":[{"count":0,"href":"https:\/\/www.sabra.org.br\/site\/wp-json\/wp\/v2\/posts\/5346\/revisions"}],"wp:featuredmedia":[{"embeddable":true,"href":"https:\/\/www.sabra.org.br\/site\/wp-json\/wp\/v2\/media\/5347"}],"wp:attachment":[{"href":"https:\/\/www.sabra.org.br\/site\/wp-json\/wp\/v2\/media?parent=5346"}],"wp:term":[{"taxonomy":"category","embeddable":true,"href":"https:\/\/www.sabra.org.br\/site\/wp-json\/wp\/v2\/categories?post=5346"},{"taxonomy":"post_tag","embeddable":true,"href":"https:\/\/www.sabra.org.br\/site\/wp-json\/wp\/v2\/tags?post=5346"}],"curies":[{"name":"wp","href":"https:\/\/api.w.org\/{rel}","templated":true}]}}