{"id":5355,"date":"2022-07-15T10:36:47","date_gmt":"2022-07-15T13:36:47","guid":{"rendered":"https:\/\/www.sabra.org.br\/site\/?p=5355"},"modified":"2022-07-15T10:36:47","modified_gmt":"2022-07-15T13:36:47","slug":"filosofos-brasileiros","status":"publish","type":"post","link":"https:\/\/www.sabra.org.br\/site\/filosofos-brasileiros\/","title":{"rendered":"Fil\u00f3sofos brasileiros que voc\u00ea precisa conhecer"},"content":{"rendered":"<p>[vc_row][vc_column][vc_column_text]A filosofia nasceu na Gr\u00e9cia, assim como boa parte dos princ\u00edpios da cultura ocidental. Ela se desenvolveu em outros pa\u00edses europeus, por\u00e9m, muda em cada regi\u00e3o com base nos problemas e desafios enfrentados por diferentes povos.<\/p>\n<p>O Brasil \u00e9 rico culturalmente, de modo que cultivamos os mais variados pontos de vista sobre diversas quest\u00f5es, gerando intensos debates at\u00e9 mesmo sobre temas do cotidiano. Nesse tipo de lugar, a filosofia encontra um terreno f\u00e9rtil para se desenvolver.<\/p>\n<p>No entanto, \u00e9 preciso compreender que in\u00fameros intelectuais s\u00e3o conhecidos popularmente como <strong>fil\u00f3sofos<\/strong>, por\u00e9m, essa profiss\u00e3o \u00e9 regulamentada h\u00e1 s\u00e9culos, sendo exigida a forma\u00e7\u00e3o na \u00e1rea para receber essa alcunha.<\/p>\n<p>Com isso, listamos alguns dos maiores fil\u00f3sofos brasileiros que voc\u00ea precisa conhecer para analisar a realidade a partir de outros pontos de vista. Confira!<\/p>\n<h2>1. Djamila Ribeiro (1980)<\/h2>\n<p>Certamente, <strong>Djamila Ribeiro<\/strong> \u00e9 uma das fil\u00f3sofas mais importantes do Brasil contempor\u00e2neo. Em 2022 recebeu a <strong>Ordem do M\u00e9rito Assis Brasil<\/strong>, concedida pelo Tribunal Superior Eleitoral por servi\u00e7os prestados \u00e0 democracia.<\/p>\n<p>Suas obras abordam temas espinhosos como racismo, preconceitos diversos e an\u00e1lises duras do cen\u00e1rio nacional, tendo como base o seu doutorado em <strong>filosofia pol\u00edtica<\/strong> pela Unifesp.<\/p>\n<p>Seu texto mais influente \u00e9 <em>O que \u00e9 lugar de fala?<\/em>, questionando a organiza\u00e7\u00e3o da sociedade, pautada em uma vis\u00e3o no lugar do homem branco cis e heterosexual. Ela pontua a import\u00e2ncia de dar voz \u00e0s minorias com base em suas pr\u00f3prias viv\u00eancias.<\/p>\n<h2>2. Luiz Felipe Pond\u00e9 (1959)<\/h2>\n<p>Luiz Felipe de Cerqueira e Silva Pond\u00e9 \u00e9 um dos fil\u00f3sofos com a carreira mais longeva. Seu mestrado em filosofia na Universidade de Paris, com o doutorado na USP, lhe rendeu trabalhos em ve\u00edculos importantes de m\u00eddia, como a <em>&gt;Folha de S\u00e3o Paulo<\/em> e a <em>TV Cultura<\/em>.<\/p>\n<p>\u00c9 um fil\u00f3sofo que tem como base o pensamento conservador e liberal, por\u00e9m, critica os movimentos ultranacionalistas e de extrema direita que vem crescendo no mundo como um todo.<\/p>\n<p>Ao mesmo tempo, \u00e9 considerado um <em>pessimista<\/em>, muito influenciado pelo dramaturgo <em>Nelson Rodrigues<\/em>, tendo uma vis\u00e3o da vida como ela \u00e9.<\/p>\n<h2>3. M\u00e1rio S\u00e9rgio Cortella (1954)<\/h2>\n<p>M\u00e1rio S\u00e9rgio Cortella, ao lado de Pond\u00e9 e o historiador <em>Leandro Karnal<\/em>, \u00e9 considerado um dos membros do trip\u00e9 da filosofia brasileira contempor\u00e2nea.<\/p>\n<p>Apesar de ser formado em filosofia, \u00e9 doutor em Educa\u00e7\u00e3o pela PUC-SP. Suas obras s\u00e3o voltadas em debater a <strong>&gt;\u00e9tica<\/strong> e as boas pr\u00e1ticas na <strong>educa\u00e7\u00e3o<\/strong> de jovens e adultos. Bebe muito na fonte de Paulo Freire, seu orientador durante o doutorado.<\/p>\n<h2>4. M\u00e1rcia Tiburi (1970)<\/h2>\n<p>M\u00e1rcia Tiburi \u00e9 uma das fil\u00f3sofas que est\u00e1 no centro das discuss\u00f5es pol\u00edticas h\u00e1 alguns anos no Brasil. Seu pensamento progressista \u00e9 contr\u00e1rio aos movimentos conservadores, por\u00e9m, \u00e9 fundamental conhecer a obra para compreender essa estrutura de pensamento.<\/p>\n<p>Formada em filosofia pela PUCRS, doutora pela UFRGS, \u00e9 professora da Universidade Presbiteriana Mackenzie, e roda o pa\u00eds com as suas obras em programas de televis\u00e3o, discutindo quest\u00f5es sobre a pol\u00edtica no cotidiano e o feminismo brasileiro.<\/p>\n<p>Debatendo filosofia, \u00e9 natural encontrar in\u00fameras diverg\u00eancias de pensamento, por\u00e9m, essa \u00e9 a natureza da \u00e1rea.<\/p>\n<p>Os fil\u00f3sofos t\u00eam como papel fundamental, debater quest\u00f5es espinhosas e levantar quest\u00f5es que podem nunca ter uma resposta final.<\/p>\n<p>Voc\u00ea conhece a obra de alguns desses 4 fil\u00f3sofos essenciais para compreender o Brasil contempor\u00e2neo? Compartilhe esse conte\u00fado com os seus amigos!<\/p>\n<blockquote class=\"wp-embedded-content\" data-secret=\"CmsWUE2SGK\"><p><a href=\"https:\/\/www.sabra.org.br\/site\/cultura-do-consumo\/\">Cultura do consumo<\/a><\/p><\/blockquote>\n<p><iframe class=\"wp-embedded-content\" sandbox=\"allow-scripts\" security=\"restricted\" style=\"position: absolute; clip: rect(1px, 1px, 1px, 1px);\" title=\"&#8220;Cultura do consumo&#8221; &#8212; SABRA - Sociedade Art\u00edstica Brasileira\" src=\"https:\/\/www.sabra.org.br\/site\/cultura-do-consumo\/embed\/#?secret=4iDe5qW6b9#?secret=CmsWUE2SGK\" data-secret=\"CmsWUE2SGK\" width=\"600\" height=\"338\" frameborder=\"0\" marginwidth=\"0\" marginheight=\"0\" scrolling=\"no\"><\/iframe><\/p>\n<hr \/>\n<h2>Se voc\u00ea gostou deste post:<\/h2>\n<p>&#8211; SIGA as nossas p\u00e1ginas nas redes sociais para acompanhar as nossas atualiza\u00e7\u00f5es: estamos no <a href=\"https:\/\/www.facebook.com\/sabrabrasil\" target=\"_blank\" rel=\"noopener\">Facebook<\/a>, no <a href=\"https:\/\/www.instagram.com\/sabrabrasil\/\" target=\"_blank\" rel=\"noopener\">Instagram<\/a>, no <a href=\"https:\/\/www.linkedin.com\/company\/25002088\" target=\"_blank\" rel=\"noopener\">LinkedIn<\/a>, no <a href=\"https:\/\/twitter.com\/ContatoSabra\" target=\"_blank\" rel=\"noopener\">Twitter<\/a> e no <a href=\"https:\/\/www.youtube.com\/channel\/UCJw-kbuEvzUNdeQf20Pa-eQ\" target=\"_blank\" rel=\"noopener\">YouTube<\/a>!<\/p>\n<p>&#8211; CONHE\u00c7A o trabalho da Sociedade Art\u00edstica Brasileira (SABRA) e todas as iniciativas culturais e sociais que ela mant\u00e9m. <a href=\"https:\/\/www.sabra.org.br\/site\/acoes\/\" target=\"_blank\" rel=\"noopener\">Acesse nosso site!<\/a><\/p>\n<p>&#8211; ENTRE EM CONTATO com a gente. E veja quais s\u00e3o as op\u00e7\u00f5es de ajuda na manuten\u00e7\u00e3o de nossas a\u00e7\u00f5es sociais e culturais. Basta acessar nossa p\u00e1gina <a href=\"https:\/\/www.sabra.org.br\/site\/doe-agora\/\" target=\"_blank\" rel=\"noopener\">Doe Agora!<\/a><\/p>\n<p>&#8211; COMPARTILHE este texto nas suas redes sociais e ajude os seus amigos a tamb\u00e9m dominarem o assunto!<\/p>\n<p>\u2013 Os projetos da @sabrabrasil s\u00e3o realizados com o patroci\u0301nio m\u00e1ster: @vallourec e @institutounimedbh, viabilizado pelo incentivo de mais de 5,2 mil m\u00e9dicos cooperados e colaboradores via Lei de Incentivo \u00e0 Cultura &#8211; @mturismo, @culturagovbr. Apoio: @prefeiturabetim<br \/>\n[\/vc_column_text][\/vc_column][\/vc_row]<\/p>\n","protected":false},"excerpt":{"rendered":"<p>A filosofia \u00e9 uma das mais importantes \u00e1reas da ci\u00eancia, de fato, considerada a m\u00e3e de todas as outras. Cada pa\u00eds tem os seus fil\u00f3sofos, e o Brasil conta com nomes de refer\u00eancia mundial. Venha conferir os 4 que voc\u00ea precisa conhecer para entender a nossa realidade cotidiana!<\/p>\n","protected":false},"author":39,"featured_media":5356,"comment_status":"closed","ping_status":"closed","sticky":false,"template":"","format":"standard","meta":{"jetpack_post_was_ever_published":false,"_jetpack_newsletter_access":"","_jetpack_dont_email_post_to_subs":false,"_jetpack_newsletter_tier_id":0,"_jetpack_memberships_contains_paywalled_content":false,"_jetpack_memberships_contains_paid_content":false,"footnotes":""},"categories":[1],"tags":[15,2757,3626,3623,8,3629,1285,3628,16,3519,1286,11,3622,9],"class_list":["post-5355","post","type-post","status-publish","format-standard","has-post-thumbnail","hentry","category-blog-sabra","tag-assistencia-social","tag-belo-horizonte","tag-cabo-frio","tag-campos-dos-goytacazes","tag-canto-coral","tag-contagem","tag-escola-de-musica-sabra","tag-ibirite","tag-musicalizacao-infantil","tag-nova-lima-2","tag-orquestra-infanto-juvenil-de-betim","tag-orquestra-sinfonica-de-betim","tag-raposos","tag-sociedade-artistica-brasileira"],"yoast_head":"<!-- This site is optimized with the Yoast SEO plugin v27.4 - https:\/\/yoast.com\/product\/yoast-seo-wordpress\/ -->\n<title>Fil\u00f3sofos brasileiros que voc\u00ea precisa conhecer - SABRA - Sociedade Art\u00edstica Brasileira<\/title>\n<meta name=\"description\" content=\"A filosofia \u00e9 uma das mais importantes \u00e1reas da ci\u00eancia, considerada a m\u00e3e de todas as outras. O Brasil tem nomes de refer\u00eancia mundial.\" \/>\n<meta name=\"robots\" content=\"index, follow, max-snippet:-1, max-image-preview:large, max-video-preview:-1\" \/>\n<link rel=\"canonical\" href=\"https:\/\/www.sabra.org.br\/site\/filosofos-brasileiros\/\" \/>\n<meta property=\"og:locale\" content=\"pt_BR\" \/>\n<meta property=\"og:type\" content=\"article\" \/>\n<meta property=\"og:title\" content=\"Fil\u00f3sofos brasileiros que voc\u00ea precisa conhecer - SABRA - Sociedade Art\u00edstica Brasileira\" \/>\n<meta property=\"og:description\" content=\"A filosofia \u00e9 uma das mais importantes \u00e1reas da ci\u00eancia, considerada a m\u00e3e de todas as outras. O Brasil tem nomes de refer\u00eancia mundial.\" \/>\n<meta property=\"og:url\" content=\"https:\/\/www.sabra.org.br\/site\/filosofos-brasileiros\/\" \/>\n<meta property=\"og:site_name\" content=\"SABRA - Sociedade Art\u00edstica Brasileira\" \/>\n<meta property=\"article:publisher\" content=\"https:\/\/www.facebook.com\/sabrabrasil\" \/>\n<meta property=\"article:published_time\" content=\"2022-07-15T13:36:47+00:00\" \/>\n<meta property=\"og:image\" content=\"https:\/\/i0.wp.com\/www.sabra.org.br\/site\/wp-content\/uploads\/2022\/07\/filosofos-brasileiros-que-voce-precisa-conhecer-20220513105240.jpg.jpg?fit=800%2C533&ssl=1\" \/>\n\t<meta property=\"og:image:width\" content=\"800\" \/>\n\t<meta property=\"og:image:height\" content=\"533\" \/>\n\t<meta property=\"og:image:type\" content=\"image\/jpeg\" \/>\n<meta name=\"author\" content=\"M\u00e1rcio Miranda Pontes\" \/>\n<meta name=\"twitter:card\" content=\"summary_large_image\" \/>\n<meta name=\"twitter:creator\" content=\"@ContatoSabra\" \/>\n<meta name=\"twitter:site\" content=\"@ContatoSabra\" \/>\n<meta name=\"twitter:label1\" content=\"Escrito por\" \/>\n\t<meta name=\"twitter:data1\" content=\"M\u00e1rcio Miranda Pontes\" \/>\n\t<meta name=\"twitter:label2\" content=\"Est. tempo de leitura\" \/>\n\t<meta name=\"twitter:data2\" content=\"4 minutos\" \/>\n<script type=\"application\/ld+json\" class=\"yoast-schema-graph\">{\"@context\":\"https:\\\/\\\/schema.org\",\"@graph\":[{\"@type\":\"Article\",\"@id\":\"https:\\\/\\\/www.sabra.org.br\\\/site\\\/filosofos-brasileiros\\\/#article\",\"isPartOf\":{\"@id\":\"https:\\\/\\\/www.sabra.org.br\\\/site\\\/filosofos-brasileiros\\\/\"},\"author\":{\"name\":\"M\u00e1rcio Miranda Pontes\",\"@id\":\"https:\\\/\\\/www.sabra.org.br\\\/site\\\/#\\\/schema\\\/person\\\/7d1d222c3c8891d4c37c7b41bf6315c2\"},\"headline\":\"Fil\u00f3sofos brasileiros que voc\u00ea precisa conhecer\",\"datePublished\":\"2022-07-15T13:36:47+00:00\",\"mainEntityOfPage\":{\"@id\":\"https:\\\/\\\/www.sabra.org.br\\\/site\\\/filosofos-brasileiros\\\/\"},\"wordCount\":755,\"publisher\":{\"@id\":\"https:\\\/\\\/www.sabra.org.br\\\/site\\\/#organization\"},\"image\":{\"@id\":\"https:\\\/\\\/www.sabra.org.br\\\/site\\\/filosofos-brasileiros\\\/#primaryimage\"},\"thumbnailUrl\":\"https:\\\/\\\/www.sabra.org.br\\\/site\\\/wp-content\\\/uploads\\\/2022\\\/07\\\/filosofos-brasileiros-que-voce-precisa-conhecer-20220513105240.jpg.jpg\",\"keywords\":[\"Assist\u00eancia social\",\"Belo Horizonte\",\"Cabo Frio\",\"Campos dos Goytacazes\",\"Canto Coral\",\"Contagem\",\"Escola de Musica SABRA\",\"Ibirit\u00e9\",\"Musicaliza\u00e7\u00e3o Infantil\",\"nova lima\",\"Orquestra Infanto Juvenil de Betim\",\"Orquestra Sinf\u00f4nica de Betim\",\"Raposos\",\"Sociedade Art\u00edstica Brasileira\"],\"articleSection\":[\"Blog SABRA\"],\"inLanguage\":\"pt-BR\"},{\"@type\":\"WebPage\",\"@id\":\"https:\\\/\\\/www.sabra.org.br\\\/site\\\/filosofos-brasileiros\\\/\",\"url\":\"https:\\\/\\\/www.sabra.org.br\\\/site\\\/filosofos-brasileiros\\\/\",\"name\":\"Fil\u00f3sofos brasileiros que voc\u00ea precisa conhecer - SABRA - Sociedade Art\u00edstica Brasileira\",\"isPartOf\":{\"@id\":\"https:\\\/\\\/www.sabra.org.br\\\/site\\\/#website\"},\"primaryImageOfPage\":{\"@id\":\"https:\\\/\\\/www.sabra.org.br\\\/site\\\/filosofos-brasileiros\\\/#primaryimage\"},\"image\":{\"@id\":\"https:\\\/\\\/www.sabra.org.br\\\/site\\\/filosofos-brasileiros\\\/#primaryimage\"},\"thumbnailUrl\":\"https:\\\/\\\/www.sabra.org.br\\\/site\\\/wp-content\\\/uploads\\\/2022\\\/07\\\/filosofos-brasileiros-que-voce-precisa-conhecer-20220513105240.jpg.jpg\",\"datePublished\":\"2022-07-15T13:36:47+00:00\",\"description\":\"A filosofia \u00e9 uma das mais importantes \u00e1reas da ci\u00eancia, considerada a m\u00e3e de todas as outras. O Brasil tem nomes de refer\u00eancia mundial.\",\"breadcrumb\":{\"@id\":\"https:\\\/\\\/www.sabra.org.br\\\/site\\\/filosofos-brasileiros\\\/#breadcrumb\"},\"inLanguage\":\"pt-BR\",\"potentialAction\":[{\"@type\":\"ReadAction\",\"target\":[\"https:\\\/\\\/www.sabra.org.br\\\/site\\\/filosofos-brasileiros\\\/\"]}]},{\"@type\":\"ImageObject\",\"inLanguage\":\"pt-BR\",\"@id\":\"https:\\\/\\\/www.sabra.org.br\\\/site\\\/filosofos-brasileiros\\\/#primaryimage\",\"url\":\"https:\\\/\\\/www.sabra.org.br\\\/site\\\/wp-content\\\/uploads\\\/2022\\\/07\\\/filosofos-brasileiros-que-voce-precisa-conhecer-20220513105240.jpg.jpg\",\"contentUrl\":\"https:\\\/\\\/www.sabra.org.br\\\/site\\\/wp-content\\\/uploads\\\/2022\\\/07\\\/filosofos-brasileiros-que-voce-precisa-conhecer-20220513105240.jpg.jpg\",\"width\":800,\"height\":533,\"caption\":\"Sociedade Art\u00edstica Brasileira SABRA\"},{\"@type\":\"BreadcrumbList\",\"@id\":\"https:\\\/\\\/www.sabra.org.br\\\/site\\\/filosofos-brasileiros\\\/#breadcrumb\",\"itemListElement\":[{\"@type\":\"ListItem\",\"position\":1,\"name\":\"In\u00edcio\",\"item\":\"https:\\\/\\\/www.sabra.org.br\\\/site\\\/\"},{\"@type\":\"ListItem\",\"position\":2,\"name\":\"Fil\u00f3sofos brasileiros que voc\u00ea precisa conhecer\"}]},{\"@type\":\"WebSite\",\"@id\":\"https:\\\/\\\/www.sabra.org.br\\\/site\\\/#website\",\"url\":\"https:\\\/\\\/www.sabra.org.br\\\/site\\\/\",\"name\":\"SABRA - Sociedade Art\u00edstica Brasileira\",\"description\":\"Escola de M\u00fasica, Orquestra Sinf\u00f4nica, Coral e Patrim\u00f4nio Cultural e Hist\u00f3rico\",\"publisher\":{\"@id\":\"https:\\\/\\\/www.sabra.org.br\\\/site\\\/#organization\"},\"potentialAction\":[{\"@type\":\"SearchAction\",\"target\":{\"@type\":\"EntryPoint\",\"urlTemplate\":\"https:\\\/\\\/www.sabra.org.br\\\/site\\\/?s={search_term_string}\"},\"query-input\":{\"@type\":\"PropertyValueSpecification\",\"valueRequired\":true,\"valueName\":\"search_term_string\"}}],\"inLanguage\":\"pt-BR\"},{\"@type\":\"Organization\",\"@id\":\"https:\\\/\\\/www.sabra.org.br\\\/site\\\/#organization\",\"name\":\"SOCIEDADE ART\u00cdSTICA BRASILEIRA SABRA\",\"alternateName\":\"SABRA\",\"url\":\"https:\\\/\\\/www.sabra.org.br\\\/site\\\/\",\"logo\":{\"@type\":\"ImageObject\",\"inLanguage\":\"pt-BR\",\"@id\":\"https:\\\/\\\/www.sabra.org.br\\\/site\\\/#\\\/schema\\\/logo\\\/image\\\/\",\"url\":\"https:\\\/\\\/www.sabra.org.br\\\/site\\\/wp-content\\\/uploads\\\/2019\\\/06\\\/cropped-Logo_SABRA-Copia-1.webp\",\"contentUrl\":\"https:\\\/\\\/www.sabra.org.br\\\/site\\\/wp-content\\\/uploads\\\/2019\\\/06\\\/cropped-Logo_SABRA-Copia-1.webp\",\"width\":400,\"height\":128,\"caption\":\"SOCIEDADE ART\u00cdSTICA BRASILEIRA SABRA\"},\"image\":{\"@id\":\"https:\\\/\\\/www.sabra.org.br\\\/site\\\/#\\\/schema\\\/logo\\\/image\\\/\"},\"sameAs\":[\"https:\\\/\\\/www.facebook.com\\\/sabrabrasil\",\"https:\\\/\\\/x.com\\\/ContatoSabra\",\"https:\\\/\\\/www.instagram.com\\\/sabrabrasil\\\/\",\"https:\\\/\\\/www.linkedin.com\\\/company\\\/25002088\\\/\",\"https:\\\/\\\/br.pinterest.com\\\/sociedadeartisticabrasileira\\\/\",\"https:\\\/\\\/www.youtube.com\\\/c\\\/sabrabrasil\"]},{\"@type\":\"Person\",\"@id\":\"https:\\\/\\\/www.sabra.org.br\\\/site\\\/#\\\/schema\\\/person\\\/7d1d222c3c8891d4c37c7b41bf6315c2\",\"name\":\"M\u00e1rcio Miranda Pontes\",\"image\":{\"@type\":\"ImageObject\",\"inLanguage\":\"pt-BR\",\"@id\":\"https:\\\/\\\/secure.gravatar.com\\\/avatar\\\/3b45f24496a7625a3a6c436688fbe20344faaeb2979658dc4a9921f984d7df9a?s=96&d=mm&r=g\",\"url\":\"https:\\\/\\\/secure.gravatar.com\\\/avatar\\\/3b45f24496a7625a3a6c436688fbe20344faaeb2979658dc4a9921f984d7df9a?s=96&d=mm&r=g\",\"contentUrl\":\"https:\\\/\\\/secure.gravatar.com\\\/avatar\\\/3b45f24496a7625a3a6c436688fbe20344faaeb2979658dc4a9921f984d7df9a?s=96&d=mm&r=g\",\"caption\":\"M\u00e1rcio Miranda Pontes\"},\"sameAs\":[\"http:\\\/\\\/www.sabra.org.br\"],\"url\":\"https:\\\/\\\/www.sabra.org.br\\\/site\\\/author\\\/marcio-miranda-pontes\\\/\"}]}<\/script>\n<!-- \/ Yoast SEO plugin. -->","yoast_head_json":{"title":"Fil\u00f3sofos brasileiros que voc\u00ea precisa conhecer - SABRA - Sociedade Art\u00edstica Brasileira","description":"A filosofia \u00e9 uma das mais importantes \u00e1reas da ci\u00eancia, considerada a m\u00e3e de todas as outras. O Brasil tem nomes de refer\u00eancia mundial.","robots":{"index":"index","follow":"follow","max-snippet":"max-snippet:-1","max-image-preview":"max-image-preview:large","max-video-preview":"max-video-preview:-1"},"canonical":"https:\/\/www.sabra.org.br\/site\/filosofos-brasileiros\/","og_locale":"pt_BR","og_type":"article","og_title":"Fil\u00f3sofos brasileiros que voc\u00ea precisa conhecer - SABRA - Sociedade Art\u00edstica Brasileira","og_description":"A filosofia \u00e9 uma das mais importantes \u00e1reas da ci\u00eancia, considerada a m\u00e3e de todas as outras. O Brasil tem nomes de refer\u00eancia mundial.","og_url":"https:\/\/www.sabra.org.br\/site\/filosofos-brasileiros\/","og_site_name":"SABRA - Sociedade Art\u00edstica Brasileira","article_publisher":"https:\/\/www.facebook.com\/sabrabrasil","article_published_time":"2022-07-15T13:36:47+00:00","og_image":[{"width":800,"height":533,"url":"https:\/\/i0.wp.com\/www.sabra.org.br\/site\/wp-content\/uploads\/2022\/07\/filosofos-brasileiros-que-voce-precisa-conhecer-20220513105240.jpg.jpg?fit=800%2C533&ssl=1","type":"image\/jpeg"}],"author":"M\u00e1rcio Miranda Pontes","twitter_card":"summary_large_image","twitter_creator":"@ContatoSabra","twitter_site":"@ContatoSabra","twitter_misc":{"Escrito por":"M\u00e1rcio Miranda Pontes","Est. tempo de leitura":"4 minutos"},"schema":{"@context":"https:\/\/schema.org","@graph":[{"@type":"Article","@id":"https:\/\/www.sabra.org.br\/site\/filosofos-brasileiros\/#article","isPartOf":{"@id":"https:\/\/www.sabra.org.br\/site\/filosofos-brasileiros\/"},"author":{"name":"M\u00e1rcio Miranda Pontes","@id":"https:\/\/www.sabra.org.br\/site\/#\/schema\/person\/7d1d222c3c8891d4c37c7b41bf6315c2"},"headline":"Fil\u00f3sofos brasileiros que voc\u00ea precisa conhecer","datePublished":"2022-07-15T13:36:47+00:00","mainEntityOfPage":{"@id":"https:\/\/www.sabra.org.br\/site\/filosofos-brasileiros\/"},"wordCount":755,"publisher":{"@id":"https:\/\/www.sabra.org.br\/site\/#organization"},"image":{"@id":"https:\/\/www.sabra.org.br\/site\/filosofos-brasileiros\/#primaryimage"},"thumbnailUrl":"https:\/\/www.sabra.org.br\/site\/wp-content\/uploads\/2022\/07\/filosofos-brasileiros-que-voce-precisa-conhecer-20220513105240.jpg.jpg","keywords":["Assist\u00eancia social","Belo Horizonte","Cabo Frio","Campos dos Goytacazes","Canto Coral","Contagem","Escola de Musica SABRA","Ibirit\u00e9","Musicaliza\u00e7\u00e3o Infantil","nova lima","Orquestra Infanto Juvenil de Betim","Orquestra Sinf\u00f4nica de Betim","Raposos","Sociedade Art\u00edstica Brasileira"],"articleSection":["Blog SABRA"],"inLanguage":"pt-BR"},{"@type":"WebPage","@id":"https:\/\/www.sabra.org.br\/site\/filosofos-brasileiros\/","url":"https:\/\/www.sabra.org.br\/site\/filosofos-brasileiros\/","name":"Fil\u00f3sofos brasileiros que voc\u00ea precisa conhecer - SABRA - Sociedade Art\u00edstica Brasileira","isPartOf":{"@id":"https:\/\/www.sabra.org.br\/site\/#website"},"primaryImageOfPage":{"@id":"https:\/\/www.sabra.org.br\/site\/filosofos-brasileiros\/#primaryimage"},"image":{"@id":"https:\/\/www.sabra.org.br\/site\/filosofos-brasileiros\/#primaryimage"},"thumbnailUrl":"https:\/\/www.sabra.org.br\/site\/wp-content\/uploads\/2022\/07\/filosofos-brasileiros-que-voce-precisa-conhecer-20220513105240.jpg.jpg","datePublished":"2022-07-15T13:36:47+00:00","description":"A filosofia \u00e9 uma das mais importantes \u00e1reas da ci\u00eancia, considerada a m\u00e3e de todas as outras. O Brasil tem nomes de refer\u00eancia mundial.","breadcrumb":{"@id":"https:\/\/www.sabra.org.br\/site\/filosofos-brasileiros\/#breadcrumb"},"inLanguage":"pt-BR","potentialAction":[{"@type":"ReadAction","target":["https:\/\/www.sabra.org.br\/site\/filosofos-brasileiros\/"]}]},{"@type":"ImageObject","inLanguage":"pt-BR","@id":"https:\/\/www.sabra.org.br\/site\/filosofos-brasileiros\/#primaryimage","url":"https:\/\/www.sabra.org.br\/site\/wp-content\/uploads\/2022\/07\/filosofos-brasileiros-que-voce-precisa-conhecer-20220513105240.jpg.jpg","contentUrl":"https:\/\/www.sabra.org.br\/site\/wp-content\/uploads\/2022\/07\/filosofos-brasileiros-que-voce-precisa-conhecer-20220513105240.jpg.jpg","width":800,"height":533,"caption":"Sociedade Art\u00edstica Brasileira SABRA"},{"@type":"BreadcrumbList","@id":"https:\/\/www.sabra.org.br\/site\/filosofos-brasileiros\/#breadcrumb","itemListElement":[{"@type":"ListItem","position":1,"name":"In\u00edcio","item":"https:\/\/www.sabra.org.br\/site\/"},{"@type":"ListItem","position":2,"name":"Fil\u00f3sofos brasileiros que voc\u00ea precisa conhecer"}]},{"@type":"WebSite","@id":"https:\/\/www.sabra.org.br\/site\/#website","url":"https:\/\/www.sabra.org.br\/site\/","name":"SABRA - Sociedade Art\u00edstica Brasileira","description":"Escola de M\u00fasica, Orquestra Sinf\u00f4nica, Coral e Patrim\u00f4nio Cultural e Hist\u00f3rico","publisher":{"@id":"https:\/\/www.sabra.org.br\/site\/#organization"},"potentialAction":[{"@type":"SearchAction","target":{"@type":"EntryPoint","urlTemplate":"https:\/\/www.sabra.org.br\/site\/?s={search_term_string}"},"query-input":{"@type":"PropertyValueSpecification","valueRequired":true,"valueName":"search_term_string"}}],"inLanguage":"pt-BR"},{"@type":"Organization","@id":"https:\/\/www.sabra.org.br\/site\/#organization","name":"SOCIEDADE ART\u00cdSTICA BRASILEIRA SABRA","alternateName":"SABRA","url":"https:\/\/www.sabra.org.br\/site\/","logo":{"@type":"ImageObject","inLanguage":"pt-BR","@id":"https:\/\/www.sabra.org.br\/site\/#\/schema\/logo\/image\/","url":"https:\/\/www.sabra.org.br\/site\/wp-content\/uploads\/2019\/06\/cropped-Logo_SABRA-Copia-1.webp","contentUrl":"https:\/\/www.sabra.org.br\/site\/wp-content\/uploads\/2019\/06\/cropped-Logo_SABRA-Copia-1.webp","width":400,"height":128,"caption":"SOCIEDADE ART\u00cdSTICA BRASILEIRA SABRA"},"image":{"@id":"https:\/\/www.sabra.org.br\/site\/#\/schema\/logo\/image\/"},"sameAs":["https:\/\/www.facebook.com\/sabrabrasil","https:\/\/x.com\/ContatoSabra","https:\/\/www.instagram.com\/sabrabrasil\/","https:\/\/www.linkedin.com\/company\/25002088\/","https:\/\/br.pinterest.com\/sociedadeartisticabrasileira\/","https:\/\/www.youtube.com\/c\/sabrabrasil"]},{"@type":"Person","@id":"https:\/\/www.sabra.org.br\/site\/#\/schema\/person\/7d1d222c3c8891d4c37c7b41bf6315c2","name":"M\u00e1rcio Miranda Pontes","image":{"@type":"ImageObject","inLanguage":"pt-BR","@id":"https:\/\/secure.gravatar.com\/avatar\/3b45f24496a7625a3a6c436688fbe20344faaeb2979658dc4a9921f984d7df9a?s=96&d=mm&r=g","url":"https:\/\/secure.gravatar.com\/avatar\/3b45f24496a7625a3a6c436688fbe20344faaeb2979658dc4a9921f984d7df9a?s=96&d=mm&r=g","contentUrl":"https:\/\/secure.gravatar.com\/avatar\/3b45f24496a7625a3a6c436688fbe20344faaeb2979658dc4a9921f984d7df9a?s=96&d=mm&r=g","caption":"M\u00e1rcio Miranda Pontes"},"sameAs":["http:\/\/www.sabra.org.br"],"url":"https:\/\/www.sabra.org.br\/site\/author\/marcio-miranda-pontes\/"}]}},"jetpack_featured_media_url":"https:\/\/www.sabra.org.br\/site\/wp-content\/uploads\/2022\/07\/filosofos-brasileiros-que-voce-precisa-conhecer-20220513105240.jpg.jpg","jetpack_shortlink":"https:\/\/wp.me\/p95j2Z-1on","jetpack-related-posts":[{"id":6773,"url":"https:\/\/www.sabra.org.br\/site\/orquestra2023\/","url_meta":{"origin":5355,"position":0},"title":"Orquestra Sinf\u00f4nica de Betim 2023","author":"M\u00e1rcio Miranda Pontes","date":"21 de mar\u00e7o de 2023","format":false,"excerpt":"A Sociedade Art\u00edstica Brasileira (SABRA) est\u00e1 com vagas abertas para o curso de Orquestra Sinf\u00f4nica. S\u00e3o 55 vagas abertas, sendo 53 para instrumentistas e duas para assistente de produ\u00e7\u00e3o. Podem participar candidatos com 16 anos ou mais, que morem na Regi\u00e3o Metropolitana de Belo Horizonte. \u00c9 preciso comprovar conhecimento dos\u2026","rel":"","context":"Em &quot;Not\u00edcias&quot;","block_context":{"text":"Not\u00edcias","link":"https:\/\/www.sabra.org.br\/site\/category\/noticias\/"},"img":{"alt_text":"orquestra-sinf\u00f4nica-sabra-betim-escola-m\u00fasica","src":"https:\/\/i0.wp.com\/www.sabra.org.br\/site\/wp-content\/uploads\/2023\/03\/Orquestra-Sinfonica-1.jpg?resize=350%2C200&ssl=1","width":350,"height":200,"srcset":"https:\/\/i0.wp.com\/www.sabra.org.br\/site\/wp-content\/uploads\/2023\/03\/Orquestra-Sinfonica-1.jpg?resize=350%2C200&ssl=1 1x, https:\/\/i0.wp.com\/www.sabra.org.br\/site\/wp-content\/uploads\/2023\/03\/Orquestra-Sinfonica-1.jpg?resize=525%2C300&ssl=1 1.5x, https:\/\/i0.wp.com\/www.sabra.org.br\/site\/wp-content\/uploads\/2023\/03\/Orquestra-Sinfonica-1.jpg?resize=700%2C400&ssl=1 2x, https:\/\/i0.wp.com\/www.sabra.org.br\/site\/wp-content\/uploads\/2023\/03\/Orquestra-Sinfonica-1.jpg?resize=1050%2C600&ssl=1 3x, https:\/\/i0.wp.com\/www.sabra.org.br\/site\/wp-content\/uploads\/2023\/03\/Orquestra-Sinfonica-1.jpg?resize=1400%2C800&ssl=1 4x"},"classes":[]},{"id":7138,"url":"https:\/\/www.sabra.org.br\/site\/jovem-solista\/","url_meta":{"origin":5355,"position":1},"title":"Premio Jovem Solista da Orquestra Sinfonica de Betim","author":"M\u00e1rcio Miranda Pontes","date":"16 de maio de 2023","format":false,"excerpt":"Estimular a competi\u00e7\u00e3o musical \u00e9 uma excelente maneira de incentivar de forma saud\u00e1vel que os indiv\u00edduos disputem entre si sem que hajam desentendimentos ou algo do tipo. Conhe\u00e7a um pouco mais sobre o Premio Jovem Solista da Orquestra Sinfonica de Betim","rel":"","context":"Em &quot;Blog SABRA&quot;","block_context":{"text":"Blog SABRA","link":"https:\/\/www.sabra.org.br\/site\/category\/blog-sabra\/"},"img":{"alt_text":"m\u00fasica-orquestra-betim-sinf\u00f4nica-pr\u00eamio-solista-art\u00edtica-jovem-jovens-projetos-proporcionar-sabra","src":"https:\/\/i0.wp.com\/www.sabra.org.br\/site\/wp-content\/uploads\/2023\/05\/premio-jovem-solista-da-orquestra-sinfonica-de-betim-20171229162457.jpg-jpg.webp?resize=350%2C200&ssl=1","width":350,"height":200,"srcset":"https:\/\/i0.wp.com\/www.sabra.org.br\/site\/wp-content\/uploads\/2023\/05\/premio-jovem-solista-da-orquestra-sinfonica-de-betim-20171229162457.jpg-jpg.webp?resize=350%2C200&ssl=1 1x, https:\/\/i0.wp.com\/www.sabra.org.br\/site\/wp-content\/uploads\/2023\/05\/premio-jovem-solista-da-orquestra-sinfonica-de-betim-20171229162457.jpg-jpg.webp?resize=525%2C300&ssl=1 1.5x, https:\/\/i0.wp.com\/www.sabra.org.br\/site\/wp-content\/uploads\/2023\/05\/premio-jovem-solista-da-orquestra-sinfonica-de-betim-20171229162457.jpg-jpg.webp?resize=700%2C400&ssl=1 2x"},"classes":[]},{"id":783,"url":"https:\/\/www.sabra.org.br\/site\/sabra-e-orquestra-sinfonica-de-betim-promovem-concerto-didatico-para-surdos\/","url_meta":{"origin":5355,"position":2},"title":"SABRA e Orquestra Sinf\u00f4nica de Betim promovem Concerto Did\u00e1tico para Surdos","author":"M\u00e1rcio Miranda Pontes","date":"6 de novembro de 2017","format":false,"excerpt":"A Sociedade Art\u00edstica Brasileira (SABRA) promove, no dia 10 de novembro, o Concerto Did\u00e1tico para Surdos, em Betim, Minas Gerais. Sob a reg\u00eancia de M\u00e1rcio Miranda Pontes, 74 instrumentistas da Orquestra Sinf\u00f4nica de Betim, em forma\u00e7\u00e3o completa, interpretam obras como Finlandia de Sibelius, Capriccio Italiano e o 4\u00ba movimento da\u2026","rel":"","context":"Em &quot;Not\u00edcias&quot;","block_context":{"text":"Not\u00edcias","link":"https:\/\/www.sabra.org.br\/site\/category\/noticias\/"},"img":{"alt_text":"M\u00e1rcio Miranda Pontes","src":"https:\/\/i0.wp.com\/www.sabra.org.br\/site\/wp-content\/uploads\/2017\/11\/release-2-20171027133315.jpg.jpg?resize=350%2C200&ssl=1","width":350,"height":200,"srcset":"https:\/\/i0.wp.com\/www.sabra.org.br\/site\/wp-content\/uploads\/2017\/11\/release-2-20171027133315.jpg.jpg?resize=350%2C200&ssl=1 1x, https:\/\/i0.wp.com\/www.sabra.org.br\/site\/wp-content\/uploads\/2017\/11\/release-2-20171027133315.jpg.jpg?resize=525%2C300&ssl=1 1.5x, https:\/\/i0.wp.com\/www.sabra.org.br\/site\/wp-content\/uploads\/2017\/11\/release-2-20171027133315.jpg.jpg?resize=700%2C400&ssl=1 2x"},"classes":[]},{"id":850,"url":"https:\/\/www.sabra.org.br\/site\/sexta-sinfonica-no-monte-carmo-shopping\/","url_meta":{"origin":5355,"position":3},"title":"Sexta Sinf\u00f4nica no Monte Carmo Shopping","author":"M\u00e1rcio Miranda Pontes","date":"29 de novembro de 2017","format":false,"excerpt":"Orquestra Sinf\u00f4nica de Betim encerra a temporada da s\u00e9rie Sexta Sinf\u00f4nica Concertos foram realizados de mar\u00e7o a dezembro com a presen\u00e7a de solistas e outros convidados \u00a0 A Orquestra Sinf\u00f4nica de Betim encerra a s\u00e9rie de concertos \u201cSexta Sinf\u00f4nica\u201d, \u00e0s 15h do dia primeiro de dezembro, no Monte Carmo Shopping,\u2026","rel":"","context":"Em &quot;Not\u00edcias&quot;","block_context":{"text":"Not\u00edcias","link":"https:\/\/www.sabra.org.br\/site\/category\/noticias\/"},"img":{"alt_text":"Sociedade Art\u00edstica Brasileira SABRA","src":"https:\/\/i0.wp.com\/www.sabra.org.br\/site\/wp-content\/uploads\/2017\/11\/754A1986peq.jpg?resize=350%2C200&ssl=1","width":350,"height":200,"srcset":"https:\/\/i0.wp.com\/www.sabra.org.br\/site\/wp-content\/uploads\/2017\/11\/754A1986peq.jpg?resize=350%2C200&ssl=1 1x, https:\/\/i0.wp.com\/www.sabra.org.br\/site\/wp-content\/uploads\/2017\/11\/754A1986peq.jpg?resize=525%2C300&ssl=1 1.5x, https:\/\/i0.wp.com\/www.sabra.org.br\/site\/wp-content\/uploads\/2017\/11\/754A1986peq.jpg?resize=700%2C400&ssl=1 2x, https:\/\/i0.wp.com\/www.sabra.org.br\/site\/wp-content\/uploads\/2017\/11\/754A1986peq.jpg?resize=1050%2C600&ssl=1 3x"},"classes":[]},{"id":822,"url":"https:\/\/www.sabra.org.br\/site\/concertos-com-a-orquestra-sinfonica-de-betim-ccbb-bh-novembro-2017\/","url_meta":{"origin":5355,"position":4},"title":"Concertos com a Orquestra Sinf\u00f4nica de Betim &#8211; CCBB-BH &#8211; novembro 2017","author":"M\u00e1rcio Miranda Pontes","date":"18 de novembro de 2017","format":false,"excerpt":"Na primeira apresenta\u00e7\u00e3o da s\u00e9rie de concertos, a Orquestra acompanhada de 4 jovens solistas executa obras de compositores como Stamitz, Haydn, Koussevitzky e Tchaikovsky. Sob a reg\u00eancia de M\u00e1rcio Miranda Pontes, a s\u00e9rie Concertos com a Orquestra Sinf\u00f4nica de Betim realiza em Belo Horizonte a primeira apresenta\u00e7\u00e3o no dia 29\u2026","rel":"","context":"Em &quot;Not\u00edcias&quot;","block_context":{"text":"Not\u00edcias","link":"https:\/\/www.sabra.org.br\/site\/category\/noticias\/"},"img":{"alt_text":"Concertos","src":"https:\/\/i0.wp.com\/www.sabra.org.br\/site\/wp-content\/uploads\/2017\/11\/IMG_6263.jpg?resize=350%2C200&ssl=1","width":350,"height":200,"srcset":"https:\/\/i0.wp.com\/www.sabra.org.br\/site\/wp-content\/uploads\/2017\/11\/IMG_6263.jpg?resize=350%2C200&ssl=1 1x, https:\/\/i0.wp.com\/www.sabra.org.br\/site\/wp-content\/uploads\/2017\/11\/IMG_6263.jpg?resize=525%2C300&ssl=1 1.5x, https:\/\/i0.wp.com\/www.sabra.org.br\/site\/wp-content\/uploads\/2017\/11\/IMG_6263.jpg?resize=700%2C400&ssl=1 2x, https:\/\/i0.wp.com\/www.sabra.org.br\/site\/wp-content\/uploads\/2017\/11\/IMG_6263.jpg?resize=1050%2C600&ssl=1 3x, https:\/\/i0.wp.com\/www.sabra.org.br\/site\/wp-content\/uploads\/2017\/11\/IMG_6263.jpg?resize=1400%2C800&ssl=1 4x"},"classes":[]},{"id":7250,"url":"https:\/\/www.sabra.org.br\/site\/concerto-orquestra\/","url_meta":{"origin":5355,"position":5},"title":"Nova s\u00e9rie de concertos com a Orquestra Sinf\u00f4nica de Betim","author":"M\u00e1rcio Miranda Pontes","date":"2 de junho de 2023","format":false,"excerpt":"Voc\u00ea sabia que a m\u00fasica pode ser uma excelente aliada do ensino de ci\u00eancias para as crian\u00e7as na escola? \u00c9 isso mesmo! Quer saber como isso acontece? Confira o texto a seguir!","rel":"","context":"Em &quot;Not\u00edcias&quot;","block_context":{"text":"Not\u00edcias","link":"https:\/\/www.sabra.org.br\/site\/category\/noticias\/"},"img":{"alt_text":"orquestra-sinf\u00f4nica-betim-juvenil-infantil-infanto-sabra-concerto","src":"https:\/\/i0.wp.com\/www.sabra.org.br\/site\/wp-content\/uploads\/2022\/12\/IMG_9406-scaled.jpg?resize=350%2C200&ssl=1","width":350,"height":200,"srcset":"https:\/\/i0.wp.com\/www.sabra.org.br\/site\/wp-content\/uploads\/2022\/12\/IMG_9406-scaled.jpg?resize=350%2C200&ssl=1 1x, https:\/\/i0.wp.com\/www.sabra.org.br\/site\/wp-content\/uploads\/2022\/12\/IMG_9406-scaled.jpg?resize=525%2C300&ssl=1 1.5x, https:\/\/i0.wp.com\/www.sabra.org.br\/site\/wp-content\/uploads\/2022\/12\/IMG_9406-scaled.jpg?resize=700%2C400&ssl=1 2x, https:\/\/i0.wp.com\/www.sabra.org.br\/site\/wp-content\/uploads\/2022\/12\/IMG_9406-scaled.jpg?resize=1050%2C600&ssl=1 3x, https:\/\/i0.wp.com\/www.sabra.org.br\/site\/wp-content\/uploads\/2022\/12\/IMG_9406-scaled.jpg?resize=1400%2C800&ssl=1 4x"},"classes":[]}],"jetpack_likes_enabled":true,"jetpack_sharing_enabled":true,"_links":{"self":[{"href":"https:\/\/www.sabra.org.br\/site\/wp-json\/wp\/v2\/posts\/5355","targetHints":{"allow":["GET"]}}],"collection":[{"href":"https:\/\/www.sabra.org.br\/site\/wp-json\/wp\/v2\/posts"}],"about":[{"href":"https:\/\/www.sabra.org.br\/site\/wp-json\/wp\/v2\/types\/post"}],"author":[{"embeddable":true,"href":"https:\/\/www.sabra.org.br\/site\/wp-json\/wp\/v2\/users\/39"}],"replies":[{"embeddable":true,"href":"https:\/\/www.sabra.org.br\/site\/wp-json\/wp\/v2\/comments?post=5355"}],"version-history":[{"count":0,"href":"https:\/\/www.sabra.org.br\/site\/wp-json\/wp\/v2\/posts\/5355\/revisions"}],"wp:featuredmedia":[{"embeddable":true,"href":"https:\/\/www.sabra.org.br\/site\/wp-json\/wp\/v2\/media\/5356"}],"wp:attachment":[{"href":"https:\/\/www.sabra.org.br\/site\/wp-json\/wp\/v2\/media?parent=5355"}],"wp:term":[{"taxonomy":"category","embeddable":true,"href":"https:\/\/www.sabra.org.br\/site\/wp-json\/wp\/v2\/categories?post=5355"},{"taxonomy":"post_tag","embeddable":true,"href":"https:\/\/www.sabra.org.br\/site\/wp-json\/wp\/v2\/tags?post=5355"}],"curies":[{"name":"wp","href":"https:\/\/api.w.org\/{rel}","templated":true}]}}