{"id":5388,"date":"2022-07-27T12:33:09","date_gmt":"2022-07-27T15:33:09","guid":{"rendered":"https:\/\/www.sabra.org.br\/site\/?p=5388"},"modified":"2022-07-27T12:34:36","modified_gmt":"2022-07-27T15:34:36","slug":"inspiradora","status":"publish","type":"post","link":"https:\/\/www.sabra.org.br\/site\/inspiradora\/","title":{"rendered":"Mulheres que inspiraram sucessos da MPB"},"content":{"rendered":"<p>[vc_row][vc_column][vc_column_text]A <strong>m\u00fasica popular brasileira<\/strong> ajuda a compreender a realidade do pa\u00eds ao longo dos anos, por\u00e9m, tamb\u00e9m \u00e9 baseada em pessoas, reais ou n\u00e3o, com hist\u00f3rias de vida, personalidades ou apar\u00eancias que valorizamos.<\/p>\n<p>O mito da <strong>musa inspiradora<\/strong> existe desde a Gr\u00e9cia antiga, passando por todos os grandes poetas. Com isso em mente, criamos um conte\u00fado exclusivo para trazer cinco mulheres que inspiraram sucessos da MPB e que voc\u00ea precisa conhecer. Confira!<\/p>\n<h2>Morena dos Olhos D\u2019\u00c1gua &#8211; Chico Buarque<\/h2>\n<p>Conta a hist\u00f3ria que a m\u00fasica <strong>Morena dos Olhos D\u2019\u00c1gua<\/strong> \u00e9 inspirada na socialite <em>Eleanora Caldeira<\/em>, na \u00e9poca, esposa do empres\u00e1rio Wilson Mendes Caldeira J\u00fanior. A obra reflete a paix\u00e3o plat\u00f4nica de Buarque em rela\u00e7\u00e3o \u00e0 Caldeira durante a sua juventude, ent\u00e3o com 22 anos.<\/p>\n<p>A m\u00fasica faz parte do <strong>segundo \u00e1lbum<\/strong> do cantor, composta quando voltou da Europa ap\u00f3s uma s\u00e9rie de performances com a obra <strong>Morte e Vida Severina<\/strong> de Jo\u00e3o Cabral de Melo Neto, com a qual se inscreveria para o II Festival da Record em 1966.<\/p>\n<h2>Iracema &#8211; Adoniran Barbosa<\/h2>\n<p>Iracema de Adoniran Barbosa \u00e9 um dos maiores cl\u00e1ssicos da MPB, tendo sido regravada diversas vezes. No entanto, apesar do nome, n\u00e3o h\u00e1 nenhuma rela\u00e7\u00e3o clara com a obra-prima de Jos\u00e9 de Alencar.<\/p>\n<p>Estudiosos da \u00e1rea afirmam que Barbosa se inspirou na not\u00edcia de uma mulher sendo atropelada na Av. Paulista, ou ainda, que \u00e9 uma met\u00e1fora a um <strong>amor n\u00e3o correspondido<\/strong> que foi <em>figurativamente morto<\/em> na melodia.<\/p>\n<h2>Clarice, de Jos\u00e9 Carlos Capinam e Caetano Veloso<\/h2>\n<p>Em 2020 ocorreu o centen\u00e1rio de nascimento de Clarice Lispector, uma das maiores escritoras brasileiras de todos os tempos. Conforme a letra da m\u00fasica de Capinam e Veloso:<\/p>\n<p><cite>Que mist\u00e9rios tem Clarice<\/cite><\/p>\n<p>para guardar-se assim, t\u00e3o firme, no cora\u00e7\u00e3o.<\/p>\n<p>A m\u00fasica \u00e9 uma clara homenagem aos mist\u00e9rios dessa autora cujas obras exigem tempo e a mais profunda reflex\u00e3o para que se extraia o m\u00e1ximo de reflex\u00e3o de seus textos. Certamente inspirou os dois cantores, e continuar\u00e1 inspirando in\u00fameras gera\u00e7\u00f5es.<\/p>\n<h2>Lygia \u2013 Tom Jobim<\/h2>\n<p>Lygia Marina de Moraes conheceu Jobim, ent\u00e3o com 21 anos, em 1968 no Bar Veloso, em Ipanema, Rio de Janeiro.<\/p>\n<p>De fato, n\u00e3o foi um romance que se consumou, afinal, ambos eram casados. Por\u00e9m, o flerte e <em>quase paix\u00e3o<\/em> se tornou uma das m\u00fasicas mais lembradas da MPB, narrando os epis\u00f3dios desses encontros.<\/p>\n<p>Quem conta essa hist\u00f3ria, \u00e9 o pr\u00f3prio Tom Jobim em entrevista concedida em 1994, quando Lygia se separou do escritor Fernando Sabino. O autor, inclusive, comenta a m\u00fasica para explicar cada estrofe da mesma e a rela\u00e7\u00e3o com a personagem.<\/p>\n<h2>Dr\u00e3o &#8211; Gilberto Gil<\/h2>\n<p>Gilberto Gil foi casado por 17 anos com <strong>Sandra Gadelha<\/strong>, que recebeu o apelido <em>Dr\u00e3o<\/em>, de Maria Beth\u00e2nia. A m\u00fasica foi composta alguns dias ap\u00f3s a separa\u00e7\u00e3o do casal, e um de bons momentos que passaram juntos.<\/p>\n<p>Gil conta sobre a vida em casal, e sobre um amor que nunca morre, e sim, se transforma.<\/p>\n<p>Todas as m\u00fasicas possuem uma hist\u00f3ria e uma raz\u00e3o para existir. Hoje, falamos sobre as musas inspiradoras dos maiores sucessos da MPB.<\/p>\n<p>Acesse a nossa p\u00e1gina para mais conte\u00fados exclusivos!<\/p>\n<blockquote class=\"wp-embedded-content\" data-secret=\"yNGs8NqLkr\"><p><a href=\"https:\/\/www.sabra.org.br\/site\/motivos-mpb\/\">Motivos para apreciar o MPB<\/a><\/p><\/blockquote>\n<p><iframe class=\"wp-embedded-content\" sandbox=\"allow-scripts\" security=\"restricted\" style=\"position: absolute; clip: rect(1px, 1px, 1px, 1px);\" title=\"&#8220;Motivos para apreciar o MPB&#8221; &#8212; SABRA - Sociedade Art\u00edstica Brasileira\" src=\"https:\/\/www.sabra.org.br\/site\/motivos-mpb\/embed\/#?secret=YLmNv4W0tb#?secret=yNGs8NqLkr\" data-secret=\"yNGs8NqLkr\" width=\"600\" height=\"338\" frameborder=\"0\" marginwidth=\"0\" marginheight=\"0\" scrolling=\"no\"><\/iframe><\/p>\n<hr \/>\n<h2>Se voc\u00ea gostou deste post:<\/h2>\n<p>&#8211; SIGA as nossas p\u00e1ginas nas redes sociais para acompanhar as nossas atualiza\u00e7\u00f5es: estamos no <a href=\"https:\/\/www.facebook.com\/sabrabrasil\" target=\"_blank\" rel=\"noopener\">Facebook<\/a>, no <a href=\"https:\/\/www.instagram.com\/sabrabrasil\/\" target=\"_blank\" rel=\"noopener\">Instagram<\/a>, no <a href=\"https:\/\/www.linkedin.com\/company\/25002088\" target=\"_blank\" rel=\"noopener\">LinkedIn<\/a>, no <a href=\"https:\/\/twitter.com\/ContatoSabra\" target=\"_blank\" rel=\"noopener\">Twitter<\/a> e no <a href=\"https:\/\/www.youtube.com\/channel\/UCJw-kbuEvzUNdeQf20Pa-eQ\" target=\"_blank\" rel=\"noopener\">YouTube<\/a>!<\/p>\n<p>&#8211; CONHE\u00c7A o trabalho da Sociedade Art\u00edstica Brasileira (SABRA) e todas as iniciativas culturais e sociais que ela mant\u00e9m. <a href=\"https:\/\/www.sabra.org.br\/site\/acoes\/\" target=\"_blank\" rel=\"noopener\">Acesse nosso site!<\/a><\/p>\n<p>&#8211; ENTRE EM CONTATO com a gente. E veja quais s\u00e3o as op\u00e7\u00f5es de ajuda na manuten\u00e7\u00e3o de nossas a\u00e7\u00f5es sociais e culturais. Basta acessar nossa p\u00e1gina <a href=\"https:\/\/www.sabra.org.br\/site\/doe-agora\/\" target=\"_blank\" rel=\"noopener\">Doe Agora!<\/a><\/p>\n<p>&#8211; COMPARTILHE este texto nas suas redes sociais e ajude os seus amigos a tamb\u00e9m dominarem o assunto!<\/p>\n<p>\u2013 Os projetos da @sabrabrasil s\u00e3o realizados com o patroci\u0301nio m\u00e1ster: @vallourec e @institutounimedbh, viabilizado pelo incentivo de mais de 5,2 mil m\u00e9dicos cooperados e colaboradores via Lei de Incentivo \u00e0 Cultura &#8211; @mturismo, @culturagovbr. Apoio: @prefeiturabetim[\/vc_column_text][\/vc_column][\/vc_row]<\/p>\n","protected":false},"excerpt":{"rendered":"<p>Cada m\u00fasica possui uma hist\u00f3ria ou motivo para existir. O mito da Musa Inspiradora \u00e9 antigo, e na MPB podemos encontrar in\u00fameros casos de mulheres que se tornaram belas composi\u00e7\u00f5es. Venha conferir as mais importantes entre elas!<\/p>\n","protected":false},"author":39,"featured_media":5389,"comment_status":"closed","ping_status":"closed","sticky":false,"template":"","format":"standard","meta":{"jetpack_post_was_ever_published":false,"_jetpack_newsletter_access":"","_jetpack_dont_email_post_to_subs":false,"_jetpack_newsletter_tier_id":0,"_jetpack_memberships_contains_paywalled_content":false,"_jetpack_memberships_contains_paid_content":false,"footnotes":""},"categories":[1],"tags":[15,2757,3626,3623,8,3629,1285,3628,16,3519,1286,11,3622,9],"class_list":["post-5388","post","type-post","status-publish","format-standard","has-post-thumbnail","hentry","category-blog-sabra","tag-assistencia-social","tag-belo-horizonte","tag-cabo-frio","tag-campos-dos-goytacazes","tag-canto-coral","tag-contagem","tag-escola-de-musica-sabra","tag-ibirite","tag-musicalizacao-infantil","tag-nova-lima-2","tag-orquestra-infanto-juvenil-de-betim","tag-orquestra-sinfonica-de-betim","tag-raposos","tag-sociedade-artistica-brasileira"],"yoast_head":"<!-- This site is optimized with the Yoast SEO plugin v27.5 - https:\/\/yoast.com\/product\/yoast-seo-wordpress\/ -->\n<title>Mulheres que inspiraram sucessos da MPB - SABRA - Sociedade Art\u00edstica Brasileira<\/title>\n<meta name=\"description\" content=\"O mito da Musa Inspiradora \u00e9 antigo, e na MPB podemos encontrar in\u00fameros casos de mulheres que se tornaram belas composi\u00e7\u00f5es.\" \/>\n<meta name=\"robots\" content=\"index, follow, max-snippet:-1, max-image-preview:large, max-video-preview:-1\" \/>\n<link rel=\"canonical\" href=\"https:\/\/www.sabra.org.br\/site\/inspiradora\/\" \/>\n<meta property=\"og:locale\" content=\"pt_BR\" \/>\n<meta property=\"og:type\" content=\"article\" \/>\n<meta property=\"og:title\" content=\"Mulheres que inspiraram sucessos da MPB - SABRA - Sociedade Art\u00edstica Brasileira\" \/>\n<meta property=\"og:description\" content=\"O mito da Musa Inspiradora \u00e9 antigo, e na MPB podemos encontrar in\u00fameros casos de mulheres que se tornaram belas composi\u00e7\u00f5es.\" \/>\n<meta property=\"og:url\" content=\"https:\/\/www.sabra.org.br\/site\/inspiradora\/\" \/>\n<meta property=\"og:site_name\" content=\"SABRA - Sociedade Art\u00edstica Brasileira\" \/>\n<meta property=\"article:publisher\" content=\"https:\/\/www.facebook.com\/sabrabrasil\" \/>\n<meta property=\"article:published_time\" content=\"2022-07-27T15:33:09+00:00\" \/>\n<meta property=\"article:modified_time\" content=\"2022-07-27T15:34:36+00:00\" \/>\n<meta property=\"og:image\" content=\"https:\/\/i0.wp.com\/www.sabra.org.br\/site\/wp-content\/uploads\/2022\/07\/x-mulheres-que-inspiraram-sucessos-da-mpb-20220513105253.jpg.jpg?fit=800%2C519&ssl=1\" \/>\n\t<meta property=\"og:image:width\" content=\"800\" \/>\n\t<meta property=\"og:image:height\" content=\"519\" \/>\n\t<meta property=\"og:image:type\" content=\"image\/jpeg\" \/>\n<meta name=\"author\" content=\"M\u00e1rcio Miranda Pontes\" \/>\n<meta name=\"twitter:card\" content=\"summary_large_image\" \/>\n<meta name=\"twitter:creator\" content=\"@ContatoSabra\" \/>\n<meta name=\"twitter:site\" content=\"@ContatoSabra\" \/>\n<meta name=\"twitter:label1\" content=\"Escrito por\" \/>\n\t<meta name=\"twitter:data1\" content=\"M\u00e1rcio Miranda Pontes\" \/>\n\t<meta name=\"twitter:label2\" content=\"Est. tempo de leitura\" \/>\n\t<meta name=\"twitter:data2\" content=\"4 minutos\" \/>\n<script type=\"application\/ld+json\" class=\"yoast-schema-graph\">{\"@context\":\"https:\\\/\\\/schema.org\",\"@graph\":[{\"@type\":\"Article\",\"@id\":\"https:\\\/\\\/www.sabra.org.br\\\/site\\\/inspiradora\\\/#article\",\"isPartOf\":{\"@id\":\"https:\\\/\\\/www.sabra.org.br\\\/site\\\/inspiradora\\\/\"},\"author\":{\"name\":\"M\u00e1rcio Miranda Pontes\",\"@id\":\"https:\\\/\\\/www.sabra.org.br\\\/site\\\/#\\\/schema\\\/person\\\/7d1d222c3c8891d4c37c7b41bf6315c2\"},\"headline\":\"Mulheres que inspiraram sucessos da MPB\",\"datePublished\":\"2022-07-27T15:33:09+00:00\",\"dateModified\":\"2022-07-27T15:34:36+00:00\",\"mainEntityOfPage\":{\"@id\":\"https:\\\/\\\/www.sabra.org.br\\\/site\\\/inspiradora\\\/\"},\"wordCount\":736,\"publisher\":{\"@id\":\"https:\\\/\\\/www.sabra.org.br\\\/site\\\/#organization\"},\"image\":{\"@id\":\"https:\\\/\\\/www.sabra.org.br\\\/site\\\/inspiradora\\\/#primaryimage\"},\"thumbnailUrl\":\"https:\\\/\\\/www.sabra.org.br\\\/site\\\/wp-content\\\/uploads\\\/2022\\\/07\\\/x-mulheres-que-inspiraram-sucessos-da-mpb-20220513105253.jpg.jpg\",\"keywords\":[\"Assist\u00eancia social\",\"Belo Horizonte\",\"Cabo Frio\",\"Campos dos Goytacazes\",\"Canto Coral\",\"Contagem\",\"Escola de Musica SABRA\",\"Ibirit\u00e9\",\"Musicaliza\u00e7\u00e3o Infantil\",\"nova lima\",\"Orquestra Infanto Juvenil de Betim\",\"Orquestra Sinf\u00f4nica de Betim\",\"Raposos\",\"Sociedade Art\u00edstica Brasileira\"],\"articleSection\":[\"Blog SABRA\"],\"inLanguage\":\"pt-BR\"},{\"@type\":\"WebPage\",\"@id\":\"https:\\\/\\\/www.sabra.org.br\\\/site\\\/inspiradora\\\/\",\"url\":\"https:\\\/\\\/www.sabra.org.br\\\/site\\\/inspiradora\\\/\",\"name\":\"Mulheres que inspiraram sucessos da MPB - SABRA - Sociedade Art\u00edstica Brasileira\",\"isPartOf\":{\"@id\":\"https:\\\/\\\/www.sabra.org.br\\\/site\\\/#website\"},\"primaryImageOfPage\":{\"@id\":\"https:\\\/\\\/www.sabra.org.br\\\/site\\\/inspiradora\\\/#primaryimage\"},\"image\":{\"@id\":\"https:\\\/\\\/www.sabra.org.br\\\/site\\\/inspiradora\\\/#primaryimage\"},\"thumbnailUrl\":\"https:\\\/\\\/www.sabra.org.br\\\/site\\\/wp-content\\\/uploads\\\/2022\\\/07\\\/x-mulheres-que-inspiraram-sucessos-da-mpb-20220513105253.jpg.jpg\",\"datePublished\":\"2022-07-27T15:33:09+00:00\",\"dateModified\":\"2022-07-27T15:34:36+00:00\",\"description\":\"O mito da Musa Inspiradora \u00e9 antigo, e na MPB podemos encontrar in\u00fameros casos de mulheres que se tornaram belas composi\u00e7\u00f5es.\",\"breadcrumb\":{\"@id\":\"https:\\\/\\\/www.sabra.org.br\\\/site\\\/inspiradora\\\/#breadcrumb\"},\"inLanguage\":\"pt-BR\",\"potentialAction\":[{\"@type\":\"ReadAction\",\"target\":[\"https:\\\/\\\/www.sabra.org.br\\\/site\\\/inspiradora\\\/\"]}]},{\"@type\":\"ImageObject\",\"inLanguage\":\"pt-BR\",\"@id\":\"https:\\\/\\\/www.sabra.org.br\\\/site\\\/inspiradora\\\/#primaryimage\",\"url\":\"https:\\\/\\\/www.sabra.org.br\\\/site\\\/wp-content\\\/uploads\\\/2022\\\/07\\\/x-mulheres-que-inspiraram-sucessos-da-mpb-20220513105253.jpg.jpg\",\"contentUrl\":\"https:\\\/\\\/www.sabra.org.br\\\/site\\\/wp-content\\\/uploads\\\/2022\\\/07\\\/x-mulheres-que-inspiraram-sucessos-da-mpb-20220513105253.jpg.jpg\",\"width\":800,\"height\":519,\"caption\":\"Sociedade Art\u00edstica Brasileira SABRA\"},{\"@type\":\"BreadcrumbList\",\"@id\":\"https:\\\/\\\/www.sabra.org.br\\\/site\\\/inspiradora\\\/#breadcrumb\",\"itemListElement\":[{\"@type\":\"ListItem\",\"position\":1,\"name\":\"In\u00edcio\",\"item\":\"https:\\\/\\\/www.sabra.org.br\\\/site\\\/\"},{\"@type\":\"ListItem\",\"position\":2,\"name\":\"Mulheres que inspiraram sucessos da MPB\"}]},{\"@type\":\"WebSite\",\"@id\":\"https:\\\/\\\/www.sabra.org.br\\\/site\\\/#website\",\"url\":\"https:\\\/\\\/www.sabra.org.br\\\/site\\\/\",\"name\":\"SABRA - Sociedade Art\u00edstica Brasileira\",\"description\":\"Escola de M\u00fasica, Orquestra Sinf\u00f4nica, Coral e Patrim\u00f4nio Cultural e Hist\u00f3rico\",\"publisher\":{\"@id\":\"https:\\\/\\\/www.sabra.org.br\\\/site\\\/#organization\"},\"potentialAction\":[{\"@type\":\"SearchAction\",\"target\":{\"@type\":\"EntryPoint\",\"urlTemplate\":\"https:\\\/\\\/www.sabra.org.br\\\/site\\\/?s={search_term_string}\"},\"query-input\":{\"@type\":\"PropertyValueSpecification\",\"valueRequired\":true,\"valueName\":\"search_term_string\"}}],\"inLanguage\":\"pt-BR\"},{\"@type\":\"Organization\",\"@id\":\"https:\\\/\\\/www.sabra.org.br\\\/site\\\/#organization\",\"name\":\"SOCIEDADE ART\u00cdSTICA BRASILEIRA SABRA\",\"alternateName\":\"SABRA\",\"url\":\"https:\\\/\\\/www.sabra.org.br\\\/site\\\/\",\"logo\":{\"@type\":\"ImageObject\",\"inLanguage\":\"pt-BR\",\"@id\":\"https:\\\/\\\/www.sabra.org.br\\\/site\\\/#\\\/schema\\\/logo\\\/image\\\/\",\"url\":\"https:\\\/\\\/www.sabra.org.br\\\/site\\\/wp-content\\\/uploads\\\/2019\\\/06\\\/cropped-Logo_SABRA-Copia-1.webp\",\"contentUrl\":\"https:\\\/\\\/www.sabra.org.br\\\/site\\\/wp-content\\\/uploads\\\/2019\\\/06\\\/cropped-Logo_SABRA-Copia-1.webp\",\"width\":400,\"height\":128,\"caption\":\"SOCIEDADE ART\u00cdSTICA BRASILEIRA SABRA\"},\"image\":{\"@id\":\"https:\\\/\\\/www.sabra.org.br\\\/site\\\/#\\\/schema\\\/logo\\\/image\\\/\"},\"sameAs\":[\"https:\\\/\\\/www.facebook.com\\\/sabrabrasil\",\"https:\\\/\\\/x.com\\\/ContatoSabra\",\"https:\\\/\\\/www.instagram.com\\\/sabrabrasil\\\/\",\"https:\\\/\\\/www.linkedin.com\\\/company\\\/25002088\\\/\",\"https:\\\/\\\/br.pinterest.com\\\/sociedadeartisticabrasileira\\\/\",\"https:\\\/\\\/www.youtube.com\\\/c\\\/sabrabrasil\"]},{\"@type\":\"Person\",\"@id\":\"https:\\\/\\\/www.sabra.org.br\\\/site\\\/#\\\/schema\\\/person\\\/7d1d222c3c8891d4c37c7b41bf6315c2\",\"name\":\"M\u00e1rcio Miranda Pontes\",\"image\":{\"@type\":\"ImageObject\",\"inLanguage\":\"pt-BR\",\"@id\":\"https:\\\/\\\/secure.gravatar.com\\\/avatar\\\/3b45f24496a7625a3a6c436688fbe20344faaeb2979658dc4a9921f984d7df9a?s=96&d=mm&r=g\",\"url\":\"https:\\\/\\\/secure.gravatar.com\\\/avatar\\\/3b45f24496a7625a3a6c436688fbe20344faaeb2979658dc4a9921f984d7df9a?s=96&d=mm&r=g\",\"contentUrl\":\"https:\\\/\\\/secure.gravatar.com\\\/avatar\\\/3b45f24496a7625a3a6c436688fbe20344faaeb2979658dc4a9921f984d7df9a?s=96&d=mm&r=g\",\"caption\":\"M\u00e1rcio Miranda Pontes\"},\"sameAs\":[\"http:\\\/\\\/www.sabra.org.br\"],\"url\":\"https:\\\/\\\/www.sabra.org.br\\\/site\\\/author\\\/marcio-miranda-pontes\\\/\"}]}<\/script>\n<!-- \/ Yoast SEO plugin. -->","yoast_head_json":{"title":"Mulheres que inspiraram sucessos da MPB - SABRA - Sociedade Art\u00edstica Brasileira","description":"O mito da Musa Inspiradora \u00e9 antigo, e na MPB podemos encontrar in\u00fameros casos de mulheres que se tornaram belas composi\u00e7\u00f5es.","robots":{"index":"index","follow":"follow","max-snippet":"max-snippet:-1","max-image-preview":"max-image-preview:large","max-video-preview":"max-video-preview:-1"},"canonical":"https:\/\/www.sabra.org.br\/site\/inspiradora\/","og_locale":"pt_BR","og_type":"article","og_title":"Mulheres que inspiraram sucessos da MPB - SABRA - Sociedade Art\u00edstica Brasileira","og_description":"O mito da Musa Inspiradora \u00e9 antigo, e na MPB podemos encontrar in\u00fameros casos de mulheres que se tornaram belas composi\u00e7\u00f5es.","og_url":"https:\/\/www.sabra.org.br\/site\/inspiradora\/","og_site_name":"SABRA - Sociedade Art\u00edstica Brasileira","article_publisher":"https:\/\/www.facebook.com\/sabrabrasil","article_published_time":"2022-07-27T15:33:09+00:00","article_modified_time":"2022-07-27T15:34:36+00:00","og_image":[{"width":800,"height":519,"url":"https:\/\/i0.wp.com\/www.sabra.org.br\/site\/wp-content\/uploads\/2022\/07\/x-mulheres-que-inspiraram-sucessos-da-mpb-20220513105253.jpg.jpg?fit=800%2C519&ssl=1","type":"image\/jpeg"}],"author":"M\u00e1rcio Miranda Pontes","twitter_card":"summary_large_image","twitter_creator":"@ContatoSabra","twitter_site":"@ContatoSabra","twitter_misc":{"Escrito por":"M\u00e1rcio Miranda Pontes","Est. tempo de leitura":"4 minutos"},"schema":{"@context":"https:\/\/schema.org","@graph":[{"@type":"Article","@id":"https:\/\/www.sabra.org.br\/site\/inspiradora\/#article","isPartOf":{"@id":"https:\/\/www.sabra.org.br\/site\/inspiradora\/"},"author":{"name":"M\u00e1rcio Miranda Pontes","@id":"https:\/\/www.sabra.org.br\/site\/#\/schema\/person\/7d1d222c3c8891d4c37c7b41bf6315c2"},"headline":"Mulheres que inspiraram sucessos da MPB","datePublished":"2022-07-27T15:33:09+00:00","dateModified":"2022-07-27T15:34:36+00:00","mainEntityOfPage":{"@id":"https:\/\/www.sabra.org.br\/site\/inspiradora\/"},"wordCount":736,"publisher":{"@id":"https:\/\/www.sabra.org.br\/site\/#organization"},"image":{"@id":"https:\/\/www.sabra.org.br\/site\/inspiradora\/#primaryimage"},"thumbnailUrl":"https:\/\/www.sabra.org.br\/site\/wp-content\/uploads\/2022\/07\/x-mulheres-que-inspiraram-sucessos-da-mpb-20220513105253.jpg.jpg","keywords":["Assist\u00eancia social","Belo Horizonte","Cabo Frio","Campos dos Goytacazes","Canto Coral","Contagem","Escola de Musica SABRA","Ibirit\u00e9","Musicaliza\u00e7\u00e3o Infantil","nova lima","Orquestra Infanto Juvenil de Betim","Orquestra Sinf\u00f4nica de Betim","Raposos","Sociedade Art\u00edstica Brasileira"],"articleSection":["Blog SABRA"],"inLanguage":"pt-BR"},{"@type":"WebPage","@id":"https:\/\/www.sabra.org.br\/site\/inspiradora\/","url":"https:\/\/www.sabra.org.br\/site\/inspiradora\/","name":"Mulheres que inspiraram sucessos da MPB - SABRA - Sociedade Art\u00edstica Brasileira","isPartOf":{"@id":"https:\/\/www.sabra.org.br\/site\/#website"},"primaryImageOfPage":{"@id":"https:\/\/www.sabra.org.br\/site\/inspiradora\/#primaryimage"},"image":{"@id":"https:\/\/www.sabra.org.br\/site\/inspiradora\/#primaryimage"},"thumbnailUrl":"https:\/\/www.sabra.org.br\/site\/wp-content\/uploads\/2022\/07\/x-mulheres-que-inspiraram-sucessos-da-mpb-20220513105253.jpg.jpg","datePublished":"2022-07-27T15:33:09+00:00","dateModified":"2022-07-27T15:34:36+00:00","description":"O mito da Musa Inspiradora \u00e9 antigo, e na MPB podemos encontrar in\u00fameros casos de mulheres que se tornaram belas composi\u00e7\u00f5es.","breadcrumb":{"@id":"https:\/\/www.sabra.org.br\/site\/inspiradora\/#breadcrumb"},"inLanguage":"pt-BR","potentialAction":[{"@type":"ReadAction","target":["https:\/\/www.sabra.org.br\/site\/inspiradora\/"]}]},{"@type":"ImageObject","inLanguage":"pt-BR","@id":"https:\/\/www.sabra.org.br\/site\/inspiradora\/#primaryimage","url":"https:\/\/www.sabra.org.br\/site\/wp-content\/uploads\/2022\/07\/x-mulheres-que-inspiraram-sucessos-da-mpb-20220513105253.jpg.jpg","contentUrl":"https:\/\/www.sabra.org.br\/site\/wp-content\/uploads\/2022\/07\/x-mulheres-que-inspiraram-sucessos-da-mpb-20220513105253.jpg.jpg","width":800,"height":519,"caption":"Sociedade Art\u00edstica Brasileira SABRA"},{"@type":"BreadcrumbList","@id":"https:\/\/www.sabra.org.br\/site\/inspiradora\/#breadcrumb","itemListElement":[{"@type":"ListItem","position":1,"name":"In\u00edcio","item":"https:\/\/www.sabra.org.br\/site\/"},{"@type":"ListItem","position":2,"name":"Mulheres que inspiraram sucessos da MPB"}]},{"@type":"WebSite","@id":"https:\/\/www.sabra.org.br\/site\/#website","url":"https:\/\/www.sabra.org.br\/site\/","name":"SABRA - Sociedade Art\u00edstica Brasileira","description":"Escola de M\u00fasica, Orquestra Sinf\u00f4nica, Coral e Patrim\u00f4nio Cultural e Hist\u00f3rico","publisher":{"@id":"https:\/\/www.sabra.org.br\/site\/#organization"},"potentialAction":[{"@type":"SearchAction","target":{"@type":"EntryPoint","urlTemplate":"https:\/\/www.sabra.org.br\/site\/?s={search_term_string}"},"query-input":{"@type":"PropertyValueSpecification","valueRequired":true,"valueName":"search_term_string"}}],"inLanguage":"pt-BR"},{"@type":"Organization","@id":"https:\/\/www.sabra.org.br\/site\/#organization","name":"SOCIEDADE ART\u00cdSTICA BRASILEIRA SABRA","alternateName":"SABRA","url":"https:\/\/www.sabra.org.br\/site\/","logo":{"@type":"ImageObject","inLanguage":"pt-BR","@id":"https:\/\/www.sabra.org.br\/site\/#\/schema\/logo\/image\/","url":"https:\/\/www.sabra.org.br\/site\/wp-content\/uploads\/2019\/06\/cropped-Logo_SABRA-Copia-1.webp","contentUrl":"https:\/\/www.sabra.org.br\/site\/wp-content\/uploads\/2019\/06\/cropped-Logo_SABRA-Copia-1.webp","width":400,"height":128,"caption":"SOCIEDADE ART\u00cdSTICA BRASILEIRA SABRA"},"image":{"@id":"https:\/\/www.sabra.org.br\/site\/#\/schema\/logo\/image\/"},"sameAs":["https:\/\/www.facebook.com\/sabrabrasil","https:\/\/x.com\/ContatoSabra","https:\/\/www.instagram.com\/sabrabrasil\/","https:\/\/www.linkedin.com\/company\/25002088\/","https:\/\/br.pinterest.com\/sociedadeartisticabrasileira\/","https:\/\/www.youtube.com\/c\/sabrabrasil"]},{"@type":"Person","@id":"https:\/\/www.sabra.org.br\/site\/#\/schema\/person\/7d1d222c3c8891d4c37c7b41bf6315c2","name":"M\u00e1rcio Miranda Pontes","image":{"@type":"ImageObject","inLanguage":"pt-BR","@id":"https:\/\/secure.gravatar.com\/avatar\/3b45f24496a7625a3a6c436688fbe20344faaeb2979658dc4a9921f984d7df9a?s=96&d=mm&r=g","url":"https:\/\/secure.gravatar.com\/avatar\/3b45f24496a7625a3a6c436688fbe20344faaeb2979658dc4a9921f984d7df9a?s=96&d=mm&r=g","contentUrl":"https:\/\/secure.gravatar.com\/avatar\/3b45f24496a7625a3a6c436688fbe20344faaeb2979658dc4a9921f984d7df9a?s=96&d=mm&r=g","caption":"M\u00e1rcio Miranda Pontes"},"sameAs":["http:\/\/www.sabra.org.br"],"url":"https:\/\/www.sabra.org.br\/site\/author\/marcio-miranda-pontes\/"}]}},"jetpack_featured_media_url":"https:\/\/www.sabra.org.br\/site\/wp-content\/uploads\/2022\/07\/x-mulheres-que-inspiraram-sucessos-da-mpb-20220513105253.jpg.jpg","jetpack_shortlink":"https:\/\/wp.me\/p95j2Z-1oU","jetpack-related-posts":[{"id":2896,"url":"https:\/\/www.sabra.org.br\/site\/compositores-brasileiros-mpb\/","url_meta":{"origin":5388,"position":0},"title":"Compositores brasileiros &#8211; MPB","author":"M\u00e1rcio Miranda Pontes","date":"30 de abril de 2020","format":false,"excerpt":"Ao longo das d\u00e9cadas, o Brasil escreveu sua hist\u00f3ria na m\u00fasica, gra\u00e7as aos irreverentes e talentosos artistas que contribu\u00edram para esse feito. Aqui, n\u00f3s listamos os livros sobre alguns dos principais nomes!","rel":"","context":"Em &quot;Blog SABRA&quot;","block_context":{"text":"Blog SABRA","link":"https:\/\/www.sabra.org.br\/site\/category\/blog-sabra\/"},"img":{"alt_text":"Compositores brasileiros - MPB","src":"https:\/\/i0.wp.com\/www.sabra.org.br\/site\/wp-content\/uploads\/2020\/04\/os-melhores-livros-para-os-fas-de-compositores-brasileiros-comecarem-a-ler-20200317174456.jpg.jpg?resize=350%2C200&ssl=1","width":350,"height":200,"srcset":"https:\/\/i0.wp.com\/www.sabra.org.br\/site\/wp-content\/uploads\/2020\/04\/os-melhores-livros-para-os-fas-de-compositores-brasileiros-comecarem-a-ler-20200317174456.jpg.jpg?resize=350%2C200&ssl=1 1x, https:\/\/i0.wp.com\/www.sabra.org.br\/site\/wp-content\/uploads\/2020\/04\/os-melhores-livros-para-os-fas-de-compositores-brasileiros-comecarem-a-ler-20200317174456.jpg.jpg?resize=525%2C300&ssl=1 1.5x, https:\/\/i0.wp.com\/www.sabra.org.br\/site\/wp-content\/uploads\/2020\/04\/os-melhores-livros-para-os-fas-de-compositores-brasileiros-comecarem-a-ler-20200317174456.jpg.jpg?resize=700%2C400&ssl=1 2x"},"classes":[]},{"id":8314,"url":"https:\/\/www.sabra.org.br\/site\/mpb-cantores\/","url_meta":{"origin":5388,"position":1},"title":"Quais artistas fazem sucesso no MPB atualmente?","author":"M\u00e1rcio Miranda Pontes","date":"26 de outubro de 2023","format":false,"excerpt":"A MPB \u00e9 muito vasta e seus \u00edcones mudam de gera\u00e7\u00e3o em gera\u00e7\u00e3o. Que tal conhecer alguns cantores que fazem sucesso hoje nesse g\u00eanero? Falamos sobre alguns deles em nosso blog.","rel":"","context":"Em &quot;Blog SABRA&quot;","block_context":{"text":"Blog SABRA","link":"https:\/\/www.sabra.org.br\/site\/category\/blog-sabra\/"},"img":{"alt_text":"sabra-m\u00fasica-cantor-lan\u00e7ado-sucesso-mpb-dupla-cantores","src":"https:\/\/i0.wp.com\/www.sabra.org.br\/site\/wp-content\/uploads\/2023\/10\/quais-artistas-fazem-sucesso-no-mpb-atualmente-20221229103337.jpg-jpg.webp?resize=350%2C200&ssl=1","width":350,"height":200,"srcset":"https:\/\/i0.wp.com\/www.sabra.org.br\/site\/wp-content\/uploads\/2023\/10\/quais-artistas-fazem-sucesso-no-mpb-atualmente-20221229103337.jpg-jpg.webp?resize=350%2C200&ssl=1 1x, https:\/\/i0.wp.com\/www.sabra.org.br\/site\/wp-content\/uploads\/2023\/10\/quais-artistas-fazem-sucesso-no-mpb-atualmente-20221229103337.jpg-jpg.webp?resize=525%2C300&ssl=1 1.5x, https:\/\/i0.wp.com\/www.sabra.org.br\/site\/wp-content\/uploads\/2023\/10\/quais-artistas-fazem-sucesso-no-mpb-atualmente-20221229103337.jpg-jpg.webp?resize=700%2C400&ssl=1 2x"},"classes":[]},{"id":5853,"url":"https:\/\/www.sabra.org.br\/site\/era-de-ouro-da-mpb\/","url_meta":{"origin":5388,"position":2},"title":"Saiba tudo sobre a era de ouro da M\u00fasica Popular Brasileira","author":"M\u00e1rcio Miranda Pontes","date":"12 de setembro de 2022","format":false,"excerpt":"Se voc\u00ea se interessa por m\u00fasica e pela hist\u00f3ria do Brasil, leia nosso texto onde falamos sobre a era de ouro da m\u00fasica popular brasileira, com os cantores e estilos mais famosos da \u00e9poca.","rel":"","context":"Em &quot;Blog SABRA&quot;","block_context":{"text":"Blog SABRA","link":"https:\/\/www.sabra.org.br\/site\/category\/blog-sabra\/"},"img":{"alt_text":"musica-popular-brasileira-estilo","src":"https:\/\/i0.wp.com\/www.sabra.org.br\/site\/wp-content\/uploads\/2022\/09\/saiba-tudo-sobre-a-era-de-ouro-da-musica-popular-brasileira-20220623120204.jpg.jpg?resize=350%2C200&ssl=1","width":350,"height":200,"srcset":"https:\/\/i0.wp.com\/www.sabra.org.br\/site\/wp-content\/uploads\/2022\/09\/saiba-tudo-sobre-a-era-de-ouro-da-musica-popular-brasileira-20220623120204.jpg.jpg?resize=350%2C200&ssl=1 1x, https:\/\/i0.wp.com\/www.sabra.org.br\/site\/wp-content\/uploads\/2022\/09\/saiba-tudo-sobre-a-era-de-ouro-da-musica-popular-brasileira-20220623120204.jpg.jpg?resize=525%2C300&ssl=1 1.5x, https:\/\/i0.wp.com\/www.sabra.org.br\/site\/wp-content\/uploads\/2022\/09\/saiba-tudo-sobre-a-era-de-ouro-da-musica-popular-brasileira-20220623120204.jpg.jpg?resize=700%2C400&ssl=1 2x"},"classes":[]},{"id":4875,"url":"https:\/\/www.sabra.org.br\/site\/rock-mulheres-negras\/","url_meta":{"origin":5388,"position":3},"title":"Saiba qual foi o papel das mulheres negras no rock","author":"M\u00e1rcio Miranda Pontes","date":"31 de mar\u00e7o de 2022","format":false,"excerpt":"Voc\u00ea ainda pensa em Elvis Presley quando o assunto \u00e9 rock? Errado n\u00e3o est\u00e1, mas existe muita hist\u00f3ria antes dele e est\u00e1 cheia de mulheres negras com muito talento e personalidade! Descubra!","rel":"","context":"Em &quot;Blog SABRA&quot;","block_context":{"text":"Blog SABRA","link":"https:\/\/www.sabra.org.br\/site\/category\/blog-sabra\/"},"img":{"alt_text":"rock-mulheres-negros-historia","src":"https:\/\/i0.wp.com\/www.sabra.org.br\/site\/wp-content\/uploads\/2022\/03\/saiba-qual-foi-o-papel-das-mulheres-negras-no-rock-20211111161807.jpg.jpg?resize=350%2C200&ssl=1","width":350,"height":200,"srcset":"https:\/\/i0.wp.com\/www.sabra.org.br\/site\/wp-content\/uploads\/2022\/03\/saiba-qual-foi-o-papel-das-mulheres-negras-no-rock-20211111161807.jpg.jpg?resize=350%2C200&ssl=1 1x, https:\/\/i0.wp.com\/www.sabra.org.br\/site\/wp-content\/uploads\/2022\/03\/saiba-qual-foi-o-papel-das-mulheres-negras-no-rock-20211111161807.jpg.jpg?resize=525%2C300&ssl=1 1.5x, https:\/\/i0.wp.com\/www.sabra.org.br\/site\/wp-content\/uploads\/2022\/03\/saiba-qual-foi-o-papel-das-mulheres-negras-no-rock-20211111161807.jpg.jpg?resize=700%2C400&ssl=1 2x"},"classes":[]},{"id":2204,"url":"https:\/\/www.sabra.org.br\/site\/musica-popular-brasileira\/","url_meta":{"origin":5388,"position":4},"title":"M\u00fasica Popular Brasileira","author":"M\u00e1rcio Miranda Pontes","date":"5 de julho de 2019","format":false,"excerpt":"m\u00fasica popular brasileira caetano veloso gilberto gil m\u00fasica popular popular brasileira caetano veloso gilberto","rel":"","context":"Em &quot;Blog SABRA&quot;","block_context":{"text":"Blog SABRA","link":"https:\/\/www.sabra.org.br\/site\/category\/blog-sabra\/"},"img":{"alt_text":"musica-popular-brasileira","src":"https:\/\/i0.wp.com\/www.sabra.org.br\/site\/wp-content\/uploads\/2019\/07\/musica-popular-brasileira.jpg?resize=350%2C200&ssl=1","width":350,"height":200,"srcset":"https:\/\/i0.wp.com\/www.sabra.org.br\/site\/wp-content\/uploads\/2019\/07\/musica-popular-brasileira.jpg?resize=350%2C200&ssl=1 1x, https:\/\/i0.wp.com\/www.sabra.org.br\/site\/wp-content\/uploads\/2019\/07\/musica-popular-brasileira.jpg?resize=525%2C300&ssl=1 1.5x"},"classes":[]},{"id":5023,"url":"https:\/\/www.sabra.org.br\/site\/motivos-mpb\/","url_meta":{"origin":5388,"position":5},"title":"Motivos para apreciar o MPB","author":"M\u00e1rcio Miranda Pontes","date":"28 de abril de 2022","format":false,"excerpt":"A m\u00fasica \u00e9 cheia de possibilidades e a MPB \u00e9 cheia de hist\u00f3ria, al\u00e9m de muita criatividade. Conhe\u00e7a alguns motivos para curtir o estilo que \u00e9 a nossa cara. Surpreenda-se!","rel":"","context":"Em &quot;Blog SABRA&quot;","block_context":{"text":"Blog SABRA","link":"https:\/\/www.sabra.org.br\/site\/category\/blog-sabra\/"},"img":{"alt_text":"MPB-cultura-brasileira-m\u00fasica","src":"https:\/\/i0.wp.com\/www.sabra.org.br\/site\/wp-content\/uploads\/2022\/04\/x-motivos-para-apreciar-o-mpb-20211027111153.jpg.jpg?resize=350%2C200&ssl=1","width":350,"height":200,"srcset":"https:\/\/i0.wp.com\/www.sabra.org.br\/site\/wp-content\/uploads\/2022\/04\/x-motivos-para-apreciar-o-mpb-20211027111153.jpg.jpg?resize=350%2C200&ssl=1 1x, https:\/\/i0.wp.com\/www.sabra.org.br\/site\/wp-content\/uploads\/2022\/04\/x-motivos-para-apreciar-o-mpb-20211027111153.jpg.jpg?resize=525%2C300&ssl=1 1.5x, https:\/\/i0.wp.com\/www.sabra.org.br\/site\/wp-content\/uploads\/2022\/04\/x-motivos-para-apreciar-o-mpb-20211027111153.jpg.jpg?resize=700%2C400&ssl=1 2x"},"classes":[]}],"jetpack_likes_enabled":true,"jetpack_sharing_enabled":true,"_links":{"self":[{"href":"https:\/\/www.sabra.org.br\/site\/wp-json\/wp\/v2\/posts\/5388","targetHints":{"allow":["GET"]}}],"collection":[{"href":"https:\/\/www.sabra.org.br\/site\/wp-json\/wp\/v2\/posts"}],"about":[{"href":"https:\/\/www.sabra.org.br\/site\/wp-json\/wp\/v2\/types\/post"}],"author":[{"embeddable":true,"href":"https:\/\/www.sabra.org.br\/site\/wp-json\/wp\/v2\/users\/39"}],"replies":[{"embeddable":true,"href":"https:\/\/www.sabra.org.br\/site\/wp-json\/wp\/v2\/comments?post=5388"}],"version-history":[{"count":0,"href":"https:\/\/www.sabra.org.br\/site\/wp-json\/wp\/v2\/posts\/5388\/revisions"}],"wp:featuredmedia":[{"embeddable":true,"href":"https:\/\/www.sabra.org.br\/site\/wp-json\/wp\/v2\/media\/5389"}],"wp:attachment":[{"href":"https:\/\/www.sabra.org.br\/site\/wp-json\/wp\/v2\/media?parent=5388"}],"wp:term":[{"taxonomy":"category","embeddable":true,"href":"https:\/\/www.sabra.org.br\/site\/wp-json\/wp\/v2\/categories?post=5388"},{"taxonomy":"post_tag","embeddable":true,"href":"https:\/\/www.sabra.org.br\/site\/wp-json\/wp\/v2\/tags?post=5388"}],"curies":[{"name":"wp","href":"https:\/\/api.w.org\/{rel}","templated":true}]}}