{"id":539,"date":"2017-08-01T15:02:33","date_gmt":"2017-08-01T18:02:33","guid":{"rendered":"http:\/\/www.sabra.org.br\/site\/?p=539"},"modified":"2025-04-20T19:11:21","modified_gmt":"2025-04-20T22:11:21","slug":"novo-horario-de-aulas-de-violino-musicalizacao","status":"publish","type":"post","link":"https:\/\/www.sabra.org.br\/site\/novo-horario-de-aulas-de-violino-musicalizacao\/","title":{"rendered":"Novo hor\u00e1rio de aulas de Violino &#8211; Musicaliza\u00e7\u00e3o"},"content":{"rendered":"<p>Seguem os hor\u00e1rios de aulas dos alunos que far\u00e3o aulas de violino a partir do dia 01 de agosto de 2017.<\/p>\n<table width=\"687\">\n<tbody>\n<tr>\n<td width=\"93\">Musicaliza\u00e7\u00e3o<\/td>\n<td width=\"242\">Aluno<\/td>\n<td width=\"88\">Violino profa. Aur\u00e9lia<\/td>\n<td width=\"88\">Violino profa. Janete<\/td>\n<td width=\"88\">Violino profa. Fernanda<\/td>\n<td width=\"88\">Pensar o coletivo<\/td>\n<\/tr>\n<tr>\n<td>3\u00aa &#8211; 13:30<\/td>\n<td>Ana Carolina Lages Marques<\/td>\n<td>3\u00aa &#8211; 15:20<\/td>\n<td><\/td>\n<td><\/td>\n<td>3\u00aa &#8211; 16:10<\/td>\n<\/tr>\n<tr>\n<td>3\u00aa &#8211; 13:30<\/td>\n<td>Ana Clara Mendes Rocha<\/td>\n<td><\/td>\n<td>3\u00aa &#8211; 16:10<\/td>\n<td><\/td>\n<td>3\u00aa &#8211; 15:20<\/td>\n<\/tr>\n<tr>\n<td>4\u00aa &#8211; 08:00<\/td>\n<td>Ana Luisa de Souza Gomes<\/td>\n<td><\/td>\n<td><\/td>\n<td>4\u00aa &#8211; 09:50<\/td>\n<td>4\u00aa &#8211; 10:40<\/td>\n<\/tr>\n<tr>\n<td>3\u00aa &#8211; 09:50<\/td>\n<td>Ana Vit\u00f3ria Figueiredo Morais<\/td>\n<td>3\u00aa &#8211; 08:00<\/td>\n<td><\/td>\n<td><\/td>\n<td>3\u00aa &#8211; 08:50<\/td>\n<\/tr>\n<tr>\n<td>3\u00aa &#8211; 13:30<\/td>\n<td>Ane Madjarian Viana<\/td>\n<td>3\u00aa &#8211; 15:20<\/td>\n<td><\/td>\n<td><\/td>\n<td>3\u00aa &#8211; 16:10<\/td>\n<\/tr>\n<tr>\n<td>4\u00aa &#8211; 09:50<\/td>\n<td>Arthur Valeriano F. de S\u00e1<\/td>\n<td>4\u00aa &#8211; 08:00<\/td>\n<td><\/td>\n<td><\/td>\n<td>4\u00aa &#8211; 08:50<\/td>\n<\/tr>\n<tr>\n<td>4\u00aa &#8211; 15:20<\/td>\n<td>Arthur Venuto<\/td>\n<td>4\u00aa &#8211; 13:30<\/td>\n<td><\/td>\n<td><\/td>\n<td>4\u00aa &#8211; 14:20<\/td>\n<\/tr>\n<tr>\n<td>4\u00aa &#8211; 09:50<\/td>\n<td>Artur H. Matos de Souza<\/td>\n<td>4\u00aa &#8211; 08:00<\/td>\n<td><\/td>\n<td><\/td>\n<td>4\u00aa &#8211; 08:50<\/td>\n<\/tr>\n<tr>\n<td>4\u00aa &#8211; 15:20<\/td>\n<td>Artur Marinho Teixeira<\/td>\n<td>4\u00aa &#8211; 13:30<\/td>\n<td><\/td>\n<td><\/td>\n<td>4\u00aa &#8211; 14:20<\/td>\n<\/tr>\n<tr>\n<td>4\u00aa &#8211; 15:20<\/td>\n<td>Artur Vinicius<\/td>\n<td>4\u00aa &#8211; 13:30<\/td>\n<td><\/td>\n<td><\/td>\n<td>4\u00aa &#8211; 14:20<\/td>\n<\/tr>\n<tr>\n<td>3\u00aa &#8211; 09:50<\/td>\n<td>Bianca Batista dos Santos<\/td>\n<td>3\u00aa &#8211; 08:00<\/td>\n<td><\/td>\n<td><\/td>\n<td>3\u00aa &#8211; 08:50<\/td>\n<\/tr>\n<tr>\n<td>4\u00aa &#8211; 13:30<\/td>\n<td>Breno Eduardo Duarte Pereira<\/td>\n<td>4\u00aa &#8211; 15:20<\/td>\n<td><\/td>\n<td><\/td>\n<td>4\u00aa &#8211; 16:10<\/td>\n<\/tr>\n<tr>\n<td>3\u00aa &#8211; 13:30<\/td>\n<td>Caio Henrique de Azevedo Rodrigues<\/td>\n<td><\/td>\n<td>3\u00aa &#8211; 16:10<\/td>\n<td><\/td>\n<td>3\u00aa &#8211; 15:20<\/td>\n<\/tr>\n<tr>\n<td>4\u00aa &#8211; 13:30<\/td>\n<td width=\"242\">Caio Neri Fonseca Lacerda<\/td>\n<td>4\u00aa &#8211; 15:20<\/td>\n<td><\/td>\n<td><\/td>\n<td>4\u00aa &#8211; 16:10<\/td>\n<\/tr>\n<tr>\n<td>3\u00aa &#8211; 08:00<\/td>\n<td>Carol Souto dos Santos<\/td>\n<td>3\u00aa &#8211; 09:50<\/td>\n<td><\/td>\n<td><\/td>\n<td>3\u00aa &#8211; 10:40<\/td>\n<\/tr>\n<tr>\n<td>4\u00aa &#8211; 08:00<\/td>\n<td>Cintia Tha\u00eds de Carvalho<\/td>\n<td><\/td>\n<td><\/td>\n<td>4\u00aa &#8211; 09:50<\/td>\n<td>4\u00aa &#8211; 10:40<\/td>\n<\/tr>\n<tr>\n<td>3\u00aa &#8211; 08:00<\/td>\n<td>Danelo Lucas Barbosa de Souza<\/td>\n<td>3\u00aa &#8211; 09:50<\/td>\n<td><\/td>\n<td><\/td>\n<td>3\u00aa &#8211; 10:40<\/td>\n<\/tr>\n<tr>\n<td>3\u00aa &#8211; 13:30<\/td>\n<td>Daniel Alves da Cruz<\/td>\n<td><\/td>\n<td>3\u00aa &#8211; 15:20<\/td>\n<td><\/td>\n<td>3\u00aa &#8211; 16:10<\/td>\n<\/tr>\n<tr>\n<td>3\u00aa &#8211; 13:30<\/td>\n<td>Daniel Martins Bae\u00e7a de Jesus<\/td>\n<td><\/td>\n<td>3\u00aa &#8211; 15:20<\/td>\n<td><\/td>\n<td>3\u00aa &#8211; 16:10<\/td>\n<\/tr>\n<tr>\n<td>4\u00aa &#8211; 09:50<\/td>\n<td>Daniela Martins Pinto Araujo Souza<\/td>\n<td>4\u00aa &#8211; 08:00<\/td>\n<td><\/td>\n<td><\/td>\n<td>4\u00aa &#8211; 08:50<\/td>\n<\/tr>\n<tr>\n<td>4\u00aa &#8211; 13:30<\/td>\n<td>Danielly Duarte Oliveira<\/td>\n<td>4\u00aa &#8211; 15:20<\/td>\n<td><\/td>\n<td><\/td>\n<td>4\u00aa &#8211; 16:10<\/td>\n<\/tr>\n<tr>\n<td>4\u00aa &#8211; 13:30<\/td>\n<td>Esther Vitoria Marques da Silva<\/td>\n<td>4\u00aa &#8211; 15:20<\/td>\n<td><\/td>\n<td><\/td>\n<td>4\u00aa &#8211; 16:10<\/td>\n<\/tr>\n<tr>\n<td>4\u00aa &#8211; 08:00<\/td>\n<td>Gabriel Augusto<\/td>\n<td><\/td>\n<td><\/td>\n<td>4\u00aa &#8211; 10:40<\/td>\n<td>4\u00aa &#8211; 09:50<\/td>\n<\/tr>\n<tr>\n<td>4\u00aa &#8211; 08:00<\/td>\n<td>Gabriel Avila Lima<\/td>\n<td>4\u00aa &#8211; 09:50<\/td>\n<td><\/td>\n<td><\/td>\n<td>4\u00aa &#8211; 10:40<\/td>\n<\/tr>\n<tr>\n<td>4\u00aa &#8211; 15:20<\/td>\n<td>Gabriel Cesar<\/td>\n<td>4\u00aa &#8211; 13:30<\/td>\n<td><\/td>\n<td><\/td>\n<td>4\u00aa &#8211; 14:20<\/td>\n<\/tr>\n<tr>\n<td>4\u00aa &#8211; 08:00<\/td>\n<td>Gabriel Henrick Santos Silva<\/td>\n<td>4\u00aa &#8211; 09:50<\/td>\n<td><\/td>\n<td><\/td>\n<td>4\u00aa &#8211; 10:40<\/td>\n<\/tr>\n<tr>\n<td>3\u00aa &#8211; 13:30<\/td>\n<td>Gabriel Henrique de Oliveira Santos<\/td>\n<td>3\u00aa &#8211; 15:20<\/td>\n<td><\/td>\n<td><\/td>\n<td>3\u00aa &#8211; 16:10<\/td>\n<\/tr>\n<tr>\n<td>3\u00aa &#8211; 09:50<\/td>\n<td>Gabrielly Rachel Silva Barbosa<\/td>\n<td>3\u00aa &#8211; 08:00<\/td>\n<td><\/td>\n<td><\/td>\n<td>3\u00aa &#8211; 08:50<\/td>\n<\/tr>\n<tr>\n<td>4\u00aa &#8211; 13:30<\/td>\n<td width=\"242\">Geovana Beatriz<\/td>\n<td>4\u00aa &#8211; 15:20<\/td>\n<td><\/td>\n<td><\/td>\n<td>4\u00aa &#8211; 16:10<\/td>\n<\/tr>\n<tr>\n<td>4\u00aa &#8211; 08:00<\/td>\n<td>Giovana Silva Reis<\/td>\n<td>4\u00aa &#8211; 09:50<\/td>\n<td><\/td>\n<td><\/td>\n<td>4\u00aa &#8211; 10:40<\/td>\n<\/tr>\n<tr>\n<td>3\u00aa &#8211; 09:50<\/td>\n<td>Giulia dos Santos T. de Oliveira<\/td>\n<td>3\u00aa &#8211; 08:00<\/td>\n<td><\/td>\n<td><\/td>\n<td>3\u00aa &#8211; 08:50<\/td>\n<\/tr>\n<tr>\n<td>3\u00aa &#8211; 08:00<\/td>\n<td>Guilherme de Almeida Milarde<\/td>\n<td>3\u00aa &#8211; 10:40<\/td>\n<td><\/td>\n<td><\/td>\n<td>3\u00aa &#8211; 09:50<\/td>\n<\/tr>\n<tr>\n<td>3\u00aa &#8211; 09:50<\/td>\n<td>Gustavo Henrique Gomes dos Santos<\/td>\n<td>3\u00aa &#8211; 08:00<\/td>\n<td><\/td>\n<td><\/td>\n<td>3\u00aa &#8211; 08:50<\/td>\n<\/tr>\n<tr>\n<td>4\u00aa &#8211; 15:20<\/td>\n<td>Heitor Bernardo<\/td>\n<td>4\u00aa &#8211; 13:30<\/td>\n<td><\/td>\n<td><\/td>\n<td>4\u00aa &#8211; 14:20<\/td>\n<\/tr>\n<tr>\n<td>3\u00aa &#8211; 13:30<\/td>\n<td>Helena Moreira Tobias<\/td>\n<td>3\u00aa &#8211; 15:20<\/td>\n<td><\/td>\n<td><\/td>\n<td>3\u00aa &#8211; 16:10<\/td>\n<\/tr>\n<tr>\n<td>4\u00aa &#8211; 08:00<\/td>\n<td>Heron Gabriel Luciano Mota<\/td>\n<td>4\u00aa &#8211; 09:50<\/td>\n<td><\/td>\n<td><\/td>\n<td>4\u00aa &#8211; 10:40<\/td>\n<\/tr>\n<tr>\n<td>3\u00aa &#8211; 13:30<\/td>\n<td>Ian Madjarian Viana<\/td>\n<td>3\u00aa &#8211; 15:20<\/td>\n<td><\/td>\n<td><\/td>\n<td>3\u00aa &#8211; 16:10<\/td>\n<\/tr>\n<tr>\n<td>4\u00aa &#8211; 08:00<\/td>\n<td>Isabel Helena Oliveira Machado<\/td>\n<td><\/td>\n<td><\/td>\n<td>4\u00aa &#8211; 09:50<\/td>\n<td>4\u00aa &#8211; 10:40<\/td>\n<\/tr>\n<tr>\n<td>3\u00aa &#8211; 08:00<\/td>\n<td>Isabela da Paz Oliveira<\/td>\n<td>3\u00aa &#8211; 10:40<\/td>\n<td><\/td>\n<td><\/td>\n<td>3\u00aa &#8211; 09:50<\/td>\n<\/tr>\n<tr>\n<td>3\u00aa &#8211; 13:30<\/td>\n<td>Isabela DutraBrand\u00e3o<\/td>\n<td>3\u00aa &#8211; 15:20<\/td>\n<td><\/td>\n<td><\/td>\n<td>3\u00aa &#8211; 16:10<\/td>\n<\/tr>\n<tr>\n<td>3\u00aa &#8211; 09:50<\/td>\n<td>Isabella Vit\u00f3ria Couto Martins<\/td>\n<td>3\u00aa &#8211; 08:00<\/td>\n<td><\/td>\n<td><\/td>\n<td>3\u00aa &#8211; 08:50<\/td>\n<\/tr>\n<tr>\n<td>4\u00aa &#8211; 09:50<\/td>\n<td>Jo\u00e3o Carlos Costa Silva<\/td>\n<td>4\u00aa &#8211; 08:00<\/td>\n<td><\/td>\n<td><\/td>\n<td>4\u00aa &#8211; 08:50<\/td>\n<\/tr>\n<tr>\n<td>3\u00aa &#8211; 09:50<\/td>\n<td>Jo\u00e3o Emanuel dos Santos T. Oliveira<\/td>\n<td>3\u00aa &#8211; 08:50<\/td>\n<td><\/td>\n<td><\/td>\n<td>3\u00aa &#8211; 08:00<\/td>\n<\/tr>\n<tr>\n<td>4\u00aa &#8211; 15:20<\/td>\n<td>Jo\u00e3o Vitor Nascimento<\/td>\n<td>4\u00aa &#8211; 14:20<\/td>\n<td><\/td>\n<td><\/td>\n<td>4\u00aa &#8211; 13:30<\/td>\n<\/tr>\n<tr>\n<td>4\u00aa &#8211; 13:30<\/td>\n<td>Jo\u00e3o Vitto Vitarelli de Freitas<\/td>\n<td>4\u00aa &#8211; 16:10<\/td>\n<td><\/td>\n<td><\/td>\n<td>4\u00aa &#8211; 15:20<\/td>\n<\/tr>\n<tr>\n<td>4\u00aa &#8211; 15:20<\/td>\n<td>Jos\u00e9 Renan Souza Baliones<\/td>\n<td>4\u00aa &#8211; 14:20<\/td>\n<td><\/td>\n<td><\/td>\n<td>4\u00aa &#8211; 13:30<\/td>\n<\/tr>\n<tr>\n<td>4\u00aa &#8211; 13:30<\/td>\n<td>Julia Alves Dias<\/td>\n<td>4\u00aa &#8211; 16:10<\/td>\n<td><\/td>\n<td><\/td>\n<td>4\u00aa &#8211; 15:20<\/td>\n<\/tr>\n<tr>\n<td>3\u00aa &#8211; 09:50<\/td>\n<td>Julia Emanoele Silva<\/td>\n<td>3\u00aa &#8211; 08:50<\/td>\n<td><\/td>\n<td><\/td>\n<td>3\u00aa &#8211; 08:00<\/td>\n<\/tr>\n<tr>\n<td>3\u00aa &#8211; 13:30<\/td>\n<td>Jullia Guedes Freire<\/td>\n<td><\/td>\n<td>3\u00aa &#8211; 16:10<\/td>\n<td><\/td>\n<td>3\u00aa &#8211; 15:20<\/td>\n<\/tr>\n<tr>\n<td>4\u00aa &#8211; 08:00<\/td>\n<td>Kauan Silva Freire<\/td>\n<td>4\u00aa &#8211; 09:50<\/td>\n<td><\/td>\n<td><\/td>\n<td>4\u00aa &#8211; 10:40<\/td>\n<\/tr>\n<tr>\n<td>3\u00aa &#8211; 08:00<\/td>\n<td>Kauara Regina T. P. de Oliveira<\/td>\n<td>3\u00aa &#8211; 10:40<\/td>\n<td><\/td>\n<td><\/td>\n<td>3\u00aa &#8211; 09:50<\/td>\n<\/tr>\n<tr>\n<td>3\u00aa &#8211; 08:00<\/td>\n<td>Kim Cesar Alves<\/td>\n<td>3\u00aa &#8211; 10:40<\/td>\n<td><\/td>\n<td><\/td>\n<td>3\u00aa &#8211; 09:50<\/td>\n<\/tr>\n<tr>\n<td>3\u00aa &#8211; 13:30<\/td>\n<td>La\u00eds Mariana Couto Alves<\/td>\n<td><\/td>\n<td>3\u00aa &#8211; 16:10<\/td>\n<td><\/td>\n<td>3\u00aa &#8211; 15:20<\/td>\n<\/tr>\n<tr>\n<td>3\u00aa &#8211; 09:50<\/td>\n<td>Lara Luiza de Souza<\/td>\n<td>3\u00aa &#8211; 08:50<\/td>\n<td><\/td>\n<td><\/td>\n<td>3\u00aa &#8211; 08:00<\/td>\n<\/tr>\n<tr>\n<td>4\u00aa &#8211; 08:00<\/td>\n<td>Lavinya Mara Anicio Santos<\/td>\n<td><\/td>\n<td><\/td>\n<td>4\u00aa &#8211; 09:50<\/td>\n<td>4\u00aa &#8211; 10:40<\/td>\n<\/tr>\n<tr>\n<td>4\u00aa &#8211; 13:30<\/td>\n<td width=\"242\">L\u00edvia Santos<\/td>\n<td>4\u00aa &#8211; 16:10<\/td>\n<td><\/td>\n<td><\/td>\n<td>4\u00aa &#8211; 15:20<\/td>\n<\/tr>\n<tr>\n<td>4\u00aa &#8211; 08:00<\/td>\n<td>Lorenzo Milagres Detoni Pires<\/td>\n<td>4\u00aa &#8211; 09:50<\/td>\n<td><\/td>\n<td><\/td>\n<td>4\u00aa &#8211; 10:40<\/td>\n<\/tr>\n<tr>\n<td>3\u00aa &#8211; 08:00<\/td>\n<td>Luan Carlos Silva Carvalho<\/td>\n<td>3\u00aa &#8211; 09:50<\/td>\n<td><\/td>\n<td><\/td>\n<td>3\u00aa &#8211; 10:40<\/td>\n<\/tr>\n<tr>\n<td>4\u00aa &#8211; 08:00<\/td>\n<td>Luan Rodrigues Freitas<\/td>\n<td>4\u00aa &#8211; 10:40<\/td>\n<td><\/td>\n<td><\/td>\n<td>4\u00aa &#8211; 09:50<\/td>\n<\/tr>\n<tr>\n<td>4\u00aa &#8211; 09:50<\/td>\n<td>Luany Garcia Mesquita<\/td>\n<td>4\u00aa &#8211; 08:00<\/td>\n<td><\/td>\n<td><\/td>\n<td>4\u00aa &#8211; 08:50<\/td>\n<\/tr>\n<tr>\n<td>4\u00aa &#8211; 09:50<\/td>\n<td>Lucas H. Gon\u00e7alves Aguiar<\/td>\n<td>4\u00aa &#8211; 08:00<\/td>\n<td><\/td>\n<td><\/td>\n<td>4\u00aa &#8211; 08:50<\/td>\n<\/tr>\n<tr>\n<td>4\u00aa &#8211; 09:50<\/td>\n<td>Lucas H. Nascimento Correa de Faria<\/td>\n<td>4\u00aa &#8211; 08:50<\/td>\n<td><\/td>\n<td><\/td>\n<td>4\u00aa &#8211; 08:00<\/td>\n<\/tr>\n<tr>\n<td>3\u00aa &#8211; 08:00<\/td>\n<td>Ludmila Gabriela Pires Vieira<\/td>\n<td>3\u00aa &#8211; 09:50<\/td>\n<td><\/td>\n<td><\/td>\n<td>3\u00aa &#8211; 10:40<\/td>\n<\/tr>\n<tr>\n<td>3\u00aa &#8211; 13:30<\/td>\n<td>Luiz Felipe de Ara\u00fajo<\/td>\n<td><\/td>\n<td>3\u00aa &#8211; 15:20<\/td>\n<td><\/td>\n<td>3\u00aa &#8211; 16:10<\/td>\n<\/tr>\n<tr>\n<td>4\u00aa &#8211; 08:00<\/td>\n<td>Luiz Henrique de Oliveira<\/td>\n<td><\/td>\n<td><\/td>\n<td>4\u00aa &#8211; 10:40<\/td>\n<td>4\u00aa &#8211; 09:50<\/td>\n<\/tr>\n<tr>\n<td>4\u00aa &#8211; 09:50<\/td>\n<td>Luiza Andrade Costa Miranda<\/td>\n<td>4\u00aa &#8211; 08:50<\/td>\n<td><\/td>\n<td><\/td>\n<td>4\u00aa &#8211; 08:00<\/td>\n<\/tr>\n<tr>\n<td>4\u00aa &#8211; 09:50<\/td>\n<td>Luiza Carvalho Linhares<\/td>\n<td>4\u00aa &#8211; 08:50<\/td>\n<td><\/td>\n<td><\/td>\n<td>4\u00aa &#8211; 08:00<\/td>\n<\/tr>\n<tr>\n<td>4\u00aa &#8211; 09:50<\/td>\n<td>Marcos Willian<\/td>\n<td>4\u00aa &#8211; 08:50<\/td>\n<td><\/td>\n<td><\/td>\n<td>4\u00aa &#8211; 08:00<\/td>\n<\/tr>\n<tr>\n<td>4\u00aa &#8211; 08:00<\/td>\n<td>Maria Eduarda Aparecida Evangelista<\/td>\n<td>4\u00aa &#8211; 10:40<\/td>\n<td><\/td>\n<td><\/td>\n<td>4\u00aa &#8211; 09:50<\/td>\n<\/tr>\n<tr>\n<td>3\u00aa &#8211; 09:50<\/td>\n<td>Maria Fernanda Galdino Santos<\/td>\n<td>3\u00aa &#8211; 08:50<\/td>\n<td><\/td>\n<td><\/td>\n<td>3\u00aa &#8211; 08:00<\/td>\n<\/tr>\n<tr>\n<td>3\u00aa &#8211; 13:30<\/td>\n<td>Maria Rita Silva Reis<\/td>\n<td><\/td>\n<td>3\u00aa &#8211; 15:20<\/td>\n<td><\/td>\n<td>3\u00aa &#8211; 16:10<\/td>\n<\/tr>\n<tr>\n<td>3\u00aa &#8211; 08:00<\/td>\n<td>Maria Vitoria Rodrigues<\/td>\n<td>3\u00aa &#8211; 09:50<\/td>\n<td><\/td>\n<td><\/td>\n<td>3\u00aa &#8211; 10:40<\/td>\n<\/tr>\n<tr>\n<td>4\u00aa &#8211; 08:00<\/td>\n<td>Mariana Barbosa Fialho<\/td>\n<td>4\u00aa &#8211; 10:40<\/td>\n<td><\/td>\n<td><\/td>\n<td>4\u00aa &#8211; 09:50<\/td>\n<\/tr>\n<tr>\n<td>4\u00aa &#8211; 15:20<\/td>\n<td>Mariana Martins Prado<\/td>\n<td>4\u00aa &#8211; 14:20<\/td>\n<td><\/td>\n<td><\/td>\n<td>4\u00aa &#8211; 13:30<\/td>\n<\/tr>\n<tr>\n<td>3\u00aa &#8211; 13:30<\/td>\n<td>Mariana Mendes Silva Reis<\/td>\n<td><\/td>\n<td>3\u00aa &#8211; 15:20<\/td>\n<td><\/td>\n<td>3\u00aa &#8211; 16:10<\/td>\n<\/tr>\n<tr>\n<td>4\u00aa &#8211; 08:00<\/td>\n<td>Marianny Ohana de Araujo Rodrigues<\/td>\n<td>4\u00aa &#8211; 10:40<\/td>\n<td><\/td>\n<td><\/td>\n<td>4\u00aa &#8211; 09:50<\/td>\n<\/tr>\n<tr>\n<td>3\u00aa &#8211; 08:00<\/td>\n<td>Miguel Arcanjo Gomes Rocha<\/td>\n<td>3\u00aa &#8211; 10:40<\/td>\n<td><\/td>\n<td><\/td>\n<td>3\u00aa &#8211; 09:50<\/td>\n<\/tr>\n<tr>\n<td>3\u00aa &#8211; 08:00<\/td>\n<td>Paola Alves Marinho<\/td>\n<td>3\u00aa &#8211; 10:40<\/td>\n<td><\/td>\n<td><\/td>\n<td>3\u00aa &#8211; 09:50<\/td>\n<\/tr>\n<tr>\n<td>4\u00aa &#8211; 08:00<\/td>\n<td>Pedro Aloisio<\/td>\n<td><\/td>\n<td><\/td>\n<td>4\u00aa &#8211; 10:40<\/td>\n<td>4\u00aa &#8211; 09:50<\/td>\n<\/tr>\n<tr>\n<td>4\u00aa &#8211; 09:50<\/td>\n<td>Pedro Paulo de Oliveira<\/td>\n<td>4\u00aa &#8211; 08:50<\/td>\n<td><\/td>\n<td><\/td>\n<td>4\u00aa &#8211; 08:00<\/td>\n<\/tr>\n<tr>\n<td>3\u00aa &#8211; 13:30<\/td>\n<td>Pedro Samuel Alves Silva<\/td>\n<td><\/td>\n<td>3\u00aa &#8211; 16:10<\/td>\n<td><\/td>\n<td>3\u00aa &#8211; 15:20<\/td>\n<\/tr>\n<tr>\n<td>4\u00aa &#8211; 09:50<\/td>\n<td>Rafael Neves Cruz Fonseca<\/td>\n<td>4\u00aa &#8211; 08:50<\/td>\n<td><\/td>\n<td><\/td>\n<td>4\u00aa &#8211; 08:00<\/td>\n<\/tr>\n<tr>\n<td>4\u00aa &#8211; 13:30<\/td>\n<td width=\"242\">Rebeca Atissa Brasilero Alves<\/td>\n<td>4\u00aa &#8211; 16:10<\/td>\n<td><\/td>\n<td><\/td>\n<td>4\u00aa &#8211; 15:20<\/td>\n<\/tr>\n<tr>\n<td>4\u00aa &#8211; 08:00<\/td>\n<td>Safira Vit\u00f3ria Luiza Cardoso<\/td>\n<td>4\u00aa &#8211; 10:40<\/td>\n<td><\/td>\n<td><\/td>\n<td>4\u00aa &#8211; 09:50<\/td>\n<\/tr>\n<tr>\n<td>4\u00aa &#8211; 08:00<\/td>\n<td>Samara Gang\u00e1 Barbosa<\/td>\n<td>4\u00aa &#8211; 10:40<\/td>\n<td><\/td>\n<td><\/td>\n<td>4\u00aa &#8211; 09:50<\/td>\n<\/tr>\n<tr>\n<td>4\u00aa &#8211; 15:20<\/td>\n<td>Samira Milagre<\/td>\n<td>4\u00aa &#8211; 14:20<\/td>\n<td><\/td>\n<td><\/td>\n<td>4\u00aa &#8211; 13:30<\/td>\n<\/tr>\n<tr>\n<td>4\u00aa &#8211; 13:30<\/td>\n<td>Stefany Lopes de Paulo<\/td>\n<td>4\u00aa &#8211; 16:10<\/td>\n<td><\/td>\n<td><\/td>\n<td>4\u00aa &#8211; 15:20<\/td>\n<\/tr>\n<tr>\n<td>3\u00aa &#8211; 13:30<\/td>\n<td>Stephanie Alves da Cruz<\/td>\n<td><\/td>\n<td>3\u00aa &#8211; 16:10<\/td>\n<td><\/td>\n<td>3\u00aa &#8211; 15:20<\/td>\n<\/tr>\n<tr>\n<td>4\u00aa &#8211; 15:20<\/td>\n<td>Sther Fernanda Batista Teixeira<\/td>\n<td>4\u00aa &#8211; 13:30<\/td>\n<td><\/td>\n<td><\/td>\n<td>4\u00aa &#8211; 14:20<\/td>\n<\/tr>\n<tr>\n<td>3\u00aa &#8211; 09:50<\/td>\n<td>Taiza Gabrielly Pereira Silva<\/td>\n<td>3\u00aa &#8211; 08:50<\/td>\n<td><\/td>\n<td><\/td>\n<td>3\u00aa &#8211; 08:00<\/td>\n<\/tr>\n<tr>\n<td>4\u00aa &#8211; 08:00<\/td>\n<td>Th\u00e9o Rodrigues Freitas<\/td>\n<td><\/td>\n<td><\/td>\n<td>4\u00aa &#8211; 10:40<\/td>\n<td>4\u00aa &#8211; 09:50<\/td>\n<\/tr>\n<tr>\n<td>4\u00aa &#8211; 08:00<\/td>\n<td>Victor Uemoto<\/td>\n<td><\/td>\n<td><\/td>\n<td>4\u00aa &#8211; 10:40<\/td>\n<td>4\u00aa &#8211; 09:50<\/td>\n<\/tr>\n<tr>\n<td>4\u00aa &#8211; 08:00<\/td>\n<td>Victoria da Silva Couto<\/td>\n<td><\/td>\n<td><\/td>\n<td>4\u00aa &#8211; 10:40<\/td>\n<td>4\u00aa &#8211; 09:50<\/td>\n<\/tr>\n<tr>\n<td>3\u00aa &#8211; 13:30<\/td>\n<td>Vin\u00edcius Siqueira A. Oliveira<\/td>\n<td><\/td>\n<td>3\u00aa &#8211; 15:20<\/td>\n<td><\/td>\n<td>3\u00aa &#8211; 16:10<\/td>\n<\/tr>\n<tr>\n<td>4\u00aa &#8211; 08:00<\/td>\n<td>Vitor Hugo do Nascimento Santos<\/td>\n<td><\/td>\n<td><\/td>\n<td>4\u00aa &#8211; 09:50<\/td>\n<td>4\u00aa &#8211; 10:40<\/td>\n<\/tr>\n<tr>\n<td>3\u00aa &#8211; 08:00<\/td>\n<td>Vitor Siqueira Alvarenga de Oliveira<\/td>\n<td>3\u00aa &#8211; 09:50<\/td>\n<td><\/td>\n<td><\/td>\n<td>3\u00aa &#8211; 10:40<\/td>\n<\/tr>\n<tr>\n<td>3\u00aa &#8211; 09:50<\/td>\n<td>Vit\u00f3ria Gabriela Fernandes Santana<\/td>\n<td>3\u00aa &#8211; 08:50<\/td>\n<td><\/td>\n<td><\/td>\n<td>3\u00aa &#8211; 08:00<\/td>\n<\/tr>\n<tr>\n<td>4\u00aa &#8211; 15:20<\/td>\n<td>Vit\u00f3ria Preisigke Menezes<\/td>\n<td>4\u00aa &#8211; 14:20<\/td>\n<td><\/td>\n<td><\/td>\n<td>4\u00aa &#8211; 13:30<\/td>\n<\/tr>\n<tr>\n<td>4\u00aa &#8211; 09:50<\/td>\n<td>Vit\u00f3ria Sousa Mendes<\/td>\n<td>4\u00aa &#8211; 08:50<\/td>\n<td><\/td>\n<td><\/td>\n<td>4\u00aa &#8211; 08:00<\/td>\n<\/tr>\n<tr>\n<td>4\u00aa &#8211; 15:20<\/td>\n<td>Yara Ribeiro<\/td>\n<td>4\u00aa &#8211; 14:20<\/td>\n<td><\/td>\n<td><\/td>\n<td>4\u00aa &#8211; 13:30<\/td>\n<\/tr>\n<\/tbody>\n<\/table>\n<blockquote class=\"wp-embedded-content\" data-secret=\"lUq9tkD6PL\"><p><a href=\"https:\/\/www.sabra.org.br\/site\/textos-fundamentais\/\">Textos fundamentais<\/a><\/p><\/blockquote>\n<p><iframe class=\"wp-embedded-content\" sandbox=\"allow-scripts\" security=\"restricted\" style=\"position: absolute; visibility: hidden;\" title=\"&#8220;Textos fundamentais&#8221; &#8212; SABRA - Sociedade Art\u00edstica Brasileira\" src=\"https:\/\/www.sabra.org.br\/site\/textos-fundamentais\/embed\/#?secret=6HP46Lbng7#?secret=lUq9tkD6PL\" data-secret=\"lUq9tkD6PL\" width=\"600\" height=\"338\" frameborder=\"0\" marginwidth=\"0\" marginheight=\"0\" scrolling=\"no\"><\/iframe><\/p>\n<hr \/>\n<h2>Se voc\u00ea gostou deste post:<\/h2>\n<p>&#8211; SIGA as nossas p\u00e1ginas nas redes sociais para acompanhar as nossas atualiza\u00e7\u00f5es: estamos no <a href=\"https:\/\/www.facebook.com\/sabrabrasil\" target=\"_blank\" rel=\"noopener\">Facebook<\/a>, no <a href=\"https:\/\/www.instagram.com\/sabrabrasil\/\" target=\"_blank\" rel=\"noopener\">Instagram<\/a>, no <a href=\"https:\/\/www.linkedin.com\/company\/25002088\" target=\"_blank\" rel=\"noopener\">LinkedIn<\/a>, no <a href=\"https:\/\/x.com\/ContatoSabra\" target=\"_blank\" rel=\"noopener\">X<\/a> e no <a href=\"https:\/\/www.youtube.com\/channel\/UCJw-kbuEvzUNdeQf20Pa-eQ\" target=\"_blank\" rel=\"noopener\">YouTube<\/a>!<\/p>\n<p>&#8211; CONHE\u00c7A o trabalho da Sociedade Art\u00edstica Brasileira (SABRA) e todas as iniciativas culturais e sociais que ela mant\u00e9m. <a href=\"https:\/\/www.sabra.org.br\/site\/acoes\/\" target=\"_blank\" rel=\"noopener\">Acesse nosso site!<\/a><\/p>\n<p>&#8211; ENTRE EM CONTATO com a gente. E veja quais s\u00e3o as op\u00e7\u00f5es de ajuda na manuten\u00e7\u00e3o de nossas a\u00e7\u00f5es sociais e culturais. Basta acessar nossa p\u00e1gina <a href=\"https:\/\/www.sabra.org.br\/site\/doe-agora\/\" target=\"_blank\" rel=\"noopener\">Doe Agora!<\/a><\/p>\n<p>&#8211; COMPARTILHE este texto nas suas redes sociais e ajude os seus amigos a tamb\u00e9m dominarem o assunto!<\/p>\n<p>\u2013 Os projetos da @sabrabrasil s\u00e3o realizados com o patroci\u0301nio m\u00e1ster: @institutounimedbh, viabilizado pelo incentivo de mais de 5,7 mil m\u00e9dicos cooperados e colaboradores via Lei de Incentivo \u00e0 Cultura &#8211; @culturagovbr<\/p>\n","protected":false},"excerpt":{"rendered":"<p>Seguem os hor\u00e1rios de aulas dos alunos que far\u00e3o aulas de violino a partir do dia 01 de agosto de 2017. Musicaliza\u00e7\u00e3o Aluno Violino profa.&hellip;<\/p>\n","protected":false},"author":39,"featured_media":546,"comment_status":"open","ping_status":"open","sticky":false,"template":"","format":"standard","meta":{"jetpack_post_was_ever_published":false,"_jetpack_newsletter_access":"","_jetpack_dont_email_post_to_subs":false,"_jetpack_newsletter_tier_id":0,"_jetpack_memberships_contains_paywalled_content":false,"_jetpack_memberships_contains_paid_content":false,"footnotes":""},"categories":[4],"tags":[],"class_list":["post-539","post","type-post","status-publish","format-standard","has-post-thumbnail","hentry","category-noticias"],"yoast_head":"<!-- This site is optimized with the Yoast SEO plugin v27.5 - https:\/\/yoast.com\/product\/yoast-seo-wordpress\/ -->\n<title>Novo hor\u00e1rio de aulas de Violino - Musicaliza\u00e7\u00e3o - SABRA - Sociedade Art\u00edstica Brasileira<\/title>\n<meta name=\"robots\" content=\"index, follow, max-snippet:-1, max-image-preview:large, max-video-preview:-1\" \/>\n<link rel=\"canonical\" href=\"https:\/\/www.sabra.org.br\/site\/novo-horario-de-aulas-de-violino-musicalizacao\/\" \/>\n<meta property=\"og:locale\" content=\"pt_BR\" \/>\n<meta property=\"og:type\" content=\"article\" \/>\n<meta property=\"og:title\" content=\"Novo hor\u00e1rio de aulas de Violino - Musicaliza\u00e7\u00e3o - SABRA - Sociedade Art\u00edstica Brasileira\" \/>\n<meta property=\"og:description\" content=\"Seguem os hor\u00e1rios de aulas dos alunos que far\u00e3o aulas de violino a partir do dia 01 de agosto de 2017. Musicaliza\u00e7\u00e3o Aluno Violino profa.&hellip;\" \/>\n<meta property=\"og:url\" content=\"https:\/\/www.sabra.org.br\/site\/novo-horario-de-aulas-de-violino-musicalizacao\/\" \/>\n<meta property=\"og:site_name\" content=\"SABRA - Sociedade Art\u00edstica Brasileira\" \/>\n<meta property=\"article:publisher\" content=\"https:\/\/www.facebook.com\/sabrabrasil\" \/>\n<meta property=\"article:published_time\" content=\"2017-08-01T18:02:33+00:00\" \/>\n<meta property=\"article:modified_time\" content=\"2025-04-20T22:11:21+00:00\" \/>\n<meta property=\"og:image\" content=\"https:\/\/www.sabra.org.br\/site\/wp-content\/uploads\/2017\/08\/images.jpg\" \/>\n\t<meta property=\"og:image:width\" content=\"242\" \/>\n\t<meta property=\"og:image:height\" content=\"160\" \/>\n\t<meta property=\"og:image:type\" content=\"image\/jpeg\" \/>\n<meta name=\"author\" content=\"M\u00e1rcio Miranda Pontes\" \/>\n<meta name=\"twitter:card\" content=\"summary_large_image\" \/>\n<meta name=\"twitter:creator\" content=\"@ContatoSabra\" \/>\n<meta name=\"twitter:site\" content=\"@ContatoSabra\" \/>\n<meta name=\"twitter:label1\" content=\"Escrito por\" \/>\n\t<meta name=\"twitter:data1\" content=\"M\u00e1rcio Miranda Pontes\" \/>\n\t<meta name=\"twitter:label2\" content=\"Est. tempo de leitura\" \/>\n\t<meta name=\"twitter:data2\" content=\"7 minutos\" \/>\n<script type=\"application\/ld+json\" class=\"yoast-schema-graph\">{\"@context\":\"https:\\\/\\\/schema.org\",\"@graph\":[{\"@type\":\"Article\",\"@id\":\"https:\\\/\\\/www.sabra.org.br\\\/site\\\/novo-horario-de-aulas-de-violino-musicalizacao\\\/#article\",\"isPartOf\":{\"@id\":\"https:\\\/\\\/www.sabra.org.br\\\/site\\\/novo-horario-de-aulas-de-violino-musicalizacao\\\/\"},\"author\":{\"name\":\"M\u00e1rcio Miranda Pontes\",\"@id\":\"https:\\\/\\\/www.sabra.org.br\\\/site\\\/#\\\/schema\\\/person\\\/7d1d222c3c8891d4c37c7b41bf6315c2\"},\"headline\":\"Novo hor\u00e1rio de aulas de Violino &#8211; Musicaliza\u00e7\u00e3o\",\"datePublished\":\"2017-08-01T18:02:33+00:00\",\"dateModified\":\"2025-04-20T22:11:21+00:00\",\"mainEntityOfPage\":{\"@id\":\"https:\\\/\\\/www.sabra.org.br\\\/site\\\/novo-horario-de-aulas-de-violino-musicalizacao\\\/\"},\"wordCount\":888,\"commentCount\":1,\"publisher\":{\"@id\":\"https:\\\/\\\/www.sabra.org.br\\\/site\\\/#organization\"},\"image\":{\"@id\":\"https:\\\/\\\/www.sabra.org.br\\\/site\\\/novo-horario-de-aulas-de-violino-musicalizacao\\\/#primaryimage\"},\"thumbnailUrl\":\"https:\\\/\\\/www.sabra.org.br\\\/site\\\/wp-content\\\/uploads\\\/2017\\\/08\\\/images.jpg\",\"articleSection\":[\"Not\u00edcias\"],\"inLanguage\":\"pt-BR\",\"potentialAction\":[{\"@type\":\"CommentAction\",\"name\":\"Comment\",\"target\":[\"https:\\\/\\\/www.sabra.org.br\\\/site\\\/novo-horario-de-aulas-de-violino-musicalizacao\\\/#respond\"]}]},{\"@type\":\"WebPage\",\"@id\":\"https:\\\/\\\/www.sabra.org.br\\\/site\\\/novo-horario-de-aulas-de-violino-musicalizacao\\\/\",\"url\":\"https:\\\/\\\/www.sabra.org.br\\\/site\\\/novo-horario-de-aulas-de-violino-musicalizacao\\\/\",\"name\":\"Novo hor\u00e1rio de aulas de Violino - Musicaliza\u00e7\u00e3o - SABRA - Sociedade Art\u00edstica Brasileira\",\"isPartOf\":{\"@id\":\"https:\\\/\\\/www.sabra.org.br\\\/site\\\/#website\"},\"primaryImageOfPage\":{\"@id\":\"https:\\\/\\\/www.sabra.org.br\\\/site\\\/novo-horario-de-aulas-de-violino-musicalizacao\\\/#primaryimage\"},\"image\":{\"@id\":\"https:\\\/\\\/www.sabra.org.br\\\/site\\\/novo-horario-de-aulas-de-violino-musicalizacao\\\/#primaryimage\"},\"thumbnailUrl\":\"https:\\\/\\\/www.sabra.org.br\\\/site\\\/wp-content\\\/uploads\\\/2017\\\/08\\\/images.jpg\",\"datePublished\":\"2017-08-01T18:02:33+00:00\",\"dateModified\":\"2025-04-20T22:11:21+00:00\",\"breadcrumb\":{\"@id\":\"https:\\\/\\\/www.sabra.org.br\\\/site\\\/novo-horario-de-aulas-de-violino-musicalizacao\\\/#breadcrumb\"},\"inLanguage\":\"pt-BR\",\"potentialAction\":[{\"@type\":\"ReadAction\",\"target\":[\"https:\\\/\\\/www.sabra.org.br\\\/site\\\/novo-horario-de-aulas-de-violino-musicalizacao\\\/\"]}]},{\"@type\":\"ImageObject\",\"inLanguage\":\"pt-BR\",\"@id\":\"https:\\\/\\\/www.sabra.org.br\\\/site\\\/novo-horario-de-aulas-de-violino-musicalizacao\\\/#primaryimage\",\"url\":\"https:\\\/\\\/www.sabra.org.br\\\/site\\\/wp-content\\\/uploads\\\/2017\\\/08\\\/images.jpg\",\"contentUrl\":\"https:\\\/\\\/www.sabra.org.br\\\/site\\\/wp-content\\\/uploads\\\/2017\\\/08\\\/images.jpg\",\"width\":242,\"height\":160},{\"@type\":\"BreadcrumbList\",\"@id\":\"https:\\\/\\\/www.sabra.org.br\\\/site\\\/novo-horario-de-aulas-de-violino-musicalizacao\\\/#breadcrumb\",\"itemListElement\":[{\"@type\":\"ListItem\",\"position\":1,\"name\":\"In\u00edcio\",\"item\":\"https:\\\/\\\/www.sabra.org.br\\\/site\\\/\"},{\"@type\":\"ListItem\",\"position\":2,\"name\":\"Novo hor\u00e1rio de aulas de Violino &#8211; Musicaliza\u00e7\u00e3o\"}]},{\"@type\":\"WebSite\",\"@id\":\"https:\\\/\\\/www.sabra.org.br\\\/site\\\/#website\",\"url\":\"https:\\\/\\\/www.sabra.org.br\\\/site\\\/\",\"name\":\"SABRA - Sociedade Art\u00edstica Brasileira\",\"description\":\"Escola de M\u00fasica, Orquestra Sinf\u00f4nica, Coral e Patrim\u00f4nio Cultural e Hist\u00f3rico\",\"publisher\":{\"@id\":\"https:\\\/\\\/www.sabra.org.br\\\/site\\\/#organization\"},\"potentialAction\":[{\"@type\":\"SearchAction\",\"target\":{\"@type\":\"EntryPoint\",\"urlTemplate\":\"https:\\\/\\\/www.sabra.org.br\\\/site\\\/?s={search_term_string}\"},\"query-input\":{\"@type\":\"PropertyValueSpecification\",\"valueRequired\":true,\"valueName\":\"search_term_string\"}}],\"inLanguage\":\"pt-BR\"},{\"@type\":\"Organization\",\"@id\":\"https:\\\/\\\/www.sabra.org.br\\\/site\\\/#organization\",\"name\":\"SOCIEDADE ART\u00cdSTICA BRASILEIRA SABRA\",\"alternateName\":\"SABRA\",\"url\":\"https:\\\/\\\/www.sabra.org.br\\\/site\\\/\",\"logo\":{\"@type\":\"ImageObject\",\"inLanguage\":\"pt-BR\",\"@id\":\"https:\\\/\\\/www.sabra.org.br\\\/site\\\/#\\\/schema\\\/logo\\\/image\\\/\",\"url\":\"https:\\\/\\\/www.sabra.org.br\\\/site\\\/wp-content\\\/uploads\\\/2019\\\/06\\\/cropped-Logo_SABRA-Copia-1.webp\",\"contentUrl\":\"https:\\\/\\\/www.sabra.org.br\\\/site\\\/wp-content\\\/uploads\\\/2019\\\/06\\\/cropped-Logo_SABRA-Copia-1.webp\",\"width\":400,\"height\":128,\"caption\":\"SOCIEDADE ART\u00cdSTICA BRASILEIRA SABRA\"},\"image\":{\"@id\":\"https:\\\/\\\/www.sabra.org.br\\\/site\\\/#\\\/schema\\\/logo\\\/image\\\/\"},\"sameAs\":[\"https:\\\/\\\/www.facebook.com\\\/sabrabrasil\",\"https:\\\/\\\/x.com\\\/ContatoSabra\",\"https:\\\/\\\/www.instagram.com\\\/sabrabrasil\\\/\",\"https:\\\/\\\/www.linkedin.com\\\/company\\\/25002088\\\/\",\"https:\\\/\\\/br.pinterest.com\\\/sociedadeartisticabrasileira\\\/\",\"https:\\\/\\\/www.youtube.com\\\/c\\\/sabrabrasil\"]},{\"@type\":\"Person\",\"@id\":\"https:\\\/\\\/www.sabra.org.br\\\/site\\\/#\\\/schema\\\/person\\\/7d1d222c3c8891d4c37c7b41bf6315c2\",\"name\":\"M\u00e1rcio Miranda Pontes\",\"image\":{\"@type\":\"ImageObject\",\"inLanguage\":\"pt-BR\",\"@id\":\"https:\\\/\\\/secure.gravatar.com\\\/avatar\\\/3b45f24496a7625a3a6c436688fbe20344faaeb2979658dc4a9921f984d7df9a?s=96&d=mm&r=g\",\"url\":\"https:\\\/\\\/secure.gravatar.com\\\/avatar\\\/3b45f24496a7625a3a6c436688fbe20344faaeb2979658dc4a9921f984d7df9a?s=96&d=mm&r=g\",\"contentUrl\":\"https:\\\/\\\/secure.gravatar.com\\\/avatar\\\/3b45f24496a7625a3a6c436688fbe20344faaeb2979658dc4a9921f984d7df9a?s=96&d=mm&r=g\",\"caption\":\"M\u00e1rcio Miranda Pontes\"},\"sameAs\":[\"http:\\\/\\\/www.sabra.org.br\"],\"url\":\"https:\\\/\\\/www.sabra.org.br\\\/site\\\/author\\\/marcio-miranda-pontes\\\/\"}]}<\/script>\n<!-- \/ Yoast SEO plugin. -->","yoast_head_json":{"title":"Novo hor\u00e1rio de aulas de Violino - Musicaliza\u00e7\u00e3o - SABRA - Sociedade Art\u00edstica Brasileira","robots":{"index":"index","follow":"follow","max-snippet":"max-snippet:-1","max-image-preview":"max-image-preview:large","max-video-preview":"max-video-preview:-1"},"canonical":"https:\/\/www.sabra.org.br\/site\/novo-horario-de-aulas-de-violino-musicalizacao\/","og_locale":"pt_BR","og_type":"article","og_title":"Novo hor\u00e1rio de aulas de Violino - Musicaliza\u00e7\u00e3o - SABRA - Sociedade Art\u00edstica Brasileira","og_description":"Seguem os hor\u00e1rios de aulas dos alunos que far\u00e3o aulas de violino a partir do dia 01 de agosto de 2017. Musicaliza\u00e7\u00e3o Aluno Violino profa.&hellip;","og_url":"https:\/\/www.sabra.org.br\/site\/novo-horario-de-aulas-de-violino-musicalizacao\/","og_site_name":"SABRA - Sociedade Art\u00edstica Brasileira","article_publisher":"https:\/\/www.facebook.com\/sabrabrasil","article_published_time":"2017-08-01T18:02:33+00:00","article_modified_time":"2025-04-20T22:11:21+00:00","og_image":[{"width":242,"height":160,"url":"https:\/\/www.sabra.org.br\/site\/wp-content\/uploads\/2017\/08\/images.jpg","type":"image\/jpeg"}],"author":"M\u00e1rcio Miranda Pontes","twitter_card":"summary_large_image","twitter_creator":"@ContatoSabra","twitter_site":"@ContatoSabra","twitter_misc":{"Escrito por":"M\u00e1rcio Miranda Pontes","Est. tempo de leitura":"7 minutos"},"schema":{"@context":"https:\/\/schema.org","@graph":[{"@type":"Article","@id":"https:\/\/www.sabra.org.br\/site\/novo-horario-de-aulas-de-violino-musicalizacao\/#article","isPartOf":{"@id":"https:\/\/www.sabra.org.br\/site\/novo-horario-de-aulas-de-violino-musicalizacao\/"},"author":{"name":"M\u00e1rcio Miranda Pontes","@id":"https:\/\/www.sabra.org.br\/site\/#\/schema\/person\/7d1d222c3c8891d4c37c7b41bf6315c2"},"headline":"Novo hor\u00e1rio de aulas de Violino &#8211; Musicaliza\u00e7\u00e3o","datePublished":"2017-08-01T18:02:33+00:00","dateModified":"2025-04-20T22:11:21+00:00","mainEntityOfPage":{"@id":"https:\/\/www.sabra.org.br\/site\/novo-horario-de-aulas-de-violino-musicalizacao\/"},"wordCount":888,"commentCount":1,"publisher":{"@id":"https:\/\/www.sabra.org.br\/site\/#organization"},"image":{"@id":"https:\/\/www.sabra.org.br\/site\/novo-horario-de-aulas-de-violino-musicalizacao\/#primaryimage"},"thumbnailUrl":"https:\/\/www.sabra.org.br\/site\/wp-content\/uploads\/2017\/08\/images.jpg","articleSection":["Not\u00edcias"],"inLanguage":"pt-BR","potentialAction":[{"@type":"CommentAction","name":"Comment","target":["https:\/\/www.sabra.org.br\/site\/novo-horario-de-aulas-de-violino-musicalizacao\/#respond"]}]},{"@type":"WebPage","@id":"https:\/\/www.sabra.org.br\/site\/novo-horario-de-aulas-de-violino-musicalizacao\/","url":"https:\/\/www.sabra.org.br\/site\/novo-horario-de-aulas-de-violino-musicalizacao\/","name":"Novo hor\u00e1rio de aulas de Violino - Musicaliza\u00e7\u00e3o - SABRA - Sociedade Art\u00edstica Brasileira","isPartOf":{"@id":"https:\/\/www.sabra.org.br\/site\/#website"},"primaryImageOfPage":{"@id":"https:\/\/www.sabra.org.br\/site\/novo-horario-de-aulas-de-violino-musicalizacao\/#primaryimage"},"image":{"@id":"https:\/\/www.sabra.org.br\/site\/novo-horario-de-aulas-de-violino-musicalizacao\/#primaryimage"},"thumbnailUrl":"https:\/\/www.sabra.org.br\/site\/wp-content\/uploads\/2017\/08\/images.jpg","datePublished":"2017-08-01T18:02:33+00:00","dateModified":"2025-04-20T22:11:21+00:00","breadcrumb":{"@id":"https:\/\/www.sabra.org.br\/site\/novo-horario-de-aulas-de-violino-musicalizacao\/#breadcrumb"},"inLanguage":"pt-BR","potentialAction":[{"@type":"ReadAction","target":["https:\/\/www.sabra.org.br\/site\/novo-horario-de-aulas-de-violino-musicalizacao\/"]}]},{"@type":"ImageObject","inLanguage":"pt-BR","@id":"https:\/\/www.sabra.org.br\/site\/novo-horario-de-aulas-de-violino-musicalizacao\/#primaryimage","url":"https:\/\/www.sabra.org.br\/site\/wp-content\/uploads\/2017\/08\/images.jpg","contentUrl":"https:\/\/www.sabra.org.br\/site\/wp-content\/uploads\/2017\/08\/images.jpg","width":242,"height":160},{"@type":"BreadcrumbList","@id":"https:\/\/www.sabra.org.br\/site\/novo-horario-de-aulas-de-violino-musicalizacao\/#breadcrumb","itemListElement":[{"@type":"ListItem","position":1,"name":"In\u00edcio","item":"https:\/\/www.sabra.org.br\/site\/"},{"@type":"ListItem","position":2,"name":"Novo hor\u00e1rio de aulas de Violino &#8211; Musicaliza\u00e7\u00e3o"}]},{"@type":"WebSite","@id":"https:\/\/www.sabra.org.br\/site\/#website","url":"https:\/\/www.sabra.org.br\/site\/","name":"SABRA - Sociedade Art\u00edstica Brasileira","description":"Escola de M\u00fasica, Orquestra Sinf\u00f4nica, Coral e Patrim\u00f4nio Cultural e Hist\u00f3rico","publisher":{"@id":"https:\/\/www.sabra.org.br\/site\/#organization"},"potentialAction":[{"@type":"SearchAction","target":{"@type":"EntryPoint","urlTemplate":"https:\/\/www.sabra.org.br\/site\/?s={search_term_string}"},"query-input":{"@type":"PropertyValueSpecification","valueRequired":true,"valueName":"search_term_string"}}],"inLanguage":"pt-BR"},{"@type":"Organization","@id":"https:\/\/www.sabra.org.br\/site\/#organization","name":"SOCIEDADE ART\u00cdSTICA BRASILEIRA SABRA","alternateName":"SABRA","url":"https:\/\/www.sabra.org.br\/site\/","logo":{"@type":"ImageObject","inLanguage":"pt-BR","@id":"https:\/\/www.sabra.org.br\/site\/#\/schema\/logo\/image\/","url":"https:\/\/www.sabra.org.br\/site\/wp-content\/uploads\/2019\/06\/cropped-Logo_SABRA-Copia-1.webp","contentUrl":"https:\/\/www.sabra.org.br\/site\/wp-content\/uploads\/2019\/06\/cropped-Logo_SABRA-Copia-1.webp","width":400,"height":128,"caption":"SOCIEDADE ART\u00cdSTICA BRASILEIRA SABRA"},"image":{"@id":"https:\/\/www.sabra.org.br\/site\/#\/schema\/logo\/image\/"},"sameAs":["https:\/\/www.facebook.com\/sabrabrasil","https:\/\/x.com\/ContatoSabra","https:\/\/www.instagram.com\/sabrabrasil\/","https:\/\/www.linkedin.com\/company\/25002088\/","https:\/\/br.pinterest.com\/sociedadeartisticabrasileira\/","https:\/\/www.youtube.com\/c\/sabrabrasil"]},{"@type":"Person","@id":"https:\/\/www.sabra.org.br\/site\/#\/schema\/person\/7d1d222c3c8891d4c37c7b41bf6315c2","name":"M\u00e1rcio Miranda Pontes","image":{"@type":"ImageObject","inLanguage":"pt-BR","@id":"https:\/\/secure.gravatar.com\/avatar\/3b45f24496a7625a3a6c436688fbe20344faaeb2979658dc4a9921f984d7df9a?s=96&d=mm&r=g","url":"https:\/\/secure.gravatar.com\/avatar\/3b45f24496a7625a3a6c436688fbe20344faaeb2979658dc4a9921f984d7df9a?s=96&d=mm&r=g","contentUrl":"https:\/\/secure.gravatar.com\/avatar\/3b45f24496a7625a3a6c436688fbe20344faaeb2979658dc4a9921f984d7df9a?s=96&d=mm&r=g","caption":"M\u00e1rcio Miranda Pontes"},"sameAs":["http:\/\/www.sabra.org.br"],"url":"https:\/\/www.sabra.org.br\/site\/author\/marcio-miranda-pontes\/"}]}},"jetpack_featured_media_url":"https:\/\/www.sabra.org.br\/site\/wp-content\/uploads\/2017\/08\/images.jpg","jetpack_shortlink":"https:\/\/wp.me\/p95j2Z-8H","jetpack-related-posts":[{"id":3860,"url":"https:\/\/www.sabra.org.br\/site\/posicao-violino\/","url_meta":{"origin":539,"position":0},"title":"Saiba quais s\u00e3o as notas e posi\u00e7\u00f5es do violino","author":"M\u00e1rcio Miranda Pontes","date":"6 de maio de 2021","format":false,"excerpt":"Saiba quais s\u00e3o as notas e posi\u00e7\u00f5es do violino O violino \u00e9 um dos instrumentos mais famosos do universo da m\u00fasica. No entanto, toc\u00e1-lo n\u00e3o \u00e9 t\u00e3o simples quanto parece, sendo necess\u00e1rio entender, para isso, suas notas e posi\u00e7\u00f5es. Voc\u00ea quer descobrir mais sobre o assunto? Ent\u00e3o, basta ler o\u2026","rel":"","context":"Em &quot;Blog SABRA&quot;","block_context":{"text":"Blog SABRA","link":"https:\/\/www.sabra.org.br\/site\/category\/blog-sabra\/"},"img":{"alt_text":"posi\u00e7\u00f5es-violino-posi\u00e7\u00e3o-nota-dedo","src":"https:\/\/i0.wp.com\/www.sabra.org.br\/site\/wp-content\/uploads\/2021\/05\/saiba-quais-sao-as-notas-e-posicoes-do-violino-20210203092956.jpg.jpg?resize=350%2C200&ssl=1","width":350,"height":200,"srcset":"https:\/\/i0.wp.com\/www.sabra.org.br\/site\/wp-content\/uploads\/2021\/05\/saiba-quais-sao-as-notas-e-posicoes-do-violino-20210203092956.jpg.jpg?resize=350%2C200&ssl=1 1x, https:\/\/i0.wp.com\/www.sabra.org.br\/site\/wp-content\/uploads\/2021\/05\/saiba-quais-sao-as-notas-e-posicoes-do-violino-20210203092956.jpg.jpg?resize=525%2C300&ssl=1 1.5x, https:\/\/i0.wp.com\/www.sabra.org.br\/site\/wp-content\/uploads\/2021\/05\/saiba-quais-sao-as-notas-e-posicoes-do-violino-20210203092956.jpg.jpg?resize=700%2C400&ssl=1 2x"},"classes":[]},{"id":4765,"url":"https:\/\/www.sabra.org.br\/site\/enturmacao-2022\/","url_meta":{"origin":539,"position":1},"title":"Enturma\u00e7\u00e3o 2022 &#8211; veteranos","author":"M\u00e1rcio Miranda Pontes","date":"28 de fevereiro de 2022","format":false,"excerpt":"Enturma\u00e7\u00e3o de alunos veteranos da Escola de M\u00fasica SABRA para o ano letivo de 2022.","rel":"","context":"Em &quot;Not\u00edcias&quot;","block_context":{"text":"Not\u00edcias","link":"https:\/\/www.sabra.org.br\/site\/category\/noticias\/"},"img":{"alt_text":"Aprender M\u00fasica-veterano-2022","src":"https:\/\/i0.wp.com\/www.sabra.org.br\/site\/wp-content\/uploads\/2019\/04\/x-motivos-para-voce-aprender-musica-ou-algum-instrumento-20180918131645.jpg.jpg?resize=350%2C200&ssl=1","width":350,"height":200,"srcset":"https:\/\/i0.wp.com\/www.sabra.org.br\/site\/wp-content\/uploads\/2019\/04\/x-motivos-para-voce-aprender-musica-ou-algum-instrumento-20180918131645.jpg.jpg?resize=350%2C200&ssl=1 1x, https:\/\/i0.wp.com\/www.sabra.org.br\/site\/wp-content\/uploads\/2019\/04\/x-motivos-para-voce-aprender-musica-ou-algum-instrumento-20180918131645.jpg.jpg?resize=525%2C300&ssl=1 1.5x, https:\/\/i0.wp.com\/www.sabra.org.br\/site\/wp-content\/uploads\/2019\/04\/x-motivos-para-voce-aprender-musica-ou-algum-instrumento-20180918131645.jpg.jpg?resize=700%2C400&ssl=1 2x"},"classes":[]},{"id":1823,"url":"https:\/\/www.sabra.org.br\/site\/oficina-musical-sabra-2019\/","url_meta":{"origin":539,"position":2},"title":"Oficina Musical SABRA 2019","author":"M\u00e1rcio Miranda Pontes","date":"17 de mar\u00e7o de 2019","format":false,"excerpt":"Rela\u00e7\u00e3o alfab\u00e9tica dos alunos matriculados na Oficina Musical SABRA para o primeiro semestre de 2019. In\u00edcio das aulas no dia 18\/03\/2019. Em caso de d\u00favidas e necessidade de esclarecimentos fa\u00e7a contato conosco: Telefone: 3531-3589 Whatsapp: 98433-9561 E-mail: secretaria@sabra.org.br Ou presencialmente: Rua Prefeito Silvio Lobo, 171 - Angola - Betim -\u2026","rel":"","context":"Em &quot;Not\u00edcias&quot;","block_context":{"text":"Not\u00edcias","link":"https:\/\/www.sabra.org.br\/site\/category\/noticias\/"},"img":{"alt_text":"filhos-m\u00fasica-pais-instrumentos-aprender-aulas-canto-casa-crian\u00e7as-interesse","src":"https:\/\/i0.wp.com\/www.sabra.org.br\/site\/wp-content\/uploads\/2017\/09\/crian%C3%A7a_Educa%C3%A7%C3%A3o_Musical.jpg?resize=350%2C200&ssl=1","width":350,"height":200,"srcset":"https:\/\/i0.wp.com\/www.sabra.org.br\/site\/wp-content\/uploads\/2017\/09\/crian%C3%A7a_Educa%C3%A7%C3%A3o_Musical.jpg?resize=350%2C200&ssl=1 1x, https:\/\/i0.wp.com\/www.sabra.org.br\/site\/wp-content\/uploads\/2017\/09\/crian%C3%A7a_Educa%C3%A7%C3%A3o_Musical.jpg?resize=525%2C300&ssl=1 1.5x, https:\/\/i0.wp.com\/www.sabra.org.br\/site\/wp-content\/uploads\/2017\/09\/crian%C3%A7a_Educa%C3%A7%C3%A3o_Musical.jpg?resize=700%2C400&ssl=1 2x"},"classes":[]},{"id":1249,"url":"https:\/\/www.sabra.org.br\/site\/aprovados-para-o-curso-orquestra-sinfonica-de-betim-2018\/","url_meta":{"origin":539,"position":3},"title":"Aprovados para o Curso &#8220;Orquestra Sinf\u00f4nica de Betim&#8221; 2018","author":"M\u00e1rcio Miranda Pontes","date":"27 de mar\u00e7o de 2018","format":false,"excerpt":"A SOCIEDADE ART\u00cdSTICA BRASILEIRA \u2013 SABRA, parabeniza todos os 135 candidatos participantes no processo seletivo para as vagas no curso da Orquestra Sinf\u00f4nica de Betim e publica, como previsto no Edital de Sele\u00e7\u00e3o, a lista dos aprovados para o ano de 2018. A banca avaliadora foi composta por M\u00e1rcio Miranda\u2026","rel":"","context":"Em &quot;Not\u00edcias&quot;","block_context":{"text":"Not\u00edcias","link":"https:\/\/www.sabra.org.br\/site\/category\/noticias\/"},"img":{"alt_text":"","src":"","width":0,"height":0},"classes":[]},{"id":4409,"url":"https:\/\/www.sabra.org.br\/site\/musicalizacao-2\/","url_meta":{"origin":539,"position":4},"title":"Audi\u00e7\u00e3o de alunos de Musicaliza\u00e7\u00e3o","author":"M\u00e1rcio Miranda Pontes","date":"3 de dezembro de 2021","format":false,"excerpt":"[vc_row][vc_column][vc_column_text] Escola de M\u00fasica SABRA Alunos de violino da Professora Janete Rocha - 2021 V\u00eddeos gravados remotamente pelos alunos e editados pela professora. M\u00fasica: 2 por 10 Ana J\u00falia Carvalhho, Davi Israel da Silva, Nina Carvalho e Rafael Beni M\u00fasica: Pot Pourri - 9\u00aa sinfonia e Jingle Bells Arthur Aquino,\u2026","rel":"","context":"Em &quot;Not\u00edcias&quot;","block_context":{"text":"Not\u00edcias","link":"https:\/\/www.sabra.org.br\/site\/category\/noticias\/"},"img":{"alt_text":"Escola-musica-sabra-audicao","src":"https:\/\/i0.wp.com\/www.sabra.org.br\/site\/wp-content\/uploads\/2021\/12\/Orquestra-Infanto-Juvenil2.jpg?resize=350%2C200&ssl=1","width":350,"height":200,"srcset":"https:\/\/i0.wp.com\/www.sabra.org.br\/site\/wp-content\/uploads\/2021\/12\/Orquestra-Infanto-Juvenil2.jpg?resize=350%2C200&ssl=1 1x, https:\/\/i0.wp.com\/www.sabra.org.br\/site\/wp-content\/uploads\/2021\/12\/Orquestra-Infanto-Juvenil2.jpg?resize=525%2C300&ssl=1 1.5x, https:\/\/i0.wp.com\/www.sabra.org.br\/site\/wp-content\/uploads\/2021\/12\/Orquestra-Infanto-Juvenil2.jpg?resize=700%2C400&ssl=1 2x, https:\/\/i0.wp.com\/www.sabra.org.br\/site\/wp-content\/uploads\/2021\/12\/Orquestra-Infanto-Juvenil2.jpg?resize=1050%2C600&ssl=1 3x, https:\/\/i0.wp.com\/www.sabra.org.br\/site\/wp-content\/uploads\/2021\/12\/Orquestra-Infanto-Juvenil2.jpg?resize=1400%2C800&ssl=1 4x"},"classes":[]},{"id":15248,"url":"https:\/\/www.sabra.org.br\/site\/exercicios-de-teoria-musical-intervalos\/","url_meta":{"origin":539,"position":5},"title":"Intervalos","author":"M\u00e1rcio Miranda Pontes","date":"14 de mar\u00e7o de 2026","format":false,"excerpt":"Identifique o intervalo entre as notas. Sendo: A = aumentadoM = maiorm = menorP = justod = diminuto Intervalo musical \u00e9 a dist\u00e2ncia de altura (frequ\u00eancia) entre duas notas, podendo ser mel\u00f3dico (sucessivo) ou harm\u00f4nico (simult\u00e2neo), ascendente ou descendente. Eles s\u00e3o classificados por n\u00fameros (segunda, ter\u00e7a, etc.) baseados na escala\u2026","rel":"","context":"Em &quot;Blog SABRA&quot;","block_context":{"text":"Blog SABRA","link":"https:\/\/www.sabra.org.br\/site\/category\/blog-sabra\/"},"img":{"alt_text":"","src":"","width":0,"height":0},"classes":[]}],"jetpack_likes_enabled":true,"jetpack_sharing_enabled":true,"_links":{"self":[{"href":"https:\/\/www.sabra.org.br\/site\/wp-json\/wp\/v2\/posts\/539","targetHints":{"allow":["GET"]}}],"collection":[{"href":"https:\/\/www.sabra.org.br\/site\/wp-json\/wp\/v2\/posts"}],"about":[{"href":"https:\/\/www.sabra.org.br\/site\/wp-json\/wp\/v2\/types\/post"}],"author":[{"embeddable":true,"href":"https:\/\/www.sabra.org.br\/site\/wp-json\/wp\/v2\/users\/39"}],"replies":[{"embeddable":true,"href":"https:\/\/www.sabra.org.br\/site\/wp-json\/wp\/v2\/comments?post=539"}],"version-history":[{"count":0,"href":"https:\/\/www.sabra.org.br\/site\/wp-json\/wp\/v2\/posts\/539\/revisions"}],"wp:featuredmedia":[{"embeddable":true,"href":"https:\/\/www.sabra.org.br\/site\/wp-json\/wp\/v2\/media\/546"}],"wp:attachment":[{"href":"https:\/\/www.sabra.org.br\/site\/wp-json\/wp\/v2\/media?parent=539"}],"wp:term":[{"taxonomy":"category","embeddable":true,"href":"https:\/\/www.sabra.org.br\/site\/wp-json\/wp\/v2\/categories?post=539"},{"taxonomy":"post_tag","embeddable":true,"href":"https:\/\/www.sabra.org.br\/site\/wp-json\/wp\/v2\/tags?post=539"}],"curies":[{"name":"wp","href":"https:\/\/api.w.org\/{rel}","templated":true}]}}