{"id":548,"date":"2017-08-18T10:52:53","date_gmt":"2017-08-18T13:52:53","guid":{"rendered":"http:\/\/www.sabra.org.br\/site\/?p=548"},"modified":"2025-04-20T19:11:22","modified_gmt":"2025-04-20T22:11:22","slug":"sexta-sinfonica","status":"publish","type":"post","link":"https:\/\/www.sabra.org.br\/site\/sexta-sinfonica\/","title":{"rendered":"Sexta Sinf\u00f4nica"},"content":{"rendered":"<p>Minist\u00e9rio da Cultura, Instituto Unimed-BH, Prefeitura de Betim e Funarbe Betim apresentam:<br \/>\nSEXTA SINF\u00d4NICA &#8211; Entrada franca<br \/>\nOrquestra Sinf\u00f4nica de Betim com a participa\u00e7\u00e3o especial da trompista Isabelle Menegasse. No programa R. Strauss, G. Verdi, compositores nortea americanos e brasileiros.<br \/>\nReg\u00eancia: Marcio Miranda Pontes<br \/>\n25 de agosto, a partir das 19 horas<br \/>\nLocal: Casa da Cultura Josephina Bento.<br \/>\nInforma\u00e7\u00f5es: (31) 3532.2530<br \/>\n<a class=\"_58cn\" href=\"https:\/\/www.facebook.com\/hashtag\/sinf%C3%B4nicabetim?source=feed_text&amp;story_id=1818259058186094\" data-ft=\"{&quot;tn&quot;:&quot;*N&quot;,&quot;type&quot;:104}\"><span class=\"_5afx\"><span class=\"_58cl _5afz\">#<\/span><span class=\"_58cm\">Sinf\u00f4nicaBetim<\/span><\/span><\/a>\u00a0<a class=\"_58cn\" href=\"https:\/\/www.facebook.com\/hashtag\/sabra?source=feed_text&amp;story_id=1818259058186094\" data-ft=\"{&quot;tn&quot;:&quot;*N&quot;,&quot;type&quot;:104}\"><span class=\"_5afx\"><span class=\"_58cl _5afz\">#<\/span><span class=\"_58cm\">SABRA<\/span><\/span><\/a>\u00a0<a href=\"https:\/\/l.facebook.com\/l.php?u=http%3A%2F%2Fwww.sabra.org.br%2F&amp;h=ATPaOIbm9fx7yp4a75PfVsTtNKTnEMq0P8dtB0SkGGRjo2eXL-K-IpTgptX-wtoZz6IwlHq24HpHJVCHLNUCbNPLgp1UL6UBre1i6ZklhsIQNevRYLZwUACU6CIxzC1r-mvTIRVuKNf2DM3BjNPFIY4&amp;enc=AZPI2f0gPdgVS4rjFveRMNvGGzuM5fX5MHsuwJRL9X8Y7oaZF0As59CniVPdriX5pH5OTPLZY1KWOx6j0RKFnG6B75IBoVztJq-8pKZp81FxEvM-zgLU1_kPgy7KdIi6pPlGsgSgENqxnuBdhDWyp9sZkwj4EVcQeVrOYeKkMF9_Kglc8KU5FFtKALQBpxUze9KNKnRN41Er1yYbDhvWCCmo&amp;s=1\" target=\"_blank\" rel=\"nofollow noopener\" data-ft=\"{&quot;tn&quot;:&quot;-U&quot;}\">www.sabra.org.br<\/a><\/p>\n<blockquote class=\"wp-embedded-content\" data-secret=\"eOl53xAK3u\"><p><a href=\"https:\/\/www.sabra.org.br\/site\/textos-fundamentais\/\">Textos fundamentais<\/a><\/p><\/blockquote>\n<p><iframe class=\"wp-embedded-content\" sandbox=\"allow-scripts\" security=\"restricted\" style=\"position: absolute; visibility: hidden;\" title=\"&#8220;Textos fundamentais&#8221; &#8212; SABRA - Sociedade Art\u00edstica Brasileira\" src=\"https:\/\/www.sabra.org.br\/site\/textos-fundamentais\/embed\/#?secret=ORuuFI4x2O#?secret=eOl53xAK3u\" data-secret=\"eOl53xAK3u\" width=\"600\" height=\"338\" frameborder=\"0\" marginwidth=\"0\" marginheight=\"0\" scrolling=\"no\"><\/iframe><\/p>\n<p>&nbsp;<\/p>\n<hr \/>\n<h2>Se voc\u00ea gostou deste post:<\/h2>\n<p>&#8211; SIGA as nossas p\u00e1ginas nas redes sociais para acompanhar as nossas atualiza\u00e7\u00f5es: estamos no <a href=\"https:\/\/www.facebook.com\/sabrabrasil\" target=\"_blank\" rel=\"noopener\">Facebook<\/a>, no <a href=\"https:\/\/www.instagram.com\/sabrabrasil\/\" target=\"_blank\" rel=\"noopener\">Instagram<\/a>, no <a href=\"https:\/\/www.linkedin.com\/company\/25002088\" target=\"_blank\" rel=\"noopener\">LinkedIn<\/a>, no <a href=\"https:\/\/x.com\/ContatoSabra\" target=\"_blank\" rel=\"noopener\">X<\/a> e no <a href=\"https:\/\/www.youtube.com\/channel\/UCJw-kbuEvzUNdeQf20Pa-eQ\" target=\"_blank\" rel=\"noopener\">YouTube<\/a>!<\/p>\n<p>&#8211; CONHE\u00c7A o trabalho da Sociedade Art\u00edstica Brasileira (SABRA) e todas as iniciativas culturais e sociais que ela mant\u00e9m. <a href=\"https:\/\/www.sabra.org.br\/site\/acoes\/\" target=\"_blank\" rel=\"noopener\">Acesse nosso site!<\/a><\/p>\n<p>&#8211; ENTRE EM CONTATO com a gente. E veja quais s\u00e3o as op\u00e7\u00f5es de ajuda na manuten\u00e7\u00e3o de nossas a\u00e7\u00f5es sociais e culturais. Basta acessar nossa p\u00e1gina <a href=\"https:\/\/www.sabra.org.br\/site\/doe-agora\/\" target=\"_blank\" rel=\"noopener\">Doe Agora!<\/a><\/p>\n<p>&#8211; COMPARTILHE este texto nas suas redes sociais e ajude os seus amigos a tamb\u00e9m dominarem o assunto!<\/p>\n<p>\u2013 Os projetos da @sabrabrasil s\u00e3o realizados com o patroci\u0301nio m\u00e1ster: @institutounimedbh, viabilizado pelo incentivo de mais de 5,7 mil m\u00e9dicos cooperados e colaboradores via Lei de Incentivo \u00e0 Cultura &#8211; @culturagovbr<\/p>\n","protected":false},"excerpt":{"rendered":"<p>Minist\u00e9rio da Cultura, Instituto Unimed-BH, Prefeitura de Betim e Funarbe Betim apresentam: SEXTA SINF\u00d4NICA &#8211; Entrada franca Orquestra Sinf\u00f4nica de Betim com a participa\u00e7\u00e3o especial&hellip;<\/p>\n","protected":false},"author":39,"featured_media":550,"comment_status":"open","ping_status":"open","sticky":false,"template":"","format":"standard","meta":{"jetpack_post_was_ever_published":false,"_jetpack_newsletter_access":"","_jetpack_dont_email_post_to_subs":false,"_jetpack_newsletter_tier_id":0,"_jetpack_memberships_contains_paywalled_content":false,"_jetpack_memberships_contains_paid_content":false,"footnotes":""},"categories":[4],"tags":[],"class_list":["post-548","post","type-post","status-publish","format-standard","has-post-thumbnail","hentry","category-noticias"],"yoast_head":"<!-- This site is optimized with the Yoast SEO plugin v27.5 - https:\/\/yoast.com\/product\/yoast-seo-wordpress\/ -->\n<title>Sexta Sinf\u00f4nica - SABRA - Sociedade Art\u00edstica Brasileira<\/title>\n<meta name=\"robots\" content=\"index, follow, max-snippet:-1, max-image-preview:large, max-video-preview:-1\" \/>\n<link rel=\"canonical\" href=\"https:\/\/www.sabra.org.br\/site\/sexta-sinfonica\/\" \/>\n<meta property=\"og:locale\" content=\"pt_BR\" \/>\n<meta property=\"og:type\" content=\"article\" \/>\n<meta property=\"og:title\" content=\"Sexta Sinf\u00f4nica - SABRA - Sociedade Art\u00edstica Brasileira\" \/>\n<meta property=\"og:description\" content=\"Minist\u00e9rio da Cultura, Instituto Unimed-BH, Prefeitura de Betim e Funarbe Betim apresentam: SEXTA SINF\u00d4NICA &#8211; Entrada franca Orquestra Sinf\u00f4nica de Betim com a participa\u00e7\u00e3o especial&hellip;\" \/>\n<meta property=\"og:url\" content=\"https:\/\/www.sabra.org.br\/site\/sexta-sinfonica\/\" \/>\n<meta property=\"og:site_name\" content=\"SABRA - Sociedade Art\u00edstica Brasileira\" \/>\n<meta property=\"article:publisher\" content=\"https:\/\/www.facebook.com\/sabrabrasil\" \/>\n<meta property=\"article:published_time\" content=\"2017-08-18T13:52:53+00:00\" \/>\n<meta property=\"article:modified_time\" content=\"2025-04-20T22:11:22+00:00\" \/>\n<meta property=\"og:image\" content=\"https:\/\/www.sabra.org.br\/site\/wp-content\/uploads\/2017\/08\/IMG_6233-1.jpg\" \/>\n\t<meta property=\"og:image:width\" content=\"1365\" \/>\n\t<meta property=\"og:image:height\" content=\"2048\" \/>\n\t<meta property=\"og:image:type\" content=\"image\/jpeg\" \/>\n<meta name=\"author\" content=\"M\u00e1rcio Miranda Pontes\" \/>\n<meta name=\"twitter:card\" content=\"summary_large_image\" \/>\n<meta name=\"twitter:creator\" content=\"@ContatoSabra\" \/>\n<meta name=\"twitter:site\" content=\"@ContatoSabra\" \/>\n<meta name=\"twitter:label1\" content=\"Escrito por\" \/>\n\t<meta name=\"twitter:data1\" content=\"M\u00e1rcio Miranda Pontes\" \/>\n\t<meta name=\"twitter:label2\" content=\"Est. tempo de leitura\" \/>\n\t<meta name=\"twitter:data2\" content=\"2 minutos\" \/>\n<script type=\"application\/ld+json\" class=\"yoast-schema-graph\">{\"@context\":\"https:\\\/\\\/schema.org\",\"@graph\":[{\"@type\":\"Article\",\"@id\":\"https:\\\/\\\/www.sabra.org.br\\\/site\\\/sexta-sinfonica\\\/#article\",\"isPartOf\":{\"@id\":\"https:\\\/\\\/www.sabra.org.br\\\/site\\\/sexta-sinfonica\\\/\"},\"author\":{\"name\":\"M\u00e1rcio Miranda Pontes\",\"@id\":\"https:\\\/\\\/www.sabra.org.br\\\/site\\\/#\\\/schema\\\/person\\\/7d1d222c3c8891d4c37c7b41bf6315c2\"},\"headline\":\"Sexta Sinf\u00f4nica\",\"datePublished\":\"2017-08-18T13:52:53+00:00\",\"dateModified\":\"2025-04-20T22:11:22+00:00\",\"mainEntityOfPage\":{\"@id\":\"https:\\\/\\\/www.sabra.org.br\\\/site\\\/sexta-sinfonica\\\/\"},\"wordCount\":224,\"commentCount\":0,\"publisher\":{\"@id\":\"https:\\\/\\\/www.sabra.org.br\\\/site\\\/#organization\"},\"image\":{\"@id\":\"https:\\\/\\\/www.sabra.org.br\\\/site\\\/sexta-sinfonica\\\/#primaryimage\"},\"thumbnailUrl\":\"https:\\\/\\\/www.sabra.org.br\\\/site\\\/wp-content\\\/uploads\\\/2017\\\/08\\\/IMG_6233-1.jpg\",\"articleSection\":[\"Not\u00edcias\"],\"inLanguage\":\"pt-BR\",\"potentialAction\":[{\"@type\":\"CommentAction\",\"name\":\"Comment\",\"target\":[\"https:\\\/\\\/www.sabra.org.br\\\/site\\\/sexta-sinfonica\\\/#respond\"]}]},{\"@type\":\"WebPage\",\"@id\":\"https:\\\/\\\/www.sabra.org.br\\\/site\\\/sexta-sinfonica\\\/\",\"url\":\"https:\\\/\\\/www.sabra.org.br\\\/site\\\/sexta-sinfonica\\\/\",\"name\":\"Sexta Sinf\u00f4nica - SABRA - Sociedade Art\u00edstica Brasileira\",\"isPartOf\":{\"@id\":\"https:\\\/\\\/www.sabra.org.br\\\/site\\\/#website\"},\"primaryImageOfPage\":{\"@id\":\"https:\\\/\\\/www.sabra.org.br\\\/site\\\/sexta-sinfonica\\\/#primaryimage\"},\"image\":{\"@id\":\"https:\\\/\\\/www.sabra.org.br\\\/site\\\/sexta-sinfonica\\\/#primaryimage\"},\"thumbnailUrl\":\"https:\\\/\\\/www.sabra.org.br\\\/site\\\/wp-content\\\/uploads\\\/2017\\\/08\\\/IMG_6233-1.jpg\",\"datePublished\":\"2017-08-18T13:52:53+00:00\",\"dateModified\":\"2025-04-20T22:11:22+00:00\",\"breadcrumb\":{\"@id\":\"https:\\\/\\\/www.sabra.org.br\\\/site\\\/sexta-sinfonica\\\/#breadcrumb\"},\"inLanguage\":\"pt-BR\",\"potentialAction\":[{\"@type\":\"ReadAction\",\"target\":[\"https:\\\/\\\/www.sabra.org.br\\\/site\\\/sexta-sinfonica\\\/\"]}]},{\"@type\":\"ImageObject\",\"inLanguage\":\"pt-BR\",\"@id\":\"https:\\\/\\\/www.sabra.org.br\\\/site\\\/sexta-sinfonica\\\/#primaryimage\",\"url\":\"https:\\\/\\\/www.sabra.org.br\\\/site\\\/wp-content\\\/uploads\\\/2017\\\/08\\\/IMG_6233-1.jpg\",\"contentUrl\":\"https:\\\/\\\/www.sabra.org.br\\\/site\\\/wp-content\\\/uploads\\\/2017\\\/08\\\/IMG_6233-1.jpg\",\"width\":1365,\"height\":2048,\"caption\":\"Isabelle Menegasse\"},{\"@type\":\"BreadcrumbList\",\"@id\":\"https:\\\/\\\/www.sabra.org.br\\\/site\\\/sexta-sinfonica\\\/#breadcrumb\",\"itemListElement\":[{\"@type\":\"ListItem\",\"position\":1,\"name\":\"In\u00edcio\",\"item\":\"https:\\\/\\\/www.sabra.org.br\\\/site\\\/\"},{\"@type\":\"ListItem\",\"position\":2,\"name\":\"Sexta Sinf\u00f4nica\"}]},{\"@type\":\"WebSite\",\"@id\":\"https:\\\/\\\/www.sabra.org.br\\\/site\\\/#website\",\"url\":\"https:\\\/\\\/www.sabra.org.br\\\/site\\\/\",\"name\":\"SABRA - Sociedade Art\u00edstica Brasileira\",\"description\":\"Escola de M\u00fasica, Orquestra Sinf\u00f4nica, Coral e Patrim\u00f4nio Cultural e Hist\u00f3rico\",\"publisher\":{\"@id\":\"https:\\\/\\\/www.sabra.org.br\\\/site\\\/#organization\"},\"potentialAction\":[{\"@type\":\"SearchAction\",\"target\":{\"@type\":\"EntryPoint\",\"urlTemplate\":\"https:\\\/\\\/www.sabra.org.br\\\/site\\\/?s={search_term_string}\"},\"query-input\":{\"@type\":\"PropertyValueSpecification\",\"valueRequired\":true,\"valueName\":\"search_term_string\"}}],\"inLanguage\":\"pt-BR\"},{\"@type\":\"Organization\",\"@id\":\"https:\\\/\\\/www.sabra.org.br\\\/site\\\/#organization\",\"name\":\"SOCIEDADE ART\u00cdSTICA BRASILEIRA SABRA\",\"alternateName\":\"SABRA\",\"url\":\"https:\\\/\\\/www.sabra.org.br\\\/site\\\/\",\"logo\":{\"@type\":\"ImageObject\",\"inLanguage\":\"pt-BR\",\"@id\":\"https:\\\/\\\/www.sabra.org.br\\\/site\\\/#\\\/schema\\\/logo\\\/image\\\/\",\"url\":\"https:\\\/\\\/www.sabra.org.br\\\/site\\\/wp-content\\\/uploads\\\/2019\\\/06\\\/cropped-Logo_SABRA-Copia-1.webp\",\"contentUrl\":\"https:\\\/\\\/www.sabra.org.br\\\/site\\\/wp-content\\\/uploads\\\/2019\\\/06\\\/cropped-Logo_SABRA-Copia-1.webp\",\"width\":400,\"height\":128,\"caption\":\"SOCIEDADE ART\u00cdSTICA BRASILEIRA SABRA\"},\"image\":{\"@id\":\"https:\\\/\\\/www.sabra.org.br\\\/site\\\/#\\\/schema\\\/logo\\\/image\\\/\"},\"sameAs\":[\"https:\\\/\\\/www.facebook.com\\\/sabrabrasil\",\"https:\\\/\\\/x.com\\\/ContatoSabra\",\"https:\\\/\\\/www.instagram.com\\\/sabrabrasil\\\/\",\"https:\\\/\\\/www.linkedin.com\\\/company\\\/25002088\\\/\",\"https:\\\/\\\/br.pinterest.com\\\/sociedadeartisticabrasileira\\\/\",\"https:\\\/\\\/www.youtube.com\\\/c\\\/sabrabrasil\"]},{\"@type\":\"Person\",\"@id\":\"https:\\\/\\\/www.sabra.org.br\\\/site\\\/#\\\/schema\\\/person\\\/7d1d222c3c8891d4c37c7b41bf6315c2\",\"name\":\"M\u00e1rcio Miranda Pontes\",\"image\":{\"@type\":\"ImageObject\",\"inLanguage\":\"pt-BR\",\"@id\":\"https:\\\/\\\/secure.gravatar.com\\\/avatar\\\/3b45f24496a7625a3a6c436688fbe20344faaeb2979658dc4a9921f984d7df9a?s=96&d=mm&r=g\",\"url\":\"https:\\\/\\\/secure.gravatar.com\\\/avatar\\\/3b45f24496a7625a3a6c436688fbe20344faaeb2979658dc4a9921f984d7df9a?s=96&d=mm&r=g\",\"contentUrl\":\"https:\\\/\\\/secure.gravatar.com\\\/avatar\\\/3b45f24496a7625a3a6c436688fbe20344faaeb2979658dc4a9921f984d7df9a?s=96&d=mm&r=g\",\"caption\":\"M\u00e1rcio Miranda Pontes\"},\"sameAs\":[\"http:\\\/\\\/www.sabra.org.br\"],\"url\":\"https:\\\/\\\/www.sabra.org.br\\\/site\\\/author\\\/marcio-miranda-pontes\\\/\"}]}<\/script>\n<!-- \/ Yoast SEO plugin. -->","yoast_head_json":{"title":"Sexta Sinf\u00f4nica - SABRA - Sociedade Art\u00edstica Brasileira","robots":{"index":"index","follow":"follow","max-snippet":"max-snippet:-1","max-image-preview":"max-image-preview:large","max-video-preview":"max-video-preview:-1"},"canonical":"https:\/\/www.sabra.org.br\/site\/sexta-sinfonica\/","og_locale":"pt_BR","og_type":"article","og_title":"Sexta Sinf\u00f4nica - SABRA - Sociedade Art\u00edstica Brasileira","og_description":"Minist\u00e9rio da Cultura, Instituto Unimed-BH, Prefeitura de Betim e Funarbe Betim apresentam: SEXTA SINF\u00d4NICA &#8211; Entrada franca Orquestra Sinf\u00f4nica de Betim com a participa\u00e7\u00e3o especial&hellip;","og_url":"https:\/\/www.sabra.org.br\/site\/sexta-sinfonica\/","og_site_name":"SABRA - Sociedade Art\u00edstica Brasileira","article_publisher":"https:\/\/www.facebook.com\/sabrabrasil","article_published_time":"2017-08-18T13:52:53+00:00","article_modified_time":"2025-04-20T22:11:22+00:00","og_image":[{"width":1365,"height":2048,"url":"https:\/\/www.sabra.org.br\/site\/wp-content\/uploads\/2017\/08\/IMG_6233-1.jpg","type":"image\/jpeg"}],"author":"M\u00e1rcio Miranda Pontes","twitter_card":"summary_large_image","twitter_creator":"@ContatoSabra","twitter_site":"@ContatoSabra","twitter_misc":{"Escrito por":"M\u00e1rcio Miranda Pontes","Est. tempo de leitura":"2 minutos"},"schema":{"@context":"https:\/\/schema.org","@graph":[{"@type":"Article","@id":"https:\/\/www.sabra.org.br\/site\/sexta-sinfonica\/#article","isPartOf":{"@id":"https:\/\/www.sabra.org.br\/site\/sexta-sinfonica\/"},"author":{"name":"M\u00e1rcio Miranda Pontes","@id":"https:\/\/www.sabra.org.br\/site\/#\/schema\/person\/7d1d222c3c8891d4c37c7b41bf6315c2"},"headline":"Sexta Sinf\u00f4nica","datePublished":"2017-08-18T13:52:53+00:00","dateModified":"2025-04-20T22:11:22+00:00","mainEntityOfPage":{"@id":"https:\/\/www.sabra.org.br\/site\/sexta-sinfonica\/"},"wordCount":224,"commentCount":0,"publisher":{"@id":"https:\/\/www.sabra.org.br\/site\/#organization"},"image":{"@id":"https:\/\/www.sabra.org.br\/site\/sexta-sinfonica\/#primaryimage"},"thumbnailUrl":"https:\/\/www.sabra.org.br\/site\/wp-content\/uploads\/2017\/08\/IMG_6233-1.jpg","articleSection":["Not\u00edcias"],"inLanguage":"pt-BR","potentialAction":[{"@type":"CommentAction","name":"Comment","target":["https:\/\/www.sabra.org.br\/site\/sexta-sinfonica\/#respond"]}]},{"@type":"WebPage","@id":"https:\/\/www.sabra.org.br\/site\/sexta-sinfonica\/","url":"https:\/\/www.sabra.org.br\/site\/sexta-sinfonica\/","name":"Sexta Sinf\u00f4nica - SABRA - Sociedade Art\u00edstica Brasileira","isPartOf":{"@id":"https:\/\/www.sabra.org.br\/site\/#website"},"primaryImageOfPage":{"@id":"https:\/\/www.sabra.org.br\/site\/sexta-sinfonica\/#primaryimage"},"image":{"@id":"https:\/\/www.sabra.org.br\/site\/sexta-sinfonica\/#primaryimage"},"thumbnailUrl":"https:\/\/www.sabra.org.br\/site\/wp-content\/uploads\/2017\/08\/IMG_6233-1.jpg","datePublished":"2017-08-18T13:52:53+00:00","dateModified":"2025-04-20T22:11:22+00:00","breadcrumb":{"@id":"https:\/\/www.sabra.org.br\/site\/sexta-sinfonica\/#breadcrumb"},"inLanguage":"pt-BR","potentialAction":[{"@type":"ReadAction","target":["https:\/\/www.sabra.org.br\/site\/sexta-sinfonica\/"]}]},{"@type":"ImageObject","inLanguage":"pt-BR","@id":"https:\/\/www.sabra.org.br\/site\/sexta-sinfonica\/#primaryimage","url":"https:\/\/www.sabra.org.br\/site\/wp-content\/uploads\/2017\/08\/IMG_6233-1.jpg","contentUrl":"https:\/\/www.sabra.org.br\/site\/wp-content\/uploads\/2017\/08\/IMG_6233-1.jpg","width":1365,"height":2048,"caption":"Isabelle Menegasse"},{"@type":"BreadcrumbList","@id":"https:\/\/www.sabra.org.br\/site\/sexta-sinfonica\/#breadcrumb","itemListElement":[{"@type":"ListItem","position":1,"name":"In\u00edcio","item":"https:\/\/www.sabra.org.br\/site\/"},{"@type":"ListItem","position":2,"name":"Sexta Sinf\u00f4nica"}]},{"@type":"WebSite","@id":"https:\/\/www.sabra.org.br\/site\/#website","url":"https:\/\/www.sabra.org.br\/site\/","name":"SABRA - Sociedade Art\u00edstica Brasileira","description":"Escola de M\u00fasica, Orquestra Sinf\u00f4nica, Coral e Patrim\u00f4nio Cultural e Hist\u00f3rico","publisher":{"@id":"https:\/\/www.sabra.org.br\/site\/#organization"},"potentialAction":[{"@type":"SearchAction","target":{"@type":"EntryPoint","urlTemplate":"https:\/\/www.sabra.org.br\/site\/?s={search_term_string}"},"query-input":{"@type":"PropertyValueSpecification","valueRequired":true,"valueName":"search_term_string"}}],"inLanguage":"pt-BR"},{"@type":"Organization","@id":"https:\/\/www.sabra.org.br\/site\/#organization","name":"SOCIEDADE ART\u00cdSTICA BRASILEIRA SABRA","alternateName":"SABRA","url":"https:\/\/www.sabra.org.br\/site\/","logo":{"@type":"ImageObject","inLanguage":"pt-BR","@id":"https:\/\/www.sabra.org.br\/site\/#\/schema\/logo\/image\/","url":"https:\/\/www.sabra.org.br\/site\/wp-content\/uploads\/2019\/06\/cropped-Logo_SABRA-Copia-1.webp","contentUrl":"https:\/\/www.sabra.org.br\/site\/wp-content\/uploads\/2019\/06\/cropped-Logo_SABRA-Copia-1.webp","width":400,"height":128,"caption":"SOCIEDADE ART\u00cdSTICA BRASILEIRA SABRA"},"image":{"@id":"https:\/\/www.sabra.org.br\/site\/#\/schema\/logo\/image\/"},"sameAs":["https:\/\/www.facebook.com\/sabrabrasil","https:\/\/x.com\/ContatoSabra","https:\/\/www.instagram.com\/sabrabrasil\/","https:\/\/www.linkedin.com\/company\/25002088\/","https:\/\/br.pinterest.com\/sociedadeartisticabrasileira\/","https:\/\/www.youtube.com\/c\/sabrabrasil"]},{"@type":"Person","@id":"https:\/\/www.sabra.org.br\/site\/#\/schema\/person\/7d1d222c3c8891d4c37c7b41bf6315c2","name":"M\u00e1rcio Miranda Pontes","image":{"@type":"ImageObject","inLanguage":"pt-BR","@id":"https:\/\/secure.gravatar.com\/avatar\/3b45f24496a7625a3a6c436688fbe20344faaeb2979658dc4a9921f984d7df9a?s=96&d=mm&r=g","url":"https:\/\/secure.gravatar.com\/avatar\/3b45f24496a7625a3a6c436688fbe20344faaeb2979658dc4a9921f984d7df9a?s=96&d=mm&r=g","contentUrl":"https:\/\/secure.gravatar.com\/avatar\/3b45f24496a7625a3a6c436688fbe20344faaeb2979658dc4a9921f984d7df9a?s=96&d=mm&r=g","caption":"M\u00e1rcio Miranda Pontes"},"sameAs":["http:\/\/www.sabra.org.br"],"url":"https:\/\/www.sabra.org.br\/site\/author\/marcio-miranda-pontes\/"}]}},"jetpack_featured_media_url":"https:\/\/www.sabra.org.br\/site\/wp-content\/uploads\/2017\/08\/IMG_6233-1.jpg","jetpack_shortlink":"https:\/\/wp.me\/p95j2Z-8Q","jetpack-related-posts":[{"id":666,"url":"https:\/\/www.sabra.org.br\/site\/sexta-sinfonica-setembro\/","url_meta":{"origin":548,"position":0},"title":"Sexta Sinf\u00f4nica &#8211; Setembro","author":"M\u00e1rcio Miranda Pontes","date":"23 de setembro de 2017","format":false,"excerpt":"Minist\u00e9rio da Cultura, Instituto Unimed-BH, Prefeitura de Betim e Funarbe Betim apresentam: SEXTA SINF\u00d4NICA - Entrada franca Orquestra Sinf\u00f4nica de Betim com a participa\u00e7\u00e3o solo especial do violista Daniel Amaral. No programa Stamitz, Tchaikovsky, compositores norte americanos e brasileiros. Reg\u00eancia: Marcio Miranda Pontes 29 de setembro, a partir das 19\u2026","rel":"","context":"Em &quot;Not\u00edcias&quot;","block_context":{"text":"Not\u00edcias","link":"https:\/\/www.sabra.org.br\/site\/category\/noticias\/"},"img":{"alt_text":"","src":"https:\/\/i0.wp.com\/www.sabra.org.br\/site\/wp-content\/uploads\/2017\/09\/DanielAmaral.jpg?resize=350%2C200&ssl=1","width":350,"height":200,"srcset":"https:\/\/i0.wp.com\/www.sabra.org.br\/site\/wp-content\/uploads\/2017\/09\/DanielAmaral.jpg?resize=350%2C200&ssl=1 1x, https:\/\/i0.wp.com\/www.sabra.org.br\/site\/wp-content\/uploads\/2017\/09\/DanielAmaral.jpg?resize=525%2C300&ssl=1 1.5x, https:\/\/i0.wp.com\/www.sabra.org.br\/site\/wp-content\/uploads\/2017\/09\/DanielAmaral.jpg?resize=700%2C400&ssl=1 2x"},"classes":[]},{"id":745,"url":"https:\/\/www.sabra.org.br\/site\/sexta-sinfonica-27-10-2017\/","url_meta":{"origin":548,"position":1},"title":"Sexta Sinf\u00f4nica &#8211; 27\/10\/2017","author":"M\u00e1rcio Miranda Pontes","date":"22 de outubro de 2017","format":false,"excerpt":"Minist\u00e9rio da Cultura, Instituto Unimed-BH, Prefeitura de Betim, SEMED e Funarbe Betim apresentam: SEXTA SINF\u00d4NICA - Entrada franca Orquestra Sinf\u00f4nica de Betim\u00a0com a participa\u00e7\u00e3o solo especial do contrabaixista Alfredo Ribeiro. No programa obras de Koussevitzky e Bizet. Reg\u00eancia: Marcio Miranda Pontes 27 de outubro, a partir das 19 horas Local:\u2026","rel":"","context":"Em &quot;Not\u00edcias&quot;","block_context":{"text":"Not\u00edcias","link":"https:\/\/www.sabra.org.br\/site\/category\/noticias\/"},"img":{"alt_text":"Sociedade Art\u00edstica Brasileira","src":"https:\/\/i0.wp.com\/www.sabra.org.br\/site\/wp-content\/uploads\/2017\/10\/Alfredo.jpg?resize=350%2C200&ssl=1","width":350,"height":200,"srcset":"https:\/\/i0.wp.com\/www.sabra.org.br\/site\/wp-content\/uploads\/2017\/10\/Alfredo.jpg?resize=350%2C200&ssl=1 1x, https:\/\/i0.wp.com\/www.sabra.org.br\/site\/wp-content\/uploads\/2017\/10\/Alfredo.jpg?resize=525%2C300&ssl=1 1.5x, https:\/\/i0.wp.com\/www.sabra.org.br\/site\/wp-content\/uploads\/2017\/10\/Alfredo.jpg?resize=700%2C400&ssl=1 2x"},"classes":[]},{"id":1268,"url":"https:\/\/www.sabra.org.br\/site\/sexta-sinfonica-em-maio-de-2018\/","url_meta":{"origin":548,"position":2},"title":"Sexta Sinf\u00f4nica em maio de 2018","author":"M\u00e1rcio Miranda Pontes","date":"2 de maio de 2018","format":false,"excerpt":"Minist\u00e9rio da Cultura, Funarbe, Semed, Instituto Unimed-BH e SABRA apresentam: SEXTA SINF\u00d4NICA Concerto com a Orquestra Sinf\u00f4nica de Betim 04 de maio, sexta-feira - 14h00 Casa da Cultura Josaephina Bento \u2013 Betim - MG Entrada franca S\u00e9rie de concertos dedicada especialmente aos alunos da rede p\u00fablica municipal de ensino de\u2026","rel":"","context":"Em &quot;Not\u00edcias&quot;","block_context":{"text":"Not\u00edcias","link":"https:\/\/www.sabra.org.br\/site\/category\/noticias\/"},"img":{"alt_text":"Fundo FIA","src":"https:\/\/i0.wp.com\/www.sabra.org.br\/site\/wp-content\/uploads\/2018\/05\/31292669_1816754875030789_4099344253065363456_n-e1765390915716.jpg?resize=350%2C200&ssl=1","width":350,"height":200},"classes":[]},{"id":850,"url":"https:\/\/www.sabra.org.br\/site\/sexta-sinfonica-no-monte-carmo-shopping\/","url_meta":{"origin":548,"position":3},"title":"Sexta Sinf\u00f4nica no Monte Carmo Shopping","author":"M\u00e1rcio Miranda Pontes","date":"29 de novembro de 2017","format":false,"excerpt":"Orquestra Sinf\u00f4nica de Betim encerra a temporada da s\u00e9rie Sexta Sinf\u00f4nica Concertos foram realizados de mar\u00e7o a dezembro com a presen\u00e7a de solistas e outros convidados \u00a0 A Orquestra Sinf\u00f4nica de Betim encerra a s\u00e9rie de concertos \u201cSexta Sinf\u00f4nica\u201d, \u00e0s 15h do dia primeiro de dezembro, no Monte Carmo Shopping,\u2026","rel":"","context":"Em &quot;Not\u00edcias&quot;","block_context":{"text":"Not\u00edcias","link":"https:\/\/www.sabra.org.br\/site\/category\/noticias\/"},"img":{"alt_text":"Sociedade Art\u00edstica Brasileira SABRA","src":"https:\/\/i0.wp.com\/www.sabra.org.br\/site\/wp-content\/uploads\/2017\/11\/754A1986peq.jpg?resize=350%2C200&ssl=1","width":350,"height":200,"srcset":"https:\/\/i0.wp.com\/www.sabra.org.br\/site\/wp-content\/uploads\/2017\/11\/754A1986peq.jpg?resize=350%2C200&ssl=1 1x, https:\/\/i0.wp.com\/www.sabra.org.br\/site\/wp-content\/uploads\/2017\/11\/754A1986peq.jpg?resize=525%2C300&ssl=1 1.5x, https:\/\/i0.wp.com\/www.sabra.org.br\/site\/wp-content\/uploads\/2017\/11\/754A1986peq.jpg?resize=700%2C400&ssl=1 2x, https:\/\/i0.wp.com\/www.sabra.org.br\/site\/wp-content\/uploads\/2017\/11\/754A1986peq.jpg?resize=1050%2C600&ssl=1 3x"},"classes":[]},{"id":755,"url":"https:\/\/www.sabra.org.br\/site\/sexta-sinfonica-27102017\/","url_meta":{"origin":548,"position":4},"title":"Sexta Sinf\u00f4nica &#8211; 27\/10\/2017","author":"M\u00e1rcio Miranda Pontes","date":"23 de outubro de 2017","format":false,"excerpt":"O quintal da Casa da Cultura Josephina Bento, uma vez por m\u00eas, se abre para o encantamento da m\u00fasica cl\u00e1ssica. E nesta sexta, 27, mais uma edi\u00e7\u00e3o da Sexta Sinf\u00f4nica vai agitar o quintal da Casa da Cultura Josephina Bento, a partir das 19h. A Funarbe Betim e a Sociedade\u2026","rel":"","context":"Em &quot;Not\u00edcias&quot;","block_context":{"text":"Not\u00edcias","link":"https:\/\/www.sabra.org.br\/site\/category\/noticias\/"},"img":{"alt_text":"SABRA Sociedade Art\u00edstica Brasileira","src":"https:\/\/i0.wp.com\/www.sabra.org.br\/site\/wp-content\/uploads\/2017\/10\/20171027SextaSinfonica.jpg?resize=350%2C200&ssl=1","width":350,"height":200,"srcset":"https:\/\/i0.wp.com\/www.sabra.org.br\/site\/wp-content\/uploads\/2017\/10\/20171027SextaSinfonica.jpg?resize=350%2C200&ssl=1 1x, https:\/\/i0.wp.com\/www.sabra.org.br\/site\/wp-content\/uploads\/2017\/10\/20171027SextaSinfonica.jpg?resize=525%2C300&ssl=1 1.5x, https:\/\/i0.wp.com\/www.sabra.org.br\/site\/wp-content\/uploads\/2017\/10\/20171027SextaSinfonica.jpg?resize=700%2C400&ssl=1 2x"},"classes":[]},{"id":12433,"url":"https:\/\/www.sabra.org.br\/site\/textos-fundamentais-3\/","url_meta":{"origin":548,"position":5},"title":"Textos fundamentais 3","author":"M\u00e1rcio Miranda Pontes","date":"18 de abril de 2025","format":false,"excerpt":"https:\/\/www.sabra.org.br\/site\/sexta-sinfonica-em-maio-de-2018\/ https:\/\/www.sabra.org.br\/site\/orquestra-sinfonica-de-betim-abre-temporada-no-ccbb-bh\/ https:\/\/www.sabra.org.br\/site\/fundo-para-infancia-e-adolescencia\/ https:\/\/www.sabra.org.br\/site\/aprovados-para-o-curso-orquestra-sinfonica-de-betim-2018\/ https:\/\/www.sabra.org.br\/site\/inscricoes-abertas-para-o-curso-gratuito-de-musicalizacao-infantil\/ https:\/\/www.sabra.org.br\/site\/concerto-beneficente\/ https:\/\/www.sabra.org.br\/site\/natal-luz-promete-encantar-mariana\/ https:\/\/www.sabra.org.br\/site\/orquestra-sinfonica-de-betim-celebra-a-musica-lirica-em-concerto\/ https:\/\/www.sabra.org.br\/site\/sou-do-mundo-sou-minas-gerais\/ https:\/\/www.sabra.org.br\/site\/sexta-sinfonica-no-monte-carmo-shopping\/ https:\/\/www.sabra.org.br\/site\/concertos-com-a-orquestra-sinfonica-de-betim-ccbb-bh-novembro-2017\/ https:\/\/www.sabra.org.br\/site\/cronograma-orquestra-sinfonica-de-betim-11-e-122017\/ https:\/\/www.sabra.org.br\/site\/sexta-sinfonica-27102017\/ https:\/\/www.sabra.org.br\/site\/sexta-sinfonica-27-10-2017\/ https:\/\/www.sabra.org.br\/site\/sabra-no-conselho-municipal-de-assistencia-social-de-betim\/ https:\/\/www.sabra.org.br\/site\/sexta-sinfonica-setembro\/ https:\/\/www.sabra.org.br\/site\/doacoes-dos-correios-resultam-em-musica-para-criancas\/ https:\/\/www.sabra.org.br\/site\/concerto-na-praca-orquestra-sinfonica-de-betim-e-coral-unimed-bh\/ https:\/\/www.sabra.org.br\/site\/concertos-com-a-orquestra-sinfonica-de-betim-20172018\/ https:\/\/www.sabra.org.br\/site\/ensaio-pre-geral-do-concerto-para-trompa-de-r-strauss\/ \u00a0 \u00a0 \u00a0","rel":"","context":"Em &quot;Blog SABRA&quot;","block_context":{"text":"Blog SABRA","link":"https:\/\/www.sabra.org.br\/site\/category\/blog-sabra\/"},"img":{"alt_text":"","src":"","width":0,"height":0},"classes":[]}],"jetpack_likes_enabled":true,"jetpack_sharing_enabled":true,"_links":{"self":[{"href":"https:\/\/www.sabra.org.br\/site\/wp-json\/wp\/v2\/posts\/548","targetHints":{"allow":["GET"]}}],"collection":[{"href":"https:\/\/www.sabra.org.br\/site\/wp-json\/wp\/v2\/posts"}],"about":[{"href":"https:\/\/www.sabra.org.br\/site\/wp-json\/wp\/v2\/types\/post"}],"author":[{"embeddable":true,"href":"https:\/\/www.sabra.org.br\/site\/wp-json\/wp\/v2\/users\/39"}],"replies":[{"embeddable":true,"href":"https:\/\/www.sabra.org.br\/site\/wp-json\/wp\/v2\/comments?post=548"}],"version-history":[{"count":0,"href":"https:\/\/www.sabra.org.br\/site\/wp-json\/wp\/v2\/posts\/548\/revisions"}],"wp:featuredmedia":[{"embeddable":true,"href":"https:\/\/www.sabra.org.br\/site\/wp-json\/wp\/v2\/media\/550"}],"wp:attachment":[{"href":"https:\/\/www.sabra.org.br\/site\/wp-json\/wp\/v2\/media?parent=548"}],"wp:term":[{"taxonomy":"category","embeddable":true,"href":"https:\/\/www.sabra.org.br\/site\/wp-json\/wp\/v2\/categories?post=548"},{"taxonomy":"post_tag","embeddable":true,"href":"https:\/\/www.sabra.org.br\/site\/wp-json\/wp\/v2\/tags?post=548"}],"curies":[{"name":"wp","href":"https:\/\/api.w.org\/{rel}","templated":true}]}}