{"id":5560,"date":"2022-08-11T09:02:26","date_gmt":"2022-08-11T12:02:26","guid":{"rendered":"https:\/\/www.sabra.org.br\/site\/?p=5560"},"modified":"2025-04-18T18:18:08","modified_gmt":"2025-04-18T21:18:08","slug":"voz-baixo","status":"publish","type":"post","link":"https:\/\/www.sabra.org.br\/site\/voz-baixo\/","title":{"rendered":"Caracter\u00edsticas da voz baixo"},"content":{"rendered":"<p>[vc_row][vc_column][vc_column_text]Os tons e as caracter\u00edsticas das vozes s\u00e3o divididos em v\u00e1rios grupos de acordo com as suas particularidades. Cada pessoa nasce com uma capacidade distinta de atingir tons mais agudos ou mais graves. Esses pontos s\u00e3o totalmente independentes de t\u00e9cnicas de respira\u00e7\u00e3o, afina\u00e7\u00e3o, postura e outros.<\/p>\n<p>Portanto, essas classifica\u00e7\u00f5es de acordo com os detalhes e sem que qualquer tipo de t\u00e9cnica seja desenvolvido, s\u00e3o feitas em 6 tipos de extens\u00e3o vocal: soprano, mezzo soprano, contralto, tenor, bar\u00edtono e baixo.<\/p>\n<p>Algumas s\u00e3o consideradas mais incomuns no mundo a m\u00fasica, mas ainda s\u00e3o mais comuns em determinadas regi\u00f5es.<\/p>\n<p>Conhe\u00e7a mais sobre a voz baixo!<\/p>\n<h2>Extens\u00e3o vocal: o que \u00e9?<\/h2>\n<p>Primeiramente, antes de entender as particularidades da voz baixo, \u00e9 preciso compreender a respeito das divis\u00f5es das vozes e de outros detalhes que s\u00e3o importantes para a classifica\u00e7\u00e3o.<\/p>\n<p>A extens\u00e3o de voz \u00e9 uma forma de medir esses detalhes para entender que tipo de voz a pessoa possui. Nesse caso, ela \u00e9 classificada como a quantidade de notas que algu\u00e9m consegue emitir, da mais grave a mais aguda.<\/p>\n<p>Por mais que os motivos f\u00edsicos sejam um grande ponto a ser considerado na influ\u00eancia das caracter\u00edsticas da voz, causando uma interfer\u00eancia nesse quesito, outros pontos como a respira\u00e7\u00e3o e a anatomia ser\u00e3o agentes que definidores da classifica\u00e7\u00e3o de voz.<\/p>\n<h2>A divis\u00e3o das vozes<\/h2>\n<p>A voz baixa \u00e9 apenas uma das v\u00e1rias divis\u00f5es de vozes existentes. Em geral, mas n\u00e3o necessariamente, as vozes femininas s\u00e3o divididas em tr\u00eas classes distintas que possuem as suas pr\u00f3prias ramifica\u00e7\u00f5es.<\/p>\n<ul>\n<li>Soprano;<\/li>\n<li>Mezzo-soprano;<\/li>\n<li>Contralto.<\/li>\n<\/ul>\n<p>J\u00e1 as vozes masculinas t\u00eam tr\u00eas classifica\u00e7\u00f5es distintas:<\/p>\n<ul>\n<li>Tenor;<\/li>\n<li>Bar\u00edtono;<\/li>\n<li>Baixo.<\/li>\n<\/ul>\n<p>Essa \u00faltima classifica\u00e7\u00e3o receber\u00e1 um destaque maior a partir deste ponto. A voz baixo possui particularidades e pode ser considerada menos comum no meio da m\u00fasica devido \u00e0 forma como \u00e9 mostrada pela sua extens\u00e3o.<\/p>\n<p>A voz baixo possui duas divis\u00f5es distintas: a baixo profundo e a baixo superprofundo. A primeira \u00e9 classificada como uma voz mais forte e potente. A segunda \u00e9 o tipo mais grave que a voz humana pode atingir.<\/p>\n<p>Portanto, as suas ramifica\u00e7\u00f5es de vozes baixo s\u00e3o consideradas extremamente graves e contam com uma extens\u00e3o vocal capaz de se desenvolver de forma profunda quanto \u00e0 sua sonoridade. Vale destacar, \u00e9 uma voz muito comum no Leste Europeu.<\/p>\n<h2>Curiosidades sobre a voz baixo<\/h2>\n<p>Apesar da classifica\u00e7\u00e3o mais comum ser a de baixo profundo e superprofundo, ainda se tem uma outra vis\u00e3o desse tipo de voz, a chamada baixo buffo, que pode ser interpretada como algo engra\u00e7ado.<\/p>\n<p>Os pap\u00e9is assumidos por estes s\u00e3o baixos l\u00edricos, que exigir\u00e3o uma t\u00e9cnica muito mais s\u00f3lida dos cantores. Al\u00e9m disso, tamb\u00e9m \u00e9 preciso que eles contem com uma capacidade muito grande para que o canto seja mantido dessa forma e com qualidades tonais maduras.<\/p>\n<p>Esse tipo de voz \u00e9 aplicado geralmente em \u00f3peras e em personagens que s\u00e3o tidos como antagonistas dos her\u00f3is ou hero\u00ednas. Tamb\u00e9m podem ser aplicados aos que fazem pap\u00e9is de tolos.<\/p>\n<p>Para exemplificar um pouco mais, em uma vis\u00e3o mais ampla a respeito da voz baixo, alguns cantores brasileiros que fazem parte da M\u00fasica Popular Brasileira e possuem este tipo de tom s\u00e3o Arnaldo Antunes, Luiz de Carvalho e Z\u00e9 Ramalho.<\/p>\n<blockquote class=\"wp-embedded-content\" data-secret=\"VR5mQTDIWj\"><p><a href=\"https:\/\/www.sabra.org.br\/site\/tipos-de-voz-voce-sabe-qual-e-a-sua-no-canto\/\">Tipos de voz: voc\u00ea sabe qual \u00e9 a sua no canto?<\/a><\/p><\/blockquote>\n<p><iframe class=\"wp-embedded-content\" sandbox=\"allow-scripts\" security=\"restricted\" style=\"position: absolute; visibility: hidden;\" title=\"&#8220;Tipos de voz: voc\u00ea sabe qual \u00e9 a sua no canto?&#8221; &#8212; SABRA - Sociedade Art\u00edstica Brasileira\" src=\"https:\/\/www.sabra.org.br\/site\/tipos-de-voz-voce-sabe-qual-e-a-sua-no-canto\/embed\/#?secret=0Pm6ojVig3#?secret=VR5mQTDIWj\" data-secret=\"VR5mQTDIWj\" width=\"600\" height=\"338\" frameborder=\"0\" marginwidth=\"0\" marginheight=\"0\" scrolling=\"no\"><\/iframe><\/p>\n<hr \/>\n<h2>Se voc\u00ea gostou deste post:<\/h2>\n<p>&#8211; SIGA as nossas p\u00e1ginas nas redes sociais para acompanhar as nossas atualiza\u00e7\u00f5es: estamos no <a href=\"https:\/\/www.facebook.com\/sabrabrasil\" target=\"_blank\" rel=\"noopener\">Facebook<\/a>, no <a href=\"https:\/\/www.instagram.com\/sabrabrasil\/\" target=\"_blank\" rel=\"noopener\">Instagram<\/a>, no <a href=\"https:\/\/www.linkedin.com\/company\/25002088\" target=\"_blank\" rel=\"noopener\">LinkedIn<\/a>, no <a href=\"https:\/\/twitter.com\/ContatoSabra\" target=\"_blank\" rel=\"noopener\">Twitter<\/a> e no <a href=\"https:\/\/www.youtube.com\/channel\/UCJw-kbuEvzUNdeQf20Pa-eQ\" target=\"_blank\" rel=\"noopener\">YouTube<\/a>!<\/p>\n<p>&#8211; CONHE\u00c7A o trabalho da Sociedade Art\u00edstica Brasileira (SABRA) e todas as iniciativas culturais e sociais que ela mant\u00e9m. <a href=\"https:\/\/www.sabra.org.br\/site\/acoes\/\" target=\"_blank\" rel=\"noopener\">Acesse nosso site!<\/a><\/p>\n<p>&#8211; ENTRE EM CONTATO com a gente. E veja quais s\u00e3o as op\u00e7\u00f5es de ajuda na manuten\u00e7\u00e3o de nossas a\u00e7\u00f5es sociais e culturais. Basta acessar nossa p\u00e1gina <a href=\"https:\/\/www.sabra.org.br\/site\/doe-agora\/\" target=\"_blank\" rel=\"noopener\">Doe Agora!<\/a><\/p>\n<p>&#8211; COMPARTILHE este texto nas suas redes sociais e ajude os seus amigos a tamb\u00e9m dominarem o assunto!<\/p>\n<p>\u2013 Os projetos da @sabrabrasil s\u00e3o realizados com o patroci\u0301nio m\u00e1ster: @vallourec e @institutounimedbh, viabilizado pelo incentivo de mais de 5,2 mil m\u00e9dicos cooperados e colaboradores via Lei de Incentivo \u00e0 Cultura &#8211; @mturismo, @culturagovbr. Apoio: @prefeiturabetim[\/vc_column_text][\/vc_column][\/vc_row]<\/p>\n","protected":false},"excerpt":{"rendered":"<p>A voz baixo possui duas divis\u00f5es distintas: o baixo profundo e a baixo superprofundo. A primeira \u00e9 classificada como uma voz mais forte e potente. A segunda \u00e9 o tipo mais grave que a voz humana pode atingir. Veja mais sobre isso no artigo!<\/p>\n","protected":false},"author":39,"featured_media":5561,"comment_status":"closed","ping_status":"closed","sticky":false,"template":"","format":"standard","meta":{"jetpack_post_was_ever_published":false,"_jetpack_newsletter_access":"","_jetpack_dont_email_post_to_subs":false,"_jetpack_newsletter_tier_id":0,"_jetpack_memberships_contains_paywalled_content":false,"_jetpack_memberships_contains_paid_content":false,"footnotes":""},"categories":[1],"tags":[15,2757,3626,3623,8,3629,1285,3628,16,3519,1286,11,3622,9],"class_list":["post-5560","post","type-post","status-publish","format-standard","has-post-thumbnail","hentry","category-blog-sabra","tag-assistencia-social","tag-belo-horizonte","tag-cabo-frio","tag-campos-dos-goytacazes","tag-canto-coral","tag-contagem","tag-escola-de-musica-sabra","tag-ibirite","tag-musicalizacao-infantil","tag-nova-lima-2","tag-orquestra-infanto-juvenil-de-betim","tag-orquestra-sinfonica-de-betim","tag-raposos","tag-sociedade-artistica-brasileira"],"yoast_head":"<!-- This site is optimized with the Yoast SEO plugin v27.5 - https:\/\/yoast.com\/product\/yoast-seo-wordpress\/ -->\n<title>Voz e suas caracter\u00edsticas na m\u00fasica - SABRA - Sociedade Art\u00edstica Brasileira<\/title>\n<meta name=\"description\" content=\"Explore os tons distintos da voz e as suas classifica\u00e7\u00f5es. Descubra mais sobre a voz baixo e suas caracter\u00edsticas.\" \/>\n<meta name=\"robots\" content=\"index, follow, max-snippet:-1, max-image-preview:large, max-video-preview:-1\" \/>\n<link rel=\"canonical\" href=\"https:\/\/www.sabra.org.br\/site\/voz-baixo\/\" \/>\n<meta property=\"og:locale\" content=\"pt_BR\" \/>\n<meta property=\"og:type\" content=\"article\" \/>\n<meta property=\"og:title\" content=\"Voz e suas caracter\u00edsticas na m\u00fasica - SABRA - Sociedade Art\u00edstica Brasileira\" \/>\n<meta property=\"og:description\" content=\"Explore os tons distintos da voz e as suas classifica\u00e7\u00f5es. Descubra mais sobre a voz baixo e suas caracter\u00edsticas.\" \/>\n<meta property=\"og:url\" content=\"https:\/\/www.sabra.org.br\/site\/voz-baixo\/\" \/>\n<meta property=\"og:site_name\" content=\"SABRA - Sociedade Art\u00edstica Brasileira\" \/>\n<meta property=\"article:publisher\" content=\"https:\/\/www.facebook.com\/sabrabrasil\" \/>\n<meta property=\"article:published_time\" content=\"2022-08-11T12:02:26+00:00\" \/>\n<meta property=\"article:modified_time\" content=\"2025-04-18T21:18:08+00:00\" \/>\n<meta property=\"og:image\" content=\"https:\/\/www.sabra.org.br\/site\/wp-content\/uploads\/2022\/08\/caracteristicas-da-voz-baixo-20220610133935.jpg.jpg\" \/>\n\t<meta property=\"og:image:width\" content=\"800\" \/>\n\t<meta property=\"og:image:height\" content=\"533\" \/>\n\t<meta property=\"og:image:type\" content=\"image\/jpeg\" \/>\n<meta name=\"author\" content=\"M\u00e1rcio Miranda Pontes\" \/>\n<meta name=\"twitter:card\" content=\"summary_large_image\" \/>\n<meta name=\"twitter:creator\" content=\"@ContatoSabra\" \/>\n<meta name=\"twitter:site\" content=\"@ContatoSabra\" \/>\n<meta name=\"twitter:label1\" content=\"Escrito por\" \/>\n\t<meta name=\"twitter:data1\" content=\"M\u00e1rcio Miranda Pontes\" \/>\n\t<meta name=\"twitter:label2\" content=\"Est. tempo de leitura\" \/>\n\t<meta name=\"twitter:data2\" content=\"4 minutos\" \/>\n<script type=\"application\/ld+json\" class=\"yoast-schema-graph\">{\"@context\":\"https:\\\/\\\/schema.org\",\"@graph\":[{\"@type\":\"Article\",\"@id\":\"https:\\\/\\\/www.sabra.org.br\\\/site\\\/voz-baixo\\\/#article\",\"isPartOf\":{\"@id\":\"https:\\\/\\\/www.sabra.org.br\\\/site\\\/voz-baixo\\\/\"},\"author\":{\"name\":\"M\u00e1rcio Miranda Pontes\",\"@id\":\"https:\\\/\\\/www.sabra.org.br\\\/site\\\/#\\\/schema\\\/person\\\/7d1d222c3c8891d4c37c7b41bf6315c2\"},\"headline\":\"Caracter\u00edsticas da voz baixo\",\"datePublished\":\"2022-08-11T12:02:26+00:00\",\"dateModified\":\"2025-04-18T21:18:08+00:00\",\"mainEntityOfPage\":{\"@id\":\"https:\\\/\\\/www.sabra.org.br\\\/site\\\/voz-baixo\\\/\"},\"wordCount\":756,\"publisher\":{\"@id\":\"https:\\\/\\\/www.sabra.org.br\\\/site\\\/#organization\"},\"image\":{\"@id\":\"https:\\\/\\\/www.sabra.org.br\\\/site\\\/voz-baixo\\\/#primaryimage\"},\"thumbnailUrl\":\"https:\\\/\\\/www.sabra.org.br\\\/site\\\/wp-content\\\/uploads\\\/2022\\\/08\\\/caracteristicas-da-voz-baixo-20220610133935.jpg.jpg\",\"keywords\":[\"Assist\u00eancia social\",\"Belo Horizonte\",\"Cabo Frio\",\"Campos dos Goytacazes\",\"Canto Coral\",\"Contagem\",\"Escola de Musica SABRA\",\"Ibirit\u00e9\",\"Musicaliza\u00e7\u00e3o Infantil\",\"nova lima\",\"Orquestra Infanto Juvenil de Betim\",\"Orquestra Sinf\u00f4nica de Betim\",\"Raposos\",\"Sociedade Art\u00edstica Brasileira\"],\"articleSection\":[\"Blog SABRA\"],\"inLanguage\":\"pt-BR\"},{\"@type\":\"WebPage\",\"@id\":\"https:\\\/\\\/www.sabra.org.br\\\/site\\\/voz-baixo\\\/\",\"url\":\"https:\\\/\\\/www.sabra.org.br\\\/site\\\/voz-baixo\\\/\",\"name\":\"Voz e suas caracter\u00edsticas na m\u00fasica - SABRA - Sociedade Art\u00edstica Brasileira\",\"isPartOf\":{\"@id\":\"https:\\\/\\\/www.sabra.org.br\\\/site\\\/#website\"},\"primaryImageOfPage\":{\"@id\":\"https:\\\/\\\/www.sabra.org.br\\\/site\\\/voz-baixo\\\/#primaryimage\"},\"image\":{\"@id\":\"https:\\\/\\\/www.sabra.org.br\\\/site\\\/voz-baixo\\\/#primaryimage\"},\"thumbnailUrl\":\"https:\\\/\\\/www.sabra.org.br\\\/site\\\/wp-content\\\/uploads\\\/2022\\\/08\\\/caracteristicas-da-voz-baixo-20220610133935.jpg.jpg\",\"datePublished\":\"2022-08-11T12:02:26+00:00\",\"dateModified\":\"2025-04-18T21:18:08+00:00\",\"description\":\"Explore os tons distintos da voz e as suas classifica\u00e7\u00f5es. Descubra mais sobre a voz baixo e suas caracter\u00edsticas.\",\"breadcrumb\":{\"@id\":\"https:\\\/\\\/www.sabra.org.br\\\/site\\\/voz-baixo\\\/#breadcrumb\"},\"inLanguage\":\"pt-BR\",\"potentialAction\":[{\"@type\":\"ReadAction\",\"target\":[\"https:\\\/\\\/www.sabra.org.br\\\/site\\\/voz-baixo\\\/\"]}]},{\"@type\":\"ImageObject\",\"inLanguage\":\"pt-BR\",\"@id\":\"https:\\\/\\\/www.sabra.org.br\\\/site\\\/voz-baixo\\\/#primaryimage\",\"url\":\"https:\\\/\\\/www.sabra.org.br\\\/site\\\/wp-content\\\/uploads\\\/2022\\\/08\\\/caracteristicas-da-voz-baixo-20220610133935.jpg.jpg\",\"contentUrl\":\"https:\\\/\\\/www.sabra.org.br\\\/site\\\/wp-content\\\/uploads\\\/2022\\\/08\\\/caracteristicas-da-voz-baixo-20220610133935.jpg.jpg\",\"width\":800,\"height\":533,\"caption\":\"Sociedade Art\u00edstica Brasileira SABRA\"},{\"@type\":\"BreadcrumbList\",\"@id\":\"https:\\\/\\\/www.sabra.org.br\\\/site\\\/voz-baixo\\\/#breadcrumb\",\"itemListElement\":[{\"@type\":\"ListItem\",\"position\":1,\"name\":\"In\u00edcio\",\"item\":\"https:\\\/\\\/www.sabra.org.br\\\/site\\\/\"},{\"@type\":\"ListItem\",\"position\":2,\"name\":\"Caracter\u00edsticas da voz baixo\"}]},{\"@type\":\"WebSite\",\"@id\":\"https:\\\/\\\/www.sabra.org.br\\\/site\\\/#website\",\"url\":\"https:\\\/\\\/www.sabra.org.br\\\/site\\\/\",\"name\":\"SABRA - Sociedade Art\u00edstica Brasileira\",\"description\":\"Escola de M\u00fasica, Orquestra Sinf\u00f4nica, Coral e Patrim\u00f4nio Cultural e Hist\u00f3rico\",\"publisher\":{\"@id\":\"https:\\\/\\\/www.sabra.org.br\\\/site\\\/#organization\"},\"potentialAction\":[{\"@type\":\"SearchAction\",\"target\":{\"@type\":\"EntryPoint\",\"urlTemplate\":\"https:\\\/\\\/www.sabra.org.br\\\/site\\\/?s={search_term_string}\"},\"query-input\":{\"@type\":\"PropertyValueSpecification\",\"valueRequired\":true,\"valueName\":\"search_term_string\"}}],\"inLanguage\":\"pt-BR\"},{\"@type\":\"Organization\",\"@id\":\"https:\\\/\\\/www.sabra.org.br\\\/site\\\/#organization\",\"name\":\"SOCIEDADE ART\u00cdSTICA BRASILEIRA SABRA\",\"alternateName\":\"SABRA\",\"url\":\"https:\\\/\\\/www.sabra.org.br\\\/site\\\/\",\"logo\":{\"@type\":\"ImageObject\",\"inLanguage\":\"pt-BR\",\"@id\":\"https:\\\/\\\/www.sabra.org.br\\\/site\\\/#\\\/schema\\\/logo\\\/image\\\/\",\"url\":\"https:\\\/\\\/www.sabra.org.br\\\/site\\\/wp-content\\\/uploads\\\/2019\\\/06\\\/cropped-Logo_SABRA-Copia-1.webp\",\"contentUrl\":\"https:\\\/\\\/www.sabra.org.br\\\/site\\\/wp-content\\\/uploads\\\/2019\\\/06\\\/cropped-Logo_SABRA-Copia-1.webp\",\"width\":400,\"height\":128,\"caption\":\"SOCIEDADE ART\u00cdSTICA BRASILEIRA SABRA\"},\"image\":{\"@id\":\"https:\\\/\\\/www.sabra.org.br\\\/site\\\/#\\\/schema\\\/logo\\\/image\\\/\"},\"sameAs\":[\"https:\\\/\\\/www.facebook.com\\\/sabrabrasil\",\"https:\\\/\\\/x.com\\\/ContatoSabra\",\"https:\\\/\\\/www.instagram.com\\\/sabrabrasil\\\/\",\"https:\\\/\\\/www.linkedin.com\\\/company\\\/25002088\\\/\",\"https:\\\/\\\/br.pinterest.com\\\/sociedadeartisticabrasileira\\\/\",\"https:\\\/\\\/www.youtube.com\\\/c\\\/sabrabrasil\"]},{\"@type\":\"Person\",\"@id\":\"https:\\\/\\\/www.sabra.org.br\\\/site\\\/#\\\/schema\\\/person\\\/7d1d222c3c8891d4c37c7b41bf6315c2\",\"name\":\"M\u00e1rcio Miranda Pontes\",\"image\":{\"@type\":\"ImageObject\",\"inLanguage\":\"pt-BR\",\"@id\":\"https:\\\/\\\/secure.gravatar.com\\\/avatar\\\/3b45f24496a7625a3a6c436688fbe20344faaeb2979658dc4a9921f984d7df9a?s=96&d=mm&r=g\",\"url\":\"https:\\\/\\\/secure.gravatar.com\\\/avatar\\\/3b45f24496a7625a3a6c436688fbe20344faaeb2979658dc4a9921f984d7df9a?s=96&d=mm&r=g\",\"contentUrl\":\"https:\\\/\\\/secure.gravatar.com\\\/avatar\\\/3b45f24496a7625a3a6c436688fbe20344faaeb2979658dc4a9921f984d7df9a?s=96&d=mm&r=g\",\"caption\":\"M\u00e1rcio Miranda Pontes\"},\"sameAs\":[\"http:\\\/\\\/www.sabra.org.br\"],\"url\":\"https:\\\/\\\/www.sabra.org.br\\\/site\\\/author\\\/marcio-miranda-pontes\\\/\"}]}<\/script>\n<!-- \/ Yoast SEO plugin. -->","yoast_head_json":{"title":"Voz e suas caracter\u00edsticas na m\u00fasica - SABRA - Sociedade Art\u00edstica Brasileira","description":"Explore os tons distintos da voz e as suas classifica\u00e7\u00f5es. Descubra mais sobre a voz baixo e suas caracter\u00edsticas.","robots":{"index":"index","follow":"follow","max-snippet":"max-snippet:-1","max-image-preview":"max-image-preview:large","max-video-preview":"max-video-preview:-1"},"canonical":"https:\/\/www.sabra.org.br\/site\/voz-baixo\/","og_locale":"pt_BR","og_type":"article","og_title":"Voz e suas caracter\u00edsticas na m\u00fasica - SABRA - Sociedade Art\u00edstica Brasileira","og_description":"Explore os tons distintos da voz e as suas classifica\u00e7\u00f5es. Descubra mais sobre a voz baixo e suas caracter\u00edsticas.","og_url":"https:\/\/www.sabra.org.br\/site\/voz-baixo\/","og_site_name":"SABRA - Sociedade Art\u00edstica Brasileira","article_publisher":"https:\/\/www.facebook.com\/sabrabrasil","article_published_time":"2022-08-11T12:02:26+00:00","article_modified_time":"2025-04-18T21:18:08+00:00","og_image":[{"width":800,"height":533,"url":"https:\/\/www.sabra.org.br\/site\/wp-content\/uploads\/2022\/08\/caracteristicas-da-voz-baixo-20220610133935.jpg.jpg","type":"image\/jpeg"}],"author":"M\u00e1rcio Miranda Pontes","twitter_card":"summary_large_image","twitter_creator":"@ContatoSabra","twitter_site":"@ContatoSabra","twitter_misc":{"Escrito por":"M\u00e1rcio Miranda Pontes","Est. tempo de leitura":"4 minutos"},"schema":{"@context":"https:\/\/schema.org","@graph":[{"@type":"Article","@id":"https:\/\/www.sabra.org.br\/site\/voz-baixo\/#article","isPartOf":{"@id":"https:\/\/www.sabra.org.br\/site\/voz-baixo\/"},"author":{"name":"M\u00e1rcio Miranda Pontes","@id":"https:\/\/www.sabra.org.br\/site\/#\/schema\/person\/7d1d222c3c8891d4c37c7b41bf6315c2"},"headline":"Caracter\u00edsticas da voz baixo","datePublished":"2022-08-11T12:02:26+00:00","dateModified":"2025-04-18T21:18:08+00:00","mainEntityOfPage":{"@id":"https:\/\/www.sabra.org.br\/site\/voz-baixo\/"},"wordCount":756,"publisher":{"@id":"https:\/\/www.sabra.org.br\/site\/#organization"},"image":{"@id":"https:\/\/www.sabra.org.br\/site\/voz-baixo\/#primaryimage"},"thumbnailUrl":"https:\/\/www.sabra.org.br\/site\/wp-content\/uploads\/2022\/08\/caracteristicas-da-voz-baixo-20220610133935.jpg.jpg","keywords":["Assist\u00eancia social","Belo Horizonte","Cabo Frio","Campos dos Goytacazes","Canto Coral","Contagem","Escola de Musica SABRA","Ibirit\u00e9","Musicaliza\u00e7\u00e3o Infantil","nova lima","Orquestra Infanto Juvenil de Betim","Orquestra Sinf\u00f4nica de Betim","Raposos","Sociedade Art\u00edstica Brasileira"],"articleSection":["Blog SABRA"],"inLanguage":"pt-BR"},{"@type":"WebPage","@id":"https:\/\/www.sabra.org.br\/site\/voz-baixo\/","url":"https:\/\/www.sabra.org.br\/site\/voz-baixo\/","name":"Voz e suas caracter\u00edsticas na m\u00fasica - SABRA - Sociedade Art\u00edstica Brasileira","isPartOf":{"@id":"https:\/\/www.sabra.org.br\/site\/#website"},"primaryImageOfPage":{"@id":"https:\/\/www.sabra.org.br\/site\/voz-baixo\/#primaryimage"},"image":{"@id":"https:\/\/www.sabra.org.br\/site\/voz-baixo\/#primaryimage"},"thumbnailUrl":"https:\/\/www.sabra.org.br\/site\/wp-content\/uploads\/2022\/08\/caracteristicas-da-voz-baixo-20220610133935.jpg.jpg","datePublished":"2022-08-11T12:02:26+00:00","dateModified":"2025-04-18T21:18:08+00:00","description":"Explore os tons distintos da voz e as suas classifica\u00e7\u00f5es. Descubra mais sobre a voz baixo e suas caracter\u00edsticas.","breadcrumb":{"@id":"https:\/\/www.sabra.org.br\/site\/voz-baixo\/#breadcrumb"},"inLanguage":"pt-BR","potentialAction":[{"@type":"ReadAction","target":["https:\/\/www.sabra.org.br\/site\/voz-baixo\/"]}]},{"@type":"ImageObject","inLanguage":"pt-BR","@id":"https:\/\/www.sabra.org.br\/site\/voz-baixo\/#primaryimage","url":"https:\/\/www.sabra.org.br\/site\/wp-content\/uploads\/2022\/08\/caracteristicas-da-voz-baixo-20220610133935.jpg.jpg","contentUrl":"https:\/\/www.sabra.org.br\/site\/wp-content\/uploads\/2022\/08\/caracteristicas-da-voz-baixo-20220610133935.jpg.jpg","width":800,"height":533,"caption":"Sociedade Art\u00edstica Brasileira SABRA"},{"@type":"BreadcrumbList","@id":"https:\/\/www.sabra.org.br\/site\/voz-baixo\/#breadcrumb","itemListElement":[{"@type":"ListItem","position":1,"name":"In\u00edcio","item":"https:\/\/www.sabra.org.br\/site\/"},{"@type":"ListItem","position":2,"name":"Caracter\u00edsticas da voz baixo"}]},{"@type":"WebSite","@id":"https:\/\/www.sabra.org.br\/site\/#website","url":"https:\/\/www.sabra.org.br\/site\/","name":"SABRA - Sociedade Art\u00edstica Brasileira","description":"Escola de M\u00fasica, Orquestra Sinf\u00f4nica, Coral e Patrim\u00f4nio Cultural e Hist\u00f3rico","publisher":{"@id":"https:\/\/www.sabra.org.br\/site\/#organization"},"potentialAction":[{"@type":"SearchAction","target":{"@type":"EntryPoint","urlTemplate":"https:\/\/www.sabra.org.br\/site\/?s={search_term_string}"},"query-input":{"@type":"PropertyValueSpecification","valueRequired":true,"valueName":"search_term_string"}}],"inLanguage":"pt-BR"},{"@type":"Organization","@id":"https:\/\/www.sabra.org.br\/site\/#organization","name":"SOCIEDADE ART\u00cdSTICA BRASILEIRA SABRA","alternateName":"SABRA","url":"https:\/\/www.sabra.org.br\/site\/","logo":{"@type":"ImageObject","inLanguage":"pt-BR","@id":"https:\/\/www.sabra.org.br\/site\/#\/schema\/logo\/image\/","url":"https:\/\/www.sabra.org.br\/site\/wp-content\/uploads\/2019\/06\/cropped-Logo_SABRA-Copia-1.webp","contentUrl":"https:\/\/www.sabra.org.br\/site\/wp-content\/uploads\/2019\/06\/cropped-Logo_SABRA-Copia-1.webp","width":400,"height":128,"caption":"SOCIEDADE ART\u00cdSTICA BRASILEIRA SABRA"},"image":{"@id":"https:\/\/www.sabra.org.br\/site\/#\/schema\/logo\/image\/"},"sameAs":["https:\/\/www.facebook.com\/sabrabrasil","https:\/\/x.com\/ContatoSabra","https:\/\/www.instagram.com\/sabrabrasil\/","https:\/\/www.linkedin.com\/company\/25002088\/","https:\/\/br.pinterest.com\/sociedadeartisticabrasileira\/","https:\/\/www.youtube.com\/c\/sabrabrasil"]},{"@type":"Person","@id":"https:\/\/www.sabra.org.br\/site\/#\/schema\/person\/7d1d222c3c8891d4c37c7b41bf6315c2","name":"M\u00e1rcio Miranda Pontes","image":{"@type":"ImageObject","inLanguage":"pt-BR","@id":"https:\/\/secure.gravatar.com\/avatar\/3b45f24496a7625a3a6c436688fbe20344faaeb2979658dc4a9921f984d7df9a?s=96&d=mm&r=g","url":"https:\/\/secure.gravatar.com\/avatar\/3b45f24496a7625a3a6c436688fbe20344faaeb2979658dc4a9921f984d7df9a?s=96&d=mm&r=g","contentUrl":"https:\/\/secure.gravatar.com\/avatar\/3b45f24496a7625a3a6c436688fbe20344faaeb2979658dc4a9921f984d7df9a?s=96&d=mm&r=g","caption":"M\u00e1rcio Miranda Pontes"},"sameAs":["http:\/\/www.sabra.org.br"],"url":"https:\/\/www.sabra.org.br\/site\/author\/marcio-miranda-pontes\/"}]}},"jetpack_featured_media_url":"https:\/\/www.sabra.org.br\/site\/wp-content\/uploads\/2022\/08\/caracteristicas-da-voz-baixo-20220610133935.jpg.jpg","jetpack_shortlink":"https:\/\/wp.me\/p95j2Z-1rG","jetpack-related-posts":[{"id":5178,"url":"https:\/\/www.sabra.org.br\/site\/mezzo-soprano\/","url_meta":{"origin":5560,"position":0},"title":"Caracter\u00edsticas da voz mezzo-soprano","author":"M\u00e1rcio Miranda Pontes","date":"3 de junho de 2022","format":false,"excerpt":"Voc\u00ea provavelmente j\u00e1 ouviu falar em pessoas que possuem um tipo de voz conhecida como soprano. Mas, voc\u00ea sabe o que \u00e9 um mezzo-soprano? Descubra agora mesmo no nosso artigo a seguir!","rel":"","context":"Em &quot;Blog SABRA&quot;","block_context":{"text":"Blog SABRA","link":"https:\/\/www.sabra.org.br\/site\/category\/blog-sabra\/"},"img":{"alt_text":"voz-mezzo-soprano","src":"https:\/\/i0.wp.com\/www.sabra.org.br\/site\/wp-content\/uploads\/2022\/06\/caracteristicas-da-voz-mezzo-soprano-20220210110336.jpg.jpg?resize=350%2C200&ssl=1","width":350,"height":200,"srcset":"https:\/\/i0.wp.com\/www.sabra.org.br\/site\/wp-content\/uploads\/2022\/06\/caracteristicas-da-voz-mezzo-soprano-20220210110336.jpg.jpg?resize=350%2C200&ssl=1 1x, https:\/\/i0.wp.com\/www.sabra.org.br\/site\/wp-content\/uploads\/2022\/06\/caracteristicas-da-voz-mezzo-soprano-20220210110336.jpg.jpg?resize=525%2C300&ssl=1 1.5x, https:\/\/i0.wp.com\/www.sabra.org.br\/site\/wp-content\/uploads\/2022\/06\/caracteristicas-da-voz-mezzo-soprano-20220210110336.jpg.jpg?resize=700%2C400&ssl=1 2x"},"classes":[]},{"id":5008,"url":"https:\/\/www.sabra.org.br\/site\/soprano\/","url_meta":{"origin":5560,"position":1},"title":"Caracter\u00edsticas da voz soprano","author":"M\u00e1rcio Miranda Pontes","date":"25 de abril de 2022","format":false,"excerpt":"Soprano \u00e9 a classifica\u00e7\u00e3o vocal feminina mais aguda. Apesar de n\u00e3o ser t\u00e3o comum na m\u00fasica popular, ela \u00e9 destaque no teatro e na \u00f3pera. Leia o texto para conhecer melhor essa voz.","rel":"","context":"Em &quot;Blog SABRA&quot;","block_context":{"text":"Blog SABRA","link":"https:\/\/www.sabra.org.br\/site\/category\/blog-sabra\/"},"img":{"alt_text":"soprano-voz-classifica\u00e7\u00f5es-aguda","src":"https:\/\/i0.wp.com\/www.sabra.org.br\/site\/wp-content\/uploads\/2022\/04\/x-caracteristicas-da-voz-da-soprano-20211111161807.jpg.jpg?resize=350%2C200&ssl=1","width":350,"height":200,"srcset":"https:\/\/i0.wp.com\/www.sabra.org.br\/site\/wp-content\/uploads\/2022\/04\/x-caracteristicas-da-voz-da-soprano-20211111161807.jpg.jpg?resize=350%2C200&ssl=1 1x, https:\/\/i0.wp.com\/www.sabra.org.br\/site\/wp-content\/uploads\/2022\/04\/x-caracteristicas-da-voz-da-soprano-20211111161807.jpg.jpg?resize=525%2C300&ssl=1 1.5x, https:\/\/i0.wp.com\/www.sabra.org.br\/site\/wp-content\/uploads\/2022\/04\/x-caracteristicas-da-voz-da-soprano-20211111161807.jpg.jpg?resize=700%2C400&ssl=1 2x"},"classes":[]},{"id":3191,"url":"https:\/\/www.sabra.org.br\/site\/vozes-raras\/","url_meta":{"origin":5560,"position":2},"title":"Vozes raras","author":"M\u00e1rcio Miranda Pontes","date":"22 de outubro de 2020","format":false,"excerpt":"J\u00e1 parou para pensar nas vozes mais raras que existem? Saiba que dentro da classifica\u00e7\u00e3o de vozes temos algumas mais dif\u00edceis de encontrar. Leia o artigo e saiba quais s\u00e3o elas!","rel":"","context":"Em &quot;Blog SABRA&quot;","block_context":{"text":"Blog SABRA","link":"https:\/\/www.sabra.org.br\/site\/category\/blog-sabra\/"},"img":{"alt_text":"vozes-raras","src":"https:\/\/i0.wp.com\/www.sabra.org.br\/site\/wp-content\/uploads\/2020\/10\/voce-sabe-quais-os-tipos-de-vozes-mais-raras-que-existem-20201001161911.jpg.jpg?resize=350%2C200&ssl=1","width":350,"height":200,"srcset":"https:\/\/i0.wp.com\/www.sabra.org.br\/site\/wp-content\/uploads\/2020\/10\/voce-sabe-quais-os-tipos-de-vozes-mais-raras-que-existem-20201001161911.jpg.jpg?resize=350%2C200&ssl=1 1x, https:\/\/i0.wp.com\/www.sabra.org.br\/site\/wp-content\/uploads\/2020\/10\/voce-sabe-quais-os-tipos-de-vozes-mais-raras-que-existem-20201001161911.jpg.jpg?resize=525%2C300&ssl=1 1.5x, https:\/\/i0.wp.com\/www.sabra.org.br\/site\/wp-content\/uploads\/2020\/10\/voce-sabe-quais-os-tipos-de-vozes-mais-raras-que-existem-20201001161911.jpg.jpg?resize=700%2C400&ssl=1 2x"},"classes":[]},{"id":4795,"url":"https:\/\/www.sabra.org.br\/site\/voz-tenor\/","url_meta":{"origin":5560,"position":3},"title":"Caracter\u00edsticas da voz do tenor","author":"M\u00e1rcio Miranda Pontes","date":"4 de mar\u00e7o de 2022","format":false,"excerpt":"Alcance mais agudo entre os vocais masculinos, o tenor apresenta caracter\u00edsticas particulares, que o distinguem do bar\u00edtono e do baixo, outras classifica\u00e7\u00f5es de vozes masculinas. Conhe\u00e7a um pouco mais sobre a voz do tenor.","rel":"","context":"Em &quot;Blog SABRA&quot;","block_context":{"text":"Blog SABRA","link":"https:\/\/www.sabra.org.br\/site\/category\/blog-sabra\/"},"img":{"alt_text":"tenor-voz-aguda-masculina-masculino-agudo","src":"https:\/\/i0.wp.com\/www.sabra.org.br\/site\/wp-content\/uploads\/2022\/03\/caracteristicas-da-voz-do-tenor-20220208141739.jpg.jpg?resize=350%2C200&ssl=1","width":350,"height":200,"srcset":"https:\/\/i0.wp.com\/www.sabra.org.br\/site\/wp-content\/uploads\/2022\/03\/caracteristicas-da-voz-do-tenor-20220208141739.jpg.jpg?resize=350%2C200&ssl=1 1x, https:\/\/i0.wp.com\/www.sabra.org.br\/site\/wp-content\/uploads\/2022\/03\/caracteristicas-da-voz-do-tenor-20220208141739.jpg.jpg?resize=525%2C300&ssl=1 1.5x, https:\/\/i0.wp.com\/www.sabra.org.br\/site\/wp-content\/uploads\/2022\/03\/caracteristicas-da-voz-do-tenor-20220208141739.jpg.jpg?resize=700%2C400&ssl=1 2x, https:\/\/i0.wp.com\/www.sabra.org.br\/site\/wp-content\/uploads\/2022\/03\/caracteristicas-da-voz-do-tenor-20220208141739.jpg.jpg?resize=1050%2C600&ssl=1 3x"},"classes":[]},{"id":3188,"url":"https:\/\/www.sabra.org.br\/site\/violao-violino-e-violoncelo\/","url_meta":{"origin":5560,"position":4},"title":"Viol\u00e3o, violino e violoncelo","author":"M\u00e1rcio Miranda Pontes","date":"21 de outubro de 2020","format":false,"excerpt":"Os instrumentos de corda possuem caracter\u00edsticas \u00fanicas, que influenciam na produ\u00e7\u00e3o do som e forma de aprendizado. Neste artigo, respondemos a d\u00favida de quantas cordas possuem o viol\u00e3o, violino e violoncelo, e separamos algumas curiosidades e particularidades de cada um. Confira.","rel":"","context":"Em &quot;Blog SABRA&quot;","block_context":{"text":"Blog SABRA","link":"https:\/\/www.sabra.org.br\/site\/category\/blog-sabra\/"},"img":{"alt_text":"viol\u00e3o-violino-violoncelo-instrumento-corda","src":"https:\/\/i0.wp.com\/www.sabra.org.br\/site\/wp-content\/uploads\/2020\/10\/violao-violino-e-violoncelo-quantas-cordas-cada-um-possui-20201001161911.jpg.jpg?resize=350%2C200&ssl=1","width":350,"height":200,"srcset":"https:\/\/i0.wp.com\/www.sabra.org.br\/site\/wp-content\/uploads\/2020\/10\/violao-violino-e-violoncelo-quantas-cordas-cada-um-possui-20201001161911.jpg.jpg?resize=350%2C200&ssl=1 1x, https:\/\/i0.wp.com\/www.sabra.org.br\/site\/wp-content\/uploads\/2020\/10\/violao-violino-e-violoncelo-quantas-cordas-cada-um-possui-20201001161911.jpg.jpg?resize=525%2C300&ssl=1 1.5x, https:\/\/i0.wp.com\/www.sabra.org.br\/site\/wp-content\/uploads\/2020\/10\/violao-violino-e-violoncelo-quantas-cordas-cada-um-possui-20201001161911.jpg.jpg?resize=700%2C400&ssl=1 2x"},"classes":[]},{"id":5050,"url":"https:\/\/www.sabra.org.br\/site\/extensao-vocal\/","url_meta":{"origin":5560,"position":5},"title":"Extens\u00e3o vocal: descubra seu estilo vocal","author":"M\u00e1rcio Miranda Pontes","date":"6 de maio de 2022","format":false,"excerpt":"Voc\u00ea j\u00e1 sabe qual \u00e9 o seu estilo vocal? Acompanhe este artigo e descubra as principais informa\u00e7\u00f5es sobre extens\u00e3o vocal e entenda como voc\u00ea pode descobrir qual \u00e9 a sua!","rel":"","context":"Em &quot;Blog SABRA&quot;","block_context":{"text":"Blog SABRA","link":"https:\/\/www.sabra.org.br\/site\/category\/blog-sabra\/"},"img":{"alt_text":"extens\u00e3o-vocal-pessoa-voz-nota","src":"https:\/\/i0.wp.com\/www.sabra.org.br\/site\/wp-content\/uploads\/2022\/05\/extensao-vocal-descubra-seu-estilo-vocal-20210723092324.jpg.jpg?resize=350%2C200&ssl=1","width":350,"height":200,"srcset":"https:\/\/i0.wp.com\/www.sabra.org.br\/site\/wp-content\/uploads\/2022\/05\/extensao-vocal-descubra-seu-estilo-vocal-20210723092324.jpg.jpg?resize=350%2C200&ssl=1 1x, https:\/\/i0.wp.com\/www.sabra.org.br\/site\/wp-content\/uploads\/2022\/05\/extensao-vocal-descubra-seu-estilo-vocal-20210723092324.jpg.jpg?resize=525%2C300&ssl=1 1.5x, https:\/\/i0.wp.com\/www.sabra.org.br\/site\/wp-content\/uploads\/2022\/05\/extensao-vocal-descubra-seu-estilo-vocal-20210723092324.jpg.jpg?resize=700%2C400&ssl=1 2x"},"classes":[]}],"jetpack_likes_enabled":true,"jetpack_sharing_enabled":true,"_links":{"self":[{"href":"https:\/\/www.sabra.org.br\/site\/wp-json\/wp\/v2\/posts\/5560","targetHints":{"allow":["GET"]}}],"collection":[{"href":"https:\/\/www.sabra.org.br\/site\/wp-json\/wp\/v2\/posts"}],"about":[{"href":"https:\/\/www.sabra.org.br\/site\/wp-json\/wp\/v2\/types\/post"}],"author":[{"embeddable":true,"href":"https:\/\/www.sabra.org.br\/site\/wp-json\/wp\/v2\/users\/39"}],"replies":[{"embeddable":true,"href":"https:\/\/www.sabra.org.br\/site\/wp-json\/wp\/v2\/comments?post=5560"}],"version-history":[{"count":0,"href":"https:\/\/www.sabra.org.br\/site\/wp-json\/wp\/v2\/posts\/5560\/revisions"}],"wp:featuredmedia":[{"embeddable":true,"href":"https:\/\/www.sabra.org.br\/site\/wp-json\/wp\/v2\/media\/5561"}],"wp:attachment":[{"href":"https:\/\/www.sabra.org.br\/site\/wp-json\/wp\/v2\/media?parent=5560"}],"wp:term":[{"taxonomy":"category","embeddable":true,"href":"https:\/\/www.sabra.org.br\/site\/wp-json\/wp\/v2\/categories?post=5560"},{"taxonomy":"post_tag","embeddable":true,"href":"https:\/\/www.sabra.org.br\/site\/wp-json\/wp\/v2\/tags?post=5560"}],"curies":[{"name":"wp","href":"https:\/\/api.w.org\/{rel}","templated":true}]}}