{"id":5594,"date":"2022-08-13T14:44:55","date_gmt":"2022-08-13T17:44:55","guid":{"rendered":"https:\/\/www.sabra.org.br\/site\/?p=5594"},"modified":"2022-08-13T14:44:55","modified_gmt":"2022-08-13T17:44:55","slug":"spalla-orquestra","status":"publish","type":"post","link":"https:\/\/www.sabra.org.br\/site\/spalla-orquestra\/","title":{"rendered":"O que \u00e9 o spalla de uma orquestra?"},"content":{"rendered":"<p>[vc_row][vc_column][vc_column_text]Ao falar sobre orquestras, um dos primeiros assuntos s\u00e3o duas figuras essenciais e centrais: o maestro e o spalla. Cada um deles possui uma fun\u00e7\u00e3o distinta e os seus pap\u00e9is s\u00e3o de grande import\u00e2ncia para a orquestra.<\/p>\n<p>Dessa forma, para entender como \u00e9 organizada uma orquestra e todos os seus detalhes, \u00e9 preciso primeiramente compreender a import\u00e2ncia e as a\u00e7\u00f5es desempenhadas por essas duas figuras de destaque.<\/p>\n<p>O spalla, para o p\u00fablico geral, pode ser menos conhecido de nome, visto que o maestro rege a orquestra e \u00e9 visto pelos espectadores como central durante os espet\u00e1culos. Entretanto, o spalla tem uma import\u00e2ncia semelhante.<\/p>\n<p>Conhe\u00e7a mais sobre eles!<\/p>\n<h2>O que \u00e9 o spalla?<\/h2>\n<p>Para as pessoas que n\u00e3o possuem conhecimento aprofundado sobre a composi\u00e7\u00e3o de uma orquestra, a figura central e de maior destaque \u00e9 o maestro. Mas outro de igual import\u00e2ncia tamb\u00e9m assume uma posi\u00e7\u00e3o de destaque: o spalla.<\/p>\n<p>Em alguns casos, ele tamb\u00e9m pode ser chamado de chefe de naipe de todos os instrumentos de corda que comp\u00f5em a orquestra. Portanto, assim como o maestro, o spalla assume uma posi\u00e7\u00e3o de destaque e \u00e9 o primeiro violino da orquestra.<\/p>\n<p>Assim, o spalla entra no palco ap\u00f3s todos os outros m\u00fasicos j\u00e1 terem entrado e assumido as suas posi\u00e7\u00f5es corretas. Em seguida, ele d\u00e1 in\u00edcio \u00e0 afina\u00e7\u00e3o e libera a entrada do maestro para que seja iniciada a apresenta\u00e7\u00e3o.<\/p>\n<p>O nome spalla \u00e9 de origem italiana e vem de um termo usado na regi\u00e3o, attore di spalla. O significado para essa express\u00e3o, em uma tradu\u00e7\u00e3o literal, \u00e9 algo como \u201capoia o ator principal\u201d. Dessa forma, atrav\u00e9s do significado da express\u00e3o d\u00e1 para entender a atua\u00e7\u00e3o do spalla na orquestra.<\/p>\n<p>Isso porque pela express\u00e3o entende-se que o spalla serve como um apoio para o maestro, como se ele fosse o bra\u00e7o direito ao longo de toda a apresenta\u00e7\u00e3o juntamente com a figura imponente do maestro que vai reger todos os outros m\u00fasicos.<\/p>\n<h2>Onde o spalla fica posicionado?<\/h2>\n<p>N\u00e3o \u00e9 muito dif\u00edcil visualizar o spalla ao longo de uma apresenta\u00e7\u00e3o porque ele entra sozinho ap\u00f3s todos os outros m\u00fasicos e libera a entrada do maestro para que a apresenta\u00e7\u00e3o se inicie.<\/p>\n<p>Mas, a posi\u00e7\u00e3o correta de um spalla em uma apresenta\u00e7\u00e3o de orquestra \u00e9 ao lado esquerdo do maestro, onde ele estar\u00e1 sentado na primeira cadeira de violino. Portanto, fica \u00e0 frente de todos os m\u00fasicos e em um posicionamento que mostra o seu apoio ao maestro.<\/p>\n<h2>Qual a import\u00e2ncia do spalla para a orquestra?<\/h2>\n<p>O spalla, assim como o maestro, \u00e9 um m\u00fasico que possui destaque na apresenta\u00e7\u00e3o de uma orquestra. Mas existem outros pontos a se considerar a respeito da sua import\u00e2ncia nos demais momentos.<\/p>\n<p>Como o spalla serve de apoio, como se fosse o \u201cbra\u00e7o direito\u201d do maestro, ele \u00e9 quem constr\u00f3i um di\u00e1logo com o maestro ao longo da apresenta\u00e7\u00e3o. Desse modo, serve para definir uma ponte entre o maestro e a orquestra de modo geral.<\/p>\n<p>Al\u00e9m de garantir este di\u00e1logo, o spalla tamb\u00e9m \u00e9 respons\u00e1vel pela afina\u00e7\u00e3o da orquestra. Por fim, ele tamb\u00e9m fica com as partes solistas de violino ao longo de uma pe\u00e7a.<\/p>\n<blockquote class=\"wp-embedded-content\" data-secret=\"I0wUbKZfcn\"><p><a href=\"https:\/\/www.sabra.org.br\/site\/voce-entende-o-maestro-e-seus-gestos\/\">Voc\u00ea entende o Maestro e seus gestos?<\/a><\/p><\/blockquote>\n<p><iframe class=\"wp-embedded-content\" sandbox=\"allow-scripts\" security=\"restricted\" style=\"position: absolute; clip: rect(1px, 1px, 1px, 1px);\" title=\"&#8220;Voc\u00ea entende o Maestro e seus gestos?&#8221; &#8212; SABRA - Sociedade Art\u00edstica Brasileira\" src=\"https:\/\/www.sabra.org.br\/site\/voce-entende-o-maestro-e-seus-gestos\/embed\/#?secret=lvWKWlifW0#?secret=I0wUbKZfcn\" data-secret=\"I0wUbKZfcn\" width=\"600\" height=\"338\" frameborder=\"0\" marginwidth=\"0\" marginheight=\"0\" scrolling=\"no\"><\/iframe><\/p>\n<hr \/>\n<h2>Se voc\u00ea gostou deste post:<\/h2>\n<p>&#8211; SIGA as nossas p\u00e1ginas nas redes sociais para acompanhar as nossas atualiza\u00e7\u00f5es: estamos no <a href=\"https:\/\/www.facebook.com\/sabrabrasil\" target=\"_blank\" rel=\"noopener\">Facebook<\/a>, no <a href=\"https:\/\/www.instagram.com\/sabrabrasil\/\" target=\"_blank\" rel=\"noopener\">Instagram<\/a>, no <a href=\"https:\/\/www.linkedin.com\/company\/25002088\" target=\"_blank\" rel=\"noopener\">LinkedIn<\/a>, no <a href=\"https:\/\/twitter.com\/ContatoSabra\" target=\"_blank\" rel=\"noopener\">Twitter<\/a> e no <a href=\"https:\/\/www.youtube.com\/channel\/UCJw-kbuEvzUNdeQf20Pa-eQ\" target=\"_blank\" rel=\"noopener\">YouTube<\/a>!<\/p>\n<p>&#8211; CONHE\u00c7A o trabalho da Sociedade Art\u00edstica Brasileira (SABRA) e todas as iniciativas culturais e sociais que ela mant\u00e9m. <a href=\"https:\/\/www.sabra.org.br\/site\/acoes\/\" target=\"_blank\" rel=\"noopener\">Acesse nosso site!<\/a><\/p>\n<p>&#8211; ENTRE EM CONTATO com a gente. E veja quais s\u00e3o as op\u00e7\u00f5es de ajuda na manuten\u00e7\u00e3o de nossas a\u00e7\u00f5es sociais e culturais. Basta acessar nossa p\u00e1gina <a href=\"https:\/\/www.sabra.org.br\/site\/doe-agora\/\" target=\"_blank\" rel=\"noopener\">Doe Agora!<\/a><\/p>\n<p>&#8211; COMPARTILHE este texto nas suas redes sociais e ajude os seus amigos a tamb\u00e9m dominarem o assunto!<\/p>\n<p>\u2013 Os projetos da @sabrabrasil s\u00e3o realizados com o patroci\u0301nio m\u00e1ster: @vallourec e @institutounimedbh, viabilizado pelo incentivo de mais de 5,2 mil m\u00e9dicos cooperados e colaboradores via Lei de Incentivo \u00e0 Cultura &#8211; @mturismo, @culturagovbr. Apoio: @prefeiturabetim[\/vc_column_text][\/vc_column][\/vc_row]<\/p>\n","protected":false},"excerpt":{"rendered":"<p>Ao falar sobre orquestras, duas figuras s\u00e3o essenciais e centrais: o maestro e o spalla. Fun\u00e7\u00f5es distintas e seus pap\u00e9is s\u00e3o de grande import\u00e2ncia para a orquestra. Veja mais sobre isso no artigo!<\/p>\n","protected":false},"author":39,"featured_media":5595,"comment_status":"closed","ping_status":"closed","sticky":false,"template":"","format":"standard","meta":{"jetpack_post_was_ever_published":false,"_jetpack_newsletter_access":"","_jetpack_dont_email_post_to_subs":false,"_jetpack_newsletter_tier_id":0,"_jetpack_memberships_contains_paywalled_content":false,"_jetpack_memberships_contains_paid_content":false,"footnotes":""},"categories":[1],"tags":[15,2757,3626,3623,8,3629,1285,3628,16,3519,1286,11,3622,9],"class_list":["post-5594","post","type-post","status-publish","format-standard","has-post-thumbnail","hentry","category-blog-sabra","tag-assistencia-social","tag-belo-horizonte","tag-cabo-frio","tag-campos-dos-goytacazes","tag-canto-coral","tag-contagem","tag-escola-de-musica-sabra","tag-ibirite","tag-musicalizacao-infantil","tag-nova-lima-2","tag-orquestra-infanto-juvenil-de-betim","tag-orquestra-sinfonica-de-betim","tag-raposos","tag-sociedade-artistica-brasileira"],"yoast_head":"<!-- This site is optimized with the Yoast SEO plugin v27.5 - https:\/\/yoast.com\/product\/yoast-seo-wordpress\/ -->\n<title>O que \u00e9 o spalla de uma orquestra? - SABRA - Sociedade Art\u00edstica Brasileira<\/title>\n<meta name=\"description\" content=\"Ao falar sobre orquestras, duas figuras s\u00e3o essenciais e centrais: o maestro e o spalla. Fun\u00e7\u00f5es distintas de import\u00e2ncia para a orquestra.\" \/>\n<meta name=\"robots\" content=\"index, follow, max-snippet:-1, max-image-preview:large, max-video-preview:-1\" \/>\n<link rel=\"canonical\" href=\"https:\/\/www.sabra.org.br\/site\/spalla-orquestra\/\" \/>\n<meta property=\"og:locale\" content=\"pt_BR\" \/>\n<meta property=\"og:type\" content=\"article\" \/>\n<meta property=\"og:title\" content=\"O que \u00e9 o spalla de uma orquestra? - SABRA - Sociedade Art\u00edstica Brasileira\" \/>\n<meta property=\"og:description\" content=\"Ao falar sobre orquestras, duas figuras s\u00e3o essenciais e centrais: o maestro e o spalla. Fun\u00e7\u00f5es distintas de import\u00e2ncia para a orquestra.\" \/>\n<meta property=\"og:url\" content=\"https:\/\/www.sabra.org.br\/site\/spalla-orquestra\/\" \/>\n<meta property=\"og:site_name\" content=\"SABRA - Sociedade Art\u00edstica Brasileira\" \/>\n<meta property=\"article:publisher\" content=\"https:\/\/www.facebook.com\/sabrabrasil\" \/>\n<meta property=\"article:published_time\" content=\"2022-08-13T17:44:55+00:00\" \/>\n<meta property=\"og:image\" content=\"https:\/\/i0.wp.com\/www.sabra.org.br\/site\/wp-content\/uploads\/2022\/08\/o-que-e-o-spalla-de-uma-orquestra-20220610133935.jpg.jpg?fit=800%2C421&ssl=1\" \/>\n\t<meta property=\"og:image:width\" content=\"800\" \/>\n\t<meta property=\"og:image:height\" content=\"421\" \/>\n\t<meta property=\"og:image:type\" content=\"image\/jpeg\" \/>\n<meta name=\"author\" content=\"M\u00e1rcio Miranda Pontes\" \/>\n<meta name=\"twitter:card\" content=\"summary_large_image\" \/>\n<meta name=\"twitter:creator\" content=\"@ContatoSabra\" \/>\n<meta name=\"twitter:site\" content=\"@ContatoSabra\" \/>\n<meta name=\"twitter:label1\" content=\"Escrito por\" \/>\n\t<meta name=\"twitter:data1\" content=\"M\u00e1rcio Miranda Pontes\" \/>\n\t<meta name=\"twitter:label2\" content=\"Est. tempo de leitura\" \/>\n\t<meta name=\"twitter:data2\" content=\"4 minutos\" \/>\n<script type=\"application\/ld+json\" class=\"yoast-schema-graph\">{\"@context\":\"https:\\\/\\\/schema.org\",\"@graph\":[{\"@type\":\"Article\",\"@id\":\"https:\\\/\\\/www.sabra.org.br\\\/site\\\/spalla-orquestra\\\/#article\",\"isPartOf\":{\"@id\":\"https:\\\/\\\/www.sabra.org.br\\\/site\\\/spalla-orquestra\\\/\"},\"author\":{\"name\":\"M\u00e1rcio Miranda Pontes\",\"@id\":\"https:\\\/\\\/www.sabra.org.br\\\/site\\\/#\\\/schema\\\/person\\\/7d1d222c3c8891d4c37c7b41bf6315c2\"},\"headline\":\"O que \u00e9 o spalla de uma orquestra?\",\"datePublished\":\"2022-08-13T17:44:55+00:00\",\"mainEntityOfPage\":{\"@id\":\"https:\\\/\\\/www.sabra.org.br\\\/site\\\/spalla-orquestra\\\/\"},\"wordCount\":738,\"publisher\":{\"@id\":\"https:\\\/\\\/www.sabra.org.br\\\/site\\\/#organization\"},\"image\":{\"@id\":\"https:\\\/\\\/www.sabra.org.br\\\/site\\\/spalla-orquestra\\\/#primaryimage\"},\"thumbnailUrl\":\"https:\\\/\\\/www.sabra.org.br\\\/site\\\/wp-content\\\/uploads\\\/2022\\\/08\\\/o-que-e-o-spalla-de-uma-orquestra-20220610133935.jpg.jpg\",\"keywords\":[\"Assist\u00eancia social\",\"Belo Horizonte\",\"Cabo Frio\",\"Campos dos Goytacazes\",\"Canto Coral\",\"Contagem\",\"Escola de Musica SABRA\",\"Ibirit\u00e9\",\"Musicaliza\u00e7\u00e3o Infantil\",\"nova lima\",\"Orquestra Infanto Juvenil de Betim\",\"Orquestra Sinf\u00f4nica de Betim\",\"Raposos\",\"Sociedade Art\u00edstica Brasileira\"],\"articleSection\":[\"Blog SABRA\"],\"inLanguage\":\"pt-BR\"},{\"@type\":\"WebPage\",\"@id\":\"https:\\\/\\\/www.sabra.org.br\\\/site\\\/spalla-orquestra\\\/\",\"url\":\"https:\\\/\\\/www.sabra.org.br\\\/site\\\/spalla-orquestra\\\/\",\"name\":\"O que \u00e9 o spalla de uma orquestra? - SABRA - Sociedade Art\u00edstica Brasileira\",\"isPartOf\":{\"@id\":\"https:\\\/\\\/www.sabra.org.br\\\/site\\\/#website\"},\"primaryImageOfPage\":{\"@id\":\"https:\\\/\\\/www.sabra.org.br\\\/site\\\/spalla-orquestra\\\/#primaryimage\"},\"image\":{\"@id\":\"https:\\\/\\\/www.sabra.org.br\\\/site\\\/spalla-orquestra\\\/#primaryimage\"},\"thumbnailUrl\":\"https:\\\/\\\/www.sabra.org.br\\\/site\\\/wp-content\\\/uploads\\\/2022\\\/08\\\/o-que-e-o-spalla-de-uma-orquestra-20220610133935.jpg.jpg\",\"datePublished\":\"2022-08-13T17:44:55+00:00\",\"description\":\"Ao falar sobre orquestras, duas figuras s\u00e3o essenciais e centrais: o maestro e o spalla. Fun\u00e7\u00f5es distintas de import\u00e2ncia para a orquestra.\",\"breadcrumb\":{\"@id\":\"https:\\\/\\\/www.sabra.org.br\\\/site\\\/spalla-orquestra\\\/#breadcrumb\"},\"inLanguage\":\"pt-BR\",\"potentialAction\":[{\"@type\":\"ReadAction\",\"target\":[\"https:\\\/\\\/www.sabra.org.br\\\/site\\\/spalla-orquestra\\\/\"]}]},{\"@type\":\"ImageObject\",\"inLanguage\":\"pt-BR\",\"@id\":\"https:\\\/\\\/www.sabra.org.br\\\/site\\\/spalla-orquestra\\\/#primaryimage\",\"url\":\"https:\\\/\\\/www.sabra.org.br\\\/site\\\/wp-content\\\/uploads\\\/2022\\\/08\\\/o-que-e-o-spalla-de-uma-orquestra-20220610133935.jpg.jpg\",\"contentUrl\":\"https:\\\/\\\/www.sabra.org.br\\\/site\\\/wp-content\\\/uploads\\\/2022\\\/08\\\/o-que-e-o-spalla-de-uma-orquestra-20220610133935.jpg.jpg\",\"width\":800,\"height\":421,\"caption\":\"Sociedade Art\u00edstica Brasileira SABRA\"},{\"@type\":\"BreadcrumbList\",\"@id\":\"https:\\\/\\\/www.sabra.org.br\\\/site\\\/spalla-orquestra\\\/#breadcrumb\",\"itemListElement\":[{\"@type\":\"ListItem\",\"position\":1,\"name\":\"In\u00edcio\",\"item\":\"https:\\\/\\\/www.sabra.org.br\\\/site\\\/\"},{\"@type\":\"ListItem\",\"position\":2,\"name\":\"O que \u00e9 o spalla de uma orquestra?\"}]},{\"@type\":\"WebSite\",\"@id\":\"https:\\\/\\\/www.sabra.org.br\\\/site\\\/#website\",\"url\":\"https:\\\/\\\/www.sabra.org.br\\\/site\\\/\",\"name\":\"SABRA - Sociedade Art\u00edstica Brasileira\",\"description\":\"Escola de M\u00fasica, Orquestra Sinf\u00f4nica, Coral e Patrim\u00f4nio Cultural e Hist\u00f3rico\",\"publisher\":{\"@id\":\"https:\\\/\\\/www.sabra.org.br\\\/site\\\/#organization\"},\"potentialAction\":[{\"@type\":\"SearchAction\",\"target\":{\"@type\":\"EntryPoint\",\"urlTemplate\":\"https:\\\/\\\/www.sabra.org.br\\\/site\\\/?s={search_term_string}\"},\"query-input\":{\"@type\":\"PropertyValueSpecification\",\"valueRequired\":true,\"valueName\":\"search_term_string\"}}],\"inLanguage\":\"pt-BR\"},{\"@type\":\"Organization\",\"@id\":\"https:\\\/\\\/www.sabra.org.br\\\/site\\\/#organization\",\"name\":\"SOCIEDADE ART\u00cdSTICA BRASILEIRA SABRA\",\"alternateName\":\"SABRA\",\"url\":\"https:\\\/\\\/www.sabra.org.br\\\/site\\\/\",\"logo\":{\"@type\":\"ImageObject\",\"inLanguage\":\"pt-BR\",\"@id\":\"https:\\\/\\\/www.sabra.org.br\\\/site\\\/#\\\/schema\\\/logo\\\/image\\\/\",\"url\":\"https:\\\/\\\/www.sabra.org.br\\\/site\\\/wp-content\\\/uploads\\\/2019\\\/06\\\/cropped-Logo_SABRA-Copia-1.webp\",\"contentUrl\":\"https:\\\/\\\/www.sabra.org.br\\\/site\\\/wp-content\\\/uploads\\\/2019\\\/06\\\/cropped-Logo_SABRA-Copia-1.webp\",\"width\":400,\"height\":128,\"caption\":\"SOCIEDADE ART\u00cdSTICA BRASILEIRA SABRA\"},\"image\":{\"@id\":\"https:\\\/\\\/www.sabra.org.br\\\/site\\\/#\\\/schema\\\/logo\\\/image\\\/\"},\"sameAs\":[\"https:\\\/\\\/www.facebook.com\\\/sabrabrasil\",\"https:\\\/\\\/x.com\\\/ContatoSabra\",\"https:\\\/\\\/www.instagram.com\\\/sabrabrasil\\\/\",\"https:\\\/\\\/www.linkedin.com\\\/company\\\/25002088\\\/\",\"https:\\\/\\\/br.pinterest.com\\\/sociedadeartisticabrasileira\\\/\",\"https:\\\/\\\/www.youtube.com\\\/c\\\/sabrabrasil\"]},{\"@type\":\"Person\",\"@id\":\"https:\\\/\\\/www.sabra.org.br\\\/site\\\/#\\\/schema\\\/person\\\/7d1d222c3c8891d4c37c7b41bf6315c2\",\"name\":\"M\u00e1rcio Miranda Pontes\",\"image\":{\"@type\":\"ImageObject\",\"inLanguage\":\"pt-BR\",\"@id\":\"https:\\\/\\\/secure.gravatar.com\\\/avatar\\\/3b45f24496a7625a3a6c436688fbe20344faaeb2979658dc4a9921f984d7df9a?s=96&d=mm&r=g\",\"url\":\"https:\\\/\\\/secure.gravatar.com\\\/avatar\\\/3b45f24496a7625a3a6c436688fbe20344faaeb2979658dc4a9921f984d7df9a?s=96&d=mm&r=g\",\"contentUrl\":\"https:\\\/\\\/secure.gravatar.com\\\/avatar\\\/3b45f24496a7625a3a6c436688fbe20344faaeb2979658dc4a9921f984d7df9a?s=96&d=mm&r=g\",\"caption\":\"M\u00e1rcio Miranda Pontes\"},\"sameAs\":[\"http:\\\/\\\/www.sabra.org.br\"],\"url\":\"https:\\\/\\\/www.sabra.org.br\\\/site\\\/author\\\/marcio-miranda-pontes\\\/\"}]}<\/script>\n<!-- \/ Yoast SEO plugin. -->","yoast_head_json":{"title":"O que \u00e9 o spalla de uma orquestra? - SABRA - Sociedade Art\u00edstica Brasileira","description":"Ao falar sobre orquestras, duas figuras s\u00e3o essenciais e centrais: o maestro e o spalla. Fun\u00e7\u00f5es distintas de import\u00e2ncia para a orquestra.","robots":{"index":"index","follow":"follow","max-snippet":"max-snippet:-1","max-image-preview":"max-image-preview:large","max-video-preview":"max-video-preview:-1"},"canonical":"https:\/\/www.sabra.org.br\/site\/spalla-orquestra\/","og_locale":"pt_BR","og_type":"article","og_title":"O que \u00e9 o spalla de uma orquestra? - SABRA - Sociedade Art\u00edstica Brasileira","og_description":"Ao falar sobre orquestras, duas figuras s\u00e3o essenciais e centrais: o maestro e o spalla. Fun\u00e7\u00f5es distintas de import\u00e2ncia para a orquestra.","og_url":"https:\/\/www.sabra.org.br\/site\/spalla-orquestra\/","og_site_name":"SABRA - Sociedade Art\u00edstica Brasileira","article_publisher":"https:\/\/www.facebook.com\/sabrabrasil","article_published_time":"2022-08-13T17:44:55+00:00","og_image":[{"width":800,"height":421,"url":"https:\/\/i0.wp.com\/www.sabra.org.br\/site\/wp-content\/uploads\/2022\/08\/o-que-e-o-spalla-de-uma-orquestra-20220610133935.jpg.jpg?fit=800%2C421&ssl=1","type":"image\/jpeg"}],"author":"M\u00e1rcio Miranda Pontes","twitter_card":"summary_large_image","twitter_creator":"@ContatoSabra","twitter_site":"@ContatoSabra","twitter_misc":{"Escrito por":"M\u00e1rcio Miranda Pontes","Est. tempo de leitura":"4 minutos"},"schema":{"@context":"https:\/\/schema.org","@graph":[{"@type":"Article","@id":"https:\/\/www.sabra.org.br\/site\/spalla-orquestra\/#article","isPartOf":{"@id":"https:\/\/www.sabra.org.br\/site\/spalla-orquestra\/"},"author":{"name":"M\u00e1rcio Miranda Pontes","@id":"https:\/\/www.sabra.org.br\/site\/#\/schema\/person\/7d1d222c3c8891d4c37c7b41bf6315c2"},"headline":"O que \u00e9 o spalla de uma orquestra?","datePublished":"2022-08-13T17:44:55+00:00","mainEntityOfPage":{"@id":"https:\/\/www.sabra.org.br\/site\/spalla-orquestra\/"},"wordCount":738,"publisher":{"@id":"https:\/\/www.sabra.org.br\/site\/#organization"},"image":{"@id":"https:\/\/www.sabra.org.br\/site\/spalla-orquestra\/#primaryimage"},"thumbnailUrl":"https:\/\/www.sabra.org.br\/site\/wp-content\/uploads\/2022\/08\/o-que-e-o-spalla-de-uma-orquestra-20220610133935.jpg.jpg","keywords":["Assist\u00eancia social","Belo Horizonte","Cabo Frio","Campos dos Goytacazes","Canto Coral","Contagem","Escola de Musica SABRA","Ibirit\u00e9","Musicaliza\u00e7\u00e3o Infantil","nova lima","Orquestra Infanto Juvenil de Betim","Orquestra Sinf\u00f4nica de Betim","Raposos","Sociedade Art\u00edstica Brasileira"],"articleSection":["Blog SABRA"],"inLanguage":"pt-BR"},{"@type":"WebPage","@id":"https:\/\/www.sabra.org.br\/site\/spalla-orquestra\/","url":"https:\/\/www.sabra.org.br\/site\/spalla-orquestra\/","name":"O que \u00e9 o spalla de uma orquestra? - SABRA - Sociedade Art\u00edstica Brasileira","isPartOf":{"@id":"https:\/\/www.sabra.org.br\/site\/#website"},"primaryImageOfPage":{"@id":"https:\/\/www.sabra.org.br\/site\/spalla-orquestra\/#primaryimage"},"image":{"@id":"https:\/\/www.sabra.org.br\/site\/spalla-orquestra\/#primaryimage"},"thumbnailUrl":"https:\/\/www.sabra.org.br\/site\/wp-content\/uploads\/2022\/08\/o-que-e-o-spalla-de-uma-orquestra-20220610133935.jpg.jpg","datePublished":"2022-08-13T17:44:55+00:00","description":"Ao falar sobre orquestras, duas figuras s\u00e3o essenciais e centrais: o maestro e o spalla. Fun\u00e7\u00f5es distintas de import\u00e2ncia para a orquestra.","breadcrumb":{"@id":"https:\/\/www.sabra.org.br\/site\/spalla-orquestra\/#breadcrumb"},"inLanguage":"pt-BR","potentialAction":[{"@type":"ReadAction","target":["https:\/\/www.sabra.org.br\/site\/spalla-orquestra\/"]}]},{"@type":"ImageObject","inLanguage":"pt-BR","@id":"https:\/\/www.sabra.org.br\/site\/spalla-orquestra\/#primaryimage","url":"https:\/\/www.sabra.org.br\/site\/wp-content\/uploads\/2022\/08\/o-que-e-o-spalla-de-uma-orquestra-20220610133935.jpg.jpg","contentUrl":"https:\/\/www.sabra.org.br\/site\/wp-content\/uploads\/2022\/08\/o-que-e-o-spalla-de-uma-orquestra-20220610133935.jpg.jpg","width":800,"height":421,"caption":"Sociedade Art\u00edstica Brasileira SABRA"},{"@type":"BreadcrumbList","@id":"https:\/\/www.sabra.org.br\/site\/spalla-orquestra\/#breadcrumb","itemListElement":[{"@type":"ListItem","position":1,"name":"In\u00edcio","item":"https:\/\/www.sabra.org.br\/site\/"},{"@type":"ListItem","position":2,"name":"O que \u00e9 o spalla de uma orquestra?"}]},{"@type":"WebSite","@id":"https:\/\/www.sabra.org.br\/site\/#website","url":"https:\/\/www.sabra.org.br\/site\/","name":"SABRA - Sociedade Art\u00edstica Brasileira","description":"Escola de M\u00fasica, Orquestra Sinf\u00f4nica, Coral e Patrim\u00f4nio Cultural e Hist\u00f3rico","publisher":{"@id":"https:\/\/www.sabra.org.br\/site\/#organization"},"potentialAction":[{"@type":"SearchAction","target":{"@type":"EntryPoint","urlTemplate":"https:\/\/www.sabra.org.br\/site\/?s={search_term_string}"},"query-input":{"@type":"PropertyValueSpecification","valueRequired":true,"valueName":"search_term_string"}}],"inLanguage":"pt-BR"},{"@type":"Organization","@id":"https:\/\/www.sabra.org.br\/site\/#organization","name":"SOCIEDADE ART\u00cdSTICA BRASILEIRA SABRA","alternateName":"SABRA","url":"https:\/\/www.sabra.org.br\/site\/","logo":{"@type":"ImageObject","inLanguage":"pt-BR","@id":"https:\/\/www.sabra.org.br\/site\/#\/schema\/logo\/image\/","url":"https:\/\/www.sabra.org.br\/site\/wp-content\/uploads\/2019\/06\/cropped-Logo_SABRA-Copia-1.webp","contentUrl":"https:\/\/www.sabra.org.br\/site\/wp-content\/uploads\/2019\/06\/cropped-Logo_SABRA-Copia-1.webp","width":400,"height":128,"caption":"SOCIEDADE ART\u00cdSTICA BRASILEIRA SABRA"},"image":{"@id":"https:\/\/www.sabra.org.br\/site\/#\/schema\/logo\/image\/"},"sameAs":["https:\/\/www.facebook.com\/sabrabrasil","https:\/\/x.com\/ContatoSabra","https:\/\/www.instagram.com\/sabrabrasil\/","https:\/\/www.linkedin.com\/company\/25002088\/","https:\/\/br.pinterest.com\/sociedadeartisticabrasileira\/","https:\/\/www.youtube.com\/c\/sabrabrasil"]},{"@type":"Person","@id":"https:\/\/www.sabra.org.br\/site\/#\/schema\/person\/7d1d222c3c8891d4c37c7b41bf6315c2","name":"M\u00e1rcio Miranda Pontes","image":{"@type":"ImageObject","inLanguage":"pt-BR","@id":"https:\/\/secure.gravatar.com\/avatar\/3b45f24496a7625a3a6c436688fbe20344faaeb2979658dc4a9921f984d7df9a?s=96&d=mm&r=g","url":"https:\/\/secure.gravatar.com\/avatar\/3b45f24496a7625a3a6c436688fbe20344faaeb2979658dc4a9921f984d7df9a?s=96&d=mm&r=g","contentUrl":"https:\/\/secure.gravatar.com\/avatar\/3b45f24496a7625a3a6c436688fbe20344faaeb2979658dc4a9921f984d7df9a?s=96&d=mm&r=g","caption":"M\u00e1rcio Miranda Pontes"},"sameAs":["http:\/\/www.sabra.org.br"],"url":"https:\/\/www.sabra.org.br\/site\/author\/marcio-miranda-pontes\/"}]}},"jetpack_featured_media_url":"https:\/\/www.sabra.org.br\/site\/wp-content\/uploads\/2022\/08\/o-que-e-o-spalla-de-uma-orquestra-20220610133935.jpg.jpg","jetpack_shortlink":"https:\/\/wp.me\/p95j2Z-1se","jetpack-related-posts":[{"id":4457,"url":"https:\/\/www.sabra.org.br\/site\/violino-orquestra\/","url_meta":{"origin":5594,"position":0},"title":"Qual a import\u00e2ncia do violino em uma orquestra?","author":"M\u00e1rcio Miranda Pontes","date":"15 de dezembro de 2021","format":false,"excerpt":"O violino pode aparecer at\u00e9 20 vezes dentro de um concerto completo. \u00c9 um instrumento essencial pertencente \u00e0 fam\u00edlia das cordas, a de maior amplitude em uma orquestra. Neste artigo, voc\u00ea vai entender como os violinos trabalham em conjunto e qual a import\u00e2ncia deles.","rel":"","context":"Em &quot;Blog SABRA&quot;","block_context":{"text":"Blog SABRA","link":"https:\/\/www.sabra.org.br\/site\/category\/blog-sabra\/"},"img":{"alt_text":"violino-instrumentos-concerto","src":"https:\/\/i0.wp.com\/www.sabra.org.br\/site\/wp-content\/uploads\/2021\/12\/qual-a-importancia-do-violino-em-uma-orquestra-20211027111153.jpg.jpg?resize=350%2C200&ssl=1","width":350,"height":200,"srcset":"https:\/\/i0.wp.com\/www.sabra.org.br\/site\/wp-content\/uploads\/2021\/12\/qual-a-importancia-do-violino-em-uma-orquestra-20211027111153.jpg.jpg?resize=350%2C200&ssl=1 1x, https:\/\/i0.wp.com\/www.sabra.org.br\/site\/wp-content\/uploads\/2021\/12\/qual-a-importancia-do-violino-em-uma-orquestra-20211027111153.jpg.jpg?resize=525%2C300&ssl=1 1.5x, https:\/\/i0.wp.com\/www.sabra.org.br\/site\/wp-content\/uploads\/2021\/12\/qual-a-importancia-do-violino-em-uma-orquestra-20211027111153.jpg.jpg?resize=700%2C400&ssl=1 2x"},"classes":[]},{"id":1573,"url":"https:\/\/www.sabra.org.br\/site\/como-funciona-uma-orquestra\/","url_meta":{"origin":5594,"position":1},"title":"ORQUESTRA &#8211; COMO FUNCIONA?","author":"M\u00e1rcio Miranda Pontes","date":"16 de outubro de 2018","format":false,"excerpt":"Afinal, como funciona uma orquestra? Uma orquestra pode chegar a ter 120 m\u00fasicos. Da mesma forma, \u00e9 razo\u00e1vel que 80 pessoas formem este agrupamento instrumental. De toda forma, cada um dos integrantes deste corpo \u00e9 de extrema import\u00e2ncia para o resultado final do concerto. Incluindo-se a\u00ed o maestro. Independentemente do\u2026","rel":"","context":"Em &quot;Blog SABRA&quot;","block_context":{"text":"Blog SABRA","link":"https:\/\/www.sabra.org.br\/site\/category\/blog-sabra\/"},"img":{"alt_text":"Orquestra","src":"https:\/\/i0.wp.com\/www.sabra.org.br\/site\/wp-content\/uploads\/2018\/10\/afinal-como-funciona-uma-orquestra-20180705134730.jpg.jpg?resize=350%2C200&ssl=1","width":350,"height":200,"srcset":"https:\/\/i0.wp.com\/www.sabra.org.br\/site\/wp-content\/uploads\/2018\/10\/afinal-como-funciona-uma-orquestra-20180705134730.jpg.jpg?resize=350%2C200&ssl=1 1x, https:\/\/i0.wp.com\/www.sabra.org.br\/site\/wp-content\/uploads\/2018\/10\/afinal-como-funciona-uma-orquestra-20180705134730.jpg.jpg?resize=525%2C300&ssl=1 1.5x, https:\/\/i0.wp.com\/www.sabra.org.br\/site\/wp-content\/uploads\/2018\/10\/afinal-como-funciona-uma-orquestra-20180705134730.jpg.jpg?resize=700%2C400&ssl=1 2x"},"classes":[]},{"id":1471,"url":"https:\/\/www.sabra.org.br\/site\/orquestra-sinfonica-o-que-e\/","url_meta":{"origin":5594,"position":2},"title":"Orquestra Sinf\u00f4nica &#8211; O que \u00e9?","author":"M\u00e1rcio Miranda Pontes","date":"5 de setembro de 2018","format":false,"excerpt":"A maioria das pessoas compreende que uma orquestra \u00e9 constitu\u00edda por um grupo de m\u00fasicos executando obras em diferentes instrumentos. O conceito parece relativamente simples, mas voc\u00ea j\u00e1 se perguntou quantos devem compor esse conjunto t\u00e3o caracter\u00edstico? Ou mesmo quais instrumentos devem estar presentes para o perfeito equil\u00edbrio art\u00edstico e\u2026","rel":"","context":"Em &quot;Blog SABRA&quot;","block_context":{"text":"Blog SABRA","link":"https:\/\/www.sabra.org.br\/site\/category\/blog-sabra\/"},"img":{"alt_text":"Orquestra Sinf\u00f4nica","src":"https:\/\/i0.wp.com\/www.sabra.org.br\/site\/wp-content\/uploads\/2018\/09\/o-que-e-uma-orquestra-sinfonica-20180702161300.jpg.jpg?resize=350%2C200&ssl=1","width":350,"height":200,"srcset":"https:\/\/i0.wp.com\/www.sabra.org.br\/site\/wp-content\/uploads\/2018\/09\/o-que-e-uma-orquestra-sinfonica-20180702161300.jpg.jpg?resize=350%2C200&ssl=1 1x, https:\/\/i0.wp.com\/www.sabra.org.br\/site\/wp-content\/uploads\/2018\/09\/o-que-e-uma-orquestra-sinfonica-20180702161300.jpg.jpg?resize=525%2C300&ssl=1 1.5x, https:\/\/i0.wp.com\/www.sabra.org.br\/site\/wp-content\/uploads\/2018\/09\/o-que-e-uma-orquestra-sinfonica-20180702161300.jpg.jpg?resize=700%2C400&ssl=1 2x, https:\/\/i0.wp.com\/www.sabra.org.br\/site\/wp-content\/uploads\/2018\/09\/o-que-e-uma-orquestra-sinfonica-20180702161300.jpg.jpg?resize=1050%2C600&ssl=1 3x, https:\/\/i0.wp.com\/www.sabra.org.br\/site\/wp-content\/uploads\/2018\/09\/o-que-e-uma-orquestra-sinfonica-20180702161300.jpg.jpg?resize=1400%2C800&ssl=1 4x"},"classes":[]},{"id":7250,"url":"https:\/\/www.sabra.org.br\/site\/concerto-orquestra\/","url_meta":{"origin":5594,"position":3},"title":"Nova s\u00e9rie de concertos com a Orquestra Sinf\u00f4nica de Betim","author":"M\u00e1rcio Miranda Pontes","date":"2 de junho de 2023","format":false,"excerpt":"Voc\u00ea sabia que a m\u00fasica pode ser uma excelente aliada do ensino de ci\u00eancias para as crian\u00e7as na escola? \u00c9 isso mesmo! Quer saber como isso acontece? Confira o texto a seguir!","rel":"","context":"Em &quot;Not\u00edcias&quot;","block_context":{"text":"Not\u00edcias","link":"https:\/\/www.sabra.org.br\/site\/category\/noticias\/"},"img":{"alt_text":"orquestra-sinf\u00f4nica-betim-juvenil-infantil-infanto-sabra-concerto","src":"https:\/\/i0.wp.com\/www.sabra.org.br\/site\/wp-content\/uploads\/2022\/12\/IMG_9406-scaled.jpg?resize=350%2C200&ssl=1","width":350,"height":200,"srcset":"https:\/\/i0.wp.com\/www.sabra.org.br\/site\/wp-content\/uploads\/2022\/12\/IMG_9406-scaled.jpg?resize=350%2C200&ssl=1 1x, https:\/\/i0.wp.com\/www.sabra.org.br\/site\/wp-content\/uploads\/2022\/12\/IMG_9406-scaled.jpg?resize=525%2C300&ssl=1 1.5x, https:\/\/i0.wp.com\/www.sabra.org.br\/site\/wp-content\/uploads\/2022\/12\/IMG_9406-scaled.jpg?resize=700%2C400&ssl=1 2x, https:\/\/i0.wp.com\/www.sabra.org.br\/site\/wp-content\/uploads\/2022\/12\/IMG_9406-scaled.jpg?resize=1050%2C600&ssl=1 3x, https:\/\/i0.wp.com\/www.sabra.org.br\/site\/wp-content\/uploads\/2022\/12\/IMG_9406-scaled.jpg?resize=1400%2C800&ssl=1 4x"},"classes":[]},{"id":3889,"url":"https:\/\/www.sabra.org.br\/site\/tipos-orquestras\/","url_meta":{"origin":5594,"position":4},"title":"Saiba quais s\u00e3o os tipos de orquestra que existem","author":"M\u00e1rcio Miranda Pontes","date":"14 de maio de 2021","format":false,"excerpt":"Saiba quais s\u00e3o os tipos de orquestra que existem As orquestras s\u00e3o manifesta\u00e7\u00f5es culturais que causam emo\u00e7\u00f5es fortes, possui uma longa hist\u00f3ria por todas as sociedades que j\u00e1 passou, mas voc\u00ea sabe os tipos de orquestras que existem? Confira aqui.","rel":"","context":"Em &quot;Blog SABRA&quot;","block_context":{"text":"Blog SABRA","link":"https:\/\/www.sabra.org.br\/site\/category\/blog-sabra\/"},"img":{"alt_text":"orquestra-m\u00fasica-tipo","src":"https:\/\/i0.wp.com\/www.sabra.org.br\/site\/wp-content\/uploads\/2021\/05\/saiba-quais-sao-os-tipos-de-orquestra-existem-20210203092956.jpg.jpg?resize=350%2C200&ssl=1","width":350,"height":200,"srcset":"https:\/\/i0.wp.com\/www.sabra.org.br\/site\/wp-content\/uploads\/2021\/05\/saiba-quais-sao-os-tipos-de-orquestra-existem-20210203092956.jpg.jpg?resize=350%2C200&ssl=1 1x, https:\/\/i0.wp.com\/www.sabra.org.br\/site\/wp-content\/uploads\/2021\/05\/saiba-quais-sao-os-tipos-de-orquestra-existem-20210203092956.jpg.jpg?resize=525%2C300&ssl=1 1.5x, https:\/\/i0.wp.com\/www.sabra.org.br\/site\/wp-content\/uploads\/2021\/05\/saiba-quais-sao-os-tipos-de-orquestra-existem-20210203092956.jpg.jpg?resize=700%2C400&ssl=1 2x"},"classes":[]},{"id":5304,"url":"https:\/\/www.sabra.org.br\/site\/regente-maestro-curiosidades\/","url_meta":{"origin":5594,"position":5},"title":"Curiosidades sobre a arte da reg\u00eancia","author":"M\u00e1rcio Miranda Pontes","date":"1 de julho de 2022","format":false,"excerpt":"[vc_row][vc_column][vc_column_text]As curiosidades sobre a arte da reg\u00eancia podem te surpreender e fazer com que saiba um pouco mais sobre esse fascinante universo da m\u00fasica. Leia para entender mais sobre o papel do regente e sua import\u00e2ncia: O regente \u00e9 a figura de autoridade de uma orquestra O regente \u00e9 quem\u2026","rel":"","context":"Em &quot;Blog SABRA&quot;","block_context":{"text":"Blog SABRA","link":"https:\/\/www.sabra.org.br\/site\/category\/blog-sabra\/"},"img":{"alt_text":"maestro-regente-m\u00fasica-reg\u00eancia","src":"https:\/\/i0.wp.com\/www.sabra.org.br\/site\/wp-content\/uploads\/2022\/07\/curiosidades-sobre-a-arte-da-regencia-20220623120203.jpg.jpg?resize=350%2C200&ssl=1","width":350,"height":200,"srcset":"https:\/\/i0.wp.com\/www.sabra.org.br\/site\/wp-content\/uploads\/2022\/07\/curiosidades-sobre-a-arte-da-regencia-20220623120203.jpg.jpg?resize=350%2C200&ssl=1 1x, https:\/\/i0.wp.com\/www.sabra.org.br\/site\/wp-content\/uploads\/2022\/07\/curiosidades-sobre-a-arte-da-regencia-20220623120203.jpg.jpg?resize=525%2C300&ssl=1 1.5x, https:\/\/i0.wp.com\/www.sabra.org.br\/site\/wp-content\/uploads\/2022\/07\/curiosidades-sobre-a-arte-da-regencia-20220623120203.jpg.jpg?resize=700%2C400&ssl=1 2x"},"classes":[]}],"jetpack_likes_enabled":true,"jetpack_sharing_enabled":true,"_links":{"self":[{"href":"https:\/\/www.sabra.org.br\/site\/wp-json\/wp\/v2\/posts\/5594","targetHints":{"allow":["GET"]}}],"collection":[{"href":"https:\/\/www.sabra.org.br\/site\/wp-json\/wp\/v2\/posts"}],"about":[{"href":"https:\/\/www.sabra.org.br\/site\/wp-json\/wp\/v2\/types\/post"}],"author":[{"embeddable":true,"href":"https:\/\/www.sabra.org.br\/site\/wp-json\/wp\/v2\/users\/39"}],"replies":[{"embeddable":true,"href":"https:\/\/www.sabra.org.br\/site\/wp-json\/wp\/v2\/comments?post=5594"}],"version-history":[{"count":0,"href":"https:\/\/www.sabra.org.br\/site\/wp-json\/wp\/v2\/posts\/5594\/revisions"}],"wp:featuredmedia":[{"embeddable":true,"href":"https:\/\/www.sabra.org.br\/site\/wp-json\/wp\/v2\/media\/5595"}],"wp:attachment":[{"href":"https:\/\/www.sabra.org.br\/site\/wp-json\/wp\/v2\/media?parent=5594"}],"wp:term":[{"taxonomy":"category","embeddable":true,"href":"https:\/\/www.sabra.org.br\/site\/wp-json\/wp\/v2\/categories?post=5594"},{"taxonomy":"post_tag","embeddable":true,"href":"https:\/\/www.sabra.org.br\/site\/wp-json\/wp\/v2\/tags?post=5594"}],"curies":[{"name":"wp","href":"https:\/\/api.w.org\/{rel}","templated":true}]}}