{"id":5620,"date":"2022-08-16T08:34:02","date_gmt":"2022-08-16T11:34:02","guid":{"rendered":"https:\/\/www.sabra.org.br\/site\/?p=5620"},"modified":"2022-08-16T08:34:02","modified_gmt":"2022-08-16T11:34:02","slug":"dicas-cantar","status":"publish","type":"post","link":"https:\/\/www.sabra.org.br\/site\/dicas-cantar\/","title":{"rendered":"Dicas para cantar melhor"},"content":{"rendered":"<p>[vc_row][vc_column][vc_column_text]As dicas para cantar melhor s\u00e3o fundamentais para todas as pessoas que almejam obter uma boa performance durante a pr\u00e1tica do canto. Afinal, elas ajudam a melhorar consideravelmente as habilidades vocais. De fato, os truques s\u00e3o simples e n\u00e3o \u00e9 por acaso que eles s\u00e3o praticados, diariamente, pela maior parte dos cantores durante o exerc\u00edcio da profiss\u00e3o.<\/p>\n<p>Desse modo, independentemente do n\u00edvel de conhecimento que voc\u00ea apresenta em rela\u00e7\u00e3o \u00e0 m\u00fasica, esses procedimentos devem estar presentes no seu dia a dia. Ali\u00e1s, eles ajudar\u00e3o a preservar a sua voz durante muitos anos. Quer conhec\u00ea-los? Ent\u00e3o acompanhe o texto desse artigo.<\/p>\n<h2>Dicas para cantar melhor: conhe\u00e7a as cinco principais!<\/h2>\n<p>De fato, existem diversas dicas para cantar melhor. Por esse motivo, separamos as cinco mais eficientes para voc\u00ea incluir na usa rotina di\u00e1ria. Confira a seguir!<\/p>\n<h3>1. Mantenha a musculatura relaxada<\/h3>\n<p>Cantar \u00e9 um procedimento que exige agilidade e flexibilidade muscular. Por esse motivo \u00e9 importante manter conforto nos mecanismos de respira\u00e7\u00e3o e movimenta\u00e7\u00e3o. Com base nisso, se a sua postura se manter travada, voc\u00ea ter\u00e1 dificuldades de expressar a can\u00e7\u00e3o de forma correta. Desse modo, a sua apresenta\u00e7\u00e3o ser\u00e1 impactada de forma negativa. Ent\u00e3o, para soltar a voz de maneira adequada, \u00e9 recomendado relaxar a os m\u00fasculos e, consequentemente, o corpo.<\/p>\n<h3>2. Fa\u00e7a o aquecimento vocal<\/h3>\n<p>Sem d\u00favidas, o aquecimento vocal \u00e9 uma das melhores dicas para cantar melhor. Ali\u00e1s, esse procedimento \u00e9 fundamental para manter a boa qualidade da sua apresenta\u00e7\u00e3o, pois ajuda a estabelecer a afina\u00e7\u00e3o, bem como evita as poss\u00edveis les\u00f5es provocadas pelo descuido com as cordas vocais. Junto a isso, tamb\u00e9m \u00e9 importante realizar o desaquecimento ap\u00f3s a pr\u00e1tica do canto. Esse mecanismo \u00e9 bastante simples e ajuda a preservar a sa\u00fade da sua voz.<\/p>\n<h3>3. Estude a m\u00fasica<\/h3>\n<p>O conhecimento sobre a m\u00fasica a ser cantada \u00e9 essencial para garantir uma boa apresenta\u00e7\u00e3o. Afinal, esse procedimento ajudar\u00e1 a evitar a inseguran\u00e7a e o nervosismo. Com base nisso, experimente decorar a letra e conhecer todos os acordes. Esse estudo ajudar\u00e1 a manter o foco e a concentra\u00e7\u00e3o.<\/p>\n<h3>4. A postura reta \u00e9 umas das dicas para cantar melhor<\/h3>\n<p>De fato, cantar em p\u00e9 ajuda a estabelecer uma boa respira\u00e7\u00e3o, al\u00e9m de estimular a movimenta\u00e7\u00e3o correta do diafragma. Esse procedimento \u00e9 capaz de auxiliar o alcance das notas mais agudas, bem como a sustenta\u00e7\u00e3o das frases prolongadas. Mas aten\u00e7\u00e3o! Manter a postura ereta n\u00e3o \u00e9 sin\u00f4nimo de corpo travado ou r\u00edgido. Muito pelo contr\u00e1rio: os movimentos devem ser flex\u00edveis para que a afina\u00e7\u00e3o ocorra de forma eficiente e harmoniosa.<\/p>\n<h3>5. Escute a sua voz<\/h3>\n<p>Uma das dicas para cantar afinadamente consiste em escutar a sua pr\u00f3pria voz. Esse procedimento ajudar\u00e1 a conhecer melhor o seu timbre e a sua tessitura vocal. Ali\u00e1s, esse monitoramento deve ser constante. Uma dica consiste em gravar o seu pr\u00f3prio canto. Ap\u00f3s fazer isso, preste aten\u00e7\u00e3o tamb\u00e9m na dic\u00e7\u00e3o. Esse cuidado ajudar\u00e1 a corrigir os poss\u00edveis erros, melhorando, consequentemente, a qualidade da sua voz.<\/p>\n<p>Gostou das dicas para cantar melhor? Ent\u00e3o acesse o nosso blog e conhe\u00e7a os nossos conte\u00fados.<\/p>\n<blockquote class=\"wp-embedded-content\" data-secret=\"AZ6kSl120f\"><p><a href=\"https:\/\/www.sabra.org.br\/site\/cuidados-com-a-voz\/\">Cuidados com a voz<\/a><\/p><\/blockquote>\n<p><iframe class=\"wp-embedded-content\" sandbox=\"allow-scripts\" security=\"restricted\" style=\"position: absolute; clip: rect(1px, 1px, 1px, 1px);\" title=\"&#8220;Cuidados com a voz&#8221; &#8212; SABRA - Sociedade Art\u00edstica Brasileira\" src=\"https:\/\/www.sabra.org.br\/site\/cuidados-com-a-voz\/embed\/#?secret=a5MRH2vyWe#?secret=AZ6kSl120f\" data-secret=\"AZ6kSl120f\" width=\"600\" height=\"338\" frameborder=\"0\" marginwidth=\"0\" marginheight=\"0\" scrolling=\"no\"><\/iframe><\/p>\n<hr \/>\n<h2>Se voc\u00ea gostou deste post:<\/h2>\n<p>&#8211; SIGA as nossas p\u00e1ginas nas redes sociais para acompanhar as nossas atualiza\u00e7\u00f5es: estamos no <a href=\"https:\/\/www.facebook.com\/sabrabrasil\" target=\"_blank\" rel=\"noopener\">Facebook<\/a>, no <a href=\"https:\/\/www.instagram.com\/sabrabrasil\/\" target=\"_blank\" rel=\"noopener\">Instagram<\/a>, no <a href=\"https:\/\/www.linkedin.com\/company\/25002088\" target=\"_blank\" rel=\"noopener\">LinkedIn<\/a>, no <a href=\"https:\/\/twitter.com\/ContatoSabra\" target=\"_blank\" rel=\"noopener\">Twitter<\/a> e no <a href=\"https:\/\/www.youtube.com\/channel\/UCJw-kbuEvzUNdeQf20Pa-eQ\" target=\"_blank\" rel=\"noopener\">YouTube<\/a>!<\/p>\n<p>&#8211; CONHE\u00c7A o trabalho da Sociedade Art\u00edstica Brasileira (SABRA) e todas as iniciativas culturais e sociais que ela mant\u00e9m. <a href=\"https:\/\/www.sabra.org.br\/site\/acoes\/\" target=\"_blank\" rel=\"noopener\">Acesse nosso site!<\/a><\/p>\n<p>&#8211; ENTRE EM CONTATO com a gente. E veja quais s\u00e3o as op\u00e7\u00f5es de ajuda na manuten\u00e7\u00e3o de nossas a\u00e7\u00f5es sociais e culturais. Basta acessar nossa p\u00e1gina <a href=\"https:\/\/www.sabra.org.br\/site\/doe-agora\/\" target=\"_blank\" rel=\"noopener\">Doe Agora!<\/a><\/p>\n<p>&#8211; COMPARTILHE este texto nas suas redes sociais e ajude os seus amigos a tamb\u00e9m dominarem o assunto!<\/p>\n<p>\u2013 Os projetos da @sabrabrasil s\u00e3o realizados com o patroci\u0301nio m\u00e1ster: @vallourec e @institutounimedbh, viabilizado pelo incentivo de mais de 5,2 mil m\u00e9dicos cooperados e colaboradores via Lei de Incentivo \u00e0 Cultura &#8211; @mturismo, @culturagovbr. Apoio: @prefeiturabetim[\/vc_column_text][\/vc_column][\/vc_row]<\/p>\n","protected":false},"excerpt":{"rendered":"<p>Voc\u00ea est\u00e1 buscando dicas para cantar melhor? De fato, alguns procedimentos s\u00e3o fundamentais para manter a boa qualidade do canto e, consequentemente, das apresenta\u00e7\u00f5es. Neste artigo voc\u00ea encontrar\u00e1 as melhores dicas. Confira!<\/p>\n","protected":false},"author":39,"featured_media":5622,"comment_status":"closed","ping_status":"closed","sticky":false,"template":"","format":"standard","meta":{"jetpack_post_was_ever_published":false,"_jetpack_newsletter_access":"","_jetpack_dont_email_post_to_subs":false,"_jetpack_newsletter_tier_id":0,"_jetpack_memberships_contains_paywalled_content":false,"_jetpack_memberships_contains_paid_content":false,"footnotes":""},"categories":[1],"tags":[15,2757,3626,3623,8,3629,1285,3628,16,3519,1286,11,3622,9],"class_list":["post-5620","post","type-post","status-publish","format-standard","has-post-thumbnail","hentry","category-blog-sabra","tag-assistencia-social","tag-belo-horizonte","tag-cabo-frio","tag-campos-dos-goytacazes","tag-canto-coral","tag-contagem","tag-escola-de-musica-sabra","tag-ibirite","tag-musicalizacao-infantil","tag-nova-lima-2","tag-orquestra-infanto-juvenil-de-betim","tag-orquestra-sinfonica-de-betim","tag-raposos","tag-sociedade-artistica-brasileira"],"yoast_head":"<!-- This site is optimized with the Yoast SEO plugin v27.5 - https:\/\/yoast.com\/product\/yoast-seo-wordpress\/ -->\n<title>Dicas para cantar melhor - SABRA - Sociedade Art\u00edstica Brasileira<\/title>\n<meta name=\"description\" content=\"Alguns procedimentos s\u00e3o fundamentais para manter a boa qualidade da voz, do canto e, consequentemente, das apresenta\u00e7\u00f5es.\" \/>\n<meta name=\"robots\" content=\"index, follow, max-snippet:-1, max-image-preview:large, max-video-preview:-1\" \/>\n<link rel=\"canonical\" href=\"https:\/\/www.sabra.org.br\/site\/dicas-cantar\/\" \/>\n<meta property=\"og:locale\" content=\"pt_BR\" \/>\n<meta property=\"og:type\" content=\"article\" \/>\n<meta property=\"og:title\" content=\"Dicas para cantar melhor - SABRA - Sociedade Art\u00edstica Brasileira\" \/>\n<meta property=\"og:description\" content=\"Alguns procedimentos s\u00e3o fundamentais para manter a boa qualidade da voz, do canto e, consequentemente, das apresenta\u00e7\u00f5es.\" \/>\n<meta property=\"og:url\" content=\"https:\/\/www.sabra.org.br\/site\/dicas-cantar\/\" \/>\n<meta property=\"og:site_name\" content=\"SABRA - Sociedade Art\u00edstica Brasileira\" \/>\n<meta property=\"article:publisher\" content=\"https:\/\/www.facebook.com\/sabrabrasil\" \/>\n<meta property=\"article:published_time\" content=\"2022-08-16T11:34:02+00:00\" \/>\n<meta property=\"og:image\" content=\"https:\/\/i0.wp.com\/www.sabra.org.br\/site\/wp-content\/uploads\/2022\/08\/x-dicas-para-cantar-melhor-20220610134019.jpg.jpg?fit=800%2C533&ssl=1\" \/>\n\t<meta property=\"og:image:width\" content=\"800\" \/>\n\t<meta property=\"og:image:height\" content=\"533\" \/>\n\t<meta property=\"og:image:type\" content=\"image\/jpeg\" \/>\n<meta name=\"author\" content=\"M\u00e1rcio Miranda Pontes\" \/>\n<meta name=\"twitter:card\" content=\"summary_large_image\" \/>\n<meta name=\"twitter:creator\" content=\"@ContatoSabra\" \/>\n<meta name=\"twitter:site\" content=\"@ContatoSabra\" \/>\n<meta name=\"twitter:label1\" content=\"Escrito por\" \/>\n\t<meta name=\"twitter:data1\" content=\"M\u00e1rcio Miranda Pontes\" \/>\n\t<meta name=\"twitter:label2\" content=\"Est. tempo de leitura\" \/>\n\t<meta name=\"twitter:data2\" content=\"4 minutos\" \/>\n<script type=\"application\/ld+json\" class=\"yoast-schema-graph\">{\"@context\":\"https:\\\/\\\/schema.org\",\"@graph\":[{\"@type\":\"Article\",\"@id\":\"https:\\\/\\\/www.sabra.org.br\\\/site\\\/dicas-cantar\\\/#article\",\"isPartOf\":{\"@id\":\"https:\\\/\\\/www.sabra.org.br\\\/site\\\/dicas-cantar\\\/\"},\"author\":{\"name\":\"M\u00e1rcio Miranda Pontes\",\"@id\":\"https:\\\/\\\/www.sabra.org.br\\\/site\\\/#\\\/schema\\\/person\\\/7d1d222c3c8891d4c37c7b41bf6315c2\"},\"headline\":\"Dicas para cantar melhor\",\"datePublished\":\"2022-08-16T11:34:02+00:00\",\"mainEntityOfPage\":{\"@id\":\"https:\\\/\\\/www.sabra.org.br\\\/site\\\/dicas-cantar\\\/\"},\"wordCount\":722,\"publisher\":{\"@id\":\"https:\\\/\\\/www.sabra.org.br\\\/site\\\/#organization\"},\"image\":{\"@id\":\"https:\\\/\\\/www.sabra.org.br\\\/site\\\/dicas-cantar\\\/#primaryimage\"},\"thumbnailUrl\":\"https:\\\/\\\/www.sabra.org.br\\\/site\\\/wp-content\\\/uploads\\\/2022\\\/08\\\/x-dicas-para-cantar-melhor-20220610134019.jpg.jpg\",\"keywords\":[\"Assist\u00eancia social\",\"Belo Horizonte\",\"Cabo Frio\",\"Campos dos Goytacazes\",\"Canto Coral\",\"Contagem\",\"Escola de Musica SABRA\",\"Ibirit\u00e9\",\"Musicaliza\u00e7\u00e3o Infantil\",\"nova lima\",\"Orquestra Infanto Juvenil de Betim\",\"Orquestra Sinf\u00f4nica de Betim\",\"Raposos\",\"Sociedade Art\u00edstica Brasileira\"],\"articleSection\":[\"Blog SABRA\"],\"inLanguage\":\"pt-BR\"},{\"@type\":\"WebPage\",\"@id\":\"https:\\\/\\\/www.sabra.org.br\\\/site\\\/dicas-cantar\\\/\",\"url\":\"https:\\\/\\\/www.sabra.org.br\\\/site\\\/dicas-cantar\\\/\",\"name\":\"Dicas para cantar melhor - SABRA - Sociedade Art\u00edstica Brasileira\",\"isPartOf\":{\"@id\":\"https:\\\/\\\/www.sabra.org.br\\\/site\\\/#website\"},\"primaryImageOfPage\":{\"@id\":\"https:\\\/\\\/www.sabra.org.br\\\/site\\\/dicas-cantar\\\/#primaryimage\"},\"image\":{\"@id\":\"https:\\\/\\\/www.sabra.org.br\\\/site\\\/dicas-cantar\\\/#primaryimage\"},\"thumbnailUrl\":\"https:\\\/\\\/www.sabra.org.br\\\/site\\\/wp-content\\\/uploads\\\/2022\\\/08\\\/x-dicas-para-cantar-melhor-20220610134019.jpg.jpg\",\"datePublished\":\"2022-08-16T11:34:02+00:00\",\"description\":\"Alguns procedimentos s\u00e3o fundamentais para manter a boa qualidade da voz, do canto e, consequentemente, das apresenta\u00e7\u00f5es.\",\"breadcrumb\":{\"@id\":\"https:\\\/\\\/www.sabra.org.br\\\/site\\\/dicas-cantar\\\/#breadcrumb\"},\"inLanguage\":\"pt-BR\",\"potentialAction\":[{\"@type\":\"ReadAction\",\"target\":[\"https:\\\/\\\/www.sabra.org.br\\\/site\\\/dicas-cantar\\\/\"]}]},{\"@type\":\"ImageObject\",\"inLanguage\":\"pt-BR\",\"@id\":\"https:\\\/\\\/www.sabra.org.br\\\/site\\\/dicas-cantar\\\/#primaryimage\",\"url\":\"https:\\\/\\\/www.sabra.org.br\\\/site\\\/wp-content\\\/uploads\\\/2022\\\/08\\\/x-dicas-para-cantar-melhor-20220610134019.jpg.jpg\",\"contentUrl\":\"https:\\\/\\\/www.sabra.org.br\\\/site\\\/wp-content\\\/uploads\\\/2022\\\/08\\\/x-dicas-para-cantar-melhor-20220610134019.jpg.jpg\",\"width\":800,\"height\":533,\"caption\":\"Sociedade Art\u00edstica Brasileira SABRA\"},{\"@type\":\"BreadcrumbList\",\"@id\":\"https:\\\/\\\/www.sabra.org.br\\\/site\\\/dicas-cantar\\\/#breadcrumb\",\"itemListElement\":[{\"@type\":\"ListItem\",\"position\":1,\"name\":\"In\u00edcio\",\"item\":\"https:\\\/\\\/www.sabra.org.br\\\/site\\\/\"},{\"@type\":\"ListItem\",\"position\":2,\"name\":\"Dicas para cantar melhor\"}]},{\"@type\":\"WebSite\",\"@id\":\"https:\\\/\\\/www.sabra.org.br\\\/site\\\/#website\",\"url\":\"https:\\\/\\\/www.sabra.org.br\\\/site\\\/\",\"name\":\"SABRA - Sociedade Art\u00edstica Brasileira\",\"description\":\"Escola de M\u00fasica, Orquestra Sinf\u00f4nica, Coral e Patrim\u00f4nio Cultural e Hist\u00f3rico\",\"publisher\":{\"@id\":\"https:\\\/\\\/www.sabra.org.br\\\/site\\\/#organization\"},\"potentialAction\":[{\"@type\":\"SearchAction\",\"target\":{\"@type\":\"EntryPoint\",\"urlTemplate\":\"https:\\\/\\\/www.sabra.org.br\\\/site\\\/?s={search_term_string}\"},\"query-input\":{\"@type\":\"PropertyValueSpecification\",\"valueRequired\":true,\"valueName\":\"search_term_string\"}}],\"inLanguage\":\"pt-BR\"},{\"@type\":\"Organization\",\"@id\":\"https:\\\/\\\/www.sabra.org.br\\\/site\\\/#organization\",\"name\":\"SOCIEDADE ART\u00cdSTICA BRASILEIRA SABRA\",\"alternateName\":\"SABRA\",\"url\":\"https:\\\/\\\/www.sabra.org.br\\\/site\\\/\",\"logo\":{\"@type\":\"ImageObject\",\"inLanguage\":\"pt-BR\",\"@id\":\"https:\\\/\\\/www.sabra.org.br\\\/site\\\/#\\\/schema\\\/logo\\\/image\\\/\",\"url\":\"https:\\\/\\\/www.sabra.org.br\\\/site\\\/wp-content\\\/uploads\\\/2019\\\/06\\\/cropped-Logo_SABRA-Copia-1.webp\",\"contentUrl\":\"https:\\\/\\\/www.sabra.org.br\\\/site\\\/wp-content\\\/uploads\\\/2019\\\/06\\\/cropped-Logo_SABRA-Copia-1.webp\",\"width\":400,\"height\":128,\"caption\":\"SOCIEDADE ART\u00cdSTICA BRASILEIRA SABRA\"},\"image\":{\"@id\":\"https:\\\/\\\/www.sabra.org.br\\\/site\\\/#\\\/schema\\\/logo\\\/image\\\/\"},\"sameAs\":[\"https:\\\/\\\/www.facebook.com\\\/sabrabrasil\",\"https:\\\/\\\/x.com\\\/ContatoSabra\",\"https:\\\/\\\/www.instagram.com\\\/sabrabrasil\\\/\",\"https:\\\/\\\/www.linkedin.com\\\/company\\\/25002088\\\/\",\"https:\\\/\\\/br.pinterest.com\\\/sociedadeartisticabrasileira\\\/\",\"https:\\\/\\\/www.youtube.com\\\/c\\\/sabrabrasil\"]},{\"@type\":\"Person\",\"@id\":\"https:\\\/\\\/www.sabra.org.br\\\/site\\\/#\\\/schema\\\/person\\\/7d1d222c3c8891d4c37c7b41bf6315c2\",\"name\":\"M\u00e1rcio Miranda Pontes\",\"image\":{\"@type\":\"ImageObject\",\"inLanguage\":\"pt-BR\",\"@id\":\"https:\\\/\\\/secure.gravatar.com\\\/avatar\\\/3b45f24496a7625a3a6c436688fbe20344faaeb2979658dc4a9921f984d7df9a?s=96&d=mm&r=g\",\"url\":\"https:\\\/\\\/secure.gravatar.com\\\/avatar\\\/3b45f24496a7625a3a6c436688fbe20344faaeb2979658dc4a9921f984d7df9a?s=96&d=mm&r=g\",\"contentUrl\":\"https:\\\/\\\/secure.gravatar.com\\\/avatar\\\/3b45f24496a7625a3a6c436688fbe20344faaeb2979658dc4a9921f984d7df9a?s=96&d=mm&r=g\",\"caption\":\"M\u00e1rcio Miranda Pontes\"},\"sameAs\":[\"http:\\\/\\\/www.sabra.org.br\"],\"url\":\"https:\\\/\\\/www.sabra.org.br\\\/site\\\/author\\\/marcio-miranda-pontes\\\/\"}]}<\/script>\n<!-- \/ Yoast SEO plugin. -->","yoast_head_json":{"title":"Dicas para cantar melhor - SABRA - Sociedade Art\u00edstica Brasileira","description":"Alguns procedimentos s\u00e3o fundamentais para manter a boa qualidade da voz, do canto e, consequentemente, das apresenta\u00e7\u00f5es.","robots":{"index":"index","follow":"follow","max-snippet":"max-snippet:-1","max-image-preview":"max-image-preview:large","max-video-preview":"max-video-preview:-1"},"canonical":"https:\/\/www.sabra.org.br\/site\/dicas-cantar\/","og_locale":"pt_BR","og_type":"article","og_title":"Dicas para cantar melhor - SABRA - Sociedade Art\u00edstica Brasileira","og_description":"Alguns procedimentos s\u00e3o fundamentais para manter a boa qualidade da voz, do canto e, consequentemente, das apresenta\u00e7\u00f5es.","og_url":"https:\/\/www.sabra.org.br\/site\/dicas-cantar\/","og_site_name":"SABRA - Sociedade Art\u00edstica Brasileira","article_publisher":"https:\/\/www.facebook.com\/sabrabrasil","article_published_time":"2022-08-16T11:34:02+00:00","og_image":[{"width":800,"height":533,"url":"https:\/\/i0.wp.com\/www.sabra.org.br\/site\/wp-content\/uploads\/2022\/08\/x-dicas-para-cantar-melhor-20220610134019.jpg.jpg?fit=800%2C533&ssl=1","type":"image\/jpeg"}],"author":"M\u00e1rcio Miranda Pontes","twitter_card":"summary_large_image","twitter_creator":"@ContatoSabra","twitter_site":"@ContatoSabra","twitter_misc":{"Escrito por":"M\u00e1rcio Miranda Pontes","Est. tempo de leitura":"4 minutos"},"schema":{"@context":"https:\/\/schema.org","@graph":[{"@type":"Article","@id":"https:\/\/www.sabra.org.br\/site\/dicas-cantar\/#article","isPartOf":{"@id":"https:\/\/www.sabra.org.br\/site\/dicas-cantar\/"},"author":{"name":"M\u00e1rcio Miranda Pontes","@id":"https:\/\/www.sabra.org.br\/site\/#\/schema\/person\/7d1d222c3c8891d4c37c7b41bf6315c2"},"headline":"Dicas para cantar melhor","datePublished":"2022-08-16T11:34:02+00:00","mainEntityOfPage":{"@id":"https:\/\/www.sabra.org.br\/site\/dicas-cantar\/"},"wordCount":722,"publisher":{"@id":"https:\/\/www.sabra.org.br\/site\/#organization"},"image":{"@id":"https:\/\/www.sabra.org.br\/site\/dicas-cantar\/#primaryimage"},"thumbnailUrl":"https:\/\/www.sabra.org.br\/site\/wp-content\/uploads\/2022\/08\/x-dicas-para-cantar-melhor-20220610134019.jpg.jpg","keywords":["Assist\u00eancia social","Belo Horizonte","Cabo Frio","Campos dos Goytacazes","Canto Coral","Contagem","Escola de Musica SABRA","Ibirit\u00e9","Musicaliza\u00e7\u00e3o Infantil","nova lima","Orquestra Infanto Juvenil de Betim","Orquestra Sinf\u00f4nica de Betim","Raposos","Sociedade Art\u00edstica Brasileira"],"articleSection":["Blog SABRA"],"inLanguage":"pt-BR"},{"@type":"WebPage","@id":"https:\/\/www.sabra.org.br\/site\/dicas-cantar\/","url":"https:\/\/www.sabra.org.br\/site\/dicas-cantar\/","name":"Dicas para cantar melhor - SABRA - Sociedade Art\u00edstica Brasileira","isPartOf":{"@id":"https:\/\/www.sabra.org.br\/site\/#website"},"primaryImageOfPage":{"@id":"https:\/\/www.sabra.org.br\/site\/dicas-cantar\/#primaryimage"},"image":{"@id":"https:\/\/www.sabra.org.br\/site\/dicas-cantar\/#primaryimage"},"thumbnailUrl":"https:\/\/www.sabra.org.br\/site\/wp-content\/uploads\/2022\/08\/x-dicas-para-cantar-melhor-20220610134019.jpg.jpg","datePublished":"2022-08-16T11:34:02+00:00","description":"Alguns procedimentos s\u00e3o fundamentais para manter a boa qualidade da voz, do canto e, consequentemente, das apresenta\u00e7\u00f5es.","breadcrumb":{"@id":"https:\/\/www.sabra.org.br\/site\/dicas-cantar\/#breadcrumb"},"inLanguage":"pt-BR","potentialAction":[{"@type":"ReadAction","target":["https:\/\/www.sabra.org.br\/site\/dicas-cantar\/"]}]},{"@type":"ImageObject","inLanguage":"pt-BR","@id":"https:\/\/www.sabra.org.br\/site\/dicas-cantar\/#primaryimage","url":"https:\/\/www.sabra.org.br\/site\/wp-content\/uploads\/2022\/08\/x-dicas-para-cantar-melhor-20220610134019.jpg.jpg","contentUrl":"https:\/\/www.sabra.org.br\/site\/wp-content\/uploads\/2022\/08\/x-dicas-para-cantar-melhor-20220610134019.jpg.jpg","width":800,"height":533,"caption":"Sociedade Art\u00edstica Brasileira SABRA"},{"@type":"BreadcrumbList","@id":"https:\/\/www.sabra.org.br\/site\/dicas-cantar\/#breadcrumb","itemListElement":[{"@type":"ListItem","position":1,"name":"In\u00edcio","item":"https:\/\/www.sabra.org.br\/site\/"},{"@type":"ListItem","position":2,"name":"Dicas para cantar melhor"}]},{"@type":"WebSite","@id":"https:\/\/www.sabra.org.br\/site\/#website","url":"https:\/\/www.sabra.org.br\/site\/","name":"SABRA - Sociedade Art\u00edstica Brasileira","description":"Escola de M\u00fasica, Orquestra Sinf\u00f4nica, Coral e Patrim\u00f4nio Cultural e Hist\u00f3rico","publisher":{"@id":"https:\/\/www.sabra.org.br\/site\/#organization"},"potentialAction":[{"@type":"SearchAction","target":{"@type":"EntryPoint","urlTemplate":"https:\/\/www.sabra.org.br\/site\/?s={search_term_string}"},"query-input":{"@type":"PropertyValueSpecification","valueRequired":true,"valueName":"search_term_string"}}],"inLanguage":"pt-BR"},{"@type":"Organization","@id":"https:\/\/www.sabra.org.br\/site\/#organization","name":"SOCIEDADE ART\u00cdSTICA BRASILEIRA SABRA","alternateName":"SABRA","url":"https:\/\/www.sabra.org.br\/site\/","logo":{"@type":"ImageObject","inLanguage":"pt-BR","@id":"https:\/\/www.sabra.org.br\/site\/#\/schema\/logo\/image\/","url":"https:\/\/www.sabra.org.br\/site\/wp-content\/uploads\/2019\/06\/cropped-Logo_SABRA-Copia-1.webp","contentUrl":"https:\/\/www.sabra.org.br\/site\/wp-content\/uploads\/2019\/06\/cropped-Logo_SABRA-Copia-1.webp","width":400,"height":128,"caption":"SOCIEDADE ART\u00cdSTICA BRASILEIRA SABRA"},"image":{"@id":"https:\/\/www.sabra.org.br\/site\/#\/schema\/logo\/image\/"},"sameAs":["https:\/\/www.facebook.com\/sabrabrasil","https:\/\/x.com\/ContatoSabra","https:\/\/www.instagram.com\/sabrabrasil\/","https:\/\/www.linkedin.com\/company\/25002088\/","https:\/\/br.pinterest.com\/sociedadeartisticabrasileira\/","https:\/\/www.youtube.com\/c\/sabrabrasil"]},{"@type":"Person","@id":"https:\/\/www.sabra.org.br\/site\/#\/schema\/person\/7d1d222c3c8891d4c37c7b41bf6315c2","name":"M\u00e1rcio Miranda Pontes","image":{"@type":"ImageObject","inLanguage":"pt-BR","@id":"https:\/\/secure.gravatar.com\/avatar\/3b45f24496a7625a3a6c436688fbe20344faaeb2979658dc4a9921f984d7df9a?s=96&d=mm&r=g","url":"https:\/\/secure.gravatar.com\/avatar\/3b45f24496a7625a3a6c436688fbe20344faaeb2979658dc4a9921f984d7df9a?s=96&d=mm&r=g","contentUrl":"https:\/\/secure.gravatar.com\/avatar\/3b45f24496a7625a3a6c436688fbe20344faaeb2979658dc4a9921f984d7df9a?s=96&d=mm&r=g","caption":"M\u00e1rcio Miranda Pontes"},"sameAs":["http:\/\/www.sabra.org.br"],"url":"https:\/\/www.sabra.org.br\/site\/author\/marcio-miranda-pontes\/"}]}},"jetpack_featured_media_url":"https:\/\/www.sabra.org.br\/site\/wp-content\/uploads\/2022\/08\/x-dicas-para-cantar-melhor-20220610134019.jpg.jpg","jetpack_shortlink":"https:\/\/wp.me\/p95j2Z-1sE","jetpack-related-posts":[{"id":4985,"url":"https:\/\/www.sabra.org.br\/site\/cantar-dom\/","url_meta":{"origin":5620,"position":0},"title":"Afinal, cantar \u00e9 um dom?","author":"M\u00e1rcio Miranda Pontes","date":"13 de abril de 2022","format":false,"excerpt":"\u00c9 muito comum ouvir que determinados cantores nasceram para cantar ou que t\u00eam o dom de cantar. Mas, afinal, cantar \u00e9 mesmo um dom ou qualquer pessoa pode aprender a cantar?","rel":"","context":"Em &quot;Blog SABRA&quot;","block_context":{"text":"Blog SABRA","link":"https:\/\/www.sabra.org.br\/site\/category\/blog-sabra\/"},"img":{"alt_text":"cantar-pessoa-aprender-voz","src":"https:\/\/i0.wp.com\/www.sabra.org.br\/site\/wp-content\/uploads\/2022\/04\/afinal-cantar-e-um-dom-20211111161807.jpg.jpg?resize=350%2C200&ssl=1","width":350,"height":200,"srcset":"https:\/\/i0.wp.com\/www.sabra.org.br\/site\/wp-content\/uploads\/2022\/04\/afinal-cantar-e-um-dom-20211111161807.jpg.jpg?resize=350%2C200&ssl=1 1x, https:\/\/i0.wp.com\/www.sabra.org.br\/site\/wp-content\/uploads\/2022\/04\/afinal-cantar-e-um-dom-20211111161807.jpg.jpg?resize=525%2C300&ssl=1 1.5x, https:\/\/i0.wp.com\/www.sabra.org.br\/site\/wp-content\/uploads\/2022\/04\/afinal-cantar-e-um-dom-20211111161807.jpg.jpg?resize=700%2C400&ssl=1 2x"},"classes":[]},{"id":4131,"url":"https:\/\/www.sabra.org.br\/site\/canto-coral-2\/","url_meta":{"origin":5620,"position":1},"title":"Como o canto coral ajuda na educa\u00e7\u00e3o musical da crian\u00e7a","author":"M\u00e1rcio Miranda Pontes","date":"25 de agosto de 2021","format":false,"excerpt":"Como o canto coral ajuda na educa\u00e7\u00e3o musical da crian\u00e7a O canto coral \u00e9 uma excelente forma de ajudar a crian\u00e7a a desenvolver n\u00e3o apenas sua educa\u00e7\u00e3o musical, mas diversos aspectos de sua vida, como o relacionamento interpessoal e a concentra\u00e7\u00e3o, algo que \u00e9 preciso ter no ambiente escolar e\u2026","rel":"","context":"Em &quot;Blog SABRA&quot;","block_context":{"text":"Blog SABRA","link":"https:\/\/www.sabra.org.br\/site\/category\/blog-sabra\/"},"img":{"alt_text":"canto-coral-musical","src":"https:\/\/i0.wp.com\/www.sabra.org.br\/site\/wp-content\/uploads\/2021\/08\/como-o-canto-coral-ajuda-na-educacao-musical-da-crianca-20210311095559.jpg.jpg?resize=350%2C200&ssl=1","width":350,"height":200,"srcset":"https:\/\/i0.wp.com\/www.sabra.org.br\/site\/wp-content\/uploads\/2021\/08\/como-o-canto-coral-ajuda-na-educacao-musical-da-crianca-20210311095559.jpg.jpg?resize=350%2C200&ssl=1 1x, https:\/\/i0.wp.com\/www.sabra.org.br\/site\/wp-content\/uploads\/2021\/08\/como-o-canto-coral-ajuda-na-educacao-musical-da-crianca-20210311095559.jpg.jpg?resize=525%2C300&ssl=1 1.5x, https:\/\/i0.wp.com\/www.sabra.org.br\/site\/wp-content\/uploads\/2021\/08\/como-o-canto-coral-ajuda-na-educacao-musical-da-crianca-20210311095559.jpg.jpg?resize=700%2C400&ssl=1 2x"},"classes":[]},{"id":4491,"url":"https:\/\/www.sabra.org.br\/site\/canto-crianca\/","url_meta":{"origin":5620,"position":2},"title":"Aula de canto: vale a pena colocar seus filhos?","author":"M\u00e1rcio Miranda Pontes","date":"29 de dezembro de 2021","format":false,"excerpt":"Muito al\u00e9m de aprender a cantar, as aulas de canto proporcionam uma s\u00e9rie de benef\u00edcios cognitivos e de desenvolvimento para as crian\u00e7as. Vamos entender melhor quais s\u00e3o as vantagens de colocar seu filho desde cedo nessa atividade.","rel":"","context":"Em &quot;Blog SABRA&quot;","block_context":{"text":"Blog SABRA","link":"https:\/\/www.sabra.org.br\/site\/category\/blog-sabra\/"},"img":{"alt_text":"canto-aulas-crian\u00e7a-desenvolvimento","src":"https:\/\/i0.wp.com\/www.sabra.org.br\/site\/wp-content\/uploads\/2021\/12\/aula-de-canto-vale-a-pena-colocar-seus-filhos-20211027111153.jpg.jpg?resize=350%2C200&ssl=1","width":350,"height":200,"srcset":"https:\/\/i0.wp.com\/www.sabra.org.br\/site\/wp-content\/uploads\/2021\/12\/aula-de-canto-vale-a-pena-colocar-seus-filhos-20211027111153.jpg.jpg?resize=350%2C200&ssl=1 1x, https:\/\/i0.wp.com\/www.sabra.org.br\/site\/wp-content\/uploads\/2021\/12\/aula-de-canto-vale-a-pena-colocar-seus-filhos-20211027111153.jpg.jpg?resize=525%2C300&ssl=1 1.5x, https:\/\/i0.wp.com\/www.sabra.org.br\/site\/wp-content\/uploads\/2021\/12\/aula-de-canto-vale-a-pena-colocar-seus-filhos-20211027111153.jpg.jpg?resize=700%2C400&ssl=1 2x"},"classes":[]},{"id":2863,"url":"https:\/\/www.sabra.org.br\/site\/aquecimento-vocal\/","url_meta":{"origin":5620,"position":3},"title":"Aquecimento vocal","author":"M\u00e1rcio Miranda Pontes","date":"24 de abril de 2020","format":false,"excerpt":"Cuidar da voz requer disciplina e muito exerc\u00edcio. Confira nossos artigos e companhe nossas dicas para garantir uma voz saud\u00e1vel com exerc\u00edcios que promovem uma melhor entona\u00e7\u00e3o e vibra\u00e7\u00e3o vocal.","rel":"","context":"Em &quot;Blog SABRA&quot;","block_context":{"text":"Blog SABRA","link":"https:\/\/www.sabra.org.br\/site\/category\/blog-sabra\/"},"img":{"alt_text":"aquecimento vocal","src":"https:\/\/i0.wp.com\/www.sabra.org.br\/site\/wp-content\/uploads\/2020\/04\/x-beneficios-que-fazer-o-aquecimento-vocal-antes-de-cantar-pode-trazer-20191202180617.jpg.jpg?resize=350%2C200&ssl=1","width":350,"height":200,"srcset":"https:\/\/i0.wp.com\/www.sabra.org.br\/site\/wp-content\/uploads\/2020\/04\/x-beneficios-que-fazer-o-aquecimento-vocal-antes-de-cantar-pode-trazer-20191202180617.jpg.jpg?resize=350%2C200&ssl=1 1x, https:\/\/i0.wp.com\/www.sabra.org.br\/site\/wp-content\/uploads\/2020\/04\/x-beneficios-que-fazer-o-aquecimento-vocal-antes-de-cantar-pode-trazer-20191202180617.jpg.jpg?resize=525%2C300&ssl=1 1.5x, https:\/\/i0.wp.com\/www.sabra.org.br\/site\/wp-content\/uploads\/2020\/04\/x-beneficios-que-fazer-o-aquecimento-vocal-antes-de-cantar-pode-trazer-20191202180617.jpg.jpg?resize=700%2C400&ssl=1 2x"},"classes":[]},{"id":661,"url":"https:\/\/www.sabra.org.br\/site\/6-dicas-para-ajudar-na-educacao-musical-de-seus-filhos\/","url_meta":{"origin":5620,"position":4},"title":"6 dicas para ajudar na educa\u00e7\u00e3o musical de seus filhos","author":"M\u00e1rcio Miranda Pontes","date":"21 de setembro de 2017","format":false,"excerpt":"Descubra 6 dicas valiosas para apoiar a educa\u00e7\u00e3o musical dos seus filhos e ajudar no desenvolvimento das habilidades musicais.","rel":"","context":"Em &quot;Blog SABRA&quot;","block_context":{"text":"Blog SABRA","link":"https:\/\/www.sabra.org.br\/site\/category\/blog-sabra\/"},"img":{"alt_text":"filhos-m\u00fasica-pais-instrumentos-aprender-aulas-canto-casa-crian\u00e7as-interesse","src":"https:\/\/i0.wp.com\/www.sabra.org.br\/site\/wp-content\/uploads\/2017\/09\/crian%C3%A7a_Educa%C3%A7%C3%A3o_Musical.jpg?resize=350%2C200&ssl=1","width":350,"height":200,"srcset":"https:\/\/i0.wp.com\/www.sabra.org.br\/site\/wp-content\/uploads\/2017\/09\/crian%C3%A7a_Educa%C3%A7%C3%A3o_Musical.jpg?resize=350%2C200&ssl=1 1x, https:\/\/i0.wp.com\/www.sabra.org.br\/site\/wp-content\/uploads\/2017\/09\/crian%C3%A7a_Educa%C3%A7%C3%A3o_Musical.jpg?resize=525%2C300&ssl=1 1.5x, https:\/\/i0.wp.com\/www.sabra.org.br\/site\/wp-content\/uploads\/2017\/09\/crian%C3%A7a_Educa%C3%A7%C3%A3o_Musical.jpg?resize=700%2C400&ssl=1 2x"},"classes":[]},{"id":1913,"url":"https:\/\/www.sabra.org.br\/site\/inclusao-social\/","url_meta":{"origin":5620,"position":5},"title":"Inclus\u00e3o Social","author":"M\u00e1rcio Miranda Pontes","date":"16 de maio de 2019","format":false,"excerpt":"trabalho da sociedade art\u00edstica brasileira educa\u00e7\u00e3o musical SABRA Inclus\u00e3o Social Assistente Social","rel":"","context":"Em &quot;Blog SABRA&quot;","block_context":{"text":"Blog SABRA","link":"https:\/\/www.sabra.org.br\/site\/category\/blog-sabra\/"},"img":{"alt_text":"","src":"https:\/\/i0.wp.com\/www.sabra.org.br\/site\/wp-content\/uploads\/2019\/05\/Assitente-Social-1.jpg?resize=350%2C200&ssl=1","width":350,"height":200},"classes":[]}],"jetpack_likes_enabled":true,"jetpack_sharing_enabled":true,"_links":{"self":[{"href":"https:\/\/www.sabra.org.br\/site\/wp-json\/wp\/v2\/posts\/5620","targetHints":{"allow":["GET"]}}],"collection":[{"href":"https:\/\/www.sabra.org.br\/site\/wp-json\/wp\/v2\/posts"}],"about":[{"href":"https:\/\/www.sabra.org.br\/site\/wp-json\/wp\/v2\/types\/post"}],"author":[{"embeddable":true,"href":"https:\/\/www.sabra.org.br\/site\/wp-json\/wp\/v2\/users\/39"}],"replies":[{"embeddable":true,"href":"https:\/\/www.sabra.org.br\/site\/wp-json\/wp\/v2\/comments?post=5620"}],"version-history":[{"count":0,"href":"https:\/\/www.sabra.org.br\/site\/wp-json\/wp\/v2\/posts\/5620\/revisions"}],"wp:featuredmedia":[{"embeddable":true,"href":"https:\/\/www.sabra.org.br\/site\/wp-json\/wp\/v2\/media\/5622"}],"wp:attachment":[{"href":"https:\/\/www.sabra.org.br\/site\/wp-json\/wp\/v2\/media?parent=5620"}],"wp:term":[{"taxonomy":"category","embeddable":true,"href":"https:\/\/www.sabra.org.br\/site\/wp-json\/wp\/v2\/categories?post=5620"},{"taxonomy":"post_tag","embeddable":true,"href":"https:\/\/www.sabra.org.br\/site\/wp-json\/wp\/v2\/tags?post=5620"}],"curies":[{"name":"wp","href":"https:\/\/api.w.org\/{rel}","templated":true}]}}